{"id":3,"name":"Paulo Roddel","url":"","description":"Naci\u00f3 e1 13 de octubre de 1977, en Montevideo, Uruguay. Ha publicado poes\u00eda y cuentos en revistas y antolog\u00edas de escritores. Edit\u00f3 fanzines y publicaciones de rock de circulaci\u00f3n under en Montevideo (1997-2000). Co-fund\u00f3 los grupos de poetas 7 Segundos y Seis50, grab\u00f3 los cds de poes\u00eda \u201cSiete Segundos en la vuelta de tu oreja\u201d (Grupo 7 Segundos, 2002) y \u201cAblaci\u00f3n del Habla\u201d (Grupo Seis50, 2006).  Ha publicado cinco libros de poes\u00eda \"Trapos\" (2004), \"Palidezco\" (2010), \"Ama\/zonas\" (2014), \"El ce\u00f1o del sue\u00f1o\" (2016), y \"Efecto acumulativo\" (2019). Ha colaborado en los peri\u00f3dicos La Diaria y La Rep\u00fablica, fue co-redactor de la revista cultural Fango (Premio Fondos Concursables del MEC, 2010-2011), colabor\u00f3 en las revistas culturales H-enciclopedia, Revista Ricardo Reis, Revista Vadenuevo, Revista Once, Magazine Montevideando, Suplemento El Pa\u00eds Cultural, entre otras publicaciones. En 2014 participa de la realizaci\u00f3n Poetas - Proyecto Cross Media. Colabora desde el 2010 en el portal cooltivarte.com. Participa en ciclos literarios y encuentros de escritores tanto en Uruguay como en Argentina, y como columnista invitado en radios tratando efem\u00e9rides vinculadas al rock. Como periodista cultural ha entrevistado a numerosas destacadas figuras de la cultura, tanto uruguayas como extranjeras en diferentes disciplinas art\u00edsticas. Colabora tambi\u00e9n en la revista digital Lam\u00e1s M\u00e9dula, de Buenos Aires. Produce y conduce el programa de rock uruguayo \"El Pulso El\u00e9ctrico\" en FM Ciudadela 88.7. Participa como columnista quincenal sobre m\u00fasica uruguaya en la Din\u00e1mico FM de Porto Alegre, Brasil. Es docente de ingl\u00e9s, librero, y curs\u00f3 la carrera de Licenciatura en Ciencias Hist\u00f3ricas en la Facultad de Humanidades y Ciencias de la Educaci\u00f3n de la UdelaR.","link":"https:\/\/cooltivarte.com\/portal\/author\/proddel\/","slug":"proddel","avatar_urls":{"24":"https:\/\/cooltivarte.com\/portal\/wp-content\/uploads\/2023\/04\/309588768_10221911924376380_7090664272806348508_n-120x120.jpg","48":"https:\/\/cooltivarte.com\/portal\/wp-content\/uploads\/2023\/04\/309588768_10221911924376380_7090664272806348508_n-120x120.jpg","96":"https:\/\/cooltivarte.com\/portal\/wp-content\/uploads\/2023\/04\/309588768_10221911924376380_7090664272806348508_n-120x120.jpg"},"meta":[],"yoast_head":"<!-- This site is optimized with the Yoast SEO plugin v27.4 - https:\/\/yoast.com\/product\/yoast-seo-wordpress\/ -->\n<title>Paulo Roddel, autor en Cooltivarte Portal<\/title>\n<meta name=\"description\" content=\"COOLTIVARTE.COM es un portal digital colaborativo de actualizaci\u00f3n permanente dedicado a difundir el acontecer art\u00edstico y cultural, entrevista artistas, gestores y productores de las diferentes disciplinas del arte, y publicando art\u00edculos de reflexi\u00f3n de producci\u00f3n propia sobre los elementos culturales.\" \/>\n<meta name=\"robots\" content=\"index, follow, max-snippet:-1, max-image-preview:large, max-video-preview:-1\" \/>\n<link rel=\"canonical\" href=\"https:\/\/cooltivarte.com\/portal\/author\/proddel\/\" \/>\n<meta property=\"og:locale\" content=\"es_ES\" \/>\n<meta property=\"og:type\" content=\"profile\" \/>\n<meta property=\"og:title\" content=\"Paulo Roddel, autor en Cooltivarte Portal\" \/>\n<meta property=\"og:description\" content=\"COOLTIVARTE.COM es un portal digital colaborativo de actualizaci\u00f3n permanente dedicado a difundir el acontecer art\u00edstico y cultural, entrevista artistas, gestores y productores de las diferentes disciplinas del arte, y publicando art\u00edculos de reflexi\u00f3n de producci\u00f3n propia sobre los elementos culturales.\" \/>\n<meta property=\"og:url\" content=\"https:\/\/cooltivarte.com\/portal\/author\/proddel\/\" \/>\n<meta property=\"og:site_name\" content=\"Cooltivarte Portal\" \/>\n<meta property=\"og:image\" content=\"https:\/\/cooltivarte.com\/portal\/wp-content\/uploads\/2023\/04\/309588768_10221911924376380_7090664272806348508_n.jpg\" \/>\n\t<meta property=\"og:image:width\" content=\"2048\" \/>\n\t<meta property=\"og:image:height\" content=\"1536\" \/>\n\t<meta property=\"og:image:type\" content=\"image\/jpeg\" \/>\n<meta name=\"twitter:card\" content=\"summary_large_image\" \/>\n<meta name=\"twitter:site\" content=\"@obolocultural\" \/>\n<!-- \/ Yoast SEO plugin. -->","yoast_head_json":{"title":"Paulo Roddel, autor en Cooltivarte Portal","description":"COOLTIVARTE.COM es un portal digital colaborativo de actualizaci\u00f3n permanente dedicado a difundir el acontecer art\u00edstico y cultural, entrevista artistas, gestores y productores de las diferentes disciplinas del arte, y publicando art\u00edculos de reflexi\u00f3n de producci\u00f3n propia sobre los elementos culturales.","robots":{"index":"index","follow":"follow","max-snippet":"max-snippet:-1","max-image-preview":"max-image-preview:large","max-video-preview":"max-video-preview:-1"},"canonical":"https:\/\/cooltivarte.com\/portal\/author\/proddel\/","og_locale":"es_ES","og_type":"profile","og_title":"Paulo Roddel, autor en Cooltivarte Portal","og_description":"COOLTIVARTE.COM es un portal digital colaborativo de actualizaci\u00f3n permanente dedicado a difundir el acontecer art\u00edstico y cultural, entrevista artistas, gestores y productores de las diferentes disciplinas del arte, y publicando art\u00edculos de reflexi\u00f3n de producci\u00f3n propia sobre los elementos culturales.","og_url":"https:\/\/cooltivarte.com\/portal\/author\/proddel\/","og_site_name":"Cooltivarte Portal","og_image":[{"width":2048,"height":1536,"url":"https:\/\/cooltivarte.com\/portal\/wp-content\/uploads\/2023\/04\/309588768_10221911924376380_7090664272806348508_n.jpg","type":"image\/jpeg"}],"twitter_card":"summary_large_image","twitter_site":"@obolocultural","schema":{"@context":"https:\/\/schema.org","@graph":[{"@type":"ProfilePage","@id":"https:\/\/cooltivarte.com\/portal\/author\/proddel\/","url":"https:\/\/cooltivarte.com\/portal\/author\/proddel\/","name":"Paulo Roddel, autor en Cooltivarte Portal","isPartOf":{"@id":"https:\/\/cooltivarte.com\/portal\/#website"},"description":"COOLTIVARTE.COM es un portal digital colaborativo de actualizaci\u00f3n permanente dedicado a difundir el acontecer art\u00edstico y cultural, entrevista artistas, gestores y productores de las diferentes disciplinas del arte, y publicando art\u00edculos de reflexi\u00f3n de producci\u00f3n propia sobre los elementos culturales.","breadcrumb":{"@id":"https:\/\/cooltivarte.com\/portal\/author\/proddel\/#breadcrumb"},"inLanguage":"es-AR","potentialAction":[{"@type":"ReadAction","target":["https:\/\/cooltivarte.com\/portal\/author\/proddel\/"]}]},{"@type":"BreadcrumbList","@id":"https:\/\/cooltivarte.com\/portal\/author\/proddel\/#breadcrumb","itemListElement":[{"@type":"ListItem","position":1,"name":"Portada","item":"https:\/\/cooltivarte.com\/portal\/"},{"@type":"ListItem","position":2,"name":"Archivo de Paulo Roddel"}]},{"@type":"WebSite","@id":"https:\/\/cooltivarte.com\/portal\/#website","url":"https:\/\/cooltivarte.com\/portal\/","name":"Cooltivarte Portal","description":"Arte, cultura y turismo para el mundo ...","publisher":{"@id":"https:\/\/cooltivarte.com\/portal\/#organization"},"potentialAction":[{"@type":"SearchAction","target":{"@type":"EntryPoint","urlTemplate":"https:\/\/cooltivarte.com\/portal\/?s={search_term_string}"},"query-input":{"@type":"PropertyValueSpecification","valueRequired":true,"valueName":"search_term_string"}}],"inLanguage":"es-AR"},{"@type":"Organization","@id":"https:\/\/cooltivarte.com\/portal\/#organization","name":"cooltivarte","url":"https:\/\/cooltivarte.com\/portal\/","logo":{"@type":"ImageObject","inLanguage":"es-AR","@id":"https:\/\/cooltivarte.com\/portal\/#\/schema\/logo\/image\/","url":"https:\/\/cooltivarte.com\/portal\/wp-content\/uploads\/2020\/04\/logo-cooltivarte-v2.png","contentUrl":"https:\/\/cooltivarte.com\/portal\/wp-content\/uploads\/2020\/04\/logo-cooltivarte-v2.png","width":851,"height":243,"caption":"cooltivarte"},"image":{"@id":"https:\/\/cooltivarte.com\/portal\/#\/schema\/logo\/image\/"},"sameAs":["https:\/\/www.facebook.com\/cooltivartecom\/","https:\/\/x.com\/obolocultural","https:\/\/www.instagram.com\/_cooltivarte_\/","https:\/\/www.linkedin.com\/company\/-bolocultural?reportsuccess=8zaNG1HwhPbAR9iQhZ5rfGeqz_vQFftHun0ZWU0Wy9vNemRJ8vtcKdJvzQfW8XagyOJSKg0XvfJ1dp","https:\/\/www.pinterest.com\/cooltivarte\/","https:\/\/cooltivarte.tumblr.com\/","https:\/\/www.tiktok.com\/@cooltivarte","https:\/\/www.youtube.com\/@PrensaCooltivarte"]},{"@type":"Person","@id":"https:\/\/cooltivarte.com\/portal\/#\/schema\/person\/cd2efa85c6b7f58778c3fe3b5426ecaa","name":"Paulo Roddel","image":{"@type":"ImageObject","inLanguage":"es-AR","@id":"https:\/\/cooltivarte.com\/portal\/wp-content\/uploads\/2023\/04\/309588768_10221911924376380_7090664272806348508_n-120x120.jpg","url":"https:\/\/cooltivarte.com\/portal\/wp-content\/uploads\/2023\/04\/309588768_10221911924376380_7090664272806348508_n-120x120.jpg","contentUrl":"https:\/\/cooltivarte.com\/portal\/wp-content\/uploads\/2023\/04\/309588768_10221911924376380_7090664272806348508_n-120x120.jpg","caption":"Paulo Roddel"},"description":"Naci\u00f3 e1 13 de octubre de 1977, en Montevideo, Uruguay. Ha publicado poes\u00eda y cuentos en revistas y antolog\u00edas de escritores. Edit\u00f3 fanzines y publicaciones de rock de circulaci\u00f3n under en Montevideo (1997-2000). Co-fund\u00f3 los grupos de poetas 7 Segundos y Seis50, grab\u00f3 los cds de poes\u00eda \u201cSiete Segundos en la vuelta de tu oreja\u201d (Grupo 7 Segundos, 2002) y \u201cAblaci\u00f3n del Habla\u201d (Grupo Seis50, 2006). Ha publicado cinco libros de poes\u00eda \"Trapos\" (2004), \"Palidezco\" (2010), \"Ama\/zonas\" (2014), \"El ce\u00f1o del sue\u00f1o\" (2016), y \"Efecto acumulativo\" (2019). Ha colaborado en los peri\u00f3dicos La Diaria y La Rep\u00fablica, fue co-redactor de la revista cultural Fango (Premio Fondos Concursables del MEC, 2010-2011), colabor\u00f3 en las revistas culturales H-enciclopedia, Revista Ricardo Reis, Revista Vadenuevo, Revista Once, Magazine Montevideando, Suplemento El Pa\u00eds Cultural, entre otras publicaciones. En 2014 participa de la realizaci\u00f3n Poetas - Proyecto Cross Media. Colabora desde el 2010 en el portal cooltivarte.com. Participa en ciclos literarios y encuentros de escritores tanto en Uruguay como en Argentina, y como columnista invitado en radios tratando efem\u00e9rides vinculadas al rock. Como periodista cultural ha entrevistado a numerosas destacadas figuras de la cultura, tanto uruguayas como extranjeras en diferentes disciplinas art\u00edsticas. Colabora tambi\u00e9n en la revista digital Lam\u00e1s M\u00e9dula, de Buenos Aires. Produce y conduce el programa de rock uruguayo \"El Pulso El\u00e9ctrico\" en FM Ciudadela 88.7. Participa como columnista quincenal sobre m\u00fasica uruguaya en la Din\u00e1mico FM de Porto Alegre, Brasil. Es docente de ingl\u00e9s, librero, y curs\u00f3 la carrera de Licenciatura en Ciencias Hist\u00f3ricas en la Facultad de Humanidades y Ciencias de la Educaci\u00f3n de la UdelaR.","sameAs":["https:\/\/www.facebook.com\/paulo.roddel?fref=ts","https:\/\/www.instagram.com\/_cooltivarte_\/","https:\/\/www.linkedin.com\/company\/-bolocultural","https:\/\/www.pinterest.com\/cooltivarte","https:\/\/x.com\/https:\/\/x.com\/obolocultural","https:\/\/www.youtube.com\/@PrensaCooltivarte","https:\/\/www.tumblr.com\/blog\/cooltivarte"],"mainEntityOfPage":{"@id":"https:\/\/cooltivarte.com\/portal\/author\/proddel\/"}}]}},"elementor_introduction":"","_links":{"self":[{"href":"https:\/\/cooltivarte.com\/portal\/wp-json\/wp\/v2\/users\/3","targetHints":{"allow":["GET"]}}],"collection":[{"href":"https:\/\/cooltivarte.com\/portal\/wp-json\/wp\/v2\/users"}]}}