{"id":226,"name":"Guillermo Baltar Prendez","url":"https:\/\/cooltivarte.com\/portal","description":"Guillermo Baltar Prendez (Montevideo, 1957).\r\n\r\nLicenciado en Periodismo por la Facultad de Ciencias de la Informaci\u00f3n de la Universidad Complutense de Madrid, donde realiz\u00f3 estudios de Comunicaci\u00f3n Visual y Tecnolog\u00edas de la Informaci\u00f3n. Estudio c\u00e1mara y fotograf\u00eda en Madrid, incursionando dentro del dise\u00f1o gr\u00e1fico y el audiovisual. Estudi\u00f3 Edici\u00f3n y Post Producci\u00f3n Digital en la ECU. Desde 1976 escribe en los medios culturales m\u00e1s importantes del pa\u00eds. En los a\u00f1os ochenta cre\u00f3 los ciclos de conciertos de rock y exposiciones del Cabaret Voltaire de Montevideo. Public\u00f3 libros de poes\u00eda y particip\u00f3 de lecturas y performances. Todas las horas son del tiempo es su s\u00e9ptima muestra individual en Uruguay desde su regreso al pa\u00eds a fines de 2004. Ese a\u00f1o estrena \u00cdconos \u2013trabajos digitales sobre la obra de Eduardo Darnauchans\u2013 en el hall del Teatro Sol\u00eds, coincidiendo con el homenaje que la Junta Departamental tributara al cantautor. Desde sus inicios integra la redacci\u00f3n de la revista Dossier, donde publica art\u00edculos y entrevistas, y es el responsable de la secci\u00f3n de cr\u00edtica fotogr\u00e1fica. Se desempe\u00f1a como curador y gestor independiente. Desde 2009 organiza la muestra colectiva De caj\u00f3n: Fotograf\u00edas encontradas, en el Espacio Cultural de M\u00e9xico. Es coordinador de los Talleres de Arte y Fotograf\u00eda, y de realizaci\u00f3n audiovisual \u201cCorto Doc\u201d (este \u00faltimo junto a Mariana Oliva) en la Escuela de Fotograf\u00eda Taller Aquelarre, as\u00ed como de otras instituciones p\u00fablicas y privadas.\r\nDict\u00f3 cursos para egresados universitarios en la Facultad de Arte (Ienba), dentro de los programas de Educaci\u00f3n Permanente; tambi\u00e9n imparti\u00f3 seminarios sobre Fotomontaje en el Instituto Universitario BIOS. En mayo de 2010 a\u00f1o expuso Peque\u00f1as canciones en la sala del CdF.\r\nEn el Fotograma-11 expuso Lennon-Darnauchans: correspondencia secreta.","link":"https:\/\/cooltivarte.com\/portal\/author\/guillermo-baltar-prendez\/","slug":"guillermo-baltar-prendez","avatar_urls":{"24":"https:\/\/cooltivarte.com\/portal\/wp-content\/uploads\/2024\/11\/Guillermo-Baltar-Prendez-120x120.jpg","48":"https:\/\/cooltivarte.com\/portal\/wp-content\/uploads\/2024\/11\/Guillermo-Baltar-Prendez-120x120.jpg","96":"https:\/\/cooltivarte.com\/portal\/wp-content\/uploads\/2024\/11\/Guillermo-Baltar-Prendez-120x120.jpg"},"meta":[],"yoast_head":"<!-- This site is optimized with the Yoast SEO plugin v27.4 - https:\/\/yoast.com\/product\/yoast-seo-wordpress\/ -->\n<title>Guillermo Baltar Prendez, autor en Cooltivarte Portal<\/title>\n<meta name=\"description\" content=\"COOLTIVARTE.COM es un portal digital colaborativo de actualizaci\u00f3n permanente dedicado a difundir el acontecer art\u00edstico y cultural, entrevista artistas, gestores y productores de las diferentes disciplinas del arte, y publicando art\u00edculos de reflexi\u00f3n de producci\u00f3n propia sobre los elementos culturales.\" \/>\n<meta name=\"robots\" content=\"index, follow, max-snippet:-1, max-image-preview:large, max-video-preview:-1\" \/>\n<link rel=\"canonical\" href=\"https:\/\/cooltivarte.com\/portal\/author\/guillermo-baltar-prendez\/\" \/>\n<meta property=\"og:locale\" content=\"es_ES\" \/>\n<meta property=\"og:type\" content=\"profile\" \/>\n<meta property=\"og:title\" content=\"Guillermo Baltar Prendez, autor en Cooltivarte Portal\" \/>\n<meta property=\"og:description\" content=\"COOLTIVARTE.COM es un portal digital colaborativo de actualizaci\u00f3n permanente dedicado a difundir el acontecer art\u00edstico y cultural, entrevista artistas, gestores y productores de las diferentes disciplinas del arte, y publicando art\u00edculos de reflexi\u00f3n de producci\u00f3n propia sobre los elementos culturales.\" \/>\n<meta property=\"og:url\" content=\"https:\/\/cooltivarte.com\/portal\/author\/guillermo-baltar-prendez\/\" \/>\n<meta property=\"og:site_name\" content=\"Cooltivarte Portal\" \/>\n<meta property=\"og:image\" content=\"https:\/\/cooltivarte.com\/portal\/wp-content\/uploads\/2024\/11\/Guillermo-Baltar-Prendez.jpg\" \/>\n\t<meta property=\"og:image:width\" content=\"382\" \/>\n\t<meta property=\"og:image:height\" content=\"382\" \/>\n\t<meta property=\"og:image:type\" content=\"image\/jpeg\" \/>\n<meta name=\"twitter:card\" content=\"summary_large_image\" \/>\n<meta name=\"twitter:site\" content=\"@obolocultural\" \/>\n<!-- \/ Yoast SEO plugin. -->","yoast_head_json":{"title":"Guillermo Baltar Prendez, autor en Cooltivarte Portal","description":"COOLTIVARTE.COM es un portal digital colaborativo de actualizaci\u00f3n permanente dedicado a difundir el acontecer art\u00edstico y cultural, entrevista artistas, gestores y productores de las diferentes disciplinas del arte, y publicando art\u00edculos de reflexi\u00f3n de producci\u00f3n propia sobre los elementos culturales.","robots":{"index":"index","follow":"follow","max-snippet":"max-snippet:-1","max-image-preview":"max-image-preview:large","max-video-preview":"max-video-preview:-1"},"canonical":"https:\/\/cooltivarte.com\/portal\/author\/guillermo-baltar-prendez\/","og_locale":"es_ES","og_type":"profile","og_title":"Guillermo Baltar Prendez, autor en Cooltivarte Portal","og_description":"COOLTIVARTE.COM es un portal digital colaborativo de actualizaci\u00f3n permanente dedicado a difundir el acontecer art\u00edstico y cultural, entrevista artistas, gestores y productores de las diferentes disciplinas del arte, y publicando art\u00edculos de reflexi\u00f3n de producci\u00f3n propia sobre los elementos culturales.","og_url":"https:\/\/cooltivarte.com\/portal\/author\/guillermo-baltar-prendez\/","og_site_name":"Cooltivarte Portal","og_image":[{"width":382,"height":382,"url":"https:\/\/cooltivarte.com\/portal\/wp-content\/uploads\/2024\/11\/Guillermo-Baltar-Prendez.jpg","type":"image\/jpeg"}],"twitter_card":"summary_large_image","twitter_site":"@obolocultural","schema":{"@context":"https:\/\/schema.org","@graph":[{"@type":"ProfilePage","@id":"https:\/\/cooltivarte.com\/portal\/author\/guillermo-baltar-prendez\/","url":"https:\/\/cooltivarte.com\/portal\/author\/guillermo-baltar-prendez\/","name":"Guillermo Baltar Prendez, autor en Cooltivarte Portal","isPartOf":{"@id":"https:\/\/cooltivarte.com\/portal\/#website"},"description":"COOLTIVARTE.COM es un portal digital colaborativo de actualizaci\u00f3n permanente dedicado a difundir el acontecer art\u00edstico y cultural, entrevista artistas, gestores y productores de las diferentes disciplinas del arte, y publicando art\u00edculos de reflexi\u00f3n de producci\u00f3n propia sobre los elementos culturales.","breadcrumb":{"@id":"https:\/\/cooltivarte.com\/portal\/author\/guillermo-baltar-prendez\/#breadcrumb"},"inLanguage":"es-AR","potentialAction":[{"@type":"ReadAction","target":["https:\/\/cooltivarte.com\/portal\/author\/guillermo-baltar-prendez\/"]}]},{"@type":"BreadcrumbList","@id":"https:\/\/cooltivarte.com\/portal\/author\/guillermo-baltar-prendez\/#breadcrumb","itemListElement":[{"@type":"ListItem","position":1,"name":"Portada","item":"https:\/\/cooltivarte.com\/portal\/"},{"@type":"ListItem","position":2,"name":"Archivo de Guillermo Baltar Prendez"}]},{"@type":"WebSite","@id":"https:\/\/cooltivarte.com\/portal\/#website","url":"https:\/\/cooltivarte.com\/portal\/","name":"Cooltivarte Portal","description":"Arte, cultura y turismo para el mundo ...","publisher":{"@id":"https:\/\/cooltivarte.com\/portal\/#organization"},"potentialAction":[{"@type":"SearchAction","target":{"@type":"EntryPoint","urlTemplate":"https:\/\/cooltivarte.com\/portal\/?s={search_term_string}"},"query-input":{"@type":"PropertyValueSpecification","valueRequired":true,"valueName":"search_term_string"}}],"inLanguage":"es-AR"},{"@type":"Organization","@id":"https:\/\/cooltivarte.com\/portal\/#organization","name":"cooltivarte","url":"https:\/\/cooltivarte.com\/portal\/","logo":{"@type":"ImageObject","inLanguage":"es-AR","@id":"https:\/\/cooltivarte.com\/portal\/#\/schema\/logo\/image\/","url":"https:\/\/cooltivarte.com\/portal\/wp-content\/uploads\/2020\/04\/logo-cooltivarte-v2.png","contentUrl":"https:\/\/cooltivarte.com\/portal\/wp-content\/uploads\/2020\/04\/logo-cooltivarte-v2.png","width":851,"height":243,"caption":"cooltivarte"},"image":{"@id":"https:\/\/cooltivarte.com\/portal\/#\/schema\/logo\/image\/"},"sameAs":["https:\/\/www.facebook.com\/cooltivartecom\/","https:\/\/x.com\/obolocultural","https:\/\/www.instagram.com\/_cooltivarte_\/","https:\/\/www.linkedin.com\/company\/-bolocultural?reportsuccess=8zaNG1HwhPbAR9iQhZ5rfGeqz_vQFftHun0ZWU0Wy9vNemRJ8vtcKdJvzQfW8XagyOJSKg0XvfJ1dp","https:\/\/www.pinterest.com\/cooltivarte\/","https:\/\/cooltivarte.tumblr.com\/","https:\/\/www.tiktok.com\/@cooltivarte","https:\/\/www.youtube.com\/@PrensaCooltivarte"]},{"@type":"Person","@id":"https:\/\/cooltivarte.com\/portal\/#\/schema\/person\/a7bd3aa267998a3763d8282d0dbf819e","name":"Guillermo Baltar Prendez","image":{"@type":"ImageObject","inLanguage":"es-AR","@id":"https:\/\/cooltivarte.com\/portal\/wp-content\/uploads\/2024\/11\/Guillermo-Baltar-Prendez-120x120.jpg","url":"https:\/\/cooltivarte.com\/portal\/wp-content\/uploads\/2024\/11\/Guillermo-Baltar-Prendez-120x120.jpg","contentUrl":"https:\/\/cooltivarte.com\/portal\/wp-content\/uploads\/2024\/11\/Guillermo-Baltar-Prendez-120x120.jpg","caption":"Guillermo Baltar Prendez"},"description":"Guillermo Baltar Prendez (Montevideo, 1957). Licenciado en Periodismo por la Facultad de Ciencias de la Informaci\u00f3n de la Universidad Complutense de Madrid, donde realiz\u00f3 estudios de Comunicaci\u00f3n Visual y Tecnolog\u00edas de la Informaci\u00f3n. Estudio c\u00e1mara y fotograf\u00eda en Madrid, incursionando dentro del dise\u00f1o gr\u00e1fico y el audiovisual. Estudi\u00f3 Edici\u00f3n y Post Producci\u00f3n Digital en la ECU. Desde 1976 escribe en los medios culturales m\u00e1s importantes del pa\u00eds. En los a\u00f1os ochenta cre\u00f3 los ciclos de conciertos de rock y exposiciones del Cabaret Voltaire de Montevideo. Public\u00f3 libros de poes\u00eda y particip\u00f3 de lecturas y performances. Todas las horas son del tiempo es su s\u00e9ptima muestra individual en Uruguay desde su regreso al pa\u00eds a fines de 2004. Ese a\u00f1o estrena \u00cdconos \u2013trabajos digitales sobre la obra de Eduardo Darnauchans\u2013 en el hall del Teatro Sol\u00eds, coincidiendo con el homenaje que la Junta Departamental tributara al cantautor. Desde sus inicios integra la redacci\u00f3n de la revista Dossier, donde publica art\u00edculos y entrevistas, y es el responsable de la secci\u00f3n de cr\u00edtica fotogr\u00e1fica. Se desempe\u00f1a como curador y gestor independiente. Desde 2009 organiza la muestra colectiva De caj\u00f3n: Fotograf\u00edas encontradas, en el Espacio Cultural de M\u00e9xico. Es coordinador de los Talleres de Arte y Fotograf\u00eda, y de realizaci\u00f3n audiovisual \u201cCorto Doc\u201d (este \u00faltimo junto a Mariana Oliva) en la Escuela de Fotograf\u00eda Taller Aquelarre, as\u00ed como de otras instituciones p\u00fablicas y privadas. Dict\u00f3 cursos para egresados universitarios en la Facultad de Arte (Ienba), dentro de los programas de Educaci\u00f3n Permanente; tambi\u00e9n imparti\u00f3 seminarios sobre Fotomontaje en el Instituto Universitario BIOS. En mayo de 2010 a\u00f1o expuso Peque\u00f1as canciones en la sala del CdF. En el Fotograma-11 expuso Lennon-Darnauchans: correspondencia secreta.","sameAs":["https:\/\/cooltivarte.com\/portal","https:\/\/www.facebook.com\/cooltivartecom\/","https:\/\/www.instagram.com\/_cooltivarte_\/","https:\/\/www.linkedin.com\/in\/guillermo-baltar-66803215","https:\/\/www.pinterest.com\/cooltivarte","https:\/\/x.com\/https:\/\/x.com\/obolocultural","https:\/\/www.youtube.com\/@PrensaCooltivarte","https:\/\/www.tumblr.com\/blog\/cooltivarte"],"mainEntityOfPage":{"@id":"https:\/\/cooltivarte.com\/portal\/author\/guillermo-baltar-prendez\/"}}]}},"elementor_introduction":"","_links":{"self":[{"href":"https:\/\/cooltivarte.com\/portal\/wp-json\/wp\/v2\/users\/226","targetHints":{"allow":["GET"]}}],"collection":[{"href":"https:\/\/cooltivarte.com\/portal\/wp-json\/wp\/v2\/users"}]}}