{"id":99290,"date":"2024-02-17T21:29:21","date_gmt":"2024-02-18T00:29:21","guid":{"rendered":"https:\/\/cooltivarte.com\/portal\/?p=99290"},"modified":"2024-02-17T22:18:50","modified_gmt":"2024-02-18T01:18:50","slug":"fito-fitipaldis-rojitas-las-orejas","status":"publish","type":"post","link":"https:\/\/cooltivarte.com\/portal\/fito-fitipaldis-rojitas-las-orejas\/","title":{"rendered":"Fito &#038; Fitipaldis &#8211; ROJITAS LAS OREJAS"},"content":{"rendered":"<p><iframe title=\"YouTube video player\" src=\"https:\/\/www.youtube.com\/embed\/myb0x-SyXdc?si=RLHqPzZjgk56sOgI\" width=\"100%\" height=\"515\" frameborder=\"0\" allowfullscreen=\"allowfullscreen\"><span data-mce-type=\"bookmark\" style=\"display: inline-block; width: 0px; overflow: hidden; line-height: 0;\" class=\"mce_SELRES_start\">\ufeff<\/span><\/iframe><\/p>\n<p>&nbsp;<\/p>\n<p>Canci\u00f3n de <a href=\"https:\/\/cooltivarte.com\/portal\/?s=Fito+%26+Fitipaldis\" target=\"_blank\" rel=\"noopener\"><strong>Fito &amp; Fitipaldis<\/strong><\/a> &#8220;ROJITAS LAS OREJAS (del disco A puerta cerrada)&#8221;.<\/p>\n<p>Ilustraciones extra\u00eddas de la novela gr\u00e1fica &#8220;Fito. Y por supuesto la luna&#8221;.<br \/>\nDirecci\u00f3n art\u00edstica del video-lyric: Kike Babas<br \/>\nIlustrador: Kepa de Orbe<\/p>\n<p>Con motivo del 25\u00ba aniversario de la carrera en solitario de <a href=\"https:\/\/cooltivarte.com\/portal\/?s=Fito+Cabrales\" target=\"_blank\" rel=\"noopener\"><strong>Fito Cabrales<\/strong><\/a>, <a href=\"https:\/\/editorial.baobilbao.com\" target=\"_blank\" rel=\"noopener\"><strong>BAO Komikiak<\/strong><\/a> edita la novela gr\u00e1fica &#8220;<a href=\"https:\/\/amzn.to\/3uGxcoD\" target=\"_blank\" rel=\"noopener\"><em><strong>Fito. Y por supuesto la luna<\/strong><\/em><\/a>&#8220;, que adapta al c\u00f3mic la vida y obra del roquero bilba\u00edno. Guionizado por Kike Babas y Kike Turr\u00f3n (autores de libros sobre Rosendo, Manu Chao, Los Rodr\u00edguez, etc.) y con la participaci\u00f3n de una decena de se\u00f1eros ilustradores estatales.<\/p>\n<p>&#8220;<a href=\"https:\/\/cooltivarte.com\/portal\/?s=Fito.+Y+por+supuesto+la+luna\" target=\"_blank\" rel=\"noopener\"><em><strong>Fito. Y por supuesto la luna<\/strong><\/em><\/a>&#8221; ofrece en sus vi\u00f1etas las claves vitales que han moldeado su obra, los momentos emblem\u00e1ticos del chico de barrio que se convirti\u00f3 en estrella musical y autor de canciones indisolubles de nuestra cultura popular.<\/p>\n<p>Con pr\u00f3logo de <strong>El Gran Wyoming<\/strong>, tapa dura y m\u00e1s de 200 p\u00e1ginas a color, el c\u00f3mic ya est\u00e1 a la venta.<\/p>\n<p>&nbsp;<\/p>\n<p>&nbsp;<\/p>\n<p>&nbsp;<\/p>\n<p>&nbsp;<\/p>\n","protected":false},"excerpt":{"rendered":"<p>Con motivo del 25\u00ba aniversario de la carrera en solitario de Fito Cabrales, BAO Komikiak edita la novela gr\u00e1fica &#8220;Fito. Y por supuesto la luna&#8221;, que adapta al c\u00f3mic la vida y obra del roquero bilba\u00edno. Guionizado por Kike Babas y Kike Turr\u00f3n (autores de libros sobre Rosendo, Manu Chao, Los Rodr\u00edguez, etc.) y con la participaci\u00f3n de una decena de se\u00f1eros ilustradores estatales.<\/p>\n","protected":false},"author":8,"featured_media":99291,"comment_status":"closed","ping_status":"closed","sticky":false,"template":"","format":"standard","meta":{"om_disable_all_campaigns":false,"ngg_post_thumbnail":0,"jnews-multi-image_gallery":[],"jnews_single_post":{"subtitle":"Versi\u00f3n c\u00f3mic &quot;Y por supuesto LA LUNA&quot;","format":"standard","video":"","gallery":"","source_name":"","source_url":"","via_name":"","via_url":"","override_template":"0","override":[{"template":"4","single_blog_custom":"","parallax":"1","fullscreen":"0","layout":"right-sidebar","sidebar":"default-sidebar","second_sidebar":"default-sidebar","sticky_sidebar":"1","share_position":"bottom","share_float_style":"share-monocrhome","show_share_counter":"1","show_view_counter":"1","show_featured":"1","show_post_meta":"1","show_post_author":"1","show_post_author_image":"1","show_post_date":"1","post_date_format":"default","post_date_format_custom":"Y\/m\/d","show_post_category":"1","show_post_reading_time":"0","post_reading_time_wpm":"300","show_zoom_button":"0","zoom_button_out_step":"2","zoom_button_in_step":"3","show_post_tag":"1","show_prev_next_post":"1","show_popup_post":"1","number_popup_post":"1","show_author_box":"1","show_post_related":"0","show_inline_post_related":"0"}],"override_image_size":"0","image_override":[{"single_post_thumbnail_size":"no-crop","single_post_gallery_size":"crop-500"}],"trending_post":"0","trending_post_position":"meta","trending_post_label":"Trending","sponsored_post":"0","sponsored_post_label":"Sponsored by","sponsored_post_name":"","sponsored_post_url":"","sponsored_post_logo_enable":"0","sponsored_post_logo":"","sponsored_post_desc":"","disable_ad":"0"},"jnews_primary_category":{"id":"","hide":""},"jnews_social_meta":{"fb_title":"","fb_description":"","fb_image":"","twitter_title":"","twitter_description":"","twitter_image":""},"jnews_override_counter":{"override_view_counter":"0","view_counter_number":"0","override_share_counter":"0","share_counter_number":"0","override_like_counter":"0","like_counter_number":"0","override_dislike_counter":"0","dislike_counter_number":"0"},"footnotes":""},"categories":[14772],"tags":[21873,12274,13443,2830,21874,21872,21871],"class_list":["post-99290","post","type-post","status-publish","format-standard","has-post-thumbnail","hentry","category-video","tag-bao-komikiak","tag-comic","tag-fito-fitipaldis","tag-fito-cabrales","tag-fito-y-por-supuesto-la-luna","tag-novela-grafica","tag-rojitas-las-orejas"],"yoast_head":"<!-- This site is optimized with the Yoast SEO plugin v27.5 - https:\/\/yoast.com\/product\/yoast-seo-wordpress\/ -->\n<title>Fito &amp; Fitipaldis - ROJITAS LAS OREJAS - Cooltivarte Portal<\/title>\n<meta name=\"description\" content=\"Con motivo del 25\u00ba aniversario de la carrera en solitario de Fito Cabrales, BAO Komikiak edita la novela gr\u00e1fica &quot;Fito. Y por supuesto la luna&quot;, que adapta al c\u00f3mic la vida y obra del roquero bilba\u00edno. Guionizado por Kike Babas y Kike Turr\u00f3n (autores de libros sobre Rosendo, Manu Chao, Los Rodr\u00edguez, etc.) y con la participaci\u00f3n de una decena de se\u00f1eros ilustradores estatales.\" \/>\n<meta name=\"robots\" content=\"index, follow, max-snippet:-1, max-image-preview:large, max-video-preview:-1\" \/>\n<link rel=\"canonical\" href=\"https:\/\/cooltivarte.com\/portal\/fito-fitipaldis-rojitas-las-orejas\/\" \/>\n<meta property=\"og:locale\" content=\"es_ES\" \/>\n<meta property=\"og:type\" content=\"article\" \/>\n<meta property=\"og:title\" content=\"Fito &amp; Fitipaldis - ROJITAS LAS OREJAS (Versi\u00f3n c\u00f3mic &quot;Y por supuesto LA LUNA&quot;)\" \/>\n<meta property=\"og:description\" content=\"Con motivo del 25\u00ba aniversario de la carrera en solitario de Fito Cabrales, BAO Komikiak edita la novela gr\u00e1fica &quot;Fito. Y por supuesto la luna&quot;, que adapta al c\u00f3mic la vida y obra del roquero bilba\u00edno. Guionizado por Kike Babas y Kike Turr\u00f3n (autores de libros sobre Rosendo, Manu Chao, Los Rodr\u00edguez, etc.) y con la participaci\u00f3n de una decena de se\u00f1eros ilustradores estatales.\" \/>\n<meta property=\"og:url\" content=\"https:\/\/cooltivarte.com\/portal\/fito-fitipaldis-rojitas-las-orejas\/\" \/>\n<meta property=\"og:site_name\" content=\"Cooltivarte Portal\" \/>\n<meta property=\"article:publisher\" content=\"https:\/\/www.facebook.com\/cooltivartecom\/\" \/>\n<meta property=\"article:author\" content=\"https:\/\/www.facebook.com\/cooltivartecom\" \/>\n<meta property=\"article:published_time\" content=\"2024-02-18T00:29:21+00:00\" \/>\n<meta property=\"article:modified_time\" content=\"2024-02-18T01:18:50+00:00\" \/>\n<meta property=\"og:image\" content=\"https:\/\/cooltivarte.com\/portal\/wp-content\/uploads\/2024\/02\/Fito-Fitipaldis-ROJITAS-LAS-OREJAS.jpg\" \/>\n\t<meta property=\"og:image:width\" content=\"640\" \/>\n\t<meta property=\"og:image:height\" content=\"480\" \/>\n\t<meta property=\"og:image:type\" content=\"image\/jpeg\" \/>\n<meta name=\"author\" content=\"Cooltivarte\" \/>\n<meta name=\"twitter:card\" content=\"summary_large_image\" \/>\n<meta name=\"twitter:title\" content=\"Fito &amp; Fitipaldis - ROJITAS LAS OREJAS (Versi\u00f3n c\u00f3mic &quot;Y por supuesto LA LUNA&quot;)\" \/>\n<meta name=\"twitter:description\" content=\"Con motivo del 25\u00ba aniversario de la carrera en solitario de Fito Cabrales, BAO Komikiak edita la novela gr\u00e1fica &quot;Fito. Y por supuesto la luna&quot;, que adapta al c\u00f3mic la vida y obra del roquero bilba\u00edno. Guionizado por Kike Babas y Kike Turr\u00f3n (autores de libros sobre Rosendo, Manu Chao, Los Rodr\u00edguez, etc.) y con la participaci\u00f3n de una decena de se\u00f1eros ilustradores estatales.\" \/>\n<meta name=\"twitter:image\" content=\"https:\/\/cooltivarte.com\/portal\/wp-content\/uploads\/2024\/02\/Fito-Fitipaldis-ROJITAS-LAS-OREJAS.jpg\" \/>\n<meta name=\"twitter:creator\" content=\"@https:\/\/x.com\/obolocultural\" \/>\n<meta name=\"twitter:site\" content=\"@obolocultural\" \/>\n<meta name=\"twitter:label1\" content=\"Escrito por\" \/>\n\t<meta name=\"twitter:data1\" content=\"Cooltivarte\" \/>\n\t<meta name=\"twitter:label2\" content=\"Tiempo de lectura\" \/>\n\t<meta name=\"twitter:data2\" content=\"1 minuto\" \/>\n<!-- \/ Yoast SEO plugin. -->","yoast_head_json":{"title":"Fito & Fitipaldis - ROJITAS LAS OREJAS - Cooltivarte Portal","description":"Con motivo del 25\u00ba aniversario de la carrera en solitario de Fito Cabrales, BAO Komikiak edita la novela gr\u00e1fica \"Fito. Y por supuesto la luna\", que adapta al c\u00f3mic la vida y obra del roquero bilba\u00edno. Guionizado por Kike Babas y Kike Turr\u00f3n (autores de libros sobre Rosendo, Manu Chao, Los Rodr\u00edguez, etc.) y con la participaci\u00f3n de una decena de se\u00f1eros ilustradores estatales.","robots":{"index":"index","follow":"follow","max-snippet":"max-snippet:-1","max-image-preview":"max-image-preview:large","max-video-preview":"max-video-preview:-1"},"canonical":"https:\/\/cooltivarte.com\/portal\/fito-fitipaldis-rojitas-las-orejas\/","og_locale":"es_ES","og_type":"article","og_title":"Fito & Fitipaldis - ROJITAS LAS OREJAS (Versi\u00f3n c\u00f3mic \"Y por supuesto LA LUNA\")","og_description":"Con motivo del 25\u00ba aniversario de la carrera en solitario de Fito Cabrales, BAO Komikiak edita la novela gr\u00e1fica \"Fito. Y por supuesto la luna\", que adapta al c\u00f3mic la vida y obra del roquero bilba\u00edno. Guionizado por Kike Babas y Kike Turr\u00f3n (autores de libros sobre Rosendo, Manu Chao, Los Rodr\u00edguez, etc.) y con la participaci\u00f3n de una decena de se\u00f1eros ilustradores estatales.","og_url":"https:\/\/cooltivarte.com\/portal\/fito-fitipaldis-rojitas-las-orejas\/","og_site_name":"Cooltivarte Portal","article_publisher":"https:\/\/www.facebook.com\/cooltivartecom\/","article_author":"https:\/\/www.facebook.com\/cooltivartecom","article_published_time":"2024-02-18T00:29:21+00:00","article_modified_time":"2024-02-18T01:18:50+00:00","og_image":[{"width":640,"height":480,"url":"https:\/\/cooltivarte.com\/portal\/wp-content\/uploads\/2024\/02\/Fito-Fitipaldis-ROJITAS-LAS-OREJAS.jpg","type":"image\/jpeg"}],"author":"Cooltivarte","twitter_card":"summary_large_image","twitter_title":"Fito & Fitipaldis - ROJITAS LAS OREJAS (Versi\u00f3n c\u00f3mic \"Y por supuesto LA LUNA\")","twitter_description":"Con motivo del 25\u00ba aniversario de la carrera en solitario de Fito Cabrales, BAO Komikiak edita la novela gr\u00e1fica \"Fito. Y por supuesto la luna\", que adapta al c\u00f3mic la vida y obra del roquero bilba\u00edno. Guionizado por Kike Babas y Kike Turr\u00f3n (autores de libros sobre Rosendo, Manu Chao, Los Rodr\u00edguez, etc.) y con la participaci\u00f3n de una decena de se\u00f1eros ilustradores estatales.","twitter_image":"https:\/\/cooltivarte.com\/portal\/wp-content\/uploads\/2024\/02\/Fito-Fitipaldis-ROJITAS-LAS-OREJAS.jpg","twitter_creator":"@https:\/\/x.com\/obolocultural","twitter_site":"@obolocultural","twitter_misc":{"Escrito por":"Cooltivarte","Tiempo de lectura":"1 minuto"},"schema":{"@context":"https:\/\/schema.org","@graph":[{"@type":"NewsArticle","@id":"https:\/\/cooltivarte.com\/portal\/fito-fitipaldis-rojitas-las-orejas\/#article","isPartOf":{"@id":"https:\/\/cooltivarte.com\/portal\/fito-fitipaldis-rojitas-las-orejas\/"},"author":{"name":"Cooltivarte","@id":"https:\/\/cooltivarte.com\/portal\/#\/schema\/person\/ec2a4f4e71b740d0c559c0ab9a157e19"},"headline":"Fito &#038; Fitipaldis &#8211; ROJITAS LAS OREJAS","datePublished":"2024-02-18T00:29:21+00:00","dateModified":"2024-02-18T01:18:50+00:00","mainEntityOfPage":{"@id":"https:\/\/cooltivarte.com\/portal\/fito-fitipaldis-rojitas-las-orejas\/"},"wordCount":188,"publisher":{"@id":"https:\/\/cooltivarte.com\/portal\/#organization"},"image":{"@id":"https:\/\/cooltivarte.com\/portal\/fito-fitipaldis-rojitas-las-orejas\/#primaryimage"},"thumbnailUrl":"https:\/\/cooltivarte.com\/portal\/wp-content\/uploads\/2024\/02\/Fito-Fitipaldis-ROJITAS-LAS-OREJAS.jpg","keywords":["BAO Komikiak","c\u00f3mic","Fito &amp; Fitipaldis","Fito Cabrales","Fito. Y por supuesto la luna","novela gr\u00e1fica","ROJITAS LAS OREJAS"],"articleSection":["Video"],"inLanguage":"es-AR"},{"@type":"WebPage","@id":"https:\/\/cooltivarte.com\/portal\/fito-fitipaldis-rojitas-las-orejas\/","url":"https:\/\/cooltivarte.com\/portal\/fito-fitipaldis-rojitas-las-orejas\/","name":"Fito & Fitipaldis - ROJITAS LAS OREJAS - Cooltivarte Portal","isPartOf":{"@id":"https:\/\/cooltivarte.com\/portal\/#website"},"primaryImageOfPage":{"@id":"https:\/\/cooltivarte.com\/portal\/fito-fitipaldis-rojitas-las-orejas\/#primaryimage"},"image":{"@id":"https:\/\/cooltivarte.com\/portal\/fito-fitipaldis-rojitas-las-orejas\/#primaryimage"},"thumbnailUrl":"https:\/\/cooltivarte.com\/portal\/wp-content\/uploads\/2024\/02\/Fito-Fitipaldis-ROJITAS-LAS-OREJAS.jpg","datePublished":"2024-02-18T00:29:21+00:00","dateModified":"2024-02-18T01:18:50+00:00","description":"Con motivo del 25\u00ba aniversario de la carrera en solitario de Fito Cabrales, BAO Komikiak edita la novela gr\u00e1fica \"Fito. Y por supuesto la luna\", que adapta al c\u00f3mic la vida y obra del roquero bilba\u00edno. Guionizado por Kike Babas y Kike Turr\u00f3n (autores de libros sobre Rosendo, Manu Chao, Los Rodr\u00edguez, etc.) y con la participaci\u00f3n de una decena de se\u00f1eros ilustradores estatales.","breadcrumb":{"@id":"https:\/\/cooltivarte.com\/portal\/fito-fitipaldis-rojitas-las-orejas\/#breadcrumb"},"inLanguage":"es-AR","potentialAction":[{"@type":"ReadAction","target":["https:\/\/cooltivarte.com\/portal\/fito-fitipaldis-rojitas-las-orejas\/"]}]},{"@type":"ImageObject","inLanguage":"es-AR","@id":"https:\/\/cooltivarte.com\/portal\/fito-fitipaldis-rojitas-las-orejas\/#primaryimage","url":"https:\/\/cooltivarte.com\/portal\/wp-content\/uploads\/2024\/02\/Fito-Fitipaldis-ROJITAS-LAS-OREJAS.jpg","contentUrl":"https:\/\/cooltivarte.com\/portal\/wp-content\/uploads\/2024\/02\/Fito-Fitipaldis-ROJITAS-LAS-OREJAS.jpg","width":640,"height":480,"caption":"Fito & Fitipaldis - ROJITAS LAS OREJAS (Versi\u00f3n c\u00f3mic \"Y por supuesto LA LUNA\")"},{"@type":"BreadcrumbList","@id":"https:\/\/cooltivarte.com\/portal\/fito-fitipaldis-rojitas-las-orejas\/#breadcrumb","itemListElement":[{"@type":"ListItem","position":1,"name":"Portada","item":"https:\/\/cooltivarte.com\/portal\/"},{"@type":"ListItem","position":2,"name":"Fito &#038; Fitipaldis &#8211; ROJITAS LAS OREJAS"}]},{"@type":"WebSite","@id":"https:\/\/cooltivarte.com\/portal\/#website","url":"https:\/\/cooltivarte.com\/portal\/","name":"Cooltivarte Portal","description":"Arte, cultura y turismo para el mundo ...","publisher":{"@id":"https:\/\/cooltivarte.com\/portal\/#organization"},"potentialAction":[{"@type":"SearchAction","target":{"@type":"EntryPoint","urlTemplate":"https:\/\/cooltivarte.com\/portal\/?s={search_term_string}"},"query-input":{"@type":"PropertyValueSpecification","valueRequired":true,"valueName":"search_term_string"}}],"inLanguage":"es-AR"},{"@type":"Organization","@id":"https:\/\/cooltivarte.com\/portal\/#organization","name":"cooltivarte","url":"https:\/\/cooltivarte.com\/portal\/","logo":{"@type":"ImageObject","inLanguage":"es-AR","@id":"https:\/\/cooltivarte.com\/portal\/#\/schema\/logo\/image\/","url":"https:\/\/cooltivarte.com\/portal\/wp-content\/uploads\/2020\/04\/logo-cooltivarte-v2.png","contentUrl":"https:\/\/cooltivarte.com\/portal\/wp-content\/uploads\/2020\/04\/logo-cooltivarte-v2.png","width":851,"height":243,"caption":"cooltivarte"},"image":{"@id":"https:\/\/cooltivarte.com\/portal\/#\/schema\/logo\/image\/"},"sameAs":["https:\/\/www.facebook.com\/cooltivartecom\/","https:\/\/x.com\/obolocultural","https:\/\/www.instagram.com\/_cooltivarte_\/","https:\/\/www.linkedin.com\/company\/-bolocultural?reportsuccess=8zaNG1HwhPbAR9iQhZ5rfGeqz_vQFftHun0ZWU0Wy9vNemRJ8vtcKdJvzQfW8XagyOJSKg0XvfJ1dp","https:\/\/www.pinterest.com\/cooltivarte\/","https:\/\/cooltivarte.tumblr.com\/","https:\/\/www.tiktok.com\/@cooltivarte","https:\/\/www.youtube.com\/@PrensaCooltivarte"]},{"@type":"Person","@id":"https:\/\/cooltivarte.com\/portal\/#\/schema\/person\/ec2a4f4e71b740d0c559c0ab9a157e19","name":"Cooltivarte","image":{"@type":"ImageObject","inLanguage":"es-AR","@id":"https:\/\/cooltivarte.com\/portal\/wp-content\/uploads\/2014\/05\/logo-cooltivarte-120x120.jpg","url":"https:\/\/cooltivarte.com\/portal\/wp-content\/uploads\/2014\/05\/logo-cooltivarte-120x120.jpg","contentUrl":"https:\/\/cooltivarte.com\/portal\/wp-content\/uploads\/2014\/05\/logo-cooltivarte-120x120.jpg","caption":"Cooltivarte"},"description":"Somos COOLTIVARTE.COM. Un portal digital dedicado a difundir el acontecer art\u00edstico y cultural del Uruguay. Estamos en la vuelta desde el a\u00f1o 2003, y como evoluci\u00f3n del bolet\u00edn Obolo Cultural, nos encontramos abocados a apoyar a los artistas nacionales brind\u00e1ndoles un espacio de difusi\u00f3n. Creemos en la idea de utilizar la potencialidad que hoy d\u00eda nos otorga la web, para que la cultura uruguaya y sus creadores dispongan de una din\u00e1mica ventana, que los ponga en contacto entre s\u00ed y con el mundo. Somos COOLTIVARTE.COM y pretendemos configurarnos como un portal din\u00e1mico, entretenido y atento a los nuevos emprendimientos, que busque siempre la interacci\u00f3n con los artistas.","sameAs":["http:\/\/www.cooltivarte.com","https:\/\/www.facebook.com\/cooltivartecom","https:\/\/www.instagram.com\/_cooltivarte_\/","https:\/\/www.linkedin.com\/company\/-bolocultural","https:\/\/www.pinterest.com\/cooltivarte\/","https:\/\/x.com\/https:\/\/x.com\/obolocultural","https:\/\/www.youtube.com\/@PrensaCooltivarte","https:\/\/www.tumblr.com\/blog\/cooltivarte"],"url":"https:\/\/cooltivarte.com\/portal\/author\/cooltivarte\/"}]}},"_links":{"self":[{"href":"https:\/\/cooltivarte.com\/portal\/wp-json\/wp\/v2\/posts\/99290","targetHints":{"allow":["GET"]}}],"collection":[{"href":"https:\/\/cooltivarte.com\/portal\/wp-json\/wp\/v2\/posts"}],"about":[{"href":"https:\/\/cooltivarte.com\/portal\/wp-json\/wp\/v2\/types\/post"}],"author":[{"embeddable":true,"href":"https:\/\/cooltivarte.com\/portal\/wp-json\/wp\/v2\/users\/8"}],"replies":[{"embeddable":true,"href":"https:\/\/cooltivarte.com\/portal\/wp-json\/wp\/v2\/comments?post=99290"}],"version-history":[{"count":2,"href":"https:\/\/cooltivarte.com\/portal\/wp-json\/wp\/v2\/posts\/99290\/revisions"}],"predecessor-version":[{"id":99294,"href":"https:\/\/cooltivarte.com\/portal\/wp-json\/wp\/v2\/posts\/99290\/revisions\/99294"}],"wp:featuredmedia":[{"embeddable":true,"href":"https:\/\/cooltivarte.com\/portal\/wp-json\/wp\/v2\/media\/99291"}],"wp:attachment":[{"href":"https:\/\/cooltivarte.com\/portal\/wp-json\/wp\/v2\/media?parent=99290"}],"wp:term":[{"taxonomy":"category","embeddable":true,"href":"https:\/\/cooltivarte.com\/portal\/wp-json\/wp\/v2\/categories?post=99290"},{"taxonomy":"post_tag","embeddable":true,"href":"https:\/\/cooltivarte.com\/portal\/wp-json\/wp\/v2\/tags?post=99290"}],"curies":[{"name":"wp","href":"https:\/\/api.w.org\/{rel}","templated":true}]}}