{"id":99051,"date":"2024-02-12T15:02:07","date_gmt":"2024-02-12T18:02:07","guid":{"rendered":"https:\/\/cooltivarte.com\/portal\/?p=99051"},"modified":"2024-02-12T15:09:26","modified_gmt":"2024-02-12T18:09:26","slug":"desfile-de-llamadas-2024","status":"publish","type":"post","link":"https:\/\/cooltivarte.com\/portal\/desfile-de-llamadas-2024\/","title":{"rendered":"Desfile de llamadas 2024"},"content":{"rendered":"<figure id=\"attachment_99052\" aria-describedby=\"caption-attachment-99052\" style=\"width: 1024px\" class=\"wp-caption aligncenter\"><img fetchpriority=\"high\" decoding=\"async\" class=\"wp-image-99052 size-large\" title=\"Desfile de llamadas 2024 por la calle Isla de Flores - Fotografia Jonathan La Paz\" src=\"https:\/\/cooltivarte.com\/portal\/wp-content\/uploads\/2024\/02\/Desfile-de-llamadas-2024-por-la-calle-Isla-de-Flores-Fotografia-Jonathan-La-Paz-1024x684.jpg\" alt=\"Desfile de llamadas 2024 por la calle Isla de Flores - Fotografia Jonathan La Paz\" width=\"1024\" height=\"684\" srcset=\"https:\/\/cooltivarte.com\/portal\/wp-content\/uploads\/2024\/02\/Desfile-de-llamadas-2024-por-la-calle-Isla-de-Flores-Fotografia-Jonathan-La-Paz-1024x684.jpg 1024w, https:\/\/cooltivarte.com\/portal\/wp-content\/uploads\/2024\/02\/Desfile-de-llamadas-2024-por-la-calle-Isla-de-Flores-Fotografia-Jonathan-La-Paz-300x200.jpg 300w, https:\/\/cooltivarte.com\/portal\/wp-content\/uploads\/2024\/02\/Desfile-de-llamadas-2024-por-la-calle-Isla-de-Flores-Fotografia-Jonathan-La-Paz-768x513.jpg 768w, https:\/\/cooltivarte.com\/portal\/wp-content\/uploads\/2024\/02\/Desfile-de-llamadas-2024-por-la-calle-Isla-de-Flores-Fotografia-Jonathan-La-Paz-1536x1025.jpg 1536w, https:\/\/cooltivarte.com\/portal\/wp-content\/uploads\/2024\/02\/Desfile-de-llamadas-2024-por-la-calle-Isla-de-Flores-Fotografia-Jonathan-La-Paz.jpg 2048w\" sizes=\"(max-width: 1024px) 100vw, 1024px\" \/><figcaption id=\"caption-attachment-99052\" class=\"wp-caption-text\">Desfile de llamadas 2024 por la calle Isla de Flores &#8211; Fotografia Jonathan La Paz<\/figcaption><\/figure>\n<p>&nbsp;<\/p>\n<p><a href=\"https:\/\/cooltivarte.com\/portal\/?s=Desfile+de+llamadas\" target=\"_blank\" rel=\"noopener\"><strong>Desfile de llamadas<\/strong><\/a> 2024 por la calle <a href=\"https:\/\/cooltivarte.com\/portal\/?s=Isla+de+Flores\" target=\"_blank\" rel=\"noopener\"><strong>Isla de Flores<\/strong><\/a>.<\/p>\n<p>&nbsp;<br \/>\n&nbsp;<\/p>\n<h3>&nbsp;<a href=\"https:\/\/www.facebook.com\/media\/set\/?set=a.907119804785213&amp;type=3\" target=\"_blank\" rel=\"noopener\">Ir a la fotogaler\u00eda<\/a><\/h3>\n<h3><iframe style=\"border: none; overflow: hidden;\" src=\"https:\/\/www.facebook.com\/plugins\/post.php?href=https%3A%2F%2Fwww.facebook.com%2Fmedia%2Fset%2F%3Fset%3Da.907119804785213%26type%3D3&amp;width=100%\" width=\"100%\" height=\"669\" frameborder=\"0\" scrolling=\"no\"><\/iframe><br \/>\n<strong>La comparsa <a href=\"https:\/\/cooltivarte.com\/portal\/?s=C1080\" target=\"_blank\" rel=\"noopener\">C1080<\/a> es la ganadora del Desfile de Llamadas de este a\u00f1o.<\/strong><\/h3>\n<p>&nbsp;<\/p>\n<p>Entre el viernes 9 y el domingo 11 de febrero, 45 comparsas concursaron y recorrieron la calle Isla de Flores, desde Zelmar Michelini hasta Minas, al celebrarse una de las fiestas populares m\u00e1s grandes del pa\u00eds: el Desfile de Llamadas, que este a\u00f1o lleva el nombre en homenaje al centenario de L\u00e1grima R\u00edos.<\/p>\n<p>Las posiciones finales de las agrupaciones y sus respectivos puntajes fueron los siguientes:<\/p>\n<p><strong>1) C1080 &#8211; 1978 p.<br \/>\n2) Cencerib\u00f3 &#8211; 1921 p.<br \/>\n3) La Generaci\u00f3n Lubola &#8211; 1863 p.<br \/>\n4) M.Q.L &#8211; 1860 p.<br \/>\n5) Valores &#8211; 1854 p.<br \/>\n6) La Jacinta &#8211; 1852 p.<br \/>\n7) Las Lonjas de Cuareim &#8211; 1851 p.<br \/>\n8) La Unicand\u00f3 &#8211; 1826 p.<br \/>\n9) La Sara del Cord\u00f3n &#8211; 1797 p.<br \/>\n10) Candongafricana &#8211; 1790 p.<br \/>\n11) Yambo Kenia &#8211; 1789 p.<br \/>\n12) Nimba &#8211; 1781 p.<br \/>\n13) La Tang\u00f3 &#8211; 1776 p.<br \/>\n14) Barrica &#8211; 1757 p.<br \/>\n15) Afrocan &#8211; 1756 p.<br \/>\n16) La Fabini &#8211; 1733 p.<br \/>\n17) La Rod\u00f3 &#8211; 1701 p.<br \/>\n18) La Fuerza &#8211; 1697 p.<br \/>\n19) La Facala &#8211; 1687 p.<br \/>\n20) Sambur\u00fa Mor\u00e1n &#8211; 1682 p.<br \/>\n21) Batea de Tacuar\u00ed &#8211; 1678 p.<br \/>\n22) L.C.V &#8211; 1667 p.<br \/>\n23) Kimbund\u00fa &#8211; 1645 p.<\/strong><br \/>\n24) Okeole &#8211; 1631 p.<br \/>\n25) La Gozadera &#8211; 1624 p.<br \/>\n26) Shangrilonja &#8211; 1608 p.<br \/>\n27) Lonjas de San Marcos &#8211; 1590 p.<br \/>\n28) Eleggu\u00e1 &#8211; 1563 p.<br \/>\n29) Senegal &#8211; 1557 p.<br \/>\n30) Sonidanza &#8211; 1542 p.<br \/>\n31) Hechiceros &#8211; 1532 p.<br \/>\n32) La Explanada &#8211; 1520 p.<br \/>\n33) La que mueve Ciudad del Plata &#8211; 1507 p.<br \/>\n34) Kalumkenb\u00e9 &#8211; 1502 p.<br \/>\n35) Aggunile &#8211; 1495 p.<br \/>\n36) Malanque &#8211; 1486 p.<br \/>\n37) Makondo &#8211; 1457 p.<br \/>\n38) Integraci\u00f3n &#8211; 1446 p.<br \/>\n39) La 62 &#8211; 1435 p.<br \/>\n40) La Bomba &#8211; 1375 p.<br \/>\n41) La Malunga &#8211; 1374 p.<br \/>\n42) Eco de Tambores &#8211; 1366 p.<br \/>\n43) Ubuntu &#8211; 1345 p.<br \/>\n44) La Covacha &#8211; 1299 p.<br \/>\n45) Hay q\u00b4 darle &#8211; 1223 p.<\/p>\n<p>La Intendencia destin\u00f3&nbsp;<strong>$ 8.082.900<\/strong>&nbsp;en premios y menciones para las comparsas participantes del desfile de este a\u00f1o.<\/p>\n<p>El primer premio es de&nbsp;<strong>$ 525.000<\/strong>, segundo premio:&nbsp;<strong>$ 420.000<\/strong>&nbsp;y el tercer Premio:&nbsp;<strong>$ 315.000<\/strong>.<\/p>\n<p>Con el fin de estimular y compensar el esfuerzo art\u00edstico de figuras y cuadros, tambi\u00e9n se distingui\u00f3 a:<\/p>\n<ul>\n<li>Mejor cuerda de tambores: C1080<\/li>\n<li>Mejor cuerpo de baile: C1080<\/li>\n<li>Mejor pareja de gramilla: Yambo Kenia<\/li>\n<li>Mejor escobero: Sebasti\u00e1n Zuluaga (La Tang\u00f3)<\/li>\n<li>Mejor cuadro de trofeos (estandarte, banderas, medialunas, estrellas): La Generaci\u00f3n Lubola<\/li>\n<li>Mejor vedette: Yessy L\u00f3pez (La Fuerza)<\/li>\n<li>Mejor Partener \/ bailar\u00edn: Jorge Ferreira (C1080)<\/li>\n<\/ul>\n<p>Las primeras 23 comparsas, de acuerdo al puntaje establecido por el jurado, quedar\u00e1n habilitadas para participar del<strong> Desfile de Llamadas 2025<\/strong>. Los restantes 23 lugares previstos para dicho desfile, ser\u00e1n ocupados por aquellas comparsas que pasen la correspondiente Llamada de Admisi\u00f3n.<\/p>\n<p>&nbsp;<\/p>\n<blockquote class=\"instagram-media\" style=\"background: #FFF; border: 0; border-radius: 3px; box-shadow: 0 0 1px 0 rgba(0,0,0,0.5),0 1px 10px 0 rgba(0,0,0,0.15); margin: 1px; max-width: 540px; min-width: 326px; padding: 0; width: calc(100% - 2px);\" data-instgrm-captioned=\"\" data-instgrm-permalink=\"https:\/\/www.instagram.com\/p\/C3QcU7ZOs2Q\/?utm_source=ig_embed&amp;utm_campaign=loading\" data-instgrm-version=\"14\">\n<div style=\"padding: 16px;\">\n<p>&nbsp;<\/p>\n<div style=\"display: flex; flex-direction: row; align-items: center;\">\n<div style=\"background-color: #f4f4f4; border-radius: 50%; flex-grow: 0; height: 40px; margin-right: 14px; width: 40px;\">&nbsp;<\/div>\n<div style=\"display: flex; flex-direction: column; flex-grow: 1; justify-content: center;\">\n<div style=\"background-color: #f4f4f4; border-radius: 4px; flex-grow: 0; height: 14px; margin-bottom: 6px; width: 100px;\">&nbsp;<\/div>\n<div style=\"background-color: #f4f4f4; border-radius: 4px; flex-grow: 0; height: 14px; width: 60px;\">&nbsp;<\/div>\n<\/div>\n<\/div>\n<div style=\"padding: 19% 0;\">&nbsp;<\/div>\n<div style=\"display: block; height: 50px; margin: 0 auto 12px; width: 50px;\">&nbsp;<\/div>\n<div style=\"padding-top: 8px;\">\n<div style=\"color: #3897f0; font-family: Arial,sans-serif; font-size: 14px; font-style: normal; font-weight: 550; line-height: 18px;\">Ver esta publicaci\u00f3n en Instagram<\/div>\n<\/div>\n<div style=\"padding: 12.5% 0;\">&nbsp;<\/div>\n<div style=\"display: flex; flex-direction: row; margin-bottom: 14px; align-items: center;\">\n<div>\n<div style=\"background-color: #f4f4f4; border-radius: 50%; height: 12.5px; width: 12.5px; transform: translateX(0px) translateY(7px);\">&nbsp;<\/div>\n<div style=\"background-color: #f4f4f4; height: 12.5px; transform: rotate(-45deg) translateX(3px) translateY(1px); width: 12.5px; flex-grow: 0; margin-right: 14px; margin-left: 2px;\">&nbsp;<\/div>\n<div style=\"background-color: #f4f4f4; border-radius: 50%; height: 12.5px; width: 12.5px; transform: translateX(9px) translateY(-18px);\">&nbsp;<\/div>\n<\/div>\n<div style=\"margin-left: 8px;\">\n<div style=\"background-color: #f4f4f4; border-radius: 50%; flex-grow: 0; height: 20px; width: 20px;\">&nbsp;<\/div>\n<div style=\"width: 0; height: 0; border-top: 2px solid transparent; border-left: 6px solid #f4f4f4; border-bottom: 2px solid transparent; transform: translateX(16px) translateY(-4px) rotate(30deg);\">&nbsp;<\/div>\n<\/div>\n<div style=\"margin-left: auto;\">\n<div style=\"width: 0px; border-top: 8px solid #F4F4F4; border-right: 8px solid transparent; transform: translateY(16px);\">&nbsp;<\/div>\n<div style=\"background-color: #f4f4f4; flex-grow: 0; height: 12px; width: 16px; transform: translateY(-4px);\">&nbsp;<\/div>\n<div style=\"width: 0; height: 0; border-top: 8px solid #F4F4F4; border-left: 8px solid transparent; transform: translateY(-4px) translateX(8px);\">&nbsp;<\/div>\n<\/div>\n<\/div>\n<div style=\"display: flex; flex-direction: column; flex-grow: 1; justify-content: center; margin-bottom: 24px;\">\n<div style=\"background-color: #f4f4f4; border-radius: 4px; flex-grow: 0; height: 14px; margin-bottom: 6px; width: 224px;\">&nbsp;<\/div>\n<div style=\"background-color: #f4f4f4; border-radius: 4px; flex-grow: 0; height: 14px; width: 144px;\">&nbsp;<\/div>\n<\/div>\n<p>&nbsp;<\/p>\n<p style=\"color: #c9c8cd; font-family: Arial,sans-serif; font-size: 14px; line-height: 17px; margin-bottom: 0; margin-top: 8px; overflow: hidden; padding: 8px 0 7px; text-align: center; text-overflow: ellipsis; white-space: nowrap;\"><a style=\"color: #c9c8cd; font-family: Arial,sans-serif; font-size: 14px; font-style: normal; font-weight: normal; line-height: 17px; text-decoration: none;\" href=\"https:\/\/www.instagram.com\/p\/C3QcU7ZOs2Q\/?utm_source=ig_embed&amp;utm_campaign=loading\" target=\"_blank\" rel=\"noopener\">Una publicaci\u00f3n compartida por cooltivarte.com (@_cooltivarte_)<\/a><\/p>\n<\/div>\n<\/blockquote>\n<p><script async=\"\" src=\"\/\/www.instagram.com\/embed.js\"><\/script><\/p>\n<p>&nbsp;<\/p>\n<p>Ramiro Pallares fue el presidente del Jurado que estuvo integrado por:<\/p>\n<p><strong>Rubro 1 &#8211; Cuerda de Tambores<\/strong><\/p>\n<p>Alejandro Simone<br \/>\nAndrea Silva<br \/>\nJorge Caticha<br \/>\nJuanita Fern\u00e1ndez<br \/>\nPedro Ferreira<\/p>\n<p><strong>Rubro 2 &#8211; Danza y Desplazamiento<\/strong><\/p>\n<p>Alejandro Gonz\u00e1lez<br \/>\nAna Paula Salinas<br \/>\nGabriela Fern\u00e1ndez<br \/>\nClaudia Gisel Silva &#8220;Michelle&#8221;<br \/>\nRafael Mart\u00ednez Crossa<\/p>\n<p><strong>Rubro 3 Visi\u00f3n Global de la Propuesta<\/strong><\/p>\n<p>\u00c1lvaro Marotta<br \/>\nJulio Gonz\u00e1lez<br \/>\nLucrecia De Le\u00f3n<br \/>\nMariela Gotuzzo<br \/>\nMart\u00edn Iribarren<\/p>\n<p>&nbsp;<\/p>\n<p>Fuente: <a href=\"https:\/\/montevideo.gub.uy\/noticias\/cultura\/fallos-del-desfile-de-llamadas-2024\" target=\"_blank\" rel=\"noopener\">montevideo.gub.uy<\/a><\/p>\n<p>&nbsp;<\/p>\n<blockquote class=\"instagram-media\" style=\"background: #FFF; border: 0; border-radius: 3px; box-shadow: 0 0 1px 0 rgba(0,0,0,0.5),0 1px 10px 0 rgba(0,0,0,0.15); margin: 1px; max-width: 540px; min-width: 326px; padding: 0; width: calc(100% - 2px);\" data-instgrm-captioned=\"\" data-instgrm-permalink=\"https:\/\/www.instagram.com\/p\/C3QVGV3gEJw\/?utm_source=ig_embed&amp;utm_campaign=loading\" data-instgrm-version=\"14\">\n<div style=\"padding: 16px;\">\n<p>&nbsp;<\/p>\n<div style=\"display: flex; flex-direction: row; align-items: center;\">\n<div style=\"background-color: #f4f4f4; border-radius: 50%; flex-grow: 0; height: 40px; margin-right: 14px; width: 40px;\">&nbsp;<\/div>\n<div style=\"display: flex; flex-direction: column; flex-grow: 1; justify-content: center;\">\n<div style=\"background-color: #f4f4f4; border-radius: 4px; flex-grow: 0; height: 14px; margin-bottom: 6px; width: 100px;\">&nbsp;<\/div>\n<div style=\"background-color: #f4f4f4; border-radius: 4px; flex-grow: 0; height: 14px; width: 60px;\">&nbsp;<\/div>\n<\/div>\n<\/div>\n<div style=\"padding: 19% 0;\">&nbsp;<\/div>\n<div style=\"display: block; height: 50px; margin: 0 auto 12px; width: 50px;\">&nbsp;<\/div>\n<div style=\"padding-top: 8px;\">\n<div style=\"color: #3897f0; font-family: Arial,sans-serif; font-size: 14px; font-style: normal; font-weight: 550; line-height: 18px;\">Ver esta publicaci\u00f3n en Instagram<\/div>\n<\/div>\n<div style=\"padding: 12.5% 0;\">&nbsp;<\/div>\n<div style=\"display: flex; flex-direction: row; margin-bottom: 14px; align-items: center;\">\n<div>\n<div style=\"background-color: #f4f4f4; border-radius: 50%; height: 12.5px; width: 12.5px; transform: translateX(0px) translateY(7px);\">&nbsp;<\/div>\n<div style=\"background-color: #f4f4f4; height: 12.5px; transform: rotate(-45deg) translateX(3px) translateY(1px); width: 12.5px; flex-grow: 0; margin-right: 14px; margin-left: 2px;\">&nbsp;<\/div>\n<div style=\"background-color: #f4f4f4; border-radius: 50%; height: 12.5px; width: 12.5px; transform: translateX(9px) translateY(-18px);\">&nbsp;<\/div>\n<\/div>\n<div style=\"margin-left: 8px;\">\n<div style=\"background-color: #f4f4f4; border-radius: 50%; flex-grow: 0; height: 20px; width: 20px;\">&nbsp;<\/div>\n<div style=\"width: 0; height: 0; border-top: 2px solid transparent; border-left: 6px solid #f4f4f4; border-bottom: 2px solid transparent; transform: translateX(16px) translateY(-4px) rotate(30deg);\">&nbsp;<\/div>\n<\/div>\n<div style=\"margin-left: auto;\">\n<div style=\"width: 0px; border-top: 8px solid #F4F4F4; border-right: 8px solid transparent; transform: translateY(16px);\">&nbsp;<\/div>\n<div style=\"background-color: #f4f4f4; flex-grow: 0; height: 12px; width: 16px; transform: translateY(-4px);\">&nbsp;<\/div>\n<div style=\"width: 0; height: 0; border-top: 8px solid #F4F4F4; border-left: 8px solid transparent; transform: translateY(-4px) translateX(8px);\">&nbsp;<\/div>\n<\/div>\n<\/div>\n<div style=\"display: flex; flex-direction: column; flex-grow: 1; justify-content: center; margin-bottom: 24px;\">\n<div style=\"background-color: #f4f4f4; border-radius: 4px; flex-grow: 0; height: 14px; margin-bottom: 6px; width: 224px;\">&nbsp;<\/div>\n<div style=\"background-color: #f4f4f4; border-radius: 4px; flex-grow: 0; height: 14px; width: 144px;\">&nbsp;<\/div>\n<\/div>\n<p>&nbsp;<\/p>\n<p style=\"color: #c9c8cd; font-family: Arial,sans-serif; font-size: 14px; line-height: 17px; margin-bottom: 0; margin-top: 8px; overflow: hidden; padding: 8px 0 7px; text-align: center; text-overflow: ellipsis; white-space: nowrap;\"><a style=\"color: #c9c8cd; font-family: Arial,sans-serif; font-size: 14px; font-style: normal; font-weight: normal; line-height: 17px; text-decoration: none;\" href=\"https:\/\/www.instagram.com\/p\/C3QVGV3gEJw\/?utm_source=ig_embed&amp;utm_campaign=loading\" target=\"_blank\" rel=\"noopener\">Una publicaci\u00f3n compartida por Jonathan La Paz (@jonathan.lapz)<\/a><\/p>\n<\/div>\n<\/blockquote>\n<p><script async=\"\" src=\"\/\/www.instagram.com\/embed.js\"><\/script><\/p>\n<p>&nbsp;<\/p>\n<p>&nbsp;<\/p>\n<p>&nbsp;<\/p>\n<p>&nbsp;<\/p>\n","protected":false},"excerpt":{"rendered":"<p>La comparsa C1080 es la ganadora del Desfile de Llamadas de este a\u00f1o.<\/p>\n<p>\u00a0<\/p>\n<p>Entre el viernes 9 y el domingo 11 de febrero, 45 comparsas concursaron y recorrieron la calle Isla de Flores, desde Zelmar Michelini hasta Minas, al celebrarse una de las fiestas populares m\u00e1s grandes del pa\u00eds: el Desfile de Llamadas, que este a\u00f1o lleva el nombre en homenaje al centenario de L\u00e1grima R\u00edos.<\/p>\n","protected":false},"author":158,"featured_media":99052,"comment_status":"closed","ping_status":"closed","sticky":false,"template":"","format":"standard","meta":{"om_disable_all_campaigns":false,"ngg_post_thumbnail":0,"jnews-multi-image_gallery":[],"jnews_single_post":{"subtitle":"Fallos - Concursaron 45 agrupaciones","format":"standard","video":"","gallery":"","source_name":"","source_url":"","via_name":"","via_url":"","override_template":"0","override":[{"template":"4","single_blog_custom":"","parallax":"1","fullscreen":"0","layout":"right-sidebar","sidebar":"default-sidebar","second_sidebar":"default-sidebar","sticky_sidebar":"1","share_position":"bottom","share_float_style":"share-monocrhome","show_share_counter":"1","show_view_counter":"1","show_featured":"1","show_post_meta":"1","show_post_author":"1","show_post_author_image":"1","show_post_date":"1","post_date_format":"default","post_date_format_custom":"Y\/m\/d","show_post_category":"1","show_post_reading_time":"0","post_reading_time_wpm":"300","show_zoom_button":"0","zoom_button_out_step":"2","zoom_button_in_step":"3","show_post_tag":"1","show_prev_next_post":"1","show_popup_post":"1","number_popup_post":"1","show_author_box":"1","show_post_related":"0","show_inline_post_related":"0"}],"override_image_size":"0","image_override":[{"single_post_thumbnail_size":"no-crop","single_post_gallery_size":"crop-500"}],"trending_post":"0","trending_post_position":"meta","trending_post_label":"Trending","sponsored_post":"0","sponsored_post_label":"Sponsored by","sponsored_post_name":"","sponsored_post_url":"","sponsored_post_logo_enable":"0","sponsored_post_logo":"","sponsored_post_desc":"","disable_ad":"0"},"jnews_primary_category":{"id":"","hide":""},"jnews_social_meta":{"fb_title":"","fb_description":"","fb_image":"","twitter_title":"","twitter_description":"","twitter_image":""},"jnews_override_counter":{"override_view_counter":"0","view_counter_number":"0","override_share_counter":"0","share_counter_number":"0","override_like_counter":"0","like_counter_number":"0","override_dislike_counter":"0","dislike_counter_number":"0"},"footnotes":""},"categories":[50],"tags":[21816,21815,18822,8054],"class_list":["post-99051","post","type-post","status-publish","format-standard","has-post-thumbnail","hentry","category-coberturas","tag-comparsa-c1080","tag-desfile-de-llamadas-2024","tag-fallos","tag-isla-de-flores"],"yoast_head":"<!-- This site is optimized with the Yoast SEO plugin v27.5 - https:\/\/yoast.com\/product\/yoast-seo-wordpress\/ -->\n<title>Desfile de llamadas 2024 - Cooltivarte Portal<\/title>\n<meta name=\"description\" content=\"La comparsa C1080 es la ganadora del Desfile de Llamadas de este a\u00f1o.\u00a0Entre el viernes 9 y el domingo 11 de febrero, 45 comparsas concursaron y recorrieron la calle Isla de Flores, desde Zelmar Michelini hasta Minas, al celebrarse una de las fiestas populares m\u00e1s grandes del pa\u00eds: el Desfile de Llamadas, que este a\u00f1o lleva el nombre en homenaje al centenario de L\u00e1grima R\u00edos.\" \/>\n<meta name=\"robots\" content=\"index, follow, max-snippet:-1, max-image-preview:large, max-video-preview:-1\" \/>\n<link rel=\"canonical\" href=\"https:\/\/cooltivarte.com\/portal\/desfile-de-llamadas-2024\/\" \/>\n<meta property=\"og:locale\" content=\"es_ES\" \/>\n<meta property=\"og:type\" content=\"article\" \/>\n<meta property=\"og:title\" content=\"Desfile de llamadas 2024 por la calle Isla de Flores - Fotografia Jonathan La Paz\" \/>\n<meta property=\"og:description\" content=\"La comparsa C1080 es la ganadora del Desfile de Llamadas de este a\u00f1o.\u00a0Entre el viernes 9 y el domingo 11 de febrero, 45 comparsas concursaron y recorrieron la calle Isla de Flores, desde Zelmar Michelini hasta Minas, al celebrarse una de las fiestas populares m\u00e1s grandes del pa\u00eds: el Desfile de Llamadas, que este a\u00f1o lleva el nombre en homenaje al centenario de L\u00e1grima R\u00edos.\" \/>\n<meta property=\"og:url\" content=\"https:\/\/cooltivarte.com\/portal\/desfile-de-llamadas-2024\/\" \/>\n<meta property=\"og:site_name\" content=\"Cooltivarte Portal\" \/>\n<meta property=\"article:publisher\" content=\"https:\/\/www.facebook.com\/cooltivartecom\/\" \/>\n<meta property=\"article:author\" content=\"https:\/\/www.facebook.com\/thisisjon9\" \/>\n<meta property=\"article:published_time\" content=\"2024-02-12T18:02:07+00:00\" \/>\n<meta property=\"article:modified_time\" content=\"2024-02-12T18:09:26+00:00\" \/>\n<meta property=\"og:image\" content=\"https:\/\/cooltivarte.com\/portal\/wp-content\/uploads\/2024\/02\/Desfile-de-llamadas-2024-por-la-calle-Isla-de-Flores-Fotografia-Jonathan-La-Paz.jpg\" \/>\n\t<meta property=\"og:image:width\" content=\"2048\" \/>\n\t<meta property=\"og:image:height\" content=\"1367\" \/>\n\t<meta property=\"og:image:type\" content=\"image\/jpeg\" \/>\n<meta name=\"author\" content=\"Jonathan La Paz\" \/>\n<meta name=\"twitter:card\" content=\"summary_large_image\" \/>\n<meta name=\"twitter:title\" content=\"Desfile de llamadas 2024 por la calle Isla de Flores - Fotografia Jonathan La Paz\" \/>\n<meta name=\"twitter:description\" content=\"La comparsa C1080 es la ganadora del Desfile de Llamadas de este a\u00f1o.\u00a0Entre el viernes 9 y el domingo 11 de febrero, 45 comparsas concursaron y recorrieron la calle Isla de Flores, desde Zelmar Michelini hasta Minas, al celebrarse una de las fiestas populares m\u00e1s grandes del pa\u00eds: el Desfile de Llamadas, que este a\u00f1o lleva el nombre en homenaje al centenario de L\u00e1grima R\u00edos.\" \/>\n<meta name=\"twitter:image\" content=\"https:\/\/cooltivarte.com\/portal\/wp-content\/uploads\/2024\/02\/Desfile-de-llamadas-2024-por-la-calle-Isla-de-Flores-Fotografia-Jonathan-La-Paz.jpg\" \/>\n<meta name=\"twitter:creator\" content=\"@https:\/\/x.com\/obolocultural\" \/>\n<meta name=\"twitter:site\" content=\"@obolocultural\" \/>\n<meta name=\"twitter:label1\" content=\"Escrito por\" \/>\n\t<meta name=\"twitter:data1\" content=\"Jonathan La Paz\" \/>\n\t<meta name=\"twitter:label2\" content=\"Tiempo de lectura\" \/>\n\t<meta name=\"twitter:data2\" content=\"3 minutos\" \/>\n<!-- \/ Yoast SEO plugin. -->","yoast_head_json":{"title":"Desfile de llamadas 2024 - Cooltivarte Portal","description":"La comparsa C1080 es la ganadora del Desfile de Llamadas de este a\u00f1o.\u00a0Entre el viernes 9 y el domingo 11 de febrero, 45 comparsas concursaron y recorrieron la calle Isla de Flores, desde Zelmar Michelini hasta Minas, al celebrarse una de las fiestas populares m\u00e1s grandes del pa\u00eds: el Desfile de Llamadas, que este a\u00f1o lleva el nombre en homenaje al centenario de L\u00e1grima R\u00edos.","robots":{"index":"index","follow":"follow","max-snippet":"max-snippet:-1","max-image-preview":"max-image-preview:large","max-video-preview":"max-video-preview:-1"},"canonical":"https:\/\/cooltivarte.com\/portal\/desfile-de-llamadas-2024\/","og_locale":"es_ES","og_type":"article","og_title":"Desfile de llamadas 2024 por la calle Isla de Flores - Fotografia Jonathan La Paz","og_description":"La comparsa C1080 es la ganadora del Desfile de Llamadas de este a\u00f1o.\u00a0Entre el viernes 9 y el domingo 11 de febrero, 45 comparsas concursaron y recorrieron la calle Isla de Flores, desde Zelmar Michelini hasta Minas, al celebrarse una de las fiestas populares m\u00e1s grandes del pa\u00eds: el Desfile de Llamadas, que este a\u00f1o lleva el nombre en homenaje al centenario de L\u00e1grima R\u00edos.","og_url":"https:\/\/cooltivarte.com\/portal\/desfile-de-llamadas-2024\/","og_site_name":"Cooltivarte Portal","article_publisher":"https:\/\/www.facebook.com\/cooltivartecom\/","article_author":"https:\/\/www.facebook.com\/thisisjon9","article_published_time":"2024-02-12T18:02:07+00:00","article_modified_time":"2024-02-12T18:09:26+00:00","og_image":[{"width":2048,"height":1367,"url":"https:\/\/cooltivarte.com\/portal\/wp-content\/uploads\/2024\/02\/Desfile-de-llamadas-2024-por-la-calle-Isla-de-Flores-Fotografia-Jonathan-La-Paz.jpg","type":"image\/jpeg"}],"author":"Jonathan La Paz","twitter_card":"summary_large_image","twitter_title":"Desfile de llamadas 2024 por la calle Isla de Flores - Fotografia Jonathan La Paz","twitter_description":"La comparsa C1080 es la ganadora del Desfile de Llamadas de este a\u00f1o.\u00a0Entre el viernes 9 y el domingo 11 de febrero, 45 comparsas concursaron y recorrieron la calle Isla de Flores, desde Zelmar Michelini hasta Minas, al celebrarse una de las fiestas populares m\u00e1s grandes del pa\u00eds: el Desfile de Llamadas, que este a\u00f1o lleva el nombre en homenaje al centenario de L\u00e1grima R\u00edos.","twitter_image":"https:\/\/cooltivarte.com\/portal\/wp-content\/uploads\/2024\/02\/Desfile-de-llamadas-2024-por-la-calle-Isla-de-Flores-Fotografia-Jonathan-La-Paz.jpg","twitter_creator":"@https:\/\/x.com\/obolocultural","twitter_site":"@obolocultural","twitter_misc":{"Escrito por":"Jonathan La Paz","Tiempo de lectura":"3 minutos"},"schema":{"@context":"https:\/\/schema.org","@graph":[{"@type":"NewsArticle","@id":"https:\/\/cooltivarte.com\/portal\/desfile-de-llamadas-2024\/#article","isPartOf":{"@id":"https:\/\/cooltivarte.com\/portal\/desfile-de-llamadas-2024\/"},"author":{"name":"Jonathan La Paz","@id":"https:\/\/cooltivarte.com\/portal\/#\/schema\/person\/36d1c9291c39e18c78dc1a0fcbbf5b45"},"headline":"Desfile de llamadas 2024","datePublished":"2024-02-12T18:02:07+00:00","dateModified":"2024-02-12T18:09:26+00:00","mainEntityOfPage":{"@id":"https:\/\/cooltivarte.com\/portal\/desfile-de-llamadas-2024\/"},"wordCount":596,"publisher":{"@id":"https:\/\/cooltivarte.com\/portal\/#organization"},"image":{"@id":"https:\/\/cooltivarte.com\/portal\/desfile-de-llamadas-2024\/#primaryimage"},"thumbnailUrl":"https:\/\/cooltivarte.com\/portal\/wp-content\/uploads\/2024\/02\/Desfile-de-llamadas-2024-por-la-calle-Isla-de-Flores-Fotografia-Jonathan-La-Paz.jpg","keywords":["comparsa C1080","Desfile de llamadas 2024","Fallos","isla de flores"],"articleSection":["Coberturas"],"inLanguage":"es-AR"},{"@type":"WebPage","@id":"https:\/\/cooltivarte.com\/portal\/desfile-de-llamadas-2024\/","url":"https:\/\/cooltivarte.com\/portal\/desfile-de-llamadas-2024\/","name":"Desfile de llamadas 2024 - Cooltivarte Portal","isPartOf":{"@id":"https:\/\/cooltivarte.com\/portal\/#website"},"primaryImageOfPage":{"@id":"https:\/\/cooltivarte.com\/portal\/desfile-de-llamadas-2024\/#primaryimage"},"image":{"@id":"https:\/\/cooltivarte.com\/portal\/desfile-de-llamadas-2024\/#primaryimage"},"thumbnailUrl":"https:\/\/cooltivarte.com\/portal\/wp-content\/uploads\/2024\/02\/Desfile-de-llamadas-2024-por-la-calle-Isla-de-Flores-Fotografia-Jonathan-La-Paz.jpg","datePublished":"2024-02-12T18:02:07+00:00","dateModified":"2024-02-12T18:09:26+00:00","description":"La comparsa C1080 es la ganadora del Desfile de Llamadas de este a\u00f1o.\u00a0Entre el viernes 9 y el domingo 11 de febrero, 45 comparsas concursaron y recorrieron la calle Isla de Flores, desde Zelmar Michelini hasta Minas, al celebrarse una de las fiestas populares m\u00e1s grandes del pa\u00eds: el Desfile de Llamadas, que este a\u00f1o lleva el nombre en homenaje al centenario de L\u00e1grima R\u00edos.","breadcrumb":{"@id":"https:\/\/cooltivarte.com\/portal\/desfile-de-llamadas-2024\/#breadcrumb"},"inLanguage":"es-AR","potentialAction":[{"@type":"ReadAction","target":["https:\/\/cooltivarte.com\/portal\/desfile-de-llamadas-2024\/"]}]},{"@type":"ImageObject","inLanguage":"es-AR","@id":"https:\/\/cooltivarte.com\/portal\/desfile-de-llamadas-2024\/#primaryimage","url":"https:\/\/cooltivarte.com\/portal\/wp-content\/uploads\/2024\/02\/Desfile-de-llamadas-2024-por-la-calle-Isla-de-Flores-Fotografia-Jonathan-La-Paz.jpg","contentUrl":"https:\/\/cooltivarte.com\/portal\/wp-content\/uploads\/2024\/02\/Desfile-de-llamadas-2024-por-la-calle-Isla-de-Flores-Fotografia-Jonathan-La-Paz.jpg","width":2048,"height":1367,"caption":"Desfile de llamadas 2024 por la calle Isla de Flores - Fotografia Jonathan La Paz"},{"@type":"BreadcrumbList","@id":"https:\/\/cooltivarte.com\/portal\/desfile-de-llamadas-2024\/#breadcrumb","itemListElement":[{"@type":"ListItem","position":1,"name":"Portada","item":"https:\/\/cooltivarte.com\/portal\/"},{"@type":"ListItem","position":2,"name":"Desfile de llamadas 2024"}]},{"@type":"WebSite","@id":"https:\/\/cooltivarte.com\/portal\/#website","url":"https:\/\/cooltivarte.com\/portal\/","name":"Cooltivarte Portal","description":"Arte, cultura y turismo para el mundo ...","publisher":{"@id":"https:\/\/cooltivarte.com\/portal\/#organization"},"potentialAction":[{"@type":"SearchAction","target":{"@type":"EntryPoint","urlTemplate":"https:\/\/cooltivarte.com\/portal\/?s={search_term_string}"},"query-input":{"@type":"PropertyValueSpecification","valueRequired":true,"valueName":"search_term_string"}}],"inLanguage":"es-AR"},{"@type":"Organization","@id":"https:\/\/cooltivarte.com\/portal\/#organization","name":"cooltivarte","url":"https:\/\/cooltivarte.com\/portal\/","logo":{"@type":"ImageObject","inLanguage":"es-AR","@id":"https:\/\/cooltivarte.com\/portal\/#\/schema\/logo\/image\/","url":"https:\/\/cooltivarte.com\/portal\/wp-content\/uploads\/2020\/04\/logo-cooltivarte-v2.png","contentUrl":"https:\/\/cooltivarte.com\/portal\/wp-content\/uploads\/2020\/04\/logo-cooltivarte-v2.png","width":851,"height":243,"caption":"cooltivarte"},"image":{"@id":"https:\/\/cooltivarte.com\/portal\/#\/schema\/logo\/image\/"},"sameAs":["https:\/\/www.facebook.com\/cooltivartecom\/","https:\/\/x.com\/obolocultural","https:\/\/www.instagram.com\/_cooltivarte_\/","https:\/\/www.linkedin.com\/company\/-bolocultural?reportsuccess=8zaNG1HwhPbAR9iQhZ5rfGeqz_vQFftHun0ZWU0Wy9vNemRJ8vtcKdJvzQfW8XagyOJSKg0XvfJ1dp","https:\/\/www.pinterest.com\/cooltivarte\/","https:\/\/cooltivarte.tumblr.com\/","https:\/\/www.tiktok.com\/@cooltivarte","https:\/\/www.youtube.com\/@PrensaCooltivarte"]},{"@type":"Person","@id":"https:\/\/cooltivarte.com\/portal\/#\/schema\/person\/36d1c9291c39e18c78dc1a0fcbbf5b45","name":"Jonathan La Paz","image":{"@type":"ImageObject","inLanguage":"es-AR","@id":"https:\/\/cooltivarte.com\/portal\/wp-content\/uploads\/2019\/11\/Jonathan-Gates-120x120.jpg","url":"https:\/\/cooltivarte.com\/portal\/wp-content\/uploads\/2019\/11\/Jonathan-Gates-120x120.jpg","contentUrl":"https:\/\/cooltivarte.com\/portal\/wp-content\/uploads\/2019\/11\/Jonathan-Gates-120x120.jpg","caption":"Jonathan La Paz"},"description":"Inspirado por grandes nombres de la fotograf\u00eda en conciertos como Adam Elmakias y Thomas Falcone. Este joven se mueve adentro del ambiente indie tratando de capturar momentos en peque\u00f1os y grandes escenarios, con dedicaci\u00f3n y pasi\u00f3n empieza su camino en el mundo de la fotograf\u00eda digital a mediados del 2019 y ya cuenta con mas de 25 coberturas realizadas entre fotos y audiovisuales. La pasi\u00f3n por la m\u00fasica nacional y la herencia creativa de sus padres le brindan una gran motivaci\u00f3n y inspiraci\u00f3n en el momento de realizar sus trabajos.","sameAs":["https:\/\/www.facebook.com\/thisisjon9","https:\/\/www.instagram.com\/jonathan.lapz\/","https:\/\/www.linkedin.com\/company\/-bolocultural","https:\/\/www.pinterest.com\/cooltivarte","https:\/\/x.com\/https:\/\/x.com\/obolocultural","https:\/\/www.youtube.com\/@PrensaCooltivarte","https:\/\/www.tumblr.com\/blog\/cooltivarte"],"url":"https:\/\/cooltivarte.com\/portal\/author\/jonathan-gates\/"}]}},"_links":{"self":[{"href":"https:\/\/cooltivarte.com\/portal\/wp-json\/wp\/v2\/posts\/99051","targetHints":{"allow":["GET"]}}],"collection":[{"href":"https:\/\/cooltivarte.com\/portal\/wp-json\/wp\/v2\/posts"}],"about":[{"href":"https:\/\/cooltivarte.com\/portal\/wp-json\/wp\/v2\/types\/post"}],"author":[{"embeddable":true,"href":"https:\/\/cooltivarte.com\/portal\/wp-json\/wp\/v2\/users\/158"}],"replies":[{"embeddable":true,"href":"https:\/\/cooltivarte.com\/portal\/wp-json\/wp\/v2\/comments?post=99051"}],"version-history":[{"count":4,"href":"https:\/\/cooltivarte.com\/portal\/wp-json\/wp\/v2\/posts\/99051\/revisions"}],"predecessor-version":[{"id":99056,"href":"https:\/\/cooltivarte.com\/portal\/wp-json\/wp\/v2\/posts\/99051\/revisions\/99056"}],"wp:featuredmedia":[{"embeddable":true,"href":"https:\/\/cooltivarte.com\/portal\/wp-json\/wp\/v2\/media\/99052"}],"wp:attachment":[{"href":"https:\/\/cooltivarte.com\/portal\/wp-json\/wp\/v2\/media?parent=99051"}],"wp:term":[{"taxonomy":"category","embeddable":true,"href":"https:\/\/cooltivarte.com\/portal\/wp-json\/wp\/v2\/categories?post=99051"},{"taxonomy":"post_tag","embeddable":true,"href":"https:\/\/cooltivarte.com\/portal\/wp-json\/wp\/v2\/tags?post=99051"}],"curies":[{"name":"wp","href":"https:\/\/api.w.org\/{rel}","templated":true}]}}