{"id":98942,"date":"2024-02-10T12:15:16","date_gmt":"2024-02-10T15:15:16","guid":{"rendered":"https:\/\/cooltivarte.com\/portal\/?p=98942"},"modified":"2024-02-10T12:19:35","modified_gmt":"2024-02-10T15:19:35","slug":"jurados-y-figuras-invitadas-al-26-ficpunta","status":"publish","type":"post","link":"https:\/\/cooltivarte.com\/portal\/jurados-y-figuras-invitadas-al-26-ficpunta\/","title":{"rendered":"Jurados y Figuras Invitadas al 26\u00b0 FICPunta"},"content":{"rendered":"<p><img fetchpriority=\"high\" decoding=\"async\" class=\"aligncenter wp-image-98946 size-large\" title=\"Festival Internacional de Cine de Punta del Este\" src=\"https:\/\/cooltivarte.com\/portal\/wp-content\/uploads\/2024\/02\/Jurados-y-Figuras-Invitadas-al-26-FICPunta-1024x576.jpg\" alt=\"Festival Internacional de Cine de Punta del Este\" width=\"1024\" height=\"576\" srcset=\"https:\/\/cooltivarte.com\/portal\/wp-content\/uploads\/2024\/02\/Jurados-y-Figuras-Invitadas-al-26-FICPunta-1024x576.jpg 1024w, https:\/\/cooltivarte.com\/portal\/wp-content\/uploads\/2024\/02\/Jurados-y-Figuras-Invitadas-al-26-FICPunta-300x169.jpg 300w, https:\/\/cooltivarte.com\/portal\/wp-content\/uploads\/2024\/02\/Jurados-y-Figuras-Invitadas-al-26-FICPunta-768x432.jpg 768w, https:\/\/cooltivarte.com\/portal\/wp-content\/uploads\/2024\/02\/Jurados-y-Figuras-Invitadas-al-26-FICPunta-1536x864.jpg 1536w, https:\/\/cooltivarte.com\/portal\/wp-content\/uploads\/2024\/02\/Jurados-y-Figuras-Invitadas-al-26-FICPunta-2048x1152.jpg 2048w\" sizes=\"(max-width: 1024px) 100vw, 1024px\" \/><\/p>\n<p>&nbsp;<\/p>\n<h3 style=\"font-weight: 400;\"><strong>DAMI\u00c1N ALC\u00c1ZAR, BLANCA LEWIN Y SERGI L\u00d3PEZ<\/strong><\/h3>\n<h3 style=\"font-weight: 400;\"><strong>en el 26\u00b0 Festival Internacional de Cine de Punta del Este<\/strong><\/h3>\n<p style=\"font-weight: 400;\">&nbsp;<\/p>\n<p style=\"font-weight: 400;\">Esta nueva edici\u00f3n del&nbsp;<a href=\"https:\/\/cooltivarte.com\/portal\/?s=FICPunta\" target=\"_blank\" rel=\"noopener\"><strong>FICPunta<\/strong><\/a>&nbsp;volver\u00e1 a invitar a importantes y premiadas figuras del Cine Iberoamericano. Ya est\u00e1 confirmada la presencia de la actriz chilena&nbsp;<strong>Blanca Lewin<\/strong>&nbsp;y el comediante catal\u00e1n&nbsp;<strong>Sergi L\u00f3pez<\/strong>, que integrar\u00e1n el Jurado de la Competencia Iberoamericana de Ficci\u00f3n. Tambi\u00e9n estar\u00e1 el gran actor mexicano&nbsp;<strong>Dami\u00e1n Alc\u00e1zar<\/strong>&nbsp;que presentar\u00e1 el film \u201cEl caso Monroy\u201d en una exhibici\u00f3n especial al aire libre del Teatro de Verano Margarita Xirgu.<\/p>\n<p style=\"font-weight: 400;\"><a href=\"https:\/\/cooltivarte.com\/portal\/?s=Dami%C3%A1n+Alc%C3%A1zar\" target=\"_blank\" rel=\"noopener\"><strong>Dami\u00e1n Alc\u00e1zar<\/strong><\/a>&nbsp;(Nacido el 8 de enero de 1953 en Jiquilpan, Michoac\u00e1n, M\u00e9xico), es una de las figuras m\u00e1s prol\u00edficas y galardonadas del cine contempor\u00e1neo iberoamericano de origen azteca. Ha participado en 80 largometrajes de cine (sin contar cortos, series de TV y telefilms), donde destacan t\u00edtulos como Mujer del puerto de Arturo Ripstein, Hombres armados de John Sayles, Bajo California: El l\u00edmite del tiempo de Carlos Bolado, El Cr\u00edmen del Padre Amaro de Carlos Carrera, Cr\u00f3nicas de Sebasti\u00e1n Cordero, Las Vueltas del Citrillo de Felipe Cazals, Las cr\u00f3nicas de Narnia: El pr\u00edncipe Caspian de Andrew Adamson, Magallanes de Salvador del Solar, La Sargento Matacho de William Gonz\u00e1lez, Miss Bala de Catherine Hardwicke, Mangor\u00e9 de Luis R. Vera, El Rey de todo el mundo de Carlos Saura. Adem\u00e1s de la incesante labor en los films de Luis Estrada como Bandidos, La Ley de Herodes, Un mundo maravilloso, El Infierno, La Dictadura Perfecta y \u00a1Que viva M\u00e9xico!<\/p>\n<p style=\"font-weight: 400;\">Ha sido supergalardonado con los Premios Ariel (de la Academia de Artes y Ciencias Cinematogr\u00e1ficas de M\u00e9xico) mereciendo 5 como mejor actor y 3 como mejor actor de reparto. Tambi\u00e9n recibi\u00f3 los Premios Macondo y ACE, y fue premiado como mejor protagonista en los festivales de Amiens, Cartagena, Cear\u00e1, Guadalajara (2 veces), La Habana, L\u00e9rida, Miami, San Sebasti\u00e1n, Valladolid, Lima (2 ocasiones), Todos Santos y Hermosillo.<\/p>\n<p style=\"font-weight: 400;\">Su presencia en esta edici\u00f3n ser\u00e1 especialmente para acompa\u00f1ar el film El caso Monroy (2023), coproducci\u00f3n peruana-argentina dirigida por Josu\u00e9 M\u00e9ndez. La misma se exhibir\u00e1 en el entorno natural del Teatro de Verano Margarita Xirg\u00fa en San Rafael. Estas Exhibiciones Especiales -siempre con la entrada libre y gratuita- se completar\u00e1n con los films Historias para no contar (Espa\u00f1a, 2022) de Cesc Gay e Itzia, Tango &amp; Cacao (Colombia\/Uruguay, 2023) de Flora Mart\u00ednez.<\/p>\n<p style=\"font-weight: 400;\">&nbsp;<\/p>\n<p style=\"font-weight: 400;\">La actriz santiaguina&nbsp;<a href=\"https:\/\/cooltivarte.com\/portal\/?s=Blanca+Lewin\" target=\"_blank\" rel=\"noopener\"><strong>Blanca Lewin<\/strong><\/a>&nbsp;ha trabajado en radio, teatro, cine y televisi\u00f3n. Destacando sus films con Mat\u00edas Biz\u00e9 como \u201cS\u00e1bado, una pel\u00edcula en tiempo real\u201d, \u201cEn la cama\u201d y \u201cMensajes privados\u201d; adem\u00e1s de \u201cEl cr\u00edtico\u201d de Hern\u00e1n Guerschuny, \u201cCirqo\u201d de Orlando L\u00fcbbert, y entre otras, \u201cVida de Familia\u201d de Cristi\u00e1n Jim\u00e9nez y Alicia Scherson.<\/p>\n<p style=\"font-weight: 400;\">El actor catal\u00e1n&nbsp;<a href=\"https:\/\/cooltivarte.com\/portal\/?s=Sergi+L%C3%B3pez\" target=\"_blank\" rel=\"noopener\"><strong>Sergi L\u00f3pez<\/strong><\/a>, cuenta con una vasta carrera en la pantalla grande con m\u00e1s de 90 largometrajes. T\u00edtulos como \u201cWestern\u201d de Manuel Poirier, \u201cUna relaci\u00f3n particular\u201d de Fr\u00e9d\u00e9ric Fonteyne, \u201cHarry, un amigo que te quiere bien\u201d de Dominik Moll, \u201cNegocios entra\u00f1ables\u201d de Stephen Frears, \u201cEl laberinto del fauno\u201d de Guillermo del Toro, \u201cL\u00e1zzaro feliz\u201d de Alice Rohrwacher y \u201cEl viento que arrasa\u201d de Paula Hern\u00e1ndez.<\/p>\n<p style=\"font-weight: 400;\">&nbsp;<\/p>\n<p style=\"font-weight: 400;\">Nuevamente ser\u00e1n tres las listas de Jurados: para la Competencia Iberoamericana de Ficci\u00f3n, la Competencia Iberoamericana Documental y como todos los a\u00f1os representantes de la Cr\u00edtica de Uruguay.<\/p>\n<p style=\"font-weight: 400;\">La Competencia Iberoamericana de Ficci\u00f3n entregar\u00e1 los Premios Mauricio Litman en cuatro rubros: Mejor Pel\u00edcula, Mejor Director, Mejor Actriz y Mejor Actor. A su vez, sobre la base del voto de los espectadores se establecer\u00e1 el Premio del P\u00fablico. Las estatuillas correspondientes fueron dise\u00f1adas por el reconocido artista pl\u00e1stico uruguayo Octavio Podest\u00e1.<\/p>\n<p style=\"font-weight: 400;\">En tanto los largometrajes en Competencia Iberoamericana Documental pugnar\u00e1n por el Premio Lobo Marino, una talla en madera realizada por el artista local Milton Sosa.<\/p>\n<p style=\"font-weight: 400;\">&nbsp;<\/p>\n<p style=\"font-weight: 400;\">Junto con Blanca Lewin y Sergi L\u00f3pez integrar\u00e1n el&nbsp;<strong>Jurado de la Competencia Iberoamericana Ficci\u00f3n<\/strong>: &nbsp;<\/p>\n<p style=\"font-weight: 400;\"><a href=\"https:\/\/cooltivarte.com\/portal\/?s=Diego+Fern%C3%A1ndez\" target=\"_blank\" rel=\"noopener\"><strong>Diego Fern\u00e1ndez<\/strong><\/a>&nbsp;(Uruguay)<\/p>\n<p style=\"font-weight: 400;\">Docente de Lenguaje Audiovisual y Storytelling Multimedia en la Universidad ORT. Coordina el Taller de Producci\u00f3n Audiovisual con Inteligencia Artificial. Fund\u00f3 la productora Parking films. Ha dirigido cortos, clips, series para TV y 3 largometrajes.<\/p>\n<p style=\"font-weight: 400;\"><a href=\"https:\/\/cooltivarte.com\/portal\/?s=Sof%C3%ADa+Ferrero+C%C3%A1rrega\" target=\"_blank\" rel=\"noopener\"><strong>Sof\u00eda Ferrero C\u00e1rrega<\/strong><\/a>&nbsp;(Argentina)<\/p>\n<p style=\"font-weight: 400;\">Cr\u00edtica de cine, programadora, Docente. Directora art\u00edstica de Al Este Festival Internacional de Cine de Per\u00fa, y Programadora del FIDBA (Festival Internacional de Cine Documental de Buenos Aires) y co-fundadora de la plataforma Solax.tv.<\/p>\n<p style=\"font-weight: 400;\"><strong><a href=\"https:\/\/cooltivarte.com\/portal\/?s=Claudio+Pereira\" target=\"_blank\" rel=\"noopener\">Claudio Pereira<\/a>&nbsp;<\/strong>(Chile)<\/p>\n<p style=\"font-weight: 400;\">Arquitecto Universidad de Valpara\u00edso y Profesor en Escuela de Cine de la Universidad de Valpara\u00edso. Fundador de Insomnia Alternativa de Cine. Director Art\u00edstico de FICVI\u00d1A &#8211; Festival Internacional de Cine de Vi\u00f1a del Mar.<\/p>\n<p style=\"font-weight: 400;\">&nbsp;<\/p>\n<p style=\"font-weight: 400;\"><strong>Jurado Competencia Iberoamericana Documental<\/strong><\/p>\n<p style=\"font-weight: 400;\"><a href=\"https:\/\/cooltivarte.com\/portal\/?s=Abril+%C3%81lzaga\" target=\"_blank\" rel=\"noopener\"><strong>Abril \u00c1lzaga<\/strong><\/a>&nbsp;(M\u00e9xico)<\/p>\n<p style=\"font-weight: 400;\">Licenciada en Ciencias de la Comunicaci\u00f3n por la UNAM (Universidad Nacional Aut\u00f3noma de M\u00e9xico), Televisi\u00f3n y cine Universidad Northridge del Estado de California y Directora Ejecutiva del FICUNAM, Festival Internacional de Cine de la UNAM.<\/p>\n<p style=\"font-weight: 400;\"><a href=\"https:\/\/cooltivarte.com\/portal\/?s=Jos%C3%A9+Romero+Carrillo\" target=\"_blank\" rel=\"noopener\"><strong>Jos\u00e9 Romero Carrillo<\/strong><\/a>&nbsp;(Per\u00fa)<\/p>\n<p style=\"font-weight: 400;\">Cr\u00edtico y periodista cinematogr\u00e1fico. Director art\u00edstico de Finaliza, la secci\u00f3n WIP (Work In Progress) del Bolivia Lab. Miembro fundador y expresidente de APRECI (Asociaci\u00f3n Peruana de Prensa Cinematogr\u00e1fica). Dirige el sitio especializado La Vida \u00datil.<\/p>\n<p style=\"font-weight: 400;\"><a href=\"https:\/\/cooltivarte.com\/portal\/?s=Juan+Zapata\" target=\"_blank\" rel=\"noopener\"><strong>Juan Zapata<\/strong><\/a>&nbsp;(Colombia)<\/p>\n<p style=\"font-weight: 400;\">Director, productor y periodista. Fue el Director del Instituto Estatal de Cine en Rio Grande del Sul. Fund\u00f3 la empresa productora Zapata Films. Estudi\u00f3 en la Escuela Internacional de Cine y TV de San Antonio de los Ba\u00f1os (EICTV) en Cuba.<\/p>\n<p style=\"font-weight: 400;\">&nbsp;<\/p>\n<p style=\"font-weight: 400;\"><strong>Jurado Asociaci\u00f3n de Cr\u00edticos de Cine del Uruguay (ACCU)<\/strong><\/p>\n<p style=\"font-weight: 400;\"><a href=\"https:\/\/cooltivarte.com\/portal\/?s=Myriam+Caprile\" target=\"_blank\" rel=\"noopener\"><strong>Myriam Caprile<\/strong><\/a><\/p>\n<p style=\"font-weight: 400;\">Secretaria de la Assitej Uruguay (Asociaci\u00f3n Internacional de Teatro para la Infancia y la Juventud). Vicepresidenta de la Asociaci\u00f3n de Cr\u00edticos Teatrales del Uruguay. Directora y editora de la Revista Platea Vip. Editora de noticias del portal UNoticias.<\/p>\n<p style=\"font-weight: 400;\"><a href=\"https:\/\/cooltivarte.com\/portal\/?s=Diego+Faraone\" target=\"_blank\" rel=\"noopener\"><strong>Diego Faraone<\/strong><\/a><\/p>\n<p style=\"font-weight: 400;\">Estudi\u00f3 en LICCOM (Licenciatura en Ciencias de la Comunicaci\u00f3n). Actual Presidente de la ACCU. Redactor del Semanario Brecha. Dirige el blog DenmeN Celuloide. Autor del libro &#8220;Oficio de alto riesgo&#8221; sobre el actor C\u00e9sar Troncoso.<\/p>\n<p style=\"font-weight: 400;\"><a href=\"https:\/\/cooltivarte.com\/portal\/?s=Andr%C3%A9s+Vartabedian\" target=\"_blank\" rel=\"noopener\"><strong>Andr\u00e9s Vartabedian<\/strong><\/a><\/p>\n<p style=\"font-weight: 400;\">Cr\u00edtico cinematogr\u00e1fico y docente. Redactor de la revista digital Vadenuevo. Curs\u00f3 Historia del cine y el audiovisual uruguayo (1915-2018), y la Licenciatura en Ciencias Hist\u00f3ricas de la Facultad de Humanidades y Ciencias de la Educaci\u00f3n de la UdelaR.<\/p>\n<p style=\"font-weight: 400;\">&nbsp;<\/p>\n<p style=\"font-weight: 400;\">El <strong>26\u00b0 <a href=\"https:\/\/cooltivarte.com\/portal\/?s=Festival+Internacional+de+Cine+de+Punta+del+Este\" target=\"_blank\" rel=\"noopener\">Festival Internacional de Cine de Punta del Este<\/a><\/strong> se realizar\u00e1 entre el 23 y 29 de febrero 2024, con la organizaci\u00f3n de la Intendencia de Maldonado (IDM).&nbsp; Cuenta con el apoyo del Ministerio de Turismo del Uruguay y la Direcci\u00f3n Art\u00edstica a cargo de la Lic. Daniela Cardarello.<\/p>\n<p style=\"font-weight: 400;\">&nbsp;<\/p>\n<p style=\"font-weight: 400;\"><strong><a href=\"https:\/\/cinepunta.uy\/noticias\/damian-alcazar-blanca-lewin-sergi-lopez-26deg-festival-internacional-cine-punta-del-este\" target=\"_blank\" rel=\"noopener\" data-saferedirecturl=\"https:\/\/www.google.com\/url?q=https:\/\/cinepunta.uy\/noticias\/damian-alcazar-blanca-lewin-sergi-lopez-26deg-festival-internacional-cine-punta-del-este&amp;source=gmail&amp;ust=1707663227580000&amp;usg=AOvVaw1SKUaKvWrkSwtdWRVqYuTr\">https:\/\/cinepunta.uy\/noticias\/damian-alcazar-blanca-lewin-sergi-lopez-26deg-festival-internacional-cine-punta-del-este<\/a><\/strong><\/p>\n<p>&nbsp;<\/p>\n<p>&nbsp;<\/p>\n","protected":false},"excerpt":{"rendered":"<p>Esta nueva edici\u00f3n del\u00a0FICPunta\u00a0volver\u00e1 a invitar a importantes y premiadas figuras del Cine Iberoamericano. Ya est\u00e1 confirmada la presencia de la actriz chilena\u00a0Blanca Lewin\u00a0y el comediante catal\u00e1n\u00a0Sergi L\u00f3pez, que integrar\u00e1n el Jurado de la Competencia Iberoamericana de Ficci\u00f3n. Tambi\u00e9n estar\u00e1 el gran actor mexicano\u00a0Dami\u00e1n Alc\u00e1zar\u00a0que presentar\u00e1 el film \u201cEl caso Monroy\u201d en una exhibici\u00f3n especial al aire libre del Teatro de Verano Margarita Xirgu.<\/p>\n","protected":false},"author":8,"featured_media":98946,"comment_status":"closed","ping_status":"closed","sticky":false,"template":"","format":"standard","meta":{"om_disable_all_campaigns":false,"ngg_post_thumbnail":0,"jnews-multi-image_gallery":[],"jnews_single_post":{"subtitle":"Festival Internacional de Cine de Punta del Este - Uruguay. 23 al 29 de febrero de 2024","format":"standard","video":"","gallery":"","source_name":"","source_url":"","via_name":"","via_url":"","override_template":"0","override":[{"template":"4","single_blog_custom":"","parallax":"1","fullscreen":"0","layout":"right-sidebar","sidebar":"default-sidebar","second_sidebar":"default-sidebar","sticky_sidebar":"1","share_position":"bottom","share_float_style":"share-monocrhome","show_share_counter":"1","show_view_counter":"1","show_featured":"1","show_post_meta":"1","show_post_author":"1","show_post_author_image":"1","show_post_date":"1","post_date_format":"default","post_date_format_custom":"Y\/m\/d","show_post_category":"1","show_post_reading_time":"0","post_reading_time_wpm":"300","show_zoom_button":"0","zoom_button_out_step":"2","zoom_button_in_step":"3","show_post_tag":"1","show_prev_next_post":"1","show_popup_post":"1","number_popup_post":"1","show_author_box":"1","show_post_related":"0","show_inline_post_related":"0"}],"override_image_size":"0","image_override":[{"single_post_thumbnail_size":"no-crop","single_post_gallery_size":"crop-500"}],"trending_post":"0","trending_post_position":"meta","trending_post_label":"Trending","sponsored_post":"0","sponsored_post_label":"Sponsored by","sponsored_post_name":"","sponsored_post_url":"","sponsored_post_logo_enable":"0","sponsored_post_logo":"","sponsored_post_desc":"","disable_ad":"0"},"jnews_primary_category":{"id":"","hide":""},"jnews_social_meta":{"fb_title":"","fb_description":"","fb_image":"","twitter_title":"","twitter_description":"","twitter_image":""},"jnews_override_counter":{"override_view_counter":"0","view_counter_number":"0","override_share_counter":"0","share_counter_number":"0","override_like_counter":"0","like_counter_number":"0","override_dislike_counter":"0","dislike_counter_number":"0"},"footnotes":""},"categories":[72],"tags":[21794,21789,21793,21788,4648,10852,21791,21790,21792],"class_list":["post-98942","post","type-post","status-publish","format-standard","has-post-thumbnail","hentry","category-cine","tag-26-festival-internacional-de-cine-de-punta-del-este","tag-blanca-lewin","tag-claudio-pereira","tag-damian-alcazar","tag-diego-fernandez","tag-festival-internacional-de-cine-de-punta-del-este","tag-ficpunta","tag-sergi-lopez","tag-sofia-ferrero-carrega"],"yoast_head":"<!-- This site is optimized with the Yoast SEO plugin v27.5 - https:\/\/yoast.com\/product\/yoast-seo-wordpress\/ -->\n<title>Jurados y Figuras Invitadas al 26\u00b0 FICPunta - Cooltivarte Portal<\/title>\n<meta name=\"description\" content=\"Esta nueva edici\u00f3n del\u00a0FICPunta\u00a0volver\u00e1 a invitar a importantes y premiadas figuras del Cine Iberoamericano. Ya est\u00e1 confirmada la presencia de la actriz chilena\u00a0Blanca Lewin\u00a0y el comediante catal\u00e1n\u00a0Sergi L\u00f3pez, que integrar\u00e1n el Jurado de la Competencia Iberoamericana de Ficci\u00f3n.\" \/>\n<meta name=\"robots\" content=\"index, follow, max-snippet:-1, max-image-preview:large, max-video-preview:-1\" \/>\n<link rel=\"canonical\" href=\"https:\/\/cooltivarte.com\/portal\/jurados-y-figuras-invitadas-al-26-ficpunta\/\" \/>\n<meta property=\"og:locale\" content=\"es_ES\" \/>\n<meta property=\"og:type\" content=\"article\" \/>\n<meta property=\"og:title\" content=\"Todos los Jurados y Figuras Invitadas al 26\u00b0 FICPunta - Festival Internacional de Cine de Punta del Este - Uruguay. 23 al 29 de febrero de 2024\" \/>\n<meta property=\"og:description\" content=\"Esta nueva edici\u00f3n del\u00a0FICPunta\u00a0volver\u00e1 a invitar a importantes y premiadas figuras del Cine Iberoamericano. Ya est\u00e1 confirmada la presencia de la actriz chilena\u00a0Blanca Lewin\u00a0y el comediante catal\u00e1n\u00a0Sergi L\u00f3pez, que integrar\u00e1n el Jurado de la Competencia Iberoamericana de Ficci\u00f3n.\" \/>\n<meta property=\"og:url\" content=\"https:\/\/cooltivarte.com\/portal\/jurados-y-figuras-invitadas-al-26-ficpunta\/\" \/>\n<meta property=\"og:site_name\" content=\"Cooltivarte Portal\" \/>\n<meta property=\"article:publisher\" content=\"https:\/\/www.facebook.com\/cooltivartecom\/\" \/>\n<meta property=\"article:author\" content=\"https:\/\/www.facebook.com\/cooltivartecom\" \/>\n<meta property=\"article:published_time\" content=\"2024-02-10T15:15:16+00:00\" \/>\n<meta property=\"article:modified_time\" content=\"2024-02-10T15:19:35+00:00\" \/>\n<meta property=\"og:image\" content=\"https:\/\/cooltivarte.com\/portal\/wp-content\/uploads\/2024\/02\/Jurados-y-Figuras-Invitadas-al-26-FICPunta-scaled.jpg\" \/>\n\t<meta property=\"og:image:width\" content=\"2560\" \/>\n\t<meta property=\"og:image:height\" content=\"1440\" \/>\n\t<meta property=\"og:image:type\" content=\"image\/jpeg\" \/>\n<meta name=\"author\" content=\"Cooltivarte\" \/>\n<meta name=\"twitter:card\" content=\"summary_large_image\" \/>\n<meta name=\"twitter:title\" content=\"Todos los Jurados y Figuras Invitadas al 26\u00b0 FICPunta - Festival Internacional de Cine de Punta del Este - Uruguay. 23 al 29 de febrero de 2024\" \/>\n<meta name=\"twitter:description\" content=\"Esta nueva edici\u00f3n del\u00a0FICPunta\u00a0volver\u00e1 a invitar a importantes y premiadas figuras del Cine Iberoamericano. Ya est\u00e1 confirmada la presencia de la actriz chilena\u00a0Blanca Lewin\u00a0y el comediante catal\u00e1n\u00a0Sergi L\u00f3pez, que integrar\u00e1n el Jurado de la Competencia Iberoamericana de Ficci\u00f3n.\" \/>\n<meta name=\"twitter:image\" content=\"https:\/\/cooltivarte.com\/portal\/wp-content\/uploads\/2024\/02\/Jurados-y-Figuras-Invitadas-al-26-FICPunta-scaled.jpg\" \/>\n<meta name=\"twitter:creator\" content=\"@https:\/\/x.com\/obolocultural\" \/>\n<meta name=\"twitter:site\" content=\"@obolocultural\" \/>\n<meta name=\"twitter:label1\" content=\"Escrito por\" \/>\n\t<meta name=\"twitter:data1\" content=\"Cooltivarte\" \/>\n\t<meta name=\"twitter:label2\" content=\"Tiempo de lectura\" \/>\n\t<meta name=\"twitter:data2\" content=\"5 minutos\" \/>\n<!-- \/ Yoast SEO plugin. -->","yoast_head_json":{"title":"Jurados y Figuras Invitadas al 26\u00b0 FICPunta - Cooltivarte Portal","description":"Esta nueva edici\u00f3n del\u00a0FICPunta\u00a0volver\u00e1 a invitar a importantes y premiadas figuras del Cine Iberoamericano. Ya est\u00e1 confirmada la presencia de la actriz chilena\u00a0Blanca Lewin\u00a0y el comediante catal\u00e1n\u00a0Sergi L\u00f3pez, que integrar\u00e1n el Jurado de la Competencia Iberoamericana de Ficci\u00f3n.","robots":{"index":"index","follow":"follow","max-snippet":"max-snippet:-1","max-image-preview":"max-image-preview:large","max-video-preview":"max-video-preview:-1"},"canonical":"https:\/\/cooltivarte.com\/portal\/jurados-y-figuras-invitadas-al-26-ficpunta\/","og_locale":"es_ES","og_type":"article","og_title":"Todos los Jurados y Figuras Invitadas al 26\u00b0 FICPunta - Festival Internacional de Cine de Punta del Este - Uruguay. 23 al 29 de febrero de 2024","og_description":"Esta nueva edici\u00f3n del\u00a0FICPunta\u00a0volver\u00e1 a invitar a importantes y premiadas figuras del Cine Iberoamericano. Ya est\u00e1 confirmada la presencia de la actriz chilena\u00a0Blanca Lewin\u00a0y el comediante catal\u00e1n\u00a0Sergi L\u00f3pez, que integrar\u00e1n el Jurado de la Competencia Iberoamericana de Ficci\u00f3n.","og_url":"https:\/\/cooltivarte.com\/portal\/jurados-y-figuras-invitadas-al-26-ficpunta\/","og_site_name":"Cooltivarte Portal","article_publisher":"https:\/\/www.facebook.com\/cooltivartecom\/","article_author":"https:\/\/www.facebook.com\/cooltivartecom","article_published_time":"2024-02-10T15:15:16+00:00","article_modified_time":"2024-02-10T15:19:35+00:00","og_image":[{"width":2560,"height":1440,"url":"https:\/\/cooltivarte.com\/portal\/wp-content\/uploads\/2024\/02\/Jurados-y-Figuras-Invitadas-al-26-FICPunta-scaled.jpg","type":"image\/jpeg"}],"author":"Cooltivarte","twitter_card":"summary_large_image","twitter_title":"Todos los Jurados y Figuras Invitadas al 26\u00b0 FICPunta - Festival Internacional de Cine de Punta del Este - Uruguay. 23 al 29 de febrero de 2024","twitter_description":"Esta nueva edici\u00f3n del\u00a0FICPunta\u00a0volver\u00e1 a invitar a importantes y premiadas figuras del Cine Iberoamericano. Ya est\u00e1 confirmada la presencia de la actriz chilena\u00a0Blanca Lewin\u00a0y el comediante catal\u00e1n\u00a0Sergi L\u00f3pez, que integrar\u00e1n el Jurado de la Competencia Iberoamericana de Ficci\u00f3n.","twitter_image":"https:\/\/cooltivarte.com\/portal\/wp-content\/uploads\/2024\/02\/Jurados-y-Figuras-Invitadas-al-26-FICPunta-scaled.jpg","twitter_creator":"@https:\/\/x.com\/obolocultural","twitter_site":"@obolocultural","twitter_misc":{"Escrito por":"Cooltivarte","Tiempo de lectura":"5 minutos"},"schema":{"@context":"https:\/\/schema.org","@graph":[{"@type":"NewsArticle","@id":"https:\/\/cooltivarte.com\/portal\/jurados-y-figuras-invitadas-al-26-ficpunta\/#article","isPartOf":{"@id":"https:\/\/cooltivarte.com\/portal\/jurados-y-figuras-invitadas-al-26-ficpunta\/"},"author":{"name":"Cooltivarte","@id":"https:\/\/cooltivarte.com\/portal\/#\/schema\/person\/ec2a4f4e71b740d0c559c0ab9a157e19"},"headline":"Jurados y Figuras Invitadas al 26\u00b0 FICPunta","datePublished":"2024-02-10T15:15:16+00:00","dateModified":"2024-02-10T15:19:35+00:00","mainEntityOfPage":{"@id":"https:\/\/cooltivarte.com\/portal\/jurados-y-figuras-invitadas-al-26-ficpunta\/"},"wordCount":1179,"publisher":{"@id":"https:\/\/cooltivarte.com\/portal\/#organization"},"image":{"@id":"https:\/\/cooltivarte.com\/portal\/jurados-y-figuras-invitadas-al-26-ficpunta\/#primaryimage"},"thumbnailUrl":"https:\/\/cooltivarte.com\/portal\/wp-content\/uploads\/2024\/02\/Jurados-y-Figuras-Invitadas-al-26-FICPunta-scaled.jpg","keywords":["26\u00b0 Festival Internacional de Cine de Punta del Este","BLANCA LEWIN","Claudio Pereira","DAMI\u00c1N ALC\u00c1ZAR","Diego Fern\u00e1ndez","Festival Internacional de Cine de Punta del Este","FICPunta","SERGI L\u00d3PEZ","Sof\u00eda Ferrero C\u00e1rrega"],"articleSection":["Cine y TV"],"inLanguage":"es-AR"},{"@type":"WebPage","@id":"https:\/\/cooltivarte.com\/portal\/jurados-y-figuras-invitadas-al-26-ficpunta\/","url":"https:\/\/cooltivarte.com\/portal\/jurados-y-figuras-invitadas-al-26-ficpunta\/","name":"Jurados y Figuras Invitadas al 26\u00b0 FICPunta - Cooltivarte Portal","isPartOf":{"@id":"https:\/\/cooltivarte.com\/portal\/#website"},"primaryImageOfPage":{"@id":"https:\/\/cooltivarte.com\/portal\/jurados-y-figuras-invitadas-al-26-ficpunta\/#primaryimage"},"image":{"@id":"https:\/\/cooltivarte.com\/portal\/jurados-y-figuras-invitadas-al-26-ficpunta\/#primaryimage"},"thumbnailUrl":"https:\/\/cooltivarte.com\/portal\/wp-content\/uploads\/2024\/02\/Jurados-y-Figuras-Invitadas-al-26-FICPunta-scaled.jpg","datePublished":"2024-02-10T15:15:16+00:00","dateModified":"2024-02-10T15:19:35+00:00","description":"Esta nueva edici\u00f3n del\u00a0FICPunta\u00a0volver\u00e1 a invitar a importantes y premiadas figuras del Cine Iberoamericano. Ya est\u00e1 confirmada la presencia de la actriz chilena\u00a0Blanca Lewin\u00a0y el comediante catal\u00e1n\u00a0Sergi L\u00f3pez, que integrar\u00e1n el Jurado de la Competencia Iberoamericana de Ficci\u00f3n.","breadcrumb":{"@id":"https:\/\/cooltivarte.com\/portal\/jurados-y-figuras-invitadas-al-26-ficpunta\/#breadcrumb"},"inLanguage":"es-AR","potentialAction":[{"@type":"ReadAction","target":["https:\/\/cooltivarte.com\/portal\/jurados-y-figuras-invitadas-al-26-ficpunta\/"]}]},{"@type":"ImageObject","inLanguage":"es-AR","@id":"https:\/\/cooltivarte.com\/portal\/jurados-y-figuras-invitadas-al-26-ficpunta\/#primaryimage","url":"https:\/\/cooltivarte.com\/portal\/wp-content\/uploads\/2024\/02\/Jurados-y-Figuras-Invitadas-al-26-FICPunta-scaled.jpg","contentUrl":"https:\/\/cooltivarte.com\/portal\/wp-content\/uploads\/2024\/02\/Jurados-y-Figuras-Invitadas-al-26-FICPunta-scaled.jpg","width":2560,"height":1440,"caption":"Festival Internacional de Cine de Punta del Este"},{"@type":"BreadcrumbList","@id":"https:\/\/cooltivarte.com\/portal\/jurados-y-figuras-invitadas-al-26-ficpunta\/#breadcrumb","itemListElement":[{"@type":"ListItem","position":1,"name":"Portada","item":"https:\/\/cooltivarte.com\/portal\/"},{"@type":"ListItem","position":2,"name":"Jurados y Figuras Invitadas al 26\u00b0 FICPunta"}]},{"@type":"WebSite","@id":"https:\/\/cooltivarte.com\/portal\/#website","url":"https:\/\/cooltivarte.com\/portal\/","name":"Cooltivarte Portal","description":"Arte, cultura y turismo para el mundo ...","publisher":{"@id":"https:\/\/cooltivarte.com\/portal\/#organization"},"potentialAction":[{"@type":"SearchAction","target":{"@type":"EntryPoint","urlTemplate":"https:\/\/cooltivarte.com\/portal\/?s={search_term_string}"},"query-input":{"@type":"PropertyValueSpecification","valueRequired":true,"valueName":"search_term_string"}}],"inLanguage":"es-AR"},{"@type":"Organization","@id":"https:\/\/cooltivarte.com\/portal\/#organization","name":"cooltivarte","url":"https:\/\/cooltivarte.com\/portal\/","logo":{"@type":"ImageObject","inLanguage":"es-AR","@id":"https:\/\/cooltivarte.com\/portal\/#\/schema\/logo\/image\/","url":"https:\/\/cooltivarte.com\/portal\/wp-content\/uploads\/2020\/04\/logo-cooltivarte-v2.png","contentUrl":"https:\/\/cooltivarte.com\/portal\/wp-content\/uploads\/2020\/04\/logo-cooltivarte-v2.png","width":851,"height":243,"caption":"cooltivarte"},"image":{"@id":"https:\/\/cooltivarte.com\/portal\/#\/schema\/logo\/image\/"},"sameAs":["https:\/\/www.facebook.com\/cooltivartecom\/","https:\/\/x.com\/obolocultural","https:\/\/www.instagram.com\/_cooltivarte_\/","https:\/\/www.linkedin.com\/company\/-bolocultural?reportsuccess=8zaNG1HwhPbAR9iQhZ5rfGeqz_vQFftHun0ZWU0Wy9vNemRJ8vtcKdJvzQfW8XagyOJSKg0XvfJ1dp","https:\/\/www.pinterest.com\/cooltivarte\/","https:\/\/cooltivarte.tumblr.com\/","https:\/\/www.tiktok.com\/@cooltivarte","https:\/\/www.youtube.com\/@PrensaCooltivarte"]},{"@type":"Person","@id":"https:\/\/cooltivarte.com\/portal\/#\/schema\/person\/ec2a4f4e71b740d0c559c0ab9a157e19","name":"Cooltivarte","image":{"@type":"ImageObject","inLanguage":"es-AR","@id":"https:\/\/cooltivarte.com\/portal\/wp-content\/uploads\/2014\/05\/logo-cooltivarte-120x120.jpg","url":"https:\/\/cooltivarte.com\/portal\/wp-content\/uploads\/2014\/05\/logo-cooltivarte-120x120.jpg","contentUrl":"https:\/\/cooltivarte.com\/portal\/wp-content\/uploads\/2014\/05\/logo-cooltivarte-120x120.jpg","caption":"Cooltivarte"},"description":"Somos COOLTIVARTE.COM. Un portal digital dedicado a difundir el acontecer art\u00edstico y cultural del Uruguay. Estamos en la vuelta desde el a\u00f1o 2003, y como evoluci\u00f3n del bolet\u00edn Obolo Cultural, nos encontramos abocados a apoyar a los artistas nacionales brind\u00e1ndoles un espacio de difusi\u00f3n. Creemos en la idea de utilizar la potencialidad que hoy d\u00eda nos otorga la web, para que la cultura uruguaya y sus creadores dispongan de una din\u00e1mica ventana, que los ponga en contacto entre s\u00ed y con el mundo. Somos COOLTIVARTE.COM y pretendemos configurarnos como un portal din\u00e1mico, entretenido y atento a los nuevos emprendimientos, que busque siempre la interacci\u00f3n con los artistas.","sameAs":["http:\/\/www.cooltivarte.com","https:\/\/www.facebook.com\/cooltivartecom","https:\/\/www.instagram.com\/_cooltivarte_\/","https:\/\/www.linkedin.com\/company\/-bolocultural","https:\/\/www.pinterest.com\/cooltivarte\/","https:\/\/x.com\/https:\/\/x.com\/obolocultural","https:\/\/www.youtube.com\/@PrensaCooltivarte","https:\/\/www.tumblr.com\/blog\/cooltivarte"],"url":"https:\/\/cooltivarte.com\/portal\/author\/cooltivarte\/"}]}},"_links":{"self":[{"href":"https:\/\/cooltivarte.com\/portal\/wp-json\/wp\/v2\/posts\/98942","targetHints":{"allow":["GET"]}}],"collection":[{"href":"https:\/\/cooltivarte.com\/portal\/wp-json\/wp\/v2\/posts"}],"about":[{"href":"https:\/\/cooltivarte.com\/portal\/wp-json\/wp\/v2\/types\/post"}],"author":[{"embeddable":true,"href":"https:\/\/cooltivarte.com\/portal\/wp-json\/wp\/v2\/users\/8"}],"replies":[{"embeddable":true,"href":"https:\/\/cooltivarte.com\/portal\/wp-json\/wp\/v2\/comments?post=98942"}],"version-history":[{"count":3,"href":"https:\/\/cooltivarte.com\/portal\/wp-json\/wp\/v2\/posts\/98942\/revisions"}],"predecessor-version":[{"id":98948,"href":"https:\/\/cooltivarte.com\/portal\/wp-json\/wp\/v2\/posts\/98942\/revisions\/98948"}],"wp:featuredmedia":[{"embeddable":true,"href":"https:\/\/cooltivarte.com\/portal\/wp-json\/wp\/v2\/media\/98946"}],"wp:attachment":[{"href":"https:\/\/cooltivarte.com\/portal\/wp-json\/wp\/v2\/media?parent=98942"}],"wp:term":[{"taxonomy":"category","embeddable":true,"href":"https:\/\/cooltivarte.com\/portal\/wp-json\/wp\/v2\/categories?post=98942"},{"taxonomy":"post_tag","embeddable":true,"href":"https:\/\/cooltivarte.com\/portal\/wp-json\/wp\/v2\/tags?post=98942"}],"curies":[{"name":"wp","href":"https:\/\/api.w.org\/{rel}","templated":true}]}}