{"id":98770,"date":"2024-02-06T18:22:56","date_gmt":"2024-02-06T21:22:56","guid":{"rendered":"https:\/\/cooltivarte.com\/portal\/?p=98770"},"modified":"2024-02-06T18:26:11","modified_gmt":"2024-02-06T21:26:11","slug":"sebastian-pinera-martes-tragico-para-chile","status":"publish","type":"post","link":"https:\/\/cooltivarte.com\/portal\/sebastian-pinera-martes-tragico-para-chile\/","title":{"rendered":"Sebasti\u00e1n Pi\u00f1era &#8211; Martes tr\u00e1gico para Chile"},"content":{"rendered":"<figure id=\"attachment_98771\" aria-describedby=\"caption-attachment-98771\" style=\"width: 794px\" class=\"wp-caption aligncenter\"><img fetchpriority=\"high\" decoding=\"async\" class=\"wp-image-98771 size-full\" title=\"Pi\u00f1era en La Moneda en 2022\" src=\"https:\/\/cooltivarte.com\/portal\/wp-content\/uploads\/2024\/02\/Sebastian_Pinera_en_La_Moneda_2022_13_cropped.jpg\" alt=\"Pi\u00f1era en La Moneda en 2022\" width=\"794\" height=\"992\" srcset=\"https:\/\/cooltivarte.com\/portal\/wp-content\/uploads\/2024\/02\/Sebastian_Pinera_en_La_Moneda_2022_13_cropped.jpg 794w, https:\/\/cooltivarte.com\/portal\/wp-content\/uploads\/2024\/02\/Sebastian_Pinera_en_La_Moneda_2022_13_cropped-240x300.jpg 240w, https:\/\/cooltivarte.com\/portal\/wp-content\/uploads\/2024\/02\/Sebastian_Pinera_en_La_Moneda_2022_13_cropped-768x960.jpg 768w\" sizes=\"(max-width: 794px) 100vw, 794px\" \/><figcaption id=\"caption-attachment-98771\" class=\"wp-caption-text\">Pi\u00f1era en La Moneda en 2022 &#8211; Funte: <a href=\"https:\/\/es.wikipedia.org\/wiki\/Sebasti%C3%A1n_Pi%C3%B1era\" target=\"_blank\" rel=\"noopener\">wikipedia.org<\/a><\/figcaption><\/figure>\n<p>Martes 6 de febrero de 2024<\/p>\n<p>Martes tr\u00e1gico para Chile. La muerte del expresidente <a href=\"https:\/\/cooltivarte.com\/portal\/?s=Sebasti%C3%A1n+Pi%C3%B1era\" target=\"_blank\" rel=\"noopener\"><strong>Sebasti\u00e1n Pi\u00f1era<\/strong><\/a>, dos veces Presidente de Chile, es el tiro de gracia a la horrible tragedia que ha significado, hasta ahora, la muerte de 123 chilenos provocada por el fuego delincuencial de mentes criminales. Se podr\u00e1 o no estar de acuerdo con su planteamiento pol\u00edtico, con su falta de entereza y decisi\u00f3n para controlar el estallido delincuencial de octubre de 2019, que le signific\u00f3 al pa\u00eds caer en las garras delictivas que hoy abrasan y abrazan al pa\u00eds, as\u00ed como entregarlo en bandeja a quienes ahora gobiernan de modo tan desprolijo, tan mediocre y con tanta arrogancia.<\/p>\n<p>Personalmente me hubiese gustado un Presidente, en esos momentos \u00e1lgidos de nuestro historia, m\u00e1s fuerte, m\u00e1s ejecutivo e inteligente, como de hecho lo era. Tal vez, y esta es la \u00fanica raz\u00f3n que le encuentro a esta debilidad que tanto le ha costado a Chile, quiso evitar un enfrentamiento entre los chilenos y retirarse con las manos limpias de sangre. Pero el Presidente Pi\u00f1era amaba Chile. De eso no tengo la menor duda y era respetuoso de la Rep\u00fablica y sus instituciones. Se le llam\u00f3 de dictador, por muchos de quienes hoy son gobierno. De asesino. Se le insult\u00f3 con los peores ep\u00edtetos, p\u00fablicamente, a trav\u00e9s de los medios.<\/p>\n<p>La izquierda festin\u00f3 con \u00e9l, con su familia, con su gobierno. Y no recuerdo que haya salido de su boca ni una sola palabra ofensiva contra quienes barrieron con \u00e9l sin respetar su investidura presidencial. Ni tampoco alguna acci\u00f3n que significase un atropello al ser humano enemigo. Ni f\u00edsico ni moral. Ning\u00fan revanchismo, a pesar de que la horda de la primera l\u00ednea estuvo a metros de tomarse La Moneda, pues esa era la finalidad del acto subversivo maquinado por la izquierda, y que hubiese significado el fin de su mandato presidencial y, qui\u00e9n sabe, el fin de su vida. Pero los designios de Dios solo Dios los conoce, y su vida tendr\u00eda otro fin.<\/p>\n<p>Tr\u00e1gico, tambi\u00e9n. Como tr\u00e1gico fueron sus dos \u00faltimos a\u00f1os en La Moneda, cuando sus propios aliados en el Congreso Nacional, le volvieron la espalda, lo dejaron solo para adherir a sus nuevas amistades de izquierda que, en ese momento, gozaban de las preferencias de un p\u00fablico embrutecido y de una prensa vendida a ese p\u00fablico embrutecido y sus gestores pol\u00edticos. Una izquierda que lo apabull\u00f3 a \u00e9l y su ministerio con acusaciones constitucionales. A nadie le hubiese sorprendido, por lo mismo, si se pegaba un tiro. Pero <strong>Miguel Juan Sebasti\u00e1n Pi\u00f1era Echenique<\/strong> fue toda su vida un luchador, un ejecutivo, un so\u00f1ador.<\/p>\n<p>Firme en sus principios. Disparatado en sus chaquetas que le quedaban nadando. Incomparable en sus salidas ling\u00fc\u00edsticas que enriquecieron y alegraron la agenda pol\u00edtica y la bit\u00e1cora presidencial, con sus <em>Pi\u00f1ericosas<\/em>. Pero, sobre todo, Sebasti\u00e1n Pi\u00f1era fue un hombre enamorado de Chile, respetuoso de sus tradiciones folcl\u00f3ricas y republicanas y obstinado en sus decisiones cruciales y determinantes, para bien o para mal. Estoy seguro de que los mineros rescatados de la mina San Jos\u00e9 el a\u00f1o 2010, durante su primer mandato, le deben su vida a este esp\u00edritu terco y decidido que fue <strong>Sebasti\u00e1n Pi\u00f1era<\/strong>, que no escatim\u00f3 esfuerzos por rescatarlos con vida.<\/p>\n<p>Y pase\u00f3 con orgullo de chileno por el mundo el hist\u00f3rico mensaje \u201cEstamos bien en el refugio los 33\u201d, sin importarle las mofas que su reiterado gesto provocaba.<\/p>\n<p>Hoy, desde esta columna, humilde, pero respetuosa y sincera, le deseo al Presidente Pi\u00f1era un tranquilo viaje a la eternidad.<\/p>\n<p>&nbsp;<\/p>\n<p>&nbsp;<\/p>\n","protected":false},"excerpt":{"rendered":"<p>Martes tr\u00e1gico para Chile. La muerte del expresidente Sebasti\u00e1n Pi\u00f1era, dos veces Presidente de Chile, es el tiro de gracia a la horrible tragedia que ha significado, hasta ahora, la muerte de 123 chilenos provocada por el fuego delincuencial de mentes criminales. Se podr\u00e1 o no estar de acuerdo con su planteamiento pol\u00edtico, con su falta de entereza y decisi\u00f3n para controlar el estallido delincuencial de octubre de 2019, que le signific\u00f3 al pa\u00eds caer en las garras delictivas que hoy abrasan y abrazan al pa\u00eds, as\u00ed como entregarlo en bandeja a quienes ahora gobiernan de modo tan desprolijo, tan mediocre y con tanta arrogancia.<\/p>\n","protected":false},"author":162,"featured_media":98771,"comment_status":"closed","ping_status":"closed","sticky":false,"template":"","format":"standard","meta":{"om_disable_all_campaigns":false,"ngg_post_thumbnail":0,"jnews-multi-image_gallery":[],"jnews_single_post":{"subtitle":"","format":"standard","video":"","gallery":"","source_name":"","source_url":"","via_name":"","via_url":"","override_template":"0","override":[{"template":"4","single_blog_custom":"","parallax":"1","fullscreen":"0","layout":"right-sidebar","sidebar":"default-sidebar","second_sidebar":"default-sidebar","sticky_sidebar":"1","share_position":"bottom","share_float_style":"share-monocrhome","show_share_counter":"1","show_view_counter":"1","show_featured":"1","show_post_meta":"1","show_post_author":"1","show_post_author_image":"1","show_post_date":"1","post_date_format":"default","post_date_format_custom":"Y\/m\/d","show_post_category":"1","show_post_reading_time":"0","post_reading_time_wpm":"300","show_zoom_button":"0","zoom_button_out_step":"2","zoom_button_in_step":"3","show_post_tag":"1","show_prev_next_post":"1","show_popup_post":"1","number_popup_post":"1","show_author_box":"1","show_post_related":"0","show_inline_post_related":"0"}],"override_image_size":"0","image_override":[{"single_post_thumbnail_size":"no-crop","single_post_gallery_size":"crop-500"}],"trending_post":"0","trending_post_position":"meta","trending_post_label":"Trending","sponsored_post":"0","sponsored_post_label":"Sponsored by","sponsored_post_name":"","sponsored_post_url":"","sponsored_post_logo_enable":"0","sponsored_post_logo":"","sponsored_post_desc":"","disable_ad":"0"},"jnews_primary_category":{"id":"","hide":""},"jnews_social_meta":{"fb_title":"","fb_description":"","fb_image":"","twitter_title":"","twitter_description":"","twitter_image":""},"jnews_override_counter":{"override_view_counter":"0","view_counter_number":"0","override_share_counter":"0","share_counter_number":"0","override_like_counter":"0","like_counter_number":"0","override_dislike_counter":"0","dislike_counter_number":"0"},"footnotes":""},"categories":[1637],"tags":[2789,16417,21723,14111],"class_list":["post-98770","post","type-post","status-publish","format-standard","has-post-thumbnail","hentry","category-apuntes","tag-chile","tag-presidente-de-chile","tag-presidente-pinera","tag-sebastian-pinera"],"yoast_head":"<!-- This site is optimized with the Yoast SEO plugin v27.5 - https:\/\/yoast.com\/product\/yoast-seo-wordpress\/ -->\n<title>Sebasti\u00e1n Pi\u00f1era - Martes tr\u00e1gico para Chile - Cooltivarte Portal<\/title>\n<meta name=\"description\" content=\"Martes tr\u00e1gico para Chile. La muerte del expresidente Sebasti\u00e1n Pi\u00f1era, dos veces Presidente de Chile, es el tiro de gracia a la horrible tragedia que ha significado, hasta ahora, la muerte de 123 chilenos provocada por el fuego delincuencial de mentes criminales.\" \/>\n<meta name=\"robots\" content=\"index, follow, max-snippet:-1, max-image-preview:large, max-video-preview:-1\" \/>\n<link rel=\"canonical\" href=\"https:\/\/cooltivarte.com\/portal\/sebastian-pinera-martes-tragico-para-chile\/\" \/>\n<meta property=\"og:locale\" content=\"es_ES\" \/>\n<meta property=\"og:type\" content=\"article\" \/>\n<meta property=\"og:title\" content=\"Sebasti\u00e1n Pi\u00f1era - Martes tr\u00e1gico para Chile by Alejandro Carre\u00f1o T.\" \/>\n<meta property=\"og:description\" content=\"Martes tr\u00e1gico para Chile. La muerte del expresidente Sebasti\u00e1n Pi\u00f1era, dos veces Presidente de Chile, es el tiro de gracia a la horrible tragedia que ha significado, hasta ahora, la muerte de 123 chilenos provocada por el fuego delincuencial de mentes criminales.\" \/>\n<meta property=\"og:url\" content=\"https:\/\/cooltivarte.com\/portal\/sebastian-pinera-martes-tragico-para-chile\/\" \/>\n<meta property=\"og:site_name\" content=\"Cooltivarte Portal\" \/>\n<meta property=\"article:publisher\" content=\"https:\/\/www.facebook.com\/cooltivartecom\/\" \/>\n<meta property=\"article:author\" content=\"https:\/\/www.facebook.com\/profile.php?id=1043831024\" \/>\n<meta property=\"article:published_time\" content=\"2024-02-06T21:22:56+00:00\" \/>\n<meta property=\"article:modified_time\" content=\"2024-02-06T21:26:11+00:00\" \/>\n<meta property=\"og:image\" content=\"https:\/\/cooltivarte.com\/portal\/wp-content\/uploads\/2024\/02\/Sebastian_Pinera_en_La_Moneda_2022_13_cropped.jpg\" \/>\n\t<meta property=\"og:image:width\" content=\"794\" \/>\n\t<meta property=\"og:image:height\" content=\"992\" \/>\n\t<meta property=\"og:image:type\" content=\"image\/jpeg\" \/>\n<meta name=\"author\" content=\"Alejandro Carre\u00f1o T.\" \/>\n<meta name=\"twitter:card\" content=\"summary_large_image\" \/>\n<meta name=\"twitter:title\" content=\"Sebasti\u00e1n Pi\u00f1era - Martes tr\u00e1gico para Chile by Alejandro Carre\u00f1o T.\" \/>\n<meta name=\"twitter:description\" content=\"Martes tr\u00e1gico para Chile. La muerte del expresidente Sebasti\u00e1n Pi\u00f1era, dos veces Presidente de Chile, es el tiro de gracia a la horrible tragedia que ha significado, hasta ahora, la muerte de 123 chilenos provocada por el fuego delincuencial de mentes criminales.\" \/>\n<meta name=\"twitter:image\" content=\"https:\/\/cooltivarte.com\/portal\/wp-content\/uploads\/2024\/02\/Sebastian_Pinera_en_La_Moneda_2022_13_cropped.jpg\" \/>\n<meta name=\"twitter:creator\" content=\"@https:\/\/twitter.com\/acarrenot\" \/>\n<meta name=\"twitter:site\" content=\"@obolocultural\" \/>\n<meta name=\"twitter:label1\" content=\"Escrito por\" \/>\n\t<meta name=\"twitter:data1\" content=\"Alejandro Carre\u00f1o T.\" \/>\n\t<meta name=\"twitter:label2\" content=\"Tiempo de lectura\" \/>\n\t<meta name=\"twitter:data2\" content=\"3 minutos\" \/>\n<!-- \/ Yoast SEO plugin. -->","yoast_head_json":{"title":"Sebasti\u00e1n Pi\u00f1era - Martes tr\u00e1gico para Chile - Cooltivarte Portal","description":"Martes tr\u00e1gico para Chile. La muerte del expresidente Sebasti\u00e1n Pi\u00f1era, dos veces Presidente de Chile, es el tiro de gracia a la horrible tragedia que ha significado, hasta ahora, la muerte de 123 chilenos provocada por el fuego delincuencial de mentes criminales.","robots":{"index":"index","follow":"follow","max-snippet":"max-snippet:-1","max-image-preview":"max-image-preview:large","max-video-preview":"max-video-preview:-1"},"canonical":"https:\/\/cooltivarte.com\/portal\/sebastian-pinera-martes-tragico-para-chile\/","og_locale":"es_ES","og_type":"article","og_title":"Sebasti\u00e1n Pi\u00f1era - Martes tr\u00e1gico para Chile by Alejandro Carre\u00f1o T.","og_description":"Martes tr\u00e1gico para Chile. La muerte del expresidente Sebasti\u00e1n Pi\u00f1era, dos veces Presidente de Chile, es el tiro de gracia a la horrible tragedia que ha significado, hasta ahora, la muerte de 123 chilenos provocada por el fuego delincuencial de mentes criminales.","og_url":"https:\/\/cooltivarte.com\/portal\/sebastian-pinera-martes-tragico-para-chile\/","og_site_name":"Cooltivarte Portal","article_publisher":"https:\/\/www.facebook.com\/cooltivartecom\/","article_author":"https:\/\/www.facebook.com\/profile.php?id=1043831024","article_published_time":"2024-02-06T21:22:56+00:00","article_modified_time":"2024-02-06T21:26:11+00:00","og_image":[{"width":794,"height":992,"url":"https:\/\/cooltivarte.com\/portal\/wp-content\/uploads\/2024\/02\/Sebastian_Pinera_en_La_Moneda_2022_13_cropped.jpg","type":"image\/jpeg"}],"author":"Alejandro Carre\u00f1o T.","twitter_card":"summary_large_image","twitter_title":"Sebasti\u00e1n Pi\u00f1era - Martes tr\u00e1gico para Chile by Alejandro Carre\u00f1o T.","twitter_description":"Martes tr\u00e1gico para Chile. La muerte del expresidente Sebasti\u00e1n Pi\u00f1era, dos veces Presidente de Chile, es el tiro de gracia a la horrible tragedia que ha significado, hasta ahora, la muerte de 123 chilenos provocada por el fuego delincuencial de mentes criminales.","twitter_image":"https:\/\/cooltivarte.com\/portal\/wp-content\/uploads\/2024\/02\/Sebastian_Pinera_en_La_Moneda_2022_13_cropped.jpg","twitter_creator":"@https:\/\/twitter.com\/acarrenot","twitter_site":"@obolocultural","twitter_misc":{"Escrito por":"Alejandro Carre\u00f1o T.","Tiempo de lectura":"3 minutos"},"schema":{"@context":"https:\/\/schema.org","@graph":[{"@type":"NewsArticle","@id":"https:\/\/cooltivarte.com\/portal\/sebastian-pinera-martes-tragico-para-chile\/#article","isPartOf":{"@id":"https:\/\/cooltivarte.com\/portal\/sebastian-pinera-martes-tragico-para-chile\/"},"author":{"name":"Alejandro Carre\u00f1o T.","@id":"https:\/\/cooltivarte.com\/portal\/#\/schema\/person\/852d98c305909ce7eac4c8e64713ac6c"},"headline":"Sebasti\u00e1n Pi\u00f1era &#8211; Martes tr\u00e1gico para Chile","datePublished":"2024-02-06T21:22:56+00:00","dateModified":"2024-02-06T21:26:11+00:00","mainEntityOfPage":{"@id":"https:\/\/cooltivarte.com\/portal\/sebastian-pinera-martes-tragico-para-chile\/"},"wordCount":655,"publisher":{"@id":"https:\/\/cooltivarte.com\/portal\/#organization"},"image":{"@id":"https:\/\/cooltivarte.com\/portal\/sebastian-pinera-martes-tragico-para-chile\/#primaryimage"},"thumbnailUrl":"https:\/\/cooltivarte.com\/portal\/wp-content\/uploads\/2024\/02\/Sebastian_Pinera_en_La_Moneda_2022_13_cropped.jpg","keywords":["Chile","Presidente de Chile","Presidente Pi\u00f1era","Sebasti\u00e1n Pi\u00f1era"],"articleSection":["Apuntes"],"inLanguage":"es-AR"},{"@type":"WebPage","@id":"https:\/\/cooltivarte.com\/portal\/sebastian-pinera-martes-tragico-para-chile\/","url":"https:\/\/cooltivarte.com\/portal\/sebastian-pinera-martes-tragico-para-chile\/","name":"Sebasti\u00e1n Pi\u00f1era - Martes tr\u00e1gico para Chile - Cooltivarte Portal","isPartOf":{"@id":"https:\/\/cooltivarte.com\/portal\/#website"},"primaryImageOfPage":{"@id":"https:\/\/cooltivarte.com\/portal\/sebastian-pinera-martes-tragico-para-chile\/#primaryimage"},"image":{"@id":"https:\/\/cooltivarte.com\/portal\/sebastian-pinera-martes-tragico-para-chile\/#primaryimage"},"thumbnailUrl":"https:\/\/cooltivarte.com\/portal\/wp-content\/uploads\/2024\/02\/Sebastian_Pinera_en_La_Moneda_2022_13_cropped.jpg","datePublished":"2024-02-06T21:22:56+00:00","dateModified":"2024-02-06T21:26:11+00:00","description":"Martes tr\u00e1gico para Chile. La muerte del expresidente Sebasti\u00e1n Pi\u00f1era, dos veces Presidente de Chile, es el tiro de gracia a la horrible tragedia que ha significado, hasta ahora, la muerte de 123 chilenos provocada por el fuego delincuencial de mentes criminales.","breadcrumb":{"@id":"https:\/\/cooltivarte.com\/portal\/sebastian-pinera-martes-tragico-para-chile\/#breadcrumb"},"inLanguage":"es-AR","potentialAction":[{"@type":"ReadAction","target":["https:\/\/cooltivarte.com\/portal\/sebastian-pinera-martes-tragico-para-chile\/"]}]},{"@type":"ImageObject","inLanguage":"es-AR","@id":"https:\/\/cooltivarte.com\/portal\/sebastian-pinera-martes-tragico-para-chile\/#primaryimage","url":"https:\/\/cooltivarte.com\/portal\/wp-content\/uploads\/2024\/02\/Sebastian_Pinera_en_La_Moneda_2022_13_cropped.jpg","contentUrl":"https:\/\/cooltivarte.com\/portal\/wp-content\/uploads\/2024\/02\/Sebastian_Pinera_en_La_Moneda_2022_13_cropped.jpg","width":794,"height":992,"caption":"Pi\u00f1era en La Moneda en 2022"},{"@type":"BreadcrumbList","@id":"https:\/\/cooltivarte.com\/portal\/sebastian-pinera-martes-tragico-para-chile\/#breadcrumb","itemListElement":[{"@type":"ListItem","position":1,"name":"Portada","item":"https:\/\/cooltivarte.com\/portal\/"},{"@type":"ListItem","position":2,"name":"Sebasti\u00e1n Pi\u00f1era &#8211; Martes tr\u00e1gico para Chile"}]},{"@type":"WebSite","@id":"https:\/\/cooltivarte.com\/portal\/#website","url":"https:\/\/cooltivarte.com\/portal\/","name":"Cooltivarte Portal","description":"Arte, cultura y turismo para el mundo ...","publisher":{"@id":"https:\/\/cooltivarte.com\/portal\/#organization"},"potentialAction":[{"@type":"SearchAction","target":{"@type":"EntryPoint","urlTemplate":"https:\/\/cooltivarte.com\/portal\/?s={search_term_string}"},"query-input":{"@type":"PropertyValueSpecification","valueRequired":true,"valueName":"search_term_string"}}],"inLanguage":"es-AR"},{"@type":"Organization","@id":"https:\/\/cooltivarte.com\/portal\/#organization","name":"cooltivarte","url":"https:\/\/cooltivarte.com\/portal\/","logo":{"@type":"ImageObject","inLanguage":"es-AR","@id":"https:\/\/cooltivarte.com\/portal\/#\/schema\/logo\/image\/","url":"https:\/\/cooltivarte.com\/portal\/wp-content\/uploads\/2020\/04\/logo-cooltivarte-v2.png","contentUrl":"https:\/\/cooltivarte.com\/portal\/wp-content\/uploads\/2020\/04\/logo-cooltivarte-v2.png","width":851,"height":243,"caption":"cooltivarte"},"image":{"@id":"https:\/\/cooltivarte.com\/portal\/#\/schema\/logo\/image\/"},"sameAs":["https:\/\/www.facebook.com\/cooltivartecom\/","https:\/\/x.com\/obolocultural","https:\/\/www.instagram.com\/_cooltivarte_\/","https:\/\/www.linkedin.com\/company\/-bolocultural?reportsuccess=8zaNG1HwhPbAR9iQhZ5rfGeqz_vQFftHun0ZWU0Wy9vNemRJ8vtcKdJvzQfW8XagyOJSKg0XvfJ1dp","https:\/\/www.pinterest.com\/cooltivarte\/","https:\/\/cooltivarte.tumblr.com\/","https:\/\/www.tiktok.com\/@cooltivarte","https:\/\/www.youtube.com\/@PrensaCooltivarte"]},{"@type":"Person","@id":"https:\/\/cooltivarte.com\/portal\/#\/schema\/person\/852d98c305909ce7eac4c8e64713ac6c","name":"Alejandro Carre\u00f1o T.","image":{"@type":"ImageObject","inLanguage":"es-AR","@id":"https:\/\/cooltivarte.com\/portal\/wp-content\/uploads\/2020\/07\/Alejandro-Carre\u00f1o.jpg","url":"https:\/\/cooltivarte.com\/portal\/wp-content\/uploads\/2020\/07\/Alejandro-Carre\u00f1o.jpg","contentUrl":"https:\/\/cooltivarte.com\/portal\/wp-content\/uploads\/2020\/07\/Alejandro-Carre\u00f1o.jpg","caption":"Alejandro Carre\u00f1o T."},"description":"Profesor de Castellano, Mag\u00edster en Comunicaci\u00f3n y Semi\u00f3tica y Doctor en Comunicaci\u00f3n. Acad\u00e9mico en Brasil y en su Chile natal. Columnista y ensayista. Lleva adelante en Youtube su canal \u201cDe Carre\u00f1o a los libros\u201d, donde aborda temas de Literatura, Educaci\u00f3n y Cultura.","sameAs":["https:\/\/www.facebook.com\/profile.php?id=1043831024","https:\/\/www.instagram.com\/_cooltivarte_\/","https:\/\/www.linkedin.com\/company\/-bolocultural","https:\/\/www.pinterest.com\/cooltivarte","https:\/\/x.com\/https:\/\/twitter.com\/acarrenot","https:\/\/www.youtube.com\/@PrensaCooltivarte","https:\/\/www.tumblr.com\/blog\/cooltivarte"],"url":"https:\/\/cooltivarte.com\/portal\/author\/alejandro-careno\/"}]}},"_links":{"self":[{"href":"https:\/\/cooltivarte.com\/portal\/wp-json\/wp\/v2\/posts\/98770","targetHints":{"allow":["GET"]}}],"collection":[{"href":"https:\/\/cooltivarte.com\/portal\/wp-json\/wp\/v2\/posts"}],"about":[{"href":"https:\/\/cooltivarte.com\/portal\/wp-json\/wp\/v2\/types\/post"}],"author":[{"embeddable":true,"href":"https:\/\/cooltivarte.com\/portal\/wp-json\/wp\/v2\/users\/162"}],"replies":[{"embeddable":true,"href":"https:\/\/cooltivarte.com\/portal\/wp-json\/wp\/v2\/comments?post=98770"}],"version-history":[{"count":1,"href":"https:\/\/cooltivarte.com\/portal\/wp-json\/wp\/v2\/posts\/98770\/revisions"}],"predecessor-version":[{"id":98772,"href":"https:\/\/cooltivarte.com\/portal\/wp-json\/wp\/v2\/posts\/98770\/revisions\/98772"}],"wp:featuredmedia":[{"embeddable":true,"href":"https:\/\/cooltivarte.com\/portal\/wp-json\/wp\/v2\/media\/98771"}],"wp:attachment":[{"href":"https:\/\/cooltivarte.com\/portal\/wp-json\/wp\/v2\/media?parent=98770"}],"wp:term":[{"taxonomy":"category","embeddable":true,"href":"https:\/\/cooltivarte.com\/portal\/wp-json\/wp\/v2\/categories?post=98770"},{"taxonomy":"post_tag","embeddable":true,"href":"https:\/\/cooltivarte.com\/portal\/wp-json\/wp\/v2\/tags?post=98770"}],"curies":[{"name":"wp","href":"https:\/\/api.w.org\/{rel}","templated":true}]}}