{"id":98418,"date":"2024-01-28T09:21:16","date_gmt":"2024-01-28T12:21:16","guid":{"rendered":"https:\/\/cooltivarte.com\/portal\/?p=98418"},"modified":"2024-01-29T09:27:10","modified_gmt":"2024-01-29T12:27:10","slug":"adam-jeppesen-en-museo-de-arte-contemporaneo-atchugarry-maca","status":"publish","type":"post","link":"https:\/\/cooltivarte.com\/portal\/adam-jeppesen-en-museo-de-arte-contemporaneo-atchugarry-maca\/","title":{"rendered":"ADAM JEPPESEN en Museo de Arte Contempor\u00e1neo Atchugarry (MACA)"},"content":{"rendered":"<figure id=\"attachment_98419\" aria-describedby=\"caption-attachment-98419\" style=\"width: 451px\" class=\"wp-caption aligncenter\"><img fetchpriority=\"high\" decoding=\"async\" class=\"wp-image-98419 size-full\" title=\"ADAM JEPPESEN en Museo de Arte Contempor\u00e1neo Atchugarry (MACA) Recorriendo Exposiciones por Daniel Benoit Cassou\" src=\"https:\/\/cooltivarte.com\/portal\/wp-content\/uploads\/2024\/01\/ADAM-JEPPESEN-.jpg\" alt=\"ADAM JEPPESEN en Museo de Arte Contempor\u00e1neo Atchugarry (MACA) Recorriendo Exposiciones por Daniel Benoit Cassou\" width=\"451\" height=\"426\" srcset=\"https:\/\/cooltivarte.com\/portal\/wp-content\/uploads\/2024\/01\/ADAM-JEPPESEN-.jpg 451w, https:\/\/cooltivarte.com\/portal\/wp-content\/uploads\/2024\/01\/ADAM-JEPPESEN--300x283.jpg 300w\" sizes=\"(max-width: 451px) 100vw, 451px\" \/><figcaption id=\"caption-attachment-98419\" class=\"wp-caption-text\">ADAM JEPPESEN en Museo de Arte Contempor\u00e1neo Atchugarry (MACA) Recorriendo Exposiciones por Daniel Benoit Cassou<\/figcaption><\/figure>\n<p>&nbsp;<\/p>\n<p>Regres\u00e9 a la muestra que se est\u00e1 llevando a cabo en el <strong><a href=\"https:\/\/cooltivarte.com\/portal\/?s=Museo+de+Arte+Contempor%C3%A1neo+Atchugarry\" target=\"_blank\" rel=\"noopener\">Museo de Arte Contempor\u00e1neo Atchugarry<\/a><\/strong> (<a href=\"https:\/\/cooltivarte.com\/portal\/?s=MACA\" target=\"_blank\" rel=\"noopener\">MACA<\/a>), de este artista extranjero quien me recibi\u00f3 amablemente para charlar sobre su obra.<\/p>\n<p><a href=\"https:\/\/cooltivarte.com\/portal\/?s=Adam+Jeppesen\" target=\"_blank\" rel=\"noopener\"><strong>Adam Jeppesen<\/strong><\/a> naci\u00f3 en Dinamarca en 1978 y hace tres a\u00f1os, acompa\u00f1ado por su esposa argentina, recal\u00f3 en el R\u00edo de la Plata.<\/p>\n<p>Divide el a\u00f1o entre su casa en Manantiales donde vive con su familia, y sus viajes a Europa, donde tambi\u00e9n trabaja atento a sus compromisos laborales, creando, exponiendo y atendiendo las galer\u00edas de arte que le representan.<\/p>\n<p>Se trata de un destacado artista autodidacta que comenz\u00f3 a transitar dentro del \u00e1mbito art\u00edstico a partir de la fotograf\u00eda, proceso del cual a\u00fan se nutre para lograr algunos de sus procesos creativos.<\/p>\n<p>Su muestra titulada \u201cAl paso de la lumbre\u201d ocupa las salas del edificio fundacional del MACA.<\/p>\n<p>En algunas obras cont\u00f3 con la colaboraci\u00f3n del reconocido dise\u00f1ador de muebles Kim Dolva quien viaj\u00f3 invitado por el artista.<\/p>\n<p>Luego de una larga charla donde fui descubriendo su amabilidad y calidez, fuimos recorriendo sala por sala analizando sus diferentes propuestas.<\/p>\n<p>Para esta muestra, Jeppesen present\u00f3 cuatro conjuntos de obras alienadas en una tem\u00e1tica com\u00fan que conducen al espectador hacia el mismo concepto aunque a trav\u00e9s de diferentes formatos.<\/p>\n<p>La muestra comulga con la filosof\u00eda Wabi-Sabi, est\u00e9tica japonesa que encuentra la belleza en la imperfecci\u00f3n as\u00ed como en la fugacidad de los hechos.<\/p>\n<p>Asimismo Jeppesen lleva a cabo sus piezas a partir de la pr\u00e1ctica del budismo, aspecto que podr\u00eda incorporar dentro de otro formato de obra a trav\u00e9s del registro del video arte y que resultar\u00eda muy interesante, pues las obras no solo son el resultado sino que tambi\u00e9n abarcan el proceso creativo.<\/p>\n<p>Junto con Kim Dolva prepar\u00f3 las maderas, materia prima de algunas de sus obras, las cuales fueron sometidas a un proceso previo donde fueron quemadas.<\/p>\n<p>Esta pr\u00e1ctica la llevaron a cabo haciendo uso de la t\u00e9cnica japonesa Yakisugi, la cual data desde el siglo XVI que se usa para generar una mayor duraci\u00f3n de la maderas aplicadas en la construcci\u00f3n de hogares, protegi\u00e9ndolas asimismo contra la humedad.<\/p>\n<p>De esta forma, Jeppesen ocupa tres de las cuatro salas con obras elaboradas con maderas sometidas bajo esta t\u00e9cnica.<\/p>\n<p>A modo de deconstrucci\u00f3n escult\u00f3rica, el artista sacraliza t\u00f3tems previamente tallados que exhibe en c\u00e1psulas de cristal.<\/p>\n<p>Para Jeppesen la incidencia de la luz es un factor vital, elemento con el cual se vale para lograr impactar al espectador.<\/p>\n<p>Ninguna de sus obras tienen t\u00edtulo alguno, factor que obligan al espectador a un mayor ejercicio a la hora de su abordaje.<\/p>\n<p>Este grupo escult\u00f3rico est\u00e1 muy bien logrado en la sala inicial donde el color de las paredes negras y el oscurecimiento del ambiente junto a unos artefactos de luz logran el impacto buscado.<\/p>\n<p>Sin embargo en las otras dos salas el resultado no es el mismo a pesar de tratarse de excelentes obras.<\/p>\n<p>La pieza que mayor impacta por la forma as\u00ed como por los elementos que la componen, est\u00e1 contaminada por los elementos que ingresan por los grandes ventanales que no permiten potenciar el efecto buscado.<\/p>\n<p>Se trata de un gran trozo de madera, tallado y quemado, que irrumpe sobre un piso de arena dejando una gran estela.<\/p>\n<p>La pieza est\u00e1 cubierta por una c\u00fapula de cristal y a pesar de la quietud de la misma se puede percibir un gran movimiento generado por la huella en la arena.<\/p>\n<p>La misma deber\u00eda de haber estado iluminada tambi\u00e9n por un artefacto igual que los t\u00f3tems, aunque por falta de recursos necesarios, el MACA no se lo propici\u00f3.<\/p>\n<p>De esta manera la obra no consigue cumplir con el efecto propuesto por el artista convirti\u00e9ndose en otra obra totalmente distinta.<\/p>\n<p>La sala tercera es donde la puesta en escena de las obras tampoco logra una eficiencia en la comprensi\u00f3n de las mismas.<\/p>\n<p>En esta sala comulgan tres grupos escult\u00f3ricos que nada tienen que ver unos con otros, creando una suerte de instalaci\u00f3n que no funciona como tal.<\/p>\n<p>Por un lado, en el centro de la sala se ubica una gran plataforma con una escalera caracol que conduce el infinito, siempre bajo la t\u00e9cnica Yakisugi.<\/p>\n<p>Cabe decir que la presencia del infinito es una constante en la obra de Jeppesen que tambi\u00e9n se percibe en el uso de la arena.<\/p>\n<p>En las paredes cuelgan cuatro fotograf\u00edas pilares de la obra inicial de Jeppesen, donde apenas se perciben im\u00e1genes entre retratos y formas abstractas.<\/p>\n<p>Estas obras de peque\u00f1o formato, sumamente efectivas en su concepci\u00f3n y mensaje, se diluyen en la inmensidad de la sala y tambi\u00e9n frente a la majestuosa obra central de la escalera, conduciendo a la incomprensi\u00f3n del espectador.<\/p>\n<p>Estas fotograf\u00edas se encuentran alineadas con las obras de Mark Rohtko as\u00ed como con los videos de Bill Viola, invitando al espectador a adentrarse en ellas.<\/p>\n<p>A medida que nos vamos acercando, estas fotograf\u00edas difuminadas van perdiendo el concepto figurativo percibido inicialmente conduci\u00e9ndonos a habitar un espacio abstracto que nos hace suyos de forma muy particular y efectiva.<\/p>\n<p>Una pena pues deber\u00edan de haber sido colgadas en una sala especial, bajando las luces del ambiente para lograr el v\u00ednculo espiritual acorde.<\/p>\n<p>En la misma sala asimismo se ubica una obra de dimensiones reducidas pero con un gran impacto visual y conceptual.<\/p>\n<p>La misma est\u00e1 concebida a partir de haber tensado una fotograf\u00eda previamente arrugada, con hilos que la sujetan de los lados de una cubo de metal. Esta fotograf\u00eda ha sido revelada bajo la t\u00e9cnica llamada cianotipia la cual consiste en un proceso de copiado de negativos generando como resultado im\u00e1genes fotogr\u00e1ficas en color azul.<\/p>\n<p>Este cubo luego fue introducido en una pecera con aceite el cual le propicia una consistencia facilit\u00e1ndole la sensaci\u00f3n de flotar en el aire.<\/p>\n<p>Por otro lado, a pesar de tratarse de un cubo con sus cuatro lados de las mismas medidas, el l\u00edquido act\u00faa generando distintas dimensiones frente a la mirada del espectador quien acaba confundido. Asimismo el l\u00edquido propicia una suerte de espejos que una vez m\u00e1s atrapan la curiosidad del espectador.<\/p>\n<p>Es una obra magistral que tambi\u00e9n requerir\u00eda una sala especial, am\u00e9n de una pedestal acorde y no como el que tiene intervenido por la t\u00e9cnica Yakisugi que nada aporta, distrayendo el foco fundamental de la obra.<\/p>\n<p>Esta concepci\u00f3n escult\u00f3rica, careciendo del elemento agua, fue la que Jeppesen present\u00f3 en una construcci\u00f3n abandonada en la reciente edici\u00f3n de Campo ArtFest celebrada en Pueblo Garz\u00f3n.<\/p>\n<p>Por \u00faltimo la cuarta sala de mayor dimensi\u00f3n alberga una gran instalaci\u00f3n compuesta por decenas de cubos de arena realizados a partir de un molde usado por los ni\u00f1os en la playa.<\/p>\n<p>Sutilmente, Jeppesen se ocupa de que no todas las formas est\u00e9n compuestas por la misma cantidad de arena creando algunos imperfectos, dando la sensaci\u00f3n de que la arena se ha ido cayendo, m\u00e1s all\u00e1 de que est\u00e1n armados con una estructura firme y endurecida.<\/p>\n<p>Una de las posibles lecturas puede ser la de aludir a la desintegraci\u00f3n de aparentes firmes estructuras hist\u00f3ricas, afectadas por el paso del tiempo o por diferentes posturas anal\u00edticas.<\/p>\n<p>Dentro del concepto budista con la cual el artista cre\u00f3 la obra, la sala deber\u00eda de propiciar un entorno acorde para su mejor asimilaci\u00f3n.<\/p>\n<p>Hubiera sido oportuno haber anulado una puerta lateral por donde se cuela parte del parque que rodea la sala, bajar las luces y facilitar bancos para propiciar una atenta reflexi\u00f3n en los espectadores, am\u00e9n de quitar una serie de elementos de seguridad ajenos a la sala que entorpecen la comprensi\u00f3n de la propuesta.<\/p>\n<p>En definitiva, se trata de una gran propuesta creativa de un renombrado artista que no ha estado resuelta con el grado de profesionalismo acorde a un museo o espacio de arte destinado a la difusi\u00f3n art\u00edstica.<\/p>\n<p>Una pena, trat\u00e1ndose de una fundaci\u00f3n con recursos la cual tiende a ocupar un destacado lugar dentro del \u00e1mbito nacional.<\/p>\n<p>Estos detalles que ya hemos visto en otras muestras anteriores, socavan la imagen que esta fundaci\u00f3n deber\u00eda de perseguir m\u00e1xime a\u00fan contando con la experiencia internacional tanto en Europa como en Estados Unidos.<\/p>\n<p>De esta forma no solo se tergiversan las propuestas sino que tambi\u00e9n se desaniman a los artistas.<\/p>\n<p>&nbsp;<\/p>\n<p>&nbsp;<\/p>\n","protected":false},"excerpt":{"rendered":"<p>Regres\u00e9 a la muestra que se est\u00e1 llevando a cabo en el Museo de Arte Contempor\u00e1neo Atchugarry (MACA), de este artista extranjero quien me recibi\u00f3 amablemente para charlar sobre su obra. Adam Jeppesen naci\u00f3 en Dinamarca en 1978 y hace tres a\u00f1os, acompa\u00f1ado por su esposa argentina, recal\u00f3 en el R\u00edo de la Plata.<\/p>\n","protected":false},"author":14,"featured_media":98419,"comment_status":"closed","ping_status":"closed","sticky":false,"template":"","format":"standard","meta":{"om_disable_all_campaigns":false,"ngg_post_thumbnail":0,"jnews-multi-image_gallery":[],"jnews_single_post":{"subtitle":"Recorriendo Exposiciones","format":"standard","video":"","gallery":"","source_name":"","source_url":"","via_name":"","via_url":"","override_template":"0","override":[{"template":"4","single_blog_custom":"","parallax":"1","fullscreen":"0","layout":"right-sidebar","sidebar":"default-sidebar","second_sidebar":"default-sidebar","sticky_sidebar":"1","share_position":"bottom","share_float_style":"share-monocrhome","show_share_counter":"1","show_view_counter":"1","show_featured":"1","show_post_meta":"1","show_post_author":"1","show_post_author_image":"1","show_post_date":"1","post_date_format":"default","post_date_format_custom":"Y\/m\/d","show_post_category":"1","show_post_reading_time":"0","post_reading_time_wpm":"300","show_zoom_button":"0","zoom_button_out_step":"2","zoom_button_in_step":"3","show_post_tag":"1","show_prev_next_post":"1","show_popup_post":"1","number_popup_post":"1","show_author_box":"1","show_post_related":"0","show_inline_post_related":"0"}],"override_image_size":"0","image_override":[{"single_post_thumbnail_size":"no-crop","single_post_gallery_size":"crop-500"}],"trending_post":"0","trending_post_position":"meta","trending_post_label":"Trending","sponsored_post":"0","sponsored_post_label":"Sponsored by","sponsored_post_name":"","sponsored_post_url":"","sponsored_post_logo_enable":"0","sponsored_post_logo":"","sponsored_post_desc":"","disable_ad":"0"},"jnews_primary_category":{"id":"","hide":""},"jnews_social_meta":{"fb_title":"","fb_description":"","fb_image":"","twitter_title":"","twitter_description":"","twitter_image":""},"jnews_override_counter":{"override_view_counter":"0","view_counter_number":"0","override_share_counter":"0","share_counter_number":"0","override_like_counter":"0","like_counter_number":"0","override_dislike_counter":"0","dislike_counter_number":"0"},"footnotes":""},"categories":[52],"tags":[15754,3689,15873],"class_list":["post-98418","post","type-post","status-publish","format-standard","has-post-thumbnail","hentry","category-artista","tag-adam-jeppesen","tag-maca","tag-museo-de-arte-contemporaneo-atchugarry"],"yoast_head":"<!-- This site is optimized with the Yoast SEO plugin v27.4 - https:\/\/yoast.com\/product\/yoast-seo-wordpress\/ -->\n<title>ADAM JEPPESEN en Museo de Arte Contempor\u00e1neo Atchugarry (MACA) - Cooltivarte Portal<\/title>\n<meta name=\"description\" content=\"Regres\u00e9 a la muestra que se est\u00e1 llevando a cabo en el Museo de Arte Contempor\u00e1neo Atchugarry (MACA), de este artista extranjero quien me recibi\u00f3 amablemente para charlar sobre su obra. Adam Jeppesen naci\u00f3 en Dinamarca en 1978 y hace tres a\u00f1os, acompa\u00f1ado por su esposa argentina, recal\u00f3 en el R\u00edo de la Plata.\" \/>\n<meta name=\"robots\" content=\"index, follow, max-snippet:-1, max-image-preview:large, max-video-preview:-1\" \/>\n<link rel=\"canonical\" href=\"https:\/\/cooltivarte.com\/portal\/adam-jeppesen-en-museo-de-arte-contemporaneo-atchugarry-maca\/\" \/>\n<meta property=\"og:locale\" content=\"es_ES\" \/>\n<meta property=\"og:type\" content=\"article\" \/>\n<meta property=\"og:title\" content=\"ADAM JEPPESEN en Museo de Arte Contempor\u00e1neo Atchugarry (MACA) Recorriendo Exposiciones por Daniel Benoit Cassou\" \/>\n<meta property=\"og:description\" content=\"Regres\u00e9 a la muestra que se est\u00e1 llevando a cabo en el Museo de Arte Contempor\u00e1neo Atchugarry (MACA), de este artista extranjero quien me recibi\u00f3 amablemente para charlar sobre su obra. Adam Jeppesen naci\u00f3 en Dinamarca en 1978 y hace tres a\u00f1os, acompa\u00f1ado por su esposa argentina, recal\u00f3 en el R\u00edo de la Plata.\" \/>\n<meta property=\"og:url\" content=\"https:\/\/cooltivarte.com\/portal\/adam-jeppesen-en-museo-de-arte-contemporaneo-atchugarry-maca\/\" \/>\n<meta property=\"og:site_name\" content=\"Cooltivarte Portal\" \/>\n<meta property=\"article:publisher\" content=\"https:\/\/www.facebook.com\/cooltivartecom\/\" \/>\n<meta property=\"article:author\" content=\"https:\/\/www.facebook.com\/daniel.benoit.3557?fref=ts\" \/>\n<meta property=\"article:published_time\" content=\"2024-01-28T12:21:16+00:00\" \/>\n<meta property=\"article:modified_time\" content=\"2024-01-29T12:27:10+00:00\" \/>\n<meta property=\"og:image\" content=\"https:\/\/cooltivarte.com\/portal\/wp-content\/uploads\/2024\/01\/ADAM-JEPPESEN-.jpg\" \/>\n\t<meta property=\"og:image:width\" content=\"451\" \/>\n\t<meta property=\"og:image:height\" content=\"426\" \/>\n\t<meta property=\"og:image:type\" content=\"image\/jpeg\" \/>\n<meta name=\"author\" content=\"Daniel Benoit Cassou\" \/>\n<meta name=\"twitter:card\" content=\"summary_large_image\" \/>\n<meta name=\"twitter:title\" content=\"ADAM JEPPESEN en Museo de Arte Contempor\u00e1neo Atchugarry (MACA) Recorriendo Exposiciones por Daniel Benoit Cassou\" \/>\n<meta name=\"twitter:description\" content=\"Regres\u00e9 a la muestra que se est\u00e1 llevando a cabo en el Museo de Arte Contempor\u00e1neo Atchugarry (MACA), de este artista extranjero quien me recibi\u00f3 amablemente para charlar sobre su obra. Adam Jeppesen naci\u00f3 en Dinamarca en 1978 y hace tres a\u00f1os, acompa\u00f1ado por su esposa argentina, recal\u00f3 en el R\u00edo de la Plata.\" \/>\n<meta name=\"twitter:image\" content=\"https:\/\/cooltivarte.com\/portal\/wp-content\/uploads\/2024\/01\/ADAM-JEPPESEN-.jpg\" \/>\n<meta name=\"twitter:creator\" content=\"@https:\/\/x.com\/obolocultural\" \/>\n<meta name=\"twitter:site\" content=\"@obolocultural\" \/>\n<meta name=\"twitter:label1\" content=\"Escrito por\" \/>\n\t<meta name=\"twitter:data1\" content=\"Daniel Benoit Cassou\" \/>\n\t<meta name=\"twitter:label2\" content=\"Tiempo de lectura\" \/>\n\t<meta name=\"twitter:data2\" content=\"7 minutos\" \/>\n<!-- \/ Yoast SEO plugin. -->","yoast_head_json":{"title":"ADAM JEPPESEN en Museo de Arte Contempor\u00e1neo Atchugarry (MACA) - Cooltivarte Portal","description":"Regres\u00e9 a la muestra que se est\u00e1 llevando a cabo en el Museo de Arte Contempor\u00e1neo Atchugarry (MACA), de este artista extranjero quien me recibi\u00f3 amablemente para charlar sobre su obra. Adam Jeppesen naci\u00f3 en Dinamarca en 1978 y hace tres a\u00f1os, acompa\u00f1ado por su esposa argentina, recal\u00f3 en el R\u00edo de la Plata.","robots":{"index":"index","follow":"follow","max-snippet":"max-snippet:-1","max-image-preview":"max-image-preview:large","max-video-preview":"max-video-preview:-1"},"canonical":"https:\/\/cooltivarte.com\/portal\/adam-jeppesen-en-museo-de-arte-contemporaneo-atchugarry-maca\/","og_locale":"es_ES","og_type":"article","og_title":"ADAM JEPPESEN en Museo de Arte Contempor\u00e1neo Atchugarry (MACA) Recorriendo Exposiciones por Daniel Benoit Cassou","og_description":"Regres\u00e9 a la muestra que se est\u00e1 llevando a cabo en el Museo de Arte Contempor\u00e1neo Atchugarry (MACA), de este artista extranjero quien me recibi\u00f3 amablemente para charlar sobre su obra. Adam Jeppesen naci\u00f3 en Dinamarca en 1978 y hace tres a\u00f1os, acompa\u00f1ado por su esposa argentina, recal\u00f3 en el R\u00edo de la Plata.","og_url":"https:\/\/cooltivarte.com\/portal\/adam-jeppesen-en-museo-de-arte-contemporaneo-atchugarry-maca\/","og_site_name":"Cooltivarte Portal","article_publisher":"https:\/\/www.facebook.com\/cooltivartecom\/","article_author":"https:\/\/www.facebook.com\/daniel.benoit.3557?fref=ts","article_published_time":"2024-01-28T12:21:16+00:00","article_modified_time":"2024-01-29T12:27:10+00:00","og_image":[{"width":451,"height":426,"url":"https:\/\/cooltivarte.com\/portal\/wp-content\/uploads\/2024\/01\/ADAM-JEPPESEN-.jpg","type":"image\/jpeg"}],"author":"Daniel Benoit Cassou","twitter_card":"summary_large_image","twitter_title":"ADAM JEPPESEN en Museo de Arte Contempor\u00e1neo Atchugarry (MACA) Recorriendo Exposiciones por Daniel Benoit Cassou","twitter_description":"Regres\u00e9 a la muestra que se est\u00e1 llevando a cabo en el Museo de Arte Contempor\u00e1neo Atchugarry (MACA), de este artista extranjero quien me recibi\u00f3 amablemente para charlar sobre su obra. Adam Jeppesen naci\u00f3 en Dinamarca en 1978 y hace tres a\u00f1os, acompa\u00f1ado por su esposa argentina, recal\u00f3 en el R\u00edo de la Plata.","twitter_image":"https:\/\/cooltivarte.com\/portal\/wp-content\/uploads\/2024\/01\/ADAM-JEPPESEN-.jpg","twitter_creator":"@https:\/\/x.com\/obolocultural","twitter_site":"@obolocultural","twitter_misc":{"Escrito por":"Daniel Benoit Cassou","Tiempo de lectura":"7 minutos"},"schema":{"@context":"https:\/\/schema.org","@graph":[{"@type":"NewsArticle","@id":"https:\/\/cooltivarte.com\/portal\/adam-jeppesen-en-museo-de-arte-contemporaneo-atchugarry-maca\/#article","isPartOf":{"@id":"https:\/\/cooltivarte.com\/portal\/adam-jeppesen-en-museo-de-arte-contemporaneo-atchugarry-maca\/"},"author":{"name":"Daniel Benoit Cassou","@id":"https:\/\/cooltivarte.com\/portal\/#\/schema\/person\/175e2af38af164206375abd19e491b3f"},"headline":"ADAM JEPPESEN en Museo de Arte Contempor\u00e1neo Atchugarry (MACA)","datePublished":"2024-01-28T12:21:16+00:00","dateModified":"2024-01-29T12:27:10+00:00","mainEntityOfPage":{"@id":"https:\/\/cooltivarte.com\/portal\/adam-jeppesen-en-museo-de-arte-contemporaneo-atchugarry-maca\/"},"wordCount":1493,"publisher":{"@id":"https:\/\/cooltivarte.com\/portal\/#organization"},"image":{"@id":"https:\/\/cooltivarte.com\/portal\/adam-jeppesen-en-museo-de-arte-contemporaneo-atchugarry-maca\/#primaryimage"},"thumbnailUrl":"https:\/\/cooltivarte.com\/portal\/wp-content\/uploads\/2024\/01\/ADAM-JEPPESEN-.jpg","keywords":["Adam Jeppesen","Maca","Museo de Arte Contempor\u00e1neo Atchugarry"],"articleSection":["Arte"],"inLanguage":"es-AR"},{"@type":"WebPage","@id":"https:\/\/cooltivarte.com\/portal\/adam-jeppesen-en-museo-de-arte-contemporaneo-atchugarry-maca\/","url":"https:\/\/cooltivarte.com\/portal\/adam-jeppesen-en-museo-de-arte-contemporaneo-atchugarry-maca\/","name":"ADAM JEPPESEN en Museo de Arte Contempor\u00e1neo Atchugarry (MACA) - Cooltivarte Portal","isPartOf":{"@id":"https:\/\/cooltivarte.com\/portal\/#website"},"primaryImageOfPage":{"@id":"https:\/\/cooltivarte.com\/portal\/adam-jeppesen-en-museo-de-arte-contemporaneo-atchugarry-maca\/#primaryimage"},"image":{"@id":"https:\/\/cooltivarte.com\/portal\/adam-jeppesen-en-museo-de-arte-contemporaneo-atchugarry-maca\/#primaryimage"},"thumbnailUrl":"https:\/\/cooltivarte.com\/portal\/wp-content\/uploads\/2024\/01\/ADAM-JEPPESEN-.jpg","datePublished":"2024-01-28T12:21:16+00:00","dateModified":"2024-01-29T12:27:10+00:00","description":"Regres\u00e9 a la muestra que se est\u00e1 llevando a cabo en el Museo de Arte Contempor\u00e1neo Atchugarry (MACA), de este artista extranjero quien me recibi\u00f3 amablemente para charlar sobre su obra. Adam Jeppesen naci\u00f3 en Dinamarca en 1978 y hace tres a\u00f1os, acompa\u00f1ado por su esposa argentina, recal\u00f3 en el R\u00edo de la Plata.","breadcrumb":{"@id":"https:\/\/cooltivarte.com\/portal\/adam-jeppesen-en-museo-de-arte-contemporaneo-atchugarry-maca\/#breadcrumb"},"inLanguage":"es-AR","potentialAction":[{"@type":"ReadAction","target":["https:\/\/cooltivarte.com\/portal\/adam-jeppesen-en-museo-de-arte-contemporaneo-atchugarry-maca\/"]}]},{"@type":"ImageObject","inLanguage":"es-AR","@id":"https:\/\/cooltivarte.com\/portal\/adam-jeppesen-en-museo-de-arte-contemporaneo-atchugarry-maca\/#primaryimage","url":"https:\/\/cooltivarte.com\/portal\/wp-content\/uploads\/2024\/01\/ADAM-JEPPESEN-.jpg","contentUrl":"https:\/\/cooltivarte.com\/portal\/wp-content\/uploads\/2024\/01\/ADAM-JEPPESEN-.jpg","width":451,"height":426,"caption":"ADAM JEPPESEN en Museo de Arte Contempor\u00e1neo Atchugarry (MACA) Recorriendo Exposiciones por Daniel Benoit Cassou"},{"@type":"BreadcrumbList","@id":"https:\/\/cooltivarte.com\/portal\/adam-jeppesen-en-museo-de-arte-contemporaneo-atchugarry-maca\/#breadcrumb","itemListElement":[{"@type":"ListItem","position":1,"name":"Portada","item":"https:\/\/cooltivarte.com\/portal\/"},{"@type":"ListItem","position":2,"name":"ADAM JEPPESEN en Museo de Arte Contempor\u00e1neo Atchugarry (MACA)"}]},{"@type":"WebSite","@id":"https:\/\/cooltivarte.com\/portal\/#website","url":"https:\/\/cooltivarte.com\/portal\/","name":"Cooltivarte Portal","description":"Arte, cultura y turismo para el mundo ...","publisher":{"@id":"https:\/\/cooltivarte.com\/portal\/#organization"},"potentialAction":[{"@type":"SearchAction","target":{"@type":"EntryPoint","urlTemplate":"https:\/\/cooltivarte.com\/portal\/?s={search_term_string}"},"query-input":{"@type":"PropertyValueSpecification","valueRequired":true,"valueName":"search_term_string"}}],"inLanguage":"es-AR"},{"@type":"Organization","@id":"https:\/\/cooltivarte.com\/portal\/#organization","name":"cooltivarte","url":"https:\/\/cooltivarte.com\/portal\/","logo":{"@type":"ImageObject","inLanguage":"es-AR","@id":"https:\/\/cooltivarte.com\/portal\/#\/schema\/logo\/image\/","url":"https:\/\/cooltivarte.com\/portal\/wp-content\/uploads\/2020\/04\/logo-cooltivarte-v2.png","contentUrl":"https:\/\/cooltivarte.com\/portal\/wp-content\/uploads\/2020\/04\/logo-cooltivarte-v2.png","width":851,"height":243,"caption":"cooltivarte"},"image":{"@id":"https:\/\/cooltivarte.com\/portal\/#\/schema\/logo\/image\/"},"sameAs":["https:\/\/www.facebook.com\/cooltivartecom\/","https:\/\/x.com\/obolocultural","https:\/\/www.instagram.com\/_cooltivarte_\/","https:\/\/www.linkedin.com\/company\/-bolocultural?reportsuccess=8zaNG1HwhPbAR9iQhZ5rfGeqz_vQFftHun0ZWU0Wy9vNemRJ8vtcKdJvzQfW8XagyOJSKg0XvfJ1dp","https:\/\/www.pinterest.com\/cooltivarte\/","https:\/\/cooltivarte.tumblr.com\/","https:\/\/www.tiktok.com\/@cooltivarte","https:\/\/www.youtube.com\/@PrensaCooltivarte"]},{"@type":"Person","@id":"https:\/\/cooltivarte.com\/portal\/#\/schema\/person\/175e2af38af164206375abd19e491b3f","name":"Daniel Benoit Cassou","image":{"@type":"ImageObject","inLanguage":"es-AR","@id":"https:\/\/cooltivarte.com\/portal\/wp-content\/uploads\/2022\/11\/daniel-benoit-120x120.jpg","url":"https:\/\/cooltivarte.com\/portal\/wp-content\/uploads\/2022\/11\/daniel-benoit-120x120.jpg","contentUrl":"https:\/\/cooltivarte.com\/portal\/wp-content\/uploads\/2022\/11\/daniel-benoit-120x120.jpg","caption":"Daniel Benoit Cassou"},"description":"Daniel Benoit - (Uruguay, 1961), es contador p\u00fablico de profesi\u00f3n. Hizo su formaci\u00f3n art\u00edstica en los talleres de Hugo Longa, Clever Lara y Lacy Duarte; escultura con Jos\u00e9 Pelayo y fotograf\u00eda con Enrique Abal, Oscar Bonilla y Roberto Schettini. Realiz\u00f3 cursos de formaci\u00f3n te\u00f3rica con Nelson Di Maggio, Alfredo Torres, Nelson Bali\u00f1o y Emma Sanguinetti, entre otros. Ha participado en muestras de fotografias, colectivas asi como individuales: 2007 \u2013 Facultad de Ciencias Econ\u00f3micas; Centro Cultural Lapido; Club de Golf; Fotogramas - Montevideo 2009 \u2013 Galer\u00eda de arte La Pasionaria \u2013 Club de Golf - Montevideo 2010 \u2013 A la Follie; Trattoria La Commedia; Club de Golf \u2013 Montevideo 2011 \u2013 Museo del Azulejo; Fotograma; Club de Golf \u2013 Montevideo; Bienal X \u2013 Salto 2012 \u2013 Espacio Innova \u2013 Punta del Este Es asiduo asistente a las principales bienales de arte: Venecia, Lyon, San Pablo, Cuba, Porto Alegre, Lima, as\u00ed como ferias de Basilea, Paris, Buenos Aires, entre otras. Es coleccionista de arte nacional, asesor de arte contempor\u00e1neo, escribe en sus blogs y es columnista de la revista de arte nacional \u201cCooltivarte\u201d desde el 2012, asi como de la revista \u201cArte\u201d del periodico \u201cEl Pais\u201d. Blog","sameAs":["https:\/\/danielbenoit.art\/","https:\/\/www.facebook.com\/daniel.benoit.3557?fref=ts","https:\/\/www.instagram.com\/danielbenoitcassou\/","https:\/\/www.linkedin.com\/in\/daniel-benoit-87890a39\/","https:\/\/www.pinterest.com\/cooltivarte","https:\/\/x.com\/https:\/\/x.com\/obolocultural","https:\/\/www.youtube.com\/@PrensaCooltivarte","https:\/\/www.tumblr.com\/blog\/cooltivarte"],"url":"https:\/\/cooltivarte.com\/portal\/author\/benoit\/"}]}},"_links":{"self":[{"href":"https:\/\/cooltivarte.com\/portal\/wp-json\/wp\/v2\/posts\/98418","targetHints":{"allow":["GET"]}}],"collection":[{"href":"https:\/\/cooltivarte.com\/portal\/wp-json\/wp\/v2\/posts"}],"about":[{"href":"https:\/\/cooltivarte.com\/portal\/wp-json\/wp\/v2\/types\/post"}],"author":[{"embeddable":true,"href":"https:\/\/cooltivarte.com\/portal\/wp-json\/wp\/v2\/users\/14"}],"replies":[{"embeddable":true,"href":"https:\/\/cooltivarte.com\/portal\/wp-json\/wp\/v2\/comments?post=98418"}],"version-history":[{"count":2,"href":"https:\/\/cooltivarte.com\/portal\/wp-json\/wp\/v2\/posts\/98418\/revisions"}],"predecessor-version":[{"id":98421,"href":"https:\/\/cooltivarte.com\/portal\/wp-json\/wp\/v2\/posts\/98418\/revisions\/98421"}],"wp:featuredmedia":[{"embeddable":true,"href":"https:\/\/cooltivarte.com\/portal\/wp-json\/wp\/v2\/media\/98419"}],"wp:attachment":[{"href":"https:\/\/cooltivarte.com\/portal\/wp-json\/wp\/v2\/media?parent=98418"}],"wp:term":[{"taxonomy":"category","embeddable":true,"href":"https:\/\/cooltivarte.com\/portal\/wp-json\/wp\/v2\/categories?post=98418"},{"taxonomy":"post_tag","embeddable":true,"href":"https:\/\/cooltivarte.com\/portal\/wp-json\/wp\/v2\/tags?post=98418"}],"curies":[{"name":"wp","href":"https:\/\/api.w.org\/{rel}","templated":true}]}}