{"id":98211,"date":"2020-02-20T18:32:55","date_gmt":"2020-02-20T21:32:55","guid":{"rendered":"https:\/\/cooltivarte.com\/portal\/?p=98211"},"modified":"2024-01-24T18:38:07","modified_gmt":"2024-01-24T21:38:07","slug":"jose-mujica-en-sus-palabras-de-dario-klein","status":"publish","type":"post","link":"https:\/\/cooltivarte.com\/portal\/jose-mujica-en-sus-palabras-de-dario-klein\/","title":{"rendered":"Jos\u00e9 Mujica en sus palabras de Dar\u00edo Klein"},"content":{"rendered":"<p><img fetchpriority=\"high\" decoding=\"async\" class=\"aligncenter wp-image-98212 size-full\" title=\"Jos\u00e9 Mujica en sus palabras: Ideas, opiniones y sue\u00f1os del presidente m\u00e1s popular del mundo\" src=\"https:\/\/cooltivarte.com\/portal\/wp-content\/uploads\/2024\/01\/Jose-Mujica-en-sus-palabras.jpg\" alt=\"Jos\u00e9 Mujica en sus palabras: Ideas, opiniones y sue\u00f1os del presidente m\u00e1s popular del mundo\" width=\"307\" height=\"466\" srcset=\"https:\/\/cooltivarte.com\/portal\/wp-content\/uploads\/2024\/01\/Jose-Mujica-en-sus-palabras.jpg 307w, https:\/\/cooltivarte.com\/portal\/wp-content\/uploads\/2024\/01\/Jose-Mujica-en-sus-palabras-198x300.jpg 198w\" sizes=\"(max-width: 307px) 100vw, 307px\" \/><\/p>\n<p>&nbsp;<\/p>\n<p><a href=\"https:\/\/amzn.to\/3tYcFvA\" target=\"_blank\" rel=\"noopener\"><strong>Jos\u00e9 Mujica en sus palabras: Ideas, opiniones y sue\u00f1os del presidente m\u00e1s popular del mundo<\/strong><\/a><\/p>\n<p>&nbsp;<\/p>\n<p><strong><span class=\"a-text-bold\">Un \u00edntimo retrato del m\u00e1s c\u00e9lebre uruguayo de todos los tiempos.<\/span><\/strong><\/p>\n<p><a href=\"https:\/\/cooltivarte.com\/portal\/?s=Jos%C3%A9+Mujica\" target=\"_blank\" rel=\"noopener\"><strong>Jos\u00e9 Mujica<\/strong><\/a> es una personalidad reconocida y apreciada en el mundo entero. El profundo sentido de su mensaje ha calado hondo en miles de personas y lo ha convertido en uno de los referentes ineludibles de nuestro tiempo. Este libro refleja el recorrido vital del expresidente uruguayo, marcado profundamente por su largo encarcelamiento y tortura, durante los que cultiv\u00f3 su pensamiento y sus ideas y, en definitiva, la filosof\u00eda de vida que ahora queda capturada en estas p\u00e1ginas.<\/p>\n<p>El texto se nutre de m\u00faltiples fuentes, la mayor\u00eda entrevistas, discursos y presentaciones, e incluye una gran cantidad de contenidos exclusivos que el tupamaro ha confiado a los autores en extensas entrevistas personales. El resultado es este \u00edntimo retrato de uno de los gobernantes m\u00e1s admirados de nuestro tiempo.<\/p>\n<p>&nbsp;<\/p>\n<p><a href=\"https:\/\/amzn.to\/3tYcFvA\" target=\"_blank\" rel=\"noopener\">M\u00e1s info<\/a> &#8211; <a href=\"https:\/\/amzn.to\/3tYcFvA\" target=\"_blank\" rel=\"noopener\"><strong>Jos\u00e9 Mujica en sus palabras: Ideas, opiniones y sue\u00f1os del presidente m\u00e1s popular del mundo<\/strong><\/a><\/p>\n<p>&nbsp;<\/p>\n<p>&nbsp;<\/p>\n<p>&nbsp;<\/p>\n","protected":false},"excerpt":{"rendered":"<p>Jos\u00e9 Mujica es una personalidad reconocida y apreciada en el mundo entero. El profundo sentido de su mensaje ha calado hondo en miles de personas y lo ha convertido en uno de los referentes ineludibles de nuestro tiempo. Este libro refleja el recorrido vital del expresidente uruguayo, marcado profundamente por su largo encarcelamiento y tortura, durante los que cultiv\u00f3 su pensamiento y sus ideas y, en definitiva, la filosof\u00eda de vida que ahora queda capturada en estas p\u00e1ginas.<\/p>\n","protected":false},"author":8,"featured_media":98212,"comment_status":"closed","ping_status":"closed","sticky":false,"template":"","format":"standard","meta":{"om_disable_all_campaigns":false,"ngg_post_thumbnail":0,"jnews-multi-image_gallery":[],"jnews_single_post":{"subtitle":"Ideas, opiniones y sue\u00f1os del presidente m\u00e1s popular del mundo","format":"standard","video":"","gallery":"","source_name":"","source_url":"","via_name":"","via_url":"","override_template":"0","override":[{"template":"4","single_blog_custom":"","parallax":"1","fullscreen":"0","layout":"right-sidebar","sidebar":"default-sidebar","second_sidebar":"default-sidebar","sticky_sidebar":"1","share_position":"bottom","share_float_style":"share-monocrhome","show_share_counter":"1","show_view_counter":"1","show_featured":"1","show_post_meta":"1","show_post_author":"1","show_post_author_image":"1","show_post_date":"1","post_date_format":"default","post_date_format_custom":"Y\/m\/d","show_post_category":"1","show_post_reading_time":"0","post_reading_time_wpm":"300","show_zoom_button":"0","zoom_button_out_step":"2","zoom_button_in_step":"3","show_post_tag":"1","show_prev_next_post":"1","show_popup_post":"1","number_popup_post":"1","show_author_box":"1","show_post_related":"0","show_inline_post_related":"0"}],"override_image_size":"0","image_override":[{"single_post_thumbnail_size":"no-crop","single_post_gallery_size":"crop-500"}],"trending_post":"0","trending_post_position":"meta","trending_post_label":"Trending","sponsored_post":"0","sponsored_post_label":"Sponsored by","sponsored_post_name":"","sponsored_post_url":"","sponsored_post_logo_enable":"0","sponsored_post_logo":"","sponsored_post_desc":"","disable_ad":"0"},"jnews_primary_category":{"id":"","hide":""},"jnews_social_meta":{"fb_title":"","fb_description":"","fb_image":"","twitter_title":"","twitter_description":"","twitter_image":""},"jnews_override_counter":{"override_view_counter":"0","view_counter_number":"0","override_share_counter":"0","share_counter_number":"0","override_like_counter":"0","like_counter_number":"0","override_dislike_counter":"0","dislike_counter_number":"0"},"footnotes":""},"categories":[56],"tags":[15169,21520,2465,15168,2348,88],"class_list":["post-98211","post","type-post","status-publish","format-standard","has-post-thumbnail","hentry","category-narradores","tag-biografias","tag-dario-klein","tag-jose-mujica","tag-memorias","tag-presidente","tag-uruguay"],"yoast_head":"<!-- This site is optimized with the Yoast SEO plugin v27.5 - https:\/\/yoast.com\/product\/yoast-seo-wordpress\/ -->\n<title>Jos\u00e9 Mujica en sus palabras de Dar\u00edo Klein - Cooltivarte Portal<\/title>\n<meta name=\"description\" content=\"Jos\u00e9 Mujica es una personalidad reconocida y apreciada en el mundo entero. El profundo sentido de su mensaje ha calado hondo en miles de personas y lo ha convertido en uno de los referentes ineludibles de nuestro tiempo. Este libro refleja el recorrido vital del expresidente uruguayo, marcado profundamente por su largo encarcelamiento y tortura, durante los que cultiv\u00f3 su pensamiento y sus ideas y, en definitiva, la filosof\u00eda de vida que ahora queda capturada en estas p\u00e1ginas.\" \/>\n<meta name=\"robots\" content=\"index, follow, max-snippet:-1, max-image-preview:large, max-video-preview:-1\" \/>\n<link rel=\"canonical\" href=\"https:\/\/cooltivarte.com\/portal\/jose-mujica-en-sus-palabras-de-dario-klein\/\" \/>\n<meta property=\"og:locale\" content=\"es_ES\" \/>\n<meta property=\"og:type\" content=\"article\" \/>\n<meta property=\"og:title\" content=\"Jos\u00e9 Mujica en sus palabras: Ideas, opiniones y sue\u00f1os del presidente m\u00e1s popular del mundo\" \/>\n<meta property=\"og:description\" content=\"Jos\u00e9 Mujica es una personalidad reconocida y apreciada en el mundo entero. El profundo sentido de su mensaje ha calado hondo en miles de personas y lo ha convertido en uno de los referentes ineludibles de nuestro tiempo. Este libro refleja el recorrido vital del expresidente uruguayo, marcado profundamente por su largo encarcelamiento y tortura, durante los que cultiv\u00f3 su pensamiento y sus ideas y, en definitiva, la filosof\u00eda de vida que ahora queda capturada en estas p\u00e1ginas.\" \/>\n<meta property=\"og:url\" content=\"https:\/\/cooltivarte.com\/portal\/jose-mujica-en-sus-palabras-de-dario-klein\/\" \/>\n<meta property=\"og:site_name\" content=\"Cooltivarte Portal\" \/>\n<meta property=\"article:publisher\" content=\"https:\/\/www.facebook.com\/cooltivartecom\/\" \/>\n<meta property=\"article:author\" content=\"https:\/\/www.facebook.com\/cooltivartecom\" \/>\n<meta property=\"article:published_time\" content=\"2020-02-20T21:32:55+00:00\" \/>\n<meta property=\"article:modified_time\" content=\"2024-01-24T21:38:07+00:00\" \/>\n<meta property=\"og:image\" content=\"https:\/\/cooltivarte.com\/portal\/wp-content\/uploads\/2024\/01\/Jose-Mujica-en-sus-palabras.jpg\" \/>\n\t<meta property=\"og:image:width\" content=\"307\" \/>\n\t<meta property=\"og:image:height\" content=\"466\" \/>\n\t<meta property=\"og:image:type\" content=\"image\/jpeg\" \/>\n<meta name=\"author\" content=\"Cooltivarte\" \/>\n<meta name=\"twitter:card\" content=\"summary_large_image\" \/>\n<meta name=\"twitter:title\" content=\"Jos\u00e9 Mujica en sus palabras: Ideas, opiniones y sue\u00f1os del presidente m\u00e1s popular del mundo\" \/>\n<meta name=\"twitter:description\" content=\"Jos\u00e9 Mujica es una personalidad reconocida y apreciada en el mundo entero. El profundo sentido de su mensaje ha calado hondo en miles de personas y lo ha convertido en uno de los referentes ineludibles de nuestro tiempo. Este libro refleja el recorrido vital del expresidente uruguayo, marcado profundamente por su largo encarcelamiento y tortura, durante los que cultiv\u00f3 su pensamiento y sus ideas y, en definitiva, la filosof\u00eda de vida que ahora queda capturada en estas p\u00e1ginas.\" \/>\n<meta name=\"twitter:image\" content=\"https:\/\/cooltivarte.com\/portal\/wp-content\/uploads\/2024\/01\/Jose-Mujica-en-sus-palabras.jpg\" \/>\n<meta name=\"twitter:creator\" content=\"@https:\/\/x.com\/obolocultural\" \/>\n<meta name=\"twitter:site\" content=\"@obolocultural\" \/>\n<meta name=\"twitter:label1\" content=\"Escrito por\" \/>\n\t<meta name=\"twitter:data1\" content=\"Cooltivarte\" \/>\n\t<meta name=\"twitter:label2\" content=\"Tiempo de lectura\" \/>\n\t<meta name=\"twitter:data2\" content=\"1 minuto\" \/>\n<!-- \/ Yoast SEO plugin. -->","yoast_head_json":{"title":"Jos\u00e9 Mujica en sus palabras de Dar\u00edo Klein - Cooltivarte Portal","description":"Jos\u00e9 Mujica es una personalidad reconocida y apreciada en el mundo entero. El profundo sentido de su mensaje ha calado hondo en miles de personas y lo ha convertido en uno de los referentes ineludibles de nuestro tiempo. Este libro refleja el recorrido vital del expresidente uruguayo, marcado profundamente por su largo encarcelamiento y tortura, durante los que cultiv\u00f3 su pensamiento y sus ideas y, en definitiva, la filosof\u00eda de vida que ahora queda capturada en estas p\u00e1ginas.","robots":{"index":"index","follow":"follow","max-snippet":"max-snippet:-1","max-image-preview":"max-image-preview:large","max-video-preview":"max-video-preview:-1"},"canonical":"https:\/\/cooltivarte.com\/portal\/jose-mujica-en-sus-palabras-de-dario-klein\/","og_locale":"es_ES","og_type":"article","og_title":"Jos\u00e9 Mujica en sus palabras: Ideas, opiniones y sue\u00f1os del presidente m\u00e1s popular del mundo","og_description":"Jos\u00e9 Mujica es una personalidad reconocida y apreciada en el mundo entero. El profundo sentido de su mensaje ha calado hondo en miles de personas y lo ha convertido en uno de los referentes ineludibles de nuestro tiempo. Este libro refleja el recorrido vital del expresidente uruguayo, marcado profundamente por su largo encarcelamiento y tortura, durante los que cultiv\u00f3 su pensamiento y sus ideas y, en definitiva, la filosof\u00eda de vida que ahora queda capturada en estas p\u00e1ginas.","og_url":"https:\/\/cooltivarte.com\/portal\/jose-mujica-en-sus-palabras-de-dario-klein\/","og_site_name":"Cooltivarte Portal","article_publisher":"https:\/\/www.facebook.com\/cooltivartecom\/","article_author":"https:\/\/www.facebook.com\/cooltivartecom","article_published_time":"2020-02-20T21:32:55+00:00","article_modified_time":"2024-01-24T21:38:07+00:00","og_image":[{"width":307,"height":466,"url":"https:\/\/cooltivarte.com\/portal\/wp-content\/uploads\/2024\/01\/Jose-Mujica-en-sus-palabras.jpg","type":"image\/jpeg"}],"author":"Cooltivarte","twitter_card":"summary_large_image","twitter_title":"Jos\u00e9 Mujica en sus palabras: Ideas, opiniones y sue\u00f1os del presidente m\u00e1s popular del mundo","twitter_description":"Jos\u00e9 Mujica es una personalidad reconocida y apreciada en el mundo entero. El profundo sentido de su mensaje ha calado hondo en miles de personas y lo ha convertido en uno de los referentes ineludibles de nuestro tiempo. Este libro refleja el recorrido vital del expresidente uruguayo, marcado profundamente por su largo encarcelamiento y tortura, durante los que cultiv\u00f3 su pensamiento y sus ideas y, en definitiva, la filosof\u00eda de vida que ahora queda capturada en estas p\u00e1ginas.","twitter_image":"https:\/\/cooltivarte.com\/portal\/wp-content\/uploads\/2024\/01\/Jose-Mujica-en-sus-palabras.jpg","twitter_creator":"@https:\/\/x.com\/obolocultural","twitter_site":"@obolocultural","twitter_misc":{"Escrito por":"Cooltivarte","Tiempo de lectura":"1 minuto"},"schema":{"@context":"https:\/\/schema.org","@graph":[{"@type":"NewsArticle","@id":"https:\/\/cooltivarte.com\/portal\/jose-mujica-en-sus-palabras-de-dario-klein\/#article","isPartOf":{"@id":"https:\/\/cooltivarte.com\/portal\/jose-mujica-en-sus-palabras-de-dario-klein\/"},"author":{"name":"Cooltivarte","@id":"https:\/\/cooltivarte.com\/portal\/#\/schema\/person\/ec2a4f4e71b740d0c559c0ab9a157e19"},"headline":"Jos\u00e9 Mujica en sus palabras de Dar\u00edo Klein","datePublished":"2020-02-20T21:32:55+00:00","dateModified":"2024-01-24T21:38:07+00:00","mainEntityOfPage":{"@id":"https:\/\/cooltivarte.com\/portal\/jose-mujica-en-sus-palabras-de-dario-klein\/"},"wordCount":198,"publisher":{"@id":"https:\/\/cooltivarte.com\/portal\/#organization"},"image":{"@id":"https:\/\/cooltivarte.com\/portal\/jose-mujica-en-sus-palabras-de-dario-klein\/#primaryimage"},"thumbnailUrl":"https:\/\/cooltivarte.com\/portal\/wp-content\/uploads\/2024\/01\/Jose-Mujica-en-sus-palabras.jpg","keywords":["biograf\u00edas","Dar\u00edo Klein","Jos\u00e9 Mujica","memorias","Presidente","Uruguay"],"articleSection":["Literatura"],"inLanguage":"es-AR"},{"@type":"WebPage","@id":"https:\/\/cooltivarte.com\/portal\/jose-mujica-en-sus-palabras-de-dario-klein\/","url":"https:\/\/cooltivarte.com\/portal\/jose-mujica-en-sus-palabras-de-dario-klein\/","name":"Jos\u00e9 Mujica en sus palabras de Dar\u00edo Klein - Cooltivarte Portal","isPartOf":{"@id":"https:\/\/cooltivarte.com\/portal\/#website"},"primaryImageOfPage":{"@id":"https:\/\/cooltivarte.com\/portal\/jose-mujica-en-sus-palabras-de-dario-klein\/#primaryimage"},"image":{"@id":"https:\/\/cooltivarte.com\/portal\/jose-mujica-en-sus-palabras-de-dario-klein\/#primaryimage"},"thumbnailUrl":"https:\/\/cooltivarte.com\/portal\/wp-content\/uploads\/2024\/01\/Jose-Mujica-en-sus-palabras.jpg","datePublished":"2020-02-20T21:32:55+00:00","dateModified":"2024-01-24T21:38:07+00:00","description":"Jos\u00e9 Mujica es una personalidad reconocida y apreciada en el mundo entero. El profundo sentido de su mensaje ha calado hondo en miles de personas y lo ha convertido en uno de los referentes ineludibles de nuestro tiempo. Este libro refleja el recorrido vital del expresidente uruguayo, marcado profundamente por su largo encarcelamiento y tortura, durante los que cultiv\u00f3 su pensamiento y sus ideas y, en definitiva, la filosof\u00eda de vida que ahora queda capturada en estas p\u00e1ginas.","breadcrumb":{"@id":"https:\/\/cooltivarte.com\/portal\/jose-mujica-en-sus-palabras-de-dario-klein\/#breadcrumb"},"inLanguage":"es-AR","potentialAction":[{"@type":"ReadAction","target":["https:\/\/cooltivarte.com\/portal\/jose-mujica-en-sus-palabras-de-dario-klein\/"]}]},{"@type":"ImageObject","inLanguage":"es-AR","@id":"https:\/\/cooltivarte.com\/portal\/jose-mujica-en-sus-palabras-de-dario-klein\/#primaryimage","url":"https:\/\/cooltivarte.com\/portal\/wp-content\/uploads\/2024\/01\/Jose-Mujica-en-sus-palabras.jpg","contentUrl":"https:\/\/cooltivarte.com\/portal\/wp-content\/uploads\/2024\/01\/Jose-Mujica-en-sus-palabras.jpg","width":307,"height":466,"caption":"Jos\u00e9 Mujica en sus palabras: Ideas, opiniones y sue\u00f1os del presidente m\u00e1s popular del mundo"},{"@type":"BreadcrumbList","@id":"https:\/\/cooltivarte.com\/portal\/jose-mujica-en-sus-palabras-de-dario-klein\/#breadcrumb","itemListElement":[{"@type":"ListItem","position":1,"name":"Portada","item":"https:\/\/cooltivarte.com\/portal\/"},{"@type":"ListItem","position":2,"name":"Jos\u00e9 Mujica en sus palabras de Dar\u00edo Klein"}]},{"@type":"WebSite","@id":"https:\/\/cooltivarte.com\/portal\/#website","url":"https:\/\/cooltivarte.com\/portal\/","name":"Cooltivarte Portal","description":"Arte, cultura y turismo para el mundo ...","publisher":{"@id":"https:\/\/cooltivarte.com\/portal\/#organization"},"potentialAction":[{"@type":"SearchAction","target":{"@type":"EntryPoint","urlTemplate":"https:\/\/cooltivarte.com\/portal\/?s={search_term_string}"},"query-input":{"@type":"PropertyValueSpecification","valueRequired":true,"valueName":"search_term_string"}}],"inLanguage":"es-AR"},{"@type":"Organization","@id":"https:\/\/cooltivarte.com\/portal\/#organization","name":"cooltivarte","url":"https:\/\/cooltivarte.com\/portal\/","logo":{"@type":"ImageObject","inLanguage":"es-AR","@id":"https:\/\/cooltivarte.com\/portal\/#\/schema\/logo\/image\/","url":"https:\/\/cooltivarte.com\/portal\/wp-content\/uploads\/2020\/04\/logo-cooltivarte-v2.png","contentUrl":"https:\/\/cooltivarte.com\/portal\/wp-content\/uploads\/2020\/04\/logo-cooltivarte-v2.png","width":851,"height":243,"caption":"cooltivarte"},"image":{"@id":"https:\/\/cooltivarte.com\/portal\/#\/schema\/logo\/image\/"},"sameAs":["https:\/\/www.facebook.com\/cooltivartecom\/","https:\/\/x.com\/obolocultural","https:\/\/www.instagram.com\/_cooltivarte_\/","https:\/\/www.linkedin.com\/company\/-bolocultural?reportsuccess=8zaNG1HwhPbAR9iQhZ5rfGeqz_vQFftHun0ZWU0Wy9vNemRJ8vtcKdJvzQfW8XagyOJSKg0XvfJ1dp","https:\/\/www.pinterest.com\/cooltivarte\/","https:\/\/cooltivarte.tumblr.com\/","https:\/\/www.tiktok.com\/@cooltivarte","https:\/\/www.youtube.com\/@PrensaCooltivarte"]},{"@type":"Person","@id":"https:\/\/cooltivarte.com\/portal\/#\/schema\/person\/ec2a4f4e71b740d0c559c0ab9a157e19","name":"Cooltivarte","image":{"@type":"ImageObject","inLanguage":"es-AR","@id":"https:\/\/cooltivarte.com\/portal\/wp-content\/uploads\/2014\/05\/logo-cooltivarte-120x120.jpg","url":"https:\/\/cooltivarte.com\/portal\/wp-content\/uploads\/2014\/05\/logo-cooltivarte-120x120.jpg","contentUrl":"https:\/\/cooltivarte.com\/portal\/wp-content\/uploads\/2014\/05\/logo-cooltivarte-120x120.jpg","caption":"Cooltivarte"},"description":"Somos COOLTIVARTE.COM. Un portal digital dedicado a difundir el acontecer art\u00edstico y cultural del Uruguay. Estamos en la vuelta desde el a\u00f1o 2003, y como evoluci\u00f3n del bolet\u00edn Obolo Cultural, nos encontramos abocados a apoyar a los artistas nacionales brind\u00e1ndoles un espacio de difusi\u00f3n. Creemos en la idea de utilizar la potencialidad que hoy d\u00eda nos otorga la web, para que la cultura uruguaya y sus creadores dispongan de una din\u00e1mica ventana, que los ponga en contacto entre s\u00ed y con el mundo. Somos COOLTIVARTE.COM y pretendemos configurarnos como un portal din\u00e1mico, entretenido y atento a los nuevos emprendimientos, que busque siempre la interacci\u00f3n con los artistas.","sameAs":["http:\/\/www.cooltivarte.com","https:\/\/www.facebook.com\/cooltivartecom","https:\/\/www.instagram.com\/_cooltivarte_\/","https:\/\/www.linkedin.com\/company\/-bolocultural","https:\/\/www.pinterest.com\/cooltivarte\/","https:\/\/x.com\/https:\/\/x.com\/obolocultural","https:\/\/www.youtube.com\/@PrensaCooltivarte","https:\/\/www.tumblr.com\/blog\/cooltivarte"],"url":"https:\/\/cooltivarte.com\/portal\/author\/cooltivarte\/"}]}},"_links":{"self":[{"href":"https:\/\/cooltivarte.com\/portal\/wp-json\/wp\/v2\/posts\/98211","targetHints":{"allow":["GET"]}}],"collection":[{"href":"https:\/\/cooltivarte.com\/portal\/wp-json\/wp\/v2\/posts"}],"about":[{"href":"https:\/\/cooltivarte.com\/portal\/wp-json\/wp\/v2\/types\/post"}],"author":[{"embeddable":true,"href":"https:\/\/cooltivarte.com\/portal\/wp-json\/wp\/v2\/users\/8"}],"replies":[{"embeddable":true,"href":"https:\/\/cooltivarte.com\/portal\/wp-json\/wp\/v2\/comments?post=98211"}],"version-history":[{"count":1,"href":"https:\/\/cooltivarte.com\/portal\/wp-json\/wp\/v2\/posts\/98211\/revisions"}],"predecessor-version":[{"id":98213,"href":"https:\/\/cooltivarte.com\/portal\/wp-json\/wp\/v2\/posts\/98211\/revisions\/98213"}],"wp:featuredmedia":[{"embeddable":true,"href":"https:\/\/cooltivarte.com\/portal\/wp-json\/wp\/v2\/media\/98212"}],"wp:attachment":[{"href":"https:\/\/cooltivarte.com\/portal\/wp-json\/wp\/v2\/media?parent=98211"}],"wp:term":[{"taxonomy":"category","embeddable":true,"href":"https:\/\/cooltivarte.com\/portal\/wp-json\/wp\/v2\/categories?post=98211"},{"taxonomy":"post_tag","embeddable":true,"href":"https:\/\/cooltivarte.com\/portal\/wp-json\/wp\/v2\/tags?post=98211"}],"curies":[{"name":"wp","href":"https:\/\/api.w.org\/{rel}","templated":true}]}}