{"id":97904,"date":"2024-01-19T15:58:12","date_gmt":"2024-01-19T18:58:12","guid":{"rendered":"https:\/\/cooltivarte.com\/portal\/?p=97904"},"modified":"2024-01-19T15:58:12","modified_gmt":"2024-01-19T18:58:12","slug":"26o-festival-internacional-de-cine-de-punta-del-este","status":"publish","type":"post","link":"https:\/\/cooltivarte.com\/portal\/26o-festival-internacional-de-cine-de-punta-del-este\/","title":{"rendered":"26\u00ba FESTIVAL INTERNACIONAL DE CINE DE PUNTA DEL ESTE"},"content":{"rendered":"<p><img fetchpriority=\"high\" decoding=\"async\" class=\"aligncenter wp-image-97905 size-large\" title=\"26\u00ba FESTIVAL INTERNACIONAL DE CINE DE PUNTA DEL ESTE - 23 al 29 de febrero de 2024 \u2013 Punta del Este - Maldonado - Uruguay\" src=\"https:\/\/cooltivarte.com\/portal\/wp-content\/uploads\/2024\/01\/26o-FESTIVAL-INTERNACIONAL-DE-CINE-DE-PUNTA-DEL-ESTE-23-al-29-de-febrero-de-2024-\u2013-Punta-del-Este-Maldonado-Uruguay-1024x576.jpg\" alt=\"26\u00ba FESTIVAL INTERNACIONAL DE CINE DE PUNTA DEL ESTE - 23 al 29 de febrero de 2024 \u2013 Punta del Este - Maldonado - Uruguay\" width=\"1024\" height=\"576\" srcset=\"https:\/\/cooltivarte.com\/portal\/wp-content\/uploads\/2024\/01\/26o-FESTIVAL-INTERNACIONAL-DE-CINE-DE-PUNTA-DEL-ESTE-23-al-29-de-febrero-de-2024-\u2013-Punta-del-Este-Maldonado-Uruguay-1024x576.jpg 1024w, https:\/\/cooltivarte.com\/portal\/wp-content\/uploads\/2024\/01\/26o-FESTIVAL-INTERNACIONAL-DE-CINE-DE-PUNTA-DEL-ESTE-23-al-29-de-febrero-de-2024-\u2013-Punta-del-Este-Maldonado-Uruguay-300x169.jpg 300w, https:\/\/cooltivarte.com\/portal\/wp-content\/uploads\/2024\/01\/26o-FESTIVAL-INTERNACIONAL-DE-CINE-DE-PUNTA-DEL-ESTE-23-al-29-de-febrero-de-2024-\u2013-Punta-del-Este-Maldonado-Uruguay-768x432.jpg 768w, https:\/\/cooltivarte.com\/portal\/wp-content\/uploads\/2024\/01\/26o-FESTIVAL-INTERNACIONAL-DE-CINE-DE-PUNTA-DEL-ESTE-23-al-29-de-febrero-de-2024-\u2013-Punta-del-Este-Maldonado-Uruguay.jpg 1280w\" sizes=\"(max-width: 1024px) 100vw, 1024px\" \/><\/p>\n<p>&nbsp;<\/p>\n<p>&nbsp;<\/p>\n<p><strong>26\u00ba FESTIVAL INTERNACIONAL DE CINE DE PUNTA DEL ESTE<\/strong><\/p>\n<p><strong>23 al 29 de febrero de 2024 \u2013 Punta del Este, Maldonado, Uruguay<\/strong><\/p>\n<p>&nbsp;<\/p>\n<p>Dentro de un mes Punta del Este ser\u00e1 foco del audiovisual regional y global con una nueva edici\u00f3n del Festival Internacional de Cine. Del viernes 23 al jueves 29 de febrero se presentar\u00e1 una completa selecci\u00f3n de largometrajes de ficci\u00f3n y documental en la competencia oficial, as\u00ed como producciones del panorama internacional.<\/p>\n<p>La pel\u00edcula brasile\u00f1a&nbsp;<strong>P\u00e9rola<\/strong>&nbsp;abrir\u00e1 el tradicional evento, con la presencia de su director Murilo Ben\u00edcio y la actriz protag\u00f3nica Drica Mor\u00e3es. Ser\u00e1 el viernes 23 de febrero, a las 20 horas, en la Sala Cantegril, con entradas por invitaci\u00f3n que podr\u00e1n retirarse en la Sala de Prensa del Festival.<\/p>\n<p>Esta vig\u00e9sima sexta edici\u00f3n convoc\u00f3 a un total de 150 inscripciones y a decenas de agentes de venta internacionales y distribuidores. Como avance, la Intendencia de Maldonado a trav\u00e9s de la Direcci\u00f3n General de Cultura, organizadora del evento, con la direcci\u00f3n art\u00edstica de la Lic. Daniela Cardarello, anuncia las diecis\u00e9is pel\u00edculas que integrar\u00e1n las competencias iberoamericanas de ficci\u00f3n y documental que se proyectar\u00e1n en la Sala Cantegril con acceso gratuito.<\/p>\n<p>&nbsp;<\/p>\n<p><strong>Selecci\u00f3n oficial de largometrajes de ficci\u00f3n:<\/strong><\/p>\n<p><strong>A metade de n\u00f3s<\/strong>&nbsp;de Flavio Botelho, Brasil<\/p>\n<p><strong>Alemania<\/strong>&nbsp;de Mar\u00eda Zanetti, Argentina<\/p>\n<p><strong>Como el mar<\/strong>&nbsp;de Nicol\u00e1s Gil Lavedra, Argentina<\/p>\n<p><strong>El otro hijo<\/strong>&nbsp;de Juan Sebasti\u00e1n Quebrada, Colombia<\/p>\n<p><strong>Mamacruz<\/strong>&nbsp;de Patricia Ortega, Espa\u00f1a<\/p>\n<p><strong>Mi t\u00eda Gilma<\/strong>&nbsp;de Alexandra Henao, Venezuela<\/p>\n<p><strong>Ped\u00e1gio<\/strong>&nbsp;de Carolina Markowicz, Brasil<\/p>\n<p><strong>Penal cordillera<\/strong>&nbsp;de Felipe Carmona, Chile<\/p>\n<p><strong>Todo el silencio<\/strong>&nbsp;de Diego del R\u00edo, M\u00e9xico<\/p>\n<p><strong>Una luz afuera<\/strong>&nbsp;de Jos\u00e9 Luis Elizalde, Uruguay<\/p>\n<p>&nbsp;<\/p>\n<p><strong>Selecci\u00f3n oficial de largometrajes documentales:<\/strong><\/p>\n<p><strong>Adentro m\u00edo estoy bailando<\/strong>&nbsp;de Leandro Koch y Paloma Schachmann, Argentina<\/p>\n<p><strong>Black Rio! Black Power!<\/strong>&nbsp;de Emilio Domingos, Brasil<\/p>\n<p><strong>Decir adi\u00f3s<\/strong>&nbsp;de Carolina S\u00e1, Uruguay<\/p>\n<p><strong>Los \u00faltimos<\/strong>&nbsp;de Sebasti\u00e1n Pe\u00f1a Escobar, Paraguay.<\/p>\n<p><strong>Me r\u00edo de las olas<\/strong>&nbsp;de Azeneth Farah, Bolivia\/M\u00e9xico<\/p>\n<p><strong>V\u00edctor Heredia: Quiero volverme tiempo<\/strong>&nbsp;de Maximiliano Gonz\u00e1lez, Argentina<\/p>\n<p>&nbsp;<\/p>\n<p>Dentro del g\u00e9nero de ficci\u00f3n los t\u00edtulos ganadores recibir\u00e1n las estatuillas del&nbsp;<strong>Premio Mauricio Litman<\/strong>&nbsp;a Mejor Pel\u00edcula, Mejor Director, Mejor Actriz y Mejor Actor; y en el caso de la competencia documental lo har\u00e1n por el&nbsp;<strong>Premio Lobo Marino<\/strong>. En ambos casos un grupo de notables representantes del quehacer audiovisual y cultural -cinco Jurados para la Competencia de Ficci\u00f3n Iberoamericana, tres Jurados para la Competencia Documental Iberoamericana- ser\u00e1n los encargados de elegir a los mejores en cada rubro.<\/p>\n<p>Asimismo, en las dos categor\u00edas se definir\u00e1 la mejor realizaci\u00f3n mediante Voto del P\u00fablico, un galard\u00f3n muy esperado por los artistas. Y mejor pel\u00edcula seg\u00fan la ACCU (Asociaci\u00f3n de Cr\u00edticos Cinematogr\u00e1ficos del Uruguay).<\/p>\n<p>Como todos los a\u00f1os los t\u00edtulos se proyectar\u00e1n en diferentes salas de Maldonado y Punta del Este con acceso gratuito: Sala Cantegril, teatro de la Casa de la Cultura de Maldonado, en el espacio al aire libre del teatro de verano Margarita Xirg\u00fa y Grupocine Punta del Este.<\/p>\n<p>Pr\u00f3ximamente se dar\u00e1n a conocer m\u00e1s detalles de la programaci\u00f3n que como todos los a\u00f1os cumple con la presentaci\u00f3n de destacadas pel\u00edculas del cine nacional, regional y del mundo -algunas en estreno exclusivo en Uruguay- con la presencia de sus realizadores, actores y productores. Adem\u00e1s habr\u00e1 exhibiciones especiales al aire libre, homenajes y encuentros de prensa durante los siete d\u00edas del Festival.&nbsp;<\/p>\n<p>&nbsp;<\/p>\n<p>&nbsp;<\/p>\n<p>&nbsp;<\/p>\n<p>&nbsp;<\/p>\n","protected":false},"excerpt":{"rendered":"<p>Dentro de un mes Punta del Este ser\u00e1 foco del audiovisual regional y global con una nueva edici\u00f3n del Festival Internacional de Cine. Del viernes 23 al jueves 29 de febrero se presentar\u00e1 una completa selecci\u00f3n de largometrajes de ficci\u00f3n y documental en la competencia oficial, as\u00ed como producciones del panorama internacional.<\/p>\n","protected":false},"author":8,"featured_media":97905,"comment_status":"closed","ping_status":"closed","sticky":false,"template":"","format":"standard","meta":{"om_disable_all_campaigns":false,"ngg_post_thumbnail":0,"jnews-multi-image_gallery":[],"jnews_single_post":{"subtitle":"23 al 29 de febrero de 2024 \u2013 Punta del Este, Maldonado, Uruguay","format":"standard","video":"","gallery":"","source_name":"","source_url":"","via_name":"","via_url":"","override_template":"0","override":[{"template":"4","single_blog_custom":"","parallax":"1","fullscreen":"0","layout":"right-sidebar","sidebar":"default-sidebar","second_sidebar":"default-sidebar","sticky_sidebar":"1","share_position":"bottom","share_float_style":"share-monocrhome","show_share_counter":"1","show_view_counter":"1","show_featured":"1","show_post_meta":"1","show_post_author":"1","show_post_author_image":"1","show_post_date":"1","post_date_format":"default","post_date_format_custom":"Y\/m\/d","show_post_category":"1","show_post_reading_time":"0","post_reading_time_wpm":"300","show_zoom_button":"0","zoom_button_out_step":"2","zoom_button_in_step":"3","show_post_tag":"1","show_prev_next_post":"1","show_popup_post":"1","number_popup_post":"1","show_author_box":"1","show_post_related":"0","show_inline_post_related":"0"}],"override_image_size":"0","image_override":[{"single_post_thumbnail_size":"no-crop","single_post_gallery_size":"crop-500"}],"trending_post":"0","trending_post_position":"meta","trending_post_label":"Trending","sponsored_post":"0","sponsored_post_label":"Sponsored by","sponsored_post_name":"","sponsored_post_url":"","sponsored_post_logo_enable":"0","sponsored_post_logo":"","sponsored_post_desc":"","disable_ad":"0"},"jnews_primary_category":{"id":"","hide":""},"jnews_social_meta":{"fb_title":"","fb_description":"","fb_image":"","twitter_title":"","twitter_description":"","twitter_image":""},"jnews_override_counter":{"override_view_counter":"0","view_counter_number":"0","override_share_counter":"0","share_counter_number":"0","override_like_counter":"0","like_counter_number":"0","override_dislike_counter":"0","dislike_counter_number":"0"},"footnotes":""},"categories":[72],"tags":[5825,1194],"class_list":["post-97904","post","type-post","status-publish","format-standard","has-post-thumbnail","hentry","category-cine","tag-festival-internacional-de-cine","tag-punta-del-este"],"yoast_head":"<!-- This site is optimized with the Yoast SEO plugin v27.5 - https:\/\/yoast.com\/product\/yoast-seo-wordpress\/ -->\n<title>26\u00ba FESTIVAL INTERNACIONAL DE CINE DE PUNTA DEL ESTE - Cooltivarte Portal<\/title>\n<meta name=\"description\" content=\"Dentro de un mes Punta del Este ser\u00e1 foco del audiovisual regional y global con una nueva edici\u00f3n del Festival Internacional de Cine. Del viernes 23 al jueves 29 de febrero se presentar\u00e1 una completa selecci\u00f3n de largometrajes de ficci\u00f3n y documental en la competencia oficial, as\u00ed como producciones del panorama internacional.\" \/>\n<meta name=\"robots\" content=\"index, follow, max-snippet:-1, max-image-preview:large, max-video-preview:-1\" \/>\n<link rel=\"canonical\" href=\"https:\/\/cooltivarte.com\/portal\/26o-festival-internacional-de-cine-de-punta-del-este\/\" \/>\n<meta property=\"og:locale\" content=\"es_ES\" \/>\n<meta property=\"og:type\" content=\"article\" \/>\n<meta property=\"og:title\" content=\"26\u00ba FESTIVAL INTERNACIONAL DE CINE DE PUNTA DEL ESTE - 23 al 29 de febrero de 2024 \u2013 Punta del Este - Maldonado - Uruguay\" \/>\n<meta property=\"og:description\" content=\"Dentro de un mes Punta del Este ser\u00e1 foco del audiovisual regional y global con una nueva edici\u00f3n del Festival Internacional de Cine. Del viernes 23 al jueves 29 de febrero se presentar\u00e1 una completa selecci\u00f3n de largometrajes de ficci\u00f3n y documental en la competencia oficial, as\u00ed como producciones del panorama internacional.\" \/>\n<meta property=\"og:url\" content=\"https:\/\/cooltivarte.com\/portal\/26o-festival-internacional-de-cine-de-punta-del-este\/\" \/>\n<meta property=\"og:site_name\" content=\"Cooltivarte Portal\" \/>\n<meta property=\"article:publisher\" content=\"https:\/\/www.facebook.com\/cooltivartecom\/\" \/>\n<meta property=\"article:author\" content=\"https:\/\/www.facebook.com\/cooltivartecom\" \/>\n<meta property=\"article:published_time\" content=\"2024-01-19T18:58:12+00:00\" \/>\n<meta property=\"og:image\" content=\"https:\/\/cooltivarte.com\/portal\/wp-content\/uploads\/2024\/01\/26o-FESTIVAL-INTERNACIONAL-DE-CINE-DE-PUNTA-DEL-ESTE-23-al-29-de-febrero-de-2024-\u2013-Punta-del-Este-Maldonado-Uruguay.jpg\" \/>\n\t<meta property=\"og:image:width\" content=\"1280\" \/>\n\t<meta property=\"og:image:height\" content=\"720\" \/>\n\t<meta property=\"og:image:type\" content=\"image\/jpeg\" \/>\n<meta name=\"author\" content=\"Cooltivarte\" \/>\n<meta name=\"twitter:card\" content=\"summary_large_image\" \/>\n<meta name=\"twitter:title\" content=\"26\u00ba FESTIVAL INTERNACIONAL DE CINE DE PUNTA DEL ESTE - 23 al 29 de febrero de 2024 \u2013 Punta del Este - Maldonado - Uruguay\" \/>\n<meta name=\"twitter:description\" content=\"Dentro de un mes Punta del Este ser\u00e1 foco del audiovisual regional y global con una nueva edici\u00f3n del Festival Internacional de Cine. Del viernes 23 al jueves 29 de febrero se presentar\u00e1 una completa selecci\u00f3n de largometrajes de ficci\u00f3n y documental en la competencia oficial, as\u00ed como producciones del panorama internacional.\" \/>\n<meta name=\"twitter:image\" content=\"https:\/\/cooltivarte.com\/portal\/wp-content\/uploads\/2024\/01\/26o-FESTIVAL-INTERNACIONAL-DE-CINE-DE-PUNTA-DEL-ESTE-23-al-29-de-febrero-de-2024-\u2013-Punta-del-Este-Maldonado-Uruguay.jpg\" \/>\n<meta name=\"twitter:creator\" content=\"@https:\/\/x.com\/obolocultural\" \/>\n<meta name=\"twitter:site\" content=\"@obolocultural\" \/>\n<meta name=\"twitter:label1\" content=\"Escrito por\" \/>\n\t<meta name=\"twitter:data1\" content=\"Cooltivarte\" \/>\n\t<meta name=\"twitter:label2\" content=\"Tiempo de lectura\" \/>\n\t<meta name=\"twitter:data2\" content=\"3 minutos\" \/>\n<!-- \/ Yoast SEO plugin. -->","yoast_head_json":{"title":"26\u00ba FESTIVAL INTERNACIONAL DE CINE DE PUNTA DEL ESTE - Cooltivarte Portal","description":"Dentro de un mes Punta del Este ser\u00e1 foco del audiovisual regional y global con una nueva edici\u00f3n del Festival Internacional de Cine. Del viernes 23 al jueves 29 de febrero se presentar\u00e1 una completa selecci\u00f3n de largometrajes de ficci\u00f3n y documental en la competencia oficial, as\u00ed como producciones del panorama internacional.","robots":{"index":"index","follow":"follow","max-snippet":"max-snippet:-1","max-image-preview":"max-image-preview:large","max-video-preview":"max-video-preview:-1"},"canonical":"https:\/\/cooltivarte.com\/portal\/26o-festival-internacional-de-cine-de-punta-del-este\/","og_locale":"es_ES","og_type":"article","og_title":"26\u00ba FESTIVAL INTERNACIONAL DE CINE DE PUNTA DEL ESTE - 23 al 29 de febrero de 2024 \u2013 Punta del Este - Maldonado - Uruguay","og_description":"Dentro de un mes Punta del Este ser\u00e1 foco del audiovisual regional y global con una nueva edici\u00f3n del Festival Internacional de Cine. Del viernes 23 al jueves 29 de febrero se presentar\u00e1 una completa selecci\u00f3n de largometrajes de ficci\u00f3n y documental en la competencia oficial, as\u00ed como producciones del panorama internacional.","og_url":"https:\/\/cooltivarte.com\/portal\/26o-festival-internacional-de-cine-de-punta-del-este\/","og_site_name":"Cooltivarte Portal","article_publisher":"https:\/\/www.facebook.com\/cooltivartecom\/","article_author":"https:\/\/www.facebook.com\/cooltivartecom","article_published_time":"2024-01-19T18:58:12+00:00","og_image":[{"width":1280,"height":720,"url":"https:\/\/cooltivarte.com\/portal\/wp-content\/uploads\/2024\/01\/26o-FESTIVAL-INTERNACIONAL-DE-CINE-DE-PUNTA-DEL-ESTE-23-al-29-de-febrero-de-2024-\u2013-Punta-del-Este-Maldonado-Uruguay.jpg","type":"image\/jpeg"}],"author":"Cooltivarte","twitter_card":"summary_large_image","twitter_title":"26\u00ba FESTIVAL INTERNACIONAL DE CINE DE PUNTA DEL ESTE - 23 al 29 de febrero de 2024 \u2013 Punta del Este - Maldonado - Uruguay","twitter_description":"Dentro de un mes Punta del Este ser\u00e1 foco del audiovisual regional y global con una nueva edici\u00f3n del Festival Internacional de Cine. Del viernes 23 al jueves 29 de febrero se presentar\u00e1 una completa selecci\u00f3n de largometrajes de ficci\u00f3n y documental en la competencia oficial, as\u00ed como producciones del panorama internacional.","twitter_image":"https:\/\/cooltivarte.com\/portal\/wp-content\/uploads\/2024\/01\/26o-FESTIVAL-INTERNACIONAL-DE-CINE-DE-PUNTA-DEL-ESTE-23-al-29-de-febrero-de-2024-\u2013-Punta-del-Este-Maldonado-Uruguay.jpg","twitter_creator":"@https:\/\/x.com\/obolocultural","twitter_site":"@obolocultural","twitter_misc":{"Escrito por":"Cooltivarte","Tiempo de lectura":"3 minutos"},"schema":{"@context":"https:\/\/schema.org","@graph":[{"@type":"NewsArticle","@id":"https:\/\/cooltivarte.com\/portal\/26o-festival-internacional-de-cine-de-punta-del-este\/#article","isPartOf":{"@id":"https:\/\/cooltivarte.com\/portal\/26o-festival-internacional-de-cine-de-punta-del-este\/"},"author":{"name":"Cooltivarte","@id":"https:\/\/cooltivarte.com\/portal\/#\/schema\/person\/ec2a4f4e71b740d0c559c0ab9a157e19"},"headline":"26\u00ba FESTIVAL INTERNACIONAL DE CINE DE PUNTA DEL ESTE","datePublished":"2024-01-19T18:58:12+00:00","mainEntityOfPage":{"@id":"https:\/\/cooltivarte.com\/portal\/26o-festival-internacional-de-cine-de-punta-del-este\/"},"wordCount":647,"publisher":{"@id":"https:\/\/cooltivarte.com\/portal\/#organization"},"image":{"@id":"https:\/\/cooltivarte.com\/portal\/26o-festival-internacional-de-cine-de-punta-del-este\/#primaryimage"},"thumbnailUrl":"https:\/\/cooltivarte.com\/portal\/wp-content\/uploads\/2024\/01\/26o-FESTIVAL-INTERNACIONAL-DE-CINE-DE-PUNTA-DEL-ESTE-23-al-29-de-febrero-de-2024-\u2013-Punta-del-Este-Maldonado-Uruguay.jpg","keywords":["Festival Internacional de Cine","Punta del Este"],"articleSection":["Cine y TV"],"inLanguage":"es-AR"},{"@type":"WebPage","@id":"https:\/\/cooltivarte.com\/portal\/26o-festival-internacional-de-cine-de-punta-del-este\/","url":"https:\/\/cooltivarte.com\/portal\/26o-festival-internacional-de-cine-de-punta-del-este\/","name":"26\u00ba FESTIVAL INTERNACIONAL DE CINE DE PUNTA DEL ESTE - Cooltivarte Portal","isPartOf":{"@id":"https:\/\/cooltivarte.com\/portal\/#website"},"primaryImageOfPage":{"@id":"https:\/\/cooltivarte.com\/portal\/26o-festival-internacional-de-cine-de-punta-del-este\/#primaryimage"},"image":{"@id":"https:\/\/cooltivarte.com\/portal\/26o-festival-internacional-de-cine-de-punta-del-este\/#primaryimage"},"thumbnailUrl":"https:\/\/cooltivarte.com\/portal\/wp-content\/uploads\/2024\/01\/26o-FESTIVAL-INTERNACIONAL-DE-CINE-DE-PUNTA-DEL-ESTE-23-al-29-de-febrero-de-2024-\u2013-Punta-del-Este-Maldonado-Uruguay.jpg","datePublished":"2024-01-19T18:58:12+00:00","description":"Dentro de un mes Punta del Este ser\u00e1 foco del audiovisual regional y global con una nueva edici\u00f3n del Festival Internacional de Cine. Del viernes 23 al jueves 29 de febrero se presentar\u00e1 una completa selecci\u00f3n de largometrajes de ficci\u00f3n y documental en la competencia oficial, as\u00ed como producciones del panorama internacional.","breadcrumb":{"@id":"https:\/\/cooltivarte.com\/portal\/26o-festival-internacional-de-cine-de-punta-del-este\/#breadcrumb"},"inLanguage":"es-AR","potentialAction":[{"@type":"ReadAction","target":["https:\/\/cooltivarte.com\/portal\/26o-festival-internacional-de-cine-de-punta-del-este\/"]}]},{"@type":"ImageObject","inLanguage":"es-AR","@id":"https:\/\/cooltivarte.com\/portal\/26o-festival-internacional-de-cine-de-punta-del-este\/#primaryimage","url":"https:\/\/cooltivarte.com\/portal\/wp-content\/uploads\/2024\/01\/26o-FESTIVAL-INTERNACIONAL-DE-CINE-DE-PUNTA-DEL-ESTE-23-al-29-de-febrero-de-2024-\u2013-Punta-del-Este-Maldonado-Uruguay.jpg","contentUrl":"https:\/\/cooltivarte.com\/portal\/wp-content\/uploads\/2024\/01\/26o-FESTIVAL-INTERNACIONAL-DE-CINE-DE-PUNTA-DEL-ESTE-23-al-29-de-febrero-de-2024-\u2013-Punta-del-Este-Maldonado-Uruguay.jpg","width":1280,"height":720,"caption":"26\u00ba FESTIVAL INTERNACIONAL DE CINE DE PUNTA DEL ESTE - 23 al 29 de febrero de 2024 \u2013 Punta del Este - Maldonado - Uruguay"},{"@type":"BreadcrumbList","@id":"https:\/\/cooltivarte.com\/portal\/26o-festival-internacional-de-cine-de-punta-del-este\/#breadcrumb","itemListElement":[{"@type":"ListItem","position":1,"name":"Portada","item":"https:\/\/cooltivarte.com\/portal\/"},{"@type":"ListItem","position":2,"name":"26\u00ba FESTIVAL INTERNACIONAL DE CINE DE PUNTA DEL ESTE"}]},{"@type":"WebSite","@id":"https:\/\/cooltivarte.com\/portal\/#website","url":"https:\/\/cooltivarte.com\/portal\/","name":"Cooltivarte Portal","description":"Arte, cultura y turismo para el mundo ...","publisher":{"@id":"https:\/\/cooltivarte.com\/portal\/#organization"},"potentialAction":[{"@type":"SearchAction","target":{"@type":"EntryPoint","urlTemplate":"https:\/\/cooltivarte.com\/portal\/?s={search_term_string}"},"query-input":{"@type":"PropertyValueSpecification","valueRequired":true,"valueName":"search_term_string"}}],"inLanguage":"es-AR"},{"@type":"Organization","@id":"https:\/\/cooltivarte.com\/portal\/#organization","name":"cooltivarte","url":"https:\/\/cooltivarte.com\/portal\/","logo":{"@type":"ImageObject","inLanguage":"es-AR","@id":"https:\/\/cooltivarte.com\/portal\/#\/schema\/logo\/image\/","url":"https:\/\/cooltivarte.com\/portal\/wp-content\/uploads\/2020\/04\/logo-cooltivarte-v2.png","contentUrl":"https:\/\/cooltivarte.com\/portal\/wp-content\/uploads\/2020\/04\/logo-cooltivarte-v2.png","width":851,"height":243,"caption":"cooltivarte"},"image":{"@id":"https:\/\/cooltivarte.com\/portal\/#\/schema\/logo\/image\/"},"sameAs":["https:\/\/www.facebook.com\/cooltivartecom\/","https:\/\/x.com\/obolocultural","https:\/\/www.instagram.com\/_cooltivarte_\/","https:\/\/www.linkedin.com\/company\/-bolocultural?reportsuccess=8zaNG1HwhPbAR9iQhZ5rfGeqz_vQFftHun0ZWU0Wy9vNemRJ8vtcKdJvzQfW8XagyOJSKg0XvfJ1dp","https:\/\/www.pinterest.com\/cooltivarte\/","https:\/\/cooltivarte.tumblr.com\/","https:\/\/www.tiktok.com\/@cooltivarte","https:\/\/www.youtube.com\/@PrensaCooltivarte"]},{"@type":"Person","@id":"https:\/\/cooltivarte.com\/portal\/#\/schema\/person\/ec2a4f4e71b740d0c559c0ab9a157e19","name":"Cooltivarte","image":{"@type":"ImageObject","inLanguage":"es-AR","@id":"https:\/\/cooltivarte.com\/portal\/wp-content\/uploads\/2014\/05\/logo-cooltivarte-120x120.jpg","url":"https:\/\/cooltivarte.com\/portal\/wp-content\/uploads\/2014\/05\/logo-cooltivarte-120x120.jpg","contentUrl":"https:\/\/cooltivarte.com\/portal\/wp-content\/uploads\/2014\/05\/logo-cooltivarte-120x120.jpg","caption":"Cooltivarte"},"description":"Somos COOLTIVARTE.COM. Un portal digital dedicado a difundir el acontecer art\u00edstico y cultural del Uruguay. Estamos en la vuelta desde el a\u00f1o 2003, y como evoluci\u00f3n del bolet\u00edn Obolo Cultural, nos encontramos abocados a apoyar a los artistas nacionales brind\u00e1ndoles un espacio de difusi\u00f3n. Creemos en la idea de utilizar la potencialidad que hoy d\u00eda nos otorga la web, para que la cultura uruguaya y sus creadores dispongan de una din\u00e1mica ventana, que los ponga en contacto entre s\u00ed y con el mundo. Somos COOLTIVARTE.COM y pretendemos configurarnos como un portal din\u00e1mico, entretenido y atento a los nuevos emprendimientos, que busque siempre la interacci\u00f3n con los artistas.","sameAs":["http:\/\/www.cooltivarte.com","https:\/\/www.facebook.com\/cooltivartecom","https:\/\/www.instagram.com\/_cooltivarte_\/","https:\/\/www.linkedin.com\/company\/-bolocultural","https:\/\/www.pinterest.com\/cooltivarte\/","https:\/\/x.com\/https:\/\/x.com\/obolocultural","https:\/\/www.youtube.com\/@PrensaCooltivarte","https:\/\/www.tumblr.com\/blog\/cooltivarte"],"url":"https:\/\/cooltivarte.com\/portal\/author\/cooltivarte\/"}]}},"_links":{"self":[{"href":"https:\/\/cooltivarte.com\/portal\/wp-json\/wp\/v2\/posts\/97904","targetHints":{"allow":["GET"]}}],"collection":[{"href":"https:\/\/cooltivarte.com\/portal\/wp-json\/wp\/v2\/posts"}],"about":[{"href":"https:\/\/cooltivarte.com\/portal\/wp-json\/wp\/v2\/types\/post"}],"author":[{"embeddable":true,"href":"https:\/\/cooltivarte.com\/portal\/wp-json\/wp\/v2\/users\/8"}],"replies":[{"embeddable":true,"href":"https:\/\/cooltivarte.com\/portal\/wp-json\/wp\/v2\/comments?post=97904"}],"version-history":[{"count":1,"href":"https:\/\/cooltivarte.com\/portal\/wp-json\/wp\/v2\/posts\/97904\/revisions"}],"predecessor-version":[{"id":97906,"href":"https:\/\/cooltivarte.com\/portal\/wp-json\/wp\/v2\/posts\/97904\/revisions\/97906"}],"wp:featuredmedia":[{"embeddable":true,"href":"https:\/\/cooltivarte.com\/portal\/wp-json\/wp\/v2\/media\/97905"}],"wp:attachment":[{"href":"https:\/\/cooltivarte.com\/portal\/wp-json\/wp\/v2\/media?parent=97904"}],"wp:term":[{"taxonomy":"category","embeddable":true,"href":"https:\/\/cooltivarte.com\/portal\/wp-json\/wp\/v2\/categories?post=97904"},{"taxonomy":"post_tag","embeddable":true,"href":"https:\/\/cooltivarte.com\/portal\/wp-json\/wp\/v2\/tags?post=97904"}],"curies":[{"name":"wp","href":"https:\/\/api.w.org\/{rel}","templated":true}]}}