{"id":97836,"date":"2024-01-16T23:16:11","date_gmt":"2024-01-17T02:16:11","guid":{"rendered":"https:\/\/cooltivarte.com\/portal\/?p=97836"},"modified":"2024-01-23T09:49:40","modified_gmt":"2024-01-23T12:49:40","slug":"arca-international-festival-of-films-on-art-en-el-maca","status":"publish","type":"post","link":"https:\/\/cooltivarte.com\/portal\/arca-international-festival-of-films-on-art-en-el-maca\/","title":{"rendered":"ARCA: International Festival of Films on Art en el MACA"},"content":{"rendered":"<figure id=\"attachment_97837\" aria-describedby=\"caption-attachment-97837\" style=\"width: 1024px\" class=\"wp-caption aligncenter\"><img fetchpriority=\"high\" decoding=\"async\" class=\"wp-image-97837 size-large\" title=\"ARCA International Festival of Films on Art en el MACA 3 al 10 de FEBRERO 2024\" src=\"https:\/\/cooltivarte.com\/portal\/wp-content\/uploads\/2024\/01\/ARCA-International-Festival-of-Films-on-Art-en-el-MACA-3-al-10-de-FEBRERO-2024-1024x1004.png\" alt=\"ARCA International Festival of Films on Art en el MACA 3 al 10 de FEBRERO 2024\" width=\"1024\" height=\"1004\" srcset=\"https:\/\/cooltivarte.com\/portal\/wp-content\/uploads\/2024\/01\/ARCA-International-Festival-of-Films-on-Art-en-el-MACA-3-al-10-de-FEBRERO-2024-1024x1004.png 1024w, https:\/\/cooltivarte.com\/portal\/wp-content\/uploads\/2024\/01\/ARCA-International-Festival-of-Films-on-Art-en-el-MACA-3-al-10-de-FEBRERO-2024-300x294.png 300w, https:\/\/cooltivarte.com\/portal\/wp-content\/uploads\/2024\/01\/ARCA-International-Festival-of-Films-on-Art-en-el-MACA-3-al-10-de-FEBRERO-2024-768x753.png 768w, https:\/\/cooltivarte.com\/portal\/wp-content\/uploads\/2024\/01\/ARCA-International-Festival-of-Films-on-Art-en-el-MACA-3-al-10-de-FEBRERO-2024-1536x1506.png 1536w, https:\/\/cooltivarte.com\/portal\/wp-content\/uploads\/2024\/01\/ARCA-International-Festival-of-Films-on-Art-en-el-MACA-3-al-10-de-FEBRERO-2024-2048x2007.png 2048w, https:\/\/cooltivarte.com\/portal\/wp-content\/uploads\/2024\/01\/ARCA-International-Festival-of-Films-on-Art-en-el-MACA-3-al-10-de-FEBRERO-2024-75x75.png 75w\" sizes=\"(max-width: 1024px) 100vw, 1024px\" \/><figcaption id=\"caption-attachment-97837\" class=\"wp-caption-text\">ARCA International Festival of Films on Art en el MACA 3 al 10 de FEBRERO 2024<\/figcaption><\/figure>\n<p>&nbsp;<\/p>\n<p><strong>INTERNATIONAL FESTIVAL OF FILMS ON ARTS<\/strong><br \/>\n<strong>Del 3 al 10 de febrero en el MACA<\/strong><br \/>\n<a href=\"https:\/\/cooltivarte.com\/portal\/?s=Museo+de+Arte+Contempor%C3%A1neo+Atchugarry\" target=\"_blank\" rel=\"noopener\"><strong>Museo de Arte Contempor\u00e1neo Atchugarry<\/strong><\/a><\/p>\n<p><strong>ROAD TO ARCA<\/strong><br \/>\n<strong>S\u00e1bado 20 y 27 de enero &#8211; 18hs<\/strong><br \/>\n<strong>Sala de Cine <a href=\"https:\/\/cooltivarte.com\/portal\/?s=MACA\" target=\"_blank\" rel=\"noopener\">MACA<\/a><\/strong><\/p>\n<p><strong>Ingreso libre y gratuito<\/strong><\/p>\n<p>El acceso a las proyecciones y actividades es <strong>de acceso libre y gratuito. <\/strong>Reserva tu lugar por Passline&nbsp; <em>(<a href=\"https:\/\/www.passline.com\/sitio\/eventos-maca\" target=\"_blank\" rel=\"noopener\" data-saferedirecturl=\"https:\/\/www.google.com\/url?q=https:\/\/www.passline.com\/sitio\/eventos-maca&amp;source=gmail&amp;ust=1706066793947000&amp;usg=AOvVaw2KeeEG2zma2ERmb6u4xL33\">https:\/\/www.passline.com\/<wbr \/>sitio\/eventos-maca<\/a>)<\/em><br \/>\n&nbsp;<br \/>\nHorarios de las pel\u00edculas <em>(<a href=\"https:\/\/arcafilmfestival.com\/festival\/\" target=\"_blank\" rel=\"noopener\" data-saferedirecturl=\"https:\/\/www.google.com\/url?q=https:\/\/arcafilmfestival.com\/festival\/&amp;source=gmail&amp;ust=1706066793947000&amp;usg=AOvVaw3ODl7nS6qmC9_SiYTPbgaH\">https:\/\/arcafilmfestival.com\/<wbr \/>festival\/<\/a>)<\/em><\/p>\n<p>&nbsp;<\/p>\n<p>&nbsp;<\/p>\n<div><strong>RESIDENCIA DE FUNDACI\u00d3N AMA AMOEDO EN ALIANZA CON ARCA<\/strong><br \/>\n&nbsp;<\/div>\n<div>\n<p>La Fundaci\u00f3n Ama Amoedo anuncia una nueva edici\u00f3n de la Residencia FAARA Sur, en alianza con ARCA International Festival of Films on Arts.&nbsp;<strong>Del 29 de enero al 2 de febrero del 2024<\/strong>,&nbsp;<strong>el cineasta<\/strong>&nbsp;uruguayo&nbsp;<strong>Emiliano Mazza De Luca<\/strong>&nbsp;y el&nbsp;<strong>Director del Museo Torres Garc\u00eda, Alejandro D\u00edaz<\/strong>, participar\u00e1n de la residencia en Casa Neptuna, Jos\u00e9 Ignacio, Uruguay.<\/p>\n<p>Esta edici\u00f3n tendr\u00e1 como objetivo trabajar el gui\u00f3n t\u00e9cnico del documental en desarrollo &#8220;Pax in lucem&#8221;, previo a la etapa de rodaje en Espa\u00f1a.&nbsp;<strong>El film explora la trayectoria del reconocido artista uruguayo catal\u00e1n Joaqu\u00edn Torres Garc\u00eda&nbsp;<\/strong>a partir del hallazgo de fragmentos del famoso mural que se perdi\u00f3 en el incendio del museo de R\u00edo de Janeiro en 1978. Alejandro (bisnieto de Torres Garc\u00eda y Director del museo) y Emiliano, director cinematogr\u00e1fico, amigos desde la infancia, recorren las ciudades en que vivi\u00f3 Torres Garc\u00eda tras sus huellas que a\u00fan persisten en el tiempo.<\/p>\n<p><strong>La Residencia FAARA Sur est\u00e1 destinada a conectar agentes culturales de distintas disciplinas en un encuentro de producci\u00f3n creativa con el fin de incentivar el di\u00e1logo interdisciplinario latinoamericano.<\/strong>&nbsp;El objetivo es proporcionar tiempo y espacio para la concentraci\u00f3n en tareas espec\u00edficas, creando un marco propicio para el pensamiento cr\u00edtico, la reflexi\u00f3n, la lectura y la conexi\u00f3n con el entorno.<\/p>\n<p>Casa Neptuna es una casa especialmente comisionada al artista argentino Edgardo Gim\u00e9nez, para albergar los programas de residencias de la Fundaci\u00f3n. Con una estructura externa l\u00fadica y de colores vibrantes, Casa Neptuna fue concebida para incitar al pensamiento creativo. Ubicada en Jos\u00e9 Ignacio, Uruguay, est\u00e1 situada a metros del oc\u00e9ano e inmersa en el bosque nativo.<\/p>\n<\/div>\n<div>&nbsp;<\/div>\n<div>&nbsp;<\/div>\n<div>\n<div><strong>Sobre Fundaci\u00f3n Ama Amoedo<\/strong><\/div>\n<div>&nbsp;<\/div>\n<div>Originada en 2021, la Fundaci\u00f3n Ama Amoedo es una organizaci\u00f3n sin fines de lucro concebida con la misi\u00f3n de crear un impacto duradero en el ecosistema del arte contempor\u00e1neo latinoamericano, fomentando la presencia de artistas de la regi\u00f3n y amplificando su visibilidad en la escena art\u00edstica global. Focalizada en ampliar el reconocimiento y el valor social del trabajo art\u00edstico, Fundaci\u00f3n Ama Amoedo ofrece a artistas y agentes culturales diferentes iniciativas para apoyar sus pr\u00e1cticas, como becas, programas y residencias art\u00edsticas.<br \/>\n&nbsp;<\/div>\n<div><strong>Sobre <a href=\"https:\/\/arcafilmfestival.com\/\" target=\"_blank\" rel=\"noopener\">ARCA<\/a><\/strong><br \/>\n&nbsp;<\/div>\n<div>ARCA es el \u00fanico festival de cine internacional en Latinoam\u00e9rica para pel\u00edculas de ficci\u00f3n y documentales sobre arte. Su programa est\u00e1 dedicado a explorar y promover las relaciones entre el cine y las artes visuales, a trav\u00e9s de la m\u00e1s recientes producciones cinematogr\u00e1ficas, con distintas visiones, tanto sobre la historia del arte y sus actores, como del arte contempor\u00e1neo, celebrando la diversidad multicultural de nuestro tiempo.<br \/>\nMercedes Sader, Directora de ARCA, y Sergio Fant, Programador, tienen el gusto de anunciar la selecci\u00f3n oficial de la proxima edici\u00f3n de ARCA.<br \/>\nFueron evaluados m\u00e1s de 700 largometrajes de diversos g\u00e9neros, documentales, ficciones y animaciones, todos sobre arte, para lograr esta selecci\u00f3n de pel\u00edculas imperdibles.<br \/>\nDesde Vermeer hasta el videoarte, con Wenders y Jarmusch, ARCA 2024 presenta lo mejor del cine sobre las artes visuales.<br \/>\nLos estrenos incluyen obras destacadas de festivales internacionales, como la pel\u00edcula de apertura <strong>Anselm<\/strong> el fascinante retrato de <em>Wim Wenders<\/em> dedicado a un gigante del arte contempor\u00e1neo, el pintor y escultor alem\u00e1n Anselm Kiefer, estrenada en Cannes; del concurso de la Berlinale 2023, la aclamada pel\u00edcula animada <strong>Art College 1994<\/strong> de <em>Liu Jian<\/em>, en la China posterior a Tiananmen; y el evento de clausura con la exc\u00e9ntrica comedia <strong>Daaaaaali!<\/strong> de <em>Quentin Dupieux, <\/em>estrenada en el reciente Festival de Cine de Venecia.\u201d<br \/>\n&nbsp;<br \/>\n<strong>Selecci\u00f3n oficial:<\/strong><br \/>\n&nbsp;<br \/>\n<strong>ANSELM (DAS RAUSCHEN DER ZEIT)<\/strong><strong>,<\/strong> Wim Wenders, 2023 \u2013 <strong>Pel\u00edcula de apertura<\/strong>&#8211;<br \/>\n<strong>RETURN TO REASON<\/strong>, Man Ray, 1923-2023 \u2013 <strong>Evento especial <\/strong>&#8211;<br \/>\n<strong>DAAAAAALI!<\/strong>, Quentin Dupieux, 2023 \u2013 <strong>Pel\u00edcula de clausura<\/strong>&#8211;<br \/>\n&nbsp;<br \/>\n<strong>A REVOLUTION ON CANVAS<\/strong>, Sara Nodjoumi &amp; Till Schauder, 2023<br \/>\n<strong>APOLONIA APOLONIA<\/strong>, Lea Glob, 2022<br \/>\n<strong>ART COLLEGE 1994<\/strong>, Liu Jian, 2023<br \/>\n<strong>ART FOR EVERYBODY<\/strong>, Miranda Jousef, 2023<br \/>\n<strong>CAT\u00c1LOGO PARA UNA FAMILIA<\/strong>,&nbsp; Iair Michel Att\u00edas, 2023<br \/>\n<strong>CLOSE TO VERMEER<\/strong>, Suzanne Raes, 2023<br \/>\n<strong>DU FIL \u00e0 LA TRAME<\/strong>, Julien Devaux, 2022<br \/>\n<strong>IL PADIGLIONE SULL&#8217;ACQUA<\/strong>, Stefano Croci &amp; Silvia Siberini, 2023<br \/>\n<strong>MULHERES RADICAIS<\/strong>, Isabel Nascimento Silva, 2023<br \/>\n<strong>NAM JUNE PAIK: MOON IS THE OLDEST TV<\/strong>, Amanda Kim, 2023<br \/>\n<strong>RICARDO ET LA PEINTURE<\/strong>, Barbet Schroeder, 2023<br \/>\n<strong>SOVIET BARBARA, THE STORY OF RAGNAR KJARTANSSON IN MOSCOW<\/strong>, Gaukur \u00dalfarsson, 2023<br \/>\n&nbsp;<br \/>\nLos d\u00edas 5 y 6 de febrero el programa est\u00e1 dedicado a los m\u00e1s chicos -5 a 12 a\u00f1os- <strong>Mi Primer ARCA<\/strong>. Organizado en colaboraci\u00f3n con Piattaforma Lago, proyecto italiano que desde hace 20 a\u00f1os se dedica a la organizaci\u00f3n e impulso de diversos proyectos art\u00edsticos cinematogr\u00e1ficos, les proponemos una selecci\u00f3n especial de cortometrajes animados y talleres de experimentaci\u00f3n con la imagen en movimiento, una experiencia destinada a estimular la curiosidad y conectar al p\u00fablico infantil con la magia intr\u00ednseca en el proceso cinematogr\u00e1fico.<\/div>\n<div>&nbsp;<\/div>\n<\/div>\n<div>El acceso a las proyecciones y actividades es <strong>de acceso libre y gratuito. <\/strong>Reserva tu lugar por Passline&nbsp; <em>(<a href=\"https:\/\/www.passline.com\/sitio\/eventos-maca\" target=\"_blank\" rel=\"noopener\" data-saferedirecturl=\"https:\/\/www.google.com\/url?q=https:\/\/www.passline.com\/sitio\/eventos-maca&amp;source=gmail&amp;ust=1706066793947000&amp;usg=AOvVaw2KeeEG2zma2ERmb6u4xL33\">https:\/\/www.passline.com\/<wbr \/>sitio\/eventos-maca<\/a>)<\/em><br \/>\n&nbsp;<br \/>\nHorarios de las pel\u00edculas <em>(<a href=\"https:\/\/arcafilmfestival.com\/festival\/\" target=\"_blank\" rel=\"noopener\" data-saferedirecturl=\"https:\/\/www.google.com\/url?q=https:\/\/arcafilmfestival.com\/festival\/&amp;source=gmail&amp;ust=1706066793947000&amp;usg=AOvVaw3ODl7nS6qmC9_SiYTPbgaH\">https:\/\/arcafilmfestival.com\/<wbr \/>festival\/<\/a>)<\/em><\/div>\n<div>&nbsp;<\/div>\n<div>&nbsp;<\/div>\n<blockquote class=\"instagram-media\" style=\"background: #FFF; border: 0; border-radius: 3px; box-shadow: 0 0 1px 0 rgba(0,0,0,0.5),0 1px 10px 0 rgba(0,0,0,0.15); margin: 1px; max-width: 540px; min-width: 326px; padding: 0; width: calc(100% - 2px);\" data-instgrm-captioned=\"\" data-instgrm-permalink=\"https:\/\/www.instagram.com\/p\/C1W_ElCAysc\/?utm_source=ig_embed&amp;utm_campaign=loading\" data-instgrm-version=\"14\">\n<div style=\"padding: 16px;\">\n<p>&nbsp;<\/p>\n<div style=\"display: flex; flex-direction: row; align-items: center;\">\n<div style=\"background-color: #f4f4f4; border-radius: 50%; flex-grow: 0; height: 40px; margin-right: 14px; width: 40px;\">&nbsp;<\/div>\n<div style=\"display: flex; flex-direction: column; flex-grow: 1; justify-content: center;\">\n<div style=\"background-color: #f4f4f4; border-radius: 4px; flex-grow: 0; height: 14px; margin-bottom: 6px; width: 100px;\">&nbsp;<\/div>\n<div style=\"background-color: #f4f4f4; border-radius: 4px; flex-grow: 0; height: 14px; width: 60px;\">&nbsp;<\/div>\n<\/div>\n<\/div>\n<div style=\"padding: 19% 0;\">&nbsp;<\/div>\n<div style=\"display: block; height: 50px; margin: 0 auto 12px; width: 50px;\">&nbsp;<\/div>\n<div style=\"padding-top: 8px;\">\n<div style=\"color: #3897f0; font-family: Arial,sans-serif; font-size: 14px; font-style: normal; font-weight: 550; line-height: 18px;\">Ver esta publicaci\u00f3n en Instagram<\/div>\n<\/div>\n<div style=\"padding: 12.5% 0;\">&nbsp;<\/div>\n<div style=\"display: flex; flex-direction: row; margin-bottom: 14px; align-items: center;\">\n<div>\n<div style=\"background-color: #f4f4f4; border-radius: 50%; height: 12.5px; width: 12.5px; transform: translateX(0px) translateY(7px);\">&nbsp;<\/div>\n<div style=\"background-color: #f4f4f4; height: 12.5px; transform: rotate(-45deg) translateX(3px) translateY(1px); width: 12.5px; flex-grow: 0; margin-right: 14px; margin-left: 2px;\">&nbsp;<\/div>\n<div style=\"background-color: #f4f4f4; border-radius: 50%; height: 12.5px; width: 12.5px; transform: translateX(9px) translateY(-18px);\">&nbsp;<\/div>\n<\/div>\n<div style=\"margin-left: 8px;\">\n<div style=\"background-color: #f4f4f4; border-radius: 50%; flex-grow: 0; height: 20px; width: 20px;\">&nbsp;<\/div>\n<div style=\"width: 0; height: 0; border-top: 2px solid transparent; border-left: 6px solid #f4f4f4; border-bottom: 2px solid transparent; transform: translateX(16px) translateY(-4px) rotate(30deg);\">&nbsp;<\/div>\n<\/div>\n<div style=\"margin-left: auto;\">\n<div style=\"width: 0px; border-top: 8px solid #F4F4F4; border-right: 8px solid transparent; transform: translateY(16px);\">&nbsp;<\/div>\n<div style=\"background-color: #f4f4f4; flex-grow: 0; height: 12px; width: 16px; transform: translateY(-4px);\">&nbsp;<\/div>\n<div style=\"width: 0; height: 0; border-top: 8px solid #F4F4F4; border-left: 8px solid transparent; transform: translateY(-4px) translateX(8px);\">&nbsp;<\/div>\n<\/div>\n<\/div>\n<div style=\"display: flex; flex-direction: column; flex-grow: 1; justify-content: center; margin-bottom: 24px;\">\n<div style=\"background-color: #f4f4f4; border-radius: 4px; flex-grow: 0; height: 14px; margin-bottom: 6px; width: 224px;\">&nbsp;<\/div>\n<div style=\"background-color: #f4f4f4; border-radius: 4px; flex-grow: 0; height: 14px; width: 144px;\">&nbsp;<\/div>\n<\/div>\n<p>&nbsp;<\/p>\n<p style=\"color: #c9c8cd; font-family: Arial,sans-serif; font-size: 14px; line-height: 17px; margin-bottom: 0; margin-top: 8px; overflow: hidden; padding: 8px 0 7px; text-align: center; text-overflow: ellipsis; white-space: nowrap;\"><a style=\"color: #c9c8cd; font-family: Arial,sans-serif; font-size: 14px; font-style: normal; font-weight: normal; line-height: 17px; text-decoration: none;\" href=\"https:\/\/www.instagram.com\/p\/C1W_ElCAysc\/?utm_source=ig_embed&amp;utm_campaign=loading\" target=\"_blank\" rel=\"noopener\">Una publicaci\u00f3n compartida por ARCA International Festival of Films on Arts (@arcafilmfestival)<\/a><\/p>\n<\/div>\n<\/blockquote>\n<p><script async=\"\" src=\"\/\/www.instagram.com\/embed.js\"><\/script><\/p>\n<div>&nbsp;<\/div>\n<div>&nbsp;<\/div>\n","protected":false},"excerpt":{"rendered":"<p>La Fundaci\u00f3n Ama Amoedo anuncia una nueva edici\u00f3n de la Residencia FAARA Sur, en alianza con ARCA International Festival of Films on Arts.\u00a0Del 29 de enero al 2 de febrero del 2024,\u00a0el cineasta\u00a0uruguayo\u00a0Emiliano Mazza De Luca\u00a0y el\u00a0Director del Museo Torres Garc\u00eda, Alejandro D\u00edaz, participar\u00e1n de la residencia en Casa Neptuna, Jos\u00e9 Ignacio, Uruguay.<\/p>\n","protected":false},"author":8,"featured_media":97837,"comment_status":"closed","ping_status":"closed","sticky":false,"template":"","format":"standard","meta":{"om_disable_all_campaigns":false,"ngg_post_thumbnail":0,"jnews-multi-image_gallery":[],"jnews_single_post":{"subtitle":"3 al 10 de FEBRERO 2024","format":"standard","video":"","gallery":"","source_name":"","source_url":"","via_name":"","via_url":"","override_template":"0","override":[{"template":"4","single_blog_custom":"","parallax":"1","fullscreen":"0","layout":"right-sidebar","sidebar":"default-sidebar","second_sidebar":"default-sidebar","sticky_sidebar":"1","share_position":"bottom","share_float_style":"share-monocrhome","show_share_counter":"1","show_view_counter":"1","show_featured":"1","show_post_meta":"1","show_post_author":"1","show_post_author_image":"1","show_post_date":"1","post_date_format":"default","post_date_format_custom":"Y\/m\/d","show_post_category":"1","show_post_reading_time":"0","post_reading_time_wpm":"300","show_zoom_button":"0","zoom_button_out_step":"2","zoom_button_in_step":"3","show_post_tag":"1","show_prev_next_post":"1","show_popup_post":"1","number_popup_post":"1","show_author_box":"1","show_post_related":"0","show_inline_post_related":"0"}],"override_image_size":"0","image_override":[{"single_post_thumbnail_size":"no-crop","single_post_gallery_size":"crop-500"}],"trending_post":"0","trending_post_position":"meta","trending_post_label":"Trending","sponsored_post":"0","sponsored_post_label":"Sponsored by","sponsored_post_name":"","sponsored_post_url":"","sponsored_post_logo_enable":"0","sponsored_post_logo":"","sponsored_post_desc":"","disable_ad":"0"},"jnews_primary_category":{"id":"","hide":""},"jnews_social_meta":{"fb_title":"","fb_description":"","fb_image":"","twitter_title":"","twitter_description":"","twitter_image":""},"jnews_override_counter":{"override_view_counter":"0","view_counter_number":"0","override_share_counter":"0","share_counter_number":"0","override_like_counter":"0","like_counter_number":"0","override_dislike_counter":"0","dislike_counter_number":"0"},"footnotes":""},"categories":[72],"tags":[2455,21432,3689,15873],"class_list":["post-97836","post","type-post","status-publish","format-standard","has-post-thumbnail","hentry","category-cine","tag-arca","tag-international-festival-of-films-on-arts","tag-maca","tag-museo-de-arte-contemporaneo-atchugarry"],"yoast_head":"<!-- This site is optimized with the Yoast SEO plugin v27.5 - https:\/\/yoast.com\/product\/yoast-seo-wordpress\/ -->\n<title>ARCA: International Festival of Films on Art en el MACA - Cooltivarte Portal<\/title>\n<meta name=\"description\" content=\"La Fundaci\u00f3n Ama Amoedo anuncia una nueva edici\u00f3n de la Residencia FAARA Sur, en alianza con ARCA International Festival of Films on Arts.\u00a0Del 29 de enero al 2 de febrero del 2024,\u00a0el cineasta\u00a0uruguayo\u00a0Emiliano Mazza De Luca\u00a0y el\u00a0Director del Museo Torres Garc\u00eda, Alejandro D\u00edaz, participar\u00e1n de la residencia en Casa Neptuna, Jos\u00e9 Ignacio, Uruguay.\" \/>\n<meta name=\"robots\" content=\"index, follow, max-snippet:-1, max-image-preview:large, max-video-preview:-1\" \/>\n<link rel=\"canonical\" href=\"https:\/\/cooltivarte.com\/portal\/arca-international-festival-of-films-on-art-en-el-maca\/\" \/>\n<meta property=\"og:locale\" content=\"es_ES\" \/>\n<meta property=\"og:type\" content=\"article\" \/>\n<meta property=\"og:title\" content=\"ARCA: International Festival of Films on Art en el MACA \/ 3 al 10 de FEBRERO 2024\" \/>\n<meta property=\"og:description\" content=\"La Fundaci\u00f3n Ama Amoedo anuncia una nueva edici\u00f3n de la Residencia FAARA Sur, en alianza con ARCA International Festival of Films on Arts.\u00a0Del 29 de enero al 2 de febrero del 2024,\u00a0el cineasta\u00a0uruguayo\u00a0Emiliano Mazza De Luca\u00a0y el\u00a0Director del Museo Torres Garc\u00eda, Alejandro D\u00edaz, participar\u00e1n de la residencia en Casa Neptuna, Jos\u00e9 Ignacio, Uruguay.\" \/>\n<meta property=\"og:url\" content=\"https:\/\/cooltivarte.com\/portal\/arca-international-festival-of-films-on-art-en-el-maca\/\" \/>\n<meta property=\"og:site_name\" content=\"Cooltivarte Portal\" \/>\n<meta property=\"article:publisher\" content=\"https:\/\/www.facebook.com\/cooltivartecom\/\" \/>\n<meta property=\"article:author\" content=\"https:\/\/www.facebook.com\/cooltivartecom\" \/>\n<meta property=\"article:published_time\" content=\"2024-01-17T02:16:11+00:00\" \/>\n<meta property=\"article:modified_time\" content=\"2024-01-23T12:49:40+00:00\" \/>\n<meta property=\"og:image\" content=\"https:\/\/cooltivarte.com\/portal\/wp-content\/uploads\/2024\/01\/ARCA-International-Festival-of-Films-on-Art-en-el-MACA-3-al-10-de-FEBRERO-2024.png\" \/>\n\t<meta property=\"og:image:width\" content=\"2220\" \/>\n\t<meta property=\"og:image:height\" content=\"2176\" \/>\n\t<meta property=\"og:image:type\" content=\"image\/png\" \/>\n<meta name=\"author\" content=\"Cooltivarte\" \/>\n<meta name=\"twitter:card\" content=\"summary_large_image\" \/>\n<meta name=\"twitter:title\" content=\"ARCA International Festival of Films on Art en el MACA 3 al 10 de FEBRERO 2024\" \/>\n<meta name=\"twitter:description\" content=\"La Fundaci\u00f3n Ama Amoedo anuncia una nueva edici\u00f3n de la Residencia FAARA Sur, en alianza con ARCA International Festival of Films on Arts.\u00a0Del 29 de enero al 2 de febrero del 2024,\u00a0el cineasta\u00a0uruguayo\u00a0Emiliano Mazza De Luca\u00a0y el\u00a0Director del Museo Torres Garc\u00eda, Alejandro D\u00edaz, participar\u00e1n de la residencia en Casa Neptuna, Jos\u00e9 Ignacio, Uruguay.\" \/>\n<meta name=\"twitter:image\" content=\"https:\/\/cooltivarte.com\/portal\/wp-content\/uploads\/2024\/01\/ARCA-International-Festival-of-Films-on-Art-en-el-MACA-3-al-10-de-FEBRERO-2024.png\" \/>\n<meta name=\"twitter:creator\" content=\"@https:\/\/x.com\/obolocultural\" \/>\n<meta name=\"twitter:site\" content=\"@obolocultural\" \/>\n<meta name=\"twitter:label1\" content=\"Escrito por\" \/>\n\t<meta name=\"twitter:data1\" content=\"Cooltivarte\" \/>\n\t<meta name=\"twitter:label2\" content=\"Tiempo de lectura\" \/>\n\t<meta name=\"twitter:data2\" content=\"5 minutos\" \/>\n<!-- \/ Yoast SEO plugin. -->","yoast_head_json":{"title":"ARCA: International Festival of Films on Art en el MACA - Cooltivarte Portal","description":"La Fundaci\u00f3n Ama Amoedo anuncia una nueva edici\u00f3n de la Residencia FAARA Sur, en alianza con ARCA International Festival of Films on Arts.\u00a0Del 29 de enero al 2 de febrero del 2024,\u00a0el cineasta\u00a0uruguayo\u00a0Emiliano Mazza De Luca\u00a0y el\u00a0Director del Museo Torres Garc\u00eda, Alejandro D\u00edaz, participar\u00e1n de la residencia en Casa Neptuna, Jos\u00e9 Ignacio, Uruguay.","robots":{"index":"index","follow":"follow","max-snippet":"max-snippet:-1","max-image-preview":"max-image-preview:large","max-video-preview":"max-video-preview:-1"},"canonical":"https:\/\/cooltivarte.com\/portal\/arca-international-festival-of-films-on-art-en-el-maca\/","og_locale":"es_ES","og_type":"article","og_title":"ARCA: International Festival of Films on Art en el MACA \/ 3 al 10 de FEBRERO 2024","og_description":"La Fundaci\u00f3n Ama Amoedo anuncia una nueva edici\u00f3n de la Residencia FAARA Sur, en alianza con ARCA International Festival of Films on Arts.\u00a0Del 29 de enero al 2 de febrero del 2024,\u00a0el cineasta\u00a0uruguayo\u00a0Emiliano Mazza De Luca\u00a0y el\u00a0Director del Museo Torres Garc\u00eda, Alejandro D\u00edaz, participar\u00e1n de la residencia en Casa Neptuna, Jos\u00e9 Ignacio, Uruguay.","og_url":"https:\/\/cooltivarte.com\/portal\/arca-international-festival-of-films-on-art-en-el-maca\/","og_site_name":"Cooltivarte Portal","article_publisher":"https:\/\/www.facebook.com\/cooltivartecom\/","article_author":"https:\/\/www.facebook.com\/cooltivartecom","article_published_time":"2024-01-17T02:16:11+00:00","article_modified_time":"2024-01-23T12:49:40+00:00","og_image":[{"width":2220,"height":2176,"url":"https:\/\/cooltivarte.com\/portal\/wp-content\/uploads\/2024\/01\/ARCA-International-Festival-of-Films-on-Art-en-el-MACA-3-al-10-de-FEBRERO-2024.png","type":"image\/png"}],"author":"Cooltivarte","twitter_card":"summary_large_image","twitter_title":"ARCA International Festival of Films on Art en el MACA 3 al 10 de FEBRERO 2024","twitter_description":"La Fundaci\u00f3n Ama Amoedo anuncia una nueva edici\u00f3n de la Residencia FAARA Sur, en alianza con ARCA International Festival of Films on Arts.\u00a0Del 29 de enero al 2 de febrero del 2024,\u00a0el cineasta\u00a0uruguayo\u00a0Emiliano Mazza De Luca\u00a0y el\u00a0Director del Museo Torres Garc\u00eda, Alejandro D\u00edaz, participar\u00e1n de la residencia en Casa Neptuna, Jos\u00e9 Ignacio, Uruguay.","twitter_image":"https:\/\/cooltivarte.com\/portal\/wp-content\/uploads\/2024\/01\/ARCA-International-Festival-of-Films-on-Art-en-el-MACA-3-al-10-de-FEBRERO-2024.png","twitter_creator":"@https:\/\/x.com\/obolocultural","twitter_site":"@obolocultural","twitter_misc":{"Escrito por":"Cooltivarte","Tiempo de lectura":"5 minutos"},"schema":{"@context":"https:\/\/schema.org","@graph":[{"@type":"NewsArticle","@id":"https:\/\/cooltivarte.com\/portal\/arca-international-festival-of-films-on-art-en-el-maca\/#article","isPartOf":{"@id":"https:\/\/cooltivarte.com\/portal\/arca-international-festival-of-films-on-art-en-el-maca\/"},"author":{"name":"Cooltivarte","@id":"https:\/\/cooltivarte.com\/portal\/#\/schema\/person\/ec2a4f4e71b740d0c559c0ab9a157e19"},"headline":"ARCA: International Festival of Films on Art en el MACA","datePublished":"2024-01-17T02:16:11+00:00","dateModified":"2024-01-23T12:49:40+00:00","mainEntityOfPage":{"@id":"https:\/\/cooltivarte.com\/portal\/arca-international-festival-of-films-on-art-en-el-maca\/"},"wordCount":1033,"publisher":{"@id":"https:\/\/cooltivarte.com\/portal\/#organization"},"image":{"@id":"https:\/\/cooltivarte.com\/portal\/arca-international-festival-of-films-on-art-en-el-maca\/#primaryimage"},"thumbnailUrl":"https:\/\/cooltivarte.com\/portal\/wp-content\/uploads\/2024\/01\/ARCA-International-Festival-of-Films-on-Art-en-el-MACA-3-al-10-de-FEBRERO-2024.png","keywords":["Arca","INTERNATIONAL FESTIVAL OF FILMS ON ARTS","Maca","Museo de Arte Contempor\u00e1neo Atchugarry"],"articleSection":["Cine y TV"],"inLanguage":"es-AR"},{"@type":"WebPage","@id":"https:\/\/cooltivarte.com\/portal\/arca-international-festival-of-films-on-art-en-el-maca\/","url":"https:\/\/cooltivarte.com\/portal\/arca-international-festival-of-films-on-art-en-el-maca\/","name":"ARCA: International Festival of Films on Art en el MACA - Cooltivarte Portal","isPartOf":{"@id":"https:\/\/cooltivarte.com\/portal\/#website"},"primaryImageOfPage":{"@id":"https:\/\/cooltivarte.com\/portal\/arca-international-festival-of-films-on-art-en-el-maca\/#primaryimage"},"image":{"@id":"https:\/\/cooltivarte.com\/portal\/arca-international-festival-of-films-on-art-en-el-maca\/#primaryimage"},"thumbnailUrl":"https:\/\/cooltivarte.com\/portal\/wp-content\/uploads\/2024\/01\/ARCA-International-Festival-of-Films-on-Art-en-el-MACA-3-al-10-de-FEBRERO-2024.png","datePublished":"2024-01-17T02:16:11+00:00","dateModified":"2024-01-23T12:49:40+00:00","description":"La Fundaci\u00f3n Ama Amoedo anuncia una nueva edici\u00f3n de la Residencia FAARA Sur, en alianza con ARCA International Festival of Films on Arts.\u00a0Del 29 de enero al 2 de febrero del 2024,\u00a0el cineasta\u00a0uruguayo\u00a0Emiliano Mazza De Luca\u00a0y el\u00a0Director del Museo Torres Garc\u00eda, Alejandro D\u00edaz, participar\u00e1n de la residencia en Casa Neptuna, Jos\u00e9 Ignacio, Uruguay.","breadcrumb":{"@id":"https:\/\/cooltivarte.com\/portal\/arca-international-festival-of-films-on-art-en-el-maca\/#breadcrumb"},"inLanguage":"es-AR","potentialAction":[{"@type":"ReadAction","target":["https:\/\/cooltivarte.com\/portal\/arca-international-festival-of-films-on-art-en-el-maca\/"]}]},{"@type":"ImageObject","inLanguage":"es-AR","@id":"https:\/\/cooltivarte.com\/portal\/arca-international-festival-of-films-on-art-en-el-maca\/#primaryimage","url":"https:\/\/cooltivarte.com\/portal\/wp-content\/uploads\/2024\/01\/ARCA-International-Festival-of-Films-on-Art-en-el-MACA-3-al-10-de-FEBRERO-2024.png","contentUrl":"https:\/\/cooltivarte.com\/portal\/wp-content\/uploads\/2024\/01\/ARCA-International-Festival-of-Films-on-Art-en-el-MACA-3-al-10-de-FEBRERO-2024.png","width":2220,"height":2176,"caption":"ARCA International Festival of Films on Art en el MACA 3 al 10 de FEBRERO 2024"},{"@type":"BreadcrumbList","@id":"https:\/\/cooltivarte.com\/portal\/arca-international-festival-of-films-on-art-en-el-maca\/#breadcrumb","itemListElement":[{"@type":"ListItem","position":1,"name":"Portada","item":"https:\/\/cooltivarte.com\/portal\/"},{"@type":"ListItem","position":2,"name":"ARCA: International Festival of Films on Art en el MACA"}]},{"@type":"WebSite","@id":"https:\/\/cooltivarte.com\/portal\/#website","url":"https:\/\/cooltivarte.com\/portal\/","name":"Cooltivarte Portal","description":"Arte, cultura y turismo para el mundo ...","publisher":{"@id":"https:\/\/cooltivarte.com\/portal\/#organization"},"potentialAction":[{"@type":"SearchAction","target":{"@type":"EntryPoint","urlTemplate":"https:\/\/cooltivarte.com\/portal\/?s={search_term_string}"},"query-input":{"@type":"PropertyValueSpecification","valueRequired":true,"valueName":"search_term_string"}}],"inLanguage":"es-AR"},{"@type":"Organization","@id":"https:\/\/cooltivarte.com\/portal\/#organization","name":"cooltivarte","url":"https:\/\/cooltivarte.com\/portal\/","logo":{"@type":"ImageObject","inLanguage":"es-AR","@id":"https:\/\/cooltivarte.com\/portal\/#\/schema\/logo\/image\/","url":"https:\/\/cooltivarte.com\/portal\/wp-content\/uploads\/2020\/04\/logo-cooltivarte-v2.png","contentUrl":"https:\/\/cooltivarte.com\/portal\/wp-content\/uploads\/2020\/04\/logo-cooltivarte-v2.png","width":851,"height":243,"caption":"cooltivarte"},"image":{"@id":"https:\/\/cooltivarte.com\/portal\/#\/schema\/logo\/image\/"},"sameAs":["https:\/\/www.facebook.com\/cooltivartecom\/","https:\/\/x.com\/obolocultural","https:\/\/www.instagram.com\/_cooltivarte_\/","https:\/\/www.linkedin.com\/company\/-bolocultural?reportsuccess=8zaNG1HwhPbAR9iQhZ5rfGeqz_vQFftHun0ZWU0Wy9vNemRJ8vtcKdJvzQfW8XagyOJSKg0XvfJ1dp","https:\/\/www.pinterest.com\/cooltivarte\/","https:\/\/cooltivarte.tumblr.com\/","https:\/\/www.tiktok.com\/@cooltivarte","https:\/\/www.youtube.com\/@PrensaCooltivarte"]},{"@type":"Person","@id":"https:\/\/cooltivarte.com\/portal\/#\/schema\/person\/ec2a4f4e71b740d0c559c0ab9a157e19","name":"Cooltivarte","image":{"@type":"ImageObject","inLanguage":"es-AR","@id":"https:\/\/cooltivarte.com\/portal\/wp-content\/uploads\/2014\/05\/logo-cooltivarte-120x120.jpg","url":"https:\/\/cooltivarte.com\/portal\/wp-content\/uploads\/2014\/05\/logo-cooltivarte-120x120.jpg","contentUrl":"https:\/\/cooltivarte.com\/portal\/wp-content\/uploads\/2014\/05\/logo-cooltivarte-120x120.jpg","caption":"Cooltivarte"},"description":"Somos COOLTIVARTE.COM. Un portal digital dedicado a difundir el acontecer art\u00edstico y cultural del Uruguay. Estamos en la vuelta desde el a\u00f1o 2003, y como evoluci\u00f3n del bolet\u00edn Obolo Cultural, nos encontramos abocados a apoyar a los artistas nacionales brind\u00e1ndoles un espacio de difusi\u00f3n. Creemos en la idea de utilizar la potencialidad que hoy d\u00eda nos otorga la web, para que la cultura uruguaya y sus creadores dispongan de una din\u00e1mica ventana, que los ponga en contacto entre s\u00ed y con el mundo. Somos COOLTIVARTE.COM y pretendemos configurarnos como un portal din\u00e1mico, entretenido y atento a los nuevos emprendimientos, que busque siempre la interacci\u00f3n con los artistas.","sameAs":["http:\/\/www.cooltivarte.com","https:\/\/www.facebook.com\/cooltivartecom","https:\/\/www.instagram.com\/_cooltivarte_\/","https:\/\/www.linkedin.com\/company\/-bolocultural","https:\/\/www.pinterest.com\/cooltivarte\/","https:\/\/x.com\/https:\/\/x.com\/obolocultural","https:\/\/www.youtube.com\/@PrensaCooltivarte","https:\/\/www.tumblr.com\/blog\/cooltivarte"],"url":"https:\/\/cooltivarte.com\/portal\/author\/cooltivarte\/"}]}},"_links":{"self":[{"href":"https:\/\/cooltivarte.com\/portal\/wp-json\/wp\/v2\/posts\/97836","targetHints":{"allow":["GET"]}}],"collection":[{"href":"https:\/\/cooltivarte.com\/portal\/wp-json\/wp\/v2\/posts"}],"about":[{"href":"https:\/\/cooltivarte.com\/portal\/wp-json\/wp\/v2\/types\/post"}],"author":[{"embeddable":true,"href":"https:\/\/cooltivarte.com\/portal\/wp-json\/wp\/v2\/users\/8"}],"replies":[{"embeddable":true,"href":"https:\/\/cooltivarte.com\/portal\/wp-json\/wp\/v2\/comments?post=97836"}],"version-history":[{"count":3,"href":"https:\/\/cooltivarte.com\/portal\/wp-json\/wp\/v2\/posts\/97836\/revisions"}],"predecessor-version":[{"id":98035,"href":"https:\/\/cooltivarte.com\/portal\/wp-json\/wp\/v2\/posts\/97836\/revisions\/98035"}],"wp:featuredmedia":[{"embeddable":true,"href":"https:\/\/cooltivarte.com\/portal\/wp-json\/wp\/v2\/media\/97837"}],"wp:attachment":[{"href":"https:\/\/cooltivarte.com\/portal\/wp-json\/wp\/v2\/media?parent=97836"}],"wp:term":[{"taxonomy":"category","embeddable":true,"href":"https:\/\/cooltivarte.com\/portal\/wp-json\/wp\/v2\/categories?post=97836"},{"taxonomy":"post_tag","embeddable":true,"href":"https:\/\/cooltivarte.com\/portal\/wp-json\/wp\/v2\/tags?post=97836"}],"curies":[{"name":"wp","href":"https:\/\/api.w.org\/{rel}","templated":true}]}}