{"id":97328,"date":"2023-12-21T13:12:32","date_gmt":"2023-12-21T16:12:32","guid":{"rendered":"https:\/\/cooltivarte.com\/portal\/?p=97328"},"modified":"2023-12-21T13:19:14","modified_gmt":"2023-12-21T16:19:14","slug":"24o-premios-accu-asociacion-de-criticos-de-cine-del-uruguay","status":"publish","type":"post","link":"https:\/\/cooltivarte.com\/portal\/24o-premios-accu-asociacion-de-criticos-de-cine-del-uruguay\/","title":{"rendered":"24\u00ba Premios ACCU &#8211; Asociaci\u00f3n de Cr\u00edticos de cine del uruguay"},"content":{"rendered":"<p>&nbsp;<\/p>\r\n<p>El pasado mi\u00e9rcoles 13 de diciembre la sala Delmira Agustini del Teatro Sol\u00eds se visti\u00f3 de gala para recibir a los nominados de la ceremonia de los premios de la Asociaci\u00f3n de Cr\u00edticos de Cine del Uruguay. Este es un reconocimiento que se da de parte de los Cr\u00edticos de Cine a las mejores producci\u00f3nes del a\u00f1o tanto nacionales como internacionales.<\/p>\r\n<p>La ceremonia estuvo marcada por un esp\u00edritu de fiesta y el gran ganador de la noche fue Juan Ignacio Fern\u00e1ndez Hoppe que se llev\u00f3 cinco reconocimientos, incluyendo Mejor Documental Nacional, Mejor Direcci\u00f3n y Mejor Pel\u00edcula Nacional por su pel\u00edcula &#8220;El retrato de mi padre&#8221;.<\/p>\r\n<p>&nbsp;<\/p>\r\n<div style='display:none' class=\"jeg_preview_slider gallery_1\" data-selector='gallery_1'>\n                        <div class=\"jeg_preview_holder\">\n                            <div class=\"jeg_preview_media\">\n                        <div class=\"jeg_preview_media_holder\">\n                            <h3>&nbsp;<\/h3>\n                            <div class=\"fullscreen-switch\">\n                                <i class=\"fa\"><\/i>\n                            <\/div>\n                            <div class=\"jeg_preview_media_content\">\n                                <div class=\"jeg_preview_media_content_holder_padding\">\n                                    <div class=\"jeg_preview_media_content_holder\"><\/div>\n                                <\/div>\n                                <div class=\"jeg_preview_media_content_navigation\">\n                                    <div class=\"prev\">\n\t\t\t\t\t\t\t\t\t\t<i class=\"fa\"><\/i>\n\t\t\t\t\t\t\t\t\t<\/div>\n                                    <div class=\"next\">\n\t\t\t\t\t\t\t\t\t\t<i class=\"fa\"><\/i>\n\t\t\t\t\t\t\t\t\t<\/div>\n                                <\/div>\n                                <div class='preview-slider-overlay'>\n                                    <div class='preloader_type preloader_dot'>\n                                        <div class=\"module-preloader jeg_preloader dot\">\n                                            <span><\/span><span><\/span><span><\/span>\n                                        <\/div>\n                                        <div class=\"module-preloader jeg_preloader circle\">\n                                            <div class=\"jnews_preloader_circle_outer\">\n                                                <div class=\"jnews_preloader_circle_inner\"><\/div>\n                                            <\/div>\n                                        <\/div>\n                                        <div class=\"module-preloader jeg_preloader square\">\n                                            <div class=\"jeg_square\">\n                                                <div class=\"jeg_square_inner\"><\/div>\n                                            <\/div>\n                                        <\/div>\n                                    <\/div>\n                                <\/div>\n                            <\/div>\n                            <div class=\"jeg_preview_control\">\n                                <div class=\"left_control\">\n                                    <div class=\"counter\"><span class=\"current\">1<\/span> of  3<\/div>\n                                    <div class=\"subtitle\"><\/div>\n                                <\/div>\n                                <div class=\"zoom\">\n                                    <span class=\"reduce\">-<\/span>\n                                    <span class=\"increase\">+<\/span>\n                                <\/div>\n                            <\/div>\n                        <\/div>\n                    <\/div>\n\n                    <div class=\"jeg_preview_bottom_slider\">\n                        <a data-id=\"0\" data-title=\"\" data-image=\"https:\/\/cooltivarte.com\/portal\/wp-content\/uploads\/2023\/12\/LUR8555-Copiar.jpg\" href=\"https:\/\/cooltivarte.com\/portal\/wp-content\/uploads\/2023\/12\/LUR8555-Copiar.jpg\" class=\"jeg_preview_item active\">\n                            <div class=\"jeg_preview_item_thumbnail\">\n                                <img decoding=\"async\" width=\"120\" height=\"86\" src=\"https:\/\/cooltivarte.com\/portal\/wp-content\/uploads\/2023\/12\/LUR8555-Copiar-120x86.jpg\" class=\"attachment-jnews-120x86 size-jnews-120x86\" alt=\"\" \/>\n                            <\/div>\n                        <\/a><a data-id=\"1\" data-title=\"\" data-image=\"https:\/\/cooltivarte.com\/portal\/wp-content\/uploads\/2023\/12\/LUR8559-Copiar.jpg\" href=\"https:\/\/cooltivarte.com\/portal\/wp-content\/uploads\/2023\/12\/LUR8559-Copiar.jpg\" class=\"jeg_preview_item \">\n                            <div class=\"jeg_preview_item_thumbnail\">\n                                <img decoding=\"async\" width=\"120\" height=\"86\" src=\"https:\/\/cooltivarte.com\/portal\/wp-content\/uploads\/2023\/12\/LUR8559-Copiar-120x86.jpg\" class=\"attachment-jnews-120x86 size-jnews-120x86\" alt=\"\" \/>\n                            <\/div>\n                        <\/a><a data-id=\"2\" data-title=\"Fotos: Luciana Rodr\u00edguez\" data-image=\"https:\/\/cooltivarte.com\/portal\/wp-content\/uploads\/2023\/12\/LUR8570-Copiar.jpg\" href=\"https:\/\/cooltivarte.com\/portal\/wp-content\/uploads\/2023\/12\/LUR8570-Copiar.jpg\" class=\"jeg_preview_item \">\n                            <div class=\"jeg_preview_item_thumbnail\">\n                                <img decoding=\"async\" width=\"120\" height=\"86\" src=\"https:\/\/cooltivarte.com\/portal\/wp-content\/uploads\/2023\/12\/LUR8570-Copiar-120x86.jpg\" class=\"attachment-jnews-120x86 size-jnews-120x86\" alt=\"\" \/>\n                            <\/div>\n                        <\/a>\n                    <\/div>\n                        <\/div>\n                        <div class=\"jeg_preview_description\">\n                            <div class=\"jeg_preview_slider_ads\"><div class='ads-wrapper'><a href='#' target=\"_blank\" rel='nofollow noopener' class='adlink jnews_gallery_ads'>\n                            <img src='https:\/\/cooltivarte.com\/portal\/wp-content\/themes\/jnews\/assets\/img\/jeg-empty.png' class='lazyload' data-src='https:\/\/cooltivarte.com\/portal\/wp-content\/uploads\/2021\/09\/ad_300x250.jpg' alt='' data-pin-no-hover=\"true\">\n                        <\/a><\/div><\/div>\n                            <div class=\"jeg_preview_description_wrapper\">\n                            <div class=\"jeg_hidden_preview_description\">\n                                <h3>1. <\/h3>\n                                <div class=\"jeg_preview_description_content\">\n                                    \n                                <\/div>\n                            <\/div><div class=\"jeg_hidden_preview_description\">\n                                <h3>2. <\/h3>\n                                <div class=\"jeg_preview_description_content\">\n                                    \n                                <\/div>\n                            <\/div><div class=\"jeg_hidden_preview_description\">\n                                <h3>3. Fotos: Luciana Rodr\u00edguez<\/h3>\n                                <div class=\"jeg_preview_description_content\">\n                                    \n                                <\/div>\n                            <\/div>\n                            <\/div>\n                        <\/div>\n                        <script>\n                            var gallery_1 = {\n                                rtl: false,\n                                native_zoom: true,\n                                zoom_max: 5,\n                                zoom_step: 40,\n                                image_sequence: []\n                            };\n                        <\/script>\n                    <\/div>\r\n<p>&nbsp;<\/p>\r\n<p>&nbsp;<\/p>\r\n<p>Tambi\u00e9n se entregaron homenajes a la trayectoria para Aldo Garay y a In\u00e9s Olmedo. Y hubo un momento especial para recordar la vida y obra de Rosalba Oxanbarat fallecida este a\u00f1o. \u00a0<\/p>\r\n<p>&nbsp;<\/p>\r\n<figure id=\"attachment_97333\" aria-describedby=\"caption-attachment-97333\" style=\"width: 300px\" class=\"wp-caption aligncenter\"><a href=\"https:\/\/cooltivarte.com\/portal\/wp-content\/uploads\/2023\/12\/LUR8506-Copiar.jpg\"><img loading=\"lazy\" decoding=\"async\" class=\"wp-image-97333 size-medium\" src=\"https:\/\/cooltivarte.com\/portal\/wp-content\/uploads\/2023\/12\/LUR8506-Copiar-300x200.jpg\" alt=\"\" width=\"300\" height=\"200\" srcset=\"https:\/\/cooltivarte.com\/portal\/wp-content\/uploads\/2023\/12\/LUR8506-Copiar-300x200.jpg 300w, https:\/\/cooltivarte.com\/portal\/wp-content\/uploads\/2023\/12\/LUR8506-Copiar-1024x682.jpg 1024w, https:\/\/cooltivarte.com\/portal\/wp-content\/uploads\/2023\/12\/LUR8506-Copiar-768x511.jpg 768w, https:\/\/cooltivarte.com\/portal\/wp-content\/uploads\/2023\/12\/LUR8506-Copiar-1536x1022.jpg 1536w, https:\/\/cooltivarte.com\/portal\/wp-content\/uploads\/2023\/12\/LUR8506-Copiar.jpg 1600w\" sizes=\"(max-width: 300px) 100vw, 300px\" \/><\/a><figcaption id=\"caption-attachment-97333\" class=\"wp-caption-text\">Fotos: Luciana Rodr\u00edguez<\/figcaption><\/figure>\r\n\r\n<p><strong>Lista completa de pel\u00edculas ganadoras<\/strong><\/p>\r\n\r\n\r\n\r\n<p><strong>Mejor pel\u00edcula nacional: <\/strong>EL RETRATO DE MI PADRE<\/p>\r\n\r\n\r\n\r\n<p><strong>Mejor direcci\u00f3n: <\/strong>Juan Ignacio Fern\u00e1ndez Hoppe &#8211; EL RETRATO DE MI PADRE<\/p>\r\n\r\n\r\n\r\n<p><strong>Mejor documental nacional: <\/strong>EL RETRATO DE MI PADRE<\/p>\r\n\r\n\r\n\r\n<p><strong>Mejor \u00f3pera prima: <\/strong>MILONGA<\/p>\r\n\r\n\r\n\r\n<p><strong>Mejor direcci\u00f3n de fotograf\u00eda: <\/strong>Juan Ignacio Fern\u00e1ndez Hoppe &#8211; EL RETRATO DE MI PADRE<\/p>\r\n\r\n\r\n\r\n<p><strong>Mejor direcci\u00f3n de fotograf\u00eda<\/strong> \u2013 premio SCU (Sociedad de Cinematograf\u00eda del Uruguay) Guy Chanel \u2013 EUR\u00cdDICE, ALL\u00c1 LEJOS<\/p>\r\n\r\n\r\n\r\n<p><strong>Mejor gui\u00f3n: <\/strong>Juan Ignacio Fern\u00e1ndez Hoppe, Guillermo Madeiro, Guillermo Rocamora &#8211; EL RETRATO DE MI PADRE<\/p>\r\n\r\n\r\n\r\n<p><strong>Mejor direcci\u00f3n de arte: <\/strong>Gonzalo Delgado &#8211; TEMAS PROPIOS<\/p>\r\n\r\n\r\n\r\n<p><strong>Mejor direcci\u00f3n de sonido: <\/strong>Santiago Car\u00e1mbula, Santiago Bednarik &#8211; HOT CLUB DE MONTEVIDEO<\/p>\r\n\r\n\r\n\r\n<p><strong>Mejor m\u00fasica original:<\/strong> Mart\u00edn Rivero, Nicol\u00e1s Demczylo &#8211; TEMAS PROPIOS<\/p>\r\n\r\n\r\n\r\n<p><strong>Mejor montaje<\/strong> \u2013 premio EOU (Editores Organizados Uruguay) Juan Ignacio Fern\u00e1ndez Hoppe, Guillermo Madeiro, Guillermo Rocamora &#8211; EL RETRATO DE MI PADRE<\/p>\r\n\r\n\r\n\r\n<p><strong>Mejor actor: <\/strong>Franco Rizzaro &#8211; TEMAS PROPIOS<\/p>\r\n\r\n\r\n\r\n<p><strong>Mejor actriz: <\/strong>Paulina Garc\u00eda &#8211; MILONGA<\/p>\r\n\r\n\r\n\r\n<p><strong>Mejor actor de reparto: <\/strong>Santiago Musetti &#8211; AMORES PENDIENTES<\/p>\r\n\r\n\r\n\r\n<p><strong>Mejor actriz de reparto: <\/strong>Valeria Lois &#8211; TEMAS PROPIOS<\/p>\r\n\r\n\r\n\r\n<p><strong>Premio MUSITELLI al mejor cortometraje: <\/strong>ANTES DE MADRID<\/p>\r\n\r\n\r\n\r\n<p><strong>Premio revelaci\u00f3n: <\/strong>Vicente Pieri &#8211; TEMAS PROPIOS<\/p>\r\n\r\n\r\n\r\n<p><strong>Mejor pel\u00edcula internacional: <\/strong>LOS ASESINOS DE LA LUNA<\/p>\r\n\r\n\r\n\r\n<p><strong>Mejor documental internacional: <\/strong>EL JUICIO<\/p>\r\n\r\n\r\n\r\n<p><strong>Mejor animaci\u00f3n internacional: <\/strong>SUZUME<\/p>\r\n\r\n\r\n\r\n<p><strong>Mejor pel\u00edcula iberoamericana: <\/strong>LOS DELINCUENTES<\/p>\r\n","protected":false},"excerpt":{"rendered":"<p>&nbsp; El pasado mi\u00e9rcoles 13 de diciembre la sala Delmira Agustini del Teatro Sol\u00eds se visti\u00f3 de gala para recibir a los nominados de la ceremonia de los premios de la Asociaci\u00f3n de Cr\u00edticos de Cine del Uruguay. Este es un reconocimiento que se da de parte de los Cr\u00edticos de Cine a las mejores [&hellip;]<\/p>\n","protected":false},"author":155,"featured_media":97329,"comment_status":"closed","ping_status":"closed","sticky":false,"template":"","format":"standard","meta":{"om_disable_all_campaigns":false,"ngg_post_thumbnail":0,"jnews-multi-image_gallery":[],"jnews_single_post":{"subtitle":"","format":"standard","video":"","gallery":"","source_name":"","source_url":"","via_name":"","via_url":"","override_template":"0","override":[{"template":"4","single_blog_custom":"","parallax":"1","fullscreen":"0","layout":"right-sidebar","sidebar":"default-sidebar","second_sidebar":"default-sidebar","sticky_sidebar":"1","share_position":"bottom","share_float_style":"share-monocrhome","show_share_counter":"1","show_view_counter":"1","show_featured":"1","show_post_meta":"1","show_post_author":"1","show_post_author_image":"1","show_post_date":"1","post_date_format":"default","post_date_format_custom":"Y\/m\/d","show_post_category":"1","show_post_reading_time":"0","post_reading_time_wpm":"300","show_zoom_button":"0","zoom_button_out_step":"2","zoom_button_in_step":"3","show_post_tag":"1","show_prev_next_post":"1","show_popup_post":"1","number_popup_post":"1","show_author_box":"1","show_post_related":"0","show_inline_post_related":"0"}],"override_image_size":"0","image_override":[{"single_post_thumbnail_size":"no-crop","single_post_gallery_size":"crop-500"}],"trending_post":"0","trending_post_position":"meta","trending_post_label":"Trending","sponsored_post":"0","sponsored_post_label":"Sponsored by","sponsored_post_name":"","sponsored_post_url":"","sponsored_post_logo_enable":"0","sponsored_post_logo":"","sponsored_post_desc":"","disable_ad":"0"},"jnews_primary_category":{"id":"","hide":""},"jnews_social_meta":{"fb_title":"","fb_description":"","fb_image":"","twitter_title":"","twitter_description":"","twitter_image":""},"jnews_override_counter":{"override_view_counter":"0","view_counter_number":"0","override_share_counter":"0","share_counter_number":"0","override_like_counter":"0","like_counter_number":"0","override_dislike_counter":"0","dislike_counter_number":"0"},"footnotes":""},"categories":[72,51],"tags":[],"class_list":["post-97328","post","type-post","status-publish","format-standard","has-post-thumbnail","hentry","category-cine","category-noticias"],"yoast_head":"<!-- This site is optimized with the Yoast SEO plugin v27.5 - https:\/\/yoast.com\/product\/yoast-seo-wordpress\/ -->\n<title>24\u00ba Premios ACCU - Asociaci\u00f3n de Cr\u00edticos de cine del uruguay - Cooltivarte Portal<\/title>\n<meta name=\"description\" content=\"COOLTIVARTE.COM es un portal digital colaborativo de actualizaci\u00f3n permanente dedicado a difundir el acontecer art\u00edstico y cultural, entrevista artistas, gestores y productores de las diferentes disciplinas del arte, y publicando art\u00edculos de reflexi\u00f3n de producci\u00f3n propia sobre los elementos culturales.\" \/>\n<meta name=\"robots\" content=\"index, follow, max-snippet:-1, max-image-preview:large, max-video-preview:-1\" \/>\n<link rel=\"canonical\" href=\"https:\/\/cooltivarte.com\/portal\/24o-premios-accu-asociacion-de-criticos-de-cine-del-uruguay\/\" \/>\n<meta property=\"og:locale\" content=\"es_ES\" \/>\n<meta property=\"og:type\" content=\"article\" \/>\n<meta property=\"og:title\" content=\"24\u00ba Premios ACCU - Asociaci\u00f3n de Cr\u00edticos de cine del uruguay - Cooltivarte Portal\" \/>\n<meta property=\"og:description\" content=\"COOLTIVARTE.COM es un portal digital colaborativo de actualizaci\u00f3n permanente dedicado a difundir el acontecer art\u00edstico y cultural, entrevista artistas, gestores y productores de las diferentes disciplinas del arte, y publicando art\u00edculos de reflexi\u00f3n de producci\u00f3n propia sobre los elementos culturales.\" \/>\n<meta property=\"og:url\" content=\"https:\/\/cooltivarte.com\/portal\/24o-premios-accu-asociacion-de-criticos-de-cine-del-uruguay\/\" \/>\n<meta property=\"og:site_name\" content=\"Cooltivarte Portal\" \/>\n<meta property=\"article:publisher\" content=\"https:\/\/www.facebook.com\/cooltivartecom\/\" \/>\n<meta property=\"article:author\" content=\"https:\/\/www.facebook.com\/cineylibros\/\" \/>\n<meta property=\"article:published_time\" content=\"2023-12-21T16:12:32+00:00\" \/>\n<meta property=\"article:modified_time\" content=\"2023-12-21T16:19:14+00:00\" \/>\n<meta property=\"og:image\" content=\"https:\/\/cooltivarte.com\/portal\/wp-content\/uploads\/2023\/12\/4.jpg\" \/>\n\t<meta property=\"og:image:width\" content=\"2000\" \/>\n\t<meta property=\"og:image:height\" content=\"1333\" \/>\n\t<meta property=\"og:image:type\" content=\"image\/jpeg\" \/>\n<meta name=\"author\" content=\"Luciana Rodriguez\" \/>\n<meta name=\"twitter:card\" content=\"summary_large_image\" \/>\n<meta name=\"twitter:creator\" content=\"@https:\/\/x.com\/obolocultural\" \/>\n<meta name=\"twitter:site\" content=\"@obolocultural\" \/>\n<meta name=\"twitter:label1\" content=\"Escrito por\" \/>\n\t<meta name=\"twitter:data1\" content=\"Luciana Rodriguez\" \/>\n\t<meta name=\"twitter:label2\" content=\"Tiempo de lectura\" \/>\n\t<meta name=\"twitter:data2\" content=\"2 minutos\" \/>\n<!-- \/ Yoast SEO plugin. -->","yoast_head_json":{"title":"24\u00ba Premios ACCU - Asociaci\u00f3n de Cr\u00edticos de cine del uruguay - Cooltivarte Portal","description":"COOLTIVARTE.COM es un portal digital colaborativo de actualizaci\u00f3n permanente dedicado a difundir el acontecer art\u00edstico y cultural, entrevista artistas, gestores y productores de las diferentes disciplinas del arte, y publicando art\u00edculos de reflexi\u00f3n de producci\u00f3n propia sobre los elementos culturales.","robots":{"index":"index","follow":"follow","max-snippet":"max-snippet:-1","max-image-preview":"max-image-preview:large","max-video-preview":"max-video-preview:-1"},"canonical":"https:\/\/cooltivarte.com\/portal\/24o-premios-accu-asociacion-de-criticos-de-cine-del-uruguay\/","og_locale":"es_ES","og_type":"article","og_title":"24\u00ba Premios ACCU - Asociaci\u00f3n de Cr\u00edticos de cine del uruguay - Cooltivarte Portal","og_description":"COOLTIVARTE.COM es un portal digital colaborativo de actualizaci\u00f3n permanente dedicado a difundir el acontecer art\u00edstico y cultural, entrevista artistas, gestores y productores de las diferentes disciplinas del arte, y publicando art\u00edculos de reflexi\u00f3n de producci\u00f3n propia sobre los elementos culturales.","og_url":"https:\/\/cooltivarte.com\/portal\/24o-premios-accu-asociacion-de-criticos-de-cine-del-uruguay\/","og_site_name":"Cooltivarte Portal","article_publisher":"https:\/\/www.facebook.com\/cooltivartecom\/","article_author":"https:\/\/www.facebook.com\/cineylibros\/","article_published_time":"2023-12-21T16:12:32+00:00","article_modified_time":"2023-12-21T16:19:14+00:00","og_image":[{"width":2000,"height":1333,"url":"https:\/\/cooltivarte.com\/portal\/wp-content\/uploads\/2023\/12\/4.jpg","type":"image\/jpeg"}],"author":"Luciana Rodriguez","twitter_card":"summary_large_image","twitter_creator":"@https:\/\/x.com\/obolocultural","twitter_site":"@obolocultural","twitter_misc":{"Escrito por":"Luciana Rodriguez","Tiempo de lectura":"2 minutos"},"schema":{"@context":"https:\/\/schema.org","@graph":[{"@type":"NewsArticle","@id":"https:\/\/cooltivarte.com\/portal\/24o-premios-accu-asociacion-de-criticos-de-cine-del-uruguay\/#article","isPartOf":{"@id":"https:\/\/cooltivarte.com\/portal\/24o-premios-accu-asociacion-de-criticos-de-cine-del-uruguay\/"},"author":{"name":"Luciana Rodriguez","@id":"https:\/\/cooltivarte.com\/portal\/#\/schema\/person\/5e9cf931afe7ffe76aa2a2d7d2c906bd"},"headline":"24\u00ba Premios ACCU &#8211; Asociaci\u00f3n de Cr\u00edticos de cine del uruguay","datePublished":"2023-12-21T16:12:32+00:00","dateModified":"2023-12-21T16:19:14+00:00","mainEntityOfPage":{"@id":"https:\/\/cooltivarte.com\/portal\/24o-premios-accu-asociacion-de-criticos-de-cine-del-uruguay\/"},"wordCount":435,"publisher":{"@id":"https:\/\/cooltivarte.com\/portal\/#organization"},"image":{"@id":"https:\/\/cooltivarte.com\/portal\/24o-premios-accu-asociacion-de-criticos-de-cine-del-uruguay\/#primaryimage"},"thumbnailUrl":"https:\/\/cooltivarte.com\/portal\/wp-content\/uploads\/2023\/12\/4.jpg","articleSection":["Cine y TV","Noticias"],"inLanguage":"es-AR"},{"@type":"WebPage","@id":"https:\/\/cooltivarte.com\/portal\/24o-premios-accu-asociacion-de-criticos-de-cine-del-uruguay\/","url":"https:\/\/cooltivarte.com\/portal\/24o-premios-accu-asociacion-de-criticos-de-cine-del-uruguay\/","name":"24\u00ba Premios ACCU - Asociaci\u00f3n de Cr\u00edticos de cine del uruguay - Cooltivarte Portal","isPartOf":{"@id":"https:\/\/cooltivarte.com\/portal\/#website"},"primaryImageOfPage":{"@id":"https:\/\/cooltivarte.com\/portal\/24o-premios-accu-asociacion-de-criticos-de-cine-del-uruguay\/#primaryimage"},"image":{"@id":"https:\/\/cooltivarte.com\/portal\/24o-premios-accu-asociacion-de-criticos-de-cine-del-uruguay\/#primaryimage"},"thumbnailUrl":"https:\/\/cooltivarte.com\/portal\/wp-content\/uploads\/2023\/12\/4.jpg","datePublished":"2023-12-21T16:12:32+00:00","dateModified":"2023-12-21T16:19:14+00:00","description":"COOLTIVARTE.COM es un portal digital colaborativo de actualizaci\u00f3n permanente dedicado a difundir el acontecer art\u00edstico y cultural, entrevista artistas, gestores y productores de las diferentes disciplinas del arte, y publicando art\u00edculos de reflexi\u00f3n de producci\u00f3n propia sobre los elementos culturales.","breadcrumb":{"@id":"https:\/\/cooltivarte.com\/portal\/24o-premios-accu-asociacion-de-criticos-de-cine-del-uruguay\/#breadcrumb"},"inLanguage":"es-AR","potentialAction":[{"@type":"ReadAction","target":["https:\/\/cooltivarte.com\/portal\/24o-premios-accu-asociacion-de-criticos-de-cine-del-uruguay\/"]}]},{"@type":"ImageObject","inLanguage":"es-AR","@id":"https:\/\/cooltivarte.com\/portal\/24o-premios-accu-asociacion-de-criticos-de-cine-del-uruguay\/#primaryimage","url":"https:\/\/cooltivarte.com\/portal\/wp-content\/uploads\/2023\/12\/4.jpg","contentUrl":"https:\/\/cooltivarte.com\/portal\/wp-content\/uploads\/2023\/12\/4.jpg","width":2000,"height":1333},{"@type":"BreadcrumbList","@id":"https:\/\/cooltivarte.com\/portal\/24o-premios-accu-asociacion-de-criticos-de-cine-del-uruguay\/#breadcrumb","itemListElement":[{"@type":"ListItem","position":1,"name":"Portada","item":"https:\/\/cooltivarte.com\/portal\/"},{"@type":"ListItem","position":2,"name":"24\u00ba Premios ACCU &#8211; Asociaci\u00f3n de Cr\u00edticos de cine del uruguay"}]},{"@type":"WebSite","@id":"https:\/\/cooltivarte.com\/portal\/#website","url":"https:\/\/cooltivarte.com\/portal\/","name":"Cooltivarte Portal","description":"Arte, cultura y turismo para el mundo ...","publisher":{"@id":"https:\/\/cooltivarte.com\/portal\/#organization"},"potentialAction":[{"@type":"SearchAction","target":{"@type":"EntryPoint","urlTemplate":"https:\/\/cooltivarte.com\/portal\/?s={search_term_string}"},"query-input":{"@type":"PropertyValueSpecification","valueRequired":true,"valueName":"search_term_string"}}],"inLanguage":"es-AR"},{"@type":"Organization","@id":"https:\/\/cooltivarte.com\/portal\/#organization","name":"cooltivarte","url":"https:\/\/cooltivarte.com\/portal\/","logo":{"@type":"ImageObject","inLanguage":"es-AR","@id":"https:\/\/cooltivarte.com\/portal\/#\/schema\/logo\/image\/","url":"https:\/\/cooltivarte.com\/portal\/wp-content\/uploads\/2020\/04\/logo-cooltivarte-v2.png","contentUrl":"https:\/\/cooltivarte.com\/portal\/wp-content\/uploads\/2020\/04\/logo-cooltivarte-v2.png","width":851,"height":243,"caption":"cooltivarte"},"image":{"@id":"https:\/\/cooltivarte.com\/portal\/#\/schema\/logo\/image\/"},"sameAs":["https:\/\/www.facebook.com\/cooltivartecom\/","https:\/\/x.com\/obolocultural","https:\/\/www.instagram.com\/_cooltivarte_\/","https:\/\/www.linkedin.com\/company\/-bolocultural?reportsuccess=8zaNG1HwhPbAR9iQhZ5rfGeqz_vQFftHun0ZWU0Wy9vNemRJ8vtcKdJvzQfW8XagyOJSKg0XvfJ1dp","https:\/\/www.pinterest.com\/cooltivarte\/","https:\/\/cooltivarte.tumblr.com\/","https:\/\/www.tiktok.com\/@cooltivarte","https:\/\/www.youtube.com\/@PrensaCooltivarte"]},{"@type":"Person","@id":"https:\/\/cooltivarte.com\/portal\/#\/schema\/person\/5e9cf931afe7ffe76aa2a2d7d2c906bd","name":"Luciana Rodriguez","image":{"@type":"ImageObject","inLanguage":"es-AR","@id":"https:\/\/cooltivarte.com\/portal\/wp-content\/uploads\/2019\/10\/luciana-120x120.jpg","url":"https:\/\/cooltivarte.com\/portal\/wp-content\/uploads\/2019\/10\/luciana-120x120.jpg","contentUrl":"https:\/\/cooltivarte.com\/portal\/wp-content\/uploads\/2019\/10\/luciana-120x120.jpg","caption":"Luciana Rodriguez"},"description":"Luciana Rodr\u00edguez, mam\u00e1, fot\u00f3grafa, t\u00e9cnica en comunicaci\u00f3n social, actualmente realizando la licenciatura en comunicaci\u00f3n audiovisual en la Fic (Udelar). Desde peque\u00f1a mi primer amor fue el cine, tard\u00edamente encontr\u00e9 mi segunda pasi\u00f3n en la literatura. Mi sue\u00f1o es lograr convertirme en cineasta, principalmente dentro del cine documental, mientras tanto disfruto de las obras ajenas intentando por este medio que otros las conozcan.","sameAs":["https:\/\/entrenoslibroscine.wordpress.com\/","https:\/\/www.facebook.com\/cineylibros\/","https:\/\/www.instagram.com\/luciana.rodriguez.cine","https:\/\/www.linkedin.com\/company\/-bolocultural\/","https:\/\/www.pinterest.com\/cooltivarte\/","https:\/\/x.com\/https:\/\/x.com\/obolocultural","https:\/\/www.youtube.com\/@PrensaCooltivarte","https:\/\/cooltivarte.tumblr.com\/"],"url":"https:\/\/cooltivarte.com\/portal\/author\/luciana-rodriguez\/"}]}},"_links":{"self":[{"href":"https:\/\/cooltivarte.com\/portal\/wp-json\/wp\/v2\/posts\/97328","targetHints":{"allow":["GET"]}}],"collection":[{"href":"https:\/\/cooltivarte.com\/portal\/wp-json\/wp\/v2\/posts"}],"about":[{"href":"https:\/\/cooltivarte.com\/portal\/wp-json\/wp\/v2\/types\/post"}],"author":[{"embeddable":true,"href":"https:\/\/cooltivarte.com\/portal\/wp-json\/wp\/v2\/users\/155"}],"replies":[{"embeddable":true,"href":"https:\/\/cooltivarte.com\/portal\/wp-json\/wp\/v2\/comments?post=97328"}],"version-history":[{"count":6,"href":"https:\/\/cooltivarte.com\/portal\/wp-json\/wp\/v2\/posts\/97328\/revisions"}],"predecessor-version":[{"id":97339,"href":"https:\/\/cooltivarte.com\/portal\/wp-json\/wp\/v2\/posts\/97328\/revisions\/97339"}],"wp:featuredmedia":[{"embeddable":true,"href":"https:\/\/cooltivarte.com\/portal\/wp-json\/wp\/v2\/media\/97329"}],"wp:attachment":[{"href":"https:\/\/cooltivarte.com\/portal\/wp-json\/wp\/v2\/media?parent=97328"}],"wp:term":[{"taxonomy":"category","embeddable":true,"href":"https:\/\/cooltivarte.com\/portal\/wp-json\/wp\/v2\/categories?post=97328"},{"taxonomy":"post_tag","embeddable":true,"href":"https:\/\/cooltivarte.com\/portal\/wp-json\/wp\/v2\/tags?post=97328"}],"curies":[{"name":"wp","href":"https:\/\/api.w.org\/{rel}","templated":true}]}}