{"id":96913,"date":"2023-12-05T15:00:00","date_gmt":"2023-12-05T18:00:00","guid":{"rendered":"https:\/\/cooltivarte.com\/portal\/?p=96913"},"modified":"2024-01-23T14:35:26","modified_gmt":"2024-01-23T17:35:26","slug":"la-sociedad-de-la-nieve","status":"publish","type":"post","link":"https:\/\/cooltivarte.com\/portal\/la-sociedad-de-la-nieve\/","title":{"rendered":"La sociedad de la nieve"},"content":{"rendered":"<p><iframe title=\"YouTube video player\" src=\"https:\/\/www.youtube.com\/embed\/l9tP4M8URhQ?si=FzFp2_FIigUTdqNk\" width=\"100%\" height=\"515\" frameborder=\"0\" allowfullscreen=\"allowfullscreen\"><span style=\"display: inline-block; width: 0px; overflow: hidden; line-height: 0;\" data-mce-type=\"bookmark\" class=\"mce_SELRES_start\">\ufeff<\/span><\/iframe><br \/>\n&nbsp;<\/p>\n<p>Sobrevivir fue cosa de todos. #LaSociedadDeLaNieve, una pel\u00edcula de <strong>J. A. Bayona<\/strong> sobre una de las historias m\u00e1s impresionantes del siglo XX y seleccionada para representar a Espa\u00f1a en los Oscar\u00ae 2024, llega a algunos cines en diciembre y a Netflix el 4 de enero 2024.<\/p>\n<p><strong>La sociedad de la nieve<\/strong><br \/>\n2 h 25 min | Drama<\/p>\n<p>Cuando un avi\u00f3n uruguayo se estrella en el remoto coraz\u00f3n de los Andes en 1972, los sobrevivientes se ven obligados a depender unos de otros.<\/p>\n<p>Protagonistas: <strong>Enzo Vogrincic, Agust\u00edn Pardella, Mat\u00edas Recalt<\/strong><\/p>\n<p>&nbsp;<\/p>\n<p><img fetchpriority=\"high\" decoding=\"async\" class=\"aligncenter wp-image-96915 size-large\" title=\"La sociedad de la nieve - Tr\u00e1iler oficial - Netflix\" src=\"https:\/\/cooltivarte.com\/portal\/wp-content\/uploads\/2023\/12\/La-sociedad-de-la-nieve-Trailer-oficial-Netflix-1024x576.jpg\" alt=\"La sociedad de la nieve - Tr\u00e1iler oficial - Netflix\" width=\"1024\" height=\"576\" srcset=\"https:\/\/cooltivarte.com\/portal\/wp-content\/uploads\/2023\/12\/La-sociedad-de-la-nieve-Trailer-oficial-Netflix-1024x576.jpg 1024w, https:\/\/cooltivarte.com\/portal\/wp-content\/uploads\/2023\/12\/La-sociedad-de-la-nieve-Trailer-oficial-Netflix-300x169.jpg 300w, https:\/\/cooltivarte.com\/portal\/wp-content\/uploads\/2023\/12\/La-sociedad-de-la-nieve-Trailer-oficial-Netflix-768x432.jpg 768w, https:\/\/cooltivarte.com\/portal\/wp-content\/uploads\/2023\/12\/La-sociedad-de-la-nieve-Trailer-oficial-Netflix.jpg 1280w\" sizes=\"(max-width: 1024px) 100vw, 1024px\" \/><\/p>\n<p>&nbsp;<\/p>\n<p><a href=\"https:\/\/amzn.to\/3UiP0QW\" target=\"_blank\" rel=\"noopener\"><em><strong>La sociedad de la nieve<\/strong><\/em><\/a> es una pel\u00edcula dram\u00e1tica espa\u00f1ola de 2023, dirigida y escrita por<strong> J. A. Bayona<\/strong>, basada en el libro hom\u00f3nimo de <strong>Pablo Vierci<\/strong>, que relata el accidente del Vuelo 571 de la Fuerza A\u00e9rea Uruguaya en la cordillera de los Andes en 1972. La pel\u00edcula est\u00e1 protagonizada por<strong> Enzo Vogrincic<\/strong> en el papel de<strong> Numa Turcatti<\/strong>, uno de los pasajeros del vuelo.<\/p>\n<p>Bayona lleva este impactante acontecimiento real a la gran pantalla con una narraci\u00f3n que, por primera vez, cuenta la historia de toda &#8220;la sociedad de la nieve&#8221;: no solo de los supervivientes del accidente a\u00e9reo, sino tambi\u00e9n de los que murieron en los Andes.<\/p>\n<p>Est\u00e1 previsto que la pel\u00edcula se estrene en las salas de cines el 15 de diciembre de 2023\u200b, antes de su estreno mundial en la plataforma de Netflix el 4 de enero de 2024.\u200b Fue elegida por la Academia de las Artes y las Ciencias Cinematogr\u00e1ficas para representar a Espa\u00f1a en los Premios \u00d3scar 2024 en la categor\u00eda de Mejor Pel\u00edcula Internacional.\u200b<\/p>\n<p>La pel\u00edcula fue proyectada el 9 de septiembre de 2023 en la clausura del 80.\u00ba Festival Internacional de Cine de Venecia.\u200b El 1 de septiembre de 2023, J.A. Bayona present\u00f3 la pel\u00edcula a los sobrevivientes, a sus familias y a las familias de los pasajeros fallecidos de aquel Fairchild FH-227D. Sobre aquella funci\u00f3n privada, el sobreviviente <strong>Gustavo Zerbino<\/strong> declar\u00f3: \u201c<em>cuando empezaron los cr\u00e9ditos, se puso de pie todo el cine a aplaudir. Te hace llorar toda la pel\u00edcula. Es fuerte, pero es una pel\u00edcula maravillosa<\/em>\u201d.<\/p>\n<p>&nbsp;<\/p>\n<p><strong>El reparto est\u00e1 compuesto de actores uruguayos y argentinos:<\/strong><\/p>\n<p>Enzo Vogrincic como Numa Turcatti. Estudiante de Derecho de 24 a\u00f1os. Viaj\u00f3 a Chile por invitaci\u00f3n de su mejor amigo, Pancho Delgado. No jugaba al rugby, sino al f\u00fatbol, y apenas conoc\u00eda al resto de los pasajeros. Sali\u00f3 ileso del choque e inmediatamente se entreg\u00f3 al servicio del grupo, lo que lo hizo ser querido por todos. Por su fortaleza y pujanza, particip\u00f3 de varias expediciones.<\/p>\n<p>Agust\u00edn Pardella como Nando Parrado. Estudiante y jugador de rugby de 22 a\u00f1os. Viaj\u00f3 junto a su madre, su hermana y sus amigos \u00edntimos, &#8220;Panchito&#8221; Abal y Guido Magri. Tras el accidente, Nando qued\u00f3 inconsciente a causa de una fuerte conmoci\u00f3n cerebral.<\/p>\n<p>Mat\u00edas Recalt como Roberto Canessa. Estudiante de Medicina y jugador de rugby de 19 a\u00f1os. Ocurrido el accidente, asumi\u00f3 el papel de m\u00e9dico y prest\u00f3 cuidados a los heridos. Protagoniz\u00f3 varias disputas con sus compa\u00f1eros, por su naturaleza arrolladora y testaruda.<\/p>\n<p>Tomas Wolf como Gustavo Zerbino. Estudiante de Medicina y jugador de rugby de 19 a\u00f1os. Particip\u00f3 en las primeras excursiones. Adem\u00e1s, se encarg\u00f3 de atender a los heridos y de preservar la memoria de los que murieron en la monta\u00f1a, recopilando sus objetos personales con el fin de entregarlos a sus familiares.<\/p>\n<p>Diego Vegezzi como Marcelo P\u00e9rez del Castillo. Estudiante de Arquitectura de 25 a\u00f1os y capit\u00e1n del equipo de rugby del &#8220;Old Christians Club&#8221;. Tras el accidente, asumi\u00f3 el liderazgo del grupo. Racionaba los v\u00edveres y organizaba los grupos de trabajo. Era optimista y sosten\u00eda que pronto acudir\u00eda el rescate.<\/p>\n<p>Fernando Contigiani como Arturo Nogueira. Estudiante de Econom\u00eda y jugador de rugby de 21 a\u00f1os. En el impacto se fractur\u00f3 sus piernas y qued\u00f3 gravemente herido.<\/p>\n<p>Esteban Kukuriczka como Adolfo &#8220;Fito&#8221; Strauch Urioste. Estudiante de Ingenier\u00eda Agr\u00f3noma de 24 a\u00f1os. Invent\u00f3 la m\u00e1quina para derretir hielo y las gafas de sol. Viaj\u00f3 con sus primos Eduardo Strauch Urioste, Daniel Fern\u00e1ndez Strauch y Daniel Shaw Urioste. Los tres primos Strauch asumieron un papel de liderazgo fundamental para la organizaci\u00f3n del grupo.<\/p>\n<p>Valentino Alonso como Alfredo &#8220;Pancho&#8221; Delgado. Estudiante de Derecho de 24 a\u00f1os. Pancho fue invitado al viaje por Gast\u00f3n Costemalle y convenci\u00f3 a su mejor amigo Numa Turcatti de acompa\u00f1arlo. A causa del accidente, Pancho tuvo heridas de gravedad en una pierna.<\/p>\n<p>Francisco Romero como Daniel Fern\u00e1ndez Strauch. Estudiante de Ingenier\u00eda Agr\u00f3noma de 26 a\u00f1os.<\/p>\n<p>Esteban Bigliardi como Javier Methol. 36 a\u00f1os. Fue invitado por su primo Panchito Abal. Viaj\u00f3 con su esposa Liliana Navarro, con quien ten\u00eda cuatro hijos.<\/p>\n<p>Agust\u00edn Della Corte como Antonio \u201cTint\u00edn\u201d Vizint\u00edn. Estudiante de Derecho y jugador de rugby de 19 a\u00f1os. A consecuencia del accidente, se fractur\u00f3 dos costillas. No obstante, fue un expedicionario y puso su fortaleza f\u00edsica al servicio del grupo.<\/p>\n<p>Louta como Gast\u00f3n Costemalle. Estudiante de Derecho y jugador de rugby de 23 a\u00f1os. Hab\u00eda perdido recientemente a su padre y a su hermano. Invit\u00f3 a Chile a su \u00edntimo amigo Coche Inciarte y a su compa\u00f1ero de facultad Pancho Delgado.<\/p>\n<p>Blas Polidori como Gustavo &#8220;Coco&#8221; Nicolich. Estudiante de Veterinaria y jugador de rugby de 20 a\u00f1os. Vol\u00f3 con su grupo de amigos: Roy Harley, Carlitos P\u00e1ez, Diego Storm y Bobby Fran\u00e7ois. Varado en la monta\u00f1a, escribi\u00f3 cartas a su familia relatando el accidente y los d\u00edas de supervivencia.<\/p>\n<p>Benjam\u00edn Segura como Rafael &#8220;Vasco&#8221; Echavarren. Estudiante de Lecher\u00eda de 22 a\u00f1os. A causa del accidente, su pierna qued\u00f3 gravemente herida. A\u00fan as\u00ed, se destac\u00f3 entre los sobrevivientes por su \u00e1nimo y optimismo.<\/p>\n<p>Santiago Vaca Narvaja como Daniel Maspons. Estudiante y jugador de rugby de 20 a\u00f1os. \u00cdntimo amigo de Roberto Canessa. Sali\u00f3 ileso del accidente y form\u00f3 parte de los expedicionarios.<\/p>\n<p>Rafael Federman como Eduardo Strauch Urioste. Estudiante de Arquitectura de 25 a\u00f1os. Viaj\u00f3 a Chile con sus primos y su mejor amigo Marcelo P\u00e9rez del Castillo.<\/p>\n<p>Emanuel Parga como Sargento Carlos Roque. Mec\u00e1nico del avi\u00f3n de 24 a\u00f1os. El \u00fanico miembro de la tripulaci\u00f3n que sobrevivi\u00f3 al choque.<\/p>\n<p>Felipe Gonz\u00e1lez Ota\u00f1o como Carlos &#8220;Carlitos&#8221; P\u00e1ez. Estudiante de 18 a\u00f1os.<\/p>\n<p>Sim\u00f3n Hempe como Jos\u00e9 Luis &#8220;Coche&#8221; Inciarte. Estudiante de Ingenier\u00eda Agr\u00f3noma de 24 a\u00f1os, de car\u00e1cter afectuoso. Fue invitado por su mejor amigo Gast\u00f3n Costemalle.<\/p>\n<p>Andy Pruss como Roy Harley. Estudiante de Ingenier\u00eda de 20 a\u00f1os y jugador de rugby. Tras el accidente, repar\u00f3 el transistor que sirvi\u00f3 para escuchar las noticias.<\/p>\n<p>Rocco Posca como Ram\u00f3n &#8220;Moncho&#8221; Sabella. Estudiante de Agronom\u00eda de 21 a\u00f1os.<\/p>\n<p>Jer\u00f3nimo Bosia como Francisco &#8220;Panchito&#8221; Abal. Jugador de rugby de 21 a\u00f1os. Acaecido el accidente, qued\u00f3 gravemente herido con una hemorragia cerebral.<\/p>\n<p>Juan Caruso como \u00c1lvaro Mangino. Estudiante de 19 a\u00f1os. Se fractur\u00f3 una pierna en el accidente.<\/p>\n<p>Paula Baldini como Liliana Navarro. 34 a\u00f1os. Viaj\u00f3 con su esposo Javier Methol, con quien ten\u00eda cuatro hijos. Sali\u00f3 ilesa del impacto y ofreci\u00f3 consuelo a los muchachos m\u00e1s j\u00f3venes.<\/p>\n<p>Maximiliano De la Cruz como Teniente Coronel Dante Lagurara. Copiloto de 41 a\u00f1os. Qued\u00f3 malherido tras el impacto y comunic\u00f3 a los sobrevivientes que el avi\u00f3n hab\u00eda pasado Curic\u00f3.<\/p>\n<p>Felipe Ramusio como Diego Storm. Estudiante de Medicina de 20 a\u00f1os. Sobrevivi\u00f3 al siniestro y, horas despu\u00e9s, vio que Nando Parrado estaba vivo y sugiri\u00f3 moverlo a un lugar menos fr\u00edo, salvando su vida.<\/p>\n<p>Alfonsina Carrocio como Susana Parrado. 20 a\u00f1os. Viaj\u00f3 con su madre y su hermano. Estuvo gravemente herida tras el accidente.<\/p>\n<p>Federico Azn\u00e1rez como Enrique Platero. Estudiante de Agronom\u00eda y jugador de rugby de 22 a\u00f1os. Luego del siniestro, permaneci\u00f3 herido por un tubo de acero que se hab\u00eda clavado en su est\u00f3mago.<\/p>\n<p>Juan Diego Eirea como Juan Carlos Men\u00e9ndez. Estudiante de Derecho de 22 a\u00f1os. Sali\u00f3 ileso del accidente.<\/p>\n<p>Agust\u00edn Berruti como Roberto &#8220;Bobby&#8221; Fran\u00e7ois. Estudiante de Agronom\u00eda de 20 a\u00f1os. Sali\u00f3 ileso del choque, pero no colaboraba mucho y parec\u00eda no tener ganas de vivir, tal era su grado de apat\u00eda y depresi\u00f3n.<\/p>\n<p>Luciano Chatton como Pedro Algorta. Estudiante de Econom\u00eda de 21 a\u00f1os, invitado por su amigo Arturo Nogueira. Sali\u00f3 ileso del accidente.<\/p>\n<p>Juli\u00e1n Bedino como Guido Magri. Estudiante de Agronom\u00eda y jugador de rugby de 23 a\u00f1os.<\/p>\n<p>Virginia Kaufmann como Esther Horta de Nicola. 40 a\u00f1os. Viajaba con su marido, el Dr. Nicola. Ten\u00edan cuatro hijos en com\u00fan.<\/p>\n<p>Lautaro Bakir como Julio Mart\u00ednez Lamas. Jugador de rugby y empleado bancario de 24 a\u00f1os.<\/p>\n<p>Lucas Mascare\u00f1a como Fernando V\u00e1zquez. Estudiante de Medicina de 20 a\u00f1os, invitado por su amigo Roberto Canessa.<\/p>\n<p>Tea Alberti como Graciela Augusto de Mariani. 43 a\u00f1os. Viajaba a Chile para asistir a la boda de su hija.<\/p>\n<p>Federico Formento como Daniel Shaw Urioste. Jugador de rugby de 24 a\u00f1os. Viaj\u00f3 con sus primos Adolfo y Eduardo Strauch Urioste.<\/p>\n<p>Giselle Pereyra como Eugenia Dolgay. 50 a\u00f1os. Madre de Nando y Susana Parrado.<\/p>\n<p>Carlos &#8220;Carlitos&#8221; P\u00e1ez como su padre, Carlos P\u00e1ez Vilar\u00f3 Artista uruguayo que llev\u00f3 a cabo su propia b\u00fasqueda del avi\u00f3n desaparecido.<\/p>\n<p>&nbsp;<\/p>\n<p><a href=\"https:\/\/amzn.to\/3UiP0QW\" target=\"_blank\" rel=\"noopener\">M\u00e1s info Libro<\/a> \u2013 <a href=\"https:\/\/amzn.to\/3UiP0QW\" target=\"_blank\" rel=\"noopener\"><em><strong>La sociedad de la nieve<\/strong><\/em><\/a><\/p>\n<p>&nbsp;<\/p>\n","protected":false},"excerpt":{"rendered":"<p>Enzo Vogrincic como Numa Turcatti. Estudiante de Derecho de 24 a\u00f1os. Viaj\u00f3 a Chile por invitaci\u00f3n de su mejor amigo, Pancho Delgado. No jugaba al rugby, sino al f\u00fatbol, y apenas conoc\u00eda al resto de los pasajeros. Sali\u00f3 ileso del choque e inmediatamente se entreg\u00f3 al servicio del grupo, lo que lo hizo ser querido por todos. Por su fortaleza y pujanza, particip\u00f3 de varias expediciones.<\/p>\n","protected":false},"author":8,"featured_media":96915,"comment_status":"closed","ping_status":"closed","sticky":false,"template":"","format":"standard","meta":{"om_disable_all_campaigns":false,"ngg_post_thumbnail":0,"jnews-multi-image_gallery":[],"jnews_single_post":{"subtitle":"una pel\u00edcula de J. A. Bayona","format":"standard","video":"","gallery":"","source_name":"","source_url":"","via_name":"","via_url":"","override_template":"0","override":[{"template":"4","single_blog_custom":"","parallax":"1","fullscreen":"0","layout":"right-sidebar","sidebar":"default-sidebar","second_sidebar":"default-sidebar","sticky_sidebar":"1","share_position":"bottom","share_float_style":"share-monocrhome","show_share_counter":"1","show_view_counter":"1","show_featured":"1","show_post_meta":"1","show_post_author":"1","show_post_author_image":"1","show_post_date":"1","post_date_format":"default","post_date_format_custom":"Y\/m\/d","show_post_category":"1","show_post_reading_time":"0","post_reading_time_wpm":"300","show_zoom_button":"0","zoom_button_out_step":"2","zoom_button_in_step":"3","show_post_tag":"1","show_prev_next_post":"1","show_popup_post":"1","number_popup_post":"1","show_author_box":"1","show_post_related":"0","show_inline_post_related":"0"}],"override_image_size":"0","image_override":[{"single_post_thumbnail_size":"no-crop","single_post_gallery_size":"crop-500"}],"trending_post":"0","trending_post_position":"meta","trending_post_label":"Trending","sponsored_post":"0","sponsored_post_label":"Sponsored by","sponsored_post_name":"","sponsored_post_url":"","sponsored_post_logo_enable":"0","sponsored_post_logo":"","sponsored_post_desc":"","disable_ad":"0"},"jnews_primary_category":{"id":"","hide":""},"jnews_social_meta":{"fb_title":"","fb_description":"","fb_image":"","twitter_title":"","twitter_description":"","twitter_image":""},"jnews_override_counter":{"override_view_counter":"0","view_counter_number":"0","override_share_counter":"0","share_counter_number":"0","override_like_counter":"0","like_counter_number":"0","override_dislike_counter":"0","dislike_counter_number":"0"},"footnotes":""},"categories":[72],"tags":[21205,21209,10244,21211,21212,21207,21208,21206,4921,21486,21210,21204],"class_list":["post-96913","post","type-post","status-publish","format-standard","has-post-thumbnail","hentry","category-cine","tag-agustin-pardella","tag-avion-uruguayo","tag-enzo-vogrincic","tag-fuerza-aerea-uruguaya","tag-gustavo-zerbino","tag-j-a-bayona","tag-la-sociedad-de-la-nieve","tag-matias-recalt","tag-netflix","tag-numa-turcatti","tag-pablo-vierci","tag-society-of-the-snow"],"yoast_head":"<!-- This site is optimized with the Yoast SEO plugin v27.5 - https:\/\/yoast.com\/product\/yoast-seo-wordpress\/ -->\n<title>La sociedad de la nieve - Cooltivarte Portal<\/title>\n<meta name=\"description\" content=\"Sobrevivir fue cosa de todos. #LaSociedadDeLaNieve, una pel\u00edcula de J. A. Bayona sobre una de las historias m\u00e1s impresionantes del siglo XX y seleccionada para representar a Espa\u00f1a en los Oscar\u00ae 2024, llega a algunos cines en diciembre y a Netflix el 4 de enero 2024.\" \/>\n<meta name=\"robots\" content=\"index, follow, max-snippet:-1, max-image-preview:large, max-video-preview:-1\" \/>\n<link rel=\"canonical\" href=\"https:\/\/cooltivarte.com\/portal\/la-sociedad-de-la-nieve\/\" \/>\n<meta property=\"og:locale\" content=\"es_ES\" \/>\n<meta property=\"og:type\" content=\"article\" \/>\n<meta property=\"og:title\" content=\"La sociedad de la nieve - una pel\u00edcula de J. A. Bayona\" \/>\n<meta property=\"og:description\" content=\"Sobrevivir fue cosa de todos. #LaSociedadDeLaNieve, una pel\u00edcula de J. A. Bayona sobre una de las historias m\u00e1s impresionantes del siglo XX y seleccionada para representar a Espa\u00f1a en los Oscar\u00ae 2024, llega a algunos cines en diciembre y a Netflix el 4 de enero 2024.\" \/>\n<meta property=\"og:url\" content=\"https:\/\/cooltivarte.com\/portal\/la-sociedad-de-la-nieve\/\" \/>\n<meta property=\"og:site_name\" content=\"Cooltivarte Portal\" \/>\n<meta property=\"article:publisher\" content=\"https:\/\/www.facebook.com\/cooltivartecom\/\" \/>\n<meta property=\"article:author\" content=\"https:\/\/www.facebook.com\/cooltivartecom\" \/>\n<meta property=\"article:published_time\" content=\"2023-12-05T18:00:00+00:00\" \/>\n<meta property=\"article:modified_time\" content=\"2024-01-23T17:35:26+00:00\" \/>\n<meta property=\"og:image\" content=\"https:\/\/cooltivarte.com\/portal\/wp-content\/uploads\/2023\/12\/La-sociedad-de-la-nieve-Trailer-oficial-Netflix.jpg\" \/>\n\t<meta property=\"og:image:width\" content=\"1280\" \/>\n\t<meta property=\"og:image:height\" content=\"720\" \/>\n\t<meta property=\"og:image:type\" content=\"image\/jpeg\" \/>\n<meta name=\"author\" content=\"Cooltivarte\" \/>\n<meta name=\"twitter:card\" content=\"summary_large_image\" \/>\n<meta name=\"twitter:title\" content=\"La sociedad de la nieve - una pel\u00edcula de J. A. Bayona\" \/>\n<meta name=\"twitter:description\" content=\"Sobrevivir fue cosa de todos. #LaSociedadDeLaNieve, una pel\u00edcula de J. A. Bayona sobre una de las historias m\u00e1s impresionantes del siglo XX y seleccionada para representar a Espa\u00f1a en los Oscar\u00ae 2024, llega a algunos cines en diciembre y a Netflix el 4 de enero 2024.\" \/>\n<meta name=\"twitter:image\" content=\"https:\/\/cooltivarte.com\/portal\/wp-content\/uploads\/2023\/12\/La-sociedad-de-la-nieve-Trailer-oficial-Netflix.jpg\" \/>\n<meta name=\"twitter:creator\" content=\"@https:\/\/x.com\/obolocultural\" \/>\n<meta name=\"twitter:site\" content=\"@obolocultural\" \/>\n<meta name=\"twitter:label1\" content=\"Escrito por\" \/>\n\t<meta name=\"twitter:data1\" content=\"Cooltivarte\" \/>\n\t<meta name=\"twitter:label2\" content=\"Tiempo de lectura\" \/>\n\t<meta name=\"twitter:data2\" content=\"8 minutos\" \/>\n<!-- \/ Yoast SEO plugin. -->","yoast_head_json":{"title":"La sociedad de la nieve - Cooltivarte Portal","description":"Sobrevivir fue cosa de todos. #LaSociedadDeLaNieve, una pel\u00edcula de J. A. Bayona sobre una de las historias m\u00e1s impresionantes del siglo XX y seleccionada para representar a Espa\u00f1a en los Oscar\u00ae 2024, llega a algunos cines en diciembre y a Netflix el 4 de enero 2024.","robots":{"index":"index","follow":"follow","max-snippet":"max-snippet:-1","max-image-preview":"max-image-preview:large","max-video-preview":"max-video-preview:-1"},"canonical":"https:\/\/cooltivarte.com\/portal\/la-sociedad-de-la-nieve\/","og_locale":"es_ES","og_type":"article","og_title":"La sociedad de la nieve - una pel\u00edcula de J. A. Bayona","og_description":"Sobrevivir fue cosa de todos. #LaSociedadDeLaNieve, una pel\u00edcula de J. A. Bayona sobre una de las historias m\u00e1s impresionantes del siglo XX y seleccionada para representar a Espa\u00f1a en los Oscar\u00ae 2024, llega a algunos cines en diciembre y a Netflix el 4 de enero 2024.","og_url":"https:\/\/cooltivarte.com\/portal\/la-sociedad-de-la-nieve\/","og_site_name":"Cooltivarte Portal","article_publisher":"https:\/\/www.facebook.com\/cooltivartecom\/","article_author":"https:\/\/www.facebook.com\/cooltivartecom","article_published_time":"2023-12-05T18:00:00+00:00","article_modified_time":"2024-01-23T17:35:26+00:00","og_image":[{"width":1280,"height":720,"url":"https:\/\/cooltivarte.com\/portal\/wp-content\/uploads\/2023\/12\/La-sociedad-de-la-nieve-Trailer-oficial-Netflix.jpg","type":"image\/jpeg"}],"author":"Cooltivarte","twitter_card":"summary_large_image","twitter_title":"La sociedad de la nieve - una pel\u00edcula de J. A. Bayona","twitter_description":"Sobrevivir fue cosa de todos. #LaSociedadDeLaNieve, una pel\u00edcula de J. A. Bayona sobre una de las historias m\u00e1s impresionantes del siglo XX y seleccionada para representar a Espa\u00f1a en los Oscar\u00ae 2024, llega a algunos cines en diciembre y a Netflix el 4 de enero 2024.","twitter_image":"https:\/\/cooltivarte.com\/portal\/wp-content\/uploads\/2023\/12\/La-sociedad-de-la-nieve-Trailer-oficial-Netflix.jpg","twitter_creator":"@https:\/\/x.com\/obolocultural","twitter_site":"@obolocultural","twitter_misc":{"Escrito por":"Cooltivarte","Tiempo de lectura":"8 minutos"},"schema":{"@context":"https:\/\/schema.org","@graph":[{"@type":"NewsArticle","@id":"https:\/\/cooltivarte.com\/portal\/la-sociedad-de-la-nieve\/#article","isPartOf":{"@id":"https:\/\/cooltivarte.com\/portal\/la-sociedad-de-la-nieve\/"},"author":{"name":"Cooltivarte","@id":"https:\/\/cooltivarte.com\/portal\/#\/schema\/person\/ec2a4f4e71b740d0c559c0ab9a157e19"},"headline":"La sociedad de la nieve","datePublished":"2023-12-05T18:00:00+00:00","dateModified":"2024-01-23T17:35:26+00:00","mainEntityOfPage":{"@id":"https:\/\/cooltivarte.com\/portal\/la-sociedad-de-la-nieve\/"},"wordCount":1593,"publisher":{"@id":"https:\/\/cooltivarte.com\/portal\/#organization"},"image":{"@id":"https:\/\/cooltivarte.com\/portal\/la-sociedad-de-la-nieve\/#primaryimage"},"thumbnailUrl":"https:\/\/cooltivarte.com\/portal\/wp-content\/uploads\/2023\/12\/La-sociedad-de-la-nieve-Trailer-oficial-Netflix.jpg","keywords":["Agust\u00edn Pardella","avi\u00f3n uruguayo","Enzo Vogrincic","Fuerza A\u00e9rea Uruguaya","Gustavo Zerbino","J. A. Bayona","La sociedad de la nieve","Mat\u00edas Recalt","Netflix","Numa Turcatti","Pablo Vierci","Society of the Snow"],"articleSection":["Cine y TV"],"inLanguage":"es-AR"},{"@type":"WebPage","@id":"https:\/\/cooltivarte.com\/portal\/la-sociedad-de-la-nieve\/","url":"https:\/\/cooltivarte.com\/portal\/la-sociedad-de-la-nieve\/","name":"La sociedad de la nieve - Cooltivarte Portal","isPartOf":{"@id":"https:\/\/cooltivarte.com\/portal\/#website"},"primaryImageOfPage":{"@id":"https:\/\/cooltivarte.com\/portal\/la-sociedad-de-la-nieve\/#primaryimage"},"image":{"@id":"https:\/\/cooltivarte.com\/portal\/la-sociedad-de-la-nieve\/#primaryimage"},"thumbnailUrl":"https:\/\/cooltivarte.com\/portal\/wp-content\/uploads\/2023\/12\/La-sociedad-de-la-nieve-Trailer-oficial-Netflix.jpg","datePublished":"2023-12-05T18:00:00+00:00","dateModified":"2024-01-23T17:35:26+00:00","description":"Sobrevivir fue cosa de todos. #LaSociedadDeLaNieve, una pel\u00edcula de J. A. Bayona sobre una de las historias m\u00e1s impresionantes del siglo XX y seleccionada para representar a Espa\u00f1a en los Oscar\u00ae 2024, llega a algunos cines en diciembre y a Netflix el 4 de enero 2024.","breadcrumb":{"@id":"https:\/\/cooltivarte.com\/portal\/la-sociedad-de-la-nieve\/#breadcrumb"},"inLanguage":"es-AR","potentialAction":[{"@type":"ReadAction","target":["https:\/\/cooltivarte.com\/portal\/la-sociedad-de-la-nieve\/"]}]},{"@type":"ImageObject","inLanguage":"es-AR","@id":"https:\/\/cooltivarte.com\/portal\/la-sociedad-de-la-nieve\/#primaryimage","url":"https:\/\/cooltivarte.com\/portal\/wp-content\/uploads\/2023\/12\/La-sociedad-de-la-nieve-Trailer-oficial-Netflix.jpg","contentUrl":"https:\/\/cooltivarte.com\/portal\/wp-content\/uploads\/2023\/12\/La-sociedad-de-la-nieve-Trailer-oficial-Netflix.jpg","width":1280,"height":720,"caption":"La sociedad de la nieve - Tr\u00e1iler oficial - Netflix"},{"@type":"BreadcrumbList","@id":"https:\/\/cooltivarte.com\/portal\/la-sociedad-de-la-nieve\/#breadcrumb","itemListElement":[{"@type":"ListItem","position":1,"name":"Portada","item":"https:\/\/cooltivarte.com\/portal\/"},{"@type":"ListItem","position":2,"name":"La sociedad de la nieve"}]},{"@type":"WebSite","@id":"https:\/\/cooltivarte.com\/portal\/#website","url":"https:\/\/cooltivarte.com\/portal\/","name":"Cooltivarte Portal","description":"Arte, cultura y turismo para el mundo ...","publisher":{"@id":"https:\/\/cooltivarte.com\/portal\/#organization"},"potentialAction":[{"@type":"SearchAction","target":{"@type":"EntryPoint","urlTemplate":"https:\/\/cooltivarte.com\/portal\/?s={search_term_string}"},"query-input":{"@type":"PropertyValueSpecification","valueRequired":true,"valueName":"search_term_string"}}],"inLanguage":"es-AR"},{"@type":"Organization","@id":"https:\/\/cooltivarte.com\/portal\/#organization","name":"cooltivarte","url":"https:\/\/cooltivarte.com\/portal\/","logo":{"@type":"ImageObject","inLanguage":"es-AR","@id":"https:\/\/cooltivarte.com\/portal\/#\/schema\/logo\/image\/","url":"https:\/\/cooltivarte.com\/portal\/wp-content\/uploads\/2020\/04\/logo-cooltivarte-v2.png","contentUrl":"https:\/\/cooltivarte.com\/portal\/wp-content\/uploads\/2020\/04\/logo-cooltivarte-v2.png","width":851,"height":243,"caption":"cooltivarte"},"image":{"@id":"https:\/\/cooltivarte.com\/portal\/#\/schema\/logo\/image\/"},"sameAs":["https:\/\/www.facebook.com\/cooltivartecom\/","https:\/\/x.com\/obolocultural","https:\/\/www.instagram.com\/_cooltivarte_\/","https:\/\/www.linkedin.com\/company\/-bolocultural?reportsuccess=8zaNG1HwhPbAR9iQhZ5rfGeqz_vQFftHun0ZWU0Wy9vNemRJ8vtcKdJvzQfW8XagyOJSKg0XvfJ1dp","https:\/\/www.pinterest.com\/cooltivarte\/","https:\/\/cooltivarte.tumblr.com\/","https:\/\/www.tiktok.com\/@cooltivarte","https:\/\/www.youtube.com\/@PrensaCooltivarte"]},{"@type":"Person","@id":"https:\/\/cooltivarte.com\/portal\/#\/schema\/person\/ec2a4f4e71b740d0c559c0ab9a157e19","name":"Cooltivarte","image":{"@type":"ImageObject","inLanguage":"es-AR","@id":"https:\/\/cooltivarte.com\/portal\/wp-content\/uploads\/2014\/05\/logo-cooltivarte-120x120.jpg","url":"https:\/\/cooltivarte.com\/portal\/wp-content\/uploads\/2014\/05\/logo-cooltivarte-120x120.jpg","contentUrl":"https:\/\/cooltivarte.com\/portal\/wp-content\/uploads\/2014\/05\/logo-cooltivarte-120x120.jpg","caption":"Cooltivarte"},"description":"Somos COOLTIVARTE.COM. Un portal digital dedicado a difundir el acontecer art\u00edstico y cultural del Uruguay. Estamos en la vuelta desde el a\u00f1o 2003, y como evoluci\u00f3n del bolet\u00edn Obolo Cultural, nos encontramos abocados a apoyar a los artistas nacionales brind\u00e1ndoles un espacio de difusi\u00f3n. Creemos en la idea de utilizar la potencialidad que hoy d\u00eda nos otorga la web, para que la cultura uruguaya y sus creadores dispongan de una din\u00e1mica ventana, que los ponga en contacto entre s\u00ed y con el mundo. Somos COOLTIVARTE.COM y pretendemos configurarnos como un portal din\u00e1mico, entretenido y atento a los nuevos emprendimientos, que busque siempre la interacci\u00f3n con los artistas.","sameAs":["http:\/\/www.cooltivarte.com","https:\/\/www.facebook.com\/cooltivartecom","https:\/\/www.instagram.com\/_cooltivarte_\/","https:\/\/www.linkedin.com\/company\/-bolocultural","https:\/\/www.pinterest.com\/cooltivarte\/","https:\/\/x.com\/https:\/\/x.com\/obolocultural","https:\/\/www.youtube.com\/@PrensaCooltivarte","https:\/\/www.tumblr.com\/blog\/cooltivarte"],"url":"https:\/\/cooltivarte.com\/portal\/author\/cooltivarte\/"}]}},"_links":{"self":[{"href":"https:\/\/cooltivarte.com\/portal\/wp-json\/wp\/v2\/posts\/96913","targetHints":{"allow":["GET"]}}],"collection":[{"href":"https:\/\/cooltivarte.com\/portal\/wp-json\/wp\/v2\/posts"}],"about":[{"href":"https:\/\/cooltivarte.com\/portal\/wp-json\/wp\/v2\/types\/post"}],"author":[{"embeddable":true,"href":"https:\/\/cooltivarte.com\/portal\/wp-json\/wp\/v2\/users\/8"}],"replies":[{"embeddable":true,"href":"https:\/\/cooltivarte.com\/portal\/wp-json\/wp\/v2\/comments?post=96913"}],"version-history":[{"count":5,"href":"https:\/\/cooltivarte.com\/portal\/wp-json\/wp\/v2\/posts\/96913\/revisions"}],"predecessor-version":[{"id":98073,"href":"https:\/\/cooltivarte.com\/portal\/wp-json\/wp\/v2\/posts\/96913\/revisions\/98073"}],"wp:featuredmedia":[{"embeddable":true,"href":"https:\/\/cooltivarte.com\/portal\/wp-json\/wp\/v2\/media\/96915"}],"wp:attachment":[{"href":"https:\/\/cooltivarte.com\/portal\/wp-json\/wp\/v2\/media?parent=96913"}],"wp:term":[{"taxonomy":"category","embeddable":true,"href":"https:\/\/cooltivarte.com\/portal\/wp-json\/wp\/v2\/categories?post=96913"},{"taxonomy":"post_tag","embeddable":true,"href":"https:\/\/cooltivarte.com\/portal\/wp-json\/wp\/v2\/tags?post=96913"}],"curies":[{"name":"wp","href":"https:\/\/api.w.org\/{rel}","templated":true}]}}