{"id":95207,"date":"2023-11-01T09:35:14","date_gmt":"2023-11-01T12:35:14","guid":{"rendered":"https:\/\/cooltivarte.com\/portal\/?p=95207"},"modified":"2023-11-04T22:41:22","modified_gmt":"2023-11-05T01:41:22","slug":"presentacion-del-libro-de-generar-psicoanalisis-de-fernando-barrios","status":"publish","type":"post","link":"https:\/\/cooltivarte.com\/portal\/presentacion-del-libro-de-generar-psicoanalisis-de-fernando-barrios\/","title":{"rendered":"Presentaci\u00f3n del libro de\/generar psicoan\u00e1lisis, de Fernando Barrios."},"content":{"rendered":"<p><img fetchpriority=\"high\" decoding=\"async\" class=\"aligncenter wp-image-95208 size-large\" title=\"Presentaci\u00f3n del libro de\/generar psicoan\u00e1lisis de Fernando Barrios. S\u00e1bado 4 de noviembre - 19 hs. - Casa al margen. Juan Paullier 1687 entre E. V Haedo y Colonia\" src=\"https:\/\/cooltivarte.com\/portal\/wp-content\/uploads\/2023\/11\/de-generar-psicoanalisis-de-Fernando-Barrios-1024x1024.jpg\" alt=\"Presentaci\u00f3n del libro de\/generar psicoan\u00e1lisis de Fernando Barrios. S\u00e1bado 4 de noviembre - 19 hs. - Casa al margen. Juan Paullier 1687 entre E. V Haedo y Colonia\" width=\"1024\" height=\"1024\" srcset=\"https:\/\/cooltivarte.com\/portal\/wp-content\/uploads\/2023\/11\/de-generar-psicoanalisis-de-Fernando-Barrios-1024x1024.jpg 1024w, https:\/\/cooltivarte.com\/portal\/wp-content\/uploads\/2023\/11\/de-generar-psicoanalisis-de-Fernando-Barrios-300x300.jpg 300w, https:\/\/cooltivarte.com\/portal\/wp-content\/uploads\/2023\/11\/de-generar-psicoanalisis-de-Fernando-Barrios-150x150.jpg 150w, https:\/\/cooltivarte.com\/portal\/wp-content\/uploads\/2023\/11\/de-generar-psicoanalisis-de-Fernando-Barrios-768x768.jpg 768w, https:\/\/cooltivarte.com\/portal\/wp-content\/uploads\/2023\/11\/de-generar-psicoanalisis-de-Fernando-Barrios-120x120.jpg 120w, https:\/\/cooltivarte.com\/portal\/wp-content\/uploads\/2023\/11\/de-generar-psicoanalisis-de-Fernando-Barrios.jpg 1080w\" sizes=\"(max-width: 1024px) 100vw, 1024px\" \/><\/p>\n<p>&nbsp;<\/p>\n<p>Presentaci\u00f3n del libro de\/generar psicoan\u00e1lisis, de <a href=\"https:\/\/cooltivarte.com\/portal\/?s=Fernando+Barrios\" target=\"_blank\" rel=\"noopener\"><strong>Fernando Barrios<\/strong><\/a>.<br \/>\nWitz editor Dir Guillermo Gim\u00e9nez<\/p>\n<p>Presentan: <strong>Thamy Ayouch, Jorge N. Reitter y Julieta Lopergolo<\/strong><\/p>\n<p>S\u00e1bado 4 de noviembre 2023- 19 hs.<br \/>\n<strong>Casa al margen<\/strong>. Juan Paullier 1687 entre E. V Haedo y Colonia<\/p>\n<p><strong>Performance: casa cohida, Ogt sexindicato<\/strong><br \/>\nFotograf\u00eda: <strong>Emanuel Veco<\/strong><\/p>\n<p><em>Lo queer que Fernando desarrolla se articula dentro de la colonialidad, establece una cartograf\u00eda de lo abyecto, de lo minorizado, se sit\u00faa en el medio, retoma y subvierte el lenguaje del imperio, est\u00e1 constantemente atravesando divisorias epist\u00e9micas, ling\u00fc\u00edsticas, culturales, para instalarse en el espacio fronterizo de les atravesades<\/em><br \/>\n<strong>Thamy Ayouch<\/strong><\/p>\n<p><em>El libro de Fernando busca, al modo de S\u00f3crates-t\u00e1bano, importunar al psicoan\u00e1lisis (en eso nos parecemos). No por puras ganas de joder, para \u00e9pater le bourgeois, sino para renovar, para no anquilosarnos, para que el psicoan\u00e1lisis recupere el filo que tan f\u00e1cilmente puede perder. Para que no dejemos de pensar. Toma nota de que hoy los feminismos, la teor\u00eda queer y lo decolonial importunan al psicoan\u00e1lisis, lo cual estar\u00eda muy bien, salvo que cierto psicoan\u00e1lisis no quiere que lo importunen<\/em><br \/>\n<strong>Jorge N. Reitter<\/strong><\/p>\n<p><em>Nada m\u00e1s alejado del mon\u00f3logo. De\/generar psicoan\u00e1lisis es tambi\u00e9n una conversaci\u00f3n con muchos y diversxs otrxs. Junto con J. Butler, G. Rubin, M. Wittig, P. B Preciado, T. Ayouch, J. Halberstam, D. Halperin, Leo Bersani, Jorge Reitter, Lee Edelman, Heather Love, Gloria Anzald\u00faa y muchxs m\u00e1s \u2013la lista es interminable\u2012, el autor ilumina sus preguntas: \u00bfQu\u00e9 consecuencias y efectos se derivan de la disidencia de la heteronormatividad en los campos del pensamiento, el arte y el psicoan\u00e1lisis, entre otrxs, y en la vida de todxs?<\/em><br \/>\n<strong>Julieta Lop\u00e9rgolo<\/strong><\/p>\n<p>&nbsp;<\/p>\n<p>&nbsp;<\/p>\n<p>&nbsp;<\/p>\n","protected":false},"excerpt":{"rendered":"<p>&nbsp; Presentaci\u00f3n del libro de\/generar psicoan\u00e1lisis, de Fernando Barrios. Witz editor Dir Guillermo Gim\u00e9nez Presentan: Thamy Ayouch, Jorge N. Reitter y Julieta Lopergolo S\u00e1bado 4 de noviembre 2023- 19 hs. Casa al margen. Juan Paullier 1687 entre E. V Haedo y Colonia Performance: casa cohida, Ogt sexindicato Fotograf\u00eda: Emanuel Veco Lo queer que Fernando desarrolla [&hellip;]<\/p>\n","protected":false},"author":8,"featured_media":95208,"comment_status":"closed","ping_status":"closed","sticky":false,"template":"","format":"standard","meta":{"om_disable_all_campaigns":false,"ngg_post_thumbnail":0,"jnews-multi-image_gallery":[],"jnews_single_post":{"subtitle":"S\u00e1bado 4 de noviembre 2023 - 19 hs. - Casa al margen. Juan Paullier 1687 entre E. V Haedo y Colonia","format":"standard","video":"","gallery":"","source_name":"","source_url":"","via_name":"","via_url":"","override_template":"0","override":[{"template":"4","single_blog_custom":"","parallax":"1","fullscreen":"0","layout":"right-sidebar","sidebar":"default-sidebar","second_sidebar":"default-sidebar","sticky_sidebar":"1","share_position":"bottom","share_float_style":"share-monocrhome","show_share_counter":"1","show_view_counter":"1","show_featured":"1","show_post_meta":"1","show_post_author":"1","show_post_author_image":"1","show_post_date":"1","post_date_format":"default","post_date_format_custom":"Y\/m\/d","show_post_category":"1","show_post_reading_time":"0","post_reading_time_wpm":"300","show_zoom_button":"0","zoom_button_out_step":"2","zoom_button_in_step":"3","show_post_tag":"1","show_prev_next_post":"1","show_popup_post":"1","number_popup_post":"1","show_author_box":"1","show_post_related":"0","show_inline_post_related":"0"}],"override_image_size":"0","image_override":[{"single_post_thumbnail_size":"no-crop","single_post_gallery_size":"crop-500"}],"trending_post":"0","trending_post_position":"meta","trending_post_label":"Trending","sponsored_post":"0","sponsored_post_label":"Sponsored by","sponsored_post_name":"","sponsored_post_url":"","sponsored_post_logo_enable":"0","sponsored_post_logo":"","sponsored_post_desc":"","disable_ad":"0"},"jnews_primary_category":{"id":"","hide":""},"jnews_social_meta":{"fb_title":"","fb_description":"","fb_image":"","twitter_title":"","twitter_description":"","twitter_image":""},"jnews_override_counter":{"override_view_counter":"0","view_counter_number":"0","override_share_counter":"0","share_counter_number":"0","override_like_counter":"0","like_counter_number":"0","override_dislike_counter":"0","dislike_counter_number":"0"},"footnotes":""},"categories":[51],"tags":[20817,20766,7247,20820,7903,342,20818,15859,20819],"class_list":["post-95207","post","type-post","status-publish","format-standard","has-post-thumbnail","hentry","category-noticias","tag-casa-cohida","tag-de-generar","tag-fernando-barrios","tag-jorge-n-reitter","tag-julieta-lopergolo","tag-libro","tag-ogt-sexindicato","tag-psicoanalisis","tag-thamy-ayouch"],"yoast_head":"<!-- This site is optimized with the Yoast SEO plugin v27.5 - https:\/\/yoast.com\/product\/yoast-seo-wordpress\/ -->\n<title>Presentaci\u00f3n del libro de\/generar psicoan\u00e1lisis, de Fernando Barrios. - Cooltivarte Portal<\/title>\n<meta name=\"description\" content=\"Lo queer que Fernando desarrolla se articula dentro de la colonialidad, establece una cartograf\u00eda de lo abyecto, de lo minorizado, se sit\u00faa en el medio, retoma y subvierte el lenguaje del imperio, est\u00e1 constantemente atravesando divisorias epist\u00e9micas, ling\u00fc\u00edsticas, culturales, para instalarse en el espacio fronterizo de les atravesades\" \/>\n<meta name=\"robots\" content=\"index, follow, max-snippet:-1, max-image-preview:large, max-video-preview:-1\" \/>\n<link rel=\"canonical\" href=\"https:\/\/cooltivarte.com\/portal\/presentacion-del-libro-de-generar-psicoanalisis-de-fernando-barrios\/\" \/>\n<meta property=\"og:locale\" content=\"es_ES\" \/>\n<meta property=\"og:type\" content=\"article\" \/>\n<meta property=\"og:title\" content=\"Presentaci\u00f3n del libro de\/generar psicoan\u00e1lisis de Fernando Barrios. S\u00e1bado 4 de noviembre 2023 - 19 hs. - Casa al margen. Juan Paullier 1687 entre E. V Haedo y Colonia\" \/>\n<meta property=\"og:description\" content=\"Lo queer que Fernando desarrolla se articula dentro de la colonialidad, establece una cartograf\u00eda de lo abyecto, de lo minorizado, se sit\u00faa en el medio, retoma y subvierte el lenguaje del imperio, est\u00e1 constantemente atravesando divisorias epist\u00e9micas, ling\u00fc\u00edsticas, culturales, para instalarse en el espacio fronterizo de les atravesades\" \/>\n<meta property=\"og:url\" content=\"https:\/\/cooltivarte.com\/portal\/presentacion-del-libro-de-generar-psicoanalisis-de-fernando-barrios\/\" \/>\n<meta property=\"og:site_name\" content=\"Cooltivarte Portal\" \/>\n<meta property=\"article:publisher\" content=\"https:\/\/www.facebook.com\/cooltivartecom\/\" \/>\n<meta property=\"article:author\" content=\"https:\/\/www.facebook.com\/cooltivartecom\" \/>\n<meta property=\"article:published_time\" content=\"2023-11-01T12:35:14+00:00\" \/>\n<meta property=\"article:modified_time\" content=\"2023-11-05T01:41:22+00:00\" \/>\n<meta property=\"og:image\" content=\"https:\/\/cooltivarte.com\/portal\/wp-content\/uploads\/2023\/11\/de-generar-psicoanalisis-de-Fernando-Barrios.jpg\" \/>\n\t<meta property=\"og:image:width\" content=\"1080\" \/>\n\t<meta property=\"og:image:height\" content=\"1080\" \/>\n\t<meta property=\"og:image:type\" content=\"image\/jpeg\" \/>\n<meta name=\"author\" content=\"Cooltivarte\" \/>\n<meta name=\"twitter:card\" content=\"summary_large_image\" \/>\n<meta name=\"twitter:title\" content=\"Presentaci\u00f3n del libro de\/generar psicoan\u00e1lisis de Fernando Barrios. S\u00e1bado 4 de noviembre 2023 - 19 hs. - Casa al margen. Juan Paullier 1687 entre E. V Haedo y Colonia\" \/>\n<meta name=\"twitter:description\" content=\"Lo queer que Fernando desarrolla se articula dentro de la colonialidad, establece una cartograf\u00eda de lo abyecto, de lo minorizado, se sit\u00faa en el medio, retoma y subvierte el lenguaje del imperio, est\u00e1 constantemente atravesando divisorias epist\u00e9micas, ling\u00fc\u00edsticas, culturales, para instalarse en el espacio fronterizo de les atravesades\" \/>\n<meta name=\"twitter:image\" content=\"https:\/\/cooltivarte.com\/portal\/wp-content\/uploads\/2023\/11\/de-generar-psicoanalisis-de-Fernando-Barrios.jpg\" \/>\n<meta name=\"twitter:creator\" content=\"@https:\/\/x.com\/obolocultural\" \/>\n<meta name=\"twitter:site\" content=\"@obolocultural\" \/>\n<meta name=\"twitter:label1\" content=\"Escrito por\" \/>\n\t<meta name=\"twitter:data1\" content=\"Cooltivarte\" \/>\n\t<meta name=\"twitter:label2\" content=\"Tiempo de lectura\" \/>\n\t<meta name=\"twitter:data2\" content=\"1 minuto\" \/>\n<!-- \/ Yoast SEO plugin. -->","yoast_head_json":{"title":"Presentaci\u00f3n del libro de\/generar psicoan\u00e1lisis, de Fernando Barrios. - Cooltivarte Portal","description":"Lo queer que Fernando desarrolla se articula dentro de la colonialidad, establece una cartograf\u00eda de lo abyecto, de lo minorizado, se sit\u00faa en el medio, retoma y subvierte el lenguaje del imperio, est\u00e1 constantemente atravesando divisorias epist\u00e9micas, ling\u00fc\u00edsticas, culturales, para instalarse en el espacio fronterizo de les atravesades","robots":{"index":"index","follow":"follow","max-snippet":"max-snippet:-1","max-image-preview":"max-image-preview:large","max-video-preview":"max-video-preview:-1"},"canonical":"https:\/\/cooltivarte.com\/portal\/presentacion-del-libro-de-generar-psicoanalisis-de-fernando-barrios\/","og_locale":"es_ES","og_type":"article","og_title":"Presentaci\u00f3n del libro de\/generar psicoan\u00e1lisis de Fernando Barrios. S\u00e1bado 4 de noviembre 2023 - 19 hs. - Casa al margen. Juan Paullier 1687 entre E. V Haedo y Colonia","og_description":"Lo queer que Fernando desarrolla se articula dentro de la colonialidad, establece una cartograf\u00eda de lo abyecto, de lo minorizado, se sit\u00faa en el medio, retoma y subvierte el lenguaje del imperio, est\u00e1 constantemente atravesando divisorias epist\u00e9micas, ling\u00fc\u00edsticas, culturales, para instalarse en el espacio fronterizo de les atravesades","og_url":"https:\/\/cooltivarte.com\/portal\/presentacion-del-libro-de-generar-psicoanalisis-de-fernando-barrios\/","og_site_name":"Cooltivarte Portal","article_publisher":"https:\/\/www.facebook.com\/cooltivartecom\/","article_author":"https:\/\/www.facebook.com\/cooltivartecom","article_published_time":"2023-11-01T12:35:14+00:00","article_modified_time":"2023-11-05T01:41:22+00:00","og_image":[{"width":1080,"height":1080,"url":"https:\/\/cooltivarte.com\/portal\/wp-content\/uploads\/2023\/11\/de-generar-psicoanalisis-de-Fernando-Barrios.jpg","type":"image\/jpeg"}],"author":"Cooltivarte","twitter_card":"summary_large_image","twitter_title":"Presentaci\u00f3n del libro de\/generar psicoan\u00e1lisis de Fernando Barrios. S\u00e1bado 4 de noviembre 2023 - 19 hs. - Casa al margen. Juan Paullier 1687 entre E. V Haedo y Colonia","twitter_description":"Lo queer que Fernando desarrolla se articula dentro de la colonialidad, establece una cartograf\u00eda de lo abyecto, de lo minorizado, se sit\u00faa en el medio, retoma y subvierte el lenguaje del imperio, est\u00e1 constantemente atravesando divisorias epist\u00e9micas, ling\u00fc\u00edsticas, culturales, para instalarse en el espacio fronterizo de les atravesades","twitter_image":"https:\/\/cooltivarte.com\/portal\/wp-content\/uploads\/2023\/11\/de-generar-psicoanalisis-de-Fernando-Barrios.jpg","twitter_creator":"@https:\/\/x.com\/obolocultural","twitter_site":"@obolocultural","twitter_misc":{"Escrito por":"Cooltivarte","Tiempo de lectura":"1 minuto"},"schema":{"@context":"https:\/\/schema.org","@graph":[{"@type":"NewsArticle","@id":"https:\/\/cooltivarte.com\/portal\/presentacion-del-libro-de-generar-psicoanalisis-de-fernando-barrios\/#article","isPartOf":{"@id":"https:\/\/cooltivarte.com\/portal\/presentacion-del-libro-de-generar-psicoanalisis-de-fernando-barrios\/"},"author":{"name":"Cooltivarte","@id":"https:\/\/cooltivarte.com\/portal\/#\/schema\/person\/ec2a4f4e71b740d0c559c0ab9a157e19"},"headline":"Presentaci\u00f3n del libro de\/generar psicoan\u00e1lisis, de Fernando Barrios.","datePublished":"2023-11-01T12:35:14+00:00","dateModified":"2023-11-05T01:41:22+00:00","mainEntityOfPage":{"@id":"https:\/\/cooltivarte.com\/portal\/presentacion-del-libro-de-generar-psicoanalisis-de-fernando-barrios\/"},"wordCount":310,"publisher":{"@id":"https:\/\/cooltivarte.com\/portal\/#organization"},"image":{"@id":"https:\/\/cooltivarte.com\/portal\/presentacion-del-libro-de-generar-psicoanalisis-de-fernando-barrios\/#primaryimage"},"thumbnailUrl":"https:\/\/cooltivarte.com\/portal\/wp-content\/uploads\/2023\/11\/de-generar-psicoanalisis-de-Fernando-Barrios.jpg","keywords":["casa cohida","de\/generar","Fernando Barrios","Jorge N. Reitter","Julieta Lop\u00e9rgolo","Libro","Ogt sexindicato","psicoan\u00e1lisis","Thamy Ayouch"],"articleSection":["Noticias"],"inLanguage":"es-AR"},{"@type":"WebPage","@id":"https:\/\/cooltivarte.com\/portal\/presentacion-del-libro-de-generar-psicoanalisis-de-fernando-barrios\/","url":"https:\/\/cooltivarte.com\/portal\/presentacion-del-libro-de-generar-psicoanalisis-de-fernando-barrios\/","name":"Presentaci\u00f3n del libro de\/generar psicoan\u00e1lisis, de Fernando Barrios. - Cooltivarte Portal","isPartOf":{"@id":"https:\/\/cooltivarte.com\/portal\/#website"},"primaryImageOfPage":{"@id":"https:\/\/cooltivarte.com\/portal\/presentacion-del-libro-de-generar-psicoanalisis-de-fernando-barrios\/#primaryimage"},"image":{"@id":"https:\/\/cooltivarte.com\/portal\/presentacion-del-libro-de-generar-psicoanalisis-de-fernando-barrios\/#primaryimage"},"thumbnailUrl":"https:\/\/cooltivarte.com\/portal\/wp-content\/uploads\/2023\/11\/de-generar-psicoanalisis-de-Fernando-Barrios.jpg","datePublished":"2023-11-01T12:35:14+00:00","dateModified":"2023-11-05T01:41:22+00:00","description":"Lo queer que Fernando desarrolla se articula dentro de la colonialidad, establece una cartograf\u00eda de lo abyecto, de lo minorizado, se sit\u00faa en el medio, retoma y subvierte el lenguaje del imperio, est\u00e1 constantemente atravesando divisorias epist\u00e9micas, ling\u00fc\u00edsticas, culturales, para instalarse en el espacio fronterizo de les atravesades","breadcrumb":{"@id":"https:\/\/cooltivarte.com\/portal\/presentacion-del-libro-de-generar-psicoanalisis-de-fernando-barrios\/#breadcrumb"},"inLanguage":"es-AR","potentialAction":[{"@type":"ReadAction","target":["https:\/\/cooltivarte.com\/portal\/presentacion-del-libro-de-generar-psicoanalisis-de-fernando-barrios\/"]}]},{"@type":"ImageObject","inLanguage":"es-AR","@id":"https:\/\/cooltivarte.com\/portal\/presentacion-del-libro-de-generar-psicoanalisis-de-fernando-barrios\/#primaryimage","url":"https:\/\/cooltivarte.com\/portal\/wp-content\/uploads\/2023\/11\/de-generar-psicoanalisis-de-Fernando-Barrios.jpg","contentUrl":"https:\/\/cooltivarte.com\/portal\/wp-content\/uploads\/2023\/11\/de-generar-psicoanalisis-de-Fernando-Barrios.jpg","width":1080,"height":1080,"caption":"de-generar psicoan\u00e1lisis, de Fernando Barrios"},{"@type":"BreadcrumbList","@id":"https:\/\/cooltivarte.com\/portal\/presentacion-del-libro-de-generar-psicoanalisis-de-fernando-barrios\/#breadcrumb","itemListElement":[{"@type":"ListItem","position":1,"name":"Portada","item":"https:\/\/cooltivarte.com\/portal\/"},{"@type":"ListItem","position":2,"name":"Presentaci\u00f3n del libro de\/generar psicoan\u00e1lisis, de Fernando Barrios."}]},{"@type":"WebSite","@id":"https:\/\/cooltivarte.com\/portal\/#website","url":"https:\/\/cooltivarte.com\/portal\/","name":"Cooltivarte Portal","description":"Arte, cultura y turismo para el mundo ...","publisher":{"@id":"https:\/\/cooltivarte.com\/portal\/#organization"},"potentialAction":[{"@type":"SearchAction","target":{"@type":"EntryPoint","urlTemplate":"https:\/\/cooltivarte.com\/portal\/?s={search_term_string}"},"query-input":{"@type":"PropertyValueSpecification","valueRequired":true,"valueName":"search_term_string"}}],"inLanguage":"es-AR"},{"@type":"Organization","@id":"https:\/\/cooltivarte.com\/portal\/#organization","name":"cooltivarte","url":"https:\/\/cooltivarte.com\/portal\/","logo":{"@type":"ImageObject","inLanguage":"es-AR","@id":"https:\/\/cooltivarte.com\/portal\/#\/schema\/logo\/image\/","url":"https:\/\/cooltivarte.com\/portal\/wp-content\/uploads\/2020\/04\/logo-cooltivarte-v2.png","contentUrl":"https:\/\/cooltivarte.com\/portal\/wp-content\/uploads\/2020\/04\/logo-cooltivarte-v2.png","width":851,"height":243,"caption":"cooltivarte"},"image":{"@id":"https:\/\/cooltivarte.com\/portal\/#\/schema\/logo\/image\/"},"sameAs":["https:\/\/www.facebook.com\/cooltivartecom\/","https:\/\/x.com\/obolocultural","https:\/\/www.instagram.com\/_cooltivarte_\/","https:\/\/www.linkedin.com\/company\/-bolocultural?reportsuccess=8zaNG1HwhPbAR9iQhZ5rfGeqz_vQFftHun0ZWU0Wy9vNemRJ8vtcKdJvzQfW8XagyOJSKg0XvfJ1dp","https:\/\/www.pinterest.com\/cooltivarte\/","https:\/\/cooltivarte.tumblr.com\/","https:\/\/www.tiktok.com\/@cooltivarte","https:\/\/www.youtube.com\/@PrensaCooltivarte"]},{"@type":"Person","@id":"https:\/\/cooltivarte.com\/portal\/#\/schema\/person\/ec2a4f4e71b740d0c559c0ab9a157e19","name":"Cooltivarte","image":{"@type":"ImageObject","inLanguage":"es-AR","@id":"https:\/\/cooltivarte.com\/portal\/wp-content\/uploads\/2014\/05\/logo-cooltivarte-120x120.jpg","url":"https:\/\/cooltivarte.com\/portal\/wp-content\/uploads\/2014\/05\/logo-cooltivarte-120x120.jpg","contentUrl":"https:\/\/cooltivarte.com\/portal\/wp-content\/uploads\/2014\/05\/logo-cooltivarte-120x120.jpg","caption":"Cooltivarte"},"description":"Somos COOLTIVARTE.COM. Un portal digital dedicado a difundir el acontecer art\u00edstico y cultural del Uruguay. Estamos en la vuelta desde el a\u00f1o 2003, y como evoluci\u00f3n del bolet\u00edn Obolo Cultural, nos encontramos abocados a apoyar a los artistas nacionales brind\u00e1ndoles un espacio de difusi\u00f3n. Creemos en la idea de utilizar la potencialidad que hoy d\u00eda nos otorga la web, para que la cultura uruguaya y sus creadores dispongan de una din\u00e1mica ventana, que los ponga en contacto entre s\u00ed y con el mundo. Somos COOLTIVARTE.COM y pretendemos configurarnos como un portal din\u00e1mico, entretenido y atento a los nuevos emprendimientos, que busque siempre la interacci\u00f3n con los artistas.","sameAs":["http:\/\/www.cooltivarte.com","https:\/\/www.facebook.com\/cooltivartecom","https:\/\/www.instagram.com\/_cooltivarte_\/","https:\/\/www.linkedin.com\/company\/-bolocultural","https:\/\/www.pinterest.com\/cooltivarte\/","https:\/\/x.com\/https:\/\/x.com\/obolocultural","https:\/\/www.youtube.com\/@PrensaCooltivarte","https:\/\/www.tumblr.com\/blog\/cooltivarte"],"url":"https:\/\/cooltivarte.com\/portal\/author\/cooltivarte\/"}]}},"_links":{"self":[{"href":"https:\/\/cooltivarte.com\/portal\/wp-json\/wp\/v2\/posts\/95207","targetHints":{"allow":["GET"]}}],"collection":[{"href":"https:\/\/cooltivarte.com\/portal\/wp-json\/wp\/v2\/posts"}],"about":[{"href":"https:\/\/cooltivarte.com\/portal\/wp-json\/wp\/v2\/types\/post"}],"author":[{"embeddable":true,"href":"https:\/\/cooltivarte.com\/portal\/wp-json\/wp\/v2\/users\/8"}],"replies":[{"embeddable":true,"href":"https:\/\/cooltivarte.com\/portal\/wp-json\/wp\/v2\/comments?post=95207"}],"version-history":[{"count":2,"href":"https:\/\/cooltivarte.com\/portal\/wp-json\/wp\/v2\/posts\/95207\/revisions"}],"predecessor-version":[{"id":95366,"href":"https:\/\/cooltivarte.com\/portal\/wp-json\/wp\/v2\/posts\/95207\/revisions\/95366"}],"wp:featuredmedia":[{"embeddable":true,"href":"https:\/\/cooltivarte.com\/portal\/wp-json\/wp\/v2\/media\/95208"}],"wp:attachment":[{"href":"https:\/\/cooltivarte.com\/portal\/wp-json\/wp\/v2\/media?parent=95207"}],"wp:term":[{"taxonomy":"category","embeddable":true,"href":"https:\/\/cooltivarte.com\/portal\/wp-json\/wp\/v2\/categories?post=95207"},{"taxonomy":"post_tag","embeddable":true,"href":"https:\/\/cooltivarte.com\/portal\/wp-json\/wp\/v2\/tags?post=95207"}],"curies":[{"name":"wp","href":"https:\/\/api.w.org\/{rel}","templated":true}]}}