{"id":95080,"date":"2023-11-09T10:14:31","date_gmt":"2023-11-09T13:14:31","guid":{"rendered":"https:\/\/cooltivarte.com\/portal\/?p=95080"},"modified":"2023-11-09T12:13:15","modified_gmt":"2023-11-09T15:13:15","slug":"muestra-net-de-m-carolina-fontana","status":"publish","type":"post","link":"https:\/\/cooltivarte.com\/portal\/muestra-net-de-m-carolina-fontana\/","title":{"rendered":"Muestra .net de M. Carolina Fontana"},"content":{"rendered":"<p><img fetchpriority=\"high\" decoding=\"async\" class=\"aligncenter wp-image-95081 size-full\" title=\"Muestra . de M. Carolina Fontana - Fundaci\u00f3n Ignacio Iturria - jueves 9 de noviembre 2023 a las 19 hs.\" src=\"https:\/\/cooltivarte.com\/portal\/wp-content\/uploads\/2023\/10\/carolina-fontana.jpg\" alt=\"Muestra . de M. Carolina Fontana - Fundaci\u00f3n Ignacio Iturria - jueves 9 de noviembre 2023 a las 19 hs.\" width=\"849\" height=\"597\" srcset=\"https:\/\/cooltivarte.com\/portal\/wp-content\/uploads\/2023\/10\/carolina-fontana.jpg 849w, https:\/\/cooltivarte.com\/portal\/wp-content\/uploads\/2023\/10\/carolina-fontana-300x211.jpg 300w, https:\/\/cooltivarte.com\/portal\/wp-content\/uploads\/2023\/10\/carolina-fontana-768x540.jpg 768w\" sizes=\"(max-width: 849px) 100vw, 849px\" \/><\/p>\n<h4>&nbsp;<\/h4>\n<h4>Muestra <strong>.net<\/strong> de <a href=\"https:\/\/cooltivarte.com\/portal\/?s=M.+Carolina+Fontana\" target=\"_blank\" rel=\"noopener\"><strong>M. Carolina Fontana<\/strong><\/a> &#8211; <strong><a href=\"https:\/\/www.fundacioniturria.org\" target=\"_blank\" rel=\"noopener\">Fundaci\u00f3n Ignacio Iturria<\/a><\/strong> &#8211;&nbsp;<em><strong>9 de noviembre 2023 a las 19 hs.<\/strong><\/em><\/h4>\n<p>&nbsp;<\/p>\n<p class=\"_aacl _aaco _aacu _aacx _aad7 _aade\" dir=\"auto\"><em>&#8220;Con mucho entusiasmo les comparto esta linda noticia y les invito a la inauguraci\u00f3n de mi pr\u00f3xima muestra<strong> .net<\/strong> en la <a href=\"https:\/\/www.instagram.com\/fundacionignacioiturria\/\" target=\"_blank\" rel=\"noopener\">@fundacionignacioiturria<\/a> el pr\u00f3ximo <strong>jueves 9 de noviembre 2023 a las 19 hs.<\/strong> (Acosta y Lara 7339) Nos vemos!!&#8221;<\/em><\/p>\n<p>&nbsp;<\/p>\n<p><a href=\"https:\/\/cooltivarte.com\/portal\/?s=M.+Carolina+Fontana\" target=\"_blank\" rel=\"noopener\"><strong>M. Carolina Fontana<\/strong><\/a><\/p>\n<p class=\"font_8 wixui-rich-text__text\"><span class=\"wixui-rich-text__text\">Mi cuerpo de obra actual busca cuestionar y reflexionar sobre diferentes aspectos de la vida y las relaciones entre los individuos y con el todo desde una perspectiva post y transhumanista. Estoy particularmente interesada en la investigaci\u00f3n de las formas en que creamos conocimiento y experiencias en un mundo hiperconectado, mediado por redes sociales, inteligencia artificial y algoritmos que influyen en nuestras decisiones. Siguiendo una poes\u00eda visual libre de prejuicios, busco establecer v\u00ednculos entre los procesos creativos de las artes visuales contempor\u00e1neas y la filosof\u00eda. Entre 2019 y 2020 particip\u00e9 en un programa de residencia de artistas en Chronus Art Center (CAC) en Shanghai, China, un espacio que me inspir\u00f3 a profundizar mi inter\u00e9s en las relaciones transdisciplinarias entre el arte, la tecnolog\u00eda y la filosof\u00eda. Desde entonces, mi l\u00ednea de investigaci\u00f3n y producci\u00f3n art\u00edstica ha girado en torno a promover estos enriquecimientos mutuos entre estos campos del conocimiento.<\/span><\/p>\n<p class=\"font_8 wixui-rich-text__text\" dir=\"ltr\"><span class=\"wixui-rich-text__text\">Nac\u00ed en Montevideo, Uruguay.<\/span><\/p>\n<p class=\"font_8 wixui-rich-text__text\" dir=\"ltr\"><span class=\"wixui-rich-text__text\">Soy Licenciada en Artes Pl\u00e1sticas y Visuales por la Facultad de Bellas Artes &#8211; I.ENBA &#8211; de la Universidad de la Rep\u00fablica &#8211; UdelaR. Tambi\u00e9n me form\u00e9 como Licenciada en Gesti\u00f3n Cultural en la Facultad de la Cultura de la Universidad Claeh &#8211; Centro Latinoamericano de Econom\u00eda Humana &#8211;&nbsp;<\/span><\/p>\n<p class=\"font_8 wixui-rich-text__text\" dir=\"ltr\"><span class=\"wixui-rich-text__text\">Realic\u00e9 estudios de maestr\u00eda en la Univesitat de Girona, Catalu\u00f1a, Espa\u00f1a, como becaria de la Fundaci\u00f3n Carolina, en la especializaci\u00f3n en Patrimonio Cultural, Unitwin UNESCO. (2020-2021).<\/span><\/p>\n<p class=\"font_8 wixui-rich-text__text\" dir=\"ltr\"><span class=\"wixui-rich-text__text\">Actualmente estoy cursando la Maestr\u00eda en Arte y Cultura Visual de la Facultad de Artes de la UdelaR (2021-2022).<\/span><\/p>\n<p class=\"font_8 wixui-rich-text__text\" dir=\"ltr\"><span class=\"wixui-rich-text__text\"><span class=\"wixGuard wixui-rich-text__text\">\u200b<\/span><\/span><\/p>\n<p class=\"font_8 wixui-rich-text__text\" dir=\"ltr\"><strong><span class=\"wixui-rich-text__text\">Exposiciones e Intervenciones:<\/span><\/strong><\/p>\n<p class=\"font_8 wixui-rich-text__text\" dir=\"ltr\"><span class=\"wixui-rich-text__text\"><span class=\"wixGuard wixui-rich-text__text\">\u200b<\/span><\/span><\/p>\n<p class=\"font_8 wixui-rich-text__text\" dir=\"ltr\"><span class=\"wixui-rich-text__text\">2022-2023&nbsp;\u2013 Exposici\u00f3n colectiva \u201cEl Paisaje Invisible\u201d. Curadur\u00eda de Manuel Neves, en Xippas Galleries, Punta del Este<\/span><\/p>\n<p class=\"font_8 wixui-rich-text__text\" dir=\"ltr\"><span class=\"wixui-rich-text__text\">2022&nbsp;\u2013 Menci\u00f3n Especial Premio Paul C\u00e9zanne 2022 de la Embajada de Francia en Uruguay, obras seleccionadas exhibidas en el Espacio de Exposiciones Subte y en el Museo de Arte Contempor\u00e1neo Atchugarry, MACA<br class=\"wixui-rich-text__text\"\/>-Exposici\u00f3n \u201cPuede que ni siquiera exista 1:10\u201d (Serie: \u201cMe hicieron creer\u201d) en el espacio Sala de Pruebas 1:10 del Proyecto Casamario (MACV, UdelaR)<br class=\"wixui-rich-text__text\"\/>&#8211; Residencia colectiva Obra Abierta_ Equinoccio (organizado por Gustavo Tabares y Luc\u00eda Draper)<\/span><\/p>\n<p class=\"font_8 wixui-rich-text__text\" dir=\"ltr\"><span class=\"wixui-rich-text__text\">2021&nbsp;\u2013 Exposici\u00f3n colectiva de arte correo \u201cSomos Tejido Humano\u201d en el Centro Cultural Nido. Tandil, Rep\u00fablica Argentina.<\/span><\/p>\n<p class=\"font_8 wixui-rich-text__text\" dir=\"ltr\"><span class=\"wixui-rich-text__text\"><span class=\"wixGuard wixui-rich-text__text\">\u200b<\/span><\/span><span class=\"wixui-rich-text__text\">2019-2020&nbsp;&#8211; Participaci\u00f3n del Programa &#8220;China Arts Fellowship&#8221; (Setiembre 2019 &#8211; abril 2020). Organizado por el Instituto Confucio de la Universidad de California, Los \u00c1ngeles (UCLA) y con sede en la Universidad Jiao Tong de Shanghai, Rep\u00fablica Popular de China.<\/span><\/p>\n<p class=\"font_8 wixui-rich-text__text\" dir=\"ltr\"><span class=\"wixui-rich-text__text\"><span class=\"wixGuard wixui-rich-text__text\">\u200b<\/span><\/span><span class=\"wixui-rich-text__text\">2018 &#8211; Exposici\u00f3n de la instalaci\u00f3n: \u201cLa escultura dormida_Reflexiones sobre el emplazamiento de esculturas en el espacio p\u00fablico de Montevideo\u201d en Sala de Exhibiciones de la Facultad de Artes del Instituto Escuela Nacional de Bellas Artes (I.ENBA) Universidad de la Rep\u00fablica (UdelaR) Montevideo, Uruguay<\/span><\/p>\n<p class=\"font_8 wixui-rich-text__text\" dir=\"ltr\"><span class=\"wixui-rich-text__text\">&nbsp; &nbsp; &nbsp; &nbsp;&nbsp; &#8211; Presentaci\u00f3n en el INAE del proyecto de investigaci\u00f3n grupal PAIE-CSIC &#8220;Arte de Acci\u00f3n &#8211; Sistematizaci\u00f3n de experiencias desde 1985 hasta la actualidad en Uruguay&#8221; Presentaci\u00f3n de audiovisual y di\u00e1logo con artistas<\/span><\/p>\n<p class=\"font_8 wixui-rich-text__text\" dir=\"ltr\"><span class=\"wixui-rich-text__text\"><span class=\"wixGuard wixui-rich-text__text\">\u200b<\/span><\/span><span class=\"wixui-rich-text__text\">2017&nbsp; &#8211; Residencia Art\u00edstica en la ciudad de Shenzhen, Rep\u00fablica Popular de China<\/span><\/p>\n<p class=\"font_8 wixui-rich-text__text\" dir=\"ltr\"><span class=\"wixui-rich-text__text\">&nbsp; &nbsp; &nbsp; &nbsp; &nbsp; &#8211; Exhibici\u00f3n &#8220;Double Image&#8221; en el Shenzhen Fine Art Institute, Shenzhen, China<\/span><\/p>\n<p class=\"font_8 wixui-rich-text__text\" dir=\"ltr\"><span class=\"wixui-rich-text__text\">&nbsp; &nbsp; &nbsp; &nbsp; &nbsp; &#8211; Exhibici\u00f3n colectiva &#8220;Homenaje a J. C\u00faneo&#8221; Centro Cultural de Florida, Uruguay<\/span><\/p>\n<p class=\"font_8 wixui-rich-text__text\" dir=\"ltr\"><span class=\"wixui-rich-text__text\">&nbsp; &nbsp; &nbsp; &nbsp; &nbsp; -&#8220;Imago Mundi&#8221;, Italia, en la serie: &#8220;Uruguay: A South Balcony&#8221;<\/span><\/p>\n<p class=\"font_8 wixui-rich-text__text\" dir=\"ltr\"><span class=\"wixui-rich-text__text\">&nbsp; &nbsp; &nbsp; &nbsp; &nbsp; &#8211; Instalaci\u00f3n y performance &#8220;Km0&#8221; &nbsp;en la temporada 28 (T28) del Espacio de Arte Contempor\u00e1neo (EAC) junto al colectivo &#8220;Km0&#8221; en el marco de la Bienal Sur, Extensi\u00f3n I.ENBA<\/span><\/p>\n<p class=\"font_8 wixui-rich-text__text\" dir=\"ltr\"><span class=\"wixui-rich-text__text\">&nbsp; &nbsp; &nbsp; &nbsp; &nbsp; &#8211; Muestra Anual del&nbsp;Shenzhen Fine Art Institute, Shenzhen, Rep\u00fablica Popular de China<\/span><\/p>\n<p class=\"font_8 wixui-rich-text__text\" dir=\"ltr\"><span class=\"wixui-rich-text__text\"><span class=\"wixGuard wixui-rich-text__text\">\u200b<\/span><\/span><span class=\"wixui-rich-text__text\">2016&nbsp; &#8211; Residencia Cultural en el Condominio Cultural \/ LabExperimental, San Pablo, Brasil&nbsp;<\/span><\/p>\n<p class=\"font_8 wixui-rich-text__text\" dir=\"ltr\"><span class=\"wixui-rich-text__text\">&nbsp; &nbsp; &nbsp; &nbsp; &nbsp; &#8211; Drap-Art Uruguay, exposici\u00f3n en el Primer encuentro internacional de reciclaje art\u00edstico de Uruguay.&nbsp;<\/span><\/p>\n<p class=\"font_8 wixui-rich-text__text\" dir=\"ltr\"><span class=\"wixui-rich-text__text\">&nbsp; &nbsp; &nbsp; &nbsp; &nbsp;&#8211; D\u00eda Internacional del Reciclaje, exposici\u00f3n de esculturas en la Plaza Matriz de Montevideo.<\/span><\/p>\n<p class=\"font_8 wixui-rich-text__text\" dir=\"ltr\"><span class=\"wixui-rich-text__text\">&nbsp; &nbsp; &nbsp; &nbsp; &nbsp;&#8211; TROCA<\/span><\/p>\n<p class=\"font_8 wixui-rich-text__text\"><span class=\"wixui-rich-text__text\">2015 \u2013 Exposici\u00f3n colectiva en el Centro Cultural del Departamento de Flores; Feria Ideas + (esculturas junto al \u00c1rea de Volumen del I.ENBA)<\/span><\/p>\n<p class=\"font_8 wixui-rich-text__text\"><span class=\"wixui-rich-text__text\">2014 \u2013 Intervenci\u00f3n en el espacio \u2013 jornadas de Landart en el Puente Negro, La Paz, Departamento de Colonia con el TLOEP Seveso;<\/span><\/p>\n<p class=\"font_8 wixui-rich-text__text\"><span class=\"wixui-rich-text__text\">Exposici\u00f3n colectiva y jornadas de pintura en el Pueblo La Cruz, Florida.<\/span><\/p>\n<p class=\"font_8 wixui-rich-text__text\"><span class=\"wixui-rich-text__text\">2013&nbsp;&#8211; Exposici\u00f3n en B\u00b4nai B\u00b4rith Filial Oriental &#8211; Sal\u00f3n de Artes Visuales; Muestra colectiva itinerante &#8220;Tributo a San Remo&#8221; &#8211; Museo de Artes Visuales &#8220;Ernesto Alexandro&#8221; Departamento de Florida; Exposici\u00f3n de esculturas &#8220;De Coraz\u00f3n&#8221; &#8211; Hotel del Lago, Punta del Este, Maldonado; Exposici\u00f3n colectiva en el Palacio Legislativo<\/span><\/p>\n<p class=\"font_8 wixui-rich-text__text\"><span class=\"wixui-rich-text__text\">2012- Muestra colectiva itinerante &#8220;Tributo a San Remo&#8221; &#8211; Hotel del Lago, Punta del Este; Hotel Argentino, Piri\u00e1polis; Instituto Italiano de Cultura, Montevideo.<\/span><\/p>\n<p class=\"font_8 wixui-rich-text__text\"><span class=\"wixui-rich-text__text\">2011- Muestra Colectiva &#8211; Galer\u00eda Latina<\/span><\/p>\n<p class=\"font_8 wixui-rich-text__text\"><span class=\"wixui-rich-text__text\">2010- Exposici\u00f3n colectiva &#8220;30\u00b0 Aniversario de la Galer\u00eda Latina&#8221;<\/span><\/p>\n<p class=\"font_8 wixui-rich-text__text\"><span class=\"wixui-rich-text__text\">2006-2009- Exposici\u00f3n colectiva en el Espacio Cultural &#8220;La Spezia&#8221;; Obras seleccionadas y expuestas por el &#8220;Centenario de la Escuela Naval&#8221; &#8211; Club Naval de Carrasco; Exposici\u00f3n y Primer Premio en el concurso &#8220;Mirandarte&#8221;, organizado por el Instituto H\u00e9ctor Miranda; Exposici\u00f3n colectiva en el anexo del Palacio Legislativo.&nbsp;<\/span><\/p>\n<p class=\"font_8 wixui-rich-text__text\"><span class=\"wixui-rich-text__text\"><span class=\"wixGuard wixui-rich-text__text\">\u200b<\/span><\/span><span class=\"wixui-rich-text__text\">2006-2016 Participaci\u00f3n en el Taller de arte de los artistas Roberto Cadenas y Janet Cabrera.<\/span><\/p>\n<p><a href=\"https:\/\/www.mcarolinafontana.com\" target=\"_blank\" rel=\"noopener\">https:\/\/www.mcarolinafontana.com<\/a><\/p>\n<p>&nbsp;<\/p>\n<blockquote class=\"instagram-media\" style=\"background: #FFF; border: 0; border-radius: 3px; box-shadow: 0 0 1px 0 rgba(0,0,0,0.5),0 1px 10px 0 rgba(0,0,0,0.15); margin: 1px; max-width: 540px; min-width: 326px; padding: 0; width: calc(100% - 2px);\" data-instgrm-captioned=\"\" data-instgrm-permalink=\"https:\/\/www.instagram.com\/p\/Cy6TmI6uljH\/?utm_source=ig_embed&amp;utm_campaign=loading\" data-instgrm-version=\"14\">\n<div style=\"padding: 16px;\">\n<p>&nbsp;<\/p>\n<div style=\"display: flex; flex-direction: row; align-items: center;\">\n<div style=\"background-color: #f4f4f4; border-radius: 50%; flex-grow: 0; height: 40px; margin-right: 14px; width: 40px;\">&nbsp;<\/div>\n<div style=\"display: flex; flex-direction: column; flex-grow: 1; justify-content: center;\">\n<div style=\"background-color: #f4f4f4; border-radius: 4px; flex-grow: 0; height: 14px; margin-bottom: 6px; width: 100px;\">&nbsp;<\/div>\n<div style=\"background-color: #f4f4f4; border-radius: 4px; flex-grow: 0; height: 14px; width: 60px;\">&nbsp;<\/div>\n<\/div>\n<\/div>\n<div style=\"padding: 19% 0;\">&nbsp;<\/div>\n<div style=\"display: block; height: 50px; margin: 0 auto 12px; width: 50px;\">&nbsp;<\/div>\n<div style=\"padding-top: 8px;\">\n<div style=\"color: #3897f0; font-family: Arial,sans-serif; font-size: 14px; font-style: normal; font-weight: 550; line-height: 18px;\">Ver esta publicaci\u00f3n en Instagram<\/div>\n<\/div>\n<div style=\"padding: 12.5% 0;\">&nbsp;<\/div>\n<div style=\"display: flex; flex-direction: row; margin-bottom: 14px; align-items: center;\">\n<div>\n<div style=\"background-color: #f4f4f4; border-radius: 50%; height: 12.5px; width: 12.5px; transform: translateX(0px) translateY(7px);\">&nbsp;<\/div>\n<div style=\"background-color: #f4f4f4; height: 12.5px; transform: rotate(-45deg) translateX(3px) translateY(1px); width: 12.5px; flex-grow: 0; margin-right: 14px; margin-left: 2px;\">&nbsp;<\/div>\n<div style=\"background-color: #f4f4f4; border-radius: 50%; height: 12.5px; width: 12.5px; transform: translateX(9px) translateY(-18px);\">&nbsp;<\/div>\n<\/div>\n<div style=\"margin-left: 8px;\">\n<div style=\"background-color: #f4f4f4; border-radius: 50%; flex-grow: 0; height: 20px; width: 20px;\">&nbsp;<\/div>\n<div style=\"width: 0; height: 0; border-top: 2px solid transparent; border-left: 6px solid #f4f4f4; border-bottom: 2px solid transparent; transform: translateX(16px) translateY(-4px) rotate(30deg);\">&nbsp;<\/div>\n<\/div>\n<div style=\"margin-left: auto;\">\n<div style=\"width: 0px; border-top: 8px solid #F4F4F4; border-right: 8px solid transparent; transform: translateY(16px);\">&nbsp;<\/div>\n<div style=\"background-color: #f4f4f4; flex-grow: 0; height: 12px; width: 16px; transform: translateY(-4px);\">&nbsp;<\/div>\n<div style=\"width: 0; height: 0; border-top: 8px solid #F4F4F4; border-left: 8px solid transparent; transform: translateY(-4px) translateX(8px);\">&nbsp;<\/div>\n<\/div>\n<\/div>\n<div style=\"display: flex; flex-direction: column; flex-grow: 1; justify-content: center; margin-bottom: 24px;\">\n<div style=\"background-color: #f4f4f4; border-radius: 4px; flex-grow: 0; height: 14px; margin-bottom: 6px; width: 224px;\">&nbsp;<\/div>\n<div style=\"background-color: #f4f4f4; border-radius: 4px; flex-grow: 0; height: 14px; width: 144px;\">&nbsp;<\/div>\n<\/div>\n<p>&nbsp;<\/p>\n<p style=\"color: #c9c8cd; font-family: Arial,sans-serif; font-size: 14px; line-height: 17px; margin-bottom: 0; margin-top: 8px; overflow: hidden; padding: 8px 0 7px; text-align: center; text-overflow: ellipsis; white-space: nowrap;\"><a style=\"color: #c9c8cd; font-family: Arial,sans-serif; font-size: 14px; font-style: normal; font-weight: normal; line-height: 17px; text-decoration: none;\" href=\"https:\/\/www.instagram.com\/p\/Cy6TmI6uljH\/?utm_source=ig_embed&amp;utm_campaign=loading\" target=\"_blank\" rel=\"noopener\">Una publicaci\u00f3n compartida de M. Carolina Fontana Di Rende (@m.carolinafontana)<\/a><\/p>\n<\/div>\n<\/blockquote>\n<p><script async=\"\" src=\"\/\/www.instagram.com\/embed.js\"><\/script><br \/>\n&nbsp;<\/p>\n<p>&nbsp;<\/p>\n<p>&nbsp;<\/p>\n","protected":false},"excerpt":{"rendered":"<p>&nbsp; Muestra .net de M. Carolina Fontana &#8211; Fundaci\u00f3n Ignacio Iturria &#8211;&nbsp;9 de noviembre 2023 a las 19 hs. &nbsp; &#8220;Con mucho entusiasmo les comparto esta linda noticia y les invito a la inauguraci\u00f3n de mi pr\u00f3xima muestra .net en la @fundacionignacioiturria el pr\u00f3ximo jueves 9 de noviembre 2023 a las 19 hs. (Acosta y [&hellip;]<\/p>\n","protected":false},"author":8,"featured_media":95081,"comment_status":"closed","ping_status":"closed","sticky":false,"template":"","format":"standard","meta":{"om_disable_all_campaigns":false,"ngg_post_thumbnail":0,"jnews-multi-image_gallery":[],"jnews_single_post":{"subtitle":"Fundaci\u00f3n Ignacio Iturria - jueves 9 de noviembre 2023 a las 19 hs.","format":"standard","video":"","gallery":"","source_name":"","source_url":"","via_name":"","via_url":"","override_template":"0","override":[{"template":"4","single_blog_custom":"","parallax":"1","fullscreen":"0","layout":"right-sidebar","sidebar":"default-sidebar","second_sidebar":"default-sidebar","sticky_sidebar":"1","share_position":"bottom","share_float_style":"share-monocrhome","show_share_counter":"1","show_view_counter":"1","show_featured":"1","show_post_meta":"1","show_post_author":"1","show_post_author_image":"1","show_post_date":"1","post_date_format":"default","post_date_format_custom":"Y\/m\/d","show_post_category":"1","show_post_reading_time":"0","post_reading_time_wpm":"300","show_zoom_button":"0","zoom_button_out_step":"2","zoom_button_in_step":"3","show_post_tag":"1","show_prev_next_post":"1","show_popup_post":"1","number_popup_post":"1","show_author_box":"1","show_post_related":"0","show_inline_post_related":"0"}],"override_image_size":"0","image_override":[{"single_post_thumbnail_size":"no-crop","single_post_gallery_size":"crop-500"}],"trending_post":"0","trending_post_position":"meta","trending_post_label":"Trending","sponsored_post":"0","sponsored_post_label":"Sponsored by","sponsored_post_name":"","sponsored_post_url":"","sponsored_post_logo_enable":"0","sponsored_post_logo":"","sponsored_post_desc":"","disable_ad":"0"},"jnews_primary_category":{"id":"","hide":""},"jnews_social_meta":{"fb_title":"","fb_description":"","fb_image":"","twitter_title":"","twitter_description":"","twitter_image":""},"jnews_override_counter":{"override_view_counter":"0","view_counter_number":"0","override_share_counter":"0","share_counter_number":"0","override_like_counter":"0","like_counter_number":"0","override_dislike_counter":"0","dislike_counter_number":"0"},"footnotes":""},"categories":[3394],"tags":[20741,650,20740,20742,241],"class_list":["post-95080","post","type-post","status-publish","format-standard","has-post-thumbnail","hentry","category-eventos","tag-net","tag-artes-plasticas","tag-fundacion-ignacio-iturria","tag-m-carolina-fontana","tag-muestra"],"yoast_head":"<!-- This site is optimized with the Yoast SEO plugin v27.5 - https:\/\/yoast.com\/product\/yoast-seo-wordpress\/ -->\n<title>Muestra .net de M. Carolina Fontana - Cooltivarte Portal<\/title>\n<meta name=\"description\" content=\"Muestra .net de M. Carolina Fontana - Fundaci\u00f3n Ignacio Iturria - &quot;Con mucho entusiasmo les comparto esta linda noticia y les invito a la inauguraci\u00f3n de mi pr\u00f3xima muestra .net en la @fundacionignacioiturria el pr\u00f3ximo jueves 9 de noviembre 2023 a las 19 hs. (Acosta y Lara 7339) Nos vemos!!&quot;\" \/>\n<meta name=\"robots\" content=\"index, follow, max-snippet:-1, max-image-preview:large, max-video-preview:-1\" \/>\n<link rel=\"canonical\" href=\"https:\/\/cooltivarte.com\/portal\/muestra-net-de-m-carolina-fontana\/\" \/>\n<meta property=\"og:locale\" content=\"es_ES\" \/>\n<meta property=\"og:type\" content=\"article\" \/>\n<meta property=\"og:title\" content=\"Muestra .net de M. Carolina Fontana - Fundaci\u00f3n Ignacio Iturria - jueves 9 de noviembre 2023 a las 19 hs.\" \/>\n<meta property=\"og:description\" content=\"Muestra .net de M. Carolina Fontana - Fundaci\u00f3n Ignacio Iturria - &quot;Con mucho entusiasmo les comparto esta linda noticia y les invito a la inauguraci\u00f3n de mi pr\u00f3xima muestra .net en la @fundacionignacioiturria el pr\u00f3ximo jueves 9 de noviembre 2023 a las 19 hs. (Acosta y Lara 7339) Nos vemos!!&quot;\" \/>\n<meta property=\"og:url\" content=\"https:\/\/cooltivarte.com\/portal\/muestra-net-de-m-carolina-fontana\/\" \/>\n<meta property=\"og:site_name\" content=\"Cooltivarte Portal\" \/>\n<meta property=\"article:publisher\" content=\"https:\/\/www.facebook.com\/cooltivartecom\/\" \/>\n<meta property=\"article:author\" content=\"https:\/\/www.facebook.com\/cooltivartecom\" \/>\n<meta property=\"article:published_time\" content=\"2023-11-09T13:14:31+00:00\" \/>\n<meta property=\"article:modified_time\" content=\"2023-11-09T15:13:15+00:00\" \/>\n<meta property=\"og:image\" content=\"https:\/\/cooltivarte.com\/portal\/wp-content\/uploads\/2023\/10\/carolina-fontana.jpg\" \/>\n\t<meta property=\"og:image:width\" content=\"849\" \/>\n\t<meta property=\"og:image:height\" content=\"597\" \/>\n\t<meta property=\"og:image:type\" content=\"image\/jpeg\" \/>\n<meta name=\"author\" content=\"Cooltivarte\" \/>\n<meta name=\"twitter:card\" content=\"summary_large_image\" \/>\n<meta name=\"twitter:title\" content=\"Muestra .net de M. Carolina Fontana - Fundaci\u00f3n Ignacio Iturria - jueves 9 de noviembre 2023 a las 19 hs.\" \/>\n<meta name=\"twitter:description\" content=\"Muestra .net de M. Carolina Fontana - Fundaci\u00f3n Ignacio Iturria - &quot;Con mucho entusiasmo les comparto esta linda noticia y les invito a la inauguraci\u00f3n de mi pr\u00f3xima muestra .net en la @fundacionignacioiturria el pr\u00f3ximo jueves 9 de noviembre 2023 a las 19 hs. (Acosta y Lara 7339) Nos vemos!!&quot;\" \/>\n<meta name=\"twitter:image\" content=\"https:\/\/cooltivarte.com\/portal\/wp-content\/uploads\/2023\/10\/carolina-fontana.jpg\" \/>\n<meta name=\"twitter:creator\" content=\"@https:\/\/x.com\/obolocultural\" \/>\n<meta name=\"twitter:site\" content=\"@obolocultural\" \/>\n<meta name=\"twitter:label1\" content=\"Escrito por\" \/>\n\t<meta name=\"twitter:data1\" content=\"Cooltivarte\" \/>\n\t<meta name=\"twitter:label2\" content=\"Tiempo de lectura\" \/>\n\t<meta name=\"twitter:data2\" content=\"5 minutos\" \/>\n<!-- \/ Yoast SEO plugin. -->","yoast_head_json":{"title":"Muestra .net de M. Carolina Fontana - Cooltivarte Portal","description":"Muestra .net de M. Carolina Fontana - Fundaci\u00f3n Ignacio Iturria - \"Con mucho entusiasmo les comparto esta linda noticia y les invito a la inauguraci\u00f3n de mi pr\u00f3xima muestra .net en la @fundacionignacioiturria el pr\u00f3ximo jueves 9 de noviembre 2023 a las 19 hs. (Acosta y Lara 7339) Nos vemos!!\"","robots":{"index":"index","follow":"follow","max-snippet":"max-snippet:-1","max-image-preview":"max-image-preview:large","max-video-preview":"max-video-preview:-1"},"canonical":"https:\/\/cooltivarte.com\/portal\/muestra-net-de-m-carolina-fontana\/","og_locale":"es_ES","og_type":"article","og_title":"Muestra .net de M. Carolina Fontana - Fundaci\u00f3n Ignacio Iturria - jueves 9 de noviembre 2023 a las 19 hs.","og_description":"Muestra .net de M. Carolina Fontana - Fundaci\u00f3n Ignacio Iturria - \"Con mucho entusiasmo les comparto esta linda noticia y les invito a la inauguraci\u00f3n de mi pr\u00f3xima muestra .net en la @fundacionignacioiturria el pr\u00f3ximo jueves 9 de noviembre 2023 a las 19 hs. (Acosta y Lara 7339) Nos vemos!!\"","og_url":"https:\/\/cooltivarte.com\/portal\/muestra-net-de-m-carolina-fontana\/","og_site_name":"Cooltivarte Portal","article_publisher":"https:\/\/www.facebook.com\/cooltivartecom\/","article_author":"https:\/\/www.facebook.com\/cooltivartecom","article_published_time":"2023-11-09T13:14:31+00:00","article_modified_time":"2023-11-09T15:13:15+00:00","og_image":[{"width":849,"height":597,"url":"https:\/\/cooltivarte.com\/portal\/wp-content\/uploads\/2023\/10\/carolina-fontana.jpg","type":"image\/jpeg"}],"author":"Cooltivarte","twitter_card":"summary_large_image","twitter_title":"Muestra .net de M. Carolina Fontana - Fundaci\u00f3n Ignacio Iturria - jueves 9 de noviembre 2023 a las 19 hs.","twitter_description":"Muestra .net de M. Carolina Fontana - Fundaci\u00f3n Ignacio Iturria - \"Con mucho entusiasmo les comparto esta linda noticia y les invito a la inauguraci\u00f3n de mi pr\u00f3xima muestra .net en la @fundacionignacioiturria el pr\u00f3ximo jueves 9 de noviembre 2023 a las 19 hs. (Acosta y Lara 7339) Nos vemos!!\"","twitter_image":"https:\/\/cooltivarte.com\/portal\/wp-content\/uploads\/2023\/10\/carolina-fontana.jpg","twitter_creator":"@https:\/\/x.com\/obolocultural","twitter_site":"@obolocultural","twitter_misc":{"Escrito por":"Cooltivarte","Tiempo de lectura":"5 minutos"},"schema":{"@context":"https:\/\/schema.org","@graph":[{"@type":"NewsArticle","@id":"https:\/\/cooltivarte.com\/portal\/muestra-net-de-m-carolina-fontana\/#article","isPartOf":{"@id":"https:\/\/cooltivarte.com\/portal\/muestra-net-de-m-carolina-fontana\/"},"author":{"name":"Cooltivarte","@id":"https:\/\/cooltivarte.com\/portal\/#\/schema\/person\/ec2a4f4e71b740d0c559c0ab9a157e19"},"headline":"Muestra .net de M. Carolina Fontana","datePublished":"2023-11-09T13:14:31+00:00","dateModified":"2023-11-09T15:13:15+00:00","mainEntityOfPage":{"@id":"https:\/\/cooltivarte.com\/portal\/muestra-net-de-m-carolina-fontana\/"},"wordCount":1035,"publisher":{"@id":"https:\/\/cooltivarte.com\/portal\/#organization"},"image":{"@id":"https:\/\/cooltivarte.com\/portal\/muestra-net-de-m-carolina-fontana\/#primaryimage"},"thumbnailUrl":"https:\/\/cooltivarte.com\/portal\/wp-content\/uploads\/2023\/10\/carolina-fontana.jpg","keywords":[".net","artes pl\u00e1sticas","Fundaci\u00f3n Ignacio Iturria","M. Carolina Fontana","MUESTRA"],"articleSection":["Eventos"],"inLanguage":"es-AR"},{"@type":"WebPage","@id":"https:\/\/cooltivarte.com\/portal\/muestra-net-de-m-carolina-fontana\/","url":"https:\/\/cooltivarte.com\/portal\/muestra-net-de-m-carolina-fontana\/","name":"Muestra .net de M. Carolina Fontana - Cooltivarte Portal","isPartOf":{"@id":"https:\/\/cooltivarte.com\/portal\/#website"},"primaryImageOfPage":{"@id":"https:\/\/cooltivarte.com\/portal\/muestra-net-de-m-carolina-fontana\/#primaryimage"},"image":{"@id":"https:\/\/cooltivarte.com\/portal\/muestra-net-de-m-carolina-fontana\/#primaryimage"},"thumbnailUrl":"https:\/\/cooltivarte.com\/portal\/wp-content\/uploads\/2023\/10\/carolina-fontana.jpg","datePublished":"2023-11-09T13:14:31+00:00","dateModified":"2023-11-09T15:13:15+00:00","description":"Muestra .net de M. Carolina Fontana - Fundaci\u00f3n Ignacio Iturria - \"Con mucho entusiasmo les comparto esta linda noticia y les invito a la inauguraci\u00f3n de mi pr\u00f3xima muestra .net en la @fundacionignacioiturria el pr\u00f3ximo jueves 9 de noviembre 2023 a las 19 hs. (Acosta y Lara 7339) Nos vemos!!\"","breadcrumb":{"@id":"https:\/\/cooltivarte.com\/portal\/muestra-net-de-m-carolina-fontana\/#breadcrumb"},"inLanguage":"es-AR","potentialAction":[{"@type":"ReadAction","target":["https:\/\/cooltivarte.com\/portal\/muestra-net-de-m-carolina-fontana\/"]}]},{"@type":"ImageObject","inLanguage":"es-AR","@id":"https:\/\/cooltivarte.com\/portal\/muestra-net-de-m-carolina-fontana\/#primaryimage","url":"https:\/\/cooltivarte.com\/portal\/wp-content\/uploads\/2023\/10\/carolina-fontana.jpg","contentUrl":"https:\/\/cooltivarte.com\/portal\/wp-content\/uploads\/2023\/10\/carolina-fontana.jpg","width":849,"height":597,"caption":"Muestra . de M. Carolina Fontana - Fundaci\u00f3n Ignacio Iturria - jueves 9 de noviembre 2023 a las 19 hs."},{"@type":"BreadcrumbList","@id":"https:\/\/cooltivarte.com\/portal\/muestra-net-de-m-carolina-fontana\/#breadcrumb","itemListElement":[{"@type":"ListItem","position":1,"name":"Portada","item":"https:\/\/cooltivarte.com\/portal\/"},{"@type":"ListItem","position":2,"name":"Muestra .net de M. Carolina Fontana"}]},{"@type":"WebSite","@id":"https:\/\/cooltivarte.com\/portal\/#website","url":"https:\/\/cooltivarte.com\/portal\/","name":"Cooltivarte Portal","description":"Arte, cultura y turismo para el mundo ...","publisher":{"@id":"https:\/\/cooltivarte.com\/portal\/#organization"},"potentialAction":[{"@type":"SearchAction","target":{"@type":"EntryPoint","urlTemplate":"https:\/\/cooltivarte.com\/portal\/?s={search_term_string}"},"query-input":{"@type":"PropertyValueSpecification","valueRequired":true,"valueName":"search_term_string"}}],"inLanguage":"es-AR"},{"@type":"Organization","@id":"https:\/\/cooltivarte.com\/portal\/#organization","name":"cooltivarte","url":"https:\/\/cooltivarte.com\/portal\/","logo":{"@type":"ImageObject","inLanguage":"es-AR","@id":"https:\/\/cooltivarte.com\/portal\/#\/schema\/logo\/image\/","url":"https:\/\/cooltivarte.com\/portal\/wp-content\/uploads\/2020\/04\/logo-cooltivarte-v2.png","contentUrl":"https:\/\/cooltivarte.com\/portal\/wp-content\/uploads\/2020\/04\/logo-cooltivarte-v2.png","width":851,"height":243,"caption":"cooltivarte"},"image":{"@id":"https:\/\/cooltivarte.com\/portal\/#\/schema\/logo\/image\/"},"sameAs":["https:\/\/www.facebook.com\/cooltivartecom\/","https:\/\/x.com\/obolocultural","https:\/\/www.instagram.com\/_cooltivarte_\/","https:\/\/www.linkedin.com\/company\/-bolocultural?reportsuccess=8zaNG1HwhPbAR9iQhZ5rfGeqz_vQFftHun0ZWU0Wy9vNemRJ8vtcKdJvzQfW8XagyOJSKg0XvfJ1dp","https:\/\/www.pinterest.com\/cooltivarte\/","https:\/\/cooltivarte.tumblr.com\/","https:\/\/www.tiktok.com\/@cooltivarte","https:\/\/www.youtube.com\/@PrensaCooltivarte"]},{"@type":"Person","@id":"https:\/\/cooltivarte.com\/portal\/#\/schema\/person\/ec2a4f4e71b740d0c559c0ab9a157e19","name":"Cooltivarte","image":{"@type":"ImageObject","inLanguage":"es-AR","@id":"https:\/\/cooltivarte.com\/portal\/wp-content\/uploads\/2014\/05\/logo-cooltivarte-120x120.jpg","url":"https:\/\/cooltivarte.com\/portal\/wp-content\/uploads\/2014\/05\/logo-cooltivarte-120x120.jpg","contentUrl":"https:\/\/cooltivarte.com\/portal\/wp-content\/uploads\/2014\/05\/logo-cooltivarte-120x120.jpg","caption":"Cooltivarte"},"description":"Somos COOLTIVARTE.COM. Un portal digital dedicado a difundir el acontecer art\u00edstico y cultural del Uruguay. Estamos en la vuelta desde el a\u00f1o 2003, y como evoluci\u00f3n del bolet\u00edn Obolo Cultural, nos encontramos abocados a apoyar a los artistas nacionales brind\u00e1ndoles un espacio de difusi\u00f3n. Creemos en la idea de utilizar la potencialidad que hoy d\u00eda nos otorga la web, para que la cultura uruguaya y sus creadores dispongan de una din\u00e1mica ventana, que los ponga en contacto entre s\u00ed y con el mundo. Somos COOLTIVARTE.COM y pretendemos configurarnos como un portal din\u00e1mico, entretenido y atento a los nuevos emprendimientos, que busque siempre la interacci\u00f3n con los artistas.","sameAs":["http:\/\/www.cooltivarte.com","https:\/\/www.facebook.com\/cooltivartecom","https:\/\/www.instagram.com\/_cooltivarte_\/","https:\/\/www.linkedin.com\/company\/-bolocultural","https:\/\/www.pinterest.com\/cooltivarte\/","https:\/\/x.com\/https:\/\/x.com\/obolocultural","https:\/\/www.youtube.com\/@PrensaCooltivarte","https:\/\/www.tumblr.com\/blog\/cooltivarte"],"url":"https:\/\/cooltivarte.com\/portal\/author\/cooltivarte\/"}]}},"_links":{"self":[{"href":"https:\/\/cooltivarte.com\/portal\/wp-json\/wp\/v2\/posts\/95080","targetHints":{"allow":["GET"]}}],"collection":[{"href":"https:\/\/cooltivarte.com\/portal\/wp-json\/wp\/v2\/posts"}],"about":[{"href":"https:\/\/cooltivarte.com\/portal\/wp-json\/wp\/v2\/types\/post"}],"author":[{"embeddable":true,"href":"https:\/\/cooltivarte.com\/portal\/wp-json\/wp\/v2\/users\/8"}],"replies":[{"embeddable":true,"href":"https:\/\/cooltivarte.com\/portal\/wp-json\/wp\/v2\/comments?post=95080"}],"version-history":[{"count":8,"href":"https:\/\/cooltivarte.com\/portal\/wp-json\/wp\/v2\/posts\/95080\/revisions"}],"predecessor-version":[{"id":95091,"href":"https:\/\/cooltivarte.com\/portal\/wp-json\/wp\/v2\/posts\/95080\/revisions\/95091"}],"wp:featuredmedia":[{"embeddable":true,"href":"https:\/\/cooltivarte.com\/portal\/wp-json\/wp\/v2\/media\/95081"}],"wp:attachment":[{"href":"https:\/\/cooltivarte.com\/portal\/wp-json\/wp\/v2\/media?parent=95080"}],"wp:term":[{"taxonomy":"category","embeddable":true,"href":"https:\/\/cooltivarte.com\/portal\/wp-json\/wp\/v2\/categories?post=95080"},{"taxonomy":"post_tag","embeddable":true,"href":"https:\/\/cooltivarte.com\/portal\/wp-json\/wp\/v2\/tags?post=95080"}],"curies":[{"name":"wp","href":"https:\/\/api.w.org\/{rel}","templated":true}]}}