{"id":93930,"date":"2023-10-06T09:37:18","date_gmt":"2023-10-06T12:37:18","guid":{"rendered":"https:\/\/cooltivarte.com\/portal\/?p=93930"},"modified":"2023-10-06T18:57:06","modified_gmt":"2023-10-06T21:57:06","slug":"ternas-finalistas-de-los-premios-bartolome-hidalgo","status":"publish","type":"post","link":"https:\/\/cooltivarte.com\/portal\/ternas-finalistas-de-los-premios-bartolome-hidalgo\/","title":{"rendered":"Ternas finalistas de los premios Bartolom\u00e9 Hidalgo"},"content":{"rendered":"<p><img fetchpriority=\"high\" decoding=\"async\" class=\"aligncenter wp-image-93931 size-medium\" title=\"Ternas finalistas de los premios Bartolom\u00e9 Hidalgo - Literatura infantil y juvenil\" src=\"https:\/\/cooltivarte.com\/portal\/wp-content\/uploads\/2023\/10\/Bartolome-Hidalgo-300x300.jpg\" alt=\"Ternas finalistas de los premios Bartolom\u00e9 Hidalgo - Literatura infantil y juvenil\" width=\"300\" height=\"300\" srcset=\"https:\/\/cooltivarte.com\/portal\/wp-content\/uploads\/2023\/10\/Bartolome-Hidalgo-300x300.jpg 300w, https:\/\/cooltivarte.com\/portal\/wp-content\/uploads\/2023\/10\/Bartolome-Hidalgo-1024x1024.jpg 1024w, https:\/\/cooltivarte.com\/portal\/wp-content\/uploads\/2023\/10\/Bartolome-Hidalgo-150x150.jpg 150w, https:\/\/cooltivarte.com\/portal\/wp-content\/uploads\/2023\/10\/Bartolome-Hidalgo-768x768.jpg 768w, https:\/\/cooltivarte.com\/portal\/wp-content\/uploads\/2023\/10\/Bartolome-Hidalgo-120x120.jpg 120w, https:\/\/cooltivarte.com\/portal\/wp-content\/uploads\/2023\/10\/Bartolome-Hidalgo.jpg 1080w\" sizes=\"(max-width: 300px) 100vw, 300px\" \/><\/p>\n<p>&nbsp;<\/p>\n<p>El pr\u00f3ximo s\u00e1bado 7 de octubre 2023, a las 19 horas, en la <strong>Sala Azul<\/strong> de la <strong>Intendencia de Montevideo<\/strong>, se realizar\u00e1 la ceremonia de entrega de premios <strong><a href=\"https:\/\/cooltivarte.com\/portal\/?s=Bartolom%C3%A9+Hidalgo\" target=\"_blank\" rel=\"noopener\">Bartolom\u00e9 Hidalgo<\/a><\/strong>. Los invitamos a acompa\u00f1arnos y juntos descubrir el ganador de cada categor\u00eda.<\/p>\n<p>&nbsp;<\/p>\n<header class=\"entry-header ast-no-thumbnail ast-header-without-markup\">\n<h1 class=\"entry-title\">Ternas finalistas de los premios Bartolom\u00e9 Hidalgo<\/h1>\n<\/header>\n<div class=\"entry-content clear\">\n<div class=\"elementor elementor-25135\" data-elementor-type=\"wp-post\" data-elementor-id=\"25135\">\n<div class=\"elementor-element elementor-element-35496e7 e-flex e-con-boxed e-con e-parent\" data-id=\"35496e7\" data-element_type=\"container\" data-settings=\"{&quot;content_width&quot;:&quot;boxed&quot;}\" data-core-v316-plus=\"true\">\n<div class=\"e-con-inner\">\n<div class=\"elementor-element elementor-element-eb173a7 elementor-widget elementor-widget-heading\" data-id=\"eb173a7\" data-element_type=\"widget\" data-widget_type=\"heading.default\">\n<div class=\"elementor-widget-container\">\n<h2>&nbsp;<\/h2>\n<h2 class=\"elementor-heading-title elementor-size-default\">Literatura infantil y juvenil<\/h2>\n<p>&nbsp;<\/p>\n<\/div>\n<\/div>\n<\/div>\n<\/div>\n<div class=\"elementor-element elementor-element-d28b353 e-flex e-con-boxed e-con e-parent\" data-id=\"d28b353\" data-element_type=\"container\" data-settings=\"{&quot;content_width&quot;:&quot;boxed&quot;}\" data-core-v316-plus=\"true\">\n<div class=\"e-con-inner\">\n<div class=\"elementor-element elementor-element-a84377c e-con-full e-flex e-con e-child\" data-id=\"a84377c\" data-element_type=\"container\" data-settings=\"{&quot;content_width&quot;:&quot;full&quot;}\">\n<div class=\"elementor-element elementor-element-45f77dd elementor-widget elementor-widget-image\" data-id=\"45f77dd\" data-element_type=\"widget\" data-widget_type=\"image.default\">\n<div class=\"elementor-widget-container\"><img decoding=\"async\" class=\"attachment-medium size-medium wp-image-25138\" src=\"https:\/\/cul.com.uy\/wp-content\/uploads\/2023\/10\/Tonio-y-el-benteveo-200x300.jpg\" sizes=\"(max-width: 200px) 100vw, 200px\" srcset=\"https:\/\/cul.com.uy\/wp-content\/uploads\/2023\/10\/Tonio-y-el-benteveo-200x300.jpg 200w, https:\/\/cul.com.uy\/wp-content\/uploads\/2023\/10\/Tonio-y-el-benteveo-687x1030.jpg 687w, https:\/\/cul.com.uy\/wp-content\/uploads\/2023\/10\/Tonio-y-el-benteveo-768x1152.jpg 768w, https:\/\/cul.com.uy\/wp-content\/uploads\/2023\/10\/Tonio-y-el-benteveo.jpg 1000w\" alt=\"\" width=\"200\" height=\"300\"\/>&nbsp; <img decoding=\"async\" class=\"attachment-medium size-medium wp-image-25140\" src=\"https:\/\/cul.com.uy\/wp-content\/uploads\/2023\/10\/Buscadores-de-reliquias.-Tras-la-pista-de-la-medalla-209x300.jpg\" sizes=\"(max-width: 209px) 100vw, 209px\" srcset=\"https:\/\/cul.com.uy\/wp-content\/uploads\/2023\/10\/Buscadores-de-reliquias.-Tras-la-pista-de-la-medalla-209x300.jpg 209w, https:\/\/cul.com.uy\/wp-content\/uploads\/2023\/10\/Buscadores-de-reliquias.-Tras-la-pista-de-la-medalla.jpg 712w\" alt=\"\" width=\"209\" height=\"300\"\/>&nbsp; <img loading=\"lazy\" decoding=\"async\" class=\"attachment-medium size-medium wp-image-25137\" src=\"https:\/\/cul.com.uy\/wp-content\/uploads\/2023\/10\/Olas-205x300.png\" sizes=\"(max-width: 205px) 100vw, 205px\" srcset=\"https:\/\/cul.com.uy\/wp-content\/uploads\/2023\/10\/Olas-205x300.png 205w, https:\/\/cul.com.uy\/wp-content\/uploads\/2023\/10\/Olas.png 701w\" alt=\"\" width=\"205\" height=\"300\"\/><\/div>\n<\/div>\n<\/div>\n<div class=\"elementor-element elementor-element-64c84a5 e-con-full e-flex e-con e-child\" data-id=\"64c84a5\" data-element_type=\"container\" data-settings=\"{&quot;content_width&quot;:&quot;full&quot;}\">\n<div class=\"elementor-element elementor-element-8c2b17b elementor-widget elementor-widget-text-editor\" data-id=\"8c2b17b\" data-element_type=\"widget\" data-widget_type=\"text-editor.default\">\n<div class=\"elementor-widget-container\">\n<p><b><i>Tonio y el benteveo<\/i><\/b><\/p>\n<p>Marcos Llemes<\/p>\n<p>Editorial Fin de Siglo.<\/p>\n<\/div>\n<\/div>\n<\/div>\n<div class=\"elementor-element elementor-element-4d4baf2 e-con-full e-flex e-con e-child\" data-id=\"4d4baf2\" data-element_type=\"container\" data-settings=\"{&quot;content_width&quot;:&quot;full&quot;}\">\n<div class=\"elementor-element elementor-element-3892038 elementor-widget elementor-widget-text-editor\" data-id=\"3892038\" data-element_type=\"widget\" data-widget_type=\"text-editor.default\">\n<div class=\"elementor-widget-container\">\n<p><b><i>Buscadores de reliquias. <\/i><\/b><\/p>\n<p><b><i>Tras la pista de la medalla<\/i><\/b><\/p>\n<p>Helen Velando<\/p>\n<p>Alfaguara. Penguin Random House.<\/p>\n<\/div>\n<\/div>\n<\/div>\n<div class=\"elementor-element elementor-element-3848ae2 e-con-full e-flex e-con e-child\" data-id=\"3848ae2\" data-element_type=\"container\" data-settings=\"{&quot;content_width&quot;:&quot;full&quot;}\">\n<div class=\"elementor-element elementor-element-a67d7ab elementor-widget elementor-widget-text-editor\" data-id=\"a67d7ab\" data-element_type=\"widget\" data-widget_type=\"text-editor.default\">\n<div class=\"elementor-widget-container\">\n<p><b><i>Olas<\/i><\/b><\/p>\n<p>Camilo Bar\u00e1ibar<\/p>\n<p>Ocho Ojos Editorial.<\/p>\n<\/div>\n<\/div>\n<\/div>\n<\/div>\n<\/div>\n<div class=\"elementor-element elementor-element-b827152 e-flex e-con-boxed e-con e-parent\" data-id=\"b827152\" data-element_type=\"container\" data-settings=\"{&quot;content_width&quot;:&quot;boxed&quot;}\" data-core-v316-plus=\"true\">\n<div class=\"e-con-inner\">\n<div class=\"elementor-element elementor-element-eec4bfc elementor-widget elementor-widget-heading\" data-id=\"eec4bfc\" data-element_type=\"widget\" data-widget_type=\"heading.default\">\n<div class=\"elementor-widget-container\">\n<h2 class=\"elementor-heading-title elementor-size-default\">Libro \u00c1lbum infantil y juvenil<\/h2>\n<\/div>\n<\/div>\n<\/div>\n<\/div>\n<div class=\"elementor-element elementor-element-849ea2e e-flex e-con-boxed e-con e-parent\" data-id=\"849ea2e\" data-element_type=\"container\" data-settings=\"{&quot;content_width&quot;:&quot;boxed&quot;}\" data-core-v316-plus=\"true\">\n<div class=\"e-con-inner\">\n<div class=\"elementor-element elementor-element-4adcbc3 e-con-full e-flex e-con e-child\" data-id=\"4adcbc3\" data-element_type=\"container\" data-settings=\"{&quot;content_width&quot;:&quot;full&quot;}\">\n<div class=\"elementor-element elementor-element-b1d13ef elementor-widget elementor-widget-image\" data-id=\"b1d13ef\" data-element_type=\"widget\" data-widget_type=\"image.default\">\n<div class=\"elementor-widget-container\"><img loading=\"lazy\" decoding=\"async\" class=\"attachment-medium size-medium wp-image-25141\" src=\"https:\/\/cul.com.uy\/wp-content\/uploads\/2023\/10\/Angosta-la-langosta-246x300.jpg\" sizes=\"(max-width: 246px) 100vw, 246px\" srcset=\"https:\/\/cul.com.uy\/wp-content\/uploads\/2023\/10\/Angosta-la-langosta-246x300.jpg 246w, https:\/\/cul.com.uy\/wp-content\/uploads\/2023\/10\/Angosta-la-langosta-846x1030.jpg 846w, https:\/\/cul.com.uy\/wp-content\/uploads\/2023\/10\/Angosta-la-langosta-768x936.jpg 768w, https:\/\/cul.com.uy\/wp-content\/uploads\/2023\/10\/Angosta-la-langosta.jpg 1100w\" alt=\"\" width=\"246\" height=\"300\"\/> &nbsp; <img loading=\"lazy\" decoding=\"async\" class=\"attachment-large wp-image-25142\" src=\"https:\/\/cul.com.uy\/wp-content\/uploads\/2023\/10\/Margaret-y-la-flor-de-la-luna-1030x1013.jpg\" sizes=\"(max-width: 1030px) 100vw, 1030px\" srcset=\"https:\/\/cul.com.uy\/wp-content\/uploads\/2023\/10\/Margaret-y-la-flor-de-la-luna-1030x1013.jpg 1030w, https:\/\/cul.com.uy\/wp-content\/uploads\/2023\/10\/Margaret-y-la-flor-de-la-luna-300x295.jpg 300w, https:\/\/cul.com.uy\/wp-content\/uploads\/2023\/10\/Margaret-y-la-flor-de-la-luna-80x80.jpg 80w, https:\/\/cul.com.uy\/wp-content\/uploads\/2023\/10\/Margaret-y-la-flor-de-la-luna-768x755.jpg 768w, https:\/\/cul.com.uy\/wp-content\/uploads\/2023\/10\/Margaret-y-la-flor-de-la-luna-1536x1510.jpg 1536w, https:\/\/cul.com.uy\/wp-content\/uploads\/2023\/10\/Margaret-y-la-flor-de-la-luna.jpg 1600w\" alt=\"\" width=\"244\" height=\"241\"\/>&nbsp; <img loading=\"lazy\" decoding=\"async\" class=\"attachment-medium wp-image-25143\" src=\"https:\/\/cul.com.uy\/wp-content\/uploads\/2023\/10\/Tres-estrellas.jpg\" sizes=\"(max-width: 225px) 100vw, 225px\" srcset=\"https:\/\/cul.com.uy\/wp-content\/uploads\/2023\/10\/Tres-estrellas.jpg 225w, https:\/\/cul.com.uy\/wp-content\/uploads\/2023\/10\/Tres-estrellas-80x80.jpg 80w\" alt=\"\" width=\"247\" height=\"251\"\/><\/div>\n<\/div>\n<\/div>\n<div class=\"elementor-element elementor-element-df45fe1 e-con-full e-flex e-con e-child\" data-id=\"df45fe1\" data-element_type=\"container\" data-settings=\"{&quot;content_width&quot;:&quot;full&quot;}\">\n<div class=\"elementor-element elementor-element-bc6b757 elementor-widget elementor-widget-text-editor\" data-id=\"bc6b757\" data-element_type=\"widget\" data-widget_type=\"text-editor.default\">\n<div class=\"elementor-widget-container\">\n<p><b><i>Angosta la langosta<\/i><\/b><\/p>\n<p>Fito Lacava y&nbsp;<\/p>\n<p>Mauricio Marra<\/p>\n<p>Alfaguara. Penguin Random House.<\/p>\n<\/div>\n<\/div>\n<\/div>\n<div class=\"elementor-element elementor-element-9bd411f e-con-full e-flex e-con e-child\" data-id=\"9bd411f\" data-element_type=\"container\" data-settings=\"{&quot;content_width&quot;:&quot;full&quot;}\">\n<div class=\"elementor-element elementor-element-6521248 elementor-widget elementor-widget-text-editor\" data-id=\"6521248\" data-element_type=\"widget\" data-widget_type=\"text-editor.default\">\n<div class=\"elementor-widget-container\">\n<p><b><i>Margaret y la flor de la luna<\/i><\/b><\/p>\n<p>Cameron y Nat Cardozo<\/p>\n<p>Criatura Editora.<\/p>\n<\/div>\n<\/div>\n<\/div>\n<div class=\"elementor-element elementor-element-3471139 e-con-full e-flex e-con e-child\" data-id=\"3471139\" data-element_type=\"container\" data-settings=\"{&quot;content_width&quot;:&quot;full&quot;}\">\n<div class=\"elementor-element elementor-element-2c5bdaf elementor-widget elementor-widget-text-editor\" data-id=\"2c5bdaf\" data-element_type=\"widget\" data-widget_type=\"text-editor.default\">\n<div class=\"elementor-widget-container\">\n<p><b><i>Tres estrellas<\/i><\/b><\/p>\n<p>Fernando Gonz\u00e1lez y Mat\u00edas Acosta<\/p>\n<p>Loqueleo Santillana.<\/p>\n<\/div>\n<\/div>\n<\/div>\n<\/div>\n<\/div>\n<div class=\"elementor-element elementor-element-506de1a e-flex e-con-boxed e-con e-parent\" data-id=\"506de1a\" data-element_type=\"container\" data-settings=\"{&quot;content_width&quot;:&quot;boxed&quot;}\" data-core-v316-plus=\"true\">\n<div class=\"e-con-inner\">\n<div class=\"elementor-element elementor-element-8a4c014 elementor-widget elementor-widget-heading\" data-id=\"8a4c014\" data-element_type=\"widget\" data-widget_type=\"heading.default\">\n<div class=\"elementor-widget-container\">\n<h2 class=\"elementor-heading-title elementor-size-default\">Divulgaci\u00f3n acad\u00e9mica<\/h2>\n<\/div>\n<\/div>\n<\/div>\n<\/div>\n<div class=\"elementor-element elementor-element-c0eb755 e-flex e-con-boxed e-con e-parent\" data-id=\"c0eb755\" data-element_type=\"container\" data-settings=\"{&quot;content_width&quot;:&quot;boxed&quot;}\" data-core-v316-plus=\"true\">\n<div class=\"e-con-inner\">\n<div class=\"elementor-element elementor-element-0992891 e-con-full e-flex e-con e-child\" data-id=\"0992891\" data-element_type=\"container\" data-settings=\"{&quot;content_width&quot;:&quot;full&quot;}\">\n<div class=\"elementor-element elementor-element-491e110 elementor-widget elementor-widget-image\" data-id=\"491e110\" data-element_type=\"widget\" data-widget_type=\"image.default\">\n<div class=\"elementor-widget-container\"><img loading=\"lazy\" decoding=\"async\" class=\"attachment-medium size-medium wp-image-25146\" src=\"https:\/\/cul.com.uy\/wp-content\/uploads\/2023\/10\/Los-sabores-de-la-Nacion-212x300.jpg\" sizes=\"(max-width: 212px) 100vw, 212px\" srcset=\"https:\/\/cul.com.uy\/wp-content\/uploads\/2023\/10\/Los-sabores-de-la-Nacion-212x300.jpg 212w, https:\/\/cul.com.uy\/wp-content\/uploads\/2023\/10\/Los-sabores-de-la-Nacion-729x1030.jpg 729w, https:\/\/cul.com.uy\/wp-content\/uploads\/2023\/10\/Los-sabores-de-la-Nacion-768x1084.jpg 768w, https:\/\/cul.com.uy\/wp-content\/uploads\/2023\/10\/Los-sabores-de-la-Nacion.jpg 1000w\" alt=\"\" width=\"212\" height=\"300\"\/>&nbsp; <img loading=\"lazy\" decoding=\"async\" class=\"attachment-medium size-medium wp-image-25144\" src=\"https:\/\/cul.com.uy\/wp-content\/uploads\/2023\/10\/Breve-historia-de-la-larga-vida-de-las-plantas-208x300.jpg\" sizes=\"(max-width: 208px) 100vw, 208px\" srcset=\"https:\/\/cul.com.uy\/wp-content\/uploads\/2023\/10\/Breve-historia-de-la-larga-vida-de-las-plantas-208x300.jpg 208w, https:\/\/cul.com.uy\/wp-content\/uploads\/2023\/10\/Breve-historia-de-la-larga-vida-de-las-plantas-712x1030.jpg 712w, https:\/\/cul.com.uy\/wp-content\/uploads\/2023\/10\/Breve-historia-de-la-larga-vida-de-las-plantas-768x1110.jpg 768w, https:\/\/cul.com.uy\/wp-content\/uploads\/2023\/10\/Breve-historia-de-la-larga-vida-de-las-plantas.jpg 830w\" alt=\"\" width=\"208\" height=\"300\"\/>&nbsp; <img loading=\"lazy\" decoding=\"async\" class=\"attachment-medium size-medium wp-image-25145\" src=\"https:\/\/cul.com.uy\/wp-content\/uploads\/2023\/10\/La-ciencia-es-cosa-de-mujeres.jpg\" alt=\"\" width=\"181\" height=\"279\"\/><\/div>\n<\/div>\n<\/div>\n<div class=\"elementor-element elementor-element-08abdf8 e-con-full e-flex e-con e-child\" data-id=\"08abdf8\" data-element_type=\"container\" data-settings=\"{&quot;content_width&quot;:&quot;full&quot;}\">\n<div class=\"elementor-element elementor-element-15b0f3b elementor-widget elementor-widget-text-editor\" data-id=\"15b0f3b\" data-element_type=\"widget\" data-widget_type=\"text-editor.default\">\n<div class=\"elementor-widget-container\">\n<p><b><i>Los sabores de la Naci\u00f3n<\/i><\/b><\/p>\n<p>Gustavo Laborde<\/p>\n<p>Ediciones de la Banda Oriental.<\/p>\n<\/div>\n<\/div>\n<\/div>\n<div class=\"elementor-element elementor-element-c61c0db e-con-full e-flex e-con e-child\" data-id=\"c61c0db\" data-element_type=\"container\" data-settings=\"{&quot;content_width&quot;:&quot;full&quot;}\">\n<div class=\"elementor-element elementor-element-425d361 elementor-widget elementor-widget-text-editor\" data-id=\"425d361\" data-element_type=\"widget\" data-widget_type=\"text-editor.default\">\n<div class=\"elementor-widget-container\">\n<p><b><i>Una breve historia de la larga vida de las plantas<\/i><\/b><\/p>\n<p>\u00c1ngeles Beri y&nbsp;<\/p>\n<p>Alejandro Sequeira<\/p>\n<p>Ediciones de la Plaza.<\/p>\n<\/div>\n<\/div>\n<\/div>\n<div class=\"elementor-element elementor-element-4a5fdb3 e-con-full e-flex e-con e-child\" data-id=\"4a5fdb3\" data-element_type=\"container\" data-settings=\"{&quot;content_width&quot;:&quot;full&quot;}\">\n<div class=\"elementor-element elementor-element-85e14b1 elementor-widget elementor-widget-text-editor\" data-id=\"85e14b1\" data-element_type=\"widget\" data-widget_type=\"text-editor.default\">\n<div class=\"elementor-widget-container\">\n<p><b><i>La ciencia es cosa&nbsp;<\/i><\/b><b><i>de mujeres<\/i><\/b><\/p>\n<p>Margarita Michelini<\/p>\n<p>Aguilar. Penguin Random House.<\/p>\n<\/div>\n<\/div>\n<\/div>\n<\/div>\n<\/div>\n<div class=\"elementor-element elementor-element-d1728c2 e-flex e-con-boxed e-con e-parent\" data-id=\"d1728c2\" data-element_type=\"container\" data-settings=\"{&quot;content_width&quot;:&quot;boxed&quot;}\" data-core-v316-plus=\"true\">\n<div class=\"e-con-inner\">\n<div class=\"elementor-element elementor-element-2cd52e5 elementor-widget elementor-widget-heading\" data-id=\"2cd52e5\" data-element_type=\"widget\" data-widget_type=\"heading.default\">\n<div class=\"elementor-widget-container\">\n<h2 class=\"elementor-heading-title elementor-size-default\">Testimonio, memoria y biograf\u00edas<\/h2>\n<\/div>\n<\/div>\n<\/div>\n<\/div>\n<div class=\"elementor-element elementor-element-5e6c534 e-flex e-con-boxed e-con e-parent\" data-id=\"5e6c534\" data-element_type=\"container\" data-settings=\"{&quot;content_width&quot;:&quot;boxed&quot;}\" data-core-v316-plus=\"true\">\n<div class=\"e-con-inner\">\n<div class=\"elementor-element elementor-element-3c5b2e9 e-con-full e-flex e-con e-child\" data-id=\"3c5b2e9\" data-element_type=\"container\" data-settings=\"{&quot;content_width&quot;:&quot;full&quot;}\">\n<div class=\"elementor-element elementor-element-662e918 elementor-widget elementor-widget-image\" data-id=\"662e918\" data-element_type=\"widget\" data-widget_type=\"image.default\">\n<div class=\"elementor-widget-container\"><img loading=\"lazy\" decoding=\"async\" class=\"attachment-medium size-medium wp-image-25147\" src=\"https:\/\/cul.com.uy\/wp-content\/uploads\/2023\/10\/Hoy-como-ayer-193x300.jpg\" sizes=\"(max-width: 193px) 100vw, 193px\" srcset=\"https:\/\/cul.com.uy\/wp-content\/uploads\/2023\/10\/Hoy-como-ayer-193x300.jpg 193w, https:\/\/cul.com.uy\/wp-content\/uploads\/2023\/10\/Hoy-como-ayer.jpg 345w\" alt=\"\" width=\"193\" height=\"300\"\/>&nbsp; <img loading=\"lazy\" decoding=\"async\" class=\"attachment-large size-large wp-image-25149\" src=\"https:\/\/cul.com.uy\/wp-content\/uploads\/2023\/10\/Cuba-de-eso-mejor-ni-hablar.jpg\" alt=\"\" width=\"183\" height=\"275\"\/>&nbsp; <img loading=\"lazy\" decoding=\"async\" class=\"attachment-medium size-medium wp-image-25148\" src=\"https:\/\/cul.com.uy\/wp-content\/uploads\/2023\/10\/Las-cosas-que-veo-198x300.jpg\" sizes=\"(max-width: 198px) 100vw, 198px\" srcset=\"https:\/\/cul.com.uy\/wp-content\/uploads\/2023\/10\/Las-cosas-que-veo-198x300.jpg 198w, https:\/\/cul.com.uy\/wp-content\/uploads\/2023\/10\/Las-cosas-que-veo.jpg 339w\" alt=\"\" width=\"198\" height=\"300\"\/><\/div>\n<\/div>\n<\/div>\n<div class=\"elementor-element elementor-element-e000e00 e-con-full e-flex e-con e-child\" data-id=\"e000e00\" data-element_type=\"container\" data-settings=\"{&quot;content_width&quot;:&quot;full&quot;}\">\n<div class=\"elementor-element elementor-element-791c540 elementor-widget elementor-widget-text-editor\" data-id=\"791c540\" data-element_type=\"widget\" data-widget_type=\"text-editor.default\">\n<div class=\"elementor-widget-container\">\n<p><b><i>Hoy como ayer<\/i><\/b><\/p>\n<p>Carlos Dopico<\/p>\n<p>Ediciones B. Penguin Random House.<\/p>\n<\/div>\n<\/div>\n<\/div>\n<div class=\"elementor-element elementor-element-3419152 e-con-full e-flex e-con e-child\" data-id=\"3419152\" data-element_type=\"container\" data-settings=\"{&quot;content_width&quot;:&quot;full&quot;}\">\n<div class=\"elementor-element elementor-element-96a3b1c elementor-widget elementor-widget-text-editor\" data-id=\"96a3b1c\" data-element_type=\"widget\" data-widget_type=\"text-editor.default\">\n<div class=\"elementor-widget-container\">\n<p><b><i>Cuba, de eso&nbsp;<\/i><\/b><b><i>mejor ni hablar<\/i><\/b><\/p>\n<p>Carlos Liscano<\/p>\n<p>Editorial Fin de Siglo.<\/p>\n<\/div>\n<\/div>\n<\/div>\n<div class=\"elementor-element elementor-element-6d8e7d7 e-con-full e-flex e-con e-child\" data-id=\"6d8e7d7\" data-element_type=\"container\" data-settings=\"{&quot;content_width&quot;:&quot;full&quot;}\">\n<div class=\"elementor-element elementor-element-520757e elementor-widget elementor-widget-text-editor\" data-id=\"520757e\" data-element_type=\"widget\" data-widget_type=\"text-editor.default\">\n<div class=\"elementor-widget-container\">\n<p><b><i>Las cosas que veo<\/i><\/b><\/p>\n<p>Manuel Soriano<\/p>\n<p>Criatura Editora.<\/p>\n<\/div>\n<\/div>\n<\/div>\n<\/div>\n<\/div>\n<div class=\"elementor-element elementor-element-9313190 e-flex e-con-boxed e-con e-parent\" data-id=\"9313190\" data-element_type=\"container\" data-settings=\"{&quot;content_width&quot;:&quot;boxed&quot;}\" data-core-v316-plus=\"true\">\n<div class=\"e-con-inner\">\n<div class=\"elementor-element elementor-element-52e99d8 elementor-widget elementor-widget-heading\" data-id=\"52e99d8\" data-element_type=\"widget\" data-widget_type=\"heading.default\">\n<div class=\"elementor-widget-container\">\n<h2 class=\"elementor-heading-title elementor-size-default\">Historia nacional<\/h2>\n<\/div>\n<\/div>\n<\/div>\n<\/div>\n<div class=\"elementor-element elementor-element-3ac1c50 e-flex e-con-boxed e-con e-parent\" data-id=\"3ac1c50\" data-element_type=\"container\" data-settings=\"{&quot;content_width&quot;:&quot;boxed&quot;}\" data-core-v316-plus=\"true\">\n<div class=\"e-con-inner\">\n<div class=\"elementor-element elementor-element-d2f70bd e-con-full e-flex e-con e-child\" data-id=\"d2f70bd\" data-element_type=\"container\" data-settings=\"{&quot;content_width&quot;:&quot;full&quot;}\">\n<div class=\"elementor-element elementor-element-7897312 elementor-widget elementor-widget-image\" data-id=\"7897312\" data-element_type=\"widget\" data-widget_type=\"image.default\">\n<div class=\"elementor-widget-container\"><img loading=\"lazy\" decoding=\"async\" class=\"attachment-large size-large wp-image-25176\" src=\"https:\/\/cul.com.uy\/wp-content\/uploads\/2023\/10\/Uruguay-una-nacion-de-extremo-occidente-en-el-espejo-de-su-historia-indigena.jpg\" alt=\"\" width=\"181\" height=\"278\"\/>&nbsp; <img loading=\"lazy\" decoding=\"async\" class=\"attachment-large size-large wp-image-25175\" src=\"https:\/\/cul.com.uy\/wp-content\/uploads\/2023\/10\/Prendidos-al-dial.jpg\" alt=\"\" width=\"188\" height=\"268\"\/>&nbsp; <img loading=\"lazy\" decoding=\"async\" class=\"attachment-large size-large wp-image-25177\" src=\"https:\/\/cul.com.uy\/wp-content\/uploads\/2023\/10\/El-golpe-de-Estado-mas-largo.-Uruguay-febrero-junio-1973.jpg\" alt=\"\" width=\"184\" height=\"274\"\/><\/div>\n<\/div>\n<\/div>\n<div class=\"elementor-element elementor-element-1f6ce72 e-con-full e-flex e-con e-child\" data-id=\"1f6ce72\" data-element_type=\"container\" data-settings=\"{&quot;content_width&quot;:&quot;full&quot;}\">\n<div class=\"elementor-element elementor-element-750bbcd elementor-widget elementor-widget-text-editor\" data-id=\"750bbcd\" data-element_type=\"widget\" data-widget_type=\"text-editor.default\">\n<div class=\"elementor-widget-container\">\n<p><b><i>Uruguay, una naci\u00f3n de <\/i><\/b><\/p>\n<p><b><i>extremo-occidente en el espejo <\/i><\/b><\/p>\n<p><b><i>de su historia ind\u00edgena<\/i><\/b><\/p>\n<p>Dar\u00edo Arce Asenjo<\/p>\n<p>Fundaci\u00f3n de Cultura Universitaria.<\/p>\n<\/div>\n<\/div>\n<\/div>\n<div class=\"elementor-element elementor-element-62523e1 e-con-full e-flex e-con e-child\" data-id=\"62523e1\" data-element_type=\"container\" data-settings=\"{&quot;content_width&quot;:&quot;full&quot;}\">\n<div class=\"elementor-element elementor-element-fee87fd elementor-widget elementor-widget-text-editor\" data-id=\"fee87fd\" data-element_type=\"widget\" data-widget_type=\"text-editor.default\">\n<div class=\"elementor-widget-container\">\n<p><b><i>Prendidos al dial<\/i><\/b><\/p>\n<p>M\u00f3nica Maronna<\/p>\n<p>Grupo Planeta.<\/p>\n<\/div>\n<\/div>\n<\/div>\n<div class=\"elementor-element elementor-element-b4de4e5 e-con-full e-flex e-con e-child\" data-id=\"b4de4e5\" data-element_type=\"container\" data-settings=\"{&quot;content_width&quot;:&quot;full&quot;}\">\n<div class=\"elementor-element elementor-element-ebcac74 elementor-widget elementor-widget-text-editor\" data-id=\"ebcac74\" data-element_type=\"widget\" data-widget_type=\"text-editor.default\">\n<div class=\"elementor-widget-container\">\n<p><b><i>El golpe de Estado m\u00e1s largo. Uruguay febrero \u2013 junio, 1973<\/i><\/b><\/p>\n<p>Gonzalo Varela Petito<\/p>\n<p>Grupo Planeta.<\/p>\n<\/div>\n<\/div>\n<\/div>\n<\/div>\n<\/div>\n<div class=\"elementor-element elementor-element-3c40a7b e-flex e-con-boxed e-con e-parent\" data-id=\"3c40a7b\" data-element_type=\"container\" data-settings=\"{&quot;content_width&quot;:&quot;boxed&quot;}\" data-core-v316-plus=\"true\">\n<div class=\"e-con-inner\">\n<div class=\"elementor-element elementor-element-e6bbfba elementor-widget elementor-widget-heading\" data-id=\"e6bbfba\" data-element_type=\"widget\" data-widget_type=\"heading.default\">\n<div class=\"elementor-widget-container\">\n<h2 class=\"elementor-heading-title elementor-size-default\">Poes\u00eda<\/h2>\n<\/div>\n<\/div>\n<\/div>\n<\/div>\n<div class=\"elementor-element elementor-element-bcefecf e-flex e-con-boxed e-con e-parent\" data-id=\"bcefecf\" data-element_type=\"container\" data-settings=\"{&quot;content_width&quot;:&quot;boxed&quot;}\" data-core-v316-plus=\"true\">\n<div class=\"e-con-inner\">\n<div class=\"elementor-element elementor-element-2af0086 e-con-full e-flex e-con e-child\" data-id=\"2af0086\" data-element_type=\"container\" data-settings=\"{&quot;content_width&quot;:&quot;full&quot;}\">\n<div class=\"elementor-element elementor-element-43193ba elementor-widget elementor-widget-image\" data-id=\"43193ba\" data-element_type=\"widget\" data-widget_type=\"image.default\">\n<div class=\"elementor-widget-container\"><img loading=\"lazy\" decoding=\"async\" class=\"attachment-medium size-medium wp-image-25155\" src=\"https:\/\/cul.com.uy\/wp-content\/uploads\/2023\/10\/El-canto-blanco-192x300.jpg\" sizes=\"(max-width: 192px) 100vw, 192px\" srcset=\"https:\/\/cul.com.uy\/wp-content\/uploads\/2023\/10\/El-canto-blanco-192x300.jpg 192w, https:\/\/cul.com.uy\/wp-content\/uploads\/2023\/10\/El-canto-blanco-660x1030.jpg 660w, https:\/\/cul.com.uy\/wp-content\/uploads\/2023\/10\/El-canto-blanco-768x1199.jpg 768w, https:\/\/cul.com.uy\/wp-content\/uploads\/2023\/10\/El-canto-blanco.jpg 800w\" alt=\"\" width=\"192\" height=\"300\"\/>&nbsp; <img loading=\"lazy\" decoding=\"async\" class=\"attachment-large size-large wp-image-25154\" src=\"https:\/\/cul.com.uy\/wp-content\/uploads\/2023\/10\/Deriva.jpg\" alt=\"\" width=\"179\" height=\"281\"\/>&nbsp; <img loading=\"lazy\" decoding=\"async\" class=\"attachment-medium size-medium wp-image-25153\" src=\"https:\/\/cul.com.uy\/wp-content\/uploads\/2023\/10\/Autorretrato-185x300.png\" sizes=\"(max-width: 185px) 100vw, 185px\" srcset=\"https:\/\/cul.com.uy\/wp-content\/uploads\/2023\/10\/Autorretrato-185x300.png 185w, https:\/\/cul.com.uy\/wp-content\/uploads\/2023\/10\/Autorretrato.png 246w\" alt=\"\" width=\"185\" height=\"300\"\/><\/div>\n<\/div>\n<\/div>\n<div class=\"elementor-element elementor-element-c7867c4 e-con-full e-flex e-con e-child\" data-id=\"c7867c4\" data-element_type=\"container\" data-settings=\"{&quot;content_width&quot;:&quot;full&quot;}\">\n<div class=\"elementor-element elementor-element-ef3d5c9 elementor-widget elementor-widget-text-editor\" data-id=\"ef3d5c9\" data-element_type=\"widget\" data-widget_type=\"text-editor.default\">\n<div class=\"elementor-widget-container\">\n<p><b><i>El canto blanco<\/i><\/b><\/p>\n<p>Melisa Machado<\/p>\n<p>Estuario Editora.<\/p>\n<\/div>\n<\/div>\n<\/div>\n<div class=\"elementor-element elementor-element-3d59bc2 e-con-full e-flex e-con e-child\" data-id=\"3d59bc2\" data-element_type=\"container\" data-settings=\"{&quot;content_width&quot;:&quot;full&quot;}\">\n<div class=\"elementor-element elementor-element-dda37c1 elementor-widget elementor-widget-text-editor\" data-id=\"dda37c1\" data-element_type=\"widget\" data-widget_type=\"text-editor.default\">\n<div class=\"elementor-widget-container\">\n<p><b><i>Deriva<\/i><\/b><\/p>\n<p>Tatiana Oro\u00f1o<\/p>\n<p>Estuario Editora.<\/p>\n<\/div>\n<\/div>\n<\/div>\n<div class=\"elementor-element elementor-element-53443d6 e-con-full e-flex e-con e-child\" data-id=\"53443d6\" data-element_type=\"container\" data-settings=\"{&quot;content_width&quot;:&quot;full&quot;}\">\n<div class=\"elementor-element elementor-element-e6eabed elementor-widget elementor-widget-text-editor\" data-id=\"e6eabed\" data-element_type=\"widget\" data-widget_type=\"text-editor.default\">\n<div class=\"elementor-widget-container\">\n<p><b><i>Autorretrato. Una antolog\u00eda personal<\/i><\/b><\/p>\n<p>Mariella Nigro<\/p>\n<p>Linardi y Risso.<\/p>\n<\/div>\n<\/div>\n<\/div>\n<\/div>\n<\/div>\n<div class=\"elementor-element elementor-element-aa572fb e-flex e-con-boxed e-con e-parent\" data-id=\"aa572fb\" data-element_type=\"container\" data-settings=\"{&quot;content_width&quot;:&quot;boxed&quot;}\" data-core-v316-plus=\"true\">\n<div class=\"e-con-inner\">\n<div class=\"elementor-element elementor-element-4250c84 elementor-widget elementor-widget-heading\" data-id=\"4250c84\" data-element_type=\"widget\" data-widget_type=\"heading.default\">\n<div class=\"elementor-widget-container\">\n<h2 class=\"elementor-heading-title elementor-size-default\">Narrativa<\/h2>\n<\/div>\n<\/div>\n<\/div>\n<\/div>\n<div class=\"elementor-element elementor-element-c1a2bab e-flex e-con-boxed e-con e-parent\" data-id=\"c1a2bab\" data-element_type=\"container\" data-settings=\"{&quot;content_width&quot;:&quot;boxed&quot;}\" data-core-v316-plus=\"true\">\n<div class=\"e-con-inner\">\n<div class=\"elementor-element elementor-element-22f7306 e-con-full e-flex e-con e-child\" data-id=\"22f7306\" data-element_type=\"container\" data-settings=\"{&quot;content_width&quot;:&quot;full&quot;}\">\n<div class=\"elementor-element elementor-element-a8c53e9 elementor-widget elementor-widget-image\" data-id=\"a8c53e9\" data-element_type=\"widget\" data-widget_type=\"image.default\">\n<div class=\"elementor-widget-container\"><img loading=\"lazy\" decoding=\"async\" class=\"attachment-medium size-medium wp-image-25150\" src=\"https:\/\/cul.com.uy\/wp-content\/uploads\/2023\/10\/Desastres-naturales-192x300.jpg\" sizes=\"(max-width: 192px) 100vw, 192px\" srcset=\"https:\/\/cul.com.uy\/wp-content\/uploads\/2023\/10\/Desastres-naturales-192x300.jpg 192w, https:\/\/cul.com.uy\/wp-content\/uploads\/2023\/10\/Desastres-naturales.jpg 544w\" alt=\"\" width=\"192\" height=\"300\"\/>&nbsp; <img loading=\"lazy\" decoding=\"async\" class=\"attachment-medium size-medium wp-image-25151\" src=\"https:\/\/cul.com.uy\/wp-content\/uploads\/2023\/10\/En-el-cuerpo-de-quien-195x300.jpg\" sizes=\"(max-width: 195px) 100vw, 195px\" srcset=\"https:\/\/cul.com.uy\/wp-content\/uploads\/2023\/10\/En-el-cuerpo-de-quien-195x300.jpg 195w, https:\/\/cul.com.uy\/wp-content\/uploads\/2023\/10\/En-el-cuerpo-de-quien-668x1030.jpg 668w, https:\/\/cul.com.uy\/wp-content\/uploads\/2023\/10\/En-el-cuerpo-de-quien-768x1183.jpg 768w, https:\/\/cul.com.uy\/wp-content\/uploads\/2023\/10\/En-el-cuerpo-de-quien-997x1536.jpg 997w, https:\/\/cul.com.uy\/wp-content\/uploads\/2023\/10\/En-el-cuerpo-de-quien.jpg 1298w\" alt=\"\" width=\"195\" height=\"300\"\/>&nbsp; <img loading=\"lazy\" decoding=\"async\" class=\"attachment-large size-large wp-image-25152\" src=\"https:\/\/cul.com.uy\/wp-content\/uploads\/2023\/10\/Parestesia.jpg\" alt=\"\" width=\"175\" height=\"287\"\/><\/div>\n<\/div>\n<\/div>\n<div class=\"elementor-element elementor-element-5b1c824 e-con-full e-flex e-con e-child\" data-id=\"5b1c824\" data-element_type=\"container\" data-settings=\"{&quot;content_width&quot;:&quot;full&quot;}\">\n<div class=\"elementor-element elementor-element-02ca6cd elementor-widget elementor-widget-text-editor\" data-id=\"02ca6cd\" data-element_type=\"widget\" data-widget_type=\"text-editor.default\">\n<div class=\"elementor-widget-container\">\n<p><b><i>Desastres naturales<\/i><\/b><\/p>\n<p>Tamara Silva Bernaschina<\/p>\n<p>Estuario Editora.<\/p>\n<\/div>\n<\/div>\n<\/div>\n<div class=\"elementor-element elementor-element-1f45808 e-con-full e-flex e-con e-child\" data-id=\"1f45808\" data-element_type=\"container\" data-settings=\"{&quot;content_width&quot;:&quot;full&quot;}\">\n<div class=\"elementor-element elementor-element-013fbe3 elementor-widget elementor-widget-text-editor\" data-id=\"013fbe3\" data-element_type=\"widget\" data-widget_type=\"text-editor.default\">\n<div class=\"elementor-widget-container\">\n<p><b><i>En el cuerpo de qui\u00e9n<\/i><\/b><\/p>\n<p>Sebasti\u00e1n Miguez Conde<\/p>\n<p>Criatura Editora.<\/p>\n<\/div>\n<\/div>\n<\/div>\n<div class=\"elementor-element elementor-element-34453a5 e-con-full e-flex e-con e-child\" data-id=\"34453a5\" data-element_type=\"container\" data-settings=\"{&quot;content_width&quot;:&quot;full&quot;}\">\n<div class=\"elementor-element elementor-element-eecf99b elementor-widget elementor-widget-text-editor\" data-id=\"eecf99b\" data-element_type=\"widget\" data-widget_type=\"text-editor.default\">\n<div class=\"elementor-widget-container\">\n<p><b><i>Parestesia<\/i><\/b><\/p>\n<p>Lorena Spatakis<\/p>\n<p>Editorial Fin de Siglo<\/p>\n<\/div>\n<\/div>\n<\/div>\n<\/div>\n<\/div>\n<\/div>\n<\/div>\n<p>&nbsp;<\/p>\n<blockquote class=\"wp-embedded-content\" data-secret=\"tK3FBSRsDr\"><p><a href=\"https:\/\/cul.com.uy\/bartolome-hidalgo-2023\/\">Bartolom\u00e9 Hidalgo 2023<\/a><\/p><\/blockquote>\n<p><iframe class=\"wp-embedded-content\" sandbox=\"allow-scripts\" security=\"restricted\" style=\"position: absolute; clip: rect(1px, 1px, 1px, 1px);\" title=\"\u00abBartolom\u00e9 Hidalgo 2023\u00bb \u2014 C\u00e1mara Uruguaya del Libro\" src=\"https:\/\/cul.com.uy\/bartolome-hidalgo-2023\/embed\/#?secret=HxJTX829bW#?secret=tK3FBSRsDr\" data-secret=\"tK3FBSRsDr\" width=\"500\" height=\"282\" frameborder=\"0\" marginwidth=\"0\" marginheight=\"0\" scrolling=\"no\"><\/iframe><\/p>\n<p>&nbsp;<\/p>\n<p>&nbsp;<\/p>\n<p>&nbsp;<\/p>\n<p>&nbsp;<\/p>\n","protected":false},"excerpt":{"rendered":"<p>&nbsp; El pr\u00f3ximo s\u00e1bado 7 de octubre 2023, a las 19 horas, en la Sala Azul de la Intendencia de Montevideo, se realizar\u00e1 la ceremonia de entrega de premios Bartolom\u00e9 Hidalgo. Los invitamos a acompa\u00f1arnos y juntos descubrir el ganador de cada categor\u00eda. &nbsp; Ternas finalistas de los premios Bartolom\u00e9 Hidalgo &nbsp; Literatura infantil y [&hellip;]<\/p>\n","protected":false},"author":8,"featured_media":93931,"comment_status":"closed","ping_status":"closed","sticky":false,"template":"","format":"standard","meta":{"om_disable_all_campaigns":false,"ngg_post_thumbnail":0,"jnews-multi-image_gallery":[],"jnews_single_post":{"subtitle":"Literatura infantil y juvenil - s\u00e1bado 7 de octubre 2023, a las 19 horas, en la Sala Azul de la Intendencia de Montevideo","format":"standard","video":"","gallery":"","source_name":"","source_url":"","via_name":"","via_url":"","override_template":"0","override":[{"template":"4","single_blog_custom":"","parallax":"1","fullscreen":"0","layout":"right-sidebar","sidebar":"default-sidebar","second_sidebar":"default-sidebar","sticky_sidebar":"1","share_position":"bottom","share_float_style":"share-monocrhome","show_share_counter":"1","show_view_counter":"1","show_featured":"1","show_post_meta":"1","show_post_author":"1","show_post_author_image":"1","show_post_date":"1","post_date_format":"default","post_date_format_custom":"Y\/m\/d","show_post_category":"1","show_post_reading_time":"0","post_reading_time_wpm":"300","show_zoom_button":"0","zoom_button_out_step":"2","zoom_button_in_step":"3","show_post_tag":"1","show_prev_next_post":"1","show_popup_post":"1","number_popup_post":"1","show_author_box":"1","show_post_related":"0","show_inline_post_related":"0"}],"override_image_size":"0","image_override":[{"single_post_thumbnail_size":"no-crop","single_post_gallery_size":"crop-500"}],"trending_post":"0","trending_post_position":"meta","trending_post_label":"Trending","sponsored_post":"0","sponsored_post_label":"Sponsored by","sponsored_post_name":"","sponsored_post_url":"","sponsored_post_logo_enable":"0","sponsored_post_logo":"","sponsored_post_desc":"","disable_ad":"0"},"jnews_primary_category":{"id":"","hide":""},"jnews_social_meta":{"fb_title":"","fb_description":"","fb_image":"","twitter_title":"","twitter_description":"","twitter_image":""},"jnews_override_counter":{"override_view_counter":"0","view_counter_number":"0","override_share_counter":"0","share_counter_number":"0","override_like_counter":"0","like_counter_number":"0","override_dislike_counter":"0","dislike_counter_number":"0"},"footnotes":""},"categories":[56],"tags":[3180,2614,364],"class_list":["post-93930","post","type-post","status-publish","format-standard","has-post-thumbnail","hentry","category-narradores","tag-bartolome-hidalgo","tag-intendencia-de-montevideo","tag-literatura"],"yoast_head":"<!-- This site is optimized with the Yoast SEO plugin v27.4 - https:\/\/yoast.com\/product\/yoast-seo-wordpress\/ -->\n<title>Ternas finalistas de los premios Bartolom\u00e9 Hidalgo - Cooltivarte Portal<\/title>\n<meta name=\"description\" content=\"El pr\u00f3ximo s\u00e1bado 7 de octubre 2023, a las 19 horas, en la Sala Azul de la Intendencia de Montevideo, se realizar\u00e1 la ceremonia de entrega de premios Bartolom\u00e9 Hidalgo. Los invitamos a acompa\u00f1arnos y juntos descubrir el ganador de cada categor\u00eda.\" \/>\n<meta name=\"robots\" content=\"index, follow, max-snippet:-1, max-image-preview:large, max-video-preview:-1\" \/>\n<link rel=\"canonical\" href=\"https:\/\/cooltivarte.com\/portal\/ternas-finalistas-de-los-premios-bartolome-hidalgo\/\" \/>\n<meta property=\"og:locale\" content=\"es_ES\" \/>\n<meta property=\"og:type\" content=\"article\" \/>\n<meta property=\"og:title\" content=\"Ternas finalistas de los premios Bartolom\u00e9 Hidalgo - Literatura infantil y juvenil - s\u00e1bado 7 de octubre 2023 a las 19 horas en la Sala Azul de la Intendencia de Montevideo\" \/>\n<meta property=\"og:description\" content=\"El pr\u00f3ximo s\u00e1bado 7 de octubre, a las 19 horas, en la Sala Azul de la Intendencia de Montevideo, se realizar\u00e1 la ceremonia de entrega de premios Bartolom\u00e9 Hidalgo. Los invitamos a acompa\u00f1arnos y juntos descubrir el ganador de cada categor\u00eda.\" \/>\n<meta property=\"og:url\" content=\"https:\/\/cooltivarte.com\/portal\/ternas-finalistas-de-los-premios-bartolome-hidalgo\/\" \/>\n<meta property=\"og:site_name\" content=\"Cooltivarte Portal\" \/>\n<meta property=\"article:publisher\" content=\"https:\/\/www.facebook.com\/cooltivartecom\/\" \/>\n<meta property=\"article:author\" content=\"https:\/\/www.facebook.com\/cooltivartecom\" \/>\n<meta property=\"article:published_time\" content=\"2023-10-06T12:37:18+00:00\" \/>\n<meta property=\"article:modified_time\" content=\"2023-10-06T21:57:06+00:00\" \/>\n<meta property=\"og:image\" content=\"https:\/\/cooltivarte.com\/portal\/wp-content\/uploads\/2023\/10\/Bartolome-Hidalgo.jpg\" \/>\n\t<meta property=\"og:image:width\" content=\"1080\" \/>\n\t<meta property=\"og:image:height\" content=\"1080\" \/>\n\t<meta property=\"og:image:type\" content=\"image\/jpeg\" \/>\n<meta name=\"author\" content=\"Cooltivarte\" \/>\n<meta name=\"twitter:card\" content=\"summary_large_image\" \/>\n<meta name=\"twitter:title\" content=\"Ternas finalistas de los premios Bartolom\u00e9 Hidalgo - Literatura infantil y juvenil - s\u00e1bado 7 de octubre 2023 a las 19 horas en la Sala Azul de la Intendencia de Montevideo\" \/>\n<meta name=\"twitter:description\" content=\"El pr\u00f3ximo s\u00e1bado 7 de octubre, a las 19 horas, en la Sala Azul de la Intendencia de Montevideo, se realizar\u00e1 la ceremonia de entrega de premios Bartolom\u00e9 Hidalgo. Los invitamos a acompa\u00f1arnos y juntos descubrir el ganador de cada categor\u00eda.\" \/>\n<meta name=\"twitter:image\" content=\"https:\/\/cooltivarte.com\/portal\/wp-content\/uploads\/2023\/10\/Bartolome-Hidalgo.jpg\" \/>\n<meta name=\"twitter:creator\" content=\"@https:\/\/x.com\/obolocultural\" \/>\n<meta name=\"twitter:site\" content=\"@obolocultural\" \/>\n<meta name=\"twitter:label1\" content=\"Escrito por\" \/>\n\t<meta name=\"twitter:data1\" content=\"Cooltivarte\" \/>\n\t<meta name=\"twitter:label2\" content=\"Tiempo de lectura\" \/>\n\t<meta name=\"twitter:data2\" content=\"2 minutos\" \/>\n<!-- \/ Yoast SEO plugin. -->","yoast_head_json":{"title":"Ternas finalistas de los premios Bartolom\u00e9 Hidalgo - Cooltivarte Portal","description":"El pr\u00f3ximo s\u00e1bado 7 de octubre 2023, a las 19 horas, en la Sala Azul de la Intendencia de Montevideo, se realizar\u00e1 la ceremonia de entrega de premios Bartolom\u00e9 Hidalgo. Los invitamos a acompa\u00f1arnos y juntos descubrir el ganador de cada categor\u00eda.","robots":{"index":"index","follow":"follow","max-snippet":"max-snippet:-1","max-image-preview":"max-image-preview:large","max-video-preview":"max-video-preview:-1"},"canonical":"https:\/\/cooltivarte.com\/portal\/ternas-finalistas-de-los-premios-bartolome-hidalgo\/","og_locale":"es_ES","og_type":"article","og_title":"Ternas finalistas de los premios Bartolom\u00e9 Hidalgo - Literatura infantil y juvenil - s\u00e1bado 7 de octubre 2023 a las 19 horas en la Sala Azul de la Intendencia de Montevideo","og_description":"El pr\u00f3ximo s\u00e1bado 7 de octubre, a las 19 horas, en la Sala Azul de la Intendencia de Montevideo, se realizar\u00e1 la ceremonia de entrega de premios Bartolom\u00e9 Hidalgo. Los invitamos a acompa\u00f1arnos y juntos descubrir el ganador de cada categor\u00eda.","og_url":"https:\/\/cooltivarte.com\/portal\/ternas-finalistas-de-los-premios-bartolome-hidalgo\/","og_site_name":"Cooltivarte Portal","article_publisher":"https:\/\/www.facebook.com\/cooltivartecom\/","article_author":"https:\/\/www.facebook.com\/cooltivartecom","article_published_time":"2023-10-06T12:37:18+00:00","article_modified_time":"2023-10-06T21:57:06+00:00","og_image":[{"width":1080,"height":1080,"url":"https:\/\/cooltivarte.com\/portal\/wp-content\/uploads\/2023\/10\/Bartolome-Hidalgo.jpg","type":"image\/jpeg"}],"author":"Cooltivarte","twitter_card":"summary_large_image","twitter_title":"Ternas finalistas de los premios Bartolom\u00e9 Hidalgo - Literatura infantil y juvenil - s\u00e1bado 7 de octubre 2023 a las 19 horas en la Sala Azul de la Intendencia de Montevideo","twitter_description":"El pr\u00f3ximo s\u00e1bado 7 de octubre, a las 19 horas, en la Sala Azul de la Intendencia de Montevideo, se realizar\u00e1 la ceremonia de entrega de premios Bartolom\u00e9 Hidalgo. Los invitamos a acompa\u00f1arnos y juntos descubrir el ganador de cada categor\u00eda.","twitter_image":"https:\/\/cooltivarte.com\/portal\/wp-content\/uploads\/2023\/10\/Bartolome-Hidalgo.jpg","twitter_creator":"@https:\/\/x.com\/obolocultural","twitter_site":"@obolocultural","twitter_misc":{"Escrito por":"Cooltivarte","Tiempo de lectura":"2 minutos"},"schema":{"@context":"https:\/\/schema.org","@graph":[{"@type":"NewsArticle","@id":"https:\/\/cooltivarte.com\/portal\/ternas-finalistas-de-los-premios-bartolome-hidalgo\/#article","isPartOf":{"@id":"https:\/\/cooltivarte.com\/portal\/ternas-finalistas-de-los-premios-bartolome-hidalgo\/"},"author":{"name":"Cooltivarte","@id":"https:\/\/cooltivarte.com\/portal\/#\/schema\/person\/ec2a4f4e71b740d0c559c0ab9a157e19"},"headline":"Ternas finalistas de los premios Bartolom\u00e9 Hidalgo","datePublished":"2023-10-06T12:37:18+00:00","dateModified":"2023-10-06T21:57:06+00:00","mainEntityOfPage":{"@id":"https:\/\/cooltivarte.com\/portal\/ternas-finalistas-de-los-premios-bartolome-hidalgo\/"},"wordCount":349,"publisher":{"@id":"https:\/\/cooltivarte.com\/portal\/#organization"},"image":{"@id":"https:\/\/cooltivarte.com\/portal\/ternas-finalistas-de-los-premios-bartolome-hidalgo\/#primaryimage"},"thumbnailUrl":"https:\/\/cooltivarte.com\/portal\/wp-content\/uploads\/2023\/10\/Bartolome-Hidalgo.jpg","keywords":["bartolom\u00e9 hidalgo","Intendencia de Montevideo","Literatura"],"articleSection":["Literatura"],"inLanguage":"es-AR"},{"@type":"WebPage","@id":"https:\/\/cooltivarte.com\/portal\/ternas-finalistas-de-los-premios-bartolome-hidalgo\/","url":"https:\/\/cooltivarte.com\/portal\/ternas-finalistas-de-los-premios-bartolome-hidalgo\/","name":"Ternas finalistas de los premios Bartolom\u00e9 Hidalgo - Cooltivarte Portal","isPartOf":{"@id":"https:\/\/cooltivarte.com\/portal\/#website"},"primaryImageOfPage":{"@id":"https:\/\/cooltivarte.com\/portal\/ternas-finalistas-de-los-premios-bartolome-hidalgo\/#primaryimage"},"image":{"@id":"https:\/\/cooltivarte.com\/portal\/ternas-finalistas-de-los-premios-bartolome-hidalgo\/#primaryimage"},"thumbnailUrl":"https:\/\/cooltivarte.com\/portal\/wp-content\/uploads\/2023\/10\/Bartolome-Hidalgo.jpg","datePublished":"2023-10-06T12:37:18+00:00","dateModified":"2023-10-06T21:57:06+00:00","description":"El pr\u00f3ximo s\u00e1bado 7 de octubre 2023, a las 19 horas, en la Sala Azul de la Intendencia de Montevideo, se realizar\u00e1 la ceremonia de entrega de premios Bartolom\u00e9 Hidalgo. Los invitamos a acompa\u00f1arnos y juntos descubrir el ganador de cada categor\u00eda.","breadcrumb":{"@id":"https:\/\/cooltivarte.com\/portal\/ternas-finalistas-de-los-premios-bartolome-hidalgo\/#breadcrumb"},"inLanguage":"es-AR","potentialAction":[{"@type":"ReadAction","target":["https:\/\/cooltivarte.com\/portal\/ternas-finalistas-de-los-premios-bartolome-hidalgo\/"]}]},{"@type":"ImageObject","inLanguage":"es-AR","@id":"https:\/\/cooltivarte.com\/portal\/ternas-finalistas-de-los-premios-bartolome-hidalgo\/#primaryimage","url":"https:\/\/cooltivarte.com\/portal\/wp-content\/uploads\/2023\/10\/Bartolome-Hidalgo.jpg","contentUrl":"https:\/\/cooltivarte.com\/portal\/wp-content\/uploads\/2023\/10\/Bartolome-Hidalgo.jpg","width":1080,"height":1080,"caption":"Ternas finalistas de los premios Bartolom\u00e9 Hidalgo - Literatura infantil y juvenil"},{"@type":"BreadcrumbList","@id":"https:\/\/cooltivarte.com\/portal\/ternas-finalistas-de-los-premios-bartolome-hidalgo\/#breadcrumb","itemListElement":[{"@type":"ListItem","position":1,"name":"Portada","item":"https:\/\/cooltivarte.com\/portal\/"},{"@type":"ListItem","position":2,"name":"Ternas finalistas de los premios Bartolom\u00e9 Hidalgo"}]},{"@type":"WebSite","@id":"https:\/\/cooltivarte.com\/portal\/#website","url":"https:\/\/cooltivarte.com\/portal\/","name":"Cooltivarte Portal","description":"Arte, cultura y turismo para el mundo ...","publisher":{"@id":"https:\/\/cooltivarte.com\/portal\/#organization"},"potentialAction":[{"@type":"SearchAction","target":{"@type":"EntryPoint","urlTemplate":"https:\/\/cooltivarte.com\/portal\/?s={search_term_string}"},"query-input":{"@type":"PropertyValueSpecification","valueRequired":true,"valueName":"search_term_string"}}],"inLanguage":"es-AR"},{"@type":"Organization","@id":"https:\/\/cooltivarte.com\/portal\/#organization","name":"cooltivarte","url":"https:\/\/cooltivarte.com\/portal\/","logo":{"@type":"ImageObject","inLanguage":"es-AR","@id":"https:\/\/cooltivarte.com\/portal\/#\/schema\/logo\/image\/","url":"https:\/\/cooltivarte.com\/portal\/wp-content\/uploads\/2020\/04\/logo-cooltivarte-v2.png","contentUrl":"https:\/\/cooltivarte.com\/portal\/wp-content\/uploads\/2020\/04\/logo-cooltivarte-v2.png","width":851,"height":243,"caption":"cooltivarte"},"image":{"@id":"https:\/\/cooltivarte.com\/portal\/#\/schema\/logo\/image\/"},"sameAs":["https:\/\/www.facebook.com\/cooltivartecom\/","https:\/\/x.com\/obolocultural","https:\/\/www.instagram.com\/_cooltivarte_\/","https:\/\/www.linkedin.com\/company\/-bolocultural?reportsuccess=8zaNG1HwhPbAR9iQhZ5rfGeqz_vQFftHun0ZWU0Wy9vNemRJ8vtcKdJvzQfW8XagyOJSKg0XvfJ1dp","https:\/\/www.pinterest.com\/cooltivarte\/","https:\/\/cooltivarte.tumblr.com\/","https:\/\/www.tiktok.com\/@cooltivarte","https:\/\/www.youtube.com\/@PrensaCooltivarte"]},{"@type":"Person","@id":"https:\/\/cooltivarte.com\/portal\/#\/schema\/person\/ec2a4f4e71b740d0c559c0ab9a157e19","name":"Cooltivarte","image":{"@type":"ImageObject","inLanguage":"es-AR","@id":"https:\/\/cooltivarte.com\/portal\/wp-content\/uploads\/2014\/05\/logo-cooltivarte-120x120.jpg","url":"https:\/\/cooltivarte.com\/portal\/wp-content\/uploads\/2014\/05\/logo-cooltivarte-120x120.jpg","contentUrl":"https:\/\/cooltivarte.com\/portal\/wp-content\/uploads\/2014\/05\/logo-cooltivarte-120x120.jpg","caption":"Cooltivarte"},"description":"Somos COOLTIVARTE.COM. Un portal digital dedicado a difundir el acontecer art\u00edstico y cultural del Uruguay. Estamos en la vuelta desde el a\u00f1o 2003, y como evoluci\u00f3n del bolet\u00edn Obolo Cultural, nos encontramos abocados a apoyar a los artistas nacionales brind\u00e1ndoles un espacio de difusi\u00f3n. Creemos en la idea de utilizar la potencialidad que hoy d\u00eda nos otorga la web, para que la cultura uruguaya y sus creadores dispongan de una din\u00e1mica ventana, que los ponga en contacto entre s\u00ed y con el mundo. Somos COOLTIVARTE.COM y pretendemos configurarnos como un portal din\u00e1mico, entretenido y atento a los nuevos emprendimientos, que busque siempre la interacci\u00f3n con los artistas.","sameAs":["http:\/\/www.cooltivarte.com","https:\/\/www.facebook.com\/cooltivartecom","https:\/\/www.instagram.com\/_cooltivarte_\/","https:\/\/www.linkedin.com\/company\/-bolocultural","https:\/\/www.pinterest.com\/cooltivarte\/","https:\/\/x.com\/https:\/\/x.com\/obolocultural","https:\/\/www.youtube.com\/@PrensaCooltivarte","https:\/\/www.tumblr.com\/blog\/cooltivarte"],"url":"https:\/\/cooltivarte.com\/portal\/author\/cooltivarte\/"}]}},"_links":{"self":[{"href":"https:\/\/cooltivarte.com\/portal\/wp-json\/wp\/v2\/posts\/93930","targetHints":{"allow":["GET"]}}],"collection":[{"href":"https:\/\/cooltivarte.com\/portal\/wp-json\/wp\/v2\/posts"}],"about":[{"href":"https:\/\/cooltivarte.com\/portal\/wp-json\/wp\/v2\/types\/post"}],"author":[{"embeddable":true,"href":"https:\/\/cooltivarte.com\/portal\/wp-json\/wp\/v2\/users\/8"}],"replies":[{"embeddable":true,"href":"https:\/\/cooltivarte.com\/portal\/wp-json\/wp\/v2\/comments?post=93930"}],"version-history":[{"count":4,"href":"https:\/\/cooltivarte.com\/portal\/wp-json\/wp\/v2\/posts\/93930\/revisions"}],"predecessor-version":[{"id":93970,"href":"https:\/\/cooltivarte.com\/portal\/wp-json\/wp\/v2\/posts\/93930\/revisions\/93970"}],"wp:featuredmedia":[{"embeddable":true,"href":"https:\/\/cooltivarte.com\/portal\/wp-json\/wp\/v2\/media\/93931"}],"wp:attachment":[{"href":"https:\/\/cooltivarte.com\/portal\/wp-json\/wp\/v2\/media?parent=93930"}],"wp:term":[{"taxonomy":"category","embeddable":true,"href":"https:\/\/cooltivarte.com\/portal\/wp-json\/wp\/v2\/categories?post=93930"},{"taxonomy":"post_tag","embeddable":true,"href":"https:\/\/cooltivarte.com\/portal\/wp-json\/wp\/v2\/tags?post=93930"}],"curies":[{"name":"wp","href":"https:\/\/api.w.org\/{rel}","templated":true}]}}