{"id":93793,"date":"2023-10-01T22:18:28","date_gmt":"2023-10-02T01:18:28","guid":{"rendered":"https:\/\/cooltivarte.com\/portal\/?p=93793"},"modified":"2023-10-07T13:32:18","modified_gmt":"2023-10-07T16:32:18","slug":"festival-dia-de-la-musica-2023","status":"publish","type":"post","link":"https:\/\/cooltivarte.com\/portal\/festival-dia-de-la-musica-2023\/","title":{"rendered":"Festival D\u00eda de la M\u00fasica 2023"},"content":{"rendered":"<p><img fetchpriority=\"high\" decoding=\"async\" class=\"aligncenter wp-image-93794 size-full\" title=\"Festival D\u00eda de la M\u00fasica 2023 - 8 de octubre al Parque Rod\u00f3\" src=\"https:\/\/cooltivarte.com\/portal\/wp-content\/uploads\/2023\/10\/Festival-Dia-de-la-Musica-2023-8-de-octubre-al-Parque-Rodo.webp\" alt=\"Festival D\u00eda de la M\u00fasica 2023 - 8 de octubre al Parque Rod\u00f3\" width=\"596\" height=\"596\" srcset=\"https:\/\/cooltivarte.com\/portal\/wp-content\/uploads\/2023\/10\/Festival-Dia-de-la-Musica-2023-8-de-octubre-al-Parque-Rodo.webp 596w, https:\/\/cooltivarte.com\/portal\/wp-content\/uploads\/2023\/10\/Festival-Dia-de-la-Musica-2023-8-de-octubre-al-Parque-Rodo-300x300.webp 300w, https:\/\/cooltivarte.com\/portal\/wp-content\/uploads\/2023\/10\/Festival-Dia-de-la-Musica-2023-8-de-octubre-al-Parque-Rodo-150x150.webp 150w, https:\/\/cooltivarte.com\/portal\/wp-content\/uploads\/2023\/10\/Festival-Dia-de-la-Musica-2023-8-de-octubre-al-Parque-Rodo-120x120.webp 120w, https:\/\/cooltivarte.com\/portal\/wp-content\/uploads\/2023\/10\/Festival-Dia-de-la-Musica-2023-8-de-octubre-al-Parque-Rodo-75x75.webp 75w\" sizes=\"(max-width: 596px) 100vw, 596px\" \/><\/p>\n<p>&nbsp;<\/p>\n<p>dom, 08 octubre 2023 | Parque Rod\u00f3, Montevideo<br \/>\n<strong>D\u00eda de la M\u00fasica 6ta edici\u00f3n<\/strong><br \/>\nDJ\u00b4S | ESPECT\u00c1CULOS | ENTRETENIMIENTOS | FOODTRUCKS<\/p>\n<p>&nbsp;<\/p>\n<p>Horario y ubicaci\u00f3n<br \/>\n08 oct, 12:00 \u2013 21:00<\/p>\n<p>Parque Rod\u00f3, Montevideo, Parque Rod\u00f3, Montevideo, Departamento de Montevideo, Uruguay<\/p>\n<p>&nbsp;<\/p>\n<p>El festival por el D\u00eda de la M\u00fasica nace mediante un llamado de la Direcci\u00f3n Nacional de Cultura del MEC donde nos propusimos celebrar esta fecha internacional con un peque\u00f1o evento ben\u00e9fico en el Parque Rod\u00f3. Dado el gran apoyo del p\u00fablico que asisti\u00f3 en cada edici\u00f3n el festival fue creciendo a\u00f1o a a\u00f1o, donde buscamos brindar una propuesta completa para disfrutar de la m\u00fasica y compartir en un espacio de intercambio y convivencia entre todos los participantes. El festival es un evento para el disfrute de toda la familia con diferentes escenarios, foodtrucks, rinc\u00f3n de ni\u00f1os y feria de emprendedores.<\/p>\n<p>&nbsp;<\/p>\n<div id=\"comp-lm9qoou2\" class=\"KcpHeO tz5f0K comp-lm9qoou2 wixui-rich-text\" data-testid=\"richTextElement\">\n<h2 class=\"font_0 wixui-rich-text__text\"><span class=\"wixui-rich-text__text\">DONACIONES 2023<\/span><\/h2>\n<\/div>\n<div id=\"comp-lmb9u135\" class=\"KcpHeO tz5f0K comp-lmb9u135 wixui-rich-text\" data-testid=\"richTextElement\">\n<p class=\"font_8 wixui-rich-text__text\"><span class=\"wixui-rich-text__text\">El festival es de<strong> libre acceso<\/strong> para toda la familia y a cambio de disfrutarlo solicitamos a todos los asistentes a <strong>donar alimentos no perecederos<\/strong> para colaborar con instituciones de todo el pa\u00eds con el Banco de Alimentos de Uruguay o una colaboraci\u00f3n mediante las alcanc\u00edas de Fundaci\u00f3n Oportunidad.<\/span><\/p>\n<p>&nbsp;<\/p>\n<\/div>\n<p style=\"text-align: center;\"><strong>GRILLAS HORARIOS Festival D\u00eda de la M\u00fasica 2023<\/strong><\/p>\n<p><img decoding=\"async\" class=\"aligncenter\" title=\"GRILLAS HORARIOS Festival D\u00eda de la M\u00fasica 2023\" src=\"https:\/\/static.wixstatic.com\/media\/37edca_e605503eb591413486afec24279697e1~mv2.png\/v1\/fill\/w_340,h_340,al_c,q_85,usm_0.66_1.00_0.01,enc_auto\/GRILLAS%20HORARIOS-12.png\" alt=\"GRILLAS HORARIOS Festival D\u00eda de la M\u00fasica 2023\" width=\"340\" height=\"340\"\/><\/p>\n<p>&nbsp;<\/p>\n<p><img decoding=\"async\" class=\"aligncenter\" title=\"GRILLAS HORARIOS Festival D\u00eda de la M\u00fasica 2023\" src=\"https:\/\/static.wixstatic.com\/media\/37edca_059e22a50c944c14b72d7e499a13bec3~mv2.png\/v1\/fill\/w_340,h_340,al_c,q_85,usm_0.66_1.00_0.01,enc_auto\/GRILLAS%20HORARIOS-14.png\" alt=\"GRILLAS HORARIOS Festival D\u00eda de la M\u00fasica 2023\" width=\"340\" height=\"340\"\/><\/p>\n<p>&nbsp;<\/p>\n<p><img loading=\"lazy\" decoding=\"async\" class=\"aligncenter\" title=\"GRILLAS HORARIOS Festival D\u00eda de la M\u00fasica 2023\" src=\"https:\/\/static.wixstatic.com\/media\/37edca_ac4b69efda684b2b9eba312279c33e10~mv2.png\/v1\/fill\/w_340,h_340,al_c,q_85,usm_0.66_1.00_0.01,enc_auto\/GRILLAS%20HORARIOS-13.png\" alt=\"GRILLAS HORARIOS Festival D\u00eda de la M\u00fasica 2023\" width=\"340\" height=\"340\"\/><\/p>\n<p>&nbsp;<\/p>\n<p><a href=\"https:\/\/www.diadelamusica.uy\/\" target=\"_blank\" rel=\"noopener\">https:\/\/www.diadelamusica.uy\/<\/a><\/p>\n<p>&nbsp;<\/p>\n<p>&nbsp;<\/p>\n<p>&nbsp;<\/p>\n","protected":false},"excerpt":{"rendered":"<p>&nbsp; dom, 08 octubre 2023 | Parque Rod\u00f3, Montevideo D\u00eda de la M\u00fasica 6ta edici\u00f3n DJ\u00b4S | ESPECT\u00c1CULOS | ENTRETENIMIENTOS | FOODTRUCKS &nbsp; Horario y ubicaci\u00f3n 08 oct, 12:00 \u2013 21:00 Parque Rod\u00f3, Montevideo, Parque Rod\u00f3, Montevideo, Departamento de Montevideo, Uruguay &nbsp; El festival por el D\u00eda de la M\u00fasica nace mediante un llamado de [&hellip;]<\/p>\n","protected":false},"author":8,"featured_media":93794,"comment_status":"closed","ping_status":"closed","sticky":false,"template":"","format":"standard","meta":{"om_disable_all_campaigns":false,"ngg_post_thumbnail":0,"jnews-multi-image_gallery":[],"jnews_single_post":{"subtitle":"8 de octubre al Parque Rod\u00f3","format":"standard","video":"","gallery":"","source_name":"","source_url":"","via_name":"","via_url":"","override_template":"0","override":[{"template":"4","single_blog_custom":"","parallax":"1","fullscreen":"0","layout":"right-sidebar","sidebar":"default-sidebar","second_sidebar":"default-sidebar","sticky_sidebar":"1","share_position":"bottom","share_float_style":"share-monocrhome","show_share_counter":"1","show_view_counter":"1","show_featured":"1","show_post_meta":"1","show_post_author":"1","show_post_author_image":"1","show_post_date":"1","post_date_format":"default","post_date_format_custom":"Y\/m\/d","show_post_category":"1","show_post_reading_time":"0","post_reading_time_wpm":"300","show_zoom_button":"0","zoom_button_out_step":"2","zoom_button_in_step":"3","show_post_tag":"1","show_prev_next_post":"1","show_popup_post":"1","number_popup_post":"1","show_author_box":"1","show_post_related":"0","show_inline_post_related":"0"}],"override_image_size":"0","image_override":[{"single_post_thumbnail_size":"no-crop","single_post_gallery_size":"crop-500"}],"trending_post":"0","trending_post_position":"meta","trending_post_label":"Trending","sponsored_post":"0","sponsored_post_label":"Sponsored by","sponsored_post_name":"","sponsored_post_url":"","sponsored_post_logo_enable":"0","sponsored_post_logo":"","sponsored_post_desc":"","disable_ad":"0"},"jnews_primary_category":{"id":"","hide":""},"jnews_social_meta":{"fb_title":"","fb_description":"","fb_image":"","twitter_title":"","twitter_description":"","twitter_image":""},"jnews_override_counter":{"override_view_counter":"0","view_counter_number":"0","override_share_counter":"0","share_counter_number":"0","override_like_counter":"0","like_counter_number":"0","override_dislike_counter":"0","dislike_counter_number":"0"},"footnotes":""},"categories":[3394],"tags":[20413,7623,168,1269],"class_list":["post-93793","post","type-post","status-publish","format-standard","has-post-thumbnail","hentry","category-eventos","tag-6ta-edicion","tag-dia-de-la-musica","tag-montevideo","tag-parque-rodo"],"yoast_head":"<!-- This site is optimized with the Yoast SEO plugin v27.5 - https:\/\/yoast.com\/product\/yoast-seo-wordpress\/ -->\n<title>Festival D\u00eda de la M\u00fasica 2023 - Cooltivarte Portal<\/title>\n<meta name=\"description\" content=\"El festival por el D\u00eda de la M\u00fasica nace mediante un llamado de la Direcci\u00f3n Nacional de Cultura del MEC donde nos propusimos celebrar esta fecha internacional con un peque\u00f1o evento ben\u00e9fico en el Parque Rod\u00f3.\" \/>\n<meta name=\"robots\" content=\"index, follow, max-snippet:-1, max-image-preview:large, max-video-preview:-1\" \/>\n<link rel=\"canonical\" href=\"https:\/\/cooltivarte.com\/portal\/festival-dia-de-la-musica-2023\/\" \/>\n<meta property=\"og:locale\" content=\"es_ES\" \/>\n<meta property=\"og:type\" content=\"article\" \/>\n<meta property=\"og:title\" content=\"Festival D\u00eda de la M\u00fasica 2023 - 8 de octubre al Parque Rod\u00f3\" \/>\n<meta property=\"og:description\" content=\"El festival por el D\u00eda de la M\u00fasica nace mediante un llamado de la Direcci\u00f3n Nacional de Cultura del MEC donde nos propusimos celebrar esta fecha internacional con un peque\u00f1o evento ben\u00e9fico en el Parque Rod\u00f3.\" \/>\n<meta property=\"og:url\" content=\"https:\/\/cooltivarte.com\/portal\/festival-dia-de-la-musica-2023\/\" \/>\n<meta property=\"og:site_name\" content=\"Cooltivarte Portal\" \/>\n<meta property=\"article:publisher\" content=\"https:\/\/www.facebook.com\/cooltivartecom\/\" \/>\n<meta property=\"article:author\" content=\"https:\/\/www.facebook.com\/cooltivartecom\" \/>\n<meta property=\"article:published_time\" content=\"2023-10-02T01:18:28+00:00\" \/>\n<meta property=\"article:modified_time\" content=\"2023-10-07T16:32:18+00:00\" \/>\n<meta property=\"og:image\" content=\"https:\/\/cooltivarte.com\/portal\/wp-content\/uploads\/2023\/10\/Festival-Dia-de-la-Musica-2023-8-de-octubre-al-Parque-Rodo.webp\" \/>\n\t<meta property=\"og:image:width\" content=\"596\" \/>\n\t<meta property=\"og:image:height\" content=\"596\" \/>\n\t<meta property=\"og:image:type\" content=\"image\/webp\" \/>\n<meta name=\"author\" content=\"Cooltivarte\" \/>\n<meta name=\"twitter:card\" content=\"summary_large_image\" \/>\n<meta name=\"twitter:title\" content=\"Festival D\u00eda de la M\u00fasica 2023 - 8 de octubre al Parque Rod\u00f3\" \/>\n<meta name=\"twitter:description\" content=\"El festival por el D\u00eda de la M\u00fasica nace mediante un llamado de la Direcci\u00f3n Nacional de Cultura del MEC donde nos propusimos celebrar esta fecha internacional con un peque\u00f1o evento ben\u00e9fico en el Parque Rod\u00f3.\" \/>\n<meta name=\"twitter:image\" content=\"https:\/\/cooltivarte.com\/portal\/wp-content\/uploads\/2023\/10\/Festival-Dia-de-la-Musica-2023-8-de-octubre-al-Parque-Rodo.webp\" \/>\n<meta name=\"twitter:creator\" content=\"@https:\/\/x.com\/obolocultural\" \/>\n<meta name=\"twitter:site\" content=\"@obolocultural\" \/>\n<meta name=\"twitter:label1\" content=\"Escrito por\" \/>\n\t<meta name=\"twitter:data1\" content=\"Cooltivarte\" \/>\n\t<meta name=\"twitter:label2\" content=\"Tiempo de lectura\" \/>\n\t<meta name=\"twitter:data2\" content=\"1 minuto\" \/>\n<!-- \/ Yoast SEO plugin. -->","yoast_head_json":{"title":"Festival D\u00eda de la M\u00fasica 2023 - Cooltivarte Portal","description":"El festival por el D\u00eda de la M\u00fasica nace mediante un llamado de la Direcci\u00f3n Nacional de Cultura del MEC donde nos propusimos celebrar esta fecha internacional con un peque\u00f1o evento ben\u00e9fico en el Parque Rod\u00f3.","robots":{"index":"index","follow":"follow","max-snippet":"max-snippet:-1","max-image-preview":"max-image-preview:large","max-video-preview":"max-video-preview:-1"},"canonical":"https:\/\/cooltivarte.com\/portal\/festival-dia-de-la-musica-2023\/","og_locale":"es_ES","og_type":"article","og_title":"Festival D\u00eda de la M\u00fasica 2023 - 8 de octubre al Parque Rod\u00f3","og_description":"El festival por el D\u00eda de la M\u00fasica nace mediante un llamado de la Direcci\u00f3n Nacional de Cultura del MEC donde nos propusimos celebrar esta fecha internacional con un peque\u00f1o evento ben\u00e9fico en el Parque Rod\u00f3.","og_url":"https:\/\/cooltivarte.com\/portal\/festival-dia-de-la-musica-2023\/","og_site_name":"Cooltivarte Portal","article_publisher":"https:\/\/www.facebook.com\/cooltivartecom\/","article_author":"https:\/\/www.facebook.com\/cooltivartecom","article_published_time":"2023-10-02T01:18:28+00:00","article_modified_time":"2023-10-07T16:32:18+00:00","og_image":[{"width":596,"height":596,"url":"https:\/\/cooltivarte.com\/portal\/wp-content\/uploads\/2023\/10\/Festival-Dia-de-la-Musica-2023-8-de-octubre-al-Parque-Rodo.webp","type":"image\/webp"}],"author":"Cooltivarte","twitter_card":"summary_large_image","twitter_title":"Festival D\u00eda de la M\u00fasica 2023 - 8 de octubre al Parque Rod\u00f3","twitter_description":"El festival por el D\u00eda de la M\u00fasica nace mediante un llamado de la Direcci\u00f3n Nacional de Cultura del MEC donde nos propusimos celebrar esta fecha internacional con un peque\u00f1o evento ben\u00e9fico en el Parque Rod\u00f3.","twitter_image":"https:\/\/cooltivarte.com\/portal\/wp-content\/uploads\/2023\/10\/Festival-Dia-de-la-Musica-2023-8-de-octubre-al-Parque-Rodo.webp","twitter_creator":"@https:\/\/x.com\/obolocultural","twitter_site":"@obolocultural","twitter_misc":{"Escrito por":"Cooltivarte","Tiempo de lectura":"1 minuto"},"schema":{"@context":"https:\/\/schema.org","@graph":[{"@type":"NewsArticle","@id":"https:\/\/cooltivarte.com\/portal\/festival-dia-de-la-musica-2023\/#article","isPartOf":{"@id":"https:\/\/cooltivarte.com\/portal\/festival-dia-de-la-musica-2023\/"},"author":{"name":"Cooltivarte","@id":"https:\/\/cooltivarte.com\/portal\/#\/schema\/person\/ec2a4f4e71b740d0c559c0ab9a157e19"},"headline":"Festival D\u00eda de la M\u00fasica 2023","datePublished":"2023-10-02T01:18:28+00:00","dateModified":"2023-10-07T16:32:18+00:00","mainEntityOfPage":{"@id":"https:\/\/cooltivarte.com\/portal\/festival-dia-de-la-musica-2023\/"},"wordCount":233,"publisher":{"@id":"https:\/\/cooltivarte.com\/portal\/#organization"},"image":{"@id":"https:\/\/cooltivarte.com\/portal\/festival-dia-de-la-musica-2023\/#primaryimage"},"thumbnailUrl":"https:\/\/cooltivarte.com\/portal\/wp-content\/uploads\/2023\/10\/Festival-Dia-de-la-Musica-2023-8-de-octubre-al-Parque-Rodo.webp","keywords":["6ta edici\u00f3n","D\u00eda de la m\u00fasica","Montevideo","Parque Rod\u00f3"],"articleSection":["Eventos"],"inLanguage":"es-AR"},{"@type":"WebPage","@id":"https:\/\/cooltivarte.com\/portal\/festival-dia-de-la-musica-2023\/","url":"https:\/\/cooltivarte.com\/portal\/festival-dia-de-la-musica-2023\/","name":"Festival D\u00eda de la M\u00fasica 2023 - Cooltivarte Portal","isPartOf":{"@id":"https:\/\/cooltivarte.com\/portal\/#website"},"primaryImageOfPage":{"@id":"https:\/\/cooltivarte.com\/portal\/festival-dia-de-la-musica-2023\/#primaryimage"},"image":{"@id":"https:\/\/cooltivarte.com\/portal\/festival-dia-de-la-musica-2023\/#primaryimage"},"thumbnailUrl":"https:\/\/cooltivarte.com\/portal\/wp-content\/uploads\/2023\/10\/Festival-Dia-de-la-Musica-2023-8-de-octubre-al-Parque-Rodo.webp","datePublished":"2023-10-02T01:18:28+00:00","dateModified":"2023-10-07T16:32:18+00:00","description":"El festival por el D\u00eda de la M\u00fasica nace mediante un llamado de la Direcci\u00f3n Nacional de Cultura del MEC donde nos propusimos celebrar esta fecha internacional con un peque\u00f1o evento ben\u00e9fico en el Parque Rod\u00f3.","breadcrumb":{"@id":"https:\/\/cooltivarte.com\/portal\/festival-dia-de-la-musica-2023\/#breadcrumb"},"inLanguage":"es-AR","potentialAction":[{"@type":"ReadAction","target":["https:\/\/cooltivarte.com\/portal\/festival-dia-de-la-musica-2023\/"]}]},{"@type":"ImageObject","inLanguage":"es-AR","@id":"https:\/\/cooltivarte.com\/portal\/festival-dia-de-la-musica-2023\/#primaryimage","url":"https:\/\/cooltivarte.com\/portal\/wp-content\/uploads\/2023\/10\/Festival-Dia-de-la-Musica-2023-8-de-octubre-al-Parque-Rodo.webp","contentUrl":"https:\/\/cooltivarte.com\/portal\/wp-content\/uploads\/2023\/10\/Festival-Dia-de-la-Musica-2023-8-de-octubre-al-Parque-Rodo.webp","width":596,"height":596,"caption":"Festival D\u00eda de la M\u00fasica 2023 - 8 de octubre al Parque Rod\u00f3"},{"@type":"BreadcrumbList","@id":"https:\/\/cooltivarte.com\/portal\/festival-dia-de-la-musica-2023\/#breadcrumb","itemListElement":[{"@type":"ListItem","position":1,"name":"Portada","item":"https:\/\/cooltivarte.com\/portal\/"},{"@type":"ListItem","position":2,"name":"Festival D\u00eda de la M\u00fasica 2023"}]},{"@type":"WebSite","@id":"https:\/\/cooltivarte.com\/portal\/#website","url":"https:\/\/cooltivarte.com\/portal\/","name":"Cooltivarte Portal","description":"Arte, cultura y turismo para el mundo ...","publisher":{"@id":"https:\/\/cooltivarte.com\/portal\/#organization"},"potentialAction":[{"@type":"SearchAction","target":{"@type":"EntryPoint","urlTemplate":"https:\/\/cooltivarte.com\/portal\/?s={search_term_string}"},"query-input":{"@type":"PropertyValueSpecification","valueRequired":true,"valueName":"search_term_string"}}],"inLanguage":"es-AR"},{"@type":"Organization","@id":"https:\/\/cooltivarte.com\/portal\/#organization","name":"cooltivarte","url":"https:\/\/cooltivarte.com\/portal\/","logo":{"@type":"ImageObject","inLanguage":"es-AR","@id":"https:\/\/cooltivarte.com\/portal\/#\/schema\/logo\/image\/","url":"https:\/\/cooltivarte.com\/portal\/wp-content\/uploads\/2020\/04\/logo-cooltivarte-v2.png","contentUrl":"https:\/\/cooltivarte.com\/portal\/wp-content\/uploads\/2020\/04\/logo-cooltivarte-v2.png","width":851,"height":243,"caption":"cooltivarte"},"image":{"@id":"https:\/\/cooltivarte.com\/portal\/#\/schema\/logo\/image\/"},"sameAs":["https:\/\/www.facebook.com\/cooltivartecom\/","https:\/\/x.com\/obolocultural","https:\/\/www.instagram.com\/_cooltivarte_\/","https:\/\/www.linkedin.com\/company\/-bolocultural?reportsuccess=8zaNG1HwhPbAR9iQhZ5rfGeqz_vQFftHun0ZWU0Wy9vNemRJ8vtcKdJvzQfW8XagyOJSKg0XvfJ1dp","https:\/\/www.pinterest.com\/cooltivarte\/","https:\/\/cooltivarte.tumblr.com\/","https:\/\/www.tiktok.com\/@cooltivarte","https:\/\/www.youtube.com\/@PrensaCooltivarte"]},{"@type":"Person","@id":"https:\/\/cooltivarte.com\/portal\/#\/schema\/person\/ec2a4f4e71b740d0c559c0ab9a157e19","name":"Cooltivarte","image":{"@type":"ImageObject","inLanguage":"es-AR","@id":"https:\/\/cooltivarte.com\/portal\/wp-content\/uploads\/2014\/05\/logo-cooltivarte-120x120.jpg","url":"https:\/\/cooltivarte.com\/portal\/wp-content\/uploads\/2014\/05\/logo-cooltivarte-120x120.jpg","contentUrl":"https:\/\/cooltivarte.com\/portal\/wp-content\/uploads\/2014\/05\/logo-cooltivarte-120x120.jpg","caption":"Cooltivarte"},"description":"Somos COOLTIVARTE.COM. Un portal digital dedicado a difundir el acontecer art\u00edstico y cultural del Uruguay. Estamos en la vuelta desde el a\u00f1o 2003, y como evoluci\u00f3n del bolet\u00edn Obolo Cultural, nos encontramos abocados a apoyar a los artistas nacionales brind\u00e1ndoles un espacio de difusi\u00f3n. Creemos en la idea de utilizar la potencialidad que hoy d\u00eda nos otorga la web, para que la cultura uruguaya y sus creadores dispongan de una din\u00e1mica ventana, que los ponga en contacto entre s\u00ed y con el mundo. Somos COOLTIVARTE.COM y pretendemos configurarnos como un portal din\u00e1mico, entretenido y atento a los nuevos emprendimientos, que busque siempre la interacci\u00f3n con los artistas.","sameAs":["http:\/\/www.cooltivarte.com","https:\/\/www.facebook.com\/cooltivartecom","https:\/\/www.instagram.com\/_cooltivarte_\/","https:\/\/www.linkedin.com\/company\/-bolocultural","https:\/\/www.pinterest.com\/cooltivarte\/","https:\/\/x.com\/https:\/\/x.com\/obolocultural","https:\/\/www.youtube.com\/@PrensaCooltivarte","https:\/\/www.tumblr.com\/blog\/cooltivarte"],"url":"https:\/\/cooltivarte.com\/portal\/author\/cooltivarte\/"}]}},"_links":{"self":[{"href":"https:\/\/cooltivarte.com\/portal\/wp-json\/wp\/v2\/posts\/93793","targetHints":{"allow":["GET"]}}],"collection":[{"href":"https:\/\/cooltivarte.com\/portal\/wp-json\/wp\/v2\/posts"}],"about":[{"href":"https:\/\/cooltivarte.com\/portal\/wp-json\/wp\/v2\/types\/post"}],"author":[{"embeddable":true,"href":"https:\/\/cooltivarte.com\/portal\/wp-json\/wp\/v2\/users\/8"}],"replies":[{"embeddable":true,"href":"https:\/\/cooltivarte.com\/portal\/wp-json\/wp\/v2\/comments?post=93793"}],"version-history":[{"count":3,"href":"https:\/\/cooltivarte.com\/portal\/wp-json\/wp\/v2\/posts\/93793\/revisions"}],"predecessor-version":[{"id":93982,"href":"https:\/\/cooltivarte.com\/portal\/wp-json\/wp\/v2\/posts\/93793\/revisions\/93982"}],"wp:featuredmedia":[{"embeddable":true,"href":"https:\/\/cooltivarte.com\/portal\/wp-json\/wp\/v2\/media\/93794"}],"wp:attachment":[{"href":"https:\/\/cooltivarte.com\/portal\/wp-json\/wp\/v2\/media?parent=93793"}],"wp:term":[{"taxonomy":"category","embeddable":true,"href":"https:\/\/cooltivarte.com\/portal\/wp-json\/wp\/v2\/categories?post=93793"},{"taxonomy":"post_tag","embeddable":true,"href":"https:\/\/cooltivarte.com\/portal\/wp-json\/wp\/v2\/tags?post=93793"}],"curies":[{"name":"wp","href":"https:\/\/api.w.org\/{rel}","templated":true}]}}