{"id":93632,"date":"2023-09-25T19:36:25","date_gmt":"2023-09-25T22:36:25","guid":{"rendered":"https:\/\/cooltivarte.com\/portal\/?p=93632"},"modified":"2023-09-25T19:44:55","modified_gmt":"2023-09-25T22:44:55","slug":"fituu-festival-internacional-de-teatro-unipersonal-del-uruguay","status":"publish","type":"post","link":"https:\/\/cooltivarte.com\/portal\/fituu-festival-internacional-de-teatro-unipersonal-del-uruguay\/","title":{"rendered":"FITUU &#8211; Festival Internacional de Teatro Unipersonal del Uruguay"},"content":{"rendered":"<p><img fetchpriority=\"high\" decoding=\"async\" class=\"aligncenter wp-image-93633 size-large\" title=\"FITUU - Festival Internacional de Teatro Unipersonal del Uruguay\" src=\"https:\/\/cooltivarte.com\/portal\/wp-content\/uploads\/2023\/09\/fituu-1024x657.jpg\" alt=\"FITUU - Festival Internacional de Teatro Unipersonal del Uruguay\" width=\"1024\" height=\"657\" srcset=\"https:\/\/cooltivarte.com\/portal\/wp-content\/uploads\/2023\/09\/fituu-1024x657.jpg 1024w, https:\/\/cooltivarte.com\/portal\/wp-content\/uploads\/2023\/09\/fituu-300x193.jpg 300w, https:\/\/cooltivarte.com\/portal\/wp-content\/uploads\/2023\/09\/fituu-768x493.jpg 768w, https:\/\/cooltivarte.com\/portal\/wp-content\/uploads\/2023\/09\/fituu.jpg 1281w\" sizes=\"(max-width: 1024px) 100vw, 1024px\" \/><\/p>\n<p>&nbsp;<\/p>\n<p><strong>FITUU &#8211; Festival Internacional de Teatro Unipersonal del Uruguay &#8211; 24 al 29 de octubre 2023 &#8211; Sala Hugo Balzo<\/strong><\/p>\n<p><a href=\"https:\/\/tickantel.com.uy\/inicio\/buscar?1&amp;texto=fituu\" target=\"_blank\" rel=\"noopener\">Entradas en venta por Tickantel<\/a> y boleter\u00eda del teatro.<\/p>\n<p>Beneficios 2&#215;1 con Club El Pa\u00eds y Comunidad La Diaria<\/p>\n<p>&nbsp;<\/p>\n<p>El <strong>Festival Internacional de Teatro Unipersonal del Uruguay [FITUU]<\/strong> nace en 2006 a partir de la necesidad de un evento internacional para la convergencia de obras de teatro de formato unipersonal. Los a\u00f1os de trayectoria del festival han redefinido su propio valor. Haciendo un corte transversal se puede apreciar la evoluci\u00f3n que atravesaron las propuestas esc\u00e9nicas de esta forma art\u00edstica espec\u00edfica. El <strong>FITUU<\/strong> es un espacio que genera inter\u00e9s tanto a p\u00fablico no habituado al teatro, como a los integrantes del medio teatral nacional, a nivel independiente e institucional.<br \/>\nUruguay carece de otra instancia como esta.<\/p>\n<p>&nbsp;<\/p>\n<p>Adem\u00e1s de presentar una selecci\u00f3n de mon\u00f3logos actualizados de Iberoam\u00e9rica, el <strong>FITUU<\/strong> procura consolidarse como un espacio de reflexi\u00f3n sobre el g\u00e9nero. El unipersonal abarca planos que, probablemente, est\u00e9n diluidos en otros g\u00e9neros teatrales como la transmisi\u00f3n de lo universal en lo singular o de lo intersubjetivo en lo social. El unipersonal es una experiencia que muchos actores y actrices anhelan atravesar. Un festival de unipersonales permite compartir la experiencia del desaf\u00edo extremo de la soledad en escena.<\/p>\n<p>&nbsp;<\/p>\n<p>En 2023 el<strong> FITUU<\/strong> se abre a espect\u00e1culos que articulan con la contemporaneidad, buscando procesos reflexivos y sensibles a trav\u00e9s de acontecimientos esc\u00e9nicos. Atravesamos un tiempo de convivencias intergeneracionales, repleto de voces y de cambios subjetivos. Entendemos que el arte debe ser tomado, tambi\u00e9n, como un punto de partida sobre el que dialogar. Es en este sentido que presentamos una grilla abierta a voces disidentes y necesarias para construir subjetividades capaces de habitar y producir en el mundo hoy.<\/p>\n<p>&nbsp;<\/p>\n<p><strong>El desmontaje<\/strong><br \/>\n<strong>U R U G U AY<\/strong><\/p>\n<p><strong>Jimena M\u00e1rquez<\/strong> se coloca por primera vez a s\u00ed misma en escena en un formato h\u00edbrido y presenta una obra que a su vez contiene un documental. La puesta se plantea en c\u00f3digo de charla- conferencia. Se trata de un trabajo que transita los l\u00edmites entre la actuaci\u00f3n y la no actuaci\u00f3n, que reflexiona acerca de las ra\u00edces del teatro y que convoca un suceso que al mismo tiempo cuestiona ambas categor\u00edas. Una aparente conferencia de desmontaje teatral que investiga el lugar y el sentido de dicha pr\u00e1ctica \u201caut\u00f3psica\u201d que se ejerce a veces sobre piezas que ya no est\u00e1n en cartel.<\/p>\n<p>ACTUACI\u00d3N Y DRAMATURGIA: <strong>Jimena M\u00e1rquez<\/strong><br \/>\nDIRECCI\u00d3N: <strong>Luz Viera<\/strong><\/p>\n<p><strong>MARTES<\/strong><br \/>\n<strong>24\/10<\/strong><br \/>\n<strong>20.30 h<\/strong><\/p>\n<p><a href=\"https:\/\/tickantel.com.uy\/inicio\/buscar?1&amp;texto=fituu\" target=\"_blank\" rel=\"noopener\">Entradas en venta<\/a><\/p>\n<p>&nbsp;<\/p>\n<p>&nbsp;<\/p>\n<p><strong>Mon\u00f3logo de una mujer <\/strong><strong>llamada Mar\u00eda con su patrona<\/strong><br \/>\n<strong>P O R T U G A L<\/strong><\/p>\n<p>La pieza, que tiene la duraci\u00f3n de un ciclo de lavado a m\u00e1quina, plantea una cuesti\u00f3n pol\u00e9mica: \u00bfPor qu\u00e9 necesitamos empleadas dom\u00e9sticas? \u00bfPor qu\u00e9 nos referimos a la trabajadora dom\u00e9stica \u201ccomo si fuera de la familia\u201d? Desde la primera movilizaci\u00f3n de las empleadas dom\u00e9sticas en Lisboa en 1921, hasta el \u00e9xodo de miles de ni\u00f1as y jovencitas del interior del pa\u00eds a las grandes ciudades para trabajar como sirvientas pasando por la creaci\u00f3n del primer Sindicato del Servicio Dom\u00e9stico, Mon\u00f3logo de una mujer llamada Mar\u00eda con su patrona busca contribuir a la escritura de una historia del trabajo femenino.<\/p>\n<p>ACTUACI\u00d3N, DRAMATURGIA Y DIRECCI\u00d3N: <strong>Sara Barros Leit\u00e3o<\/strong><br \/>\nPRODUCCI\u00d3N: <strong>Cassandra<\/strong><\/p>\n<p><strong>MI\u00c9RCOLES<\/strong><br \/>\n<strong>25\/10<\/strong><br \/>\n<strong>20.30 h<\/strong><\/p>\n<p><a href=\"https:\/\/tickantel.com.uy\/inicio\/buscar?1&amp;texto=fituu\" target=\"_blank\" rel=\"noopener\">Entradas en venta<\/a><\/p>\n<p>&nbsp;<\/p>\n<p><strong>No hay flores en Estambul<\/strong><br \/>\n<strong>U R U G U AY<\/strong><\/p>\n<p>En 1978 Ivan Solarich asisti\u00f3 al estreno de Expreso de Medianoche, una pel\u00edcula ic\u00f3nica basada en hechos reales, dirigida por el gran Oliver Stone. Inmediatamente qued\u00f3 prendado de su protagonista, el actor Brad Davis quien, sin quererlo, se transform\u00f3 en un maestro. Cuarenta a\u00f1os despu\u00e9s Solarich descubre, molesto, que Oliver Stone<br \/>\nhab\u00eda modificado aspectos sustanciales de la historia en su gui\u00f3n. Es as\u00ed que decide convocar a Stone y Davis en Estambul para hablar de \u00e9tica, de flores y para volver a actuar los tres juntos. La pieza fue distinguida con el premio Florencio a la mejor actuaci\u00f3n en unipersonal en 2018.<\/p>\n<p>ACTUACI\u00d3N Y DRAMATURGIA: <strong>Iv\u00e1n Solarich<\/strong><br \/>\nDIRECCI\u00d3N: <strong>Mariano Solarich<\/strong><\/p>\n<p><strong>JUEVES<\/strong><br \/>\n<strong>26\/10<\/strong><br \/>\n<strong>20.30 h<\/strong><\/p>\n<p><a href=\"https:\/\/tickantel.com.uy\/inicio\/buscar?1&amp;texto=fituu\" target=\"_blank\" rel=\"noopener\">Entradas en venta<\/a><\/p>\n<p>&nbsp;<\/p>\n<p><strong>Un grito en la oscuridad<\/strong><br \/>\n<strong>B R A S I L<\/strong><\/p>\n<p>Basada en testimonios y cartas de presos pol\u00edticos conservados en el Archivo Nacional de Brasil, esta pieza multimedia echa un vistazo a las mujeres que fueron arrestadas y torturadas durante el r\u00e9gimen militar brasile\u00f1o<br \/>\n(1964-1985). Personalidades notorias como la dise\u00f1adora Zuzu Angel, la expresidenta Dilma Roussef y la periodista Miriam Leit\u00e3o, son algunas de las voces recuperadas para dar cuenta de los acontecimientos atravesados durante este per\u00edodo de terror. Documentos, recortes dist\u00f3picos y ficcionales permean la trama de este documental esc\u00e9nico coproducido por la Companhia Nova de Teatro y la MaMa Experimental Theatre de Nueva York, donde fuera estrenado en marzo de 2023.<\/p>\n<p>ACTUACI\u00d3N: <strong>Carina Casuscelli<\/strong><br \/>\nDRAMATURGIA Y DIRECCI\u00d3N: <strong>Lenerson Polonini<\/strong><\/p>\n<p><strong>VIERNES<\/strong><br \/>\n<strong>27\/10<\/strong><br \/>\n<strong>20.30 h<\/strong><\/p>\n<p><a href=\"https:\/\/tickantel.com.uy\/inicio\/buscar?1&amp;texto=fituu\" target=\"_blank\" rel=\"noopener\">Entradas en venta<\/a><\/p>\n<p>&nbsp;<\/p>\n<p><strong>Wilma.<\/strong><br \/>\n<strong>Una historia real de racismo<\/strong><br \/>\n<strong>M \u00c9 X I C O<\/strong><\/p>\n<p>Wilma narra la historia de una ni\u00f1a que crece como extranjera en su propia tierra, aislada por el racismo y clasismo impuesto por su abuela, quien le proh\u00edbe aprender el maya y juntarse con maya hablantes. S\u00fabitamente<br \/>\nllega uno de los peores huracanes de la historia a la pen\u00ednsula y se emite la alerta temprana para ciclones en lengua maya. Ella, incapaz de comunicarse con los dem\u00e1s intenta sobrevivir a un hurac\u00e1n sin ayuda de nadie.<\/p>\n<p>ACTUACI\u00d3N, DRAMATURGIA Y DIRECCI\u00d3N: <strong>Itzhel Razo<\/strong><\/p>\n<p><strong>S\u00c1BADO<\/strong><br \/>\n<strong>28\/10<\/strong><br \/>\n<strong>20.30 h<\/strong><\/p>\n<p><a href=\"https:\/\/tickantel.com.uy\/inicio\/buscar?1&amp;texto=fituu\" target=\"_blank\" rel=\"noopener\">Entradas en venta<\/a><\/p>\n<p>&nbsp;<\/p>\n<p><strong>La mujer puerca<\/strong><br \/>\n<strong>A R G E N T I N A<\/strong><\/p>\n<p>Desde hace una d\u00e9cada esta pieza, catalogada por la prensa como un \u201ccl\u00e1sico en miniatura\u201d, viene produciendo una especie de contagio o fervor en el p\u00fablico. Una mujer ha vivido a pleno para lograr la santidad sin conseguirlo. Es mundana, terrenal y el deseo de beatitud no conjuga con su ser. La mujer puerca es la historia de<br \/>\nuna hu\u00e9rfana, como esos relatos de Dickens devorados en la ni\u00f1ez, con melodrama, humor y algunos pensamientos sobre el amor no correspondido por Dios hacia una mujer herida. La obra es la traves\u00eda de un cuerpo partido y repartido. La necesidad de amar cuando alrededor hay silencio.<\/p>\n<p>ACTUACI\u00d3N: <strong>Valeria Lois<\/strong><br \/>\nDRAMATURGIA: <strong>Santiago Loza<\/strong><br \/>\nDIRECCI\u00d3N: <strong>Lisandro Rodr\u00edguez<\/strong><\/p>\n<p><strong>DOMINGO<\/strong><br \/>\n<strong>29\/10<\/strong><br \/>\n<strong>20 h<\/strong><\/p>\n<p><a href=\"https:\/\/tickantel.com.uy\/inicio\/buscar?1&amp;texto=fituu\" target=\"_blank\" rel=\"noopener\">Entradas en venta<\/a><\/p>\n<p>&nbsp;<\/p>\n<p>DIRECCI\u00d3N GENERAL:<br \/>\nFabio Zidan<br \/>\nDIRECCI\u00d3N ART\u00cdSTICA Y PRODUCCI\u00d3N GENERAL:<br \/>\nJeannette Sauksteliskis<br \/>\nDIRECCI\u00d3N T\u00c9CNICA:<br \/>\nLaura Leifert<br \/>\nASISTENTE DE PRODUCCI\u00d3N:<br \/>\nGabriela Escobar<br \/>\nFOTOGRAF\u00cdA:<br \/>\nMar\u00eda Victoria Parada<br \/>\nDISE\u00d1O GR\u00c1FICO:<br \/>\nLuis Bellagamba<br \/>\nCOMUNICACI\u00d3N Y PRENSA:<br \/>\nValeria Piana<\/p>\n<p>&nbsp;<\/p>\n<p><a href=\"https:\/\/tickantel.com.uy\/inicio\/buscar?1&amp;texto=fituu\" target=\"_blank\" rel=\"noopener\">Entradas en venta<\/a><\/p>\n<p>&nbsp;<\/p>\n<p>&nbsp;<\/p>\n","protected":false},"excerpt":{"rendered":"<p>&nbsp; FITUU &#8211; Festival Internacional de Teatro Unipersonal del Uruguay &#8211; 24 al 29 de octubre 2023 &#8211; Sala Hugo Balzo Entradas en venta por Tickantel y boleter\u00eda del teatro. Beneficios 2&#215;1 con Club El Pa\u00eds y Comunidad La Diaria &nbsp; El Festival Internacional de Teatro Unipersonal del Uruguay [FITUU] nace en 2006 a partir [&hellip;]<\/p>\n","protected":false},"author":8,"featured_media":93633,"comment_status":"closed","ping_status":"closed","sticky":false,"template":"","format":"standard","meta":{"om_disable_all_campaigns":false,"ngg_post_thumbnail":0,"jnews-multi-image_gallery":[],"jnews_single_post":{"subtitle":"24 al 29 de octubre 2023 - Sala Hugo Balzo","format":"standard","video":"","gallery":"","source_name":"","source_url":"","via_name":"","via_url":"","override_template":"0","override":[{"template":"4","single_blog_custom":"","parallax":"1","fullscreen":"0","layout":"right-sidebar","sidebar":"default-sidebar","second_sidebar":"default-sidebar","sticky_sidebar":"1","share_position":"bottom","share_float_style":"share-monocrhome","show_share_counter":"1","show_view_counter":"1","show_featured":"1","show_post_meta":"1","show_post_author":"1","show_post_author_image":"1","show_post_date":"1","post_date_format":"default","post_date_format_custom":"Y\/m\/d","show_post_category":"1","show_post_reading_time":"0","post_reading_time_wpm":"300","show_zoom_button":"0","zoom_button_out_step":"2","zoom_button_in_step":"3","show_post_tag":"1","show_prev_next_post":"1","show_popup_post":"1","number_popup_post":"1","show_author_box":"1","show_post_related":"0","show_inline_post_related":"0"}],"override_image_size":"0","image_override":[{"single_post_thumbnail_size":"no-crop","single_post_gallery_size":"crop-500"}],"trending_post":"0","trending_post_position":"meta","trending_post_label":"Trending","sponsored_post":"0","sponsored_post_label":"Sponsored by","sponsored_post_name":"","sponsored_post_url":"","sponsored_post_logo_enable":"0","sponsored_post_logo":"","sponsored_post_desc":"","disable_ad":"0"},"jnews_primary_category":{"id":"","hide":""},"jnews_social_meta":{"fb_title":"","fb_description":"","fb_image":"","twitter_title":"","twitter_description":"","twitter_image":""},"jnews_override_counter":{"override_view_counter":"0","view_counter_number":"0","override_share_counter":"0","share_counter_number":"0","override_like_counter":"0","like_counter_number":"0","override_dislike_counter":"0","dislike_counter_number":"0"},"footnotes":""},"categories":[3394],"tags":[20372,20368,7655,7654,20373,20371,1761,20375,20369,2241,20374,20370,7982],"class_list":["post-93632","post","type-post","status-publish","format-standard","has-post-thumbnail","hentry","category-eventos","tag-carina-casuscelli","tag-el-desmontaje","tag-festival-internacional-de-teatro-unipersonal-del-uruguay","tag-fituu","tag-itzhel-razo","tag-ivan-solarich","tag-jimena-marquez","tag-lisandro-rodriguez","tag-monologo-de-una-mujer-llamada-maria-con-su-patrona","tag-sala-hugo-balzo","tag-santiago-loza","tag-sara-barros-leitao","tag-valeria-lois"],"yoast_head":"<!-- This site is optimized with the Yoast SEO plugin v27.4 - https:\/\/yoast.com\/product\/yoast-seo-wordpress\/ -->\n<title>FITUU - Festival Internacional de Teatro Unipersonal del Uruguay - Cooltivarte Portal<\/title>\n<meta name=\"description\" content=\"El Festival Internacional de Teatro Unipersonal del Uruguay [FITUU] nace en 2006 a partir de la necesidad de un evento internacional para la convergencia de obras de teatro de formato unipersonal. Los a\u00f1os de trayectoria del festival han redefinido su propio valor.\" \/>\n<meta name=\"robots\" content=\"index, follow, max-snippet:-1, max-image-preview:large, max-video-preview:-1\" \/>\n<link rel=\"canonical\" href=\"https:\/\/cooltivarte.com\/portal\/fituu-festival-internacional-de-teatro-unipersonal-del-uruguay\/\" \/>\n<meta property=\"og:locale\" content=\"es_ES\" \/>\n<meta property=\"og:type\" content=\"article\" \/>\n<meta property=\"og:title\" content=\"FITUU - Festival Internacional de Teatro Unipersonal del Uruguay - 24 al 29 de octubre 2023 - Sala Hugo Balzo\" \/>\n<meta property=\"og:description\" content=\"El Festival Internacional de Teatro Unipersonal del Uruguay [FITUU] nace en 2006 a partir de la necesidad de un evento internacional para la convergencia de obras de teatro de formato unipersonal. Los a\u00f1os de trayectoria del festival han redefinido su propio valor.\" \/>\n<meta property=\"og:url\" content=\"https:\/\/cooltivarte.com\/portal\/fituu-festival-internacional-de-teatro-unipersonal-del-uruguay\/\" \/>\n<meta property=\"og:site_name\" content=\"Cooltivarte Portal\" \/>\n<meta property=\"article:publisher\" content=\"https:\/\/www.facebook.com\/cooltivartecom\/\" \/>\n<meta property=\"article:author\" content=\"https:\/\/www.facebook.com\/cooltivartecom\" \/>\n<meta property=\"article:published_time\" content=\"2023-09-25T22:36:25+00:00\" \/>\n<meta property=\"article:modified_time\" content=\"2023-09-25T22:44:55+00:00\" \/>\n<meta property=\"og:image\" content=\"https:\/\/cooltivarte.com\/portal\/wp-content\/uploads\/2023\/09\/fituu.jpg\" \/>\n\t<meta property=\"og:image:width\" content=\"1281\" \/>\n\t<meta property=\"og:image:height\" content=\"822\" \/>\n\t<meta property=\"og:image:type\" content=\"image\/jpeg\" \/>\n<meta name=\"author\" content=\"Cooltivarte\" \/>\n<meta name=\"twitter:card\" content=\"summary_large_image\" \/>\n<meta name=\"twitter:title\" content=\"FITUU - Festival Internacional de Teatro Unipersonal del Uruguay - 24 al 29 de octubre 2023 - Sala Hugo Balzo\" \/>\n<meta name=\"twitter:description\" content=\"El Festival Internacional de Teatro Unipersonal del Uruguay [FITUU] nace en 2006 a partir de la necesidad de un evento internacional para la convergencia de obras de teatro de formato unipersonal. Los a\u00f1os de trayectoria del festival han redefinido su propio valor.\" \/>\n<meta name=\"twitter:image\" content=\"https:\/\/cooltivarte.com\/portal\/wp-content\/uploads\/2023\/09\/fituu.jpg\" \/>\n<meta name=\"twitter:creator\" content=\"@https:\/\/x.com\/obolocultural\" \/>\n<meta name=\"twitter:site\" content=\"@obolocultural\" \/>\n<meta name=\"twitter:label1\" content=\"Escrito por\" \/>\n\t<meta name=\"twitter:data1\" content=\"Cooltivarte\" \/>\n\t<meta name=\"twitter:label2\" content=\"Tiempo de lectura\" \/>\n\t<meta name=\"twitter:data2\" content=\"6 minutos\" \/>\n<!-- \/ Yoast SEO plugin. -->","yoast_head_json":{"title":"FITUU - Festival Internacional de Teatro Unipersonal del Uruguay - Cooltivarte Portal","description":"El Festival Internacional de Teatro Unipersonal del Uruguay [FITUU] nace en 2006 a partir de la necesidad de un evento internacional para la convergencia de obras de teatro de formato unipersonal. Los a\u00f1os de trayectoria del festival han redefinido su propio valor.","robots":{"index":"index","follow":"follow","max-snippet":"max-snippet:-1","max-image-preview":"max-image-preview:large","max-video-preview":"max-video-preview:-1"},"canonical":"https:\/\/cooltivarte.com\/portal\/fituu-festival-internacional-de-teatro-unipersonal-del-uruguay\/","og_locale":"es_ES","og_type":"article","og_title":"FITUU - Festival Internacional de Teatro Unipersonal del Uruguay - 24 al 29 de octubre 2023 - Sala Hugo Balzo","og_description":"El Festival Internacional de Teatro Unipersonal del Uruguay [FITUU] nace en 2006 a partir de la necesidad de un evento internacional para la convergencia de obras de teatro de formato unipersonal. Los a\u00f1os de trayectoria del festival han redefinido su propio valor.","og_url":"https:\/\/cooltivarte.com\/portal\/fituu-festival-internacional-de-teatro-unipersonal-del-uruguay\/","og_site_name":"Cooltivarte Portal","article_publisher":"https:\/\/www.facebook.com\/cooltivartecom\/","article_author":"https:\/\/www.facebook.com\/cooltivartecom","article_published_time":"2023-09-25T22:36:25+00:00","article_modified_time":"2023-09-25T22:44:55+00:00","og_image":[{"width":1281,"height":822,"url":"https:\/\/cooltivarte.com\/portal\/wp-content\/uploads\/2023\/09\/fituu.jpg","type":"image\/jpeg"}],"author":"Cooltivarte","twitter_card":"summary_large_image","twitter_title":"FITUU - Festival Internacional de Teatro Unipersonal del Uruguay - 24 al 29 de octubre 2023 - Sala Hugo Balzo","twitter_description":"El Festival Internacional de Teatro Unipersonal del Uruguay [FITUU] nace en 2006 a partir de la necesidad de un evento internacional para la convergencia de obras de teatro de formato unipersonal. Los a\u00f1os de trayectoria del festival han redefinido su propio valor.","twitter_image":"https:\/\/cooltivarte.com\/portal\/wp-content\/uploads\/2023\/09\/fituu.jpg","twitter_creator":"@https:\/\/x.com\/obolocultural","twitter_site":"@obolocultural","twitter_misc":{"Escrito por":"Cooltivarte","Tiempo de lectura":"6 minutos"},"schema":{"@context":"https:\/\/schema.org","@graph":[{"@type":"NewsArticle","@id":"https:\/\/cooltivarte.com\/portal\/fituu-festival-internacional-de-teatro-unipersonal-del-uruguay\/#article","isPartOf":{"@id":"https:\/\/cooltivarte.com\/portal\/fituu-festival-internacional-de-teatro-unipersonal-del-uruguay\/"},"author":{"name":"Cooltivarte","@id":"https:\/\/cooltivarte.com\/portal\/#\/schema\/person\/ec2a4f4e71b740d0c559c0ab9a157e19"},"headline":"FITUU &#8211; Festival Internacional de Teatro Unipersonal del Uruguay","datePublished":"2023-09-25T22:36:25+00:00","dateModified":"2023-09-25T22:44:55+00:00","mainEntityOfPage":{"@id":"https:\/\/cooltivarte.com\/portal\/fituu-festival-internacional-de-teatro-unipersonal-del-uruguay\/"},"wordCount":1186,"publisher":{"@id":"https:\/\/cooltivarte.com\/portal\/#organization"},"image":{"@id":"https:\/\/cooltivarte.com\/portal\/fituu-festival-internacional-de-teatro-unipersonal-del-uruguay\/#primaryimage"},"thumbnailUrl":"https:\/\/cooltivarte.com\/portal\/wp-content\/uploads\/2023\/09\/fituu.jpg","keywords":["Carina Casuscelli","El desmontaje","Festival Internacional de Teatro Unipersonal del Uruguay","FITUU","Itzhel Razo","Ivan Solarich","Jimena M\u00e1rquez","Lisandro Rodr\u00edguez","Mon\u00f3logo de una mujer llamada Mar\u00eda con su patrona","Sala Hugo Balzo","Santiago Loza","Sara Barros Leit\u00e3o","Valeria Lois"],"articleSection":["Eventos"],"inLanguage":"es-AR"},{"@type":"WebPage","@id":"https:\/\/cooltivarte.com\/portal\/fituu-festival-internacional-de-teatro-unipersonal-del-uruguay\/","url":"https:\/\/cooltivarte.com\/portal\/fituu-festival-internacional-de-teatro-unipersonal-del-uruguay\/","name":"FITUU - Festival Internacional de Teatro Unipersonal del Uruguay - Cooltivarte Portal","isPartOf":{"@id":"https:\/\/cooltivarte.com\/portal\/#website"},"primaryImageOfPage":{"@id":"https:\/\/cooltivarte.com\/portal\/fituu-festival-internacional-de-teatro-unipersonal-del-uruguay\/#primaryimage"},"image":{"@id":"https:\/\/cooltivarte.com\/portal\/fituu-festival-internacional-de-teatro-unipersonal-del-uruguay\/#primaryimage"},"thumbnailUrl":"https:\/\/cooltivarte.com\/portal\/wp-content\/uploads\/2023\/09\/fituu.jpg","datePublished":"2023-09-25T22:36:25+00:00","dateModified":"2023-09-25T22:44:55+00:00","description":"El Festival Internacional de Teatro Unipersonal del Uruguay [FITUU] nace en 2006 a partir de la necesidad de un evento internacional para la convergencia de obras de teatro de formato unipersonal. Los a\u00f1os de trayectoria del festival han redefinido su propio valor.","breadcrumb":{"@id":"https:\/\/cooltivarte.com\/portal\/fituu-festival-internacional-de-teatro-unipersonal-del-uruguay\/#breadcrumb"},"inLanguage":"es-AR","potentialAction":[{"@type":"ReadAction","target":["https:\/\/cooltivarte.com\/portal\/fituu-festival-internacional-de-teatro-unipersonal-del-uruguay\/"]}]},{"@type":"ImageObject","inLanguage":"es-AR","@id":"https:\/\/cooltivarte.com\/portal\/fituu-festival-internacional-de-teatro-unipersonal-del-uruguay\/#primaryimage","url":"https:\/\/cooltivarte.com\/portal\/wp-content\/uploads\/2023\/09\/fituu.jpg","contentUrl":"https:\/\/cooltivarte.com\/portal\/wp-content\/uploads\/2023\/09\/fituu.jpg","width":1281,"height":822,"caption":"FITUU - Festival Internacional de Teatro Unipersonal del Uruguay"},{"@type":"BreadcrumbList","@id":"https:\/\/cooltivarte.com\/portal\/fituu-festival-internacional-de-teatro-unipersonal-del-uruguay\/#breadcrumb","itemListElement":[{"@type":"ListItem","position":1,"name":"Portada","item":"https:\/\/cooltivarte.com\/portal\/"},{"@type":"ListItem","position":2,"name":"FITUU &#8211; Festival Internacional de Teatro Unipersonal del Uruguay"}]},{"@type":"WebSite","@id":"https:\/\/cooltivarte.com\/portal\/#website","url":"https:\/\/cooltivarte.com\/portal\/","name":"Cooltivarte Portal","description":"Arte, cultura y turismo para el mundo ...","publisher":{"@id":"https:\/\/cooltivarte.com\/portal\/#organization"},"potentialAction":[{"@type":"SearchAction","target":{"@type":"EntryPoint","urlTemplate":"https:\/\/cooltivarte.com\/portal\/?s={search_term_string}"},"query-input":{"@type":"PropertyValueSpecification","valueRequired":true,"valueName":"search_term_string"}}],"inLanguage":"es-AR"},{"@type":"Organization","@id":"https:\/\/cooltivarte.com\/portal\/#organization","name":"cooltivarte","url":"https:\/\/cooltivarte.com\/portal\/","logo":{"@type":"ImageObject","inLanguage":"es-AR","@id":"https:\/\/cooltivarte.com\/portal\/#\/schema\/logo\/image\/","url":"https:\/\/cooltivarte.com\/portal\/wp-content\/uploads\/2020\/04\/logo-cooltivarte-v2.png","contentUrl":"https:\/\/cooltivarte.com\/portal\/wp-content\/uploads\/2020\/04\/logo-cooltivarte-v2.png","width":851,"height":243,"caption":"cooltivarte"},"image":{"@id":"https:\/\/cooltivarte.com\/portal\/#\/schema\/logo\/image\/"},"sameAs":["https:\/\/www.facebook.com\/cooltivartecom\/","https:\/\/x.com\/obolocultural","https:\/\/www.instagram.com\/_cooltivarte_\/","https:\/\/www.linkedin.com\/company\/-bolocultural?reportsuccess=8zaNG1HwhPbAR9iQhZ5rfGeqz_vQFftHun0ZWU0Wy9vNemRJ8vtcKdJvzQfW8XagyOJSKg0XvfJ1dp","https:\/\/www.pinterest.com\/cooltivarte\/","https:\/\/cooltivarte.tumblr.com\/","https:\/\/www.tiktok.com\/@cooltivarte","https:\/\/www.youtube.com\/@PrensaCooltivarte"]},{"@type":"Person","@id":"https:\/\/cooltivarte.com\/portal\/#\/schema\/person\/ec2a4f4e71b740d0c559c0ab9a157e19","name":"Cooltivarte","image":{"@type":"ImageObject","inLanguage":"es-AR","@id":"https:\/\/cooltivarte.com\/portal\/wp-content\/uploads\/2014\/05\/logo-cooltivarte-120x120.jpg","url":"https:\/\/cooltivarte.com\/portal\/wp-content\/uploads\/2014\/05\/logo-cooltivarte-120x120.jpg","contentUrl":"https:\/\/cooltivarte.com\/portal\/wp-content\/uploads\/2014\/05\/logo-cooltivarte-120x120.jpg","caption":"Cooltivarte"},"description":"Somos COOLTIVARTE.COM. Un portal digital dedicado a difundir el acontecer art\u00edstico y cultural del Uruguay. Estamos en la vuelta desde el a\u00f1o 2003, y como evoluci\u00f3n del bolet\u00edn Obolo Cultural, nos encontramos abocados a apoyar a los artistas nacionales brind\u00e1ndoles un espacio de difusi\u00f3n. Creemos en la idea de utilizar la potencialidad que hoy d\u00eda nos otorga la web, para que la cultura uruguaya y sus creadores dispongan de una din\u00e1mica ventana, que los ponga en contacto entre s\u00ed y con el mundo. Somos COOLTIVARTE.COM y pretendemos configurarnos como un portal din\u00e1mico, entretenido y atento a los nuevos emprendimientos, que busque siempre la interacci\u00f3n con los artistas.","sameAs":["http:\/\/www.cooltivarte.com","https:\/\/www.facebook.com\/cooltivartecom","https:\/\/www.instagram.com\/_cooltivarte_\/","https:\/\/www.linkedin.com\/company\/-bolocultural","https:\/\/www.pinterest.com\/cooltivarte\/","https:\/\/x.com\/https:\/\/x.com\/obolocultural","https:\/\/www.youtube.com\/@PrensaCooltivarte","https:\/\/www.tumblr.com\/blog\/cooltivarte"],"url":"https:\/\/cooltivarte.com\/portal\/author\/cooltivarte\/"}]}},"_links":{"self":[{"href":"https:\/\/cooltivarte.com\/portal\/wp-json\/wp\/v2\/posts\/93632","targetHints":{"allow":["GET"]}}],"collection":[{"href":"https:\/\/cooltivarte.com\/portal\/wp-json\/wp\/v2\/posts"}],"about":[{"href":"https:\/\/cooltivarte.com\/portal\/wp-json\/wp\/v2\/types\/post"}],"author":[{"embeddable":true,"href":"https:\/\/cooltivarte.com\/portal\/wp-json\/wp\/v2\/users\/8"}],"replies":[{"embeddable":true,"href":"https:\/\/cooltivarte.com\/portal\/wp-json\/wp\/v2\/comments?post=93632"}],"version-history":[{"count":6,"href":"https:\/\/cooltivarte.com\/portal\/wp-json\/wp\/v2\/posts\/93632\/revisions"}],"predecessor-version":[{"id":93639,"href":"https:\/\/cooltivarte.com\/portal\/wp-json\/wp\/v2\/posts\/93632\/revisions\/93639"}],"wp:featuredmedia":[{"embeddable":true,"href":"https:\/\/cooltivarte.com\/portal\/wp-json\/wp\/v2\/media\/93633"}],"wp:attachment":[{"href":"https:\/\/cooltivarte.com\/portal\/wp-json\/wp\/v2\/media?parent=93632"}],"wp:term":[{"taxonomy":"category","embeddable":true,"href":"https:\/\/cooltivarte.com\/portal\/wp-json\/wp\/v2\/categories?post=93632"},{"taxonomy":"post_tag","embeddable":true,"href":"https:\/\/cooltivarte.com\/portal\/wp-json\/wp\/v2\/tags?post=93632"}],"curies":[{"name":"wp","href":"https:\/\/api.w.org\/{rel}","templated":true}]}}