{"id":9320,"date":"2011-06-24T20:43:53","date_gmt":"2011-06-24T20:43:53","guid":{"rendered":"http:\/\/cooltivarte.com\/portal\/?p=9320"},"modified":"2017-04-24T00:02:42","modified_gmt":"2017-04-24T03:02:42","slug":"elian-stolarsky-artista%e2%80%8f-plastica","status":"publish","type":"post","link":"https:\/\/cooltivarte.com\/portal\/elian-stolarsky-artista%e2%80%8f-plastica\/","title":{"rendered":"Eli\u00e1n Stolarsky &#8211; Artista\u200f pl\u00e1stica"},"content":{"rendered":"<p style=\"text-align: justify;\"><strong>1-\u00bfCU\u00c1L ES TU PRINCIPAL MOTIVACI\u00d3N ART\u00cdSTICA?<\/strong><\/p>\n<p style=\"text-align: justify;\">La vida, crecer.<\/p>\n<p style=\"text-align: justify;\"><strong>2- NOMBRAME AL MENOS 3 REFERENTES ART\u00cdSTICOS INEVITABLES PARA TU CARRERA<\/strong><\/p>\n<p style=\"text-align: justify;\">\u00daltimamente descubr\u00ed a <strong>Rembrandt<\/strong> (que en mi opini\u00f3n, anda pisando suelo divino),<strong> Bacon<\/strong> (quien primero hace una asimilaci\u00f3n perfecta de otros grandes incluido Rembrandt, para luego generar su obra tan personal y visceral), <strong>Caravaggio, Durero, Picasso<\/strong> (que negocia incre\u00edblemente con Dios, el hombre, la mujer y el diablo), <strong>Bernini<\/strong>\u2026 hay tantos y tan buenos!<\/p>\n<p style=\"text-align: justify;\"><strong>3- \u00bfC\u00d3MO SE MANEJA UN ARTISTA PARA NO REPETIRSE Y SIEMPRE IRSE RENOVANDO?<\/strong><\/p>\n<p style=\"text-align: justify;\">Es la misma motivaci\u00f3n la que va mutando, por lo tanto, el simple e inexorable hecho de crecer hace que nunca podamos ser los mismos. Y por ende la obrasola, cambia. Aunque si hay sinceridad en lo que uno hace, creo que tambi\u00e9n hay algo que se mantiene, pero no lo llamar\u00eda repetici\u00f3n, identidad tal vez, o quiz\u00e1 esa tampoco es la palabra correcta.<\/p>\n<p style=\"text-align: justify;\"><strong>4- UNA MEDIDA CONCRETA QUE AL ESTADO LE FALTA PARA APOYAR LA CULTURA\u2026<\/strong><\/p>\n<p style=\"text-align: justify;\">Creer realmente que la cultura es del pueblo y que a trav\u00e9s de ella se llega al mismo. Por lo tanto realmente entender que las cosas no pueden hacerse a medias. Y hay que pensar y hacer para eso. Que desde las universidades se ense\u00f1e de esta forma. Desde la escuela ya, crear consciencia y seriedad. Falta un cambio en la educaci\u00f3n- que va m\u00e1s all\u00e1 y deber\u00eda empezar incluso antes, de un bachillerato art\u00edstico-, pero claro est\u00e1 que no solo en pos de la cultura hay carencias educativas\u2026<\/p>\n<p style=\"text-align: justify;\"><strong>5-\u00bfNOS RECOMEND\u00c1S UNA PEL\u00cdCULA, UN DISCO Y UN LIBRO?<\/strong><\/p>\n<p style=\"text-align: justify;\">Una pel\u00edcula: <strong>Zerkalo de Tarkovsky<\/strong>,<\/p>\n<p style=\"text-align: justify;\">un disco: <strong>Viveza de <a href=\"https:\/\/cooltivarte.com\/portal\/?s=Fernando+Cabrera\">Fernando Cabrera<\/a>, o Bardo<\/strong>,<\/p>\n<p style=\"text-align: justify;\">y un libro: (esta respuesta no conviene tenerla en cuenta porque no logro terminar la mayor\u00eda de los libros que empiezo) <strong>Las Hortensias, de Felisberto Hern\u00e1ndez<\/strong><\/p>\n<p style=\"text-align: justify;\"><strong>6-\u00bfVOLV\u00c9S SOBRE TUS PROPIAS CREACIONES O PRESENTACIONES? TE INTERESA CORREGIRLAS? RECREARLAS?<\/strong><\/p>\n<p style=\"text-align: justify;\">No, pero no descarto la posibilidad de que en un futuro si lo haga. Ahora me sucede que revisar lo hecho hace a\u00f1os me enriquece, pero volver sobre el pasado, sobre ello, no me lleva a ning\u00fan lado, me estanca.<\/p>\n<p style=\"text-align: justify;\"><strong>7- EN URUGUAY \u00bfSOBRAN ARTISTAS O FALTA P\u00daBLICO?<\/strong><\/p>\n<p style=\"text-align: justify;\">Me permito responder esta pregunta desde un \u00e1ngulo distinto. En cuanto a los artistas, falta consciencia, tradici\u00f3n, tener los pies sobre la tierra no a la hora de crear sino para saber en d\u00f3nde, con qui\u00e9nes estamos y en qu\u00e9 contexto. Faltan lugares de intercambio entre los artistas, real intercambio donde el ego que cela se deje de la puerta para afuera. Al p\u00fablico le falta lo contrario, dejar de pensar como masa, involucrarse como individuos al hecho\/obra\/evento art\u00edstico.<\/p>\n<p style=\"text-align: justify;\"><strong>8-\u00bfC\u00d3MO POTENCIAR\u00cdAS LA GESTI\u00d3N CULTURAL EN EL URUGUAY?<\/strong><\/p>\n<p style=\"text-align: justify;\">Que ya desde el jard\u00edn, y en las escuelas se le dedique tiempo prudencial a otorgarles a los ni\u00f1os muchas herramientas para que se desarrollen como personas, para que puedan expresar sus emociones, para que sean mas libres. Que no sea una actividad extra curricular ense\u00f1ar teatro, pl\u00e1stica, escritura creativa y danza, porque cada una de estas disciplinas implica la asimilaci\u00f3n de valores fundamentales como el respeto por el otro, por el propio cuerpo y el ajeno, a la vez de estar ampliando la cantidad de lenguajes posibles. generando as\u00ed una mayor capacidad de comprensi\u00f3n. Cuantos m\u00e1s lenguajes pueden usarse, m\u00e1s se puede aprehender del otro. Ense\u00f1ar lo maravilloso que es crear y no destruir, dar las herramientas para que cada individuo pueda conocerse a s\u00ed mismo, y desde esa amplitud, pueda tambi\u00e9n conocer al otro<\/p>\n<p style=\"text-align: justify;\"><strong>9-\u00bfCONSIDER\u00c1S QUE AC\u00c1 LA CULTURA EST\u00c1 ADECUADAMENTE DIFUNDIDA?<\/strong><\/p>\n<p style=\"text-align: justify;\">No. Falta consciencia por parte de los medios publicitarios, prensa de la importancia de la buena difusi\u00f3n cultural, que va mucho m\u00e1s all\u00e1 de una suma y un apellido reiterado.<\/p>\n<p style=\"text-align: justify;\"><strong>10-\u00bfQU\u00c9 LE AGREGAR\u00cdAS A LA MOVIDA CULTURAL URUGUAYA?<\/strong><\/p>\n<p style=\"text-align: justify;\">Espacios de encuentro entre las diferentes disciplinas art\u00edsticas, incluso dentro de cada rama y no para un grupo selecto. Promovido desde el Estado y no solo por iniciativa de particulares.<\/p>\n<p style=\"text-align: justify;\"><a href=\"https:\/\/cooltivarte.com\/portal\/?s=Eli%C3%A1n+Stolarsky\"><strong>Eli\u00e1n Stolarsky<\/strong><\/a> ya desde ni\u00f1a estuvo involucrada con lo art\u00edstico. Es as\u00ed que concurri\u00f3 al <strong>taller de cer\u00e1mica<\/strong> de <strong>Mayerling Wolf<\/strong> y al de <strong>expresi\u00f3n Pl\u00e1stica<\/strong> de <strong>Teresa Gilli<\/strong> y <a href=\"https:\/\/cooltivarte.com\/portal\/?s=Claudia+Anselmi\"><strong>Claudia Anselmi<\/strong><\/a>.<\/p>\n<p style=\"text-align: justify;\">Estudi\u00f3 tambi\u00e9n en el <strong>taller de caricaturas e historietas<\/strong> de <strong><a href=\"https:\/\/cooltivarte.com\/portal\/?s=Ferm%C3%ADn+Hontou\">Ferm\u00edn Hontou<\/a> (Omb\u00fa)<\/strong> y <a href=\"https:\/\/cooltivarte.com\/portal\/?s=Tunda+Prada\"><strong>Tunda Prada<\/strong><\/a>, concurri\u00f3 al <strong>espacio de esculturas<\/strong> de <strong>Hebert Mendiz\u00e1bal<\/strong> y realiz\u00f3 estudios en el <strong>taller de cuerpo humano de dibujo al natural<\/strong> con <strong>Esteban Smerdiner<\/strong>. Se recibi\u00f3 como animadora profesional en <strong>Animation Campus<\/strong>. Ha realizado el dise\u00f1o y concreci\u00f3n de escenograf\u00edas para espect\u00e1culos de danza y teatro.<\/p>\n<p style=\"text-align: justify;\">Realiza el workshop internacional de direcci\u00f3n de arte dictado por<strong> Cristina Nigro<\/strong>, y de animaci\u00f3n con <strong>Manuel Cuchilla<\/strong>. Toma clases de flamenco con <strong>Adriana Puoy<\/strong> y<strong> Cecilia Sarasola<\/strong>. Es convocada para dar una charla en el <strong>Centro de Dise\u00f1o Industrial<\/strong> acerca de su<strong> obra pl\u00e1stica<\/strong>. Trabaja como ilustradora, escen\u00f3grafa y animadora freelance. Estudia <strong>grabado<\/strong> con el <strong>Maestro Edgardo Flores<\/strong>.<\/p>\n<p>&nbsp;<\/p>\n<p style=\"text-align: justify;\">[sam id=&#8221;21&#8243; name=&#8221;notas y articulos&#8221; codes=&#8221;true&#8221;]<\/p>\n<p>&nbsp;<\/p>\n","protected":false},"excerpt":{"rendered":"<p>1-\u00bfCU\u00c1L ES TU PRINCIPAL MOTIVACI\u00d3N ART\u00cdSTICA? La vida, crecer. 2- NOMBRAME AL MENOS 3 REFERENTES ART\u00cdSTICOS INEVITABLES PARA TU CARRERA \u00daltimamente descubr\u00ed a Rembrandt (que en mi opini\u00f3n, anda pisando suelo divino), Bacon (quien primero hace una asimilaci\u00f3n perfecta de otros grandes incluido Rembrandt, para luego generar su obra tan personal y visceral), Caravaggio, Durero, [&hellip;]<\/p>\n","protected":false},"author":8,"featured_media":9321,"comment_status":"closed","ping_status":"closed","sticky":false,"template":"","format":"standard","meta":{"om_disable_all_campaigns":false,"ngg_post_thumbnail":0,"jnews-multi-image_gallery":[],"jnews_single_post":[],"jnews_primary_category":[],"jnews_social_meta":[],"jnews_override_counter":[],"footnotes":""},"categories":[58],"tags":[84,408,142,413],"class_list":["post-9320","post","type-post","status-publish","format-standard","has-post-thumbnail","hentry","category-miscelanea","tag-arte","tag-artes-visuales","tag-artista-visual","tag-bellas-artes"],"yoast_head":"<!-- This site is optimized with the Yoast SEO plugin v27.4 - https:\/\/yoast.com\/product\/yoast-seo-wordpress\/ -->\n<title>Eli\u00e1n Stolarsky - Artista\u200f pl\u00e1stica - Cooltivarte Portal<\/title>\n<meta name=\"description\" content=\"COOLTIVARTE.COM es un portal digital colaborativo de actualizaci\u00f3n permanente dedicado a difundir el acontecer art\u00edstico y cultural, entrevista artistas, gestores y productores de las diferentes disciplinas del arte, y publicando art\u00edculos de reflexi\u00f3n de producci\u00f3n propia sobre los elementos culturales.\" \/>\n<meta name=\"robots\" content=\"index, follow, max-snippet:-1, max-image-preview:large, max-video-preview:-1\" \/>\n<link rel=\"canonical\" href=\"https:\/\/cooltivarte.com\/portal\/elian-stolarsky-artista\u200f-plastica\/\" \/>\n<meta property=\"og:locale\" content=\"es_ES\" \/>\n<meta property=\"og:type\" content=\"article\" \/>\n<meta property=\"og:title\" content=\"Eli\u00e1n Stolarsky - Artista\u200f pl\u00e1stica - Cooltivarte Portal\" \/>\n<meta property=\"og:description\" content=\"COOLTIVARTE.COM es un portal digital colaborativo de actualizaci\u00f3n permanente dedicado a difundir el acontecer art\u00edstico y cultural, entrevista artistas, gestores y productores de las diferentes disciplinas del arte, y publicando art\u00edculos de reflexi\u00f3n de producci\u00f3n propia sobre los elementos culturales.\" \/>\n<meta property=\"og:url\" content=\"https:\/\/cooltivarte.com\/portal\/elian-stolarsky-artista\u200f-plastica\/\" \/>\n<meta property=\"og:site_name\" content=\"Cooltivarte Portal\" \/>\n<meta property=\"article:publisher\" content=\"https:\/\/www.facebook.com\/cooltivartecom\/\" \/>\n<meta property=\"article:author\" content=\"https:\/\/www.facebook.com\/cooltivartecom\" \/>\n<meta property=\"article:published_time\" content=\"2011-06-24T20:43:53+00:00\" \/>\n<meta property=\"article:modified_time\" content=\"2017-04-24T03:02:42+00:00\" \/>\n<meta property=\"og:image\" content=\"https:\/\/cooltivarte.com\/portal\/wp-content\/uploads\/2014\/11\/Elian_Stolarsky_Artista_plastica.jpg\" \/>\n\t<meta property=\"og:image:width\" content=\"400\" \/>\n\t<meta property=\"og:image:height\" content=\"300\" \/>\n\t<meta property=\"og:image:type\" content=\"image\/jpeg\" \/>\n<meta name=\"author\" content=\"Cooltivarte\" \/>\n<meta name=\"twitter:card\" content=\"summary_large_image\" \/>\n<meta name=\"twitter:creator\" content=\"@https:\/\/x.com\/obolocultural\" \/>\n<meta name=\"twitter:site\" content=\"@obolocultural\" \/>\n<meta name=\"twitter:label1\" content=\"Escrito por\" \/>\n\t<meta name=\"twitter:data1\" content=\"Cooltivarte\" \/>\n\t<meta name=\"twitter:label2\" content=\"Tiempo de lectura\" \/>\n\t<meta name=\"twitter:data2\" content=\"4 minutos\" \/>\n<!-- \/ Yoast SEO plugin. -->","yoast_head_json":{"title":"Eli\u00e1n Stolarsky - Artista\u200f pl\u00e1stica - Cooltivarte Portal","description":"COOLTIVARTE.COM es un portal digital colaborativo de actualizaci\u00f3n permanente dedicado a difundir el acontecer art\u00edstico y cultural, entrevista artistas, gestores y productores de las diferentes disciplinas del arte, y publicando art\u00edculos de reflexi\u00f3n de producci\u00f3n propia sobre los elementos culturales.","robots":{"index":"index","follow":"follow","max-snippet":"max-snippet:-1","max-image-preview":"max-image-preview:large","max-video-preview":"max-video-preview:-1"},"canonical":"https:\/\/cooltivarte.com\/portal\/elian-stolarsky-artista\u200f-plastica\/","og_locale":"es_ES","og_type":"article","og_title":"Eli\u00e1n Stolarsky - Artista\u200f pl\u00e1stica - Cooltivarte Portal","og_description":"COOLTIVARTE.COM es un portal digital colaborativo de actualizaci\u00f3n permanente dedicado a difundir el acontecer art\u00edstico y cultural, entrevista artistas, gestores y productores de las diferentes disciplinas del arte, y publicando art\u00edculos de reflexi\u00f3n de producci\u00f3n propia sobre los elementos culturales.","og_url":"https:\/\/cooltivarte.com\/portal\/elian-stolarsky-artista\u200f-plastica\/","og_site_name":"Cooltivarte Portal","article_publisher":"https:\/\/www.facebook.com\/cooltivartecom\/","article_author":"https:\/\/www.facebook.com\/cooltivartecom","article_published_time":"2011-06-24T20:43:53+00:00","article_modified_time":"2017-04-24T03:02:42+00:00","og_image":[{"width":400,"height":300,"url":"https:\/\/cooltivarte.com\/portal\/wp-content\/uploads\/2014\/11\/Elian_Stolarsky_Artista_plastica.jpg","type":"image\/jpeg"}],"author":"Cooltivarte","twitter_card":"summary_large_image","twitter_creator":"@https:\/\/x.com\/obolocultural","twitter_site":"@obolocultural","twitter_misc":{"Escrito por":"Cooltivarte","Tiempo de lectura":"4 minutos"},"schema":{"@context":"https:\/\/schema.org","@graph":[{"@type":"NewsArticle","@id":"https:\/\/cooltivarte.com\/portal\/elian-stolarsky-artista%e2%80%8f-plastica\/#article","isPartOf":{"@id":"https:\/\/cooltivarte.com\/portal\/elian-stolarsky-artista%e2%80%8f-plastica\/"},"author":{"name":"Cooltivarte","@id":"https:\/\/cooltivarte.com\/portal\/#\/schema\/person\/ec2a4f4e71b740d0c559c0ab9a157e19"},"headline":"Eli\u00e1n Stolarsky &#8211; Artista\u200f pl\u00e1stica","datePublished":"2011-06-24T20:43:53+00:00","dateModified":"2017-04-24T03:02:42+00:00","mainEntityOfPage":{"@id":"https:\/\/cooltivarte.com\/portal\/elian-stolarsky-artista%e2%80%8f-plastica\/"},"wordCount":904,"publisher":{"@id":"https:\/\/cooltivarte.com\/portal\/#organization"},"image":{"@id":"https:\/\/cooltivarte.com\/portal\/elian-stolarsky-artista%e2%80%8f-plastica\/#primaryimage"},"thumbnailUrl":"https:\/\/cooltivarte.com\/portal\/wp-content\/uploads\/2014\/11\/Elian_Stolarsky_Artista_plastica.jpg","keywords":["Arte","Artes Visuales","Artista Visual","Bellas Artes"],"articleSection":["Miscel\u00e1nea"],"inLanguage":"es-AR"},{"@type":"WebPage","@id":"https:\/\/cooltivarte.com\/portal\/elian-stolarsky-artista%e2%80%8f-plastica\/","url":"https:\/\/cooltivarte.com\/portal\/elian-stolarsky-artista%e2%80%8f-plastica\/","name":"Eli\u00e1n Stolarsky - Artista\u200f pl\u00e1stica - Cooltivarte Portal","isPartOf":{"@id":"https:\/\/cooltivarte.com\/portal\/#website"},"primaryImageOfPage":{"@id":"https:\/\/cooltivarte.com\/portal\/elian-stolarsky-artista%e2%80%8f-plastica\/#primaryimage"},"image":{"@id":"https:\/\/cooltivarte.com\/portal\/elian-stolarsky-artista%e2%80%8f-plastica\/#primaryimage"},"thumbnailUrl":"https:\/\/cooltivarte.com\/portal\/wp-content\/uploads\/2014\/11\/Elian_Stolarsky_Artista_plastica.jpg","datePublished":"2011-06-24T20:43:53+00:00","dateModified":"2017-04-24T03:02:42+00:00","description":"COOLTIVARTE.COM es un portal digital colaborativo de actualizaci\u00f3n permanente dedicado a difundir el acontecer art\u00edstico y cultural, entrevista artistas, gestores y productores de las diferentes disciplinas del arte, y publicando art\u00edculos de reflexi\u00f3n de producci\u00f3n propia sobre los elementos culturales.","breadcrumb":{"@id":"https:\/\/cooltivarte.com\/portal\/elian-stolarsky-artista%e2%80%8f-plastica\/#breadcrumb"},"inLanguage":"es-AR","potentialAction":[{"@type":"ReadAction","target":["https:\/\/cooltivarte.com\/portal\/elian-stolarsky-artista%e2%80%8f-plastica\/"]}]},{"@type":"ImageObject","inLanguage":"es-AR","@id":"https:\/\/cooltivarte.com\/portal\/elian-stolarsky-artista%e2%80%8f-plastica\/#primaryimage","url":"https:\/\/cooltivarte.com\/portal\/wp-content\/uploads\/2014\/11\/Elian_Stolarsky_Artista_plastica.jpg","contentUrl":"https:\/\/cooltivarte.com\/portal\/wp-content\/uploads\/2014\/11\/Elian_Stolarsky_Artista_plastica.jpg","width":400,"height":300,"caption":"imagen - Foto: http:\/\/stolarsky.blogspot.com\/"},{"@type":"BreadcrumbList","@id":"https:\/\/cooltivarte.com\/portal\/elian-stolarsky-artista%e2%80%8f-plastica\/#breadcrumb","itemListElement":[{"@type":"ListItem","position":1,"name":"Portada","item":"https:\/\/cooltivarte.com\/portal\/"},{"@type":"ListItem","position":2,"name":"Eli\u00e1n Stolarsky &#8211; Artista\u200f pl\u00e1stica"}]},{"@type":"WebSite","@id":"https:\/\/cooltivarte.com\/portal\/#website","url":"https:\/\/cooltivarte.com\/portal\/","name":"Cooltivarte Portal","description":"Arte, cultura y turismo para el mundo ...","publisher":{"@id":"https:\/\/cooltivarte.com\/portal\/#organization"},"potentialAction":[{"@type":"SearchAction","target":{"@type":"EntryPoint","urlTemplate":"https:\/\/cooltivarte.com\/portal\/?s={search_term_string}"},"query-input":{"@type":"PropertyValueSpecification","valueRequired":true,"valueName":"search_term_string"}}],"inLanguage":"es-AR"},{"@type":"Organization","@id":"https:\/\/cooltivarte.com\/portal\/#organization","name":"cooltivarte","url":"https:\/\/cooltivarte.com\/portal\/","logo":{"@type":"ImageObject","inLanguage":"es-AR","@id":"https:\/\/cooltivarte.com\/portal\/#\/schema\/logo\/image\/","url":"https:\/\/cooltivarte.com\/portal\/wp-content\/uploads\/2020\/04\/logo-cooltivarte-v2.png","contentUrl":"https:\/\/cooltivarte.com\/portal\/wp-content\/uploads\/2020\/04\/logo-cooltivarte-v2.png","width":851,"height":243,"caption":"cooltivarte"},"image":{"@id":"https:\/\/cooltivarte.com\/portal\/#\/schema\/logo\/image\/"},"sameAs":["https:\/\/www.facebook.com\/cooltivartecom\/","https:\/\/x.com\/obolocultural","https:\/\/www.instagram.com\/_cooltivarte_\/","https:\/\/www.linkedin.com\/company\/-bolocultural?reportsuccess=8zaNG1HwhPbAR9iQhZ5rfGeqz_vQFftHun0ZWU0Wy9vNemRJ8vtcKdJvzQfW8XagyOJSKg0XvfJ1dp","https:\/\/www.pinterest.com\/cooltivarte\/","https:\/\/cooltivarte.tumblr.com\/","https:\/\/www.tiktok.com\/@cooltivarte","https:\/\/www.youtube.com\/@PrensaCooltivarte"]},{"@type":"Person","@id":"https:\/\/cooltivarte.com\/portal\/#\/schema\/person\/ec2a4f4e71b740d0c559c0ab9a157e19","name":"Cooltivarte","image":{"@type":"ImageObject","inLanguage":"es-AR","@id":"https:\/\/cooltivarte.com\/portal\/wp-content\/uploads\/2014\/05\/logo-cooltivarte-120x120.jpg","url":"https:\/\/cooltivarte.com\/portal\/wp-content\/uploads\/2014\/05\/logo-cooltivarte-120x120.jpg","contentUrl":"https:\/\/cooltivarte.com\/portal\/wp-content\/uploads\/2014\/05\/logo-cooltivarte-120x120.jpg","caption":"Cooltivarte"},"description":"Somos COOLTIVARTE.COM. Un portal digital dedicado a difundir el acontecer art\u00edstico y cultural del Uruguay. Estamos en la vuelta desde el a\u00f1o 2003, y como evoluci\u00f3n del bolet\u00edn Obolo Cultural, nos encontramos abocados a apoyar a los artistas nacionales brind\u00e1ndoles un espacio de difusi\u00f3n. Creemos en la idea de utilizar la potencialidad que hoy d\u00eda nos otorga la web, para que la cultura uruguaya y sus creadores dispongan de una din\u00e1mica ventana, que los ponga en contacto entre s\u00ed y con el mundo. Somos COOLTIVARTE.COM y pretendemos configurarnos como un portal din\u00e1mico, entretenido y atento a los nuevos emprendimientos, que busque siempre la interacci\u00f3n con los artistas.","sameAs":["http:\/\/www.cooltivarte.com","https:\/\/www.facebook.com\/cooltivartecom","https:\/\/www.instagram.com\/_cooltivarte_\/","https:\/\/www.linkedin.com\/company\/-bolocultural","https:\/\/www.pinterest.com\/cooltivarte\/","https:\/\/x.com\/https:\/\/x.com\/obolocultural","https:\/\/www.youtube.com\/@PrensaCooltivarte","https:\/\/www.tumblr.com\/blog\/cooltivarte"],"url":"https:\/\/cooltivarte.com\/portal\/author\/cooltivarte\/"}]}},"_links":{"self":[{"href":"https:\/\/cooltivarte.com\/portal\/wp-json\/wp\/v2\/posts\/9320","targetHints":{"allow":["GET"]}}],"collection":[{"href":"https:\/\/cooltivarte.com\/portal\/wp-json\/wp\/v2\/posts"}],"about":[{"href":"https:\/\/cooltivarte.com\/portal\/wp-json\/wp\/v2\/types\/post"}],"author":[{"embeddable":true,"href":"https:\/\/cooltivarte.com\/portal\/wp-json\/wp\/v2\/users\/8"}],"replies":[{"embeddable":true,"href":"https:\/\/cooltivarte.com\/portal\/wp-json\/wp\/v2\/comments?post=9320"}],"version-history":[{"count":5,"href":"https:\/\/cooltivarte.com\/portal\/wp-json\/wp\/v2\/posts\/9320\/revisions"}],"predecessor-version":[{"id":28423,"href":"https:\/\/cooltivarte.com\/portal\/wp-json\/wp\/v2\/posts\/9320\/revisions\/28423"}],"wp:featuredmedia":[{"embeddable":true,"href":"https:\/\/cooltivarte.com\/portal\/wp-json\/wp\/v2\/media\/9321"}],"wp:attachment":[{"href":"https:\/\/cooltivarte.com\/portal\/wp-json\/wp\/v2\/media?parent=9320"}],"wp:term":[{"taxonomy":"category","embeddable":true,"href":"https:\/\/cooltivarte.com\/portal\/wp-json\/wp\/v2\/categories?post=9320"},{"taxonomy":"post_tag","embeddable":true,"href":"https:\/\/cooltivarte.com\/portal\/wp-json\/wp\/v2\/tags?post=9320"}],"curies":[{"name":"wp","href":"https:\/\/api.w.org\/{rel}","templated":true}]}}