{"id":92284,"date":"2023-08-03T09:41:31","date_gmt":"2023-08-03T12:41:31","guid":{"rendered":"https:\/\/cooltivarte.com\/portal\/?p=92284"},"modified":"2023-08-12T13:01:49","modified_gmt":"2023-08-12T16:01:49","slug":"el-grito-y-la-voz-15-anos-de-milongas-extremas","status":"publish","type":"post","link":"https:\/\/cooltivarte.com\/portal\/el-grito-y-la-voz-15-anos-de-milongas-extremas\/","title":{"rendered":"El grito y la voz &#8211; 15 a\u00f1os de Milongas Extremas"},"content":{"rendered":"<figure id=\"attachment_92479\" aria-describedby=\"caption-attachment-92479\" style=\"width: 1024px\" class=\"wp-caption aligncenter\"><img fetchpriority=\"high\" decoding=\"async\" class=\"wp-image-92479 size-large\" title=\"Milongas Extremas - Sala Zitarrosa 1 Agosto 2023 - Foto - Aiko Melody Gabrielle\" src=\"https:\/\/cooltivarte.com\/portal\/wp-content\/uploads\/2023\/08\/Milongas-Extremas-Sala-Zitarrosa-1-Agosto-2023-Foto-Aiko-Melody-Gabrielle-1024x683.jpg\" alt=\"Milongas Extremas - Sala Zitarrosa 1 Agosto 2023 - Foto - Aiko Melody Gabrielle\" width=\"1024\" height=\"683\" srcset=\"https:\/\/cooltivarte.com\/portal\/wp-content\/uploads\/2023\/08\/Milongas-Extremas-Sala-Zitarrosa-1-Agosto-2023-Foto-Aiko-Melody-Gabrielle-1024x683.jpg 1024w, https:\/\/cooltivarte.com\/portal\/wp-content\/uploads\/2023\/08\/Milongas-Extremas-Sala-Zitarrosa-1-Agosto-2023-Foto-Aiko-Melody-Gabrielle-300x200.jpg 300w, https:\/\/cooltivarte.com\/portal\/wp-content\/uploads\/2023\/08\/Milongas-Extremas-Sala-Zitarrosa-1-Agosto-2023-Foto-Aiko-Melody-Gabrielle-768x512.jpg 768w, https:\/\/cooltivarte.com\/portal\/wp-content\/uploads\/2023\/08\/Milongas-Extremas-Sala-Zitarrosa-1-Agosto-2023-Foto-Aiko-Melody-Gabrielle-1536x1024.jpg 1536w, https:\/\/cooltivarte.com\/portal\/wp-content\/uploads\/2023\/08\/Milongas-Extremas-Sala-Zitarrosa-1-Agosto-2023-Foto-Aiko-Melody-Gabrielle.jpg 2048w\" sizes=\"(max-width: 1024px) 100vw, 1024px\" \/><figcaption id=\"caption-attachment-92479\" class=\"wp-caption-text\">Milongas Extremas &#8211; Sala Zitarrosa 1 Agosto 2023 &#8211; Foto &#8211; Aiko Melody Gabrielle<\/figcaption><\/figure>\n<p>\u00a1Gran noche de festejo de las <a href=\"https:\/\/salazitarrosa.montevideo.gub.uy\/espectaculo\/milongas-extremas-ciclo-volve-a-tu-casa\/\" target=\"_blank\" rel=\"noopener\"><em>Milongas Extremas<\/em> en la Sala Zitarrosa<\/a>! La del martes fue la primera de las cuatro, que desde el 1\u00b0 al 4 de agosto 2023, tiene a la banda celebrando sus 15 a\u00f1os de existencia.<\/p>\n<p><a href=\"https:\/\/cooltivarte.com\/portal\/?s=Milongas+Extremas\" target=\"_blank\" rel=\"noopener\"><strong><em>Milongas Extremas<\/em><\/strong><\/a> es una banda hecha a la medida del show en vivo y una vez m\u00e1s se despach\u00f3 con toda su energ\u00eda, a plenos punteos, p\u00faas afiladas y maderas ralladas en las guitarras.<\/p>\n<p>Ya hace tiempo, luego del comienzo donde milongueaba versiones de Extremoduro, esta banda defini\u00f3 un estilo muy propio, una identidad musical particular en la escena musical uruguaya. Y a trav\u00e9s de sus discos (<em>Milongas Extremas, T\u00e9mpano y El Mismo Cielo<\/em>) se fue renovando, y buscando nuevos horizontes en materia de sonidos. Toda esta sana evoluci\u00f3n quedo manifiesta en el espect\u00e1culo al que llamaron&nbsp; &#8220;El grito y la voz&#8221;, para festejar quince a\u00f1os de m\u00fasica y comuni\u00f3n con sus seguidores. Seguidores que ya se cuentan de a cientos y fueron se fueron sumando poco a poco, a trav\u00e9s de pubs, toques callejeros, peque\u00f1os boliches, giras de verano y mucho boca a boca.<\/p>\n<p><em>Milongas<\/em> siempre se destac\u00f3 por sus arreglos, por su energ\u00eda y puesta en escena, pero quiz\u00e1 su mayor crecimiento en estos a\u00f1os se ha dado a nivel vocal. Todos cantan y bien, cada cual con su estilo y su impronta, y sin embargo nuncan deja de ser Milongas Extremas. En este show adem\u00e1s, se sumaron en varias oportunidades las dulces voces de los integrantes de la banda amiga de &#8220;Lo Yuyitos&#8221;, con destaque de <strong>Lule<\/strong> y <strong>Mauro Hern\u00e1ndez<\/strong> que sumaron much\u00edsimo a varios cl\u00e1sicos; y las de las invitadas <strong><a href=\"https:\/\/cooltivarte.com\/portal\/?s=Agustina+Garc%C3%ADa\" target=\"_blank\" rel=\"noopener\">Agustina Garc\u00eda<\/a><\/strong>, de 4 Pesos de Propina, y <a href=\"https:\/\/cooltivarte.com\/portal\/?s=Pamela+Cattani\" target=\"_blank\" rel=\"noopener\"><strong>Pamela Cattani<\/strong><\/a>, de La Tabar\u00e9.<\/p>\n<p><em>Milongas Extremas<\/em> son hoy d\u00eda el quintento compuesto por <strong>Pablo &#8220;Paio&#8221; Pi\u00f1eyro<\/strong>, <strong>Mat\u00edas Rodr\u00edguez<\/strong>, <strong>Santiago Mart\u00ednez<\/strong>, <strong>Francisco Stareczek<\/strong> y el bajista <strong>Camilo &#8220;Piquela&#8221; Gramoso<\/strong>. Todos en cuerdas y todos tambi\u00e9n en voces. Todos con espacio para destacarse, aunque&nbsp; lo principal sea siempre lo colectivo.<\/p>\n<p>La primera noche de <em>El Grito y la Voz<\/em> fue creciendo, germinando, leudando ser\u00eda la palabra justa. Se gestaron momentos de ternura con canciones como<em> La Tibieza<\/em>, de humor con la impensada aparici\u00f3n del <strong><a href=\"https:\/\/cooltivarte.com\/portal\/?s=Moncho+Licio\" target=\"_blank\" rel=\"noopener\">Moncho Licio<\/a><\/strong> rese\u00f1ando la historia con su estilo, pasaron invitados queridos por la banda y emotivos homenajes (como la grata versi\u00f3n de la canci\u00f3n <em>Final<\/em> de <strong><a href=\"https:\/\/cooltivarte.com\/portal\/?s=Eduardo+Darnauchans\" target=\"_blank\" rel=\"noopener\">Eduardo Darnauchans<\/a><\/strong> interpretada junto a <a href=\"https:\/\/cooltivarte.com\/portal\/?s=Tabar%C3%A9+Rivero\" target=\"_blank\" rel=\"noopener\"><strong>Tabar\u00e9 Rivero<\/strong><\/a> y<strong> Pamela Cattani<\/strong>). Pasaron por el folcklore y por el rock m\u00e1s directo, como para no olvidarse ni de Zitarrosa (cantando <em>Nene Patudo<\/em>) ni de las versiones de <a href=\"https:\/\/cooltivarte.com\/portal\/?s=Extremoduro\" target=\"_blank\" rel=\"noopener\">Extremoduro<\/a> (como So Payaso) que los fueron curtiendo como banda.<\/p>\n<p><em>Milongas Extremas<\/em> termin\u00f3 un show con todo el p\u00fablico de pie y metidos en su bolsillo, desperdigando una m\u00fasica y una energ\u00eda envidiables. No se pierdan a<em> Milongas Extremas<\/em>, escuchen sus discos y est\u00e9n atentos, pero sobre todo, disfrutenlos en vivo. Una experiencia que no van a olvidar.<\/p>\n<p>&nbsp;<\/p>\n<p>&nbsp;<\/p>\n<h3><a href=\"https:\/\/www.facebook.com\/media\/set\/?set=a.786509383512923&amp;type=3\" target=\"_blank\" rel=\"noopener\">Ir a la fotogaler\u00eda<\/a><\/h3>\n<p><iframe style=\"border: none; overflow: hidden;\" src=\"https:\/\/www.facebook.com\/plugins\/post.php?href=https%3A%2F%2Fwww.facebook.com%2Fmedia%2Fset%2F%3Fset%3Da.786509383512923%26type%3D3&amp;width=100%\" width=\"100%\" height=\"669\" frameborder=\"0\" scrolling=\"no\"><\/iframe><br \/>\n&nbsp;<\/p>\n<blockquote class=\"instagram-media\" style=\"background: #FFF; border: 0; border-radius: 3px; box-shadow: 0 0 1px 0 rgba(0,0,0,0.5),0 1px 10px 0 rgba(0,0,0,0.15); margin: 1px; max-width: 540px; min-width: 326px; padding: 0; width: calc(100% - 2px);\" data-instgrm-captioned=\"\" data-instgrm-permalink=\"https:\/\/www.instagram.com\/p\/CvqYzzcJGki\/?utm_source=ig_embed&amp;utm_campaign=loading\" data-instgrm-version=\"14\">\n<div style=\"padding: 16px;\">\n<p>&nbsp;<\/p>\n<div style=\"display: flex; flex-direction: row; align-items: center;\">\n<div style=\"background-color: #f4f4f4; border-radius: 50%; flex-grow: 0; height: 40px; margin-right: 14px; width: 40px;\">&nbsp;<\/div>\n<div style=\"display: flex; flex-direction: column; flex-grow: 1; justify-content: center;\">\n<div style=\"background-color: #f4f4f4; border-radius: 4px; flex-grow: 0; height: 14px; margin-bottom: 6px; width: 100px;\">&nbsp;<\/div>\n<div style=\"background-color: #f4f4f4; border-radius: 4px; flex-grow: 0; height: 14px; width: 60px;\">&nbsp;<\/div>\n<\/div>\n<\/div>\n<div style=\"padding: 19% 0;\">&nbsp;<\/div>\n<div style=\"display: block; height: 50px; margin: 0 auto 12px; width: 50px;\">&nbsp;<\/div>\n<div style=\"padding-top: 8px;\">\n<div style=\"color: #3897f0; font-family: Arial,sans-serif; font-size: 14px; font-style: normal; font-weight: 550; line-height: 18px;\">Ver esta publicaci\u00f3n en Instagram<\/div>\n<\/div>\n<div style=\"padding: 12.5% 0;\">&nbsp;<\/div>\n<div style=\"display: flex; flex-direction: row; margin-bottom: 14px; align-items: center;\">\n<div>\n<div style=\"background-color: #f4f4f4; border-radius: 50%; height: 12.5px; width: 12.5px; transform: translateX(0px) translateY(7px);\">&nbsp;<\/div>\n<div style=\"background-color: #f4f4f4; height: 12.5px; transform: rotate(-45deg) translateX(3px) translateY(1px); width: 12.5px; flex-grow: 0; margin-right: 14px; margin-left: 2px;\">&nbsp;<\/div>\n<div style=\"background-color: #f4f4f4; border-radius: 50%; height: 12.5px; width: 12.5px; transform: translateX(9px) translateY(-18px);\">&nbsp;<\/div>\n<\/div>\n<div style=\"margin-left: 8px;\">\n<div style=\"background-color: #f4f4f4; border-radius: 50%; flex-grow: 0; height: 20px; width: 20px;\">&nbsp;<\/div>\n<div style=\"width: 0; height: 0; border-top: 2px solid transparent; border-left: 6px solid #f4f4f4; border-bottom: 2px solid transparent; transform: translateX(16px) translateY(-4px) rotate(30deg);\">&nbsp;<\/div>\n<\/div>\n<div style=\"margin-left: auto;\">\n<div style=\"width: 0px; border-top: 8px solid #F4F4F4; border-right: 8px solid transparent; transform: translateY(16px);\">&nbsp;<\/div>\n<div style=\"background-color: #f4f4f4; flex-grow: 0; height: 12px; width: 16px; transform: translateY(-4px);\">&nbsp;<\/div>\n<div style=\"width: 0; height: 0; border-top: 8px solid #F4F4F4; border-left: 8px solid transparent; transform: translateY(-4px) translateX(8px);\">&nbsp;<\/div>\n<\/div>\n<\/div>\n<div style=\"display: flex; flex-direction: column; flex-grow: 1; justify-content: center; margin-bottom: 24px;\">\n<div style=\"background-color: #f4f4f4; border-radius: 4px; flex-grow: 0; height: 14px; margin-bottom: 6px; width: 224px;\">&nbsp;<\/div>\n<div style=\"background-color: #f4f4f4; border-radius: 4px; flex-grow: 0; height: 14px; width: 144px;\">&nbsp;<\/div>\n<\/div>\n<p>&nbsp;<\/p>\n<p style=\"color: #c9c8cd; font-family: Arial,sans-serif; font-size: 14px; line-height: 17px; margin-bottom: 0; margin-top: 8px; overflow: hidden; padding: 8px 0 7px; text-align: center; text-overflow: ellipsis; white-space: nowrap;\"><a style=\"color: #c9c8cd; font-family: Arial,sans-serif; font-size: 14px; font-style: normal; font-weight: normal; line-height: 17px; text-decoration: none;\" href=\"https:\/\/www.instagram.com\/p\/CvqYzzcJGki\/?utm_source=ig_embed&amp;utm_campaign=loading\" target=\"_blank\" rel=\"noopener\">Una publicaci\u00f3n compartida por cooltivarte.com (@_cooltivarte_)<\/a><\/p>\n<\/div>\n<\/blockquote>\n<p><script async=\"\" src=\"\/\/www.instagram.com\/embed.js\"><\/script><\/p>\n<p>&nbsp;<\/p>\n<p>&nbsp;<\/p>\n<h3><a href=\"https:\/\/www.facebook.com\/media\/set\/?set=a.784820737015121&amp;type=3\" target=\"_blank\" rel=\"noopener\">Ir a la fotogaler\u00eda<\/a><\/h3>\n<p><iframe style=\"border: none; overflow: hidden;\" src=\"https:\/\/www.facebook.com\/plugins\/post.php?href=https%3A%2F%2Fwww.facebook.com%2Fmedia%2Fset%2F%3Fset%3Da.784820737015121%26type%3D3&amp;width=100%\" width=\"100%\" height=\"669\" frameborder=\"0\" scrolling=\"no\"><\/iframe><br \/>\n&nbsp;<\/p>\n<blockquote class=\"instagram-media\" style=\"background: #FFF; border: 0; border-radius: 3px; box-shadow: 0 0 1px 0 rgba(0,0,0,0.5),0 1px 10px 0 rgba(0,0,0,0.15); margin: 1px; max-width: 540px; min-width: 326px; padding: 0; width: calc(100% - 2px);\" data-instgrm-captioned=\"\" data-instgrm-permalink=\"https:\/\/www.instagram.com\/p\/Cv2bmFIOb_I\/?utm_source=ig_embed&amp;utm_campaign=loading\" data-instgrm-version=\"14\">\n<div style=\"padding: 16px;\">\n<p>&nbsp;<\/p>\n<div style=\"display: flex; flex-direction: row; align-items: center;\">\n<div style=\"background-color: #f4f4f4; border-radius: 50%; flex-grow: 0; height: 40px; margin-right: 14px; width: 40px;\">&nbsp;<\/div>\n<div style=\"display: flex; flex-direction: column; flex-grow: 1; justify-content: center;\">\n<div style=\"background-color: #f4f4f4; border-radius: 4px; flex-grow: 0; height: 14px; margin-bottom: 6px; width: 100px;\">&nbsp;<\/div>\n<div style=\"background-color: #f4f4f4; border-radius: 4px; flex-grow: 0; height: 14px; width: 60px;\">&nbsp;<\/div>\n<\/div>\n<\/div>\n<div style=\"padding: 19% 0;\">&nbsp;<\/div>\n<div style=\"display: block; height: 50px; margin: 0 auto 12px; width: 50px;\">&nbsp;<\/div>\n<div style=\"padding-top: 8px;\">\n<div style=\"color: #3897f0; font-family: Arial,sans-serif; font-size: 14px; font-style: normal; font-weight: 550; line-height: 18px;\">Ver esta publicaci\u00f3n en Instagram<\/div>\n<\/div>\n<div style=\"padding: 12.5% 0;\">&nbsp;<\/div>\n<div style=\"display: flex; flex-direction: row; margin-bottom: 14px; align-items: center;\">\n<div>\n<div style=\"background-color: #f4f4f4; border-radius: 50%; height: 12.5px; width: 12.5px; transform: translateX(0px) translateY(7px);\">&nbsp;<\/div>\n<div style=\"background-color: #f4f4f4; height: 12.5px; transform: rotate(-45deg) translateX(3px) translateY(1px); width: 12.5px; flex-grow: 0; margin-right: 14px; margin-left: 2px;\">&nbsp;<\/div>\n<div style=\"background-color: #f4f4f4; border-radius: 50%; height: 12.5px; width: 12.5px; transform: translateX(9px) translateY(-18px);\">&nbsp;<\/div>\n<\/div>\n<div style=\"margin-left: 8px;\">\n<div style=\"background-color: #f4f4f4; border-radius: 50%; flex-grow: 0; height: 20px; width: 20px;\">&nbsp;<\/div>\n<div style=\"width: 0; height: 0; border-top: 2px solid transparent; border-left: 6px solid #f4f4f4; border-bottom: 2px solid transparent; transform: translateX(16px) translateY(-4px) rotate(30deg);\">&nbsp;<\/div>\n<\/div>\n<div style=\"margin-left: auto;\">\n<div style=\"width: 0px; border-top: 8px solid #F4F4F4; border-right: 8px solid transparent; transform: translateY(16px);\">&nbsp;<\/div>\n<div style=\"background-color: #f4f4f4; flex-grow: 0; height: 12px; width: 16px; transform: translateY(-4px);\">&nbsp;<\/div>\n<div style=\"width: 0; height: 0; border-top: 8px solid #F4F4F4; border-left: 8px solid transparent; transform: translateY(-4px) translateX(8px);\">&nbsp;<\/div>\n<\/div>\n<\/div>\n<div style=\"display: flex; flex-direction: column; flex-grow: 1; justify-content: center; margin-bottom: 24px;\">\n<div style=\"background-color: #f4f4f4; border-radius: 4px; flex-grow: 0; height: 14px; margin-bottom: 6px; width: 224px;\">&nbsp;<\/div>\n<div style=\"background-color: #f4f4f4; border-radius: 4px; flex-grow: 0; height: 14px; width: 144px;\">&nbsp;<\/div>\n<\/div>\n<p>&nbsp;<\/p>\n<p style=\"color: #c9c8cd; font-family: Arial,sans-serif; font-size: 14px; line-height: 17px; margin-bottom: 0; margin-top: 8px; overflow: hidden; padding: 8px 0 7px; text-align: center; text-overflow: ellipsis; white-space: nowrap;\"><a style=\"color: #c9c8cd; font-family: Arial,sans-serif; font-size: 14px; font-style: normal; font-weight: normal; line-height: 17px; text-decoration: none;\" href=\"https:\/\/www.instagram.com\/p\/Cv2bmFIOb_I\/?utm_source=ig_embed&amp;utm_campaign=loading\" target=\"_blank\" rel=\"noopener\">Una publicaci\u00f3n compartida por cooltivarte.com (@_cooltivarte_)<\/a><\/p>\n<\/div>\n<\/blockquote>\n<p><script async=\"\" src=\"\/\/www.instagram.com\/embed.js\"><\/script><\/p>\n<p>&nbsp;<\/p>\n<p><iframe style=\"border-radius: 12px;\" src=\"https:\/\/open.spotify.com\/embed\/artist\/2UKmhgcS0rsr1d4xw0xFxq?utm_source=generator\" width=\"100%\" height=\"352\" frameborder=\"0\" allowfullscreen=\"allowfullscreen\"><\/iframe><\/p>\n<p>&nbsp;<\/p>\n<p>&nbsp;<\/p>\n<p>&nbsp;<\/p>\n<p>&nbsp;<\/p>\n","protected":false},"excerpt":{"rendered":"<p>\u00a1Gran noche de festejo de las Milongas Extremas en la Sala Zitarrosa! La del martes fue la primera de las cuatro, que desde el 1\u00b0 al 4 de agosto 2023, tiene a la banda celebrando sus 15 a\u00f1os de existencia. Milongas Extremas es una banda hecha a la medida del show en vivo y una [&hellip;]<\/p>\n","protected":false},"author":10,"featured_media":92479,"comment_status":"closed","ping_status":"closed","sticky":false,"template":"","format":"standard","meta":{"om_disable_all_campaigns":false,"ngg_post_thumbnail":0,"jnews-multi-image_gallery":[],"jnews_single_post":{"subtitle":"","format":"standard","video":"","gallery":"","source_name":"","source_url":"","via_name":"","via_url":"","override_template":"0","override":[{"template":"4","single_blog_custom":"","parallax":"1","fullscreen":"0","layout":"right-sidebar","sidebar":"default-sidebar","second_sidebar":"default-sidebar","sticky_sidebar":"1","share_position":"bottom","share_float_style":"share-monocrhome","show_share_counter":"1","show_view_counter":"1","show_featured":"1","show_post_meta":"1","show_post_author":"1","show_post_author_image":"1","show_post_date":"1","post_date_format":"default","post_date_format_custom":"Y\/m\/d","show_post_category":"1","show_post_reading_time":"0","post_reading_time_wpm":"300","show_zoom_button":"0","zoom_button_out_step":"2","zoom_button_in_step":"3","show_post_tag":"1","show_prev_next_post":"1","show_popup_post":"1","number_popup_post":"1","show_author_box":"1","show_post_related":"0","show_inline_post_related":"0"}],"override_image_size":"0","image_override":[{"single_post_thumbnail_size":"no-crop","single_post_gallery_size":"crop-500"}],"trending_post":"0","trending_post_position":"meta","trending_post_label":"Trending","sponsored_post":"0","sponsored_post_label":"Sponsored by","sponsored_post_name":"","sponsored_post_url":"","sponsored_post_logo_enable":"0","sponsored_post_logo":"","sponsored_post_desc":"","disable_ad":"0"},"jnews_primary_category":{"id":"","hide":""},"jnews_social_meta":{"fb_title":"","fb_description":"","fb_image":"","twitter_title":"","twitter_description":"","twitter_image":""},"jnews_override_counter":{"override_view_counter":"0","view_counter_number":"0","override_share_counter":"0","share_counter_number":"0","override_like_counter":"0","like_counter_number":"0","override_dislike_counter":"0","dislike_counter_number":"0"},"footnotes":""},"categories":[50],"tags":[3208,3952,288,19994,747,4231,19997,759,19996,1891,837,168,100,3473,95,62,88],"class_list":["post-92284","post","type-post","status-publish","format-standard","has-post-thumbnail","hentry","category-coberturas","tag-4-pesos-de-propina","tag-alfredo-zitarrosa","tag-darnauchans","tag-el-grito-y-la-voz","tag-extremoduro","tag-folclore","tag-guitarras","tag-la-tabare","tag-lo-yuyito","tag-milonga","tag-milongas-extremas","tag-montevideo","tag-musica","tag-robe-iniesta","tag-rock","tag-sala-zitarrosa","tag-uruguay"],"yoast_head":"<!-- This site is optimized with the Yoast SEO plugin v27.5 - https:\/\/yoast.com\/product\/yoast-seo-wordpress\/ -->\n<title>El grito y la voz - 15 a\u00f1os de Milongas Extremas - Cooltivarte Portal<\/title>\n<meta name=\"description\" content=\"Milongas Extremas es una banda hecha a la medida del show en vivo y una vez m\u00e1s se despach\u00f3 con toda su energ\u00eda, a plenos punteos, p\u00faas afiladas y maderas ralladas en las guitarras.\" \/>\n<meta name=\"robots\" content=\"index, follow, max-snippet:-1, max-image-preview:large, max-video-preview:-1\" \/>\n<link rel=\"canonical\" href=\"https:\/\/cooltivarte.com\/portal\/el-grito-y-la-voz-15-anos-de-milongas-extremas\/\" \/>\n<meta property=\"og:locale\" content=\"es_ES\" \/>\n<meta property=\"og:type\" content=\"article\" \/>\n<meta property=\"og:title\" content=\"El grito y la voz - 15 a\u00f1os de Milongas Extremas\" \/>\n<meta property=\"og:description\" content=\"Milongas Extremas es una banda hecha a la medida del show en vivo y una vez m\u00e1s se despach\u00f3 con toda su energ\u00eda, a plenos punteos, p\u00faas afiladas y maderas ralladas en las guitarras.\" \/>\n<meta property=\"og:url\" content=\"https:\/\/cooltivarte.com\/portal\/el-grito-y-la-voz-15-anos-de-milongas-extremas\/\" \/>\n<meta property=\"og:site_name\" content=\"Cooltivarte Portal\" \/>\n<meta property=\"article:publisher\" content=\"https:\/\/www.facebook.com\/cooltivartecom\/\" \/>\n<meta property=\"article:author\" content=\"https:\/\/www.facebook.com\/mauricio.conde.1420\" \/>\n<meta property=\"article:published_time\" content=\"2023-08-03T12:41:31+00:00\" \/>\n<meta property=\"article:modified_time\" content=\"2023-08-12T16:01:49+00:00\" \/>\n<meta property=\"og:image\" content=\"https:\/\/cooltivarte.com\/portal\/wp-content\/uploads\/2023\/08\/Milongas-Extremas-Sala-Zitarrosa-1-Agosto-2023-Foto-Aiko-Melody-Gabrielle.jpg\" \/>\n\t<meta property=\"og:image:width\" content=\"2048\" \/>\n\t<meta property=\"og:image:height\" content=\"1365\" \/>\n\t<meta property=\"og:image:type\" content=\"image\/jpeg\" \/>\n<meta name=\"author\" content=\"Mauricio Conde\" \/>\n<meta name=\"twitter:card\" content=\"summary_large_image\" \/>\n<meta name=\"twitter:title\" content=\"El grito y la voz - 15 a\u00f1os de Milongas Extremas\" \/>\n<meta name=\"twitter:description\" content=\"Milongas Extremas es una banda hecha a la medida del show en vivo y una vez m\u00e1s se despach\u00f3 con toda su energ\u00eda, a plenos punteos, p\u00faas afiladas y maderas ralladas en las guitarras.\" \/>\n<meta name=\"twitter:image\" content=\"https:\/\/cooltivarte.com\/portal\/wp-content\/uploads\/2023\/08\/Milongas-Extremas-Sala-Zitarrosa-1-Agosto-2023-Foto-Aiko-Melody-Gabrielle.jpg\" \/>\n<meta name=\"twitter:creator\" content=\"@https:\/\/x.com\/obolocultural\" \/>\n<meta name=\"twitter:site\" content=\"@obolocultural\" \/>\n<meta name=\"twitter:label1\" content=\"Escrito por\" \/>\n\t<meta name=\"twitter:data1\" content=\"Mauricio Conde\" \/>\n\t<meta name=\"twitter:label2\" content=\"Tiempo de lectura\" \/>\n\t<meta name=\"twitter:data2\" content=\"3 minutos\" \/>\n<!-- \/ Yoast SEO plugin. -->","yoast_head_json":{"title":"El grito y la voz - 15 a\u00f1os de Milongas Extremas - Cooltivarte Portal","description":"Milongas Extremas es una banda hecha a la medida del show en vivo y una vez m\u00e1s se despach\u00f3 con toda su energ\u00eda, a plenos punteos, p\u00faas afiladas y maderas ralladas en las guitarras.","robots":{"index":"index","follow":"follow","max-snippet":"max-snippet:-1","max-image-preview":"max-image-preview:large","max-video-preview":"max-video-preview:-1"},"canonical":"https:\/\/cooltivarte.com\/portal\/el-grito-y-la-voz-15-anos-de-milongas-extremas\/","og_locale":"es_ES","og_type":"article","og_title":"El grito y la voz - 15 a\u00f1os de Milongas Extremas","og_description":"Milongas Extremas es una banda hecha a la medida del show en vivo y una vez m\u00e1s se despach\u00f3 con toda su energ\u00eda, a plenos punteos, p\u00faas afiladas y maderas ralladas en las guitarras.","og_url":"https:\/\/cooltivarte.com\/portal\/el-grito-y-la-voz-15-anos-de-milongas-extremas\/","og_site_name":"Cooltivarte Portal","article_publisher":"https:\/\/www.facebook.com\/cooltivartecom\/","article_author":"https:\/\/www.facebook.com\/mauricio.conde.1420","article_published_time":"2023-08-03T12:41:31+00:00","article_modified_time":"2023-08-12T16:01:49+00:00","og_image":[{"width":2048,"height":1365,"url":"https:\/\/cooltivarte.com\/portal\/wp-content\/uploads\/2023\/08\/Milongas-Extremas-Sala-Zitarrosa-1-Agosto-2023-Foto-Aiko-Melody-Gabrielle.jpg","type":"image\/jpeg"}],"author":"Mauricio Conde","twitter_card":"summary_large_image","twitter_title":"El grito y la voz - 15 a\u00f1os de Milongas Extremas","twitter_description":"Milongas Extremas es una banda hecha a la medida del show en vivo y una vez m\u00e1s se despach\u00f3 con toda su energ\u00eda, a plenos punteos, p\u00faas afiladas y maderas ralladas en las guitarras.","twitter_image":"https:\/\/cooltivarte.com\/portal\/wp-content\/uploads\/2023\/08\/Milongas-Extremas-Sala-Zitarrosa-1-Agosto-2023-Foto-Aiko-Melody-Gabrielle.jpg","twitter_creator":"@https:\/\/x.com\/obolocultural","twitter_site":"@obolocultural","twitter_misc":{"Escrito por":"Mauricio Conde","Tiempo de lectura":"3 minutos"},"schema":{"@context":"https:\/\/schema.org","@graph":[{"@type":"NewsArticle","@id":"https:\/\/cooltivarte.com\/portal\/el-grito-y-la-voz-15-anos-de-milongas-extremas\/#article","isPartOf":{"@id":"https:\/\/cooltivarte.com\/portal\/el-grito-y-la-voz-15-anos-de-milongas-extremas\/"},"author":{"name":"Mauricio Conde","@id":"https:\/\/cooltivarte.com\/portal\/#\/schema\/person\/dc149811efaf4777782d9d88fec544be"},"headline":"El grito y la voz &#8211; 15 a\u00f1os de Milongas Extremas","datePublished":"2023-08-03T12:41:31+00:00","dateModified":"2023-08-12T16:01:49+00:00","mainEntityOfPage":{"@id":"https:\/\/cooltivarte.com\/portal\/el-grito-y-la-voz-15-anos-de-milongas-extremas\/"},"wordCount":632,"publisher":{"@id":"https:\/\/cooltivarte.com\/portal\/#organization"},"image":{"@id":"https:\/\/cooltivarte.com\/portal\/el-grito-y-la-voz-15-anos-de-milongas-extremas\/#primaryimage"},"thumbnailUrl":"https:\/\/cooltivarte.com\/portal\/wp-content\/uploads\/2023\/08\/Milongas-Extremas-Sala-Zitarrosa-1-Agosto-2023-Foto-Aiko-Melody-Gabrielle.jpg","keywords":["4 Pesos de Propina","alfredo zitarrosa","Darnauchans","el grito y la voz","extremoduro","folclore","guitarras","La Tabar\u00e9","Lo Yuyito","milonga","Milongas Extremas","Montevideo","M\u00fasica","Robe Iniesta","Rock","Sala Zitarrosa","Uruguay"],"articleSection":["Coberturas"],"inLanguage":"es-AR"},{"@type":"WebPage","@id":"https:\/\/cooltivarte.com\/portal\/el-grito-y-la-voz-15-anos-de-milongas-extremas\/","url":"https:\/\/cooltivarte.com\/portal\/el-grito-y-la-voz-15-anos-de-milongas-extremas\/","name":"El grito y la voz - 15 a\u00f1os de Milongas Extremas - Cooltivarte Portal","isPartOf":{"@id":"https:\/\/cooltivarte.com\/portal\/#website"},"primaryImageOfPage":{"@id":"https:\/\/cooltivarte.com\/portal\/el-grito-y-la-voz-15-anos-de-milongas-extremas\/#primaryimage"},"image":{"@id":"https:\/\/cooltivarte.com\/portal\/el-grito-y-la-voz-15-anos-de-milongas-extremas\/#primaryimage"},"thumbnailUrl":"https:\/\/cooltivarte.com\/portal\/wp-content\/uploads\/2023\/08\/Milongas-Extremas-Sala-Zitarrosa-1-Agosto-2023-Foto-Aiko-Melody-Gabrielle.jpg","datePublished":"2023-08-03T12:41:31+00:00","dateModified":"2023-08-12T16:01:49+00:00","description":"Milongas Extremas es una banda hecha a la medida del show en vivo y una vez m\u00e1s se despach\u00f3 con toda su energ\u00eda, a plenos punteos, p\u00faas afiladas y maderas ralladas en las guitarras.","breadcrumb":{"@id":"https:\/\/cooltivarte.com\/portal\/el-grito-y-la-voz-15-anos-de-milongas-extremas\/#breadcrumb"},"inLanguage":"es-AR","potentialAction":[{"@type":"ReadAction","target":["https:\/\/cooltivarte.com\/portal\/el-grito-y-la-voz-15-anos-de-milongas-extremas\/"]}]},{"@type":"ImageObject","inLanguage":"es-AR","@id":"https:\/\/cooltivarte.com\/portal\/el-grito-y-la-voz-15-anos-de-milongas-extremas\/#primaryimage","url":"https:\/\/cooltivarte.com\/portal\/wp-content\/uploads\/2023\/08\/Milongas-Extremas-Sala-Zitarrosa-1-Agosto-2023-Foto-Aiko-Melody-Gabrielle.jpg","contentUrl":"https:\/\/cooltivarte.com\/portal\/wp-content\/uploads\/2023\/08\/Milongas-Extremas-Sala-Zitarrosa-1-Agosto-2023-Foto-Aiko-Melody-Gabrielle.jpg","width":2048,"height":1365,"caption":"Milongas Extremas - Sala Zitarrosa 1 Agosto 2023 - Foto - Aiko Melody Gabrielle"},{"@type":"BreadcrumbList","@id":"https:\/\/cooltivarte.com\/portal\/el-grito-y-la-voz-15-anos-de-milongas-extremas\/#breadcrumb","itemListElement":[{"@type":"ListItem","position":1,"name":"Portada","item":"https:\/\/cooltivarte.com\/portal\/"},{"@type":"ListItem","position":2,"name":"El grito y la voz &#8211; 15 a\u00f1os de Milongas Extremas"}]},{"@type":"WebSite","@id":"https:\/\/cooltivarte.com\/portal\/#website","url":"https:\/\/cooltivarte.com\/portal\/","name":"Cooltivarte Portal","description":"Arte, cultura y turismo para el mundo ...","publisher":{"@id":"https:\/\/cooltivarte.com\/portal\/#organization"},"potentialAction":[{"@type":"SearchAction","target":{"@type":"EntryPoint","urlTemplate":"https:\/\/cooltivarte.com\/portal\/?s={search_term_string}"},"query-input":{"@type":"PropertyValueSpecification","valueRequired":true,"valueName":"search_term_string"}}],"inLanguage":"es-AR"},{"@type":"Organization","@id":"https:\/\/cooltivarte.com\/portal\/#organization","name":"cooltivarte","url":"https:\/\/cooltivarte.com\/portal\/","logo":{"@type":"ImageObject","inLanguage":"es-AR","@id":"https:\/\/cooltivarte.com\/portal\/#\/schema\/logo\/image\/","url":"https:\/\/cooltivarte.com\/portal\/wp-content\/uploads\/2020\/04\/logo-cooltivarte-v2.png","contentUrl":"https:\/\/cooltivarte.com\/portal\/wp-content\/uploads\/2020\/04\/logo-cooltivarte-v2.png","width":851,"height":243,"caption":"cooltivarte"},"image":{"@id":"https:\/\/cooltivarte.com\/portal\/#\/schema\/logo\/image\/"},"sameAs":["https:\/\/www.facebook.com\/cooltivartecom\/","https:\/\/x.com\/obolocultural","https:\/\/www.instagram.com\/_cooltivarte_\/","https:\/\/www.linkedin.com\/company\/-bolocultural?reportsuccess=8zaNG1HwhPbAR9iQhZ5rfGeqz_vQFftHun0ZWU0Wy9vNemRJ8vtcKdJvzQfW8XagyOJSKg0XvfJ1dp","https:\/\/www.pinterest.com\/cooltivarte\/","https:\/\/cooltivarte.tumblr.com\/","https:\/\/www.tiktok.com\/@cooltivarte","https:\/\/www.youtube.com\/@PrensaCooltivarte"]},{"@type":"Person","@id":"https:\/\/cooltivarte.com\/portal\/#\/schema\/person\/dc149811efaf4777782d9d88fec544be","name":"Mauricio Conde","image":{"@type":"ImageObject","inLanguage":"es-AR","@id":"https:\/\/cooltivarte.com\/portal\/wp-content\/uploads\/2015\/03\/fotomconde-120x120.jpg","url":"https:\/\/cooltivarte.com\/portal\/wp-content\/uploads\/2015\/03\/fotomconde-120x120.jpg","contentUrl":"https:\/\/cooltivarte.com\/portal\/wp-content\/uploads\/2015\/03\/fotomconde-120x120.jpg","caption":"Mauricio Conde"},"description":"Naci\u00f3 en San Jos\u00e9 el 23 de mayo de 1983. En 2010 conoci\u00f3 a Federico Meneses, impulsor de \u00f3bolo cultural y m\u00e1s tarde de cooltivarte.com, y se incorpor\u00f3 como co-director y editor responsable de ese medio digital. En COOLTIVARTE tambi\u00e9n redacta y dise\u00f1a art\u00edculos, entrevistas e informaci\u00f3n sobre el quehacer art\u00edstico y cultural existente en el pa\u00eds. Siempre curioso por seguir aprendiendo elementos vinculados a la cultura, el arte y la educaci\u00f3n.","sameAs":["https:\/\/www.cooltivarte.com","https:\/\/www.facebook.com\/mauricio.conde.1420","https:\/\/www.instagram.com\/_cooltivarte_\/","https:\/\/www.linkedin.com\/company\/-bolocultural","https:\/\/www.pinterest.com\/cooltivarte","https:\/\/x.com\/https:\/\/x.com\/obolocultural","https:\/\/www.youtube.com\/@PrensaCooltivarte","https:\/\/www.tumblr.com\/blog\/cooltivarte"],"url":"https:\/\/cooltivarte.com\/portal\/author\/mauricio\/"}]}},"_links":{"self":[{"href":"https:\/\/cooltivarte.com\/portal\/wp-json\/wp\/v2\/posts\/92284","targetHints":{"allow":["GET"]}}],"collection":[{"href":"https:\/\/cooltivarte.com\/portal\/wp-json\/wp\/v2\/posts"}],"about":[{"href":"https:\/\/cooltivarte.com\/portal\/wp-json\/wp\/v2\/types\/post"}],"author":[{"embeddable":true,"href":"https:\/\/cooltivarte.com\/portal\/wp-json\/wp\/v2\/users\/10"}],"replies":[{"embeddable":true,"href":"https:\/\/cooltivarte.com\/portal\/wp-json\/wp\/v2\/comments?post=92284"}],"version-history":[{"count":25,"href":"https:\/\/cooltivarte.com\/portal\/wp-json\/wp\/v2\/posts\/92284\/revisions"}],"predecessor-version":[{"id":92484,"href":"https:\/\/cooltivarte.com\/portal\/wp-json\/wp\/v2\/posts\/92284\/revisions\/92484"}],"wp:featuredmedia":[{"embeddable":true,"href":"https:\/\/cooltivarte.com\/portal\/wp-json\/wp\/v2\/media\/92479"}],"wp:attachment":[{"href":"https:\/\/cooltivarte.com\/portal\/wp-json\/wp\/v2\/media?parent=92284"}],"wp:term":[{"taxonomy":"category","embeddable":true,"href":"https:\/\/cooltivarte.com\/portal\/wp-json\/wp\/v2\/categories?post=92284"},{"taxonomy":"post_tag","embeddable":true,"href":"https:\/\/cooltivarte.com\/portal\/wp-json\/wp\/v2\/tags?post=92284"}],"curies":[{"name":"wp","href":"https:\/\/api.w.org\/{rel}","templated":true}]}}