{"id":92263,"date":"2023-08-01T11:15:34","date_gmt":"2023-08-01T14:15:34","guid":{"rendered":"https:\/\/cooltivarte.com\/portal\/?p=92263"},"modified":"2026-03-25T11:19:34","modified_gmt":"2026-03-25T14:19:34","slug":"intemperie-de-raquel-lejtreger-en-museo-de-arte-y-diseno-contemporaneo-de-costa-rica","status":"publish","type":"post","link":"https:\/\/cooltivarte.com\/portal\/intemperie-de-raquel-lejtreger-en-museo-de-arte-y-diseno-contemporaneo-de-costa-rica\/","title":{"rendered":"Intemperie de Raquel Lejtreger en Museo de Arte y Dise\u00f1o Contempor\u00e1neo de Costa Rica"},"content":{"rendered":"<p><img fetchpriority=\"high\" decoding=\"async\" class=\"aligncenter wp-image-92265 size-full\" title=\"Intemperie de Raquel Lejtreger en Museo de Arte y Dise\u00f1o Contempor\u00e1neo de Costa Rica\" src=\"https:\/\/cooltivarte.com\/portal\/wp-content\/uploads\/2023\/08\/raquel.jpg\" alt=\"Intemperie de Raquel Lejtreger en Museo de Arte y Dise\u00f1o Contempor\u00e1neo de Costa Rica\" width=\"598\" height=\"597\" srcset=\"https:\/\/cooltivarte.com\/portal\/wp-content\/uploads\/2023\/08\/raquel.jpg 598w, https:\/\/cooltivarte.com\/portal\/wp-content\/uploads\/2023\/08\/raquel-300x300.jpg 300w, https:\/\/cooltivarte.com\/portal\/wp-content\/uploads\/2023\/08\/raquel-150x150.jpg 150w, https:\/\/cooltivarte.com\/portal\/wp-content\/uploads\/2023\/08\/raquel-120x120.jpg 120w\" sizes=\"(max-width: 598px) 100vw, 598px\" \/><\/p>\n<p>&nbsp;<\/p>\n<p><strong>Intemperie \u00a1Pr\u00f3xima apertura! <\/strong><br \/>\n<strong>Inauguraci\u00f3n: 17 de agosto del 2023 <\/strong><br \/>\n<strong><a href=\"https:\/\/cooltivarte.com\/portal\/?s=Raquel+Lejtreger\" target=\"_blank\" rel=\"noopener\">Raquel Lejtreger<\/a><\/strong><\/p>\n<p><strong><a href=\"https:\/\/linktr.ee\/museomadc\" target=\"_blank\" rel=\"noopener\">Museo de Arte y Dise\u00f1o Contempor\u00e1neo de Costa Rica<\/a><\/strong><\/p>\n<p>&nbsp;<\/p>\n<p><strong>Intemperie<\/strong> es una instalaci\u00f3n acerca de los efectos del cambio clim\u00e1tico en la vida cotidiana de las personas, basada en la experiencia de 15 a\u00f1os de trabajo con personas afectadas por las inundaciones.<\/p>\n<p>Es una aproximaci\u00f3n humanista a la dimensi\u00f3n simb\u00f3lica del cambio clim\u00e1tico, los desastres y los conflictos, y una reflexi\u00f3n acerca del territorio, la patria, el lugar.<\/p>\n<p>La artista, <a href=\"https:\/\/www.instagram.com\/raquel.lejtreger\/\" target=\"_blank\" rel=\"noopener\">@raquel.lejtreger<\/a> , re\u00fane im\u00e1genes, testimonios de personas afectadas, documentos, apuntes realizados en el trabajo de campo, pensamientos, poemas y otros textos relacionados con esta tem\u00e1tica.<\/p>\n<p>&nbsp;<\/p>\n<p>&nbsp;<\/p>\n<blockquote class=\"instagram-media\" style=\"background: #FFF; border: 0; border-radius: 3px; box-shadow: 0 0 1px 0 rgba(0,0,0,0.5),0 1px 10px 0 rgba(0,0,0,0.15); margin: 1px; max-width: 540px; min-width: 326px; padding: 0; width: calc(100% - 2px);\" data-instgrm-captioned=\"\" data-instgrm-permalink=\"https:\/\/www.instagram.com\/p\/CvYxpmqt83m\/?utm_source=ig_embed&amp;utm_campaign=loading\" data-instgrm-version=\"14\">\n<div style=\"padding: 16px;\">\n<p>&nbsp;<\/p>\n<div style=\"display: flex; flex-direction: row; align-items: center;\">\n<div style=\"background-color: #f4f4f4; border-radius: 50%; flex-grow: 0; height: 40px; margin-right: 14px; width: 40px;\">&nbsp;<\/div>\n<div style=\"display: flex; flex-direction: column; flex-grow: 1; justify-content: center;\">\n<div style=\"background-color: #f4f4f4; border-radius: 4px; flex-grow: 0; height: 14px; margin-bottom: 6px; width: 100px;\">&nbsp;<\/div>\n<div style=\"background-color: #f4f4f4; border-radius: 4px; flex-grow: 0; height: 14px; width: 60px;\">&nbsp;<\/div>\n<\/div>\n<\/div>\n<div style=\"padding: 19% 0;\">&nbsp;<\/div>\n<div style=\"display: block; height: 50px; margin: 0 auto 12px; width: 50px;\">&nbsp;<\/div>\n<div style=\"padding-top: 8px;\">\n<div style=\"color: #3897f0; font-family: Arial,sans-serif; font-size: 14px; font-style: normal; font-weight: 550; line-height: 18px;\">Ver esta publicaci\u00f3n en Instagram<\/div>\n<\/div>\n<div style=\"padding: 12.5% 0;\">&nbsp;<\/div>\n<div style=\"display: flex; flex-direction: row; margin-bottom: 14px; align-items: center;\">\n<div>\n<div style=\"background-color: #f4f4f4; border-radius: 50%; height: 12.5px; width: 12.5px; transform: translateX(0px) translateY(7px);\">&nbsp;<\/div>\n<div style=\"background-color: #f4f4f4; height: 12.5px; transform: rotate(-45deg) translateX(3px) translateY(1px); width: 12.5px; flex-grow: 0; margin-right: 14px; margin-left: 2px;\">&nbsp;<\/div>\n<div style=\"background-color: #f4f4f4; border-radius: 50%; height: 12.5px; width: 12.5px; transform: translateX(9px) translateY(-18px);\">&nbsp;<\/div>\n<\/div>\n<div style=\"margin-left: 8px;\">\n<div style=\"background-color: #f4f4f4; border-radius: 50%; flex-grow: 0; height: 20px; width: 20px;\">&nbsp;<\/div>\n<div style=\"width: 0; height: 0; border-top: 2px solid transparent; border-left: 6px solid #f4f4f4; border-bottom: 2px solid transparent; transform: translateX(16px) translateY(-4px) rotate(30deg);\">&nbsp;<\/div>\n<\/div>\n<div style=\"margin-left: auto;\">\n<div style=\"width: 0px; border-top: 8px solid #F4F4F4; border-right: 8px solid transparent; transform: translateY(16px);\">&nbsp;<\/div>\n<div style=\"background-color: #f4f4f4; flex-grow: 0; height: 12px; width: 16px; transform: translateY(-4px);\">&nbsp;<\/div>\n<div style=\"width: 0; height: 0; border-top: 8px solid #F4F4F4; border-left: 8px solid transparent; transform: translateY(-4px) translateX(8px);\">&nbsp;<\/div>\n<\/div>\n<\/div>\n<div style=\"display: flex; flex-direction: column; flex-grow: 1; justify-content: center; margin-bottom: 24px;\">\n<div style=\"background-color: #f4f4f4; border-radius: 4px; flex-grow: 0; height: 14px; margin-bottom: 6px; width: 224px;\">&nbsp;<\/div>\n<div style=\"background-color: #f4f4f4; border-radius: 4px; flex-grow: 0; height: 14px; width: 144px;\">&nbsp;<\/div>\n<\/div>\n<p>&nbsp;<\/p>\n<p style=\"color: #c9c8cd; font-family: Arial,sans-serif; font-size: 14px; line-height: 17px; margin-bottom: 0; margin-top: 8px; overflow: hidden; padding: 8px 0 7px; text-align: center; text-overflow: ellipsis; white-space: nowrap;\"><a style=\"color: #c9c8cd; font-family: Arial,sans-serif; font-size: 14px; font-style: normal; font-weight: normal; line-height: 17px; text-decoration: none;\" href=\"https:\/\/www.instagram.com\/p\/CvYxpmqt83m\/?utm_source=ig_embed&amp;utm_campaign=loading\" target=\"_blank\" rel=\"noopener\">Una publicaci\u00f3n compartida de MADC (@museomadc)<\/a><\/p>\n<\/div>\n<\/blockquote>\n<p><script async=\"\" src=\"\/\/www.instagram.com\/embed.js\"><\/script><br \/>\n&nbsp;<\/p>\n<p>&nbsp;<\/p>\n<figure id=\"attachment_92267\" aria-describedby=\"caption-attachment-92267\" style=\"width: 1024px\" class=\"wp-caption aligncenter\"><img decoding=\"async\" class=\"wp-image-92267 size-large\" title=\"Raquel Lejtreger en Museo de Arte y Dise\u00f1o Contempor\u00e1neo de Costa Rica\" src=\"https:\/\/cooltivarte.com\/portal\/wp-content\/uploads\/2023\/08\/Museo-de-Arte-y-Diseno-Contemporaneo-de-Costa-Rica-1024x743.jpeg\" alt=\"Museo de Arte y Dise\u00f1o Contempor\u00e1neo de Costa Rica\" width=\"1024\" height=\"743\" srcset=\"https:\/\/cooltivarte.com\/portal\/wp-content\/uploads\/2023\/08\/Museo-de-Arte-y-Diseno-Contemporaneo-de-Costa-Rica-1024x743.jpeg 1024w, https:\/\/cooltivarte.com\/portal\/wp-content\/uploads\/2023\/08\/Museo-de-Arte-y-Diseno-Contemporaneo-de-Costa-Rica-300x218.jpeg 300w, https:\/\/cooltivarte.com\/portal\/wp-content\/uploads\/2023\/08\/Museo-de-Arte-y-Diseno-Contemporaneo-de-Costa-Rica-768x557.jpeg 768w, https:\/\/cooltivarte.com\/portal\/wp-content\/uploads\/2023\/08\/Museo-de-Arte-y-Diseno-Contemporaneo-de-Costa-Rica.jpeg 1103w\" sizes=\"(max-width: 1024px) 100vw, 1024px\" \/><figcaption id=\"caption-attachment-92267\" class=\"wp-caption-text\">Raquel Lejtreger en Museo de Arte y Dise\u00f1o Contempor\u00e1neo de Costa Rica<\/figcaption><\/figure>\n<p>&nbsp;<\/p>\n<p>&nbsp;<\/p>\n<p><strong>INTEMPERIE \/ OUT IN THE OPEN&nbsp; <a href=\"https:\/\/www.madc.cr\/es\/expo\/intemperie-out-open\" target=\"_blank\" rel=\"noopener\">&#8211; madc.cr<\/a><\/strong><\/p>\n<p>INTEMPERIE es una instalaci\u00f3n acerca de los efectos del cambio clim\u00e1tico en la vida cotidiana de las personas, basada en la experiencia de 15 a\u00f1os de trabajo con personas afectadas por las inundaciones.<\/p>\n<p>Es una aproximaci\u00f3n humanista a la dimensi\u00f3n simb\u00f3lica del cambio clim\u00e1tico, los desastres y los conflictos, y una reflexi\u00f3n acerca del territorio, la patria, el lugar. Es un documento subjetivo, que rescata del agua patrimonios personales y colectivos tangibles e intangibles, como los recuerdos (objetos, fotos, documentos), la memoria del entorno f\u00edsico y otros patrimonios como el trabajo y el esfuerzo.<\/p>\n<p>Fue realizada por primera vez en 2009, en Montevideo, Uruguay, como parte de la muestra itinerante Inclemencia del Tiempo. Posteriormente, fue exhibida en la Rotonda de las Naciones Unidas en Viena, Austria, por iniciativa de la Misi\u00f3n Permanente de Uruguay en Austria con el apoyo de ONUDI, donde fue visitada por aproximadamente 10.000 personas. En 2018, form\u00f3 parte de la Primera Bienal de Escultura Contempor\u00e1nea, en Pingyao, China, organizada por la Asociaci\u00f3n China de Artistas de Escultura Urbana, el municipio de Pingyao y la Fundaci\u00f3n de Arte Mobius, en la que particip\u00e9 como artista invitada junto a artistas como Joseph Beuys, Nina Beier, Raphael Hefti, Tina Braegger y Yona Friedman, entre otros.<\/p>\n<p>En 2020 fui invitada por el Instituto de Arte Contempor\u00e1neo, Academia de Bellas Artes, Universidad de Tsinghua, en Beijing, a participar de la exposici\u00f3n de intercambio internacional de arte material (material thinking) contempor\u00e1neo de China y Primera Bienal Internacional de Arte Material Contempor\u00e1neo, junto a obras de artistas de Letonia, Argentina, Turqu\u00eda, Espa\u00f1a y Polonia, que est\u00e1 virtualmente en exhibici\u00f3n. Intemperie fue elegida como imagen de la muestra y figura en la convocatoria de esa universidad dirigida a artistas de China para que apliquen a la muestra, http:\/\/www.ad.tsinghua.edu.cn\/info\/1033\/58803.htmhttps:\/\/www.ad.tsinghua.edu.cn\/<\/p>\n<p>14 millones de personas pierden su hogar anualmente por desastres repentinos como inundaciones y ciclones y 23 millones se ven desplazadas a causa de estos desastres.<\/p>\n<p>Y as\u00ed son millones de personas que quedan a la INTEMPERIE.<\/p>\n<p>Son cifras impactantes. 14 millones es m\u00e1s de 4 veces toda la poblaci\u00f3n de Uruguay y en esa multitud tan impresionante, no es posible distinguir a nadie. No se puede ver un rostro, reconocer una historia, decir un nombre. Y a veces decir todos es casi como decir nadie.<\/p>\n<p>Uruguay, mi pa\u00eds, es un pa\u00eds de paisaje suavemente ondulado, en el que durante muchos vivimos con la memoria de las inundaciones del a\u00f1o 1959, como un hecho \u00fanico que parec\u00eda irrepetible. Las inundaciones de 2007 con casi 15.000 desplazados, conmovieron al pa\u00eds, a la solidaridad de todo un pueblo y claro, tambi\u00e9n a m\u00ed.<\/p>\n<p>Quedar sin casa no es lo mismo que quedar sin hogar. El agua no solamente destruye el entorno f\u00edsico. Tambi\u00e9n arrastra consigo los acervos personales como las fotograf\u00edas familiares, el cuaderno del hijo en su primer a\u00f1o de escuela, una carta, un legado. Asimismo, devasta los patrimonios intangibles como el trabajo y el esfuerzo.<\/p>\n<p>Despojados de memoria, estamos a la INTEMPERIE.<\/p>\n<p>Por otra parte, quisiera destacar que esa p\u00e9rdida del lugar que implican los desplazamientos, aun cuando sean reasentamientos consensuados a lugares m\u00e1s seguros, nos hace pensar finalmente en qu\u00e9 es el territorio, el hogar, la patria. \u00bfCu\u00e1l es nuestro lugar? \u00bfA d\u00f3nde se pertenece?<\/p>\n<p>Sin identidad estamos a la INTEMPERIE<\/p>\n<p>INTEMPERIE es una aproximaci\u00f3n humanista y subjetiva, a los efectos del cambio clim\u00e1tico as\u00ed como de los desastres y conflictos en general, y a las inundaciones en particular, en la vida cotidiana de las personas basada en m\u00e1s de 10 a\u00f1os de trabajo con las personas afectadas por las inundaciones. Esas personas que entre la multitud, asoman con su nombre, historia, expectativas, proyectos, sue\u00f1os.<br \/>\nRese\u00f1a biogr\u00e1fica<\/p>\n<p>&nbsp;<\/p>\n<p>&nbsp;<\/p>\n<p><strong>RAQUEL LEJTREGER<\/strong><\/p>\n<p>Nac\u00ed en Montevideo, el 31 de octubre de 1965.<\/p>\n<p>Soy arquitecta desde 1998 (Facultad de Arquitectura, Dise\u00f1o y Urbanismo, Universidad de la Rep\u00fablica, Uruguay).<\/p>\n<p>Estudi\u00e9 arte textil con Ernesto Aroztegui (1986), xilograf\u00eda con Leonilda Gonz\u00e1lez (1992), tapiz con Gianella Machado (1982) y trabajo en metal con Alan Posse (2001).<\/p>\n<p>Fui curadora de varias muestras. Entre ellas, la Primera Muestra de Intercambio Internacional de Arte Material Uruguay \u2013 China que re\u00fane 22 artistas de Uruguay y 32 de China, actualmente en exhibici\u00f3n en la plataforma de la Universidad de Tsinghua en China; Desbordada de Cathy Burghi, artista uruguaya residente en el exterior, en el Centro de Exposiciones Subte (2013). Asimismo, fui asistente de curadur\u00eda de Jorge Soto, para la muestra El Rev\u00e9s de la Trama. Exposici\u00f3n Retrospectiva de Ernesto Aroztegui. Centro de Exposiciones Subte (2014).<\/p>\n<p>En 2020 fui invitada por Art for Amnesty, a realizar el dise\u00f1o de un tapiz de 4m x 2m, que ser\u00e1 tejido en los talleres en Aubusson-Felletin, Francia, donde este arte es Patrimonio Inmaterial de la Humanidad (UNESCO). Realic\u00e9 una visita t\u00e9cnica para la preparaci\u00f3n del tapiz en noviembre de 2021.<\/p>\n<p><strong>Particip\u00e9 en diversas exposiciones individuales y colectivas desde 1984 entre las que se destacan:<\/strong><\/p>\n<p>2021. Intemperie \/ Out in the Open. Exposici\u00f3n virtual en la Universidad de Tsinghua, Beijing, China.<\/p>\n<p>2018. Intemperie \/ Out in the Open, Primer Festival de Escultura Contempor\u00e1nea. Pingyao, China<\/p>\n<p>2017. Intemperie \/ Out in the Open, Rotonda de las Naciones Unidas en Viena, Austria.<\/p>\n<p>2015. Po\u00e9ticas de la memoria, Centro de Exposiciones Subte.<\/p>\n<p>2012. Artigas, Torre Ejecutiva.<\/p>\n<p>2012. Arte en Uruguay Hoy, Auditorio del SODRE.<\/p>\n<p>2012. Arte en demolici\u00f3n II, Antigua imprenta Palabras Gratas.<\/p>\n<p>2011. Memorias y memorias, \u00edconos del bicentenario, Torre Ejecutiva.<\/p>\n<p>2011. Arte en demolici\u00f3n I, Vivienda Tiscornia.<\/p>\n<p>2010. NOON Activate, Aeropuerto Internacional de Carrasco.<\/p>\n<p>2010. El traje nuevo de la emperatriz III, Museo de la Memoria (MUME).<\/p>\n<p>2010. Ancestros, Alianza Francesa.<\/p>\n<p>2009. Inclemencia del tiempo, Centro de Exposiciones Subte.<\/p>\n<p>2009. Blowing in the Wind, Toll Gallery.<\/p>\n<p>2008. Primer aniversario del Museo de la Memoria, Museo de la Memoria (MUME).<\/p>\n<p>2008. Rojo, La Pasionaria.<\/p>\n<p>2008. Sat\u00e9lites de Amor 06, Museo Nacional de Artes Visuales.<\/p>\n<p>1994. XIX Encuentro Nacional de Arte Textil, Centro de Exposiciones Subte.<\/p>\n<p>1992. Primer Festival del Papel, Montevideo Shopping Center.<\/p>\n<p>1987. VII Encuentro Nacional de Arte Textil, Centro de Exposiciones Subte.<\/p>\n<p>1984. IV Bienal del Tapiz de Lana, exposici\u00f3n itinerante.<\/p>\n<p>Integro el primer libro que presenta la historia de este arte en Uruguay: Rissolini, Aldo (2016) Tapices del Uruguay. Tendencias y artistas (1960 \u2013 2015), como referente entrevistada. Intemperie ha sido incluida en el libro.<\/p>\n<p><strong>Particip\u00e9 en dos concursos de proyectos de arquitectura:<\/strong><\/p>\n<p>2016. Concurso de proyectos para un Espacio Memorial Penal de Libertad.<\/p>\n<p>Primer premio junto al Arq. Javier Olascoaga,.<\/p>\n<p>2018. Concurso-Licitaci\u00f3n P\u00fablica para el Proyecto y Ejecuci\u00f3n de Obra del Espacio<\/p>\n<p>P\u00fablico Las Pioneras.<\/p>\n<p>Primera Menci\u00f3n como parte del equipo integrado tambi\u00e9n por Arq. Javier Olascoaga, Arq. Helena Imhof, Arq. Ana Laura V\u00e1zquez, Arq. Nadia Guadalupe, Arq. Pablo Frontini, con la colaboraci\u00f3n de Arq. Ana Gilmet, Arq. Mari\u00e1ngeles Longo, Arq. Mariana Souto, Ing. Agr. Rafael Dodera, Ing. Agr. Elena Beyhaut, Estudio mu!!!.<\/p>\n<p>He integrado diversos jurados para concursos de proyectos art\u00edsticos, entre ellos el concurso para un mural en homenaje a las mujeres de la cultura uruguaya, en el espacio exterior del Teatro Sol\u00eds de Montevideo.<\/p>\n<p>Por otra parte, en 2012 fui designada Viceministra de Vivienda, Ordenamiento Territorial y Medio Ambiente en Uruguay, siendo responsable de la agenda ambiental internacional, representando al pa\u00eds en diversos \u00e1mbitos vinculados al desarrollo sostenible, h\u00e1bitat, territorio, cambio clim\u00e1tico, gesti\u00f3n de riesgo de desastres.<\/p>\n<p>Previamente fui redactora del Plan Nacional de Vivienda 2010-2014, que incluy\u00f3 el Plan Nacional de Relocalizaciones para familias ubicadas en tierras inundables y\/o contaminadas, premiado en 2014 por la Convenci\u00f3n Marco de las Naciones Unidas sobre el Cambio Clim\u00e1tico (UNFCCC) en la iniciativa Momentum for Change.<\/p>\n<p>Desde 2015, soy consultora para diversos programas y proyectos de organismos internacionales (UNDRR, OIM, PNUD, ONU H\u00e1bitat, CEPAL, CMNUCC, CEPREDENAC, Banco Mundial y otros), universidades y organizaciones de la sociedad civil, en gesti\u00f3n del riesgo de desastres, cambio clim\u00e1tico y otros temas vinculados al desarrollo sostenible. Integr\u00e9 el equipo que con el impulso de la Oficina de las Naciones Unidas para la Reducci\u00f3n de Riesgo de Desastres (UNDRR) elabor\u00f3 el primer Reporte Regional del estado de la situaci\u00f3n de la Reducci\u00f3n del Riesgo de Desastres en las Am\u00e9ricas y el Caribe (RAR2021).<\/p>\n<p>&nbsp;<\/p>\n<p>&nbsp;<\/p>\n<p>&nbsp;<\/p>\n","protected":false},"excerpt":{"rendered":"<p>Intemperie \u00a1Pr\u00f3xima apertura!<br \/>\nInauguraci\u00f3n: 17 de agosto del 2023<br \/>\nRaquel Lejtreger<\/p>\n<p>Museo de Arte y Dise\u00f1o Contempor\u00e1neo de Costa Rica<\/p>\n<p>Intemperie es una instalaci\u00f3n acerca de los efectos del cambio clim\u00e1tico en la vida cotidiana de las personas, basada en la experiencia de 15 a\u00f1os de trabajo con personas afectadas por las inundaciones.<\/p>\n<p>Es una aproximaci\u00f3n humanista a la dimensi\u00f3n simb\u00f3lica del cambio clim\u00e1tico, los desastres y los conflictos, y una reflexi\u00f3n acerca del territorio, la patria, el lugar.<\/p>\n<p>La artista, @raquel.lejtreger , re\u00fane im\u00e1genes, testimonios de personas afectadas, documentos, apuntes realizados en el trabajo de campo, pensamientos, poemas y otros textos relacionados con esta tem\u00e1tica.<\/p>\n","protected":false},"author":8,"featured_media":92265,"comment_status":"closed","ping_status":"closed","sticky":false,"template":"","format":"standard","meta":{"om_disable_all_campaigns":false,"ngg_post_thumbnail":0,"jnews-multi-image_gallery":[],"jnews_single_post":{"subtitle":"Inauguraci\u00f3n: 17 de agosto del 2023","format":"standard","video":"","gallery":"","source_name":"","source_url":"","via_name":"","via_url":"","override_template":"0","override":[{"template":"4","single_blog_custom":"","parallax":"1","fullscreen":"0","layout":"right-sidebar","sidebar":"default-sidebar","second_sidebar":"default-sidebar","sticky_sidebar":"1","share_position":"bottom","share_float_style":"share-monocrhome","show_share_counter":"1","show_view_counter":"1","show_featured":"1","show_post_meta":"1","show_post_author":"1","show_post_author_image":"1","show_post_date":"1","post_date_format":"default","post_date_format_custom":"Y\/m\/d","show_post_category":"1","show_post_reading_time":"0","post_reading_time_wpm":"300","show_zoom_button":"0","zoom_button_out_step":"2","zoom_button_in_step":"3","show_post_tag":"1","show_prev_next_post":"1","show_popup_post":"1","number_popup_post":"1","show_author_box":"1","show_post_related":"0","show_inline_post_related":"0","post_calculate_word_method":"str_word_count","show_comment_section":"1"}],"override_image_size":"0","image_override":[{"single_post_thumbnail_size":"no-crop","single_post_gallery_size":"crop-500"}],"trending_post":"0","trending_post_position":"meta","trending_post_label":"Trending","sponsored_post":"0","sponsored_post_label":"Sponsored by","sponsored_post_name":"","sponsored_post_url":"","sponsored_post_logo_enable":"0","sponsored_post_logo":"","sponsored_post_desc":"","disable_ad":"0"},"jnews_primary_category":{"id":"","hide":""},"jnews_social_meta":{"fb_title":"","fb_description":"","fb_image":"","twitter_title":"","twitter_description":"","twitter_image":""},"jnews_override_counter":{"override_view_counter":"0","view_counter_number":"0","override_share_counter":"0","share_counter_number":"0","override_like_counter":"0","like_counter_number":"0","override_dislike_counter":"0","dislike_counter_number":"0"},"footnotes":""},"categories":[52],"tags":[5410,19993,5409,1739],"class_list":["post-92263","post","type-post","status-publish","format-standard","has-post-thumbnail","hentry","category-artista","tag-intemperie","tag-museo-de-arte-y-diseno-contemporaneo-de-costa-rica","tag-out-in-the-open","tag-raquel-lejtreger"],"yoast_head":"<!-- This site is optimized with the Yoast SEO plugin v27.5 - https:\/\/yoast.com\/product\/yoast-seo-wordpress\/ -->\n<title>Intemperie de Raquel Lejtreger en Museo de Arte y Dise\u00f1o Contempor\u00e1neo de Costa Rica - Cooltivarte Portal<\/title>\n<meta name=\"description\" content=\"Intemperie es una instalaci\u00f3n acerca de los efectos del cambio clim\u00e1tico en la vida cotidiana de las personas, basada en la experiencia de 15 a\u00f1os de trabajo con personas afectadas por las inundaciones.\" \/>\n<meta name=\"robots\" content=\"index, follow, max-snippet:-1, max-image-preview:large, max-video-preview:-1\" \/>\n<link rel=\"canonical\" href=\"https:\/\/cooltivarte.com\/portal\/intemperie-de-raquel-lejtreger-en-museo-de-arte-y-diseno-contemporaneo-de-costa-rica\/\" \/>\n<meta property=\"og:locale\" content=\"es_ES\" \/>\n<meta property=\"og:type\" content=\"article\" \/>\n<meta property=\"og:title\" content=\"Intemperie de Raquel Lejtreger en Museo de Arte y Dise\u00f1o Contempor\u00e1neo de Costa Rica - Inauguraci\u00f3n: 17 de agosto del 2023 @MuseoMADC @RaquelLejtreger\" \/>\n<meta property=\"og:description\" content=\"Intemperie es una instalaci\u00f3n acerca de los efectos del cambio clim\u00e1tico en la vida cotidiana de las personas, basada en la experiencia de 15 a\u00f1os de trabajo con personas afectadas por las inundaciones.\" \/>\n<meta property=\"og:url\" content=\"https:\/\/cooltivarte.com\/portal\/intemperie-de-raquel-lejtreger-en-museo-de-arte-y-diseno-contemporaneo-de-costa-rica\/\" \/>\n<meta property=\"og:site_name\" content=\"Cooltivarte Portal\" \/>\n<meta property=\"article:publisher\" content=\"https:\/\/www.facebook.com\/cooltivartecom\/\" \/>\n<meta property=\"article:author\" content=\"https:\/\/www.facebook.com\/cooltivartecom\" \/>\n<meta property=\"article:published_time\" content=\"2023-08-01T14:15:34+00:00\" \/>\n<meta property=\"article:modified_time\" content=\"2026-03-25T14:19:34+00:00\" \/>\n<meta property=\"og:image\" content=\"https:\/\/cooltivarte.com\/portal\/wp-content\/uploads\/2023\/08\/raquel.jpg\" \/>\n\t<meta property=\"og:image:width\" content=\"598\" \/>\n\t<meta property=\"og:image:height\" content=\"597\" \/>\n\t<meta property=\"og:image:type\" content=\"image\/jpeg\" \/>\n<meta name=\"author\" content=\"Cooltivarte\" \/>\n<meta name=\"twitter:card\" content=\"summary_large_image\" \/>\n<meta name=\"twitter:title\" content=\"Intemperie de Raquel Lejtreger en Museo de Arte y Dise\u00f1o Contempor\u00e1neo de Costa Rica - Inauguraci\u00f3n: 17 de agosto del 2023 @MuseoMADC @RaquelLejtreger\" \/>\n<meta name=\"twitter:description\" content=\"Intemperie es una instalaci\u00f3n acerca de los efectos del cambio clim\u00e1tico en la vida cotidiana de las personas, basada en la experiencia de 15 a\u00f1os de trabajo con personas afectadas por las inundaciones.\" \/>\n<meta name=\"twitter:image\" content=\"https:\/\/cooltivarte.com\/portal\/wp-content\/uploads\/2023\/08\/raquel.jpg\" \/>\n<meta name=\"twitter:creator\" content=\"@https:\/\/x.com\/obolocultural\" \/>\n<meta name=\"twitter:site\" content=\"@obolocultural\" \/>\n<meta name=\"twitter:label1\" content=\"Escrito por\" \/>\n\t<meta name=\"twitter:data1\" content=\"Cooltivarte\" \/>\n\t<meta name=\"twitter:label2\" content=\"Tiempo de lectura\" \/>\n\t<meta name=\"twitter:data2\" content=\"8 minutos\" \/>\n<!-- \/ Yoast SEO plugin. -->","yoast_head_json":{"title":"Intemperie de Raquel Lejtreger en Museo de Arte y Dise\u00f1o Contempor\u00e1neo de Costa Rica - Cooltivarte Portal","description":"Intemperie es una instalaci\u00f3n acerca de los efectos del cambio clim\u00e1tico en la vida cotidiana de las personas, basada en la experiencia de 15 a\u00f1os de trabajo con personas afectadas por las inundaciones.","robots":{"index":"index","follow":"follow","max-snippet":"max-snippet:-1","max-image-preview":"max-image-preview:large","max-video-preview":"max-video-preview:-1"},"canonical":"https:\/\/cooltivarte.com\/portal\/intemperie-de-raquel-lejtreger-en-museo-de-arte-y-diseno-contemporaneo-de-costa-rica\/","og_locale":"es_ES","og_type":"article","og_title":"Intemperie de Raquel Lejtreger en Museo de Arte y Dise\u00f1o Contempor\u00e1neo de Costa Rica - Inauguraci\u00f3n: 17 de agosto del 2023 @MuseoMADC @RaquelLejtreger","og_description":"Intemperie es una instalaci\u00f3n acerca de los efectos del cambio clim\u00e1tico en la vida cotidiana de las personas, basada en la experiencia de 15 a\u00f1os de trabajo con personas afectadas por las inundaciones.","og_url":"https:\/\/cooltivarte.com\/portal\/intemperie-de-raquel-lejtreger-en-museo-de-arte-y-diseno-contemporaneo-de-costa-rica\/","og_site_name":"Cooltivarte Portal","article_publisher":"https:\/\/www.facebook.com\/cooltivartecom\/","article_author":"https:\/\/www.facebook.com\/cooltivartecom","article_published_time":"2023-08-01T14:15:34+00:00","article_modified_time":"2026-03-25T14:19:34+00:00","og_image":[{"width":598,"height":597,"url":"https:\/\/cooltivarte.com\/portal\/wp-content\/uploads\/2023\/08\/raquel.jpg","type":"image\/jpeg"}],"author":"Cooltivarte","twitter_card":"summary_large_image","twitter_title":"Intemperie de Raquel Lejtreger en Museo de Arte y Dise\u00f1o Contempor\u00e1neo de Costa Rica - Inauguraci\u00f3n: 17 de agosto del 2023 @MuseoMADC @RaquelLejtreger","twitter_description":"Intemperie es una instalaci\u00f3n acerca de los efectos del cambio clim\u00e1tico en la vida cotidiana de las personas, basada en la experiencia de 15 a\u00f1os de trabajo con personas afectadas por las inundaciones.","twitter_image":"https:\/\/cooltivarte.com\/portal\/wp-content\/uploads\/2023\/08\/raquel.jpg","twitter_creator":"@https:\/\/x.com\/obolocultural","twitter_site":"@obolocultural","twitter_misc":{"Escrito por":"Cooltivarte","Tiempo de lectura":"8 minutos"},"schema":{"@context":"https:\/\/schema.org","@graph":[{"@type":"NewsArticle","@id":"https:\/\/cooltivarte.com\/portal\/intemperie-de-raquel-lejtreger-en-museo-de-arte-y-diseno-contemporaneo-de-costa-rica\/#article","isPartOf":{"@id":"https:\/\/cooltivarte.com\/portal\/intemperie-de-raquel-lejtreger-en-museo-de-arte-y-diseno-contemporaneo-de-costa-rica\/"},"author":{"name":"Cooltivarte","@id":"https:\/\/cooltivarte.com\/portal\/#\/schema\/person\/ec2a4f4e71b740d0c559c0ab9a157e19"},"headline":"Intemperie de Raquel Lejtreger en Museo de Arte y Dise\u00f1o Contempor\u00e1neo de Costa Rica","datePublished":"2023-08-01T14:15:34+00:00","dateModified":"2026-03-25T14:19:34+00:00","mainEntityOfPage":{"@id":"https:\/\/cooltivarte.com\/portal\/intemperie-de-raquel-lejtreger-en-museo-de-arte-y-diseno-contemporaneo-de-costa-rica\/"},"wordCount":1593,"publisher":{"@id":"https:\/\/cooltivarte.com\/portal\/#organization"},"image":{"@id":"https:\/\/cooltivarte.com\/portal\/intemperie-de-raquel-lejtreger-en-museo-de-arte-y-diseno-contemporaneo-de-costa-rica\/#primaryimage"},"thumbnailUrl":"https:\/\/cooltivarte.com\/portal\/wp-content\/uploads\/2023\/08\/raquel.jpg","keywords":["INTEMPERIE","Museo de Arte y Dise\u00f1o Contempor\u00e1neo de Costa Rica","OUT IN THE OPEN","Raquel Lejtreger"],"articleSection":["Arte"],"inLanguage":"es-AR"},{"@type":"WebPage","@id":"https:\/\/cooltivarte.com\/portal\/intemperie-de-raquel-lejtreger-en-museo-de-arte-y-diseno-contemporaneo-de-costa-rica\/","url":"https:\/\/cooltivarte.com\/portal\/intemperie-de-raquel-lejtreger-en-museo-de-arte-y-diseno-contemporaneo-de-costa-rica\/","name":"Intemperie de Raquel Lejtreger en Museo de Arte y Dise\u00f1o Contempor\u00e1neo de Costa Rica - Cooltivarte Portal","isPartOf":{"@id":"https:\/\/cooltivarte.com\/portal\/#website"},"primaryImageOfPage":{"@id":"https:\/\/cooltivarte.com\/portal\/intemperie-de-raquel-lejtreger-en-museo-de-arte-y-diseno-contemporaneo-de-costa-rica\/#primaryimage"},"image":{"@id":"https:\/\/cooltivarte.com\/portal\/intemperie-de-raquel-lejtreger-en-museo-de-arte-y-diseno-contemporaneo-de-costa-rica\/#primaryimage"},"thumbnailUrl":"https:\/\/cooltivarte.com\/portal\/wp-content\/uploads\/2023\/08\/raquel.jpg","datePublished":"2023-08-01T14:15:34+00:00","dateModified":"2026-03-25T14:19:34+00:00","description":"Intemperie es una instalaci\u00f3n acerca de los efectos del cambio clim\u00e1tico en la vida cotidiana de las personas, basada en la experiencia de 15 a\u00f1os de trabajo con personas afectadas por las inundaciones.","breadcrumb":{"@id":"https:\/\/cooltivarte.com\/portal\/intemperie-de-raquel-lejtreger-en-museo-de-arte-y-diseno-contemporaneo-de-costa-rica\/#breadcrumb"},"inLanguage":"es-AR","potentialAction":[{"@type":"ReadAction","target":["https:\/\/cooltivarte.com\/portal\/intemperie-de-raquel-lejtreger-en-museo-de-arte-y-diseno-contemporaneo-de-costa-rica\/"]}]},{"@type":"ImageObject","inLanguage":"es-AR","@id":"https:\/\/cooltivarte.com\/portal\/intemperie-de-raquel-lejtreger-en-museo-de-arte-y-diseno-contemporaneo-de-costa-rica\/#primaryimage","url":"https:\/\/cooltivarte.com\/portal\/wp-content\/uploads\/2023\/08\/raquel.jpg","contentUrl":"https:\/\/cooltivarte.com\/portal\/wp-content\/uploads\/2023\/08\/raquel.jpg","width":598,"height":597,"caption":"Intemperie de Raquel Lejtreger en Museo de Arte y Dise\u00f1o Contempor\u00e1neo de Costa Rica"},{"@type":"BreadcrumbList","@id":"https:\/\/cooltivarte.com\/portal\/intemperie-de-raquel-lejtreger-en-museo-de-arte-y-diseno-contemporaneo-de-costa-rica\/#breadcrumb","itemListElement":[{"@type":"ListItem","position":1,"name":"Portada","item":"https:\/\/cooltivarte.com\/portal\/"},{"@type":"ListItem","position":2,"name":"Intemperie de Raquel Lejtreger en Museo de Arte y Dise\u00f1o Contempor\u00e1neo de Costa Rica"}]},{"@type":"WebSite","@id":"https:\/\/cooltivarte.com\/portal\/#website","url":"https:\/\/cooltivarte.com\/portal\/","name":"Cooltivarte Portal","description":"Arte, cultura y turismo para el mundo ...","publisher":{"@id":"https:\/\/cooltivarte.com\/portal\/#organization"},"potentialAction":[{"@type":"SearchAction","target":{"@type":"EntryPoint","urlTemplate":"https:\/\/cooltivarte.com\/portal\/?s={search_term_string}"},"query-input":{"@type":"PropertyValueSpecification","valueRequired":true,"valueName":"search_term_string"}}],"inLanguage":"es-AR"},{"@type":"Organization","@id":"https:\/\/cooltivarte.com\/portal\/#organization","name":"cooltivarte","url":"https:\/\/cooltivarte.com\/portal\/","logo":{"@type":"ImageObject","inLanguage":"es-AR","@id":"https:\/\/cooltivarte.com\/portal\/#\/schema\/logo\/image\/","url":"https:\/\/cooltivarte.com\/portal\/wp-content\/uploads\/2020\/04\/logo-cooltivarte-v2.png","contentUrl":"https:\/\/cooltivarte.com\/portal\/wp-content\/uploads\/2020\/04\/logo-cooltivarte-v2.png","width":851,"height":243,"caption":"cooltivarte"},"image":{"@id":"https:\/\/cooltivarte.com\/portal\/#\/schema\/logo\/image\/"},"sameAs":["https:\/\/www.facebook.com\/cooltivartecom\/","https:\/\/x.com\/obolocultural","https:\/\/www.instagram.com\/_cooltivarte_\/","https:\/\/www.linkedin.com\/company\/-bolocultural?reportsuccess=8zaNG1HwhPbAR9iQhZ5rfGeqz_vQFftHun0ZWU0Wy9vNemRJ8vtcKdJvzQfW8XagyOJSKg0XvfJ1dp","https:\/\/www.pinterest.com\/cooltivarte\/","https:\/\/cooltivarte.tumblr.com\/","https:\/\/www.tiktok.com\/@cooltivarte","https:\/\/www.youtube.com\/@PrensaCooltivarte"]},{"@type":"Person","@id":"https:\/\/cooltivarte.com\/portal\/#\/schema\/person\/ec2a4f4e71b740d0c559c0ab9a157e19","name":"Cooltivarte","image":{"@type":"ImageObject","inLanguage":"es-AR","@id":"https:\/\/cooltivarte.com\/portal\/wp-content\/uploads\/2014\/05\/logo-cooltivarte-120x120.jpg","url":"https:\/\/cooltivarte.com\/portal\/wp-content\/uploads\/2014\/05\/logo-cooltivarte-120x120.jpg","contentUrl":"https:\/\/cooltivarte.com\/portal\/wp-content\/uploads\/2014\/05\/logo-cooltivarte-120x120.jpg","caption":"Cooltivarte"},"description":"Somos COOLTIVARTE.COM. Un portal digital dedicado a difundir el acontecer art\u00edstico y cultural del Uruguay. Estamos en la vuelta desde el a\u00f1o 2003, y como evoluci\u00f3n del bolet\u00edn Obolo Cultural, nos encontramos abocados a apoyar a los artistas nacionales brind\u00e1ndoles un espacio de difusi\u00f3n. Creemos en la idea de utilizar la potencialidad que hoy d\u00eda nos otorga la web, para que la cultura uruguaya y sus creadores dispongan de una din\u00e1mica ventana, que los ponga en contacto entre s\u00ed y con el mundo. Somos COOLTIVARTE.COM y pretendemos configurarnos como un portal din\u00e1mico, entretenido y atento a los nuevos emprendimientos, que busque siempre la interacci\u00f3n con los artistas.","sameAs":["http:\/\/www.cooltivarte.com","https:\/\/www.facebook.com\/cooltivartecom","https:\/\/www.instagram.com\/_cooltivarte_\/","https:\/\/www.linkedin.com\/company\/-bolocultural","https:\/\/www.pinterest.com\/cooltivarte\/","https:\/\/x.com\/https:\/\/x.com\/obolocultural","https:\/\/www.youtube.com\/@PrensaCooltivarte","https:\/\/www.tumblr.com\/blog\/cooltivarte"],"url":"https:\/\/cooltivarte.com\/portal\/author\/cooltivarte\/"}]}},"_links":{"self":[{"href":"https:\/\/cooltivarte.com\/portal\/wp-json\/wp\/v2\/posts\/92263","targetHints":{"allow":["GET"]}}],"collection":[{"href":"https:\/\/cooltivarte.com\/portal\/wp-json\/wp\/v2\/posts"}],"about":[{"href":"https:\/\/cooltivarte.com\/portal\/wp-json\/wp\/v2\/types\/post"}],"author":[{"embeddable":true,"href":"https:\/\/cooltivarte.com\/portal\/wp-json\/wp\/v2\/users\/8"}],"replies":[{"embeddable":true,"href":"https:\/\/cooltivarte.com\/portal\/wp-json\/wp\/v2\/comments?post=92263"}],"version-history":[{"count":5,"href":"https:\/\/cooltivarte.com\/portal\/wp-json\/wp\/v2\/posts\/92263\/revisions"}],"predecessor-version":[{"id":124318,"href":"https:\/\/cooltivarte.com\/portal\/wp-json\/wp\/v2\/posts\/92263\/revisions\/124318"}],"wp:featuredmedia":[{"embeddable":true,"href":"https:\/\/cooltivarte.com\/portal\/wp-json\/wp\/v2\/media\/92265"}],"wp:attachment":[{"href":"https:\/\/cooltivarte.com\/portal\/wp-json\/wp\/v2\/media?parent=92263"}],"wp:term":[{"taxonomy":"category","embeddable":true,"href":"https:\/\/cooltivarte.com\/portal\/wp-json\/wp\/v2\/categories?post=92263"},{"taxonomy":"post_tag","embeddable":true,"href":"https:\/\/cooltivarte.com\/portal\/wp-json\/wp\/v2\/tags?post=92263"}],"curies":[{"name":"wp","href":"https:\/\/api.w.org\/{rel}","templated":true}]}}