{"id":91956,"date":"2023-07-24T10:19:22","date_gmt":"2023-07-24T13:19:22","guid":{"rendered":"https:\/\/cooltivarte.com\/portal\/?p=91956"},"modified":"2023-07-24T19:04:13","modified_gmt":"2023-07-24T22:04:13","slug":"pochola-la-murga","status":"publish","type":"post","link":"https:\/\/cooltivarte.com\/portal\/pochola-la-murga\/","title":{"rendered":"Pochola, la murga"},"content":{"rendered":"<p><img fetchpriority=\"high\" decoding=\"async\" class=\"aligncenter wp-image-91957 size-full\" title=\"Pochola, la murga\" src=\"https:\/\/cooltivarte.com\/portal\/wp-content\/uploads\/2023\/07\/pochola.png\" alt=\"Pochola, la murga\" width=\"742\" height=\"1048\" srcset=\"https:\/\/cooltivarte.com\/portal\/wp-content\/uploads\/2023\/07\/pochola.png 742w, https:\/\/cooltivarte.com\/portal\/wp-content\/uploads\/2023\/07\/pochola-212x300.png 212w, https:\/\/cooltivarte.com\/portal\/wp-content\/uploads\/2023\/07\/pochola-725x1024.png 725w\" sizes=\"(max-width: 742px) 100vw, 742px\" \/><\/p>\n<p>&nbsp;<\/p>\n<p style=\"text-align: center;\"><strong>Estreno 28 de Julio, 20hs &#8211; Auditorio Batalla de Las Piedras<\/strong><\/p>\n<p style=\"text-align: center;\"><strong>S\u00e1bado 29 de Julio, 20hs- Politeama<\/strong><\/p>\n<p style=\"text-align: center;\"><strong>S\u00e1bado 9 de Septiembre, 20hs- ACJ<\/strong><\/p>\n<p style=\"text-align: center;\"><strong>Domingo 10 de Septiembre, 20hs- ACJ<\/strong><\/p>\n<p>&nbsp;<\/p>\n<p>Un Biodrama sobre mi madre, Juana \u201cPochola\u201d Silva, creadora y directora de la primera murga de mujeres de los a\u00f1os 50, llamada \u201cRumbo al infierno\u201d. Obra escrita en el Posgrado de Dramaturgia de la Universidad Nacional de las Artes, con el asesoramiento dramat\u00fargico de Vivi Tellas.<\/p>\n<p><strong>Dramaturgia y direcci\u00f3n: Majo Silva\/ Int\u00e9rpretes: Richard Riveiro, Victoria Guti\u00e9rrez, Irene Castro, Trilce Medina, Lucas Silveira Coello, Carmen Pastorini, y Majo Silva.<\/strong><\/p>\n<p>M\u00fasica original: Victoria Guti\u00e9rrez y Dami\u00e1n Ricart\/ Redes sociales: @pocholamurga @majosilvateatro<\/p>\n<p>La obra recibi\u00f3 el premio en Artes esc\u00e9nicas \u201cCanelones Prende- Fondos Culturales 2022\u201d, Uruguay. Fue seleccionada por Proteatro 2023, Argentina.<\/p>\n<p>Se trata de un Biodrama atravesado por la memoria hist\u00f3rica y la perspectiva de g\u00e9nero. Una obra que se encuentra dialogando entre un formato de teatro documental y la estructura de una murga, que interpreta a las mujeres de \u201cRumbo al infierno\u201d, cantando en vivo. Dicho cruce da origen a una obra original en cuanto a la forma y a la historia que cuenta, que si bien es real, no se ha visibilizado como deber\u00eda, siendo que se trata de un surgimiento feminista de mediados del siglo. Una dramaturgia rioplatense que da a conocer a una pionera junto a un grupo de mujeres que rompieron las formas impuestas. \u201cPochola, la murga\u201d es un historia que se dirige a todas aquellas personas que luchan por sus sue\u00f1os. Una obra autobiogr\u00e1fica que aborda el rol de la mujer en el carnaval y en la sociedad, atravesando los a\u00f1os cincuenta hasta la actualidad. Abord\u00e9 la construcci\u00f3n de la obra a partir de una foto de mi madre que data del a\u00f1o 1958, ella como directora de \u201cRumbo al infierno\u201d, la primera murga \u00edntegramente de mujeres que particip\u00f3 en el Carnaval oficial. En un tiempo en donde el rol de la mujer estaba limitado a los quehaceres dom\u00e9sticos, estas muchachas decidieron atravesar un sin fin de prejuicios y limitaciones que acarreaba semejante rebeld\u00eda, rompiendo el statu quo con su arte. La historia transcurre entre Argentinay Uruguay, proyect\u00e1ndose entre ambos pa\u00edses como fue la vida de mi madre, la m\u00eda y la de tantas personas que viven &nbsp;scindidas entre un lugar y otro. La estructura de la obra tambi\u00e9n se divide y se vuelve a encontrar entre situaciones de ficci\u00f3n y de realidad, entre partes actuadas y partes cantadas, porque la obra cuenta con un coro murguero que, por medio de canciones en vivo, finalizan las escenas transcurridas. Esta obra no solo visibiliza la historia de Pochola Silva y su murga de mujeres \u201cRumbo al infierno\u201d sino que tambi\u00e9n da cuenta de una parte de la historia de las mujeres rioplatenses, de nuestra identidad cultural, las distintas vivencias de una familia a trav\u00e9s del tiempo y el desarraigo que provoca vivir entre dos pa\u00edses. Una historia de amores y desamores que dialogan entre la ficci\u00f3n y la realidad, desde mediados del siglo XX a la actualidad.<\/p>\n<p>Su universo nos interpela poniendo de manifiesto situaciones que en el pasado y en el presente se repiten o se transforman construyendo nuestra propia identidad cultural. Las funciones se har\u00e1n en Argentina y Uruguay, con elencos distintos en ambos pa\u00edses.<\/p>\n<p><em><strong>Sobre Majo Silva:<\/strong> es actriz, directora, maestra de Teatro (Universidad Nacional de las Artes, UNA) Especialista en Dramaturgia por la UNA. Se ha formado con: Mauricio Kartun, Vivi Tellas, Maruja Bustamante, Lautaro Vilo, Ariel Barchil\u00f3n, Bartolone, y Ariel Farace. En actuaci\u00f3n con: Pedro Asquini, Alicia Bruzzo y Cristina Banegas, entre otros. Ha trabajado en teatro, cine y TV. En el terreno televisivo ha participado en m\u00e1s de una decena de programas, tales como: \u201cLa nena\u201d (Canal 9; 1996); \u201cSon amores\u201d (Canal 13; 2003); \u201cLa pulsera\u201d (Canal 7; 2017) En cine particip\u00f3 de la \u00f3pera prima de Paula Hern\u00e1ndez \u201cHerencia\u201d, interpretando a Loli amiga del personaje de Julieta D\u00edaz. Con su grupo Teatro en Construcci\u00f3n cre\u00f3 m\u00e1s de 15 obras que se han llevado a escena entre los a\u00f1os 2010 y 2022. Desde el a\u00f1o 2015 en adelante presenta el espect\u00e1culo teatral\/musical \u201cHomenaje a Tita Merello\u201d, con el Auspicio de Bam\u00fasica, Arg. En la actualidad investiga sobre g\u00e9nero y dramaturgia femenina, para su tesis de la Maestr\u00eda de Dramaturgia en la UNA. Trabaja para instituciones como maestra teatral. Su obra \u201cLa Floresta\u201d se origin\u00f3 en pandemia, recibi\u00f3 el Auspicio de Proteatro para producci\u00f3n de obra 2021, form\u00f3 parte del festival Argentina florece teatral organizado por el Instituto Nacional del Teatro y en el 2022 recibi\u00f3 el &nbsp;Auspicio de Proteatro para proyectos espaciales-circulaci\u00f3n. Su obra \u201cPochola, la murga\u201d recibi\u00f3 el premio Artes esc\u00e9nicas \u201cCanelones Prende-Fondos Culturales 2022\u201d, Uruguay y fue seleccionada por Proteatro, Argentina, 2023.<\/em><\/p>\n<p>&nbsp;<\/p>\n<p>Dramaturgia y direcci\u00f3n: Majo Silva<\/p>\n<p>Asesoramiento dramat\u00fargico: Vivi Tellas<\/p>\n<p>Int\u00e9rpretes: Richard Riveiro, Victoria Guti\u00e9rrez, Irene Castro, Trilce Medina, Lucas Silveira Coello, Carmen Pastorini, y Majo Silva.<\/p>\n<p>M\u00fasica original y producci\u00f3n musical: Dami\u00e1n Ricart- Victoria Guti\u00e9rrez<\/p>\n<p>Asistentes de direcci\u00f3n: Victoria Cestau- Gonzalo Pungitore<\/p>\n<p>Bater\u00eda de murga: P\u00eda Bava- Ximena Bouso<\/p>\n<p>Realizaci\u00f3n de casquetes: Alfredo Iriarte<\/p>\n<p>Realizaci\u00f3n de vestuario: Luciana Sepulveda<\/p>\n<p>Dise\u00f1o de luces: Luis Emilio Cerna Mazier<\/p>\n<p>Dise\u00f1o de maquillaje: Maga Liendo<\/p>\n<p>Producci\u00f3n: Majo Silva<\/p>\n<p>Funciones: Viernes 28 de Julio- S\u00e1bado 29 de Julio- S\u00e1bado 9 y Domingo 10 de Septiembre &#8211; 20hs<\/p>\n<p>Salas seg\u00fan fecha: Auditoria batalla de La Piedras- Politeama-ACJ<\/p>\n<p>&nbsp;<\/p>\n<p>Entradas: En Canelones gratuitas con el auspicio del fondo Prende Canelones.<\/p>\n<p>En Montevideo, ACJ, valor $450 (promociones seg\u00fan corresponda)<\/p>\n<p>Redes: @pocholamurga @majosilvateatro<\/p>\n<p>Duraci\u00f3n de la obra: 60 minutos<\/p>\n<p>Contacto: Majo Silva<\/p>\n<p>Tel. (00549) 1161659919<\/p>\n<p>Email: majosilvaactriz@gmail.com<\/p>\n<p>https:\/\/majosilvaactriz.wixsite.com\/teatro<\/p>\n<p>&nbsp;<\/p>\n<p>&nbsp;<\/p>\n<p>&nbsp;<\/p>\n","protected":false},"excerpt":{"rendered":"<p>&nbsp; Estreno 28 de Julio, 20hs &#8211; Auditorio Batalla de Las Piedras S\u00e1bado 29 de Julio, 20hs- Politeama S\u00e1bado 9 de Septiembre, 20hs- ACJ Domingo 10 de Septiembre, 20hs- ACJ &nbsp; Un Biodrama sobre mi madre, Juana \u201cPochola\u201d Silva, creadora y directora de la primera murga de mujeres de los a\u00f1os 50, llamada \u201cRumbo al [&hellip;]<\/p>\n","protected":false},"author":8,"featured_media":91957,"comment_status":"closed","ping_status":"closed","sticky":false,"template":"","format":"standard","meta":{"om_disable_all_campaigns":false,"ngg_post_thumbnail":0,"jnews-multi-image_gallery":[],"jnews_single_post":{"subtitle":"Un Biodrama sobre mi madre, Juana \u201cPochola\u201d Silva, creadora y directora de la primera murga de mujeres de los a\u00f1os 50","format":"standard","video":"","gallery":"","source_name":"","source_url":"","via_name":"","via_url":"","override_template":"0","override":[{"template":"4","single_blog_custom":"","parallax":"1","fullscreen":"0","layout":"right-sidebar","sidebar":"default-sidebar","second_sidebar":"default-sidebar","sticky_sidebar":"1","share_position":"bottom","share_float_style":"share-monocrhome","show_share_counter":"1","show_view_counter":"1","show_featured":"1","show_post_meta":"1","show_post_author":"1","show_post_author_image":"1","show_post_date":"1","post_date_format":"default","post_date_format_custom":"Y\/m\/d","show_post_category":"1","show_post_reading_time":"0","post_reading_time_wpm":"300","show_zoom_button":"0","zoom_button_out_step":"2","zoom_button_in_step":"3","show_post_tag":"1","show_prev_next_post":"1","show_popup_post":"1","number_popup_post":"1","show_author_box":"1","show_post_related":"0","show_inline_post_related":"0"}],"override_image_size":"0","image_override":[{"single_post_thumbnail_size":"no-crop","single_post_gallery_size":"crop-500"}],"trending_post":"0","trending_post_position":"meta","trending_post_label":"Trending","sponsored_post":"0","sponsored_post_label":"Sponsored by","sponsored_post_name":"","sponsored_post_url":"","sponsored_post_logo_enable":"0","sponsored_post_logo":"","sponsored_post_desc":"","disable_ad":"0"},"jnews_primary_category":{"id":"","hide":""},"jnews_social_meta":{"fb_title":"","fb_description":"","fb_image":"","twitter_title":"","twitter_description":"","twitter_image":""},"jnews_override_counter":{"override_view_counter":"0","view_counter_number":"0","override_share_counter":"0","share_counter_number":"0","override_like_counter":"0","like_counter_number":"0","override_dislike_counter":"0","dislike_counter_number":"0"},"footnotes":""},"categories":[3394],"tags":[19958],"class_list":["post-91956","post","type-post","status-publish","format-standard","has-post-thumbnail","hentry","category-eventos","tag-juana-pochola-silva"],"yoast_head":"<!-- This site is optimized with the Yoast SEO plugin v27.5 - https:\/\/yoast.com\/product\/yoast-seo-wordpress\/ -->\n<title>Pochola, la murga - Cooltivarte Portal<\/title>\n<meta name=\"description\" content=\"Un Biodrama sobre mi madre, Juana \u201cPochola\u201d Silva, creadora y directora de la primera murga de mujeres de los a\u00f1os 50, llamada \u201cRumbo al infierno\u201d.\" \/>\n<meta name=\"robots\" content=\"index, follow, max-snippet:-1, max-image-preview:large, max-video-preview:-1\" \/>\n<link rel=\"canonical\" href=\"https:\/\/cooltivarte.com\/portal\/pochola-la-murga\/\" \/>\n<meta property=\"og:locale\" content=\"es_ES\" \/>\n<meta property=\"og:type\" content=\"article\" \/>\n<meta property=\"og:title\" content=\"Pochola, la murga\" \/>\n<meta property=\"og:description\" content=\"Un Biodrama sobre mi madre, Juana \u201cPochola\u201d Silva, creadora y directora de la primera murga de mujeres de los a\u00f1os 50, llamada \u201cRumbo al infierno\u201d.\" \/>\n<meta property=\"og:url\" content=\"https:\/\/cooltivarte.com\/portal\/pochola-la-murga\/\" \/>\n<meta property=\"og:site_name\" content=\"Cooltivarte Portal\" \/>\n<meta property=\"article:publisher\" content=\"https:\/\/www.facebook.com\/cooltivartecom\/\" \/>\n<meta property=\"article:author\" content=\"https:\/\/www.facebook.com\/cooltivartecom\" \/>\n<meta property=\"article:published_time\" content=\"2023-07-24T13:19:22+00:00\" \/>\n<meta property=\"article:modified_time\" content=\"2023-07-24T22:04:13+00:00\" \/>\n<meta property=\"og:image\" content=\"https:\/\/cooltivarte.com\/portal\/wp-content\/uploads\/2023\/07\/pochola.png\" \/>\n\t<meta property=\"og:image:width\" content=\"742\" \/>\n\t<meta property=\"og:image:height\" content=\"1048\" \/>\n\t<meta property=\"og:image:type\" content=\"image\/png\" \/>\n<meta name=\"author\" content=\"Cooltivarte\" \/>\n<meta name=\"twitter:card\" content=\"summary_large_image\" \/>\n<meta name=\"twitter:title\" content=\"Pochola, la murga\" \/>\n<meta name=\"twitter:description\" content=\"Un Biodrama sobre mi madre, Juana \u201cPochola\u201d Silva, creadora y directora de la primera murga de mujeres de los a\u00f1os 50, llamada \u201cRumbo al infierno\u201d.\" \/>\n<meta name=\"twitter:image\" content=\"https:\/\/cooltivarte.com\/portal\/wp-content\/uploads\/2023\/07\/pochola.png\" \/>\n<meta name=\"twitter:creator\" content=\"@https:\/\/x.com\/obolocultural\" \/>\n<meta name=\"twitter:site\" content=\"@obolocultural\" \/>\n<meta name=\"twitter:label1\" content=\"Escrito por\" \/>\n\t<meta name=\"twitter:data1\" content=\"Cooltivarte\" \/>\n\t<meta name=\"twitter:label2\" content=\"Tiempo de lectura\" \/>\n\t<meta name=\"twitter:data2\" content=\"5 minutos\" \/>\n<!-- \/ Yoast SEO plugin. -->","yoast_head_json":{"title":"Pochola, la murga - Cooltivarte Portal","description":"Un Biodrama sobre mi madre, Juana \u201cPochola\u201d Silva, creadora y directora de la primera murga de mujeres de los a\u00f1os 50, llamada \u201cRumbo al infierno\u201d.","robots":{"index":"index","follow":"follow","max-snippet":"max-snippet:-1","max-image-preview":"max-image-preview:large","max-video-preview":"max-video-preview:-1"},"canonical":"https:\/\/cooltivarte.com\/portal\/pochola-la-murga\/","og_locale":"es_ES","og_type":"article","og_title":"Pochola, la murga","og_description":"Un Biodrama sobre mi madre, Juana \u201cPochola\u201d Silva, creadora y directora de la primera murga de mujeres de los a\u00f1os 50, llamada \u201cRumbo al infierno\u201d.","og_url":"https:\/\/cooltivarte.com\/portal\/pochola-la-murga\/","og_site_name":"Cooltivarte Portal","article_publisher":"https:\/\/www.facebook.com\/cooltivartecom\/","article_author":"https:\/\/www.facebook.com\/cooltivartecom","article_published_time":"2023-07-24T13:19:22+00:00","article_modified_time":"2023-07-24T22:04:13+00:00","og_image":[{"width":742,"height":1048,"url":"https:\/\/cooltivarte.com\/portal\/wp-content\/uploads\/2023\/07\/pochola.png","type":"image\/png"}],"author":"Cooltivarte","twitter_card":"summary_large_image","twitter_title":"Pochola, la murga","twitter_description":"Un Biodrama sobre mi madre, Juana \u201cPochola\u201d Silva, creadora y directora de la primera murga de mujeres de los a\u00f1os 50, llamada \u201cRumbo al infierno\u201d.","twitter_image":"https:\/\/cooltivarte.com\/portal\/wp-content\/uploads\/2023\/07\/pochola.png","twitter_creator":"@https:\/\/x.com\/obolocultural","twitter_site":"@obolocultural","twitter_misc":{"Escrito por":"Cooltivarte","Tiempo de lectura":"5 minutos"},"schema":{"@context":"https:\/\/schema.org","@graph":[{"@type":"NewsArticle","@id":"https:\/\/cooltivarte.com\/portal\/pochola-la-murga\/#article","isPartOf":{"@id":"https:\/\/cooltivarte.com\/portal\/pochola-la-murga\/"},"author":{"name":"Cooltivarte","@id":"https:\/\/cooltivarte.com\/portal\/#\/schema\/person\/ec2a4f4e71b740d0c559c0ab9a157e19"},"headline":"Pochola, la murga","datePublished":"2023-07-24T13:19:22+00:00","dateModified":"2023-07-24T22:04:13+00:00","mainEntityOfPage":{"@id":"https:\/\/cooltivarte.com\/portal\/pochola-la-murga\/"},"wordCount":988,"publisher":{"@id":"https:\/\/cooltivarte.com\/portal\/#organization"},"image":{"@id":"https:\/\/cooltivarte.com\/portal\/pochola-la-murga\/#primaryimage"},"thumbnailUrl":"https:\/\/cooltivarte.com\/portal\/wp-content\/uploads\/2023\/07\/pochola.png","keywords":["Juana \u201cPochola\u201d Silva"],"articleSection":["Eventos"],"inLanguage":"es-AR"},{"@type":"WebPage","@id":"https:\/\/cooltivarte.com\/portal\/pochola-la-murga\/","url":"https:\/\/cooltivarte.com\/portal\/pochola-la-murga\/","name":"Pochola, la murga - Cooltivarte Portal","isPartOf":{"@id":"https:\/\/cooltivarte.com\/portal\/#website"},"primaryImageOfPage":{"@id":"https:\/\/cooltivarte.com\/portal\/pochola-la-murga\/#primaryimage"},"image":{"@id":"https:\/\/cooltivarte.com\/portal\/pochola-la-murga\/#primaryimage"},"thumbnailUrl":"https:\/\/cooltivarte.com\/portal\/wp-content\/uploads\/2023\/07\/pochola.png","datePublished":"2023-07-24T13:19:22+00:00","dateModified":"2023-07-24T22:04:13+00:00","description":"Un Biodrama sobre mi madre, Juana \u201cPochola\u201d Silva, creadora y directora de la primera murga de mujeres de los a\u00f1os 50, llamada \u201cRumbo al infierno\u201d.","breadcrumb":{"@id":"https:\/\/cooltivarte.com\/portal\/pochola-la-murga\/#breadcrumb"},"inLanguage":"es-AR","potentialAction":[{"@type":"ReadAction","target":["https:\/\/cooltivarte.com\/portal\/pochola-la-murga\/"]}]},{"@type":"ImageObject","inLanguage":"es-AR","@id":"https:\/\/cooltivarte.com\/portal\/pochola-la-murga\/#primaryimage","url":"https:\/\/cooltivarte.com\/portal\/wp-content\/uploads\/2023\/07\/pochola.png","contentUrl":"https:\/\/cooltivarte.com\/portal\/wp-content\/uploads\/2023\/07\/pochola.png","width":742,"height":1048,"caption":"Pochola, la murga"},{"@type":"BreadcrumbList","@id":"https:\/\/cooltivarte.com\/portal\/pochola-la-murga\/#breadcrumb","itemListElement":[{"@type":"ListItem","position":1,"name":"Portada","item":"https:\/\/cooltivarte.com\/portal\/"},{"@type":"ListItem","position":2,"name":"Pochola, la murga"}]},{"@type":"WebSite","@id":"https:\/\/cooltivarte.com\/portal\/#website","url":"https:\/\/cooltivarte.com\/portal\/","name":"Cooltivarte Portal","description":"Arte, cultura y turismo para el mundo ...","publisher":{"@id":"https:\/\/cooltivarte.com\/portal\/#organization"},"potentialAction":[{"@type":"SearchAction","target":{"@type":"EntryPoint","urlTemplate":"https:\/\/cooltivarte.com\/portal\/?s={search_term_string}"},"query-input":{"@type":"PropertyValueSpecification","valueRequired":true,"valueName":"search_term_string"}}],"inLanguage":"es-AR"},{"@type":"Organization","@id":"https:\/\/cooltivarte.com\/portal\/#organization","name":"cooltivarte","url":"https:\/\/cooltivarte.com\/portal\/","logo":{"@type":"ImageObject","inLanguage":"es-AR","@id":"https:\/\/cooltivarte.com\/portal\/#\/schema\/logo\/image\/","url":"https:\/\/cooltivarte.com\/portal\/wp-content\/uploads\/2020\/04\/logo-cooltivarte-v2.png","contentUrl":"https:\/\/cooltivarte.com\/portal\/wp-content\/uploads\/2020\/04\/logo-cooltivarte-v2.png","width":851,"height":243,"caption":"cooltivarte"},"image":{"@id":"https:\/\/cooltivarte.com\/portal\/#\/schema\/logo\/image\/"},"sameAs":["https:\/\/www.facebook.com\/cooltivartecom\/","https:\/\/x.com\/obolocultural","https:\/\/www.instagram.com\/_cooltivarte_\/","https:\/\/www.linkedin.com\/company\/-bolocultural?reportsuccess=8zaNG1HwhPbAR9iQhZ5rfGeqz_vQFftHun0ZWU0Wy9vNemRJ8vtcKdJvzQfW8XagyOJSKg0XvfJ1dp","https:\/\/www.pinterest.com\/cooltivarte\/","https:\/\/cooltivarte.tumblr.com\/","https:\/\/www.tiktok.com\/@cooltivarte","https:\/\/www.youtube.com\/@PrensaCooltivarte"]},{"@type":"Person","@id":"https:\/\/cooltivarte.com\/portal\/#\/schema\/person\/ec2a4f4e71b740d0c559c0ab9a157e19","name":"Cooltivarte","image":{"@type":"ImageObject","inLanguage":"es-AR","@id":"https:\/\/cooltivarte.com\/portal\/wp-content\/uploads\/2014\/05\/logo-cooltivarte-120x120.jpg","url":"https:\/\/cooltivarte.com\/portal\/wp-content\/uploads\/2014\/05\/logo-cooltivarte-120x120.jpg","contentUrl":"https:\/\/cooltivarte.com\/portal\/wp-content\/uploads\/2014\/05\/logo-cooltivarte-120x120.jpg","caption":"Cooltivarte"},"description":"Somos COOLTIVARTE.COM. Un portal digital dedicado a difundir el acontecer art\u00edstico y cultural del Uruguay. Estamos en la vuelta desde el a\u00f1o 2003, y como evoluci\u00f3n del bolet\u00edn Obolo Cultural, nos encontramos abocados a apoyar a los artistas nacionales brind\u00e1ndoles un espacio de difusi\u00f3n. Creemos en la idea de utilizar la potencialidad que hoy d\u00eda nos otorga la web, para que la cultura uruguaya y sus creadores dispongan de una din\u00e1mica ventana, que los ponga en contacto entre s\u00ed y con el mundo. Somos COOLTIVARTE.COM y pretendemos configurarnos como un portal din\u00e1mico, entretenido y atento a los nuevos emprendimientos, que busque siempre la interacci\u00f3n con los artistas.","sameAs":["http:\/\/www.cooltivarte.com","https:\/\/www.facebook.com\/cooltivartecom","https:\/\/www.instagram.com\/_cooltivarte_\/","https:\/\/www.linkedin.com\/company\/-bolocultural","https:\/\/www.pinterest.com\/cooltivarte\/","https:\/\/x.com\/https:\/\/x.com\/obolocultural","https:\/\/www.youtube.com\/@PrensaCooltivarte","https:\/\/www.tumblr.com\/blog\/cooltivarte"],"url":"https:\/\/cooltivarte.com\/portal\/author\/cooltivarte\/"}]}},"_links":{"self":[{"href":"https:\/\/cooltivarte.com\/portal\/wp-json\/wp\/v2\/posts\/91956","targetHints":{"allow":["GET"]}}],"collection":[{"href":"https:\/\/cooltivarte.com\/portal\/wp-json\/wp\/v2\/posts"}],"about":[{"href":"https:\/\/cooltivarte.com\/portal\/wp-json\/wp\/v2\/types\/post"}],"author":[{"embeddable":true,"href":"https:\/\/cooltivarte.com\/portal\/wp-json\/wp\/v2\/users\/8"}],"replies":[{"embeddable":true,"href":"https:\/\/cooltivarte.com\/portal\/wp-json\/wp\/v2\/comments?post=91956"}],"version-history":[{"count":3,"href":"https:\/\/cooltivarte.com\/portal\/wp-json\/wp\/v2\/posts\/91956\/revisions"}],"predecessor-version":[{"id":91978,"href":"https:\/\/cooltivarte.com\/portal\/wp-json\/wp\/v2\/posts\/91956\/revisions\/91978"}],"wp:featuredmedia":[{"embeddable":true,"href":"https:\/\/cooltivarte.com\/portal\/wp-json\/wp\/v2\/media\/91957"}],"wp:attachment":[{"href":"https:\/\/cooltivarte.com\/portal\/wp-json\/wp\/v2\/media?parent=91956"}],"wp:term":[{"taxonomy":"category","embeddable":true,"href":"https:\/\/cooltivarte.com\/portal\/wp-json\/wp\/v2\/categories?post=91956"},{"taxonomy":"post_tag","embeddable":true,"href":"https:\/\/cooltivarte.com\/portal\/wp-json\/wp\/v2\/tags?post=91956"}],"curies":[{"name":"wp","href":"https:\/\/api.w.org\/{rel}","templated":true}]}}