{"id":91836,"date":"2023-07-16T21:30:16","date_gmt":"2023-07-17T00:30:16","guid":{"rendered":"https:\/\/cooltivarte.com\/portal\/?p=91836"},"modified":"2023-07-16T21:37:13","modified_gmt":"2023-07-17T00:37:13","slug":"nuevos-rumbos-coleccion-benoit","status":"publish","type":"post","link":"https:\/\/cooltivarte.com\/portal\/nuevos-rumbos-coleccion-benoit\/","title":{"rendered":"NUEVOS RUMBOS &#8211; Colecci\u00f3n Benoit"},"content":{"rendered":"<figure id=\"attachment_91837\" aria-describedby=\"caption-attachment-91837\" style=\"width: 449px\" class=\"wp-caption aligncenter\"><img fetchpriority=\"high\" decoding=\"async\" class=\"wp-image-91837 size-full\" title=\"NUEVOS RUMBOS por Daniel Benoit Cassou \" src=\"https:\/\/cooltivarte.com\/portal\/wp-content\/uploads\/2023\/07\/NUEVOS-RUMBOS.jpg\" alt=\"NUEVOS RUMBOS por Daniel Benoit Cassou \" width=\"449\" height=\"538\" srcset=\"https:\/\/cooltivarte.com\/portal\/wp-content\/uploads\/2023\/07\/NUEVOS-RUMBOS.jpg 449w, https:\/\/cooltivarte.com\/portal\/wp-content\/uploads\/2023\/07\/NUEVOS-RUMBOS-250x300.jpg 250w\" sizes=\"(max-width: 449px) 100vw, 449px\" \/><figcaption id=\"caption-attachment-91837\" class=\"wp-caption-text\">NUEVOS RUMBOS por Daniel Benoit Cassou<\/figcaption><\/figure>\n<div class=\"x11i5rnm xat24cr x1mh8g0r x1vvkbs xtlvy1s x126k92a\">\n<div dir=\"auto\">&nbsp;<\/div>\n<div dir=\"auto\">Hoy cierro una etapa de vida.<\/div>\n<\/div>\n<div class=\"x11i5rnm xat24cr x1mh8g0r x1vvkbs xtlvy1s x126k92a\">\n<div dir=\"auto\">&nbsp;<\/div>\n<div dir=\"auto\">Hace 40 a\u00f1os comenc\u00e9 a adquirir obras de arte con el af\u00e1n de compenetrarme con el \u00e1mbito art\u00edstico, ni bien me involucr\u00e9 asistiendo al taller de Hugo Longa.<\/div>\n<div dir=\"auto\">&nbsp;<\/div>\n<div dir=\"auto\">Al principio, algunos amigos me ped\u00edan que les seleccionara obras para adquirir, a la vez que mis colegas artistas me ped\u00edan que les vendiera las suyas.<\/div>\n<\/div>\n<div class=\"x11i5rnm xat24cr x1mh8g0r x1vvkbs xtlvy1s x126k92a\">\n<div dir=\"auto\">&nbsp;<\/div>\n<div dir=\"auto\">Siempre escog\u00ed artistas emergentes de nuestra vanguardia y que estuvieran en actividad.<\/div>\n<div dir=\"auto\">&nbsp;<\/div>\n<div dir=\"auto\">Las \u00fanicas excepciones son los casos de Jos\u00e9 Pedro Costigliolo y Mar\u00eda Freire.<\/div>\n<\/div>\n<div class=\"x11i5rnm xat24cr x1mh8g0r x1vvkbs xtlvy1s x126k92a\">\n<div dir=\"auto\">&nbsp;<\/div>\n<div dir=\"auto\">En el momento en que vend\u00eda alguna obra, otra me lo compraba para mi.<\/div>\n<\/div>\n<div class=\"x11i5rnm xat24cr x1mh8g0r x1vvkbs xtlvy1s x126k92a\">\n<div dir=\"auto\">&nbsp;<\/div>\n<div dir=\"auto\">El eje de mi colecci\u00f3n es la d\u00e9cada de los 90 del siglo pasado.<\/div>\n<\/div>\n<div class=\"x11i5rnm xat24cr x1mh8g0r x1vvkbs xtlvy1s x126k92a\">\n<div dir=\"auto\">&nbsp;<\/div>\n<div dir=\"auto\">Cuando quise darme cuenta ten\u00eda mi apartamento tapizado en obras de arte.<\/div>\n<div dir=\"auto\">&nbsp;<\/div>\n<div dir=\"auto\">Y una cosa me llev\u00f3 a la otra hasta que constru\u00ed una casa para albergar a mi familia y a mi colecci\u00f3n.<\/div>\n<\/div>\n<div class=\"x11i5rnm xat24cr x1mh8g0r x1vvkbs xtlvy1s x126k92a\">\n<div dir=\"auto\">&nbsp;<\/div>\n<div dir=\"auto\">El arquitecto Eduardo Levitas, me interpret\u00f3 perfectamente y me dise\u00f1\u00f3 y construy\u00f3 una casa dentro de los lineamientos de los arquitectos mexicanos Luis Barrag\u00e1n y Ricardo Legorreta, aportando su propia pluma.<\/div>\n<\/div>\n<div class=\"x11i5rnm xat24cr x1mh8g0r x1vvkbs xtlvy1s x126k92a\">\n<div dir=\"auto\">&nbsp;<\/div>\n<div dir=\"auto\">Una \u201cgaler\u00eda de arte habitada\u201d, como la defini\u00f3 mi esposa, quien tambi\u00e9n se ocup\u00f3 de engrosar la colecci\u00f3n adquiriendo obras en varias ocasiones.<\/div>\n<\/div>\n<div class=\"x11i5rnm xat24cr x1mh8g0r x1vvkbs xtlvy1s x126k92a\">\n<div dir=\"auto\">&nbsp;<\/div>\n<div dir=\"auto\">Mi casa siempre estuvo de puertas abiertas, habiendo sido visitada por artistas y personas interesadas en apreciar el arte contempor\u00e1neo nacional.<\/div>\n<div dir=\"auto\">&nbsp;<\/div>\n<div dir=\"auto\">Grupos de estudiantes y tambi\u00e9n extranjeros, se deleitaron recorri\u00e9ndola acompa\u00f1ados por mis comentarios a quienes expliqu\u00e9 los lineamientos seguidos para conformar la colecci\u00f3n.<\/div>\n<\/div>\n<div class=\"x11i5rnm xat24cr x1mh8g0r x1vvkbs xtlvy1s x126k92a\">\n<div dir=\"auto\">&nbsp;<\/div>\n<div dir=\"auto\">La actuaci\u00f3n del coleccionista es vital a la hora de definir al arte propio de cada \u00e9poca.<\/div>\n<div dir=\"auto\">&nbsp;<\/div>\n<div dir=\"auto\">Escoger artistas, confrontar sus obras y crear una nueva obra que en forma conjunta las relaciona y da cuenta de una \u00e9poca, es fundamental a la hora de comprender al arte.<\/div>\n<\/div>\n<div class=\"x11i5rnm xat24cr x1mh8g0r x1vvkbs xtlvy1s x126k92a\">\n<div dir=\"auto\">&nbsp;<\/div>\n<div dir=\"auto\">Recib\u00ed reconocimiento nacional, habiendo sido escogido como un de los cinco coleccionistas m\u00e1s destacados del arte contempor\u00e1neo del Uruguay.<\/div>\n<div dir=\"auto\">&nbsp;<\/div>\n<div dir=\"auto\">Tambi\u00e9n fui seleccionado desde Alemania entre 300 coleccionistas internacionales.<\/div>\n<\/div>\n<div class=\"x11i5rnm xat24cr x1mh8g0r x1vvkbs xtlvy1s x126k92a\">\n<div dir=\"auto\">&nbsp;<\/div>\n<div dir=\"auto\">Los artistas que integran mi selecci\u00f3n, no todos son uruguayos, pero s\u00ed pasaron por nuestro pa\u00eds en forma profesional de alguna forma.<\/div>\n<\/div>\n<div class=\"x11i5rnm xat24cr x1mh8g0r x1vvkbs xtlvy1s x126k92a\">\n<div dir=\"auto\">&nbsp;<\/div>\n<div dir=\"auto\">El caso del alem\u00e1n Jochen Fisher es uno de ellos, a quien le compr\u00e9 una obra cuando estuvo un tiempo en Montevideo.<\/div>\n<div dir=\"auto\">&nbsp;<\/div>\n<div dir=\"auto\">Tambi\u00e9n tengo obra del paraguayo Ricardo Migliorisi cuando expuso en Galer\u00eda del Paseo.<\/div>\n<div dir=\"auto\">&nbsp;<\/div>\n<div dir=\"auto\">Otros extranjeros son Michael Bahr, Solange Escosteguy, ambos con per\u00edodos de residencia en Montevideo, entre otros.<\/div>\n<\/div>\n<div class=\"x11i5rnm xat24cr x1mh8g0r x1vvkbs xtlvy1s x126k92a\">\n<div dir=\"auto\">&nbsp;<\/div>\n<div dir=\"auto\">Nunca adquir\u00ed obra en forma especulativa y mi af\u00e1n siempre fue el hecho de colaborar y comprometerme con los artistas que viven de su trabajo.<\/div>\n<\/div>\n<div class=\"x11i5rnm xat24cr x1mh8g0r x1vvkbs xtlvy1s x126k92a\">\n<div dir=\"auto\">&nbsp;<\/div>\n<div dir=\"auto\">Orgulloso de lo que he construido y sabi\u00e9ndome \u00fatil para con el \u00e1mbito, la don\u00e9 en forma completa al Estado uruguayo.<\/div>\n<div dir=\"auto\">&nbsp;<\/div>\n<div dir=\"auto\">La misma formar\u00e1 parte del acervo de un museo de arte contempor\u00e1neo que tambi\u00e9n contar\u00e1 con la colecci\u00f3n del cr\u00edtico Nelson Di Maggio a quien me honra estar a su lado.<\/div>\n<\/div>\n<div class=\"x11i5rnm xat24cr x1mh8g0r x1vvkbs xtlvy1s x126k92a\">\n<div dir=\"auto\">&nbsp;<\/div>\n<div dir=\"auto\">Hoy el Ministerio de Cultura recogi\u00f3 casi la totalidad de mis obras, un poco m\u00e1s de ochenta piezas, a las cuales desped\u00ed nost\u00e1lgico a la vez que orgulloso.<\/div>\n<\/div>\n<div class=\"x11i5rnm xat24cr x1mh8g0r x1vvkbs xtlvy1s x126k92a\">\n<div dir=\"auto\">&nbsp;<\/div>\n<div dir=\"auto\">En breve, c\u00f3mo condici\u00f3n pautada, se expondr\u00e1 la colecci\u00f3n la cual seguramente tambi\u00e9n viajar\u00e1 al interior del pa\u00eds.<\/div>\n<\/div>\n<div class=\"x11i5rnm xat24cr x1mh8g0r x1vvkbs xtlvy1s x126k92a\">\n<div dir=\"auto\">&nbsp;<\/div>\n<div dir=\"auto\">N\u00f3mina de artistas que integran Colecci\u00f3n Benoit:<\/div>\n<\/div>\n<div class=\"x11i5rnm xat24cr x1mh8g0r x1vvkbs xtlvy1s x126k92a\">\n<div dir=\"auto\">&nbsp;<\/div>\n<div dir=\"auto\">\u00c1gueda Dicancro<\/div>\n<div dir=\"auto\">Alejandro Stock<\/div>\n<div dir=\"auto\">\u00c1lvaro Gelabert<\/div>\n<div dir=\"auto\">Carlos Barea<\/div>\n<div dir=\"auto\">Carlos Musso<\/div>\n<div dir=\"auto\">Carlos Seveso<\/div>\n<div dir=\"auto\">Claudia Anselmi<\/div>\n<div dir=\"auto\">Cotty Perlas<\/div>\n<div dir=\"auto\">Daniel Barbe\u00edto<\/div>\n<div dir=\"auto\">Elena Caja<\/div>\n<div dir=\"auto\">Eva Olivetti<\/div>\n<div dir=\"auto\">Federico Arnaud<\/div>\n<div dir=\"auto\">Fernando Lopez Lage<\/div>\n<div dir=\"auto\">Gabriel Marchisio<\/div>\n<div dir=\"auto\">Germ\u00e1n Cabrera Traversoni<\/div>\n<div dir=\"auto\">Gorki Bollar<\/div>\n<div dir=\"auto\">Gustavo Tabares<\/div>\n<div dir=\"auto\">Hugo Longa<\/div>\n<div dir=\"auto\">Javier Bassi<\/div>\n<div dir=\"auto\">Jos\u00e9 Mar\u00eda Pelayo<\/div>\n<div dir=\"auto\">Jos\u00e9 G\u00f3mez Rifas<\/div>\n<div dir=\"auto\">Jos\u00e9 Pedro Costigliolo<\/div>\n<div dir=\"auto\">Jos\u00e9 Risso<\/div>\n<div dir=\"auto\">Juan Burgos<\/div>\n<div dir=\"auto\">Jochen Fisher<\/div>\n<div dir=\"auto\">Lacy Duarte<\/div>\n<div dir=\"auto\">Lili\u00e1n Madfes<\/div>\n<div dir=\"auto\">Margaret Whyte<\/div>\n<div dir=\"auto\">Mar\u00eda Clara Rossi<\/div>\n<div dir=\"auto\">Mar\u00eda Freire<\/div>\n<div dir=\"auto\">Mar\u00eda Jos\u00e9 Ambrois<\/div>\n<div dir=\"auto\">Mart\u00edn Pelenur<\/div>\n<div dir=\"auto\">Mart\u00edn Verges<\/div>\n<div dir=\"auto\">Mauricio Kolenc<\/div>\n<div dir=\"auto\">Michael Bahr<\/div>\n<div dir=\"auto\">Miguel Fernandez<\/div>\n<div dir=\"auto\">Nelson Romero<\/div>\n<div dir=\"auto\">Olga Bettas<\/div>\n<div dir=\"auto\">Pablo Conde<\/div>\n<div dir=\"auto\">Pedro Morales<\/div>\n<div dir=\"auto\">Pedro Peralta<\/div>\n<div dir=\"auto\">Ricardo Lanzarini<\/div>\n<div dir=\"auto\">Ricardo Migliorisi<\/div>\n<div dir=\"auto\">Roberto P\u00edriz<\/div>\n<div dir=\"auto\">Santiago Velazco<\/div>\n<div dir=\"auto\">Sara P\u00e9rez<\/div>\n<div dir=\"auto\">Yvonne D\u2019Acosta<\/div>\n<\/div>\n<p>&nbsp;<br \/>\n<iframe style=\"border: none; overflow: hidden;\" src=\"https:\/\/www.facebook.com\/plugins\/post.php?href=https%3A%2F%2Fwww.facebook.com%2Fdaniel.benoit.3557%2Fposts%2Fpfbid02UYAX7CiWY5FfQBJv72tK9gmPhQoCashzEvtsiaFZoiMyf4c1A7qv3BGwHt3yV8nnl&amp;show_text=true&amp;width=500\" width=\"500\" height=\"691\" frameborder=\"0\" scrolling=\"no\" allowfullscreen=\"allowfullscreen\"><\/iframe><br \/>\n&nbsp;<\/p>\n<p>&nbsp;<\/p>\n<blockquote class=\"instagram-media\" style=\"background: #FFF; border: 0; border-radius: 3px; box-shadow: 0 0 1px 0 rgba(0,0,0,0.5),0 1px 10px 0 rgba(0,0,0,0.15); margin: 1px; max-width: 540px; min-width: 326px; padding: 0; width: calc(100% - 2px);\" data-instgrm-captioned=\"\" data-instgrm-permalink=\"https:\/\/www.instagram.com\/p\/CunQG5FJDb1\/?utm_source=ig_embed&amp;utm_campaign=loading\" data-instgrm-version=\"14\">\n<div style=\"padding: 16px;\">\n<p>&nbsp;<\/p>\n<div style=\"display: flex; flex-direction: row; align-items: center;\">\n<div style=\"background-color: #f4f4f4; border-radius: 50%; flex-grow: 0; height: 40px; margin-right: 14px; width: 40px;\">&nbsp;<\/div>\n<div style=\"display: flex; flex-direction: column; flex-grow: 1; justify-content: center;\">\n<div style=\"background-color: #f4f4f4; border-radius: 4px; flex-grow: 0; height: 14px; margin-bottom: 6px; width: 100px;\">&nbsp;<\/div>\n<div style=\"background-color: #f4f4f4; border-radius: 4px; flex-grow: 0; height: 14px; width: 60px;\">&nbsp;<\/div>\n<\/div>\n<\/div>\n<div style=\"padding: 19% 0;\">&nbsp;<\/div>\n<div style=\"display: block; height: 50px; margin: 0 auto 12px; width: 50px;\">&nbsp;<\/div>\n<div style=\"padding-top: 8px;\">\n<div style=\"color: #3897f0; font-family: Arial,sans-serif; font-size: 14px; font-style: normal; font-weight: 550; line-height: 18px;\">Ver esta publicaci\u00f3n en Instagram<\/div>\n<\/div>\n<div style=\"padding: 12.5% 0;\">&nbsp;<\/div>\n<div style=\"display: flex; flex-direction: row; margin-bottom: 14px; align-items: center;\">\n<div>\n<div style=\"background-color: #f4f4f4; border-radius: 50%; height: 12.5px; width: 12.5px; transform: translateX(0px) translateY(7px);\">&nbsp;<\/div>\n<div style=\"background-color: #f4f4f4; height: 12.5px; transform: rotate(-45deg) translateX(3px) translateY(1px); width: 12.5px; flex-grow: 0; margin-right: 14px; margin-left: 2px;\">&nbsp;<\/div>\n<div style=\"background-color: #f4f4f4; border-radius: 50%; height: 12.5px; width: 12.5px; transform: translateX(9px) translateY(-18px);\">&nbsp;<\/div>\n<\/div>\n<div style=\"margin-left: 8px;\">\n<div style=\"background-color: #f4f4f4; border-radius: 50%; flex-grow: 0; height: 20px; width: 20px;\">&nbsp;<\/div>\n<div style=\"width: 0; height: 0; border-top: 2px solid transparent; border-left: 6px solid #f4f4f4; border-bottom: 2px solid transparent; transform: translateX(16px) translateY(-4px) rotate(30deg);\">&nbsp;<\/div>\n<\/div>\n<div style=\"margin-left: auto;\">\n<div style=\"width: 0px; border-top: 8px solid #F4F4F4; border-right: 8px solid transparent; transform: translateY(16px);\">&nbsp;<\/div>\n<div style=\"background-color: #f4f4f4; flex-grow: 0; height: 12px; width: 16px; transform: translateY(-4px);\">&nbsp;<\/div>\n<div style=\"width: 0; height: 0; border-top: 8px solid #F4F4F4; border-left: 8px solid transparent; transform: translateY(-4px) translateX(8px);\">&nbsp;<\/div>\n<\/div>\n<\/div>\n<div style=\"display: flex; flex-direction: column; flex-grow: 1; justify-content: center; margin-bottom: 24px;\">\n<div style=\"background-color: #f4f4f4; border-radius: 4px; flex-grow: 0; height: 14px; margin-bottom: 6px; width: 224px;\">&nbsp;<\/div>\n<div style=\"background-color: #f4f4f4; border-radius: 4px; flex-grow: 0; height: 14px; width: 144px;\">&nbsp;<\/div>\n<\/div>\n<p>&nbsp;<\/p>\n<p style=\"color: #c9c8cd; font-family: Arial,sans-serif; font-size: 14px; line-height: 17px; margin-bottom: 0; margin-top: 8px; overflow: hidden; padding: 8px 0 7px; text-align: center; text-overflow: ellipsis; white-space: nowrap;\"><a style=\"color: #c9c8cd; font-family: Arial,sans-serif; font-size: 14px; font-style: normal; font-weight: normal; line-height: 17px; text-decoration: none;\" href=\"https:\/\/www.instagram.com\/p\/CunQG5FJDb1\/?utm_source=ig_embed&amp;utm_campaign=loading\" target=\"_blank\" rel=\"noopener\">Una publicaci\u00f3n compartida por Daniel Benoit Cassou (@benoitphotos)<\/a><\/p>\n<\/div>\n<\/blockquote>\n<p><script async=\"\" src=\"\/\/www.instagram.com\/embed.js\"><\/script><br \/>\n&nbsp;<\/p>\n","protected":false},"excerpt":{"rendered":"<p>&nbsp; Hoy cierro una etapa de vida. &nbsp; Hace 40 a\u00f1os comenc\u00e9 a adquirir obras de arte con el af\u00e1n de compenetrarme con el \u00e1mbito art\u00edstico, ni bien me involucr\u00e9 asistiendo al taller de Hugo Longa. &nbsp; Al principio, algunos amigos me ped\u00edan que les seleccionara obras para adquirir, a la vez que mis colegas [&hellip;]<\/p>\n","protected":false},"author":14,"featured_media":91837,"comment_status":"closed","ping_status":"closed","sticky":false,"template":"","format":"standard","meta":{"om_disable_all_campaigns":false,"ngg_post_thumbnail":0,"jnews-multi-image_gallery":[],"jnews_single_post":{"subtitle":"","format":"standard","video":"","gallery":"","source_name":"","source_url":"","via_name":"","via_url":"","override_template":"0","override":[{"template":"4","single_blog_custom":"","parallax":"1","fullscreen":"0","layout":"right-sidebar","sidebar":"default-sidebar","second_sidebar":"default-sidebar","sticky_sidebar":"1","share_position":"bottom","share_float_style":"share-monocrhome","show_share_counter":"1","show_view_counter":"1","show_featured":"1","show_post_meta":"1","show_post_author":"1","show_post_author_image":"1","show_post_date":"1","post_date_format":"default","post_date_format_custom":"Y\/m\/d","show_post_category":"1","show_post_reading_time":"0","post_reading_time_wpm":"300","show_zoom_button":"0","zoom_button_out_step":"2","zoom_button_in_step":"3","show_post_tag":"1","show_prev_next_post":"1","show_popup_post":"1","number_popup_post":"1","show_author_box":"1","show_post_related":"0","show_inline_post_related":"0"}],"override_image_size":"0","image_override":[{"single_post_thumbnail_size":"no-crop","single_post_gallery_size":"crop-500"}],"trending_post":"0","trending_post_position":"meta","trending_post_label":"Trending","sponsored_post":"0","sponsored_post_label":"Sponsored by","sponsored_post_name":"","sponsored_post_url":"","sponsored_post_logo_enable":"0","sponsored_post_logo":"","sponsored_post_desc":"","disable_ad":"0"},"jnews_primary_category":{"id":"","hide":""},"jnews_social_meta":{"fb_title":"","fb_description":"","fb_image":"","twitter_title":"","twitter_description":"","twitter_image":""},"jnews_override_counter":{"override_view_counter":"0","view_counter_number":"0","override_share_counter":"0","share_counter_number":"0","override_like_counter":"0","like_counter_number":"0","override_dislike_counter":"0","dislike_counter_number":"0"},"footnotes":""},"categories":[52],"tags":[19913],"class_list":["post-91836","post","type-post","status-publish","format-standard","has-post-thumbnail","hentry","category-artista","tag-coleccion-benoit"],"yoast_head":"<!-- This site is optimized with the Yoast SEO plugin v27.5 - https:\/\/yoast.com\/product\/yoast-seo-wordpress\/ -->\n<title>NUEVOS RUMBOS - Colecci\u00f3n Benoit - Cooltivarte Portal<\/title>\n<meta name=\"description\" content=\"Hace 40 a\u00f1os comenc\u00e9 a adquirir obras de arte con el af\u00e1n de compenetrarme con el \u00e1mbito art\u00edstico, ni bien me involucr\u00e9 asistiendo al taller de Hugo Longa.\" \/>\n<meta name=\"robots\" content=\"index, follow, max-snippet:-1, max-image-preview:large, max-video-preview:-1\" \/>\n<link rel=\"canonical\" href=\"https:\/\/cooltivarte.com\/portal\/nuevos-rumbos-coleccion-benoit\/\" \/>\n<meta property=\"og:locale\" content=\"es_ES\" \/>\n<meta property=\"og:type\" content=\"article\" \/>\n<meta property=\"og:title\" content=\"NUEVOS RUMBOS por Daniel Benoit Cassou\" \/>\n<meta property=\"og:description\" content=\"Hace 40 a\u00f1os comenc\u00e9 a adquirir obras de arte con el af\u00e1n de compenetrarme con el \u00e1mbito art\u00edstico, ni bien me involucr\u00e9 asistiendo al taller de Hugo Longa.\" \/>\n<meta property=\"og:url\" content=\"https:\/\/cooltivarte.com\/portal\/nuevos-rumbos-coleccion-benoit\/\" \/>\n<meta property=\"og:site_name\" content=\"Cooltivarte Portal\" \/>\n<meta property=\"article:publisher\" content=\"https:\/\/www.facebook.com\/cooltivartecom\/\" \/>\n<meta property=\"article:author\" content=\"https:\/\/www.facebook.com\/daniel.benoit.3557?fref=ts\" \/>\n<meta property=\"article:published_time\" content=\"2023-07-17T00:30:16+00:00\" \/>\n<meta property=\"article:modified_time\" content=\"2023-07-17T00:37:13+00:00\" \/>\n<meta property=\"og:image\" content=\"https:\/\/cooltivarte.com\/portal\/wp-content\/uploads\/2023\/07\/NUEVOS-RUMBOS.jpg\" \/>\n\t<meta property=\"og:image:width\" content=\"449\" \/>\n\t<meta property=\"og:image:height\" content=\"538\" \/>\n\t<meta property=\"og:image:type\" content=\"image\/jpeg\" \/>\n<meta name=\"author\" content=\"Daniel Benoit Cassou\" \/>\n<meta name=\"twitter:card\" content=\"summary_large_image\" \/>\n<meta name=\"twitter:title\" content=\"NUEVOS RUMBOS por Daniel Benoit Cassou\" \/>\n<meta name=\"twitter:description\" content=\"Hace 40 a\u00f1os comenc\u00e9 a adquirir obras de arte con el af\u00e1n de compenetrarme con el \u00e1mbito art\u00edstico, ni bien me involucr\u00e9 asistiendo al taller de Hugo Longa.\" \/>\n<meta name=\"twitter:image\" content=\"https:\/\/cooltivarte.com\/portal\/wp-content\/uploads\/2023\/07\/NUEVOS-RUMBOS.jpg\" \/>\n<meta name=\"twitter:creator\" content=\"@https:\/\/x.com\/obolocultural\" \/>\n<meta name=\"twitter:site\" content=\"@obolocultural\" \/>\n<meta name=\"twitter:label1\" content=\"Escrito por\" \/>\n\t<meta name=\"twitter:data1\" content=\"Daniel Benoit Cassou\" \/>\n\t<meta name=\"twitter:label2\" content=\"Tiempo de lectura\" \/>\n\t<meta name=\"twitter:data2\" content=\"4 minutos\" \/>\n<!-- \/ Yoast SEO plugin. -->","yoast_head_json":{"title":"NUEVOS RUMBOS - Colecci\u00f3n Benoit - Cooltivarte Portal","description":"Hace 40 a\u00f1os comenc\u00e9 a adquirir obras de arte con el af\u00e1n de compenetrarme con el \u00e1mbito art\u00edstico, ni bien me involucr\u00e9 asistiendo al taller de Hugo Longa.","robots":{"index":"index","follow":"follow","max-snippet":"max-snippet:-1","max-image-preview":"max-image-preview:large","max-video-preview":"max-video-preview:-1"},"canonical":"https:\/\/cooltivarte.com\/portal\/nuevos-rumbos-coleccion-benoit\/","og_locale":"es_ES","og_type":"article","og_title":"NUEVOS RUMBOS por Daniel Benoit Cassou","og_description":"Hace 40 a\u00f1os comenc\u00e9 a adquirir obras de arte con el af\u00e1n de compenetrarme con el \u00e1mbito art\u00edstico, ni bien me involucr\u00e9 asistiendo al taller de Hugo Longa.","og_url":"https:\/\/cooltivarte.com\/portal\/nuevos-rumbos-coleccion-benoit\/","og_site_name":"Cooltivarte Portal","article_publisher":"https:\/\/www.facebook.com\/cooltivartecom\/","article_author":"https:\/\/www.facebook.com\/daniel.benoit.3557?fref=ts","article_published_time":"2023-07-17T00:30:16+00:00","article_modified_time":"2023-07-17T00:37:13+00:00","og_image":[{"width":449,"height":538,"url":"https:\/\/cooltivarte.com\/portal\/wp-content\/uploads\/2023\/07\/NUEVOS-RUMBOS.jpg","type":"image\/jpeg"}],"author":"Daniel Benoit Cassou","twitter_card":"summary_large_image","twitter_title":"NUEVOS RUMBOS por Daniel Benoit Cassou","twitter_description":"Hace 40 a\u00f1os comenc\u00e9 a adquirir obras de arte con el af\u00e1n de compenetrarme con el \u00e1mbito art\u00edstico, ni bien me involucr\u00e9 asistiendo al taller de Hugo Longa.","twitter_image":"https:\/\/cooltivarte.com\/portal\/wp-content\/uploads\/2023\/07\/NUEVOS-RUMBOS.jpg","twitter_creator":"@https:\/\/x.com\/obolocultural","twitter_site":"@obolocultural","twitter_misc":{"Escrito por":"Daniel Benoit Cassou","Tiempo de lectura":"4 minutos"},"schema":{"@context":"https:\/\/schema.org","@graph":[{"@type":"NewsArticle","@id":"https:\/\/cooltivarte.com\/portal\/nuevos-rumbos-coleccion-benoit\/#article","isPartOf":{"@id":"https:\/\/cooltivarte.com\/portal\/nuevos-rumbos-coleccion-benoit\/"},"author":{"name":"Daniel Benoit Cassou","@id":"https:\/\/cooltivarte.com\/portal\/#\/schema\/person\/175e2af38af164206375abd19e491b3f"},"headline":"NUEVOS RUMBOS &#8211; Colecci\u00f3n Benoit","datePublished":"2023-07-17T00:30:16+00:00","dateModified":"2023-07-17T00:37:13+00:00","mainEntityOfPage":{"@id":"https:\/\/cooltivarte.com\/portal\/nuevos-rumbos-coleccion-benoit\/"},"wordCount":764,"publisher":{"@id":"https:\/\/cooltivarte.com\/portal\/#organization"},"image":{"@id":"https:\/\/cooltivarte.com\/portal\/nuevos-rumbos-coleccion-benoit\/#primaryimage"},"thumbnailUrl":"https:\/\/cooltivarte.com\/portal\/wp-content\/uploads\/2023\/07\/NUEVOS-RUMBOS.jpg","keywords":["Colecci\u00f3n Benoit"],"articleSection":["Arte"],"inLanguage":"es-AR"},{"@type":"WebPage","@id":"https:\/\/cooltivarte.com\/portal\/nuevos-rumbos-coleccion-benoit\/","url":"https:\/\/cooltivarte.com\/portal\/nuevos-rumbos-coleccion-benoit\/","name":"NUEVOS RUMBOS - Colecci\u00f3n Benoit - Cooltivarte Portal","isPartOf":{"@id":"https:\/\/cooltivarte.com\/portal\/#website"},"primaryImageOfPage":{"@id":"https:\/\/cooltivarte.com\/portal\/nuevos-rumbos-coleccion-benoit\/#primaryimage"},"image":{"@id":"https:\/\/cooltivarte.com\/portal\/nuevos-rumbos-coleccion-benoit\/#primaryimage"},"thumbnailUrl":"https:\/\/cooltivarte.com\/portal\/wp-content\/uploads\/2023\/07\/NUEVOS-RUMBOS.jpg","datePublished":"2023-07-17T00:30:16+00:00","dateModified":"2023-07-17T00:37:13+00:00","description":"Hace 40 a\u00f1os comenc\u00e9 a adquirir obras de arte con el af\u00e1n de compenetrarme con el \u00e1mbito art\u00edstico, ni bien me involucr\u00e9 asistiendo al taller de Hugo Longa.","breadcrumb":{"@id":"https:\/\/cooltivarte.com\/portal\/nuevos-rumbos-coleccion-benoit\/#breadcrumb"},"inLanguage":"es-AR","potentialAction":[{"@type":"ReadAction","target":["https:\/\/cooltivarte.com\/portal\/nuevos-rumbos-coleccion-benoit\/"]}]},{"@type":"ImageObject","inLanguage":"es-AR","@id":"https:\/\/cooltivarte.com\/portal\/nuevos-rumbos-coleccion-benoit\/#primaryimage","url":"https:\/\/cooltivarte.com\/portal\/wp-content\/uploads\/2023\/07\/NUEVOS-RUMBOS.jpg","contentUrl":"https:\/\/cooltivarte.com\/portal\/wp-content\/uploads\/2023\/07\/NUEVOS-RUMBOS.jpg","width":449,"height":538,"caption":"NUEVOS RUMBOS por Daniel Benoit Cassou"},{"@type":"BreadcrumbList","@id":"https:\/\/cooltivarte.com\/portal\/nuevos-rumbos-coleccion-benoit\/#breadcrumb","itemListElement":[{"@type":"ListItem","position":1,"name":"Portada","item":"https:\/\/cooltivarte.com\/portal\/"},{"@type":"ListItem","position":2,"name":"NUEVOS RUMBOS &#8211; Colecci\u00f3n Benoit"}]},{"@type":"WebSite","@id":"https:\/\/cooltivarte.com\/portal\/#website","url":"https:\/\/cooltivarte.com\/portal\/","name":"Cooltivarte Portal","description":"Arte, cultura y turismo para el mundo ...","publisher":{"@id":"https:\/\/cooltivarte.com\/portal\/#organization"},"potentialAction":[{"@type":"SearchAction","target":{"@type":"EntryPoint","urlTemplate":"https:\/\/cooltivarte.com\/portal\/?s={search_term_string}"},"query-input":{"@type":"PropertyValueSpecification","valueRequired":true,"valueName":"search_term_string"}}],"inLanguage":"es-AR"},{"@type":"Organization","@id":"https:\/\/cooltivarte.com\/portal\/#organization","name":"cooltivarte","url":"https:\/\/cooltivarte.com\/portal\/","logo":{"@type":"ImageObject","inLanguage":"es-AR","@id":"https:\/\/cooltivarte.com\/portal\/#\/schema\/logo\/image\/","url":"https:\/\/cooltivarte.com\/portal\/wp-content\/uploads\/2020\/04\/logo-cooltivarte-v2.png","contentUrl":"https:\/\/cooltivarte.com\/portal\/wp-content\/uploads\/2020\/04\/logo-cooltivarte-v2.png","width":851,"height":243,"caption":"cooltivarte"},"image":{"@id":"https:\/\/cooltivarte.com\/portal\/#\/schema\/logo\/image\/"},"sameAs":["https:\/\/www.facebook.com\/cooltivartecom\/","https:\/\/x.com\/obolocultural","https:\/\/www.instagram.com\/_cooltivarte_\/","https:\/\/www.linkedin.com\/company\/-bolocultural?reportsuccess=8zaNG1HwhPbAR9iQhZ5rfGeqz_vQFftHun0ZWU0Wy9vNemRJ8vtcKdJvzQfW8XagyOJSKg0XvfJ1dp","https:\/\/www.pinterest.com\/cooltivarte\/","https:\/\/cooltivarte.tumblr.com\/","https:\/\/www.tiktok.com\/@cooltivarte","https:\/\/www.youtube.com\/@PrensaCooltivarte"]},{"@type":"Person","@id":"https:\/\/cooltivarte.com\/portal\/#\/schema\/person\/175e2af38af164206375abd19e491b3f","name":"Daniel Benoit Cassou","image":{"@type":"ImageObject","inLanguage":"es-AR","@id":"https:\/\/cooltivarte.com\/portal\/wp-content\/uploads\/2022\/11\/daniel-benoit-120x120.jpg","url":"https:\/\/cooltivarte.com\/portal\/wp-content\/uploads\/2022\/11\/daniel-benoit-120x120.jpg","contentUrl":"https:\/\/cooltivarte.com\/portal\/wp-content\/uploads\/2022\/11\/daniel-benoit-120x120.jpg","caption":"Daniel Benoit Cassou"},"description":"Daniel Benoit - (Uruguay, 1961), es contador p\u00fablico de profesi\u00f3n. Hizo su formaci\u00f3n art\u00edstica en los talleres de Hugo Longa, Clever Lara y Lacy Duarte; escultura con Jos\u00e9 Pelayo y fotograf\u00eda con Enrique Abal, Oscar Bonilla y Roberto Schettini. Realiz\u00f3 cursos de formaci\u00f3n te\u00f3rica con Nelson Di Maggio, Alfredo Torres, Nelson Bali\u00f1o y Emma Sanguinetti, entre otros. Ha participado en muestras de fotografias, colectivas asi como individuales: 2007 \u2013 Facultad de Ciencias Econ\u00f3micas; Centro Cultural Lapido; Club de Golf; Fotogramas - Montevideo 2009 \u2013 Galer\u00eda de arte La Pasionaria \u2013 Club de Golf - Montevideo 2010 \u2013 A la Follie; Trattoria La Commedia; Club de Golf \u2013 Montevideo 2011 \u2013 Museo del Azulejo; Fotograma; Club de Golf \u2013 Montevideo; Bienal X \u2013 Salto 2012 \u2013 Espacio Innova \u2013 Punta del Este Es asiduo asistente a las principales bienales de arte: Venecia, Lyon, San Pablo, Cuba, Porto Alegre, Lima, as\u00ed como ferias de Basilea, Paris, Buenos Aires, entre otras. Es coleccionista de arte nacional, asesor de arte contempor\u00e1neo, escribe en sus blogs y es columnista de la revista de arte nacional \u201cCooltivarte\u201d desde el 2012, asi como de la revista \u201cArte\u201d del periodico \u201cEl Pais\u201d. Blog","sameAs":["https:\/\/danielbenoit.art\/","https:\/\/www.facebook.com\/daniel.benoit.3557?fref=ts","https:\/\/www.instagram.com\/danielbenoitcassou\/","https:\/\/www.linkedin.com\/in\/daniel-benoit-87890a39\/","https:\/\/www.pinterest.com\/cooltivarte","https:\/\/x.com\/https:\/\/x.com\/obolocultural","https:\/\/www.youtube.com\/@PrensaCooltivarte","https:\/\/www.tumblr.com\/blog\/cooltivarte"],"url":"https:\/\/cooltivarte.com\/portal\/author\/benoit\/"}]}},"_links":{"self":[{"href":"https:\/\/cooltivarte.com\/portal\/wp-json\/wp\/v2\/posts\/91836","targetHints":{"allow":["GET"]}}],"collection":[{"href":"https:\/\/cooltivarte.com\/portal\/wp-json\/wp\/v2\/posts"}],"about":[{"href":"https:\/\/cooltivarte.com\/portal\/wp-json\/wp\/v2\/types\/post"}],"author":[{"embeddable":true,"href":"https:\/\/cooltivarte.com\/portal\/wp-json\/wp\/v2\/users\/14"}],"replies":[{"embeddable":true,"href":"https:\/\/cooltivarte.com\/portal\/wp-json\/wp\/v2\/comments?post=91836"}],"version-history":[{"count":3,"href":"https:\/\/cooltivarte.com\/portal\/wp-json\/wp\/v2\/posts\/91836\/revisions"}],"predecessor-version":[{"id":91840,"href":"https:\/\/cooltivarte.com\/portal\/wp-json\/wp\/v2\/posts\/91836\/revisions\/91840"}],"wp:featuredmedia":[{"embeddable":true,"href":"https:\/\/cooltivarte.com\/portal\/wp-json\/wp\/v2\/media\/91837"}],"wp:attachment":[{"href":"https:\/\/cooltivarte.com\/portal\/wp-json\/wp\/v2\/media?parent=91836"}],"wp:term":[{"taxonomy":"category","embeddable":true,"href":"https:\/\/cooltivarte.com\/portal\/wp-json\/wp\/v2\/categories?post=91836"},{"taxonomy":"post_tag","embeddable":true,"href":"https:\/\/cooltivarte.com\/portal\/wp-json\/wp\/v2\/tags?post=91836"}],"curies":[{"name":"wp","href":"https:\/\/api.w.org\/{rel}","templated":true}]}}