{"id":91616,"date":"2023-07-08T14:24:04","date_gmt":"2023-07-08T17:24:04","guid":{"rendered":"https:\/\/cooltivarte.com\/portal\/?p=91616"},"modified":"2023-07-08T14:24:04","modified_gmt":"2023-07-08T17:24:04","slug":"mananas-de-radio-con-pablo-romero-garcia","status":"publish","type":"post","link":"https:\/\/cooltivarte.com\/portal\/mananas-de-radio-con-pablo-romero-garcia\/","title":{"rendered":"Ma\u00f1anas de Radio con Pablo Romero Garc\u00eda"},"content":{"rendered":"<p><em>Comparto entrevista en &#8220;<a href=\"https:\/\/www.radio36.com.uy\/\" target=\"_blank\" rel=\"noopener\">Ma\u00f1anas de Radio<\/a>&#8220;, donde dialogamos sobre mi participaci\u00f3n en las <strong>Jornadas de Filosof\u00eda de Concepci\u00f3n del Uruguay<\/strong>, la vigencia del artiguismo en la zona, su aprecio de nuestra cultura y los problemas educativos regionales <\/em><\/p>\n<p><a href=\"https:\/\/cooltivarte.com\/portal\/?s=Pablo+Romero+Garc%C3%ADa\" target=\"_blank\" rel=\"noopener\"><strong>Pablo Romero Garc\u00eda<\/strong><\/a><\/p>\n<p>&nbsp;<br \/>\n<iframe src=\"https:\/\/archive.org\/embed\/2023-07-05-pablo-romero\" width=\"500\" height=\"60\" frameborder=\"0\" allowfullscreen=\"allowfullscreen\"><\/iframe><br \/>\n&nbsp;<\/p>\n<p>&nbsp;<\/p>\n<p>&nbsp;<\/p>\n<p>&nbsp;<\/p>\n<blockquote class=\"twitter-tweet\">\n<p dir=\"ltr\" lang=\"es\">Comparto entrevista en &#8220;Ma\u00f1anas de Radio&#8221;, donde dialogamos sobre mi participaci\u00f3n en las Jornadas de Filosof\u00eda de Concepci\u00f3n del Uruguay, la vigencia del artiguismo en la zona, su aprecio de nuestra cultura y los problemas educativos regionales<br \/>\n&#x1f447;<a href=\"https:\/\/t.co\/swwdw4DkkT\">https:\/\/t.co\/swwdw4DkkT<\/a><\/p>\n<p>\u2014 Pablo Romero Garc\u00eda (@Pabloromero74) <a href=\"https:\/\/twitter.com\/Pabloromero74\/status\/1677684350052081664?ref_src=twsrc%5Etfw\">July 8, 2023<\/a><\/p><\/blockquote>\n<p><script async=\"\" src=\"https:\/\/platform.twitter.com\/widgets.js\" charset=\"utf-8\"><\/script><br \/>\n&nbsp;<\/p>\n<p>&nbsp;<\/p>\n<p>&nbsp;<\/p>\n","protected":false},"excerpt":{"rendered":"<p>Comparto entrevista en &#8220;Ma\u00f1anas de Radio&#8220;, donde dialogamos sobre mi participaci\u00f3n en las Jornadas de Filosof\u00eda de Concepci\u00f3n del Uruguay, la vigencia del artiguismo en la zona, su aprecio de nuestra cultura y los problemas educativos regionales Pablo Romero Garc\u00eda &nbsp; &nbsp; &nbsp; &nbsp; &nbsp; Comparto entrevista en &#8220;Ma\u00f1anas de Radio&#8221;, donde dialogamos sobre mi [&hellip;]<\/p>\n","protected":false},"author":9,"featured_media":91617,"comment_status":"closed","ping_status":"closed","sticky":false,"template":"","format":"standard","meta":{"om_disable_all_campaigns":false,"ngg_post_thumbnail":0,"jnews-multi-image_gallery":[],"jnews_single_post":{"subtitle":"Radio Cx36","format":"standard","video":"","gallery":"","source_name":"","source_url":"","via_name":"","via_url":"","override_template":"0","override":[{"template":"4","single_blog_custom":"","parallax":"1","fullscreen":"0","layout":"right-sidebar","sidebar":"default-sidebar","second_sidebar":"default-sidebar","sticky_sidebar":"1","share_position":"bottom","share_float_style":"share-monocrhome","show_share_counter":"1","show_view_counter":"1","show_featured":"1","show_post_meta":"1","show_post_author":"1","show_post_author_image":"1","show_post_date":"1","post_date_format":"default","post_date_format_custom":"Y\/m\/d","show_post_category":"1","show_post_reading_time":"0","post_reading_time_wpm":"300","show_zoom_button":"0","zoom_button_out_step":"2","zoom_button_in_step":"3","show_post_tag":"1","show_prev_next_post":"1","show_popup_post":"1","number_popup_post":"1","show_author_box":"1","show_post_related":"0","show_inline_post_related":"0"}],"override_image_size":"0","image_override":[{"single_post_thumbnail_size":"no-crop","single_post_gallery_size":"crop-500"}],"trending_post":"0","trending_post_position":"meta","trending_post_label":"Trending","sponsored_post":"0","sponsored_post_label":"Sponsored by","sponsored_post_name":"","sponsored_post_url":"","sponsored_post_logo_enable":"0","sponsored_post_logo":"","sponsored_post_desc":"","disable_ad":"0"},"jnews_primary_category":{"id":"","hide":""},"jnews_social_meta":{"fb_title":"","fb_description":"","fb_image":"","twitter_title":"","twitter_description":"","twitter_image":""},"jnews_override_counter":{"override_view_counter":"0","view_counter_number":"0","override_share_counter":"0","share_counter_number":"0","override_like_counter":"0","like_counter_number":"0","override_dislike_counter":"0","dislike_counter_number":"0"},"footnotes":""},"categories":[3384],"tags":[19877,19875,10367,19876],"class_list":["post-91616","post","type-post","status-publish","format-standard","has-post-thumbnail","hentry","category-educacion","tag-jornadas-de-filosofia","tag-mananas-de-radio","tag-pablo-romero-garcia","tag-problemas-educativos"],"yoast_head":"<!-- This site is optimized with the Yoast SEO plugin v27.5 - https:\/\/yoast.com\/product\/yoast-seo-wordpress\/ -->\n<title>Ma\u00f1anas de Radio con Pablo Romero Garc\u00eda - Cooltivarte Portal<\/title>\n<meta name=\"description\" content=\"Comparto entrevista en &quot;Ma\u00f1anas de Radio&quot;, donde dialogamos sobre mi participaci\u00f3n en las Jornadas de Filosof\u00eda de Concepci\u00f3n del Uruguay, la vigencia del artiguismo en la zona, su aprecio de nuestra cultura y los problemas educativos regionales\" \/>\n<meta name=\"robots\" content=\"index, follow, max-snippet:-1, max-image-preview:large, max-video-preview:-1\" \/>\n<link rel=\"canonical\" href=\"https:\/\/cooltivarte.com\/portal\/mananas-de-radio-con-pablo-romero-garcia\/\" \/>\n<meta property=\"og:locale\" content=\"es_ES\" \/>\n<meta property=\"og:type\" content=\"article\" \/>\n<meta property=\"og:title\" content=\"Ma\u00f1anas de Radio con Pablo Romero Garc\u00eda - Radio Cx36\" \/>\n<meta property=\"og:description\" content=\"El Profesor @Pabloromero74 comparti\u00f3 la ma\u00f1ana con los oyentes de la 36 para habla sobre las Jornadas de Filosof\u00eda del R\u00edo Uruguay, actividad que se realiz\u00f3 en Concepci\u00f3n del Uruguay. Expuso sobre la agenda educativa en el pa\u00eds.\" \/>\n<meta property=\"og:url\" content=\"https:\/\/cooltivarte.com\/portal\/mananas-de-radio-con-pablo-romero-garcia\/\" \/>\n<meta property=\"og:site_name\" content=\"Cooltivarte Portal\" \/>\n<meta property=\"article:publisher\" content=\"https:\/\/www.facebook.com\/cooltivartecom\/\" \/>\n<meta property=\"article:author\" content=\"http:\/\/www.facebook.com\/pablorom777\" \/>\n<meta property=\"article:published_time\" content=\"2023-07-08T17:24:04+00:00\" \/>\n<meta property=\"og:image\" content=\"https:\/\/cooltivarte.com\/portal\/wp-content\/uploads\/2023\/07\/Pabloromero74.jpeg\" \/>\n\t<meta property=\"og:image:width\" content=\"680\" \/>\n\t<meta property=\"og:image:height\" content=\"452\" \/>\n\t<meta property=\"og:image:type\" content=\"image\/jpeg\" \/>\n<meta name=\"author\" content=\"Pablo Romero\" \/>\n<meta name=\"twitter:card\" content=\"summary_large_image\" \/>\n<meta name=\"twitter:title\" content=\"Ma\u00f1anas de Radio con Pablo Romero Garc\u00eda - Radio Cx36\" \/>\n<meta name=\"twitter:description\" content=\"El Profesor @Pabloromero74 comparti\u00f3 la ma\u00f1ana con los oyentes de la 36 para habla sobre las Jornadas de Filosof\u00eda del R\u00edo Uruguay, actividad que se realiz\u00f3 en Concepci\u00f3n del Uruguay. Expuso sobre la agenda educativa en el pa\u00eds.\" \/>\n<meta name=\"twitter:image\" content=\"https:\/\/cooltivarte.com\/portal\/wp-content\/uploads\/2023\/07\/Pabloromero74.jpeg\" \/>\n<meta name=\"twitter:creator\" content=\"@https:\/\/twitter.com\/Pabloromero74\" \/>\n<meta name=\"twitter:site\" content=\"@obolocultural\" \/>\n<meta name=\"twitter:label1\" content=\"Escrito por\" \/>\n\t<meta name=\"twitter:data1\" content=\"Pablo Romero\" \/>\n\t<meta name=\"twitter:label2\" content=\"Tiempo de lectura\" \/>\n\t<meta name=\"twitter:data2\" content=\"1 minuto\" \/>\n<!-- \/ Yoast SEO plugin. -->","yoast_head_json":{"title":"Ma\u00f1anas de Radio con Pablo Romero Garc\u00eda - Cooltivarte Portal","description":"Comparto entrevista en \"Ma\u00f1anas de Radio\", donde dialogamos sobre mi participaci\u00f3n en las Jornadas de Filosof\u00eda de Concepci\u00f3n del Uruguay, la vigencia del artiguismo en la zona, su aprecio de nuestra cultura y los problemas educativos regionales","robots":{"index":"index","follow":"follow","max-snippet":"max-snippet:-1","max-image-preview":"max-image-preview:large","max-video-preview":"max-video-preview:-1"},"canonical":"https:\/\/cooltivarte.com\/portal\/mananas-de-radio-con-pablo-romero-garcia\/","og_locale":"es_ES","og_type":"article","og_title":"Ma\u00f1anas de Radio con Pablo Romero Garc\u00eda - Radio Cx36","og_description":"El Profesor @Pabloromero74 comparti\u00f3 la ma\u00f1ana con los oyentes de la 36 para habla sobre las Jornadas de Filosof\u00eda del R\u00edo Uruguay, actividad que se realiz\u00f3 en Concepci\u00f3n del Uruguay. Expuso sobre la agenda educativa en el pa\u00eds.","og_url":"https:\/\/cooltivarte.com\/portal\/mananas-de-radio-con-pablo-romero-garcia\/","og_site_name":"Cooltivarte Portal","article_publisher":"https:\/\/www.facebook.com\/cooltivartecom\/","article_author":"http:\/\/www.facebook.com\/pablorom777","article_published_time":"2023-07-08T17:24:04+00:00","og_image":[{"width":680,"height":452,"url":"https:\/\/cooltivarte.com\/portal\/wp-content\/uploads\/2023\/07\/Pabloromero74.jpeg","type":"image\/jpeg"}],"author":"Pablo Romero","twitter_card":"summary_large_image","twitter_title":"Ma\u00f1anas de Radio con Pablo Romero Garc\u00eda - Radio Cx36","twitter_description":"El Profesor @Pabloromero74 comparti\u00f3 la ma\u00f1ana con los oyentes de la 36 para habla sobre las Jornadas de Filosof\u00eda del R\u00edo Uruguay, actividad que se realiz\u00f3 en Concepci\u00f3n del Uruguay. Expuso sobre la agenda educativa en el pa\u00eds.","twitter_image":"https:\/\/cooltivarte.com\/portal\/wp-content\/uploads\/2023\/07\/Pabloromero74.jpeg","twitter_creator":"@https:\/\/twitter.com\/Pabloromero74","twitter_site":"@obolocultural","twitter_misc":{"Escrito por":"Pablo Romero","Tiempo de lectura":"1 minuto"},"schema":{"@context":"https:\/\/schema.org","@graph":[{"@type":"NewsArticle","@id":"https:\/\/cooltivarte.com\/portal\/mananas-de-radio-con-pablo-romero-garcia\/#article","isPartOf":{"@id":"https:\/\/cooltivarte.com\/portal\/mananas-de-radio-con-pablo-romero-garcia\/"},"author":{"name":"Pablo Romero","@id":"https:\/\/cooltivarte.com\/portal\/#\/schema\/person\/4142f96deaf5a27e4da3000f2d909698"},"headline":"Ma\u00f1anas de Radio con Pablo Romero Garc\u00eda","datePublished":"2023-07-08T17:24:04+00:00","mainEntityOfPage":{"@id":"https:\/\/cooltivarte.com\/portal\/mananas-de-radio-con-pablo-romero-garcia\/"},"wordCount":116,"publisher":{"@id":"https:\/\/cooltivarte.com\/portal\/#organization"},"image":{"@id":"https:\/\/cooltivarte.com\/portal\/mananas-de-radio-con-pablo-romero-garcia\/#primaryimage"},"thumbnailUrl":"https:\/\/cooltivarte.com\/portal\/wp-content\/uploads\/2023\/07\/Pabloromero74.jpeg","keywords":["Jornadas de Filosof\u00eda","Ma\u00f1anas de Radio","Pablo Romero Garc\u00eda","problemas educativos"],"articleSection":["Educaci\u00f3n"],"inLanguage":"es-AR"},{"@type":"WebPage","@id":"https:\/\/cooltivarte.com\/portal\/mananas-de-radio-con-pablo-romero-garcia\/","url":"https:\/\/cooltivarte.com\/portal\/mananas-de-radio-con-pablo-romero-garcia\/","name":"Ma\u00f1anas de Radio con Pablo Romero Garc\u00eda - Cooltivarte Portal","isPartOf":{"@id":"https:\/\/cooltivarte.com\/portal\/#website"},"primaryImageOfPage":{"@id":"https:\/\/cooltivarte.com\/portal\/mananas-de-radio-con-pablo-romero-garcia\/#primaryimage"},"image":{"@id":"https:\/\/cooltivarte.com\/portal\/mananas-de-radio-con-pablo-romero-garcia\/#primaryimage"},"thumbnailUrl":"https:\/\/cooltivarte.com\/portal\/wp-content\/uploads\/2023\/07\/Pabloromero74.jpeg","datePublished":"2023-07-08T17:24:04+00:00","description":"Comparto entrevista en \"Ma\u00f1anas de Radio\", donde dialogamos sobre mi participaci\u00f3n en las Jornadas de Filosof\u00eda de Concepci\u00f3n del Uruguay, la vigencia del artiguismo en la zona, su aprecio de nuestra cultura y los problemas educativos regionales","breadcrumb":{"@id":"https:\/\/cooltivarte.com\/portal\/mananas-de-radio-con-pablo-romero-garcia\/#breadcrumb"},"inLanguage":"es-AR","potentialAction":[{"@type":"ReadAction","target":["https:\/\/cooltivarte.com\/portal\/mananas-de-radio-con-pablo-romero-garcia\/"]}]},{"@type":"ImageObject","inLanguage":"es-AR","@id":"https:\/\/cooltivarte.com\/portal\/mananas-de-radio-con-pablo-romero-garcia\/#primaryimage","url":"https:\/\/cooltivarte.com\/portal\/wp-content\/uploads\/2023\/07\/Pabloromero74.jpeg","contentUrl":"https:\/\/cooltivarte.com\/portal\/wp-content\/uploads\/2023\/07\/Pabloromero74.jpeg","width":680,"height":452,"caption":"El Profesor @Pabloromero74 comparti\u00f3 la ma\u00f1ana con los oyentes de la 36 para habla sobre las Jornadas de Filosof\u00eda del R\u00edo Uruguay, actividad que se realiz\u00f3 en Concepci\u00f3n del Uruguay. Expuso sobre la agenda educativa en el pa\u00eds."},{"@type":"BreadcrumbList","@id":"https:\/\/cooltivarte.com\/portal\/mananas-de-radio-con-pablo-romero-garcia\/#breadcrumb","itemListElement":[{"@type":"ListItem","position":1,"name":"Portada","item":"https:\/\/cooltivarte.com\/portal\/"},{"@type":"ListItem","position":2,"name":"Ma\u00f1anas de Radio con Pablo Romero Garc\u00eda"}]},{"@type":"WebSite","@id":"https:\/\/cooltivarte.com\/portal\/#website","url":"https:\/\/cooltivarte.com\/portal\/","name":"Cooltivarte Portal","description":"Arte, cultura y turismo para el mundo ...","publisher":{"@id":"https:\/\/cooltivarte.com\/portal\/#organization"},"potentialAction":[{"@type":"SearchAction","target":{"@type":"EntryPoint","urlTemplate":"https:\/\/cooltivarte.com\/portal\/?s={search_term_string}"},"query-input":{"@type":"PropertyValueSpecification","valueRequired":true,"valueName":"search_term_string"}}],"inLanguage":"es-AR"},{"@type":"Organization","@id":"https:\/\/cooltivarte.com\/portal\/#organization","name":"cooltivarte","url":"https:\/\/cooltivarte.com\/portal\/","logo":{"@type":"ImageObject","inLanguage":"es-AR","@id":"https:\/\/cooltivarte.com\/portal\/#\/schema\/logo\/image\/","url":"https:\/\/cooltivarte.com\/portal\/wp-content\/uploads\/2020\/04\/logo-cooltivarte-v2.png","contentUrl":"https:\/\/cooltivarte.com\/portal\/wp-content\/uploads\/2020\/04\/logo-cooltivarte-v2.png","width":851,"height":243,"caption":"cooltivarte"},"image":{"@id":"https:\/\/cooltivarte.com\/portal\/#\/schema\/logo\/image\/"},"sameAs":["https:\/\/www.facebook.com\/cooltivartecom\/","https:\/\/x.com\/obolocultural","https:\/\/www.instagram.com\/_cooltivarte_\/","https:\/\/www.linkedin.com\/company\/-bolocultural?reportsuccess=8zaNG1HwhPbAR9iQhZ5rfGeqz_vQFftHun0ZWU0Wy9vNemRJ8vtcKdJvzQfW8XagyOJSKg0XvfJ1dp","https:\/\/www.pinterest.com\/cooltivarte\/","https:\/\/cooltivarte.tumblr.com\/","https:\/\/www.tiktok.com\/@cooltivarte","https:\/\/www.youtube.com\/@PrensaCooltivarte"]},{"@type":"Person","@id":"https:\/\/cooltivarte.com\/portal\/#\/schema\/person\/4142f96deaf5a27e4da3000f2d909698","name":"Pablo Romero","image":{"@type":"ImageObject","inLanguage":"es-AR","@id":"https:\/\/cooltivarte.com\/portal\/wp-content\/uploads\/2014\/05\/pablo-romero-120x120.jpg","url":"https:\/\/cooltivarte.com\/portal\/wp-content\/uploads\/2014\/05\/pablo-romero-120x120.jpg","contentUrl":"https:\/\/cooltivarte.com\/portal\/wp-content\/uploads\/2014\/05\/pablo-romero-120x120.jpg","caption":"Pablo Romero"},"description":"Profesor de Filosof\u00eda (egresado del IPA) y posgraduado como Especialista en Pol\u00edtica y Gesti\u00f3n de la Educaci\u00f3n, es docente de \u00c9tica en Universidad CLAEH y de Filosof\u00eda en educaci\u00f3n secundaria. Autor de \"Sobre el sentido de educar\" (Ediciones B-Penguin Random House, 2021) y coautor de obras sobre el campo de la filosof\u00eda de la educaci\u00f3n, es expositor a nivel nacional e internacional sobre temas educativos. Se ha desempe\u00f1ado como docente de Argumentaci\u00f3n en la Universidad Cat\u00f3lica y realizado ciclos de columnas de filosof\u00eda en radio El Espectador y en el canal televisivo TV Ciudad.","sameAs":["http:\/\/pabloromero7.blogspot.com\/","http:\/\/www.facebook.com\/pablorom777","https:\/\/www.instagram.com\/pabloromero1974\/","https:\/\/www.linkedin.com\/in\/pablo-romero-garca-7b82989b\/","https:\/\/www.pinterest.com\/cooltivarte\/","https:\/\/x.com\/https:\/\/twitter.com\/Pabloromero74","https:\/\/www.youtube.com\/@PrensaCooltivarte","https:\/\/cooltivarte.tumblr.com\/"],"url":"https:\/\/cooltivarte.com\/portal\/author\/romero\/"}]}},"_links":{"self":[{"href":"https:\/\/cooltivarte.com\/portal\/wp-json\/wp\/v2\/posts\/91616","targetHints":{"allow":["GET"]}}],"collection":[{"href":"https:\/\/cooltivarte.com\/portal\/wp-json\/wp\/v2\/posts"}],"about":[{"href":"https:\/\/cooltivarte.com\/portal\/wp-json\/wp\/v2\/types\/post"}],"author":[{"embeddable":true,"href":"https:\/\/cooltivarte.com\/portal\/wp-json\/wp\/v2\/users\/9"}],"replies":[{"embeddable":true,"href":"https:\/\/cooltivarte.com\/portal\/wp-json\/wp\/v2\/comments?post=91616"}],"version-history":[{"count":1,"href":"https:\/\/cooltivarte.com\/portal\/wp-json\/wp\/v2\/posts\/91616\/revisions"}],"predecessor-version":[{"id":91618,"href":"https:\/\/cooltivarte.com\/portal\/wp-json\/wp\/v2\/posts\/91616\/revisions\/91618"}],"wp:featuredmedia":[{"embeddable":true,"href":"https:\/\/cooltivarte.com\/portal\/wp-json\/wp\/v2\/media\/91617"}],"wp:attachment":[{"href":"https:\/\/cooltivarte.com\/portal\/wp-json\/wp\/v2\/media?parent=91616"}],"wp:term":[{"taxonomy":"category","embeddable":true,"href":"https:\/\/cooltivarte.com\/portal\/wp-json\/wp\/v2\/categories?post=91616"},{"taxonomy":"post_tag","embeddable":true,"href":"https:\/\/cooltivarte.com\/portal\/wp-json\/wp\/v2\/tags?post=91616"}],"curies":[{"name":"wp","href":"https:\/\/api.w.org\/{rel}","templated":true}]}}