{"id":91462,"date":"2023-07-02T12:28:50","date_gmt":"2023-07-02T15:28:50","guid":{"rendered":"https:\/\/cooltivarte.com\/portal\/?p=91462"},"modified":"2023-07-02T12:28:50","modified_gmt":"2023-07-02T15:28:50","slug":"desastres-naturales-de-tamara-silva-bernaschina-lanzamiento-editoria","status":"publish","type":"post","link":"https:\/\/cooltivarte.com\/portal\/desastres-naturales-de-tamara-silva-bernaschina-lanzamiento-editoria\/","title":{"rendered":"&#8220;Desastres naturales&#8221;, de Tamara Silva Bernaschina &#8211; Lanzamiento editoria"},"content":{"rendered":"<p>&nbsp;<\/p>\n<p><img fetchpriority=\"high\" decoding=\"async\" class=\"aligncenter wp-image-91463 size-full\" title=\"&quot;Desastres naturales&quot;, de Tamara Silva Bernaschina - Lanzamiento editorial\" src=\"https:\/\/cooltivarte.com\/portal\/wp-content\/uploads\/2023\/07\/desastres-naturales.jpg\" alt=\"&quot;Desastres naturales&quot;, de Tamara Silva Bernaschina - Lanzamiento editorial\" width=\"547\" height=\"441\" srcset=\"https:\/\/cooltivarte.com\/portal\/wp-content\/uploads\/2023\/07\/desastres-naturales.jpg 547w, https:\/\/cooltivarte.com\/portal\/wp-content\/uploads\/2023\/07\/desastres-naturales-300x242.jpg 300w\" sizes=\"(max-width: 547px) 100vw, 547px\" \/><\/p>\n<p>&nbsp;<\/p>\n<p>Los invitamos a la presentaci\u00f3n de&nbsp;<a href=\"https:\/\/estuarioeditora.com\/libros\/desastres-naturales\/\" target=\"_blank\" rel=\"noopener\"><i><b>Desastres naturales<\/b><\/i><\/a>, un libro de&nbsp;<b>Tamara Silva Bernaschina<\/b>, a cargo de <strong><a href=\"https:\/\/cooltivarte.com\/portal\/?s=Natalia+Mardero\" target=\"_blank\" rel=\"noopener\">Natalia Mardero<\/a> y Eugenia Ladra<\/strong>.&nbsp;<img decoding=\"async\" class=\"an1\" src=\"https:\/\/fonts.gstatic.com\/s\/e\/notoemoji\/15.0\/1f343\/32.png\" alt=\"&#x1f343;\" data-emoji=\"&#x1f343;\" aria-label=\"&#x1f343;\"\/><\/p>\n<p>\u2063<br \/>\nEl encuentro tendr\u00e1 lugar el&nbsp;<b>mi\u00e9rcoles 5 de julio a las 19:30h<\/b>, en la&nbsp;<a href=\"https:\/\/www.google.com\/maps\/place\/Alliance+fran%C3%A7aise+de+Montevideo\/@-34.9050821,-56.1641096,15z\/data=!4m2!3m1!1s0x0:0xe81fc0bc55e41c00?sa=X&amp;ved=2ahUKEwjnt-WEqvD_AhWKpZUCHdyfD7UQ_BJ6BAhsEAA&amp;ved=2ahUKEwjnt-WEqvD_AhWKpZUCHdyfD7UQ_BJ6BQiAARAI\" target=\"_blank\" rel=\"noopener\"><b>Alianza Francesa de Montevideo<\/b><\/a>.\u2063<\/p>\n<p>&nbsp;<\/p>\n<p><b>Sobre el libro:\u2063<\/b><\/p>\n<p>&#8220;<em>La quietud cubre tierras, animales y pueblos hasta la irrupci\u00f3n del destello, una suerte de rel\u00e1mpago que augura desastre pero que antes se detiene e ilumina. El esplendor se\u00f1ala las im\u00e1genes memorables y precisas que habitan en estos cuentos: los peces que agonizan en silencio, las cenizas del volc\u00e1n meti\u00e9ndose por las bocas, las cuerdas que se tensan en el tajamar, los encendedores que avanzan en la oscuridad del campo y muestran m\u00e1s de lo que podemos adivinar.<\/em>&#8220;\u2063<\/p>\n<div><em><strong>Eugenia Ladra\u2063<\/strong><\/em><\/div>\n<p>\u2063<br \/>\n&#8220;<em>Por su precisi\u00f3n l\u00ednea a l\u00ednea, el manejo de im\u00e1genes perdurables y la capacidad de seducir al lector con la intensidad de sus climas, Desastres naturales es un gran cuentario. Descubrir voces tempranas como la de Tamara Silva Bernaschina da tranquilidad. El futuro de la literatura uruguaya est\u00e1 en buenas manos.<\/em>&#8220;\u2063<\/p>\n<div><a href=\"https:\/\/cooltivarte.com\/portal\/?s=HORACIO+CAVALLO\" target=\"_blank\" rel=\"noopener\"><strong><em>Horacio Cavallo\u2063<\/em><\/strong><\/a><\/div>\n<div>\u2063<\/div>\n<p>Este libro recibi\u00f3 un incentivo a la edici\u00f3n del llamado \u201cFelisberto\u201d\/ InLet.<\/p>\n<p>&nbsp;<\/p>\n<p><strong>Tamara Silva Bernaschina<\/strong> \u2063<br \/>\nNaci\u00f3 en Minas en el 2000. A los 15 a\u00f1os se mud\u00f3 a Aigu\u00e1, y desde entonces vive entre esa ciudad y Montevideo. Es estudiante avanzada de la Licenciatura en Letras y de la Tecnicatura Universitaria en Correcci\u00f3n de Estilo en la Facultad de Humanidades y Ciencias de la Educaci\u00f3n. Desastres naturales es su primer libro.\u2063<\/p>\n<p>&nbsp;<\/p>\n<blockquote class=\"instagram-media\" style=\"background: #FFF; border: 0; border-radius: 3px; box-shadow: 0 0 1px 0 rgba(0,0,0,0.5),0 1px 10px 0 rgba(0,0,0,0.15); margin: 1px; max-width: 540px; min-width: 326px; padding: 0; width: calc(100% - 2px);\" data-instgrm-captioned=\"\" data-instgrm-permalink=\"https:\/\/www.instagram.com\/p\/CuFCFGFgFUA\/?utm_source=ig_embed&amp;utm_campaign=loading\" data-instgrm-version=\"14\">\n<div style=\"padding: 16px;\">\n<p>&nbsp;<\/p>\n<div style=\"display: flex; flex-direction: row; align-items: center;\">\n<div style=\"background-color: #f4f4f4; border-radius: 50%; flex-grow: 0; height: 40px; margin-right: 14px; width: 40px;\">&nbsp;<\/div>\n<div style=\"display: flex; flex-direction: column; flex-grow: 1; justify-content: center;\">\n<div style=\"background-color: #f4f4f4; border-radius: 4px; flex-grow: 0; height: 14px; margin-bottom: 6px; width: 100px;\">&nbsp;<\/div>\n<div style=\"background-color: #f4f4f4; border-radius: 4px; flex-grow: 0; height: 14px; width: 60px;\">&nbsp;<\/div>\n<\/div>\n<\/div>\n<div style=\"padding: 19% 0;\">&nbsp;<\/div>\n<div style=\"display: block; height: 50px; margin: 0 auto 12px; width: 50px;\">&nbsp;<\/div>\n<div style=\"padding-top: 8px;\">\n<div style=\"color: #3897f0; font-family: Arial,sans-serif; font-size: 14px; font-style: normal; font-weight: 550; line-height: 18px;\">Ver esta publicaci\u00f3n en Instagram<\/div>\n<\/div>\n<div style=\"padding: 12.5% 0;\">&nbsp;<\/div>\n<div style=\"display: flex; flex-direction: row; margin-bottom: 14px; align-items: center;\">\n<div>\n<div style=\"background-color: #f4f4f4; border-radius: 50%; height: 12.5px; width: 12.5px; transform: translateX(0px) translateY(7px);\">&nbsp;<\/div>\n<div style=\"background-color: #f4f4f4; height: 12.5px; transform: rotate(-45deg) translateX(3px) translateY(1px); width: 12.5px; flex-grow: 0; margin-right: 14px; margin-left: 2px;\">&nbsp;<\/div>\n<div style=\"background-color: #f4f4f4; border-radius: 50%; height: 12.5px; width: 12.5px; transform: translateX(9px) translateY(-18px);\">&nbsp;<\/div>\n<\/div>\n<div style=\"margin-left: 8px;\">\n<div style=\"background-color: #f4f4f4; border-radius: 50%; flex-grow: 0; height: 20px; width: 20px;\">&nbsp;<\/div>\n<div style=\"width: 0; height: 0; border-top: 2px solid transparent; border-left: 6px solid #f4f4f4; border-bottom: 2px solid transparent; transform: translateX(16px) translateY(-4px) rotate(30deg);\">&nbsp;<\/div>\n<\/div>\n<div style=\"margin-left: auto;\">\n<div style=\"width: 0px; border-top: 8px solid #F4F4F4; border-right: 8px solid transparent; transform: translateY(16px);\">&nbsp;<\/div>\n<div style=\"background-color: #f4f4f4; flex-grow: 0; height: 12px; width: 16px; transform: translateY(-4px);\">&nbsp;<\/div>\n<div style=\"width: 0; height: 0; border-top: 8px solid #F4F4F4; border-left: 8px solid transparent; transform: translateY(-4px) translateX(8px);\">&nbsp;<\/div>\n<\/div>\n<\/div>\n<div style=\"display: flex; flex-direction: column; flex-grow: 1; justify-content: center; margin-bottom: 24px;\">\n<div style=\"background-color: #f4f4f4; border-radius: 4px; flex-grow: 0; height: 14px; margin-bottom: 6px; width: 224px;\">&nbsp;<\/div>\n<div style=\"background-color: #f4f4f4; border-radius: 4px; flex-grow: 0; height: 14px; width: 144px;\">&nbsp;<\/div>\n<\/div>\n<p>&nbsp;<\/p>\n<p style=\"color: #c9c8cd; font-family: Arial,sans-serif; font-size: 14px; line-height: 17px; margin-bottom: 0; margin-top: 8px; overflow: hidden; padding: 8px 0 7px; text-align: center; text-overflow: ellipsis; white-space: nowrap;\"><a style=\"color: #c9c8cd; font-family: Arial,sans-serif; font-size: 14px; font-style: normal; font-weight: normal; line-height: 17px; text-decoration: none;\" href=\"https:\/\/www.instagram.com\/p\/CuFCFGFgFUA\/?utm_source=ig_embed&amp;utm_campaign=loading\" target=\"_blank\" rel=\"noopener\">Una publicaci\u00f3n compartida por Casa editorial HUM \/ Estuario (@casaeditorialhum)<\/a><\/p>\n<\/div>\n<\/blockquote>\n<p><script async=\"\" src=\"\/\/www.instagram.com\/embed.js\"><\/script><br \/>\n&nbsp;<\/p>\n<p>&nbsp;<\/p>\n<p>&nbsp;<\/p>\n","protected":false},"excerpt":{"rendered":"<p>&nbsp; &nbsp; Los invitamos a la presentaci\u00f3n de&nbsp;Desastres naturales, un libro de&nbsp;Tamara Silva Bernaschina, a cargo de Natalia Mardero y Eugenia Ladra.&nbsp; \u2063 El encuentro tendr\u00e1 lugar el&nbsp;mi\u00e9rcoles 5 de julio a las 19:30h, en la&nbsp;Alianza Francesa de Montevideo.\u2063 &nbsp; Sobre el libro:\u2063 &#8220;La quietud cubre tierras, animales y pueblos hasta la irrupci\u00f3n del destello, [&hellip;]<\/p>\n","protected":false},"author":8,"featured_media":91463,"comment_status":"closed","ping_status":"closed","sticky":false,"template":"","format":"standard","meta":{"om_disable_all_campaigns":false,"ngg_post_thumbnail":0,"jnews-multi-image_gallery":[],"jnews_single_post":{"subtitle":"mi\u00e9rcoles 5 de julio a las 19:30h, en la\u00a0Alianza Francesa de Montevideo","format":"standard","video":"","gallery":"","source_name":"","source_url":"","via_name":"","via_url":"","override_template":"0","override":[{"template":"4","single_blog_custom":"","parallax":"1","fullscreen":"0","layout":"right-sidebar","sidebar":"default-sidebar","second_sidebar":"default-sidebar","sticky_sidebar":"1","share_position":"bottom","share_float_style":"share-monocrhome","show_share_counter":"1","show_view_counter":"1","show_featured":"1","show_post_meta":"1","show_post_author":"1","show_post_author_image":"1","show_post_date":"1","post_date_format":"default","post_date_format_custom":"Y\/m\/d","show_post_category":"1","show_post_reading_time":"0","post_reading_time_wpm":"300","show_zoom_button":"0","zoom_button_out_step":"2","zoom_button_in_step":"3","show_post_tag":"1","show_prev_next_post":"1","show_popup_post":"1","number_popup_post":"1","show_author_box":"1","show_post_related":"0","show_inline_post_related":"0"}],"override_image_size":"0","image_override":[{"single_post_thumbnail_size":"no-crop","single_post_gallery_size":"crop-500"}],"trending_post":"0","trending_post_position":"meta","trending_post_label":"Trending","sponsored_post":"0","sponsored_post_label":"Sponsored by","sponsored_post_name":"","sponsored_post_url":"","sponsored_post_logo_enable":"0","sponsored_post_logo":"","sponsored_post_desc":"","disable_ad":"0"},"jnews_primary_category":{"id":"","hide":""},"jnews_social_meta":{"fb_title":"","fb_description":"","fb_image":"","twitter_title":"","twitter_description":"","twitter_image":""},"jnews_override_counter":{"override_view_counter":"0","view_counter_number":"0","override_share_counter":"0","share_counter_number":"0","override_like_counter":"0","like_counter_number":"0","override_dislike_counter":"0","dislike_counter_number":"0"},"footnotes":""},"categories":[51],"tags":[5905,19836],"class_list":["post-91462","post","type-post","status-publish","format-standard","has-post-thumbnail","hentry","category-noticias","tag-desastres-naturales","tag-tamara-silva-bernaschina"],"yoast_head":"<!-- This site is optimized with the Yoast SEO plugin v27.5 - https:\/\/yoast.com\/product\/yoast-seo-wordpress\/ -->\n<title>&quot;Desastres naturales&quot;, de Tamara Silva Bernaschina - Lanzamiento editoria - Cooltivarte Portal<\/title>\n<meta name=\"description\" content=\"Los invitamos a la presentaci\u00f3n de\u00a0Desastres naturales, un libro de\u00a0Tamara Silva Bernaschina, a cargo de Natalia Mardero y Eugenia Ladra.\u00a0\" \/>\n<meta name=\"robots\" content=\"index, follow, max-snippet:-1, max-image-preview:large, max-video-preview:-1\" \/>\n<link rel=\"canonical\" href=\"https:\/\/cooltivarte.com\/portal\/desastres-naturales-de-tamara-silva-bernaschina-lanzamiento-editoria\/\" \/>\n<meta property=\"og:locale\" content=\"es_ES\" \/>\n<meta property=\"og:type\" content=\"article\" \/>\n<meta property=\"og:title\" content=\"&quot;Desastres naturales&quot;, de Tamara Silva Bernaschina - Lanzamiento editoria - mi\u00e9rcoles 5 de julio a las 19:30h, en la\u00a0Alianza Francesa de Montevideo\" \/>\n<meta property=\"og:description\" content=\"Los invitamos a la presentaci\u00f3n de\u00a0Desastres naturales, un libro de\u00a0Tamara Silva Bernaschina, a cargo de Natalia Mardero y Eugenia Ladra.\u00a0\" \/>\n<meta property=\"og:url\" content=\"https:\/\/cooltivarte.com\/portal\/desastres-naturales-de-tamara-silva-bernaschina-lanzamiento-editoria\/\" \/>\n<meta property=\"og:site_name\" content=\"Cooltivarte Portal\" \/>\n<meta property=\"article:publisher\" content=\"https:\/\/www.facebook.com\/cooltivartecom\/\" \/>\n<meta property=\"article:author\" content=\"https:\/\/www.facebook.com\/cooltivartecom\" \/>\n<meta property=\"article:published_time\" content=\"2023-07-02T15:28:50+00:00\" \/>\n<meta property=\"og:image\" content=\"https:\/\/cooltivarte.com\/portal\/wp-content\/uploads\/2023\/07\/desastres-naturales.jpg\" \/>\n\t<meta property=\"og:image:width\" content=\"547\" \/>\n\t<meta property=\"og:image:height\" content=\"441\" \/>\n\t<meta property=\"og:image:type\" content=\"image\/jpeg\" \/>\n<meta name=\"author\" content=\"Cooltivarte\" \/>\n<meta name=\"twitter:card\" content=\"summary_large_image\" \/>\n<meta name=\"twitter:title\" content=\"&quot;Desastres naturales&quot;, de Tamara Silva Bernaschina - Lanzamiento editoria - mi\u00e9rcoles 5 de julio a las 19:30h, en la\u00a0Alianza Francesa de Montevideo\" \/>\n<meta name=\"twitter:description\" content=\"Los invitamos a la presentaci\u00f3n de\u00a0Desastres naturales, un libro de\u00a0Tamara Silva Bernaschina, a cargo de Natalia Mardero y Eugenia Ladra.\u00a0\" \/>\n<meta name=\"twitter:image\" content=\"https:\/\/cooltivarte.com\/portal\/wp-content\/uploads\/2023\/07\/desastres-naturales.jpg\" \/>\n<meta name=\"twitter:creator\" content=\"@https:\/\/x.com\/obolocultural\" \/>\n<meta name=\"twitter:site\" content=\"@obolocultural\" \/>\n<meta name=\"twitter:label1\" content=\"Escrito por\" \/>\n\t<meta name=\"twitter:data1\" content=\"Cooltivarte\" \/>\n\t<meta name=\"twitter:label2\" content=\"Tiempo de lectura\" \/>\n\t<meta name=\"twitter:data2\" content=\"2 minutos\" \/>\n<!-- \/ Yoast SEO plugin. -->","yoast_head_json":{"title":"\"Desastres naturales\", de Tamara Silva Bernaschina - Lanzamiento editoria - Cooltivarte Portal","description":"Los invitamos a la presentaci\u00f3n de\u00a0Desastres naturales, un libro de\u00a0Tamara Silva Bernaschina, a cargo de Natalia Mardero y Eugenia Ladra.\u00a0","robots":{"index":"index","follow":"follow","max-snippet":"max-snippet:-1","max-image-preview":"max-image-preview:large","max-video-preview":"max-video-preview:-1"},"canonical":"https:\/\/cooltivarte.com\/portal\/desastres-naturales-de-tamara-silva-bernaschina-lanzamiento-editoria\/","og_locale":"es_ES","og_type":"article","og_title":"\"Desastres naturales\", de Tamara Silva Bernaschina - Lanzamiento editoria - mi\u00e9rcoles 5 de julio a las 19:30h, en la\u00a0Alianza Francesa de Montevideo","og_description":"Los invitamos a la presentaci\u00f3n de\u00a0Desastres naturales, un libro de\u00a0Tamara Silva Bernaschina, a cargo de Natalia Mardero y Eugenia Ladra.\u00a0","og_url":"https:\/\/cooltivarte.com\/portal\/desastres-naturales-de-tamara-silva-bernaschina-lanzamiento-editoria\/","og_site_name":"Cooltivarte Portal","article_publisher":"https:\/\/www.facebook.com\/cooltivartecom\/","article_author":"https:\/\/www.facebook.com\/cooltivartecom","article_published_time":"2023-07-02T15:28:50+00:00","og_image":[{"width":547,"height":441,"url":"https:\/\/cooltivarte.com\/portal\/wp-content\/uploads\/2023\/07\/desastres-naturales.jpg","type":"image\/jpeg"}],"author":"Cooltivarte","twitter_card":"summary_large_image","twitter_title":"\"Desastres naturales\", de Tamara Silva Bernaschina - Lanzamiento editoria - mi\u00e9rcoles 5 de julio a las 19:30h, en la\u00a0Alianza Francesa de Montevideo","twitter_description":"Los invitamos a la presentaci\u00f3n de\u00a0Desastres naturales, un libro de\u00a0Tamara Silva Bernaschina, a cargo de Natalia Mardero y Eugenia Ladra.\u00a0","twitter_image":"https:\/\/cooltivarte.com\/portal\/wp-content\/uploads\/2023\/07\/desastres-naturales.jpg","twitter_creator":"@https:\/\/x.com\/obolocultural","twitter_site":"@obolocultural","twitter_misc":{"Escrito por":"Cooltivarte","Tiempo de lectura":"2 minutos"},"schema":{"@context":"https:\/\/schema.org","@graph":[{"@type":"NewsArticle","@id":"https:\/\/cooltivarte.com\/portal\/desastres-naturales-de-tamara-silva-bernaschina-lanzamiento-editoria\/#article","isPartOf":{"@id":"https:\/\/cooltivarte.com\/portal\/desastres-naturales-de-tamara-silva-bernaschina-lanzamiento-editoria\/"},"author":{"name":"Cooltivarte","@id":"https:\/\/cooltivarte.com\/portal\/#\/schema\/person\/ec2a4f4e71b740d0c559c0ab9a157e19"},"headline":"&#8220;Desastres naturales&#8221;, de Tamara Silva Bernaschina &#8211; Lanzamiento editoria","datePublished":"2023-07-02T15:28:50+00:00","mainEntityOfPage":{"@id":"https:\/\/cooltivarte.com\/portal\/desastres-naturales-de-tamara-silva-bernaschina-lanzamiento-editoria\/"},"wordCount":317,"publisher":{"@id":"https:\/\/cooltivarte.com\/portal\/#organization"},"image":{"@id":"https:\/\/cooltivarte.com\/portal\/desastres-naturales-de-tamara-silva-bernaschina-lanzamiento-editoria\/#primaryimage"},"thumbnailUrl":"https:\/\/cooltivarte.com\/portal\/wp-content\/uploads\/2023\/07\/desastres-naturales.jpg","keywords":["Desastres Naturales","Tamara Silva Bernaschina"],"articleSection":["Noticias"],"inLanguage":"es-AR"},{"@type":"WebPage","@id":"https:\/\/cooltivarte.com\/portal\/desastres-naturales-de-tamara-silva-bernaschina-lanzamiento-editoria\/","url":"https:\/\/cooltivarte.com\/portal\/desastres-naturales-de-tamara-silva-bernaschina-lanzamiento-editoria\/","name":"\"Desastres naturales\", de Tamara Silva Bernaschina - Lanzamiento editoria - Cooltivarte Portal","isPartOf":{"@id":"https:\/\/cooltivarte.com\/portal\/#website"},"primaryImageOfPage":{"@id":"https:\/\/cooltivarte.com\/portal\/desastres-naturales-de-tamara-silva-bernaschina-lanzamiento-editoria\/#primaryimage"},"image":{"@id":"https:\/\/cooltivarte.com\/portal\/desastres-naturales-de-tamara-silva-bernaschina-lanzamiento-editoria\/#primaryimage"},"thumbnailUrl":"https:\/\/cooltivarte.com\/portal\/wp-content\/uploads\/2023\/07\/desastres-naturales.jpg","datePublished":"2023-07-02T15:28:50+00:00","description":"Los invitamos a la presentaci\u00f3n de\u00a0Desastres naturales, un libro de\u00a0Tamara Silva Bernaschina, a cargo de Natalia Mardero y Eugenia Ladra.\u00a0","breadcrumb":{"@id":"https:\/\/cooltivarte.com\/portal\/desastres-naturales-de-tamara-silva-bernaschina-lanzamiento-editoria\/#breadcrumb"},"inLanguage":"es-AR","potentialAction":[{"@type":"ReadAction","target":["https:\/\/cooltivarte.com\/portal\/desastres-naturales-de-tamara-silva-bernaschina-lanzamiento-editoria\/"]}]},{"@type":"ImageObject","inLanguage":"es-AR","@id":"https:\/\/cooltivarte.com\/portal\/desastres-naturales-de-tamara-silva-bernaschina-lanzamiento-editoria\/#primaryimage","url":"https:\/\/cooltivarte.com\/portal\/wp-content\/uploads\/2023\/07\/desastres-naturales.jpg","contentUrl":"https:\/\/cooltivarte.com\/portal\/wp-content\/uploads\/2023\/07\/desastres-naturales.jpg","width":547,"height":441,"caption":"\"Desastres naturales\", de Tamara Silva Bernaschina - Lanzamiento editorial"},{"@type":"BreadcrumbList","@id":"https:\/\/cooltivarte.com\/portal\/desastres-naturales-de-tamara-silva-bernaschina-lanzamiento-editoria\/#breadcrumb","itemListElement":[{"@type":"ListItem","position":1,"name":"Portada","item":"https:\/\/cooltivarte.com\/portal\/"},{"@type":"ListItem","position":2,"name":"\u00abDesastres naturales\u00bb, de Tamara Silva Bernaschina &#8211; Lanzamiento editoria"}]},{"@type":"WebSite","@id":"https:\/\/cooltivarte.com\/portal\/#website","url":"https:\/\/cooltivarte.com\/portal\/","name":"Cooltivarte Portal","description":"Arte, cultura y turismo para el mundo ...","publisher":{"@id":"https:\/\/cooltivarte.com\/portal\/#organization"},"potentialAction":[{"@type":"SearchAction","target":{"@type":"EntryPoint","urlTemplate":"https:\/\/cooltivarte.com\/portal\/?s={search_term_string}"},"query-input":{"@type":"PropertyValueSpecification","valueRequired":true,"valueName":"search_term_string"}}],"inLanguage":"es-AR"},{"@type":"Organization","@id":"https:\/\/cooltivarte.com\/portal\/#organization","name":"cooltivarte","url":"https:\/\/cooltivarte.com\/portal\/","logo":{"@type":"ImageObject","inLanguage":"es-AR","@id":"https:\/\/cooltivarte.com\/portal\/#\/schema\/logo\/image\/","url":"https:\/\/cooltivarte.com\/portal\/wp-content\/uploads\/2020\/04\/logo-cooltivarte-v2.png","contentUrl":"https:\/\/cooltivarte.com\/portal\/wp-content\/uploads\/2020\/04\/logo-cooltivarte-v2.png","width":851,"height":243,"caption":"cooltivarte"},"image":{"@id":"https:\/\/cooltivarte.com\/portal\/#\/schema\/logo\/image\/"},"sameAs":["https:\/\/www.facebook.com\/cooltivartecom\/","https:\/\/x.com\/obolocultural","https:\/\/www.instagram.com\/_cooltivarte_\/","https:\/\/www.linkedin.com\/company\/-bolocultural?reportsuccess=8zaNG1HwhPbAR9iQhZ5rfGeqz_vQFftHun0ZWU0Wy9vNemRJ8vtcKdJvzQfW8XagyOJSKg0XvfJ1dp","https:\/\/www.pinterest.com\/cooltivarte\/","https:\/\/cooltivarte.tumblr.com\/","https:\/\/www.tiktok.com\/@cooltivarte","https:\/\/www.youtube.com\/@PrensaCooltivarte"]},{"@type":"Person","@id":"https:\/\/cooltivarte.com\/portal\/#\/schema\/person\/ec2a4f4e71b740d0c559c0ab9a157e19","name":"Cooltivarte","image":{"@type":"ImageObject","inLanguage":"es-AR","@id":"https:\/\/cooltivarte.com\/portal\/wp-content\/uploads\/2014\/05\/logo-cooltivarte-120x120.jpg","url":"https:\/\/cooltivarte.com\/portal\/wp-content\/uploads\/2014\/05\/logo-cooltivarte-120x120.jpg","contentUrl":"https:\/\/cooltivarte.com\/portal\/wp-content\/uploads\/2014\/05\/logo-cooltivarte-120x120.jpg","caption":"Cooltivarte"},"description":"Somos COOLTIVARTE.COM. Un portal digital dedicado a difundir el acontecer art\u00edstico y cultural del Uruguay. Estamos en la vuelta desde el a\u00f1o 2003, y como evoluci\u00f3n del bolet\u00edn Obolo Cultural, nos encontramos abocados a apoyar a los artistas nacionales brind\u00e1ndoles un espacio de difusi\u00f3n. Creemos en la idea de utilizar la potencialidad que hoy d\u00eda nos otorga la web, para que la cultura uruguaya y sus creadores dispongan de una din\u00e1mica ventana, que los ponga en contacto entre s\u00ed y con el mundo. Somos COOLTIVARTE.COM y pretendemos configurarnos como un portal din\u00e1mico, entretenido y atento a los nuevos emprendimientos, que busque siempre la interacci\u00f3n con los artistas.","sameAs":["http:\/\/www.cooltivarte.com","https:\/\/www.facebook.com\/cooltivartecom","https:\/\/www.instagram.com\/_cooltivarte_\/","https:\/\/www.linkedin.com\/company\/-bolocultural","https:\/\/www.pinterest.com\/cooltivarte\/","https:\/\/x.com\/https:\/\/x.com\/obolocultural","https:\/\/www.youtube.com\/@PrensaCooltivarte","https:\/\/www.tumblr.com\/blog\/cooltivarte"],"url":"https:\/\/cooltivarte.com\/portal\/author\/cooltivarte\/"}]}},"_links":{"self":[{"href":"https:\/\/cooltivarte.com\/portal\/wp-json\/wp\/v2\/posts\/91462","targetHints":{"allow":["GET"]}}],"collection":[{"href":"https:\/\/cooltivarte.com\/portal\/wp-json\/wp\/v2\/posts"}],"about":[{"href":"https:\/\/cooltivarte.com\/portal\/wp-json\/wp\/v2\/types\/post"}],"author":[{"embeddable":true,"href":"https:\/\/cooltivarte.com\/portal\/wp-json\/wp\/v2\/users\/8"}],"replies":[{"embeddable":true,"href":"https:\/\/cooltivarte.com\/portal\/wp-json\/wp\/v2\/comments?post=91462"}],"version-history":[{"count":1,"href":"https:\/\/cooltivarte.com\/portal\/wp-json\/wp\/v2\/posts\/91462\/revisions"}],"predecessor-version":[{"id":91464,"href":"https:\/\/cooltivarte.com\/portal\/wp-json\/wp\/v2\/posts\/91462\/revisions\/91464"}],"wp:featuredmedia":[{"embeddable":true,"href":"https:\/\/cooltivarte.com\/portal\/wp-json\/wp\/v2\/media\/91463"}],"wp:attachment":[{"href":"https:\/\/cooltivarte.com\/portal\/wp-json\/wp\/v2\/media?parent=91462"}],"wp:term":[{"taxonomy":"category","embeddable":true,"href":"https:\/\/cooltivarte.com\/portal\/wp-json\/wp\/v2\/categories?post=91462"},{"taxonomy":"post_tag","embeddable":true,"href":"https:\/\/cooltivarte.com\/portal\/wp-json\/wp\/v2\/tags?post=91462"}],"curies":[{"name":"wp","href":"https:\/\/api.w.org\/{rel}","templated":true}]}}