{"id":90667,"date":"2023-06-03T20:46:23","date_gmt":"2023-06-03T23:46:23","guid":{"rendered":"https:\/\/cooltivarte.com\/portal\/?p=90667"},"modified":"2023-06-03T20:46:23","modified_gmt":"2023-06-03T23:46:23","slug":"alberto-lastreto-recorriendo-exposiciones","status":"publish","type":"post","link":"https:\/\/cooltivarte.com\/portal\/alberto-lastreto-recorriendo-exposiciones\/","title":{"rendered":"ALBERTO LASTRETO &#8211; Recorriendo Exposiciones"},"content":{"rendered":"<figure id=\"attachment_90668\" aria-describedby=\"caption-attachment-90668\" style=\"width: 1024px\" class=\"wp-caption aligncenter\"><img fetchpriority=\"high\" decoding=\"async\" class=\"wp-image-90668 size-large\" title=\"Recorriendo Exposiciones ALBERTO LASTRETO por Daniel Benoit Cassou \" src=\"https:\/\/cooltivarte.com\/portal\/wp-content\/uploads\/2023\/06\/ALBERTO-LASTRETO-por-Daniel-Benoit-Cassou-1024x768.jpg\" alt=\"Recorriendo ExposicionesALBERTO LASTRETO por Daniel Benoit Cassou \" width=\"1024\" height=\"768\" srcset=\"https:\/\/cooltivarte.com\/portal\/wp-content\/uploads\/2023\/06\/ALBERTO-LASTRETO-por-Daniel-Benoit-Cassou-1024x768.jpg 1024w, https:\/\/cooltivarte.com\/portal\/wp-content\/uploads\/2023\/06\/ALBERTO-LASTRETO-por-Daniel-Benoit-Cassou-300x225.jpg 300w, https:\/\/cooltivarte.com\/portal\/wp-content\/uploads\/2023\/06\/ALBERTO-LASTRETO-por-Daniel-Benoit-Cassou-768x576.jpg 768w, https:\/\/cooltivarte.com\/portal\/wp-content\/uploads\/2023\/06\/ALBERTO-LASTRETO-por-Daniel-Benoit-Cassou-1536x1152.jpg 1536w, https:\/\/cooltivarte.com\/portal\/wp-content\/uploads\/2023\/06\/ALBERTO-LASTRETO-por-Daniel-Benoit-Cassou.jpg 2048w\" sizes=\"(max-width: 1024px) 100vw, 1024px\" \/><figcaption id=\"caption-attachment-90668\" class=\"wp-caption-text\">Recorriendo Exposiciones ALBERTO LASTRETO por Daniel Benoit Cassou<\/figcaption><\/figure>\n<p>&nbsp;<\/p>\n<p>Otra de las propuestas art\u00edsticas montevideanas actuales, se est\u00e1 celebrando en la <strong>librer\u00eda Linardi Risso<\/strong> en la Ciudad Vieja de Montevideo.<\/p>\n<p>All\u00ed, con la delicada sutileza que caracteriza su obra, <a href=\"https:\/\/cooltivarte.com\/portal\/?s=Alberto+Lastreto\" target=\"_blank\" rel=\"noopener\"><strong>Alberto Lastreto<\/strong><\/a> (Buenos Aires, 1951), radicado en Montevideo desde hace varios a\u00f1os y luego de una residencia tambi\u00e9n prolongada en Estados Unidos, entabla un di\u00e1logo con el \u00e1mbito literario del lugar.<\/p>\n<p>Algo por cierto nada f\u00e1cil, pues la librer\u00eda no dispone de un espacio espec\u00edfico para albergar muestras, raz\u00f3n por la cual Lastreto se recuesta sutilmente sobre los estantes llenos de libros sin desplazarlos, ni siquiera incomodarlos, creando un discurso tambi\u00e9n narrativo.<\/p>\n<p>\u201cLenguas y cipreses\u201d lleva por t\u00edtulo la serie de dibujos realizados con punta de plata.<\/p>\n<p>Lenguas que se articulan cual cipreses y viceversa.<\/p>\n<p>La lengua tiene una connotaci\u00f3n viperina, a la vez que una gran carga sensual.<\/p>\n<p>Lastreto les da vida tambi\u00e9n a trav\u00e9s de representaciones de personajes.<\/p>\n<p>Por su lado, el cipr\u00e9s lo tenemos asociado a la muerte pues es un \u00e1rbol que com\u00fanmente habita en los cementerios, pero tambi\u00e9n la forma con\u00edfera semeja al fuego, al eros.<\/p>\n<p>Las interpretaciones quedan abiertas a la creatividad de los espectadores pues Lastreto no acompa\u00f1a su muestra con texto alguno.<\/p>\n<p>Independientemente de ello, la obra se sumerge a la vez que emerge entre los libros, creando una gran obra en su conjunto.<\/p>\n<p>Creo que recorrerla sin p\u00fablico tiene un valor agregado.<\/p>\n<p>Al encanto particular del lugar que invita a un viaje a trav\u00e9s del tiempo, se agrega esta extraordinaria exposici\u00f3n.<br \/>\nEnhorabuena Alberto!<\/p>\n<p>&nbsp;<\/p>\n<p>&nbsp;<br \/>\n<iframe style=\"border: none; overflow: hidden;\" src=\"https:\/\/www.facebook.com\/plugins\/post.php?href=https%3A%2F%2Fwww.facebook.com%2Fdaniel.benoit.3557%2Fposts%2Fpfbid02xJt3jBUr3hAkPvVL5WA2D1QjdvXmqofXRGESrUYEsVuoGfGxRuQPouUnWByDqp5Nl&amp;show_text=true&amp;width=500\" width=\"500\" height=\"665\" frameborder=\"0\" scrolling=\"no\" allowfullscreen=\"allowfullscreen\"><\/iframe><br \/>\n&nbsp;<\/p>\n<p>&nbsp;<\/p>\n<p>&nbsp;<\/p>\n<blockquote class=\"instagram-media\" style=\"background: #FFF; border: 0; border-radius: 3px; box-shadow: 0 0 1px 0 rgba(0,0,0,0.5),0 1px 10px 0 rgba(0,0,0,0.15); margin: 1px; max-width: 540px; min-width: 326px; padding: 0; width: calc(100% - 2px);\" data-instgrm-captioned=\"\" data-instgrm-permalink=\"https:\/\/www.instagram.com\/p\/CtC_Gs9gbNB\/?utm_source=ig_embed&amp;utm_campaign=loading\" data-instgrm-version=\"14\">\n<div style=\"padding: 16px;\">\n<p>&nbsp;<\/p>\n<div style=\"display: flex; flex-direction: row; align-items: center;\">\n<div style=\"background-color: #f4f4f4; border-radius: 50%; flex-grow: 0; height: 40px; margin-right: 14px; width: 40px;\">&nbsp;<\/div>\n<div style=\"display: flex; flex-direction: column; flex-grow: 1; justify-content: center;\">\n<div style=\"background-color: #f4f4f4; border-radius: 4px; flex-grow: 0; height: 14px; margin-bottom: 6px; width: 100px;\">&nbsp;<\/div>\n<div style=\"background-color: #f4f4f4; border-radius: 4px; flex-grow: 0; height: 14px; width: 60px;\">&nbsp;<\/div>\n<\/div>\n<\/div>\n<div style=\"padding: 19% 0;\">&nbsp;<\/div>\n<div style=\"display: block; height: 50px; margin: 0 auto 12px; width: 50px;\">&nbsp;<\/div>\n<div style=\"padding-top: 8px;\">\n<div style=\"color: #3897f0; font-family: Arial,sans-serif; font-size: 14px; font-style: normal; font-weight: 550; line-height: 18px;\">Ver esta publicaci\u00f3n en Instagram<\/div>\n<\/div>\n<div style=\"padding: 12.5% 0;\">&nbsp;<\/div>\n<div style=\"display: flex; flex-direction: row; margin-bottom: 14px; align-items: center;\">\n<div>\n<div style=\"background-color: #f4f4f4; border-radius: 50%; height: 12.5px; width: 12.5px; transform: translateX(0px) translateY(7px);\">&nbsp;<\/div>\n<div style=\"background-color: #f4f4f4; height: 12.5px; transform: rotate(-45deg) translateX(3px) translateY(1px); width: 12.5px; flex-grow: 0; margin-right: 14px; margin-left: 2px;\">&nbsp;<\/div>\n<div style=\"background-color: #f4f4f4; border-radius: 50%; height: 12.5px; width: 12.5px; transform: translateX(9px) translateY(-18px);\">&nbsp;<\/div>\n<\/div>\n<div style=\"margin-left: 8px;\">\n<div style=\"background-color: #f4f4f4; border-radius: 50%; flex-grow: 0; height: 20px; width: 20px;\">&nbsp;<\/div>\n<div style=\"width: 0; height: 0; border-top: 2px solid transparent; border-left: 6px solid #f4f4f4; border-bottom: 2px solid transparent; transform: translateX(16px) translateY(-4px) rotate(30deg);\">&nbsp;<\/div>\n<\/div>\n<div style=\"margin-left: auto;\">\n<div style=\"width: 0px; border-top: 8px solid #F4F4F4; border-right: 8px solid transparent; transform: translateY(16px);\">&nbsp;<\/div>\n<div style=\"background-color: #f4f4f4; flex-grow: 0; height: 12px; width: 16px; transform: translateY(-4px);\">&nbsp;<\/div>\n<div style=\"width: 0; height: 0; border-top: 8px solid #F4F4F4; border-left: 8px solid transparent; transform: translateY(-4px) translateX(8px);\">&nbsp;<\/div>\n<\/div>\n<\/div>\n<div style=\"display: flex; flex-direction: column; flex-grow: 1; justify-content: center; margin-bottom: 24px;\">\n<div style=\"background-color: #f4f4f4; border-radius: 4px; flex-grow: 0; height: 14px; margin-bottom: 6px; width: 224px;\">&nbsp;<\/div>\n<div style=\"background-color: #f4f4f4; border-radius: 4px; flex-grow: 0; height: 14px; width: 144px;\">&nbsp;<\/div>\n<\/div>\n<p>&nbsp;<\/p>\n<p style=\"color: #c9c8cd; font-family: Arial,sans-serif; font-size: 14px; line-height: 17px; margin-bottom: 0; margin-top: 8px; overflow: hidden; padding: 8px 0 7px; text-align: center; text-overflow: ellipsis; white-space: nowrap;\"><a style=\"color: #c9c8cd; font-family: Arial,sans-serif; font-size: 14px; font-style: normal; font-weight: normal; line-height: 17px; text-decoration: none;\" href=\"https:\/\/www.instagram.com\/p\/CtC_Gs9gbNB\/?utm_source=ig_embed&amp;utm_campaign=loading\" target=\"_blank\" rel=\"noopener\">Una publicaci\u00f3n compartida por Daniel Benoit Cassou (@benoitphotos)<\/a><\/p>\n<\/div>\n<\/blockquote>\n<p><script async=\"\" src=\"\/\/www.instagram.com\/embed.js\"><\/script><br \/>\n&nbsp;<\/p>\n<p>&nbsp;<\/p>\n<p>&nbsp;<\/p>\n<p>&nbsp;<\/p>\n","protected":false},"excerpt":{"rendered":"<p>&nbsp; Otra de las propuestas art\u00edsticas montevideanas actuales, se est\u00e1 celebrando en la librer\u00eda Linardi Risso en la Ciudad Vieja de Montevideo. All\u00ed, con la delicada sutileza que caracteriza su obra, Alberto Lastreto (Buenos Aires, 1951), radicado en Montevideo desde hace varios a\u00f1os y luego de una residencia tambi\u00e9n prolongada en Estados Unidos, entabla un [&hellip;]<\/p>\n","protected":false},"author":14,"featured_media":90668,"comment_status":"closed","ping_status":"closed","sticky":false,"template":"","format":"standard","meta":{"om_disable_all_campaigns":false,"ngg_post_thumbnail":0,"jnews-multi-image_gallery":[],"jnews_single_post":{"subtitle":"","format":"standard","video":"","gallery":"","source_name":"","source_url":"","via_name":"","via_url":"","override_template":"0","override":[{"template":"4","single_blog_custom":"","parallax":"1","fullscreen":"0","layout":"right-sidebar","sidebar":"default-sidebar","second_sidebar":"default-sidebar","sticky_sidebar":"1","share_position":"bottom","share_float_style":"share-monocrhome","show_share_counter":"1","show_view_counter":"1","show_featured":"1","show_post_meta":"1","show_post_author":"1","show_post_author_image":"1","show_post_date":"1","post_date_format":"default","post_date_format_custom":"Y\/m\/d","show_post_category":"1","show_post_reading_time":"0","post_reading_time_wpm":"300","show_zoom_button":"0","zoom_button_out_step":"2","zoom_button_in_step":"3","show_post_tag":"1","show_prev_next_post":"1","show_popup_post":"1","number_popup_post":"1","show_author_box":"1","show_post_related":"0","show_inline_post_related":"0"}],"override_image_size":"0","image_override":[{"single_post_thumbnail_size":"no-crop","single_post_gallery_size":"crop-500"}],"trending_post":"0","trending_post_position":"meta","trending_post_label":"Trending","sponsored_post":"0","sponsored_post_label":"Sponsored by","sponsored_post_name":"","sponsored_post_url":"","sponsored_post_logo_enable":"0","sponsored_post_logo":"","sponsored_post_desc":"","disable_ad":"0"},"jnews_primary_category":{"id":"","hide":""},"jnews_social_meta":{"fb_title":"","fb_description":"","fb_image":"","twitter_title":"","twitter_description":"","twitter_image":""},"jnews_override_counter":{"override_view_counter":"0","view_counter_number":"0","override_share_counter":"0","share_counter_number":"0","override_like_counter":"0","like_counter_number":"0","override_dislike_counter":"0","dislike_counter_number":"0"},"footnotes":""},"categories":[52],"tags":[6263,19661],"class_list":["post-90667","post","type-post","status-publish","format-standard","has-post-thumbnail","hentry","category-artista","tag-alberto-lastreto","tag-libreria-linardi-risso"],"yoast_head":"<!-- This site is optimized with the Yoast SEO plugin v27.5 - https:\/\/yoast.com\/product\/yoast-seo-wordpress\/ -->\n<title>ALBERTO LASTRETO - Recorriendo Exposiciones - Cooltivarte Portal<\/title>\n<meta name=\"description\" content=\"All\u00ed, con la delicada sutileza que caracteriza su obra, Alberto Lastreto (Buenos Aires, 1951), radicado en Montevideo desde hace varios a\u00f1os y luego de una residencia tambi\u00e9n prolongada en Estados Unidos, entabla un di\u00e1logo con el \u00e1mbito literario del lugar.\" \/>\n<meta name=\"robots\" content=\"index, follow, max-snippet:-1, max-image-preview:large, max-video-preview:-1\" \/>\n<link rel=\"canonical\" href=\"https:\/\/cooltivarte.com\/portal\/alberto-lastreto-recorriendo-exposiciones\/\" \/>\n<meta property=\"og:locale\" content=\"es_ES\" \/>\n<meta property=\"og:type\" content=\"article\" \/>\n<meta property=\"og:title\" content=\"Recorriendo Exposiciones - ALBERTO LASTRETO por Daniel Benoit Cassou\" \/>\n<meta property=\"og:description\" content=\"All\u00ed, con la delicada sutileza que caracteriza su obra, Alberto Lastreto (Buenos Aires, 1951), radicado en Montevideo desde hace varios a\u00f1os y luego de una residencia tambi\u00e9n prolongada en Estados Unidos, entabla un di\u00e1logo con el \u00e1mbito literario del lugar.\" \/>\n<meta property=\"og:url\" content=\"https:\/\/cooltivarte.com\/portal\/alberto-lastreto-recorriendo-exposiciones\/\" \/>\n<meta property=\"og:site_name\" content=\"Cooltivarte Portal\" \/>\n<meta property=\"article:publisher\" content=\"https:\/\/www.facebook.com\/cooltivartecom\/\" \/>\n<meta property=\"article:author\" content=\"https:\/\/www.facebook.com\/daniel.benoit.3557?fref=ts\" \/>\n<meta property=\"article:published_time\" content=\"2023-06-03T23:46:23+00:00\" \/>\n<meta property=\"og:image\" content=\"https:\/\/cooltivarte.com\/portal\/wp-content\/uploads\/2023\/06\/ALBERTO-LASTRETO-por-Daniel-Benoit-Cassou.jpg\" \/>\n\t<meta property=\"og:image:width\" content=\"2048\" \/>\n\t<meta property=\"og:image:height\" content=\"1536\" \/>\n\t<meta property=\"og:image:type\" content=\"image\/jpeg\" \/>\n<meta name=\"author\" content=\"Daniel Benoit Cassou\" \/>\n<meta name=\"twitter:card\" content=\"summary_large_image\" \/>\n<meta name=\"twitter:title\" content=\"Recorriendo Exposiciones - ALBERTO LASTRETO por Daniel Benoit Cassou\" \/>\n<meta name=\"twitter:description\" content=\"All\u00ed, con la delicada sutileza que caracteriza su obra, Alberto Lastreto (Buenos Aires, 1951), radicado en Montevideo desde hace varios a\u00f1os y luego de una residencia tambi\u00e9n prolongada en Estados Unidos, entabla un di\u00e1logo con el \u00e1mbito literario del lugar.\" \/>\n<meta name=\"twitter:image\" content=\"https:\/\/cooltivarte.com\/portal\/wp-content\/uploads\/2023\/06\/ALBERTO-LASTRETO-por-Daniel-Benoit-Cassou.jpg\" \/>\n<meta name=\"twitter:creator\" content=\"@https:\/\/x.com\/obolocultural\" \/>\n<meta name=\"twitter:site\" content=\"@obolocultural\" \/>\n<meta name=\"twitter:label1\" content=\"Escrito por\" \/>\n\t<meta name=\"twitter:data1\" content=\"Daniel Benoit Cassou\" \/>\n\t<meta name=\"twitter:label2\" content=\"Tiempo de lectura\" \/>\n\t<meta name=\"twitter:data2\" content=\"2 minutos\" \/>\n<!-- \/ Yoast SEO plugin. -->","yoast_head_json":{"title":"ALBERTO LASTRETO - Recorriendo Exposiciones - Cooltivarte Portal","description":"All\u00ed, con la delicada sutileza que caracteriza su obra, Alberto Lastreto (Buenos Aires, 1951), radicado en Montevideo desde hace varios a\u00f1os y luego de una residencia tambi\u00e9n prolongada en Estados Unidos, entabla un di\u00e1logo con el \u00e1mbito literario del lugar.","robots":{"index":"index","follow":"follow","max-snippet":"max-snippet:-1","max-image-preview":"max-image-preview:large","max-video-preview":"max-video-preview:-1"},"canonical":"https:\/\/cooltivarte.com\/portal\/alberto-lastreto-recorriendo-exposiciones\/","og_locale":"es_ES","og_type":"article","og_title":"Recorriendo Exposiciones - ALBERTO LASTRETO por Daniel Benoit Cassou","og_description":"All\u00ed, con la delicada sutileza que caracteriza su obra, Alberto Lastreto (Buenos Aires, 1951), radicado en Montevideo desde hace varios a\u00f1os y luego de una residencia tambi\u00e9n prolongada en Estados Unidos, entabla un di\u00e1logo con el \u00e1mbito literario del lugar.","og_url":"https:\/\/cooltivarte.com\/portal\/alberto-lastreto-recorriendo-exposiciones\/","og_site_name":"Cooltivarte Portal","article_publisher":"https:\/\/www.facebook.com\/cooltivartecom\/","article_author":"https:\/\/www.facebook.com\/daniel.benoit.3557?fref=ts","article_published_time":"2023-06-03T23:46:23+00:00","og_image":[{"width":2048,"height":1536,"url":"https:\/\/cooltivarte.com\/portal\/wp-content\/uploads\/2023\/06\/ALBERTO-LASTRETO-por-Daniel-Benoit-Cassou.jpg","type":"image\/jpeg"}],"author":"Daniel Benoit Cassou","twitter_card":"summary_large_image","twitter_title":"Recorriendo Exposiciones - ALBERTO LASTRETO por Daniel Benoit Cassou","twitter_description":"All\u00ed, con la delicada sutileza que caracteriza su obra, Alberto Lastreto (Buenos Aires, 1951), radicado en Montevideo desde hace varios a\u00f1os y luego de una residencia tambi\u00e9n prolongada en Estados Unidos, entabla un di\u00e1logo con el \u00e1mbito literario del lugar.","twitter_image":"https:\/\/cooltivarte.com\/portal\/wp-content\/uploads\/2023\/06\/ALBERTO-LASTRETO-por-Daniel-Benoit-Cassou.jpg","twitter_creator":"@https:\/\/x.com\/obolocultural","twitter_site":"@obolocultural","twitter_misc":{"Escrito por":"Daniel Benoit Cassou","Tiempo de lectura":"2 minutos"},"schema":{"@context":"https:\/\/schema.org","@graph":[{"@type":"NewsArticle","@id":"https:\/\/cooltivarte.com\/portal\/alberto-lastreto-recorriendo-exposiciones\/#article","isPartOf":{"@id":"https:\/\/cooltivarte.com\/portal\/alberto-lastreto-recorriendo-exposiciones\/"},"author":{"name":"Daniel Benoit Cassou","@id":"https:\/\/cooltivarte.com\/portal\/#\/schema\/person\/175e2af38af164206375abd19e491b3f"},"headline":"ALBERTO LASTRETO &#8211; Recorriendo Exposiciones","datePublished":"2023-06-03T23:46:23+00:00","mainEntityOfPage":{"@id":"https:\/\/cooltivarte.com\/portal\/alberto-lastreto-recorriendo-exposiciones\/"},"wordCount":336,"publisher":{"@id":"https:\/\/cooltivarte.com\/portal\/#organization"},"image":{"@id":"https:\/\/cooltivarte.com\/portal\/alberto-lastreto-recorriendo-exposiciones\/#primaryimage"},"thumbnailUrl":"https:\/\/cooltivarte.com\/portal\/wp-content\/uploads\/2023\/06\/ALBERTO-LASTRETO-por-Daniel-Benoit-Cassou.jpg","keywords":["Alberto Lastreto","librer\u00eda Linardi Risso"],"articleSection":["Arte"],"inLanguage":"es-AR"},{"@type":"WebPage","@id":"https:\/\/cooltivarte.com\/portal\/alberto-lastreto-recorriendo-exposiciones\/","url":"https:\/\/cooltivarte.com\/portal\/alberto-lastreto-recorriendo-exposiciones\/","name":"ALBERTO LASTRETO - Recorriendo Exposiciones - Cooltivarte Portal","isPartOf":{"@id":"https:\/\/cooltivarte.com\/portal\/#website"},"primaryImageOfPage":{"@id":"https:\/\/cooltivarte.com\/portal\/alberto-lastreto-recorriendo-exposiciones\/#primaryimage"},"image":{"@id":"https:\/\/cooltivarte.com\/portal\/alberto-lastreto-recorriendo-exposiciones\/#primaryimage"},"thumbnailUrl":"https:\/\/cooltivarte.com\/portal\/wp-content\/uploads\/2023\/06\/ALBERTO-LASTRETO-por-Daniel-Benoit-Cassou.jpg","datePublished":"2023-06-03T23:46:23+00:00","description":"All\u00ed, con la delicada sutileza que caracteriza su obra, Alberto Lastreto (Buenos Aires, 1951), radicado en Montevideo desde hace varios a\u00f1os y luego de una residencia tambi\u00e9n prolongada en Estados Unidos, entabla un di\u00e1logo con el \u00e1mbito literario del lugar.","breadcrumb":{"@id":"https:\/\/cooltivarte.com\/portal\/alberto-lastreto-recorriendo-exposiciones\/#breadcrumb"},"inLanguage":"es-AR","potentialAction":[{"@type":"ReadAction","target":["https:\/\/cooltivarte.com\/portal\/alberto-lastreto-recorriendo-exposiciones\/"]}]},{"@type":"ImageObject","inLanguage":"es-AR","@id":"https:\/\/cooltivarte.com\/portal\/alberto-lastreto-recorriendo-exposiciones\/#primaryimage","url":"https:\/\/cooltivarte.com\/portal\/wp-content\/uploads\/2023\/06\/ALBERTO-LASTRETO-por-Daniel-Benoit-Cassou.jpg","contentUrl":"https:\/\/cooltivarte.com\/portal\/wp-content\/uploads\/2023\/06\/ALBERTO-LASTRETO-por-Daniel-Benoit-Cassou.jpg","width":2048,"height":1536,"caption":"Otra de las propuestas art\u00edsticas montevideanas actuales, se est\u00e1 celebrando en la librer\u00eda Linardi Risso en la Ciudad Vieja de Montevideo. All\u00ed, con la delicada sutileza que caracteriza su obra, Alberto Lastreto (Buenos Aires, 1951), radicado en Montevideo desde hace varios a\u00f1os y luego de una residencia tambi\u00e9n prolongada en Estados Unidos, entabla un di\u00e1logo con el \u00e1mbito literario del lugar. Algo por cierto nada f\u00e1cil, pues la librer\u00eda no dispone de un espacio espec\u00edfico para albergar muestras, raz\u00f3n por la cual Lastreto se recuesta sutilmente sobre los estantes llenos de libros sin desplazarlos, ni siquiera incomodarlos, creando un discurso tambi\u00e9n narrativo. \u201cLenguas y cipreses\u201d lleva por t\u00edtulo la serie de dibujos realizados con punta de plata. Lenguas que se articulan cual cipreses y viceversa. La lengua tiene una connotaci\u00f3n viperina, a la vez que una gran carga sensual. Lastreto les da vida tambi\u00e9n a trav\u00e9s de representaciones de personajes. Por su lado, el cipr\u00e9s lo tenemos asociado a la muerte pues es un \u00e1rbol que com\u00fanmente habita en los cementerios, pero tambi\u00e9n la forma con\u00edfera semeja al fuego, al eros. Las interpretaciones quedan abiertas a la creatividad de los espectadores pues Lastreto no acompa\u00f1a su muestra con texto alguno. Independientemente de ello, la obra se sumerge a la vez que emerge entre los libros, creando una gran obra en su conjunto. Creo que recorrerla sin p\u00fablico tiene un valor agregado. Al encanto particular del lugar que invita a un viaje a trav\u00e9s del tiempo, se agrega esta extraordinaria exposici\u00f3n. Enhorabuena Alberto!"},{"@type":"BreadcrumbList","@id":"https:\/\/cooltivarte.com\/portal\/alberto-lastreto-recorriendo-exposiciones\/#breadcrumb","itemListElement":[{"@type":"ListItem","position":1,"name":"Portada","item":"https:\/\/cooltivarte.com\/portal\/"},{"@type":"ListItem","position":2,"name":"ALBERTO LASTRETO &#8211; Recorriendo Exposiciones"}]},{"@type":"WebSite","@id":"https:\/\/cooltivarte.com\/portal\/#website","url":"https:\/\/cooltivarte.com\/portal\/","name":"Cooltivarte Portal","description":"Arte, cultura y turismo para el mundo ...","publisher":{"@id":"https:\/\/cooltivarte.com\/portal\/#organization"},"potentialAction":[{"@type":"SearchAction","target":{"@type":"EntryPoint","urlTemplate":"https:\/\/cooltivarte.com\/portal\/?s={search_term_string}"},"query-input":{"@type":"PropertyValueSpecification","valueRequired":true,"valueName":"search_term_string"}}],"inLanguage":"es-AR"},{"@type":"Organization","@id":"https:\/\/cooltivarte.com\/portal\/#organization","name":"cooltivarte","url":"https:\/\/cooltivarte.com\/portal\/","logo":{"@type":"ImageObject","inLanguage":"es-AR","@id":"https:\/\/cooltivarte.com\/portal\/#\/schema\/logo\/image\/","url":"https:\/\/cooltivarte.com\/portal\/wp-content\/uploads\/2020\/04\/logo-cooltivarte-v2.png","contentUrl":"https:\/\/cooltivarte.com\/portal\/wp-content\/uploads\/2020\/04\/logo-cooltivarte-v2.png","width":851,"height":243,"caption":"cooltivarte"},"image":{"@id":"https:\/\/cooltivarte.com\/portal\/#\/schema\/logo\/image\/"},"sameAs":["https:\/\/www.facebook.com\/cooltivartecom\/","https:\/\/x.com\/obolocultural","https:\/\/www.instagram.com\/_cooltivarte_\/","https:\/\/www.linkedin.com\/company\/-bolocultural?reportsuccess=8zaNG1HwhPbAR9iQhZ5rfGeqz_vQFftHun0ZWU0Wy9vNemRJ8vtcKdJvzQfW8XagyOJSKg0XvfJ1dp","https:\/\/www.pinterest.com\/cooltivarte\/","https:\/\/cooltivarte.tumblr.com\/","https:\/\/www.tiktok.com\/@cooltivarte","https:\/\/www.youtube.com\/@PrensaCooltivarte"]},{"@type":"Person","@id":"https:\/\/cooltivarte.com\/portal\/#\/schema\/person\/175e2af38af164206375abd19e491b3f","name":"Daniel Benoit Cassou","image":{"@type":"ImageObject","inLanguage":"es-AR","@id":"https:\/\/cooltivarte.com\/portal\/wp-content\/uploads\/2022\/11\/daniel-benoit-120x120.jpg","url":"https:\/\/cooltivarte.com\/portal\/wp-content\/uploads\/2022\/11\/daniel-benoit-120x120.jpg","contentUrl":"https:\/\/cooltivarte.com\/portal\/wp-content\/uploads\/2022\/11\/daniel-benoit-120x120.jpg","caption":"Daniel Benoit Cassou"},"description":"Daniel Benoit - (Uruguay, 1961), es contador p\u00fablico de profesi\u00f3n. Hizo su formaci\u00f3n art\u00edstica en los talleres de Hugo Longa, Clever Lara y Lacy Duarte; escultura con Jos\u00e9 Pelayo y fotograf\u00eda con Enrique Abal, Oscar Bonilla y Roberto Schettini. Realiz\u00f3 cursos de formaci\u00f3n te\u00f3rica con Nelson Di Maggio, Alfredo Torres, Nelson Bali\u00f1o y Emma Sanguinetti, entre otros. Ha participado en muestras de fotografias, colectivas asi como individuales: 2007 \u2013 Facultad de Ciencias Econ\u00f3micas; Centro Cultural Lapido; Club de Golf; Fotogramas - Montevideo 2009 \u2013 Galer\u00eda de arte La Pasionaria \u2013 Club de Golf - Montevideo 2010 \u2013 A la Follie; Trattoria La Commedia; Club de Golf \u2013 Montevideo 2011 \u2013 Museo del Azulejo; Fotograma; Club de Golf \u2013 Montevideo; Bienal X \u2013 Salto 2012 \u2013 Espacio Innova \u2013 Punta del Este Es asiduo asistente a las principales bienales de arte: Venecia, Lyon, San Pablo, Cuba, Porto Alegre, Lima, as\u00ed como ferias de Basilea, Paris, Buenos Aires, entre otras. Es coleccionista de arte nacional, asesor de arte contempor\u00e1neo, escribe en sus blogs y es columnista de la revista de arte nacional \u201cCooltivarte\u201d desde el 2012, asi como de la revista \u201cArte\u201d del periodico \u201cEl Pais\u201d. Blog","sameAs":["https:\/\/danielbenoit.art\/","https:\/\/www.facebook.com\/daniel.benoit.3557?fref=ts","https:\/\/www.instagram.com\/danielbenoitcassou\/","https:\/\/www.linkedin.com\/in\/daniel-benoit-87890a39\/","https:\/\/www.pinterest.com\/cooltivarte","https:\/\/x.com\/https:\/\/x.com\/obolocultural","https:\/\/www.youtube.com\/@PrensaCooltivarte","https:\/\/www.tumblr.com\/blog\/cooltivarte"],"url":"https:\/\/cooltivarte.com\/portal\/author\/benoit\/"}]}},"_links":{"self":[{"href":"https:\/\/cooltivarte.com\/portal\/wp-json\/wp\/v2\/posts\/90667","targetHints":{"allow":["GET"]}}],"collection":[{"href":"https:\/\/cooltivarte.com\/portal\/wp-json\/wp\/v2\/posts"}],"about":[{"href":"https:\/\/cooltivarte.com\/portal\/wp-json\/wp\/v2\/types\/post"}],"author":[{"embeddable":true,"href":"https:\/\/cooltivarte.com\/portal\/wp-json\/wp\/v2\/users\/14"}],"replies":[{"embeddable":true,"href":"https:\/\/cooltivarte.com\/portal\/wp-json\/wp\/v2\/comments?post=90667"}],"version-history":[{"count":1,"href":"https:\/\/cooltivarte.com\/portal\/wp-json\/wp\/v2\/posts\/90667\/revisions"}],"predecessor-version":[{"id":90669,"href":"https:\/\/cooltivarte.com\/portal\/wp-json\/wp\/v2\/posts\/90667\/revisions\/90669"}],"wp:featuredmedia":[{"embeddable":true,"href":"https:\/\/cooltivarte.com\/portal\/wp-json\/wp\/v2\/media\/90668"}],"wp:attachment":[{"href":"https:\/\/cooltivarte.com\/portal\/wp-json\/wp\/v2\/media?parent=90667"}],"wp:term":[{"taxonomy":"category","embeddable":true,"href":"https:\/\/cooltivarte.com\/portal\/wp-json\/wp\/v2\/categories?post=90667"},{"taxonomy":"post_tag","embeddable":true,"href":"https:\/\/cooltivarte.com\/portal\/wp-json\/wp\/v2\/tags?post=90667"}],"curies":[{"name":"wp","href":"https:\/\/api.w.org\/{rel}","templated":true}]}}