{"id":90554,"date":"2023-05-30T10:10:11","date_gmt":"2023-05-30T13:10:11","guid":{"rendered":"https:\/\/cooltivarte.com\/portal\/?p=90554"},"modified":"2023-05-30T10:26:11","modified_gmt":"2023-05-30T13:26:11","slug":"serie-de-ficcion-uruguaya-el-universo-conspira-estreno-en-alemania","status":"publish","type":"post","link":"https:\/\/cooltivarte.com\/portal\/serie-de-ficcion-uruguaya-el-universo-conspira-estreno-en-alemania\/","title":{"rendered":"Serie de Ficci\u00f3n Uruguaya El universo conspira: Estreno en Alemania"},"content":{"rendered":"<p><img fetchpriority=\"high\" decoding=\"async\" class=\"aligncenter wp-image-90555 size-full\" title=\"El universo conspira\" src=\"https:\/\/cooltivarte.com\/portal\/wp-content\/uploads\/2023\/05\/el-universo.jpg\" alt=\"El universo conspira\" width=\"560\" height=\"750\" srcset=\"https:\/\/cooltivarte.com\/portal\/wp-content\/uploads\/2023\/05\/el-universo.jpg 560w, https:\/\/cooltivarte.com\/portal\/wp-content\/uploads\/2023\/05\/el-universo-224x300.jpg 224w\" sizes=\"(max-width: 560px) 100vw, 560px\" \/><\/p>\n<p>&nbsp;<\/p>\n<p>&nbsp;<\/p>\n<p><strong>Luego del Avant Premier Mundial en Francia (Series Man\u00eda) El universo conspira sigue su recorrido, ahora siendo parte de la SELECCI\u00d3N OFICIAL del <a href=\"https:\/\/die-seriale.de\/nominations-2023\/\" target=\"_blank\" rel=\"noopener\">Festival Internacional DIE SERIALE<\/a> \u2013 Giessen, ALEMANIA, en Junio 2023.<\/strong><\/p>\n<p>Alemania adem\u00e1s, nos recibe con cuatro nominaciones en la competencia del evento:<\/p>\n<p><strong>Best Directing (Mejor Direcci\u00f3n) \u2013 <a href=\"https:\/\/cooltivarte.com\/portal\/?s=Leonardo+Pintos\" target=\"_blank\" rel=\"noopener\">Leonardo Pintos<\/a><\/strong><\/p>\n<p><strong>Best Ensemble Cast (Mejor Elenco) &#8211; Rodolfo Ag\u00fcero, Camiia Parard, Santiago Bozzolo, Cecilia Ya\u00f1ez, Lula Gonz\u00e1lez, Camilo Ripoll, Bruno Acevedo Quevedo, Bruno Brandolino<\/strong><\/p>\n<p><strong>Best Editing (Mejor Edici\u00f3n) \u2013 Paulo Olivera y Leandro Salandr\u00fa<\/strong><\/p>\n<p><strong>Best Score (Mejor M\u00fasica Original) \u2013 Valent\u00edn Ferreira<\/strong><\/p>\n<p><a href=\"https:\/\/die-seriale.de\/nominations-2023\/\" target=\"_blank\" rel=\"noopener\"><strong>Festival<\/strong><\/a><\/p>\n<p>La selecci\u00f3n se completa con series que provienen de diversas partes del mundo (Colombia, Argentina, Francia, Estados Unidos, Canad\u00e1, Brasil, Israel, Nueva Zelanda, Espa\u00f1a, etc.).<\/p>\n<p>El universo conspira es la nueva serie de Manso Films despu\u00e9s de Feriados (2016), esta vez en coproducci\u00f3n con Ouroboros Films y la plataforma argentina UN3TV.<\/p>\n<p>Fondo Montevideo Films de la Oficina de Locaciones de la IM.<br \/>\nEsta obra recibi\u00f3 el apoyo de ACAU &#8211; MEC en su l\u00ednea Posicionamiento Internacional para su estreno en Francia.<\/p>\n<p>&nbsp;<\/p>\n<p><img decoding=\"async\" class=\"aligncenter wp-image-90556 size-full\" title=\"Luego del Avant Premier Mundial en Francia (Series Man\u00eda) El universo conspira sigue su recorrido, ahora siendo parte de la SELECCI\u00d3N OFICIAL del Festival Internacional DIE SERIALE \u2013 Giessen, ALEMANIA, en Junio 2023.\" src=\"https:\/\/cooltivarte.com\/portal\/wp-content\/uploads\/2023\/05\/nominee.jpg\" alt=\"Luego del Avant Premier Mundial en Francia (Series Man\u00eda) El universo conspira sigue su recorrido, ahora siendo parte de la SELECCI\u00d3N OFICIAL del Festival Internacional DIE SERIALE \u2013 Giessen, ALEMANIA, en Junio 2023.\" width=\"727\" height=\"755\" srcset=\"https:\/\/cooltivarte.com\/portal\/wp-content\/uploads\/2023\/05\/nominee.jpg 727w, https:\/\/cooltivarte.com\/portal\/wp-content\/uploads\/2023\/05\/nominee-289x300.jpg 289w\" sizes=\"(max-width: 727px) 100vw, 727px\" \/><\/p>\n<p>&nbsp;<\/p>\n<blockquote class=\"instagram-media\" style=\"background: #FFF; border: 0; border-radius: 3px; box-shadow: 0 0 1px 0 rgba(0,0,0,0.5),0 1px 10px 0 rgba(0,0,0,0.15); margin: 1px; max-width: 540px; min-width: 326px; padding: 0; width: calc(100% - 2px);\" data-instgrm-captioned=\"\" data-instgrm-permalink=\"https:\/\/www.instagram.com\/p\/Cs18dScpM7I\/?utm_source=ig_embed&amp;utm_campaign=loading\" data-instgrm-version=\"14\">\n<div style=\"padding: 16px;\">\n<p>&nbsp;<\/p>\n<div style=\"display: flex; flex-direction: row; align-items: center;\">\n<div style=\"background-color: #f4f4f4; border-radius: 50%; flex-grow: 0; height: 40px; margin-right: 14px; width: 40px;\">&nbsp;<\/div>\n<div style=\"display: flex; flex-direction: column; flex-grow: 1; justify-content: center;\">\n<div style=\"background-color: #f4f4f4; border-radius: 4px; flex-grow: 0; height: 14px; margin-bottom: 6px; width: 100px;\">&nbsp;<\/div>\n<div style=\"background-color: #f4f4f4; border-radius: 4px; flex-grow: 0; height: 14px; width: 60px;\">&nbsp;<\/div>\n<\/div>\n<\/div>\n<div style=\"padding: 19% 0;\">&nbsp;<\/div>\n<div style=\"display: block; height: 50px; margin: 0 auto 12px; width: 50px;\">&nbsp;<\/div>\n<div style=\"padding-top: 8px;\">\n<div style=\"color: #3897f0; font-family: Arial,sans-serif; font-size: 14px; font-style: normal; font-weight: 550; line-height: 18px;\">Ver esta publicaci\u00f3n en Instagram<\/div>\n<\/div>\n<div style=\"padding: 12.5% 0;\">&nbsp;<\/div>\n<div style=\"display: flex; flex-direction: row; margin-bottom: 14px; align-items: center;\">\n<div>\n<div style=\"background-color: #f4f4f4; border-radius: 50%; height: 12.5px; width: 12.5px; transform: translateX(0px) translateY(7px);\">&nbsp;<\/div>\n<div style=\"background-color: #f4f4f4; height: 12.5px; transform: rotate(-45deg) translateX(3px) translateY(1px); width: 12.5px; flex-grow: 0; margin-right: 14px; margin-left: 2px;\">&nbsp;<\/div>\n<div style=\"background-color: #f4f4f4; border-radius: 50%; height: 12.5px; width: 12.5px; transform: translateX(9px) translateY(-18px);\">&nbsp;<\/div>\n<\/div>\n<div style=\"margin-left: 8px;\">\n<div style=\"background-color: #f4f4f4; border-radius: 50%; flex-grow: 0; height: 20px; width: 20px;\">&nbsp;<\/div>\n<div style=\"width: 0; height: 0; border-top: 2px solid transparent; border-left: 6px solid #f4f4f4; border-bottom: 2px solid transparent; transform: translateX(16px) translateY(-4px) rotate(30deg);\">&nbsp;<\/div>\n<\/div>\n<div style=\"margin-left: auto;\">\n<div style=\"width: 0px; border-top: 8px solid #F4F4F4; border-right: 8px solid transparent; transform: translateY(16px);\">&nbsp;<\/div>\n<div style=\"background-color: #f4f4f4; flex-grow: 0; height: 12px; width: 16px; transform: translateY(-4px);\">&nbsp;<\/div>\n<div style=\"width: 0; height: 0; border-top: 8px solid #F4F4F4; border-left: 8px solid transparent; transform: translateY(-4px) translateX(8px);\">&nbsp;<\/div>\n<\/div>\n<\/div>\n<div style=\"display: flex; flex-direction: column; flex-grow: 1; justify-content: center; margin-bottom: 24px;\">\n<div style=\"background-color: #f4f4f4; border-radius: 4px; flex-grow: 0; height: 14px; margin-bottom: 6px; width: 224px;\">&nbsp;<\/div>\n<div style=\"background-color: #f4f4f4; border-radius: 4px; flex-grow: 0; height: 14px; width: 144px;\">&nbsp;<\/div>\n<\/div>\n<p>&nbsp;<\/p>\n<p style=\"color: #c9c8cd; font-family: Arial,sans-serif; font-size: 14px; line-height: 17px; margin-bottom: 0; margin-top: 8px; overflow: hidden; padding: 8px 0 7px; text-align: center; text-overflow: ellipsis; white-space: nowrap;\"><a style=\"color: #c9c8cd; font-family: Arial,sans-serif; font-size: 14px; font-style: normal; font-weight: normal; line-height: 17px; text-decoration: none;\" href=\"https:\/\/www.instagram.com\/p\/Cs18dScpM7I\/?utm_source=ig_embed&amp;utm_campaign=loading\" target=\"_blank\" rel=\"noopener\">Una publicaci\u00f3n compartida de eluniverso_serie (@eluniverso_serie)<\/a><\/p>\n<\/div>\n<\/blockquote>\n<p><script async=\"\" src=\"\/\/www.instagram.com\/embed.js\"><\/script><br \/>\n&nbsp;<\/p>\n<blockquote class=\"instagram-media\" style=\"background: #FFF; border: 0; border-radius: 3px; box-shadow: 0 0 1px 0 rgba(0,0,0,0.5),0 1px 10px 0 rgba(0,0,0,0.15); margin: 1px; max-width: 540px; min-width: 326px; padding: 0; width: calc(100% - 2px);\" data-instgrm-captioned=\"\" data-instgrm-permalink=\"https:\/\/www.instagram.com\/p\/Cs19ZiZJl6p\/?utm_source=ig_embed&amp;utm_campaign=loading\" data-instgrm-version=\"14\">\n<div style=\"padding: 16px;\">\n<p>&nbsp;<\/p>\n<div style=\"display: flex; flex-direction: row; align-items: center;\">\n<div style=\"background-color: #f4f4f4; border-radius: 50%; flex-grow: 0; height: 40px; margin-right: 14px; width: 40px;\">&nbsp;<\/div>\n<div style=\"display: flex; flex-direction: column; flex-grow: 1; justify-content: center;\">\n<div style=\"background-color: #f4f4f4; border-radius: 4px; flex-grow: 0; height: 14px; margin-bottom: 6px; width: 100px;\">&nbsp;<\/div>\n<div style=\"background-color: #f4f4f4; border-radius: 4px; flex-grow: 0; height: 14px; width: 60px;\">&nbsp;<\/div>\n<\/div>\n<\/div>\n<div style=\"padding: 19% 0;\">&nbsp;<\/div>\n<div style=\"display: block; height: 50px; margin: 0 auto 12px; width: 50px;\">&nbsp;<\/div>\n<div style=\"padding-top: 8px;\">\n<div style=\"color: #3897f0; font-family: Arial,sans-serif; font-size: 14px; font-style: normal; font-weight: 550; line-height: 18px;\">Ver esta publicaci\u00f3n en Instagram<\/div>\n<\/div>\n<div style=\"padding: 12.5% 0;\">&nbsp;<\/div>\n<div style=\"display: flex; flex-direction: row; margin-bottom: 14px; align-items: center;\">\n<div>\n<div style=\"background-color: #f4f4f4; border-radius: 50%; height: 12.5px; width: 12.5px; transform: translateX(0px) translateY(7px);\">&nbsp;<\/div>\n<div style=\"background-color: #f4f4f4; height: 12.5px; transform: rotate(-45deg) translateX(3px) translateY(1px); width: 12.5px; flex-grow: 0; margin-right: 14px; margin-left: 2px;\">&nbsp;<\/div>\n<div style=\"background-color: #f4f4f4; border-radius: 50%; height: 12.5px; width: 12.5px; transform: translateX(9px) translateY(-18px);\">&nbsp;<\/div>\n<\/div>\n<div style=\"margin-left: 8px;\">\n<div style=\"background-color: #f4f4f4; border-radius: 50%; flex-grow: 0; height: 20px; width: 20px;\">&nbsp;<\/div>\n<div style=\"width: 0; height: 0; border-top: 2px solid transparent; border-left: 6px solid #f4f4f4; border-bottom: 2px solid transparent; transform: translateX(16px) translateY(-4px) rotate(30deg);\">&nbsp;<\/div>\n<\/div>\n<div style=\"margin-left: auto;\">\n<div style=\"width: 0px; border-top: 8px solid #F4F4F4; border-right: 8px solid transparent; transform: translateY(16px);\">&nbsp;<\/div>\n<div style=\"background-color: #f4f4f4; flex-grow: 0; height: 12px; width: 16px; transform: translateY(-4px);\">&nbsp;<\/div>\n<div style=\"width: 0; height: 0; border-top: 8px solid #F4F4F4; border-left: 8px solid transparent; transform: translateY(-4px) translateX(8px);\">&nbsp;<\/div>\n<\/div>\n<\/div>\n<div style=\"display: flex; flex-direction: column; flex-grow: 1; justify-content: center; margin-bottom: 24px;\">\n<div style=\"background-color: #f4f4f4; border-radius: 4px; flex-grow: 0; height: 14px; margin-bottom: 6px; width: 224px;\">&nbsp;<\/div>\n<div style=\"background-color: #f4f4f4; border-radius: 4px; flex-grow: 0; height: 14px; width: 144px;\">&nbsp;<\/div>\n<\/div>\n<p>&nbsp;<\/p>\n<p style=\"color: #c9c8cd; font-family: Arial,sans-serif; font-size: 14px; line-height: 17px; margin-bottom: 0; margin-top: 8px; overflow: hidden; padding: 8px 0 7px; text-align: center; text-overflow: ellipsis; white-space: nowrap;\"><a style=\"color: #c9c8cd; font-family: Arial,sans-serif; font-size: 14px; font-style: normal; font-weight: normal; line-height: 17px; text-decoration: none;\" href=\"https:\/\/www.instagram.com\/p\/Cs19ZiZJl6p\/?utm_source=ig_embed&amp;utm_campaign=loading\" target=\"_blank\" rel=\"noopener\">Una publicaci\u00f3n compartida de Leonardo Pintos (@hijo_unico)<\/a><\/p>\n<\/div>\n<\/blockquote>\n<p><script async=\"\" src=\"\/\/www.instagram.com\/embed.js\"><\/script><br \/>\n&nbsp;<\/p>\n<p>&nbsp;<\/p>\n<p>&nbsp;<\/p>\n","protected":false},"excerpt":{"rendered":"<p>&nbsp; &nbsp; Luego del Avant Premier Mundial en Francia (Series Man\u00eda) El universo conspira sigue su recorrido, ahora siendo parte de la SELECCI\u00d3N OFICIAL del Festival Internacional DIE SERIALE \u2013 Giessen, ALEMANIA, en Junio 2023. Alemania adem\u00e1s, nos recibe con cuatro nominaciones en la competencia del evento: Best Directing (Mejor Direcci\u00f3n) \u2013 Leonardo Pintos Best [&hellip;]<\/p>\n","protected":false},"author":8,"featured_media":90555,"comment_status":"closed","ping_status":"closed","sticky":false,"template":"","format":"standard","meta":{"om_disable_all_campaigns":false,"ngg_post_thumbnail":0,"jnews-multi-image_gallery":[],"jnews_single_post":{"subtitle":"cuatro nominaciones en la competencia oficial del Festival Die Seriale","format":"standard","video":"","gallery":"","source_name":"","source_url":"","via_name":"","via_url":"","override_template":"0","override":[{"template":"4","single_blog_custom":"","parallax":"1","fullscreen":"0","layout":"right-sidebar","sidebar":"default-sidebar","second_sidebar":"default-sidebar","sticky_sidebar":"1","share_position":"bottom","share_float_style":"share-monocrhome","show_share_counter":"1","show_view_counter":"1","show_featured":"1","show_post_meta":"1","show_post_author":"1","show_post_author_image":"1","show_post_date":"1","post_date_format":"default","post_date_format_custom":"Y\/m\/d","show_post_category":"1","show_post_reading_time":"0","post_reading_time_wpm":"300","show_zoom_button":"0","zoom_button_out_step":"2","zoom_button_in_step":"3","show_post_tag":"1","show_prev_next_post":"1","show_popup_post":"1","number_popup_post":"1","show_author_box":"1","show_post_related":"0","show_inline_post_related":"0"}],"override_image_size":"0","image_override":[{"single_post_thumbnail_size":"no-crop","single_post_gallery_size":"crop-500"}],"trending_post":"0","trending_post_position":"meta","trending_post_label":"Trending","sponsored_post":"0","sponsored_post_label":"Sponsored by","sponsored_post_name":"","sponsored_post_url":"","sponsored_post_logo_enable":"0","sponsored_post_logo":"","sponsored_post_desc":"","disable_ad":"0"},"jnews_primary_category":{"id":"","hide":""},"jnews_social_meta":{"fb_title":"","fb_description":"","fb_image":"","twitter_title":"","twitter_description":"","twitter_image":""},"jnews_override_counter":{"override_view_counter":"0","view_counter_number":"0","override_share_counter":"0","share_counter_number":"0","override_like_counter":"0","like_counter_number":"0","override_dislike_counter":"0","dislike_counter_number":"0"},"footnotes":""},"categories":[72],"tags":[7076,19633,19629,19632,19630,18051,1374,19635,9115,19631,19634,7587,7588,5334,19636],"class_list":["post-90554","post","type-post","status-publish","format-standard","has-post-thumbnail","hentry","category-cine","tag-bruno-acevedo-quevedo","tag-bruno-brandolino","tag-camiia-parard","tag-camilo-ripoll","tag-cecilia-yanez","tag-el-universo-conspira","tag-festival","tag-leandro-salandru","tag-leonardo-pintos","tag-lula-gonzalez","tag-paulo-olivera","tag-rodolfo-aguero","tag-santiago-bozzolo","tag-serie","tag-valentin-ferreira"],"yoast_head":"<!-- This site is optimized with the Yoast SEO plugin v27.5 - https:\/\/yoast.com\/product\/yoast-seo-wordpress\/ -->\n<title>Serie de Ficci\u00f3n Uruguaya El universo conspira: Estreno en Alemania - Cooltivarte Portal<\/title>\n<meta name=\"description\" content=\"Luego del Avant Premier Mundial en Francia (Series Man\u00eda) El universo conspira sigue su recorrido, ahora siendo parte de la SELECCI\u00d3N OFICIAL del Festival Internacional DIE SERIALE \u2013 Giessen, ALEMANIA, en Junio 2023.\" \/>\n<meta name=\"robots\" content=\"index, follow, max-snippet:-1, max-image-preview:large, max-video-preview:-1\" \/>\n<link rel=\"canonical\" href=\"https:\/\/cooltivarte.com\/portal\/serie-de-ficcion-uruguaya-el-universo-conspira-estreno-en-alemania\/\" \/>\n<meta property=\"og:locale\" content=\"es_ES\" \/>\n<meta property=\"og:type\" content=\"article\" \/>\n<meta property=\"og:title\" content=\"Serie de Ficci\u00f3n Uruguaya El universo conspira: Estreno en Alemania y cuatro nominaciones en la competencia oficial del Festival Die Seriale @dieSeriale\" \/>\n<meta property=\"og:description\" content=\"Luego del Avant Premier Mundial en Francia (Series Man\u00eda) El universo conspira sigue su recorrido, ahora siendo parte de la SELECCI\u00d3N OFICIAL del Festival Internacional DIE SERIALE \u2013 Giessen, ALEMANIA, en Junio 2023.\" \/>\n<meta property=\"og:url\" content=\"https:\/\/cooltivarte.com\/portal\/serie-de-ficcion-uruguaya-el-universo-conspira-estreno-en-alemania\/\" \/>\n<meta property=\"og:site_name\" content=\"Cooltivarte Portal\" \/>\n<meta property=\"article:publisher\" content=\"https:\/\/www.facebook.com\/cooltivartecom\/\" \/>\n<meta property=\"article:author\" content=\"https:\/\/www.facebook.com\/cooltivartecom\" \/>\n<meta property=\"article:published_time\" content=\"2023-05-30T13:10:11+00:00\" \/>\n<meta property=\"article:modified_time\" content=\"2023-05-30T13:26:11+00:00\" \/>\n<meta property=\"og:image\" content=\"https:\/\/cooltivarte.com\/portal\/wp-content\/uploads\/2023\/05\/el-universo.jpg\" \/>\n\t<meta property=\"og:image:width\" content=\"560\" \/>\n\t<meta property=\"og:image:height\" content=\"750\" \/>\n\t<meta property=\"og:image:type\" content=\"image\/jpeg\" \/>\n<meta name=\"author\" content=\"Cooltivarte\" \/>\n<meta name=\"twitter:card\" content=\"summary_large_image\" \/>\n<meta name=\"twitter:title\" content=\"Serie de Ficci\u00f3n Uruguaya El universo conspira: Estreno en Alemania y cuatro nominaciones en la competencia oficial del Festival Die Seriale @dieSeriale\" \/>\n<meta name=\"twitter:description\" content=\"Luego del Avant Premier Mundial en Francia (Series Man\u00eda) El universo conspira sigue su recorrido, ahora siendo parte de la SELECCI\u00d3N OFICIAL del Festival Internacional DIE SERIALE \u2013 Giessen, ALEMANIA, en Junio 2023.\" \/>\n<meta name=\"twitter:image\" content=\"https:\/\/cooltivarte.com\/portal\/wp-content\/uploads\/2023\/05\/el-universo.jpg\" \/>\n<meta name=\"twitter:creator\" content=\"@https:\/\/x.com\/obolocultural\" \/>\n<meta name=\"twitter:site\" content=\"@obolocultural\" \/>\n<meta name=\"twitter:label1\" content=\"Escrito por\" \/>\n\t<meta name=\"twitter:data1\" content=\"Cooltivarte\" \/>\n\t<meta name=\"twitter:label2\" content=\"Tiempo de lectura\" \/>\n\t<meta name=\"twitter:data2\" content=\"1 minuto\" \/>\n<!-- \/ Yoast SEO plugin. -->","yoast_head_json":{"title":"Serie de Ficci\u00f3n Uruguaya El universo conspira: Estreno en Alemania - Cooltivarte Portal","description":"Luego del Avant Premier Mundial en Francia (Series Man\u00eda) El universo conspira sigue su recorrido, ahora siendo parte de la SELECCI\u00d3N OFICIAL del Festival Internacional DIE SERIALE \u2013 Giessen, ALEMANIA, en Junio 2023.","robots":{"index":"index","follow":"follow","max-snippet":"max-snippet:-1","max-image-preview":"max-image-preview:large","max-video-preview":"max-video-preview:-1"},"canonical":"https:\/\/cooltivarte.com\/portal\/serie-de-ficcion-uruguaya-el-universo-conspira-estreno-en-alemania\/","og_locale":"es_ES","og_type":"article","og_title":"Serie de Ficci\u00f3n Uruguaya El universo conspira: Estreno en Alemania y cuatro nominaciones en la competencia oficial del Festival Die Seriale @dieSeriale","og_description":"Luego del Avant Premier Mundial en Francia (Series Man\u00eda) El universo conspira sigue su recorrido, ahora siendo parte de la SELECCI\u00d3N OFICIAL del Festival Internacional DIE SERIALE \u2013 Giessen, ALEMANIA, en Junio 2023.","og_url":"https:\/\/cooltivarte.com\/portal\/serie-de-ficcion-uruguaya-el-universo-conspira-estreno-en-alemania\/","og_site_name":"Cooltivarte Portal","article_publisher":"https:\/\/www.facebook.com\/cooltivartecom\/","article_author":"https:\/\/www.facebook.com\/cooltivartecom","article_published_time":"2023-05-30T13:10:11+00:00","article_modified_time":"2023-05-30T13:26:11+00:00","og_image":[{"width":560,"height":750,"url":"https:\/\/cooltivarte.com\/portal\/wp-content\/uploads\/2023\/05\/el-universo.jpg","type":"image\/jpeg"}],"author":"Cooltivarte","twitter_card":"summary_large_image","twitter_title":"Serie de Ficci\u00f3n Uruguaya El universo conspira: Estreno en Alemania y cuatro nominaciones en la competencia oficial del Festival Die Seriale @dieSeriale","twitter_description":"Luego del Avant Premier Mundial en Francia (Series Man\u00eda) El universo conspira sigue su recorrido, ahora siendo parte de la SELECCI\u00d3N OFICIAL del Festival Internacional DIE SERIALE \u2013 Giessen, ALEMANIA, en Junio 2023.","twitter_image":"https:\/\/cooltivarte.com\/portal\/wp-content\/uploads\/2023\/05\/el-universo.jpg","twitter_creator":"@https:\/\/x.com\/obolocultural","twitter_site":"@obolocultural","twitter_misc":{"Escrito por":"Cooltivarte","Tiempo de lectura":"1 minuto"},"schema":{"@context":"https:\/\/schema.org","@graph":[{"@type":"NewsArticle","@id":"https:\/\/cooltivarte.com\/portal\/serie-de-ficcion-uruguaya-el-universo-conspira-estreno-en-alemania\/#article","isPartOf":{"@id":"https:\/\/cooltivarte.com\/portal\/serie-de-ficcion-uruguaya-el-universo-conspira-estreno-en-alemania\/"},"author":{"name":"Cooltivarte","@id":"https:\/\/cooltivarte.com\/portal\/#\/schema\/person\/ec2a4f4e71b740d0c559c0ab9a157e19"},"headline":"Serie de Ficci\u00f3n Uruguaya El universo conspira: Estreno en Alemania","datePublished":"2023-05-30T13:10:11+00:00","dateModified":"2023-05-30T13:26:11+00:00","mainEntityOfPage":{"@id":"https:\/\/cooltivarte.com\/portal\/serie-de-ficcion-uruguaya-el-universo-conspira-estreno-en-alemania\/"},"wordCount":270,"publisher":{"@id":"https:\/\/cooltivarte.com\/portal\/#organization"},"image":{"@id":"https:\/\/cooltivarte.com\/portal\/serie-de-ficcion-uruguaya-el-universo-conspira-estreno-en-alemania\/#primaryimage"},"thumbnailUrl":"https:\/\/cooltivarte.com\/portal\/wp-content\/uploads\/2023\/05\/el-universo.jpg","keywords":["Bruno Acevedo Quevedo","Bruno Brandolino","Camiia Parard","Camilo Ripoll","Cecilia Ya\u00f1ez","EL UNIVERSO CONSPIRA","Festival","Leandro Salandr\u00fa","Leonardo Pintos","Lula Gonz\u00e1lez","Paulo Olivera","Rodolfo Ag\u00fcero","Santiago Bozzolo","SERIE","Valent\u00edn Ferreira"],"articleSection":["Cine y TV"],"inLanguage":"es-AR"},{"@type":"WebPage","@id":"https:\/\/cooltivarte.com\/portal\/serie-de-ficcion-uruguaya-el-universo-conspira-estreno-en-alemania\/","url":"https:\/\/cooltivarte.com\/portal\/serie-de-ficcion-uruguaya-el-universo-conspira-estreno-en-alemania\/","name":"Serie de Ficci\u00f3n Uruguaya El universo conspira: Estreno en Alemania - Cooltivarte Portal","isPartOf":{"@id":"https:\/\/cooltivarte.com\/portal\/#website"},"primaryImageOfPage":{"@id":"https:\/\/cooltivarte.com\/portal\/serie-de-ficcion-uruguaya-el-universo-conspira-estreno-en-alemania\/#primaryimage"},"image":{"@id":"https:\/\/cooltivarte.com\/portal\/serie-de-ficcion-uruguaya-el-universo-conspira-estreno-en-alemania\/#primaryimage"},"thumbnailUrl":"https:\/\/cooltivarte.com\/portal\/wp-content\/uploads\/2023\/05\/el-universo.jpg","datePublished":"2023-05-30T13:10:11+00:00","dateModified":"2023-05-30T13:26:11+00:00","description":"Luego del Avant Premier Mundial en Francia (Series Man\u00eda) El universo conspira sigue su recorrido, ahora siendo parte de la SELECCI\u00d3N OFICIAL del Festival Internacional DIE SERIALE \u2013 Giessen, ALEMANIA, en Junio 2023.","breadcrumb":{"@id":"https:\/\/cooltivarte.com\/portal\/serie-de-ficcion-uruguaya-el-universo-conspira-estreno-en-alemania\/#breadcrumb"},"inLanguage":"es-AR","potentialAction":[{"@type":"ReadAction","target":["https:\/\/cooltivarte.com\/portal\/serie-de-ficcion-uruguaya-el-universo-conspira-estreno-en-alemania\/"]}]},{"@type":"ImageObject","inLanguage":"es-AR","@id":"https:\/\/cooltivarte.com\/portal\/serie-de-ficcion-uruguaya-el-universo-conspira-estreno-en-alemania\/#primaryimage","url":"https:\/\/cooltivarte.com\/portal\/wp-content\/uploads\/2023\/05\/el-universo.jpg","contentUrl":"https:\/\/cooltivarte.com\/portal\/wp-content\/uploads\/2023\/05\/el-universo.jpg","width":560,"height":750,"caption":"El universo conspira"},{"@type":"BreadcrumbList","@id":"https:\/\/cooltivarte.com\/portal\/serie-de-ficcion-uruguaya-el-universo-conspira-estreno-en-alemania\/#breadcrumb","itemListElement":[{"@type":"ListItem","position":1,"name":"Portada","item":"https:\/\/cooltivarte.com\/portal\/"},{"@type":"ListItem","position":2,"name":"Serie de Ficci\u00f3n Uruguaya El universo conspira: Estreno en Alemania"}]},{"@type":"WebSite","@id":"https:\/\/cooltivarte.com\/portal\/#website","url":"https:\/\/cooltivarte.com\/portal\/","name":"Cooltivarte Portal","description":"Arte, cultura y turismo para el mundo ...","publisher":{"@id":"https:\/\/cooltivarte.com\/portal\/#organization"},"potentialAction":[{"@type":"SearchAction","target":{"@type":"EntryPoint","urlTemplate":"https:\/\/cooltivarte.com\/portal\/?s={search_term_string}"},"query-input":{"@type":"PropertyValueSpecification","valueRequired":true,"valueName":"search_term_string"}}],"inLanguage":"es-AR"},{"@type":"Organization","@id":"https:\/\/cooltivarte.com\/portal\/#organization","name":"cooltivarte","url":"https:\/\/cooltivarte.com\/portal\/","logo":{"@type":"ImageObject","inLanguage":"es-AR","@id":"https:\/\/cooltivarte.com\/portal\/#\/schema\/logo\/image\/","url":"https:\/\/cooltivarte.com\/portal\/wp-content\/uploads\/2020\/04\/logo-cooltivarte-v2.png","contentUrl":"https:\/\/cooltivarte.com\/portal\/wp-content\/uploads\/2020\/04\/logo-cooltivarte-v2.png","width":851,"height":243,"caption":"cooltivarte"},"image":{"@id":"https:\/\/cooltivarte.com\/portal\/#\/schema\/logo\/image\/"},"sameAs":["https:\/\/www.facebook.com\/cooltivartecom\/","https:\/\/x.com\/obolocultural","https:\/\/www.instagram.com\/_cooltivarte_\/","https:\/\/www.linkedin.com\/company\/-bolocultural?reportsuccess=8zaNG1HwhPbAR9iQhZ5rfGeqz_vQFftHun0ZWU0Wy9vNemRJ8vtcKdJvzQfW8XagyOJSKg0XvfJ1dp","https:\/\/www.pinterest.com\/cooltivarte\/","https:\/\/cooltivarte.tumblr.com\/","https:\/\/www.tiktok.com\/@cooltivarte","https:\/\/www.youtube.com\/@PrensaCooltivarte"]},{"@type":"Person","@id":"https:\/\/cooltivarte.com\/portal\/#\/schema\/person\/ec2a4f4e71b740d0c559c0ab9a157e19","name":"Cooltivarte","image":{"@type":"ImageObject","inLanguage":"es-AR","@id":"https:\/\/cooltivarte.com\/portal\/wp-content\/uploads\/2014\/05\/logo-cooltivarte-120x120.jpg","url":"https:\/\/cooltivarte.com\/portal\/wp-content\/uploads\/2014\/05\/logo-cooltivarte-120x120.jpg","contentUrl":"https:\/\/cooltivarte.com\/portal\/wp-content\/uploads\/2014\/05\/logo-cooltivarte-120x120.jpg","caption":"Cooltivarte"},"description":"Somos COOLTIVARTE.COM. Un portal digital dedicado a difundir el acontecer art\u00edstico y cultural del Uruguay. Estamos en la vuelta desde el a\u00f1o 2003, y como evoluci\u00f3n del bolet\u00edn Obolo Cultural, nos encontramos abocados a apoyar a los artistas nacionales brind\u00e1ndoles un espacio de difusi\u00f3n. Creemos en la idea de utilizar la potencialidad que hoy d\u00eda nos otorga la web, para que la cultura uruguaya y sus creadores dispongan de una din\u00e1mica ventana, que los ponga en contacto entre s\u00ed y con el mundo. Somos COOLTIVARTE.COM y pretendemos configurarnos como un portal din\u00e1mico, entretenido y atento a los nuevos emprendimientos, que busque siempre la interacci\u00f3n con los artistas.","sameAs":["http:\/\/www.cooltivarte.com","https:\/\/www.facebook.com\/cooltivartecom","https:\/\/www.instagram.com\/_cooltivarte_\/","https:\/\/www.linkedin.com\/company\/-bolocultural","https:\/\/www.pinterest.com\/cooltivarte\/","https:\/\/x.com\/https:\/\/x.com\/obolocultural","https:\/\/www.youtube.com\/@PrensaCooltivarte","https:\/\/www.tumblr.com\/blog\/cooltivarte"],"url":"https:\/\/cooltivarte.com\/portal\/author\/cooltivarte\/"}]}},"_links":{"self":[{"href":"https:\/\/cooltivarte.com\/portal\/wp-json\/wp\/v2\/posts\/90554","targetHints":{"allow":["GET"]}}],"collection":[{"href":"https:\/\/cooltivarte.com\/portal\/wp-json\/wp\/v2\/posts"}],"about":[{"href":"https:\/\/cooltivarte.com\/portal\/wp-json\/wp\/v2\/types\/post"}],"author":[{"embeddable":true,"href":"https:\/\/cooltivarte.com\/portal\/wp-json\/wp\/v2\/users\/8"}],"replies":[{"embeddable":true,"href":"https:\/\/cooltivarte.com\/portal\/wp-json\/wp\/v2\/comments?post=90554"}],"version-history":[{"count":4,"href":"https:\/\/cooltivarte.com\/portal\/wp-json\/wp\/v2\/posts\/90554\/revisions"}],"predecessor-version":[{"id":90560,"href":"https:\/\/cooltivarte.com\/portal\/wp-json\/wp\/v2\/posts\/90554\/revisions\/90560"}],"wp:featuredmedia":[{"embeddable":true,"href":"https:\/\/cooltivarte.com\/portal\/wp-json\/wp\/v2\/media\/90555"}],"wp:attachment":[{"href":"https:\/\/cooltivarte.com\/portal\/wp-json\/wp\/v2\/media?parent=90554"}],"wp:term":[{"taxonomy":"category","embeddable":true,"href":"https:\/\/cooltivarte.com\/portal\/wp-json\/wp\/v2\/categories?post=90554"},{"taxonomy":"post_tag","embeddable":true,"href":"https:\/\/cooltivarte.com\/portal\/wp-json\/wp\/v2\/tags?post=90554"}],"curies":[{"name":"wp","href":"https:\/\/api.w.org\/{rel}","templated":true}]}}