{"id":90047,"date":"2023-05-18T12:13:40","date_gmt":"2023-05-18T15:13:40","guid":{"rendered":"https:\/\/cooltivarte.com\/portal\/?p=90047"},"modified":"2023-05-19T13:49:08","modified_gmt":"2023-05-19T16:49:08","slug":"muerte-de-un-viajante","status":"publish","type":"post","link":"https:\/\/cooltivarte.com\/portal\/muerte-de-un-viajante\/","title":{"rendered":"Muerte de un Viajante"},"content":{"rendered":"<p><img fetchpriority=\"high\" decoding=\"async\" class=\"aligncenter wp-image-90048 size-full\" title=\"Muerte de un Viajante\" src=\"https:\/\/cooltivarte.com\/portal\/wp-content\/uploads\/2023\/05\/Muerte-de-un-Viajante.jpg\" alt=\"Muerte de un Viajante\" width=\"700\" height=\"390\" srcset=\"https:\/\/cooltivarte.com\/portal\/wp-content\/uploads\/2023\/05\/Muerte-de-un-Viajante.jpg 700w, https:\/\/cooltivarte.com\/portal\/wp-content\/uploads\/2023\/05\/Muerte-de-un-Viajante-300x167.jpg 300w\" sizes=\"(max-width: 700px) 100vw, 700px\" \/><\/p>\n<p>&nbsp;<\/p>\n<p style=\"font-weight: 400;\"><a href=\"https:\/\/cooltivarte.com\/portal\/?s=Imanol+Arias\" target=\"_blank\" rel=\"noopener\"><strong>Imanol Arias<\/strong><\/a>&nbsp;afronta uno de los mayores retos de su carrera profesional, al ponerse al frente del reparto de esta nueva producci\u00f3n del inmortal texto de <a href=\"https:\/\/cooltivarte.com\/portal\/?s=Arthur+Miller\" target=\"_blank\" rel=\"noopener\"><strong>Arthur Miller<\/strong><\/a>.<\/p>\n<p style=\"font-weight: 400;\">El director argentino <a href=\"https:\/\/cooltivarte.com\/portal\/?s=Rub%C3%A9n+Szuchmacher\" target=\"_blank\" rel=\"noopener\"><strong>Rub\u00e9n Szuchmacher<\/strong><\/a>, uno de los grandes maestros de la escena internacional, dirigir\u00e1 este nuevo montaje de este cl\u00e1sico de la dramaturgia contempor\u00e1nea.<\/p>\n<p style=\"font-weight: 400;\">Willy Loman es un viajante de comercio que ha entregado todo su esfuerzo y su carrera profesional a la empresa para la que trabaja. Su \u00fanico objetivo es darle una vida mejor a su familia, su mujer y sus dos hijos, que le adoran y a los que quiere inculcarles la ambici\u00f3n por triunfar y progresar en la escala social. Trabajador infatigable, ahora, con sesenta y tres a\u00f1os, exhausto y agotado tras una vida sin descanso, ve c\u00f3mo su posici\u00f3n en la empresa se tambalea. Sus ventas ya no son las que eran y su productividad cae en picado, lo que provoca que la relaci\u00f3n con sus jefes se haga insostenible. Su matrimonio tampoco va bien, y la relaci\u00f3n con sus hijos esconde un antiguo secreto que les llena de resentimiento y que amenaza con destrozar la estabilidad familiar. Todo ello le lleva a una espiral de depresi\u00f3n y autodestrucci\u00f3n, en la que su \u00fanico apoyo es su abnegada esposa, la \u00fanica que parece entenderle. A medida que se complican los acontecimientos y sus sue\u00f1os se desvanecen, todo se precipita hacia un final tr\u00e1gico al que el vencido viajante parece inexorablemente abocado.<\/p>\n<p style=\"font-weight: 400;\">La crueldad de un capitalismo salvaje en el que el ser humano s\u00f3lo vale lo que sea capaz de producir, la frustraci\u00f3n por los sue\u00f1os no cumplidos, la incapacidad de padres e hijos para expresarse su amor, las complejas relaciones de pareja, y la necesidad de triunfar y ser aceptado por los dem\u00e1s, son los ejes sobre los que pivota esta obra maestra de la dramaturgia contempor\u00e1nea, una demoledora reflexi\u00f3n sobre el ser humano que, como buen cl\u00e1sico, resulta tan actual hoy como cuando se escribi\u00f3 a mediados del siglo pasado.&nbsp;<\/p>\n<p>&nbsp;<\/p>\n<p><strong>Auditorio Nacional Adela Reta<\/strong><\/p>\n<p><strong>Sala Eduardo Fabini<\/strong><\/p>\n<p><strong>24 y 25 de MAY 2023<\/strong><\/p>\n<p><strong>21 h<\/strong><\/p>\n<h6><strong>Duraci\u00f3n 110 min. aprox. Evento para mayores de 18 a\u00f1os&#8221;<\/strong><\/h6>\n<p><a href=\"https:\/\/tickantel.com.uy\/inicio\/espectaculo\/40013567\/espectaculo\/Muerte%20de%20un%20Viajante?0\" target=\"_blank\" rel=\"noopener\"><strong>Entradas en venta<\/strong><\/a><\/p>\n<p>Precio de las entradas: desde $1200 a $3600<\/p>\n<p>&nbsp;<\/p>\n<p style=\"font-weight: 400;\"><strong>Direcci\u00f3n:<\/strong><\/p>\n<p style=\"font-weight: 400;\">Rub\u00e9n Szuchmacher<\/p>\n<p style=\"font-weight: 400;\">&nbsp;<\/p>\n<p style=\"font-weight: 400;\"><strong>Versi\u00f3n\/Adaptaci\u00f3n:<\/strong><\/p>\n<p style=\"font-weight: 400;\">Natalio Grueso<\/p>\n<p style=\"font-weight: 400;\">&nbsp;<\/p>\n<p style=\"font-weight: 400;\">&nbsp;<\/p>\n<p style=\"font-weight: 400;\"><strong>PERSONAJES<\/strong><\/p>\n<p style=\"font-weight: 400;\">Willy Loman:<strong>&nbsp;Imanol Arias<\/strong><\/p>\n<p style=\"font-weight: 400;\">Biff: Jon Arias<\/p>\n<p style=\"font-weight: 400;\">Bernard\/Ben: Fran Calvo<\/p>\n<p style=\"font-weight: 400;\">Linda: Cristina De Inza<\/p>\n<p style=\"font-weight: 400;\">Mujer: Virginia Flores<\/p>\n<p style=\"font-weight: 400;\">Happy: Carlos Serrano-Clark<\/p>\n<p style=\"font-weight: 400;\">Charley\/Howard: Miguel Uribe<\/p>\n<p style=\"font-weight: 400;\">&nbsp;<\/p>\n<p style=\"font-weight: 400;\">&nbsp;<\/p>\n<p style=\"font-weight: 400;\">La producci\u00f3n de la obra la realiza OKAPI, responsable de dos de los mayores \u00e9xitos de cr\u00edtica y p\u00fablico de la cartelera espa\u00f1ola en los dos \u00faltimos a\u00f1os:<\/p>\n<ul>\n<li style=\"font-weight: 400;\">\u2018El coronel no tiene quien le escriba\u2019, protagonizada por el propio Imanol Arias.<\/li>\n<li style=\"font-weight: 400;\">\u2018La fiesta del Chivo\u2019, con Juan Echanove.<\/li>\n<\/ul>\n<p style=\"font-weight: 400;\">Ambas obras han sido dirigidas por Carlos Saura.<\/p>\n<p style=\"font-weight: 400;\">La versi\u00f3n de este montaje ha sido realizada por el escritor Natalio Grueso, responsable tambi\u00e9n del texto de los dos aclamados trabajos anteriores.<\/p>\n<p style=\"font-weight: 400;\">&nbsp;<\/p>\n<p style=\"font-weight: 400;\">&nbsp;<\/p>\n<p style=\"font-weight: 400;\">&nbsp;<\/p>\n<p style=\"font-weight: 400;\"><strong>SOBRE EL DIRECTOR: RUB\u00c9N SZUCHMACHER<\/strong><\/p>\n<p style=\"font-weight: 400;\">Rub\u00e9n Szuchmacher es uno de los grandes maestros de la escena iberoamericana.<\/p>\n<p style=\"font-weight: 400;\">Con m\u00e1s de 50 a\u00f1os de carrera a sus espaldas, ha participado habitualmente en los principales festivales de teatro del mundo (Bogot\u00e1, Guanajuato, Caracas, Porto Alegre, Berl\u00edn, Rotterdam, Colonia, Festival de Oto\u00f1o de Madrid&#8230;). Ha estrenado en el Kennedy Center de Washington, en el Globe de Londres o en el Col\u00f3n de Buenos Aires, entre otros grandes centros esc\u00e9nicos.<\/p>\n<p style=\"font-weight: 400;\">&nbsp;<\/p>\n<p style=\"font-weight: 400;\">Entre sus montajes m\u00e1s memorables est\u00e1n sus versiones Shakespearianas (Hamlet, Enrique IV, el Rey Lear, Sue\u00f1o de una noche de verano), o las de Chejov, Bertolt Brecht, Harold Pinter, Garc\u00eda Lorca, Britten, Sartre o del propio Miller. Adem\u00e1s de su labor como director de escena, tiene una larga trayectoria como actor, core\u00f3grafo y docente. Tiene m\u00e1s de una decena de premios internacionales.<\/p>\n<p style=\"font-weight: 400;\">&nbsp;<\/p>\n<p style=\"font-weight: 400;\"><strong>SOBRE EL PROTAGONISTA: IMANOL ARIAS &#8211; WILLY LOMAN<\/strong><\/p>\n<p style=\"font-weight: 400;\">Imanol Arias es, sin lugar a dudas, uno de los grandes nombres de la interpretaci\u00f3n de Espa\u00f1a y Am\u00e9rica. Su caracterizaci\u00f3n como el viejo coronel de la obra maestra de Garc\u00eda M\u00e1rquez adaptada al teatro por OKAPI, le ha llevado a conquistar las tablas de nuevo tras una ausencia de 20 a\u00f1os dedicado en exclusiva al cine y a la televisi\u00f3n. \u201cEl coronel no tiene quien le escriba\u201d ha superado las 200 funciones y ha sido aclamada por el p\u00fablico de toda Espa\u00f1a, con llenos un\u00e1nimes y excelentes cr\u00edticas.<\/p>\n<p style=\"font-weight: 400;\">&nbsp;<\/p>\n<p style=\"font-weight: 400;\">Ahora asume el que considera el mayor reto de su carrera profesional, al encarnar a un personaje de enorme complejidad e infinitos matices, un reto para cualquier actor en el culmen de su carrera.<\/p>\n<p style=\"font-weight: 400;\">&nbsp;<\/p>\n<p style=\"font-weight: 400;\"><strong>CRISTINA DE INZA &#8211; LINDA<\/strong><\/p>\n<p style=\"font-weight: 400;\">Lleg\u00f3 a las pantallas del cine con el film, &#8220;El S\u00e9ptimo d\u00eda&#8221; de Carlos Saura, o &#8220;Cabeza de perro&#8221; de Santiago Amoedo. El \u00faltimo largometraje en el que ha participado es &#8220;\u00bfQui\u00e9n eres t\u00fa?&#8221;.<\/p>\n<p style=\"font-weight: 400;\">En su carrera teatral, ha sido dirigida por Ernesto Caballero en &#8220;La costilla asada de Ad\u00e1n&#8221;, por Pere Sagrist\u00e1 en &#8220;Sin Ti&#8221;, en el Teatro Liceo de Buenos Aires, por Carlos Mart\u00edn en &#8220;Picasso Adora La Mar\u201d, trabajo que fue premiado como mejor Espect\u00e1culo Revelaci\u00f3n MAX 2003 y por Fernando Fern\u00e1n G\u00f3mez en &#8220;Morir Cuerdo, Vivir Loco&#8221;.<\/p>\n<p style=\"font-weight: 400;\">Sus \u00faltimos trabajos han sido en el CDN: &#8220;Presas&#8221; de Ernesto Caballero, &#8220;El Mis\u00e1ntropo&#8221; de Luca Francesqui y m\u00e1s recientemente &#8220;San Bernardo&#8221; de Indalecio Coruego.<\/p>\n<p style=\"font-weight: 400;\">Ha participado en series como &#8220;Amar en tiempos revueltos&#8221;, &#8220;La Rep\u00fablica&#8221;, &#8220;El Ministerio del Tiempo&#8221;, &#8220;Centro M\u00e9dico&#8221;, &#8220;Lo que escond\u00edan tus ojos&#8221;, &#8220;Acacias&#8221;, &#8220;Velvet&#8221;, &#8220;Robada&#8221; y &#8220;Bandolero&#8221;.<\/p>\n<p style=\"font-weight: 400;\">&nbsp;<\/p>\n<p style=\"font-weight: 400;\"><strong>JON ARIAS &#8211; BIFF<\/strong><\/p>\n<p style=\"font-weight: 400;\">Jon Arias naci\u00f3 en Madrid el 27 de marzo de 1987.<\/p>\n<p style=\"font-weight: 400;\">En teatro su trabajo m\u00e1s reciente es \u201cLa gran ofensa\u201d de Oriol P\u00e9rez y Serapi Soler, funci\u00f3n con gran reconocimiento durante sus temporadas en Barcelona y Madrid.<\/p>\n<p style=\"font-weight: 400;\">Entre sus \u00faltimos trabajos de televisi\u00f3n destacar la serie \u201cPerdida\u201d, producci\u00f3n internacional de Antena 3 a caballo entre Espa\u00f1a y Colombia que fue adquirida por Netflix convirti\u00e9ndose en una de las series m\u00e1s vista de la plataforma. Por otro lado Jon ha coprotagonizado junto a Mario Casas la serie \u201cInstinto\u201d, que puede verse en Movistar +.<\/p>\n<p style=\"font-weight: 400;\">Durante un a\u00f1o entr\u00f3 cada tarde en los hogares espa\u00f1oles con la serie \u201cDerecho a so\u00f1ar\u201d (La 1), en la que hac\u00eda t\u00e1ndem protagonista con la actriz Alba Ribas. Jon Arias ha participado tambi\u00e9n en ficciones como \u201cTodo lo otro (HBO)\u201d, \u201cCu\u00e9ntame c\u00f3mo pas\u00f3\u201d, \u201cEl ministerio del tiempo\u201d, y \u201cOlmos y Robles\u201d para TVE y en los largometrajes \u201cYerma\u201d, versi\u00f3n libre del cl\u00e1sico de Federico Garc\u00eda Lorca a cargo del director Emilio Ruiz Barrachina, y \u201cJuan Ap\u00f3stol, el m\u00e1s amado\u201d, del director Conrado Mart\u00ednez.<\/p>\n<p style=\"font-weight: 400;\">&nbsp;<\/p>\n<p style=\"font-weight: 400;\">&nbsp;<\/p>\n<p style=\"font-weight: 400;\"><strong>CARLOS SERRANO CLARK &#8211; HAPPY<\/strong><\/p>\n<p style=\"font-weight: 400;\">En cine ha formado parte de los largometrajes \u201cChavalas\u201d, \u201cVenus\u201d, \u201cTrilog\u00eda del Bazt\u00e1n\u201d y \u201cMientras dure la guerra\u201d.<\/p>\n<p style=\"font-weight: 400;\">En televisi\u00f3n, es conocido, por su papel de Jorge en \u201cCu\u00e9ntame c\u00f3mo pas\u00f3\u201d, adem\u00e1s de por su reciente paso por \u201cLa cocinera de Castamar\u201d de antena 3, tambi\u00e9n lo hemos podido ver en \u201cAcacias 38\u201d o \u201cBienvenidos al ed\u00e9n\u201d de Netflix, entre otras.<\/p>\n<p style=\"font-weight: 400;\">En su carrera teatral, ha participado en \u201cVenus\u201d, dirigida por V\u00edctor Conde, en \u201cEl primer secreto de Francisca y Raimundo\u201d y \u201cNo te vistas para cenar\u201d. Otros montajes teatrales en los que ha participado han sido: \u201cEl nou proc\u00e9s\u201d, \u201cConsu\u00e9lame Consuelo\u201d, \u201cEls Baixos Fons\u201d &#8230;<\/p>\n<p style=\"font-weight: 400;\">&nbsp;<\/p>\n<p style=\"font-weight: 400;\">&nbsp;<\/p>\n<p style=\"font-weight: 400;\"><strong>FRAN CALVO &#8211; BERNARD\/BEN<\/strong><\/p>\n<p style=\"font-weight: 400;\">Ha trabajado en EEUU tanto en teatro como en series como &#8220;Chicken soup for the soul&#8221; y en Espa\u00f1a donde destaca su participaci\u00f3n en obras como &#8220;Casa de mu\u00f1ecas&#8221;, &#8220;Diez negritos&#8221;, &#8220;Los tres Mosqueteros&#8221;, &#8220;La Caja&#8221;, &#8220;Tape&#8221;, &#8220;La Soga&#8221; y &#8220;Constelaciones&#8221; premiada como Mejor espect\u00e1culo de la Feria Internacional de Huesca 2014 y Premio Mi Butaquita a Mejor actor en 2015, &#8220;Addio del passato&#8221;, &#8220;La Traviata&#8221; y &#8220;La Casa del Lago&#8221;. En cine, ha formado parte de los largometrajes &#8220;Fantasma&#8221;, &#8220;Poveda&#8221; y &#8220;Red de Libertad&#8221;.<\/p>\n<p style=\"font-weight: 400;\">En televisi\u00f3n, ha participado en series como &#8220;Sin tetas no hay para\u00edso&#8221;, &#8220;La que se avecina&#8221;, &#8220;Vis a Vis&#8221;, &#8220;Velvet&#8221;, &#8220;Bajo Sospecha&#8221;, &#8220;El Caso&#8221;, &#8220;Pulsaciones&#8221; y, m\u00e1s recientemente, &#8220;La Zona&#8221;, &#8220;Estoy Vivo&#8221; y &#8220;45 Revoluciones&#8221;.<\/p>\n<p style=\"font-weight: 400;\">&nbsp;<\/p>\n<p style=\"font-weight: 400;\">&nbsp;<\/p>\n<p style=\"font-weight: 400;\"><strong>MIGUEL URIBE &#8211; CHARLEY\/HOWARD<\/strong><\/p>\n<p style=\"font-weight: 400;\">Sus trabajos m\u00e1s recientes en teatro est\u00e1n 1970 SOMBREROS. Direcci\u00f3n Hern\u00e1n Gen\u00e9 (2020), EL EREMITA. Direcci\u00f3n Luis L\u00f3pez de Arriba (2017) y L\u00daCIDO. Direcci\u00f3n Amelia Ochandiano (2013-14).<\/p>\n<p style=\"font-weight: 400;\">En televisi\u00f3n hay que destacar sus apariciones en series como ENTREV\u00cdAS (2022) CU\u00c9NTAME (2021, 2022). HERN\u00c1N (2019) El SECRETO DE PUENTE VIEJO (2015-19)<\/p>\n<p style=\"font-weight: 400;\">&nbsp;<\/p>\n<p style=\"font-weight: 400;\">&nbsp;<\/p>\n<p style=\"font-weight: 400;\"><strong>VIRGINIA FLORES &#8211; MUJER<\/strong><\/p>\n<p style=\"font-weight: 400;\">Ha trabajado para el Teatro de la Zarzuela en diferentes espect\u00e1culos como \u201cEl Trust de los Tenorios\u201d, \u201cLa Calesera\u201d, \u201cDo\u00f1a Francisquita\u201d, \u201cLa Revoltosa\u201d, \u201cLa Verbena de la Paloma\u201d y \u201cLa Bruja\u201d.<\/p>\n<p style=\"font-weight: 400;\">Con la Compa\u00f1\u00eda Nacional de Teatro Cl\u00e1sico, participa en \u201cLa Celosa de s\u00ed misma\u201d.<\/p>\n<p style=\"font-weight: 400;\">En televisi\u00f3n interviene en series como \u201cEl Comisario\u201d y \u201cCentro M\u00e9dico\u201d.<\/p>\n<p>&nbsp;<\/p>\n<p>&nbsp;<\/p>\n<p>&nbsp;<\/p>\n","protected":false},"excerpt":{"rendered":"<p>&nbsp; Imanol Arias&nbsp;afronta uno de los mayores retos de su carrera profesional, al ponerse al frente del reparto de esta nueva producci\u00f3n del inmortal texto de Arthur Miller. El director argentino Rub\u00e9n Szuchmacher, uno de los grandes maestros de la escena internacional, dirigir\u00e1 este nuevo montaje de este cl\u00e1sico de la dramaturgia contempor\u00e1nea. Willy Loman [&hellip;]<\/p>\n","protected":false},"author":8,"featured_media":90048,"comment_status":"closed","ping_status":"closed","sticky":false,"template":"","format":"standard","meta":{"om_disable_all_campaigns":false,"ngg_post_thumbnail":0,"jnews-multi-image_gallery":[],"jnews_single_post":{"subtitle":"Auditorio Nacional Adela Reta","format":"standard","video":"","gallery":"","source_name":"","source_url":"","via_name":"","via_url":"","override_template":"0","override":[{"template":"4","single_blog_custom":"","parallax":"1","fullscreen":"0","layout":"right-sidebar","sidebar":"default-sidebar","second_sidebar":"default-sidebar","sticky_sidebar":"1","share_position":"bottom","share_float_style":"share-monocrhome","show_share_counter":"1","show_view_counter":"1","show_featured":"1","show_post_meta":"1","show_post_author":"1","show_post_author_image":"1","show_post_date":"1","post_date_format":"default","post_date_format_custom":"Y\/m\/d","show_post_category":"1","show_post_reading_time":"0","post_reading_time_wpm":"300","show_zoom_button":"0","zoom_button_out_step":"2","zoom_button_in_step":"3","show_post_tag":"1","show_prev_next_post":"1","show_popup_post":"1","number_popup_post":"1","show_author_box":"1","show_post_related":"0","show_inline_post_related":"0"}],"override_image_size":"0","image_override":[{"single_post_thumbnail_size":"no-crop","single_post_gallery_size":"crop-500"}],"trending_post":"0","trending_post_position":"meta","trending_post_label":"Trending","sponsored_post":"0","sponsored_post_label":"Sponsored by","sponsored_post_name":"","sponsored_post_url":"","sponsored_post_logo_enable":"0","sponsored_post_logo":"","sponsored_post_desc":"","disable_ad":"0"},"jnews_primary_category":{"id":"","hide":""},"jnews_social_meta":{"fb_title":"","fb_description":"","fb_image":"","twitter_title":"","twitter_description":"","twitter_image":""},"jnews_override_counter":{"override_view_counter":"0","view_counter_number":"0","override_share_counter":"0","share_counter_number":"0","override_like_counter":"0","like_counter_number":"0","override_dislike_counter":"0","dislike_counter_number":"0"},"footnotes":""},"categories":[57],"tags":[93,1026,19505,350,19504],"class_list":["post-90047","post","type-post","status-publish","format-standard","has-post-thumbnail","hentry","category-teatro","tag-arthur-miller","tag-auditorio-nacional-adela-reta","tag-imanol-arias","tag-ruben-szuchmacher","tag-willy-loman"],"yoast_head":"<!-- This site is optimized with the Yoast SEO plugin v27.5 - https:\/\/yoast.com\/product\/yoast-seo-wordpress\/ -->\n<title>Muerte de un Viajante - Cooltivarte Portal<\/title>\n<meta name=\"description\" content=\"Willy Loman es un viajante de comercio que ha entregado todo su esfuerzo y su carrera profesional a la empresa para la que trabaja.\" \/>\n<meta name=\"robots\" content=\"index, follow, max-snippet:-1, max-image-preview:large, max-video-preview:-1\" \/>\n<link rel=\"canonical\" href=\"https:\/\/cooltivarte.com\/portal\/muerte-de-un-viajante\/\" \/>\n<meta property=\"og:locale\" content=\"es_ES\" \/>\n<meta property=\"og:type\" content=\"article\" \/>\n<meta property=\"og:title\" content=\"Muerte de un Viajante - Auditorio Nacional Adela Reta - 24 y 25 de MAY 2023 @Sodre_Uruguay\" \/>\n<meta property=\"og:description\" content=\"Willy Loman es un viajante de comercio que ha entregado todo su esfuerzo y su carrera profesional a la empresa para la que trabaja.\" \/>\n<meta property=\"og:url\" content=\"https:\/\/cooltivarte.com\/portal\/muerte-de-un-viajante\/\" \/>\n<meta property=\"og:site_name\" content=\"Cooltivarte Portal\" \/>\n<meta property=\"article:publisher\" content=\"https:\/\/www.facebook.com\/cooltivartecom\/\" \/>\n<meta property=\"article:author\" content=\"https:\/\/www.facebook.com\/cooltivartecom\" \/>\n<meta property=\"article:published_time\" content=\"2023-05-18T15:13:40+00:00\" \/>\n<meta property=\"article:modified_time\" content=\"2023-05-19T16:49:08+00:00\" \/>\n<meta property=\"og:image\" content=\"https:\/\/cooltivarte.com\/portal\/wp-content\/uploads\/2023\/05\/Muerte-de-un-Viajante.jpg\" \/>\n\t<meta property=\"og:image:width\" content=\"700\" \/>\n\t<meta property=\"og:image:height\" content=\"390\" \/>\n\t<meta property=\"og:image:type\" content=\"image\/jpeg\" \/>\n<meta name=\"author\" content=\"Cooltivarte\" \/>\n<meta name=\"twitter:card\" content=\"summary_large_image\" \/>\n<meta name=\"twitter:title\" content=\"Muerte de un Viajante - Auditorio Nacional Adela Reta - 24 y 25 de MAY 2023 @Sodre_Uruguay\" \/>\n<meta name=\"twitter:description\" content=\"Willy Loman es un viajante de comercio que ha entregado todo su esfuerzo y su carrera profesional a la empresa para la que trabaja.\" \/>\n<meta name=\"twitter:image\" content=\"https:\/\/cooltivarte.com\/portal\/wp-content\/uploads\/2023\/05\/Muerte-de-un-Viajante.jpg\" \/>\n<meta name=\"twitter:creator\" content=\"@https:\/\/x.com\/obolocultural\" \/>\n<meta name=\"twitter:site\" content=\"@obolocultural\" \/>\n<meta name=\"twitter:label1\" content=\"Escrito por\" \/>\n\t<meta name=\"twitter:data1\" content=\"Cooltivarte\" \/>\n\t<meta name=\"twitter:label2\" content=\"Tiempo de lectura\" \/>\n\t<meta name=\"twitter:data2\" content=\"8 minutos\" \/>\n<!-- \/ Yoast SEO plugin. -->","yoast_head_json":{"title":"Muerte de un Viajante - Cooltivarte Portal","description":"Willy Loman es un viajante de comercio que ha entregado todo su esfuerzo y su carrera profesional a la empresa para la que trabaja.","robots":{"index":"index","follow":"follow","max-snippet":"max-snippet:-1","max-image-preview":"max-image-preview:large","max-video-preview":"max-video-preview:-1"},"canonical":"https:\/\/cooltivarte.com\/portal\/muerte-de-un-viajante\/","og_locale":"es_ES","og_type":"article","og_title":"Muerte de un Viajante - Auditorio Nacional Adela Reta - 24 y 25 de MAY 2023 @Sodre_Uruguay","og_description":"Willy Loman es un viajante de comercio que ha entregado todo su esfuerzo y su carrera profesional a la empresa para la que trabaja.","og_url":"https:\/\/cooltivarte.com\/portal\/muerte-de-un-viajante\/","og_site_name":"Cooltivarte Portal","article_publisher":"https:\/\/www.facebook.com\/cooltivartecom\/","article_author":"https:\/\/www.facebook.com\/cooltivartecom","article_published_time":"2023-05-18T15:13:40+00:00","article_modified_time":"2023-05-19T16:49:08+00:00","og_image":[{"width":700,"height":390,"url":"https:\/\/cooltivarte.com\/portal\/wp-content\/uploads\/2023\/05\/Muerte-de-un-Viajante.jpg","type":"image\/jpeg"}],"author":"Cooltivarte","twitter_card":"summary_large_image","twitter_title":"Muerte de un Viajante - Auditorio Nacional Adela Reta - 24 y 25 de MAY 2023 @Sodre_Uruguay","twitter_description":"Willy Loman es un viajante de comercio que ha entregado todo su esfuerzo y su carrera profesional a la empresa para la que trabaja.","twitter_image":"https:\/\/cooltivarte.com\/portal\/wp-content\/uploads\/2023\/05\/Muerte-de-un-Viajante.jpg","twitter_creator":"@https:\/\/x.com\/obolocultural","twitter_site":"@obolocultural","twitter_misc":{"Escrito por":"Cooltivarte","Tiempo de lectura":"8 minutos"},"schema":{"@context":"https:\/\/schema.org","@graph":[{"@type":"NewsArticle","@id":"https:\/\/cooltivarte.com\/portal\/muerte-de-un-viajante\/#article","isPartOf":{"@id":"https:\/\/cooltivarte.com\/portal\/muerte-de-un-viajante\/"},"author":{"name":"Cooltivarte","@id":"https:\/\/cooltivarte.com\/portal\/#\/schema\/person\/ec2a4f4e71b740d0c559c0ab9a157e19"},"headline":"Muerte de un Viajante","datePublished":"2023-05-18T15:13:40+00:00","dateModified":"2023-05-19T16:49:08+00:00","mainEntityOfPage":{"@id":"https:\/\/cooltivarte.com\/portal\/muerte-de-un-viajante\/"},"wordCount":1571,"publisher":{"@id":"https:\/\/cooltivarte.com\/portal\/#organization"},"image":{"@id":"https:\/\/cooltivarte.com\/portal\/muerte-de-un-viajante\/#primaryimage"},"thumbnailUrl":"https:\/\/cooltivarte.com\/portal\/wp-content\/uploads\/2023\/05\/Muerte-de-un-Viajante.jpg","keywords":["arthur miller","Auditorio Nacional Adela Reta","imanol arias","Rub\u00e9n Szuchmacher","Willy Loman"],"articleSection":["Teatro"],"inLanguage":"es-AR"},{"@type":"WebPage","@id":"https:\/\/cooltivarte.com\/portal\/muerte-de-un-viajante\/","url":"https:\/\/cooltivarte.com\/portal\/muerte-de-un-viajante\/","name":"Muerte de un Viajante - Cooltivarte Portal","isPartOf":{"@id":"https:\/\/cooltivarte.com\/portal\/#website"},"primaryImageOfPage":{"@id":"https:\/\/cooltivarte.com\/portal\/muerte-de-un-viajante\/#primaryimage"},"image":{"@id":"https:\/\/cooltivarte.com\/portal\/muerte-de-un-viajante\/#primaryimage"},"thumbnailUrl":"https:\/\/cooltivarte.com\/portal\/wp-content\/uploads\/2023\/05\/Muerte-de-un-Viajante.jpg","datePublished":"2023-05-18T15:13:40+00:00","dateModified":"2023-05-19T16:49:08+00:00","description":"Willy Loman es un viajante de comercio que ha entregado todo su esfuerzo y su carrera profesional a la empresa para la que trabaja.","breadcrumb":{"@id":"https:\/\/cooltivarte.com\/portal\/muerte-de-un-viajante\/#breadcrumb"},"inLanguage":"es-AR","potentialAction":[{"@type":"ReadAction","target":["https:\/\/cooltivarte.com\/portal\/muerte-de-un-viajante\/"]}]},{"@type":"ImageObject","inLanguage":"es-AR","@id":"https:\/\/cooltivarte.com\/portal\/muerte-de-un-viajante\/#primaryimage","url":"https:\/\/cooltivarte.com\/portal\/wp-content\/uploads\/2023\/05\/Muerte-de-un-Viajante.jpg","contentUrl":"https:\/\/cooltivarte.com\/portal\/wp-content\/uploads\/2023\/05\/Muerte-de-un-Viajante.jpg","width":700,"height":390,"caption":"Muerte de un Viajante"},{"@type":"BreadcrumbList","@id":"https:\/\/cooltivarte.com\/portal\/muerte-de-un-viajante\/#breadcrumb","itemListElement":[{"@type":"ListItem","position":1,"name":"Portada","item":"https:\/\/cooltivarte.com\/portal\/"},{"@type":"ListItem","position":2,"name":"Muerte de un Viajante"}]},{"@type":"WebSite","@id":"https:\/\/cooltivarte.com\/portal\/#website","url":"https:\/\/cooltivarte.com\/portal\/","name":"Cooltivarte Portal","description":"Arte, cultura y turismo para el mundo ...","publisher":{"@id":"https:\/\/cooltivarte.com\/portal\/#organization"},"potentialAction":[{"@type":"SearchAction","target":{"@type":"EntryPoint","urlTemplate":"https:\/\/cooltivarte.com\/portal\/?s={search_term_string}"},"query-input":{"@type":"PropertyValueSpecification","valueRequired":true,"valueName":"search_term_string"}}],"inLanguage":"es-AR"},{"@type":"Organization","@id":"https:\/\/cooltivarte.com\/portal\/#organization","name":"cooltivarte","url":"https:\/\/cooltivarte.com\/portal\/","logo":{"@type":"ImageObject","inLanguage":"es-AR","@id":"https:\/\/cooltivarte.com\/portal\/#\/schema\/logo\/image\/","url":"https:\/\/cooltivarte.com\/portal\/wp-content\/uploads\/2020\/04\/logo-cooltivarte-v2.png","contentUrl":"https:\/\/cooltivarte.com\/portal\/wp-content\/uploads\/2020\/04\/logo-cooltivarte-v2.png","width":851,"height":243,"caption":"cooltivarte"},"image":{"@id":"https:\/\/cooltivarte.com\/portal\/#\/schema\/logo\/image\/"},"sameAs":["https:\/\/www.facebook.com\/cooltivartecom\/","https:\/\/x.com\/obolocultural","https:\/\/www.instagram.com\/_cooltivarte_\/","https:\/\/www.linkedin.com\/company\/-bolocultural?reportsuccess=8zaNG1HwhPbAR9iQhZ5rfGeqz_vQFftHun0ZWU0Wy9vNemRJ8vtcKdJvzQfW8XagyOJSKg0XvfJ1dp","https:\/\/www.pinterest.com\/cooltivarte\/","https:\/\/cooltivarte.tumblr.com\/","https:\/\/www.tiktok.com\/@cooltivarte","https:\/\/www.youtube.com\/@PrensaCooltivarte"]},{"@type":"Person","@id":"https:\/\/cooltivarte.com\/portal\/#\/schema\/person\/ec2a4f4e71b740d0c559c0ab9a157e19","name":"Cooltivarte","image":{"@type":"ImageObject","inLanguage":"es-AR","@id":"https:\/\/cooltivarte.com\/portal\/wp-content\/uploads\/2014\/05\/logo-cooltivarte-120x120.jpg","url":"https:\/\/cooltivarte.com\/portal\/wp-content\/uploads\/2014\/05\/logo-cooltivarte-120x120.jpg","contentUrl":"https:\/\/cooltivarte.com\/portal\/wp-content\/uploads\/2014\/05\/logo-cooltivarte-120x120.jpg","caption":"Cooltivarte"},"description":"Somos COOLTIVARTE.COM. Un portal digital dedicado a difundir el acontecer art\u00edstico y cultural del Uruguay. Estamos en la vuelta desde el a\u00f1o 2003, y como evoluci\u00f3n del bolet\u00edn Obolo Cultural, nos encontramos abocados a apoyar a los artistas nacionales brind\u00e1ndoles un espacio de difusi\u00f3n. Creemos en la idea de utilizar la potencialidad que hoy d\u00eda nos otorga la web, para que la cultura uruguaya y sus creadores dispongan de una din\u00e1mica ventana, que los ponga en contacto entre s\u00ed y con el mundo. Somos COOLTIVARTE.COM y pretendemos configurarnos como un portal din\u00e1mico, entretenido y atento a los nuevos emprendimientos, que busque siempre la interacci\u00f3n con los artistas.","sameAs":["http:\/\/www.cooltivarte.com","https:\/\/www.facebook.com\/cooltivartecom","https:\/\/www.instagram.com\/_cooltivarte_\/","https:\/\/www.linkedin.com\/company\/-bolocultural","https:\/\/www.pinterest.com\/cooltivarte\/","https:\/\/x.com\/https:\/\/x.com\/obolocultural","https:\/\/www.youtube.com\/@PrensaCooltivarte","https:\/\/www.tumblr.com\/blog\/cooltivarte"],"url":"https:\/\/cooltivarte.com\/portal\/author\/cooltivarte\/"}]}},"_links":{"self":[{"href":"https:\/\/cooltivarte.com\/portal\/wp-json\/wp\/v2\/posts\/90047","targetHints":{"allow":["GET"]}}],"collection":[{"href":"https:\/\/cooltivarte.com\/portal\/wp-json\/wp\/v2\/posts"}],"about":[{"href":"https:\/\/cooltivarte.com\/portal\/wp-json\/wp\/v2\/types\/post"}],"author":[{"embeddable":true,"href":"https:\/\/cooltivarte.com\/portal\/wp-json\/wp\/v2\/users\/8"}],"replies":[{"embeddable":true,"href":"https:\/\/cooltivarte.com\/portal\/wp-json\/wp\/v2\/comments?post=90047"}],"version-history":[{"count":3,"href":"https:\/\/cooltivarte.com\/portal\/wp-json\/wp\/v2\/posts\/90047\/revisions"}],"predecessor-version":[{"id":90168,"href":"https:\/\/cooltivarte.com\/portal\/wp-json\/wp\/v2\/posts\/90047\/revisions\/90168"}],"wp:featuredmedia":[{"embeddable":true,"href":"https:\/\/cooltivarte.com\/portal\/wp-json\/wp\/v2\/media\/90048"}],"wp:attachment":[{"href":"https:\/\/cooltivarte.com\/portal\/wp-json\/wp\/v2\/media?parent=90047"}],"wp:term":[{"taxonomy":"category","embeddable":true,"href":"https:\/\/cooltivarte.com\/portal\/wp-json\/wp\/v2\/categories?post=90047"},{"taxonomy":"post_tag","embeddable":true,"href":"https:\/\/cooltivarte.com\/portal\/wp-json\/wp\/v2\/tags?post=90047"}],"curies":[{"name":"wp","href":"https:\/\/api.w.org\/{rel}","templated":true}]}}