{"id":90002,"date":"2023-05-16T13:54:25","date_gmt":"2023-05-16T16:54:25","guid":{"rendered":"http:\/\/cooltivarte.com\/portal\/?p=90002"},"modified":"2023-05-17T12:30:02","modified_gmt":"2023-05-17T15:30:02","slug":"gente-en-verso-poesia-uruguaya-de-ahora","status":"publish","type":"post","link":"https:\/\/cooltivarte.com\/portal\/gente-en-verso-poesia-uruguaya-de-ahora\/","title":{"rendered":"Gente en verso. Poes\u00eda uruguaya de ahora"},"content":{"rendered":"<p><img fetchpriority=\"high\" decoding=\"async\" class=\"aligncenter wp-image-90003 size-medium\" title=\"Gente en verso. Poes\u00eda uruguaya de ahora\" src=\"https:\/\/cooltivarte.com\/portal\/wp-content\/uploads\/2023\/05\/IMG-20230516-WA0031-300x300.jpg\" alt=\"Gente en verso. Poes\u00eda uruguaya de ahora\" width=\"300\" height=\"300\" srcset=\"https:\/\/cooltivarte.com\/portal\/wp-content\/uploads\/2023\/05\/IMG-20230516-WA0031-300x300.jpg 300w, https:\/\/cooltivarte.com\/portal\/wp-content\/uploads\/2023\/05\/IMG-20230516-WA0031-150x150.jpg 150w, https:\/\/cooltivarte.com\/portal\/wp-content\/uploads\/2023\/05\/IMG-20230516-WA0031-120x120.jpg 120w, https:\/\/cooltivarte.com\/portal\/wp-content\/uploads\/2023\/05\/IMG-20230516-WA0031-75x75.jpg 75w, https:\/\/cooltivarte.com\/portal\/wp-content\/uploads\/2023\/05\/IMG-20230516-WA0031.jpg 720w\" sizes=\"(max-width: 300px) 100vw, 300px\" \/><\/p>\n<p>&nbsp;<\/p>\n<p><strong>Les invitamos a la segunda fecha de \u201cGente en verso. Poes\u00eda uruguaya de ahora\u201d, ciclo organizado por la <a href=\"https:\/\/fundacionmariobenedetti.uy\/\" target=\"_blank\" rel=\"noopener\">Fundaci\u00f3n Mario Benedetti<\/a>, y que va el \u00faltimo jueves de cada mes.<\/strong><\/p>\n<p>Esta segunda fecha ser\u00e1 el <strong>jueves 25 de mayo 2023 a las 20:00 horas<\/strong> en nuestra sede (Joaqu\u00edn de Salterain 1293 esq. Guan\u00e1), y nos acompa\u00f1ar\u00e1n <strong><a href=\"https:\/\/cooltivarte.com\/portal\/?s=Luis+Bravo\" target=\"_blank\" rel=\"noopener\">Luis Bravo<\/a>, <a href=\"https:\/\/cooltivarte.com\/portal\/?s=Luc%C3%ADa+Delbene\" target=\"_blank\" rel=\"noopener\">Luc\u00eda Delbene<\/a> y <a href=\"https:\/\/cooltivarte.com\/portal\/?s=Paola+Scagliotti\" target=\"_blank\" rel=\"noopener\">Paola Scagliotti<\/a><\/strong> en el registro. Un\/a poeta lee sus textos + un\/a poeta presenta e interroga + una fot\u00f3grafa registra el encuentro.<\/p>\n<p>Iniciativa de la <strong>Fundaci\u00f3n Mario Benedetti<\/strong> para promover el conocimiento y la difusi\u00f3n de los poetas y sus obras en el Uruguay contempor\u00e1neo. Buscamos que los creadores encuentren en la Fundaci\u00f3n un espacio que los aliente en su actividad y les permita llegar a nuevas audiencias.<\/p>\n<p>Les esperamos!!<\/p>\n<p>&nbsp;<\/p>\n<p>&nbsp;<\/p>\n<p>&nbsp;<\/p>\n<p>&nbsp;<\/p>\n","protected":false},"excerpt":{"rendered":"<p>&nbsp; Les invitamos a la segunda fecha de \u201cGente en verso. Poes\u00eda uruguaya de ahora\u201d, ciclo organizado por la Fundaci\u00f3n Mario Benedetti, y que va el \u00faltimo jueves de cada mes. Esta segunda fecha ser\u00e1 el jueves 25 de mayo 2023 a las 20:00 horas en nuestra sede (Joaqu\u00edn de Salterain 1293 esq. Guan\u00e1), y [&hellip;]<\/p>\n","protected":false},"author":8,"featured_media":90003,"comment_status":"closed","ping_status":"closed","sticky":false,"template":"","format":"standard","meta":{"om_disable_all_campaigns":false,"ngg_post_thumbnail":0,"jnews-multi-image_gallery":[],"jnews_single_post":{"subtitle":"Ciclo organizado por la Fundaci\u00f3n Mario Benedett","format":"standard","video":"","gallery":"","source_name":"","source_url":"","via_name":"","via_url":"","override_template":"0","override":[{"template":"4","single_blog_custom":"","parallax":"1","fullscreen":"0","layout":"right-sidebar","sidebar":"default-sidebar","second_sidebar":"default-sidebar","sticky_sidebar":"1","share_position":"bottom","share_float_style":"share-monocrhome","show_share_counter":"1","show_view_counter":"1","show_featured":"1","show_post_meta":"1","show_post_author":"1","show_post_author_image":"1","show_post_date":"1","post_date_format":"default","post_date_format_custom":"Y\/m\/d","show_post_category":"1","show_post_reading_time":"0","post_reading_time_wpm":"300","show_zoom_button":"0","zoom_button_out_step":"2","zoom_button_in_step":"3","show_post_tag":"1","show_prev_next_post":"1","show_popup_post":"1","number_popup_post":"1","show_author_box":"1","show_post_related":"0","show_inline_post_related":"0"}],"override_image_size":"0","image_override":[{"single_post_thumbnail_size":"no-crop","single_post_gallery_size":"crop-500"}],"trending_post":"0","trending_post_position":"meta","trending_post_label":"Trending","sponsored_post":"0","sponsored_post_label":"Sponsored by","sponsored_post_name":"","sponsored_post_url":"","sponsored_post_logo_enable":"0","sponsored_post_logo":"","sponsored_post_desc":"","disable_ad":"0"},"jnews_primary_category":{"id":"","hide":""},"jnews_social_meta":{"fb_title":"","fb_description":"","fb_image":"","twitter_title":"","twitter_description":"","twitter_image":""},"jnews_override_counter":{"override_view_counter":"0","view_counter_number":"0","override_share_counter":"0","share_counter_number":"0","override_like_counter":"0","like_counter_number":"0","override_dislike_counter":"0","dislike_counter_number":"0"},"footnotes":""},"categories":[56],"tags":[7439,19495,2368,876,6486,14895],"class_list":["post-90002","post","type-post","status-publish","format-standard","has-post-thumbnail","hentry","category-narradores","tag-fundacion-mario-benedetti","tag-gente-en-verso","tag-lucia-delbene","tag-luis-bravo","tag-paola-scagliotti","tag-poesia-uruguaya"],"yoast_head":"<!-- This site is optimized with the Yoast SEO plugin v27.5 - https:\/\/yoast.com\/product\/yoast-seo-wordpress\/ -->\n<title>Gente en verso. Poes\u00eda uruguaya de ahora - Cooltivarte Portal<\/title>\n<meta name=\"description\" content=\"Les invitamos a la segunda fecha de \u201cGente en verso. Poes\u00eda uruguaya de ahora\u201d, ciclo organizado por la Fundaci\u00f3n Mario Benedetti, y que va el \u00faltimo jueves de cada mes.\" \/>\n<meta name=\"robots\" content=\"index, follow, max-snippet:-1, max-image-preview:large, max-video-preview:-1\" \/>\n<link rel=\"canonical\" href=\"https:\/\/cooltivarte.com\/portal\/gente-en-verso-poesia-uruguaya-de-ahora\/\" \/>\n<meta property=\"og:locale\" content=\"es_ES\" \/>\n<meta property=\"og:type\" content=\"article\" \/>\n<meta property=\"og:title\" content=\"Gente en verso. Poes\u00eda uruguaya de ahora - Fundaci\u00f3n Mario Benedetti - 25 de mayo 2023 a las 20:00 horas\" \/>\n<meta property=\"og:description\" content=\"Les invitamos a la segunda fecha de \u201cGente en verso. Poes\u00eda uruguaya de ahora\u201d, ciclo organizado por la Fundaci\u00f3n Mario Benedetti, y que va el \u00faltimo jueves de cada mes.\" \/>\n<meta property=\"og:url\" content=\"https:\/\/cooltivarte.com\/portal\/gente-en-verso-poesia-uruguaya-de-ahora\/\" \/>\n<meta property=\"og:site_name\" content=\"Cooltivarte Portal\" \/>\n<meta property=\"article:publisher\" content=\"https:\/\/www.facebook.com\/cooltivartecom\/\" \/>\n<meta property=\"article:author\" content=\"https:\/\/www.facebook.com\/cooltivartecom\" \/>\n<meta property=\"article:published_time\" content=\"2023-05-16T16:54:25+00:00\" \/>\n<meta property=\"article:modified_time\" content=\"2023-05-17T15:30:02+00:00\" \/>\n<meta property=\"og:image\" content=\"https:\/\/cooltivarte.com\/portal\/wp-content\/uploads\/2023\/05\/IMG-20230516-WA0031.jpg\" \/>\n\t<meta property=\"og:image:width\" content=\"720\" \/>\n\t<meta property=\"og:image:height\" content=\"720\" \/>\n\t<meta property=\"og:image:type\" content=\"image\/jpeg\" \/>\n<meta name=\"author\" content=\"Cooltivarte\" \/>\n<meta name=\"twitter:card\" content=\"summary_large_image\" \/>\n<meta name=\"twitter:title\" content=\"Gente en verso. Poes\u00eda uruguaya de ahora - Fundaci\u00f3n Mario Benedetti - 25 de mayo 2023 a las 20:00 horas\" \/>\n<meta name=\"twitter:description\" content=\"Les invitamos a la segunda fecha de \u201cGente en verso. Poes\u00eda uruguaya de ahora\u201d, ciclo organizado por la Fundaci\u00f3n Mario Benedetti, y que va el \u00faltimo jueves de cada mes.\" \/>\n<meta name=\"twitter:image\" content=\"https:\/\/cooltivarte.com\/portal\/wp-content\/uploads\/2023\/05\/IMG-20230516-WA0031.jpg\" \/>\n<meta name=\"twitter:creator\" content=\"@https:\/\/x.com\/obolocultural\" \/>\n<meta name=\"twitter:site\" content=\"@obolocultural\" \/>\n<meta name=\"twitter:label1\" content=\"Escrito por\" \/>\n\t<meta name=\"twitter:data1\" content=\"Cooltivarte\" \/>\n\t<meta name=\"twitter:label2\" content=\"Tiempo de lectura\" \/>\n\t<meta name=\"twitter:data2\" content=\"1 minuto\" \/>\n<!-- \/ Yoast SEO plugin. -->","yoast_head_json":{"title":"Gente en verso. Poes\u00eda uruguaya de ahora - Cooltivarte Portal","description":"Les invitamos a la segunda fecha de \u201cGente en verso. Poes\u00eda uruguaya de ahora\u201d, ciclo organizado por la Fundaci\u00f3n Mario Benedetti, y que va el \u00faltimo jueves de cada mes.","robots":{"index":"index","follow":"follow","max-snippet":"max-snippet:-1","max-image-preview":"max-image-preview:large","max-video-preview":"max-video-preview:-1"},"canonical":"https:\/\/cooltivarte.com\/portal\/gente-en-verso-poesia-uruguaya-de-ahora\/","og_locale":"es_ES","og_type":"article","og_title":"Gente en verso. Poes\u00eda uruguaya de ahora - Fundaci\u00f3n Mario Benedetti - 25 de mayo 2023 a las 20:00 horas","og_description":"Les invitamos a la segunda fecha de \u201cGente en verso. Poes\u00eda uruguaya de ahora\u201d, ciclo organizado por la Fundaci\u00f3n Mario Benedetti, y que va el \u00faltimo jueves de cada mes.","og_url":"https:\/\/cooltivarte.com\/portal\/gente-en-verso-poesia-uruguaya-de-ahora\/","og_site_name":"Cooltivarte Portal","article_publisher":"https:\/\/www.facebook.com\/cooltivartecom\/","article_author":"https:\/\/www.facebook.com\/cooltivartecom","article_published_time":"2023-05-16T16:54:25+00:00","article_modified_time":"2023-05-17T15:30:02+00:00","og_image":[{"width":720,"height":720,"url":"https:\/\/cooltivarte.com\/portal\/wp-content\/uploads\/2023\/05\/IMG-20230516-WA0031.jpg","type":"image\/jpeg"}],"author":"Cooltivarte","twitter_card":"summary_large_image","twitter_title":"Gente en verso. Poes\u00eda uruguaya de ahora - Fundaci\u00f3n Mario Benedetti - 25 de mayo 2023 a las 20:00 horas","twitter_description":"Les invitamos a la segunda fecha de \u201cGente en verso. Poes\u00eda uruguaya de ahora\u201d, ciclo organizado por la Fundaci\u00f3n Mario Benedetti, y que va el \u00faltimo jueves de cada mes.","twitter_image":"https:\/\/cooltivarte.com\/portal\/wp-content\/uploads\/2023\/05\/IMG-20230516-WA0031.jpg","twitter_creator":"@https:\/\/x.com\/obolocultural","twitter_site":"@obolocultural","twitter_misc":{"Escrito por":"Cooltivarte","Tiempo de lectura":"1 minuto"},"schema":{"@context":"https:\/\/schema.org","@graph":[{"@type":"NewsArticle","@id":"https:\/\/cooltivarte.com\/portal\/gente-en-verso-poesia-uruguaya-de-ahora\/#article","isPartOf":{"@id":"https:\/\/cooltivarte.com\/portal\/gente-en-verso-poesia-uruguaya-de-ahora\/"},"author":{"name":"Cooltivarte","@id":"https:\/\/cooltivarte.com\/portal\/#\/schema\/person\/ec2a4f4e71b740d0c559c0ab9a157e19"},"headline":"Gente en verso. Poes\u00eda uruguaya de ahora","datePublished":"2023-05-16T16:54:25+00:00","dateModified":"2023-05-17T15:30:02+00:00","mainEntityOfPage":{"@id":"https:\/\/cooltivarte.com\/portal\/gente-en-verso-poesia-uruguaya-de-ahora\/"},"wordCount":151,"publisher":{"@id":"https:\/\/cooltivarte.com\/portal\/#organization"},"image":{"@id":"https:\/\/cooltivarte.com\/portal\/gente-en-verso-poesia-uruguaya-de-ahora\/#primaryimage"},"thumbnailUrl":"https:\/\/cooltivarte.com\/portal\/wp-content\/uploads\/2023\/05\/IMG-20230516-WA0031.jpg","keywords":["Fundaci\u00f3n Mario Benedetti","Gente en verso","Luc\u00eda Delbene","Luis Bravo","Paola Scagliotti","poes\u00eda uruguaya"],"articleSection":["Literatura"],"inLanguage":"es-AR"},{"@type":"WebPage","@id":"https:\/\/cooltivarte.com\/portal\/gente-en-verso-poesia-uruguaya-de-ahora\/","url":"https:\/\/cooltivarte.com\/portal\/gente-en-verso-poesia-uruguaya-de-ahora\/","name":"Gente en verso. Poes\u00eda uruguaya de ahora - Cooltivarte Portal","isPartOf":{"@id":"https:\/\/cooltivarte.com\/portal\/#website"},"primaryImageOfPage":{"@id":"https:\/\/cooltivarte.com\/portal\/gente-en-verso-poesia-uruguaya-de-ahora\/#primaryimage"},"image":{"@id":"https:\/\/cooltivarte.com\/portal\/gente-en-verso-poesia-uruguaya-de-ahora\/#primaryimage"},"thumbnailUrl":"https:\/\/cooltivarte.com\/portal\/wp-content\/uploads\/2023\/05\/IMG-20230516-WA0031.jpg","datePublished":"2023-05-16T16:54:25+00:00","dateModified":"2023-05-17T15:30:02+00:00","description":"Les invitamos a la segunda fecha de \u201cGente en verso. Poes\u00eda uruguaya de ahora\u201d, ciclo organizado por la Fundaci\u00f3n Mario Benedetti, y que va el \u00faltimo jueves de cada mes.","breadcrumb":{"@id":"https:\/\/cooltivarte.com\/portal\/gente-en-verso-poesia-uruguaya-de-ahora\/#breadcrumb"},"inLanguage":"es-AR","potentialAction":[{"@type":"ReadAction","target":["https:\/\/cooltivarte.com\/portal\/gente-en-verso-poesia-uruguaya-de-ahora\/"]}]},{"@type":"ImageObject","inLanguage":"es-AR","@id":"https:\/\/cooltivarte.com\/portal\/gente-en-verso-poesia-uruguaya-de-ahora\/#primaryimage","url":"https:\/\/cooltivarte.com\/portal\/wp-content\/uploads\/2023\/05\/IMG-20230516-WA0031.jpg","contentUrl":"https:\/\/cooltivarte.com\/portal\/wp-content\/uploads\/2023\/05\/IMG-20230516-WA0031.jpg","width":720,"height":720},{"@type":"BreadcrumbList","@id":"https:\/\/cooltivarte.com\/portal\/gente-en-verso-poesia-uruguaya-de-ahora\/#breadcrumb","itemListElement":[{"@type":"ListItem","position":1,"name":"Portada","item":"https:\/\/cooltivarte.com\/portal\/"},{"@type":"ListItem","position":2,"name":"Gente en verso. Poes\u00eda uruguaya de ahora"}]},{"@type":"WebSite","@id":"https:\/\/cooltivarte.com\/portal\/#website","url":"https:\/\/cooltivarte.com\/portal\/","name":"Cooltivarte Portal","description":"Arte, cultura y turismo para el mundo ...","publisher":{"@id":"https:\/\/cooltivarte.com\/portal\/#organization"},"potentialAction":[{"@type":"SearchAction","target":{"@type":"EntryPoint","urlTemplate":"https:\/\/cooltivarte.com\/portal\/?s={search_term_string}"},"query-input":{"@type":"PropertyValueSpecification","valueRequired":true,"valueName":"search_term_string"}}],"inLanguage":"es-AR"},{"@type":"Organization","@id":"https:\/\/cooltivarte.com\/portal\/#organization","name":"cooltivarte","url":"https:\/\/cooltivarte.com\/portal\/","logo":{"@type":"ImageObject","inLanguage":"es-AR","@id":"https:\/\/cooltivarte.com\/portal\/#\/schema\/logo\/image\/","url":"https:\/\/cooltivarte.com\/portal\/wp-content\/uploads\/2020\/04\/logo-cooltivarte-v2.png","contentUrl":"https:\/\/cooltivarte.com\/portal\/wp-content\/uploads\/2020\/04\/logo-cooltivarte-v2.png","width":851,"height":243,"caption":"cooltivarte"},"image":{"@id":"https:\/\/cooltivarte.com\/portal\/#\/schema\/logo\/image\/"},"sameAs":["https:\/\/www.facebook.com\/cooltivartecom\/","https:\/\/x.com\/obolocultural","https:\/\/www.instagram.com\/_cooltivarte_\/","https:\/\/www.linkedin.com\/company\/-bolocultural?reportsuccess=8zaNG1HwhPbAR9iQhZ5rfGeqz_vQFftHun0ZWU0Wy9vNemRJ8vtcKdJvzQfW8XagyOJSKg0XvfJ1dp","https:\/\/www.pinterest.com\/cooltivarte\/","https:\/\/cooltivarte.tumblr.com\/","https:\/\/www.tiktok.com\/@cooltivarte","https:\/\/www.youtube.com\/@PrensaCooltivarte"]},{"@type":"Person","@id":"https:\/\/cooltivarte.com\/portal\/#\/schema\/person\/ec2a4f4e71b740d0c559c0ab9a157e19","name":"Cooltivarte","image":{"@type":"ImageObject","inLanguage":"es-AR","@id":"https:\/\/cooltivarte.com\/portal\/wp-content\/uploads\/2014\/05\/logo-cooltivarte-120x120.jpg","url":"https:\/\/cooltivarte.com\/portal\/wp-content\/uploads\/2014\/05\/logo-cooltivarte-120x120.jpg","contentUrl":"https:\/\/cooltivarte.com\/portal\/wp-content\/uploads\/2014\/05\/logo-cooltivarte-120x120.jpg","caption":"Cooltivarte"},"description":"Somos COOLTIVARTE.COM. Un portal digital dedicado a difundir el acontecer art\u00edstico y cultural del Uruguay. Estamos en la vuelta desde el a\u00f1o 2003, y como evoluci\u00f3n del bolet\u00edn Obolo Cultural, nos encontramos abocados a apoyar a los artistas nacionales brind\u00e1ndoles un espacio de difusi\u00f3n. Creemos en la idea de utilizar la potencialidad que hoy d\u00eda nos otorga la web, para que la cultura uruguaya y sus creadores dispongan de una din\u00e1mica ventana, que los ponga en contacto entre s\u00ed y con el mundo. Somos COOLTIVARTE.COM y pretendemos configurarnos como un portal din\u00e1mico, entretenido y atento a los nuevos emprendimientos, que busque siempre la interacci\u00f3n con los artistas.","sameAs":["http:\/\/www.cooltivarte.com","https:\/\/www.facebook.com\/cooltivartecom","https:\/\/www.instagram.com\/_cooltivarte_\/","https:\/\/www.linkedin.com\/company\/-bolocultural","https:\/\/www.pinterest.com\/cooltivarte\/","https:\/\/x.com\/https:\/\/x.com\/obolocultural","https:\/\/www.youtube.com\/@PrensaCooltivarte","https:\/\/www.tumblr.com\/blog\/cooltivarte"],"url":"https:\/\/cooltivarte.com\/portal\/author\/cooltivarte\/"}]}},"_links":{"self":[{"href":"https:\/\/cooltivarte.com\/portal\/wp-json\/wp\/v2\/posts\/90002","targetHints":{"allow":["GET"]}}],"collection":[{"href":"https:\/\/cooltivarte.com\/portal\/wp-json\/wp\/v2\/posts"}],"about":[{"href":"https:\/\/cooltivarte.com\/portal\/wp-json\/wp\/v2\/types\/post"}],"author":[{"embeddable":true,"href":"https:\/\/cooltivarte.com\/portal\/wp-json\/wp\/v2\/users\/8"}],"replies":[{"embeddable":true,"href":"https:\/\/cooltivarte.com\/portal\/wp-json\/wp\/v2\/comments?post=90002"}],"version-history":[{"count":3,"href":"https:\/\/cooltivarte.com\/portal\/wp-json\/wp\/v2\/posts\/90002\/revisions"}],"predecessor-version":[{"id":90008,"href":"https:\/\/cooltivarte.com\/portal\/wp-json\/wp\/v2\/posts\/90002\/revisions\/90008"}],"wp:featuredmedia":[{"embeddable":true,"href":"https:\/\/cooltivarte.com\/portal\/wp-json\/wp\/v2\/media\/90003"}],"wp:attachment":[{"href":"https:\/\/cooltivarte.com\/portal\/wp-json\/wp\/v2\/media?parent=90002"}],"wp:term":[{"taxonomy":"category","embeddable":true,"href":"https:\/\/cooltivarte.com\/portal\/wp-json\/wp\/v2\/categories?post=90002"},{"taxonomy":"post_tag","embeddable":true,"href":"https:\/\/cooltivarte.com\/portal\/wp-json\/wp\/v2\/tags?post=90002"}],"curies":[{"name":"wp","href":"https:\/\/api.w.org\/{rel}","templated":true}]}}