{"id":89950,"date":"2023-05-13T20:26:56","date_gmt":"2023-05-13T23:26:56","guid":{"rendered":"https:\/\/cooltivarte.com\/portal\/?p=89950"},"modified":"2023-05-13T20:26:56","modified_gmt":"2023-05-13T23:26:56","slug":"pepe-delay-presenta-vas-a-estar-bien-su-nuevo-sencillo","status":"publish","type":"post","link":"https:\/\/cooltivarte.com\/portal\/pepe-delay-presenta-vas-a-estar-bien-su-nuevo-sencillo\/","title":{"rendered":"Pepe Delay presenta \u00abVas a estar bien\u00bb, su nuevo sencillo"},"content":{"rendered":"<p><iframe title=\"YouTube video player\" src=\"https:\/\/www.youtube.com\/embed\/vD1HFAz_Gk8\" width=\"100%\" height=\"515\" frameborder=\"0\" allowfullscreen=\"allowfullscreen\"><span data-mce-type=\"bookmark\" style=\"display: inline-block; width: 0px; overflow: hidden; line-height: 0;\" class=\"mce_SELRES_start\">\ufeff<\/span><\/iframe><br \/>\n&nbsp;<\/p>\n<p><strong><a href=\"https:\/\/cooltivarte.com\/portal\/?s=Pepe+Delay\" target=\"_blank\" rel=\"noopener\">Pepe Delay<\/a> presenta su nuevo sencillo<\/strong><\/p>\n<p><strong>Vas a estar a estar bien<\/strong> es lo nuevo y el \u00faltimo adelanto que la banda presenta de su EP pr\u00f3ximamente a estrenarse. Una canci\u00f3n que empieza en\u00e9rgica y rockera hasta decantar en un final introspectivo con un mensaje que se repite como queri\u00e9ndose confirmar.<\/p>\n<p>En octubre del 2022 comenzaron a grabar <strong>PPDLY<\/strong> de cinco canciones y en febrero de 2023 lanzaron Parda, el primer corte difusi\u00f3n; luego vino Vas a estar bien.<\/p>\n<p>El proyecto de los hermanos Morales, oriundos del barrio Prado, presenta su tercer material discogr\u00e1fico de manera independiente como siempre. Los dos anteriores, Todos los lugares quedan lejos editando en 2019 y Fuego Lunar en 2021, contin\u00faan mostrando la solidez en su sonoridad: su est\u00e9tica introspectiva que surge de sus letras. Las composiciones mezclan peque\u00f1as narraciones de personajes olvidados con un sonido enmarcado en el indie que recorren del rock al pop, pero que por momentos se expande hacia otros estilos.<\/p>\n<p>Este proyecto ha transitado diversos procesos de selecci\u00f3n y premiaciones en un ir y venir entre Movistar Bandas de Canal 10, Movida Joven, Arena Sonora y el Programa de Fortalecimiento de las Artes; la musicalizaci\u00f3n de la serie Cloba, una Sala Blanca Podest\u00e1 agotada, doble funci\u00f3n agotada de Sala Camacu\u00e1, rodaje en Sofar Sounds. Varios otros eventos compartidos con artistas de primer nivel son datos que impactan e importan en la joven y s\u00faper viva trayectoria de esta banda que se impone con identidad y estilo.<\/p>\n<p>Por sus trabajos se han vinculado en grabaciones y\/o en recitales con destacadas figuras de la m\u00fasica: Pedro Dalton y Marcelo Fern\u00e1ndez de Buenos Muchachos, Camila Ferrari, Rodra, Socio, el cuarteto de cuerdas Aram\u00eds, Juli\u00e1n Marchante -argentino- y Guillermo Berta, con quien grabaron en sus dos \u00faltimos trabajos.<\/p>\n<p>La banda adem\u00e1s de los tres hermanos, Diego en bater\u00eda, Juan en la voz y Manuel en la guitarra, est\u00e1 integrada por Tom\u00e1s Gonz\u00e1lez en el bajo y Et\u00e9 en el piano.<\/p>\n<p>&nbsp;<br \/>\n<iframe style=\"border-radius: 12px;\" src=\"https:\/\/open.spotify.com\/embed\/artist\/7xmZeXKj6ROKu0wniUyRyc?utm_source=generator\" width=\"100%\" height=\"352\" frameborder=\"0\" allowfullscreen=\"allowfullscreen\"><\/iframe><br \/>\n&nbsp;<\/p>\n<p>&nbsp;<\/p>\n<blockquote class=\"instagram-media\" style=\"background: #FFF; border: 0; border-radius: 3px; box-shadow: 0 0 1px 0 rgba(0,0,0,0.5),0 1px 10px 0 rgba(0,0,0,0.15); margin: 1px; max-width: 540px; min-width: 326px; padding: 0; width: calc(100% - 2px);\" data-instgrm-captioned=\"\" data-instgrm-permalink=\"https:\/\/www.instagram.com\/p\/CqLJpDGubT5\/?utm_source=ig_embed&amp;utm_campaign=loading\" data-instgrm-version=\"14\">\n<div style=\"padding: 16px;\">\n<p>&nbsp;<\/p>\n<div style=\"display: flex; flex-direction: row; align-items: center;\">\n<div style=\"background-color: #f4f4f4; border-radius: 50%; flex-grow: 0; height: 40px; margin-right: 14px; width: 40px;\">&nbsp;<\/div>\n<div style=\"display: flex; flex-direction: column; flex-grow: 1; justify-content: center;\">\n<div style=\"background-color: #f4f4f4; border-radius: 4px; flex-grow: 0; height: 14px; margin-bottom: 6px; width: 100px;\">&nbsp;<\/div>\n<div style=\"background-color: #f4f4f4; border-radius: 4px; flex-grow: 0; height: 14px; width: 60px;\">&nbsp;<\/div>\n<\/div>\n<\/div>\n<div style=\"padding: 19% 0;\">&nbsp;<\/div>\n<div style=\"display: block; height: 50px; margin: 0 auto 12px; width: 50px;\">&nbsp;<\/div>\n<div style=\"padding-top: 8px;\">\n<div style=\"color: #3897f0; font-family: Arial,sans-serif; font-size: 14px; font-style: normal; font-weight: 550; line-height: 18px;\">Ver esta publicaci\u00f3n en Instagram<\/div>\n<\/div>\n<div style=\"padding: 12.5% 0;\">&nbsp;<\/div>\n<div style=\"display: flex; flex-direction: row; margin-bottom: 14px; align-items: center;\">\n<div>\n<div style=\"background-color: #f4f4f4; border-radius: 50%; height: 12.5px; width: 12.5px; transform: translateX(0px) translateY(7px);\">&nbsp;<\/div>\n<div style=\"background-color: #f4f4f4; height: 12.5px; transform: rotate(-45deg) translateX(3px) translateY(1px); width: 12.5px; flex-grow: 0; margin-right: 14px; margin-left: 2px;\">&nbsp;<\/div>\n<div style=\"background-color: #f4f4f4; border-radius: 50%; height: 12.5px; width: 12.5px; transform: translateX(9px) translateY(-18px);\">&nbsp;<\/div>\n<\/div>\n<div style=\"margin-left: 8px;\">\n<div style=\"background-color: #f4f4f4; border-radius: 50%; flex-grow: 0; height: 20px; width: 20px;\">&nbsp;<\/div>\n<div style=\"width: 0; height: 0; border-top: 2px solid transparent; border-left: 6px solid #f4f4f4; border-bottom: 2px solid transparent; transform: translateX(16px) translateY(-4px) rotate(30deg);\">&nbsp;<\/div>\n<\/div>\n<div style=\"margin-left: auto;\">\n<div style=\"width: 0px; border-top: 8px solid #F4F4F4; border-right: 8px solid transparent; transform: translateY(16px);\">&nbsp;<\/div>\n<div style=\"background-color: #f4f4f4; flex-grow: 0; height: 12px; width: 16px; transform: translateY(-4px);\">&nbsp;<\/div>\n<div style=\"width: 0; height: 0; border-top: 8px solid #F4F4F4; border-left: 8px solid transparent; transform: translateY(-4px) translateX(8px);\">&nbsp;<\/div>\n<\/div>\n<\/div>\n<div style=\"display: flex; flex-direction: column; flex-grow: 1; justify-content: center; margin-bottom: 24px;\">\n<div style=\"background-color: #f4f4f4; border-radius: 4px; flex-grow: 0; height: 14px; margin-bottom: 6px; width: 224px;\">&nbsp;<\/div>\n<div style=\"background-color: #f4f4f4; border-radius: 4px; flex-grow: 0; height: 14px; width: 144px;\">&nbsp;<\/div>\n<\/div>\n<p>&nbsp;<\/p>\n<p style=\"color: #c9c8cd; font-family: Arial,sans-serif; font-size: 14px; line-height: 17px; margin-bottom: 0; margin-top: 8px; overflow: hidden; padding: 8px 0 7px; text-align: center; text-overflow: ellipsis; white-space: nowrap;\"><a style=\"color: #c9c8cd; font-family: Arial,sans-serif; font-size: 14px; font-style: normal; font-weight: normal; line-height: 17px; text-decoration: none;\" href=\"https:\/\/www.instagram.com\/p\/CqLJpDGubT5\/?utm_source=ig_embed&amp;utm_campaign=loading\" target=\"_blank\" rel=\"noopener\">Una publicaci\u00f3n compartida por Pepe Delay (@pepe.delay)<\/a><\/p>\n<\/div>\n<\/blockquote>\n<p><script async=\"\" src=\"\/\/www.instagram.com\/embed.js\"><\/script><br \/>\n&nbsp;<\/p>\n<p>&nbsp;<\/p>\n<p>&nbsp;<\/p>\n<p>&nbsp;<\/p>\n","protected":false},"excerpt":{"rendered":"<p>\ufeff &nbsp; Pepe Delay presenta su nuevo sencillo Vas a estar a estar bien es lo nuevo y el \u00faltimo adelanto que la banda presenta de su EP pr\u00f3ximamente a estrenarse. Una canci\u00f3n que empieza en\u00e9rgica y rockera hasta decantar en un final introspectivo con un mensaje que se repite como queri\u00e9ndose confirmar. En octubre [&hellip;]<\/p>\n","protected":false},"author":8,"featured_media":89951,"comment_status":"closed","ping_status":"closed","sticky":false,"template":"","format":"standard","meta":{"om_disable_all_campaigns":false,"ngg_post_thumbnail":0,"jnews-multi-image_gallery":[],"jnews_single_post":{"subtitle":"PPDLY","format":"standard","video":"","gallery":"","source_name":"","source_url":"","via_name":"","via_url":"","override_template":"0","override":[{"template":"4","single_blog_custom":"","parallax":"1","fullscreen":"0","layout":"right-sidebar","sidebar":"default-sidebar","second_sidebar":"default-sidebar","sticky_sidebar":"1","share_position":"bottom","share_float_style":"share-monocrhome","show_share_counter":"1","show_view_counter":"1","show_featured":"1","show_post_meta":"1","show_post_author":"1","show_post_author_image":"1","show_post_date":"1","post_date_format":"default","post_date_format_custom":"Y\/m\/d","show_post_category":"1","show_post_reading_time":"0","post_reading_time_wpm":"300","show_zoom_button":"0","zoom_button_out_step":"2","zoom_button_in_step":"3","show_post_tag":"1","show_prev_next_post":"1","show_popup_post":"1","number_popup_post":"1","show_author_box":"1","show_post_related":"0","show_inline_post_related":"0"}],"override_image_size":"0","image_override":[{"single_post_thumbnail_size":"no-crop","single_post_gallery_size":"crop-500"}],"trending_post":"0","trending_post_position":"meta","trending_post_label":"Trending","sponsored_post":"0","sponsored_post_label":"Sponsored by","sponsored_post_name":"","sponsored_post_url":"","sponsored_post_logo_enable":"0","sponsored_post_logo":"","sponsored_post_desc":"","disable_ad":"0"},"jnews_primary_category":{"id":"","hide":""},"jnews_social_meta":{"fb_title":"","fb_description":"","fb_image":"","twitter_title":"","twitter_description":"","twitter_image":""},"jnews_override_counter":{"override_view_counter":"0","view_counter_number":"0","override_share_counter":"0","share_counter_number":"0","override_like_counter":"0","like_counter_number":"0","override_dislike_counter":"0","dislike_counter_number":"0"},"footnotes":""},"categories":[73],"tags":[19458,11141,19456,19457],"class_list":["post-89950","post","type-post","status-publish","format-standard","has-post-thumbnail","hentry","category-discos","tag-morales","tag-pepe-delay","tag-ppdly","tag-vas-a-estar-a-estar-bien"],"yoast_head":"<!-- This site is optimized with the Yoast SEO plugin v27.5 - https:\/\/yoast.com\/product\/yoast-seo-wordpress\/ -->\n<title>Pepe Delay presenta \u00abVas a estar bien\u00bb, su nuevo sencillo - Cooltivarte Portal<\/title>\n<meta name=\"description\" content=\"Vas a estar a estar bien es lo nuevo y el \u00faltimo adelanto que la banda presenta de su EP pr\u00f3ximamente a estrenarse. Una canci\u00f3n que empieza en\u00e9rgica y rockera hasta decantar en un final introspectivo con un mensaje que se repite como queri\u00e9ndose confirmar.\" \/>\n<meta name=\"robots\" content=\"index, follow, max-snippet:-1, max-image-preview:large, max-video-preview:-1\" \/>\n<link rel=\"canonical\" href=\"https:\/\/cooltivarte.com\/portal\/pepe-delay-presenta-vas-a-estar-bien-su-nuevo-sencillo\/\" \/>\n<meta property=\"og:locale\" content=\"es_ES\" \/>\n<meta property=\"og:type\" content=\"article\" \/>\n<meta property=\"og:title\" content=\"Pepe Delay presenta \u00abVas a estar bien\u00bb, su nuevo sencillo\" \/>\n<meta property=\"og:description\" content=\"Vas a estar a estar bien es lo nuevo y el \u00faltimo adelanto que la banda presenta de su EP pr\u00f3ximamente a estrenarse. Una canci\u00f3n que empieza en\u00e9rgica y rockera hasta decantar en un final introspectivo con un mensaje que se repite como queri\u00e9ndose confirmar.\" \/>\n<meta property=\"og:url\" content=\"https:\/\/cooltivarte.com\/portal\/pepe-delay-presenta-vas-a-estar-bien-su-nuevo-sencillo\/\" \/>\n<meta property=\"og:site_name\" content=\"Cooltivarte Portal\" \/>\n<meta property=\"article:publisher\" content=\"https:\/\/www.facebook.com\/cooltivartecom\/\" \/>\n<meta property=\"article:author\" content=\"https:\/\/www.facebook.com\/cooltivartecom\" \/>\n<meta property=\"article:published_time\" content=\"2023-05-13T23:26:56+00:00\" \/>\n<meta property=\"og:image\" content=\"https:\/\/cooltivarte.com\/portal\/wp-content\/uploads\/2023\/05\/pepe.jpg\" \/>\n\t<meta property=\"og:image:width\" content=\"1092\" \/>\n\t<meta property=\"og:image:height\" content=\"591\" \/>\n\t<meta property=\"og:image:type\" content=\"image\/jpeg\" \/>\n<meta name=\"author\" content=\"Cooltivarte\" \/>\n<meta name=\"twitter:card\" content=\"summary_large_image\" \/>\n<meta name=\"twitter:title\" content=\"Pepe Delay presenta \u00abVas a estar bien\u00bb, su nuevo sencillo\" \/>\n<meta name=\"twitter:description\" content=\"Vas a estar a estar bien es lo nuevo y el \u00faltimo adelanto que la banda presenta de su EP pr\u00f3ximamente a estrenarse. Una canci\u00f3n que empieza en\u00e9rgica y rockera hasta decantar en un final introspectivo con un mensaje que se repite como queri\u00e9ndose confirmar.\" \/>\n<meta name=\"twitter:image\" content=\"https:\/\/cooltivarte.com\/portal\/wp-content\/uploads\/2023\/05\/pepe.jpg\" \/>\n<meta name=\"twitter:creator\" content=\"@https:\/\/x.com\/obolocultural\" \/>\n<meta name=\"twitter:site\" content=\"@obolocultural\" \/>\n<meta name=\"twitter:label1\" content=\"Escrito por\" \/>\n\t<meta name=\"twitter:data1\" content=\"Cooltivarte\" \/>\n\t<meta name=\"twitter:label2\" content=\"Tiempo de lectura\" \/>\n\t<meta name=\"twitter:data2\" content=\"2 minutos\" \/>\n<!-- \/ Yoast SEO plugin. -->","yoast_head_json":{"title":"Pepe Delay presenta \u00abVas a estar bien\u00bb, su nuevo sencillo - Cooltivarte Portal","description":"Vas a estar a estar bien es lo nuevo y el \u00faltimo adelanto que la banda presenta de su EP pr\u00f3ximamente a estrenarse. Una canci\u00f3n que empieza en\u00e9rgica y rockera hasta decantar en un final introspectivo con un mensaje que se repite como queri\u00e9ndose confirmar.","robots":{"index":"index","follow":"follow","max-snippet":"max-snippet:-1","max-image-preview":"max-image-preview:large","max-video-preview":"max-video-preview:-1"},"canonical":"https:\/\/cooltivarte.com\/portal\/pepe-delay-presenta-vas-a-estar-bien-su-nuevo-sencillo\/","og_locale":"es_ES","og_type":"article","og_title":"Pepe Delay presenta \u00abVas a estar bien\u00bb, su nuevo sencillo","og_description":"Vas a estar a estar bien es lo nuevo y el \u00faltimo adelanto que la banda presenta de su EP pr\u00f3ximamente a estrenarse. Una canci\u00f3n que empieza en\u00e9rgica y rockera hasta decantar en un final introspectivo con un mensaje que se repite como queri\u00e9ndose confirmar.","og_url":"https:\/\/cooltivarte.com\/portal\/pepe-delay-presenta-vas-a-estar-bien-su-nuevo-sencillo\/","og_site_name":"Cooltivarte Portal","article_publisher":"https:\/\/www.facebook.com\/cooltivartecom\/","article_author":"https:\/\/www.facebook.com\/cooltivartecom","article_published_time":"2023-05-13T23:26:56+00:00","og_image":[{"width":1092,"height":591,"url":"https:\/\/cooltivarte.com\/portal\/wp-content\/uploads\/2023\/05\/pepe.jpg","type":"image\/jpeg"}],"author":"Cooltivarte","twitter_card":"summary_large_image","twitter_title":"Pepe Delay presenta \u00abVas a estar bien\u00bb, su nuevo sencillo","twitter_description":"Vas a estar a estar bien es lo nuevo y el \u00faltimo adelanto que la banda presenta de su EP pr\u00f3ximamente a estrenarse. Una canci\u00f3n que empieza en\u00e9rgica y rockera hasta decantar en un final introspectivo con un mensaje que se repite como queri\u00e9ndose confirmar.","twitter_image":"https:\/\/cooltivarte.com\/portal\/wp-content\/uploads\/2023\/05\/pepe.jpg","twitter_creator":"@https:\/\/x.com\/obolocultural","twitter_site":"@obolocultural","twitter_misc":{"Escrito por":"Cooltivarte","Tiempo de lectura":"2 minutos"},"schema":{"@context":"https:\/\/schema.org","@graph":[{"@type":"NewsArticle","@id":"https:\/\/cooltivarte.com\/portal\/pepe-delay-presenta-vas-a-estar-bien-su-nuevo-sencillo\/#article","isPartOf":{"@id":"https:\/\/cooltivarte.com\/portal\/pepe-delay-presenta-vas-a-estar-bien-su-nuevo-sencillo\/"},"author":{"name":"Cooltivarte","@id":"https:\/\/cooltivarte.com\/portal\/#\/schema\/person\/ec2a4f4e71b740d0c559c0ab9a157e19"},"headline":"Pepe Delay presenta \u00abVas a estar bien\u00bb, su nuevo sencillo","datePublished":"2023-05-13T23:26:56+00:00","mainEntityOfPage":{"@id":"https:\/\/cooltivarte.com\/portal\/pepe-delay-presenta-vas-a-estar-bien-su-nuevo-sencillo\/"},"wordCount":394,"publisher":{"@id":"https:\/\/cooltivarte.com\/portal\/#organization"},"image":{"@id":"https:\/\/cooltivarte.com\/portal\/pepe-delay-presenta-vas-a-estar-bien-su-nuevo-sencillo\/#primaryimage"},"thumbnailUrl":"https:\/\/cooltivarte.com\/portal\/wp-content\/uploads\/2023\/05\/pepe.jpg","keywords":["Morales","Pepe Delay","PPDLY","Vas a estar a estar bien"],"articleSection":["Discos"],"inLanguage":"es-AR"},{"@type":"WebPage","@id":"https:\/\/cooltivarte.com\/portal\/pepe-delay-presenta-vas-a-estar-bien-su-nuevo-sencillo\/","url":"https:\/\/cooltivarte.com\/portal\/pepe-delay-presenta-vas-a-estar-bien-su-nuevo-sencillo\/","name":"Pepe Delay presenta \u00abVas a estar bien\u00bb, su nuevo sencillo - Cooltivarte Portal","isPartOf":{"@id":"https:\/\/cooltivarte.com\/portal\/#website"},"primaryImageOfPage":{"@id":"https:\/\/cooltivarte.com\/portal\/pepe-delay-presenta-vas-a-estar-bien-su-nuevo-sencillo\/#primaryimage"},"image":{"@id":"https:\/\/cooltivarte.com\/portal\/pepe-delay-presenta-vas-a-estar-bien-su-nuevo-sencillo\/#primaryimage"},"thumbnailUrl":"https:\/\/cooltivarte.com\/portal\/wp-content\/uploads\/2023\/05\/pepe.jpg","datePublished":"2023-05-13T23:26:56+00:00","description":"Vas a estar a estar bien es lo nuevo y el \u00faltimo adelanto que la banda presenta de su EP pr\u00f3ximamente a estrenarse. Una canci\u00f3n que empieza en\u00e9rgica y rockera hasta decantar en un final introspectivo con un mensaje que se repite como queri\u00e9ndose confirmar.","breadcrumb":{"@id":"https:\/\/cooltivarte.com\/portal\/pepe-delay-presenta-vas-a-estar-bien-su-nuevo-sencillo\/#breadcrumb"},"inLanguage":"es-AR","potentialAction":[{"@type":"ReadAction","target":["https:\/\/cooltivarte.com\/portal\/pepe-delay-presenta-vas-a-estar-bien-su-nuevo-sencillo\/"]}]},{"@type":"ImageObject","inLanguage":"es-AR","@id":"https:\/\/cooltivarte.com\/portal\/pepe-delay-presenta-vas-a-estar-bien-su-nuevo-sencillo\/#primaryimage","url":"https:\/\/cooltivarte.com\/portal\/wp-content\/uploads\/2023\/05\/pepe.jpg","contentUrl":"https:\/\/cooltivarte.com\/portal\/wp-content\/uploads\/2023\/05\/pepe.jpg","width":1092,"height":591,"caption":"Pepe Delay presenta \u00abVas a estar bien\u00bb, su nuevo sencillo"},{"@type":"BreadcrumbList","@id":"https:\/\/cooltivarte.com\/portal\/pepe-delay-presenta-vas-a-estar-bien-su-nuevo-sencillo\/#breadcrumb","itemListElement":[{"@type":"ListItem","position":1,"name":"Portada","item":"https:\/\/cooltivarte.com\/portal\/"},{"@type":"ListItem","position":2,"name":"Pepe Delay presenta \u00abVas a estar bien\u00bb, su nuevo sencillo"}]},{"@type":"WebSite","@id":"https:\/\/cooltivarte.com\/portal\/#website","url":"https:\/\/cooltivarte.com\/portal\/","name":"Cooltivarte Portal","description":"Arte, cultura y turismo para el mundo ...","publisher":{"@id":"https:\/\/cooltivarte.com\/portal\/#organization"},"potentialAction":[{"@type":"SearchAction","target":{"@type":"EntryPoint","urlTemplate":"https:\/\/cooltivarte.com\/portal\/?s={search_term_string}"},"query-input":{"@type":"PropertyValueSpecification","valueRequired":true,"valueName":"search_term_string"}}],"inLanguage":"es-AR"},{"@type":"Organization","@id":"https:\/\/cooltivarte.com\/portal\/#organization","name":"cooltivarte","url":"https:\/\/cooltivarte.com\/portal\/","logo":{"@type":"ImageObject","inLanguage":"es-AR","@id":"https:\/\/cooltivarte.com\/portal\/#\/schema\/logo\/image\/","url":"https:\/\/cooltivarte.com\/portal\/wp-content\/uploads\/2020\/04\/logo-cooltivarte-v2.png","contentUrl":"https:\/\/cooltivarte.com\/portal\/wp-content\/uploads\/2020\/04\/logo-cooltivarte-v2.png","width":851,"height":243,"caption":"cooltivarte"},"image":{"@id":"https:\/\/cooltivarte.com\/portal\/#\/schema\/logo\/image\/"},"sameAs":["https:\/\/www.facebook.com\/cooltivartecom\/","https:\/\/x.com\/obolocultural","https:\/\/www.instagram.com\/_cooltivarte_\/","https:\/\/www.linkedin.com\/company\/-bolocultural?reportsuccess=8zaNG1HwhPbAR9iQhZ5rfGeqz_vQFftHun0ZWU0Wy9vNemRJ8vtcKdJvzQfW8XagyOJSKg0XvfJ1dp","https:\/\/www.pinterest.com\/cooltivarte\/","https:\/\/cooltivarte.tumblr.com\/","https:\/\/www.tiktok.com\/@cooltivarte","https:\/\/www.youtube.com\/@PrensaCooltivarte"]},{"@type":"Person","@id":"https:\/\/cooltivarte.com\/portal\/#\/schema\/person\/ec2a4f4e71b740d0c559c0ab9a157e19","name":"Cooltivarte","image":{"@type":"ImageObject","inLanguage":"es-AR","@id":"https:\/\/cooltivarte.com\/portal\/wp-content\/uploads\/2014\/05\/logo-cooltivarte-120x120.jpg","url":"https:\/\/cooltivarte.com\/portal\/wp-content\/uploads\/2014\/05\/logo-cooltivarte-120x120.jpg","contentUrl":"https:\/\/cooltivarte.com\/portal\/wp-content\/uploads\/2014\/05\/logo-cooltivarte-120x120.jpg","caption":"Cooltivarte"},"description":"Somos COOLTIVARTE.COM. Un portal digital dedicado a difundir el acontecer art\u00edstico y cultural del Uruguay. Estamos en la vuelta desde el a\u00f1o 2003, y como evoluci\u00f3n del bolet\u00edn Obolo Cultural, nos encontramos abocados a apoyar a los artistas nacionales brind\u00e1ndoles un espacio de difusi\u00f3n. Creemos en la idea de utilizar la potencialidad que hoy d\u00eda nos otorga la web, para que la cultura uruguaya y sus creadores dispongan de una din\u00e1mica ventana, que los ponga en contacto entre s\u00ed y con el mundo. Somos COOLTIVARTE.COM y pretendemos configurarnos como un portal din\u00e1mico, entretenido y atento a los nuevos emprendimientos, que busque siempre la interacci\u00f3n con los artistas.","sameAs":["http:\/\/www.cooltivarte.com","https:\/\/www.facebook.com\/cooltivartecom","https:\/\/www.instagram.com\/_cooltivarte_\/","https:\/\/www.linkedin.com\/company\/-bolocultural","https:\/\/www.pinterest.com\/cooltivarte\/","https:\/\/x.com\/https:\/\/x.com\/obolocultural","https:\/\/www.youtube.com\/@PrensaCooltivarte","https:\/\/www.tumblr.com\/blog\/cooltivarte"],"url":"https:\/\/cooltivarte.com\/portal\/author\/cooltivarte\/"}]}},"_links":{"self":[{"href":"https:\/\/cooltivarte.com\/portal\/wp-json\/wp\/v2\/posts\/89950","targetHints":{"allow":["GET"]}}],"collection":[{"href":"https:\/\/cooltivarte.com\/portal\/wp-json\/wp\/v2\/posts"}],"about":[{"href":"https:\/\/cooltivarte.com\/portal\/wp-json\/wp\/v2\/types\/post"}],"author":[{"embeddable":true,"href":"https:\/\/cooltivarte.com\/portal\/wp-json\/wp\/v2\/users\/8"}],"replies":[{"embeddable":true,"href":"https:\/\/cooltivarte.com\/portal\/wp-json\/wp\/v2\/comments?post=89950"}],"version-history":[{"count":1,"href":"https:\/\/cooltivarte.com\/portal\/wp-json\/wp\/v2\/posts\/89950\/revisions"}],"predecessor-version":[{"id":89952,"href":"https:\/\/cooltivarte.com\/portal\/wp-json\/wp\/v2\/posts\/89950\/revisions\/89952"}],"wp:featuredmedia":[{"embeddable":true,"href":"https:\/\/cooltivarte.com\/portal\/wp-json\/wp\/v2\/media\/89951"}],"wp:attachment":[{"href":"https:\/\/cooltivarte.com\/portal\/wp-json\/wp\/v2\/media?parent=89950"}],"wp:term":[{"taxonomy":"category","embeddable":true,"href":"https:\/\/cooltivarte.com\/portal\/wp-json\/wp\/v2\/categories?post=89950"},{"taxonomy":"post_tag","embeddable":true,"href":"https:\/\/cooltivarte.com\/portal\/wp-json\/wp\/v2\/tags?post=89950"}],"curies":[{"name":"wp","href":"https:\/\/api.w.org\/{rel}","templated":true}]}}