{"id":89472,"date":"2023-04-26T14:47:35","date_gmt":"2023-04-26T17:47:35","guid":{"rendered":"https:\/\/cooltivarte.com\/portal\/?p=89472"},"modified":"2023-04-27T11:01:31","modified_gmt":"2023-04-27T14:01:31","slug":"silvestre-y-la-naranja-revoluciona-el-pop-latinoamericano-con-su-ultimo-album-sueno-citrico","status":"publish","type":"post","link":"https:\/\/cooltivarte.com\/portal\/silvestre-y-la-naranja-revoluciona-el-pop-latinoamericano-con-su-ultimo-album-sueno-citrico\/","title":{"rendered":"Silvestre y La Naranja revoluciona el pop latinoamericano con su \u00faltimo \u00e1lbum \u201cSue\u00f1o C\u00edtrico\u201d"},"content":{"rendered":"<h1>&nbsp;<\/h1>\n<p><img fetchpriority=\"high\" decoding=\"async\" class=\"aligncenter wp-image-89474 size-full\" title=\"Silvestre y La Naranja revoluciona el pop latinoamericano con su \u00faltimo \u00e1lbum \u201cSue\u00f1o C\u00edtrico\u201d\" src=\"https:\/\/cooltivarte.com\/portal\/wp-content\/uploads\/2023\/04\/syln-sueo-ctrico-1-cuadrada.jpg\" alt=\"Silvestre y La Naranja revoluciona el pop latinoamericano con su \u00faltimo \u00e1lbum \u201cSue\u00f1o C\u00edtrico\u201d\" width=\"800\" height=\"800\" srcset=\"https:\/\/cooltivarte.com\/portal\/wp-content\/uploads\/2023\/04\/syln-sueo-ctrico-1-cuadrada.jpg 800w, https:\/\/cooltivarte.com\/portal\/wp-content\/uploads\/2023\/04\/syln-sueo-ctrico-1-cuadrada-300x300.jpg 300w, https:\/\/cooltivarte.com\/portal\/wp-content\/uploads\/2023\/04\/syln-sueo-ctrico-1-cuadrada-150x150.jpg 150w, https:\/\/cooltivarte.com\/portal\/wp-content\/uploads\/2023\/04\/syln-sueo-ctrico-1-cuadrada-768x768.jpg 768w, https:\/\/cooltivarte.com\/portal\/wp-content\/uploads\/2023\/04\/syln-sueo-ctrico-1-cuadrada-120x120.jpg 120w, https:\/\/cooltivarte.com\/portal\/wp-content\/uploads\/2023\/04\/syln-sueo-ctrico-1-cuadrada-75x75.jpg 75w\" sizes=\"(max-width: 800px) 100vw, 800px\" \/><\/p>\n<p>&nbsp;<\/p>\n<p>&nbsp;<\/p>\n<h2>SILVESTRE Y LA NARANJA&nbsp;REVOLUCIONA EL POP LATINOAMERICANO CON&nbsp;SU \u00daLTIMO \u00c1LBUM&#8221;SUE\u00d1O C\u00cdTRICO&#8221;<\/h2>\n<p>&nbsp;<\/p>\n<p><em><a href=\"https:\/\/ditto.fm\/sueno-citrico\" target=\"_blank\" rel=\"noopener\"><span style=\"font-size: x-large;\">ESCUCH\u00c1 &#8220;SUE\u00d1O C\u00cdTRICO&#8221; EN TODAS LAS PLATAFORMAS<\/span><\/a><a href=\"https:\/\/ditto.fm\/sueno-citrico\" target=\"_blank\" rel=\"noopener\">&nbsp;<\/a><a href=\"https:\/\/ditto.fm\/sueno-citrico\" target=\"_blank\" rel=\"noopener\"><span style=\"font-size: x-large;\">DIGITALES<\/span><\/a><\/em><\/p>\n<p>&nbsp;<\/p>\n<p><span style=\"font-size: medium;\"><span style=\"font-family: Arial, Helvetica, sans-serif;\">Hace unos a\u00f1os que&nbsp;<b>Silvestre y La Naranja<\/b> ten\u00eda un sue\u00f1o a cumplir: ir a un estudio alejado de la <\/span><b><u><a class=\"x_gmail-\" href=\"https:\/\/ditto.fm\/sueno-citrico\" target=\"_blank\" rel=\"noopener noreferrer\" data-auth=\"NotApplicable\" data-linkindex=\"14\">&#8220;Sue\u00f1o C\u00edtrico&#8221;<\/a><\/u><\/b>, su nuevo trabajo discogr\u00e1fico&nbsp;de canciones pop que mezcla variados g\u00e9neros como el soul, rock y hasta destellos de punk en el que se escucha a un&nbsp;<b>Silvestre y La Naranja<\/b><span style=\"color: #050505; font-family: Arial, Helvetica, sans-serif;\">&nbsp;ecl\u00e9ctico&nbsp;y con m\u00e1s fuerza que nunca.&nbsp;<\/span><\/span><\/p>\n<p><span style=\"font-size: medium;\"><span style=\"font-family: Arial, Helvetica, sans-serif;\">Silvestre y La Naranja<i>,<\/i>&nbsp;actualmente cuenta con m\u00e1s de&nbsp;1.100.000 de oyentes mensuales en Spotify&nbsp;y ha tenido la oportunidad de presentarse reiteradas veces en los escenarios m\u00e1s prestigiosos del pa\u00eds.&nbsp;<\/span>En lo que va del 2023, han tenido una excelente repercusi\u00f3n en el&nbsp;Cosqu\u00edn Rock&nbsp;y&nbsp;Lollapalooza Argentina, luego llevaron su m\u00fasica por primera vez a M\u00e9xico present\u00e1ndose en el&nbsp;Festival Vive Latino, en&nbsp;Foro Indie Rocks&nbsp;en CDMX y en&nbsp;Guadalajara, adem\u00e1s&nbsp;actualmente la banda se prepara para su pr\u00f3xima presentaci\u00f3n en el&nbsp;Festival Selv\u00e1monos&nbsp;en Per\u00fa. Adem\u00e1s en este nuevo \u00e1lbum&nbsp;<\/span><span style=\"color: #050505; font-family: Arial, Helvetica, sans-serif; font-size: medium;\">se incluye &#8220;Vencimiento&#8221;, una colaboraci\u00f3n con el cantante y&nbsp;compositor colombiano Esteman, (quien comparte grandes \u00e9xitos con Sofia Reyes, Los Angeles Azules, Miranda, Mon&nbsp;Laferte, Javiera Mena, entre otros)&nbsp;<\/span>consolidando as\u00ed su presencia en la escena musical internacional y marcando paso firme en todo latinoam\u00e9rica.&nbsp;<\/p>\n<p>&nbsp;<\/p>\n<p><i><b><u><span style=\"font-size: x-large;\">Sue\u00f1o&nbsp;C\u00edtrico x Silvestre y La Naranja<\/span><\/u><\/b><\/i><\/p>\n<div><span style=\"font-size: medium;\"><b>AMANECE<\/b><\/span><\/div>\n<div><span style=\"font-size: medium;\">Amanece, tal como lo dice su nombre, es el inicio al sue\u00f1o c\u00edtrico. Es una canci\u00f3n en clave de vals que habla sobre un renacer, sobre los comienzos y genera un comienzo inesperado para el disco, instalando un tono on\u00edrico.&nbsp;<\/span><\/div>\n<div>&nbsp;<\/div>\n<div><span style=\"font-size: medium;\"><b>TU VENENO<\/b><\/span><\/div>\n<div><span style=\"font-size: medium;\">Tu Veneno es una canci\u00f3n que recicla elementos cl\u00e1sicos del funk y el disco, y los combina con tintes modernos del RnB y el soul, es uno de nuestros tracks m\u00e1s festivos y grooveras. La letra describe una suerte de paradoja entre el amor y veneno, cuando necesitas del amor de una persona que al mismo tiempo sabes que te va a llevar a una situaci\u00f3n t\u00f3xica.&nbsp;<\/span><\/div>\n<div>&nbsp;<\/div>\n<div><span style=\"font-size: medium;\"><b>EL DING DONG<\/b><\/span><\/div>\n<div><span style=\"font-size: medium;\">Es una de las canciones m\u00e1s locas del disco. Siempre dijimos que es un track medio esquizofr\u00e9nico, pasando de melod\u00edas suaves de RnB a un punk rock pesado, pasando por arreglos de cuerdas y silbidos improvisados.&nbsp;<\/span><\/div>\n<div>&nbsp;<\/div>\n<div><span style=\"font-size: medium;\"><b>NUNCA TE CALMES<\/b><\/span><\/div>\n<div><span style=\"font-size: medium;\">Nunca Te Calmes es una oda a no autolimitarse, a sentir lo que uno quiere sentir y gritarlo si hace falta. La canci\u00f3n intenta marcar la importancia de (y lo dif\u00edcil que puede ser) mantener la autenticidad de uno entre tanto exceso de informaci\u00f3n.&nbsp;<\/span><\/div>\n<div>&nbsp;<\/div>\n<div><span style=\"font-size: medium;\"><b>BAILANDO A ESCONDIDAS<\/b><\/span><\/div>\n<div><span style=\"font-size: medium;\">Bailando a Escondidas tiene dos particularidades dentro del disco: por un lado es la \u00fanica canci\u00f3n que contiene tintes electr\u00f3nicos en su producci\u00f3n, y por otro lado, Fran Nicholson (guitarrista) toma la voz lead. Y por sobre esto, se fusiona una vibra bailable con una letra provocadora que hacen que esta canci\u00f3n le d\u00e9 mucha frescura al disco.&nbsp;<\/span><\/div>\n<div>&nbsp;<\/div>\n<div><span style=\"font-size: medium;\"><b>HECHIZAO<\/b><\/span><\/div>\n<div><span style=\"font-size: medium;\">Hechizo funciona como un quiebre dentro del disco, en donde la guitarra el\u00e9ctrica toma el rol protag\u00f3nico y luego se fusiona con beats sampleados y falsetes vocales, una instrumentaci\u00f3n poco usual en la discograf\u00eda de la banda. Musicalmente combina elementos del R&amp;B con toques del blues argentino, y genera como resultado una balada minimalista y despojada.&nbsp;<\/span><\/div>\n<div>&nbsp;<\/div>\n<div><span style=\"font-size: medium;\"><b>FIEBRE ATEMPORAL<\/b><\/span><\/div>\n<div><span style=\"font-size: medium;\">Fiebre Atemporal fue el primer adelanto de Sue\u00f1o C\u00edtrico. Es la \u00faltima canci\u00f3n que se compuso dentro de las 11 del disco, fue la primera en grabarse en Chile y luego result\u00f3 ser el primer single. Posiblemente sea la canci\u00f3n que mejor represente el disco.&nbsp;<\/span><\/div>\n<div>&nbsp;<\/div>\n<div><span style=\"font-size: medium;\"><b>VENCIMIENTO ft. Esteman&nbsp;(CO)<\/b><\/span><\/div>\n<div><span style=\"font-size: medium;\">Vencimiento cuenta con la colaboraci\u00f3n de Esteman, m\u00fasico colombiano, y es especial porque es el \u00fanico featuring de todo el disco. La canci\u00f3n juega con la fecha de vencimiento de un amor, &#8220;cuando el sabor se dilu\u00eda lento, volvi\u00f3 tu aroma, elixir inmortal&#8221;, haciendo referencia a una conexi\u00f3n que no se termina por el simple paso del tiempo, y renace constantemente. Por otro lado, musicalmente es un track que combina elementos del pop latino con la m\u00fasica urbana, generando puentes estil\u00edsticos en los que Silvestre a\u00fan no hab\u00eda incursionado.<\/span><\/div>\n<div>&nbsp;<\/div>\n<div><span style=\"font-size: medium;\"><b>AMOR SOF\u00c1&nbsp;<\/b><\/span><\/div>\n<div><span style=\"font-size: medium;\">Amor Sof\u00e1 es un viaje interno de un narrador perdido que est\u00e1 atascado en su cotidianidad y quiere salir a encontrarse consigo mismo, a disfrutar, a vivir. La introducci\u00f3n es \u00e9l con su guitarra haciendo un grito al cielo, y luego, al ritmo de toda la banda, comienza su viaje.&nbsp;<\/span><\/div>\n<div>&nbsp;<\/div>\n<div><span style=\"font-size: medium;\"><b>LEVITANDO LENTO<\/b><\/span><\/div>\n<div><span style=\"font-size: medium;\">Levitando Lento es una de las baladas m\u00e1s completas del disco, mechando recursos del pop ochentoso con melod\u00edas m\u00e1s modernas o actuales. Es una canci\u00f3n particular en el sentido de que la l\u00ednea de bajo es el hilo conductor, y por encima est\u00e1n las melod\u00edas vocales que el coraz\u00f3n de la canci\u00f3n.&nbsp;<\/span><\/div>\n<div>&nbsp;<\/div>\n<div><span style=\"font-size: medium;\"><b>ANOCHECE<\/b><\/span><\/div>\n<div><span style=\"font-size: medium;\">Anochece es la conclusi\u00f3n de Sue\u00f1o C\u00edtrico, es una canci\u00f3n que vuelve a la simpleza, los cuatro silvestres tocando una canci\u00f3n con una guitarra, un poco de percusi\u00f3n y sus voces. Es una canci\u00f3n que, como tambi\u00e9n intenta representar el arte de tapa, vuelve al coraz\u00f3n de la banda, a los or\u00edgenes de cuatro amigos tocando m\u00fasica.<\/span><\/div>\n<div>&nbsp;<\/div>\n<div>&nbsp;<\/div>\n<div>\n<p dir=\"ltr\">M\u00e1s acerca de <a href=\"https:\/\/cooltivarte.com\/portal\/?s=Silvestre+y+La+Naranja\" target=\"_blank\" rel=\"noopener\"><strong>Silvestre y La Naranja<\/strong><\/a><\/p>\n<p>&nbsp;<\/p>\n<p dir=\"ltr\">La banda bonaerense Silvestre y La Naranja es una de las bandas pop cancionero m\u00e1s influyentes de la escena argentina y latinoamericana. Posee influencias del funk, soul &amp; R&amp;B y est\u00e1 formada por <b>Justo FM<\/b> (voz), <b>Fran Nicholson<\/b> (guitarra), <b>Luco Grasso<\/b> (bajo) y <b>Ferla Laprida<\/b> (bateria). Llevan editados cinco \u00e1lbumes de estudio: <i><a class=\"x_gmail-\" href=\"https:\/\/open.spotify.com\/album\/66hW9o5bbcxu6bXJHBFWV1?si=j2aniBNtRJ-Q_Z_gzgDoDw\" target=\"_blank\" rel=\"noopener noreferrer\" data-auth=\"NotApplicable\" data-linkindex=\"16\"><u>&#8220;Silvestre y La Naranja&#8221;<\/u><\/a>,<\/i> <i><a class=\"x_gmail-\" href=\"https:\/\/open.spotify.com\/album\/5hWSl3dJyqJL6WOEbAjP9i?si=fRGzYSKLSsuMqHQ8k9iVPQ\" target=\"_blank\" rel=\"noopener noreferrer\" data-auth=\"NotApplicable\" data-linkindex=\"17\"><u>&#8220;Laguna&#8221;<\/u><\/a><span style=\"color: #000000;\">,<\/span><\/i>&nbsp;<i><a class=\"x_gmail-\" href=\"https:\/\/open.spotify.com\/album\/2h48DpjjNc111ug7zH2aXl?si=h1HhNKTOS2S3i8uOV-0CWw\" target=\"_blank\" rel=\"noopener noreferrer\" data-auth=\"NotApplicable\" data-linkindex=\"18\"><u>&#8220;ANIM4LES&#8221;<\/u><\/a>,<\/i> <i><a class=\"x_gmail-\" href=\"https:\/\/open.spotify.com\/album\/448b1zlK215QOb8UvFNzpu?si=_qqhDN1ZS3-JeUAxIgCriA\" target=\"_blank\" rel=\"noopener noreferrer\" data-auth=\"NotApplicable\" data-linkindex=\"19\"><u>&#8220;SUPERSTICIONES&#8221;<\/u><\/a>,<\/i>&nbsp;(colaboraciones con Goyo Degano y Esmeralda Escalante) <a class=\"x_gmail-\" href=\"https:\/\/open.spotify.com\/album\/0K7TuMwi1SkiZylSx8vXDf?si=vS0ScwudS0eFrMwRknuDkA\" target=\"_blank\" rel=\"noopener noreferrer\" data-auth=\"NotApplicable\" data-linkindex=\"20\"><i><u>&#8220;Sue\u00f1o C\u00edtrico&#8221;<\/u><\/i> <\/a>(con colaboraci\u00f3n de Esteman)<span style=\"font-size: medium;\">. Han compartido escenario con artistas de renombre internacional y han girado por todo el pa\u00eds present\u00e1ndose en los mejores escenarios de Buenos Aires, C\u00f3rdoba, Mendoza, Rosario, San Juan y la Patagonia Argentina. Adem\u00e1s han participado en numerosos festivales como el <\/span><span style=\"font-size: medium;\">Music Wins 2016, Festival BUE 2017, Wateke 2019, Cosqu\u00edn Rock 2022, Quilmes Rock 2022, Lollapalooza Chile 2022, Reciclarte Paraguay 2022, Festival Capital 2022, Festival Bandera 2022, Harlem Festival 2022, Nueva Generaci\u00f3n <span style=\"color: #000000; font-family: Arial;\"><b>2022,&nbsp;<\/b><\/span>Music Wins Festival 2022, <span style=\"color: #000000; font-family: Arial;\"><b>Cosqu\u00edn Rock 2023, <\/b><b>Lollapalooza Argentina 2023, Vive Latino M\u00e9xico 2023 <\/b>y formar\u00e1n parte de <b>Festival Sat\u00e9lite <\/b>(C\u00f3rdoba, AR) y de<b> Selv\u00e1monos, Per\u00fa 2023.<\/b><\/span><\/span><\/p>\n<\/div>\n<div class=\"R1UVb\">\n<p>&nbsp;<\/p>\n<\/div>\n<p>&nbsp;<\/p>\n","protected":false},"excerpt":{"rendered":"<p>&nbsp; &nbsp; &nbsp; SILVESTRE Y LA NARANJA&nbsp;REVOLUCIONA EL POP LATINOAMERICANO CON&nbsp;SU \u00daLTIMO \u00c1LBUM&#8221;SUE\u00d1O C\u00cdTRICO&#8221; &nbsp; ESCUCH\u00c1 &#8220;SUE\u00d1O C\u00cdTRICO&#8221; EN TODAS LAS PLATAFORMAS&nbsp;DIGITALES &nbsp; Hace unos a\u00f1os que&nbsp;Silvestre y La Naranja ten\u00eda un sue\u00f1o a cumplir: ir a un estudio alejado de la &#8220;Sue\u00f1o C\u00edtrico&#8221;, su nuevo trabajo discogr\u00e1fico&nbsp;de canciones pop que mezcla variados g\u00e9neros como [&hellip;]<\/p>\n","protected":false},"author":8,"featured_media":89474,"comment_status":"closed","ping_status":"closed","sticky":false,"template":"","format":"standard","meta":{"om_disable_all_campaigns":false,"ngg_post_thumbnail":0,"jnews-multi-image_gallery":[],"jnews_single_post":{"subtitle":"","format":"standard","video":"","gallery":"","source_name":"","source_url":"","via_name":"","via_url":"","override_template":"0","override":[{"template":"4","single_blog_custom":"","parallax":"1","fullscreen":"0","layout":"right-sidebar","sidebar":"default-sidebar","second_sidebar":"default-sidebar","sticky_sidebar":"1","share_position":"bottom","share_float_style":"share-monocrhome","show_share_counter":"1","show_view_counter":"1","show_featured":"1","show_post_meta":"1","show_post_author":"1","show_post_author_image":"1","show_post_date":"1","post_date_format":"default","post_date_format_custom":"Y\/m\/d","show_post_category":"1","show_post_reading_time":"0","post_reading_time_wpm":"300","show_zoom_button":"0","zoom_button_out_step":"2","zoom_button_in_step":"3","show_post_tag":"1","show_prev_next_post":"1","show_popup_post":"1","number_popup_post":"1","show_author_box":"1","show_post_related":"0","show_inline_post_related":"0"}],"override_image_size":"0","image_override":[{"single_post_thumbnail_size":"no-crop","single_post_gallery_size":"crop-500"}],"trending_post":"0","trending_post_position":"meta","trending_post_label":"Trending","sponsored_post":"0","sponsored_post_label":"Sponsored by","sponsored_post_name":"","sponsored_post_url":"","sponsored_post_logo_enable":"0","sponsored_post_logo":"","sponsored_post_desc":"","disable_ad":"0"},"jnews_primary_category":{"id":"","hide":""},"jnews_social_meta":{"fb_title":"","fb_description":"","fb_image":"","twitter_title":"","twitter_description":"","twitter_image":""},"jnews_override_counter":{"override_view_counter":"0","view_counter_number":"0","override_share_counter":"0","share_counter_number":"0","override_like_counter":"0","like_counter_number":"0","override_dislike_counter":"0","dislike_counter_number":"0"},"footnotes":""},"categories":[13675],"tags":[17358],"class_list":["post-89472","post","type-post","status-publish","format-standard","has-post-thumbnail","hentry","category-novedades","tag-silvestre-y-la-naranja"],"yoast_head":"<!-- This site is optimized with the Yoast SEO plugin v27.5 - https:\/\/yoast.com\/product\/yoast-seo-wordpress\/ -->\n<title>Silvestre y La Naranja revoluciona el pop latinoamericano con su \u00faltimo \u00e1lbum \u201cSue\u00f1o C\u00edtrico\u201d - Cooltivarte Portal<\/title>\n<meta name=\"description\" content=\"Hace unos a\u00f1os que\u00a0Silvestre y La Naranja ten\u00eda un sue\u00f1o a cumplir: ir a un estudio alejado de la &quot;Sue\u00f1o C\u00edtrico&quot;, su nuevo trabajo discogr\u00e1fico\u00a0de canciones pop que mezcla variados g\u00e9neros como el soul, rock y hasta destellos de punk en el que se escucha a un\u00a0Silvestre y La Naranja\u00a0ecl\u00e9ctico\u00a0y con m\u00e1s fuerza que nunca.\u00a0\" \/>\n<meta name=\"robots\" content=\"index, follow, max-snippet:-1, max-image-preview:large, max-video-preview:-1\" \/>\n<link rel=\"canonical\" href=\"https:\/\/cooltivarte.com\/portal\/silvestre-y-la-naranja-revoluciona-el-pop-latinoamericano-con-su-ultimo-album-sueno-citrico\/\" \/>\n<meta property=\"og:locale\" content=\"es_ES\" \/>\n<meta property=\"og:type\" content=\"article\" \/>\n<meta property=\"og:title\" content=\"Silvestre y La Naranja revoluciona el pop latinoamericano con su \u00faltimo \u00e1lbum \u201cSue\u00f1o C\u00edtrico\u201d\" \/>\n<meta property=\"og:description\" content=\"Hace unos a\u00f1os que\u00a0Silvestre y La Naranja ten\u00eda un sue\u00f1o a cumplir: ir a un estudio alejado de la &quot;Sue\u00f1o C\u00edtrico&quot;, su nuevo trabajo discogr\u00e1fico\u00a0de canciones pop que mezcla variados g\u00e9neros como el soul, rock y hasta destellos de punk en el que se escucha a un\u00a0Silvestre y La Naranja\u00a0ecl\u00e9ctico\u00a0y con m\u00e1s fuerza que nunca.\u00a0\" \/>\n<meta property=\"og:url\" content=\"https:\/\/cooltivarte.com\/portal\/silvestre-y-la-naranja-revoluciona-el-pop-latinoamericano-con-su-ultimo-album-sueno-citrico\/\" \/>\n<meta property=\"og:site_name\" content=\"Cooltivarte Portal\" \/>\n<meta property=\"article:publisher\" content=\"https:\/\/www.facebook.com\/cooltivartecom\/\" \/>\n<meta property=\"article:author\" content=\"https:\/\/www.facebook.com\/cooltivartecom\" \/>\n<meta property=\"article:published_time\" content=\"2023-04-26T17:47:35+00:00\" \/>\n<meta property=\"article:modified_time\" content=\"2023-04-27T14:01:31+00:00\" \/>\n<meta property=\"og:image\" content=\"https:\/\/cooltivarte.com\/portal\/wp-content\/uploads\/2023\/04\/syln-sueo-ctrico-1-cuadrada.jpg\" \/>\n\t<meta property=\"og:image:width\" content=\"800\" \/>\n\t<meta property=\"og:image:height\" content=\"800\" \/>\n\t<meta property=\"og:image:type\" content=\"image\/jpeg\" \/>\n<meta name=\"author\" content=\"Cooltivarte\" \/>\n<meta name=\"twitter:card\" content=\"summary_large_image\" \/>\n<meta name=\"twitter:title\" content=\"Silvestre y La Naranja revoluciona el pop latinoamericano con su \u00faltimo \u00e1lbum \u201cSue\u00f1o C\u00edtrico\u201d\" \/>\n<meta name=\"twitter:description\" content=\"Hace unos a\u00f1os que\u00a0Silvestre y La Naranja ten\u00eda un sue\u00f1o a cumplir: ir a un estudio alejado de la &quot;Sue\u00f1o C\u00edtrico&quot;, su nuevo trabajo discogr\u00e1fico\u00a0de canciones pop que mezcla variados g\u00e9neros como el soul, rock y hasta destellos de punk en el que se escucha a un\u00a0Silvestre y La Naranja\u00a0ecl\u00e9ctico\u00a0y con m\u00e1s fuerza que nunca.\u00a0\" \/>\n<meta name=\"twitter:image\" content=\"https:\/\/cooltivarte.com\/portal\/wp-content\/uploads\/2023\/04\/syln-sueo-ctrico-1-cuadrada.jpg\" \/>\n<meta name=\"twitter:creator\" content=\"@https:\/\/x.com\/obolocultural\" \/>\n<meta name=\"twitter:site\" content=\"@obolocultural\" \/>\n<meta name=\"twitter:label1\" content=\"Escrito por\" \/>\n\t<meta name=\"twitter:data1\" content=\"Cooltivarte\" \/>\n\t<meta name=\"twitter:label2\" content=\"Tiempo de lectura\" \/>\n\t<meta name=\"twitter:data2\" content=\"6 minutos\" \/>\n<!-- \/ Yoast SEO plugin. -->","yoast_head_json":{"title":"Silvestre y La Naranja revoluciona el pop latinoamericano con su \u00faltimo \u00e1lbum \u201cSue\u00f1o C\u00edtrico\u201d - Cooltivarte Portal","description":"Hace unos a\u00f1os que\u00a0Silvestre y La Naranja ten\u00eda un sue\u00f1o a cumplir: ir a un estudio alejado de la \"Sue\u00f1o C\u00edtrico\", su nuevo trabajo discogr\u00e1fico\u00a0de canciones pop que mezcla variados g\u00e9neros como el soul, rock y hasta destellos de punk en el que se escucha a un\u00a0Silvestre y La Naranja\u00a0ecl\u00e9ctico\u00a0y con m\u00e1s fuerza que nunca.\u00a0","robots":{"index":"index","follow":"follow","max-snippet":"max-snippet:-1","max-image-preview":"max-image-preview:large","max-video-preview":"max-video-preview:-1"},"canonical":"https:\/\/cooltivarte.com\/portal\/silvestre-y-la-naranja-revoluciona-el-pop-latinoamericano-con-su-ultimo-album-sueno-citrico\/","og_locale":"es_ES","og_type":"article","og_title":"Silvestre y La Naranja revoluciona el pop latinoamericano con su \u00faltimo \u00e1lbum \u201cSue\u00f1o C\u00edtrico\u201d","og_description":"Hace unos a\u00f1os que\u00a0Silvestre y La Naranja ten\u00eda un sue\u00f1o a cumplir: ir a un estudio alejado de la \"Sue\u00f1o C\u00edtrico\", su nuevo trabajo discogr\u00e1fico\u00a0de canciones pop que mezcla variados g\u00e9neros como el soul, rock y hasta destellos de punk en el que se escucha a un\u00a0Silvestre y La Naranja\u00a0ecl\u00e9ctico\u00a0y con m\u00e1s fuerza que nunca.\u00a0","og_url":"https:\/\/cooltivarte.com\/portal\/silvestre-y-la-naranja-revoluciona-el-pop-latinoamericano-con-su-ultimo-album-sueno-citrico\/","og_site_name":"Cooltivarte Portal","article_publisher":"https:\/\/www.facebook.com\/cooltivartecom\/","article_author":"https:\/\/www.facebook.com\/cooltivartecom","article_published_time":"2023-04-26T17:47:35+00:00","article_modified_time":"2023-04-27T14:01:31+00:00","og_image":[{"width":800,"height":800,"url":"https:\/\/cooltivarte.com\/portal\/wp-content\/uploads\/2023\/04\/syln-sueo-ctrico-1-cuadrada.jpg","type":"image\/jpeg"}],"author":"Cooltivarte","twitter_card":"summary_large_image","twitter_title":"Silvestre y La Naranja revoluciona el pop latinoamericano con su \u00faltimo \u00e1lbum \u201cSue\u00f1o C\u00edtrico\u201d","twitter_description":"Hace unos a\u00f1os que\u00a0Silvestre y La Naranja ten\u00eda un sue\u00f1o a cumplir: ir a un estudio alejado de la \"Sue\u00f1o C\u00edtrico\", su nuevo trabajo discogr\u00e1fico\u00a0de canciones pop que mezcla variados g\u00e9neros como el soul, rock y hasta destellos de punk en el que se escucha a un\u00a0Silvestre y La Naranja\u00a0ecl\u00e9ctico\u00a0y con m\u00e1s fuerza que nunca.\u00a0","twitter_image":"https:\/\/cooltivarte.com\/portal\/wp-content\/uploads\/2023\/04\/syln-sueo-ctrico-1-cuadrada.jpg","twitter_creator":"@https:\/\/x.com\/obolocultural","twitter_site":"@obolocultural","twitter_misc":{"Escrito por":"Cooltivarte","Tiempo de lectura":"6 minutos"},"schema":{"@context":"https:\/\/schema.org","@graph":[{"@type":"NewsArticle","@id":"https:\/\/cooltivarte.com\/portal\/silvestre-y-la-naranja-revoluciona-el-pop-latinoamericano-con-su-ultimo-album-sueno-citrico\/#article","isPartOf":{"@id":"https:\/\/cooltivarte.com\/portal\/silvestre-y-la-naranja-revoluciona-el-pop-latinoamericano-con-su-ultimo-album-sueno-citrico\/"},"author":{"name":"Cooltivarte","@id":"https:\/\/cooltivarte.com\/portal\/#\/schema\/person\/ec2a4f4e71b740d0c559c0ab9a157e19"},"headline":"Silvestre y La Naranja revoluciona el pop latinoamericano con su \u00faltimo \u00e1lbum \u201cSue\u00f1o C\u00edtrico\u201d","datePublished":"2023-04-26T17:47:35+00:00","dateModified":"2023-04-27T14:01:31+00:00","mainEntityOfPage":{"@id":"https:\/\/cooltivarte.com\/portal\/silvestre-y-la-naranja-revoluciona-el-pop-latinoamericano-con-su-ultimo-album-sueno-citrico\/"},"wordCount":1194,"publisher":{"@id":"https:\/\/cooltivarte.com\/portal\/#organization"},"image":{"@id":"https:\/\/cooltivarte.com\/portal\/silvestre-y-la-naranja-revoluciona-el-pop-latinoamericano-con-su-ultimo-album-sueno-citrico\/#primaryimage"},"thumbnailUrl":"https:\/\/cooltivarte.com\/portal\/wp-content\/uploads\/2023\/04\/syln-sueo-ctrico-1-cuadrada.jpg","keywords":["Silvestre y La Naranja"],"articleSection":["Novedades"],"inLanguage":"es-AR"},{"@type":"WebPage","@id":"https:\/\/cooltivarte.com\/portal\/silvestre-y-la-naranja-revoluciona-el-pop-latinoamericano-con-su-ultimo-album-sueno-citrico\/","url":"https:\/\/cooltivarte.com\/portal\/silvestre-y-la-naranja-revoluciona-el-pop-latinoamericano-con-su-ultimo-album-sueno-citrico\/","name":"Silvestre y La Naranja revoluciona el pop latinoamericano con su \u00faltimo \u00e1lbum \u201cSue\u00f1o C\u00edtrico\u201d - Cooltivarte Portal","isPartOf":{"@id":"https:\/\/cooltivarte.com\/portal\/#website"},"primaryImageOfPage":{"@id":"https:\/\/cooltivarte.com\/portal\/silvestre-y-la-naranja-revoluciona-el-pop-latinoamericano-con-su-ultimo-album-sueno-citrico\/#primaryimage"},"image":{"@id":"https:\/\/cooltivarte.com\/portal\/silvestre-y-la-naranja-revoluciona-el-pop-latinoamericano-con-su-ultimo-album-sueno-citrico\/#primaryimage"},"thumbnailUrl":"https:\/\/cooltivarte.com\/portal\/wp-content\/uploads\/2023\/04\/syln-sueo-ctrico-1-cuadrada.jpg","datePublished":"2023-04-26T17:47:35+00:00","dateModified":"2023-04-27T14:01:31+00:00","description":"Hace unos a\u00f1os que\u00a0Silvestre y La Naranja ten\u00eda un sue\u00f1o a cumplir: ir a un estudio alejado de la \"Sue\u00f1o C\u00edtrico\", su nuevo trabajo discogr\u00e1fico\u00a0de canciones pop que mezcla variados g\u00e9neros como el soul, rock y hasta destellos de punk en el que se escucha a un\u00a0Silvestre y La Naranja\u00a0ecl\u00e9ctico\u00a0y con m\u00e1s fuerza que nunca.\u00a0","breadcrumb":{"@id":"https:\/\/cooltivarte.com\/portal\/silvestre-y-la-naranja-revoluciona-el-pop-latinoamericano-con-su-ultimo-album-sueno-citrico\/#breadcrumb"},"inLanguage":"es-AR","potentialAction":[{"@type":"ReadAction","target":["https:\/\/cooltivarte.com\/portal\/silvestre-y-la-naranja-revoluciona-el-pop-latinoamericano-con-su-ultimo-album-sueno-citrico\/"]}]},{"@type":"ImageObject","inLanguage":"es-AR","@id":"https:\/\/cooltivarte.com\/portal\/silvestre-y-la-naranja-revoluciona-el-pop-latinoamericano-con-su-ultimo-album-sueno-citrico\/#primaryimage","url":"https:\/\/cooltivarte.com\/portal\/wp-content\/uploads\/2023\/04\/syln-sueo-ctrico-1-cuadrada.jpg","contentUrl":"https:\/\/cooltivarte.com\/portal\/wp-content\/uploads\/2023\/04\/syln-sueo-ctrico-1-cuadrada.jpg","width":800,"height":800,"caption":"Silvestre y La Naranja revoluciona el pop latinoamericano con su \u00faltimo \u00e1lbum \u201cSue\u00f1o C\u00edtrico\u201d"},{"@type":"BreadcrumbList","@id":"https:\/\/cooltivarte.com\/portal\/silvestre-y-la-naranja-revoluciona-el-pop-latinoamericano-con-su-ultimo-album-sueno-citrico\/#breadcrumb","itemListElement":[{"@type":"ListItem","position":1,"name":"Portada","item":"https:\/\/cooltivarte.com\/portal\/"},{"@type":"ListItem","position":2,"name":"Silvestre y La Naranja revoluciona el pop latinoamericano con su \u00faltimo \u00e1lbum \u201cSue\u00f1o C\u00edtrico\u201d"}]},{"@type":"WebSite","@id":"https:\/\/cooltivarte.com\/portal\/#website","url":"https:\/\/cooltivarte.com\/portal\/","name":"Cooltivarte Portal","description":"Arte, cultura y turismo para el mundo ...","publisher":{"@id":"https:\/\/cooltivarte.com\/portal\/#organization"},"potentialAction":[{"@type":"SearchAction","target":{"@type":"EntryPoint","urlTemplate":"https:\/\/cooltivarte.com\/portal\/?s={search_term_string}"},"query-input":{"@type":"PropertyValueSpecification","valueRequired":true,"valueName":"search_term_string"}}],"inLanguage":"es-AR"},{"@type":"Organization","@id":"https:\/\/cooltivarte.com\/portal\/#organization","name":"cooltivarte","url":"https:\/\/cooltivarte.com\/portal\/","logo":{"@type":"ImageObject","inLanguage":"es-AR","@id":"https:\/\/cooltivarte.com\/portal\/#\/schema\/logo\/image\/","url":"https:\/\/cooltivarte.com\/portal\/wp-content\/uploads\/2020\/04\/logo-cooltivarte-v2.png","contentUrl":"https:\/\/cooltivarte.com\/portal\/wp-content\/uploads\/2020\/04\/logo-cooltivarte-v2.png","width":851,"height":243,"caption":"cooltivarte"},"image":{"@id":"https:\/\/cooltivarte.com\/portal\/#\/schema\/logo\/image\/"},"sameAs":["https:\/\/www.facebook.com\/cooltivartecom\/","https:\/\/x.com\/obolocultural","https:\/\/www.instagram.com\/_cooltivarte_\/","https:\/\/www.linkedin.com\/company\/-bolocultural?reportsuccess=8zaNG1HwhPbAR9iQhZ5rfGeqz_vQFftHun0ZWU0Wy9vNemRJ8vtcKdJvzQfW8XagyOJSKg0XvfJ1dp","https:\/\/www.pinterest.com\/cooltivarte\/","https:\/\/cooltivarte.tumblr.com\/","https:\/\/www.tiktok.com\/@cooltivarte","https:\/\/www.youtube.com\/@PrensaCooltivarte"]},{"@type":"Person","@id":"https:\/\/cooltivarte.com\/portal\/#\/schema\/person\/ec2a4f4e71b740d0c559c0ab9a157e19","name":"Cooltivarte","image":{"@type":"ImageObject","inLanguage":"es-AR","@id":"https:\/\/cooltivarte.com\/portal\/wp-content\/uploads\/2014\/05\/logo-cooltivarte-120x120.jpg","url":"https:\/\/cooltivarte.com\/portal\/wp-content\/uploads\/2014\/05\/logo-cooltivarte-120x120.jpg","contentUrl":"https:\/\/cooltivarte.com\/portal\/wp-content\/uploads\/2014\/05\/logo-cooltivarte-120x120.jpg","caption":"Cooltivarte"},"description":"Somos COOLTIVARTE.COM. Un portal digital dedicado a difundir el acontecer art\u00edstico y cultural del Uruguay. Estamos en la vuelta desde el a\u00f1o 2003, y como evoluci\u00f3n del bolet\u00edn Obolo Cultural, nos encontramos abocados a apoyar a los artistas nacionales brind\u00e1ndoles un espacio de difusi\u00f3n. Creemos en la idea de utilizar la potencialidad que hoy d\u00eda nos otorga la web, para que la cultura uruguaya y sus creadores dispongan de una din\u00e1mica ventana, que los ponga en contacto entre s\u00ed y con el mundo. Somos COOLTIVARTE.COM y pretendemos configurarnos como un portal din\u00e1mico, entretenido y atento a los nuevos emprendimientos, que busque siempre la interacci\u00f3n con los artistas.","sameAs":["http:\/\/www.cooltivarte.com","https:\/\/www.facebook.com\/cooltivartecom","https:\/\/www.instagram.com\/_cooltivarte_\/","https:\/\/www.linkedin.com\/company\/-bolocultural","https:\/\/www.pinterest.com\/cooltivarte\/","https:\/\/x.com\/https:\/\/x.com\/obolocultural","https:\/\/www.youtube.com\/@PrensaCooltivarte","https:\/\/www.tumblr.com\/blog\/cooltivarte"],"url":"https:\/\/cooltivarte.com\/portal\/author\/cooltivarte\/"}]}},"_links":{"self":[{"href":"https:\/\/cooltivarte.com\/portal\/wp-json\/wp\/v2\/posts\/89472","targetHints":{"allow":["GET"]}}],"collection":[{"href":"https:\/\/cooltivarte.com\/portal\/wp-json\/wp\/v2\/posts"}],"about":[{"href":"https:\/\/cooltivarte.com\/portal\/wp-json\/wp\/v2\/types\/post"}],"author":[{"embeddable":true,"href":"https:\/\/cooltivarte.com\/portal\/wp-json\/wp\/v2\/users\/8"}],"replies":[{"embeddable":true,"href":"https:\/\/cooltivarte.com\/portal\/wp-json\/wp\/v2\/comments?post=89472"}],"version-history":[{"count":4,"href":"https:\/\/cooltivarte.com\/portal\/wp-json\/wp\/v2\/posts\/89472\/revisions"}],"predecessor-version":[{"id":89502,"href":"https:\/\/cooltivarte.com\/portal\/wp-json\/wp\/v2\/posts\/89472\/revisions\/89502"}],"wp:featuredmedia":[{"embeddable":true,"href":"https:\/\/cooltivarte.com\/portal\/wp-json\/wp\/v2\/media\/89474"}],"wp:attachment":[{"href":"https:\/\/cooltivarte.com\/portal\/wp-json\/wp\/v2\/media?parent=89472"}],"wp:term":[{"taxonomy":"category","embeddable":true,"href":"https:\/\/cooltivarte.com\/portal\/wp-json\/wp\/v2\/categories?post=89472"},{"taxonomy":"post_tag","embeddable":true,"href":"https:\/\/cooltivarte.com\/portal\/wp-json\/wp\/v2\/tags?post=89472"}],"curies":[{"name":"wp","href":"https:\/\/api.w.org\/{rel}","templated":true}]}}