{"id":89106,"date":"2023-03-31T10:51:16","date_gmt":"2023-03-31T13:51:16","guid":{"rendered":"https:\/\/cooltivarte.com\/portal\/?p=89106"},"modified":"2023-03-31T10:52:02","modified_gmt":"2023-03-31T13:52:02","slug":"inedita-maria-eugenia-3a-temporada-2023","status":"publish","type":"post","link":"https:\/\/cooltivarte.com\/portal\/inedita-maria-eugenia-3a-temporada-2023\/","title":{"rendered":"In\u00e9dita Mar\u00eda Eugenia &#8211; 3a. temporada 2023"},"content":{"rendered":"<p><iframe title=\"YouTube video player\" src=\"https:\/\/www.youtube.com\/embed\/G0iZqERyU0o\" allowfullscreen=\"allowfullscreen\" width=\"100%\" height=\"515\" frameborder=\"0\"><span style=\"display: inline-block; width: 0px; overflow: hidden; line-height: 0;\" data-mce-type=\"bookmark\" class=\"mce_SELRES_start\">\ufeff<\/span><\/iframe><\/p>\n<p>&nbsp;<\/p>\n<p><b>COMPA\u00d1\u00ccA VERDETEATRO PRESENTA&nbsp;<\/b><\/p>\n<p><b>Obra <\/b><b><i>In\u00e9dita Mar\u00eda Eugenia&nbsp;<\/i><\/b><\/p>\n<p><b>3a temporada&nbsp;<\/b><\/p>\n<p><b>Reestreno S\u00e1bado 8 de Abril 2022&nbsp;<\/b><\/p>\n<p><b>Sede de la AEPC&nbsp;<\/b><\/p>\n<p><b>Direcci\u00f3n general: Camila Carbajal&nbsp;<\/b><\/p>\n<p><b>Texto: Dramaturgia colectiva&nbsp;<\/b><\/p>\n<p><b>Reestreno 3a temporada: S\u00e1bado 8 de abril del 2023&nbsp;<\/b><\/p>\n<p><b>Hora: S\u00e1bados 20.30 hs. Domingos 19 hs. De Abril y Mayo&nbsp;<\/b><\/p>\n<p><b>Lugar: Sede de la <\/b><b>AEPC &#8211; <\/b><b>Bvar. Artigas 1327 esq. Guan\u00e1 y Chan\u00e1&nbsp;<\/b><\/p>\n<p>&nbsp;<\/p>\n<p><strong>Compa\u00f1\u00eda Verdeteatro<\/strong> se dedica al teatro de investigaci\u00f3n desde el a\u00f1o 2012. Obteniendo menciones y premios Florencio S\u00e1nchez (2014, 2019, 2022), FONAM (2014), INAE (2019), FRC del MEC (2020), FIC del MEC (2021) entre otros, presenta su tercer espect\u00e1culo sobre la vida y obra de Mar\u00eda Eugenia Vaz Ferreira.&nbsp;<\/p>\n<p>La investigaci\u00f3n inici\u00f3 en el a\u00f1o 2019 y cuenta con las siguientes menciones y premios: &#8211; <b>Nominada en los Premios Florencio como Mejor Escena Alternativa 2022&nbsp;<\/b><\/p>\n<p>-Proyecto seleccionado por los Fondos de Incentivo Cultural del MEC del 2021.&nbsp;<\/p>\n<p>&#8211; Proyecto seleccionado como ganador por el INAE en la Convocatoria Anual del Instituto Nacional de Artes Esc\u00e9nicas 2019 &#8211; 2020. &#8220;EXPANDIR, creaci\u00f3n y puesta en escena. Nuevos abordajes de la po\u00e9tica y la pr\u00e1ctica esc\u00e9nica&#8221; en la modalidad de laboratorio de investigaci\u00f3n.&nbsp;<\/p>\n<p>&#8211; Proyecto de inter\u00e9s cultural por la Fundaci\u00f3n Vaz Ferreira-Raimondi.&nbsp;<\/p>\n<p>&#8211; Proyecto de inter\u00e9s cultural por la Biblioteca Nacional.&nbsp;<\/p>\n<p>&nbsp;<\/p>\n<p><b>IN\u00c9DITA MAR\u00cdA EUGENIA&nbsp;<\/b><\/p>\n<p>Mar\u00eda Eugenia tuvo una producci\u00f3n art\u00edstica multifac\u00e9tica, si bien se la conoce por su veta literaria, donde abarc\u00f3 m\u00e1s de un g\u00e9nero, fue poeta pero tambi\u00e9n dramaturga, a la vez que fue compositora y concertista, explor\u00f3 en el arte pict\u00f3rico y tambi\u00e9n en lo que hoy podr\u00edamos llamar el arte performativo, ya que si bien fue poco lo que public\u00f3 (en general, poemas en la prensa o en alguna recopilaci\u00f3n colectiva), realiz\u00f3 m\u00faltiples presentaciones en p\u00fablico donde a partir de su imagen y su palabra, hizo conocer su voz po\u00e9tica. El libro \u201cLa isla de los c\u00e1nticos\u201d es una publicaci\u00f3n p\u00f3stuma. Gener\u00f3 una imagen transgresora, intimidante, desafiante, lo que provoc\u00f3 cierto rechazo en la cr\u00edtica.&nbsp;<\/p>\n<p>La historia, acervo literario y la relevancia en el mundo cultural uruguayo de Mar\u00eda Eugenia Vaz Ferreira han pasado desapercibidos desde principio del siglo XX por su condici\u00f3n de mujer, por ser una poeta al margen de las tem\u00e1ticas literarias m\u00e1s frecuentes, y sobre todo por no amoldarse a la subjetividad femenina de su \u00e9poca. Dado el actual movimiento de visibilizaci\u00f3n del rol de las mujeres en nuestro pa\u00eds, nos encontramos en un momento propicio para revalorizar su obra y su vida, as\u00ed como tambi\u00e9n los aportes que ha hecho al acervo cultural uruguayo.<\/p>\n<p>Desde el 2019 Compa\u00f1\u00eda Verdeteatro ha venido investigando sobre la vida y la obra de Mar\u00eda Eugenia Vaz Ferreira a nivel esc\u00e9nico. A partir de un proceso de investigaci\u00f3n creativa cuyo n\u00facleo ha sido la \u00abdramaturgia del actor\u00bb, se ha realizado una indagaci\u00f3n acerca del concepto de \u00abteatralidad\u00bb y de la experiencia teatral en su completitud a trav\u00e9s de la figura de Mar\u00eda Eugenia Vaz Ferreira y su universo po\u00e9tico, filos\u00f3fico y art\u00edstico; donde su m\u00fasica juega un rol protag\u00f3nico.&nbsp;<\/p>\n<p>La excusa esc\u00e9nica es la exploraci\u00f3n de unos actores interesados en recuperar las huellas de Mar\u00eda Eugenia y en esa b\u00fasqueda aparecen posibilidades de un pasado difuso. Las diferentes versiones de los personajes se encuentran y desencuentran, dejando espacio para la elecci\u00f3n del espectador. Los actores y m\u00fasicos sonorizan los espacios, los t\u00e9cnicos en escena participan evidenciando la ficci\u00f3n.&nbsp;<\/p>\n<p>La propuesta se desarrolla en un espacio no convencional, este es la sede de la AEPC ubicada en Bvar. Artigas entre Guan\u00e1 y Chan\u00e1. Un dispositivo de simultaneidad esc\u00e9nica, donde los micromundos de los personajes conviven, donde la narrativa es fragmentada y el presente y el pasado se entrecruzan.&nbsp;<\/p>\n<p>&nbsp;<\/p>\n<p><b>Aspectos de dise\u00f1o teatral&nbsp;<\/b><\/p>\n<p>Las luces configuran el espacio, generando ambientes diferentes en las habitaciones de la casa. Los t\u00e9cnicos en escena y los mismos personajes manipulan la luz evidenciando as\u00ed el artificio.&nbsp;<\/p>\n<p>Los objetos y el vestuario establecen un di\u00e1logo con la \u00e9poca de Mar\u00eda Eugenia, configurando se\u00f1uelos de momentos de la vida de la protagonista y de sus mundos literarios.&nbsp;<\/p>\n<p>&nbsp;<\/p>\n<p><b>Aspectos musicales de la obra&nbsp;<\/b><\/p>\n<p>El proyecto teatral siempre estuvo integrado al mundo sonoro de Mar\u00eda Eugenia Vaz Ferreira quien fue la primera compositora mujer de nuestro pa\u00eds. En el proceso de creaci\u00f3n de la obra se mantuvo una investigaci\u00f3n constante perceptivo musical, logrando varias musicalizaciones de poemas de la autora y un acervo sonoro &#8211; musical en torno a esas creaciones.&nbsp;<\/p>\n<p>En la obra se escuchar\u00e1n composiciones de Mar\u00eda Eugenia de las que solo hay publicadas sus partituras. Aparecer\u00e1n reminiscencias de Wagner y Chopin.&nbsp;<\/p>\n<p>El ambiente sonoro es construido por actores y m\u00fasicos en vivo, mediante composiciones originales creadas para esta obra permitiendo amplificar diversos elementos ocultos del mundo de la protagonista.&nbsp;<\/p>\n<p>&nbsp;<\/p>\n<p><b>El lugar y la Asociaci\u00f3n de Estudiantes y Profesionales Cat\u00f3licos&nbsp;<\/b><\/p>\n<p>La obra se desarrollar\u00e1 en un espacio no convencional. Ser\u00e1 en la sede de la Asociaci\u00f3n de Estudiantes y Profesionales Cat\u00f3licos (AEPC) donde los espectadores realizar\u00e1n un recorrido y vivir\u00e1n una experiencia a trav\u00e9s de los diferentes espacios que ofrece la casa.&nbsp;<\/p>\n<p>La AEPC surge como una asociaci\u00f3n femenina creada en 1919 por mujeres cat\u00f3licas a ra\u00edz de los pocos espacios de participaci\u00f3n que ten\u00edan dichas mujeres fuera de la vida dom\u00e9stica.&nbsp;<\/p>\n<p>Fueron presidentes y miembros de esta Asociaci\u00f3n, mujeres contempor\u00e1neas a Ma. Eugenia Vaz Ferreira: Esther de C\u00e1ceres, Ma. Hughes, Alicia Santini de Gallinal, entre otras.&nbsp;<\/p>\n<p>La primera sede de la Asociaci\u00f3n fue en la calle Canelones luego, desde 1950 funcion\u00f3 en el majestuoso Palacio Urtubey ubicado en Br. Artigas y Rivera hasta que en 1991 se traslad\u00f3 a su actual residencia.&nbsp;<\/p>\n<p>La casa donde se sucede la obra fue originalmente construida como casa de familia.<\/p>\n<p>Los espectadores disfrutar\u00e1n de una obra que los acercar\u00e1 al mundo m\u00e1s \u00edntimo de Mar\u00eda Eugenia a trav\u00e9s de sus cartas, poemas, an\u00e9cdotas de la infancia y materiales in\u00e9ditos recuperados por la Biblioteca Nacional en el a\u00f1o 2019; en una casa de principio de siglo XX que tambi\u00e9n tiene su historia.&nbsp;<\/p>\n<p><a href=\"https:\/\/redtickets.uy\/evento\/IneditaMariaEugenia3atemporada\/10052\" target=\"_blank\" rel=\"noopener\">Entradas a la venta en RedTickets<\/a> o al 092030981.&nbsp;<\/p>\n<p>M\u00e1ximo 26 personas por recorrido.&nbsp;<\/p>\n<p>Costo de las entradas 550 pesos.&nbsp;<\/p>\n<p>Contacto producci\u00f3n In\u00e9dita Mar\u00eda Eugenia: proyectomariaeugenia@gmail.com o al <b>092030981<\/b>. <b>In\u00e9dita Mar\u00eda Eugenia &#8211; 3ra. Temporada 202<\/b><b>3&nbsp;<\/b><\/p>\n<p>&nbsp;<\/p>\n<p><b>El EQUIPO:&nbsp;<\/b><\/p>\n<p><b>Direcci\u00f3n general: Camila Carbajal&nbsp;<\/b><\/p>\n<p><b>Direcci\u00f3n musical: Marcelo Gonnet&nbsp;<\/b><\/p>\n<p><b>Mar\u00eda Eugenia: Cecilia Arg\u00fcello, Luc\u00eda Calisto, Mariana Piven&nbsp;<\/b><\/p>\n<p><b>Alberto Nin Fr\u00edas y Carlos Vaz Ferreira: Eduardo Delgado&nbsp;<\/b><\/p>\n<p><b>M\u00fasicos en escena: Camila Carbajal y Pedro Plavan&nbsp;<\/b><\/p>\n<p><b>Ambientaci\u00f3n sonora y arreglos musicales: Marcelo Gonnet y Pedro Plavan&nbsp;<\/b><\/p>\n<p><b>Musicalizaci\u00f3n de poemas: Marcelo Gonnet y Camila Carbajal&nbsp;<\/b><\/p>\n<p><b>Dise\u00f1o de Iluminaci\u00f3n: Andrea Auliso&nbsp;<\/b><\/p>\n<p><b>Dise\u00f1o de Espacio: Camila Carbajal&nbsp;<\/b><\/p>\n<p><b>Dise\u00f1o y realizaci\u00f3n de Vestuario: Mauricio Pera&nbsp;<\/b><\/p>\n<p><b>Realizaci\u00f3n de utiler\u00eda y elementos escenogr\u00e1ficos: Eduardo Delgado, Andrea Auliso.<\/b> <b>Asistencia en escena y montaje:<\/b><b> Joaqu\u00edn Delgado&nbsp;<\/b><\/p>\n<p><b>Producci\u00f3n general: Mariana Piven Pena&nbsp;<\/b><\/p>\n<p><b>A<\/b><b>sistencia en producci\u00f3n: Mar\u00eda Jos\u00e9 Pieri<\/b><b>&nbsp;<\/b><\/p>\n<p><b>Prensa y Difusi\u00f3n: Mar\u00eda Jos\u00e9 Pieri y Laura Vald\u00e9z<\/b><b>&nbsp;<\/b><\/p>\n<p><b>Fotograf\u00eda:<\/b><b> Mariano Hern\u00e1ndez<\/b><b>&nbsp;<\/b><\/p>\n<p><b>G<\/b><b>esti\u00f3n FIC: Laura Valdez <\/b><b>&amp; <\/b><b>Paula Moreira<\/b><b>&nbsp;<\/b><\/p>\n<p><b>Dise\u00f1o gr\u00e1fico e Ilustraci\u00f3n:<\/b><b> Nicol\u00e1s P\u00e9rez<\/b><\/p>\n<p><b>BIOGRAF\u00cdA DE LA DIRECTORA&nbsp;<\/b><\/p>\n<p>&nbsp;<\/p>\n<p><b>CAMILA CARBAJAL LAITANO &#8211; Directora del espect\u00e1culo In\u00e9dita Mar\u00eda Eugenia y Directora Art\u00edstica de C\u00eda. Verdeteatro.&nbsp;<\/b><\/p>\n<p>Actriz egresada de la EMAD (2006-2011) y de la Escuela de Acci\u00f3n Teatral \u201cAlambique\u201d. (1995-1997). Docente de Secundaria en los Bachilleratos Art\u00edsticos de Teatro y Expresi\u00f3n Corporal Teatro (2015 a la fecha). Prof. de Literatura egresada del Instituto Profesores Artigas en el 2021. Actualmente cursando la Maestr\u00eda de Teatro e Historia del Teatro en UDELAR\/ FHCE y el Posgrado de Docencia en Expresi\u00f3n Corporal y Teatro de la EMAD.&nbsp;<\/p>\n<p>Se dedica a la investigaci\u00f3n corporal, vocal, teatral destacando la formaci\u00f3n en Logokinesis (Conocimiento del Movimiento del Cuerpo) en el estudio de la Prof. Ana Corti, M\u00e9todo Feldenkrais \u201cAutoconciencia a trav\u00e9s del Movimiento\u201d a cargo de la Profesora Claudia Bejar, TUMP (Taller Uruguayo de M\u00fasica Popular con los profesores Guillermo Lamolle, Juan Carlos Ferreira, Eduardo Lombardo, Titi Percovich; formaci\u00f3n coral en \u201cExcusa Vocal\u201d con el Profesor Rodolfo Vidal.&nbsp;<\/p>\n<p>En el a\u00f1o 2012, crea la C\u00eda. Verdeteatro, en la cual se desempe\u00f1a como directora art\u00edstica. Como actriz, cantante, compositora y directora se destacan: \u201cIn\u00e9dita Mar\u00eda Eugenia\u201d proyecto de investigaci\u00f3n ganador de Laboratorios del INAE 2019-2020 y proyecto seleccionado por el FIC (Fondo de Incentivo Cultural) otorgado por el MEC, \u201cEl C\u00edrculo: Una historia a tres voces\u201d por C\u00eda. Verdeteatro, premio Florencio a Escena Alternativa 2019 y Fondos Regionales para la Cultura 2021. \u201cHab\u00eda una vez Mar\u00eda Elena\u201d por C\u00eda. Verdeteatro, premio FONAM 2014; \u201cCuarteto Eugenias\u201d participando de la presentaci\u00f3n del proyecto \u201cDesarchivo Brecht\u201d en el Teatro Galp\u00f3n por C\u00eda. Verdeteatro. \u201cEfecto Brecht\u201d de Fernando Toja. \u201cFuturo perfecto\u201d, escrita y dirigida por Sandra Massera. Disco \u201cUPA MAMA\u201d de UNICEF, Participa del Festival Internacional de Teatro Unipersonal del Uruguay (FITUU) \u201cErzebeth\u201d escrito y dirigido por Nelson Gonz\u00e1lez.&nbsp;<\/p>\n<p>&nbsp;<\/p>\n<p><b>BIOGRAF\u00cdA DEL ELENCO&nbsp;<\/b><\/p>\n<p><b>Pedro Plavan &#8211; m\u00fasico en escena y arreglador&nbsp;<\/b><\/p>\n<p>Desde 2011 a la actualidad es docente ayudante del Instituto de M\u00fasica de la Facultad de Artes (Universidad de la Rep\u00fablica), cargo obtenido por concurso de m\u00e9ritos y oposici\u00f3n. Como m\u00fasico ha realizado giras, trabajos y conciertos en Argentina, Brasil, Chile, Espa\u00f1a y Uruguay. En 2013 concursa y obtiene beca del FONAM para perfeccionarse vocalmente en CABA, Bs As, Argentina. Fue preparador vocal del Coro Universitario (Udelar)&nbsp;<\/p>\n<p>Ha dirigido coros vocacionales en el interior del pais.&nbsp;<\/p>\n<p>Fue docente de los diplomados de canto y direcci\u00f3n coral de la Intendencia de Soriano. Fue tallerista de Acordelur y otras instituciones&nbsp;<\/p>\n<p>&nbsp;<\/p>\n<p><b>Cecilia Arg\u00fcello <\/b>&#8211; <b>actriz&nbsp;<\/b><\/p>\n<p>Actriz &#8211; cantante. Egresada de la Escuela Multidisciplinaria de Arte Dram\u00e1tico (EMAD) con Posgrado en docencia de Teatro y Expresi\u00f3n Corporal. Se desempe\u00f1a como docente en artes esc\u00e9nicas en el \u00e1mbito p\u00fablico y privado. Ha conformado tribunal de Concurso de oposici\u00f3n para proveer cargos de Educaci\u00f3n Art\u00edstica en DGEIP 2021, en el \u00e1rea de Expresi\u00f3n Corporal.&nbsp;<\/p>\n<p>Desde el a\u00f1o 2000 ha integrado colectivos como Teatro Abierto de Montevideo, Teatro para el Fin del Mundo (TFM Uruguay), C\u00eda. Verdeteatro y el Coro Universitario con el Mtro. Francisco Simaldoni. Ha realizado cursos y talleres de formaci\u00f3n en clown, entrenamiento esc\u00e9nico, danza, acci\u00f3n teatral, cuerpo y c\u00e1mara, etc con docentes de Uruguay, Chile y Argentina. Cursos y seminarios de formaci\u00f3n permanente en pedagog\u00eda y did\u00e1ctica de las artes esc\u00e9nicas EMAD &#8211; CFE, con Georges Laferriere (Canad\u00e1) INAE, MEC y formaci\u00f3n en canto coral en Excusa Vocal con el prof. Rodolfo Vidal. Es co-autora, actriz y cantante de &#8220;El c\u00edrculo; una historia a tres voces&#8221; (adaptaci\u00f3n de &#8220;El c\u00edrculo de tiza caucasiano&#8221;, de B. Brecht por C\u00eda. Verdeteatro), premio Florencio a Escena Alternativa 2019 y Fondos<\/p>\n<p>Regionales para la Cultura MEC 2020. Se destaca su actuaci\u00f3n en: &#8220;Hab\u00eda una vez Mar\u00eda Elena&#8221;, premio FONAM 2014, &#8220;Cuarteto Eugenias&#8221; participando en la presentaci\u00f3n del proyecto &#8220;Desarchivo Brecht&#8221; en el Teatro El Galp\u00f3n, ambas por C\u00eda. Verdeteatro, &#8220;Efecto Brecht&#8221; de Fernando Toja y &#8220;Por todos los Santos&#8221; de Dar\u00edo Campalans.&nbsp;<\/p>\n<p>&nbsp;<\/p>\n<p><b>Luc\u00eda Calisto &#8211; actriz&nbsp;<\/b><\/p>\n<p>Actriz egresada de la Escuela Multidisciplinaria de Arte Dram\u00e1tico (Emad, 2015). Posgraduada en Docencia de Teatro y Expresi\u00f3n Corporal por dicha instituci\u00f3n (2018) -cursado previo de M\u00e9todo Feldenkrais impulsando la voz (2016) -. Accede a cargo docente de Educaci\u00f3n Art\u00edstica en Anep-Dgeip (concurso de oposici\u00f3n 2021). Es estudiante de Formaci\u00f3n en Expresi\u00f3n Corporal, Instituto Norma Quijano (\u00faltimo a\u00f1o en curso). Actualmente es parte de la compa\u00f1\u00eda Verdeteatro, incorpor\u00e1ndose a la 3a. Temporada de &#8220;In\u00e9dita Ma. Eugenia&#8221;. Como actriz, integra Teatro del Umbral (desde 2014) con varios estrenos nacionales y en el extranjero. Participa del proyecto ANII: Teatro y Matem\u00e1tica (Fing- Udelar) con presentaciones de talleres\/esc\u00e9nicos en diversos escenarios (2011- 2015). Toma el curso de Teatro a cargo de Roberto Su\u00e1rez en el CCZ n.\u2070 12 (2006). Es seleccionada por la beca de IM para el introductorio de Danza Contempor\u00e1nea, cursado en el Taller Mouret (aprobado, 2005). Trabaja con el grupo de investigaci\u00f3n teatral Kata-kymb\u00e8e, realizando obras de teatro para ni\u00f1os\/as en escuelas de Mdeo., con giras al interior del pa\u00eds, a partir de la adaptaci\u00f3n y montaje de cuentos de I. Mart\u00ednez (2005- 2006).&nbsp;<\/p>\n<p>&nbsp;<\/p>\n<p><b>Mariana Piven Pena &#8211; actriz&nbsp;<\/b><\/p>\n<p>Actriz y gestora cultural (EMAD, 2008 -2011). Tallerista y docente de teatro y expresi\u00f3n corporal (Competencia notoria CFE-ANEP). Actualmente realizando la monograf\u00eda de egreso de Educaci\u00f3n Social (IPA \u2013 CFE, 2012). Doula en formaci\u00f3n (IPU, 2022).&nbsp;<\/p>\n<p>Investiga sobre movimiento y expresi\u00f3n corporal desde el a\u00f1o 2009 con Daniella P\u00e1ssaro (Espacio de Desarrollo Arm\u00f3nico), Festival de Contact Improvisaci\u00f3n de Montevideo, Graciela Casanova, entre otros. Desde el a\u00f1o 2009 se dedica a la actividad teatral como actriz y productora, destacando: <i>El principito <\/i>(La porvenir teatro, 2009), teatro popular-callejero\/ teatro en el \u00f3mnibus como actriz-promotora con un enfoque desde la comunicaci\u00f3n social y difusi\u00f3n (Rivoir y C\u00eda., Borboleta- producciones esc\u00e9nicas, JND, a partir del 2010), <i>Efecto Brecht <\/i>(Fernando Toja, 2012), <i>Futuro Perfecto <\/i>(Sandra Massera, 2012), <i>Hab\u00eda una vez Mar\u00eda Elena <\/i>y <i>El c\u00edrculo <\/i>(Compa\u00f1\u00eda Verdeteatro, a partir del 2012), <i>\u00c1frica, la mu\u00f1eca de Felisberto Hern\u00e1ndez <\/i>(Fernando Gallego y Arles Galli, 2012). Participa del proceso de investigaci\u00f3n esc\u00e9nica sobre la vida y obra de Sylvia Plath (Dom\u00e9nico Capercione, 2019). Forma parte del elenco de <i>Solo las Chicas <\/i>(Dom\u00e9nico Caperchione, 2022) y de <i>Ana despu\u00e9s <\/i>(Sandra Massera, 2023). Actualmente act\u00faa y produce el espect\u00e1culo <i>In\u00e9dita <\/i>Mar\u00eda Eugenia (2019 a la fecha) obteniendo reconocimientos del FIC, INAE y nominaci\u00f3n en los Premios Florencio a Mejor escena alternativa 2022.&nbsp;<\/p>\n<p>A partir del 2011 ejerce como tallerista y docente de teatro y expresi\u00f3n corporal en instituciones privadas y p\u00fablicas en todos los niveles educativos. Desde el a\u00f1o 2018 trabaja como Educadora y Coordinadora de Equipos en programas de protecci\u00f3n a la infancia y adolescencia (INAU y CES) para la OSC Instituto del Hombre (IDH).&nbsp;<\/p>\n<p>&nbsp;<\/p>\n<p><b>Eduardo <\/b><b>Delgado &#8211; actor&nbsp;<\/b><\/p>\n<p>Actor y escen\u00f3grafo. Se form\u00f3 en la Escuela de Acci\u00f3n teatral Alambique y con Roberto Su\u00e1rez en actuaci\u00f3n, direcci\u00f3n y dramaturgia. Realiz\u00f3 cursos de entrenamiento vocal con Roberto Fontana. Integra la \u201cCompa\u00f1\u00eda, Teatro REX\u201d a cargo de Alberto Sejas como Actor y Escen\u00f3grafo. Fue fundador del grupo \u201cDeteneos\u201d coordinando, dirigiendo y actuando. Se destacan sus actuaciones en \u201cEl Jard\u00edn del Tiempo\u00a8, \u201cLa creaci\u00f3n\u201d, \u201cLa Kermesse de Pan\u201d, \u201cEsperpento, \u201cEl insolvente ni\u00f1o distinto\u201d de Alberto Sejas. \u201cEl \u00daltimo Estertor\u201c y \u201cLo Fauto\u201d de Marcel Sawchik., \u201cEl Maestro del Sue\u00f1o\u201d de Adriana Ardoguein, \u201cLa \u00daltima Tentaci\u00f3n\u201c de Fernando Toja y \u201cEl Hueco\u201d de Mar\u00eda Dodera.<\/p>\n<p>&nbsp;<\/p>\n<p>&nbsp;<\/p>\n<p><img fetchpriority=\"high\" decoding=\"async\" class=\"aligncenter wp-image-89107 size-full\" title=\"La obra se desarrollar\u00e1 en un espacio no convencional. Ser\u00e1 en la sede de la Asociaci\u00f3n de Estudiantes y Profesionales Cat\u00f3licos (AEPC) donde los espectadores realizar\u00e1n un recorrido y vivir\u00e1n una experiencia a trav\u00e9s de los diferentes espacios que ofrece la casa.&nbsp;\" src=\"https:\/\/cooltivarte.com\/portal\/wp-content\/uploads\/2023\/03\/Inedita-Maria-Eugenia.jpg\" alt=\"In\u00e9dita Mar\u00eda Eugenia - 3a. temporada 2023 - Reestreno S\u00e1bado 8 de Abril 2022 - Sede de la AEPC - Direcci\u00f3n general: Camila Carbajal\" width=\"751\" height=\"754\" srcset=\"https:\/\/cooltivarte.com\/portal\/wp-content\/uploads\/2023\/03\/Inedita-Maria-Eugenia.jpg 751w, https:\/\/cooltivarte.com\/portal\/wp-content\/uploads\/2023\/03\/Inedita-Maria-Eugenia-300x300.jpg 300w, https:\/\/cooltivarte.com\/portal\/wp-content\/uploads\/2023\/03\/Inedita-Maria-Eugenia-150x150.jpg 150w, https:\/\/cooltivarte.com\/portal\/wp-content\/uploads\/2023\/03\/Inedita-Maria-Eugenia-120x120.jpg 120w\" sizes=\"(max-width: 751px) 100vw, 751px\" \/><\/p>\n<p>&nbsp;<\/p>\n<p>&nbsp;<\/p>\n<p>&nbsp;<\/p>\n<p>&nbsp;<\/p>\n","protected":false},"excerpt":{"rendered":"<p>\ufeff &nbsp; COMPA\u00d1\u00ccA VERDETEATRO PRESENTA&nbsp; Obra In\u00e9dita Mar\u00eda Eugenia&nbsp; 3a temporada&nbsp; Reestreno S\u00e1bado 8 de Abril 2022&nbsp; Sede de la AEPC&nbsp; Direcci\u00f3n general: Camila Carbajal&nbsp; Texto: Dramaturgia colectiva&nbsp; Reestreno 3a temporada: S\u00e1bado 8 de abril del 2023&nbsp; Hora: S\u00e1bados 20.30 hs. Domingos 19 hs. De Abril y Mayo&nbsp; Lugar: Sede de la AEPC &#8211; Bvar. [&hellip;]<\/p>\n","protected":false},"author":8,"featured_media":89107,"comment_status":"closed","ping_status":"closed","sticky":false,"template":"","format":"standard","meta":{"om_disable_all_campaigns":false,"ngg_post_thumbnail":0,"jnews-multi-image_gallery":[],"jnews_single_post":{"subtitle":"Reestreno S\u00e1bado 8 de Abril 2022\u00a0 - Sede de la AEPC\u00a0- Direcci\u00f3n general: Camila Carbajal\u00a0","format":"standard","video":"","gallery":"","source_name":"","source_url":"","via_name":"","via_url":"","override_template":"0","override":[{"template":"4","single_blog_custom":"","parallax":"1","fullscreen":"0","layout":"right-sidebar","sidebar":"default-sidebar","second_sidebar":"default-sidebar","sticky_sidebar":"1","share_position":"bottom","share_float_style":"share-monocrhome","show_share_counter":"1","show_view_counter":"1","show_featured":"1","show_post_meta":"1","show_post_author":"1","show_post_author_image":"1","show_post_date":"1","post_date_format":"default","post_date_format_custom":"Y\/m\/d","show_post_category":"1","show_post_reading_time":"0","post_reading_time_wpm":"300","show_zoom_button":"0","zoom_button_out_step":"2","zoom_button_in_step":"3","show_post_tag":"1","show_prev_next_post":"1","show_popup_post":"1","number_popup_post":"1","show_author_box":"1","show_post_related":"0","show_inline_post_related":"0"}],"override_image_size":"0","image_override":[{"single_post_thumbnail_size":"no-crop","single_post_gallery_size":"crop-500"}],"trending_post":"0","trending_post_position":"meta","trending_post_label":"Trending","sponsored_post":"0","sponsored_post_label":"Sponsored by","sponsored_post_name":"","sponsored_post_url":"","sponsored_post_logo_enable":"0","sponsored_post_logo":"","sponsored_post_desc":"","disable_ad":"0"},"jnews_primary_category":{"id":"","hide":""},"jnews_social_meta":{"fb_title":"","fb_description":"","fb_image":"","twitter_title":"","twitter_description":"","twitter_image":""},"jnews_override_counter":{"override_view_counter":"0","view_counter_number":"0","override_share_counter":"0","share_counter_number":"0","override_like_counter":"0","like_counter_number":"0","override_dislike_counter":"0","dislike_counter_number":"0"},"footnotes":""},"categories":[57],"tags":[19270,19271,19268,19272,7143,19273,19269],"class_list":["post-89106","post","type-post","status-publish","format-standard","has-post-thumbnail","hentry","category-teatro","tag-camila-carbajal","tag-cecilia-arguello","tag-inedita-maria-eugenia","tag-lucia-calisto","tag-maria-eugenia-vaz-ferreira","tag-mariana-piven","tag-verdeteatro"],"yoast_head":"<!-- This site is optimized with the Yoast SEO plugin v27.4 - https:\/\/yoast.com\/product\/yoast-seo-wordpress\/ -->\n<title>In\u00e9dita Mar\u00eda Eugenia - 3a. temporada 2023 - Cooltivarte Portal<\/title>\n<meta name=\"description\" content=\"La obra se desarrollar\u00e1 en un espacio no convencional. Ser\u00e1 en la sede de la Asociaci\u00f3n de Estudiantes y Profesionales Cat\u00f3licos (AEPC) donde los espectadores realizar\u00e1n un recorrido y vivir\u00e1n una experiencia a trav\u00e9s de los diferentes espacios que ofrece la casa.\u00a0\" \/>\n<meta name=\"robots\" content=\"index, follow, max-snippet:-1, max-image-preview:large, max-video-preview:-1\" \/>\n<link rel=\"canonical\" href=\"https:\/\/cooltivarte.com\/portal\/inedita-maria-eugenia-3a-temporada-2023\/\" \/>\n<meta property=\"og:locale\" content=\"es_ES\" \/>\n<meta property=\"og:type\" content=\"article\" \/>\n<meta property=\"og:title\" content=\"In\u00e9dita Mar\u00eda Eugenia - 3a. temporada 2023 - Reestreno S\u00e1bado 8 de Abril 2022 - Sede de la AEPC - Direcci\u00f3n general: Camila Carbajal\" \/>\n<meta property=\"og:description\" content=\"La obra se desarrollar\u00e1 en un espacio no convencional. Ser\u00e1 en la sede de la Asociaci\u00f3n de Estudiantes y Profesionales Cat\u00f3licos (AEPC) donde los espectadores realizar\u00e1n un recorrido y vivir\u00e1n una experiencia a trav\u00e9s de los diferentes espacios que ofrece la casa.\u00a0\" \/>\n<meta property=\"og:url\" content=\"https:\/\/cooltivarte.com\/portal\/inedita-maria-eugenia-3a-temporada-2023\/\" \/>\n<meta property=\"og:site_name\" content=\"Cooltivarte Portal\" \/>\n<meta property=\"article:publisher\" content=\"https:\/\/www.facebook.com\/cooltivartecom\/\" \/>\n<meta property=\"article:author\" content=\"https:\/\/www.facebook.com\/cooltivartecom\" \/>\n<meta property=\"article:published_time\" content=\"2023-03-31T13:51:16+00:00\" \/>\n<meta property=\"article:modified_time\" content=\"2023-03-31T13:52:02+00:00\" \/>\n<meta property=\"og:image\" content=\"https:\/\/cooltivarte.com\/portal\/wp-content\/uploads\/2023\/03\/Inedita-Maria-Eugenia.jpg\" \/>\n\t<meta property=\"og:image:width\" content=\"751\" \/>\n\t<meta property=\"og:image:height\" content=\"754\" \/>\n\t<meta property=\"og:image:type\" content=\"image\/jpeg\" \/>\n<meta name=\"author\" content=\"Cooltivarte\" \/>\n<meta name=\"twitter:card\" content=\"summary_large_image\" \/>\n<meta name=\"twitter:title\" content=\"In\u00e9dita Mar\u00eda Eugenia - 3a. temporada 2023 - Reestreno S\u00e1bado 8 de Abril 2022 - Sede de la AEPC - Direcci\u00f3n general: Camila Carbajal\" \/>\n<meta name=\"twitter:description\" content=\"La obra se desarrollar\u00e1 en un espacio no convencional. Ser\u00e1 en la sede de la Asociaci\u00f3n de Estudiantes y Profesionales Cat\u00f3licos (AEPC) donde los espectadores realizar\u00e1n un recorrido y vivir\u00e1n una experiencia a trav\u00e9s de los diferentes espacios que ofrece la casa.\u00a0\" \/>\n<meta name=\"twitter:image\" content=\"https:\/\/cooltivarte.com\/portal\/wp-content\/uploads\/2023\/03\/Inedita-Maria-Eugenia.jpg\" \/>\n<meta name=\"twitter:creator\" content=\"@https:\/\/x.com\/obolocultural\" \/>\n<meta name=\"twitter:site\" content=\"@obolocultural\" \/>\n<meta name=\"twitter:label1\" content=\"Escrito por\" \/>\n\t<meta name=\"twitter:data1\" content=\"Cooltivarte\" \/>\n\t<meta name=\"twitter:label2\" content=\"Tiempo de lectura\" \/>\n\t<meta name=\"twitter:data2\" content=\"13 minutos\" \/>\n<!-- \/ Yoast SEO plugin. -->","yoast_head_json":{"title":"In\u00e9dita Mar\u00eda Eugenia - 3a. temporada 2023 - Cooltivarte Portal","description":"La obra se desarrollar\u00e1 en un espacio no convencional. Ser\u00e1 en la sede de la Asociaci\u00f3n de Estudiantes y Profesionales Cat\u00f3licos (AEPC) donde los espectadores realizar\u00e1n un recorrido y vivir\u00e1n una experiencia a trav\u00e9s de los diferentes espacios que ofrece la casa.\u00a0","robots":{"index":"index","follow":"follow","max-snippet":"max-snippet:-1","max-image-preview":"max-image-preview:large","max-video-preview":"max-video-preview:-1"},"canonical":"https:\/\/cooltivarte.com\/portal\/inedita-maria-eugenia-3a-temporada-2023\/","og_locale":"es_ES","og_type":"article","og_title":"In\u00e9dita Mar\u00eda Eugenia - 3a. temporada 2023 - Reestreno S\u00e1bado 8 de Abril 2022 - Sede de la AEPC - Direcci\u00f3n general: Camila Carbajal","og_description":"La obra se desarrollar\u00e1 en un espacio no convencional. Ser\u00e1 en la sede de la Asociaci\u00f3n de Estudiantes y Profesionales Cat\u00f3licos (AEPC) donde los espectadores realizar\u00e1n un recorrido y vivir\u00e1n una experiencia a trav\u00e9s de los diferentes espacios que ofrece la casa.\u00a0","og_url":"https:\/\/cooltivarte.com\/portal\/inedita-maria-eugenia-3a-temporada-2023\/","og_site_name":"Cooltivarte Portal","article_publisher":"https:\/\/www.facebook.com\/cooltivartecom\/","article_author":"https:\/\/www.facebook.com\/cooltivartecom","article_published_time":"2023-03-31T13:51:16+00:00","article_modified_time":"2023-03-31T13:52:02+00:00","og_image":[{"width":751,"height":754,"url":"https:\/\/cooltivarte.com\/portal\/wp-content\/uploads\/2023\/03\/Inedita-Maria-Eugenia.jpg","type":"image\/jpeg"}],"author":"Cooltivarte","twitter_card":"summary_large_image","twitter_title":"In\u00e9dita Mar\u00eda Eugenia - 3a. temporada 2023 - Reestreno S\u00e1bado 8 de Abril 2022 - Sede de la AEPC - Direcci\u00f3n general: Camila Carbajal","twitter_description":"La obra se desarrollar\u00e1 en un espacio no convencional. Ser\u00e1 en la sede de la Asociaci\u00f3n de Estudiantes y Profesionales Cat\u00f3licos (AEPC) donde los espectadores realizar\u00e1n un recorrido y vivir\u00e1n una experiencia a trav\u00e9s de los diferentes espacios que ofrece la casa.\u00a0","twitter_image":"https:\/\/cooltivarte.com\/portal\/wp-content\/uploads\/2023\/03\/Inedita-Maria-Eugenia.jpg","twitter_creator":"@https:\/\/x.com\/obolocultural","twitter_site":"@obolocultural","twitter_misc":{"Escrito por":"Cooltivarte","Tiempo de lectura":"13 minutos"},"schema":{"@context":"https:\/\/schema.org","@graph":[{"@type":"NewsArticle","@id":"https:\/\/cooltivarte.com\/portal\/inedita-maria-eugenia-3a-temporada-2023\/#article","isPartOf":{"@id":"https:\/\/cooltivarte.com\/portal\/inedita-maria-eugenia-3a-temporada-2023\/"},"author":{"name":"Cooltivarte","@id":"https:\/\/cooltivarte.com\/portal\/#\/schema\/person\/ec2a4f4e71b740d0c559c0ab9a157e19"},"headline":"In\u00e9dita Mar\u00eda Eugenia &#8211; 3a. temporada 2023","datePublished":"2023-03-31T13:51:16+00:00","dateModified":"2023-03-31T13:52:02+00:00","mainEntityOfPage":{"@id":"https:\/\/cooltivarte.com\/portal\/inedita-maria-eugenia-3a-temporada-2023\/"},"wordCount":2685,"publisher":{"@id":"https:\/\/cooltivarte.com\/portal\/#organization"},"image":{"@id":"https:\/\/cooltivarte.com\/portal\/inedita-maria-eugenia-3a-temporada-2023\/#primaryimage"},"thumbnailUrl":"https:\/\/cooltivarte.com\/portal\/wp-content\/uploads\/2023\/03\/Inedita-Maria-Eugenia.jpg","keywords":["Camila Carbajal","Cecilia Arg\u00fcello","In\u00e9dita Mar\u00eda Eugenia","Luc\u00eda Calisto","Maria Eugenia Vaz Ferreira","Mariana Piven","VERDETEATRO"],"articleSection":["Teatro"],"inLanguage":"es-AR"},{"@type":"WebPage","@id":"https:\/\/cooltivarte.com\/portal\/inedita-maria-eugenia-3a-temporada-2023\/","url":"https:\/\/cooltivarte.com\/portal\/inedita-maria-eugenia-3a-temporada-2023\/","name":"In\u00e9dita Mar\u00eda Eugenia - 3a. temporada 2023 - Cooltivarte Portal","isPartOf":{"@id":"https:\/\/cooltivarte.com\/portal\/#website"},"primaryImageOfPage":{"@id":"https:\/\/cooltivarte.com\/portal\/inedita-maria-eugenia-3a-temporada-2023\/#primaryimage"},"image":{"@id":"https:\/\/cooltivarte.com\/portal\/inedita-maria-eugenia-3a-temporada-2023\/#primaryimage"},"thumbnailUrl":"https:\/\/cooltivarte.com\/portal\/wp-content\/uploads\/2023\/03\/Inedita-Maria-Eugenia.jpg","datePublished":"2023-03-31T13:51:16+00:00","dateModified":"2023-03-31T13:52:02+00:00","description":"La obra se desarrollar\u00e1 en un espacio no convencional. Ser\u00e1 en la sede de la Asociaci\u00f3n de Estudiantes y Profesionales Cat\u00f3licos (AEPC) donde los espectadores realizar\u00e1n un recorrido y vivir\u00e1n una experiencia a trav\u00e9s de los diferentes espacios que ofrece la casa.\u00a0","breadcrumb":{"@id":"https:\/\/cooltivarte.com\/portal\/inedita-maria-eugenia-3a-temporada-2023\/#breadcrumb"},"inLanguage":"es-AR","potentialAction":[{"@type":"ReadAction","target":["https:\/\/cooltivarte.com\/portal\/inedita-maria-eugenia-3a-temporada-2023\/"]}]},{"@type":"ImageObject","inLanguage":"es-AR","@id":"https:\/\/cooltivarte.com\/portal\/inedita-maria-eugenia-3a-temporada-2023\/#primaryimage","url":"https:\/\/cooltivarte.com\/portal\/wp-content\/uploads\/2023\/03\/Inedita-Maria-Eugenia.jpg","contentUrl":"https:\/\/cooltivarte.com\/portal\/wp-content\/uploads\/2023\/03\/Inedita-Maria-Eugenia.jpg","width":751,"height":754,"caption":"In\u00e9dita Mar\u00eda Eugenia"},{"@type":"BreadcrumbList","@id":"https:\/\/cooltivarte.com\/portal\/inedita-maria-eugenia-3a-temporada-2023\/#breadcrumb","itemListElement":[{"@type":"ListItem","position":1,"name":"Portada","item":"https:\/\/cooltivarte.com\/portal\/"},{"@type":"ListItem","position":2,"name":"In\u00e9dita Mar\u00eda Eugenia &#8211; 3a. temporada 2023"}]},{"@type":"WebSite","@id":"https:\/\/cooltivarte.com\/portal\/#website","url":"https:\/\/cooltivarte.com\/portal\/","name":"Cooltivarte Portal","description":"Arte, cultura y turismo para el mundo ...","publisher":{"@id":"https:\/\/cooltivarte.com\/portal\/#organization"},"potentialAction":[{"@type":"SearchAction","target":{"@type":"EntryPoint","urlTemplate":"https:\/\/cooltivarte.com\/portal\/?s={search_term_string}"},"query-input":{"@type":"PropertyValueSpecification","valueRequired":true,"valueName":"search_term_string"}}],"inLanguage":"es-AR"},{"@type":"Organization","@id":"https:\/\/cooltivarte.com\/portal\/#organization","name":"cooltivarte","url":"https:\/\/cooltivarte.com\/portal\/","logo":{"@type":"ImageObject","inLanguage":"es-AR","@id":"https:\/\/cooltivarte.com\/portal\/#\/schema\/logo\/image\/","url":"https:\/\/cooltivarte.com\/portal\/wp-content\/uploads\/2020\/04\/logo-cooltivarte-v2.png","contentUrl":"https:\/\/cooltivarte.com\/portal\/wp-content\/uploads\/2020\/04\/logo-cooltivarte-v2.png","width":851,"height":243,"caption":"cooltivarte"},"image":{"@id":"https:\/\/cooltivarte.com\/portal\/#\/schema\/logo\/image\/"},"sameAs":["https:\/\/www.facebook.com\/cooltivartecom\/","https:\/\/x.com\/obolocultural","https:\/\/www.instagram.com\/_cooltivarte_\/","https:\/\/www.linkedin.com\/company\/-bolocultural?reportsuccess=8zaNG1HwhPbAR9iQhZ5rfGeqz_vQFftHun0ZWU0Wy9vNemRJ8vtcKdJvzQfW8XagyOJSKg0XvfJ1dp","https:\/\/www.pinterest.com\/cooltivarte\/","https:\/\/cooltivarte.tumblr.com\/","https:\/\/www.tiktok.com\/@cooltivarte","https:\/\/www.youtube.com\/@PrensaCooltivarte"]},{"@type":"Person","@id":"https:\/\/cooltivarte.com\/portal\/#\/schema\/person\/ec2a4f4e71b740d0c559c0ab9a157e19","name":"Cooltivarte","image":{"@type":"ImageObject","inLanguage":"es-AR","@id":"https:\/\/cooltivarte.com\/portal\/wp-content\/uploads\/2014\/05\/logo-cooltivarte-120x120.jpg","url":"https:\/\/cooltivarte.com\/portal\/wp-content\/uploads\/2014\/05\/logo-cooltivarte-120x120.jpg","contentUrl":"https:\/\/cooltivarte.com\/portal\/wp-content\/uploads\/2014\/05\/logo-cooltivarte-120x120.jpg","caption":"Cooltivarte"},"description":"Somos COOLTIVARTE.COM. Un portal digital dedicado a difundir el acontecer art\u00edstico y cultural del Uruguay. Estamos en la vuelta desde el a\u00f1o 2003, y como evoluci\u00f3n del bolet\u00edn Obolo Cultural, nos encontramos abocados a apoyar a los artistas nacionales brind\u00e1ndoles un espacio de difusi\u00f3n. Creemos en la idea de utilizar la potencialidad que hoy d\u00eda nos otorga la web, para que la cultura uruguaya y sus creadores dispongan de una din\u00e1mica ventana, que los ponga en contacto entre s\u00ed y con el mundo. Somos COOLTIVARTE.COM y pretendemos configurarnos como un portal din\u00e1mico, entretenido y atento a los nuevos emprendimientos, que busque siempre la interacci\u00f3n con los artistas.","sameAs":["http:\/\/www.cooltivarte.com","https:\/\/www.facebook.com\/cooltivartecom","https:\/\/www.instagram.com\/_cooltivarte_\/","https:\/\/www.linkedin.com\/company\/-bolocultural","https:\/\/www.pinterest.com\/cooltivarte\/","https:\/\/x.com\/https:\/\/x.com\/obolocultural","https:\/\/www.youtube.com\/@PrensaCooltivarte","https:\/\/www.tumblr.com\/blog\/cooltivarte"],"url":"https:\/\/cooltivarte.com\/portal\/author\/cooltivarte\/"}]}},"_links":{"self":[{"href":"https:\/\/cooltivarte.com\/portal\/wp-json\/wp\/v2\/posts\/89106","targetHints":{"allow":["GET"]}}],"collection":[{"href":"https:\/\/cooltivarte.com\/portal\/wp-json\/wp\/v2\/posts"}],"about":[{"href":"https:\/\/cooltivarte.com\/portal\/wp-json\/wp\/v2\/types\/post"}],"author":[{"embeddable":true,"href":"https:\/\/cooltivarte.com\/portal\/wp-json\/wp\/v2\/users\/8"}],"replies":[{"embeddable":true,"href":"https:\/\/cooltivarte.com\/portal\/wp-json\/wp\/v2\/comments?post=89106"}],"version-history":[{"count":2,"href":"https:\/\/cooltivarte.com\/portal\/wp-json\/wp\/v2\/posts\/89106\/revisions"}],"predecessor-version":[{"id":89109,"href":"https:\/\/cooltivarte.com\/portal\/wp-json\/wp\/v2\/posts\/89106\/revisions\/89109"}],"wp:featuredmedia":[{"embeddable":true,"href":"https:\/\/cooltivarte.com\/portal\/wp-json\/wp\/v2\/media\/89107"}],"wp:attachment":[{"href":"https:\/\/cooltivarte.com\/portal\/wp-json\/wp\/v2\/media?parent=89106"}],"wp:term":[{"taxonomy":"category","embeddable":true,"href":"https:\/\/cooltivarte.com\/portal\/wp-json\/wp\/v2\/categories?post=89106"},{"taxonomy":"post_tag","embeddable":true,"href":"https:\/\/cooltivarte.com\/portal\/wp-json\/wp\/v2\/tags?post=89106"}],"curies":[{"name":"wp","href":"https:\/\/api.w.org\/{rel}","templated":true}]}}