{"id":89065,"date":"2023-03-29T15:48:44","date_gmt":"2023-03-29T18:48:44","guid":{"rendered":"https:\/\/cooltivarte.com\/portal\/?p=89065"},"modified":"2023-03-29T15:48:44","modified_gmt":"2023-03-29T18:48:44","slug":"inteligencia-artificial-chat-gpt-y-educacion-entrevista-a-fabian-barros-andrade","status":"publish","type":"post","link":"https:\/\/cooltivarte.com\/portal\/inteligencia-artificial-chat-gpt-y-educacion-entrevista-a-fabian-barros-andrade\/","title":{"rendered":"Inteligencia Artificial, Chat GPT y Educaci\u00f3n \u2013 Entrevista a Fabi\u00e1n Barros Andrade"},"content":{"rendered":"<figure id=\"attachment_89066\" aria-describedby=\"caption-attachment-89066\" style=\"width: 959px\" class=\"wp-caption aligncenter\"><img fetchpriority=\"high\" decoding=\"async\" class=\"wp-image-89066 size-full\" title=\"Inteligencia Artificial, Chat GPT y Educaci\u00f3n \u2013 Entrevista a Fabi\u00e1n Barros Andrade \u2013 Marzo 2023 \u2013 Imagen composici\u00f3n \u2013 Fondo: freepik.es\" src=\"https:\/\/cooltivarte.com\/portal\/wp-content\/uploads\/2023\/03\/inteligencia-artificial-chatgpt-educacion-entrevista-fabian-barros-andrade.jpg\" alt=\"Inteligencia Artificial, Chat GPT y Educaci\u00f3n \u2013 Entrevista a Fabi\u00e1n Barros Andrade \u2013 Marzo 2023 \u2013 Imagen composici\u00f3n \u2013 Fondo: freepik.es\" width=\"959\" height=\"467\" srcset=\"https:\/\/cooltivarte.com\/portal\/wp-content\/uploads\/2023\/03\/inteligencia-artificial-chatgpt-educacion-entrevista-fabian-barros-andrade.jpg 959w, https:\/\/cooltivarte.com\/portal\/wp-content\/uploads\/2023\/03\/inteligencia-artificial-chatgpt-educacion-entrevista-fabian-barros-andrade-300x146.jpg 300w, https:\/\/cooltivarte.com\/portal\/wp-content\/uploads\/2023\/03\/inteligencia-artificial-chatgpt-educacion-entrevista-fabian-barros-andrade-768x374.jpg 768w\" sizes=\"(max-width: 959px) 100vw, 959px\" \/><figcaption id=\"caption-attachment-89066\" class=\"wp-caption-text\">Inteligencia Artificial, Chat GPT y Educaci\u00f3n \u2013 Entrevista a Fabi\u00e1n Barros Andrade \u2013 Marzo 2023 \u2013 Imagen composici\u00f3n \u2013 Fondo: freepik.es<\/figcaption><\/figure>\n<p><strong>Nuevos y mayores desaf\u00edos: Inteligencia Artificial, ChatGPT y Educaci\u00f3n<\/strong><\/p>\n<p>Desde el a\u00f1o pasado existe <a href=\"https:\/\/openai.com\/blog\/chatgpt\" target=\"_blank\" rel=\"noopener\"><strong>ChatGPT<\/strong><\/a>, un modelo de inteligencia artificial desarrollado por la empresa <a href=\"https:\/\/openai.com\/\" target=\"_blank\" rel=\"noopener\"><strong>OpenAI<\/strong><\/a> que se especializa en el di\u00e1logo. A los dos meses de haberse lanzado p\u00fablicamente, <strong>ChatGPT<\/strong> alcanz\u00f3 los 100 millones de usuarios.<\/p>\n<p>El <strong>ChatGPT<\/strong>, cuyas siglas proceden del ingl\u00e9s Generative Pre-trained Transformer (en espa\u00f1ol Transformador Preentrenado Generativo), es un modelo capaz de procesar gran cantidad de texto y aprender a realizar tareas de procesamiento del lenguaje natural. Para utilizar GPT en un chat, se le proporciona al modelo una entrada en forma de una pregunta o una frase de contexto. Con ese est\u00edmulo GPT genera una respuesta apropiada y sobre todo, coherente.<\/p>\n<p>De esa manera, y pens\u00e1ndolo m\u00e1s desde el universo de la educaci\u00f3n, un estudiante puede generar textos coherentes sobre cualquier tema, con solo consultar o preguntar sobre el mismo.<\/p>\n<p>Aqu\u00ed surgen los grandes desaf\u00edos que implica para la educaci\u00f3n y para los educadores.<strong> \u00bfC\u00f3mo se enfrenta el problema? \u00bfEs verdaderamente un problema?<\/strong> <strong>\u00bfC\u00f3mo se encara un nuevo modelo que incorpore o enfrente a estos modelos de IA que los ni\u00f1os y j\u00f3venes pueden manejar mejor que los adultos? \u00bfSe cambia la forma? \u00bfEl contenido?<\/strong><\/p>\n<p>Son muchas las cuestiones, y qu\u00e9 mejor que preguntar a los mismos educadores sobre el tema.<\/p>\n<p>&nbsp;<\/p>\n<p><strong>\u00bfLa aparici\u00f3n de esta herramienta de AI implica necesariamente un cambio en los programas? \u00bfO crees que alcanza con una modificaci\u00f3n en la manera de abordarlos?<\/strong><\/p>\n<p>Debido al estado actual de esta tecnolog\u00eda la modificaci\u00f3n se da fundamentalmente en el abordaje. Sin embargo, en el caso de la Licenciatura en Dise\u00f1o, Arte y Tecnolog\u00eda y en toda la universidad ORT ya estamos analizando modificaciones m\u00e1s profundas en los planes de estudio que se implementar\u00edan a futuro, siguiendo la evoluci\u00f3n de las herramientas de AI.<\/p>\n<p>&nbsp;<\/p>\n<p><strong>\u00bfCon la aparici\u00f3n de las nuevas AI (ChatGPT) Ser\u00e1 una oportunidad para replantear qu\u00e9 es conocimiento y qu\u00e9 informaci\u00f3n?<\/strong><\/p>\n<p>Esta cuesti\u00f3n est\u00e1 en el debate acad\u00e9mico siempre, m\u00e1s all\u00e1 de la irrupci\u00f3n de Chat GPT. Lo que hace esta tecnolog\u00eda es darnos la oportunidad para profundizar en estos asuntos y darnos m\u00e1s herramientas para la discusi\u00f3n a partir de elementos y casos concretos.<\/p>\n<p>&nbsp;<\/p>\n<p><strong>\u00bfQu\u00e9 pens\u00e1s del uso de ChatGPT en el aula? \u00bfHas utilizado o sab\u00e9s del manejo de esta herramienta?<\/strong><\/p>\n<p>En varios de nuestros cursos se utiliza Chat GPT y otras herramientas de AI. Desde fines del a\u00f1o pasado, y sobre todo desde el inicio de este semestre se ha estimulado a los docentes a incorporar la herramienta en sus cursos para luego compartir experiencias y analizar resultados. En mi caso concreto, en la materia Narrativa Transmedia que dicto en la Licenciatura en Dise\u00f1o, Arte y Tecnolog\u00eda, a partir este a\u00f1o algunos contenidos deben ser realizados exclusivamente mediante AI. Algo similar hicimos el a\u00f1o pasado en Tendencias del Dise\u00f1o Contempor\u00e1neo, asignatura de egreso de todas las Licenciaturas de la Escuela de Dise\u00f1o.<\/p>\n<p>&nbsp;<\/p>\n<p><strong>\u00bfSe est\u00e1 trabajando este tema o al menos hay discusiones en los colectivos de docentes (gremios, etc.)?<\/strong><\/p>\n<p>S\u00ed, tanto a nivel docente como a nivel de las Coordinaciones Acad\u00e9micas de las Licenciaturas. Adem\u00e1s tenemos un grupo de investigaci\u00f3n multidisciplinario integrado por los catedr\u00e1ticos de todas las facultades de la Universidad ORT.<\/p>\n<p>&nbsp;<\/p>\n<p><strong>\u00bfEntend\u00e9s que hay inter\u00e9s en intercambiar nociones sobre el tema con gente que en Uruguay trabaja y desarrolla AI aplicada a la educaci\u00f3n?<\/strong><\/p>\n<p>S\u00ed, y ya hemos tenido instancias de intercambio, no solo con profesionales del \u00e1rea educativa, sino tambi\u00e9n con emprendedores y empresarios de distintas \u00e1reas.<\/p>\n<p>&nbsp;<\/p>\n<p><strong>\u00bfC\u00f3mo impacta al proceso educativo? \u00bfY a las personas que educan y a las que aprenden? Finalmente, \u00bfSer\u00e1 la tecnolog\u00eda que va a terminar transformando la #educaci\u00f3n?<\/strong><\/p>\n<p>Seg\u00fan todos los estudios serios en educaci\u00f3n, la AI definitivamente impactar\u00e1 en la manera de aprender y ense\u00f1ar de forma dram\u00e1tica. Actualmente estamos en una etapa inicial donde tenemos que ser muy cautos y estudiar su evoluci\u00f3n generando acciones que nos permitan adaptarnos y participar activamente en su desarrollo.<\/p>\n<p>&nbsp;<\/p>\n<p><strong>\u00bfLos actores de la educaci\u00f3n cuentan con la educaci\u00f3n previa y herramientas para poder identificar si los textos que presentan los alumnos son redactados por ellos o por un ChatGPT? Teniendo en cuenta que cuanto m\u00e1s aprende la AI m\u00e1s indistinguible es su redacci\u00f3n en comparaci\u00f3n con un humano.<\/strong><\/p>\n<p>Por el momento el uso de ChatGPT se limita a actividades curriculares concretas vinculadas con contenidos acad\u00e9micos espec\u00edficos. Para las instancias de evaluaci\u00f3n, desde hace a\u00f1os se utilizan herramientas de control que se van actualizando para contemplar estas nuevas tecnolog\u00edas. En cuanto a la formaci\u00f3n docente, la universidad cuenta con programas de formaci\u00f3n permanente y ya se est\u00e1n implementando instancias de capacitaci\u00f3n en esta \u00e1rea.<\/p>\n<p>&nbsp;<\/p>\n<p><strong>\u00bfC\u00f3mo cree que estas tecnolog\u00edas afectar\u00e1n el papel del docente en el futuro? \u00bfCrees que la AI puede llegar a reemplazarlos? \u00bfen qu\u00e9 medida?<\/strong><\/p>\n<p>Es muy dif\u00edcil dar una respuesta seria y fundamentada a este interrogante al d\u00eda de hoy. La humanidad no tiene la distancia temporal ni ha generado conocimiento necesario para responder a esta pregunta por lo que cualquier respuesta no deja de ser especulativa. En mi opini\u00f3n, y a partir de mi investigaci\u00f3n personal, podr\u00eda decir que hay \u00e1reas del conocimiento que pueden ser reemplazables (sobre todo las \u00e1reas t\u00e9cnicas) pero hay otras en que el intercambio humano es irremplazable.<\/p>\n<p>&nbsp;<\/p>\n<p><strong>\u00bfQu\u00e9 consideraciones \u00e9ticas deben tenerse en cuenta al utilizar inteligencia artificial en la educaci\u00f3n?<\/strong><\/p>\n<p>Los aspectos \u00e9ticos son centrales para el estudio y uso de estas tecnolog\u00edas, no solo en el \u00e1mbito de la educaci\u00f3n. Es necesario un debate profundo que abarque a todos los actores involucrados, especialmente las \u00e1reas human\u00edsticas, que no pueden quedar fuera del debate. En mi opini\u00f3n, hoy por hoy es el asunto m\u00e1s relevante.<\/p>\n<p>&nbsp;<\/p>\n<p>&nbsp;<\/p>\n<p><a href=\"http:\/\/linkedin.com\/in\/fabi\u00e1n-barros-andrade-2820b4b\" target=\"_blank\" rel=\"noopener\"><strong>Fabi\u00e1n Barros Andrade<\/strong><\/a><\/p>\n<p><strong>Artista digital, Director creativo, Catedr\u00e1tico de dise\u00f1o, arte y tecnolog\u00eda.<\/strong><\/p>\n<p>Licenciado en Comunicaci\u00f3n por Universidad de la Rep\u00fablica, Uruguay y M\u00e1ster en Artes Digitales por la Universidad Pompeu Fabra de Barcelona, Espa\u00f1a. Me encanta viajar. Recorr\u00ed gran parte del mundo y viv\u00ed en Argentina, Italia y Espa\u00f1a. Me gusta experimentar con tecnolog\u00eda, explorar mundos virtuales y hacer arte digital. Mi trabajo ha sido exhibido en Uruguay, Argentina, Brasil, M\u00e9xico, Espa\u00f1a, Sud\u00e1frica, Finlandia, y sobre todo en el ciberespacio.<\/p>\n<p>Comenc\u00e9 mi carrera en publicidad en los a\u00f1os &#8217;90. Soy parte de la generaci\u00f3n que por primera vez en la historia us\u00f3 una computadora para dise\u00f1ar. \u00bfNada mal, verdad? Fui Director de Arte por m\u00e1s de una d\u00e9cada, y desde hace m\u00e1s de 15 a\u00f1os trabajo como Director Creativo, lo que demuestra que soy un tipo perseverante.<\/p>\n<p>Hoy vivo en mi amada Montevideo con mi esposa, la artista M\u00f3nica Talam\u00e1s, en una casa llena de arte, animales y plantas. Trabajo en lo que me gusta: soy artista, dise\u00f1ador, director creativo y docente.<\/p>\n<p>Tambi\u00e9n soy Coordinador Acad\u00e9mico de la Licenciatura en Dise\u00f1o, Arte y Tecnolog\u00eda -carrera que conceb\u00ed y dirijo desde su lanzamiento- y Catedr\u00e1tico de Artes Digitales y Nuevas Tecnolog\u00edas de la Universidad ORT Uruguay.<\/p>\n<p>Este a\u00f1o me encuentra lleno de proyectos, experimentando en entornos virtuales, investigando los alcances de la AI y participando de la tercera revoluci\u00f3n digital. Puedo decir con orgullo que soy una persona muy afortunada. \u00a1Hagamos cosas juntos!<\/p>\n<p>&nbsp;<\/p>\n<p><a class=\"pv-contact-info__contact-link link-without-visited-state\" href=\"https:\/\/fabianbarros.art\/\" target=\"_blank\" rel=\"noopener noreferrer\">fabianbarros.art\/<\/a><\/p>\n<p>&nbsp;<\/p>\n","protected":false},"excerpt":{"rendered":"<p>Nuevos y mayores desaf\u00edos: Inteligencia Artificial, ChatGPT y Educaci\u00f3n Desde el a\u00f1o pasado existe ChatGPT, un modelo de inteligencia artificial desarrollado por la empresa OpenAI que se especializa en el di\u00e1logo. A los dos meses de haberse lanzado p\u00fablicamente, ChatGPT alcanz\u00f3 los 100 millones de usuarios. El ChatGPT, cuyas siglas proceden del ingl\u00e9s Generative Pre-trained [&hellip;]<\/p>\n","protected":false},"author":8,"featured_media":89066,"comment_status":"closed","ping_status":"closed","sticky":false,"template":"","format":"standard","meta":{"om_disable_all_campaigns":false,"ngg_post_thumbnail":0,"jnews-multi-image_gallery":[],"jnews_single_post":{"subtitle":"","format":"standard","video":"","gallery":"","source_name":"","source_url":"","via_name":"","via_url":"","override_template":"0","override":[{"template":"4","single_blog_custom":"","parallax":"1","fullscreen":"0","layout":"right-sidebar","sidebar":"default-sidebar","second_sidebar":"default-sidebar","sticky_sidebar":"1","share_position":"bottom","share_float_style":"share-monocrhome","show_share_counter":"1","show_view_counter":"1","show_featured":"1","show_post_meta":"1","show_post_author":"1","show_post_author_image":"1","show_post_date":"1","post_date_format":"default","post_date_format_custom":"Y\/m\/d","show_post_category":"1","show_post_reading_time":"0","post_reading_time_wpm":"300","show_zoom_button":"0","zoom_button_out_step":"2","zoom_button_in_step":"3","show_post_tag":"1","show_prev_next_post":"1","show_popup_post":"1","number_popup_post":"1","show_author_box":"1","show_post_related":"0","show_inline_post_related":"0"}],"override_image_size":"0","image_override":[{"single_post_thumbnail_size":"no-crop","single_post_gallery_size":"crop-500"}],"trending_post":"0","trending_post_position":"meta","trending_post_label":"Trending","sponsored_post":"0","sponsored_post_label":"Sponsored by","sponsored_post_name":"","sponsored_post_url":"","sponsored_post_logo_enable":"0","sponsored_post_logo":"","sponsored_post_desc":"","disable_ad":"0"},"jnews_primary_category":{"id":"","hide":""},"jnews_social_meta":{"fb_title":"","fb_description":"","fb_image":"","twitter_title":"","twitter_description":"","twitter_image":""},"jnews_override_counter":{"override_view_counter":"0","view_counter_number":"0","override_share_counter":"0","share_counter_number":"0","override_like_counter":"0","like_counter_number":"0","override_dislike_counter":"0","dislike_counter_number":"0"},"footnotes":""},"categories":[3384],"tags":[19090,19087,445,63,18924],"class_list":["post-89065","post","type-post","status-publish","format-standard","has-post-thumbnail","hentry","category-educacion","tag-ai","tag-chat-gpt","tag-educacion","tag-entrevista","tag-inteligencia-artificial"],"yoast_head":"<!-- This site is optimized with the Yoast SEO plugin v27.5 - https:\/\/yoast.com\/product\/yoast-seo-wordpress\/ -->\n<title>Inteligencia Artificial, Chat GPT y Educaci\u00f3n \u2013 Entrevista a Fabi\u00e1n Barros Andrade - Cooltivarte Portal<\/title>\n<meta name=\"description\" content=\"Coordinador Acad\u00e9mico de la Licenciatura en Dise\u00f1o, Arte y Tecnolog\u00eda -carrera que conceb\u00ed y dirijo desde su lanzamiento- y Catedr\u00e1tico de Artes Digitales y Nuevas Tecnolog\u00edas de la Universidad ORT Uruguay.\" \/>\n<meta name=\"robots\" content=\"index, follow, max-snippet:-1, max-image-preview:large, max-video-preview:-1\" \/>\n<link rel=\"canonical\" href=\"https:\/\/cooltivarte.com\/portal\/inteligencia-artificial-chat-gpt-y-educacion-entrevista-a-fabian-barros-andrade\/\" \/>\n<meta property=\"og:locale\" content=\"es_ES\" \/>\n<meta property=\"og:type\" content=\"article\" \/>\n<meta property=\"og:title\" content=\"Inteligencia Artificial, Chat GPT y Educaci\u00f3n \u2013 Entrevista a Fabi\u00e1n Barros Andrade\" \/>\n<meta property=\"og:description\" content=\"Aqu\u00ed surgen los grandes desaf\u00edos que implica para la educaci\u00f3n y para los educadores. \u00bfC\u00f3mo se enfrenta el problema? \u00bfEs verdaderamente un problema? \u00bfC\u00f3mo se encara un nuevo modelo que incorpore o enfrente a estos modelos de IA que los ni\u00f1os y j\u00f3venes pueden manejar mejor que los adultos? \u00bfSe cambia la forma? \u00bfEl contenido?\" \/>\n<meta property=\"og:url\" content=\"https:\/\/cooltivarte.com\/portal\/inteligencia-artificial-chat-gpt-y-educacion-entrevista-a-fabian-barros-andrade\/\" \/>\n<meta property=\"og:site_name\" content=\"Cooltivarte Portal\" \/>\n<meta property=\"article:publisher\" content=\"https:\/\/www.facebook.com\/cooltivartecom\/\" \/>\n<meta property=\"article:author\" content=\"https:\/\/www.facebook.com\/cooltivartecom\" \/>\n<meta property=\"article:published_time\" content=\"2023-03-29T18:48:44+00:00\" \/>\n<meta property=\"og:image\" content=\"https:\/\/cooltivarte.com\/portal\/wp-content\/uploads\/2023\/03\/inteligencia-artificial-chatgpt-educacion-entrevista-fabian-barros-andrade.jpg\" \/>\n\t<meta property=\"og:image:width\" content=\"959\" \/>\n\t<meta property=\"og:image:height\" content=\"467\" \/>\n\t<meta property=\"og:image:type\" content=\"image\/jpeg\" \/>\n<meta name=\"author\" content=\"Cooltivarte\" \/>\n<meta name=\"twitter:card\" content=\"summary_large_image\" \/>\n<meta name=\"twitter:title\" content=\"Inteligencia Artificial, Chat GPT y Educaci\u00f3n \u2013 Entrevista a Fabi\u00e1n Barros Andrade\" \/>\n<meta name=\"twitter:description\" content=\"Aqu\u00ed surgen los grandes desaf\u00edos que implica para la educaci\u00f3n y para los educadores. \u00bfC\u00f3mo se enfrenta el problema? \u00bfEs verdaderamente un problema? \u00bfC\u00f3mo se encara un nuevo modelo que incorpore o enfrente a estos modelos de IA que los ni\u00f1os y j\u00f3venes pueden manejar mejor que los adultos? \u00bfSe cambia la forma? \u00bfEl contenido?\" \/>\n<meta name=\"twitter:image\" content=\"https:\/\/cooltivarte.com\/portal\/wp-content\/uploads\/2023\/03\/inteligencia-artificial-chatgpt-educacion-entrevista-fabian-barros-andrade.jpg\" \/>\n<meta name=\"twitter:creator\" content=\"@https:\/\/x.com\/obolocultural\" \/>\n<meta name=\"twitter:site\" content=\"@obolocultural\" \/>\n<meta name=\"twitter:label1\" content=\"Escrito por\" \/>\n\t<meta name=\"twitter:data1\" content=\"Cooltivarte\" \/>\n\t<meta name=\"twitter:label2\" content=\"Tiempo de lectura\" \/>\n\t<meta name=\"twitter:data2\" content=\"7 minutos\" \/>\n<!-- \/ Yoast SEO plugin. -->","yoast_head_json":{"title":"Inteligencia Artificial, Chat GPT y Educaci\u00f3n \u2013 Entrevista a Fabi\u00e1n Barros Andrade - Cooltivarte Portal","description":"Coordinador Acad\u00e9mico de la Licenciatura en Dise\u00f1o, Arte y Tecnolog\u00eda -carrera que conceb\u00ed y dirijo desde su lanzamiento- y Catedr\u00e1tico de Artes Digitales y Nuevas Tecnolog\u00edas de la Universidad ORT Uruguay.","robots":{"index":"index","follow":"follow","max-snippet":"max-snippet:-1","max-image-preview":"max-image-preview:large","max-video-preview":"max-video-preview:-1"},"canonical":"https:\/\/cooltivarte.com\/portal\/inteligencia-artificial-chat-gpt-y-educacion-entrevista-a-fabian-barros-andrade\/","og_locale":"es_ES","og_type":"article","og_title":"Inteligencia Artificial, Chat GPT y Educaci\u00f3n \u2013 Entrevista a Fabi\u00e1n Barros Andrade","og_description":"Aqu\u00ed surgen los grandes desaf\u00edos que implica para la educaci\u00f3n y para los educadores. \u00bfC\u00f3mo se enfrenta el problema? \u00bfEs verdaderamente un problema? \u00bfC\u00f3mo se encara un nuevo modelo que incorpore o enfrente a estos modelos de IA que los ni\u00f1os y j\u00f3venes pueden manejar mejor que los adultos? \u00bfSe cambia la forma? \u00bfEl contenido?","og_url":"https:\/\/cooltivarte.com\/portal\/inteligencia-artificial-chat-gpt-y-educacion-entrevista-a-fabian-barros-andrade\/","og_site_name":"Cooltivarte Portal","article_publisher":"https:\/\/www.facebook.com\/cooltivartecom\/","article_author":"https:\/\/www.facebook.com\/cooltivartecom","article_published_time":"2023-03-29T18:48:44+00:00","og_image":[{"width":959,"height":467,"url":"https:\/\/cooltivarte.com\/portal\/wp-content\/uploads\/2023\/03\/inteligencia-artificial-chatgpt-educacion-entrevista-fabian-barros-andrade.jpg","type":"image\/jpeg"}],"author":"Cooltivarte","twitter_card":"summary_large_image","twitter_title":"Inteligencia Artificial, Chat GPT y Educaci\u00f3n \u2013 Entrevista a Fabi\u00e1n Barros Andrade","twitter_description":"Aqu\u00ed surgen los grandes desaf\u00edos que implica para la educaci\u00f3n y para los educadores. \u00bfC\u00f3mo se enfrenta el problema? \u00bfEs verdaderamente un problema? \u00bfC\u00f3mo se encara un nuevo modelo que incorpore o enfrente a estos modelos de IA que los ni\u00f1os y j\u00f3venes pueden manejar mejor que los adultos? \u00bfSe cambia la forma? \u00bfEl contenido?","twitter_image":"https:\/\/cooltivarte.com\/portal\/wp-content\/uploads\/2023\/03\/inteligencia-artificial-chatgpt-educacion-entrevista-fabian-barros-andrade.jpg","twitter_creator":"@https:\/\/x.com\/obolocultural","twitter_site":"@obolocultural","twitter_misc":{"Escrito por":"Cooltivarte","Tiempo de lectura":"7 minutos"},"schema":{"@context":"https:\/\/schema.org","@graph":[{"@type":"NewsArticle","@id":"https:\/\/cooltivarte.com\/portal\/inteligencia-artificial-chat-gpt-y-educacion-entrevista-a-fabian-barros-andrade\/#article","isPartOf":{"@id":"https:\/\/cooltivarte.com\/portal\/inteligencia-artificial-chat-gpt-y-educacion-entrevista-a-fabian-barros-andrade\/"},"author":{"name":"Cooltivarte","@id":"https:\/\/cooltivarte.com\/portal\/#\/schema\/person\/ec2a4f4e71b740d0c559c0ab9a157e19"},"headline":"Inteligencia Artificial, Chat GPT y Educaci\u00f3n \u2013 Entrevista a Fabi\u00e1n Barros Andrade","datePublished":"2023-03-29T18:48:44+00:00","mainEntityOfPage":{"@id":"https:\/\/cooltivarte.com\/portal\/inteligencia-artificial-chat-gpt-y-educacion-entrevista-a-fabian-barros-andrade\/"},"wordCount":1360,"publisher":{"@id":"https:\/\/cooltivarte.com\/portal\/#organization"},"image":{"@id":"https:\/\/cooltivarte.com\/portal\/inteligencia-artificial-chat-gpt-y-educacion-entrevista-a-fabian-barros-andrade\/#primaryimage"},"thumbnailUrl":"https:\/\/cooltivarte.com\/portal\/wp-content\/uploads\/2023\/03\/inteligencia-artificial-chatgpt-educacion-entrevista-fabian-barros-andrade.jpg","keywords":["AI","Chat GPT","Educaci\u00f3n","Entrevista","inteligencia artificial"],"articleSection":["Educaci\u00f3n"],"inLanguage":"es-AR"},{"@type":"WebPage","@id":"https:\/\/cooltivarte.com\/portal\/inteligencia-artificial-chat-gpt-y-educacion-entrevista-a-fabian-barros-andrade\/","url":"https:\/\/cooltivarte.com\/portal\/inteligencia-artificial-chat-gpt-y-educacion-entrevista-a-fabian-barros-andrade\/","name":"Inteligencia Artificial, Chat GPT y Educaci\u00f3n \u2013 Entrevista a Fabi\u00e1n Barros Andrade - Cooltivarte Portal","isPartOf":{"@id":"https:\/\/cooltivarte.com\/portal\/#website"},"primaryImageOfPage":{"@id":"https:\/\/cooltivarte.com\/portal\/inteligencia-artificial-chat-gpt-y-educacion-entrevista-a-fabian-barros-andrade\/#primaryimage"},"image":{"@id":"https:\/\/cooltivarte.com\/portal\/inteligencia-artificial-chat-gpt-y-educacion-entrevista-a-fabian-barros-andrade\/#primaryimage"},"thumbnailUrl":"https:\/\/cooltivarte.com\/portal\/wp-content\/uploads\/2023\/03\/inteligencia-artificial-chatgpt-educacion-entrevista-fabian-barros-andrade.jpg","datePublished":"2023-03-29T18:48:44+00:00","description":"Coordinador Acad\u00e9mico de la Licenciatura en Dise\u00f1o, Arte y Tecnolog\u00eda -carrera que conceb\u00ed y dirijo desde su lanzamiento- y Catedr\u00e1tico de Artes Digitales y Nuevas Tecnolog\u00edas de la Universidad ORT Uruguay.","breadcrumb":{"@id":"https:\/\/cooltivarte.com\/portal\/inteligencia-artificial-chat-gpt-y-educacion-entrevista-a-fabian-barros-andrade\/#breadcrumb"},"inLanguage":"es-AR","potentialAction":[{"@type":"ReadAction","target":["https:\/\/cooltivarte.com\/portal\/inteligencia-artificial-chat-gpt-y-educacion-entrevista-a-fabian-barros-andrade\/"]}]},{"@type":"ImageObject","inLanguage":"es-AR","@id":"https:\/\/cooltivarte.com\/portal\/inteligencia-artificial-chat-gpt-y-educacion-entrevista-a-fabian-barros-andrade\/#primaryimage","url":"https:\/\/cooltivarte.com\/portal\/wp-content\/uploads\/2023\/03\/inteligencia-artificial-chatgpt-educacion-entrevista-fabian-barros-andrade.jpg","contentUrl":"https:\/\/cooltivarte.com\/portal\/wp-content\/uploads\/2023\/03\/inteligencia-artificial-chatgpt-educacion-entrevista-fabian-barros-andrade.jpg","width":959,"height":467,"caption":"Inteligencia Artificial, Chat GPT y Educaci\u00f3n \u2013 Entrevista a Fabi\u00e1n Barros Andrade \u2013 Marzo 2023 \u2013 Imagen composici\u00f3n \u2013 Fondo: freepik.es"},{"@type":"BreadcrumbList","@id":"https:\/\/cooltivarte.com\/portal\/inteligencia-artificial-chat-gpt-y-educacion-entrevista-a-fabian-barros-andrade\/#breadcrumb","itemListElement":[{"@type":"ListItem","position":1,"name":"Portada","item":"https:\/\/cooltivarte.com\/portal\/"},{"@type":"ListItem","position":2,"name":"Inteligencia Artificial, Chat GPT y Educaci\u00f3n \u2013 Entrevista a Fabi\u00e1n Barros Andrade"}]},{"@type":"WebSite","@id":"https:\/\/cooltivarte.com\/portal\/#website","url":"https:\/\/cooltivarte.com\/portal\/","name":"Cooltivarte Portal","description":"Arte, cultura y turismo para el mundo ...","publisher":{"@id":"https:\/\/cooltivarte.com\/portal\/#organization"},"potentialAction":[{"@type":"SearchAction","target":{"@type":"EntryPoint","urlTemplate":"https:\/\/cooltivarte.com\/portal\/?s={search_term_string}"},"query-input":{"@type":"PropertyValueSpecification","valueRequired":true,"valueName":"search_term_string"}}],"inLanguage":"es-AR"},{"@type":"Organization","@id":"https:\/\/cooltivarte.com\/portal\/#organization","name":"cooltivarte","url":"https:\/\/cooltivarte.com\/portal\/","logo":{"@type":"ImageObject","inLanguage":"es-AR","@id":"https:\/\/cooltivarte.com\/portal\/#\/schema\/logo\/image\/","url":"https:\/\/cooltivarte.com\/portal\/wp-content\/uploads\/2020\/04\/logo-cooltivarte-v2.png","contentUrl":"https:\/\/cooltivarte.com\/portal\/wp-content\/uploads\/2020\/04\/logo-cooltivarte-v2.png","width":851,"height":243,"caption":"cooltivarte"},"image":{"@id":"https:\/\/cooltivarte.com\/portal\/#\/schema\/logo\/image\/"},"sameAs":["https:\/\/www.facebook.com\/cooltivartecom\/","https:\/\/x.com\/obolocultural","https:\/\/www.instagram.com\/_cooltivarte_\/","https:\/\/www.linkedin.com\/company\/-bolocultural?reportsuccess=8zaNG1HwhPbAR9iQhZ5rfGeqz_vQFftHun0ZWU0Wy9vNemRJ8vtcKdJvzQfW8XagyOJSKg0XvfJ1dp","https:\/\/www.pinterest.com\/cooltivarte\/","https:\/\/cooltivarte.tumblr.com\/","https:\/\/www.tiktok.com\/@cooltivarte","https:\/\/www.youtube.com\/@PrensaCooltivarte"]},{"@type":"Person","@id":"https:\/\/cooltivarte.com\/portal\/#\/schema\/person\/ec2a4f4e71b740d0c559c0ab9a157e19","name":"Cooltivarte","image":{"@type":"ImageObject","inLanguage":"es-AR","@id":"https:\/\/cooltivarte.com\/portal\/wp-content\/uploads\/2014\/05\/logo-cooltivarte-120x120.jpg","url":"https:\/\/cooltivarte.com\/portal\/wp-content\/uploads\/2014\/05\/logo-cooltivarte-120x120.jpg","contentUrl":"https:\/\/cooltivarte.com\/portal\/wp-content\/uploads\/2014\/05\/logo-cooltivarte-120x120.jpg","caption":"Cooltivarte"},"description":"Somos COOLTIVARTE.COM. Un portal digital dedicado a difundir el acontecer art\u00edstico y cultural del Uruguay. Estamos en la vuelta desde el a\u00f1o 2003, y como evoluci\u00f3n del bolet\u00edn Obolo Cultural, nos encontramos abocados a apoyar a los artistas nacionales brind\u00e1ndoles un espacio de difusi\u00f3n. Creemos en la idea de utilizar la potencialidad que hoy d\u00eda nos otorga la web, para que la cultura uruguaya y sus creadores dispongan de una din\u00e1mica ventana, que los ponga en contacto entre s\u00ed y con el mundo. Somos COOLTIVARTE.COM y pretendemos configurarnos como un portal din\u00e1mico, entretenido y atento a los nuevos emprendimientos, que busque siempre la interacci\u00f3n con los artistas.","sameAs":["http:\/\/www.cooltivarte.com","https:\/\/www.facebook.com\/cooltivartecom","https:\/\/www.instagram.com\/_cooltivarte_\/","https:\/\/www.linkedin.com\/company\/-bolocultural","https:\/\/www.pinterest.com\/cooltivarte\/","https:\/\/x.com\/https:\/\/x.com\/obolocultural","https:\/\/www.youtube.com\/@PrensaCooltivarte","https:\/\/www.tumblr.com\/blog\/cooltivarte"],"url":"https:\/\/cooltivarte.com\/portal\/author\/cooltivarte\/"}]}},"_links":{"self":[{"href":"https:\/\/cooltivarte.com\/portal\/wp-json\/wp\/v2\/posts\/89065","targetHints":{"allow":["GET"]}}],"collection":[{"href":"https:\/\/cooltivarte.com\/portal\/wp-json\/wp\/v2\/posts"}],"about":[{"href":"https:\/\/cooltivarte.com\/portal\/wp-json\/wp\/v2\/types\/post"}],"author":[{"embeddable":true,"href":"https:\/\/cooltivarte.com\/portal\/wp-json\/wp\/v2\/users\/8"}],"replies":[{"embeddable":true,"href":"https:\/\/cooltivarte.com\/portal\/wp-json\/wp\/v2\/comments?post=89065"}],"version-history":[{"count":2,"href":"https:\/\/cooltivarte.com\/portal\/wp-json\/wp\/v2\/posts\/89065\/revisions"}],"predecessor-version":[{"id":89068,"href":"https:\/\/cooltivarte.com\/portal\/wp-json\/wp\/v2\/posts\/89065\/revisions\/89068"}],"wp:featuredmedia":[{"embeddable":true,"href":"https:\/\/cooltivarte.com\/portal\/wp-json\/wp\/v2\/media\/89066"}],"wp:attachment":[{"href":"https:\/\/cooltivarte.com\/portal\/wp-json\/wp\/v2\/media?parent=89065"}],"wp:term":[{"taxonomy":"category","embeddable":true,"href":"https:\/\/cooltivarte.com\/portal\/wp-json\/wp\/v2\/categories?post=89065"},{"taxonomy":"post_tag","embeddable":true,"href":"https:\/\/cooltivarte.com\/portal\/wp-json\/wp\/v2\/tags?post=89065"}],"curies":[{"name":"wp","href":"https:\/\/api.w.org\/{rel}","templated":true}]}}