{"id":89027,"date":"2023-03-28T11:42:56","date_gmt":"2023-03-28T14:42:56","guid":{"rendered":"http:\/\/cooltivarte.com\/portal\/?p=89027"},"modified":"2023-03-28T18:06:55","modified_gmt":"2023-03-28T21:06:55","slug":"festival-cinematografico-internacional-del-uruguay-cinemateca","status":"publish","type":"post","link":"https:\/\/cooltivarte.com\/portal\/festival-cinematografico-internacional-del-uruguay-cinemateca\/","title":{"rendered":"Festival Cinematogr\u00e1fico Internacional del Uruguay \u2013 Cinemateca"},"content":{"rendered":"<p><iframe title=\"YouTube video player\" src=\"https:\/\/www.youtube.com\/embed\/mpuHZcbEjvM\" width=\"100%\" height=\"515\" frameborder=\"0\" allowfullscreen=\"allowfullscreen\"><span data-mce-type=\"bookmark\" style=\"display: inline-block; width: 0px; overflow: hidden; line-height: 0;\" class=\"mce_SELRES_start\">\ufeff<\/span><\/iframe><br \/>\n&nbsp;<\/p>\n<p>Del 5 al 16 de abril 2023 se estar\u00e1 llevando a cabo la 41\u00b0 edici\u00f3n del Festival Cinematogr\u00e1fico Internacional del Uruguay.<br \/>\nLas pel\u00edculas se exhibir\u00e1n en las tres salas de Cinemateca uruguaya (Bartolom\u00e9 Mitre 1236), Sala B del Sodre (auditorio Nely Goiti\u00f1o), el complejo Life Cultural Alfabeta (Barreiro y Berro) y la Sala Zitarrosa (Av. 18 de julio 1012 esq. Julio Herrera y Obes).<\/p>\n<p>Adem\u00e1s se exhibiran pel\u00edculas en la sala virtual de&nbsp;<strong><a href=\"https:\/\/mascinemateca.org.uy\/home\" target=\"_blank\" rel=\"noopener\">+cinemateca&nbsp;<\/a><\/strong>(entre el 13 y 26 de abril), y habr\u00e1 exhibiciones itinerantes en Canelones, entre el 6 y el 16 de abril se proyectar\u00e1 una selecci\u00f3n de pel\u00edculas en el&nbsp;<strong>TeatroAlSur<\/strong>&nbsp;de Atl\u00e1ntida, el&nbsp;<strong>Auditorio Batalla de las Piedras<\/strong>&nbsp;en Las Piedras, en el&nbsp;<strong>Espacio Cultural Los Cerrillos<\/strong>&nbsp;y en&nbsp;<strong>Ajupen<\/strong>&nbsp;en la localidad de San Ram\u00f3n. En el canal&nbsp;<strong>TV Ciudad&nbsp;<\/strong>en el espacio \u00ab<em><strong>Cinemateca te acompa\u00f1a<\/strong><\/em>\u00bb los domingos de abril se emitir\u00e1 un film seleccionado del festival.<\/p>\n<p>El festival est\u00e1 compuesto por 200 pel\u00edculas en total, 130 largometrajes y 70 cortos en los que est\u00e1n representados 50 pa\u00edses.<\/p>\n<p>La apertura ser\u00e1 en el&nbsp;<strong>Teatro Sol\u00eds<\/strong>&nbsp;el d\u00eda 5 de abril a las 20:30hs. El film que da inicio al festival ser\u00e1 \u00ab<strong><em>Les enfants des autres<\/em><\/strong>\u00bb (Los hijos de otros) de la directora francesa Rebecca Zlotwski. La protagonista de esta historia es Rachel, una profesora de 40 a\u00f1os que se enamora de un hombre reci\u00e9n separado. \u00c9l tiene una hija de cuatro a\u00f1os, Rachel no tiene hijos y su tiempo para convertirse en madre se est\u00e1 agotando. Opera en el film, una suerte de juego entre la sensualidad, los peque\u00f1os toques de comedia y una reflexi\u00f3n inteligente y sensible sobre la maternidad, las mujeres y el tema de los cuidados.<\/p>\n<p>&nbsp;<\/p>\n<p><iframe title=\"YouTube video player\" src=\"https:\/\/www.youtube.com\/embed\/KugOKTgTA1c\" width=\"100%\" height=\"515\" frameborder=\"0\" allowfullscreen=\"allowfullscreen\"><span data-mce-type=\"bookmark\" style=\"display: inline-block; width: 0px; overflow: hidden; line-height: 0;\" class=\"mce_SELRES_start\">\ufeff<\/span><\/iframe><\/p>\n<p>&nbsp;<\/p>\n<p><strong>La noche de clausura&nbsp;<\/strong>ser\u00e1 el s\u00e1bado 15 de abril a las 19:30 en Sala Zitarrosa, luego de la entrega de premios se exhibir\u00e1 el film&nbsp;\u00ab<strong><em>20.000 especies de abejas<\/em><\/strong>\u00bb&nbsp;, pel\u00edcula vasca,dirigida por&nbsp;<strong>Estibaliz Urresola Solaguren<\/strong>. Este film recibi\u00f3 dos premios en la Berlinale, uno de ellos el Oso de Plata a la mejor actriz protag\u00f3nica otorgado a Sof\u00eda Otero, adem\u00e1s del premio a Mejor pel\u00edcula espa\u00f1ola en el Festival de M\u00e1laga.<br \/>\nNarra la historia de una ni\u00f1a trans, en esos d\u00edas en que su entorno empieza a notar algunos cambios en su comportamiento y que en medio de la confusi\u00f3n, alertan a su cari\u00f1osa t\u00eda Lourdes, que es apicultora, y la primera que comienza a comprender lo que est\u00e1 ocurriendo. Una pel\u00edcula sensible y valiente que aborda un tema complejo que nos interpela como sociedad.<\/p>\n<p>&nbsp;<br \/>\n<iframe title=\"YouTube video player\" src=\"https:\/\/www.youtube.com\/embed\/LD5wCyfV4C0\" width=\"100%\" height=\"515\" frameborder=\"0\" allowfullscreen=\"allowfullscreen\"><span data-mce-type=\"bookmark\" style=\"display: inline-block; width: 0px; overflow: hidden; line-height: 0;\" class=\"mce_SELRES_start\">\ufeff<\/span><\/iframe><\/p>\n<p>&nbsp;<\/p>\n<p>Por m\u00e1s informaci\u00f3n del festival pueden consultar en la pagina oficial de&nbsp;<strong><a href=\"https:\/\/cinemateca.org.uy\/festival\" target=\"_blank\" rel=\"noopener\">Cinemateca<\/a><\/strong><\/p>\n<p>&nbsp;<\/p>\n<p>&nbsp;<\/p>\n<p>&nbsp;<\/p>\n<p>&nbsp;<\/p>\n<div id=\"atatags-370373-6422fb553909f\">&nbsp;<\/div>\n<div id=\"wordads-preview-parent\" class=\"wpcnt\">\n<div class=\"wpa\">&nbsp;<\/div>\n<\/div>\n","protected":false},"excerpt":{"rendered":"<p>\ufeff &nbsp; Del 5 al 16 de abril 2023 se estar\u00e1 llevando a cabo la 41\u00b0 edici\u00f3n del Festival Cinematogr\u00e1fico Internacional del Uruguay. Las pel\u00edculas se exhibir\u00e1n en las tres salas de Cinemateca uruguaya (Bartolom\u00e9 Mitre 1236), Sala B del Sodre (auditorio Nely Goiti\u00f1o), el complejo Life Cultural Alfabeta (Barreiro y Berro) y la Sala [&hellip;]<\/p>\n","protected":false},"author":155,"featured_media":89028,"comment_status":"closed","ping_status":"closed","sticky":false,"template":"","format":"standard","meta":{"om_disable_all_campaigns":false,"ngg_post_thumbnail":0,"jnews-multi-image_gallery":[],"jnews_single_post":{"subtitle":"","format":"standard","video":"","gallery":"","source_name":"","source_url":"","via_name":"","via_url":"","override_template":"0","override":[{"template":"4","single_blog_custom":"","parallax":"1","fullscreen":"0","layout":"right-sidebar","sidebar":"default-sidebar","second_sidebar":"default-sidebar","sticky_sidebar":"1","share_position":"bottom","share_float_style":"share-monocrhome","show_share_counter":"1","show_view_counter":"1","show_featured":"1","show_post_meta":"1","show_post_author":"1","show_post_author_image":"1","show_post_date":"1","post_date_format":"default","post_date_format_custom":"Y\/m\/d","show_post_category":"1","show_post_reading_time":"0","post_reading_time_wpm":"300","show_zoom_button":"0","zoom_button_out_step":"2","zoom_button_in_step":"3","show_post_tag":"1","show_prev_next_post":"1","show_popup_post":"1","number_popup_post":"1","show_author_box":"1","show_post_related":"0","show_inline_post_related":"0"}],"override_image_size":"0","image_override":[{"single_post_thumbnail_size":"no-crop","single_post_gallery_size":"crop-500"}],"trending_post":"0","trending_post_position":"meta","trending_post_label":"Trending","sponsored_post":"0","sponsored_post_label":"Sponsored by","sponsored_post_name":"","sponsored_post_url":"","sponsored_post_logo_enable":"0","sponsored_post_logo":"","sponsored_post_desc":"","disable_ad":"0"},"jnews_primary_category":{"id":"","hide":""},"jnews_social_meta":{"fb_title":"","fb_description":"","fb_image":"","twitter_title":"","twitter_description":"","twitter_image":""},"jnews_override_counter":{"override_view_counter":"0","view_counter_number":"0","override_share_counter":"0","share_counter_number":"0","override_like_counter":"0","like_counter_number":"0","override_dislike_counter":"0","dislike_counter_number":"0"},"footnotes":""},"categories":[72],"tags":[3733,5827,8181],"class_list":["post-89027","post","type-post","status-publish","format-standard","has-post-thumbnail","hentry","category-cine","tag-cinemateca","tag-festival-de-cine","tag-festivales"],"yoast_head":"<!-- This site is optimized with the Yoast SEO plugin v27.4 - https:\/\/yoast.com\/product\/yoast-seo-wordpress\/ -->\n<title>Festival Cinematogr\u00e1fico Internacional del Uruguay \u2013 Cinemateca - Cooltivarte Portal<\/title>\n<meta name=\"description\" content=\"Del 5 al 16 de abril 2023 se estar\u00e1 llevando a cabo la 41\u00b0 edici\u00f3n del Festival Cinematogr\u00e1fico Internacional del Uruguay.Las pel\u00edculas se exhibir\u00e1n en las tres salas de Cinemateca uruguaya (Bartolom\u00e9 Mitre 1236), Sala B del Sodre (auditorio Nely Goiti\u00f1o), el complejo Life Cultural Alfabeta (Barreiro y Berro) y la Sala Zitarrosa (Av. 18 de julio 1012 esq. Julio Herrera y Obes).\" \/>\n<meta name=\"robots\" content=\"index, follow, max-snippet:-1, max-image-preview:large, max-video-preview:-1\" \/>\n<link rel=\"canonical\" href=\"https:\/\/cooltivarte.com\/portal\/festival-cinematografico-internacional-del-uruguay-cinemateca\/\" \/>\n<meta property=\"og:locale\" content=\"es_ES\" \/>\n<meta property=\"og:type\" content=\"article\" \/>\n<meta property=\"og:title\" content=\"Festival Cinematogr\u00e1fico Internacional del Uruguay \u2013 Cinemateca\" \/>\n<meta property=\"og:description\" content=\"Del 5 al 16 de abril 2023 se estar\u00e1 llevando a cabo la 41\u00b0 edici\u00f3n del Festival Cinematogr\u00e1fico Internacional del Uruguay.Las pel\u00edculas se exhibir\u00e1n en las tres salas de Cinemateca uruguaya (Bartolom\u00e9 Mitre 1236), Sala B del Sodre (auditorio Nely Goiti\u00f1o), el complejo Life Cultural Alfabeta (Barreiro y Berro) y la Sala Zitarrosa (Av. 18 de julio 1012 esq. Julio Herrera y Obes).\" \/>\n<meta property=\"og:url\" content=\"https:\/\/cooltivarte.com\/portal\/festival-cinematografico-internacional-del-uruguay-cinemateca\/\" \/>\n<meta property=\"og:site_name\" content=\"Cooltivarte Portal\" \/>\n<meta property=\"article:publisher\" content=\"https:\/\/www.facebook.com\/cooltivartecom\/\" \/>\n<meta property=\"article:author\" content=\"https:\/\/www.facebook.com\/cineylibros\/\" \/>\n<meta property=\"article:published_time\" content=\"2023-03-28T14:42:56+00:00\" \/>\n<meta property=\"article:modified_time\" content=\"2023-03-28T21:06:55+00:00\" \/>\n<meta property=\"og:image\" content=\"https:\/\/cooltivarte.com\/portal\/wp-content\/uploads\/2023\/03\/cinema-rotated.jpg\" \/>\n\t<meta property=\"og:image:width\" content=\"639\" \/>\n\t<meta property=\"og:image:height\" content=\"863\" \/>\n\t<meta property=\"og:image:type\" content=\"image\/jpeg\" \/>\n<meta name=\"author\" content=\"Luciana Rodriguez\" \/>\n<meta name=\"twitter:card\" content=\"summary_large_image\" \/>\n<meta name=\"twitter:title\" content=\"Festival Cinematogr\u00e1fico Internacional del Uruguay \u2013 Cinemateca\" \/>\n<meta name=\"twitter:description\" content=\"Del 5 al 16 de abril 2023 se estar\u00e1 llevando a cabo la 41\u00b0 edici\u00f3n del Festival Cinematogr\u00e1fico Internacional del Uruguay.Las pel\u00edculas se exhibir\u00e1n en las tres salas de Cinemateca uruguaya (Bartolom\u00e9 Mitre 1236), Sala B del Sodre (auditorio Nely Goiti\u00f1o), el complejo Life Cultural Alfabeta (Barreiro y Berro) y la Sala Zitarrosa (Av. 18 de julio 1012 esq. Julio Herrera y Obes).\" \/>\n<meta name=\"twitter:image\" content=\"https:\/\/cooltivarte.com\/portal\/wp-content\/uploads\/2023\/03\/cinema-rotated.jpg\" \/>\n<meta name=\"twitter:creator\" content=\"@https:\/\/x.com\/obolocultural\" \/>\n<meta name=\"twitter:site\" content=\"@obolocultural\" \/>\n<meta name=\"twitter:label1\" content=\"Escrito por\" \/>\n\t<meta name=\"twitter:data1\" content=\"Luciana Rodriguez\" \/>\n\t<meta name=\"twitter:label2\" content=\"Tiempo de lectura\" \/>\n\t<meta name=\"twitter:data2\" content=\"2 minutos\" \/>\n<!-- \/ Yoast SEO plugin. -->","yoast_head_json":{"title":"Festival Cinematogr\u00e1fico Internacional del Uruguay \u2013 Cinemateca - Cooltivarte Portal","description":"Del 5 al 16 de abril 2023 se estar\u00e1 llevando a cabo la 41\u00b0 edici\u00f3n del Festival Cinematogr\u00e1fico Internacional del Uruguay.Las pel\u00edculas se exhibir\u00e1n en las tres salas de Cinemateca uruguaya (Bartolom\u00e9 Mitre 1236), Sala B del Sodre (auditorio Nely Goiti\u00f1o), el complejo Life Cultural Alfabeta (Barreiro y Berro) y la Sala Zitarrosa (Av. 18 de julio 1012 esq. Julio Herrera y Obes).","robots":{"index":"index","follow":"follow","max-snippet":"max-snippet:-1","max-image-preview":"max-image-preview:large","max-video-preview":"max-video-preview:-1"},"canonical":"https:\/\/cooltivarte.com\/portal\/festival-cinematografico-internacional-del-uruguay-cinemateca\/","og_locale":"es_ES","og_type":"article","og_title":"Festival Cinematogr\u00e1fico Internacional del Uruguay \u2013 Cinemateca","og_description":"Del 5 al 16 de abril 2023 se estar\u00e1 llevando a cabo la 41\u00b0 edici\u00f3n del Festival Cinematogr\u00e1fico Internacional del Uruguay.Las pel\u00edculas se exhibir\u00e1n en las tres salas de Cinemateca uruguaya (Bartolom\u00e9 Mitre 1236), Sala B del Sodre (auditorio Nely Goiti\u00f1o), el complejo Life Cultural Alfabeta (Barreiro y Berro) y la Sala Zitarrosa (Av. 18 de julio 1012 esq. Julio Herrera y Obes).","og_url":"https:\/\/cooltivarte.com\/portal\/festival-cinematografico-internacional-del-uruguay-cinemateca\/","og_site_name":"Cooltivarte Portal","article_publisher":"https:\/\/www.facebook.com\/cooltivartecom\/","article_author":"https:\/\/www.facebook.com\/cineylibros\/","article_published_time":"2023-03-28T14:42:56+00:00","article_modified_time":"2023-03-28T21:06:55+00:00","og_image":[{"width":639,"height":863,"url":"https:\/\/cooltivarte.com\/portal\/wp-content\/uploads\/2023\/03\/cinema-rotated.jpg","type":"image\/jpeg"}],"author":"Luciana Rodriguez","twitter_card":"summary_large_image","twitter_title":"Festival Cinematogr\u00e1fico Internacional del Uruguay \u2013 Cinemateca","twitter_description":"Del 5 al 16 de abril 2023 se estar\u00e1 llevando a cabo la 41\u00b0 edici\u00f3n del Festival Cinematogr\u00e1fico Internacional del Uruguay.Las pel\u00edculas se exhibir\u00e1n en las tres salas de Cinemateca uruguaya (Bartolom\u00e9 Mitre 1236), Sala B del Sodre (auditorio Nely Goiti\u00f1o), el complejo Life Cultural Alfabeta (Barreiro y Berro) y la Sala Zitarrosa (Av. 18 de julio 1012 esq. Julio Herrera y Obes).","twitter_image":"https:\/\/cooltivarte.com\/portal\/wp-content\/uploads\/2023\/03\/cinema-rotated.jpg","twitter_creator":"@https:\/\/x.com\/obolocultural","twitter_site":"@obolocultural","twitter_misc":{"Escrito por":"Luciana Rodriguez","Tiempo de lectura":"2 minutos"},"schema":{"@context":"https:\/\/schema.org","@graph":[{"@type":"NewsArticle","@id":"https:\/\/cooltivarte.com\/portal\/festival-cinematografico-internacional-del-uruguay-cinemateca\/#article","isPartOf":{"@id":"https:\/\/cooltivarte.com\/portal\/festival-cinematografico-internacional-del-uruguay-cinemateca\/"},"author":{"name":"Luciana Rodriguez","@id":"https:\/\/cooltivarte.com\/portal\/#\/schema\/person\/5e9cf931afe7ffe76aa2a2d7d2c906bd"},"headline":"Festival Cinematogr\u00e1fico Internacional del Uruguay \u2013 Cinemateca","datePublished":"2023-03-28T14:42:56+00:00","dateModified":"2023-03-28T21:06:55+00:00","mainEntityOfPage":{"@id":"https:\/\/cooltivarte.com\/portal\/festival-cinematografico-internacional-del-uruguay-cinemateca\/"},"wordCount":489,"publisher":{"@id":"https:\/\/cooltivarte.com\/portal\/#organization"},"image":{"@id":"https:\/\/cooltivarte.com\/portal\/festival-cinematografico-internacional-del-uruguay-cinemateca\/#primaryimage"},"thumbnailUrl":"https:\/\/cooltivarte.com\/portal\/wp-content\/uploads\/2023\/03\/cinema-rotated.jpg","keywords":["Cinemateca","Festival de Cine","Festivales"],"articleSection":["Cine y TV"],"inLanguage":"es-AR"},{"@type":"WebPage","@id":"https:\/\/cooltivarte.com\/portal\/festival-cinematografico-internacional-del-uruguay-cinemateca\/","url":"https:\/\/cooltivarte.com\/portal\/festival-cinematografico-internacional-del-uruguay-cinemateca\/","name":"Festival Cinematogr\u00e1fico Internacional del Uruguay \u2013 Cinemateca - Cooltivarte Portal","isPartOf":{"@id":"https:\/\/cooltivarte.com\/portal\/#website"},"primaryImageOfPage":{"@id":"https:\/\/cooltivarte.com\/portal\/festival-cinematografico-internacional-del-uruguay-cinemateca\/#primaryimage"},"image":{"@id":"https:\/\/cooltivarte.com\/portal\/festival-cinematografico-internacional-del-uruguay-cinemateca\/#primaryimage"},"thumbnailUrl":"https:\/\/cooltivarte.com\/portal\/wp-content\/uploads\/2023\/03\/cinema-rotated.jpg","datePublished":"2023-03-28T14:42:56+00:00","dateModified":"2023-03-28T21:06:55+00:00","description":"Del 5 al 16 de abril 2023 se estar\u00e1 llevando a cabo la 41\u00b0 edici\u00f3n del Festival Cinematogr\u00e1fico Internacional del Uruguay.Las pel\u00edculas se exhibir\u00e1n en las tres salas de Cinemateca uruguaya (Bartolom\u00e9 Mitre 1236), Sala B del Sodre (auditorio Nely Goiti\u00f1o), el complejo Life Cultural Alfabeta (Barreiro y Berro) y la Sala Zitarrosa (Av. 18 de julio 1012 esq. Julio Herrera y Obes).","breadcrumb":{"@id":"https:\/\/cooltivarte.com\/portal\/festival-cinematografico-internacional-del-uruguay-cinemateca\/#breadcrumb"},"inLanguage":"es-AR","potentialAction":[{"@type":"ReadAction","target":["https:\/\/cooltivarte.com\/portal\/festival-cinematografico-internacional-del-uruguay-cinemateca\/"]}]},{"@type":"ImageObject","inLanguage":"es-AR","@id":"https:\/\/cooltivarte.com\/portal\/festival-cinematografico-internacional-del-uruguay-cinemateca\/#primaryimage","url":"https:\/\/cooltivarte.com\/portal\/wp-content\/uploads\/2023\/03\/cinema-rotated.jpg","contentUrl":"https:\/\/cooltivarte.com\/portal\/wp-content\/uploads\/2023\/03\/cinema-rotated.jpg","width":639,"height":863,"caption":"Festival Cinematogr\u00e1fico Internacional del Uruguay \u2013 Cinemateca"},{"@type":"BreadcrumbList","@id":"https:\/\/cooltivarte.com\/portal\/festival-cinematografico-internacional-del-uruguay-cinemateca\/#breadcrumb","itemListElement":[{"@type":"ListItem","position":1,"name":"Portada","item":"https:\/\/cooltivarte.com\/portal\/"},{"@type":"ListItem","position":2,"name":"Festival Cinematogr\u00e1fico Internacional del Uruguay \u2013 Cinemateca"}]},{"@type":"WebSite","@id":"https:\/\/cooltivarte.com\/portal\/#website","url":"https:\/\/cooltivarte.com\/portal\/","name":"Cooltivarte Portal","description":"Arte, cultura y turismo para el mundo ...","publisher":{"@id":"https:\/\/cooltivarte.com\/portal\/#organization"},"potentialAction":[{"@type":"SearchAction","target":{"@type":"EntryPoint","urlTemplate":"https:\/\/cooltivarte.com\/portal\/?s={search_term_string}"},"query-input":{"@type":"PropertyValueSpecification","valueRequired":true,"valueName":"search_term_string"}}],"inLanguage":"es-AR"},{"@type":"Organization","@id":"https:\/\/cooltivarte.com\/portal\/#organization","name":"cooltivarte","url":"https:\/\/cooltivarte.com\/portal\/","logo":{"@type":"ImageObject","inLanguage":"es-AR","@id":"https:\/\/cooltivarte.com\/portal\/#\/schema\/logo\/image\/","url":"https:\/\/cooltivarte.com\/portal\/wp-content\/uploads\/2020\/04\/logo-cooltivarte-v2.png","contentUrl":"https:\/\/cooltivarte.com\/portal\/wp-content\/uploads\/2020\/04\/logo-cooltivarte-v2.png","width":851,"height":243,"caption":"cooltivarte"},"image":{"@id":"https:\/\/cooltivarte.com\/portal\/#\/schema\/logo\/image\/"},"sameAs":["https:\/\/www.facebook.com\/cooltivartecom\/","https:\/\/x.com\/obolocultural","https:\/\/www.instagram.com\/_cooltivarte_\/","https:\/\/www.linkedin.com\/company\/-bolocultural?reportsuccess=8zaNG1HwhPbAR9iQhZ5rfGeqz_vQFftHun0ZWU0Wy9vNemRJ8vtcKdJvzQfW8XagyOJSKg0XvfJ1dp","https:\/\/www.pinterest.com\/cooltivarte\/","https:\/\/cooltivarte.tumblr.com\/","https:\/\/www.tiktok.com\/@cooltivarte","https:\/\/www.youtube.com\/@PrensaCooltivarte"]},{"@type":"Person","@id":"https:\/\/cooltivarte.com\/portal\/#\/schema\/person\/5e9cf931afe7ffe76aa2a2d7d2c906bd","name":"Luciana Rodriguez","image":{"@type":"ImageObject","inLanguage":"es-AR","@id":"https:\/\/cooltivarte.com\/portal\/wp-content\/uploads\/2019\/10\/luciana-120x120.jpg","url":"https:\/\/cooltivarte.com\/portal\/wp-content\/uploads\/2019\/10\/luciana-120x120.jpg","contentUrl":"https:\/\/cooltivarte.com\/portal\/wp-content\/uploads\/2019\/10\/luciana-120x120.jpg","caption":"Luciana Rodriguez"},"description":"Luciana Rodr\u00edguez, mam\u00e1, fot\u00f3grafa, t\u00e9cnica en comunicaci\u00f3n social, actualmente realizando la licenciatura en comunicaci\u00f3n audiovisual en la Fic (Udelar). Desde peque\u00f1a mi primer amor fue el cine, tard\u00edamente encontr\u00e9 mi segunda pasi\u00f3n en la literatura. Mi sue\u00f1o es lograr convertirme en cineasta, principalmente dentro del cine documental, mientras tanto disfruto de las obras ajenas intentando por este medio que otros las conozcan.","sameAs":["https:\/\/entrenoslibroscine.wordpress.com\/","https:\/\/www.facebook.com\/cineylibros\/","https:\/\/www.instagram.com\/luciana.rodriguez.cine","https:\/\/www.linkedin.com\/company\/-bolocultural\/","https:\/\/www.pinterest.com\/cooltivarte\/","https:\/\/x.com\/https:\/\/x.com\/obolocultural","https:\/\/www.youtube.com\/@PrensaCooltivarte","https:\/\/cooltivarte.tumblr.com\/"],"url":"https:\/\/cooltivarte.com\/portal\/author\/luciana-rodriguez\/"}]}},"_links":{"self":[{"href":"https:\/\/cooltivarte.com\/portal\/wp-json\/wp\/v2\/posts\/89027","targetHints":{"allow":["GET"]}}],"collection":[{"href":"https:\/\/cooltivarte.com\/portal\/wp-json\/wp\/v2\/posts"}],"about":[{"href":"https:\/\/cooltivarte.com\/portal\/wp-json\/wp\/v2\/types\/post"}],"author":[{"embeddable":true,"href":"https:\/\/cooltivarte.com\/portal\/wp-json\/wp\/v2\/users\/155"}],"replies":[{"embeddable":true,"href":"https:\/\/cooltivarte.com\/portal\/wp-json\/wp\/v2\/comments?post=89027"}],"version-history":[{"count":4,"href":"https:\/\/cooltivarte.com\/portal\/wp-json\/wp\/v2\/posts\/89027\/revisions"}],"predecessor-version":[{"id":89052,"href":"https:\/\/cooltivarte.com\/portal\/wp-json\/wp\/v2\/posts\/89027\/revisions\/89052"}],"wp:featuredmedia":[{"embeddable":true,"href":"https:\/\/cooltivarte.com\/portal\/wp-json\/wp\/v2\/media\/89028"}],"wp:attachment":[{"href":"https:\/\/cooltivarte.com\/portal\/wp-json\/wp\/v2\/media?parent=89027"}],"wp:term":[{"taxonomy":"category","embeddable":true,"href":"https:\/\/cooltivarte.com\/portal\/wp-json\/wp\/v2\/categories?post=89027"},{"taxonomy":"post_tag","embeddable":true,"href":"https:\/\/cooltivarte.com\/portal\/wp-json\/wp\/v2\/tags?post=89027"}],"curies":[{"name":"wp","href":"https:\/\/api.w.org\/{rel}","templated":true}]}}