{"id":89016,"date":"2023-03-27T19:48:48","date_gmt":"2023-03-27T22:48:48","guid":{"rendered":"http:\/\/cooltivarte.com\/portal\/?p=89016"},"modified":"2023-03-30T19:45:42","modified_gmt":"2023-03-30T22:45:42","slug":"36a-edicion-del-festival-minas-y-abril","status":"publish","type":"post","link":"https:\/\/cooltivarte.com\/portal\/36a-edicion-del-festival-minas-y-abril\/","title":{"rendered":"36\u00aa Edici\u00f3n del FESTIVAL MINAS Y ABRIL"},"content":{"rendered":"<p><img fetchpriority=\"high\" decoding=\"async\" class=\"aligncenter wp-image-89017 size-full\" title=\"36\u00b0 edici\u00f3n del Festival Minas y Abril Se viene el Festival Minas y Abril Entradas en venta en Redtickets o Redpagos\" src=\"https:\/\/cooltivarte.com\/portal\/wp-content\/uploads\/2023\/03\/festivalminasyabril.jpg\" alt=\"Festival Minas y Abril\" width=\"580\" height=\"380\" srcset=\"https:\/\/cooltivarte.com\/portal\/wp-content\/uploads\/2023\/03\/festivalminasyabril.jpg 580w, https:\/\/cooltivarte.com\/portal\/wp-content\/uploads\/2023\/03\/festivalminasyabril-300x197.jpg 300w\" sizes=\"(max-width: 580px) 100vw, 580px\" \/><\/p>\n<p>&nbsp;<\/p>\n<p>&nbsp;<\/p>\n<p><strong>36\u00b0 edici\u00f3n del Festival Minas y Abril &#8211; 14, 15 y 16 de abril de 2023<\/strong><\/p>\n<p>Se viene el Festival Minas y Abril Entradas en venta en <a href=\"https:\/\/redtickets.uy\/evento\/FestivalMinasyAbril\/10046\" target=\"_blank\" rel=\"noopener\">Redtickets<\/a> o Redpagos<\/p>\n<p>Pod\u00e9s abonar tu entrada con d\u00e9bito o cr\u00e9dito hasta en tres pagos.<\/p>\n<p>&nbsp;<\/p>\n<p><strong>36\u00b0 edici\u00f3n del Festival Minas y Abril<\/strong>, fiesta popular y de tradici\u00f3n gaucha a beneficio del Hospital Alfredo Vidal y Fuentes de la ciudad de Minas y de la Red de Asistencia Primaria del Departamento de Lavalleja.<\/p>\n<p>Miles de personas se re\u00fanen a\u00f1o a a\u00f1o en el ruedo del Parque Rod\u00f3 para disfrutar de espect\u00e1culos art\u00edsticos y actividad de ruedo de primer nivel. Vivirlo es \u00fanico!<\/p>\n<p>&nbsp;<\/p>\n<p><img decoding=\"async\" src=\"https:\/\/festivalminasyabril.com\/wp-content\/uploads\/2023\/03\/PROGRAMA1.jpg\"\/><\/p>\n<p>&nbsp;<\/p>\n<p><img decoding=\"async\" src=\"https:\/\/festivalminasyabril.com\/wp-content\/uploads\/2023\/03\/PROGRAMA2.jpg\"\/><\/p>\n<p>&nbsp;<\/p>\n<p><img decoding=\"async\" src=\"https:\/\/festivalminasyabril.com\/wp-content\/uploads\/2023\/03\/PROGRAMA3.jpg\"\/><\/p>\n<p>&nbsp;<\/p>\n<p><strong>Festival Minas y Abril<\/strong><\/p>\n<p>El Dr. Carlos Paravis, m\u00e9dico traumat\u00f3logo del Hospital \u201cDr. Alfredo Vidal y Fuentes\u201d de la ciudad de Minas, departamento de Lavalleja, conocido tambi\u00e9n por su nombre art\u00edstico \u201cSantiago Chalar\u201d, con el que conquist\u00f3 la escena nacional del canto popular, conviv\u00eda con la<br \/>\npreocupaci\u00f3n de la falta de material traumatol\u00f3gico para la asistencia de sus pacientes, quienes deb\u00edan en muchos casos trasladarse a la capital del pa\u00eds para lograr su recuperaci\u00f3n.<\/p>\n<p>En conversaci\u00f3n con su compa\u00f1ero y poeta Santos Inzaurralde, comparti\u00f3 su preocupaci\u00f3n y la necesidad de conseguir fondos para obtener materiales, que de otra forma no lograba. As\u00ed en el a\u00f1o 1985, junto a otros amigos y artistas populares que se sumaron solidariamente a la movida, entre otros Jos\u00e9 Luis \u201cPepe\u201d Guerra, Carlos Benavidez, la Payadora Marta Suint, se embarcaron en dicha empresa a la que llamaron \u201cFestival Minas y Abril\u201d, la cual result\u00f3 un \u00e9xito y su recaudaci\u00f3n permiti\u00f3 adquirir equipos para la atenci\u00f3n en la ciudad: una mesa de Schede, un Podoscopio, una Delitala y otros instrumentos de uso traumatol\u00f3gico.<\/p>\n<p>Con el paso del tiempo el Festival fue adquiriendo una identidad propia, tan ligada a sus fundadores, pero tambi\u00e9n a su tierra, perdurando a trav\u00e9s del tiempo y formando parte de la identidad de una comunidad que a\u00f1o a a\u00f1o une la cultura gauchesca, el canto y la<br \/>\nsolidaridad para con el Hospital \u201cDr. Alfredo Vidal y Fuentes\u201d y hoy tambi\u00e9n con los Centros de Atenci\u00f3n Perif\u00e9rica de Salud, permitiendo \u2013 con lo obtenido \u2013 invertir tanto en infraestructura como en equipamiento sanitario que ha posibilitado desarrollar mejoras constantes en la atenci\u00f3n de sus pacientes.<\/p>\n<p>Una maravillosa Fiesta cargada de amplitud, de tolerancia, de convivencia sana y respetuosa entre todos los que forman parte de ella, que rinde honor a sus creadores, construyendo un lugar mejor para futuras generaciones.<\/p>\n<p>&nbsp;<\/p>\n<p>&nbsp;<\/p>\n<p>&nbsp;<\/p>\n<p>&nbsp;<\/p>\n<p>&nbsp;<\/p>\n<p>&nbsp;<\/p>\n","protected":false},"excerpt":{"rendered":"<p>&nbsp; &nbsp; 36\u00b0 edici\u00f3n del Festival Minas y Abril &#8211; 14, 15 y 16 de abril de 2023 Se viene el Festival Minas y Abril Entradas en venta en Redtickets o Redpagos Pod\u00e9s abonar tu entrada con d\u00e9bito o cr\u00e9dito hasta en tres pagos. &nbsp; 36\u00b0 edici\u00f3n del Festival Minas y Abril, fiesta popular y [&hellip;]<\/p>\n","protected":false},"author":8,"featured_media":89017,"comment_status":"closed","ping_status":"closed","sticky":false,"template":"","format":"standard","meta":{"om_disable_all_campaigns":false,"ngg_post_thumbnail":0,"jnews-multi-image_gallery":[],"jnews_single_post":{"subtitle":"14, 15 y 16 de abril de 2023","format":"standard","video":"","gallery":"","source_name":"","source_url":"","via_name":"","via_url":"","override_template":"0","override":[{"template":"4","single_blog_custom":"","parallax":"1","fullscreen":"0","layout":"right-sidebar","sidebar":"default-sidebar","second_sidebar":"default-sidebar","sticky_sidebar":"1","share_position":"bottom","share_float_style":"share-monocrhome","show_share_counter":"1","show_view_counter":"1","show_featured":"1","show_post_meta":"1","show_post_author":"1","show_post_author_image":"1","show_post_date":"1","post_date_format":"default","post_date_format_custom":"Y\/m\/d","show_post_category":"1","show_post_reading_time":"0","post_reading_time_wpm":"300","show_zoom_button":"0","zoom_button_out_step":"2","zoom_button_in_step":"3","show_post_tag":"1","show_prev_next_post":"1","show_popup_post":"1","number_popup_post":"1","show_author_box":"1","show_post_related":"0","show_inline_post_related":"0"}],"override_image_size":"0","image_override":[{"single_post_thumbnail_size":"no-crop","single_post_gallery_size":"crop-500"}],"trending_post":"0","trending_post_position":"meta","trending_post_label":"Trending","sponsored_post":"0","sponsored_post_label":"Sponsored by","sponsored_post_name":"","sponsored_post_url":"","sponsored_post_logo_enable":"0","sponsored_post_logo":"","sponsored_post_desc":"","disable_ad":"0"},"jnews_primary_category":{"id":"","hide":""},"jnews_social_meta":{"fb_title":"","fb_description":"","fb_image":"","twitter_title":"","twitter_description":"","twitter_image":""},"jnews_override_counter":{"override_view_counter":"0","view_counter_number":"0","override_share_counter":"0","share_counter_number":"0","override_like_counter":"0","like_counter_number":"0","override_dislike_counter":"0","dislike_counter_number":"0"},"footnotes":""},"categories":[3394],"tags":[8219],"class_list":["post-89016","post","type-post","status-publish","format-standard","has-post-thumbnail","hentry","category-eventos","tag-festival-minas-y-abril"],"yoast_head":"<!-- This site is optimized with the Yoast SEO plugin v27.5 - https:\/\/yoast.com\/product\/yoast-seo-wordpress\/ -->\n<title>36\u00aa Edici\u00f3n del FESTIVAL MINAS Y ABRIL - Cooltivarte Portal<\/title>\n<meta name=\"description\" content=\"36\u00b0 edici\u00f3n del Festival Minas y AbrilSe viene el Festival Minas y Abril Entradas en venta en Redtickets o Redpagos\" \/>\n<meta name=\"robots\" content=\"index, follow, max-snippet:-1, max-image-preview:large, max-video-preview:-1\" \/>\n<link rel=\"canonical\" href=\"https:\/\/cooltivarte.com\/portal\/36a-edicion-del-festival-minas-y-abril\/\" \/>\n<meta property=\"og:locale\" content=\"es_ES\" \/>\n<meta property=\"og:type\" content=\"article\" \/>\n<meta property=\"og:title\" content=\"36\u00aa Edici\u00f3n del FESTIVAL MINAS Y ABRIL - 14, 15 y 16 de abril de 2023\" \/>\n<meta property=\"og:description\" content=\"36\u00b0 edici\u00f3n del Festival Minas y AbrilSe viene el Festival Minas y Abril Entradas en venta en Redtickets o Redpagos\" \/>\n<meta property=\"og:url\" content=\"https:\/\/cooltivarte.com\/portal\/36a-edicion-del-festival-minas-y-abril\/\" \/>\n<meta property=\"og:site_name\" content=\"Cooltivarte Portal\" \/>\n<meta property=\"article:publisher\" content=\"https:\/\/www.facebook.com\/cooltivartecom\/\" \/>\n<meta property=\"article:author\" content=\"https:\/\/www.facebook.com\/cooltivartecom\" \/>\n<meta property=\"article:published_time\" content=\"2023-03-27T22:48:48+00:00\" \/>\n<meta property=\"article:modified_time\" content=\"2023-03-30T22:45:42+00:00\" \/>\n<meta property=\"og:image\" content=\"https:\/\/cooltivarte.com\/portal\/wp-content\/uploads\/2023\/03\/festivalminasyabril.jpg\" \/>\n\t<meta property=\"og:image:width\" content=\"580\" \/>\n\t<meta property=\"og:image:height\" content=\"380\" \/>\n\t<meta property=\"og:image:type\" content=\"image\/jpeg\" \/>\n<meta name=\"author\" content=\"Cooltivarte\" \/>\n<meta name=\"twitter:card\" content=\"summary_large_image\" \/>\n<meta name=\"twitter:title\" content=\"36\u00aa Edici\u00f3n del FESTIVAL MINAS Y ABRIL - 14, 15 y 16 de abril de 2023\" \/>\n<meta name=\"twitter:description\" content=\"36\u00b0 edici\u00f3n del Festival Minas y AbrilSe viene el Festival Minas y Abril Entradas en venta en Redtickets o Redpagos\" \/>\n<meta name=\"twitter:image\" content=\"https:\/\/cooltivarte.com\/portal\/wp-content\/uploads\/2023\/03\/festivalminasyabril.jpg\" \/>\n<meta name=\"twitter:creator\" content=\"@https:\/\/x.com\/obolocultural\" \/>\n<meta name=\"twitter:site\" content=\"@obolocultural\" \/>\n<meta name=\"twitter:label1\" content=\"Escrito por\" \/>\n\t<meta name=\"twitter:data1\" content=\"Cooltivarte\" \/>\n\t<meta name=\"twitter:label2\" content=\"Tiempo de lectura\" \/>\n\t<meta name=\"twitter:data2\" content=\"2 minutos\" \/>\n<!-- \/ Yoast SEO plugin. -->","yoast_head_json":{"title":"36\u00aa Edici\u00f3n del FESTIVAL MINAS Y ABRIL - Cooltivarte Portal","description":"36\u00b0 edici\u00f3n del Festival Minas y AbrilSe viene el Festival Minas y Abril Entradas en venta en Redtickets o Redpagos","robots":{"index":"index","follow":"follow","max-snippet":"max-snippet:-1","max-image-preview":"max-image-preview:large","max-video-preview":"max-video-preview:-1"},"canonical":"https:\/\/cooltivarte.com\/portal\/36a-edicion-del-festival-minas-y-abril\/","og_locale":"es_ES","og_type":"article","og_title":"36\u00aa Edici\u00f3n del FESTIVAL MINAS Y ABRIL - 14, 15 y 16 de abril de 2023","og_description":"36\u00b0 edici\u00f3n del Festival Minas y AbrilSe viene el Festival Minas y Abril Entradas en venta en Redtickets o Redpagos","og_url":"https:\/\/cooltivarte.com\/portal\/36a-edicion-del-festival-minas-y-abril\/","og_site_name":"Cooltivarte Portal","article_publisher":"https:\/\/www.facebook.com\/cooltivartecom\/","article_author":"https:\/\/www.facebook.com\/cooltivartecom","article_published_time":"2023-03-27T22:48:48+00:00","article_modified_time":"2023-03-30T22:45:42+00:00","og_image":[{"width":580,"height":380,"url":"https:\/\/cooltivarte.com\/portal\/wp-content\/uploads\/2023\/03\/festivalminasyabril.jpg","type":"image\/jpeg"}],"author":"Cooltivarte","twitter_card":"summary_large_image","twitter_title":"36\u00aa Edici\u00f3n del FESTIVAL MINAS Y ABRIL - 14, 15 y 16 de abril de 2023","twitter_description":"36\u00b0 edici\u00f3n del Festival Minas y AbrilSe viene el Festival Minas y Abril Entradas en venta en Redtickets o Redpagos","twitter_image":"https:\/\/cooltivarte.com\/portal\/wp-content\/uploads\/2023\/03\/festivalminasyabril.jpg","twitter_creator":"@https:\/\/x.com\/obolocultural","twitter_site":"@obolocultural","twitter_misc":{"Escrito por":"Cooltivarte","Tiempo de lectura":"2 minutos"},"schema":{"@context":"https:\/\/schema.org","@graph":[{"@type":"NewsArticle","@id":"https:\/\/cooltivarte.com\/portal\/36a-edicion-del-festival-minas-y-abril\/#article","isPartOf":{"@id":"https:\/\/cooltivarte.com\/portal\/36a-edicion-del-festival-minas-y-abril\/"},"author":{"name":"Cooltivarte","@id":"https:\/\/cooltivarte.com\/portal\/#\/schema\/person\/ec2a4f4e71b740d0c559c0ab9a157e19"},"headline":"36\u00aa Edici\u00f3n del FESTIVAL MINAS Y ABRIL","datePublished":"2023-03-27T22:48:48+00:00","dateModified":"2023-03-30T22:45:42+00:00","mainEntityOfPage":{"@id":"https:\/\/cooltivarte.com\/portal\/36a-edicion-del-festival-minas-y-abril\/"},"wordCount":460,"publisher":{"@id":"https:\/\/cooltivarte.com\/portal\/#organization"},"image":{"@id":"https:\/\/cooltivarte.com\/portal\/36a-edicion-del-festival-minas-y-abril\/#primaryimage"},"thumbnailUrl":"https:\/\/cooltivarte.com\/portal\/wp-content\/uploads\/2023\/03\/festivalminasyabril.jpg","keywords":["Festival Minas y Abril"],"articleSection":["Eventos"],"inLanguage":"es-AR"},{"@type":"WebPage","@id":"https:\/\/cooltivarte.com\/portal\/36a-edicion-del-festival-minas-y-abril\/","url":"https:\/\/cooltivarte.com\/portal\/36a-edicion-del-festival-minas-y-abril\/","name":"36\u00aa Edici\u00f3n del FESTIVAL MINAS Y ABRIL - Cooltivarte Portal","isPartOf":{"@id":"https:\/\/cooltivarte.com\/portal\/#website"},"primaryImageOfPage":{"@id":"https:\/\/cooltivarte.com\/portal\/36a-edicion-del-festival-minas-y-abril\/#primaryimage"},"image":{"@id":"https:\/\/cooltivarte.com\/portal\/36a-edicion-del-festival-minas-y-abril\/#primaryimage"},"thumbnailUrl":"https:\/\/cooltivarte.com\/portal\/wp-content\/uploads\/2023\/03\/festivalminasyabril.jpg","datePublished":"2023-03-27T22:48:48+00:00","dateModified":"2023-03-30T22:45:42+00:00","description":"36\u00b0 edici\u00f3n del Festival Minas y AbrilSe viene el Festival Minas y Abril Entradas en venta en Redtickets o Redpagos","breadcrumb":{"@id":"https:\/\/cooltivarte.com\/portal\/36a-edicion-del-festival-minas-y-abril\/#breadcrumb"},"inLanguage":"es-AR","potentialAction":[{"@type":"ReadAction","target":["https:\/\/cooltivarte.com\/portal\/36a-edicion-del-festival-minas-y-abril\/"]}]},{"@type":"ImageObject","inLanguage":"es-AR","@id":"https:\/\/cooltivarte.com\/portal\/36a-edicion-del-festival-minas-y-abril\/#primaryimage","url":"https:\/\/cooltivarte.com\/portal\/wp-content\/uploads\/2023\/03\/festivalminasyabril.jpg","contentUrl":"https:\/\/cooltivarte.com\/portal\/wp-content\/uploads\/2023\/03\/festivalminasyabril.jpg","width":580,"height":380,"caption":"Festival Minas y Abril"},{"@type":"BreadcrumbList","@id":"https:\/\/cooltivarte.com\/portal\/36a-edicion-del-festival-minas-y-abril\/#breadcrumb","itemListElement":[{"@type":"ListItem","position":1,"name":"Portada","item":"https:\/\/cooltivarte.com\/portal\/"},{"@type":"ListItem","position":2,"name":"36\u00aa Edici\u00f3n del FESTIVAL MINAS Y ABRIL"}]},{"@type":"WebSite","@id":"https:\/\/cooltivarte.com\/portal\/#website","url":"https:\/\/cooltivarte.com\/portal\/","name":"Cooltivarte Portal","description":"Arte, cultura y turismo para el mundo ...","publisher":{"@id":"https:\/\/cooltivarte.com\/portal\/#organization"},"potentialAction":[{"@type":"SearchAction","target":{"@type":"EntryPoint","urlTemplate":"https:\/\/cooltivarte.com\/portal\/?s={search_term_string}"},"query-input":{"@type":"PropertyValueSpecification","valueRequired":true,"valueName":"search_term_string"}}],"inLanguage":"es-AR"},{"@type":"Organization","@id":"https:\/\/cooltivarte.com\/portal\/#organization","name":"cooltivarte","url":"https:\/\/cooltivarte.com\/portal\/","logo":{"@type":"ImageObject","inLanguage":"es-AR","@id":"https:\/\/cooltivarte.com\/portal\/#\/schema\/logo\/image\/","url":"https:\/\/cooltivarte.com\/portal\/wp-content\/uploads\/2020\/04\/logo-cooltivarte-v2.png","contentUrl":"https:\/\/cooltivarte.com\/portal\/wp-content\/uploads\/2020\/04\/logo-cooltivarte-v2.png","width":851,"height":243,"caption":"cooltivarte"},"image":{"@id":"https:\/\/cooltivarte.com\/portal\/#\/schema\/logo\/image\/"},"sameAs":["https:\/\/www.facebook.com\/cooltivartecom\/","https:\/\/x.com\/obolocultural","https:\/\/www.instagram.com\/_cooltivarte_\/","https:\/\/www.linkedin.com\/company\/-bolocultural?reportsuccess=8zaNG1HwhPbAR9iQhZ5rfGeqz_vQFftHun0ZWU0Wy9vNemRJ8vtcKdJvzQfW8XagyOJSKg0XvfJ1dp","https:\/\/www.pinterest.com\/cooltivarte\/","https:\/\/cooltivarte.tumblr.com\/","https:\/\/www.tiktok.com\/@cooltivarte","https:\/\/www.youtube.com\/@PrensaCooltivarte"]},{"@type":"Person","@id":"https:\/\/cooltivarte.com\/portal\/#\/schema\/person\/ec2a4f4e71b740d0c559c0ab9a157e19","name":"Cooltivarte","image":{"@type":"ImageObject","inLanguage":"es-AR","@id":"https:\/\/cooltivarte.com\/portal\/wp-content\/uploads\/2014\/05\/logo-cooltivarte-120x120.jpg","url":"https:\/\/cooltivarte.com\/portal\/wp-content\/uploads\/2014\/05\/logo-cooltivarte-120x120.jpg","contentUrl":"https:\/\/cooltivarte.com\/portal\/wp-content\/uploads\/2014\/05\/logo-cooltivarte-120x120.jpg","caption":"Cooltivarte"},"description":"Somos COOLTIVARTE.COM. Un portal digital dedicado a difundir el acontecer art\u00edstico y cultural del Uruguay. Estamos en la vuelta desde el a\u00f1o 2003, y como evoluci\u00f3n del bolet\u00edn Obolo Cultural, nos encontramos abocados a apoyar a los artistas nacionales brind\u00e1ndoles un espacio de difusi\u00f3n. Creemos en la idea de utilizar la potencialidad que hoy d\u00eda nos otorga la web, para que la cultura uruguaya y sus creadores dispongan de una din\u00e1mica ventana, que los ponga en contacto entre s\u00ed y con el mundo. Somos COOLTIVARTE.COM y pretendemos configurarnos como un portal din\u00e1mico, entretenido y atento a los nuevos emprendimientos, que busque siempre la interacci\u00f3n con los artistas.","sameAs":["http:\/\/www.cooltivarte.com","https:\/\/www.facebook.com\/cooltivartecom","https:\/\/www.instagram.com\/_cooltivarte_\/","https:\/\/www.linkedin.com\/company\/-bolocultural","https:\/\/www.pinterest.com\/cooltivarte\/","https:\/\/x.com\/https:\/\/x.com\/obolocultural","https:\/\/www.youtube.com\/@PrensaCooltivarte","https:\/\/www.tumblr.com\/blog\/cooltivarte"],"url":"https:\/\/cooltivarte.com\/portal\/author\/cooltivarte\/"}]}},"_links":{"self":[{"href":"https:\/\/cooltivarte.com\/portal\/wp-json\/wp\/v2\/posts\/89016","targetHints":{"allow":["GET"]}}],"collection":[{"href":"https:\/\/cooltivarte.com\/portal\/wp-json\/wp\/v2\/posts"}],"about":[{"href":"https:\/\/cooltivarte.com\/portal\/wp-json\/wp\/v2\/types\/post"}],"author":[{"embeddable":true,"href":"https:\/\/cooltivarte.com\/portal\/wp-json\/wp\/v2\/users\/8"}],"replies":[{"embeddable":true,"href":"https:\/\/cooltivarte.com\/portal\/wp-json\/wp\/v2\/comments?post=89016"}],"version-history":[{"count":1,"href":"https:\/\/cooltivarte.com\/portal\/wp-json\/wp\/v2\/posts\/89016\/revisions"}],"predecessor-version":[{"id":89018,"href":"https:\/\/cooltivarte.com\/portal\/wp-json\/wp\/v2\/posts\/89016\/revisions\/89018"}],"wp:featuredmedia":[{"embeddable":true,"href":"https:\/\/cooltivarte.com\/portal\/wp-json\/wp\/v2\/media\/89017"}],"wp:attachment":[{"href":"https:\/\/cooltivarte.com\/portal\/wp-json\/wp\/v2\/media?parent=89016"}],"wp:term":[{"taxonomy":"category","embeddable":true,"href":"https:\/\/cooltivarte.com\/portal\/wp-json\/wp\/v2\/categories?post=89016"},{"taxonomy":"post_tag","embeddable":true,"href":"https:\/\/cooltivarte.com\/portal\/wp-json\/wp\/v2\/tags?post=89016"}],"curies":[{"name":"wp","href":"https:\/\/api.w.org\/{rel}","templated":true}]}}