{"id":88517,"date":"2023-03-07T14:09:03","date_gmt":"2023-03-07T17:09:03","guid":{"rendered":"https:\/\/cooltivarte.com\/portal\/?p=88517"},"modified":"2024-01-28T11:13:53","modified_gmt":"2024-01-28T14:13:53","slug":"bichero-se-estrenara-en-natgeo-latinoamerica","status":"publish","type":"post","link":"https:\/\/cooltivarte.com\/portal\/bichero-se-estrenara-en-natgeo-latinoamerica\/","title":{"rendered":"Bichero &#8211; SE ESTRENAR\u00c1 EN NATGEO LATINOAM\u00c9RICA"},"content":{"rendered":"<p><iframe title=\"vimeo-player\" src=\"https:\/\/player.vimeo.com\/video\/717856310?h=34deeb2c9c\" width=\"100%\" height=\"460\" frameborder=\"0\" allowfullscreen=\"allowfullscreen\"><span style=\"display: inline-block; width: 0px; overflow: hidden; line-height: 0;\" data-mce-type=\"bookmark\" class=\"mce_SELRES_start\">\ufeff<\/span><\/iframe><\/p>\n<p dir=\"ltr\">&nbsp;<\/p>\n<p dir=\"ltr\"><strong>LA PRIMERA SERIE INCLUSIVA DE AUDIENCIAS CON TEA ES URUGUAYA Y SE ESTRENAR\u00c1 EN NATGEO LATINOAM\u00c9RICA<\/strong><\/p>\n<p dir=\"ltr\"><strong>Bichero<\/strong> es una serie documental sobre fauna y diversidad humana conducida por Antonio Ripoll, un joven uruguayo con S\u00edndrome de Asperger que siente una profunda fascinaci\u00f3n por los animales.<\/p>\n<p dir=\"ltr\">En cada episodio, Antonio se sumerge en la naturaleza con una misi\u00f3n: encontrar y fotografiar algunos de los animales que m\u00e1s admira. En el camino, aprende sobre distintas especies, conoce lugares hermosos y reflexiona acerca de la manera en que se relacionan los humanos.<\/p>\n<p dir=\"ltr\">Bichero, que ser\u00e1 emitida desde el<strong> 2 de abril de 2023 por National Geographic<\/strong> para toda Latinoam\u00e9rica, es la primera serie de consumo seguro para personas con Trastornos del Espectro Autista (TEA). Para eso, la productora uruguaya Fusi\u00f3n realiz\u00f3 una investigaci\u00f3n de dos a\u00f1os, a cargo de siete t\u00e9cnicos uruguayos especializados en los TEA, que establecieron criterios espec\u00edficos de tratamiento y lenguajes para garantizar una experiencia segura para las personas con TEA.<\/p>\n<p dir=\"ltr\"><strong>A prop\u00f3sito de su estreno, el pr\u00f3ximo viernes 10 de marzo, Bichero se presentar\u00e1 en el Complejo Cultural Alfabeta (Miguel Barreiro 3231) a las 19.30 horas.<\/strong><\/p>\n<p dir=\"ltr\">La presentaci\u00f3n contar\u00e1 con la presencia del protagonista y los productores de la serie, al tiempo que tambi\u00e9n acompa\u00f1ar\u00e1n referentes nacional de TEA y autoridades.<\/p>\n<p dir=\"ltr\">Fusi\u00f3n, productora creadora de Bichero, es un emprendimiento audiovisual uruguayo dirigido por <strong>Pablo Banchero<\/strong> y <strong>Nicol\u00e1s Kronfeld<\/strong>, que se enfoca especialmente en el desarrollo de contenidos audiovisuales que incluyan a las audiencias con TEA.<\/p>\n<p dir=\"ltr\">&nbsp;<\/p>\n<p><strong>Pablo Banchero<\/strong> es director de cine y trabaja en la industria audiovisual hace m\u00e1s de 20 a\u00f1os. Dirige su propia productora, We Cook Films, que incluye proyectos audiovisuales donde el objetivo social est\u00e1 muy presente, con la intenci\u00f3n de que los contenidos ayuden a romper barreras, generar empat\u00eda e inspiraci\u00f3n.<\/p>\n<p>&nbsp;<\/p>\n<p><strong>Nicol\u00e1s Kronfeld<\/strong> es periodista con m\u00e1s de 10 a\u00f1os de experiencia. En los \u00faltimos a\u00f1os trabaj\u00f3 en el programa period\u00edstico matutino No toquen nada, de Del Sol FM y ah\u00ed brind\u00f3 especial cobertura a la tem\u00e1tica de los Trastornos del Espectro Autista (TEA) en varias oportunidades. De este modo, conoci\u00f3 en primera persona las frustraciones que viven tanto las personas TEA como sus familiares.<\/p>\n<p dir=\"ltr\">&nbsp;<\/p>\n<p dir=\"ltr\">&nbsp;<\/p>\n<p dir=\"ltr\"><i>Redes sociales:&nbsp;<\/i><\/p>\n<p dir=\"ltr\"><a href=\"https:\/\/www.instagram.com\/bicheroserie\" target=\"_blank\" rel=\"noopener\" data-saferedirecturl=\"https:\/\/www.google.com\/url?q=https:\/\/www.instagram.com\/bicheroserie&amp;source=gmail&amp;ust=1678222206441000&amp;usg=AOvVaw1vtd4o9zjHv63MFVjX2QTA\">https:\/\/www.instagram.com\/<wbr \/>bicheroserie<\/a><\/p>\n<p dir=\"ltr\"><a href=\"https:\/\/www.facebook.com\/bicheroserie\" target=\"_blank\" rel=\"noopener\" data-saferedirecturl=\"https:\/\/www.google.com\/url?q=https:\/\/www.facebook.com\/bicheroserie&amp;source=gmail&amp;ust=1678222206441000&amp;usg=AOvVaw10IcI6wU086siALLWaRXPE\">https:\/\/www.facebook.com\/<wbr \/>bicheroserie<\/a><\/p>\n<p dir=\"ltr\">&nbsp;<\/p>\n<p dir=\"ltr\">&nbsp;<\/p>\n<p dir=\"ltr\">&nbsp;<\/p>\n","protected":false},"excerpt":{"rendered":"<p>Bichero es una serie documental sobre fauna y diversidad humana conducida por Antonio Ripoll, un joven uruguayo con S\u00edndrome de Asperger que siente una profunda fascinaci\u00f3n por los animales.<\/p>\n<p>En cada episodio, Antonio se sumerge en la naturaleza con una misi\u00f3n: encontrar y fotografiar algunos de los animales que m\u00e1s admira. En el camino, aprende sobre distintas especies, conoce lugares hermosos y reflexiona acerca de la manera en que se relacionan los humanos.<\/p>\n","protected":false},"author":8,"featured_media":88518,"comment_status":"closed","ping_status":"closed","sticky":false,"template":"","format":"standard","meta":{"om_disable_all_campaigns":false,"ngg_post_thumbnail":0,"jnews-multi-image_gallery":[],"jnews_single_post":{"subtitle":"LA PRIMERA SERIE INCLUSIVA DE AUDIENCIAS CON TEA ES URUGUAYA","format":"standard","video":"","gallery":"","source_name":"","source_url":"","via_name":"","via_url":"","override_template":"0","override":[{"template":"4","single_blog_custom":"","parallax":"1","fullscreen":"0","layout":"right-sidebar","sidebar":"default-sidebar","second_sidebar":"default-sidebar","sticky_sidebar":"1","share_position":"bottom","share_float_style":"share-monocrhome","show_share_counter":"1","show_view_counter":"1","show_featured":"1","show_post_meta":"1","show_post_author":"1","show_post_author_image":"1","show_post_date":"1","post_date_format":"default","post_date_format_custom":"Y\/m\/d","show_post_category":"1","show_post_reading_time":"0","post_reading_time_wpm":"300","show_zoom_button":"0","zoom_button_out_step":"2","zoom_button_in_step":"3","show_post_tag":"1","show_prev_next_post":"1","show_popup_post":"1","number_popup_post":"1","show_author_box":"1","show_post_related":"0","show_inline_post_related":"0"}],"override_image_size":"0","image_override":[{"single_post_thumbnail_size":"no-crop","single_post_gallery_size":"crop-500"}],"trending_post":"0","trending_post_position":"meta","trending_post_label":"Trending","sponsored_post":"0","sponsored_post_label":"Sponsored by","sponsored_post_name":"","sponsored_post_url":"","sponsored_post_logo_enable":"0","sponsored_post_logo":"","sponsored_post_desc":"","disable_ad":"0"},"jnews_primary_category":{"id":"","hide":""},"jnews_social_meta":{"fb_title":"","fb_description":"","fb_image":"","twitter_title":"","twitter_description":"","twitter_image":""},"jnews_override_counter":{"override_view_counter":"0","view_counter_number":"0","override_share_counter":"0","share_counter_number":"0","override_like_counter":"0","like_counter_number":"0","override_dislike_counter":"0","dislike_counter_number":"0"},"footnotes":""},"categories":[72],"tags":[19078,3873,19082,19081,19079,19080],"class_list":["post-88517","post","type-post","status-publish","format-standard","has-post-thumbnail","hentry","category-cine","tag-bichero","tag-national-geographic","tag-nicolas-kronfeld","tag-pablo-banchero","tag-tea","tag-trastornos-del-espectro-autista"],"yoast_head":"<!-- This site is optimized with the Yoast SEO plugin v27.5 - https:\/\/yoast.com\/product\/yoast-seo-wordpress\/ -->\n<title>Bichero - SE ESTRENAR\u00c1 EN NATGEO LATINOAM\u00c9RICA - Cooltivarte Portal<\/title>\n<meta name=\"description\" content=\"Bichero es una serie documental sobre fauna y diversidad humana conducida por Antonio Ripoll, un joven uruguayo con S\u00edndrome de Asperger que siente una profunda fascinaci\u00f3n por los animales.\" \/>\n<meta name=\"robots\" content=\"index, follow, max-snippet:-1, max-image-preview:large, max-video-preview:-1\" \/>\n<link rel=\"canonical\" href=\"https:\/\/cooltivarte.com\/portal\/bichero-se-estrenara-en-natgeo-latinoamerica\/\" \/>\n<meta property=\"og:locale\" content=\"es_ES\" \/>\n<meta property=\"og:type\" content=\"article\" \/>\n<meta property=\"og:title\" content=\"LA PRIMERA SERIE INCLUSIVA DE AUDIENCIAS CON TEA ES URUGUAYA Y SE ESTRENAR\u00c1 EN NATGEO LATINOAM\u00c9RICA\" \/>\n<meta property=\"og:description\" content=\"Bichero es una serie documental sobre fauna y diversidad humana conducida por Antonio Ripoll, un joven uruguayo con S\u00edndrome de Asperger que siente una profunda fascinaci\u00f3n por los animales.\" \/>\n<meta property=\"og:url\" content=\"https:\/\/cooltivarte.com\/portal\/bichero-se-estrenara-en-natgeo-latinoamerica\/\" \/>\n<meta property=\"og:site_name\" content=\"Cooltivarte Portal\" \/>\n<meta property=\"article:publisher\" content=\"https:\/\/www.facebook.com\/cooltivartecom\/\" \/>\n<meta property=\"article:author\" content=\"https:\/\/www.facebook.com\/cooltivartecom\" \/>\n<meta property=\"article:published_time\" content=\"2023-03-07T17:09:03+00:00\" \/>\n<meta property=\"article:modified_time\" content=\"2024-01-28T14:13:53+00:00\" \/>\n<meta property=\"og:image\" content=\"https:\/\/cooltivarte.com\/portal\/wp-content\/uploads\/2023\/03\/Bichero-SE-ESTRENARA-EN-NATGEO-LATINOAMERICA.jpg\" \/>\n\t<meta property=\"og:image:width\" content=\"1180\" \/>\n\t<meta property=\"og:image:height\" content=\"1600\" \/>\n\t<meta property=\"og:image:type\" content=\"image\/jpeg\" \/>\n<meta name=\"author\" content=\"Cooltivarte\" \/>\n<meta name=\"twitter:card\" content=\"summary_large_image\" \/>\n<meta name=\"twitter:title\" content=\"LA PRIMERA SERIE INCLUSIVA DE AUDIENCIAS CON TEA ES URUGUAYA Y SE ESTRENAR\u00c1 EN NATGEO LATINOAM\u00c9RICA\" \/>\n<meta name=\"twitter:description\" content=\"Bichero es una serie documental sobre fauna y diversidad humana conducida por Antonio Ripoll, un joven uruguayo con S\u00edndrome de Asperger que siente una profunda fascinaci\u00f3n por los animales.\" \/>\n<meta name=\"twitter:image\" content=\"https:\/\/cooltivarte.com\/portal\/wp-content\/uploads\/2023\/03\/Bichero-SE-ESTRENARA-EN-NATGEO-LATINOAMERICA.jpg\" \/>\n<meta name=\"twitter:creator\" content=\"@https:\/\/x.com\/obolocultural\" \/>\n<meta name=\"twitter:site\" content=\"@obolocultural\" \/>\n<meta name=\"twitter:label1\" content=\"Escrito por\" \/>\n\t<meta name=\"twitter:data1\" content=\"Cooltivarte\" \/>\n\t<meta name=\"twitter:label2\" content=\"Tiempo de lectura\" \/>\n\t<meta name=\"twitter:data2\" content=\"2 minutos\" \/>\n<!-- \/ Yoast SEO plugin. -->","yoast_head_json":{"title":"Bichero - SE ESTRENAR\u00c1 EN NATGEO LATINOAM\u00c9RICA - Cooltivarte Portal","description":"Bichero es una serie documental sobre fauna y diversidad humana conducida por Antonio Ripoll, un joven uruguayo con S\u00edndrome de Asperger que siente una profunda fascinaci\u00f3n por los animales.","robots":{"index":"index","follow":"follow","max-snippet":"max-snippet:-1","max-image-preview":"max-image-preview:large","max-video-preview":"max-video-preview:-1"},"canonical":"https:\/\/cooltivarte.com\/portal\/bichero-se-estrenara-en-natgeo-latinoamerica\/","og_locale":"es_ES","og_type":"article","og_title":"LA PRIMERA SERIE INCLUSIVA DE AUDIENCIAS CON TEA ES URUGUAYA Y SE ESTRENAR\u00c1 EN NATGEO LATINOAM\u00c9RICA","og_description":"Bichero es una serie documental sobre fauna y diversidad humana conducida por Antonio Ripoll, un joven uruguayo con S\u00edndrome de Asperger que siente una profunda fascinaci\u00f3n por los animales.","og_url":"https:\/\/cooltivarte.com\/portal\/bichero-se-estrenara-en-natgeo-latinoamerica\/","og_site_name":"Cooltivarte Portal","article_publisher":"https:\/\/www.facebook.com\/cooltivartecom\/","article_author":"https:\/\/www.facebook.com\/cooltivartecom","article_published_time":"2023-03-07T17:09:03+00:00","article_modified_time":"2024-01-28T14:13:53+00:00","og_image":[{"width":1180,"height":1600,"url":"https:\/\/cooltivarte.com\/portal\/wp-content\/uploads\/2023\/03\/Bichero-SE-ESTRENARA-EN-NATGEO-LATINOAMERICA.jpg","type":"image\/jpeg"}],"author":"Cooltivarte","twitter_card":"summary_large_image","twitter_title":"LA PRIMERA SERIE INCLUSIVA DE AUDIENCIAS CON TEA ES URUGUAYA Y SE ESTRENAR\u00c1 EN NATGEO LATINOAM\u00c9RICA","twitter_description":"Bichero es una serie documental sobre fauna y diversidad humana conducida por Antonio Ripoll, un joven uruguayo con S\u00edndrome de Asperger que siente una profunda fascinaci\u00f3n por los animales.","twitter_image":"https:\/\/cooltivarte.com\/portal\/wp-content\/uploads\/2023\/03\/Bichero-SE-ESTRENARA-EN-NATGEO-LATINOAMERICA.jpg","twitter_creator":"@https:\/\/x.com\/obolocultural","twitter_site":"@obolocultural","twitter_misc":{"Escrito por":"Cooltivarte","Tiempo de lectura":"2 minutos"},"schema":{"@context":"https:\/\/schema.org","@graph":[{"@type":"NewsArticle","@id":"https:\/\/cooltivarte.com\/portal\/bichero-se-estrenara-en-natgeo-latinoamerica\/#article","isPartOf":{"@id":"https:\/\/cooltivarte.com\/portal\/bichero-se-estrenara-en-natgeo-latinoamerica\/"},"author":{"name":"Cooltivarte","@id":"https:\/\/cooltivarte.com\/portal\/#\/schema\/person\/ec2a4f4e71b740d0c559c0ab9a157e19"},"headline":"Bichero &#8211; SE ESTRENAR\u00c1 EN NATGEO LATINOAM\u00c9RICA","datePublished":"2023-03-07T17:09:03+00:00","dateModified":"2024-01-28T14:13:53+00:00","mainEntityOfPage":{"@id":"https:\/\/cooltivarte.com\/portal\/bichero-se-estrenara-en-natgeo-latinoamerica\/"},"wordCount":412,"publisher":{"@id":"https:\/\/cooltivarte.com\/portal\/#organization"},"image":{"@id":"https:\/\/cooltivarte.com\/portal\/bichero-se-estrenara-en-natgeo-latinoamerica\/#primaryimage"},"thumbnailUrl":"https:\/\/cooltivarte.com\/portal\/wp-content\/uploads\/2023\/03\/Bichero-SE-ESTRENARA-EN-NATGEO-LATINOAMERICA.jpg","keywords":["Bichero","National Geographic","Nicol\u00e1s Kronfeld","Pablo Banchero","TEA","Trastornos del Espectro Autista"],"articleSection":["Cine y TV"],"inLanguage":"es-AR"},{"@type":"WebPage","@id":"https:\/\/cooltivarte.com\/portal\/bichero-se-estrenara-en-natgeo-latinoamerica\/","url":"https:\/\/cooltivarte.com\/portal\/bichero-se-estrenara-en-natgeo-latinoamerica\/","name":"Bichero - SE ESTRENAR\u00c1 EN NATGEO LATINOAM\u00c9RICA - Cooltivarte Portal","isPartOf":{"@id":"https:\/\/cooltivarte.com\/portal\/#website"},"primaryImageOfPage":{"@id":"https:\/\/cooltivarte.com\/portal\/bichero-se-estrenara-en-natgeo-latinoamerica\/#primaryimage"},"image":{"@id":"https:\/\/cooltivarte.com\/portal\/bichero-se-estrenara-en-natgeo-latinoamerica\/#primaryimage"},"thumbnailUrl":"https:\/\/cooltivarte.com\/portal\/wp-content\/uploads\/2023\/03\/Bichero-SE-ESTRENARA-EN-NATGEO-LATINOAMERICA.jpg","datePublished":"2023-03-07T17:09:03+00:00","dateModified":"2024-01-28T14:13:53+00:00","description":"Bichero es una serie documental sobre fauna y diversidad humana conducida por Antonio Ripoll, un joven uruguayo con S\u00edndrome de Asperger que siente una profunda fascinaci\u00f3n por los animales.","breadcrumb":{"@id":"https:\/\/cooltivarte.com\/portal\/bichero-se-estrenara-en-natgeo-latinoamerica\/#breadcrumb"},"inLanguage":"es-AR","potentialAction":[{"@type":"ReadAction","target":["https:\/\/cooltivarte.com\/portal\/bichero-se-estrenara-en-natgeo-latinoamerica\/"]}]},{"@type":"ImageObject","inLanguage":"es-AR","@id":"https:\/\/cooltivarte.com\/portal\/bichero-se-estrenara-en-natgeo-latinoamerica\/#primaryimage","url":"https:\/\/cooltivarte.com\/portal\/wp-content\/uploads\/2023\/03\/Bichero-SE-ESTRENARA-EN-NATGEO-LATINOAMERICA.jpg","contentUrl":"https:\/\/cooltivarte.com\/portal\/wp-content\/uploads\/2023\/03\/Bichero-SE-ESTRENARA-EN-NATGEO-LATINOAMERICA.jpg","width":1180,"height":1600,"caption":"Bichero - SE ESTRENAR\u00c1 EN NATGEO LATINOAM\u00c9RICA"},{"@type":"BreadcrumbList","@id":"https:\/\/cooltivarte.com\/portal\/bichero-se-estrenara-en-natgeo-latinoamerica\/#breadcrumb","itemListElement":[{"@type":"ListItem","position":1,"name":"Portada","item":"https:\/\/cooltivarte.com\/portal\/"},{"@type":"ListItem","position":2,"name":"Bichero &#8211; SE ESTRENAR\u00c1 EN NATGEO LATINOAM\u00c9RICA"}]},{"@type":"WebSite","@id":"https:\/\/cooltivarte.com\/portal\/#website","url":"https:\/\/cooltivarte.com\/portal\/","name":"Cooltivarte Portal","description":"Arte, cultura y turismo para el mundo ...","publisher":{"@id":"https:\/\/cooltivarte.com\/portal\/#organization"},"potentialAction":[{"@type":"SearchAction","target":{"@type":"EntryPoint","urlTemplate":"https:\/\/cooltivarte.com\/portal\/?s={search_term_string}"},"query-input":{"@type":"PropertyValueSpecification","valueRequired":true,"valueName":"search_term_string"}}],"inLanguage":"es-AR"},{"@type":"Organization","@id":"https:\/\/cooltivarte.com\/portal\/#organization","name":"cooltivarte","url":"https:\/\/cooltivarte.com\/portal\/","logo":{"@type":"ImageObject","inLanguage":"es-AR","@id":"https:\/\/cooltivarte.com\/portal\/#\/schema\/logo\/image\/","url":"https:\/\/cooltivarte.com\/portal\/wp-content\/uploads\/2020\/04\/logo-cooltivarte-v2.png","contentUrl":"https:\/\/cooltivarte.com\/portal\/wp-content\/uploads\/2020\/04\/logo-cooltivarte-v2.png","width":851,"height":243,"caption":"cooltivarte"},"image":{"@id":"https:\/\/cooltivarte.com\/portal\/#\/schema\/logo\/image\/"},"sameAs":["https:\/\/www.facebook.com\/cooltivartecom\/","https:\/\/x.com\/obolocultural","https:\/\/www.instagram.com\/_cooltivarte_\/","https:\/\/www.linkedin.com\/company\/-bolocultural?reportsuccess=8zaNG1HwhPbAR9iQhZ5rfGeqz_vQFftHun0ZWU0Wy9vNemRJ8vtcKdJvzQfW8XagyOJSKg0XvfJ1dp","https:\/\/www.pinterest.com\/cooltivarte\/","https:\/\/cooltivarte.tumblr.com\/","https:\/\/www.tiktok.com\/@cooltivarte","https:\/\/www.youtube.com\/@PrensaCooltivarte"]},{"@type":"Person","@id":"https:\/\/cooltivarte.com\/portal\/#\/schema\/person\/ec2a4f4e71b740d0c559c0ab9a157e19","name":"Cooltivarte","image":{"@type":"ImageObject","inLanguage":"es-AR","@id":"https:\/\/cooltivarte.com\/portal\/wp-content\/uploads\/2014\/05\/logo-cooltivarte-120x120.jpg","url":"https:\/\/cooltivarte.com\/portal\/wp-content\/uploads\/2014\/05\/logo-cooltivarte-120x120.jpg","contentUrl":"https:\/\/cooltivarte.com\/portal\/wp-content\/uploads\/2014\/05\/logo-cooltivarte-120x120.jpg","caption":"Cooltivarte"},"description":"Somos COOLTIVARTE.COM. Un portal digital dedicado a difundir el acontecer art\u00edstico y cultural del Uruguay. Estamos en la vuelta desde el a\u00f1o 2003, y como evoluci\u00f3n del bolet\u00edn Obolo Cultural, nos encontramos abocados a apoyar a los artistas nacionales brind\u00e1ndoles un espacio de difusi\u00f3n. Creemos en la idea de utilizar la potencialidad que hoy d\u00eda nos otorga la web, para que la cultura uruguaya y sus creadores dispongan de una din\u00e1mica ventana, que los ponga en contacto entre s\u00ed y con el mundo. Somos COOLTIVARTE.COM y pretendemos configurarnos como un portal din\u00e1mico, entretenido y atento a los nuevos emprendimientos, que busque siempre la interacci\u00f3n con los artistas.","sameAs":["http:\/\/www.cooltivarte.com","https:\/\/www.facebook.com\/cooltivartecom","https:\/\/www.instagram.com\/_cooltivarte_\/","https:\/\/www.linkedin.com\/company\/-bolocultural","https:\/\/www.pinterest.com\/cooltivarte\/","https:\/\/x.com\/https:\/\/x.com\/obolocultural","https:\/\/www.youtube.com\/@PrensaCooltivarte","https:\/\/www.tumblr.com\/blog\/cooltivarte"],"url":"https:\/\/cooltivarte.com\/portal\/author\/cooltivarte\/"}]}},"_links":{"self":[{"href":"https:\/\/cooltivarte.com\/portal\/wp-json\/wp\/v2\/posts\/88517","targetHints":{"allow":["GET"]}}],"collection":[{"href":"https:\/\/cooltivarte.com\/portal\/wp-json\/wp\/v2\/posts"}],"about":[{"href":"https:\/\/cooltivarte.com\/portal\/wp-json\/wp\/v2\/types\/post"}],"author":[{"embeddable":true,"href":"https:\/\/cooltivarte.com\/portal\/wp-json\/wp\/v2\/users\/8"}],"replies":[{"embeddable":true,"href":"https:\/\/cooltivarte.com\/portal\/wp-json\/wp\/v2\/comments?post=88517"}],"version-history":[{"count":4,"href":"https:\/\/cooltivarte.com\/portal\/wp-json\/wp\/v2\/posts\/88517\/revisions"}],"predecessor-version":[{"id":98365,"href":"https:\/\/cooltivarte.com\/portal\/wp-json\/wp\/v2\/posts\/88517\/revisions\/98365"}],"wp:featuredmedia":[{"embeddable":true,"href":"https:\/\/cooltivarte.com\/portal\/wp-json\/wp\/v2\/media\/88518"}],"wp:attachment":[{"href":"https:\/\/cooltivarte.com\/portal\/wp-json\/wp\/v2\/media?parent=88517"}],"wp:term":[{"taxonomy":"category","embeddable":true,"href":"https:\/\/cooltivarte.com\/portal\/wp-json\/wp\/v2\/categories?post=88517"},{"taxonomy":"post_tag","embeddable":true,"href":"https:\/\/cooltivarte.com\/portal\/wp-json\/wp\/v2\/tags?post=88517"}],"curies":[{"name":"wp","href":"https:\/\/api.w.org\/{rel}","templated":true}]}}