{"id":88276,"date":"2023-02-24T20:05:17","date_gmt":"2023-02-24T23:05:17","guid":{"rendered":"https:\/\/cooltivarte.com\/portal\/?p=88276"},"modified":"2023-02-24T20:05:17","modified_gmt":"2023-02-24T23:05:17","slug":"homenaje-a-eduardo-darnauchans-en-su-70-aniversario","status":"publish","type":"post","link":"https:\/\/cooltivarte.com\/portal\/homenaje-a-eduardo-darnauchans-en-su-70-aniversario\/","title":{"rendered":"Homenaje a Eduardo Darnauchans en su 70\u00b0 aniversario"},"content":{"rendered":"<figure id=\"attachment_88277\" aria-describedby=\"caption-attachment-88277\" style=\"width: 526px\" class=\"wp-caption aligncenter\"><img fetchpriority=\"high\" decoding=\"async\" class=\"wp-image-88277 size-full\" title=\"Homenaje a Eduardo Darnauchans en su 70\u00b0 aniversario\" src=\"https:\/\/cooltivarte.com\/portal\/wp-content\/uploads\/2023\/02\/darno.jpg\" alt=\"Homenaje a Eduardo Darnauchans en su 70\u00b0 aniversario\" width=\"526\" height=\"526\" srcset=\"https:\/\/cooltivarte.com\/portal\/wp-content\/uploads\/2023\/02\/darno.jpg 526w, https:\/\/cooltivarte.com\/portal\/wp-content\/uploads\/2023\/02\/darno-300x300.jpg 300w, https:\/\/cooltivarte.com\/portal\/wp-content\/uploads\/2023\/02\/darno-150x150.jpg 150w, https:\/\/cooltivarte.com\/portal\/wp-content\/uploads\/2023\/02\/darno-120x120.jpg 120w\" sizes=\"(max-width: 526px) 100vw, 526px\" \/><figcaption id=\"caption-attachment-88277\" class=\"wp-caption-text\">Homenaje a Eduardo Darnauchans en su 70\u00b0 aniversario<\/figcaption><\/figure>\n<p>Homenaje al artista <a href=\"https:\/\/cooltivarte.com\/portal\/?s=Eduardo+Darnauchans\" target=\"_blank\" rel=\"noopener\"><strong>Eduardo Darnauchans<\/strong><\/a>. Estas incluyen la proyecci\u00f3n de un audiovisual en el <strong>Parque de la Amistad<\/strong> (Av. Rivera entre Dolores Pereira de Rossell y Alejo Rossell y Rius)<\/p>\n<p>Ser\u00e1 el s\u00e1bado 11 de marzo 2023 a las 19,30 cuando empieza a caer el sol.<\/p>\n<p>&nbsp;<br \/>\n<iframe style=\"border-radius: 12px;\" src=\"https:\/\/open.spotify.com\/embed\/artist\/0xOF01rh66rHHFyqQQFzVM?utm_source=generator\" width=\"100%\" height=\"352\" frameborder=\"0\" allowfullscreen=\"allowfullscreen\"><\/iframe><\/p>\n<p>&nbsp;<\/p>\n<p><a href=\"https:\/\/cooltivarte.com\/portal\/?s=Eduardo+Darnauchans\" target=\"_blank\" rel=\"noopener\"><strong>EDUARDO DARNAUCHANS<\/strong><\/a>&nbsp;naci\u00f3 en Montevideo el 15 de noviembre de 1953 y falleci\u00f3 en la misma ciudad, el 7 de marzo de 2007. Pese a haber comenzado su tarea discogr\u00e1fica en forma temprana, no tuvo una discograf\u00eda exuberante pero los \u00edtems que la integran tienen una consideraci\u00f3n descollante y contin\u00faan edit\u00e1ndose. Su manera de interpretar y sus composiciones, dieron forma a un estilo que en la jerga de los m\u00fasicos, se conoce por su nombre.<\/p>\n<p><strong>Idea original y producci\u00f3n: <a href=\"https:\/\/cooltivarte.com\/portal\/?s=Marita+Fornaro\" target=\"_blank\" rel=\"noopener\">Marita Fornaro<\/a> y <a href=\"https:\/\/cooltivarte.com\/portal\/?s=Victor+Cunha\" target=\"_blank\" rel=\"noopener\">Victor Cunha<\/a><\/strong><\/p>\n<p>A<em>ntolog\u00eda audiovisual<\/em><\/p>\n<p><strong>Material de archivo<\/strong><\/p>\n<p><em><strong>\u2013 Darnauchans&nbsp;<\/strong><\/em>(slideshow con fotograf\u00edas de 1970 a 1990) V\u00edctor Cunha. Incluye audios de&nbsp;<em><strong>Resumen&nbsp;<\/strong><\/em>(Eduardo Darnauchans) y&nbsp;<em><strong>Buenas Noches&nbsp;<\/strong><\/em>(Eduardo Darnauchans) (2022).<\/p>\n<p>\u2013&nbsp;<em><strong>Buenas Noches&nbsp;<\/strong><\/em>(Eduardo Darnauchans) filmaci\u00f3n. (*)<br \/>\n\u2013&nbsp;<em><strong>En un Rock and Roll&nbsp;<\/strong><\/em>(Washington Benavides\/Eduardo Darnauchans) filmaci\u00f3n. (*)<\/p>\n<p>\u2013&nbsp;<em><strong>Balada en Si bemol&nbsp;<\/strong><\/em>(Eduardo Darnauchans) filmaci\u00f3n. (*)<br \/>\n\u2013&nbsp;<em><strong>Final&nbsp;<\/strong><\/em>(V\u00edctor Cunha\/Eduardo Darnauchans) filmaci\u00f3n. Teatro El Galp\u00f3n, 1985. (**)<\/p>\n<p>\u2013&nbsp;<em><strong>Un transe\u00fante&nbsp;<\/strong><\/em>(Eduardo Darnauchans) filmaci\u00f3n. (*)<br \/>\n\u2013&nbsp;<em><strong>Flash&nbsp;<\/strong><\/em>(Eduardo Darnauchans) filmaci\u00f3n. (***)<br \/>\n\u2013&nbsp;<em><strong>Por los m\u00e9danos blancos&nbsp;<\/strong><\/em>(Manuel Pic\u00f3n) filmaci\u00f3n. (***)<br \/>\n\u2013&nbsp;<em><strong>Sansue\u00f1a&nbsp;<\/strong><\/em>(video clip sobre&nbsp;<em>Los Reflejos&nbsp;<\/em>de Eduardo Darnauchans). Coproducci\u00f3n Video Picture y Oximoron prods. (1991).<\/p>\n<p>\u2013&nbsp;<em><strong>Correspondencia Secreta Lennon \u2013 Darnauchans&nbsp;<\/strong><\/em>(video clip sobre fotomontajes de Guillermo Baltar, acompa\u00f1ando la exposici\u00f3n realizada en 2011 en La Lupa). Petit Film producciones.<br \/>\n\u2013&nbsp;<em><strong>Desconsolados 2&nbsp;<\/strong><\/em>(Eduardo Darnauchans) filmaci\u00f3n. (***) +&nbsp;<em><strong>Desconsolados 2&nbsp;<\/strong><\/em>(Eduardo Darnauchans) filmaci\u00f3n. (**). Teatro El Galp\u00f3n, 1990 y Teatro Sol\u00eds, 1991.<br \/>\n\u2013&nbsp;<em><strong>Dicen los cantores&nbsp;<\/strong><\/em>(Eduardo Darnauchans) filmaci\u00f3n. Homenaje de la Junta Departamental de Montevideo, Teatro Sol\u00eds, diciembre 2004. (**)<\/p>\n<p>\u2013&nbsp;<em><strong>Fotos y cementerio&nbsp;<\/strong><\/em>Peque\u00f1o clip (Incluye audios de&nbsp;<em><strong>El instrumento&nbsp;<\/strong><\/em>(Washington Benavides\/Eduardo Darnauchans) y fragmento de&nbsp;<em><strong>It\u2019s all over now baby blue&nbsp;<\/strong><\/em>(Bob Dylan) (2007). (***)<\/p>\n<p><em><strong>\u2013 Darnauchans&nbsp;<\/strong><\/em>(slideshow con fotograf\u00edas de 1970 a 1990) V\u00edctor Cunha. Incluye audios de&nbsp;<em><strong>Resumen&nbsp;<\/strong><\/em>(Eduardo Darnauchans) y&nbsp;<em><strong>Buenas Noches&nbsp;<\/strong><\/em>(Eduardo Darnauchans) (2022).<\/p>\n<p>(*) Recital&nbsp;<em><strong>Noches Blancas&nbsp;<\/strong><\/em>(Teatro Sol\u00eds, mayo 1991), fragmentos proporcionados por la productora Sansue\u00f1a.<\/p>\n<p>(**)&nbsp;<em><strong>Donde hab\u00eda la pureza implacable del olvido<\/strong><\/em>. (1998). Documental de Ricardo Casas. Lucifer Producciones.<\/p>\n<p>(***)&nbsp;<em><strong>Para soportar unos a\u00f1os, no m\u00e1s, a la materia&nbsp;<\/strong><\/em>(<em>Darnauchans en la Universidad de la Rep\u00fablica<\/em>). Videos de Antonio D\u00edaz. Marita Fornaro, coord. Documental de la Escuela Universitaria de M\u00fasica, 2007.<\/p>\n<p>&nbsp;<\/p>\n<p>Fuente texto: <a href=\"https:\/\/udelar.edu.uy\/portal\/2022\/11\/homenaje-a-eduardo-darnauchans-en-su-69-aniversario\/\" target=\"_blank\" rel=\"noopener\">udelar.edu.uy<\/a><\/p>\n","protected":false},"excerpt":{"rendered":"<p>Homenaje al artista Eduardo Darnauchans. Estas incluyen la proyecci\u00f3n de un audiovisual en el Parque de la Amistad (Av. Rivera entre Dolores Pereira de Rossell y Alejo Rossell y Rius) Ser\u00e1 el s\u00e1bado 11 de marzo 2023 a las 19,30 cuando empieza a caer el sol. &nbsp; &nbsp; EDUARDO DARNAUCHANS&nbsp;naci\u00f3 en Montevideo el 15 de [&hellip;]<\/p>\n","protected":false},"author":8,"featured_media":88277,"comment_status":"closed","ping_status":"closed","sticky":false,"template":"","format":"standard","meta":{"om_disable_all_campaigns":false,"ngg_post_thumbnail":0,"jnews-multi-image_gallery":[],"jnews_single_post":{"subtitle":"","format":"standard","video":"","gallery":"","source_name":"","source_url":"","via_name":"","via_url":"","override_template":"0","override":[{"template":"1","single_blog_custom":"","parallax":"1","fullscreen":"1","layout":"right-sidebar","sidebar":"default-sidebar","second_sidebar":"default-sidebar","sticky_sidebar":"1","share_position":"top","share_float_style":"share-monocrhome","show_share_counter":"1","show_view_counter":"1","show_featured":"1","show_post_meta":"1","show_post_author":"1","show_post_author_image":"1","show_post_date":"1","post_date_format":"default","post_date_format_custom":"Y\/m\/d","show_post_category":"1","show_post_reading_time":"0","post_reading_time_wpm":"300","show_zoom_button":"0","zoom_button_out_step":"2","zoom_button_in_step":"3","show_post_tag":"1","show_prev_next_post":"1","show_popup_post":"1","number_popup_post":"1","show_author_box":"0","show_post_related":"0","show_inline_post_related":"0"}],"override_image_size":"0","image_override":[{"single_post_thumbnail_size":"crop-500","single_post_gallery_size":"crop-500"}],"trending_post":"0","trending_post_position":"meta","trending_post_label":"Trending","sponsored_post":"0","sponsored_post_label":"Sponsored by","sponsored_post_name":"","sponsored_post_url":"","sponsored_post_logo_enable":"0","sponsored_post_logo":"","sponsored_post_desc":""},"jnews_primary_category":{"id":""},"jnews_social_meta":{"fb_title":"","fb_description":"","fb_image":"","twitter_title":"","twitter_description":"","twitter_image":""},"jnews_override_counter":{"override_view_counter":"0","view_counter_number":"0","override_share_counter":"0","share_counter_number":"0","override_like_counter":"0","like_counter_number":"0","override_dislike_counter":"0","dislike_counter_number":"0"},"footnotes":""},"categories":[3394],"tags":[3038,19002],"class_list":["post-88276","post","type-post","status-publish","format-standard","has-post-thumbnail","hentry","category-eventos","tag-eduardo-darnauchans","tag-parque-de-la-amistad"],"yoast_head":"<!-- This site is optimized with the Yoast SEO plugin v27.5 - https:\/\/yoast.com\/product\/yoast-seo-wordpress\/ -->\n<title>Homenaje a Eduardo Darnauchans en su 70\u00b0 aniversario - Cooltivarte Portal<\/title>\n<meta name=\"description\" content=\"Homenaje al artista Eduardo Darnauchans. Estas incluyen la proyecci\u00f3n de un audiovisual en el Parque de la Amistad (Av. Rivera entre Dolores Pereira de Rossell y Alejo Rossell y Rius)\" \/>\n<meta name=\"robots\" content=\"index, follow, max-snippet:-1, max-image-preview:large, max-video-preview:-1\" \/>\n<link rel=\"canonical\" href=\"https:\/\/cooltivarte.com\/portal\/homenaje-a-eduardo-darnauchans-en-su-70-aniversario\/\" \/>\n<meta property=\"og:locale\" content=\"es_ES\" \/>\n<meta property=\"og:type\" content=\"article\" \/>\n<meta property=\"og:title\" content=\"Homenaje a Eduardo Darnauchans en su 70\u00b0 aniversario - Parque de la Amistad - s\u00e1bado 11 de marzo 2023 a las 19:30 hs\" \/>\n<meta property=\"og:description\" content=\"Homenaje al artista Eduardo Darnauchans. Estas incluyen la proyecci\u00f3n de un audiovisual en el Parque de la Amistad (Av. Rivera entre Dolores Pereira de Rossell y Alejo Rossell y Rius)\" \/>\n<meta property=\"og:url\" content=\"https:\/\/cooltivarte.com\/portal\/homenaje-a-eduardo-darnauchans-en-su-70-aniversario\/\" \/>\n<meta property=\"og:site_name\" content=\"Cooltivarte Portal\" \/>\n<meta property=\"article:publisher\" content=\"https:\/\/www.facebook.com\/cooltivartecom\/\" \/>\n<meta property=\"article:author\" content=\"https:\/\/www.facebook.com\/cooltivartecom\" \/>\n<meta property=\"article:published_time\" content=\"2023-02-24T23:05:17+00:00\" \/>\n<meta property=\"og:image\" content=\"https:\/\/cooltivarte.com\/portal\/wp-content\/uploads\/2023\/02\/darno.jpg\" \/>\n\t<meta property=\"og:image:width\" content=\"526\" \/>\n\t<meta property=\"og:image:height\" content=\"526\" \/>\n\t<meta property=\"og:image:type\" content=\"image\/jpeg\" \/>\n<meta name=\"author\" content=\"Cooltivarte\" \/>\n<meta name=\"twitter:card\" content=\"summary_large_image\" \/>\n<meta name=\"twitter:title\" content=\"Homenaje a Eduardo Darnauchans en su 70\u00b0 aniversario - Parque de la Amistad - s\u00e1bado 11 de marzo 2023 a las 19:30 hs\" \/>\n<meta name=\"twitter:description\" content=\"Homenaje al artista Eduardo Darnauchans. Estas incluyen la proyecci\u00f3n de un audiovisual en el Parque de la Amistad (Av. Rivera entre Dolores Pereira de Rossell y Alejo Rossell y Rius)\" \/>\n<meta name=\"twitter:image\" content=\"https:\/\/cooltivarte.com\/portal\/wp-content\/uploads\/2023\/02\/darno.jpg\" \/>\n<meta name=\"twitter:creator\" content=\"@https:\/\/x.com\/obolocultural\" \/>\n<meta name=\"twitter:site\" content=\"@obolocultural\" \/>\n<meta name=\"twitter:label1\" content=\"Escrito por\" \/>\n\t<meta name=\"twitter:data1\" content=\"Cooltivarte\" \/>\n\t<meta name=\"twitter:label2\" content=\"Tiempo de lectura\" \/>\n\t<meta name=\"twitter:data2\" content=\"3 minutos\" \/>\n<!-- \/ Yoast SEO plugin. -->","yoast_head_json":{"title":"Homenaje a Eduardo Darnauchans en su 70\u00b0 aniversario - Cooltivarte Portal","description":"Homenaje al artista Eduardo Darnauchans. Estas incluyen la proyecci\u00f3n de un audiovisual en el Parque de la Amistad (Av. Rivera entre Dolores Pereira de Rossell y Alejo Rossell y Rius)","robots":{"index":"index","follow":"follow","max-snippet":"max-snippet:-1","max-image-preview":"max-image-preview:large","max-video-preview":"max-video-preview:-1"},"canonical":"https:\/\/cooltivarte.com\/portal\/homenaje-a-eduardo-darnauchans-en-su-70-aniversario\/","og_locale":"es_ES","og_type":"article","og_title":"Homenaje a Eduardo Darnauchans en su 70\u00b0 aniversario - Parque de la Amistad - s\u00e1bado 11 de marzo 2023 a las 19:30 hs","og_description":"Homenaje al artista Eduardo Darnauchans. Estas incluyen la proyecci\u00f3n de un audiovisual en el Parque de la Amistad (Av. Rivera entre Dolores Pereira de Rossell y Alejo Rossell y Rius)","og_url":"https:\/\/cooltivarte.com\/portal\/homenaje-a-eduardo-darnauchans-en-su-70-aniversario\/","og_site_name":"Cooltivarte Portal","article_publisher":"https:\/\/www.facebook.com\/cooltivartecom\/","article_author":"https:\/\/www.facebook.com\/cooltivartecom","article_published_time":"2023-02-24T23:05:17+00:00","og_image":[{"width":526,"height":526,"url":"https:\/\/cooltivarte.com\/portal\/wp-content\/uploads\/2023\/02\/darno.jpg","type":"image\/jpeg"}],"author":"Cooltivarte","twitter_card":"summary_large_image","twitter_title":"Homenaje a Eduardo Darnauchans en su 70\u00b0 aniversario - Parque de la Amistad - s\u00e1bado 11 de marzo 2023 a las 19:30 hs","twitter_description":"Homenaje al artista Eduardo Darnauchans. Estas incluyen la proyecci\u00f3n de un audiovisual en el Parque de la Amistad (Av. Rivera entre Dolores Pereira de Rossell y Alejo Rossell y Rius)","twitter_image":"https:\/\/cooltivarte.com\/portal\/wp-content\/uploads\/2023\/02\/darno.jpg","twitter_creator":"@https:\/\/x.com\/obolocultural","twitter_site":"@obolocultural","twitter_misc":{"Escrito por":"Cooltivarte","Tiempo de lectura":"3 minutos"},"schema":{"@context":"https:\/\/schema.org","@graph":[{"@type":"NewsArticle","@id":"https:\/\/cooltivarte.com\/portal\/homenaje-a-eduardo-darnauchans-en-su-70-aniversario\/#article","isPartOf":{"@id":"https:\/\/cooltivarte.com\/portal\/homenaje-a-eduardo-darnauchans-en-su-70-aniversario\/"},"author":{"name":"Cooltivarte","@id":"https:\/\/cooltivarte.com\/portal\/#\/schema\/person\/ec2a4f4e71b740d0c559c0ab9a157e19"},"headline":"Homenaje a Eduardo Darnauchans en su 70\u00b0 aniversario","datePublished":"2023-02-24T23:05:17+00:00","mainEntityOfPage":{"@id":"https:\/\/cooltivarte.com\/portal\/homenaje-a-eduardo-darnauchans-en-su-70-aniversario\/"},"wordCount":483,"publisher":{"@id":"https:\/\/cooltivarte.com\/portal\/#organization"},"image":{"@id":"https:\/\/cooltivarte.com\/portal\/homenaje-a-eduardo-darnauchans-en-su-70-aniversario\/#primaryimage"},"thumbnailUrl":"https:\/\/cooltivarte.com\/portal\/wp-content\/uploads\/2023\/02\/darno.jpg","keywords":["Eduardo Darnauchans","Parque de la Amistad"],"articleSection":["Eventos"],"inLanguage":"es-AR"},{"@type":"WebPage","@id":"https:\/\/cooltivarte.com\/portal\/homenaje-a-eduardo-darnauchans-en-su-70-aniversario\/","url":"https:\/\/cooltivarte.com\/portal\/homenaje-a-eduardo-darnauchans-en-su-70-aniversario\/","name":"Homenaje a Eduardo Darnauchans en su 70\u00b0 aniversario - Cooltivarte Portal","isPartOf":{"@id":"https:\/\/cooltivarte.com\/portal\/#website"},"primaryImageOfPage":{"@id":"https:\/\/cooltivarte.com\/portal\/homenaje-a-eduardo-darnauchans-en-su-70-aniversario\/#primaryimage"},"image":{"@id":"https:\/\/cooltivarte.com\/portal\/homenaje-a-eduardo-darnauchans-en-su-70-aniversario\/#primaryimage"},"thumbnailUrl":"https:\/\/cooltivarte.com\/portal\/wp-content\/uploads\/2023\/02\/darno.jpg","datePublished":"2023-02-24T23:05:17+00:00","description":"Homenaje al artista Eduardo Darnauchans. Estas incluyen la proyecci\u00f3n de un audiovisual en el Parque de la Amistad (Av. Rivera entre Dolores Pereira de Rossell y Alejo Rossell y Rius)","breadcrumb":{"@id":"https:\/\/cooltivarte.com\/portal\/homenaje-a-eduardo-darnauchans-en-su-70-aniversario\/#breadcrumb"},"inLanguage":"es-AR","potentialAction":[{"@type":"ReadAction","target":["https:\/\/cooltivarte.com\/portal\/homenaje-a-eduardo-darnauchans-en-su-70-aniversario\/"]}]},{"@type":"ImageObject","inLanguage":"es-AR","@id":"https:\/\/cooltivarte.com\/portal\/homenaje-a-eduardo-darnauchans-en-su-70-aniversario\/#primaryimage","url":"https:\/\/cooltivarte.com\/portal\/wp-content\/uploads\/2023\/02\/darno.jpg","contentUrl":"https:\/\/cooltivarte.com\/portal\/wp-content\/uploads\/2023\/02\/darno.jpg","width":526,"height":526,"caption":"Homenaje a Eduardo Darnauchans en su 70\u00b0 aniversario"},{"@type":"BreadcrumbList","@id":"https:\/\/cooltivarte.com\/portal\/homenaje-a-eduardo-darnauchans-en-su-70-aniversario\/#breadcrumb","itemListElement":[{"@type":"ListItem","position":1,"name":"Portada","item":"https:\/\/cooltivarte.com\/portal\/"},{"@type":"ListItem","position":2,"name":"Homenaje a Eduardo Darnauchans en su 70\u00b0 aniversario"}]},{"@type":"WebSite","@id":"https:\/\/cooltivarte.com\/portal\/#website","url":"https:\/\/cooltivarte.com\/portal\/","name":"Cooltivarte Portal","description":"Arte, cultura y turismo para el mundo ...","publisher":{"@id":"https:\/\/cooltivarte.com\/portal\/#organization"},"potentialAction":[{"@type":"SearchAction","target":{"@type":"EntryPoint","urlTemplate":"https:\/\/cooltivarte.com\/portal\/?s={search_term_string}"},"query-input":{"@type":"PropertyValueSpecification","valueRequired":true,"valueName":"search_term_string"}}],"inLanguage":"es-AR"},{"@type":"Organization","@id":"https:\/\/cooltivarte.com\/portal\/#organization","name":"cooltivarte","url":"https:\/\/cooltivarte.com\/portal\/","logo":{"@type":"ImageObject","inLanguage":"es-AR","@id":"https:\/\/cooltivarte.com\/portal\/#\/schema\/logo\/image\/","url":"https:\/\/cooltivarte.com\/portal\/wp-content\/uploads\/2020\/04\/logo-cooltivarte-v2.png","contentUrl":"https:\/\/cooltivarte.com\/portal\/wp-content\/uploads\/2020\/04\/logo-cooltivarte-v2.png","width":851,"height":243,"caption":"cooltivarte"},"image":{"@id":"https:\/\/cooltivarte.com\/portal\/#\/schema\/logo\/image\/"},"sameAs":["https:\/\/www.facebook.com\/cooltivartecom\/","https:\/\/x.com\/obolocultural","https:\/\/www.instagram.com\/_cooltivarte_\/","https:\/\/www.linkedin.com\/company\/-bolocultural?reportsuccess=8zaNG1HwhPbAR9iQhZ5rfGeqz_vQFftHun0ZWU0Wy9vNemRJ8vtcKdJvzQfW8XagyOJSKg0XvfJ1dp","https:\/\/www.pinterest.com\/cooltivarte\/","https:\/\/cooltivarte.tumblr.com\/","https:\/\/www.tiktok.com\/@cooltivarte","https:\/\/www.youtube.com\/@PrensaCooltivarte"]},{"@type":"Person","@id":"https:\/\/cooltivarte.com\/portal\/#\/schema\/person\/ec2a4f4e71b740d0c559c0ab9a157e19","name":"Cooltivarte","image":{"@type":"ImageObject","inLanguage":"es-AR","@id":"https:\/\/cooltivarte.com\/portal\/wp-content\/uploads\/2014\/05\/logo-cooltivarte-120x120.jpg","url":"https:\/\/cooltivarte.com\/portal\/wp-content\/uploads\/2014\/05\/logo-cooltivarte-120x120.jpg","contentUrl":"https:\/\/cooltivarte.com\/portal\/wp-content\/uploads\/2014\/05\/logo-cooltivarte-120x120.jpg","caption":"Cooltivarte"},"description":"Somos COOLTIVARTE.COM. Un portal digital dedicado a difundir el acontecer art\u00edstico y cultural del Uruguay. Estamos en la vuelta desde el a\u00f1o 2003, y como evoluci\u00f3n del bolet\u00edn Obolo Cultural, nos encontramos abocados a apoyar a los artistas nacionales brind\u00e1ndoles un espacio de difusi\u00f3n. Creemos en la idea de utilizar la potencialidad que hoy d\u00eda nos otorga la web, para que la cultura uruguaya y sus creadores dispongan de una din\u00e1mica ventana, que los ponga en contacto entre s\u00ed y con el mundo. Somos COOLTIVARTE.COM y pretendemos configurarnos como un portal din\u00e1mico, entretenido y atento a los nuevos emprendimientos, que busque siempre la interacci\u00f3n con los artistas.","sameAs":["http:\/\/www.cooltivarte.com","https:\/\/www.facebook.com\/cooltivartecom","https:\/\/www.instagram.com\/_cooltivarte_\/","https:\/\/www.linkedin.com\/company\/-bolocultural","https:\/\/www.pinterest.com\/cooltivarte\/","https:\/\/x.com\/https:\/\/x.com\/obolocultural","https:\/\/www.youtube.com\/@PrensaCooltivarte","https:\/\/www.tumblr.com\/blog\/cooltivarte"],"url":"https:\/\/cooltivarte.com\/portal\/author\/cooltivarte\/"}]}},"_links":{"self":[{"href":"https:\/\/cooltivarte.com\/portal\/wp-json\/wp\/v2\/posts\/88276","targetHints":{"allow":["GET"]}}],"collection":[{"href":"https:\/\/cooltivarte.com\/portal\/wp-json\/wp\/v2\/posts"}],"about":[{"href":"https:\/\/cooltivarte.com\/portal\/wp-json\/wp\/v2\/types\/post"}],"author":[{"embeddable":true,"href":"https:\/\/cooltivarte.com\/portal\/wp-json\/wp\/v2\/users\/8"}],"replies":[{"embeddable":true,"href":"https:\/\/cooltivarte.com\/portal\/wp-json\/wp\/v2\/comments?post=88276"}],"version-history":[{"count":1,"href":"https:\/\/cooltivarte.com\/portal\/wp-json\/wp\/v2\/posts\/88276\/revisions"}],"predecessor-version":[{"id":88278,"href":"https:\/\/cooltivarte.com\/portal\/wp-json\/wp\/v2\/posts\/88276\/revisions\/88278"}],"wp:featuredmedia":[{"embeddable":true,"href":"https:\/\/cooltivarte.com\/portal\/wp-json\/wp\/v2\/media\/88277"}],"wp:attachment":[{"href":"https:\/\/cooltivarte.com\/portal\/wp-json\/wp\/v2\/media?parent=88276"}],"wp:term":[{"taxonomy":"category","embeddable":true,"href":"https:\/\/cooltivarte.com\/portal\/wp-json\/wp\/v2\/categories?post=88276"},{"taxonomy":"post_tag","embeddable":true,"href":"https:\/\/cooltivarte.com\/portal\/wp-json\/wp\/v2\/tags?post=88276"}],"curies":[{"name":"wp","href":"https:\/\/api.w.org\/{rel}","templated":true}]}}