{"id":88266,"date":"2023-02-24T12:09:17","date_gmt":"2023-02-24T15:09:17","guid":{"rendered":"https:\/\/cooltivarte.com\/portal\/?p=88266"},"modified":"2023-02-24T12:09:17","modified_gmt":"2023-02-24T15:09:17","slug":"afectividad-y-sexualidad-integral-para-los-ninos-chilenos","status":"publish","type":"post","link":"https:\/\/cooltivarte.com\/portal\/afectividad-y-sexualidad-integral-para-los-ninos-chilenos\/","title":{"rendered":"Afectividad y sexualidad integral para los ni\u00f1os chilenos"},"content":{"rendered":"<p>Viernes 24 de febrero de 2023<\/p>\n<p>El t\u00edtulo de esta columna responde al proyecto de ley sobre afectividad y sexualidad integral, presentado por el ministro de Educaci\u00f3n <strong>Marco Antonio \u00c1vila<\/strong> como prioritario para el gobierno, enfatizando su tramitaci\u00f3n y ojal\u00e1 aprobaci\u00f3n este a\u00f1o. Por un lado, \u00c1vila habla de incorporar a los padres en los procesos formativos. La escuela, dice, \u201ctiene que abrirse a una formaci\u00f3n en conjunto para acordar cu\u00e1les son aquellos temas que tienen que ser tratados en los establecimientos\u201d. Todo parece sanamente arm\u00f3nico y coherente, especialmente la presencia de los padres en temas sustanciales como la afectividad y la sexualidad (sin apellido es mejor). Lo curioso es que estos temas son responsabilidad de los padres y no de la escuela (me referir\u00e9 a esto m\u00e1s adelante, cuando analice los conceptos \u201cafectividad\u201d y \u201csexualidad\u201d).<\/p>\n<p>De otro lado, \u00c1vila (que suele decir \u201ctodas, todos y todes\u201d y otras necedades por el estilo), saca de la manga el verdadero prop\u00f3sito de este proyecto: alfabetizaci\u00f3n en sexualidad. La trampita est\u00e1 preparada porque, a su juicio, \u201cesa alfabetizaci\u00f3n, cuando la dejamos solo en manos de las familias, probablemente es dispar, porque depende de la formaci\u00f3n que cada familia tenga lo que podr\u00e1 entregar a sus hijos\u201d. Por cierto, las familias dar\u00e1n lo que tienen, pero en lo que a \u201cafectividad y sexualidad\u201d se refiere, nadie m\u00e1s que ella tiene el derecho leg\u00edtimo de intervenir. Otra cosa bien diferente es que la escuela \u201cenfrente la transici\u00f3n que hacen algunos ni\u00f1os respecto de su identidad de g\u00e9nero\u201d, como dice \u00c1vila en su entrevista al diario <em>El Mercurio<\/em> del domingo 19 de febrero.<\/p>\n<p>Ahora bien, \u00bfqu\u00e9 entiende el ministro por \u201cafectividad y sexualidad\u201d? Lo ignoro. Pero en la comprensi\u00f3n de estos conceptos debiera fundamentarse cualquier iniciativa educacional. La palabra \u201cafectividad\u201d tiene cuatro definiciones seg\u00fan la RAE: 1. Cualidad de afectivo. \/ 2. Conjunto de sentimientos, emociones y pasiones de una persona. \/ 3. Tendencia a la reacci\u00f3n emotiva o sentimental. Y en Psicolog\u00eda significa \u201cDesarrollo de la propensi\u00f3n a querer\u201d.<\/p>\n<p>&nbsp;<\/p>\n<p>\u201cAfectivo\u201d es lo perteneciente al \u201cafecto\u201d y con \u201cafecto\u201d se entiende \u201cla inclinaci\u00f3n a algo o alguien\u201d. Es decir, no es llegar y hablar de \u201cafectividad\u201d a los ni\u00f1os, ni menos que sean personas no id\u00f3neas quienes lo hagan.<\/p>\n<p>La \u201cafectividad\u201d, tal como se comprende en las definiciones de la RAE, no puede ni debe entenderse como una imposici\u00f3n, ni menos por la fuerza de la ley. \u00bfEs que se pretende \u201cense\u00f1ar\u201d por la fuerza de la ley a los ni\u00f1os a tener afecto por algo o alguien? \u00bfComprende usted, lector, el peligro que se esconde detr\u00e1s de esta aparente \u201cbuena intenci\u00f3n\u201d? Por esta imposici\u00f3n lo que el Gobierno de Boric desea, m\u00e1s all\u00e1 de lo que opine \u00c1vila, es homogeneizar la cultura de g\u00e9nero a trav\u00e9s de la ideologizaci\u00f3n impuesta por la escuela, ignorando el parecer de los padres al respecto. \u201cDebe haber un m\u00ednimo com\u00fan que sea compartido en todos los establecimientos para poder hacer esta comprensi\u00f3n m\u00e1s general\u201d.<\/p>\n<p>\u00bfA qu\u00e9 se refiere \u00c1vila con \u201cm\u00ednimo com\u00fan\u201d? \u00bfComprende usted, lector, la gravedad de este proyecto de ley? Pero el proyecto se refiere tambi\u00e9n a \u201csexualidad integral\u201d. Veamos: \u201cSexualidad\u201d significa, por un lado \u201cConjunto de condiciones anat\u00f3micas y fisiol\u00f3gicas que caracterizan a cada sexo\u201d. De otro lado, \u201cApetito sexual, propensi\u00f3n al placer carnal\u201d. Ambas definiciones son de la RAE. Sobre la primera definici\u00f3n no hay ning\u00fan problema. La biolog\u00eda del cuerpo humano debe ense\u00f1arse desde los primeros a\u00f1os por profesores id\u00f3neos en su calidad humana y profesional<\/p>\n<p>En cuanto a la segunda definici\u00f3n, la escuela no debiera pronunciarse en absoluto por \u201cm\u00e1s integral que sea la sexualidad\u201d. En definitiva, la escuela debe solo ense\u00f1ar el respeto por el otro, que no es lo mismo que el afecto o la sexualidad. La familia, por cierto, tambi\u00e9n debe ense\u00f1ar el respeto por el otro en su otredad, como lo plantea Humberto Maturana. Pero la escuela no debe interferir en aspectos de la educaci\u00f3n afectiva y sexual que solo compete a los padres. La segunda definici\u00f3n de \u201csexualidad\u201d, me recuerda de inmediato las dos tesis ped\u00f3filas de la Universidad de Chile que escandalizaron al mundo. Una de ellas dice as\u00ed en su dedicatoria:<\/p>\n<p>\u201cDedicada a los ni\u00f1os y ni\u00f1as de deseo inquieto, para que alguna vez puedan tocarse y ser tocados sin miedo ni culpa\u201d. \/ \u201cA los ped\u00f3filos de deseo culposo, para que exorcicen su malestar y sus temores por amar a quienes aman\u201d. \/ \u201cY tambi\u00e9n a PP: recuerda, bonito, verte a trav\u00e9s de mis ojos cada vez que est\u00e9s triste\u201d. Para mayor informaci\u00f3n sobre esta tesis y otra semejante, sugiero la lectura de mi columna \u201cLas tesis de la verg\u00fcenza de la Facultad de Humanidades de la Universidad de Chile\u201d, publicada en este mismo medio el jueves 29 de diciembre pasado (<a href=\"https:\/\/cooltivarte.com\/portal\/las-tesis-de-la-verguenza-de-la-facultad-de-humanidades-de-la-universidad-de-chile\/\" target=\"_blank\" rel=\"noopener\">las-tesis-de-la-verguenza-de-la-facultad-de-humanidades-de-la-universidad-de-chile<\/a>).<\/p>\n<p>Por eso, a mi modo de ver, temas tan sensibles como la \u201cafectividad\u201d y la \u201csexualidad\u201d, en su segunda acepci\u00f3n, no le compete a nadie m\u00e1s que a la familia del ni\u00f1o. El ministro \u00c1vila debe distinguir entre el respeto debido a quienes forman parte de las minor\u00edas sexuales, como seres humanos que son, pero no forzar el \u201cafecto\u201d por una ley, ni menos tratar la sexualidad como \u201cApetito sexual\u201d o \u201cpropensi\u00f3n al placer carnal\u201d. Para terminar, hay urgencias mucho m\u00e1s importantes que hablar de \u201csexualidad integral\u201d, como que un alumno de Cuarto A\u00f1o B\u00e1sico sepa leer y escribir.<\/p>\n<p>Pero, se pretende imponer una ideolog\u00eda pol\u00edtica relacionada con una sexualidad del gusto de la nueva moral oficial. Cito, por lo mismo, y para terminar, el Art\u00edculo 40 de la Constituci\u00f3n rechazada por el 62% de los chilenos el pasado 4 de septiembre. Juzgue, usted, lector: \u201cToda persona tiene derecho a recibir una educaci\u00f3n sexual integral, que promueva el disfrute pleno y libre de la sexualidad; la responsabilidad sexoafectiva; la autonom\u00eda, el autocuidado y el consentimiento; el reconocimiento de las diversas identidades y expresiones del g\u00e9nero y la sexualidad; que erradique los estereotipos de g\u00e9nero, y que prevenga la violencia de g\u00e9nero y sexual\u201d.<\/p>\n<p>El Gobierno de Boric es de los que creen que \u201cel que la sigue, la consigue\u201d. Pero se equivoca: ni aun con la fuerza de la ley lo conseguir\u00e1, porque los padres son m\u00e1s poderosos que la ley cuando se trata de la educaci\u00f3n afectiva y sexual de sus hijos.<\/p>\n<p>&nbsp;<\/p>\n<p>&nbsp;<\/p>\n<p>&nbsp;<\/p>\n","protected":false},"excerpt":{"rendered":"<p>Viernes 24 de febrero de 2023 El t\u00edtulo de esta columna responde al proyecto de ley sobre afectividad y sexualidad integral, presentado por el ministro de Educaci\u00f3n Marco Antonio \u00c1vila como prioritario para el gobierno, enfatizando su tramitaci\u00f3n y ojal\u00e1 aprobaci\u00f3n este a\u00f1o. Por un lado, \u00c1vila habla de incorporar a los padres en los [&hellip;]<\/p>\n","protected":false},"author":162,"featured_media":88267,"comment_status":"closed","ping_status":"closed","sticky":false,"template":"","format":"standard","meta":{"om_disable_all_campaigns":false,"ngg_post_thumbnail":0,"jnews-multi-image_gallery":[],"jnews_single_post":{"subtitle":"","format":"standard","video":"","gallery":"","source_name":"","source_url":"","via_name":"","via_url":"","override_template":"0","override":[{"template":"1","single_blog_custom":"","parallax":"1","fullscreen":"1","layout":"right-sidebar","sidebar":"default-sidebar","second_sidebar":"default-sidebar","sticky_sidebar":"1","share_position":"top","share_float_style":"share-monocrhome","show_share_counter":"1","show_view_counter":"1","show_featured":"1","show_post_meta":"1","show_post_author":"1","show_post_author_image":"1","show_post_date":"1","post_date_format":"default","post_date_format_custom":"Y\/m\/d","show_post_category":"1","show_post_reading_time":"0","post_reading_time_wpm":"300","show_zoom_button":"0","zoom_button_out_step":"2","zoom_button_in_step":"3","show_post_tag":"1","show_prev_next_post":"1","show_popup_post":"1","number_popup_post":"1","show_author_box":"0","show_post_related":"0","show_inline_post_related":"0"}],"override_image_size":"0","image_override":[{"single_post_thumbnail_size":"crop-500","single_post_gallery_size":"crop-500"}],"trending_post":"0","trending_post_position":"meta","trending_post_label":"Trending","sponsored_post":"0","sponsored_post_label":"Sponsored by","sponsored_post_name":"","sponsored_post_url":"","sponsored_post_logo_enable":"0","sponsored_post_logo":"","sponsored_post_desc":""},"jnews_primary_category":{"id":""},"jnews_social_meta":{"fb_title":"","fb_description":"","fb_image":"","twitter_title":"","twitter_description":"","twitter_image":""},"jnews_override_counter":{"override_view_counter":"0","view_counter_number":"0","override_share_counter":"0","share_counter_number":"0","override_like_counter":"0","like_counter_number":"0","override_dislike_counter":"0","dislike_counter_number":"0"},"footnotes":""},"categories":[1637],"tags":[18998,19000,18999,18199,17600],"class_list":["post-88266","post","type-post","status-publish","format-standard","has-post-thumbnail","hentry","category-apuntes","tag-afectividad","tag-marco-antonio-avila","tag-proyecto-de-ley","tag-sexual","tag-sexualidad"],"yoast_head":"<!-- This site is optimized with the Yoast SEO plugin v27.5 - https:\/\/yoast.com\/product\/yoast-seo-wordpress\/ -->\n<title>Afectividad y sexualidad integral para los ni\u00f1os chilenos - Cooltivarte Portal<\/title>\n<meta name=\"description\" content=\"El t\u00edtulo de esta columna responde al proyecto de ley sobre afectividad y sexualidad integral, presentado por el ministro de Educaci\u00f3n Marco Antonio \u00c1vila como prioritario para el gobierno, enfatizando su tramitaci\u00f3n y ojal\u00e1 aprobaci\u00f3n este a\u00f1o. Por un lado, \u00c1vila habla de incorporar a los padres en los procesos formativos.\" \/>\n<meta name=\"robots\" content=\"index, follow, max-snippet:-1, max-image-preview:large, max-video-preview:-1\" \/>\n<link rel=\"canonical\" href=\"https:\/\/cooltivarte.com\/portal\/afectividad-y-sexualidad-integral-para-los-ninos-chilenos\/\" \/>\n<meta property=\"og:locale\" content=\"es_ES\" \/>\n<meta property=\"og:type\" content=\"article\" \/>\n<meta property=\"og:title\" content=\"Afectividad y sexualidad integral para los ni\u00f1os chilenos\" \/>\n<meta property=\"og:description\" content=\"El t\u00edtulo de esta columna responde al proyecto de ley sobre afectividad y sexualidad integral, presentado por el ministro de Educaci\u00f3n Marco Antonio \u00c1vila como prioritario para el gobierno, enfatizando su tramitaci\u00f3n y ojal\u00e1 aprobaci\u00f3n este a\u00f1o. Por un lado, \u00c1vila habla de incorporar a los padres en los procesos formativos.\" \/>\n<meta property=\"og:url\" content=\"https:\/\/cooltivarte.com\/portal\/afectividad-y-sexualidad-integral-para-los-ninos-chilenos\/\" \/>\n<meta property=\"og:site_name\" content=\"Cooltivarte Portal\" \/>\n<meta property=\"article:publisher\" content=\"https:\/\/www.facebook.com\/cooltivartecom\/\" \/>\n<meta property=\"article:author\" content=\"https:\/\/www.facebook.com\/profile.php?id=1043831024\" \/>\n<meta property=\"article:published_time\" content=\"2023-02-24T15:09:17+00:00\" \/>\n<meta property=\"og:image\" content=\"https:\/\/cooltivarte.com\/portal\/wp-content\/uploads\/2023\/02\/educacion-chile.png\" \/>\n\t<meta property=\"og:image:width\" content=\"820\" \/>\n\t<meta property=\"og:image:height\" content=\"360\" \/>\n\t<meta property=\"og:image:type\" content=\"image\/png\" \/>\n<meta name=\"author\" content=\"Alejandro Carre\u00f1o T.\" \/>\n<meta name=\"twitter:card\" content=\"summary_large_image\" \/>\n<meta name=\"twitter:title\" content=\"Afectividad y sexualidad integral para los ni\u00f1os chilenos\" \/>\n<meta name=\"twitter:description\" content=\"El t\u00edtulo de esta columna responde al proyecto de ley sobre afectividad y sexualidad integral, presentado por el ministro de Educaci\u00f3n Marco Antonio \u00c1vila como prioritario para el gobierno, enfatizando su tramitaci\u00f3n y ojal\u00e1 aprobaci\u00f3n este a\u00f1o. Por un lado, \u00c1vila habla de incorporar a los padres en los procesos formativos.\" \/>\n<meta name=\"twitter:image\" content=\"https:\/\/cooltivarte.com\/portal\/wp-content\/uploads\/2023\/02\/educacion-chile.png\" \/>\n<meta name=\"twitter:creator\" content=\"@https:\/\/twitter.com\/acarrenot\" \/>\n<meta name=\"twitter:site\" content=\"@obolocultural\" \/>\n<meta name=\"twitter:label1\" content=\"Escrito por\" \/>\n\t<meta name=\"twitter:data1\" content=\"Alejandro Carre\u00f1o T.\" \/>\n\t<meta name=\"twitter:label2\" content=\"Tiempo de lectura\" \/>\n\t<meta name=\"twitter:data2\" content=\"6 minutos\" \/>\n<!-- \/ Yoast SEO plugin. -->","yoast_head_json":{"title":"Afectividad y sexualidad integral para los ni\u00f1os chilenos - Cooltivarte Portal","description":"El t\u00edtulo de esta columna responde al proyecto de ley sobre afectividad y sexualidad integral, presentado por el ministro de Educaci\u00f3n Marco Antonio \u00c1vila como prioritario para el gobierno, enfatizando su tramitaci\u00f3n y ojal\u00e1 aprobaci\u00f3n este a\u00f1o. Por un lado, \u00c1vila habla de incorporar a los padres en los procesos formativos.","robots":{"index":"index","follow":"follow","max-snippet":"max-snippet:-1","max-image-preview":"max-image-preview:large","max-video-preview":"max-video-preview:-1"},"canonical":"https:\/\/cooltivarte.com\/portal\/afectividad-y-sexualidad-integral-para-los-ninos-chilenos\/","og_locale":"es_ES","og_type":"article","og_title":"Afectividad y sexualidad integral para los ni\u00f1os chilenos","og_description":"El t\u00edtulo de esta columna responde al proyecto de ley sobre afectividad y sexualidad integral, presentado por el ministro de Educaci\u00f3n Marco Antonio \u00c1vila como prioritario para el gobierno, enfatizando su tramitaci\u00f3n y ojal\u00e1 aprobaci\u00f3n este a\u00f1o. Por un lado, \u00c1vila habla de incorporar a los padres en los procesos formativos.","og_url":"https:\/\/cooltivarte.com\/portal\/afectividad-y-sexualidad-integral-para-los-ninos-chilenos\/","og_site_name":"Cooltivarte Portal","article_publisher":"https:\/\/www.facebook.com\/cooltivartecom\/","article_author":"https:\/\/www.facebook.com\/profile.php?id=1043831024","article_published_time":"2023-02-24T15:09:17+00:00","og_image":[{"width":820,"height":360,"url":"https:\/\/cooltivarte.com\/portal\/wp-content\/uploads\/2023\/02\/educacion-chile.png","type":"image\/png"}],"author":"Alejandro Carre\u00f1o T.","twitter_card":"summary_large_image","twitter_title":"Afectividad y sexualidad integral para los ni\u00f1os chilenos","twitter_description":"El t\u00edtulo de esta columna responde al proyecto de ley sobre afectividad y sexualidad integral, presentado por el ministro de Educaci\u00f3n Marco Antonio \u00c1vila como prioritario para el gobierno, enfatizando su tramitaci\u00f3n y ojal\u00e1 aprobaci\u00f3n este a\u00f1o. Por un lado, \u00c1vila habla de incorporar a los padres en los procesos formativos.","twitter_image":"https:\/\/cooltivarte.com\/portal\/wp-content\/uploads\/2023\/02\/educacion-chile.png","twitter_creator":"@https:\/\/twitter.com\/acarrenot","twitter_site":"@obolocultural","twitter_misc":{"Escrito por":"Alejandro Carre\u00f1o T.","Tiempo de lectura":"6 minutos"},"schema":{"@context":"https:\/\/schema.org","@graph":[{"@type":"NewsArticle","@id":"https:\/\/cooltivarte.com\/portal\/afectividad-y-sexualidad-integral-para-los-ninos-chilenos\/#article","isPartOf":{"@id":"https:\/\/cooltivarte.com\/portal\/afectividad-y-sexualidad-integral-para-los-ninos-chilenos\/"},"author":{"name":"Alejandro Carre\u00f1o T.","@id":"https:\/\/cooltivarte.com\/portal\/#\/schema\/person\/852d98c305909ce7eac4c8e64713ac6c"},"headline":"Afectividad y sexualidad integral para los ni\u00f1os chilenos","datePublished":"2023-02-24T15:09:17+00:00","mainEntityOfPage":{"@id":"https:\/\/cooltivarte.com\/portal\/afectividad-y-sexualidad-integral-para-los-ninos-chilenos\/"},"wordCount":1138,"publisher":{"@id":"https:\/\/cooltivarte.com\/portal\/#organization"},"image":{"@id":"https:\/\/cooltivarte.com\/portal\/afectividad-y-sexualidad-integral-para-los-ninos-chilenos\/#primaryimage"},"thumbnailUrl":"https:\/\/cooltivarte.com\/portal\/wp-content\/uploads\/2023\/02\/educacion-chile.png","keywords":["afectividad","Marco Antonio \u00c1vila","proyecto de ley","sexual","sexualidad"],"articleSection":["Apuntes"],"inLanguage":"es-AR"},{"@type":"WebPage","@id":"https:\/\/cooltivarte.com\/portal\/afectividad-y-sexualidad-integral-para-los-ninos-chilenos\/","url":"https:\/\/cooltivarte.com\/portal\/afectividad-y-sexualidad-integral-para-los-ninos-chilenos\/","name":"Afectividad y sexualidad integral para los ni\u00f1os chilenos - Cooltivarte Portal","isPartOf":{"@id":"https:\/\/cooltivarte.com\/portal\/#website"},"primaryImageOfPage":{"@id":"https:\/\/cooltivarte.com\/portal\/afectividad-y-sexualidad-integral-para-los-ninos-chilenos\/#primaryimage"},"image":{"@id":"https:\/\/cooltivarte.com\/portal\/afectividad-y-sexualidad-integral-para-los-ninos-chilenos\/#primaryimage"},"thumbnailUrl":"https:\/\/cooltivarte.com\/portal\/wp-content\/uploads\/2023\/02\/educacion-chile.png","datePublished":"2023-02-24T15:09:17+00:00","description":"El t\u00edtulo de esta columna responde al proyecto de ley sobre afectividad y sexualidad integral, presentado por el ministro de Educaci\u00f3n Marco Antonio \u00c1vila como prioritario para el gobierno, enfatizando su tramitaci\u00f3n y ojal\u00e1 aprobaci\u00f3n este a\u00f1o. Por un lado, \u00c1vila habla de incorporar a los padres en los procesos formativos.","breadcrumb":{"@id":"https:\/\/cooltivarte.com\/portal\/afectividad-y-sexualidad-integral-para-los-ninos-chilenos\/#breadcrumb"},"inLanguage":"es-AR","potentialAction":[{"@type":"ReadAction","target":["https:\/\/cooltivarte.com\/portal\/afectividad-y-sexualidad-integral-para-los-ninos-chilenos\/"]}]},{"@type":"ImageObject","inLanguage":"es-AR","@id":"https:\/\/cooltivarte.com\/portal\/afectividad-y-sexualidad-integral-para-los-ninos-chilenos\/#primaryimage","url":"https:\/\/cooltivarte.com\/portal\/wp-content\/uploads\/2023\/02\/educacion-chile.png","contentUrl":"https:\/\/cooltivarte.com\/portal\/wp-content\/uploads\/2023\/02\/educacion-chile.png","width":820,"height":360,"caption":"educacion chile"},{"@type":"BreadcrumbList","@id":"https:\/\/cooltivarte.com\/portal\/afectividad-y-sexualidad-integral-para-los-ninos-chilenos\/#breadcrumb","itemListElement":[{"@type":"ListItem","position":1,"name":"Portada","item":"https:\/\/cooltivarte.com\/portal\/"},{"@type":"ListItem","position":2,"name":"Afectividad y sexualidad integral para los ni\u00f1os chilenos"}]},{"@type":"WebSite","@id":"https:\/\/cooltivarte.com\/portal\/#website","url":"https:\/\/cooltivarte.com\/portal\/","name":"Cooltivarte Portal","description":"Arte, cultura y turismo para el mundo ...","publisher":{"@id":"https:\/\/cooltivarte.com\/portal\/#organization"},"potentialAction":[{"@type":"SearchAction","target":{"@type":"EntryPoint","urlTemplate":"https:\/\/cooltivarte.com\/portal\/?s={search_term_string}"},"query-input":{"@type":"PropertyValueSpecification","valueRequired":true,"valueName":"search_term_string"}}],"inLanguage":"es-AR"},{"@type":"Organization","@id":"https:\/\/cooltivarte.com\/portal\/#organization","name":"cooltivarte","url":"https:\/\/cooltivarte.com\/portal\/","logo":{"@type":"ImageObject","inLanguage":"es-AR","@id":"https:\/\/cooltivarte.com\/portal\/#\/schema\/logo\/image\/","url":"https:\/\/cooltivarte.com\/portal\/wp-content\/uploads\/2020\/04\/logo-cooltivarte-v2.png","contentUrl":"https:\/\/cooltivarte.com\/portal\/wp-content\/uploads\/2020\/04\/logo-cooltivarte-v2.png","width":851,"height":243,"caption":"cooltivarte"},"image":{"@id":"https:\/\/cooltivarte.com\/portal\/#\/schema\/logo\/image\/"},"sameAs":["https:\/\/www.facebook.com\/cooltivartecom\/","https:\/\/x.com\/obolocultural","https:\/\/www.instagram.com\/_cooltivarte_\/","https:\/\/www.linkedin.com\/company\/-bolocultural?reportsuccess=8zaNG1HwhPbAR9iQhZ5rfGeqz_vQFftHun0ZWU0Wy9vNemRJ8vtcKdJvzQfW8XagyOJSKg0XvfJ1dp","https:\/\/www.pinterest.com\/cooltivarte\/","https:\/\/cooltivarte.tumblr.com\/","https:\/\/www.tiktok.com\/@cooltivarte","https:\/\/www.youtube.com\/@PrensaCooltivarte"]},{"@type":"Person","@id":"https:\/\/cooltivarte.com\/portal\/#\/schema\/person\/852d98c305909ce7eac4c8e64713ac6c","name":"Alejandro Carre\u00f1o T.","image":{"@type":"ImageObject","inLanguage":"es-AR","@id":"https:\/\/cooltivarte.com\/portal\/wp-content\/uploads\/2020\/07\/Alejandro-Carre\u00f1o.jpg","url":"https:\/\/cooltivarte.com\/portal\/wp-content\/uploads\/2020\/07\/Alejandro-Carre\u00f1o.jpg","contentUrl":"https:\/\/cooltivarte.com\/portal\/wp-content\/uploads\/2020\/07\/Alejandro-Carre\u00f1o.jpg","caption":"Alejandro Carre\u00f1o T."},"description":"Profesor de Castellano, Mag\u00edster en Comunicaci\u00f3n y Semi\u00f3tica y Doctor en Comunicaci\u00f3n. Acad\u00e9mico en Brasil y en su Chile natal. Columnista y ensayista. Lleva adelante en Youtube su canal \u201cDe Carre\u00f1o a los libros\u201d, donde aborda temas de Literatura, Educaci\u00f3n y Cultura.","sameAs":["https:\/\/www.facebook.com\/profile.php?id=1043831024","https:\/\/www.instagram.com\/_cooltivarte_\/","https:\/\/www.linkedin.com\/company\/-bolocultural","https:\/\/www.pinterest.com\/cooltivarte","https:\/\/x.com\/https:\/\/twitter.com\/acarrenot","https:\/\/www.youtube.com\/@PrensaCooltivarte","https:\/\/www.tumblr.com\/blog\/cooltivarte"],"url":"https:\/\/cooltivarte.com\/portal\/author\/alejandro-careno\/"}]}},"_links":{"self":[{"href":"https:\/\/cooltivarte.com\/portal\/wp-json\/wp\/v2\/posts\/88266","targetHints":{"allow":["GET"]}}],"collection":[{"href":"https:\/\/cooltivarte.com\/portal\/wp-json\/wp\/v2\/posts"}],"about":[{"href":"https:\/\/cooltivarte.com\/portal\/wp-json\/wp\/v2\/types\/post"}],"author":[{"embeddable":true,"href":"https:\/\/cooltivarte.com\/portal\/wp-json\/wp\/v2\/users\/162"}],"replies":[{"embeddable":true,"href":"https:\/\/cooltivarte.com\/portal\/wp-json\/wp\/v2\/comments?post=88266"}],"version-history":[{"count":1,"href":"https:\/\/cooltivarte.com\/portal\/wp-json\/wp\/v2\/posts\/88266\/revisions"}],"predecessor-version":[{"id":88268,"href":"https:\/\/cooltivarte.com\/portal\/wp-json\/wp\/v2\/posts\/88266\/revisions\/88268"}],"wp:featuredmedia":[{"embeddable":true,"href":"https:\/\/cooltivarte.com\/portal\/wp-json\/wp\/v2\/media\/88267"}],"wp:attachment":[{"href":"https:\/\/cooltivarte.com\/portal\/wp-json\/wp\/v2\/media?parent=88266"}],"wp:term":[{"taxonomy":"category","embeddable":true,"href":"https:\/\/cooltivarte.com\/portal\/wp-json\/wp\/v2\/categories?post=88266"},{"taxonomy":"post_tag","embeddable":true,"href":"https:\/\/cooltivarte.com\/portal\/wp-json\/wp\/v2\/tags?post=88266"}],"curies":[{"name":"wp","href":"https:\/\/api.w.org\/{rel}","templated":true}]}}