{"id":88263,"date":"2023-02-24T11:46:26","date_gmt":"2023-02-24T14:46:26","guid":{"rendered":"https:\/\/cooltivarte.com\/portal\/?p=88263"},"modified":"2023-08-31T11:47:35","modified_gmt":"2023-08-31T14:47:35","slug":"la-ley-sanguinetti-y-el-regresivo-ano-20","status":"publish","type":"post","link":"https:\/\/cooltivarte.com\/portal\/la-ley-sanguinetti-y-el-regresivo-ano-20\/","title":{"rendered":"LA LEY SANGUINETTI Y EL REGRESIVO A\u00d1O 20"},"content":{"rendered":"<p>Hace exactamente medio siglo se aprob\u00f3 en el senado la Ley 14.101 (m\u00e1s conocida como Ley Sanguinetti), que pas\u00f3 a regir la &#8220;ense\u00f1anza p\u00fablica primaria, normal, secundaria e industrial, denomin\u00e1ndola CONSEJO NACIONAL DE EDUCACION&#8221; (accesible en: <a href=\"https:\/\/www.impo.com.uy\/bases\/leyes-originales\/14101-1973\/1\" target=\"_blank\" rel=\"noopener\">impo.com.uy<\/a>).<\/p>\n<p>Dicha ley elimin\u00f3 la autonom\u00eda de Primaria, Secundaria y UTU, que pasaron a depender del referido CO.NA.E, el cual se integra por cinco miembros, todos designados por el Poder Ejecutivo. En los Consejos de Secundaria y UTU no s\u00f3lo se pierde la autonom\u00eda, sino que se borra de un plumazo la presencia de los representantes docentes elegidos para conformar parte de la gobernanza de los referidos subsistemas.<\/p>\n<p>Dicha representaci\u00f3n se ven\u00eda dando en Secundaria desde el a\u00f1o 1935 y en UTU desde 1942, bajo el saludable entendido de que es fundamental tener Consejos con maestros y profesores participando activamente en la elaboraci\u00f3n y contralor de las pol\u00edticas educativas. El retroceso fue brutal: p\u00e9rdida de autonom\u00edas esenciales del sistema educativo, supresi\u00f3n total de los representantes docentes y absoluta dependencia del poder pol\u00edtico de turno.<\/p>\n<p>Pocos meses despu\u00e9s se da el golpe de estado c\u00edvico-militar en nuestro pa\u00eds. Y la dictadura no mueve ni una coma de la Ley 14.101, la cual estar\u00e1 vigente durante toda esta nefasta etapa de nuestra historia.<\/p>\n<p>Ser\u00e1 sustituida en el regreso de la democracia, por una &#8220;Ley de Emergencia en la Ense\u00f1anza&#8221; (Ley 15.739), en el marco del gobierno de aquel mismo ministro de Educaci\u00f3n y Cultura que la hab\u00eda impulsado hac\u00eda poco m\u00e1s de una d\u00e9cada atr\u00e1s. Esta ley da nacimiento a la denominaci\u00f3n, todav\u00eda actual, de CO.DI.CEN para el \u00f3rgano central que gobierna nuestra educaci\u00f3n, sustituy\u00e9ndose as\u00ed al denominado CO.NA.E, y manteni\u00e9ndose en todos sus t\u00e9rminos la subordinaci\u00f3n de los Consejos de primaria, secundaria y UTU.<\/p>\n<p>Aunque planteada como \u201cprovisoria\u201d, la ley 15.739 se mantiene en pie durante m\u00e1s de veinte a\u00f1os y reci\u00e9n con el primer gobierno del Frente Amplio se concretar\u00e1 la esperada Ley General de la Educaci\u00f3n (Ley 18.437) que, entre otros puntos a destacar, efectivamente vuelve a restituir lo que la Ley Sanguinetti elimin\u00f3: la representaci\u00f3n docente en los Consejos, incluyendo ahora a todos los subsistemas (uno de los tres consejeros, tanto en Primaria como en Secundaria y UTU, pasa a ser elegido por voto de todos los docentes) y hasta al propio CO.DI.CEN (dos de sus cinco miembros, por primera vez, tendr\u00e1n docentes elegidos por sus colegas).<\/p>\n<p>Un avance significativo que nos volv\u00eda a poner en la l\u00ednea de la mejor tradici\u00f3n de nuestra historia educativa, pas\u00e1ndose a contar nuevamente con los educadores en la gobernanza de su campo de desarrollo profesional, elegidos con participaci\u00f3n de todos los maestros y profesores y reguladas por la Corte Electoral.<\/p>\n<p>Dicha ley, sin embargo, pasar\u00e1 a sufrir importantes modificaciones a partir de art\u00edculos presentes en la reciente Ley de Urgente Consideraci\u00f3n (LUC) del a\u00f1o 2020. Entre los principales cambios, tenemos la eliminaci\u00f3n del hist\u00f3rico formato de Consejo para Primaria, Secundaria y UTU, que se convierten en Direcciones Generales, barriendo as\u00ed, otra vez, con la representaci\u00f3n docente en los subsistemas educativos b\u00e1sicos (s\u00ed se mantuvo en CO.DI.CEN), implicando un retroceso hacia la ya regresiva Ley Sanguinetti (ley 14.101) del a\u00f1o 73&#8242;, aquella que estuvo vigente durante toda la dictadura.<\/p>\n<p>Y suma otra modificaci\u00f3n muy regresiva en cuanto a la participaci\u00f3n en la construcci\u00f3n de los rumbos a tomarse en la educaci\u00f3n p\u00fablica de aquellos que son sus principales actores: se elimina el requisito -para ser Consejero o incluso Director General de los ex Consejos- de haber sido docente en \u00e1mbitos de la ANEP.<\/p>\n<p>O sea, se puede conducir Primaria o Secundaria, por ejemplo, sin haber pisado ni una vez un aula p\u00fablica en tales subsistemas. Para rematar el duro golpe recibido por el sistema p\u00fablico y su autonom\u00eda, la Administraci\u00f3n Nacional de Educaci\u00f3n P\u00fablica (ANEP) pasa a jugar un rol de subordinaci\u00f3n frente al Poder Ejecutivo de turno, en tanto el pol\u00edtico Ministerio de Educaci\u00f3n Cultura (MEC) se convierte en el principal rector y conductor de las pol\u00edticas educativas a llevarse adelante.<\/p>\n<p>Este breve repaso hist\u00f3rico, que nos lleva de la Ley Sanguinetti a la regresiva LUC de nuestros a\u00f1os 20, es pertinente para poder ubicarnos en qu\u00e9 punto estamos en cuanto a ampliaciones o restricciones en la participaci\u00f3n y gobernanza educativa, justo en momentos en que se lleva adelante una nueva reforma educativa. Han pasado 50 a\u00f1os de la Ley Sanguinetti. Hoy, ya ni Consejos tenemos y los docentes la \u201cmiramos de afuera\u201d incluso m\u00e1s que hace medio siglo, cuando se implement\u00f3 una ley que fue abrazada (y no casualmente) en todos sus t\u00e9rminos por la dictadura.<\/p>\n<p>A veces, la historia supone avances. A veces, fuertes retrocesos. Est\u00e1 en nosotros comenzar un necesario y pronto proceso de recuperaci\u00f3n de lo mejor de nuestra tradici\u00f3n. El desaf\u00edo es crucial para toda la sociedad uruguaya.<\/p>\n<p>&nbsp;<\/p>\n<p>Publicaci\u00f3n original:<a href=\"https:\/\/elblogdejuanjopereyra.blogspot.com\/2023\/02\/la-columna-de-pablo-romero-la-ley.html\" target=\"_blank\" rel=\"noopener\"> elblogdejuanjopereyra.blogspot.com<\/a><\/p>\n<p>&nbsp;<\/p>\n<p>&nbsp;<\/p>\n<p>&nbsp;<\/p>\n<p>&nbsp;<\/p>\n<p>&nbsp;<\/p>\n","protected":false},"excerpt":{"rendered":"<p>Hace exactamente medio siglo se aprob\u00f3 en el senado la Ley 14.101 (m\u00e1s conocida como Ley Sanguinetti), que pas\u00f3 a regir la &#8220;ense\u00f1anza p\u00fablica primaria, normal, secundaria e industrial, denomin\u00e1ndola CONSEJO NACIONAL DE EDUCACION&#8221; (accesible en: impo.com.uy). Dicha ley elimin\u00f3 la autonom\u00eda de Primaria, Secundaria y UTU, que pasaron a depender del referido CO.NA.E, el [&hellip;]<\/p>\n","protected":false},"author":9,"featured_media":88264,"comment_status":"closed","ping_status":"closed","sticky":false,"template":"","format":"standard","meta":{"om_disable_all_campaigns":false,"ngg_post_thumbnail":0,"jnews-multi-image_gallery":[],"jnews_single_post":{"subtitle":"Ley 14.101","format":"standard","video":"","gallery":"","source_name":"","source_url":"","via_name":"","via_url":"","override_template":"0","override":[{"template":"1","single_blog_custom":"","parallax":"1","fullscreen":"1","layout":"right-sidebar","sidebar":"default-sidebar","second_sidebar":"default-sidebar","sticky_sidebar":"1","share_position":"top","share_float_style":"share-monocrhome","show_share_counter":"1","show_view_counter":"1","show_featured":"1","show_post_meta":"1","show_post_author":"1","show_post_author_image":"1","show_post_date":"1","post_date_format":"default","post_date_format_custom":"Y\/m\/d","show_post_category":"1","show_post_reading_time":"0","post_reading_time_wpm":"300","show_zoom_button":"0","zoom_button_out_step":"2","zoom_button_in_step":"3","show_post_tag":"1","show_prev_next_post":"1","show_popup_post":"1","number_popup_post":"1","show_author_box":"0","show_post_related":"0","show_inline_post_related":"0"}],"override_image_size":"0","image_override":[{"single_post_thumbnail_size":"crop-500","single_post_gallery_size":"crop-500"}],"trending_post":"0","trending_post_position":"meta","trending_post_label":"Trending","sponsored_post":"0","sponsored_post_label":"Sponsored by","sponsored_post_name":"","sponsored_post_url":"","sponsored_post_logo_enable":"0","sponsored_post_logo":"","sponsored_post_desc":"","disable_ad":"0"},"jnews_primary_category":{"id":"","hide":""},"jnews_social_meta":{"fb_title":"","fb_description":"","fb_image":"","twitter_title":"","twitter_description":"","twitter_image":""},"jnews_override_counter":{"override_view_counter":"0","view_counter_number":"0","override_share_counter":"0","share_counter_number":"0","override_like_counter":"0","like_counter_number":"0","override_dislike_counter":"0","dislike_counter_number":"0"},"footnotes":""},"categories":[3384],"tags":[18997,445,15399,18995,18996],"class_list":["post-88263","post","type-post","status-publish","format-standard","has-post-thumbnail","hentry","category-educacion","tag-co-di-cen","tag-educacion","tag-educacion-y-cultura","tag-ley-14-101","tag-ley-sanguinetti"],"yoast_head":"<!-- This site is optimized with the Yoast SEO plugin v27.5 - https:\/\/yoast.com\/product\/yoast-seo-wordpress\/ -->\n<title>LA LEY SANGUINETTI Y EL REGRESIVO A\u00d1O 20 - Cooltivarte Portal<\/title>\n<meta name=\"description\" content=\"Dicha ley elimin\u00f3 la autonom\u00eda de Primaria, Secundaria y UTU, que pasaron a depender del referido CO.NA.E, el cual se integra por cinco miembros, todos designados por el Poder Ejecutivo. En los Consejos de Secundaria y UTU no s\u00f3lo se pierde la autonom\u00eda, sino que se borra de un plumazo la presencia de los representantes docentes elegidos para conformar parte de la gobernanza de los referidos subsistemas.\" \/>\n<meta name=\"robots\" content=\"index, follow, max-snippet:-1, max-image-preview:large, max-video-preview:-1\" \/>\n<link rel=\"canonical\" href=\"https:\/\/cooltivarte.com\/portal\/la-ley-sanguinetti-y-el-regresivo-ano-20\/\" \/>\n<meta property=\"og:locale\" content=\"es_ES\" \/>\n<meta property=\"og:type\" content=\"article\" \/>\n<meta property=\"og:title\" content=\"LA LEY SANGUINETTI Y EL REGRESIVO A\u00d1O 20\" \/>\n<meta property=\"og:description\" content=\"Dicha ley elimin\u00f3 la autonom\u00eda de Primaria, Secundaria y UTU, que pasaron a depender del referido CO.NA.E, el cual se integra por cinco miembros, todos designados por el Poder Ejecutivo. En los Consejos de Secundaria y UTU no s\u00f3lo se pierde la autonom\u00eda, sino que se borra de un plumazo la presencia de los representantes docentes elegidos para conformar parte de la gobernanza de los referidos subsistemas.\" \/>\n<meta property=\"og:url\" content=\"https:\/\/cooltivarte.com\/portal\/la-ley-sanguinetti-y-el-regresivo-ano-20\/\" \/>\n<meta property=\"og:site_name\" content=\"Cooltivarte Portal\" \/>\n<meta property=\"article:publisher\" content=\"https:\/\/www.facebook.com\/cooltivartecom\/\" \/>\n<meta property=\"article:author\" content=\"http:\/\/www.facebook.com\/pablorom777\" \/>\n<meta property=\"article:published_time\" content=\"2023-02-24T14:46:26+00:00\" \/>\n<meta property=\"article:modified_time\" content=\"2023-08-31T14:47:35+00:00\" \/>\n<meta property=\"og:image\" content=\"https:\/\/cooltivarte.com\/portal\/wp-content\/uploads\/2023\/02\/transformacion-educativa.jpg\" \/>\n\t<meta property=\"og:image:width\" content=\"755\" \/>\n\t<meta property=\"og:image:height\" content=\"390\" \/>\n\t<meta property=\"og:image:type\" content=\"image\/jpeg\" \/>\n<meta name=\"author\" content=\"Pablo Romero\" \/>\n<meta name=\"twitter:card\" content=\"summary_large_image\" \/>\n<meta name=\"twitter:title\" content=\"LA LEY SANGUINETTI Y EL REGRESIVO A\u00d1O 20\" \/>\n<meta name=\"twitter:description\" content=\"Dicha ley elimin\u00f3 la autonom\u00eda de Primaria, Secundaria y UTU, que pasaron a depender del referido CO.NA.E, el cual se integra por cinco miembros, todos designados por el Poder Ejecutivo. En los Consejos de Secundaria y UTU no s\u00f3lo se pierde la autonom\u00eda, sino que se borra de un plumazo la presencia de los representantes docentes elegidos para conformar parte de la gobernanza de los referidos subsistemas.\" \/>\n<meta name=\"twitter:image\" content=\"https:\/\/cooltivarte.com\/portal\/wp-content\/uploads\/2023\/02\/transformacion-educativa.jpg\" \/>\n<meta name=\"twitter:creator\" content=\"@https:\/\/twitter.com\/Pabloromero74\" \/>\n<meta name=\"twitter:site\" content=\"@obolocultural\" \/>\n<meta name=\"twitter:label1\" content=\"Escrito por\" \/>\n\t<meta name=\"twitter:data1\" content=\"Pablo Romero\" \/>\n\t<meta name=\"twitter:label2\" content=\"Tiempo de lectura\" \/>\n\t<meta name=\"twitter:data2\" content=\"4 minutos\" \/>\n<!-- \/ Yoast SEO plugin. -->","yoast_head_json":{"title":"LA LEY SANGUINETTI Y EL REGRESIVO A\u00d1O 20 - Cooltivarte Portal","description":"Dicha ley elimin\u00f3 la autonom\u00eda de Primaria, Secundaria y UTU, que pasaron a depender del referido CO.NA.E, el cual se integra por cinco miembros, todos designados por el Poder Ejecutivo. En los Consejos de Secundaria y UTU no s\u00f3lo se pierde la autonom\u00eda, sino que se borra de un plumazo la presencia de los representantes docentes elegidos para conformar parte de la gobernanza de los referidos subsistemas.","robots":{"index":"index","follow":"follow","max-snippet":"max-snippet:-1","max-image-preview":"max-image-preview:large","max-video-preview":"max-video-preview:-1"},"canonical":"https:\/\/cooltivarte.com\/portal\/la-ley-sanguinetti-y-el-regresivo-ano-20\/","og_locale":"es_ES","og_type":"article","og_title":"LA LEY SANGUINETTI Y EL REGRESIVO A\u00d1O 20","og_description":"Dicha ley elimin\u00f3 la autonom\u00eda de Primaria, Secundaria y UTU, que pasaron a depender del referido CO.NA.E, el cual se integra por cinco miembros, todos designados por el Poder Ejecutivo. En los Consejos de Secundaria y UTU no s\u00f3lo se pierde la autonom\u00eda, sino que se borra de un plumazo la presencia de los representantes docentes elegidos para conformar parte de la gobernanza de los referidos subsistemas.","og_url":"https:\/\/cooltivarte.com\/portal\/la-ley-sanguinetti-y-el-regresivo-ano-20\/","og_site_name":"Cooltivarte Portal","article_publisher":"https:\/\/www.facebook.com\/cooltivartecom\/","article_author":"http:\/\/www.facebook.com\/pablorom777","article_published_time":"2023-02-24T14:46:26+00:00","article_modified_time":"2023-08-31T14:47:35+00:00","og_image":[{"width":755,"height":390,"url":"https:\/\/cooltivarte.com\/portal\/wp-content\/uploads\/2023\/02\/transformacion-educativa.jpg","type":"image\/jpeg"}],"author":"Pablo Romero","twitter_card":"summary_large_image","twitter_title":"LA LEY SANGUINETTI Y EL REGRESIVO A\u00d1O 20","twitter_description":"Dicha ley elimin\u00f3 la autonom\u00eda de Primaria, Secundaria y UTU, que pasaron a depender del referido CO.NA.E, el cual se integra por cinco miembros, todos designados por el Poder Ejecutivo. En los Consejos de Secundaria y UTU no s\u00f3lo se pierde la autonom\u00eda, sino que se borra de un plumazo la presencia de los representantes docentes elegidos para conformar parte de la gobernanza de los referidos subsistemas.","twitter_image":"https:\/\/cooltivarte.com\/portal\/wp-content\/uploads\/2023\/02\/transformacion-educativa.jpg","twitter_creator":"@https:\/\/twitter.com\/Pabloromero74","twitter_site":"@obolocultural","twitter_misc":{"Escrito por":"Pablo Romero","Tiempo de lectura":"4 minutos"},"schema":{"@context":"https:\/\/schema.org","@graph":[{"@type":"NewsArticle","@id":"https:\/\/cooltivarte.com\/portal\/la-ley-sanguinetti-y-el-regresivo-ano-20\/#article","isPartOf":{"@id":"https:\/\/cooltivarte.com\/portal\/la-ley-sanguinetti-y-el-regresivo-ano-20\/"},"author":{"name":"Pablo Romero","@id":"https:\/\/cooltivarte.com\/portal\/#\/schema\/person\/4142f96deaf5a27e4da3000f2d909698"},"headline":"LA LEY SANGUINETTI Y EL REGRESIVO A\u00d1O 20","datePublished":"2023-02-24T14:46:26+00:00","dateModified":"2023-08-31T14:47:35+00:00","mainEntityOfPage":{"@id":"https:\/\/cooltivarte.com\/portal\/la-ley-sanguinetti-y-el-regresivo-ano-20\/"},"wordCount":894,"publisher":{"@id":"https:\/\/cooltivarte.com\/portal\/#organization"},"image":{"@id":"https:\/\/cooltivarte.com\/portal\/la-ley-sanguinetti-y-el-regresivo-ano-20\/#primaryimage"},"thumbnailUrl":"https:\/\/cooltivarte.com\/portal\/wp-content\/uploads\/2023\/02\/transformacion-educativa.jpg","keywords":["CO.DI.CEN","Educaci\u00f3n","Educaci\u00f3n y Cultura","Ley 14.101","Ley Sanguinetti"],"articleSection":["Educaci\u00f3n"],"inLanguage":"es-AR"},{"@type":"WebPage","@id":"https:\/\/cooltivarte.com\/portal\/la-ley-sanguinetti-y-el-regresivo-ano-20\/","url":"https:\/\/cooltivarte.com\/portal\/la-ley-sanguinetti-y-el-regresivo-ano-20\/","name":"LA LEY SANGUINETTI Y EL REGRESIVO A\u00d1O 20 - Cooltivarte Portal","isPartOf":{"@id":"https:\/\/cooltivarte.com\/portal\/#website"},"primaryImageOfPage":{"@id":"https:\/\/cooltivarte.com\/portal\/la-ley-sanguinetti-y-el-regresivo-ano-20\/#primaryimage"},"image":{"@id":"https:\/\/cooltivarte.com\/portal\/la-ley-sanguinetti-y-el-regresivo-ano-20\/#primaryimage"},"thumbnailUrl":"https:\/\/cooltivarte.com\/portal\/wp-content\/uploads\/2023\/02\/transformacion-educativa.jpg","datePublished":"2023-02-24T14:46:26+00:00","dateModified":"2023-08-31T14:47:35+00:00","description":"Dicha ley elimin\u00f3 la autonom\u00eda de Primaria, Secundaria y UTU, que pasaron a depender del referido CO.NA.E, el cual se integra por cinco miembros, todos designados por el Poder Ejecutivo. En los Consejos de Secundaria y UTU no s\u00f3lo se pierde la autonom\u00eda, sino que se borra de un plumazo la presencia de los representantes docentes elegidos para conformar parte de la gobernanza de los referidos subsistemas.","breadcrumb":{"@id":"https:\/\/cooltivarte.com\/portal\/la-ley-sanguinetti-y-el-regresivo-ano-20\/#breadcrumb"},"inLanguage":"es-AR","potentialAction":[{"@type":"ReadAction","target":["https:\/\/cooltivarte.com\/portal\/la-ley-sanguinetti-y-el-regresivo-ano-20\/"]}]},{"@type":"ImageObject","inLanguage":"es-AR","@id":"https:\/\/cooltivarte.com\/portal\/la-ley-sanguinetti-y-el-regresivo-ano-20\/#primaryimage","url":"https:\/\/cooltivarte.com\/portal\/wp-content\/uploads\/2023\/02\/transformacion-educativa.jpg","contentUrl":"https:\/\/cooltivarte.com\/portal\/wp-content\/uploads\/2023\/02\/transformacion-educativa.jpg","width":755,"height":390,"caption":"transformaci\u00f3n-educativa"},{"@type":"BreadcrumbList","@id":"https:\/\/cooltivarte.com\/portal\/la-ley-sanguinetti-y-el-regresivo-ano-20\/#breadcrumb","itemListElement":[{"@type":"ListItem","position":1,"name":"Portada","item":"https:\/\/cooltivarte.com\/portal\/"},{"@type":"ListItem","position":2,"name":"LA LEY SANGUINETTI Y EL REGRESIVO A\u00d1O 20"}]},{"@type":"WebSite","@id":"https:\/\/cooltivarte.com\/portal\/#website","url":"https:\/\/cooltivarte.com\/portal\/","name":"Cooltivarte Portal","description":"Arte, cultura y turismo para el mundo ...","publisher":{"@id":"https:\/\/cooltivarte.com\/portal\/#organization"},"potentialAction":[{"@type":"SearchAction","target":{"@type":"EntryPoint","urlTemplate":"https:\/\/cooltivarte.com\/portal\/?s={search_term_string}"},"query-input":{"@type":"PropertyValueSpecification","valueRequired":true,"valueName":"search_term_string"}}],"inLanguage":"es-AR"},{"@type":"Organization","@id":"https:\/\/cooltivarte.com\/portal\/#organization","name":"cooltivarte","url":"https:\/\/cooltivarte.com\/portal\/","logo":{"@type":"ImageObject","inLanguage":"es-AR","@id":"https:\/\/cooltivarte.com\/portal\/#\/schema\/logo\/image\/","url":"https:\/\/cooltivarte.com\/portal\/wp-content\/uploads\/2020\/04\/logo-cooltivarte-v2.png","contentUrl":"https:\/\/cooltivarte.com\/portal\/wp-content\/uploads\/2020\/04\/logo-cooltivarte-v2.png","width":851,"height":243,"caption":"cooltivarte"},"image":{"@id":"https:\/\/cooltivarte.com\/portal\/#\/schema\/logo\/image\/"},"sameAs":["https:\/\/www.facebook.com\/cooltivartecom\/","https:\/\/x.com\/obolocultural","https:\/\/www.instagram.com\/_cooltivarte_\/","https:\/\/www.linkedin.com\/company\/-bolocultural?reportsuccess=8zaNG1HwhPbAR9iQhZ5rfGeqz_vQFftHun0ZWU0Wy9vNemRJ8vtcKdJvzQfW8XagyOJSKg0XvfJ1dp","https:\/\/www.pinterest.com\/cooltivarte\/","https:\/\/cooltivarte.tumblr.com\/","https:\/\/www.tiktok.com\/@cooltivarte","https:\/\/www.youtube.com\/@PrensaCooltivarte"]},{"@type":"Person","@id":"https:\/\/cooltivarte.com\/portal\/#\/schema\/person\/4142f96deaf5a27e4da3000f2d909698","name":"Pablo Romero","image":{"@type":"ImageObject","inLanguage":"es-AR","@id":"https:\/\/cooltivarte.com\/portal\/wp-content\/uploads\/2014\/05\/pablo-romero-120x120.jpg","url":"https:\/\/cooltivarte.com\/portal\/wp-content\/uploads\/2014\/05\/pablo-romero-120x120.jpg","contentUrl":"https:\/\/cooltivarte.com\/portal\/wp-content\/uploads\/2014\/05\/pablo-romero-120x120.jpg","caption":"Pablo Romero"},"description":"Profesor de Filosof\u00eda (egresado del IPA) y posgraduado como Especialista en Pol\u00edtica y Gesti\u00f3n de la Educaci\u00f3n, es docente de \u00c9tica en Universidad CLAEH y de Filosof\u00eda en educaci\u00f3n secundaria. Autor de \"Sobre el sentido de educar\" (Ediciones B-Penguin Random House, 2021) y coautor de obras sobre el campo de la filosof\u00eda de la educaci\u00f3n, es expositor a nivel nacional e internacional sobre temas educativos. Se ha desempe\u00f1ado como docente de Argumentaci\u00f3n en la Universidad Cat\u00f3lica y realizado ciclos de columnas de filosof\u00eda en radio El Espectador y en el canal televisivo TV Ciudad.","sameAs":["http:\/\/pabloromero7.blogspot.com\/","http:\/\/www.facebook.com\/pablorom777","https:\/\/www.instagram.com\/pabloromero1974\/","https:\/\/www.linkedin.com\/in\/pablo-romero-garca-7b82989b\/","https:\/\/www.pinterest.com\/cooltivarte\/","https:\/\/x.com\/https:\/\/twitter.com\/Pabloromero74","https:\/\/www.youtube.com\/@PrensaCooltivarte","https:\/\/cooltivarte.tumblr.com\/"],"url":"https:\/\/cooltivarte.com\/portal\/author\/romero\/"}]}},"_links":{"self":[{"href":"https:\/\/cooltivarte.com\/portal\/wp-json\/wp\/v2\/posts\/88263","targetHints":{"allow":["GET"]}}],"collection":[{"href":"https:\/\/cooltivarte.com\/portal\/wp-json\/wp\/v2\/posts"}],"about":[{"href":"https:\/\/cooltivarte.com\/portal\/wp-json\/wp\/v2\/types\/post"}],"author":[{"embeddable":true,"href":"https:\/\/cooltivarte.com\/portal\/wp-json\/wp\/v2\/users\/9"}],"replies":[{"embeddable":true,"href":"https:\/\/cooltivarte.com\/portal\/wp-json\/wp\/v2\/comments?post=88263"}],"version-history":[{"count":1,"href":"https:\/\/cooltivarte.com\/portal\/wp-json\/wp\/v2\/posts\/88263\/revisions"}],"predecessor-version":[{"id":88265,"href":"https:\/\/cooltivarte.com\/portal\/wp-json\/wp\/v2\/posts\/88263\/revisions\/88265"}],"wp:featuredmedia":[{"embeddable":true,"href":"https:\/\/cooltivarte.com\/portal\/wp-json\/wp\/v2\/media\/88264"}],"wp:attachment":[{"href":"https:\/\/cooltivarte.com\/portal\/wp-json\/wp\/v2\/media?parent=88263"}],"wp:term":[{"taxonomy":"category","embeddable":true,"href":"https:\/\/cooltivarte.com\/portal\/wp-json\/wp\/v2\/categories?post=88263"},{"taxonomy":"post_tag","embeddable":true,"href":"https:\/\/cooltivarte.com\/portal\/wp-json\/wp\/v2\/tags?post=88263"}],"curies":[{"name":"wp","href":"https:\/\/api.w.org\/{rel}","templated":true}]}}