{"id":87889,"date":"2023-02-06T12:06:06","date_gmt":"2023-02-06T15:06:06","guid":{"rendered":"https:\/\/cooltivarte.com\/portal\/?p=87889"},"modified":"2023-02-17T20:35:10","modified_gmt":"2023-02-17T23:35:10","slug":"25o-edicion-festival-internacional-de-cine-de-punta-del-este","status":"publish","type":"post","link":"https:\/\/cooltivarte.com\/portal\/25o-edicion-festival-internacional-de-cine-de-punta-del-este\/","title":{"rendered":"25\u00ba Edici\u00f3n Festival Internacional de Cine de Punta del Este"},"content":{"rendered":"<p data-adtags-visited=\"true\"><strong>&nbsp;Desde el 5 al 11 de febrero 2023 se est\u00e1 llevando a cabo el Festival de Cine de Punta del Este.<\/strong><\/p>\n<p data-adtags-visited=\"true\">La vig\u00e9sima quinta edici\u00f3n presenta una nueva competencia de perfil iberoamericano para producciones documentales que premiar\u00e1 con el \u00abLobo de Mar\u00bb a la mejor realizaci\u00f3n.<\/p>\n<p data-adtags-visited=\"true\">Mantiene su competencia de largometrajes de ficci\u00f3n con diez t\u00edtulos que se disputar\u00e1n el premio \u00abMauricio Litman\u00bb a Mejor Pel\u00edcula, Mejor Director, Mejor Actriz, Mejor Actor y Premio del P\u00fablico.<\/p>\n<p data-adtags-visited=\"true\">Se est\u00e1n exhibiendo estrenos nacionales e internacionales y hay diferentes homenajes: a la reconocida actriz argentina Cecilia Roth y al cineasta uruguayo Jos\u00e9 Ram\u00f3n Novoa, con un ciclo retrospectivo de su obra.<\/p>\n<p data-adtags-visited=\"true\">La grilla con m\u00e1s de 40 t\u00edtulos se exhibir\u00e1n en forma gratuita en cuatro salas de Maldonado y Punta del Este:<br \/>\n*Sala Cantegril<br \/>\n*Teatro Casa de la Cultura<br \/>\n*Teatro de Verano Margarita Xirg\u00fa<br \/>\n*Grupocine<\/p>\n<p data-adtags-visited=\"true\">El evento est\u00e1 organizado por la Intendencia de Maldonado a trav\u00e9s de la Direcci\u00f3n General de Cultura.<\/p>\n<p data-adtags-visited=\"true\">&nbsp;<\/p>\n","protected":false},"excerpt":{"rendered":"<p>&nbsp;Desde el 5 al 11 de febrero 2023 se est\u00e1 llevando a cabo el Festival de Cine de Punta del Este. La vig\u00e9sima quinta edici\u00f3n presenta una nueva competencia de perfil iberoamericano para producciones documentales que premiar\u00e1 con el \u00abLobo de Mar\u00bb a la mejor realizaci\u00f3n. Mantiene su competencia de largometrajes de ficci\u00f3n con diez [&hellip;]<\/p>\n","protected":false},"author":155,"featured_media":88092,"comment_status":"closed","ping_status":"closed","sticky":false,"template":"","format":"standard","meta":{"om_disable_all_campaigns":false,"ngg_post_thumbnail":0,"jnews-multi-image_gallery":[],"jnews_single_post":{"subtitle":"","format":"standard","video":"","gallery":"","source_name":"","source_url":"","via_name":"","via_url":"","override_template":"0","override":[{"template":"1","single_blog_custom":"","parallax":"1","fullscreen":"1","layout":"right-sidebar","sidebar":"default-sidebar","second_sidebar":"default-sidebar","sticky_sidebar":"1","share_position":"top","share_float_style":"share-monocrhome","show_share_counter":"1","show_view_counter":"1","show_featured":"1","show_post_meta":"1","show_post_author":"1","show_post_author_image":"1","show_post_date":"1","post_date_format":"default","post_date_format_custom":"Y\/m\/d","show_post_category":"1","show_post_reading_time":"0","post_reading_time_wpm":"300","show_zoom_button":"0","zoom_button_out_step":"2","zoom_button_in_step":"3","show_post_tag":"1","show_prev_next_post":"1","show_popup_post":"1","number_popup_post":"1","show_author_box":"0","show_post_related":"0","show_inline_post_related":"0"}],"override_image_size":"0","image_override":[{"single_post_thumbnail_size":"crop-500","single_post_gallery_size":"crop-500"}],"trending_post":"0","trending_post_position":"meta","trending_post_label":"Trending","sponsored_post":"0","sponsored_post_label":"Sponsored by","sponsored_post_name":"","sponsored_post_url":"","sponsored_post_logo_enable":"0","sponsored_post_logo":"","sponsored_post_desc":""},"jnews_primary_category":{"id":""},"jnews_social_meta":{"fb_title":"","fb_description":"","fb_image":"","twitter_title":"","twitter_description":"","twitter_image":""},"jnews_override_counter":{"override_view_counter":"0","view_counter_number":"0","override_share_counter":"0","share_counter_number":"0","override_like_counter":"0","like_counter_number":"0","override_dislike_counter":"0","dislike_counter_number":"0"},"footnotes":""},"categories":[72],"tags":[18913,18912,5535,17704,18911],"class_list":["post-87889","post","type-post","status-publish","format-standard","has-post-thumbnail","hentry","category-cine","tag-festival-de-cine-de-punta-del-este","tag-grupocine","tag-sala-cantegril","tag-teatro-casa-de-la-cultura","tag-teatro-de-verano-margarita-xirgu"],"yoast_head":"<!-- This site is optimized with the Yoast SEO plugin v27.4 - https:\/\/yoast.com\/product\/yoast-seo-wordpress\/ -->\n<title>25\u00ba Edici\u00f3n Festival Internacional de Cine de Punta del Este - Cooltivarte Portal<\/title>\n<meta name=\"description\" content=\"La grilla con m\u00e1s de 40 t\u00edtulos se exhibir\u00e1n en forma gratuita en cuatro salas de Maldonado y Punta del Este: *Sala Cantegril *Teatro Casa de la Cultura *Teatro de Verano Margarita Xirg\u00fa *Grupocine\" \/>\n<meta name=\"robots\" content=\"index, follow, max-snippet:-1, max-image-preview:large, max-video-preview:-1\" \/>\n<link rel=\"canonical\" href=\"https:\/\/cooltivarte.com\/portal\/25o-edicion-festival-internacional-de-cine-de-punta-del-este\/\" \/>\n<meta property=\"og:locale\" content=\"es_ES\" \/>\n<meta property=\"og:type\" content=\"article\" \/>\n<meta property=\"og:title\" content=\"25\u00ba Edici\u00f3n Festival Internacional de Cine de Punta del Este\" \/>\n<meta property=\"og:description\" content=\"La grilla con m\u00e1s de 40 t\u00edtulos se exhibir\u00e1n en forma gratuita en cuatro salas de Maldonado y Punta del Este: *Sala Cantegril *Teatro Casa de la Cultura *Teatro de Verano Margarita Xirg\u00fa *Grupocine\" \/>\n<meta property=\"og:url\" content=\"https:\/\/cooltivarte.com\/portal\/25o-edicion-festival-internacional-de-cine-de-punta-del-este\/\" \/>\n<meta property=\"og:site_name\" content=\"Cooltivarte Portal\" \/>\n<meta property=\"article:publisher\" content=\"https:\/\/www.facebook.com\/cooltivartecom\/\" \/>\n<meta property=\"article:author\" content=\"https:\/\/www.facebook.com\/cineylibros\/\" \/>\n<meta property=\"article:published_time\" content=\"2023-02-06T15:06:06+00:00\" \/>\n<meta property=\"article:modified_time\" content=\"2023-02-17T23:35:10+00:00\" \/>\n<meta property=\"og:image\" content=\"https:\/\/cooltivarte.com\/portal\/wp-content\/uploads\/2023\/02\/cine-punta-del-este-1.jpg\" \/>\n\t<meta property=\"og:image:width\" content=\"570\" \/>\n\t<meta property=\"og:image:height\" content=\"566\" \/>\n\t<meta property=\"og:image:type\" content=\"image\/jpeg\" \/>\n<meta name=\"author\" content=\"Luciana Rodriguez\" \/>\n<meta name=\"twitter:card\" content=\"summary_large_image\" \/>\n<meta name=\"twitter:title\" content=\"25\u00ba Edici\u00f3n Festival Internacional de Cine de Punta del Este\" \/>\n<meta name=\"twitter:description\" content=\"La grilla con m\u00e1s de 40 t\u00edtulos se exhibir\u00e1n en forma gratuita en cuatro salas de Maldonado y Punta del Este: *Sala Cantegril *Teatro Casa de la Cultura *Teatro de Verano Margarita Xirg\u00fa *Grupocine\" \/>\n<meta name=\"twitter:image\" content=\"https:\/\/cooltivarte.com\/portal\/wp-content\/uploads\/2023\/02\/cine-punta-del-este-1.jpg\" \/>\n<meta name=\"twitter:creator\" content=\"@https:\/\/x.com\/obolocultural\" \/>\n<meta name=\"twitter:site\" content=\"@obolocultural\" \/>\n<meta name=\"twitter:label1\" content=\"Escrito por\" \/>\n\t<meta name=\"twitter:data1\" content=\"Luciana Rodriguez\" \/>\n\t<meta name=\"twitter:label2\" content=\"Tiempo de lectura\" \/>\n\t<meta name=\"twitter:data2\" content=\"1 minuto\" \/>\n<!-- \/ Yoast SEO plugin. -->","yoast_head_json":{"title":"25\u00ba Edici\u00f3n Festival Internacional de Cine de Punta del Este - Cooltivarte Portal","description":"La grilla con m\u00e1s de 40 t\u00edtulos se exhibir\u00e1n en forma gratuita en cuatro salas de Maldonado y Punta del Este: *Sala Cantegril *Teatro Casa de la Cultura *Teatro de Verano Margarita Xirg\u00fa *Grupocine","robots":{"index":"index","follow":"follow","max-snippet":"max-snippet:-1","max-image-preview":"max-image-preview:large","max-video-preview":"max-video-preview:-1"},"canonical":"https:\/\/cooltivarte.com\/portal\/25o-edicion-festival-internacional-de-cine-de-punta-del-este\/","og_locale":"es_ES","og_type":"article","og_title":"25\u00ba Edici\u00f3n Festival Internacional de Cine de Punta del Este","og_description":"La grilla con m\u00e1s de 40 t\u00edtulos se exhibir\u00e1n en forma gratuita en cuatro salas de Maldonado y Punta del Este: *Sala Cantegril *Teatro Casa de la Cultura *Teatro de Verano Margarita Xirg\u00fa *Grupocine","og_url":"https:\/\/cooltivarte.com\/portal\/25o-edicion-festival-internacional-de-cine-de-punta-del-este\/","og_site_name":"Cooltivarte Portal","article_publisher":"https:\/\/www.facebook.com\/cooltivartecom\/","article_author":"https:\/\/www.facebook.com\/cineylibros\/","article_published_time":"2023-02-06T15:06:06+00:00","article_modified_time":"2023-02-17T23:35:10+00:00","og_image":[{"width":570,"height":566,"url":"https:\/\/cooltivarte.com\/portal\/wp-content\/uploads\/2023\/02\/cine-punta-del-este-1.jpg","type":"image\/jpeg"}],"author":"Luciana Rodriguez","twitter_card":"summary_large_image","twitter_title":"25\u00ba Edici\u00f3n Festival Internacional de Cine de Punta del Este","twitter_description":"La grilla con m\u00e1s de 40 t\u00edtulos se exhibir\u00e1n en forma gratuita en cuatro salas de Maldonado y Punta del Este: *Sala Cantegril *Teatro Casa de la Cultura *Teatro de Verano Margarita Xirg\u00fa *Grupocine","twitter_image":"https:\/\/cooltivarte.com\/portal\/wp-content\/uploads\/2023\/02\/cine-punta-del-este-1.jpg","twitter_creator":"@https:\/\/x.com\/obolocultural","twitter_site":"@obolocultural","twitter_misc":{"Escrito por":"Luciana Rodriguez","Tiempo de lectura":"1 minuto"},"schema":{"@context":"https:\/\/schema.org","@graph":[{"@type":"NewsArticle","@id":"https:\/\/cooltivarte.com\/portal\/25o-edicion-festival-internacional-de-cine-de-punta-del-este\/#article","isPartOf":{"@id":"https:\/\/cooltivarte.com\/portal\/25o-edicion-festival-internacional-de-cine-de-punta-del-este\/"},"author":{"name":"Luciana Rodriguez","@id":"https:\/\/cooltivarte.com\/portal\/#\/schema\/person\/5e9cf931afe7ffe76aa2a2d7d2c906bd"},"headline":"25\u00ba Edici\u00f3n Festival Internacional de Cine de Punta del Este","datePublished":"2023-02-06T15:06:06+00:00","dateModified":"2023-02-17T23:35:10+00:00","mainEntityOfPage":{"@id":"https:\/\/cooltivarte.com\/portal\/25o-edicion-festival-internacional-de-cine-de-punta-del-este\/"},"wordCount":182,"publisher":{"@id":"https:\/\/cooltivarte.com\/portal\/#organization"},"image":{"@id":"https:\/\/cooltivarte.com\/portal\/25o-edicion-festival-internacional-de-cine-de-punta-del-este\/#primaryimage"},"thumbnailUrl":"https:\/\/cooltivarte.com\/portal\/wp-content\/uploads\/2023\/02\/cine-punta-del-este-1.jpg","keywords":["Festival de Cine de Punta del Este","Grupocine","SALA CANTEGRIL","Teatro Casa de la Cultura","Teatro de Verano Margarita Xirg\u00fa"],"articleSection":["Cine y TV"],"inLanguage":"es-AR"},{"@type":"WebPage","@id":"https:\/\/cooltivarte.com\/portal\/25o-edicion-festival-internacional-de-cine-de-punta-del-este\/","url":"https:\/\/cooltivarte.com\/portal\/25o-edicion-festival-internacional-de-cine-de-punta-del-este\/","name":"25\u00ba Edici\u00f3n Festival Internacional de Cine de Punta del Este - Cooltivarte Portal","isPartOf":{"@id":"https:\/\/cooltivarte.com\/portal\/#website"},"primaryImageOfPage":{"@id":"https:\/\/cooltivarte.com\/portal\/25o-edicion-festival-internacional-de-cine-de-punta-del-este\/#primaryimage"},"image":{"@id":"https:\/\/cooltivarte.com\/portal\/25o-edicion-festival-internacional-de-cine-de-punta-del-este\/#primaryimage"},"thumbnailUrl":"https:\/\/cooltivarte.com\/portal\/wp-content\/uploads\/2023\/02\/cine-punta-del-este-1.jpg","datePublished":"2023-02-06T15:06:06+00:00","dateModified":"2023-02-17T23:35:10+00:00","description":"La grilla con m\u00e1s de 40 t\u00edtulos se exhibir\u00e1n en forma gratuita en cuatro salas de Maldonado y Punta del Este: *Sala Cantegril *Teatro Casa de la Cultura *Teatro de Verano Margarita Xirg\u00fa *Grupocine","breadcrumb":{"@id":"https:\/\/cooltivarte.com\/portal\/25o-edicion-festival-internacional-de-cine-de-punta-del-este\/#breadcrumb"},"inLanguage":"es-AR","potentialAction":[{"@type":"ReadAction","target":["https:\/\/cooltivarte.com\/portal\/25o-edicion-festival-internacional-de-cine-de-punta-del-este\/"]}]},{"@type":"ImageObject","inLanguage":"es-AR","@id":"https:\/\/cooltivarte.com\/portal\/25o-edicion-festival-internacional-de-cine-de-punta-del-este\/#primaryimage","url":"https:\/\/cooltivarte.com\/portal\/wp-content\/uploads\/2023\/02\/cine-punta-del-este-1.jpg","contentUrl":"https:\/\/cooltivarte.com\/portal\/wp-content\/uploads\/2023\/02\/cine-punta-del-este-1.jpg","width":570,"height":566,"caption":"cine-punta-del-este"},{"@type":"BreadcrumbList","@id":"https:\/\/cooltivarte.com\/portal\/25o-edicion-festival-internacional-de-cine-de-punta-del-este\/#breadcrumb","itemListElement":[{"@type":"ListItem","position":1,"name":"Portada","item":"https:\/\/cooltivarte.com\/portal\/"},{"@type":"ListItem","position":2,"name":"25\u00ba Edici\u00f3n Festival Internacional de Cine de Punta del Este"}]},{"@type":"WebSite","@id":"https:\/\/cooltivarte.com\/portal\/#website","url":"https:\/\/cooltivarte.com\/portal\/","name":"Cooltivarte Portal","description":"Arte, cultura y turismo para el mundo ...","publisher":{"@id":"https:\/\/cooltivarte.com\/portal\/#organization"},"potentialAction":[{"@type":"SearchAction","target":{"@type":"EntryPoint","urlTemplate":"https:\/\/cooltivarte.com\/portal\/?s={search_term_string}"},"query-input":{"@type":"PropertyValueSpecification","valueRequired":true,"valueName":"search_term_string"}}],"inLanguage":"es-AR"},{"@type":"Organization","@id":"https:\/\/cooltivarte.com\/portal\/#organization","name":"cooltivarte","url":"https:\/\/cooltivarte.com\/portal\/","logo":{"@type":"ImageObject","inLanguage":"es-AR","@id":"https:\/\/cooltivarte.com\/portal\/#\/schema\/logo\/image\/","url":"https:\/\/cooltivarte.com\/portal\/wp-content\/uploads\/2020\/04\/logo-cooltivarte-v2.png","contentUrl":"https:\/\/cooltivarte.com\/portal\/wp-content\/uploads\/2020\/04\/logo-cooltivarte-v2.png","width":851,"height":243,"caption":"cooltivarte"},"image":{"@id":"https:\/\/cooltivarte.com\/portal\/#\/schema\/logo\/image\/"},"sameAs":["https:\/\/www.facebook.com\/cooltivartecom\/","https:\/\/x.com\/obolocultural","https:\/\/www.instagram.com\/_cooltivarte_\/","https:\/\/www.linkedin.com\/company\/-bolocultural?reportsuccess=8zaNG1HwhPbAR9iQhZ5rfGeqz_vQFftHun0ZWU0Wy9vNemRJ8vtcKdJvzQfW8XagyOJSKg0XvfJ1dp","https:\/\/www.pinterest.com\/cooltivarte\/","https:\/\/cooltivarte.tumblr.com\/","https:\/\/www.tiktok.com\/@cooltivarte","https:\/\/www.youtube.com\/@PrensaCooltivarte"]},{"@type":"Person","@id":"https:\/\/cooltivarte.com\/portal\/#\/schema\/person\/5e9cf931afe7ffe76aa2a2d7d2c906bd","name":"Luciana Rodriguez","image":{"@type":"ImageObject","inLanguage":"es-AR","@id":"https:\/\/cooltivarte.com\/portal\/wp-content\/uploads\/2019\/10\/luciana-120x120.jpg","url":"https:\/\/cooltivarte.com\/portal\/wp-content\/uploads\/2019\/10\/luciana-120x120.jpg","contentUrl":"https:\/\/cooltivarte.com\/portal\/wp-content\/uploads\/2019\/10\/luciana-120x120.jpg","caption":"Luciana Rodriguez"},"description":"Luciana Rodr\u00edguez, mam\u00e1, fot\u00f3grafa, t\u00e9cnica en comunicaci\u00f3n social, actualmente realizando la licenciatura en comunicaci\u00f3n audiovisual en la Fic (Udelar). Desde peque\u00f1a mi primer amor fue el cine, tard\u00edamente encontr\u00e9 mi segunda pasi\u00f3n en la literatura. Mi sue\u00f1o es lograr convertirme en cineasta, principalmente dentro del cine documental, mientras tanto disfruto de las obras ajenas intentando por este medio que otros las conozcan.","sameAs":["https:\/\/entrenoslibroscine.wordpress.com\/","https:\/\/www.facebook.com\/cineylibros\/","https:\/\/www.instagram.com\/luciana.rodriguez.cine","https:\/\/www.linkedin.com\/company\/-bolocultural\/","https:\/\/www.pinterest.com\/cooltivarte\/","https:\/\/x.com\/https:\/\/x.com\/obolocultural","https:\/\/www.youtube.com\/@PrensaCooltivarte","https:\/\/cooltivarte.tumblr.com\/"],"url":"https:\/\/cooltivarte.com\/portal\/author\/luciana-rodriguez\/"}]}},"_links":{"self":[{"href":"https:\/\/cooltivarte.com\/portal\/wp-json\/wp\/v2\/posts\/87889","targetHints":{"allow":["GET"]}}],"collection":[{"href":"https:\/\/cooltivarte.com\/portal\/wp-json\/wp\/v2\/posts"}],"about":[{"href":"https:\/\/cooltivarte.com\/portal\/wp-json\/wp\/v2\/types\/post"}],"author":[{"embeddable":true,"href":"https:\/\/cooltivarte.com\/portal\/wp-json\/wp\/v2\/users\/155"}],"replies":[{"embeddable":true,"href":"https:\/\/cooltivarte.com\/portal\/wp-json\/wp\/v2\/comments?post=87889"}],"version-history":[{"count":1,"href":"https:\/\/cooltivarte.com\/portal\/wp-json\/wp\/v2\/posts\/87889\/revisions"}],"predecessor-version":[{"id":87891,"href":"https:\/\/cooltivarte.com\/portal\/wp-json\/wp\/v2\/posts\/87889\/revisions\/87891"}],"wp:featuredmedia":[{"embeddable":true,"href":"https:\/\/cooltivarte.com\/portal\/wp-json\/wp\/v2\/media\/88092"}],"wp:attachment":[{"href":"https:\/\/cooltivarte.com\/portal\/wp-json\/wp\/v2\/media?parent=87889"}],"wp:term":[{"taxonomy":"category","embeddable":true,"href":"https:\/\/cooltivarte.com\/portal\/wp-json\/wp\/v2\/categories?post=87889"},{"taxonomy":"post_tag","embeddable":true,"href":"https:\/\/cooltivarte.com\/portal\/wp-json\/wp\/v2\/tags?post=87889"}],"curies":[{"name":"wp","href":"https:\/\/api.w.org\/{rel}","templated":true}]}}