{"id":87179,"date":"2022-12-23T15:22:04","date_gmt":"2022-12-23T18:22:04","guid":{"rendered":"https:\/\/cooltivarte.com\/portal\/?p=87179"},"modified":"2022-12-23T15:25:15","modified_gmt":"2022-12-23T18:25:15","slug":"9o-festival-internacional-temporada-alta-de-girona-en-montevideo","status":"publish","type":"post","link":"https:\/\/cooltivarte.com\/portal\/9o-festival-internacional-temporada-alta-de-girona-en-montevideo\/","title":{"rendered":"9\u00ba FESTIVAL INTERNACIONAL TEMPORADA ALTA DE GIRONA EN MONTEVIDEO"},"content":{"rendered":"<p><a href=\"https:\/\/cooltivarte.com\/portal\/wp-content\/uploads\/2022\/12\/Sin-titulo.jpg\"><img fetchpriority=\"high\" decoding=\"async\" class=\"size-medium wp-image-87182 aligncenter\" src=\"https:\/\/cooltivarte.com\/portal\/wp-content\/uploads\/2022\/12\/Sin-titulo-213x300.jpg\" alt=\"\" width=\"213\" height=\"300\" srcset=\"https:\/\/cooltivarte.com\/portal\/wp-content\/uploads\/2022\/12\/Sin-titulo-213x300.jpg 213w, https:\/\/cooltivarte.com\/portal\/wp-content\/uploads\/2022\/12\/Sin-titulo.jpg 606w\" sizes=\"(max-width: 213px) 100vw, 213px\" \/><\/a><\/p>\n<p>Del 01 al 26 de febrero el Centro Cultural Terminal Goes, Centro de Exposiciones Subte, el Mercado Agricola de Montevideo (MAM), la Sala Lazaroff y la Sala Verdi ser\u00e1n expositores del neveno Festival Internacional Temporada Alta.<\/p>\n<p>Este festival es extensi\u00f3n del emblem\u00e1tico festival catal\u00e1n nacido en Girona. Festival que desde hace casi una d\u00e9cada se ha multiplicado en Latinoam\u00e9rica a trav\u00e9s de Timbre 4 en Buenos Aires, de la Alianza Francesa en Lima y de Sala Verdi en Montevideo.<\/p>\n<p>En esta edici\u00f3n se presentar\u00e1n trece propuestas provenientes de Argentina, Colombia, Espa\u00f1a, Francia, Portugal y Uruguay; diversas entre s\u00ed, pero reivindicativas del hecho art\u00edstico como un universo de libertad sin concesiones.<\/p>\n<div class=\"wp-block-columns is-layout-flex wp-container-2\">\n<div class=\"wp-block-column is-layout-flow\"><a href=\"https:\/\/cooltivarte.com\/portal\/wp-content\/uploads\/2022\/12\/1.jpg\"><img decoding=\"async\" class=\"alignnone size-medium wp-image-87185\" src=\"https:\/\/cooltivarte.com\/portal\/wp-content\/uploads\/2022\/12\/1-245x300.jpg\" alt=\"\" width=\"245\" height=\"300\" srcset=\"https:\/\/cooltivarte.com\/portal\/wp-content\/uploads\/2022\/12\/1-245x300.jpg 245w, https:\/\/cooltivarte.com\/portal\/wp-content\/uploads\/2022\/12\/1.jpg 709w\" sizes=\"(max-width: 245px) 100vw, 245px\" \/><\/a><a href=\"https:\/\/cooltivarte.com\/portal\/wp-content\/uploads\/2022\/12\/2.jpg\"><img decoding=\"async\" class=\"alignnone size-medium wp-image-87184\" src=\"https:\/\/cooltivarte.com\/portal\/wp-content\/uploads\/2022\/12\/2-300x300.jpg\" alt=\"\" width=\"300\" height=\"300\" srcset=\"https:\/\/cooltivarte.com\/portal\/wp-content\/uploads\/2022\/12\/2-300x300.jpg 300w, https:\/\/cooltivarte.com\/portal\/wp-content\/uploads\/2022\/12\/2-150x150.jpg 150w, https:\/\/cooltivarte.com\/portal\/wp-content\/uploads\/2022\/12\/2-120x120.jpg 120w, https:\/\/cooltivarte.com\/portal\/wp-content\/uploads\/2022\/12\/2.jpg 696w\" sizes=\"(max-width: 300px) 100vw, 300px\" \/><\/a><a href=\"https:\/\/cooltivarte.com\/portal\/wp-content\/uploads\/2022\/12\/3.jpg\"><img loading=\"lazy\" decoding=\"async\" class=\"alignnone size-medium wp-image-87183\" src=\"https:\/\/cooltivarte.com\/portal\/wp-content\/uploads\/2022\/12\/3-288x300.jpg\" alt=\"\" width=\"288\" height=\"300\" srcset=\"https:\/\/cooltivarte.com\/portal\/wp-content\/uploads\/2022\/12\/3-288x300.jpg 288w, https:\/\/cooltivarte.com\/portal\/wp-content\/uploads\/2022\/12\/3.jpg 701w\" sizes=\"(max-width: 288px) 100vw, 288px\" \/><\/a><\/div>\n<div>\n<p><strong>Obras:<\/strong><\/p>\n<p><strong>360 GRAMOS<\/strong>\u00a0\u2013 Espa\u00f1a, Tragicomedia<\/p>\n<p>Un espect\u00e1culo po\u00e9tico, que fusiona palabra, cuerpo y danza.<br \/>\nCon s\u00f3lo un pecho el cuerpo no deja de ser bello.<br \/>\nCuando la vida te parte en dos se despliega ante ti la oportunidad de atravesar el dolor y redescubrir el misterio de la belleza. Una belleza pol\u00edtica que combate la superficialidad y desaf\u00eda los estereotipos. Una belleza que es lo que es, con su diferencia. Una verdad que abraza y ama la vida.<br \/>\nTu mirada cuenta, es importante, suma. Y como dice John Berger \u00abNo estoy desnuda tal como soy, sino que estoy desnuda tal como t\u00fa me ves\u00bb.<br \/>\n360 GRAMOS es un proyecto que nace de una experiencia personal de Ada Vilar\u00f3, muy \u00edntima y fr\u00e1gil y que, por primera vez, se atreve a compartir.<\/p>\n<p><strong>ALTSASU<\/strong>\u00a0\u2013 Espa\u00f1a, Teatro documental de La Dram\u00e1tica Errante<\/p>\n<p>En la madrugada del 15 de octubre de 2016, se produce a las puertas del bar Koxka, en Altsasu (Navarra), un altercado en el que se vieron implicados varios vecinos del pueblo, dos agentes de la Guardia Civil y las parejas de estos. El resultado fue de dos detenidos y un tobillo, el del teniente, roto. En menos de 24 horas Altsasu se convierte en un plat\u00f3 de televisi\u00f3n y en menos de un d\u00eda y medio el caso es un asunto de Estado. Los denunciantes se niegan a declarar ante la Polic\u00eda Foral, algo que s\u00ed hacen ante sus compa\u00f1eros de la Guardia Civil.<br \/>\nEl giro de este espect\u00e1culo se produce cuando COVITE, el Colectivo de V\u00edctimas del Terrorismo en el Pa\u00eds Vasco, denuncia los hechos ante la Audiencia Nacional.<br \/>\nEsta organizaci\u00f3n introduce la acusaci\u00f3n de terrorismo y se pone en marcha un operativo<br \/>\npolicial contra nueve j\u00f3venes. Siete de ellos ingresan en prisi\u00f3n inmediatamente. A la vista oral, que comienza el 16 de abril de 2018, se llega con peticiones fiscales de entre 6 y 12 a\u00f1os de prisi\u00f3n para ocho j\u00f3venes. El juicio es seguido con expectaci\u00f3n en todo el estado espa\u00f1ol por lo que puede significar de cara al recorte de las libertades y el abuso de la expresi\u00f3n \u201cterrorista\u201d que impulsa la Fiscal\u00eda.<\/p>\n<p><strong>\u00a1BAILEMOS\u2026 QUE SE ACABA EL MUNDO!<\/strong>\u00a0\u2013 Argentina, Obra audio-interactiva para bailar con el p\u00fablico<\/p>\n<p>La obra consiste en una experiencia para un grupo de espectadores a quienes se invita a bailar como si fueran a un baile de club del pueblo. Cada espectador-participante recibe auriculares donde escuchar\u00e1 un audio. En esta situaci\u00f3n de baile transcurren escenas variadas y el p\u00fablico recibe distintas instrucciones y consignas que deber\u00e1 realizar en grupo o individualmente. De este modo los espectadores entran en un juego de coreograf\u00edas y actividades que les involucran como parte de situaciones ficticias. Mezclados con el p\u00fablico hay tambi\u00e9n actores y actrices-bailarines profesionales que forman parte de la obra. A veces se confunden entre los participantes y en ocasiones asumen otros roles como l\u00edderes de coreograf\u00edas, realizando performances individuales o encarnando personajes.<\/p>\n<p><strong>CLOWNTI<\/strong>\u00a0\u2013 Colombia, Farsa c\u00f3mica de Jabru Teatro de T\u00edteres<\/p>\n<p>Clownti se siente muy solo y un poco triste por lo que decide abrir la maleta de sus sue\u00f1os. Es grande su sorpresa al darse cuenta de que all\u00ed est\u00e1n todas las cosas bonitas que su padre se pon\u00eda para convertirse en el mejor payaso del circo: peluca, nariz, zapaticos grandes y bombachos\u2026 Y adem\u00e1s, como en una cajita m\u00e1gica, cada objeto que encuentra lo invita a descubrir y a jugar.<br \/>\nDespu\u00e9s de mucho probar, finalmente queda vestido de payaso, pronto para entrenar y aprender algunos n\u00fameros de circo. A pesar de la dificultad, de su torpeza, de sus ca\u00eddas y del riesgo que corre en el dif\u00edcil arte de ser payaso, su coraz\u00f3n se llena de alegr\u00eda. Primero, porque recuerda a su padre y lo siente cerca; y segundo, porque jugando y ri\u00e9ndose de sus propias dificultades logra despertar la ternura en los otros y hacer muchos, pero muchos amigos.<\/p>\n<p><strong>FIGUEIREDO<\/strong>\u00a0\u2013 Portugal \/ Brasil, Teatro documental<\/p>\n<p>De la memoria, del olvido, del borrado, de la selecci\u00f3n de lo que debe o no recordarse; de los archivos, los restos, las huellas, las pistas, los documentos, punta del iceberg que nunca llegaremos a ver en su totalidad.<br \/>\nDocumentos que se pierden, ya sea por intereses deliberados o no, documentos que se olvidan en el tiempo, ya sea porque el contexto no exigi\u00f3 el acceso o no hubo suficiente material humano para tratarlos, haci\u00e9ndolos conocer al p\u00fablico. Los archivos pueden ser una mina de la que los artistas extraigan elementos importantes que sustenten su historia.<br \/>\nLos pueblos ind\u00edgenas \u2014al igual que otros grupos considerados minoritarios: remanentes de quilombos, pueblos ribere\u00f1os y caboclos\u2014 son el rostro de la poblaci\u00f3n brasile\u00f1a que se oculta deliberadamente. Este ocultamiento se produce a medida que se borran de la historia, de los relatos, de la memoria.<br \/>\nUn documento oculto sirve de punto de partida para esta conferencia performativa que busca transitar entre la historia y la memoria, tejiendo v\u00ednculos en torno a una pol\u00edtica de destrucci\u00f3n que se extiende desde 1500: el genocidio ind\u00edgena en Brasil.<br \/>\nRelat\u00f3rio Figueiredo fue el nombre con el que se conoci\u00f3 el informe concluyente elaborado por la Comisi\u00f3n de Investigaci\u00f3n establecida en Brasil en julio de 1967, para investigar las irregularidades en el Servicio de Protecci\u00f3n al Indio, la agencia estatal responsable de implementar la pol\u00edtica ind\u00edgena brasile\u00f1a entre 1910 y 1967.<br \/>\nMientras, la investigaci\u00f3n historiogr\u00e1fica se realiza mediante la b\u00fasqueda de una verdad subyacente al discurso, reconstruyendo los elementos de la memoria (datos, hechos, informaci\u00f3n) como piezas de un juego, cuyo objetivo no es probar una realidad, como en un rompecabezas, sino erigir un edificio donde los personajes y documentos sean parte constitutiva de la historia.<br \/>\nPasado resignificado en el presente. Voces que resuenan y, la mayor\u00eda de las veces, ahogan y sofocan las voces de quienes son los sujetos de esta historia: los indios.<\/p>\n<p><strong>LA CELESTINA, TRAGICOMEDIA DE LITA<\/strong>\u00a0\u2013 Argentina, Versi\u00f3n libre de \u201cLa Celestina\u201d<br \/>\nTragicomedia \u2013 Clown<\/p>\n<p>Las voces de la cl\u00e1sica obra de Fernando de Rojas atraviesan a Lita que est\u00e1 en permanente riesgo de muerte: con sus manos debe sostener una escenograf\u00eda que se le ha ca\u00eddo encima. Todo pende de un hilo y ya no le quedan fuerzas. A\u00fan as\u00ed reir\u00e1, llorar\u00e1 y gozar\u00e1 hasta el final.<\/p>\n<p><strong>LOCO AMORIS<\/strong>\u00a0\u2013 Espa\u00f1a, de La Bella Otero<\/p>\n<p>Una pareja. T\u00fa y Yo. Yo me voy a estudiar a Par\u00eds. T\u00fa te quedas en Barcelona. Decidimos seguir con la relaci\u00f3n a pesar de la distancia. Pero, \u00bfc\u00f3mo seguir siendo Nosotros, si T\u00fa y Yo no estamos juntos?<br \/>\nQuien m\u00e1s quien menos ha vivido, est\u00e1 viviendo o vivir\u00e1 una relaci\u00f3n a distancia: la soledad, la impotencia, la euforia de los reencuentros, y la sensaci\u00f3n de que el mejor sitio del mundo es una persona. Nosotros dos vivimos a distancia, uno en Par\u00eds y la otra en Barcelona. Fueron dos a\u00f1os llenos de experiencias, estados de \u00e1nimo y reflexiones de todo tipo.<br \/>\nLOCO AMORIS (\u201clugar del amor\u201den lat\u00edn) lleva al escenario la esencia de esas vivencias, extrayendo el humor del amor, el absurdo de los malentendidos y la belleza de las situaciones dolorosas.<br \/>\nCuando nos preguntan si todo lo que pasa en la obra ocurri\u00f3 de verdad, siempre contestamos lo mismo: al final, cualquier relaci\u00f3n tiene un punto imaginario, \u00bfno?<\/p>\n<p><strong>MA SOLITUD<\/strong>\u00a0\u2013 Espa\u00f1a, Teatro visual, humor, t\u00edteres de Guillem Alb\u00e0<\/p>\n<p>El nuevo espect\u00e1culo de la compa\u00f1\u00eda es un regreso a sus ra\u00edces: su caracter\u00edstico universo visual. Esta vez a trav\u00e9s de los t\u00edteres y la comicidad de peque\u00f1o formato, y de una vibrante experiencia colectiva de proximidad.<br \/>\nUn viaje de la comedia a la po\u00e9tica, con sus manos como punto de partida, esa parte del cuerpo que nos devuelve a lo tangible, cotidiano y artesanal, y nos reconecta con la comunidad. Manos que han creado la mayor\u00eda de cosas que utilizamos. Manos que han desatado la belleza m\u00e1s sublime y las m\u00e1s terribles atrocidades. Manos que cuentan las historias que hace tanto tiempo que nos unen. Reivindicarlas para que no queden solas y olvidadas entre tanta tecla, pantalla y sobreinformaci\u00f3n.<br \/>\nUna experiencia para recordar la importancia de lo humano, sencillo y compartido.<\/p>\n<p><strong>MORIA<\/strong>\u00a0\u2013 Espa\u00f1a, Experiencia inmersiva de teatro documento de Unahoramenos producciones<\/p>\n<p>Esta puesta en escena cuenta la historia de dos refugiadas y sus respectivas familias a las que no les ha quedado m\u00e1s remedio que huir de sus pa\u00edses de origen. La dramaturgia se sostiene a partir de testimonios reales filmados en el campamento de Moria junto a la mirada de Nicol\u00e1s Castellano.<br \/>\nZohra Amiryar tuvo que sobrevivir a cuatro bombardeos y diversos atentados en su pa\u00eds, Afganist\u00e1n, perder a su hermano en uno de ellos y ver c\u00f3mo sus cuatro hijos acababan heridos en el \u00faltimo de esos ataques. Todo esto la motiv\u00f3 a emprender el \u00e9xodo en busca de un refugio, pero cuando consiguieron llegar encontraron un aut\u00e9ntico infierno.<br \/>\nLa coprotagonista, Douaa Alhavatem, una treinta\u00f1era iraqu\u00ed, tuvo que abandonar su Bagdad natal despu\u00e9s del secuestro de su marido por miedo a que ella y sus tres hijos pudieran correr la misma suerte. En el viaje, ella y sus peque\u00f1os, lo dieron todo por perdido despu\u00e9s de 11 horas en alta mar sin se\u00f1al de ning\u00fan barco de rescate.<br \/>\nAmbas mujeres ten\u00edan sus esperanzas puestas en Moria por ser suelo europeo, pero lo que las esperaba era una nueva etapa de sufrimiento que jam\u00e1s hubiesen imaginado. Y junto a ellas cientos de miles de personas viviendo el mismo infierno humano.<\/p>\n<p><strong>MUCHACHAS DE VERANO EN D\u00cdAS DE MARZO<\/strong>\u00a0\u2013 Uruguay, Obra teatral basada en la nouvelle hom\u00f3nima de Alicia Migdal<\/p>\n<p>Las mujeres tiran por la ventana los trajes de los hombres, o los queman en una<br \/>\nfogata que ni siquiera es ritual, solo rabia contra la corporalidad de la ropa. Hay un<br \/>\nhombre que se va a un parque lejano a morir, sentado bajo un \u00e1rbol. Otro lo hace en<br \/>\nla rambla, sobre ese mar que lo trajo.<br \/>\nFragmentos de m\u00faltiples mujeres; ancianas, muchachas que recuerdan su infancia y se vuelven ni\u00f1as, y el descubrimiento de la ciudad como espacio de b\u00fasqueda para ejercer el peligro aprendido en la intimidad. Los resabios de un contexto opresor se despliegan como un collage, la memoria compartimentada o los recovecos desconocidos del inconsciente.<br \/>\nMUCHACHAS DE VERANO EN D\u00cdAS DE MARZO puede ser la historia de una \u00e9poca o la agon\u00eda de todas las muchachas que alguna vez conocieron la inmensidad de un pueblo cualquiera en un d\u00eda vac\u00edo de verano o en el romper de la nueva estaci\u00f3n en marzo.<\/p>\n<p><strong>ROTA<\/strong>\u00a0\u2013 Argentina<\/p>\n<p>Una obra que nos interpela como sociedad, a trav\u00e9s de la historia de una madre que debe reconstruir su existencia en torno a la muerte de su hijo, que se suicida despu\u00e9s de cometer un femicidio. Una tem\u00e1tica lamentablemente actual, que nos interesa llevar a la escena desde un enfoque distinto: la trama no estar\u00e1 centrada en la figura del femicida ni en su v\u00edctima, sino en la voz de esta mujer que tuvo que criar a ese hijo en soledad. Ella, a quien se juzga y se\u00f1ala como culpable, tratar\u00e1 de conseguir un poco de amor y comprensi\u00f3n; como cualquier otra mujer, lo merece.<br \/>\nDesde la soledad en que la encontramos en escena, la madre del asesino, ir\u00e1 mostrando a quienes la juzgan, la hipocres\u00eda sobre la cual edifican determinados valores y lo que significa ser mujer y madre frente a la estigmatizaci\u00f3n social y el rechazo que sufre en su vida cotidiana.<\/p>\n<p><strong>VANITAS<\/strong>\u00a0\u2013 Argentina \/ Francia, Video-instalaci\u00f3n de danza<br \/>\nProyecci\u00f3n continuada<\/p>\n<p>VANITAS TRILOG\u00cdA, llevado a cabo entre 2020 y 2022 por los core\u00f3grafos y bailarines Agustina Sario y Matthieu Perpoint, es una video instalaci\u00f3n que explora los contactos de la piel con territorios diversos, del bosque al cemento, del musgo natural a volcanes artificiales y a edificios en ruinas. La trilog\u00eda trabaja, como el g\u00e9nero pict\u00f3rico barroco, sobre el eje Eros\/Th\u00e1natos al que se incorpora el eje cuerpo-entorno. Las tres partes, presentadas en instalaciones a veces activadas por los mismos performers, resultan ser la historia de un acercamiento \u00edntimo a la textura de unos planetas, reales o inventados.<br \/>\n<strong>VANITAS 1- QUI\u00c9N TE QUITA LO BAILADO<\/strong>\u00a0<em>(2 canales, HD-27 Min) Un cuerpo femenino en un bosque (filmado en el Parc Naturel R\u00e9gional du Pilat-Francia) como una manera de entrar en sinton\u00eda con todas las capas de lo vivo y el v\u00ednculo, tanto er\u00f3tico como morboso, con lo vegetal y lo org\u00e1nico, investigaci\u00f3n enraizada en el pensamiento ecofeminista.\u00a0<\/em><strong><em>VANITAS 2-LHOOQ\u00a0<\/em><\/strong>(2 canales, HD-27 Min) Un cuerpo masculino se vuelve escenario extremando sus posibilidades como geograf\u00eda, redimensionando la escala y reinsert\u00e1ndola en la grilla urbana (filmado en Ciudad de Buenos Aires).<\/p>\n<p><strong>YO SOY FEDRA<\/strong>\u00a0\u2013 Uruguay, Teatro inmersivo<\/p>\n<p>Somos parte de una sociedad hip\u00f3crita que no acepta el sufrimiento que provocan los sentimientos, y nos obliga a mentir sobre ellos. Podemos faltar a trabajar por un resfriado, pero no por una p\u00e9rdida amorosa. Inspirado en el mito, esta Fedra toma elementos contempor\u00e1neos que van desde la presi\u00f3n social por la belleza\/la eterna juventud \u2014somos carne y como tal nos siguen tratando\u2014, los limites de la fertilidad, hasta la correcci\u00f3n pol\u00edtica sobre nuestros cuerpos y el relato promocionado sobre los mismos.<br \/>\nUn grupo reducido de espectadores\/as ingresan al dormitorio de Fedra y terminan de conformar el dispositivo esc\u00e9nico. El p\u00fablico respira con ella, la ve exponerse sin escondite y por un momento la experiencia de la representaci\u00f3n se diluye. No hay cuarta pared. No hay restos de textos anteriores. Aunque el pasado se impone por sobrevivir, ella se resiste, y apela performativamente a sus vibraciones, al placer, y a cantar con Hip\u00f3lito, quien es ausente\/presente a trav\u00e9s de sus canciones y su m\u00fasica ecl\u00e9ctica.<br \/>\nUna habitaci\u00f3n contiene la casa. Fedra rompe los l\u00edmites del amor en acciones hiperrealistas como comer, cantar, ordenar, pero tambi\u00e9n en relatos on\u00edricos, dolorosos, donde se despoja sin verg\u00fcenza y confesa su desamparo. Morir y renacer, para volverse otra\/o en el pr\u00f3ximo parlamento.<br \/>\nAfuera el tr\u00e1nsito, las compras, las reuniones, los d\u00edas y las noches que organizan la vida social, afuera el fr\u00edo, aunque sea verano.<\/p>\n<p><strong>ENTRADAS<\/strong>:\u00a0Los espect\u00e1culos del Festival tienen localidades diferenciales:<\/p>\n<p><strong>CLOWNTI y VANITAS<\/strong><br \/>\nEntrada gratuita.<\/p>\n<p><strong>360 GRAMOS, ALTSASU, LA CELESTINA\u2026, LOCO AMORIS, MORIA,<br \/>\nMUCHACHAS DE VERANO\u2026, ROTA, YO SOY FEDRA<\/strong><br \/>\nEntradas generales: $ 600<br \/>\nClub El Pa\u00eds, Comunidad La Diaria y Fucvam: 2 x 1<br \/>\nSocio Espectacular y SUA: 50 %<br \/>\nJubilados: $ 300<br \/>\nJ\u00f3venes hasta 21 a\u00f1os: $ 200<br \/>\nPromoci\u00f3n especial: 3 espect\u00e1culos por $ 600<\/p>\n<p><strong>BAILEMOS, FIGUEIREDO, MA SOLITUD<\/strong><br \/>\nEntradas generales: $ 400<br \/>\nClub El Pa\u00eds, Comunidad La Diaria y FUCVAM: 2 x 1<br \/>\nSocio Espectacular y SUA: 50 %<br \/>\nJubilados: $ 200<br \/>\nJ\u00f3venes hasta 21 a\u00f1os: $ 100<br \/>\nPromoci\u00f3n especial: 3 espect\u00e1culos por $ 600<\/p>\n<\/div>\n<\/div>\n<p>&nbsp;<\/p>\n","protected":false},"excerpt":{"rendered":"<p>Del 01 al 26 de febrero el Centro Cultural Terminal Goes, Centro de Exposiciones Subte, el Mercado Agricola de Montevideo (MAM), la Sala Lazaroff y la Sala Verdi ser\u00e1n expositores del neveno Festival Internacional Temporada Alta. Este festival es extensi\u00f3n del emblem\u00e1tico festival catal\u00e1n nacido en Girona. Festival que desde hace casi una d\u00e9cada se [&hellip;]<\/p>\n","protected":false},"author":155,"featured_media":87182,"comment_status":"closed","ping_status":"closed","sticky":false,"template":"","format":"standard","meta":{"om_disable_all_campaigns":false,"ngg_post_thumbnail":0,"jnews-multi-image_gallery":[],"jnews_single_post":{"subtitle":"","format":"standard","video":"","gallery":"","source_name":"","source_url":"","via_name":"","via_url":"","override_template":"0","override":[{"template":"1","single_blog_custom":"","parallax":"1","fullscreen":"1","layout":"right-sidebar","sidebar":"default-sidebar","second_sidebar":"default-sidebar","sticky_sidebar":"1","share_position":"top","share_float_style":"share-monocrhome","show_share_counter":"1","show_view_counter":"1","show_featured":"1","show_post_meta":"1","show_post_author":"1","show_post_author_image":"1","show_post_date":"1","post_date_format":"default","post_date_format_custom":"Y\/m\/d","show_post_category":"1","show_post_reading_time":"0","post_reading_time_wpm":"300","show_zoom_button":"0","zoom_button_out_step":"2","zoom_button_in_step":"3","show_post_tag":"1","show_prev_next_post":"1","show_popup_post":"1","number_popup_post":"1","show_author_box":"0","show_post_related":"0","show_inline_post_related":"0"}],"override_image_size":"0","image_override":[{"single_post_thumbnail_size":"crop-500","single_post_gallery_size":"crop-500"}],"trending_post":"0","trending_post_position":"meta","trending_post_label":"Trending","sponsored_post":"0","sponsored_post_label":"Sponsored by","sponsored_post_name":"","sponsored_post_url":"","sponsored_post_logo_enable":"0","sponsored_post_logo":"","sponsored_post_desc":""},"jnews_primary_category":{"id":""},"jnews_social_meta":{"fb_title":"","fb_description":"","fb_image":"","twitter_title":"","twitter_description":"","twitter_image":""},"jnews_override_counter":{"override_view_counter":"0","view_counter_number":"0","override_share_counter":"0","share_counter_number":"0","override_like_counter":"0","like_counter_number":"0","override_dislike_counter":"0","dislike_counter_number":"0"},"footnotes":""},"categories":[52,3394,51,13675],"tags":[8181,75],"class_list":["post-87179","post","type-post","status-publish","format-standard","has-post-thumbnail","hentry","category-artista","category-eventos","category-noticias","category-novedades","tag-festivales","tag-teatro-2"],"yoast_head":"<!-- This site is optimized with the Yoast SEO plugin v27.4 - https:\/\/yoast.com\/product\/yoast-seo-wordpress\/ -->\n<title>9\u00ba FESTIVAL INTERNACIONAL TEMPORADA ALTA DE GIRONA EN MONTEVIDEO - Cooltivarte Portal<\/title>\n<meta name=\"description\" content=\"COOLTIVARTE.COM es un portal digital colaborativo de actualizaci\u00f3n permanente dedicado a difundir el acontecer art\u00edstico y cultural, entrevista artistas, gestores y productores de las diferentes disciplinas del arte, y publicando art\u00edculos de reflexi\u00f3n de producci\u00f3n propia sobre los elementos culturales.\" \/>\n<meta name=\"robots\" content=\"index, follow, max-snippet:-1, max-image-preview:large, max-video-preview:-1\" \/>\n<link rel=\"canonical\" href=\"https:\/\/cooltivarte.com\/portal\/9o-festival-internacional-temporada-alta-de-girona-en-montevideo\/\" \/>\n<meta property=\"og:locale\" content=\"es_ES\" \/>\n<meta property=\"og:type\" content=\"article\" \/>\n<meta property=\"og:title\" content=\"9\u00ba FESTIVAL INTERNACIONAL TEMPORADA ALTA DE GIRONA EN MONTEVIDEO - Cooltivarte Portal\" \/>\n<meta property=\"og:description\" content=\"COOLTIVARTE.COM es un portal digital colaborativo de actualizaci\u00f3n permanente dedicado a difundir el acontecer art\u00edstico y cultural, entrevista artistas, gestores y productores de las diferentes disciplinas del arte, y publicando art\u00edculos de reflexi\u00f3n de producci\u00f3n propia sobre los elementos culturales.\" \/>\n<meta property=\"og:url\" content=\"https:\/\/cooltivarte.com\/portal\/9o-festival-internacional-temporada-alta-de-girona-en-montevideo\/\" \/>\n<meta property=\"og:site_name\" content=\"Cooltivarte Portal\" \/>\n<meta property=\"article:publisher\" content=\"https:\/\/www.facebook.com\/cooltivartecom\/\" \/>\n<meta property=\"article:author\" content=\"https:\/\/www.facebook.com\/cineylibros\/\" \/>\n<meta property=\"article:published_time\" content=\"2022-12-23T18:22:04+00:00\" \/>\n<meta property=\"article:modified_time\" content=\"2022-12-23T18:25:15+00:00\" \/>\n<meta property=\"og:image\" content=\"https:\/\/cooltivarte.com\/portal\/wp-content\/uploads\/2022\/12\/Sin-titulo.jpg\" \/>\n\t<meta property=\"og:image:width\" content=\"606\" \/>\n\t<meta property=\"og:image:height\" content=\"853\" \/>\n\t<meta property=\"og:image:type\" content=\"image\/jpeg\" \/>\n<meta name=\"author\" content=\"Luciana Rodriguez\" \/>\n<meta name=\"twitter:card\" content=\"summary_large_image\" \/>\n<meta name=\"twitter:creator\" content=\"@https:\/\/x.com\/obolocultural\" \/>\n<meta name=\"twitter:site\" content=\"@obolocultural\" \/>\n<meta name=\"twitter:label1\" content=\"Escrito por\" \/>\n\t<meta name=\"twitter:data1\" content=\"Luciana Rodriguez\" \/>\n\t<meta name=\"twitter:label2\" content=\"Tiempo de lectura\" \/>\n\t<meta name=\"twitter:data2\" content=\"14 minutos\" \/>\n<!-- \/ Yoast SEO plugin. -->","yoast_head_json":{"title":"9\u00ba FESTIVAL INTERNACIONAL TEMPORADA ALTA DE GIRONA EN MONTEVIDEO - Cooltivarte Portal","description":"COOLTIVARTE.COM es un portal digital colaborativo de actualizaci\u00f3n permanente dedicado a difundir el acontecer art\u00edstico y cultural, entrevista artistas, gestores y productores de las diferentes disciplinas del arte, y publicando art\u00edculos de reflexi\u00f3n de producci\u00f3n propia sobre los elementos culturales.","robots":{"index":"index","follow":"follow","max-snippet":"max-snippet:-1","max-image-preview":"max-image-preview:large","max-video-preview":"max-video-preview:-1"},"canonical":"https:\/\/cooltivarte.com\/portal\/9o-festival-internacional-temporada-alta-de-girona-en-montevideo\/","og_locale":"es_ES","og_type":"article","og_title":"9\u00ba FESTIVAL INTERNACIONAL TEMPORADA ALTA DE GIRONA EN MONTEVIDEO - Cooltivarte Portal","og_description":"COOLTIVARTE.COM es un portal digital colaborativo de actualizaci\u00f3n permanente dedicado a difundir el acontecer art\u00edstico y cultural, entrevista artistas, gestores y productores de las diferentes disciplinas del arte, y publicando art\u00edculos de reflexi\u00f3n de producci\u00f3n propia sobre los elementos culturales.","og_url":"https:\/\/cooltivarte.com\/portal\/9o-festival-internacional-temporada-alta-de-girona-en-montevideo\/","og_site_name":"Cooltivarte Portal","article_publisher":"https:\/\/www.facebook.com\/cooltivartecom\/","article_author":"https:\/\/www.facebook.com\/cineylibros\/","article_published_time":"2022-12-23T18:22:04+00:00","article_modified_time":"2022-12-23T18:25:15+00:00","og_image":[{"width":606,"height":853,"url":"https:\/\/cooltivarte.com\/portal\/wp-content\/uploads\/2022\/12\/Sin-titulo.jpg","type":"image\/jpeg"}],"author":"Luciana Rodriguez","twitter_card":"summary_large_image","twitter_creator":"@https:\/\/x.com\/obolocultural","twitter_site":"@obolocultural","twitter_misc":{"Escrito por":"Luciana Rodriguez","Tiempo de lectura":"14 minutos"},"schema":{"@context":"https:\/\/schema.org","@graph":[{"@type":"NewsArticle","@id":"https:\/\/cooltivarte.com\/portal\/9o-festival-internacional-temporada-alta-de-girona-en-montevideo\/#article","isPartOf":{"@id":"https:\/\/cooltivarte.com\/portal\/9o-festival-internacional-temporada-alta-de-girona-en-montevideo\/"},"author":{"name":"Luciana Rodriguez","@id":"https:\/\/cooltivarte.com\/portal\/#\/schema\/person\/5e9cf931afe7ffe76aa2a2d7d2c906bd"},"headline":"9\u00ba FESTIVAL INTERNACIONAL TEMPORADA ALTA DE GIRONA EN MONTEVIDEO","datePublished":"2022-12-23T18:22:04+00:00","dateModified":"2022-12-23T18:25:15+00:00","mainEntityOfPage":{"@id":"https:\/\/cooltivarte.com\/portal\/9o-festival-internacional-temporada-alta-de-girona-en-montevideo\/"},"wordCount":2708,"publisher":{"@id":"https:\/\/cooltivarte.com\/portal\/#organization"},"image":{"@id":"https:\/\/cooltivarte.com\/portal\/9o-festival-internacional-temporada-alta-de-girona-en-montevideo\/#primaryimage"},"thumbnailUrl":"https:\/\/cooltivarte.com\/portal\/wp-content\/uploads\/2022\/12\/Sin-titulo.jpg","keywords":["Festivales","Teatro"],"articleSection":["Arte","Eventos","Noticias","Novedades"],"inLanguage":"es-AR"},{"@type":"WebPage","@id":"https:\/\/cooltivarte.com\/portal\/9o-festival-internacional-temporada-alta-de-girona-en-montevideo\/","url":"https:\/\/cooltivarte.com\/portal\/9o-festival-internacional-temporada-alta-de-girona-en-montevideo\/","name":"9\u00ba FESTIVAL INTERNACIONAL TEMPORADA ALTA DE GIRONA EN MONTEVIDEO - Cooltivarte Portal","isPartOf":{"@id":"https:\/\/cooltivarte.com\/portal\/#website"},"primaryImageOfPage":{"@id":"https:\/\/cooltivarte.com\/portal\/9o-festival-internacional-temporada-alta-de-girona-en-montevideo\/#primaryimage"},"image":{"@id":"https:\/\/cooltivarte.com\/portal\/9o-festival-internacional-temporada-alta-de-girona-en-montevideo\/#primaryimage"},"thumbnailUrl":"https:\/\/cooltivarte.com\/portal\/wp-content\/uploads\/2022\/12\/Sin-titulo.jpg","datePublished":"2022-12-23T18:22:04+00:00","dateModified":"2022-12-23T18:25:15+00:00","description":"COOLTIVARTE.COM es un portal digital colaborativo de actualizaci\u00f3n permanente dedicado a difundir el acontecer art\u00edstico y cultural, entrevista artistas, gestores y productores de las diferentes disciplinas del arte, y publicando art\u00edculos de reflexi\u00f3n de producci\u00f3n propia sobre los elementos culturales.","breadcrumb":{"@id":"https:\/\/cooltivarte.com\/portal\/9o-festival-internacional-temporada-alta-de-girona-en-montevideo\/#breadcrumb"},"inLanguage":"es-AR","potentialAction":[{"@type":"ReadAction","target":["https:\/\/cooltivarte.com\/portal\/9o-festival-internacional-temporada-alta-de-girona-en-montevideo\/"]}]},{"@type":"ImageObject","inLanguage":"es-AR","@id":"https:\/\/cooltivarte.com\/portal\/9o-festival-internacional-temporada-alta-de-girona-en-montevideo\/#primaryimage","url":"https:\/\/cooltivarte.com\/portal\/wp-content\/uploads\/2022\/12\/Sin-titulo.jpg","contentUrl":"https:\/\/cooltivarte.com\/portal\/wp-content\/uploads\/2022\/12\/Sin-titulo.jpg","width":606,"height":853},{"@type":"BreadcrumbList","@id":"https:\/\/cooltivarte.com\/portal\/9o-festival-internacional-temporada-alta-de-girona-en-montevideo\/#breadcrumb","itemListElement":[{"@type":"ListItem","position":1,"name":"Portada","item":"https:\/\/cooltivarte.com\/portal\/"},{"@type":"ListItem","position":2,"name":"9\u00ba FESTIVAL INTERNACIONAL TEMPORADA ALTA DE GIRONA EN MONTEVIDEO"}]},{"@type":"WebSite","@id":"https:\/\/cooltivarte.com\/portal\/#website","url":"https:\/\/cooltivarte.com\/portal\/","name":"Cooltivarte Portal","description":"Arte, cultura y turismo para el mundo ...","publisher":{"@id":"https:\/\/cooltivarte.com\/portal\/#organization"},"potentialAction":[{"@type":"SearchAction","target":{"@type":"EntryPoint","urlTemplate":"https:\/\/cooltivarte.com\/portal\/?s={search_term_string}"},"query-input":{"@type":"PropertyValueSpecification","valueRequired":true,"valueName":"search_term_string"}}],"inLanguage":"es-AR"},{"@type":"Organization","@id":"https:\/\/cooltivarte.com\/portal\/#organization","name":"cooltivarte","url":"https:\/\/cooltivarte.com\/portal\/","logo":{"@type":"ImageObject","inLanguage":"es-AR","@id":"https:\/\/cooltivarte.com\/portal\/#\/schema\/logo\/image\/","url":"https:\/\/cooltivarte.com\/portal\/wp-content\/uploads\/2020\/04\/logo-cooltivarte-v2.png","contentUrl":"https:\/\/cooltivarte.com\/portal\/wp-content\/uploads\/2020\/04\/logo-cooltivarte-v2.png","width":851,"height":243,"caption":"cooltivarte"},"image":{"@id":"https:\/\/cooltivarte.com\/portal\/#\/schema\/logo\/image\/"},"sameAs":["https:\/\/www.facebook.com\/cooltivartecom\/","https:\/\/x.com\/obolocultural","https:\/\/www.instagram.com\/_cooltivarte_\/","https:\/\/www.linkedin.com\/company\/-bolocultural?reportsuccess=8zaNG1HwhPbAR9iQhZ5rfGeqz_vQFftHun0ZWU0Wy9vNemRJ8vtcKdJvzQfW8XagyOJSKg0XvfJ1dp","https:\/\/www.pinterest.com\/cooltivarte\/","https:\/\/cooltivarte.tumblr.com\/","https:\/\/www.tiktok.com\/@cooltivarte","https:\/\/www.youtube.com\/@PrensaCooltivarte"]},{"@type":"Person","@id":"https:\/\/cooltivarte.com\/portal\/#\/schema\/person\/5e9cf931afe7ffe76aa2a2d7d2c906bd","name":"Luciana Rodriguez","image":{"@type":"ImageObject","inLanguage":"es-AR","@id":"https:\/\/cooltivarte.com\/portal\/wp-content\/uploads\/2019\/10\/luciana-120x120.jpg","url":"https:\/\/cooltivarte.com\/portal\/wp-content\/uploads\/2019\/10\/luciana-120x120.jpg","contentUrl":"https:\/\/cooltivarte.com\/portal\/wp-content\/uploads\/2019\/10\/luciana-120x120.jpg","caption":"Luciana Rodriguez"},"description":"Luciana Rodr\u00edguez, mam\u00e1, fot\u00f3grafa, t\u00e9cnica en comunicaci\u00f3n social, actualmente realizando la licenciatura en comunicaci\u00f3n audiovisual en la Fic (Udelar). Desde peque\u00f1a mi primer amor fue el cine, tard\u00edamente encontr\u00e9 mi segunda pasi\u00f3n en la literatura. Mi sue\u00f1o es lograr convertirme en cineasta, principalmente dentro del cine documental, mientras tanto disfruto de las obras ajenas intentando por este medio que otros las conozcan.","sameAs":["https:\/\/entrenoslibroscine.wordpress.com\/","https:\/\/www.facebook.com\/cineylibros\/","https:\/\/www.instagram.com\/luciana.rodriguez.cine","https:\/\/www.linkedin.com\/company\/-bolocultural\/","https:\/\/www.pinterest.com\/cooltivarte\/","https:\/\/x.com\/https:\/\/x.com\/obolocultural","https:\/\/www.youtube.com\/@PrensaCooltivarte","https:\/\/cooltivarte.tumblr.com\/"],"url":"https:\/\/cooltivarte.com\/portal\/author\/luciana-rodriguez\/"}]}},"_links":{"self":[{"href":"https:\/\/cooltivarte.com\/portal\/wp-json\/wp\/v2\/posts\/87179","targetHints":{"allow":["GET"]}}],"collection":[{"href":"https:\/\/cooltivarte.com\/portal\/wp-json\/wp\/v2\/posts"}],"about":[{"href":"https:\/\/cooltivarte.com\/portal\/wp-json\/wp\/v2\/types\/post"}],"author":[{"embeddable":true,"href":"https:\/\/cooltivarte.com\/portal\/wp-json\/wp\/v2\/users\/155"}],"replies":[{"embeddable":true,"href":"https:\/\/cooltivarte.com\/portal\/wp-json\/wp\/v2\/comments?post=87179"}],"version-history":[{"count":1,"href":"https:\/\/cooltivarte.com\/portal\/wp-json\/wp\/v2\/posts\/87179\/revisions"}],"predecessor-version":[{"id":87186,"href":"https:\/\/cooltivarte.com\/portal\/wp-json\/wp\/v2\/posts\/87179\/revisions\/87186"}],"wp:featuredmedia":[{"embeddable":true,"href":"https:\/\/cooltivarte.com\/portal\/wp-json\/wp\/v2\/media\/87182"}],"wp:attachment":[{"href":"https:\/\/cooltivarte.com\/portal\/wp-json\/wp\/v2\/media?parent=87179"}],"wp:term":[{"taxonomy":"category","embeddable":true,"href":"https:\/\/cooltivarte.com\/portal\/wp-json\/wp\/v2\/categories?post=87179"},{"taxonomy":"post_tag","embeddable":true,"href":"https:\/\/cooltivarte.com\/portal\/wp-json\/wp\/v2\/tags?post=87179"}],"curies":[{"name":"wp","href":"https:\/\/api.w.org\/{rel}","templated":true}]}}