{"id":86312,"date":"2022-11-20T17:06:46","date_gmt":"2022-11-20T20:06:46","guid":{"rendered":"https:\/\/cooltivarte.com\/portal\/?p=86312"},"modified":"2022-11-20T19:13:42","modified_gmt":"2022-11-20T22:13:42","slug":"primer-encuentro-de-danza-a-cargo-del-maestro-igor-yebra","status":"publish","type":"post","link":"https:\/\/cooltivarte.com\/portal\/primer-encuentro-de-danza-a-cargo-del-maestro-igor-yebra\/","title":{"rendered":"Primer encuentro de Danza a cargo del Maestro Igor Yebra"},"content":{"rendered":"<figure id=\"attachment_86313\" aria-describedby=\"caption-attachment-86313\" style=\"width: 1080px\" class=\"wp-caption aligncenter\"><img fetchpriority=\"high\" decoding=\"async\" class=\"wp-image-86313 size-full\" title=\"Los d\u00edas 11, 12 y 13 de noviembre de 2022, tuvo lugar en la ciudad de Colonia del Sacramento el Primer encuentro de Danza a cargo del prestigioso Maestro Igor Yebra, talentoso bailar\u00edn y core\u00f3grafo a nivel mundial quien dirigi\u00f3 al Ballet Nacional del Sodre en el per\u00edodo 2018-2020 y ha sido declarado Ciudadano Ilustre de Montevideo.\" src=\"https:\/\/cooltivarte.com\/portal\/wp-content\/uploads\/2022\/11\/Danza-a-cargo-del-Maestro-Igor-Yebra-Colonia-del-Sacramento-Noviembre-2022-Foto-Ivonne-Morales.jpg\" alt=\"Primer encuentro de Danza a cargo del prestigioso Maestro Igor Yebra - Colonia del Sacramento - Noviembre 2022 - #Fotogaler\u00eda Ivonne Morales\" width=\"1080\" height=\"881\" srcset=\"https:\/\/cooltivarte.com\/portal\/wp-content\/uploads\/2022\/11\/Danza-a-cargo-del-Maestro-Igor-Yebra-Colonia-del-Sacramento-Noviembre-2022-Foto-Ivonne-Morales.jpg 1080w, https:\/\/cooltivarte.com\/portal\/wp-content\/uploads\/2022\/11\/Danza-a-cargo-del-Maestro-Igor-Yebra-Colonia-del-Sacramento-Noviembre-2022-Foto-Ivonne-Morales-300x245.jpg 300w, https:\/\/cooltivarte.com\/portal\/wp-content\/uploads\/2022\/11\/Danza-a-cargo-del-Maestro-Igor-Yebra-Colonia-del-Sacramento-Noviembre-2022-Foto-Ivonne-Morales-1024x835.jpg 1024w, https:\/\/cooltivarte.com\/portal\/wp-content\/uploads\/2022\/11\/Danza-a-cargo-del-Maestro-Igor-Yebra-Colonia-del-Sacramento-Noviembre-2022-Foto-Ivonne-Morales-768x626.jpg 768w\" sizes=\"(max-width: 1080px) 100vw, 1080px\" \/><figcaption id=\"caption-attachment-86313\" class=\"wp-caption-text\">Primer encuentro de Danza a cargo del prestigioso Maestro Igor Yebra &#8211; Colonia del Sacramento &#8211; Noviembre 2022 &#8211; #Fotogaler\u00eda Ivonne Morales<\/figcaption><\/figure>\n<p>Los d\u00edas 11, 12 y 13 de noviembre de 2022, tuvo lugar en la ciudad de <strong>Colonia del Sacramento<\/strong> el Primer encuentro de Danza a cargo del prestigioso Maestro <a href=\"https:\/\/cooltivarte.com\/portal\/?s=Igor+Yebra\" target=\"_blank\" rel=\"noopener\"><strong>Igor Yebra<\/strong><\/a>, talentoso bailar\u00edn y core\u00f3grafo a nivel mundial quien dirigi\u00f3 al <a href=\"https:\/\/cooltivarte.com\/portal\/?s=Ballet+Nacional+del+Sodre\" target=\"_blank\" rel=\"noopener\"><strong>Ballet Nacional del Sodre<\/strong><\/a> en el per\u00edodo 2018-2020 y ha sido declarado <strong>Ciudadano Ilustre de Montevideo<\/strong>.<\/p>\n<p>En esta oportunidad, ha llegado hasta Colonia &#8211; Uruguay para brindar una capacitaci\u00f3n en nivel avanzado de danza cl\u00e1sica a los alumnos del <strong>Ballet Juvenil de Colonia<\/strong> dirigido por la Maestra <strong>Brenda Crotti<\/strong>.<\/p>\n<p>Este importante evento ha sido posible gracias al trabajo de la <strong>Intendencia de Colonia<\/strong>, al Sr. Director de Cultura de Colonia <strong>Eduardo Barale<\/strong> y a <strong>Gonzalo P\u00e9rez<\/strong> quien ha sido parte fundamental en las gestiones realizadas para que el Maestro Yebra pudiera estar presente en estas intensas jornadas que no s\u00f3lo constaron de clases abiertas sino tambi\u00e9n de una interesante charla acerca de la evoluci\u00f3n de la danza a trav\u00e9s de la historia.<\/p>\n<p>Este excepcional aporte del Maestro <strong>Igor Yebra<\/strong> ha sido gratamente recibido y aprovechado al m\u00e1ximo por los alumnos del <strong>Ballet Juvenil de Colonia<\/strong>, comprometidos con la carrera que han elegido y seguramente ha dejado una importante huella en quienes tuvimos el gusto de participar desde diferentes perspectivas.<\/p>\n<p>&nbsp;<br \/>\n&nbsp;<\/p>\n<h3><a href=\"https:\/\/web.facebook.com\/pg\/cooltivartecom\/photos\/?tab=album&amp;album_id=5642870419093158\" target=\"_blank\" rel=\"noopener\">Ir a la fotogaler\u00eda<\/a><\/h3>\n<p><iframe style=\"border: none; overflow: hidden;\" src=\"https:\/\/www.facebook.com\/plugins\/post.php?href=https%3A%2F%2Fwww.facebook.com%2Fmedia%2Fset%2F%3Fset%3Da.5642870419093158%26type%3D3&amp;width=100%\" width=\"100%\" height=\"669\" frameborder=\"0\" scrolling=\"no\"><\/iframe><br \/>\n&nbsp;<\/p>\n<blockquote class=\"instagram-media\" style=\"background: #FFF; border: 0; border-radius: 3px; box-shadow: 0 0 1px 0 rgba(0,0,0,0.5),0 1px 10px 0 rgba(0,0,0,0.15); margin: 1px; max-width: 540px; min-width: 326px; padding: 0; width: calc(100% - 2px);\" data-instgrm-captioned=\"\" data-instgrm-permalink=\"https:\/\/www.instagram.com\/p\/ClMvWTjsz5g\/?utm_source=ig_embed&amp;utm_campaign=loading\" data-instgrm-version=\"14\">\n<div style=\"padding: 16px;\">\n<p>&nbsp;<\/p>\n<div style=\"display: flex; flex-direction: row; align-items: center;\">\n<div style=\"background-color: #f4f4f4; border-radius: 50%; flex-grow: 0; height: 40px; margin-right: 14px; width: 40px;\">&nbsp;<\/div>\n<div style=\"display: flex; flex-direction: column; flex-grow: 1; justify-content: center;\">\n<div style=\"background-color: #f4f4f4; border-radius: 4px; flex-grow: 0; height: 14px; margin-bottom: 6px; width: 100px;\">&nbsp;<\/div>\n<div style=\"background-color: #f4f4f4; border-radius: 4px; flex-grow: 0; height: 14px; width: 60px;\">&nbsp;<\/div>\n<\/div>\n<\/div>\n<div style=\"padding: 19% 0;\">&nbsp;<\/div>\n<div style=\"display: block; height: 50px; margin: 0 auto 12px; width: 50px;\">&nbsp;<\/div>\n<div style=\"padding-top: 8px;\">\n<div style=\"color: #3897f0; font-family: Arial,sans-serif; font-size: 14px; font-style: normal; font-weight: 550; line-height: 18px;\">Ver esta publicaci\u00f3n en Instagram<\/div>\n<\/div>\n<div style=\"padding: 12.5% 0;\">&nbsp;<\/div>\n<div style=\"display: flex; flex-direction: row; margin-bottom: 14px; align-items: center;\">\n<div>\n<div style=\"background-color: #f4f4f4; border-radius: 50%; height: 12.5px; width: 12.5px; transform: translateX(0px) translateY(7px);\">&nbsp;<\/div>\n<div style=\"background-color: #f4f4f4; height: 12.5px; transform: rotate(-45deg) translateX(3px) translateY(1px); width: 12.5px; flex-grow: 0; margin-right: 14px; margin-left: 2px;\">&nbsp;<\/div>\n<div style=\"background-color: #f4f4f4; border-radius: 50%; height: 12.5px; width: 12.5px; transform: translateX(9px) translateY(-18px);\">&nbsp;<\/div>\n<\/div>\n<div style=\"margin-left: 8px;\">\n<div style=\"background-color: #f4f4f4; border-radius: 50%; flex-grow: 0; height: 20px; width: 20px;\">&nbsp;<\/div>\n<div style=\"width: 0; height: 0; border-top: 2px solid transparent; border-left: 6px solid #f4f4f4; border-bottom: 2px solid transparent; transform: translateX(16px) translateY(-4px) rotate(30deg);\">&nbsp;<\/div>\n<\/div>\n<div style=\"margin-left: auto;\">\n<div style=\"width: 0px; border-top: 8px solid #F4F4F4; border-right: 8px solid transparent; transform: translateY(16px);\">&nbsp;<\/div>\n<div style=\"background-color: #f4f4f4; flex-grow: 0; height: 12px; width: 16px; transform: translateY(-4px);\">&nbsp;<\/div>\n<div style=\"width: 0; height: 0; border-top: 8px solid #F4F4F4; border-left: 8px solid transparent; transform: translateY(-4px) translateX(8px);\">&nbsp;<\/div>\n<\/div>\n<\/div>\n<div style=\"display: flex; flex-direction: column; flex-grow: 1; justify-content: center; margin-bottom: 24px;\">\n<div style=\"background-color: #f4f4f4; border-radius: 4px; flex-grow: 0; height: 14px; margin-bottom: 6px; width: 224px;\">&nbsp;<\/div>\n<div style=\"background-color: #f4f4f4; border-radius: 4px; flex-grow: 0; height: 14px; width: 144px;\">&nbsp;<\/div>\n<\/div>\n<p>&nbsp;<\/p>\n<p style=\"color: #c9c8cd; font-family: Arial,sans-serif; font-size: 14px; line-height: 17px; margin-bottom: 0; margin-top: 8px; overflow: hidden; padding: 8px 0 7px; text-align: center; text-overflow: ellipsis; white-space: nowrap;\"><a style=\"color: #c9c8cd; font-family: Arial,sans-serif; font-size: 14px; font-style: normal; font-weight: normal; line-height: 17px; text-decoration: none;\" href=\"https:\/\/www.instagram.com\/p\/ClMvWTjsz5g\/?utm_source=ig_embed&amp;utm_campaign=loading\" target=\"_blank\" rel=\"noopener\">Una publicaci\u00f3n compartida por cooltivarte.com (@_cooltivarte_)<\/a><\/p>\n<\/div>\n<\/blockquote>\n<p><script async=\"\" src=\"\/\/www.instagram.com\/embed.js\"><\/script><\/p>\n<p>&nbsp;<\/p>\n<p>&nbsp;<\/p>\n<p>&nbsp;<\/p>\n<blockquote class=\"instagram-media\" style=\"background: #FFF; border: 0; border-radius: 3px; box-shadow: 0 0 1px 0 rgba(0,0,0,0.5),0 1px 10px 0 rgba(0,0,0,0.15); margin: 1px; max-width: 540px; min-width: 326px; padding: 0; width: calc(100% - 2px);\" data-instgrm-captioned=\"\" data-instgrm-permalink=\"https:\/\/www.instagram.com\/p\/ClLsffRu5wD\/?utm_source=ig_embed&amp;utm_campaign=loading\" data-instgrm-version=\"14\">\n<div style=\"padding: 16px;\">\n<p>&nbsp;<\/p>\n<div style=\"display: flex; flex-direction: row; align-items: center;\">\n<div style=\"background-color: #f4f4f4; border-radius: 50%; flex-grow: 0; height: 40px; margin-right: 14px; width: 40px;\">&nbsp;<\/div>\n<div style=\"display: flex; flex-direction: column; flex-grow: 1; justify-content: center;\">\n<div style=\"background-color: #f4f4f4; border-radius: 4px; flex-grow: 0; height: 14px; margin-bottom: 6px; width: 100px;\">&nbsp;<\/div>\n<div style=\"background-color: #f4f4f4; border-radius: 4px; flex-grow: 0; height: 14px; width: 60px;\">&nbsp;<\/div>\n<\/div>\n<\/div>\n<div style=\"padding: 19% 0;\">&nbsp;<\/div>\n<div style=\"display: block; height: 50px; margin: 0 auto 12px; width: 50px;\">&nbsp;<\/div>\n<div style=\"padding-top: 8px;\">\n<div style=\"color: #3897f0; font-family: Arial,sans-serif; font-size: 14px; font-style: normal; font-weight: 550; line-height: 18px;\">Ver esta publicaci\u00f3n en Instagram<\/div>\n<\/div>\n<div style=\"padding: 12.5% 0;\">&nbsp;<\/div>\n<div style=\"display: flex; flex-direction: row; margin-bottom: 14px; align-items: center;\">\n<div>\n<div style=\"background-color: #f4f4f4; border-radius: 50%; height: 12.5px; width: 12.5px; transform: translateX(0px) translateY(7px);\">&nbsp;<\/div>\n<div style=\"background-color: #f4f4f4; height: 12.5px; transform: rotate(-45deg) translateX(3px) translateY(1px); width: 12.5px; flex-grow: 0; margin-right: 14px; margin-left: 2px;\">&nbsp;<\/div>\n<div style=\"background-color: #f4f4f4; border-radius: 50%; height: 12.5px; width: 12.5px; transform: translateX(9px) translateY(-18px);\">&nbsp;<\/div>\n<\/div>\n<div style=\"margin-left: 8px;\">\n<div style=\"background-color: #f4f4f4; border-radius: 50%; flex-grow: 0; height: 20px; width: 20px;\">&nbsp;<\/div>\n<div style=\"width: 0; height: 0; border-top: 2px solid transparent; border-left: 6px solid #f4f4f4; border-bottom: 2px solid transparent; transform: translateX(16px) translateY(-4px) rotate(30deg);\">&nbsp;<\/div>\n<\/div>\n<div style=\"margin-left: auto;\">\n<div style=\"width: 0px; border-top: 8px solid #F4F4F4; border-right: 8px solid transparent; transform: translateY(16px);\">&nbsp;<\/div>\n<div style=\"background-color: #f4f4f4; flex-grow: 0; height: 12px; width: 16px; transform: translateY(-4px);\">&nbsp;<\/div>\n<div style=\"width: 0; height: 0; border-top: 8px solid #F4F4F4; border-left: 8px solid transparent; transform: translateY(-4px) translateX(8px);\">&nbsp;<\/div>\n<\/div>\n<\/div>\n<div style=\"display: flex; flex-direction: column; flex-grow: 1; justify-content: center; margin-bottom: 24px;\">\n<div style=\"background-color: #f4f4f4; border-radius: 4px; flex-grow: 0; height: 14px; margin-bottom: 6px; width: 224px;\">&nbsp;<\/div>\n<div style=\"background-color: #f4f4f4; border-radius: 4px; flex-grow: 0; height: 14px; width: 144px;\">&nbsp;<\/div>\n<\/div>\n<p>&nbsp;<\/p>\n<p style=\"color: #c9c8cd; font-family: Arial,sans-serif; font-size: 14px; line-height: 17px; margin-bottom: 0; margin-top: 8px; overflow: hidden; padding: 8px 0 7px; text-align: center; text-overflow: ellipsis; white-space: nowrap;\"><a style=\"color: #c9c8cd; font-family: Arial,sans-serif; font-size: 14px; font-style: normal; font-weight: normal; line-height: 17px; text-decoration: none;\" href=\"https:\/\/www.instagram.com\/p\/ClLsffRu5wD\/?utm_source=ig_embed&amp;utm_campaign=loading\" target=\"_blank\" rel=\"noopener\">Una publicaci\u00f3n compartida por Ivonne Morales (@ivonnemorales2211)<\/a><\/p>\n<\/div>\n<\/blockquote>\n<p><script async=\"\" src=\"\/\/www.instagram.com\/embed.js\"><\/script><br \/>\n&nbsp;<\/p>\n<blockquote class=\"instagram-media\" style=\"background: #FFF; border: 0; border-radius: 3px; box-shadow: 0 0 1px 0 rgba(0,0,0,0.5),0 1px 10px 0 rgba(0,0,0,0.15); margin: 1px; max-width: 540px; min-width: 326px; padding: 0; width: calc(100% - 2px);\" data-instgrm-captioned=\"\" data-instgrm-permalink=\"https:\/\/www.instagram.com\/p\/Ckk6kfes5Rr\/?utm_source=ig_embed&amp;utm_campaign=loading\" data-instgrm-version=\"14\">\n<div style=\"padding: 16px;\">\n<p>&nbsp;<\/p>\n<div style=\"display: flex; flex-direction: row; align-items: center;\">\n<div style=\"background-color: #f4f4f4; border-radius: 50%; flex-grow: 0; height: 40px; margin-right: 14px; width: 40px;\">&nbsp;<\/div>\n<div style=\"display: flex; flex-direction: column; flex-grow: 1; justify-content: center;\">\n<div style=\"background-color: #f4f4f4; border-radius: 4px; flex-grow: 0; height: 14px; margin-bottom: 6px; width: 100px;\">&nbsp;<\/div>\n<div style=\"background-color: #f4f4f4; border-radius: 4px; flex-grow: 0; height: 14px; width: 60px;\">&nbsp;<\/div>\n<\/div>\n<\/div>\n<div style=\"padding: 19% 0;\">&nbsp;<\/div>\n<div style=\"display: block; height: 50px; margin: 0 auto 12px; width: 50px;\">&nbsp;<\/div>\n<div style=\"padding-top: 8px;\">\n<div style=\"color: #3897f0; font-family: Arial,sans-serif; font-size: 14px; font-style: normal; font-weight: 550; line-height: 18px;\">Ver esta publicaci\u00f3n en Instagram<\/div>\n<\/div>\n<div style=\"padding: 12.5% 0;\">&nbsp;<\/div>\n<div style=\"display: flex; flex-direction: row; margin-bottom: 14px; align-items: center;\">\n<div>\n<div style=\"background-color: #f4f4f4; border-radius: 50%; height: 12.5px; width: 12.5px; transform: translateX(0px) translateY(7px);\">&nbsp;<\/div>\n<div style=\"background-color: #f4f4f4; height: 12.5px; transform: rotate(-45deg) translateX(3px) translateY(1px); width: 12.5px; flex-grow: 0; margin-right: 14px; margin-left: 2px;\">&nbsp;<\/div>\n<div style=\"background-color: #f4f4f4; border-radius: 50%; height: 12.5px; width: 12.5px; transform: translateX(9px) translateY(-18px);\">&nbsp;<\/div>\n<\/div>\n<div style=\"margin-left: 8px;\">\n<div style=\"background-color: #f4f4f4; border-radius: 50%; flex-grow: 0; height: 20px; width: 20px;\">&nbsp;<\/div>\n<div style=\"width: 0; height: 0; border-top: 2px solid transparent; border-left: 6px solid #f4f4f4; border-bottom: 2px solid transparent; transform: translateX(16px) translateY(-4px) rotate(30deg);\">&nbsp;<\/div>\n<\/div>\n<div style=\"margin-left: auto;\">\n<div style=\"width: 0px; border-top: 8px solid #F4F4F4; border-right: 8px solid transparent; transform: translateY(16px);\">&nbsp;<\/div>\n<div style=\"background-color: #f4f4f4; flex-grow: 0; height: 12px; width: 16px; transform: translateY(-4px);\">&nbsp;<\/div>\n<div style=\"width: 0; height: 0; border-top: 8px solid #F4F4F4; border-left: 8px solid transparent; transform: translateY(-4px) translateX(8px);\">&nbsp;<\/div>\n<\/div>\n<\/div>\n<div style=\"display: flex; flex-direction: column; flex-grow: 1; justify-content: center; margin-bottom: 24px;\">\n<div style=\"background-color: #f4f4f4; border-radius: 4px; flex-grow: 0; height: 14px; margin-bottom: 6px; width: 224px;\">&nbsp;<\/div>\n<div style=\"background-color: #f4f4f4; border-radius: 4px; flex-grow: 0; height: 14px; width: 144px;\">&nbsp;<\/div>\n<\/div>\n<p>&nbsp;<\/p>\n<p style=\"color: #c9c8cd; font-family: Arial,sans-serif; font-size: 14px; line-height: 17px; margin-bottom: 0; margin-top: 8px; overflow: hidden; padding: 8px 0 7px; text-align: center; text-overflow: ellipsis; white-space: nowrap;\"><a style=\"color: #c9c8cd; font-family: Arial,sans-serif; font-size: 14px; font-style: normal; font-weight: normal; line-height: 17px; text-decoration: none;\" href=\"https:\/\/www.instagram.com\/p\/Ckk6kfes5Rr\/?utm_source=ig_embed&amp;utm_campaign=loading\" target=\"_blank\" rel=\"noopener\">Una publicaci\u00f3n compartida por Igor Yebra (@igoryebra)<\/a><\/p>\n<\/div>\n<\/blockquote>\n<p><script async=\"\" src=\"\/\/www.instagram.com\/embed.js\"><\/script><br \/>\n&nbsp;<\/p>\n<p>&nbsp;<\/p>\n<p>&nbsp;<\/p>\n<p>&nbsp;<\/p>\n","protected":false},"excerpt":{"rendered":"<p>Los d\u00edas 11, 12 y 13 de noviembre de 2022, tuvo lugar en la ciudad de Colonia del Sacramento el Primer encuentro de Danza a cargo del prestigioso Maestro Igor Yebra, talentoso bailar\u00edn y core\u00f3grafo a nivel mundial quien dirigi\u00f3 al Ballet Nacional del Sodre en el per\u00edodo 2018-2020 y ha sido declarado Ciudadano Ilustre [&hellip;]<\/p>\n","protected":false},"author":48,"featured_media":86313,"comment_status":"closed","ping_status":"closed","sticky":false,"template":"","format":"standard","meta":{"om_disable_all_campaigns":false,"ngg_post_thumbnail":0,"jnews-multi-image_gallery":[],"jnews_single_post":{"subtitle":"Colonia del Sacramento","format":"standard","video":"","gallery":"","source_name":"","source_url":"","via_name":"","via_url":"","override_template":"0","override":[{"template":"1","single_blog_custom":"","parallax":"1","fullscreen":"1","layout":"right-sidebar","sidebar":"default-sidebar","second_sidebar":"default-sidebar","sticky_sidebar":"1","share_position":"top","share_float_style":"share-monocrhome","show_share_counter":"1","show_view_counter":"1","show_featured":"1","show_post_meta":"1","show_post_author":"1","show_post_author_image":"1","show_post_date":"1","post_date_format":"default","post_date_format_custom":"Y\/m\/d","show_post_category":"1","show_post_reading_time":"0","post_reading_time_wpm":"300","show_zoom_button":"0","zoom_button_out_step":"2","zoom_button_in_step":"3","show_post_tag":"1","show_prev_next_post":"1","show_popup_post":"1","number_popup_post":"1","show_author_box":"0","show_post_related":"0","show_inline_post_related":"0"}],"override_image_size":"0","image_override":[{"single_post_thumbnail_size":"crop-500","single_post_gallery_size":"crop-500"}],"trending_post":"0","trending_post_position":"meta","trending_post_label":"Trending","sponsored_post":"0","sponsored_post_label":"Sponsored by","sponsored_post_name":"","sponsored_post_url":"","sponsored_post_logo_enable":"0","sponsored_post_logo":"","sponsored_post_desc":""},"jnews_primary_category":{"id":""},"jnews_social_meta":{"fb_title":"","fb_description":"","fb_image":"","twitter_title":"","twitter_description":"","twitter_image":""},"jnews_override_counter":{"override_view_counter":"0","view_counter_number":"0","override_share_counter":"0","share_counter_number":"0","override_like_counter":"0","like_counter_number":"0","override_dislike_counter":"0","dislike_counter_number":"0"},"footnotes":""},"categories":[4573],"tags":[4651,18419,18420,3874,450,18421,7462],"class_list":["post-86312","post","type-post","status-publish","format-standard","has-post-thumbnail","hentry","category-cobertura-sensible","tag-ballet","tag-ballet-juvenil-de-colonia","tag-brenda-crotti","tag-colonia-del-sacramento","tag-danza","tag-eduardo-barale","tag-igor-yebra"],"yoast_head":"<!-- This site is optimized with the Yoast SEO plugin v27.5 - https:\/\/yoast.com\/product\/yoast-seo-wordpress\/ -->\n<title>Primer encuentro de Danza a cargo del Maestro Igor Yebra - Cooltivarte Portal<\/title>\n<meta name=\"description\" content=\"Los d\u00edas 11, 12 y 13 de noviembre de 2022, tuvo lugar en la ciudad de Colonia del Sacramento el Primer encuentro de Danza a cargo del prestigioso Maestro Igor Yebra, talentoso bailar\u00edn y core\u00f3grafo a nivel mundial quien dirigi\u00f3 al Ballet Nacional del Sodre en el per\u00edodo 2018-2020 y ha sido declarado Ciudadano Ilustre de Montevideo.\" \/>\n<meta name=\"robots\" content=\"index, follow, max-snippet:-1, max-image-preview:large, max-video-preview:-1\" \/>\n<link rel=\"canonical\" href=\"https:\/\/cooltivarte.com\/portal\/primer-encuentro-de-danza-a-cargo-del-maestro-igor-yebra\/\" \/>\n<meta property=\"og:locale\" content=\"es_ES\" \/>\n<meta property=\"og:type\" content=\"article\" \/>\n<meta property=\"og:title\" content=\"Primer encuentro de Danza a cargo del prestigioso Maestro Igor Yebra - Colonia del Sacramento - Noviembre 2022 - #Fotogaler\u00eda Ivonne Morales\" \/>\n<meta property=\"og:description\" content=\"Los d\u00edas 11, 12 y 13 de noviembre de 2022, tuvo lugar en la ciudad de Colonia del Sacramento el Primer encuentro de Danza a cargo del prestigioso Maestro Igor Yebra, talentoso bailar\u00edn y core\u00f3grafo a nivel mundial quien dirigi\u00f3 al Ballet Nacional del Sodre en el per\u00edodo 2018-2020 y ha sido declarado Ciudadano Ilustre de Montevideo.\" \/>\n<meta property=\"og:url\" content=\"https:\/\/cooltivarte.com\/portal\/primer-encuentro-de-danza-a-cargo-del-maestro-igor-yebra\/\" \/>\n<meta property=\"og:site_name\" content=\"Cooltivarte Portal\" \/>\n<meta property=\"article:publisher\" content=\"https:\/\/www.facebook.com\/cooltivartecom\/\" \/>\n<meta property=\"article:author\" content=\"http:\/\/www.facebook.com\/JaibonFotografia\" \/>\n<meta property=\"article:published_time\" content=\"2022-11-20T20:06:46+00:00\" \/>\n<meta property=\"article:modified_time\" content=\"2022-11-20T22:13:42+00:00\" \/>\n<meta property=\"og:image\" content=\"https:\/\/cooltivarte.com\/portal\/wp-content\/uploads\/2022\/11\/Danza-a-cargo-del-Maestro-Igor-Yebra-Colonia-del-Sacramento-Noviembre-2022-Foto-Ivonne-Morales.jpg\" \/>\n\t<meta property=\"og:image:width\" content=\"1080\" \/>\n\t<meta property=\"og:image:height\" content=\"881\" \/>\n\t<meta property=\"og:image:type\" content=\"image\/jpeg\" \/>\n<meta name=\"author\" content=\"Ivonne Morales\" \/>\n<meta name=\"twitter:card\" content=\"summary_large_image\" \/>\n<meta name=\"twitter:title\" content=\"Primer encuentro de Danza a cargo del prestigioso Maestro Igor Yebra - Colonia del Sacramento - Noviembre 2022 - #Fotogaler\u00eda Ivonne Morales\" \/>\n<meta name=\"twitter:description\" content=\"Los d\u00edas 11, 12 y 13 de noviembre de 2022, tuvo lugar en la ciudad de Colonia del Sacramento el Primer encuentro de Danza a cargo del prestigioso Maestro Igor Yebra, talentoso bailar\u00edn y core\u00f3grafo a nivel mundial quien dirigi\u00f3 al Ballet Nacional del Sodre en el per\u00edodo 2018-2020 y ha sido declarado Ciudadano Ilustre de Montevideo.\" \/>\n<meta name=\"twitter:image\" content=\"https:\/\/cooltivarte.com\/portal\/wp-content\/uploads\/2022\/11\/Danza-a-cargo-del-Maestro-Igor-Yebra-Colonia-del-Sacramento-Noviembre-2022-Foto-Ivonne-Morales.jpg\" \/>\n<meta name=\"twitter:creator\" content=\"@https:\/\/x.com\/obolocultural\" \/>\n<meta name=\"twitter:site\" content=\"@obolocultural\" \/>\n<meta name=\"twitter:label1\" content=\"Escrito por\" \/>\n\t<meta name=\"twitter:data1\" content=\"Ivonne Morales\" \/>\n\t<meta name=\"twitter:label2\" content=\"Tiempo de lectura\" \/>\n\t<meta name=\"twitter:data2\" content=\"2 minutos\" \/>\n<!-- \/ Yoast SEO plugin. -->","yoast_head_json":{"title":"Primer encuentro de Danza a cargo del Maestro Igor Yebra - Cooltivarte Portal","description":"Los d\u00edas 11, 12 y 13 de noviembre de 2022, tuvo lugar en la ciudad de Colonia del Sacramento el Primer encuentro de Danza a cargo del prestigioso Maestro Igor Yebra, talentoso bailar\u00edn y core\u00f3grafo a nivel mundial quien dirigi\u00f3 al Ballet Nacional del Sodre en el per\u00edodo 2018-2020 y ha sido declarado Ciudadano Ilustre de Montevideo.","robots":{"index":"index","follow":"follow","max-snippet":"max-snippet:-1","max-image-preview":"max-image-preview:large","max-video-preview":"max-video-preview:-1"},"canonical":"https:\/\/cooltivarte.com\/portal\/primer-encuentro-de-danza-a-cargo-del-maestro-igor-yebra\/","og_locale":"es_ES","og_type":"article","og_title":"Primer encuentro de Danza a cargo del prestigioso Maestro Igor Yebra - Colonia del Sacramento - Noviembre 2022 - #Fotogaler\u00eda Ivonne Morales","og_description":"Los d\u00edas 11, 12 y 13 de noviembre de 2022, tuvo lugar en la ciudad de Colonia del Sacramento el Primer encuentro de Danza a cargo del prestigioso Maestro Igor Yebra, talentoso bailar\u00edn y core\u00f3grafo a nivel mundial quien dirigi\u00f3 al Ballet Nacional del Sodre en el per\u00edodo 2018-2020 y ha sido declarado Ciudadano Ilustre de Montevideo.","og_url":"https:\/\/cooltivarte.com\/portal\/primer-encuentro-de-danza-a-cargo-del-maestro-igor-yebra\/","og_site_name":"Cooltivarte Portal","article_publisher":"https:\/\/www.facebook.com\/cooltivartecom\/","article_author":"http:\/\/www.facebook.com\/JaibonFotografia","article_published_time":"2022-11-20T20:06:46+00:00","article_modified_time":"2022-11-20T22:13:42+00:00","og_image":[{"width":1080,"height":881,"url":"https:\/\/cooltivarte.com\/portal\/wp-content\/uploads\/2022\/11\/Danza-a-cargo-del-Maestro-Igor-Yebra-Colonia-del-Sacramento-Noviembre-2022-Foto-Ivonne-Morales.jpg","type":"image\/jpeg"}],"author":"Ivonne Morales","twitter_card":"summary_large_image","twitter_title":"Primer encuentro de Danza a cargo del prestigioso Maestro Igor Yebra - Colonia del Sacramento - Noviembre 2022 - #Fotogaler\u00eda Ivonne Morales","twitter_description":"Los d\u00edas 11, 12 y 13 de noviembre de 2022, tuvo lugar en la ciudad de Colonia del Sacramento el Primer encuentro de Danza a cargo del prestigioso Maestro Igor Yebra, talentoso bailar\u00edn y core\u00f3grafo a nivel mundial quien dirigi\u00f3 al Ballet Nacional del Sodre en el per\u00edodo 2018-2020 y ha sido declarado Ciudadano Ilustre de Montevideo.","twitter_image":"https:\/\/cooltivarte.com\/portal\/wp-content\/uploads\/2022\/11\/Danza-a-cargo-del-Maestro-Igor-Yebra-Colonia-del-Sacramento-Noviembre-2022-Foto-Ivonne-Morales.jpg","twitter_creator":"@https:\/\/x.com\/obolocultural","twitter_site":"@obolocultural","twitter_misc":{"Escrito por":"Ivonne Morales","Tiempo de lectura":"2 minutos"},"schema":{"@context":"https:\/\/schema.org","@graph":[{"@type":"NewsArticle","@id":"https:\/\/cooltivarte.com\/portal\/primer-encuentro-de-danza-a-cargo-del-maestro-igor-yebra\/#article","isPartOf":{"@id":"https:\/\/cooltivarte.com\/portal\/primer-encuentro-de-danza-a-cargo-del-maestro-igor-yebra\/"},"author":{"name":"Ivonne Morales","@id":"https:\/\/cooltivarte.com\/portal\/#\/schema\/person\/fe75e4361eedb6fa9290c17ba2cb0038"},"headline":"Primer encuentro de Danza a cargo del Maestro Igor Yebra","datePublished":"2022-11-20T20:06:46+00:00","dateModified":"2022-11-20T22:13:42+00:00","mainEntityOfPage":{"@id":"https:\/\/cooltivarte.com\/portal\/primer-encuentro-de-danza-a-cargo-del-maestro-igor-yebra\/"},"wordCount":369,"publisher":{"@id":"https:\/\/cooltivarte.com\/portal\/#organization"},"image":{"@id":"https:\/\/cooltivarte.com\/portal\/primer-encuentro-de-danza-a-cargo-del-maestro-igor-yebra\/#primaryimage"},"thumbnailUrl":"https:\/\/cooltivarte.com\/portal\/wp-content\/uploads\/2022\/11\/Danza-a-cargo-del-Maestro-Igor-Yebra-Colonia-del-Sacramento-Noviembre-2022-Foto-Ivonne-Morales.jpg","keywords":["ballet","Ballet Juvenil de Colonia","Brenda Crotti","Colonia del Sacramento","Danza","Eduardo Barale","IGOR YEBRA"],"articleSection":["Muestra Sensible"],"inLanguage":"es-AR"},{"@type":"WebPage","@id":"https:\/\/cooltivarte.com\/portal\/primer-encuentro-de-danza-a-cargo-del-maestro-igor-yebra\/","url":"https:\/\/cooltivarte.com\/portal\/primer-encuentro-de-danza-a-cargo-del-maestro-igor-yebra\/","name":"Primer encuentro de Danza a cargo del Maestro Igor Yebra - Cooltivarte Portal","isPartOf":{"@id":"https:\/\/cooltivarte.com\/portal\/#website"},"primaryImageOfPage":{"@id":"https:\/\/cooltivarte.com\/portal\/primer-encuentro-de-danza-a-cargo-del-maestro-igor-yebra\/#primaryimage"},"image":{"@id":"https:\/\/cooltivarte.com\/portal\/primer-encuentro-de-danza-a-cargo-del-maestro-igor-yebra\/#primaryimage"},"thumbnailUrl":"https:\/\/cooltivarte.com\/portal\/wp-content\/uploads\/2022\/11\/Danza-a-cargo-del-Maestro-Igor-Yebra-Colonia-del-Sacramento-Noviembre-2022-Foto-Ivonne-Morales.jpg","datePublished":"2022-11-20T20:06:46+00:00","dateModified":"2022-11-20T22:13:42+00:00","description":"Los d\u00edas 11, 12 y 13 de noviembre de 2022, tuvo lugar en la ciudad de Colonia del Sacramento el Primer encuentro de Danza a cargo del prestigioso Maestro Igor Yebra, talentoso bailar\u00edn y core\u00f3grafo a nivel mundial quien dirigi\u00f3 al Ballet Nacional del Sodre en el per\u00edodo 2018-2020 y ha sido declarado Ciudadano Ilustre de Montevideo.","breadcrumb":{"@id":"https:\/\/cooltivarte.com\/portal\/primer-encuentro-de-danza-a-cargo-del-maestro-igor-yebra\/#breadcrumb"},"inLanguage":"es-AR","potentialAction":[{"@type":"ReadAction","target":["https:\/\/cooltivarte.com\/portal\/primer-encuentro-de-danza-a-cargo-del-maestro-igor-yebra\/"]}]},{"@type":"ImageObject","inLanguage":"es-AR","@id":"https:\/\/cooltivarte.com\/portal\/primer-encuentro-de-danza-a-cargo-del-maestro-igor-yebra\/#primaryimage","url":"https:\/\/cooltivarte.com\/portal\/wp-content\/uploads\/2022\/11\/Danza-a-cargo-del-Maestro-Igor-Yebra-Colonia-del-Sacramento-Noviembre-2022-Foto-Ivonne-Morales.jpg","contentUrl":"https:\/\/cooltivarte.com\/portal\/wp-content\/uploads\/2022\/11\/Danza-a-cargo-del-Maestro-Igor-Yebra-Colonia-del-Sacramento-Noviembre-2022-Foto-Ivonne-Morales.jpg","width":1080,"height":881,"caption":"Primer encuentro de Danza a cargo del prestigioso Maestro Igor Yebra - Colonia del Sacramento - Noviembre 2022 - #Fotogaler\u00eda Ivonne Morales"},{"@type":"BreadcrumbList","@id":"https:\/\/cooltivarte.com\/portal\/primer-encuentro-de-danza-a-cargo-del-maestro-igor-yebra\/#breadcrumb","itemListElement":[{"@type":"ListItem","position":1,"name":"Portada","item":"https:\/\/cooltivarte.com\/portal\/"},{"@type":"ListItem","position":2,"name":"Primer encuentro de Danza a cargo del Maestro Igor Yebra"}]},{"@type":"WebSite","@id":"https:\/\/cooltivarte.com\/portal\/#website","url":"https:\/\/cooltivarte.com\/portal\/","name":"Cooltivarte Portal","description":"Arte, cultura y turismo para el mundo ...","publisher":{"@id":"https:\/\/cooltivarte.com\/portal\/#organization"},"potentialAction":[{"@type":"SearchAction","target":{"@type":"EntryPoint","urlTemplate":"https:\/\/cooltivarte.com\/portal\/?s={search_term_string}"},"query-input":{"@type":"PropertyValueSpecification","valueRequired":true,"valueName":"search_term_string"}}],"inLanguage":"es-AR"},{"@type":"Organization","@id":"https:\/\/cooltivarte.com\/portal\/#organization","name":"cooltivarte","url":"https:\/\/cooltivarte.com\/portal\/","logo":{"@type":"ImageObject","inLanguage":"es-AR","@id":"https:\/\/cooltivarte.com\/portal\/#\/schema\/logo\/image\/","url":"https:\/\/cooltivarte.com\/portal\/wp-content\/uploads\/2020\/04\/logo-cooltivarte-v2.png","contentUrl":"https:\/\/cooltivarte.com\/portal\/wp-content\/uploads\/2020\/04\/logo-cooltivarte-v2.png","width":851,"height":243,"caption":"cooltivarte"},"image":{"@id":"https:\/\/cooltivarte.com\/portal\/#\/schema\/logo\/image\/"},"sameAs":["https:\/\/www.facebook.com\/cooltivartecom\/","https:\/\/x.com\/obolocultural","https:\/\/www.instagram.com\/_cooltivarte_\/","https:\/\/www.linkedin.com\/company\/-bolocultural?reportsuccess=8zaNG1HwhPbAR9iQhZ5rfGeqz_vQFftHun0ZWU0Wy9vNemRJ8vtcKdJvzQfW8XagyOJSKg0XvfJ1dp","https:\/\/www.pinterest.com\/cooltivarte\/","https:\/\/cooltivarte.tumblr.com\/","https:\/\/www.tiktok.com\/@cooltivarte","https:\/\/www.youtube.com\/@PrensaCooltivarte"]},{"@type":"Person","@id":"https:\/\/cooltivarte.com\/portal\/#\/schema\/person\/fe75e4361eedb6fa9290c17ba2cb0038","name":"Ivonne Morales","image":{"@type":"ImageObject","inLanguage":"es-AR","@id":"https:\/\/cooltivarte.com\/portal\/wp-content\/uploads\/2015\/02\/ivonne-morales1-120x120.jpg","url":"https:\/\/cooltivarte.com\/portal\/wp-content\/uploads\/2015\/02\/ivonne-morales1-120x120.jpg","contentUrl":"https:\/\/cooltivarte.com\/portal\/wp-content\/uploads\/2015\/02\/ivonne-morales1-120x120.jpg","caption":"Ivonne Morales"},"description":"Su formaci\u00f3n como fot\u00f3grafa, ha sido autodidacta, no s\u00f3lo a trav\u00e9s de su propia experiencia, sino de nutrirse del aporte de colegas. Durante su adolescencia, sus primeras c\u00e1maras fueron de pel\u00edcula y a partir de ese momento sinti\u00f3 gran inter\u00e9s por la fotograf\u00eda. Comenz\u00f3 por fotografiar paisajes o simplemente situaciones cotidianas. Luego de haber incursionado brevemente en el mundo de la m\u00fasica como cantante, comienza a registrar shows, a modo de hobbie. Su inter\u00e9s por la fotograf\u00eda comienza a cobrar m\u00e1s importancia y es a partir de ah\u00ed, donde decide poner m\u00e1s \u00e9nfasis, no s\u00f3lo en captar las im\u00e1genes, sino en editar las fotograf\u00edas, para lograr un mejor resultado final. En el a\u00f1o 2012, comienza a frecuentar el boliche \"Paullier &amp; Guan\u00e1\", donde se iniciaba la propuesta \"Martes On Fire\", encabezada por Francisco Fattoruso, y durante todo el primer ciclo, registra cada instancia a trav\u00e9s de sus fotos, que son publicadas en Facebook semanalmente, ya tomando la fotograf\u00eda como algo m\u00e1s que un hobbie. A partir de \u00e9sta gran puerta, comienza a ampliar su espectro y a registrar otros eventos, as\u00ed como tambi\u00e9n a incursionar en otros temas, como arquitectura, registro de muestras o exposiciones, fotograf\u00eda social, fotograf\u00eda macro y algunas t\u00e9cnicas experimentales. Actualmente, se puede visitar su p\u00e1gina, donde son publicados todos sus trabajos. J\u00e1ibon Fotograf\u00eda","sameAs":["http:\/\/www.facebook.com\/JaibonFotografia","https:\/\/www.instagram.com\/_cooltivarte_\/","https:\/\/www.linkedin.com\/company\/-bolocultural","https:\/\/www.pinterest.com\/cooltivarte","https:\/\/x.com\/https:\/\/x.com\/obolocultural","https:\/\/www.youtube.com\/@PrensaCooltivarte","https:\/\/www.tumblr.com\/blog\/cooltivarte"],"url":"https:\/\/cooltivarte.com\/portal\/author\/ivonnem\/"}]}},"_links":{"self":[{"href":"https:\/\/cooltivarte.com\/portal\/wp-json\/wp\/v2\/posts\/86312","targetHints":{"allow":["GET"]}}],"collection":[{"href":"https:\/\/cooltivarte.com\/portal\/wp-json\/wp\/v2\/posts"}],"about":[{"href":"https:\/\/cooltivarte.com\/portal\/wp-json\/wp\/v2\/types\/post"}],"author":[{"embeddable":true,"href":"https:\/\/cooltivarte.com\/portal\/wp-json\/wp\/v2\/users\/48"}],"replies":[{"embeddable":true,"href":"https:\/\/cooltivarte.com\/portal\/wp-json\/wp\/v2\/comments?post=86312"}],"version-history":[{"count":7,"href":"https:\/\/cooltivarte.com\/portal\/wp-json\/wp\/v2\/posts\/86312\/revisions"}],"predecessor-version":[{"id":86325,"href":"https:\/\/cooltivarte.com\/portal\/wp-json\/wp\/v2\/posts\/86312\/revisions\/86325"}],"wp:featuredmedia":[{"embeddable":true,"href":"https:\/\/cooltivarte.com\/portal\/wp-json\/wp\/v2\/media\/86313"}],"wp:attachment":[{"href":"https:\/\/cooltivarte.com\/portal\/wp-json\/wp\/v2\/media?parent=86312"}],"wp:term":[{"taxonomy":"category","embeddable":true,"href":"https:\/\/cooltivarte.com\/portal\/wp-json\/wp\/v2\/categories?post=86312"},{"taxonomy":"post_tag","embeddable":true,"href":"https:\/\/cooltivarte.com\/portal\/wp-json\/wp\/v2\/tags?post=86312"}],"curies":[{"name":"wp","href":"https:\/\/api.w.org\/{rel}","templated":true}]}}