{"id":86222,"date":"2022-11-18T13:47:04","date_gmt":"2022-11-18T16:47:04","guid":{"rendered":"https:\/\/cooltivarte.com\/portal\/?p=86222"},"modified":"2022-11-18T14:11:35","modified_gmt":"2022-11-18T17:11:35","slug":"paulinho-moska-y-zelia-duncan-um-par-impar","status":"publish","type":"post","link":"https:\/\/cooltivarte.com\/portal\/paulinho-moska-y-zelia-duncan-um-par-impar\/","title":{"rendered":"Paulinho Moska y Zelia Duncan: \u201cUm par impar\u201d"},"content":{"rendered":"<p>El pr\u00f3ximo 1 de diciembre 2022 se presenta en el <strong>Teatro Sol\u00eds<\/strong> el cantante, compositor y m\u00fasico brasile\u00f1o <strong><a href=\"https:\/\/cooltivarte.com\/portal\/?s=Paulinho+Moska\" target=\"_blank\" rel=\"noopener\">Paulinho Moska<\/a><\/strong>, junto a la cantautora brasile\u00f1a <a href=\"https:\/\/cooltivarte.com\/portal\/?s=Zelia+Duncan\" target=\"_blank\" rel=\"noopener\"><strong>Zelia Duncan<\/strong><\/a>, con el espect\u00e1culo <strong>\u201cUm Par Impar\u201d<\/strong>.<\/p>\n<p><strong>Paulinho Moska<\/strong> y <strong>Zelia Duncan<\/strong>, \u201cparceros\u201d y amigos de casi 30 a\u00f1os, se juntan por primera vez en un espect\u00e1culo en el que recorren temas propios y de otros autores.<\/p>\n<p>Con motivo de su presentaci\u00f3n en Uruguay, lo entrevistamos para conversar sobre la gira que est\u00e1n realizando en Brasil y el espect\u00e1culo que ofrecer\u00e1n en nuestro pa\u00eds.<\/p>\n<p><strong>El espect\u00e1culo toma el nombre del tema \u201cUm Par Impar\u201d que compusieron hace unos a\u00f1os con Zelia Duncan.<\/strong> <strong>C\u00f3mo surge este proyecto juntos? Por qu\u00e9 un par impar?:<\/strong><\/p>\n<p>Zelia Duncan es una amiga de 30 a\u00f1os. Grabamos nuestros primeros \u00e1lbumes en el mismo a\u00f1o. Somos contempor\u00e1neos de carrera, de una carrera entera.<\/p>\n<p>Desde su primer \u00e1lbum, la acompa\u00f1o y soy fan\u00e1tico de su trabajo. Ella escribe letras, no compone m\u00fasica. Toca la guitarra muy bien; no s\u00e9 c\u00f3mo no compone canciones completas. Prefiere escribir, y a m\u00ed me encantan las palabras escritas, cantadas o habladas. Estos 30 a\u00f1os ella me regal\u00f3 algunas letras y fuimos, y somos, parceros de m\u00e1s de 12 canciones. Canciones buenas, que me gustan, que grab\u00e9 y ella tambi\u00e9n. Con esto quedamos muy muy amigos, \u00edntimos. Conozco su familia y ella conoce la m\u00eda.<\/p>\n<p>Mi admiraci\u00f3n por ella tiene que ver tambi\u00e9n con sus actitudes. Zelia es una lesbiana muy activa en las redes. En los \u00faltimos 4 a\u00f1os fue una luchadora de mucha exposici\u00f3n de s\u00ed misma y sufri\u00f3 mucho con la violencia de respuesta a su coraje. No lucha \u00fanicamente por sus propios derechos de mujer, de artista y de lesbiana; lucha por los ind\u00edgenas, los pobres, los negros Es una mujer admirable.<\/p>\n<p>Tiene una voz grabe, incre\u00edble, \u00fanica. Como Milton Nascimento y nuestra reci\u00e9n despedida Gal Costa. Gal Costa tambi\u00e9n ten\u00eda una voz \u00fanica. La admiro.<\/p>\n<p>Siempre que nos encontr\u00e1bamos nos dec\u00edamos: \u201cun d\u00eda tenemos que grabar un \u00e1lbum, hacer una gira; tenemos que hacer alguna cosa juntos, adem\u00e1s de componer canciones\u201d.<\/p>\n<p>Un poco antes de la pandemia compuse la canci\u00f3n \u201cUm Par Impar\u201d, cuando me encontr\u00e9 con esta expresi\u00f3n.<\/p>\n<p>Escrib\u00ed esta canci\u00f3n, con muchos versos, y se la envi\u00e9 como una broma de amigos. Le dije: \u201cmir\u00e1 la canci\u00f3n que compuse en nuestro homenaje. Vamos a hacer una gira y se va a llamar \u201cUm par Impar\u201d y esta canci\u00f3n va a ser la canci\u00f3n de apertura\u201d. Le dije hace 5 a\u00f1os.<\/p>\n<p>A ella le gust\u00f3 tanto la canci\u00f3n que en menos de una hora me la retorn\u00f3 con m\u00e1s versos.<\/p>\n<p>No acept\u00f3 que la canci\u00f3n estuviera terminada y escribi\u00f3 m\u00e1s versos dentro de la melod\u00eda. Entonces, nos tornamos parceros en esta canci\u00f3n y tratamos, a partir de esta canci\u00f3n, de pensar finalmente en nuestra gira juntos.<\/p>\n<p>La expresi\u00f3n &#8220;Um Par Impar&#8221; me encant\u00f3 porque tiene un doble sentido: es una paradoja. Porque un n\u00famero par es imposible sea un n\u00famero impar. Pero si ese par es un d\u00fao de artistas tiene un segundo sentido: impar como \u00fanico, singular. Es un poco como una s\u00edntesis de mi relaci\u00f3n con Zelia. As\u00ed lo sentimos: muy diferentes y muy espejo al mismo tiempo. Una imagen diferente al espejo de s\u00ed mismo.<\/p>\n<p>La conoc\u00ed en un camer\u00edn, comprando una guitarra ac\u00fastica. Estaba muy orgulloso de una guitarra. Y ella estaba en los camarines con una guitarra igual a la m\u00eda. Ten\u00edamos pelos largos y grandes sonrisas. As\u00ed nos conocimos: como espejo. Como si fuera un espejo.<\/p>\n<p>Lo que est\u00e1 en el escenario en este concierto es como un trasbordamiento de esta relaci\u00f3n verdadera, mayor que las canciones. Y cuando estas cosas son de verdad lo invisible aparece en el escenario.<\/p>\n<p><strong>Esta es la primera oportunidad en que te presentas en Uruguay acompa\u00f1ado en el escenario?<\/strong><\/p>\n<p>No, la verdad ya hice algunos conciertos en Punta Ballena con Chico C\u00e9sar. Tambi\u00e9n con Kevin Johansen, hace unos 15 a\u00f1os, en Montevideo, con Lisandro Aristimu\u00f1o de telonero.<\/p>\n<p>Grab\u00e9 una temporada entera de la <strong>serie \u201cZoombido\u201d<\/strong>, que conduzco en Brasil, con tres uruguayos. Tambi\u00e9n cant\u00e9 con ellos. Me gusta mucho cantar con el otro. Estoy siempre pensando algo para estar con alguien, haciendo lo que m\u00e1s me gusta: tocando, cantando y creando, inventando algo, produciendo, intentando mejorar el mundo cada uno a su manera.<\/p>\n<p><strong>Escuchando una entrevista me pareci\u00f3 muy interesante la propuesta de tu \u00faltimo disco \u201cBeleza e Medo\u201d (Moska\/2018). Un disco pensado inicialmente en torno a la belleza, un canto a la belleza, en el que, a partir del cambio en la situaci\u00f3n sociopol\u00edtica de Brasil y la llegada al gobierno de Bolsonaro, sentiste que ten\u00edas que decir otras cosas, que tambi\u00e9n ten\u00edas que hablar del miedo:<\/strong><\/p>\n<p>Nosotros somos todos un poco consecuencia de donde estamos o venimos, ciertas cosas son muy grandes, son mayores que nosotros. Antes de Bolsonaro, el disco <strong>\u201cBeleza e Medo\u201d<\/strong> ya preve\u00eda la situaci\u00f3n que estaba pasando. Recuerdo empezar el disco, un disco sobre la belleza y, de a poco, este repertorio ir ganando esas letras que me empezaron a salir. Zelia me envi\u00f3 una canci\u00f3n, una letra llamada \u201cMiedo del Miedo\u201d, porque est\u00e1bamos hablando de eso, miedo de lo que ven\u00eda.<\/p>\n<p>Carlos Geno, un poeta de San Pablo, me regal\u00f3 una letra incre\u00edble: \u201cNing\u00fan derecho a menos\u201d. Esta es una letra de \u00e9l, muy sociopol\u00edtica. Nunca antes hab\u00eda grabado algo tan directo. Yo siempre soy muy metaf\u00f3rico en mis letras. Zelia tambi\u00e9n. Somos de una poes\u00eda fluctuante; somos de la turna de Carlinhos Brown, Jorge Ben y Arnaldo Antunes.<\/p>\n<p>Todos lidian con las letras como un juego, cada uno a su manera. Zelia y yo tambi\u00e9n tenemos esa cosa con las palabras.<\/p>\n<p>Yo marqu\u00e9 siempre mi posici\u00f3n en estos 4 a\u00f1os en los conciertos y despu\u00e9s en aislamiento por la pandemia; siempre estuvo claro en las redes. Pero Zelia es casi una humillaci\u00f3n porque ella es una militante incansable de todos los d\u00edas.<\/p>\n<p>Es muy lindo el momento en el que estamos llegando a Montevideo, despu\u00e9s de las elecciones en Brasil: hay un alivio extremo, una esperanza, hay una vida nueva. Nada es perfecto, pero est\u00e1bamos viviendo una extrema maldad. No estaba bien por todas las razones que el mundo ya sabe. Y ahora vamos a volver a una cierta normalidad. La normalidad es continuar luchando por m\u00e1s y m\u00e1s; tenemos mucha cosa para arreglar.<\/p>\n<p>Es bueno volver a la normalidad de saber que tenemos respuesta de las cosas a nivel consensual, general. Todo esto se refleja en la alegr\u00eda interna en el escenario. Estas cosas transbordan y yo no he hecho ning\u00fan concierto con Zelia despu\u00e9s de las elecciones. Van a haber dos en Brasil, en Natal y Recife, dos ciudades del nordeste, el lugar brasilero m\u00e1s importante de esta elecci\u00f3n. Fue realmente quien gan\u00f3 esta elecci\u00f3n, el nordeste. Y vamos all\u00e1 a agradecer y celebrarlo. De ah\u00ed, tres d\u00edas despu\u00e9s, estamos en Montevideo.<\/p>\n<p>Este concierto en Montevideo creo que va a ser inolvidable para nosotros. Poder hacer esta fiesta y dar este abrazo real y tambi\u00e9n metaf\u00f3rico en el escenario del Sol\u00eds. Estoy muy muy feliz.<\/p>\n<p><strong>En una entrevista que realizaste en otros medios mencionas que va a haber una sorpresa de Uruguay en el escenario, \u201cun impar\u201d.<\/strong><\/p>\n<p>Estoy trabajando con Miguel Bestard, uruguayo, guitarrista de la banda Snake. Ya hace unos 5 a\u00f1os estuvo de gira conmigo. Miguel es una s\u00edntesis de mis amigos uruguayos: un tipo muy bien educado, trata muy bien a la gente, tiene humor, tiene talento, seriedad y es muy buena gente. Un placer estar a su lado. Es un m\u00fasico espectacular.<\/p>\n<p>Cuando empezamos a ensayar con Zelia ella estaba con miedo de tocar la guitarra conmigo: piensa que no toca bien. Ella toca muy bien, pero estaba con miedo. Y le dije: \u201cZelia, voy a hacer una guitarra perfecta para cruzar con la tuya. No quiero tocar solo\u201d.<\/p>\n<p>Ella pensaba que pod\u00eda hacer mal alguna cosa, estaba preocupada en cantar bien, es muy profesional. Y pens\u00e9 que Miguel pod\u00eda ser una opci\u00f3n para abrazarla y funcion\u00f3 muy bien.<\/p>\n<p>Con Miguel ensay\u00e9 muchas veces, sin ella. Preparamos todo, escuchamos su guitarra grabada y nos arreglamos, y cuando ella lleg\u00f3 estaba todo listo para que ella tocara su guitarra. Ella piensa que es mala pero es espectacular y tres guitarras juntas, con nosotros tres cantando todo el tiempo nos sentimos como Crosby, Stills &amp; Nash, Joni Mitchell, James Taylor, Cat Stevens.<\/p>\n<p><strong>Los acompa\u00f1a alguien m\u00e1s en el escenario?:<\/strong><\/p>\n<p>Son tres guitarras. Contamos tambi\u00e9n con la direcci\u00f3n art\u00edstica y musical de un guitarrista incre\u00edble que se llama Rodrigo Suricato. Es el vocalista y guitarrista de la banda Barao Vermelho, una banda de rock muy famosa; era la banda de Cazuza. Muy talentoso. Toc\u00f3 conmigo algunos a\u00f1os como guitarrista. El nos ayud\u00f3 con los arreglos.<\/p>\n<p>Estamos utilizando guitarras muy diferentes. Son como 7 u 8 instrumentos: una guitarra bar\u00edtono, que es como un bajo (una guitarra tuneada a bajo), una guitarra con acero, normal, folk, una guitarra de cuerdas de nylon, una guitarra de 12 cuerdas, otra guitarra con Zelia y un ukelele. Y as\u00ed vamos tocando uno, tocando otro y cantando, es muy din\u00e1mico, muy hippie.<br \/>\nEl escenario tiene un detalle incre\u00edble. Cuando estuvimos haciendo la serie <strong>Tu casa es mi casa<\/strong> [1] con Pablo Casacuberta en Uruguay, en el episodio de R\u00edo de Janeiro Zelia fue la invitada. El artista visual que estaba invitado en la misma serie cre\u00f3 estos dibujos, estos tatuajes que quedaron como escenario.<\/p>\n<p><strong>Adem\u00e1s de esta gira, est\u00e1s con alg\u00fan otro proyecto?<\/strong><\/p>\n<p>Estoy haciendo una gira como solista, con dos guitarras construidas con madera rescatada del incendio del Museo Nacional de Brasil (R\u00edo de Janeiro, 2018). Fue un incendio terrible.<\/p>\n<p>Conoc\u00ed a un bombero que estuvo durante el incendio, Davi L\u00f3pes, que tiene por hobby construir guitarras ac\u00fasticas. El empez\u00f3 a usar las maderas recuperadas de los incendios que apagaba para construir sus guitarras. Tengo una guitarra de \u00e9l, de muy alta clase.<\/p>\n<p>Cuando el museo se estaba incendiando, \u00e9l estaba ah\u00ed como bombero; lo estaba apagando. Ah\u00ed tuvo la idea de hacer la misma cosa: tomar las maderas oficialmente, con todas las autorizaciones, y construir violines y guitarras para vender y ayudar al Museo. Juntamos un grupo de siete personas para realizar este sue\u00f1o incre\u00edble.<\/p>\n<p>Construy\u00f3 seis instrumentos: dos est\u00e1n conmigo en una gira.<\/p>\n<p>Hicimos un documental [2] con toda la historia, la retirada de las maderas y la construcci\u00f3n de los instrumentos. Yo estoy en la gira con este documental y canto y hago el concierto con estas dos guitarras incre\u00edbles. Empec\u00e9 en Portugal con 8 conciertos y ahora estoy de gira por Brasil.<\/p>\n<p>El documental est\u00e1 ganando muchos premios internacionales, m\u00e1s de 20. Es una historia muy linda, muy metaf\u00f3rica y muy emocionante. Mis letras y mis canciones ganaron nuevos sentidos.<\/p>\n<p><strong>Gracias por la entrevista, fue un placer conversar contigo. Nos vemos el primero de diciembre en el Teatro Sol\u00eds.<\/strong><\/p>\n<p>&nbsp;<\/p>\n<p><strong>Notas:<\/strong><br \/>\n[1] La serie <strong>Tu casa es mi casa<\/strong>, fue estrenada en HBO en 2021. Es producida por Santa Rita Filmes Brasil en coproducci\u00f3n con GEN Uruguay, con la supervisi\u00f3n art\u00edstica de Pablo Casacuberta y direcci\u00f3n de Paulinho Moska.<\/p>\n<p>&nbsp;<\/p>\n<p><iframe title=\"vimeo-player\" src=\"https:\/\/player.vimeo.com\/video\/512206260?h=737ecef6b1\" allowfullscreen=\"allowfullscreen\" width=\"100%\" height=\"560\" frameborder=\"0\"><span style=\"display: inline-block; width: 0px; overflow: hidden; line-height: 0;\" data-mce-type=\"bookmark\" class=\"mce_SELRES_start\">\ufeff<\/span><\/iframe><\/p>\n<p>&nbsp;<\/p>\n<p><a href=\"https:\/\/fcd.ort.edu.uy\/novedades\/tu-casa-es-mi-casa-las-ideas-de-un-continente-vivo\" target=\"_blank\" rel=\"noopener\">https:\/\/fcd.ort.edu.uy\/novedades\/tu-casa-es-mi-casa-las-ideas-de-un-continente-vivo<\/a><\/p>\n<p>&nbsp;<\/p>\n<p>[2] El documental narra la historia de los instrumentos que confeccion\u00f3 Davi Lopes con los destrozos del incendio del Museo Nacional de Brasil, el museo m\u00e1s antiguo de Brasil, que destruy\u00f3 la mayor parte de sus colecciones en 2018. Los instrumentos est\u00e1n provisionalmente en manos de los m\u00fasicos que apoyaron el proyecto, como Gilberto Gil, Paulinho da Viola, Hamilton de Holanda y Paulinho Moska. Cuando termine la reconstrucci\u00f3n del museo, ser\u00e1n expuestos como piezas del museo como instrumentos representativos de los diferentes ritmos<br \/>\nmusicales de Brasil.<\/p>\n<p>&nbsp;<\/p>\n<p><iframe style=\"border: none; overflow: hidden;\" src=\"https:\/\/www.facebook.com\/plugins\/video.php?height=314&amp;href=https%3A%2F%2Fwww.facebook.com%2FGloboNews%2Fvideos%2F395262141965561%2F&amp;show_text=false&amp;width=560&amp;t=0\" scrolling=\"no\" allowfullscreen=\"allowfullscreen\" width=\"100%\" height=\"514\" frameborder=\"0\"><span style=\"display: inline-block; width: 0px; overflow: hidden; line-height: 0;\" data-mce-type=\"bookmark\" class=\"mce_SELRES_start\">\ufeff<\/span><span style=\"display: inline-block; width: 0px; overflow: hidden; line-height: 0;\" data-mce-type=\"bookmark\" class=\"mce_SELRES_start\">\ufeff<\/span><\/iframe><\/p>\n<p>&nbsp;<\/p>\n<p><a href=\"https:\/\/www.facebook.com\/GloboNews\/videos\/document%C3%A1rio-f%C3%AAnix-o-voode-davi-na-globonews\/395262141965561\/\" target=\"_blank\" rel=\"noopener\">https:\/\/www.facebook.com\/GloboNews\/videos\/document%C3%A1rio-f%C3%AAnix-o-voode-davi-na-globonews\/395262141965561\/<\/a><\/p>\n<p>&nbsp;<\/p>\n<p>&nbsp;<\/p>\n<p><strong>Sitio web oficial:<\/strong><br \/>\n<a href=\"http:\/\/paulinhomoska.com.br\/site\/\" target=\"_blank\" rel=\"noopener\">paulinhomoska.com.br<\/a><br \/>\n<a href=\"http:\/\/www.zeliaduncan.com.br\/\" target=\"_blank\" rel=\"noopener\">zeliaduncan.com.br<\/a><\/p>\n<p>&nbsp;<\/p>\n<p>&nbsp;<\/p>\n","protected":false},"excerpt":{"rendered":"<p>El pr\u00f3ximo 1 de diciembre 2022 se presenta en el Teatro Sol\u00eds el cantante, compositor y m\u00fasico brasile\u00f1o Paulinho Moska, junto a la cantautora brasile\u00f1a Zelia Duncan, con el espect\u00e1culo \u201cUm Par Impar\u201d. Paulinho Moska y Zelia Duncan, \u201cparceros\u201d y amigos de casi 30 a\u00f1os, se juntan por primera vez en un espect\u00e1culo en el [&hellip;]<\/p>\n","protected":false},"author":188,"featured_media":86223,"comment_status":"closed","ping_status":"closed","sticky":false,"template":"","format":"standard","meta":{"om_disable_all_campaigns":false,"ngg_post_thumbnail":0,"jnews-multi-image_gallery":[],"jnews_single_post":{"subtitle":"Conversamos con Paulinho sobre la gira que est\u00e1n realizando","format":"standard","video":"","gallery":"","source_name":"","source_url":"","via_name":"","via_url":"","override_template":"0","override":[{"template":"1","single_blog_custom":"","parallax":"1","fullscreen":"1","layout":"right-sidebar","sidebar":"default-sidebar","second_sidebar":"default-sidebar","sticky_sidebar":"1","share_position":"top","share_float_style":"share-monocrhome","show_share_counter":"1","show_view_counter":"1","show_featured":"1","show_post_meta":"1","show_post_author":"1","show_post_author_image":"1","show_post_date":"1","post_date_format":"default","post_date_format_custom":"Y\/m\/d","show_post_category":"1","show_post_reading_time":"0","post_reading_time_wpm":"300","show_zoom_button":"0","zoom_button_out_step":"2","zoom_button_in_step":"3","show_post_tag":"1","show_prev_next_post":"1","show_popup_post":"1","number_popup_post":"1","show_author_box":"0","show_post_related":"0","show_inline_post_related":"0"}],"override_image_size":"0","image_override":[{"single_post_thumbnail_size":"crop-500","single_post_gallery_size":"crop-500"}],"trending_post":"0","trending_post_position":"meta","trending_post_label":"Trending","sponsored_post":"0","sponsored_post_label":"Sponsored by","sponsored_post_name":"","sponsored_post_url":"","sponsored_post_logo_enable":"0","sponsored_post_logo":"","sponsored_post_desc":""},"jnews_primary_category":{"id":""},"jnews_social_meta":{"fb_title":"","fb_description":"","fb_image":"","twitter_title":"","twitter_description":"","twitter_image":""},"jnews_override_counter":{"override_view_counter":"0","view_counter_number":"0","override_share_counter":"0","share_counter_number":"0","override_like_counter":"0","like_counter_number":"0","override_dislike_counter":"0","dislike_counter_number":"0"},"footnotes":""},"categories":[59],"tags":[4387,92,18391,17407],"class_list":["post-86222","post","type-post","status-publish","format-standard","has-post-thumbnail","hentry","category-musicos","tag-paulinho-moska","tag-teatro-solis","tag-um-par-impar","tag-zelia-duncan"],"yoast_head":"<!-- This site is optimized with the Yoast SEO plugin v27.5 - https:\/\/yoast.com\/product\/yoast-seo-wordpress\/ -->\n<title>Paulinho Moska y Zelia Duncan: \u201cUm par impar\u201d - Cooltivarte Portal<\/title>\n<meta name=\"description\" content=\"Paulinho Moska y Zelia Duncan, \u201cparceros\u201d y amigos de casi 30 a\u00f1os, se juntan por primera vez en un espect\u00e1culo en el que recorren temas propios y de otros autores. Con motivo de su presentaci\u00f3n en Uruguay, lo entrevistamos para conversar sobre la gira que est\u00e1n realizando en Brasil y el espect\u00e1culo que ofrecer\u00e1n en nuestro pa\u00eds.\" \/>\n<meta name=\"robots\" content=\"index, follow, max-snippet:-1, max-image-preview:large, max-video-preview:-1\" \/>\n<link rel=\"canonical\" href=\"https:\/\/cooltivarte.com\/portal\/paulinho-moska-y-zelia-duncan-um-par-impar\/\" \/>\n<meta property=\"og:locale\" content=\"es_ES\" \/>\n<meta property=\"og:type\" content=\"article\" \/>\n<meta property=\"og:title\" content=\"Paulinho Moska y Zelia Duncan: \u201cUm par impar\u201d Conversamos con Paulinho sobre la gira que est\u00e1n realizando por Rossana Gaudioso\" \/>\n<meta property=\"og:description\" content=\"Paulinho Moska y Zelia Duncan, \u201cparceros\u201d y amigos de casi 30 a\u00f1os, se juntan por primera vez en un espect\u00e1culo en el que recorren temas propios y de otros autores. Con motivo de su presentaci\u00f3n en Uruguay, lo entrevistamos para conversar sobre la gira que est\u00e1n realizando en Brasil y el espect\u00e1culo que ofrecer\u00e1n en nuestro pa\u00eds.\" \/>\n<meta property=\"og:url\" content=\"https:\/\/cooltivarte.com\/portal\/paulinho-moska-y-zelia-duncan-um-par-impar\/\" \/>\n<meta property=\"og:site_name\" content=\"Cooltivarte Portal\" \/>\n<meta property=\"article:publisher\" content=\"https:\/\/www.facebook.com\/cooltivartecom\/\" \/>\n<meta property=\"article:author\" content=\"https:\/\/www.facebook.com\/rossana.gaudioso\" \/>\n<meta property=\"article:published_time\" content=\"2022-11-18T16:47:04+00:00\" \/>\n<meta property=\"article:modified_time\" content=\"2022-11-18T17:11:35+00:00\" \/>\n<meta property=\"og:image\" content=\"https:\/\/cooltivarte.com\/portal\/wp-content\/uploads\/2022\/11\/Paulinho-Moska-y-Zelia-Duncan-Foto-Marcos-Hermes.jpg\" \/>\n\t<meta property=\"og:image:width\" content=\"572\" \/>\n\t<meta property=\"og:image:height\" content=\"370\" \/>\n\t<meta property=\"og:image:type\" content=\"image\/jpeg\" \/>\n<meta name=\"author\" content=\"Rossana Gaudioso\" \/>\n<meta name=\"twitter:card\" content=\"summary_large_image\" \/>\n<meta name=\"twitter:title\" content=\"Paulinho Moska y Zelia Duncan: \u201cUm par impar\u201d Conversamos con Paulinho sobre la gira que est\u00e1n realizando por Rossana Gaudioso\" \/>\n<meta name=\"twitter:description\" content=\"Paulinho Moska y Zelia Duncan, \u201cparceros\u201d y amigos de casi 30 a\u00f1os, se juntan por primera vez en un espect\u00e1culo en el que recorren temas propios y de otros autores. Con motivo de su presentaci\u00f3n en Uruguay, lo entrevistamos para conversar sobre la gira que est\u00e1n realizando en Brasil y el espect\u00e1culo que ofrecer\u00e1n en nuestro pa\u00eds.\" \/>\n<meta name=\"twitter:image\" content=\"https:\/\/cooltivarte.com\/portal\/wp-content\/uploads\/2022\/11\/Paulinho-Moska-y-Zelia-Duncan-Foto-Marcos-Hermes.jpg\" \/>\n<meta name=\"twitter:creator\" content=\"@https:\/\/x.com\/obolocultural\" \/>\n<meta name=\"twitter:site\" content=\"@obolocultural\" \/>\n<meta name=\"twitter:label1\" content=\"Escrito por\" \/>\n\t<meta name=\"twitter:data1\" content=\"Rossana Gaudioso\" \/>\n\t<meta name=\"twitter:label2\" content=\"Tiempo de lectura\" \/>\n\t<meta name=\"twitter:data2\" content=\"10 minutos\" \/>\n<!-- \/ Yoast SEO plugin. -->","yoast_head_json":{"title":"Paulinho Moska y Zelia Duncan: \u201cUm par impar\u201d - Cooltivarte Portal","description":"Paulinho Moska y Zelia Duncan, \u201cparceros\u201d y amigos de casi 30 a\u00f1os, se juntan por primera vez en un espect\u00e1culo en el que recorren temas propios y de otros autores. Con motivo de su presentaci\u00f3n en Uruguay, lo entrevistamos para conversar sobre la gira que est\u00e1n realizando en Brasil y el espect\u00e1culo que ofrecer\u00e1n en nuestro pa\u00eds.","robots":{"index":"index","follow":"follow","max-snippet":"max-snippet:-1","max-image-preview":"max-image-preview:large","max-video-preview":"max-video-preview:-1"},"canonical":"https:\/\/cooltivarte.com\/portal\/paulinho-moska-y-zelia-duncan-um-par-impar\/","og_locale":"es_ES","og_type":"article","og_title":"Paulinho Moska y Zelia Duncan: \u201cUm par impar\u201d Conversamos con Paulinho sobre la gira que est\u00e1n realizando por Rossana Gaudioso","og_description":"Paulinho Moska y Zelia Duncan, \u201cparceros\u201d y amigos de casi 30 a\u00f1os, se juntan por primera vez en un espect\u00e1culo en el que recorren temas propios y de otros autores. Con motivo de su presentaci\u00f3n en Uruguay, lo entrevistamos para conversar sobre la gira que est\u00e1n realizando en Brasil y el espect\u00e1culo que ofrecer\u00e1n en nuestro pa\u00eds.","og_url":"https:\/\/cooltivarte.com\/portal\/paulinho-moska-y-zelia-duncan-um-par-impar\/","og_site_name":"Cooltivarte Portal","article_publisher":"https:\/\/www.facebook.com\/cooltivartecom\/","article_author":"https:\/\/www.facebook.com\/rossana.gaudioso","article_published_time":"2022-11-18T16:47:04+00:00","article_modified_time":"2022-11-18T17:11:35+00:00","og_image":[{"width":572,"height":370,"url":"https:\/\/cooltivarte.com\/portal\/wp-content\/uploads\/2022\/11\/Paulinho-Moska-y-Zelia-Duncan-Foto-Marcos-Hermes.jpg","type":"image\/jpeg"}],"author":"Rossana Gaudioso","twitter_card":"summary_large_image","twitter_title":"Paulinho Moska y Zelia Duncan: \u201cUm par impar\u201d Conversamos con Paulinho sobre la gira que est\u00e1n realizando por Rossana Gaudioso","twitter_description":"Paulinho Moska y Zelia Duncan, \u201cparceros\u201d y amigos de casi 30 a\u00f1os, se juntan por primera vez en un espect\u00e1culo en el que recorren temas propios y de otros autores. Con motivo de su presentaci\u00f3n en Uruguay, lo entrevistamos para conversar sobre la gira que est\u00e1n realizando en Brasil y el espect\u00e1culo que ofrecer\u00e1n en nuestro pa\u00eds.","twitter_image":"https:\/\/cooltivarte.com\/portal\/wp-content\/uploads\/2022\/11\/Paulinho-Moska-y-Zelia-Duncan-Foto-Marcos-Hermes.jpg","twitter_creator":"@https:\/\/x.com\/obolocultural","twitter_site":"@obolocultural","twitter_misc":{"Escrito por":"Rossana Gaudioso","Tiempo de lectura":"10 minutos"},"schema":{"@context":"https:\/\/schema.org","@graph":[{"@type":"NewsArticle","@id":"https:\/\/cooltivarte.com\/portal\/paulinho-moska-y-zelia-duncan-um-par-impar\/#article","isPartOf":{"@id":"https:\/\/cooltivarte.com\/portal\/paulinho-moska-y-zelia-duncan-um-par-impar\/"},"author":{"name":"Rossana Gaudioso","@id":"https:\/\/cooltivarte.com\/portal\/#\/schema\/person\/1f39e68acf3c75ff28f978d85dab9f52"},"headline":"Paulinho Moska y Zelia Duncan: \u201cUm par impar\u201d","datePublished":"2022-11-18T16:47:04+00:00","dateModified":"2022-11-18T17:11:35+00:00","mainEntityOfPage":{"@id":"https:\/\/cooltivarte.com\/portal\/paulinho-moska-y-zelia-duncan-um-par-impar\/"},"wordCount":2119,"publisher":{"@id":"https:\/\/cooltivarte.com\/portal\/#organization"},"image":{"@id":"https:\/\/cooltivarte.com\/portal\/paulinho-moska-y-zelia-duncan-um-par-impar\/#primaryimage"},"thumbnailUrl":"https:\/\/cooltivarte.com\/portal\/wp-content\/uploads\/2022\/11\/Paulinho-Moska-y-Zelia-Duncan-Foto-Marcos-Hermes.jpg","keywords":["Paulinho Moska","Teatro Solis","Um Par Impar","Z\u00c9LIA DUNCAN"],"articleSection":["M\u00fasica"],"inLanguage":"es-AR"},{"@type":"WebPage","@id":"https:\/\/cooltivarte.com\/portal\/paulinho-moska-y-zelia-duncan-um-par-impar\/","url":"https:\/\/cooltivarte.com\/portal\/paulinho-moska-y-zelia-duncan-um-par-impar\/","name":"Paulinho Moska y Zelia Duncan: \u201cUm par impar\u201d - Cooltivarte Portal","isPartOf":{"@id":"https:\/\/cooltivarte.com\/portal\/#website"},"primaryImageOfPage":{"@id":"https:\/\/cooltivarte.com\/portal\/paulinho-moska-y-zelia-duncan-um-par-impar\/#primaryimage"},"image":{"@id":"https:\/\/cooltivarte.com\/portal\/paulinho-moska-y-zelia-duncan-um-par-impar\/#primaryimage"},"thumbnailUrl":"https:\/\/cooltivarte.com\/portal\/wp-content\/uploads\/2022\/11\/Paulinho-Moska-y-Zelia-Duncan-Foto-Marcos-Hermes.jpg","datePublished":"2022-11-18T16:47:04+00:00","dateModified":"2022-11-18T17:11:35+00:00","description":"Paulinho Moska y Zelia Duncan, \u201cparceros\u201d y amigos de casi 30 a\u00f1os, se juntan por primera vez en un espect\u00e1culo en el que recorren temas propios y de otros autores. Con motivo de su presentaci\u00f3n en Uruguay, lo entrevistamos para conversar sobre la gira que est\u00e1n realizando en Brasil y el espect\u00e1culo que ofrecer\u00e1n en nuestro pa\u00eds.","breadcrumb":{"@id":"https:\/\/cooltivarte.com\/portal\/paulinho-moska-y-zelia-duncan-um-par-impar\/#breadcrumb"},"inLanguage":"es-AR","potentialAction":[{"@type":"ReadAction","target":["https:\/\/cooltivarte.com\/portal\/paulinho-moska-y-zelia-duncan-um-par-impar\/"]}]},{"@type":"ImageObject","inLanguage":"es-AR","@id":"https:\/\/cooltivarte.com\/portal\/paulinho-moska-y-zelia-duncan-um-par-impar\/#primaryimage","url":"https:\/\/cooltivarte.com\/portal\/wp-content\/uploads\/2022\/11\/Paulinho-Moska-y-Zelia-Duncan-Foto-Marcos-Hermes.jpg","contentUrl":"https:\/\/cooltivarte.com\/portal\/wp-content\/uploads\/2022\/11\/Paulinho-Moska-y-Zelia-Duncan-Foto-Marcos-Hermes.jpg","width":572,"height":370,"caption":"Paulinho Moska y Zelia Duncan - Foto Marcos Hermes"},{"@type":"BreadcrumbList","@id":"https:\/\/cooltivarte.com\/portal\/paulinho-moska-y-zelia-duncan-um-par-impar\/#breadcrumb","itemListElement":[{"@type":"ListItem","position":1,"name":"Portada","item":"https:\/\/cooltivarte.com\/portal\/"},{"@type":"ListItem","position":2,"name":"Paulinho Moska y Zelia Duncan: \u201cUm par impar\u201d"}]},{"@type":"WebSite","@id":"https:\/\/cooltivarte.com\/portal\/#website","url":"https:\/\/cooltivarte.com\/portal\/","name":"Cooltivarte Portal","description":"Arte, cultura y turismo para el mundo ...","publisher":{"@id":"https:\/\/cooltivarte.com\/portal\/#organization"},"potentialAction":[{"@type":"SearchAction","target":{"@type":"EntryPoint","urlTemplate":"https:\/\/cooltivarte.com\/portal\/?s={search_term_string}"},"query-input":{"@type":"PropertyValueSpecification","valueRequired":true,"valueName":"search_term_string"}}],"inLanguage":"es-AR"},{"@type":"Organization","@id":"https:\/\/cooltivarte.com\/portal\/#organization","name":"cooltivarte","url":"https:\/\/cooltivarte.com\/portal\/","logo":{"@type":"ImageObject","inLanguage":"es-AR","@id":"https:\/\/cooltivarte.com\/portal\/#\/schema\/logo\/image\/","url":"https:\/\/cooltivarte.com\/portal\/wp-content\/uploads\/2020\/04\/logo-cooltivarte-v2.png","contentUrl":"https:\/\/cooltivarte.com\/portal\/wp-content\/uploads\/2020\/04\/logo-cooltivarte-v2.png","width":851,"height":243,"caption":"cooltivarte"},"image":{"@id":"https:\/\/cooltivarte.com\/portal\/#\/schema\/logo\/image\/"},"sameAs":["https:\/\/www.facebook.com\/cooltivartecom\/","https:\/\/x.com\/obolocultural","https:\/\/www.instagram.com\/_cooltivarte_\/","https:\/\/www.linkedin.com\/company\/-bolocultural?reportsuccess=8zaNG1HwhPbAR9iQhZ5rfGeqz_vQFftHun0ZWU0Wy9vNemRJ8vtcKdJvzQfW8XagyOJSKg0XvfJ1dp","https:\/\/www.pinterest.com\/cooltivarte\/","https:\/\/cooltivarte.tumblr.com\/","https:\/\/www.tiktok.com\/@cooltivarte","https:\/\/www.youtube.com\/@PrensaCooltivarte"]},{"@type":"Person","@id":"https:\/\/cooltivarte.com\/portal\/#\/schema\/person\/1f39e68acf3c75ff28f978d85dab9f52","name":"Rossana Gaudioso","image":{"@type":"ImageObject","inLanguage":"es-AR","@id":"https:\/\/cooltivarte.com\/portal\/wp-content\/uploads\/2022\/03\/Foto-perfil-R-Gaudioso-120x120.jpg","url":"https:\/\/cooltivarte.com\/portal\/wp-content\/uploads\/2022\/03\/Foto-perfil-R-Gaudioso-120x120.jpg","contentUrl":"https:\/\/cooltivarte.com\/portal\/wp-content\/uploads\/2022\/03\/Foto-perfil-R-Gaudioso-120x120.jpg","caption":"Rossana Gaudioso"},"description":"Rossana Gaudioso (Montevideo, Uruguay) Soy economista, egresada de la Universidad de la Rep\u00fablica de Uruguay y Master en \u201cEconom\u00eda y Pol\u00edtica Energ\u00e9tica y Ambiental\u201d (Argentina) y me especializo en temas ambientales y de econom\u00eda del cambio clim\u00e1tico. Comenc\u00e9 mis estudios de fotograf\u00eda en los talleres de Fede Ruiz Santesteban y m\u00e1s adelante en la Escuela de Cine del Uruguay donde me form\u00e9 en el \u00e1rea documental. He realizado diversos talleres en Fotoclub Uruguayo y m\u00e1s recientemente en los talleres que dicta Subcooperativa de Fot\u00f3grafos de Buenos Aires.","sameAs":["https:\/\/www.facebook.com\/rossana.gaudioso","https:\/\/www.instagram.com\/rossana.gaudioso\/","https:\/\/www.linkedin.com\/in\/rossana-gaudioso-6220b937\/","https:\/\/www.pinterest.com\/cooltivarte","https:\/\/x.com\/https:\/\/x.com\/obolocultural","https:\/\/www.youtube.com\/@PrensaCooltivarte","https:\/\/www.tumblr.com\/blog\/cooltivarte"],"url":"https:\/\/cooltivarte.com\/portal\/author\/rossana-gaudioso\/"}]}},"_links":{"self":[{"href":"https:\/\/cooltivarte.com\/portal\/wp-json\/wp\/v2\/posts\/86222","targetHints":{"allow":["GET"]}}],"collection":[{"href":"https:\/\/cooltivarte.com\/portal\/wp-json\/wp\/v2\/posts"}],"about":[{"href":"https:\/\/cooltivarte.com\/portal\/wp-json\/wp\/v2\/types\/post"}],"author":[{"embeddable":true,"href":"https:\/\/cooltivarte.com\/portal\/wp-json\/wp\/v2\/users\/188"}],"replies":[{"embeddable":true,"href":"https:\/\/cooltivarte.com\/portal\/wp-json\/wp\/v2\/comments?post=86222"}],"version-history":[{"count":7,"href":"https:\/\/cooltivarte.com\/portal\/wp-json\/wp\/v2\/posts\/86222\/revisions"}],"predecessor-version":[{"id":86231,"href":"https:\/\/cooltivarte.com\/portal\/wp-json\/wp\/v2\/posts\/86222\/revisions\/86231"}],"wp:featuredmedia":[{"embeddable":true,"href":"https:\/\/cooltivarte.com\/portal\/wp-json\/wp\/v2\/media\/86223"}],"wp:attachment":[{"href":"https:\/\/cooltivarte.com\/portal\/wp-json\/wp\/v2\/media?parent=86222"}],"wp:term":[{"taxonomy":"category","embeddable":true,"href":"https:\/\/cooltivarte.com\/portal\/wp-json\/wp\/v2\/categories?post=86222"},{"taxonomy":"post_tag","embeddable":true,"href":"https:\/\/cooltivarte.com\/portal\/wp-json\/wp\/v2\/tags?post=86222"}],"curies":[{"name":"wp","href":"https:\/\/api.w.org\/{rel}","templated":true}]}}