{"id":86187,"date":"2022-11-17T10:10:10","date_gmt":"2022-11-17T13:10:10","guid":{"rendered":"https:\/\/cooltivarte.com\/portal\/?p=86187"},"modified":"2023-08-14T11:22:39","modified_gmt":"2023-08-14T14:22:39","slug":"vivir-sin-filosofia","status":"publish","type":"post","link":"https:\/\/cooltivarte.com\/portal\/vivir-sin-filosofia\/","title":{"rendered":"Vivir sin filosof\u00eda"},"content":{"rendered":"<figure id=\"attachment_86188\" aria-describedby=\"caption-attachment-86188\" style=\"width: 1200px\" class=\"wp-caption aligncenter\"><img fetchpriority=\"high\" decoding=\"async\" class=\"wp-image-86188 size-full\" title=\"Biblioteca de filosof\u00eda - Libreria Mundos Invisibles - Foro Federico Meneses\" src=\"https:\/\/cooltivarte.com\/portal\/wp-content\/uploads\/2022\/11\/biblioteca-de-filosofia-libreria-mundos-invisibles-Foro-Federico-Meneses.jpg\" alt=\"biblioteca-de-filosofia---libreria-mundos-invisibles---Foro-Federico-Meneses\" width=\"1200\" height=\"900\" srcset=\"https:\/\/cooltivarte.com\/portal\/wp-content\/uploads\/2022\/11\/biblioteca-de-filosofia-libreria-mundos-invisibles-Foro-Federico-Meneses.jpg 1200w, https:\/\/cooltivarte.com\/portal\/wp-content\/uploads\/2022\/11\/biblioteca-de-filosofia-libreria-mundos-invisibles-Foro-Federico-Meneses-300x225.jpg 300w, https:\/\/cooltivarte.com\/portal\/wp-content\/uploads\/2022\/11\/biblioteca-de-filosofia-libreria-mundos-invisibles-Foro-Federico-Meneses-1024x768.jpg 1024w, https:\/\/cooltivarte.com\/portal\/wp-content\/uploads\/2022\/11\/biblioteca-de-filosofia-libreria-mundos-invisibles-Foro-Federico-Meneses-768x576.jpg 768w\" sizes=\"(max-width: 1200px) 100vw, 1200px\" \/><figcaption id=\"caption-attachment-86188\" class=\"wp-caption-text\">Biblioteca de filosof\u00eda &#8211; Libreria Mundos Invisibles &#8211; Foro Federico Meneses<\/figcaption><\/figure>\n<p><strong>Nuestro ocio no deber\u00eda ser \u00fanicamente tiempo de reponer las fuerzas y recargar las pilas para continuar produciendo, sino una oportunidad para desarrollar las actividades que nos hacen crecer como personas<\/strong><\/p>\n<p>El 17 de noviembre celebramos el <strong>D\u00eda Mundial de la Filosof\u00eda<\/strong>, un arte que el mercado cuestiona continuamente por su falta de productividad. No deber\u00eda resultarnos extra\u00f1o que, bajo condiciones capitalistas, la econom\u00eda pretenda tomar el lugar de la filosof\u00eda. Con ello, el ciudadano se olvida de la pregunta de c\u00f3mo se ha de vivir para preocuparse solo de obtener los medios que le proporciona el sistema. La consecuencia l\u00f3gica de una producci\u00f3n masiva es un consumo masivo que se traduce en una reducci\u00f3n progresiva del tiempo libre, es decir, el tiempo del hombre libre.<\/p>\n<p>La vida humana es, sobre todo, ocio, y el ocio no es descanso, ni mucho menos consumo. Los cl\u00e1sicos usaban el t\u00e9rmino otium para referirse al tiempo en que uno se retiraba del negocio diario (nego-otium) para poder participar en las actividades que se consideraban valiosas en s\u00ed mismas e improductivas econ\u00f3micamente, porque en ellas no es posible el consumo: la pol\u00edtica, la escritura, la lectura, la ciencia, la filosof\u00eda, el arte, la amistad, el deporte, el amor, la conversaci\u00f3n, etc. Antes, el trabajo se defin\u00eda como la negaci\u00f3n del ocio; hoy, el ocio se define como el momento de no trabajo.<\/p>\n<p>Cuando Cesar oblig\u00f3 a Cicer\u00f3n a un periodo de inactividad, este us\u00f3 el tiempo de reclusi\u00f3n para lo que llam\u00f3 un otium cum dignitate, un \u00abocio digno\u00bb, un \u00abocio que merece la pena\u00bb, un cultivarse a uno mismo. No es un dato menor que, el mismo Cicer\u00f3n, cuando busc\u00f3 una traducci\u00f3n para la palabra griega filosof\u00eda, usar\u00e1 el t\u00e9rmino agr\u00edcola cultura con ese sentido de cultivar la humanidad. Nuestro ocio no deber\u00eda ser \u00fanicamente tiempo de reponer las fuerzas y recargar las pilas para continuar produciendo, sino una oportunidad para desarrollar las actividades que nos hacen crecer como personas y saborear intensamente los dones que la vida nos ofrece.<\/p>\n<p>Los ciudadanos atenienses fueron hombres de acci\u00f3n: inventaron la primera democracia de la historia, lideraron una liga de ciudades libres, crearon un emporio comercial y econ\u00f3mico, derrotaron al imperio m\u00e1s poderoso de la \u00e9poca, etc. Pero su pragmatismo y su intensa actividad no los ceg\u00f3. Todo lo contrario, se liberaron de la tiran\u00eda del tiempo y dispusieron de espacios y momentos para pensar, discernir, deliberar y dialogar con los suyos sobre los asuntos eternos.<\/p>\n<p>Una de las caracter\u00edsticas principales de los di\u00e1logos de Plat\u00f3n es la ausencia de tiempo. Sus personajes conversan y, en la mayor\u00eda de los casos, se ven sorprendidos por la ca\u00edda del sol. Plat\u00f3n parece estar queri\u00e9ndonos decir que, para actuar, es necesario pensar y para pensar es necesario parar. Pero la fren\u00e9tica forma de \u00abvivir para el trabajo\u00bb impide al ciudadano moderno parar y, con ello, pensar; as\u00ed, progresivamente, va perdiendo su poder de autodeterminaci\u00f3n y autogobierno.<\/p>\n<p>\u00bfSe puede vivir sin filosof\u00eda? Claro que s\u00ed, igual que se puede vivir sin arte, sin justicia, sin amor, sin belleza, sin amistad o sin verdad. La pregunta es si esa vida es digna de ser vivida.<\/p>\n<p>&nbsp;<\/p>\n<p>&nbsp;<\/p>\n<p>&nbsp;<\/p>\n","protected":false},"excerpt":{"rendered":"<p>Nuestro ocio no deber\u00eda ser \u00fanicamente tiempo de reponer las fuerzas y recargar las pilas para continuar produciendo, sino una oportunidad para desarrollar las actividades que nos hacen crecer como personas El 17 de noviembre celebramos el D\u00eda Mundial de la Filosof\u00eda, un arte que el mercado cuestiona continuamente por su falta de productividad. No [&hellip;]<\/p>\n","protected":false},"author":168,"featured_media":86188,"comment_status":"closed","ping_status":"closed","sticky":false,"template":"","format":"standard","meta":{"om_disable_all_campaigns":false,"ngg_post_thumbnail":0,"jnews-multi-image_gallery":[],"jnews_single_post":{"subtitle":"","format":"standard","video":"","gallery":"","source_name":"","source_url":"","via_name":"","via_url":"","override_template":"0","override":[{"template":"1","single_blog_custom":"","parallax":"1","fullscreen":"1","layout":"right-sidebar","sidebar":"default-sidebar","second_sidebar":"default-sidebar","sticky_sidebar":"1","share_position":"top","share_float_style":"share-monocrhome","show_share_counter":"1","show_view_counter":"1","show_featured":"1","show_post_meta":"1","show_post_author":"1","show_post_author_image":"1","show_post_date":"1","post_date_format":"default","post_date_format_custom":"Y\/m\/d","show_post_category":"1","show_post_reading_time":"0","post_reading_time_wpm":"300","show_zoom_button":"0","zoom_button_out_step":"2","zoom_button_in_step":"3","show_post_tag":"1","show_prev_next_post":"1","show_popup_post":"1","number_popup_post":"1","show_author_box":"0","show_post_related":"0","show_inline_post_related":"0"}],"override_image_size":"0","image_override":[{"single_post_thumbnail_size":"crop-500","single_post_gallery_size":"crop-500"}],"trending_post":"0","trending_post_position":"meta","trending_post_label":"Trending","sponsored_post":"0","sponsored_post_label":"Sponsored by","sponsored_post_name":"","sponsored_post_url":"","sponsored_post_logo_enable":"0","sponsored_post_logo":"","sponsored_post_desc":"","disable_ad":"0"},"jnews_primary_category":{"id":"","hide":""},"jnews_social_meta":{"fb_title":"","fb_description":"","fb_image":"","twitter_title":"","twitter_description":"","twitter_image":""},"jnews_override_counter":{"override_view_counter":"0","view_counter_number":"0","override_share_counter":"0","share_counter_number":"0","override_like_counter":"0","like_counter_number":"0","override_dislike_counter":"0","dislike_counter_number":"0"},"footnotes":""},"categories":[3384],"tags":[18368,968,20040],"class_list":["post-86187","post","type-post","status-publish","format-standard","has-post-thumbnail","hentry","category-educacion","tag-dia-mundial-de-la-filosofia","tag-filosofia","tag-se-puede-vivir-sin-filosofia"],"yoast_head":"<!-- This site is optimized with the Yoast SEO plugin v27.5 - https:\/\/yoast.com\/product\/yoast-seo-wordpress\/ -->\n<title>Vivir sin filosof\u00eda - Cooltivarte Portal<\/title>\n<meta name=\"description\" content=\"\u00bfSe puede vivir sin filosof\u00eda? Claro que s\u00ed, igual que se puede vivir sin arte, sin justicia, sin amor, sin belleza, sin amistad o sin verdad. La pregunta es si esa vida es digna de ser vivida.\" \/>\n<meta name=\"robots\" content=\"index, follow, max-snippet:-1, max-image-preview:large, max-video-preview:-1\" \/>\n<link rel=\"canonical\" href=\"https:\/\/cooltivarte.com\/portal\/vivir-sin-filosofia\/\" \/>\n<meta property=\"og:locale\" content=\"es_ES\" \/>\n<meta property=\"og:type\" content=\"article\" \/>\n<meta property=\"og:title\" content=\"Vivir sin filosof\u00eda por Eduardo Infante\" \/>\n<meta property=\"og:description\" content=\"\u00bfSe puede vivir sin filosof\u00eda? Claro que s\u00ed, igual que se puede vivir sin arte, sin justicia, sin amor, sin belleza, sin amistad o sin verdad. La pregunta es si esa vida es digna de ser vivida.\" \/>\n<meta property=\"og:url\" content=\"https:\/\/cooltivarte.com\/portal\/vivir-sin-filosofia\/\" \/>\n<meta property=\"og:site_name\" content=\"Cooltivarte Portal\" \/>\n<meta property=\"article:publisher\" content=\"https:\/\/www.facebook.com\/cooltivartecom\/\" \/>\n<meta property=\"article:author\" content=\"https:\/\/www.facebook.com\/cooltivartecom\/\" \/>\n<meta property=\"article:published_time\" content=\"2022-11-17T13:10:10+00:00\" \/>\n<meta property=\"article:modified_time\" content=\"2023-08-14T14:22:39+00:00\" \/>\n<meta property=\"og:image\" content=\"https:\/\/cooltivarte.com\/portal\/wp-content\/uploads\/2022\/11\/biblioteca-de-filosofia-libreria-mundos-invisibles-Foro-Federico-Meneses.jpg\" \/>\n\t<meta property=\"og:image:width\" content=\"1200\" \/>\n\t<meta property=\"og:image:height\" content=\"900\" \/>\n\t<meta property=\"og:image:type\" content=\"image\/jpeg\" \/>\n<meta name=\"author\" content=\"Eduardo Infante\" \/>\n<meta name=\"twitter:card\" content=\"summary_large_image\" \/>\n<meta name=\"twitter:title\" content=\"Vivir sin filosof\u00eda por Eduardo Infante\" \/>\n<meta name=\"twitter:description\" content=\"\u00bfSe puede vivir sin filosof\u00eda? Claro que s\u00ed, igual que se puede vivir sin arte, sin justicia, sin amor, sin belleza, sin amistad o sin verdad. La pregunta es si esa vida es digna de ser vivida.\" \/>\n<meta name=\"twitter:image\" content=\"https:\/\/cooltivarte.com\/portal\/wp-content\/uploads\/2022\/11\/biblioteca-de-filosofia-libreria-mundos-invisibles-Foro-Federico-Meneses.jpg\" \/>\n<meta name=\"twitter:creator\" content=\"@https:\/\/twitter.com\/eledututor\" \/>\n<meta name=\"twitter:site\" content=\"@obolocultural\" \/>\n<meta name=\"twitter:label1\" content=\"Escrito por\" \/>\n\t<meta name=\"twitter:data1\" content=\"Eduardo Infante\" \/>\n\t<meta name=\"twitter:label2\" content=\"Tiempo de lectura\" \/>\n\t<meta name=\"twitter:data2\" content=\"3 minutos\" \/>\n<!-- \/ Yoast SEO plugin. -->","yoast_head_json":{"title":"Vivir sin filosof\u00eda - Cooltivarte Portal","description":"\u00bfSe puede vivir sin filosof\u00eda? Claro que s\u00ed, igual que se puede vivir sin arte, sin justicia, sin amor, sin belleza, sin amistad o sin verdad. La pregunta es si esa vida es digna de ser vivida.","robots":{"index":"index","follow":"follow","max-snippet":"max-snippet:-1","max-image-preview":"max-image-preview:large","max-video-preview":"max-video-preview:-1"},"canonical":"https:\/\/cooltivarte.com\/portal\/vivir-sin-filosofia\/","og_locale":"es_ES","og_type":"article","og_title":"Vivir sin filosof\u00eda por Eduardo Infante","og_description":"\u00bfSe puede vivir sin filosof\u00eda? Claro que s\u00ed, igual que se puede vivir sin arte, sin justicia, sin amor, sin belleza, sin amistad o sin verdad. La pregunta es si esa vida es digna de ser vivida.","og_url":"https:\/\/cooltivarte.com\/portal\/vivir-sin-filosofia\/","og_site_name":"Cooltivarte Portal","article_publisher":"https:\/\/www.facebook.com\/cooltivartecom\/","article_author":"https:\/\/www.facebook.com\/cooltivartecom\/","article_published_time":"2022-11-17T13:10:10+00:00","article_modified_time":"2023-08-14T14:22:39+00:00","og_image":[{"width":1200,"height":900,"url":"https:\/\/cooltivarte.com\/portal\/wp-content\/uploads\/2022\/11\/biblioteca-de-filosofia-libreria-mundos-invisibles-Foro-Federico-Meneses.jpg","type":"image\/jpeg"}],"author":"Eduardo Infante","twitter_card":"summary_large_image","twitter_title":"Vivir sin filosof\u00eda por Eduardo Infante","twitter_description":"\u00bfSe puede vivir sin filosof\u00eda? Claro que s\u00ed, igual que se puede vivir sin arte, sin justicia, sin amor, sin belleza, sin amistad o sin verdad. La pregunta es si esa vida es digna de ser vivida.","twitter_image":"https:\/\/cooltivarte.com\/portal\/wp-content\/uploads\/2022\/11\/biblioteca-de-filosofia-libreria-mundos-invisibles-Foro-Federico-Meneses.jpg","twitter_creator":"@https:\/\/twitter.com\/eledututor","twitter_site":"@obolocultural","twitter_misc":{"Escrito por":"Eduardo Infante","Tiempo de lectura":"3 minutos"},"schema":{"@context":"https:\/\/schema.org","@graph":[{"@type":"NewsArticle","@id":"https:\/\/cooltivarte.com\/portal\/vivir-sin-filosofia\/#article","isPartOf":{"@id":"https:\/\/cooltivarte.com\/portal\/vivir-sin-filosofia\/"},"author":{"name":"Eduardo Infante","@id":"https:\/\/cooltivarte.com\/portal\/#\/schema\/person\/d2ead9679edf0dfbf044292ce2f9faeb"},"headline":"Vivir sin filosof\u00eda","datePublished":"2022-11-17T13:10:10+00:00","dateModified":"2023-08-14T14:22:39+00:00","mainEntityOfPage":{"@id":"https:\/\/cooltivarte.com\/portal\/vivir-sin-filosofia\/"},"wordCount":592,"publisher":{"@id":"https:\/\/cooltivarte.com\/portal\/#organization"},"image":{"@id":"https:\/\/cooltivarte.com\/portal\/vivir-sin-filosofia\/#primaryimage"},"thumbnailUrl":"https:\/\/cooltivarte.com\/portal\/wp-content\/uploads\/2022\/11\/biblioteca-de-filosofia-libreria-mundos-invisibles-Foro-Federico-Meneses.jpg","keywords":["D\u00eda Mundial de la Filosof\u00eda","Filosof\u00eda","\u00bfSe puede vivir sin filosof\u00eda?"],"articleSection":["Educaci\u00f3n"],"inLanguage":"es-AR"},{"@type":"WebPage","@id":"https:\/\/cooltivarte.com\/portal\/vivir-sin-filosofia\/","url":"https:\/\/cooltivarte.com\/portal\/vivir-sin-filosofia\/","name":"Vivir sin filosof\u00eda - Cooltivarte Portal","isPartOf":{"@id":"https:\/\/cooltivarte.com\/portal\/#website"},"primaryImageOfPage":{"@id":"https:\/\/cooltivarte.com\/portal\/vivir-sin-filosofia\/#primaryimage"},"image":{"@id":"https:\/\/cooltivarte.com\/portal\/vivir-sin-filosofia\/#primaryimage"},"thumbnailUrl":"https:\/\/cooltivarte.com\/portal\/wp-content\/uploads\/2022\/11\/biblioteca-de-filosofia-libreria-mundos-invisibles-Foro-Federico-Meneses.jpg","datePublished":"2022-11-17T13:10:10+00:00","dateModified":"2023-08-14T14:22:39+00:00","description":"\u00bfSe puede vivir sin filosof\u00eda? Claro que s\u00ed, igual que se puede vivir sin arte, sin justicia, sin amor, sin belleza, sin amistad o sin verdad. La pregunta es si esa vida es digna de ser vivida.","breadcrumb":{"@id":"https:\/\/cooltivarte.com\/portal\/vivir-sin-filosofia\/#breadcrumb"},"inLanguage":"es-AR","potentialAction":[{"@type":"ReadAction","target":["https:\/\/cooltivarte.com\/portal\/vivir-sin-filosofia\/"]}]},{"@type":"ImageObject","inLanguage":"es-AR","@id":"https:\/\/cooltivarte.com\/portal\/vivir-sin-filosofia\/#primaryimage","url":"https:\/\/cooltivarte.com\/portal\/wp-content\/uploads\/2022\/11\/biblioteca-de-filosofia-libreria-mundos-invisibles-Foro-Federico-Meneses.jpg","contentUrl":"https:\/\/cooltivarte.com\/portal\/wp-content\/uploads\/2022\/11\/biblioteca-de-filosofia-libreria-mundos-invisibles-Foro-Federico-Meneses.jpg","width":1200,"height":900,"caption":"biblioteca-de-filosofia---libreria-mundos-invisibles---Foro-Federico-Meneses"},{"@type":"BreadcrumbList","@id":"https:\/\/cooltivarte.com\/portal\/vivir-sin-filosofia\/#breadcrumb","itemListElement":[{"@type":"ListItem","position":1,"name":"Portada","item":"https:\/\/cooltivarte.com\/portal\/"},{"@type":"ListItem","position":2,"name":"Vivir sin filosof\u00eda"}]},{"@type":"WebSite","@id":"https:\/\/cooltivarte.com\/portal\/#website","url":"https:\/\/cooltivarte.com\/portal\/","name":"Cooltivarte Portal","description":"Arte, cultura y turismo para el mundo ...","publisher":{"@id":"https:\/\/cooltivarte.com\/portal\/#organization"},"potentialAction":[{"@type":"SearchAction","target":{"@type":"EntryPoint","urlTemplate":"https:\/\/cooltivarte.com\/portal\/?s={search_term_string}"},"query-input":{"@type":"PropertyValueSpecification","valueRequired":true,"valueName":"search_term_string"}}],"inLanguage":"es-AR"},{"@type":"Organization","@id":"https:\/\/cooltivarte.com\/portal\/#organization","name":"cooltivarte","url":"https:\/\/cooltivarte.com\/portal\/","logo":{"@type":"ImageObject","inLanguage":"es-AR","@id":"https:\/\/cooltivarte.com\/portal\/#\/schema\/logo\/image\/","url":"https:\/\/cooltivarte.com\/portal\/wp-content\/uploads\/2020\/04\/logo-cooltivarte-v2.png","contentUrl":"https:\/\/cooltivarte.com\/portal\/wp-content\/uploads\/2020\/04\/logo-cooltivarte-v2.png","width":851,"height":243,"caption":"cooltivarte"},"image":{"@id":"https:\/\/cooltivarte.com\/portal\/#\/schema\/logo\/image\/"},"sameAs":["https:\/\/www.facebook.com\/cooltivartecom\/","https:\/\/x.com\/obolocultural","https:\/\/www.instagram.com\/_cooltivarte_\/","https:\/\/www.linkedin.com\/company\/-bolocultural?reportsuccess=8zaNG1HwhPbAR9iQhZ5rfGeqz_vQFftHun0ZWU0Wy9vNemRJ8vtcKdJvzQfW8XagyOJSKg0XvfJ1dp","https:\/\/www.pinterest.com\/cooltivarte\/","https:\/\/cooltivarte.tumblr.com\/","https:\/\/www.tiktok.com\/@cooltivarte","https:\/\/www.youtube.com\/@PrensaCooltivarte"]},{"@type":"Person","@id":"https:\/\/cooltivarte.com\/portal\/#\/schema\/person\/d2ead9679edf0dfbf044292ce2f9faeb","name":"Eduardo Infante","image":{"@type":"ImageObject","inLanguage":"es-AR","@id":"https:\/\/cooltivarte.com\/portal\/wp-content\/uploads\/2021\/02\/eduardo-infante.jpg","url":"https:\/\/cooltivarte.com\/portal\/wp-content\/uploads\/2021\/02\/eduardo-infante.jpg","contentUrl":"https:\/\/cooltivarte.com\/portal\/wp-content\/uploads\/2021\/02\/eduardo-infante.jpg","caption":"Eduardo Infante"},"description":"Huelva, 1977. Estudi\u00f3 Humanidades en Universidad de Huelva y filosof\u00eda en la Universidad Pontificia de Salamanca. Veinte a\u00f1os de experiencia como docente impartiendo filosof\u00eda en bachillerato con m\u00e9todos nada convencionales: explica a Arist\u00f3teles paseando por el parque, invita a practicar el cinismo en las calles comerciales de la ciudad de Gij\u00f3n o narra el juicio a S\u00f3crates en un juzgado. Escritor en la editorial Ariel (Planeta). Autor del bestseller internacional Filosof\u00eda en la calle (publicado en Espa\u00f1a, M\u00e9xico, Colombia, Per\u00fa, China, Taiwan, entre otros). Colaborador habitual en medios de comunicaci\u00f3n: Cadena Ser, Diario El Mundo, La Nueva Espa\u00f1a, Radio Televisi\u00f3n Espa\u00f1ola, Filosof\u00eda&amp;Co. Asesor filos\u00f3fico del programa de televisi\u00f3n Qui\u00e9n educa a qui\u00e9n (RTVE). TED speaker . Colaborador en el programa Aprendemos Juntos de la Fundaci\u00f3n BBVA y El Pa\u00eds. Conferenciante. Divulgador de la filosof\u00eda en redes sociales a trav\u00e9s del proyecto #FiloReto","sameAs":["https:\/\/cooltivarte.com\/","https:\/\/www.facebook.com\/cooltivartecom\/","https:\/\/www.instagram.com\/eduardo_infante_filosofia\/","https:\/\/www.linkedin.com\/company\/-bolocultural","https:\/\/www.pinterest.com\/cooltivarte","https:\/\/x.com\/https:\/\/twitter.com\/eledututor","https:\/\/www.youtube.com\/@PrensaCooltivarte","https:\/\/www.tumblr.com\/blog\/cooltivarte"],"url":"https:\/\/cooltivarte.com\/portal\/author\/eduardo-infante\/"}]}},"_links":{"self":[{"href":"https:\/\/cooltivarte.com\/portal\/wp-json\/wp\/v2\/posts\/86187","targetHints":{"allow":["GET"]}}],"collection":[{"href":"https:\/\/cooltivarte.com\/portal\/wp-json\/wp\/v2\/posts"}],"about":[{"href":"https:\/\/cooltivarte.com\/portal\/wp-json\/wp\/v2\/types\/post"}],"author":[{"embeddable":true,"href":"https:\/\/cooltivarte.com\/portal\/wp-json\/wp\/v2\/users\/168"}],"replies":[{"embeddable":true,"href":"https:\/\/cooltivarte.com\/portal\/wp-json\/wp\/v2\/comments?post=86187"}],"version-history":[{"count":4,"href":"https:\/\/cooltivarte.com\/portal\/wp-json\/wp\/v2\/posts\/86187\/revisions"}],"predecessor-version":[{"id":86193,"href":"https:\/\/cooltivarte.com\/portal\/wp-json\/wp\/v2\/posts\/86187\/revisions\/86193"}],"wp:featuredmedia":[{"embeddable":true,"href":"https:\/\/cooltivarte.com\/portal\/wp-json\/wp\/v2\/media\/86188"}],"wp:attachment":[{"href":"https:\/\/cooltivarte.com\/portal\/wp-json\/wp\/v2\/media?parent=86187"}],"wp:term":[{"taxonomy":"category","embeddable":true,"href":"https:\/\/cooltivarte.com\/portal\/wp-json\/wp\/v2\/categories?post=86187"},{"taxonomy":"post_tag","embeddable":true,"href":"https:\/\/cooltivarte.com\/portal\/wp-json\/wp\/v2\/tags?post=86187"}],"curies":[{"name":"wp","href":"https:\/\/api.w.org\/{rel}","templated":true}]}}