{"id":85676,"date":"2022-10-29T17:10:48","date_gmt":"2022-10-29T20:10:48","guid":{"rendered":"https:\/\/cooltivarte.com\/portal\/?p=85676"},"modified":"2022-10-29T17:16:45","modified_gmt":"2022-10-29T20:16:45","slug":"sobre-vaz-ferreira-andrea-diaz-marcelo-bejar-horacio-bernardo-pablo-romero-y-jose-garchitorena","status":"publish","type":"post","link":"https:\/\/cooltivarte.com\/portal\/sobre-vaz-ferreira-andrea-diaz-marcelo-bejar-horacio-bernardo-pablo-romero-y-jose-garchitorena\/","title":{"rendered":"Sobre Vaz Ferreira: Andrea D\u00edaz, Marcelo B\u00e9jar, Horacio Bernardo, Pablo Romero y Jos\u00e9 Garchitorena"},"content":{"rendered":"<p><iframe title=\"YouTube video player\" src=\"https:\/\/www.youtube.com\/embed\/2YaU3Oke8Vs\" width=\"100%\" height=\"515\" frameborder=\"0\" allowfullscreen=\"allowfullscreen\"><span data-mce-type=\"bookmark\" style=\"display: inline-block; width: 0px; overflow: hidden; line-height: 0;\" class=\"mce_SELRES_start\">\ufeff<\/span><\/iframe><br \/>\n&nbsp;<\/p>\n<p>Exponiendo junto a colegas en Coloquio sobre &#8220;<em><strong><a href=\"https:\/\/cooltivarte.com\/portal\/?s=Vaz+Ferreira\" target=\"_blank\" rel=\"noopener\">Vaz Ferreira<\/a> y la libertad de pensar<\/strong><\/em>&#8220;, en el marco de la celebraci\u00f3n de los 150 a\u00f1os de nuestro principal fil\u00f3sofo.<\/p>\n<p>En mi caso, abordando (minuto 36 a 75) la relaci\u00f3n entre igualdad y libertad, la cr\u00edtica de Vaz a la desigualdad existente en la tendencia individualista, y su igualitarismo de base, planteos centrales de su obra &#8220;Sobre los problemas sociales&#8221;, a 100 a\u00f1os de su publicaci\u00f3n.<\/p>\n<p>Sobre Vaz Ferreira: <strong>Andrea D\u00edaz, Marcelo B\u00e9jar, Horacio Bernardo, Pablo Romero<\/strong> y <strong>Jos\u00e9 Garchitorena<\/strong><\/p>\n<p>&nbsp;<\/p>\n<p><a href=\"https:\/\/www.youtube.com\/user\/REVISTAONDA\" target=\"_blank\" rel=\"noopener\">Canal La ONDA digital<\/a><\/p>\n<p>&nbsp;<\/p>\n<p>&nbsp;<\/p>\n","protected":false},"excerpt":{"rendered":"<p>\ufeff &nbsp; Exponiendo junto a colegas en Coloquio sobre &#8220;Vaz Ferreira y la libertad de pensar&#8220;, en el marco de la celebraci\u00f3n de los 150 a\u00f1os de nuestro principal fil\u00f3sofo. En mi caso, abordando (minuto 36 a 75) la relaci\u00f3n entre igualdad y libertad, la cr\u00edtica de Vaz a la desigualdad existente en la tendencia [&hellip;]<\/p>\n","protected":false},"author":9,"featured_media":85677,"comment_status":"closed","ping_status":"closed","sticky":false,"template":"","format":"standard","meta":{"om_disable_all_campaigns":false,"ngg_post_thumbnail":0,"jnews-multi-image_gallery":[],"jnews_single_post":{"subtitle":"","format":"standard","video":"","gallery":"","source_name":"","source_url":"","via_name":"","via_url":"","override_template":"0","override":[{"template":"1","single_blog_custom":"","parallax":"1","fullscreen":"1","layout":"right-sidebar","sidebar":"default-sidebar","second_sidebar":"default-sidebar","sticky_sidebar":"1","share_position":"top","share_float_style":"share-monocrhome","show_share_counter":"1","show_view_counter":"1","show_featured":"1","show_post_meta":"1","show_post_author":"1","show_post_author_image":"1","show_post_date":"1","post_date_format":"default","post_date_format_custom":"Y\/m\/d","show_post_category":"1","show_post_reading_time":"0","post_reading_time_wpm":"300","show_zoom_button":"0","zoom_button_out_step":"2","zoom_button_in_step":"3","show_post_tag":"1","show_prev_next_post":"1","show_popup_post":"1","number_popup_post":"1","show_author_box":"0","show_post_related":"0","show_inline_post_related":"0"}],"override_image_size":"0","image_override":[{"single_post_thumbnail_size":"crop-500","single_post_gallery_size":"crop-500"}],"trending_post":"0","trending_post_position":"meta","trending_post_label":"Trending","sponsored_post":"0","sponsored_post_label":"Sponsored by","sponsored_post_name":"","sponsored_post_url":"","sponsored_post_logo_enable":"0","sponsored_post_logo":"","sponsored_post_desc":""},"jnews_primary_category":{"id":""},"jnews_social_meta":{"fb_title":"","fb_description":"","fb_image":"","twitter_title":"","twitter_description":"","twitter_image":""},"jnews_override_counter":{"override_view_counter":"0","view_counter_number":"0","override_share_counter":"0","share_counter_number":"0","override_like_counter":"0","like_counter_number":"0","override_dislike_counter":"0","dislike_counter_number":"0"},"footnotes":""},"categories":[54],"tags":[18189,18187,16572,10366,18191,18188,18190,86,4429],"class_list":["post-85676","post","type-post","status-publish","format-standard","has-post-thumbnail","hentry","category-articulos","tag-andrea-diaz","tag-coloquio","tag-filosofo","tag-horacio-bernardo","tag-jose-garchitorena","tag-libertad-de-pensar","tag-marcelo-bejar","tag-pablo-romero","tag-vaz-ferreira"],"yoast_head":"<!-- This site is optimized with the Yoast SEO plugin v27.5 - https:\/\/yoast.com\/product\/yoast-seo-wordpress\/ -->\n<title>Sobre Vaz Ferreira: Andrea D\u00edaz, Marcelo B\u00e9jar, Horacio Bernardo, Pablo Romero y Jos\u00e9 Garchitorena - Cooltivarte Portal<\/title>\n<meta name=\"description\" content=\"Exponiendo junto a colegas en Coloquio sobre &quot;Vaz Ferreira y la libertad de pensar&quot;, en el marco de la celebraci\u00f3n de los 150 a\u00f1os de nuestro principal fil\u00f3sofo.\" \/>\n<meta name=\"robots\" content=\"index, follow, max-snippet:-1, max-image-preview:large, max-video-preview:-1\" \/>\n<link rel=\"canonical\" href=\"https:\/\/cooltivarte.com\/portal\/sobre-vaz-ferreira-andrea-diaz-marcelo-bejar-horacio-bernardo-pablo-romero-y-jose-garchitorena\/\" \/>\n<meta property=\"og:locale\" content=\"es_ES\" \/>\n<meta property=\"og:type\" content=\"article\" \/>\n<meta property=\"og:title\" content=\"Coloquio sobre &quot;Vaz Ferreira y la libertad de pensar&quot; Andrea D\u00edaz, Marcelo B\u00e9jar, Horacio Bernardo, Pablo Romero y Jos\u00e9 Garchitorena\" \/>\n<meta property=\"og:description\" content=\"Exponiendo junto a colegas en Coloquio sobre &quot;Vaz Ferreira y la libertad de pensar&quot;, en el marco de la celebraci\u00f3n de los 150 a\u00f1os de nuestro principal fil\u00f3sofo.\" \/>\n<meta property=\"og:url\" content=\"https:\/\/cooltivarte.com\/portal\/sobre-vaz-ferreira-andrea-diaz-marcelo-bejar-horacio-bernardo-pablo-romero-y-jose-garchitorena\/\" \/>\n<meta property=\"og:site_name\" content=\"Cooltivarte Portal\" \/>\n<meta property=\"article:publisher\" content=\"https:\/\/www.facebook.com\/cooltivartecom\/\" \/>\n<meta property=\"article:author\" content=\"http:\/\/www.facebook.com\/pablorom777\" \/>\n<meta property=\"article:published_time\" content=\"2022-10-29T20:10:48+00:00\" \/>\n<meta property=\"article:modified_time\" content=\"2022-10-29T20:16:45+00:00\" \/>\n<meta property=\"og:image\" content=\"https:\/\/cooltivarte.com\/portal\/wp-content\/uploads\/2022\/10\/LIBERTAD-DE-PRENSA.jpg\" \/>\n\t<meta property=\"og:image:width\" content=\"1054\" \/>\n\t<meta property=\"og:image:height\" content=\"589\" \/>\n\t<meta property=\"og:image:type\" content=\"image\/jpeg\" \/>\n<meta name=\"author\" content=\"Pablo Romero\" \/>\n<meta name=\"twitter:card\" content=\"summary_large_image\" \/>\n<meta name=\"twitter:title\" content=\"Coloquio sobre &quot;Vaz Ferreira y la libertad de pensar&quot; Andrea D\u00edaz, Marcelo B\u00e9jar, Horacio Bernardo, Pablo Romero y Jos\u00e9 Garchitorena\" \/>\n<meta name=\"twitter:description\" content=\"Exponiendo junto a colegas en Coloquio sobre &quot;Vaz Ferreira y la libertad de pensar&quot;, en el marco de la celebraci\u00f3n de los 150 a\u00f1os de nuestro principal fil\u00f3sofo.\" \/>\n<meta name=\"twitter:image\" content=\"https:\/\/cooltivarte.com\/portal\/wp-content\/uploads\/2022\/10\/LIBERTAD-DE-PRENSA.jpg\" \/>\n<meta name=\"twitter:creator\" content=\"@https:\/\/twitter.com\/Pabloromero74\" \/>\n<meta name=\"twitter:site\" content=\"@obolocultural\" \/>\n<meta name=\"twitter:label1\" content=\"Escrito por\" \/>\n\t<meta name=\"twitter:data1\" content=\"Pablo Romero\" \/>\n\t<meta name=\"twitter:label2\" content=\"Tiempo de lectura\" \/>\n\t<meta name=\"twitter:data2\" content=\"1 minuto\" \/>\n<!-- \/ Yoast SEO plugin. -->","yoast_head_json":{"title":"Sobre Vaz Ferreira: Andrea D\u00edaz, Marcelo B\u00e9jar, Horacio Bernardo, Pablo Romero y Jos\u00e9 Garchitorena - Cooltivarte Portal","description":"Exponiendo junto a colegas en Coloquio sobre \"Vaz Ferreira y la libertad de pensar\", en el marco de la celebraci\u00f3n de los 150 a\u00f1os de nuestro principal fil\u00f3sofo.","robots":{"index":"index","follow":"follow","max-snippet":"max-snippet:-1","max-image-preview":"max-image-preview:large","max-video-preview":"max-video-preview:-1"},"canonical":"https:\/\/cooltivarte.com\/portal\/sobre-vaz-ferreira-andrea-diaz-marcelo-bejar-horacio-bernardo-pablo-romero-y-jose-garchitorena\/","og_locale":"es_ES","og_type":"article","og_title":"Coloquio sobre \"Vaz Ferreira y la libertad de pensar\" Andrea D\u00edaz, Marcelo B\u00e9jar, Horacio Bernardo, Pablo Romero y Jos\u00e9 Garchitorena","og_description":"Exponiendo junto a colegas en Coloquio sobre \"Vaz Ferreira y la libertad de pensar\", en el marco de la celebraci\u00f3n de los 150 a\u00f1os de nuestro principal fil\u00f3sofo.","og_url":"https:\/\/cooltivarte.com\/portal\/sobre-vaz-ferreira-andrea-diaz-marcelo-bejar-horacio-bernardo-pablo-romero-y-jose-garchitorena\/","og_site_name":"Cooltivarte Portal","article_publisher":"https:\/\/www.facebook.com\/cooltivartecom\/","article_author":"http:\/\/www.facebook.com\/pablorom777","article_published_time":"2022-10-29T20:10:48+00:00","article_modified_time":"2022-10-29T20:16:45+00:00","og_image":[{"width":1054,"height":589,"url":"https:\/\/cooltivarte.com\/portal\/wp-content\/uploads\/2022\/10\/LIBERTAD-DE-PRENSA.jpg","type":"image\/jpeg"}],"author":"Pablo Romero","twitter_card":"summary_large_image","twitter_title":"Coloquio sobre \"Vaz Ferreira y la libertad de pensar\" Andrea D\u00edaz, Marcelo B\u00e9jar, Horacio Bernardo, Pablo Romero y Jos\u00e9 Garchitorena","twitter_description":"Exponiendo junto a colegas en Coloquio sobre \"Vaz Ferreira y la libertad de pensar\", en el marco de la celebraci\u00f3n de los 150 a\u00f1os de nuestro principal fil\u00f3sofo.","twitter_image":"https:\/\/cooltivarte.com\/portal\/wp-content\/uploads\/2022\/10\/LIBERTAD-DE-PRENSA.jpg","twitter_creator":"@https:\/\/twitter.com\/Pabloromero74","twitter_site":"@obolocultural","twitter_misc":{"Escrito por":"Pablo Romero","Tiempo de lectura":"1 minuto"},"schema":{"@context":"https:\/\/schema.org","@graph":[{"@type":"NewsArticle","@id":"https:\/\/cooltivarte.com\/portal\/sobre-vaz-ferreira-andrea-diaz-marcelo-bejar-horacio-bernardo-pablo-romero-y-jose-garchitorena\/#article","isPartOf":{"@id":"https:\/\/cooltivarte.com\/portal\/sobre-vaz-ferreira-andrea-diaz-marcelo-bejar-horacio-bernardo-pablo-romero-y-jose-garchitorena\/"},"author":{"name":"Pablo Romero","@id":"https:\/\/cooltivarte.com\/portal\/#\/schema\/person\/4142f96deaf5a27e4da3000f2d909698"},"headline":"Sobre Vaz Ferreira: Andrea D\u00edaz, Marcelo B\u00e9jar, Horacio Bernardo, Pablo Romero y Jos\u00e9 Garchitorena","datePublished":"2022-10-29T20:10:48+00:00","dateModified":"2022-10-29T20:16:45+00:00","mainEntityOfPage":{"@id":"https:\/\/cooltivarte.com\/portal\/sobre-vaz-ferreira-andrea-diaz-marcelo-bejar-horacio-bernardo-pablo-romero-y-jose-garchitorena\/"},"wordCount":117,"publisher":{"@id":"https:\/\/cooltivarte.com\/portal\/#organization"},"image":{"@id":"https:\/\/cooltivarte.com\/portal\/sobre-vaz-ferreira-andrea-diaz-marcelo-bejar-horacio-bernardo-pablo-romero-y-jose-garchitorena\/#primaryimage"},"thumbnailUrl":"https:\/\/cooltivarte.com\/portal\/wp-content\/uploads\/2022\/10\/LIBERTAD-DE-PRENSA.jpg","keywords":["Andrea D\u00edaz","Coloquio","fil\u00f3sofo","Horacio Bernardo","Jos\u00e9 Garchitorena","libertad de pensar","Marcelo B\u00e9jar","pablo romero","Vaz Ferreira"],"articleSection":["Art\u00edculos"],"inLanguage":"es-AR"},{"@type":"WebPage","@id":"https:\/\/cooltivarte.com\/portal\/sobre-vaz-ferreira-andrea-diaz-marcelo-bejar-horacio-bernardo-pablo-romero-y-jose-garchitorena\/","url":"https:\/\/cooltivarte.com\/portal\/sobre-vaz-ferreira-andrea-diaz-marcelo-bejar-horacio-bernardo-pablo-romero-y-jose-garchitorena\/","name":"Sobre Vaz Ferreira: Andrea D\u00edaz, Marcelo B\u00e9jar, Horacio Bernardo, Pablo Romero y Jos\u00e9 Garchitorena - Cooltivarte Portal","isPartOf":{"@id":"https:\/\/cooltivarte.com\/portal\/#website"},"primaryImageOfPage":{"@id":"https:\/\/cooltivarte.com\/portal\/sobre-vaz-ferreira-andrea-diaz-marcelo-bejar-horacio-bernardo-pablo-romero-y-jose-garchitorena\/#primaryimage"},"image":{"@id":"https:\/\/cooltivarte.com\/portal\/sobre-vaz-ferreira-andrea-diaz-marcelo-bejar-horacio-bernardo-pablo-romero-y-jose-garchitorena\/#primaryimage"},"thumbnailUrl":"https:\/\/cooltivarte.com\/portal\/wp-content\/uploads\/2022\/10\/LIBERTAD-DE-PRENSA.jpg","datePublished":"2022-10-29T20:10:48+00:00","dateModified":"2022-10-29T20:16:45+00:00","description":"Exponiendo junto a colegas en Coloquio sobre \"Vaz Ferreira y la libertad de pensar\", en el marco de la celebraci\u00f3n de los 150 a\u00f1os de nuestro principal fil\u00f3sofo.","breadcrumb":{"@id":"https:\/\/cooltivarte.com\/portal\/sobre-vaz-ferreira-andrea-diaz-marcelo-bejar-horacio-bernardo-pablo-romero-y-jose-garchitorena\/#breadcrumb"},"inLanguage":"es-AR","potentialAction":[{"@type":"ReadAction","target":["https:\/\/cooltivarte.com\/portal\/sobre-vaz-ferreira-andrea-diaz-marcelo-bejar-horacio-bernardo-pablo-romero-y-jose-garchitorena\/"]}]},{"@type":"ImageObject","inLanguage":"es-AR","@id":"https:\/\/cooltivarte.com\/portal\/sobre-vaz-ferreira-andrea-diaz-marcelo-bejar-horacio-bernardo-pablo-romero-y-jose-garchitorena\/#primaryimage","url":"https:\/\/cooltivarte.com\/portal\/wp-content\/uploads\/2022\/10\/LIBERTAD-DE-PRENSA.jpg","contentUrl":"https:\/\/cooltivarte.com\/portal\/wp-content\/uploads\/2022\/10\/LIBERTAD-DE-PRENSA.jpg","width":1054,"height":589,"caption":"LIBERTAD DE PRENSA"},{"@type":"BreadcrumbList","@id":"https:\/\/cooltivarte.com\/portal\/sobre-vaz-ferreira-andrea-diaz-marcelo-bejar-horacio-bernardo-pablo-romero-y-jose-garchitorena\/#breadcrumb","itemListElement":[{"@type":"ListItem","position":1,"name":"Portada","item":"https:\/\/cooltivarte.com\/portal\/"},{"@type":"ListItem","position":2,"name":"Sobre Vaz Ferreira: Andrea D\u00edaz, Marcelo B\u00e9jar, Horacio Bernardo, Pablo Romero y Jos\u00e9 Garchitorena"}]},{"@type":"WebSite","@id":"https:\/\/cooltivarte.com\/portal\/#website","url":"https:\/\/cooltivarte.com\/portal\/","name":"Cooltivarte Portal","description":"Arte, cultura y turismo para el mundo ...","publisher":{"@id":"https:\/\/cooltivarte.com\/portal\/#organization"},"potentialAction":[{"@type":"SearchAction","target":{"@type":"EntryPoint","urlTemplate":"https:\/\/cooltivarte.com\/portal\/?s={search_term_string}"},"query-input":{"@type":"PropertyValueSpecification","valueRequired":true,"valueName":"search_term_string"}}],"inLanguage":"es-AR"},{"@type":"Organization","@id":"https:\/\/cooltivarte.com\/portal\/#organization","name":"cooltivarte","url":"https:\/\/cooltivarte.com\/portal\/","logo":{"@type":"ImageObject","inLanguage":"es-AR","@id":"https:\/\/cooltivarte.com\/portal\/#\/schema\/logo\/image\/","url":"https:\/\/cooltivarte.com\/portal\/wp-content\/uploads\/2020\/04\/logo-cooltivarte-v2.png","contentUrl":"https:\/\/cooltivarte.com\/portal\/wp-content\/uploads\/2020\/04\/logo-cooltivarte-v2.png","width":851,"height":243,"caption":"cooltivarte"},"image":{"@id":"https:\/\/cooltivarte.com\/portal\/#\/schema\/logo\/image\/"},"sameAs":["https:\/\/www.facebook.com\/cooltivartecom\/","https:\/\/x.com\/obolocultural","https:\/\/www.instagram.com\/_cooltivarte_\/","https:\/\/www.linkedin.com\/company\/-bolocultural?reportsuccess=8zaNG1HwhPbAR9iQhZ5rfGeqz_vQFftHun0ZWU0Wy9vNemRJ8vtcKdJvzQfW8XagyOJSKg0XvfJ1dp","https:\/\/www.pinterest.com\/cooltivarte\/","https:\/\/cooltivarte.tumblr.com\/","https:\/\/www.tiktok.com\/@cooltivarte","https:\/\/www.youtube.com\/@PrensaCooltivarte"]},{"@type":"Person","@id":"https:\/\/cooltivarte.com\/portal\/#\/schema\/person\/4142f96deaf5a27e4da3000f2d909698","name":"Pablo Romero","image":{"@type":"ImageObject","inLanguage":"es-AR","@id":"https:\/\/cooltivarte.com\/portal\/wp-content\/uploads\/2014\/05\/pablo-romero-120x120.jpg","url":"https:\/\/cooltivarte.com\/portal\/wp-content\/uploads\/2014\/05\/pablo-romero-120x120.jpg","contentUrl":"https:\/\/cooltivarte.com\/portal\/wp-content\/uploads\/2014\/05\/pablo-romero-120x120.jpg","caption":"Pablo Romero"},"description":"Profesor de Filosof\u00eda (egresado del IPA) y posgraduado como Especialista en Pol\u00edtica y Gesti\u00f3n de la Educaci\u00f3n, es docente de \u00c9tica en Universidad CLAEH y de Filosof\u00eda en educaci\u00f3n secundaria. Autor de \"Sobre el sentido de educar\" (Ediciones B-Penguin Random House, 2021) y coautor de obras sobre el campo de la filosof\u00eda de la educaci\u00f3n, es expositor a nivel nacional e internacional sobre temas educativos. Se ha desempe\u00f1ado como docente de Argumentaci\u00f3n en la Universidad Cat\u00f3lica y realizado ciclos de columnas de filosof\u00eda en radio El Espectador y en el canal televisivo TV Ciudad.","sameAs":["http:\/\/pabloromero7.blogspot.com\/","http:\/\/www.facebook.com\/pablorom777","https:\/\/www.instagram.com\/pabloromero1974\/","https:\/\/www.linkedin.com\/in\/pablo-romero-garca-7b82989b\/","https:\/\/www.pinterest.com\/cooltivarte\/","https:\/\/x.com\/https:\/\/twitter.com\/Pabloromero74","https:\/\/www.youtube.com\/@PrensaCooltivarte","https:\/\/cooltivarte.tumblr.com\/"],"url":"https:\/\/cooltivarte.com\/portal\/author\/romero\/"}]}},"_links":{"self":[{"href":"https:\/\/cooltivarte.com\/portal\/wp-json\/wp\/v2\/posts\/85676","targetHints":{"allow":["GET"]}}],"collection":[{"href":"https:\/\/cooltivarte.com\/portal\/wp-json\/wp\/v2\/posts"}],"about":[{"href":"https:\/\/cooltivarte.com\/portal\/wp-json\/wp\/v2\/types\/post"}],"author":[{"embeddable":true,"href":"https:\/\/cooltivarte.com\/portal\/wp-json\/wp\/v2\/users\/9"}],"replies":[{"embeddable":true,"href":"https:\/\/cooltivarte.com\/portal\/wp-json\/wp\/v2\/comments?post=85676"}],"version-history":[{"count":2,"href":"https:\/\/cooltivarte.com\/portal\/wp-json\/wp\/v2\/posts\/85676\/revisions"}],"predecessor-version":[{"id":85679,"href":"https:\/\/cooltivarte.com\/portal\/wp-json\/wp\/v2\/posts\/85676\/revisions\/85679"}],"wp:featuredmedia":[{"embeddable":true,"href":"https:\/\/cooltivarte.com\/portal\/wp-json\/wp\/v2\/media\/85677"}],"wp:attachment":[{"href":"https:\/\/cooltivarte.com\/portal\/wp-json\/wp\/v2\/media?parent=85676"}],"wp:term":[{"taxonomy":"category","embeddable":true,"href":"https:\/\/cooltivarte.com\/portal\/wp-json\/wp\/v2\/categories?post=85676"},{"taxonomy":"post_tag","embeddable":true,"href":"https:\/\/cooltivarte.com\/portal\/wp-json\/wp\/v2\/tags?post=85676"}],"curies":[{"name":"wp","href":"https:\/\/api.w.org\/{rel}","templated":true}]}}