{"id":85354,"date":"2022-10-23T18:11:34","date_gmt":"2022-10-23T21:11:34","guid":{"rendered":"https:\/\/cooltivarte.com\/portal\/?p=85354"},"modified":"2024-02-12T09:55:28","modified_gmt":"2024-02-12T12:55:28","slug":"festival-internacional-de-colonia","status":"publish","type":"post","link":"https:\/\/cooltivarte.com\/portal\/festival-internacional-de-colonia\/","title":{"rendered":"Festival Internacional de Colonia 2022"},"content":{"rendered":"\r\n<figure id=\"attachment_85468\" aria-describedby=\"caption-attachment-85468\" style=\"width: 1024px\" class=\"wp-caption aligncenter\"><img fetchpriority=\"high\" decoding=\"async\" class=\"wp-image-85468 size-large\" title=\"Concierto inaugural de la temporada principal 2022 de la Orquesta Filarm\u00f3nica de Montevideo en en Teatro Sol\u00eds\" src=\"https:\/\/cooltivarte.com\/portal\/wp-content\/uploads\/2022\/10\/OFMFIC-1024x683.jpg\" alt=\"Concierto inaugural de la temporada principal 2022 de la Orquest\" width=\"1024\" height=\"683\" srcset=\"https:\/\/cooltivarte.com\/portal\/wp-content\/uploads\/2022\/10\/OFMFIC-1024x683.jpg 1024w, https:\/\/cooltivarte.com\/portal\/wp-content\/uploads\/2022\/10\/OFMFIC-300x200.jpg 300w, https:\/\/cooltivarte.com\/portal\/wp-content\/uploads\/2022\/10\/OFMFIC-768x512.jpg 768w, https:\/\/cooltivarte.com\/portal\/wp-content\/uploads\/2022\/10\/OFMFIC-1536x1024.jpg 1536w, https:\/\/cooltivarte.com\/portal\/wp-content\/uploads\/2022\/10\/OFMFIC-2048x1365.jpg 2048w\" sizes=\"(max-width: 1024px) 100vw, 1024px\" \/><figcaption id=\"caption-attachment-85468\" class=\"wp-caption-text\">Concierto inaugural de la temporada principal 2022 de la Orquesta Filarm\u00f3nica de Montevideo en en Teatro Sol\u00eds<\/figcaption><\/figure>\r\n<p><br \/><strong>Colonia del Sacramento contribuye su m\u00e1gico entorno al 5to. Festival Internacional de Colonia, <\/strong><strong>del 15 al 20 de noviembre de 2022. Bajo la direcci\u00f3n art\u00edstica del pianista Enrique Graf, el <\/strong><strong>festival vuelve a la presencialidad en todo su esplendor con 15 espect\u00e1culos con <\/strong><strong>artistas de 10 pa\u00edses.<\/strong><\/p>\r\n<p><br \/>Inaugura la <strong>Filarm\u00f3nica de Montevideo<\/strong>, dirigida por su Director<strong> Art\u00edstico Mart\u00edn Garc\u00eda<\/strong> con dos j\u00f3venes solistas. El pianista estadounidense <strong>Micah McLaurin<\/strong> quien ha actuado con grandes orquestas como las de Filadelfia y Cleveland, y en los festivales de Verbier y Spoleto USA, interpretar\u00e1 el Concierto No. 2 de Chopin. La violinista japonesa <strong>Azusa Saito,<\/strong> ganadora del Concurso Latinoamericano de Tucum\u00e1n y el Internacional de la Filarm\u00f3nica de Montevideo interpretar\u00e1 el Concierto de <strong>Max Bruch<\/strong>.<\/p>\r\n<p><strong>Julian Jacobson<\/strong>, el gran pianista ingl\u00e9s, ser\u00e1 protagonista de un evento con pocos antecedentes en la historia. Las 32 Sonatas de <strong>Ludwig van Beethoven<\/strong> en un solo concierto. El pianista espa\u00f1ol <strong>Rub\u00e9n Fern\u00e1ndez Aguirre<\/strong> se suma a una gran Gala L\u00edrica con la soprano <strong>Sof\u00eda Mara,<\/strong> el bar\u00edtono cubano <strong>Eleomar Cuello<\/strong>, el tenor <strong>Mart\u00edn Nusspaumer<\/strong> y la mezzosoprano <strong>Mar\u00eda Ant\u00fanez<\/strong>, todos con destacadas carreras internacionales.<br \/><em>&#8220;La m\u00fasica en la corte de Lisboa&#8221;<\/em>,<strong> Carla Caramujo<\/strong>, soprano; <em>&#8220;Ensemble de San Felipe<\/em> y <em>Santiago&#8221;<\/em> (<strong>Clara Kruk<\/strong> y <strong>Gast\u00f3n Ger\u00f3nimo<\/strong>, Viol\u00edn, <strong>Timoteo Mella<\/strong>, Viola <strong>Rodrigo Rierala<\/strong>, Violoncello, Roberto De Bellis, Contrabajo, <strong>\u00c1lvaro Cabrera Barriola<\/strong>, Clave &#8211; Direcci\u00f3n Art\u00edstica, <strong>Ant\u00f3nio Carrilho,<\/strong> Flauta Dulce y direcci\u00f3n musical Tres brasileros de fama internacional se unen para celebrar la m\u00fasica cl\u00e1sica y popular de su tierra. El contratenor <strong>Jos\u00e9 Lemos<\/strong>, <strong>Ana Fl\u00e1via Fraz\u00e3o<\/strong> en piano, y \u201cel rey\u201d de la arm\u00f3nica,<strong> Jos\u00e9 Staneck<\/strong>.<\/p>\r\n<p><strong>QuinTango,<\/strong> un conocido sexteto en EEUU, presenta una visi\u00f3n diferente e internacional del tango. El Flamenco se har\u00e1 presente con<em> \u201cLa Plazuela&#8221;<\/em>, grupo uruguayo formado por cantaor, bailaora, flauta y percusi\u00f3n, dirigido por el reconocido guitarrista <strong>Gonzalo Franco<\/strong>.<br \/>El jazz estar\u00e1 representado en dos conciertos, uno por el<strong> Quinteto Benny Goodman<\/strong> y el otro por <strong>H\u00e9rcules Gomes,<\/strong> ecl\u00e9ctico y espectacular pianista brasilero. Ambos vuelven por demanda popular.<br \/>El resto de la programaci\u00f3n incluye la premiada pel\u00edcula espa\u00f1ola<em> \u201cO que Arde&#8221;,<\/em> la pel\u00edcula francesa &#8216;<em>&#8216;Calamity\u201d<\/em>, con m\u00fasica de la uruguaya<strong> Florencia Di Concilio<\/strong> (Premio Michel Legrand 2021), y cine mudo con m\u00fasica en vivo por el pianista\/cantante argentino <strong>Juan Nevani<\/strong>. Se completa con una exhibici\u00f3n de fotograf\u00edas de distinguidas personalidades de Uruguay del franc\u00e9s <strong>Pascal Milhavet<\/strong> y otra con las obras seleccionadas y premiadas en la III Bienal Colonia.<\/p>\r\n<p>&nbsp;<\/p>\r\n<p><img decoding=\"async\" class=\"aligncenter wp-image-85469 size-large\" title=\"Festival Internacional de Colonia del 15 al 20 de noviembre de 2022. Bajo la direcci\u00f3n art\u00edstica del pianista Enrique Graf\" src=\"https:\/\/cooltivarte.com\/portal\/wp-content\/uploads\/2022\/10\/FIC-2022-1024x1024.jpg\" alt=\"Festival Internacional de Colonia del 15 al 20 de noviembre de 2022. Bajo la direcci\u00f3n art\u00edstica del pianista Enrique Graf\" width=\"1024\" height=\"1024\" srcset=\"https:\/\/cooltivarte.com\/portal\/wp-content\/uploads\/2022\/10\/FIC-2022-1024x1024.jpg 1024w, https:\/\/cooltivarte.com\/portal\/wp-content\/uploads\/2022\/10\/FIC-2022-300x300.jpg 300w, https:\/\/cooltivarte.com\/portal\/wp-content\/uploads\/2022\/10\/FIC-2022-150x150.jpg 150w, https:\/\/cooltivarte.com\/portal\/wp-content\/uploads\/2022\/10\/FIC-2022-768x768.jpg 768w, https:\/\/cooltivarte.com\/portal\/wp-content\/uploads\/2022\/10\/FIC-2022-1536x1536.jpg 1536w, https:\/\/cooltivarte.com\/portal\/wp-content\/uploads\/2022\/10\/FIC-2022-120x120.jpg 120w, https:\/\/cooltivarte.com\/portal\/wp-content\/uploads\/2022\/10\/FIC-2022.jpg 2048w\" sizes=\"(max-width: 1024px) 100vw, 1024px\" \/><\/p>\r\n<p>&nbsp;<\/p>\r\n<p>El abono a todos los espect\u00e1culos a $U 3.500 (pesos uruguayos) incluye una visita guiada a la renovada Plaza de Toros. Las entradas a cada evento musical cuestan $U 400. Programa y entradas en <a href=\"http:\/\/www.FestivalColonia.org.\" target=\"_blank\" rel=\"noopener\">http:\/\/www.FestivalColonia.org<\/a><\/p>\r\n<p>El festival es patrocinado por la Intendencia Municipal de Colonia, el Ministerio de Educaci\u00f3n y Cultura, Intendencia Municipal de Montevideo, Fondos de Incentivo Cultural, Montes del Plata, Pepsi, Citroen\/Videsol, El Dorado y Charco. Tambi\u00e9n recibe apoyo de Proyectos, Yamaha, Palacio de la M\u00fasica, Ministerio de Turismo y las embajadas de Alemania, Espa\u00f1a, Francia y Portugal.<\/p>\r\n<p>&nbsp;<\/p>\r\n<p>&nbsp;<\/p>\r\n<p>&nbsp;<\/p>\r\n<p>&nbsp;<\/p>\r\n","protected":false},"excerpt":{"rendered":"<p>Colonia del Sacramento contribuye su m\u00e1gico entorno al 5to. Festival Internacional de Colonia, del 15 al 20 de noviembre de 2022. Bajo la direcci\u00f3n art\u00edstica del pianista Enrique Graf, el festival vuelve a la presencialidad en todo su esplendor con 15 espect\u00e1culos con artistas de 10 pa\u00edses.<\/p>\n","protected":false},"author":134,"featured_media":85468,"comment_status":"closed","ping_status":"closed","sticky":false,"template":"","format":"standard","meta":{"om_disable_all_campaigns":false,"ngg_post_thumbnail":0,"jnews-multi-image_gallery":[],"jnews_single_post":{"subtitle":"del 15 al 20 de noviembre. Bajo la direcci\u00f3n art\u00edstica del pianista Enrique Graf","format":"standard","video":"","gallery":"","source_name":"","source_url":"","via_name":"","via_url":"","override_template":"0","override":[{"template":"1","single_blog_custom":"","parallax":"1","fullscreen":"1","layout":"right-sidebar","sidebar":"default-sidebar","second_sidebar":"default-sidebar","sticky_sidebar":"1","share_position":"top","share_float_style":"share-monocrhome","show_share_counter":"1","show_view_counter":"1","show_featured":"1","show_post_meta":"1","show_post_author":"1","show_post_author_image":"1","show_post_date":"1","post_date_format":"default","post_date_format_custom":"Y\/m\/d","show_post_category":"1","show_post_reading_time":"0","post_reading_time_wpm":"300","show_zoom_button":"0","zoom_button_out_step":"2","zoom_button_in_step":"3","show_post_tag":"1","show_prev_next_post":"1","show_popup_post":"1","number_popup_post":"1","show_author_box":"0","show_post_related":"0","show_inline_post_related":"0"}],"override_image_size":"0","image_override":[{"single_post_thumbnail_size":"crop-500","single_post_gallery_size":"crop-500"}],"trending_post":"0","trending_post_position":"meta","trending_post_label":"Trending","sponsored_post":"0","sponsored_post_label":"Sponsored by","sponsored_post_name":"","sponsored_post_url":"","sponsored_post_logo_enable":"0","sponsored_post_logo":"","sponsored_post_desc":"","disable_ad":"0"},"jnews_primary_category":{"id":"","hide":""},"jnews_social_meta":{"fb_title":"","fb_description":"","fb_image":"","twitter_title":"","twitter_description":"","twitter_image":""},"jnews_override_counter":{"override_view_counter":"0","view_counter_number":"0","override_share_counter":"0","share_counter_number":"0","override_like_counter":"0","like_counter_number":"0","override_dislike_counter":"0","dislike_counter_number":"0"},"footnotes":""},"categories":[3394],"tags":[18104,18106,1844,3874,9819,2255,18105],"class_list":["post-85354","post","type-post","status-publish","format-standard","has-post-thumbnail","hentry","category-eventos","tag-artistico-martin-garcia","tag-azusa-saito","tag-colonia","tag-colonia-del-sacramento","tag-enrique-graf","tag-filarmonica-de-montevideo","tag-micah-mclaurin"],"yoast_head":"<!-- This site is optimized with the Yoast SEO plugin v27.4 - https:\/\/yoast.com\/product\/yoast-seo-wordpress\/ -->\n<title>Festival Internacional de Colonia 2022 - Cooltivarte Portal<\/title>\n<meta name=\"description\" content=\"Colonia del Sacramento contribuye su m\u00e1gico entorno al 5to. Festival Internacional de Colonia, del 15 al 20 de noviembre de 2022. Bajo la direcci\u00f3n art\u00edstica del pianista Enrique Graf, el festival vuelve a la presencialidad en todo su esplendor con 15 espect\u00e1culos con artistas de 10 pa\u00edses.\" \/>\n<meta name=\"robots\" content=\"index, follow, max-snippet:-1, max-image-preview:large, max-video-preview:-1\" \/>\n<link rel=\"canonical\" href=\"https:\/\/cooltivarte.com\/portal\/festival-internacional-de-colonia\/\" \/>\n<meta property=\"og:locale\" content=\"es_ES\" \/>\n<meta property=\"og:type\" content=\"article\" \/>\n<meta property=\"og:title\" content=\"Festival Internacional de Colonia del 15 al 20 de noviembre de 2022. Bajo la direcci\u00f3n art\u00edstica del pianista Enrique Graf\" \/>\n<meta property=\"og:description\" content=\"Colonia del Sacramento contribuye su m\u00e1gico entorno al 5to. Festival Internacional de Colonia, del 15 al 20 de noviembre de 2022. Bajo la direcci\u00f3n art\u00edstica del pianista Enrique Graf, el festival vuelve a la presencialidad en todo su esplendor con 15 espect\u00e1culos con artistas de 10 pa\u00edses.\" \/>\n<meta property=\"og:url\" content=\"https:\/\/cooltivarte.com\/portal\/festival-internacional-de-colonia\/\" \/>\n<meta property=\"og:site_name\" content=\"Cooltivarte Portal\" \/>\n<meta property=\"article:publisher\" content=\"https:\/\/www.facebook.com\/cooltivartecom\/\" \/>\n<meta property=\"article:author\" content=\"https:\/\/www.facebook.com\/pato.bue?ref=br_rs\" \/>\n<meta property=\"article:published_time\" content=\"2022-10-23T21:11:34+00:00\" \/>\n<meta property=\"article:modified_time\" content=\"2024-02-12T12:55:28+00:00\" \/>\n<meta property=\"og:image\" content=\"https:\/\/cooltivarte.com\/portal\/wp-content\/uploads\/2022\/10\/OFMFIC.jpg\" \/>\n\t<meta property=\"og:image:width\" content=\"2400\" \/>\n\t<meta property=\"og:image:height\" content=\"1600\" \/>\n\t<meta property=\"og:image:type\" content=\"image\/jpeg\" \/>\n<meta name=\"author\" content=\"Patricia Ianniruberto\" \/>\n<meta name=\"twitter:card\" content=\"summary_large_image\" \/>\n<meta name=\"twitter:title\" content=\"Festival Internacional de Colonia del 15 al 20 de noviembre de 2022. Bajo la direcci\u00f3n art\u00edstica del pianista Enrique Graf\" \/>\n<meta name=\"twitter:description\" content=\"Colonia del Sacramento contribuye su m\u00e1gico entorno al 5to. Festival Internacional de Colonia, del 15 al 20 de noviembre de 2022. Bajo la direcci\u00f3n art\u00edstica del pianista Enrique Graf, el festival vuelve a la presencialidad en todo su esplendor con 15 espect\u00e1culos con artistas de 10 pa\u00edses.\" \/>\n<meta name=\"twitter:image\" content=\"https:\/\/cooltivarte.com\/portal\/wp-content\/uploads\/2022\/10\/OFMFIC.jpg\" \/>\n<meta name=\"twitter:creator\" content=\"@https:\/\/x.com\/obolocultural\" \/>\n<meta name=\"twitter:site\" content=\"@obolocultural\" \/>\n<meta name=\"twitter:label1\" content=\"Escrito por\" \/>\n\t<meta name=\"twitter:data1\" content=\"Patricia Ianniruberto\" \/>\n\t<meta name=\"twitter:label2\" content=\"Tiempo de lectura\" \/>\n\t<meta name=\"twitter:data2\" content=\"3 minutos\" \/>\n<!-- \/ Yoast SEO plugin. -->","yoast_head_json":{"title":"Festival Internacional de Colonia 2022 - Cooltivarte Portal","description":"Colonia del Sacramento contribuye su m\u00e1gico entorno al 5to. Festival Internacional de Colonia, del 15 al 20 de noviembre de 2022. Bajo la direcci\u00f3n art\u00edstica del pianista Enrique Graf, el festival vuelve a la presencialidad en todo su esplendor con 15 espect\u00e1culos con artistas de 10 pa\u00edses.","robots":{"index":"index","follow":"follow","max-snippet":"max-snippet:-1","max-image-preview":"max-image-preview:large","max-video-preview":"max-video-preview:-1"},"canonical":"https:\/\/cooltivarte.com\/portal\/festival-internacional-de-colonia\/","og_locale":"es_ES","og_type":"article","og_title":"Festival Internacional de Colonia del 15 al 20 de noviembre de 2022. Bajo la direcci\u00f3n art\u00edstica del pianista Enrique Graf","og_description":"Colonia del Sacramento contribuye su m\u00e1gico entorno al 5to. Festival Internacional de Colonia, del 15 al 20 de noviembre de 2022. Bajo la direcci\u00f3n art\u00edstica del pianista Enrique Graf, el festival vuelve a la presencialidad en todo su esplendor con 15 espect\u00e1culos con artistas de 10 pa\u00edses.","og_url":"https:\/\/cooltivarte.com\/portal\/festival-internacional-de-colonia\/","og_site_name":"Cooltivarte Portal","article_publisher":"https:\/\/www.facebook.com\/cooltivartecom\/","article_author":"https:\/\/www.facebook.com\/pato.bue?ref=br_rs","article_published_time":"2022-10-23T21:11:34+00:00","article_modified_time":"2024-02-12T12:55:28+00:00","og_image":[{"width":2400,"height":1600,"url":"https:\/\/cooltivarte.com\/portal\/wp-content\/uploads\/2022\/10\/OFMFIC.jpg","type":"image\/jpeg"}],"author":"Patricia Ianniruberto","twitter_card":"summary_large_image","twitter_title":"Festival Internacional de Colonia del 15 al 20 de noviembre de 2022. Bajo la direcci\u00f3n art\u00edstica del pianista Enrique Graf","twitter_description":"Colonia del Sacramento contribuye su m\u00e1gico entorno al 5to. Festival Internacional de Colonia, del 15 al 20 de noviembre de 2022. Bajo la direcci\u00f3n art\u00edstica del pianista Enrique Graf, el festival vuelve a la presencialidad en todo su esplendor con 15 espect\u00e1culos con artistas de 10 pa\u00edses.","twitter_image":"https:\/\/cooltivarte.com\/portal\/wp-content\/uploads\/2022\/10\/OFMFIC.jpg","twitter_creator":"@https:\/\/x.com\/obolocultural","twitter_site":"@obolocultural","twitter_misc":{"Escrito por":"Patricia Ianniruberto","Tiempo de lectura":"3 minutos"},"schema":{"@context":"https:\/\/schema.org","@graph":[{"@type":"NewsArticle","@id":"https:\/\/cooltivarte.com\/portal\/festival-internacional-de-colonia\/#article","isPartOf":{"@id":"https:\/\/cooltivarte.com\/portal\/festival-internacional-de-colonia\/"},"author":{"name":"Patricia Ianniruberto","@id":"https:\/\/cooltivarte.com\/portal\/#\/schema\/person\/efd7b91a624d2d005d1571effe8c04b9"},"headline":"Festival Internacional de Colonia 2022","datePublished":"2022-10-23T21:11:34+00:00","dateModified":"2024-02-12T12:55:28+00:00","mainEntityOfPage":{"@id":"https:\/\/cooltivarte.com\/portal\/festival-internacional-de-colonia\/"},"wordCount":577,"publisher":{"@id":"https:\/\/cooltivarte.com\/portal\/#organization"},"image":{"@id":"https:\/\/cooltivarte.com\/portal\/festival-internacional-de-colonia\/#primaryimage"},"thumbnailUrl":"https:\/\/cooltivarte.com\/portal\/wp-content\/uploads\/2022\/10\/OFMFIC.jpg","keywords":["Art\u00edstico Mart\u00edn Garc\u00eda","Azusa Saito","Colonia","Colonia del Sacramento","Enrique Graf","Filarm\u00f3nica de Montevideo","Micah McLaurin"],"articleSection":["Eventos"],"inLanguage":"es-AR"},{"@type":"WebPage","@id":"https:\/\/cooltivarte.com\/portal\/festival-internacional-de-colonia\/","url":"https:\/\/cooltivarte.com\/portal\/festival-internacional-de-colonia\/","name":"Festival Internacional de Colonia 2022 - Cooltivarte Portal","isPartOf":{"@id":"https:\/\/cooltivarte.com\/portal\/#website"},"primaryImageOfPage":{"@id":"https:\/\/cooltivarte.com\/portal\/festival-internacional-de-colonia\/#primaryimage"},"image":{"@id":"https:\/\/cooltivarte.com\/portal\/festival-internacional-de-colonia\/#primaryimage"},"thumbnailUrl":"https:\/\/cooltivarte.com\/portal\/wp-content\/uploads\/2022\/10\/OFMFIC.jpg","datePublished":"2022-10-23T21:11:34+00:00","dateModified":"2024-02-12T12:55:28+00:00","description":"Colonia del Sacramento contribuye su m\u00e1gico entorno al 5to. Festival Internacional de Colonia, del 15 al 20 de noviembre de 2022. Bajo la direcci\u00f3n art\u00edstica del pianista Enrique Graf, el festival vuelve a la presencialidad en todo su esplendor con 15 espect\u00e1culos con artistas de 10 pa\u00edses.","breadcrumb":{"@id":"https:\/\/cooltivarte.com\/portal\/festival-internacional-de-colonia\/#breadcrumb"},"inLanguage":"es-AR","potentialAction":[{"@type":"ReadAction","target":["https:\/\/cooltivarte.com\/portal\/festival-internacional-de-colonia\/"]}]},{"@type":"ImageObject","inLanguage":"es-AR","@id":"https:\/\/cooltivarte.com\/portal\/festival-internacional-de-colonia\/#primaryimage","url":"https:\/\/cooltivarte.com\/portal\/wp-content\/uploads\/2022\/10\/OFMFIC.jpg","contentUrl":"https:\/\/cooltivarte.com\/portal\/wp-content\/uploads\/2022\/10\/OFMFIC.jpg","width":2400,"height":1600,"caption":"Concierto inaugural de la temporada principal 2022 de la Orquesta Filarm\u00f3nica de Montevideo en en Teatro Sol\u00eds"},{"@type":"BreadcrumbList","@id":"https:\/\/cooltivarte.com\/portal\/festival-internacional-de-colonia\/#breadcrumb","itemListElement":[{"@type":"ListItem","position":1,"name":"Portada","item":"https:\/\/cooltivarte.com\/portal\/"},{"@type":"ListItem","position":2,"name":"Festival Internacional de Colonia 2022"}]},{"@type":"WebSite","@id":"https:\/\/cooltivarte.com\/portal\/#website","url":"https:\/\/cooltivarte.com\/portal\/","name":"Cooltivarte Portal","description":"Arte, cultura y turismo para el mundo ...","publisher":{"@id":"https:\/\/cooltivarte.com\/portal\/#organization"},"potentialAction":[{"@type":"SearchAction","target":{"@type":"EntryPoint","urlTemplate":"https:\/\/cooltivarte.com\/portal\/?s={search_term_string}"},"query-input":{"@type":"PropertyValueSpecification","valueRequired":true,"valueName":"search_term_string"}}],"inLanguage":"es-AR"},{"@type":"Organization","@id":"https:\/\/cooltivarte.com\/portal\/#organization","name":"cooltivarte","url":"https:\/\/cooltivarte.com\/portal\/","logo":{"@type":"ImageObject","inLanguage":"es-AR","@id":"https:\/\/cooltivarte.com\/portal\/#\/schema\/logo\/image\/","url":"https:\/\/cooltivarte.com\/portal\/wp-content\/uploads\/2020\/04\/logo-cooltivarte-v2.png","contentUrl":"https:\/\/cooltivarte.com\/portal\/wp-content\/uploads\/2020\/04\/logo-cooltivarte-v2.png","width":851,"height":243,"caption":"cooltivarte"},"image":{"@id":"https:\/\/cooltivarte.com\/portal\/#\/schema\/logo\/image\/"},"sameAs":["https:\/\/www.facebook.com\/cooltivartecom\/","https:\/\/x.com\/obolocultural","https:\/\/www.instagram.com\/_cooltivarte_\/","https:\/\/www.linkedin.com\/company\/-bolocultural?reportsuccess=8zaNG1HwhPbAR9iQhZ5rfGeqz_vQFftHun0ZWU0Wy9vNemRJ8vtcKdJvzQfW8XagyOJSKg0XvfJ1dp","https:\/\/www.pinterest.com\/cooltivarte\/","https:\/\/cooltivarte.tumblr.com\/","https:\/\/www.tiktok.com\/@cooltivarte","https:\/\/www.youtube.com\/@PrensaCooltivarte"]},{"@type":"Person","@id":"https:\/\/cooltivarte.com\/portal\/#\/schema\/person\/efd7b91a624d2d005d1571effe8c04b9","name":"Patricia Ianniruberto","image":{"@type":"ImageObject","inLanguage":"es-AR","@id":"https:\/\/cooltivarte.com\/portal\/wp-content\/uploads\/2018\/04\/patricia-ianniruberto-120x120.jpg","url":"https:\/\/cooltivarte.com\/portal\/wp-content\/uploads\/2018\/04\/patricia-ianniruberto-120x120.jpg","contentUrl":"https:\/\/cooltivarte.com\/portal\/wp-content\/uploads\/2018\/04\/patricia-ianniruberto-120x120.jpg","caption":"Patricia Ianniruberto"},"description":"Patricia Ianniruberto. Egresada de Bellas Artes (Inst. Beato Ang\u00e9lico). Curs\u00f3 Dise\u00f1o Gr\u00e1fico y Comunicaci\u00f3n Visual (UBA) y producci\u00f3n de cine (SICA). Ejerci\u00f3 como docente de Bellas Artes y de Dise\u00f1o I y II (UBA). Freelance de agencias de publicidad y cineanimaci\u00f3n. Como dise\u00f1adora independiente se especializ\u00f3 en comunicaci\u00f3n visual, prensa y producci\u00f3n, asesorando a empresas en imagen corporativa, producci\u00f3n integral de contenidos y piezas de comunicaci\u00f3n: folletos, cat\u00e1logos, revistas, stands, web, tv, v\u00eda p\u00fablica, asesoramiento en derechos de autor, marcas y dominios junto al Estudio Lauritsen. Desarroll\u00f3 proyectos pioneros de tecnolog\u00eda en Internet y aplicaciones interactivas (netmedia). Locaciones: cine y medios. En Uruguay: seleccionada: Taller de promoci\u00f3n y distribuci\u00f3n Mercosur: nuevas herramientas multiplataforma\/Mercosur Audiovisual (Programa de Cooperaci\u00f3n con la Comunidad Europea). Representaci\u00f3n y gesti\u00f3n de notas en instituciones p\u00fablicas y privadas vinculadas al arte y la cultura. Corresponsal de revistas de cultura y colaboradora de medios gr\u00e1ficos y digitales. Edici\u00f3n y producci\u00f3n de contenidos multiplataforma. Gesti\u00f3n cultural y de prensa-Corresponsal en Buenos Aires: Argentina\/Uruguay.","sameAs":["https:\/\/www.facebook.com\/pato.bue?ref=br_rs","https:\/\/www.instagram.com\/_cooltivarte_\/","https:\/\/www.linkedin.com\/company\/-bolocultural\/","https:\/\/www.pinterest.com\/cooltivarte\/","https:\/\/x.com\/https:\/\/x.com\/obolocultural","https:\/\/www.youtube.com\/@PrensaCooltivarte","https:\/\/cooltivarte.tumblr.com\/"],"url":"https:\/\/cooltivarte.com\/portal\/author\/patricia-ianniruberto\/"}]}},"_links":{"self":[{"href":"https:\/\/cooltivarte.com\/portal\/wp-json\/wp\/v2\/posts\/85354","targetHints":{"allow":["GET"]}}],"collection":[{"href":"https:\/\/cooltivarte.com\/portal\/wp-json\/wp\/v2\/posts"}],"about":[{"href":"https:\/\/cooltivarte.com\/portal\/wp-json\/wp\/v2\/types\/post"}],"author":[{"embeddable":true,"href":"https:\/\/cooltivarte.com\/portal\/wp-json\/wp\/v2\/users\/134"}],"replies":[{"embeddable":true,"href":"https:\/\/cooltivarte.com\/portal\/wp-json\/wp\/v2\/comments?post=85354"}],"version-history":[{"count":9,"href":"https:\/\/cooltivarte.com\/portal\/wp-json\/wp\/v2\/posts\/85354\/revisions"}],"predecessor-version":[{"id":99014,"href":"https:\/\/cooltivarte.com\/portal\/wp-json\/wp\/v2\/posts\/85354\/revisions\/99014"}],"wp:featuredmedia":[{"embeddable":true,"href":"https:\/\/cooltivarte.com\/portal\/wp-json\/wp\/v2\/media\/85468"}],"wp:attachment":[{"href":"https:\/\/cooltivarte.com\/portal\/wp-json\/wp\/v2\/media?parent=85354"}],"wp:term":[{"taxonomy":"category","embeddable":true,"href":"https:\/\/cooltivarte.com\/portal\/wp-json\/wp\/v2\/categories?post=85354"},{"taxonomy":"post_tag","embeddable":true,"href":"https:\/\/cooltivarte.com\/portal\/wp-json\/wp\/v2\/tags?post=85354"}],"curies":[{"name":"wp","href":"https:\/\/api.w.org\/{rel}","templated":true}]}}