{"id":8512,"date":"2014-10-30T09:24:36","date_gmt":"2014-10-30T09:24:36","guid":{"rendered":"http:\/\/cooltivarte.com\/portal\/?p=8512"},"modified":"2019-11-01T11:17:43","modified_gmt":"2019-11-01T14:17:43","slug":"que-revienten-un-concierto-de-danza-una-obra-escenica-de-rock","status":"publish","type":"post","link":"https:\/\/cooltivarte.com\/portal\/que-revienten-un-concierto-de-danza-una-obra-escenica-de-rock\/","title":{"rendered":"QUE REVIENTEN!  &#8220;Un concierto de danza, una obra esc\u00e9nica de rock&#8221;"},"content":{"rendered":"<p style=\"text-align: justify;\"><strong>Un espect\u00e1culo de LA TABAR\u00c9 &amp; Mart\u00edn Inthamouss\u00fa<\/strong><\/p>\n<p style=\"text-align: justify;\"><strong>5 DE NOVIEMBRE &#8211; 21 HS &#8211; TEATRO SOL\u00cdS<\/strong><br \/>\nEntradas a la venta en Red UTS y boleter\u00eda del teatro.<\/p>\n<p style=\"text-align: justify;\">Siete bailarines dirigidos por Mart\u00edn Inthamouss\u00fa se encontrar\u00e1n con La Tabar\u00e9 en escena para interpretar un repertorio que abarca canciones de &#8220;Que Revienten los Artistas&#8221; junto a esas canciones del grupo que ya hace casi 30 a\u00f1os son parte de nuestras vidas.<\/p>\n<p style=\"text-align: justify;\">Concepto: Mart\u00edn Inthamouss\u00fa &amp; Tabar\u00e9 Rivero<\/p>\n<p style=\"text-align: justify;\">&#8220;La finalidad es crear en el escenario no una ilusi\u00f3n (lejana, sin peligro) sino una realidad tan concreta como la sala. El drama no tiene que pasar en el escenario, sino suceder, desarrollarse ante los ojos del espectador. El drama es un devenir. Hay que crear la ilusi\u00f3n de que el desarrollo de los acontecimientos es espont\u00e1neo e imprevisible&#8221; (Tadeusz Kantor).<\/p>\n<p style=\"text-align: justify;\">Esta nueva creaci\u00f3n de Rivero e Inthamouss\u00fa pretende llevar adelante un espect\u00e1culo que investigue los l\u00edmites del cuerpo del int\u00e9rprete. Hasta donde se tiene energ\u00eda y potencia en el trabajo f\u00edsico de un bailar\u00edn. Cu\u00e1l es el l\u00edmite corporal de un m\u00fasico en escena.<\/p>\n<p style=\"text-align: justify;\">Coreogr\u00e1ficamente se trabajar\u00e1 con la limitaci\u00f3n y se intentar\u00e1 ir m\u00e1s all\u00e1 exponiendo a los bailarines a una situaci\u00f3n extrema que potencie sus virtudes pero que deje a la vista las debilidades que lo hacen humanos.<\/p>\n<p style=\"text-align: justify;\">La m\u00fasica del nuevo disco de La Tabar\u00e9 ser\u00e1 interpretada en escena d\u00e1ndole as\u00ed el mejor marco posible para su puesta.<\/p>\n<p style=\"text-align: justify;\">Esta pieza tiene origen entonces en la emoci\u00f3n y la adrenalina esc\u00e9nica de la danza y la m\u00fasica en vivo.<\/p>\n<p style=\"text-align: justify;\">A\u00fan m\u00e1s: en especial en esta obra, el proceso se sit\u00faa por encima y por delante de la acci\u00f3n. Basta recordar las palabras recogidas por el diario El Pa\u00eds (05 \/03 \/ 1986) en boca de Kantor: \u00abEn el teatro tenemos que buscar las obras, la escena, pero no se dan cuenta de que el teatro es la obra de arte \u00fanica para todo el teatro, para toda la vida. La obra de arte debe construirse\u00bb. En efecto, la investigaci\u00f3n en esta pieza se reivindica como proceso inacabado, construcci\u00f3n mental dubitativa que incide, m\u00e1s que en el signo, en la huella. Cuerpos exhaustos que producen en cada pieza una experiencia emotiva nueva y potente. Al igual que en el teatro de Kantor, el cuerpo como objeto real, f\u00edsico, artificial, irracional, encontrado, construido, perturbado o interpretado es sometido a una acci\u00f3n, a un procedimiento frente al p\u00fablico, por un sujeto (su manipulador) que a su vez pasa a ser objeto de manipulaci\u00f3n.<\/p>\n<p style=\"text-align: justify;\">El arte no s\u00f3lo produce conocimiento sino que la manera en que se produce su puesta en escena nos remite a un modo de entender la vida, el mundo y nosotros mismo.<\/p>\n<p style=\"text-align: justify;\">En este espect\u00e1culo cada funci\u00f3n ser\u00e1 nueva, cada momento ser\u00e1 vivido como el primero y morir\u00e1 el d\u00eda en que nace. Adrenalina y mucho v\u00e9rtigo en la creaci\u00f3n y reconocimiento de lo ef\u00edmero de la escena.<\/p>\n<p style=\"text-align: justify;\"><strong>&#8220;TUERCAS NADA<\/strong>&#8221; es el segundo single de &#8220;Que Revienten los Artistas&#8221;.<\/p>\n<p style=\"text-align: justify;\">A plena luz del d\u00eda, los peque\u00f1os supermanes duermen en la calle o piden dinero para drogas, est\u00e1n ah\u00ed, en las esquinas de nuestra propia mugre. En plena noche, princesas preciosas de alto costo se ganan el pan y el champ\u00e1n en compa\u00f1\u00eda de poderosos y oscuros personajes. Todos somos &#8220;Tuercas Nada&#8221; (m\u00e1s) de este andamiaje de la vida.<\/p>\n<p><iframe src=\"\/\/www.youtube.com\/embed\/a3i6QfCFoas\" allowfullscreen=\"allowfullscreen\" width=\"560\" height=\"315\" frameborder=\"0\"><\/iframe><\/p>\n<p>&nbsp;<\/p>\n<p>&nbsp;<\/p>\n","protected":false},"excerpt":{"rendered":"<p>Un espect\u00e1culo de LA TABAR\u00c9 &amp; Mart\u00edn Inthamouss\u00fa 5 DE NOVIEMBRE &#8211; 21 HS &#8211; TEATRO SOL\u00cdS Entradas a la venta en Red UTS y boleter\u00eda del teatro. Siete bailarines dirigidos por Mart\u00edn Inthamouss\u00fa se encontrar\u00e1n con La Tabar\u00e9 en escena para interpretar un repertorio que abarca canciones de &#8220;Que Revienten los Artistas&#8221; junto a [&hellip;]<\/p>\n","protected":false},"author":28,"featured_media":8514,"comment_status":"closed","ping_status":"closed","sticky":false,"template":"","format":"standard","meta":{"om_disable_all_campaigns":false,"ngg_post_thumbnail":0,"jnews-multi-image_gallery":[],"jnews_single_post":[],"jnews_primary_category":[],"jnews_social_meta":[],"jnews_override_counter":[],"footnotes":""},"categories":[3394],"tags":[84,450,759,760,100,95,313,88],"class_list":["post-8512","post","type-post","status-publish","format-standard","has-post-thumbnail","hentry","category-eventos","tag-arte","tag-danza","tag-la-tabare","tag-martin-inthamoussu","tag-musica","tag-rock","tag-tabare-rivero","tag-uruguay"],"yoast_head":"<!-- This site is optimized with the Yoast SEO plugin v27.5 - https:\/\/yoast.com\/product\/yoast-seo-wordpress\/ -->\n<title>QUE REVIENTEN! &quot;Un concierto de danza, una obra esc\u00e9nica de rock&quot; - Cooltivarte Portal<\/title>\n<meta name=\"description\" content=\"COOLTIVARTE.COM es un portal digital colaborativo de actualizaci\u00f3n permanente dedicado a difundir el acontecer art\u00edstico y cultural, entrevista artistas, gestores y productores de las diferentes disciplinas del arte, y publicando art\u00edculos de reflexi\u00f3n de producci\u00f3n propia sobre los elementos culturales.\" \/>\n<meta name=\"robots\" content=\"index, follow, max-snippet:-1, max-image-preview:large, max-video-preview:-1\" \/>\n<link rel=\"canonical\" href=\"https:\/\/cooltivarte.com\/portal\/que-revienten-un-concierto-de-danza-una-obra-escenica-de-rock\/\" \/>\n<meta property=\"og:locale\" content=\"es_ES\" \/>\n<meta property=\"og:type\" content=\"article\" \/>\n<meta property=\"og:title\" content=\"QUE REVIENTEN! &quot;Un concierto de danza, una obra esc\u00e9nica de rock&quot; - Cooltivarte Portal\" \/>\n<meta property=\"og:description\" content=\"COOLTIVARTE.COM es un portal digital colaborativo de actualizaci\u00f3n permanente dedicado a difundir el acontecer art\u00edstico y cultural, entrevista artistas, gestores y productores de las diferentes disciplinas del arte, y publicando art\u00edculos de reflexi\u00f3n de producci\u00f3n propia sobre los elementos culturales.\" \/>\n<meta property=\"og:url\" content=\"https:\/\/cooltivarte.com\/portal\/que-revienten-un-concierto-de-danza-una-obra-escenica-de-rock\/\" \/>\n<meta property=\"og:site_name\" content=\"Cooltivarte Portal\" \/>\n<meta property=\"article:publisher\" content=\"https:\/\/www.facebook.com\/cooltivartecom\/\" \/>\n<meta property=\"article:author\" content=\"https:\/\/www.facebook.com\/cooltivartecom\" \/>\n<meta property=\"article:published_time\" content=\"2014-10-30T09:24:36+00:00\" \/>\n<meta property=\"article:modified_time\" content=\"2019-11-01T14:17:43+00:00\" \/>\n<meta property=\"og:image\" content=\"https:\/\/cooltivarte.com\/portal\/wp-content\/uploads\/2014\/10\/tabare.jpg\" \/>\n\t<meta property=\"og:image:width\" content=\"580\" \/>\n\t<meta property=\"og:image:height\" content=\"663\" \/>\n\t<meta property=\"og:image:type\" content=\"image\/jpeg\" \/>\n<meta name=\"author\" content=\"Andrea Villar\" \/>\n<meta name=\"twitter:card\" content=\"summary_large_image\" \/>\n<meta name=\"twitter:creator\" content=\"@https:\/\/x.com\/obolocultural\" \/>\n<meta name=\"twitter:site\" content=\"@obolocultural\" \/>\n<meta name=\"twitter:label1\" content=\"Escrito por\" \/>\n\t<meta name=\"twitter:data1\" content=\"Andrea Villar\" \/>\n\t<meta name=\"twitter:label2\" content=\"Tiempo de lectura\" \/>\n\t<meta name=\"twitter:data2\" content=\"3 minutos\" \/>\n<!-- \/ Yoast SEO plugin. -->","yoast_head_json":{"title":"QUE REVIENTEN! \"Un concierto de danza, una obra esc\u00e9nica de rock\" - Cooltivarte Portal","description":"COOLTIVARTE.COM es un portal digital colaborativo de actualizaci\u00f3n permanente dedicado a difundir el acontecer art\u00edstico y cultural, entrevista artistas, gestores y productores de las diferentes disciplinas del arte, y publicando art\u00edculos de reflexi\u00f3n de producci\u00f3n propia sobre los elementos culturales.","robots":{"index":"index","follow":"follow","max-snippet":"max-snippet:-1","max-image-preview":"max-image-preview:large","max-video-preview":"max-video-preview:-1"},"canonical":"https:\/\/cooltivarte.com\/portal\/que-revienten-un-concierto-de-danza-una-obra-escenica-de-rock\/","og_locale":"es_ES","og_type":"article","og_title":"QUE REVIENTEN! \"Un concierto de danza, una obra esc\u00e9nica de rock\" - Cooltivarte Portal","og_description":"COOLTIVARTE.COM es un portal digital colaborativo de actualizaci\u00f3n permanente dedicado a difundir el acontecer art\u00edstico y cultural, entrevista artistas, gestores y productores de las diferentes disciplinas del arte, y publicando art\u00edculos de reflexi\u00f3n de producci\u00f3n propia sobre los elementos culturales.","og_url":"https:\/\/cooltivarte.com\/portal\/que-revienten-un-concierto-de-danza-una-obra-escenica-de-rock\/","og_site_name":"Cooltivarte Portal","article_publisher":"https:\/\/www.facebook.com\/cooltivartecom\/","article_author":"https:\/\/www.facebook.com\/cooltivartecom","article_published_time":"2014-10-30T09:24:36+00:00","article_modified_time":"2019-11-01T14:17:43+00:00","og_image":[{"width":580,"height":663,"url":"https:\/\/cooltivarte.com\/portal\/wp-content\/uploads\/2014\/10\/tabare.jpg","type":"image\/jpeg"}],"author":"Andrea Villar","twitter_card":"summary_large_image","twitter_creator":"@https:\/\/x.com\/obolocultural","twitter_site":"@obolocultural","twitter_misc":{"Escrito por":"Andrea Villar","Tiempo de lectura":"3 minutos"},"schema":{"@context":"https:\/\/schema.org","@graph":[{"@type":"NewsArticle","@id":"https:\/\/cooltivarte.com\/portal\/que-revienten-un-concierto-de-danza-una-obra-escenica-de-rock\/#article","isPartOf":{"@id":"https:\/\/cooltivarte.com\/portal\/que-revienten-un-concierto-de-danza-una-obra-escenica-de-rock\/"},"author":{"name":"Andrea Villar","@id":"https:\/\/cooltivarte.com\/portal\/#\/schema\/person\/de313777a40e25acbee37dd147a273ed"},"headline":"QUE REVIENTEN! &#8220;Un concierto de danza, una obra esc\u00e9nica de rock&#8221;","datePublished":"2014-10-30T09:24:36+00:00","dateModified":"2019-11-01T14:17:43+00:00","mainEntityOfPage":{"@id":"https:\/\/cooltivarte.com\/portal\/que-revienten-un-concierto-de-danza-una-obra-escenica-de-rock\/"},"wordCount":619,"publisher":{"@id":"https:\/\/cooltivarte.com\/portal\/#organization"},"image":{"@id":"https:\/\/cooltivarte.com\/portal\/que-revienten-un-concierto-de-danza-una-obra-escenica-de-rock\/#primaryimage"},"thumbnailUrl":"https:\/\/cooltivarte.com\/portal\/wp-content\/uploads\/2014\/10\/tabare.jpg","keywords":["Arte","Danza","La Tabar\u00e9","Mart\u00edn Inthamouss\u00fa","M\u00fasica","Rock","Tabar\u00e9 Rivero","Uruguay"],"articleSection":["Eventos"],"inLanguage":"es-AR"},{"@type":"WebPage","@id":"https:\/\/cooltivarte.com\/portal\/que-revienten-un-concierto-de-danza-una-obra-escenica-de-rock\/","url":"https:\/\/cooltivarte.com\/portal\/que-revienten-un-concierto-de-danza-una-obra-escenica-de-rock\/","name":"QUE REVIENTEN! \"Un concierto de danza, una obra esc\u00e9nica de rock\" - Cooltivarte Portal","isPartOf":{"@id":"https:\/\/cooltivarte.com\/portal\/#website"},"primaryImageOfPage":{"@id":"https:\/\/cooltivarte.com\/portal\/que-revienten-un-concierto-de-danza-una-obra-escenica-de-rock\/#primaryimage"},"image":{"@id":"https:\/\/cooltivarte.com\/portal\/que-revienten-un-concierto-de-danza-una-obra-escenica-de-rock\/#primaryimage"},"thumbnailUrl":"https:\/\/cooltivarte.com\/portal\/wp-content\/uploads\/2014\/10\/tabare.jpg","datePublished":"2014-10-30T09:24:36+00:00","dateModified":"2019-11-01T14:17:43+00:00","description":"COOLTIVARTE.COM es un portal digital colaborativo de actualizaci\u00f3n permanente dedicado a difundir el acontecer art\u00edstico y cultural, entrevista artistas, gestores y productores de las diferentes disciplinas del arte, y publicando art\u00edculos de reflexi\u00f3n de producci\u00f3n propia sobre los elementos culturales.","breadcrumb":{"@id":"https:\/\/cooltivarte.com\/portal\/que-revienten-un-concierto-de-danza-una-obra-escenica-de-rock\/#breadcrumb"},"inLanguage":"es-AR","potentialAction":[{"@type":"ReadAction","target":["https:\/\/cooltivarte.com\/portal\/que-revienten-un-concierto-de-danza-una-obra-escenica-de-rock\/"]}]},{"@type":"ImageObject","inLanguage":"es-AR","@id":"https:\/\/cooltivarte.com\/portal\/que-revienten-un-concierto-de-danza-una-obra-escenica-de-rock\/#primaryimage","url":"https:\/\/cooltivarte.com\/portal\/wp-content\/uploads\/2014\/10\/tabare.jpg","contentUrl":"https:\/\/cooltivarte.com\/portal\/wp-content\/uploads\/2014\/10\/tabare.jpg","width":580,"height":663},{"@type":"BreadcrumbList","@id":"https:\/\/cooltivarte.com\/portal\/que-revienten-un-concierto-de-danza-una-obra-escenica-de-rock\/#breadcrumb","itemListElement":[{"@type":"ListItem","position":1,"name":"Portada","item":"https:\/\/cooltivarte.com\/portal\/"},{"@type":"ListItem","position":2,"name":"QUE REVIENTEN! \u00abUn concierto de danza, una obra esc\u00e9nica de rock\u00bb"}]},{"@type":"WebSite","@id":"https:\/\/cooltivarte.com\/portal\/#website","url":"https:\/\/cooltivarte.com\/portal\/","name":"Cooltivarte Portal","description":"Arte, cultura y turismo para el mundo ...","publisher":{"@id":"https:\/\/cooltivarte.com\/portal\/#organization"},"potentialAction":[{"@type":"SearchAction","target":{"@type":"EntryPoint","urlTemplate":"https:\/\/cooltivarte.com\/portal\/?s={search_term_string}"},"query-input":{"@type":"PropertyValueSpecification","valueRequired":true,"valueName":"search_term_string"}}],"inLanguage":"es-AR"},{"@type":"Organization","@id":"https:\/\/cooltivarte.com\/portal\/#organization","name":"cooltivarte","url":"https:\/\/cooltivarte.com\/portal\/","logo":{"@type":"ImageObject","inLanguage":"es-AR","@id":"https:\/\/cooltivarte.com\/portal\/#\/schema\/logo\/image\/","url":"https:\/\/cooltivarte.com\/portal\/wp-content\/uploads\/2020\/04\/logo-cooltivarte-v2.png","contentUrl":"https:\/\/cooltivarte.com\/portal\/wp-content\/uploads\/2020\/04\/logo-cooltivarte-v2.png","width":851,"height":243,"caption":"cooltivarte"},"image":{"@id":"https:\/\/cooltivarte.com\/portal\/#\/schema\/logo\/image\/"},"sameAs":["https:\/\/www.facebook.com\/cooltivartecom\/","https:\/\/x.com\/obolocultural","https:\/\/www.instagram.com\/_cooltivarte_\/","https:\/\/www.linkedin.com\/company\/-bolocultural?reportsuccess=8zaNG1HwhPbAR9iQhZ5rfGeqz_vQFftHun0ZWU0Wy9vNemRJ8vtcKdJvzQfW8XagyOJSKg0XvfJ1dp","https:\/\/www.pinterest.com\/cooltivarte\/","https:\/\/cooltivarte.tumblr.com\/","https:\/\/www.tiktok.com\/@cooltivarte","https:\/\/www.youtube.com\/@PrensaCooltivarte"]},{"@type":"Person","@id":"https:\/\/cooltivarte.com\/portal\/#\/schema\/person\/de313777a40e25acbee37dd147a273ed","name":"Andrea Villar","image":{"@type":"ImageObject","inLanguage":"es-AR","@id":"https:\/\/cooltivarte.com\/portal\/wp-content\/uploads\/2014\/06\/foto-120x120.jpg","url":"https:\/\/cooltivarte.com\/portal\/wp-content\/uploads\/2014\/06\/foto-120x120.jpg","contentUrl":"https:\/\/cooltivarte.com\/portal\/wp-content\/uploads\/2014\/06\/foto-120x120.jpg","caption":"Andrea Villar"},"description":"Nacida un 18 de octubre de 1976 se interesa desde muy joven en la comunicaci\u00f3n cursando la Tecnicatura en Comunicaci\u00f3n Social y varios a\u00f1os despu\u00e9s la Tecnicatura en Gesti\u00f3n y Organizaci\u00f3n de Congresos y Eventos. Cursa en el Instituto Artigas del Servicio Exterior del Ministerio de Relaciones Exteriores una Tecnicatura en Protocolo y Ceremonial de Estado. Se desempe\u00f1a en esta tarea desde el a\u00f1o 2004 encarg\u00e1ndose de la log\u00edstica de congresos nacionales e internacionales en Uruguay y la regi\u00f3n. Actualmente especializada en coordinaci\u00f3n tur\u00edstica de eventos, viajes de incentivo y turismo receptivo. Buscando un nuevo rumbo para su capacidad de gesti\u00f3n, en 2011 egresa de la Tecnicatura en Producci\u00f3n Art\u00edstica de la Fundaci\u00f3n ITAU as\u00ed como participa de varios seminarios sobre TIC's, Social Media y Estrategias de financiamiento para Proyectos Culturales. De la misma forma cursa en ADM un Taller de Social Media donde adquiere conocimientos sobre Gesti\u00f3n eficiente de Redes Sociales y Marketing Digital Desde hace 5 a\u00f1os ha incursionado en la fotograf\u00eda de artes en vivo, descubriendo un mundo fascinante detr\u00e1s del lente. Colabora en cooltivarte desde 2013 a Mayo de 2015.","sameAs":["http:\/\/uy.linkedin.com\/pub\/andrea-villar-miravalles\/20\/572\/557","https:\/\/www.facebook.com\/cooltivartecom","https:\/\/www.instagram.com\/_cooltivarte_\/","https:\/\/www.linkedin.com\/company\/-bolocultural","https:\/\/www.pinterest.com\/cooltivarte","https:\/\/x.com\/https:\/\/x.com\/obolocultural","https:\/\/www.youtube.com\/@PrensaCooltivarte","https:\/\/www.tumblr.com\/blog\/cooltivarte"],"url":"https:\/\/cooltivarte.com\/portal\/author\/avillar\/"}]}},"_links":{"self":[{"href":"https:\/\/cooltivarte.com\/portal\/wp-json\/wp\/v2\/posts\/8512","targetHints":{"allow":["GET"]}}],"collection":[{"href":"https:\/\/cooltivarte.com\/portal\/wp-json\/wp\/v2\/posts"}],"about":[{"href":"https:\/\/cooltivarte.com\/portal\/wp-json\/wp\/v2\/types\/post"}],"author":[{"embeddable":true,"href":"https:\/\/cooltivarte.com\/portal\/wp-json\/wp\/v2\/users\/28"}],"replies":[{"embeddable":true,"href":"https:\/\/cooltivarte.com\/portal\/wp-json\/wp\/v2\/comments?post=8512"}],"version-history":[{"count":5,"href":"https:\/\/cooltivarte.com\/portal\/wp-json\/wp\/v2\/posts\/8512\/revisions"}],"predecessor-version":[{"id":54978,"href":"https:\/\/cooltivarte.com\/portal\/wp-json\/wp\/v2\/posts\/8512\/revisions\/54978"}],"wp:featuredmedia":[{"embeddable":true,"href":"https:\/\/cooltivarte.com\/portal\/wp-json\/wp\/v2\/media\/8514"}],"wp:attachment":[{"href":"https:\/\/cooltivarte.com\/portal\/wp-json\/wp\/v2\/media?parent=8512"}],"wp:term":[{"taxonomy":"category","embeddable":true,"href":"https:\/\/cooltivarte.com\/portal\/wp-json\/wp\/v2\/categories?post=8512"},{"taxonomy":"post_tag","embeddable":true,"href":"https:\/\/cooltivarte.com\/portal\/wp-json\/wp\/v2\/tags?post=8512"}],"curies":[{"name":"wp","href":"https:\/\/api.w.org\/{rel}","templated":true}]}}