{"id":8460,"date":"2014-10-24T17:19:47","date_gmt":"2014-10-24T17:19:47","guid":{"rendered":"http:\/\/cooltivarte.com\/portal\/?p=8460"},"modified":"2023-03-19T18:16:24","modified_gmt":"2023-03-19T21:16:24","slug":"pintando-su-historia-entrevista-al-artista-plastico-mario-giacoya","status":"publish","type":"post","link":"https:\/\/cooltivarte.com\/portal\/pintando-su-historia-entrevista-al-artista-plastico-mario-giacoya\/","title":{"rendered":"Pintando su historia, entrevista al artista pl\u00e1stico Mario Giacoya"},"content":{"rendered":"<figure id=\"attachment_8463\" aria-describedby=\"caption-attachment-8463\" style=\"width: 730px\" class=\"wp-caption aligncenter\"><img fetchpriority=\"high\" decoding=\"async\" class=\"wp-image-8463 size-full\" title=\"Foto: http:\/\/giacoya.blogspot.com\/\" src=\"https:\/\/cooltivarte.com\/portal\/wp-content\/uploads\/2014\/10\/2-10-mario-pintando.jpg\" alt=\"Foto: http:\/\/giacoya.blogspot.com\/\" width=\"730\" height=\"308\" srcset=\"https:\/\/cooltivarte.com\/portal\/wp-content\/uploads\/2014\/10\/2-10-mario-pintando.jpg 730w, https:\/\/cooltivarte.com\/portal\/wp-content\/uploads\/2014\/10\/2-10-mario-pintando-300x127.jpg 300w\" sizes=\"(max-width: 730px) 100vw, 730px\" \/><figcaption id=\"caption-attachment-8463\" class=\"wp-caption-text\">Foto: <a href=\"http:\/\/giacoya.blogspot.com\/\" target=\"_blank\" rel=\"noopener\">http:\/\/giacoya.blogspot.com\/<\/a><\/figcaption><\/figure>\n<p style=\"text-align: justify;\"><a href=\"https:\/\/cooltivarte.com\/portal\/?s=Mario+Giacoya\" target=\"_blank\" rel=\"noopener\"><strong>Mario Giacoya<\/strong><\/a> naci\u00f3 1951 en Sarand\u00ed Grande, Florida. De 1971 a 1973 estudi\u00f3 en el taller de <strong>Daym\u00e1n Ant\u00fanez<\/strong>. Ya radicado en Montevideo, estudia luego en el taller <strong>Miguel \u00c1ngel Pareja<\/strong> (Galer\u00eda Aramayo) y en 1985 en el <strong>Taller Salguero<\/strong> (Doro Salguero de la Hanty).<\/p>\n<p style=\"text-align: justify;\"><span style=\"line-height: 1.5em;\">Desde 1964 a nuestros d\u00edas realiza exposiciones por todo el pa\u00eds, as\u00ed como en el exterior, por ejemplo Miami, Washington y Carolina del Norte (EEUU), San Pablo (Brasil), Asunci\u00f3n (Paraguay).<\/span><\/p>\n<p style=\"text-align: justify;\"><span style=\"line-height: 1.5em;\">Desde 1986 lleva adelante tareas docentes tanto aqu\u00ed como en Paraguay. Sus obras se encuentran en varios de los museos de nuestro pa\u00eds, y tambi\u00e9n est\u00e1n en colecciones privadas en Argentina, Brasil, Paraguay, Venezuela, Chile, Estados Unidos, Inglaterra, Francia, Espa\u00f1a, Italia, India, Hong Kong, China, Jap\u00f3n, Malasia, Colombia, Ecuador, Puerto Rico, Panam\u00e1.<\/span><\/p>\n<p style=\"text-align: justify;\"><span style=\"line-height: 1.5em;\">Lo entrevistamos para nuestro ciclo Pl\u00e1sticos de esos que ves por ah\u00ed, y nos deja profundas reflexiones de su trabajo y su significado, sus t\u00e9cnicas, y sus proyectos, pero tambi\u00e9n de las artes pl\u00e1sticas en general, dando cuenta de que no es solamente un hacedor sino un lector y un estudioso de su disciplina.<\/span><\/p>\n<h2 style=\"text-align: justify;\"><em><span style=\"line-height: 1.5em;\">\u201cCreo que el arte contempor\u00e1neo, a veces confunde a la gente porque es un arte que va dirigido al interior de cada persona y es susceptible de que cada uno que lo contemple, saque sus propias conclusiones y se entrevere lo que quiso decir el artista con lo que ve el espectador\u201d<\/span><\/em><\/h2>\n<p>&nbsp;<\/p>\n<p style=\"text-align: justify;\"><strong>-\u00bfCu\u00e1ndo empezaste en el arte?<\/strong><\/p>\n<p style=\"text-align: justify;\"><span style=\"line-height: 1.5em;\">-Desde ni\u00f1o, ten\u00eda inclinaciones art\u00edsticas. Con el tiempo me fui dando cuenta. Siempre pint\u00e9 con dos objetivos, uno porque me gustaba y otro porque era parte de la terapia motriz que me mandaban a hacer, porque cuando llegu\u00e9 al mundo, lo hice con \u201cdefectos de f\u00e1brica\u201d que hasta hoy me acompa\u00f1an y a trav\u00e9s de mi infancia, fui muy estimulado por mi familia.<\/span><\/p>\n<p style=\"text-align: justify;\"><strong><span style=\"line-height: 1.5em;\">-\u00bfQu\u00e9 intentan exteriorizar tus obras? \u00bfQu\u00e9 te interesa que generen en el espectador?<\/span><\/strong><\/p>\n<p style=\"text-align: justify;\"><span style=\"line-height: 1.5em;\">-Un artista es un contador de su propia historia y la historia hay que contarlas seg\u00fan las reglas universales del arte. Buscamos un pretexto que es el tema, y del tema hay que ser un gran conocedor, saber hasta lo m\u00e1ximo que se pueda de \u00e9l. Una vez que conocemos eso, tenemos que convertirlo en poes\u00eda para que el espectador disfrute de la obra.<\/span><\/p>\n<p style=\"text-align: justify;\"><strong><span style=\"line-height: 1.5em;\">-\u00bfCu\u00e1nto hay de pensado y de espont\u00e1neo en tus obras? \u00bfC\u00f3mo crees que influye o puede incidir el tiempo para con tus creaciones?<\/span><\/strong><\/p>\n<p style=\"text-align: justify;\"><span style=\"line-height: 1.5em;\">-Sr. Periodista, esa es un pregunta muy inteligente! Y lo felicito que me la haya hecho. No podr\u00eda contestar esta pregunta si no hubiese estudiado con maestros de artes pl\u00e1sticas; si no hubiese tenido literatura a mi alcance para informarme, para saber qu\u00e9 paso y qu\u00e9 pasa en el mundo del arte porque todo influye en el resultado. Lo pensado y lo espont\u00e1neo va junto. Lo espont\u00e1neo surge porque a veces uno resuelve un problema con soltura, sin darse cuenta y eso despu\u00e9s se vuelve pensado porque uno mismo lo analiza.<\/span><\/p>\n<p style=\"text-align: justify;\"><strong><span style=\"line-height: 1.5em;\">-\u00bfCu\u00e1nto hay de independencia en cada obra y cu\u00e1nto de relaci\u00f3n con la anterior y la siguiente?<\/span><\/strong><\/p>\n<p style=\"text-align: justify;\"><span style=\"line-height: 1.5em;\">-Volvemos al principio de la historia de uno; todo tiene que ser sucesivo\u2026es una sucesi\u00f3n de hechos que uno va pasando por la vida y la m\u00e1s de las veces uno es inconsciente, pero te van dando una experiencia pr\u00e1ctica. Esa experiencia es la que va formando la idea de lo que uno quiere realizar pero aclaremos que en arte, se hace lo que se puede y no lo que se quiere.<\/span><\/p>\n<p style=\"text-align: justify;\"><strong><span style=\"line-height: 1.5em;\">-\u00bfCon qu\u00e9 herramientas, materiales y tem\u00e1ticas trabajas m\u00e1s y por qu\u00e9 las eliges para trabajar? \u00bfTienes una medida est\u00e1ndar para trabajar? \u00bfSobre qu\u00e9 superficie te gusta trabajar?<\/span><\/strong><\/p>\n<p style=\"text-align: justify;\"><span style=\"line-height: 1.5em;\">-Sobre las herramientas eleg\u00ed el pincel o en algunas pocas ocasiones el collage, pero he investigado sobre, collage, carbonilla, acuarela, t\u00e9mpera, texturas con distintos materiales, con el \u00f3leo, con el acr\u00edlico y por este \u00faltimo me he inclinado. La tela como soporte o el papel en algunas veces, han sido mis aliados para expresarme. La tem\u00e1tica es lo que yo m\u00e1s conozco, el hombre trabajando en el campo y como resultado le hago un homenaje a la madre tierra que nos da el pan de cada d\u00eda. Me encantan los grandes formatos y es lo que m\u00e1s hago, pero trabajo desde lo m\u00e1s peque\u00f1o hasta los murales. Entre unos y otros solo cambia el tama\u00f1o de los pinceles.<\/span><\/p>\n<p style=\"text-align: justify;\"><strong><span style=\"line-height: 1.5em;\">-\u00bfSe puede vivir del arte en Uruguay?<\/span><\/strong><\/p>\n<p style=\"text-align: justify;\"><span style=\"line-height: 1.5em;\">-S\u00ed, pero hay que tener estilo propio, hay que tener un gran sentido de empresa cultural, hay que ser flexible a las opiniones y las sugerencias, porque de ah\u00ed uno saca las conclusiones. Es muy dif\u00edcil que si uno no tiene esas caracter\u00edsticas, ya sea en Uruguay o en cualquier parte del mundo, pueda vivir del arte.<\/span><\/p>\n<p style=\"text-align: justify;\"><strong><span style=\"line-height: 1.5em;\">-\u00bfCrees que en el arte contempor\u00e1neo todo es v\u00e1lido?<\/span><\/strong><\/p>\n<p style=\"text-align: justify;\"><span style=\"line-height: 1.5em;\">-El arte contempor\u00e1neo en sus tres corrientes m\u00e1s de moda como las performance, las instalaciones o el arte conceptual, son propuestas que se prestan para improvisaciones, cuando digo propuestas que se prestan para improvisaciones, no quiero decir que todo no es v\u00e1lido\u2026es v\u00e1lido aquello que se manifieste por grandes artistas de gran sensibilidad. Creo que el arte contempor\u00e1neo, a veces confunde a la gente porque es un arte que va dirigido al interior de cada persona y es susceptible de que cada uno que lo contemple, saque sus propias conclusiones y se entrevere lo que quiso decir el artista con lo que ve el espectador. Para eso, lo interesante es contar con cr\u00edticos que formen y no que informen, con cr\u00edticos que no quieran ser estrellas sino obreros de la cultura. Nuestros referentes han sido los cr\u00edticos de arte y ellos son los que tienen la obligaci\u00f3n de formas y no de clasificar.<\/span><\/p>\n<p style=\"text-align: justify;\"><strong><span style=\"line-height: 1.5em;\">-\u00bfCu\u00e1l es tu opini\u00f3n de la escena local en cuanto a las Artes Visuales?<\/span><\/strong><\/p>\n<p style=\"text-align: justify;\"><span style=\"line-height: 1.5em;\">-Desde cincuenta a\u00f1os atr\u00e1s el arte uruguayo ha mostrado una trayectoria, dos corrientes muy firmes filos\u00f3ficas que los sostienen y que son: la escuela de Torres Garc\u00eda y la de Miguel \u00c1ngel Pareja. En esos dos pilares se ha fundamentado la historia del arte contempor\u00e1neo uruguayo. Como ver\u00e1 estoy hablando de gente que estudi\u00f3, que investig\u00f3, que vivieron para sus alumnos porque formaron, educaron, pensaron. Hoy en d\u00eda me parece que se ha perdido un poco la idea de formar, de educar, y de trabajar, o de \u201csudar\u201d como dec\u00eda Picasso, de pensar con un criterio pl\u00e1stico. Son tiempos de cambio, tiempos de tecnolog\u00eda y ya veremos qu\u00e9 se descarta y qu\u00e9 queda.<\/span><\/p>\n<p style=\"text-align: justify;\"><span style=\"line-height: 1.5em;\">Por ejemplo, cuando hablamos de descartar, no hablamos de los que no trascendieron sino de los que trascendieron, un ejemplo claro es el impresionismo que dej\u00f3 un n\u00famero insignificante para los que lo hac\u00edan en la \u00e9poca, otro ejemplo es el Renacimiento italiano del que quedaron unos pocos referentes de esa \u00e9poca. As\u00ed va a pasar con el arte contempor\u00e1neo a su debido tiempo.<\/span><\/p>\n<p style=\"text-align: justify;\"><span style=\"line-height: 1.5em;\"><strong>-\u00bfC\u00f3mo ves la cr\u00edtica cultural en nuestro pa\u00eds y en Am\u00e9rica del Sur?<\/strong><\/span><\/p>\n<p style=\"text-align: justify;\"><span style=\"line-height: 1.5em;\">-Tanto en Uruguay como en Am\u00e9rica del Sur, hemos tenido, tenemos y tendremos, grandes referentes en todas las disciplinas de las artes, bailarines, como Julio Boca, escritores como el recientemente fallecido Garc\u00eda M\u00e1rquez o el poeta Mario Benedetti, o el actor Alberto Cand\u00f3, o el humorista Julio C\u00e9sar Castro, o Luis Landricina, o Les Luthiers, por nombrar algunos. Todos ellos son coherentes en lo que transmiten y en Sud Am\u00e9rica hay ejemplos de sobra de esas corrientes. Sud Am\u00e9rica ha sido quien ha renovado las artes en el mundo occidental. Nos ha sacado del estancamiento con sus propuestas.<\/span><\/p>\n<p style=\"text-align: justify;\"><span style=\"line-height: 1.5em;\">Los cr\u00edticos han hecho referencia a estos maestros, nos han ayudado a entenderlos mejor.<\/span><\/p>\n<p style=\"text-align: justify;\"><strong><span style=\"line-height: 1.5em;\">-\u00bfCu\u00e1l es la relaci\u00f3n del artista con las galer\u00edas y museos? \u00bfQu\u00e9 har\u00edas para mejorar la relaci\u00f3n artista &#8211; galer\u00eda de arte &#8211; p\u00fablico?<\/span><\/strong><\/p>\n<p style=\"text-align: justify;\"><span style=\"line-height: 1.5em;\">-Este es un punto clave en la historia del arte contempor\u00e1neo, la relaci\u00f3n artista-galerista-p\u00fablico. El del medio es que pone y ocupa el lugar del artista. Es el que hace conocer el artista al p\u00fablico y lo entusiasma a adquirir su trabajo. Es la punta m\u00e1s importante. Si no se respeta esto los artistas no salen al mundo. El artista &#8211; el galerista y el p\u00fablico son el equipo fundamental para que el arte se desarrolle. Cuando digo equipo hablo de comuni\u00f3n y relaci\u00f3n profesional entre el artista &#8211; galerista &#8211; p\u00fablico. Si no hay galer\u00eda no hay referencia. En este pa\u00eds ha hecho mucho da\u00f1o las casas de remate, que se especializan en vender arte, cuando ese trabajo lo tendr\u00eda que hacer la galer\u00eda o por lo menos ser el referente de los artistas vivos. Las galer\u00edas y las casas de remate, tendr\u00edan que estar m\u00e1s intercomunicadas entre ellos para que la cotizaci\u00f3n que marca las galer\u00edas sea la referencia del rematador.<\/span><\/p>\n<p style=\"text-align: justify;\">El museo es el templo de la cultura pl\u00e1stica. Como tal debe ser respetado. Es la \u00fanica instituci\u00f3n que nos puede acercar la historia del arte y la importancia esta en quien la dirija. Hablamos de Uruguay y yo no he visto como en el pasado que nos acercaron la historia del arte universal. Hoy en d\u00eda el templo de la cultura tiene una deuda con las generaciones j\u00f3venes y es esa.<\/p>\n<p style=\"text-align: justify;\"><strong><span style=\"line-height: 1.5em;\">-\u00bfCu\u00e1les son tus referentes art\u00edsticos?<\/span><\/strong><\/p>\n<p style=\"text-align: justify;\"><span style=\"line-height: 1.5em;\">-Son Miguel \u00c1ngel Pareja, Day Man Ant\u00fanez, Tola Invernizzi, Esp\u00ednola G\u00f3mez, Clarel Neme, Ilda L\u00f3pez, en literatura Vargas Llosa, Garc\u00eda M\u00e1rquez, Mario Benedetti y Eduardo Galeano. Estos maestros me han ense\u00f1ado a pensar mediante la discusi\u00f3n leyendo o viendo sus obras, dado que a casi todos los he conocido personalmente. Todos fueron referentes m\u00edo.<\/span><\/p>\n<p style=\"text-align: justify;\"><span style=\"line-height: 1.5em;\">Hace un tiempo, cuando viv\u00eda Tola Invernizzi, me segu\u00eda casi en secreto, me dejaba esquelitas dici\u00e9ndome tal cuadro me gust\u00f3 y por qu\u00e9 y si no le gust\u00f3 lo mismo. Todav\u00eda lo extra\u00f1o mucho.<\/span><\/p>\n<p style=\"text-align: justify;\"><strong><span style=\"line-height: 1.5em;\">-\u00bfDe qu\u00e9 manera das a conocer tu obra al mundo? \u00bfGeneras v\u00ednculos con agentes culturales en el exterior para hacer circular tus obras?<\/span><\/strong><\/p>\n<p style=\"text-align: justify;\"><span style=\"line-height: 1.5em;\">-Gracias a la tecnolog\u00eda de la que habl\u00e9. El mundo est\u00e1 en tu bolsillo y podes estar conectado con un gran p\u00fablico de todo el mundo, simplemente con un <a href=\"http:\/\/giacoya.blogspot.com\/\" target=\"_blank\" rel=\"noopener\">blog<\/a> y trabajando con constancia. Lo m\u00e1s importante en la difusi\u00f3n de la obra, es la obra misma cuando se va a colecciones privadas o p\u00fablicas porque ah\u00ed es cuando empieza a sostenerse el artista, lo dem\u00e1s ayuda a que lo conozca, pero a valorar, a quererlo y a adquirirlo, pasa por estar en los centros de arte y en las galer\u00eda especializadas en el rubro.<\/span><\/p>\n<p style=\"text-align: justify;\"><strong><span style=\"line-height: 1.5em;\">-\u00bfCrees que el p\u00fablico uruguayo sabe apreciar y consumir arte?<\/span><\/strong><\/p>\n<p style=\"text-align: justify;\"><span style=\"line-height: 1.5em;\">-S\u00ed, hace algunos a\u00f1os escuch\u00e9 a Susana Ramallo cuando ten\u00eda su galer\u00eda de arte, decir que ella ve\u00eda con buenos ojos a aquellos que compraban sus l\u00e1minas para decorar su casa porque era el principio, el primer paso de acercamiento al arte. Despu\u00e9s compraban el primer original del cuadro que les gustaba y luego segu\u00edan. Pero en este pa\u00eds existen casi museos de arte en forma privada, y no uno, sino cientos de coleccionistas, que han elegido el arte como parte de su vida, conviviendo las 24 horas del d\u00eda con las obras de los maestros.<\/span><\/p>\n<p style=\"text-align: justify;\"><span style=\"line-height: 1.5em;\">Con la historia del arte aprendida en el liceo o m\u00e1s espec\u00edficamente en la escuela cuando nos hac\u00edan dibujar nos estaban sensibilizando. Es un camino que hay que seguir profundizando, se ven r\u00edos de tinta en violencia y pocas letras en arte\u2026\u00bfqu\u00e9 nos est\u00e1 pasando?<\/span><\/p>\n<p style=\"text-align: justify;\"><strong><span style=\"line-height: 1.5em;\">-\u00bfQu\u00e9 opiniones te merece el arte y las redes sociales?<\/span><\/strong><\/p>\n<p style=\"text-align: justify;\"><span style=\"line-height: 1.5em;\">-Lo he mencionado al pasar, pero creo que es de suma importancia, la cadena que se forma a trav\u00e9s de una red social. El poder de difusi\u00f3n y de convocatoria es mucho m\u00e1s grande de lo que uno se imagina. Yo me he llevado sorpresas enormes cuando veo de d\u00f3nde me miran, de d\u00f3nde me siguen y de hacia d\u00f3nde van no s\u00e9, no me lo imagino. Pero el mundo del arte sin las redes sociales ser\u00eda mucho m\u00e1s dif\u00edcil de hacer conocer al artista.<\/span><\/p>\n<p style=\"text-align: justify;\"><strong><span style=\"line-height: 1.5em;\">-\u00bfEn qu\u00e9 proyectos trabajas actualmente?<\/span><\/strong><\/p>\n<p style=\"text-align: justify;\"><span style=\"line-height: 1.5em;\">-El proyecto que estoy tratando de sacar adelante es el de \u201cEstancias y Praderas de Florida\u201d. Contar las grandes transformaciones del campo en los \u00faltimos quince a\u00f1os porque me ha impresionado la forma de trabajar moderna, eficaz y eficiente con tecnolog\u00eda y conocimiento, cuidando la ecolog\u00eda y la naturaleza. Los gobernantes dictando normas para que se respete y se conserven los suelos. Esto ha pasado en estos \u00faltimos quince a veinte a\u00f1os. Es un trabajo que no s\u00e9 cu\u00e1ndo voy a terminar, pero lo he empezado a hacer.<\/span><\/p>\n<p style=\"text-align: justify;\"><span style=\"line-height: 1.5em;\">Imagen portada: <a href=\"http:\/\/giacoya.blogspot.com\/\" target=\"_blank\" rel=\"noopener\">giacoya.blogspot.com<\/a><\/span><\/p>\n<p>&nbsp;<br \/>\n&nbsp;<\/p>\n<p style=\"text-align: justify;\">[sam id=&#8221;21&#8243; name=&#8221;notas y articulos&#8221; codes=&#8221;true&#8221;]<\/p>\n<p>&nbsp;<br \/>\n&nbsp;<\/p>\n","protected":false},"excerpt":{"rendered":"<p>Mario Giacoya naci\u00f3 1951 en Sarand\u00ed Grande, Florida. De 1971 a 1973 estudi\u00f3 en el taller de Daym\u00e1n Ant\u00fanez. Ya radicado en Montevideo, estudia luego en el taller Miguel \u00c1ngel Pareja (Galer\u00eda Aramayo) y en 1985 en el Taller Salguero (Doro Salguero de la Hanty). Desde 1964 a nuestros d\u00edas realiza exposiciones por todo el [&hellip;]<\/p>\n","protected":false},"author":8,"featured_media":8463,"comment_status":"closed","ping_status":"closed","sticky":false,"template":"","format":"standard","meta":{"om_disable_all_campaigns":false,"ngg_post_thumbnail":0,"jnews-multi-image_gallery":[],"jnews_single_post":{"subtitle":"","format":"standard","video":"","gallery":"","source_name":"","source_url":"","via_name":"","via_url":"","override_template":"0","override":[{"template":"4","single_blog_custom":"","parallax":"1","fullscreen":"0","layout":"right-sidebar","sidebar":"default-sidebar","second_sidebar":"default-sidebar","sticky_sidebar":"1","share_position":"bottom","share_float_style":"share-monocrhome","show_share_counter":"1","show_view_counter":"1","show_featured":"1","show_post_meta":"1","show_post_author":"1","show_post_author_image":"1","show_post_date":"1","post_date_format":"default","post_date_format_custom":"Y\/m\/d","show_post_category":"1","show_post_reading_time":"0","post_reading_time_wpm":"300","show_zoom_button":"0","zoom_button_out_step":"2","zoom_button_in_step":"3","show_post_tag":"1","show_prev_next_post":"1","show_popup_post":"1","number_popup_post":"1","show_author_box":"1","show_post_related":"0","show_inline_post_related":"0"}],"override_image_size":"0","image_override":[{"single_post_thumbnail_size":"no-crop","single_post_gallery_size":"crop-500"}],"trending_post":"0","trending_post_position":"meta","trending_post_label":"Trending","sponsored_post":"0","sponsored_post_label":"Sponsored by","sponsored_post_name":"","sponsored_post_url":"","sponsored_post_logo_enable":"0","sponsored_post_logo":"","sponsored_post_desc":"","disable_ad":"0"},"jnews_primary_category":{"id":"","hide":""},"jnews_social_meta":{"fb_title":"","fb_description":"","fb_image":"","twitter_title":"","twitter_description":"","twitter_image":""},"jnews_override_counter":{"override_view_counter":"0","view_counter_number":"0","override_share_counter":"0","share_counter_number":"0","override_like_counter":"0","like_counter_number":"0","override_dislike_counter":"0","dislike_counter_number":"0"},"footnotes":""},"categories":[52],"tags":[84,408,142,413,81,750,407],"class_list":["post-8460","post","type-post","status-publish","format-standard","has-post-thumbnail","hentry","category-artista","tag-arte","tag-artes-visuales","tag-artista-visual","tag-bellas-artes","tag-cultura","tag-mario-giacoya","tag-plastica"],"yoast_head":"<!-- This site is optimized with the Yoast SEO plugin v27.4 - https:\/\/yoast.com\/product\/yoast-seo-wordpress\/ -->\n<title>Pintando su historia, entrevista al artista pl\u00e1stico Mario Giacoya - Cooltivarte Portal<\/title>\n<meta name=\"description\" content=\"Mario Giacoya naci\u00f3 1951 en Sarand\u00ed Grande, Florida. De 1971 a 1973 estudi\u00f3 en el taller de Daym\u00e1n Ant\u00fanez. Ya radicado en Montevideo, estudia luego en el taller Miguel \u00c1ngel Pareja (Galer\u00eda Aramayo) y en 1985 en el Taller Salguero (Doro Salguero de la Hanty).\" \/>\n<meta name=\"robots\" content=\"index, follow, max-snippet:-1, max-image-preview:large, max-video-preview:-1\" \/>\n<link rel=\"canonical\" href=\"https:\/\/cooltivarte.com\/portal\/pintando-su-historia-entrevista-al-artista-plastico-mario-giacoya\/\" \/>\n<meta property=\"og:locale\" content=\"es_ES\" \/>\n<meta property=\"og:type\" content=\"article\" \/>\n<meta property=\"og:title\" content=\"Pintando su historia, entrevista al artista pl\u00e1stico Mario Giacoya\" \/>\n<meta property=\"og:description\" content=\"Mario Giacoya naci\u00f3 1951 en Sarand\u00ed Grande, Florida. De 1971 a 1973 estudi\u00f3 en el taller de Daym\u00e1n Ant\u00fanez. Ya radicado en Montevideo, estudia luego en el taller Miguel \u00c1ngel Pareja (Galer\u00eda Aramayo) y en 1985 en el Taller Salguero (Doro Salguero de la Hanty).\" \/>\n<meta property=\"og:url\" content=\"https:\/\/cooltivarte.com\/portal\/pintando-su-historia-entrevista-al-artista-plastico-mario-giacoya\/\" \/>\n<meta property=\"og:site_name\" content=\"Cooltivarte Portal\" \/>\n<meta property=\"article:publisher\" content=\"https:\/\/www.facebook.com\/cooltivartecom\/\" \/>\n<meta property=\"article:author\" content=\"https:\/\/www.facebook.com\/cooltivartecom\" \/>\n<meta property=\"article:published_time\" content=\"2014-10-24T17:19:47+00:00\" \/>\n<meta property=\"article:modified_time\" content=\"2023-03-19T21:16:24+00:00\" \/>\n<meta property=\"og:image\" content=\"https:\/\/cooltivarte.com\/portal\/wp-content\/uploads\/2014\/10\/2-10-mario-pintando.jpg\" \/>\n\t<meta property=\"og:image:width\" content=\"730\" \/>\n\t<meta property=\"og:image:height\" content=\"308\" \/>\n\t<meta property=\"og:image:type\" content=\"image\/jpeg\" \/>\n<meta name=\"author\" content=\"Cooltivarte\" \/>\n<meta name=\"twitter:card\" content=\"summary_large_image\" \/>\n<meta name=\"twitter:title\" content=\"Pintando su historia, entrevista al artista pl\u00e1stico Mario Giacoya\" \/>\n<meta name=\"twitter:description\" content=\"Mario Giacoya naci\u00f3 1951 en Sarand\u00ed Grande, Florida. De 1971 a 1973 estudi\u00f3 en el taller de Daym\u00e1n Ant\u00fanez. Ya radicado en Montevideo, estudia luego en el taller Miguel \u00c1ngel Pareja (Galer\u00eda Aramayo) y en 1985 en el Taller Salguero (Doro Salguero de la Hanty).\" \/>\n<meta name=\"twitter:image\" content=\"https:\/\/cooltivarte.com\/portal\/wp-content\/uploads\/2014\/10\/2-10-mario-pintando.jpg\" \/>\n<meta name=\"twitter:creator\" content=\"@https:\/\/x.com\/obolocultural\" \/>\n<meta name=\"twitter:site\" content=\"@obolocultural\" \/>\n<meta name=\"twitter:label1\" content=\"Escrito por\" \/>\n\t<meta name=\"twitter:data1\" content=\"Cooltivarte\" \/>\n\t<meta name=\"twitter:label2\" content=\"Tiempo de lectura\" \/>\n\t<meta name=\"twitter:data2\" content=\"11 minutos\" \/>\n<!-- \/ Yoast SEO plugin. -->","yoast_head_json":{"title":"Pintando su historia, entrevista al artista pl\u00e1stico Mario Giacoya - Cooltivarte Portal","description":"Mario Giacoya naci\u00f3 1951 en Sarand\u00ed Grande, Florida. De 1971 a 1973 estudi\u00f3 en el taller de Daym\u00e1n Ant\u00fanez. Ya radicado en Montevideo, estudia luego en el taller Miguel \u00c1ngel Pareja (Galer\u00eda Aramayo) y en 1985 en el Taller Salguero (Doro Salguero de la Hanty).","robots":{"index":"index","follow":"follow","max-snippet":"max-snippet:-1","max-image-preview":"max-image-preview:large","max-video-preview":"max-video-preview:-1"},"canonical":"https:\/\/cooltivarte.com\/portal\/pintando-su-historia-entrevista-al-artista-plastico-mario-giacoya\/","og_locale":"es_ES","og_type":"article","og_title":"Pintando su historia, entrevista al artista pl\u00e1stico Mario Giacoya","og_description":"Mario Giacoya naci\u00f3 1951 en Sarand\u00ed Grande, Florida. De 1971 a 1973 estudi\u00f3 en el taller de Daym\u00e1n Ant\u00fanez. Ya radicado en Montevideo, estudia luego en el taller Miguel \u00c1ngel Pareja (Galer\u00eda Aramayo) y en 1985 en el Taller Salguero (Doro Salguero de la Hanty).","og_url":"https:\/\/cooltivarte.com\/portal\/pintando-su-historia-entrevista-al-artista-plastico-mario-giacoya\/","og_site_name":"Cooltivarte Portal","article_publisher":"https:\/\/www.facebook.com\/cooltivartecom\/","article_author":"https:\/\/www.facebook.com\/cooltivartecom","article_published_time":"2014-10-24T17:19:47+00:00","article_modified_time":"2023-03-19T21:16:24+00:00","og_image":[{"width":730,"height":308,"url":"https:\/\/cooltivarte.com\/portal\/wp-content\/uploads\/2014\/10\/2-10-mario-pintando.jpg","type":"image\/jpeg"}],"author":"Cooltivarte","twitter_card":"summary_large_image","twitter_title":"Pintando su historia, entrevista al artista pl\u00e1stico Mario Giacoya","twitter_description":"Mario Giacoya naci\u00f3 1951 en Sarand\u00ed Grande, Florida. De 1971 a 1973 estudi\u00f3 en el taller de Daym\u00e1n Ant\u00fanez. Ya radicado en Montevideo, estudia luego en el taller Miguel \u00c1ngel Pareja (Galer\u00eda Aramayo) y en 1985 en el Taller Salguero (Doro Salguero de la Hanty).","twitter_image":"https:\/\/cooltivarte.com\/portal\/wp-content\/uploads\/2014\/10\/2-10-mario-pintando.jpg","twitter_creator":"@https:\/\/x.com\/obolocultural","twitter_site":"@obolocultural","twitter_misc":{"Escrito por":"Cooltivarte","Tiempo de lectura":"11 minutos"},"schema":{"@context":"https:\/\/schema.org","@graph":[{"@type":"NewsArticle","@id":"https:\/\/cooltivarte.com\/portal\/pintando-su-historia-entrevista-al-artista-plastico-mario-giacoya\/#article","isPartOf":{"@id":"https:\/\/cooltivarte.com\/portal\/pintando-su-historia-entrevista-al-artista-plastico-mario-giacoya\/"},"author":{"name":"Cooltivarte","@id":"https:\/\/cooltivarte.com\/portal\/#\/schema\/person\/ec2a4f4e71b740d0c559c0ab9a157e19"},"headline":"Pintando su historia, entrevista al artista pl\u00e1stico Mario Giacoya","datePublished":"2014-10-24T17:19:47+00:00","dateModified":"2023-03-19T21:16:24+00:00","mainEntityOfPage":{"@id":"https:\/\/cooltivarte.com\/portal\/pintando-su-historia-entrevista-al-artista-plastico-mario-giacoya\/"},"wordCount":2300,"publisher":{"@id":"https:\/\/cooltivarte.com\/portal\/#organization"},"image":{"@id":"https:\/\/cooltivarte.com\/portal\/pintando-su-historia-entrevista-al-artista-plastico-mario-giacoya\/#primaryimage"},"thumbnailUrl":"https:\/\/cooltivarte.com\/portal\/wp-content\/uploads\/2014\/10\/2-10-mario-pintando.jpg","keywords":["Arte","Artes Visuales","Artista Visual","Bellas Artes","Cultura","mario giacoya","Pl\u00e1stica"],"articleSection":["Arte"],"inLanguage":"es-AR"},{"@type":"WebPage","@id":"https:\/\/cooltivarte.com\/portal\/pintando-su-historia-entrevista-al-artista-plastico-mario-giacoya\/","url":"https:\/\/cooltivarte.com\/portal\/pintando-su-historia-entrevista-al-artista-plastico-mario-giacoya\/","name":"Pintando su historia, entrevista al artista pl\u00e1stico Mario Giacoya - Cooltivarte Portal","isPartOf":{"@id":"https:\/\/cooltivarte.com\/portal\/#website"},"primaryImageOfPage":{"@id":"https:\/\/cooltivarte.com\/portal\/pintando-su-historia-entrevista-al-artista-plastico-mario-giacoya\/#primaryimage"},"image":{"@id":"https:\/\/cooltivarte.com\/portal\/pintando-su-historia-entrevista-al-artista-plastico-mario-giacoya\/#primaryimage"},"thumbnailUrl":"https:\/\/cooltivarte.com\/portal\/wp-content\/uploads\/2014\/10\/2-10-mario-pintando.jpg","datePublished":"2014-10-24T17:19:47+00:00","dateModified":"2023-03-19T21:16:24+00:00","description":"Mario Giacoya naci\u00f3 1951 en Sarand\u00ed Grande, Florida. De 1971 a 1973 estudi\u00f3 en el taller de Daym\u00e1n Ant\u00fanez. Ya radicado en Montevideo, estudia luego en el taller Miguel \u00c1ngel Pareja (Galer\u00eda Aramayo) y en 1985 en el Taller Salguero (Doro Salguero de la Hanty).","breadcrumb":{"@id":"https:\/\/cooltivarte.com\/portal\/pintando-su-historia-entrevista-al-artista-plastico-mario-giacoya\/#breadcrumb"},"inLanguage":"es-AR","potentialAction":[{"@type":"ReadAction","target":["https:\/\/cooltivarte.com\/portal\/pintando-su-historia-entrevista-al-artista-plastico-mario-giacoya\/"]}]},{"@type":"ImageObject","inLanguage":"es-AR","@id":"https:\/\/cooltivarte.com\/portal\/pintando-su-historia-entrevista-al-artista-plastico-mario-giacoya\/#primaryimage","url":"https:\/\/cooltivarte.com\/portal\/wp-content\/uploads\/2014\/10\/2-10-mario-pintando.jpg","contentUrl":"https:\/\/cooltivarte.com\/portal\/wp-content\/uploads\/2014\/10\/2-10-mario-pintando.jpg","width":730,"height":308,"caption":"Foto: http:\/\/giacoya.blogspot.com\/"},{"@type":"BreadcrumbList","@id":"https:\/\/cooltivarte.com\/portal\/pintando-su-historia-entrevista-al-artista-plastico-mario-giacoya\/#breadcrumb","itemListElement":[{"@type":"ListItem","position":1,"name":"Portada","item":"https:\/\/cooltivarte.com\/portal\/"},{"@type":"ListItem","position":2,"name":"Pintando su historia, entrevista al artista pl\u00e1stico Mario Giacoya"}]},{"@type":"WebSite","@id":"https:\/\/cooltivarte.com\/portal\/#website","url":"https:\/\/cooltivarte.com\/portal\/","name":"Cooltivarte Portal","description":"Arte, cultura y turismo para el mundo ...","publisher":{"@id":"https:\/\/cooltivarte.com\/portal\/#organization"},"potentialAction":[{"@type":"SearchAction","target":{"@type":"EntryPoint","urlTemplate":"https:\/\/cooltivarte.com\/portal\/?s={search_term_string}"},"query-input":{"@type":"PropertyValueSpecification","valueRequired":true,"valueName":"search_term_string"}}],"inLanguage":"es-AR"},{"@type":"Organization","@id":"https:\/\/cooltivarte.com\/portal\/#organization","name":"cooltivarte","url":"https:\/\/cooltivarte.com\/portal\/","logo":{"@type":"ImageObject","inLanguage":"es-AR","@id":"https:\/\/cooltivarte.com\/portal\/#\/schema\/logo\/image\/","url":"https:\/\/cooltivarte.com\/portal\/wp-content\/uploads\/2020\/04\/logo-cooltivarte-v2.png","contentUrl":"https:\/\/cooltivarte.com\/portal\/wp-content\/uploads\/2020\/04\/logo-cooltivarte-v2.png","width":851,"height":243,"caption":"cooltivarte"},"image":{"@id":"https:\/\/cooltivarte.com\/portal\/#\/schema\/logo\/image\/"},"sameAs":["https:\/\/www.facebook.com\/cooltivartecom\/","https:\/\/x.com\/obolocultural","https:\/\/www.instagram.com\/_cooltivarte_\/","https:\/\/www.linkedin.com\/company\/-bolocultural?reportsuccess=8zaNG1HwhPbAR9iQhZ5rfGeqz_vQFftHun0ZWU0Wy9vNemRJ8vtcKdJvzQfW8XagyOJSKg0XvfJ1dp","https:\/\/www.pinterest.com\/cooltivarte\/","https:\/\/cooltivarte.tumblr.com\/","https:\/\/www.tiktok.com\/@cooltivarte","https:\/\/www.youtube.com\/@PrensaCooltivarte"]},{"@type":"Person","@id":"https:\/\/cooltivarte.com\/portal\/#\/schema\/person\/ec2a4f4e71b740d0c559c0ab9a157e19","name":"Cooltivarte","image":{"@type":"ImageObject","inLanguage":"es-AR","@id":"https:\/\/cooltivarte.com\/portal\/wp-content\/uploads\/2014\/05\/logo-cooltivarte-120x120.jpg","url":"https:\/\/cooltivarte.com\/portal\/wp-content\/uploads\/2014\/05\/logo-cooltivarte-120x120.jpg","contentUrl":"https:\/\/cooltivarte.com\/portal\/wp-content\/uploads\/2014\/05\/logo-cooltivarte-120x120.jpg","caption":"Cooltivarte"},"description":"Somos COOLTIVARTE.COM. Un portal digital dedicado a difundir el acontecer art\u00edstico y cultural del Uruguay. Estamos en la vuelta desde el a\u00f1o 2003, y como evoluci\u00f3n del bolet\u00edn Obolo Cultural, nos encontramos abocados a apoyar a los artistas nacionales brind\u00e1ndoles un espacio de difusi\u00f3n. Creemos en la idea de utilizar la potencialidad que hoy d\u00eda nos otorga la web, para que la cultura uruguaya y sus creadores dispongan de una din\u00e1mica ventana, que los ponga en contacto entre s\u00ed y con el mundo. Somos COOLTIVARTE.COM y pretendemos configurarnos como un portal din\u00e1mico, entretenido y atento a los nuevos emprendimientos, que busque siempre la interacci\u00f3n con los artistas.","sameAs":["http:\/\/www.cooltivarte.com","https:\/\/www.facebook.com\/cooltivartecom","https:\/\/www.instagram.com\/_cooltivarte_\/","https:\/\/www.linkedin.com\/company\/-bolocultural","https:\/\/www.pinterest.com\/cooltivarte\/","https:\/\/x.com\/https:\/\/x.com\/obolocultural","https:\/\/www.youtube.com\/@PrensaCooltivarte","https:\/\/www.tumblr.com\/blog\/cooltivarte"],"url":"https:\/\/cooltivarte.com\/portal\/author\/cooltivarte\/"}]}},"_links":{"self":[{"href":"https:\/\/cooltivarte.com\/portal\/wp-json\/wp\/v2\/posts\/8460","targetHints":{"allow":["GET"]}}],"collection":[{"href":"https:\/\/cooltivarte.com\/portal\/wp-json\/wp\/v2\/posts"}],"about":[{"href":"https:\/\/cooltivarte.com\/portal\/wp-json\/wp\/v2\/types\/post"}],"author":[{"embeddable":true,"href":"https:\/\/cooltivarte.com\/portal\/wp-json\/wp\/v2\/users\/8"}],"replies":[{"embeddable":true,"href":"https:\/\/cooltivarte.com\/portal\/wp-json\/wp\/v2\/comments?post=8460"}],"version-history":[{"count":14,"href":"https:\/\/cooltivarte.com\/portal\/wp-json\/wp\/v2\/posts\/8460\/revisions"}],"predecessor-version":[{"id":88808,"href":"https:\/\/cooltivarte.com\/portal\/wp-json\/wp\/v2\/posts\/8460\/revisions\/88808"}],"wp:featuredmedia":[{"embeddable":true,"href":"https:\/\/cooltivarte.com\/portal\/wp-json\/wp\/v2\/media\/8463"}],"wp:attachment":[{"href":"https:\/\/cooltivarte.com\/portal\/wp-json\/wp\/v2\/media?parent=8460"}],"wp:term":[{"taxonomy":"category","embeddable":true,"href":"https:\/\/cooltivarte.com\/portal\/wp-json\/wp\/v2\/categories?post=8460"},{"taxonomy":"post_tag","embeddable":true,"href":"https:\/\/cooltivarte.com\/portal\/wp-json\/wp\/v2\/tags?post=8460"}],"curies":[{"name":"wp","href":"https:\/\/api.w.org\/{rel}","templated":true}]}}