{"id":84502,"date":"2022-09-17T22:05:27","date_gmt":"2022-09-18T01:05:27","guid":{"rendered":"https:\/\/cooltivarte.com\/portal\/?p=84502"},"modified":"2022-09-17T22:18:55","modified_gmt":"2022-09-18T01:18:55","slug":"temporada-alta-para-la-herrero-en-el-museo-sivori","status":"publish","type":"post","link":"https:\/\/cooltivarte.com\/portal\/temporada-alta-para-la-herrero-en-el-museo-sivori\/","title":{"rendered":"Temporada alta para la Herrero &#8211; En el Museo S\u00edvori"},"content":{"rendered":"<figure id=\"attachment_84506\" aria-describedby=\"caption-attachment-84506\" style=\"width: 1346px\" class=\"wp-caption aligncenter\"><img fetchpriority=\"high\" decoding=\"async\" class=\"wp-image-84506 size-full\" title=\"Alicia Herrero posa junto a Still Life de 1999 en la que el yeso pulido congela objetos referenciales del ejercicio acad\u00e9mico del bodeg\u00f3n\" src=\"https:\/\/cooltivarte.com\/portal\/wp-content\/uploads\/2022\/09\/Alicia-Herrero-posa-junto-a-Still-Life-de-1999-en-la-que-el-yeso-pulido-congela-objetos-referenciales-del-ejercicio-academico-del-bodegon.jpg\" alt=\"Alicia Herrero posa junto a Still Life de 1999 en la que el yeso pulido congela objetos referenciales del ejercicio acad\u00e9mico del bodeg\u00f3n\" width=\"1346\" height=\"896\" srcset=\"https:\/\/cooltivarte.com\/portal\/wp-content\/uploads\/2022\/09\/Alicia-Herrero-posa-junto-a-Still-Life-de-1999-en-la-que-el-yeso-pulido-congela-objetos-referenciales-del-ejercicio-academico-del-bodegon.jpg 1346w, https:\/\/cooltivarte.com\/portal\/wp-content\/uploads\/2022\/09\/Alicia-Herrero-posa-junto-a-Still-Life-de-1999-en-la-que-el-yeso-pulido-congela-objetos-referenciales-del-ejercicio-academico-del-bodegon-300x200.jpg 300w, https:\/\/cooltivarte.com\/portal\/wp-content\/uploads\/2022\/09\/Alicia-Herrero-posa-junto-a-Still-Life-de-1999-en-la-que-el-yeso-pulido-congela-objetos-referenciales-del-ejercicio-academico-del-bodegon-1024x682.jpg 1024w, https:\/\/cooltivarte.com\/portal\/wp-content\/uploads\/2022\/09\/Alicia-Herrero-posa-junto-a-Still-Life-de-1999-en-la-que-el-yeso-pulido-congela-objetos-referenciales-del-ejercicio-academico-del-bodegon-768x511.jpg 768w\" sizes=\"(max-width: 1346px) 100vw, 1346px\" \/><figcaption id=\"caption-attachment-84506\" class=\"wp-caption-text\">Alicia Herrero posa junto a Still Life de 1999 en la que el yeso pulido congela objetos referenciales del ejercicio acad\u00e9mico del bodeg\u00f3n<\/figcaption><\/figure>\n<p><em>A modo de retrospectiva y con obras nunca antes exhibidas, <strong>Alicia Herrero<\/strong> retoma sus obsesiones las estad\u00edsticas, los roles asignados y los enseres de cocina en m\u00faltiples soportes.<\/em><\/p>\n<p>Cuando los signos trascienden lo meramente simb\u00f3lico y se vuelven objeto y hecho art\u00edstico, las posibilidades de interpretaci\u00f3n son infinitas, plurales y abundantes. La c\u00e9lebre frase de&nbsp;<strong>Matisse&nbsp;<\/strong>en la que afirma solo pintar las diferencias entre las cosas y no las cosas mismas, es una excelente s\u00edntesis en clave est\u00e9tica de la relaci\u00f3n que existe entre el signo y lo real.<\/p>\n<p>La cantidad de informaci\u00f3n que&nbsp;<strong>Alicia Herrero&nbsp;<\/strong>re\u00fane en&nbsp;<em>Supersignos y la performatividad de la materia<\/em>, su muestra reci\u00e9n inaugurada en el&nbsp;<strong>Museo S\u00edvori<\/strong>, es tal que solo el gran trabajo curatorial de&nbsp;<strong>Teresa Riccardi<\/strong>&nbsp;pudo evitar que la congesti\u00f3n y el desorden se apoderen del espacio. Por el contrario, la ilaci\u00f3n es did\u00e1ctica y eficaz. Sin que la obra pierda ni un poco de contemporaneidad \u2013la exposici\u00f3n lleva de subt\u00edtulo&nbsp;<em>Obras y procesos (1996-2011)<\/em>\u2013, el gui\u00f3n planteado por la curadora cumple con los requisitos muse\u00edsticos b\u00e1sicos y hace que la muestra sea disfrutable para audiencias diversas y amplias.<\/p>\n<p>Herrero tiene algunas&nbsp;<strong>obsesiones<\/strong>. Las estad\u00edsticas, el orden simb\u00f3lico del mundo, los roles asignados, los enseres de cocina y una idea del arte relacionado con las personas son abordados en esta expo que funciona como una retrospectiva de su obra. Con esas pocas letras<strong>&nbsp;logra construir un alfabeto sutil y sofisticado<\/strong>, que necesita del despliegue de casi todos los registros posibles para alcanzar su voz definitiva.<\/p>\n<p>&nbsp;<\/p>\n<figure style=\"width: 720px\" class=\"wp-caption aligncenter\"><img decoding=\"async\" title=\"Supersignos\/supermercado, 1996-1999. Un collage de fotocopias sobre 56 m\u00f3dulos de papel.\" src=\"https:\/\/www.clarin.com\/img\/2022\/09\/16\/supersignos-supermercado-1996-1999-un___j-cOHdp-__720x0__1.jpg\" alt=\"Supersignos\/supermercado, 1996-1999. Un collage de fotocopias sobre 56 m\u00f3dulos de papel.\" width=\"720\" height=\"480\"\/><figcaption class=\"wp-caption-text\">Supersignos\/supermercado, 1996-1999. Un collage de fotocopias sobre 56 m\u00f3dulos de papel.<\/figcaption><\/figure>\n<p>&nbsp;<\/p>\n<p>Herrero participa ahora mismo de la exposici\u00f3n colectiva<em>&nbsp;Mercados Financieros<\/em>, en Museo del Banco Nacional de M\u00e9xico; en la muestra curada por Francisco Lemus sobre el arte de los 90 en Buenos Aires&nbsp;<em>El arte es un misterio<\/em>, en&nbsp;<strong>Colecci\u00f3n Fortabat<\/strong>; y en<em>&nbsp;Giro Gr\u00e1fico<\/em>, en el madrile\u00f1o museo&nbsp;<strong>Reina Sof\u00eda<\/strong>. Estar\u00e1, adem\u00e1s, en la expo colectiva que Herlitzka + Faria llevar\u00e1 a arteba 2022, a comienzos de octubre.<\/p>\n<p>La exposici\u00f3n se abre con la obra<em>&nbsp;Supersignos\/Supermercados<\/em>, un collage de grandes dimensiones formado por 56 m\u00f3dulos de papel de 35 x 50 cent\u00edmetros. La pieza fue realizada entre 1996 y 1999 y nunca hab\u00eda sido mostrada en Argentina. Esta obra es, al mismo tiempo, resumen y expansi\u00f3n. Por un lado, todo lo que suceder\u00e1 de all\u00ed en m\u00e1s en la muestra est\u00e1 contenido en&nbsp;<em>Supersignos<\/em>, pero al mismo tiempo, el collage, apoyado tambi\u00e9n en su metodolog\u00eda, instala<strong>&nbsp;un ejercicio de deconstrucci\u00f3n que ramifica el alcance conceptual&nbsp;<\/strong>de la artista y la hace dialogar con los grandes e irresueltos dilemas del arte contempor\u00e1neo. Las im\u00e1genes de enciclopedias, el simulcop, las l\u00e1minas de manuales escolares, palabras sueltas y leyendas infantiles puestas de cabeza, alternando sus roles establecidos y formulando preguntas irresueltas convierten a esta obra en un \u00edcono interpretativo de su temporalidad y, al mismo tiempo, en un escal\u00f3n sobre el cu\u00e1l pararse para mirar hacia adelante.<\/p>\n<p>&nbsp;<\/p>\n<figure style=\"width: 720px\" class=\"wp-caption aligncenter\"><img decoding=\"async\" title=\"Vista de la instalaci\u00f3n \u201cConsideraciones sobre lo p\u00fablico\/ Un simposio en tres actos\u201d (2010).\" src=\"https:\/\/www.clarin.com\/img\/2022\/09\/16\/vista-de-la-instalacion-consideraciones___CfaAP2Qgw_720x0__1.jpg\" alt=\"Vista de la instalaci\u00f3n \u201cConsideraciones sobre lo p\u00fablico\/ Un simposio en tres actos\u201d (2010).\" width=\"720\" height=\"480\"\/><figcaption class=\"wp-caption-text\">Vista de la instalaci\u00f3n \u201cConsideraciones sobre lo p\u00fablico\/ Un simposio en tres actos\u201d (2010).<\/figcaption><\/figure>\n<p>&nbsp;<\/p>\n<p>En ese porvenir, o al menos en la biograf\u00eda de Herrero, aparece la obra&nbsp;<em>CHAT<\/em>. Este trabajo, concebido entre 2000 y 2001, fue comisionado por el&nbsp;<strong>Museo Boijmans van Beuningen<\/strong>, de Rotterdam, Pa\u00edses Bajos, y enlaza algunas de las ideas m\u00e1s fuertes de Herrero con su gran capacidad de experimentaci\u00f3n. La pieza toma la forma, finalmente, de una instalaci\u00f3n en donde se distribuyen una serie de objetos parlantes. La acci\u00f3n perform\u00e1tica de Herrero fue la siguiente: mediante unos volantes y un website, pidi\u00f3 a los habitantes de la ciudad de Rotterdam que dibujaran alg\u00fan utensilio o cacharro de cocina y que cuenten una historia relacionada. El resultado, incluso para su sorpresa, fue imponente y logr\u00f3 reunir un corpus de material muy grande, que se trajo a Buenos Aires. Las historias contadas se grabaron en ingl\u00e9s, espa\u00f1ol y holand\u00e9s en alta calidad y se dise\u00f1\u00f3 una instalaci\u00f3n en la que los objetos dibujados por las personas, ya materializados, establec\u00edan conversaciones entre s\u00ed.&nbsp;<em>CHAT&nbsp;<\/em>fue presentado en el museo desde el 12 de diciembre de 2001 hasta el 24 de febrero de 2002 \u2013momento \u00e1lgido para la Argentina\u2013 y form\u00f3 parte del proyecto&nbsp;<em>Meeting Places<\/em>&nbsp;en el marco de la exposici\u00f3n&nbsp;<em>Unpacking Europe<\/em>. Aqu\u00ed en el S\u00edvori dos vitrinas dispuestas con material, documentaci\u00f3n, fotograf\u00edas, textos a mano, CD\u00b4s y otras referencias al proyecto presentan al espectador una cr\u00f3nica de ese proceso creativo. Junto a \u00e9stas, un video, el primero de Herrero, acompa\u00f1a la performance con un lenguaje indiscutiblemente pict\u00f3rico, estallado de un color naranja intenso y con planos muy cortos de un trabajo de danza.<\/p>\n<p>&nbsp;<\/p>\n<figure style=\"width: 720px\" class=\"wp-caption aligncenter\"><img loading=\"lazy\" decoding=\"async\" title=\"La ceramista performer Gabriela Beruti puede ser espiada mientras modela en la instalaci\u00f3n.\" src=\"https:\/\/www.clarin.com\/img\/2022\/09\/16\/la-ceramista-performer-gabriela-beruti___lo_jWKhii_720x0__1.jpg\" alt=\"La ceramista performer Gabriela Beruti puede ser espiada mientras modela en la instalaci\u00f3n.\" width=\"720\" height=\"962\"\/><figcaption class=\"wp-caption-text\">La ceramista performer Gabriela Beruti puede ser espiada mientras modela en la instalaci\u00f3n.<\/figcaption><\/figure>\n<p>&nbsp;<\/p>\n<p>En la misma sala, la mirada planificada de la artista se completa con&nbsp;<strong>un gran mural de piezas de aluminio<\/strong>&nbsp;calado a mano. Son 13 las piezas de distintas medidas que refieren a utensilios y elementos de cocina. Dispuestas sobre un fondo rosa conforman una alegor\u00eda abierta, donde caben las<strong>&nbsp;interpretaciones de g\u00e9nero<\/strong>&nbsp;pero tambi\u00e9n las relacionadas con el mundo del trabajo o, incluso, las del cuidado y la intimidad hogare\u00f1a.<\/p>\n<p>El desdoblamiento entre lo real y lo virtual aparece inmediatamente con Imperio-las cosas, otra instalaci\u00f3n, esta vez en la que Herrero proyecta en una sala oscura un video que se materializa&nbsp;<strong>un cuantioso cat\u00e1logo de vajilla de \u00e9poca&nbsp;<\/strong>mientras suena en el ambiente la clim\u00e1tica m\u00fasica de Bach. D\u00e1ndose la vuelta, el visitante puede ver, a trav\u00e9s de un orificio en una puerta, el trabajo concreto de una ceramista en su taller. Es la performer<strong>&nbsp;Gabriela Beruti<\/strong>&nbsp;quien puede ser espiada mientras modela, estableciendo el car\u00e1cter dual de la obra, entre lo proyectado y lo real y tangible.<\/p>\n<p>&nbsp;<\/p>\n<figure style=\"width: 720px\" class=\"wp-caption aligncenter\"><img loading=\"lazy\" decoding=\"async\" title=\"\u201cInstrumental\u201d, 2021. Acr\u00edlico sobre tela. 170 x 135 x 4 cm.\" src=\"https:\/\/www.clarin.com\/img\/2022\/09\/16\/instrumental-2021-acrilico-sobre-tela___iRxkqqKOZ_720x0__1.jpg\" alt=\"\u201cInstrumental\u201d, 2021. Acr\u00edlico sobre tela. 170 x 135 x 4 cm.\" width=\"720\" height=\"1080\"\/><figcaption class=\"wp-caption-text\">\u201cInstrumental\u201d, 2021. Acr\u00edlico sobre tela. 170 x 135 x 4 cm.<\/figcaption><\/figure>\n<p>&nbsp;<\/p>\n<p>Una muestra de las modulaciones posibles en los registros de la artista siguen en el itinerario del espectador. En la misma l\u00ednea visual, dos obras que se igualan en vibraci\u00f3n e impacto, se separan en el soporte y la resoluci\u00f3n. En&nbsp;<em>Still Life<\/em>, una obra de 1999, el yeso pulido congela una serie de objetos referenciales del ejercicio acad\u00e9mico del bodeg\u00f3n. Las piezas blanqu\u00edsimas est\u00e1n dispuestas sobre unas tarimas que funcionan al mismo tiempo como una continuidad escult\u00f3rica.&nbsp;<strong>La sombra de los objetos sobre la plataforma reafirma su condici\u00f3n de Vanitas<\/strong>&nbsp;y le confiere al conjunto un aire de frialdad y pureza realmente conmovedora. En el otro extremo emocional, el video&nbsp;<em>Happening<\/em>, de 2,20 minutos de duraci\u00f3n, presenta en tiempo real una imagen inquietante, dura, quieta, que repone el \u201cestar ah\u00ed\u201d del happening como expresi\u00f3n art\u00edstica pero que juega a su vez ling\u00fc\u00edsticamente con la idea de acontecimiento. La c\u00e1mara fija frente a una cocina, rodeada del sonido de \u201cLas ruinas de Atenas\u201d de&nbsp;<strong>Beethoven&nbsp;<\/strong>genera un clima opresivo, casi fantasmal.<\/p>\n<p>El c\u00edrculo de&nbsp;<em>Supersignos&nbsp;<\/em>se completa en la sala 4 con&nbsp;<em>Consideraciones sobre lo p\u00fablico<\/em>, un simposio en tres actos. En rigor de verdad, Herrero utiliza una serie de videos que grab\u00f3 entre 2010 y 2011 en diferentes escenarios para convertir el espacio en&nbsp;<strong>una nube de referencias a su propia obra<\/strong>. Las columnas transmutan simb\u00f3licamente en repasadores y los gr\u00e1ficos estad\u00edsticos en forma de tortas se despliegan en el piso unificando visualmente la sala entera.<\/p>\n<p><em>Supersignos y la performatividad de la materia<\/em>&nbsp;introduce a los pluriversos posibles de la obra de <strong>Alicia Herrero<\/strong>. Qui\u00e9n quiera tener una idea del desarrollo y el destino del&nbsp;<a href=\"https:\/\/cooltivarte.com\/portal\/?s=arte+contempor\u00e1neo\" target=\"_blank\" rel=\"noopener\" data-cke-saved-href=\"https:\/\/www.clarin.com\/tema\/arte-contemporaneo.html\">arte contempor\u00e1neo<\/a>&nbsp;en la Argentina desde la d\u00e9cada del 90 hasta hoy, y desee imaginar lo que vendr\u00e1, tiene con esta exposici\u00f3n una cita ineludible.<\/p>\n<p><em><strong>Supersignos&#8230; &#8211; Alicia Herrero<\/strong><\/em><\/p>\n<p><strong>Lugar:<\/strong>&nbsp;<strong><a href=\"https:\/\/linktr.ee\/museo_sivori\" target=\"_blank\" rel=\"noopener\">Museo S\u00edvori<\/a><\/strong>, Av. Infanta Isabel 555<br \/>\n<strong>Horario:<\/strong>&nbsp;lun a vie de 11 a 19 (martes cerrado); s\u00e1b y dom de 11 a 20&nbsp;<strong>Fecha:<\/strong>&nbsp;hasta el 30 noviembre<br \/>\n<strong>Entrada:<\/strong>&nbsp;gratuita<\/p>\n<p>&nbsp;<\/p>\n<blockquote class=\"instagram-media\" style=\"background: #FFF; border: 0; border-radius: 3px; box-shadow: 0 0 1px 0 rgba(0,0,0,0.5),0 1px 10px 0 rgba(0,0,0,0.15); margin: 1px; max-width: 540px; min-width: 326px; padding: 0; width: calc(100% - 2px);\" data-instgrm-captioned=\"\" data-instgrm-permalink=\"https:\/\/www.instagram.com\/p\/CiSQw5nMtuF\/?utm_source=ig_embed&amp;utm_campaign=loading\" data-instgrm-version=\"14\">\n<div style=\"padding: 16px;\">\n<p>&nbsp;<\/p>\n<div style=\"display: flex; flex-direction: row; align-items: center;\">\n<div style=\"background-color: #f4f4f4; border-radius: 50%; flex-grow: 0; height: 40px; margin-right: 14px; width: 40px;\">&nbsp;<\/div>\n<div style=\"display: flex; flex-direction: column; flex-grow: 1; justify-content: center;\">\n<div style=\"background-color: #f4f4f4; border-radius: 4px; flex-grow: 0; height: 14px; margin-bottom: 6px; width: 100px;\">&nbsp;<\/div>\n<div style=\"background-color: #f4f4f4; border-radius: 4px; flex-grow: 0; height: 14px; width: 60px;\">&nbsp;<\/div>\n<\/div>\n<\/div>\n<div style=\"padding: 19% 0;\">&nbsp;<\/div>\n<div style=\"display: block; height: 50px; margin: 0 auto 12px; width: 50px;\">&nbsp;<\/div>\n<div style=\"padding-top: 8px;\">\n<div style=\"color: #3897f0; font-family: Arial,sans-serif; font-size: 14px; font-style: normal; font-weight: 550; line-height: 18px;\">Ver esta publicaci\u00f3n en Instagram<\/div>\n<\/div>\n<div style=\"padding: 12.5% 0;\">&nbsp;<\/div>\n<div style=\"display: flex; flex-direction: row; margin-bottom: 14px; align-items: center;\">\n<div>\n<div style=\"background-color: #f4f4f4; border-radius: 50%; height: 12.5px; width: 12.5px; transform: translateX(0px) translateY(7px);\">&nbsp;<\/div>\n<div style=\"background-color: #f4f4f4; height: 12.5px; transform: rotate(-45deg) translateX(3px) translateY(1px); width: 12.5px; flex-grow: 0; margin-right: 14px; margin-left: 2px;\">&nbsp;<\/div>\n<div style=\"background-color: #f4f4f4; border-radius: 50%; height: 12.5px; width: 12.5px; transform: translateX(9px) translateY(-18px);\">&nbsp;<\/div>\n<\/div>\n<div style=\"margin-left: 8px;\">\n<div style=\"background-color: #f4f4f4; border-radius: 50%; flex-grow: 0; height: 20px; width: 20px;\">&nbsp;<\/div>\n<div style=\"width: 0; height: 0; border-top: 2px solid transparent; border-left: 6px solid #f4f4f4; border-bottom: 2px solid transparent; transform: translateX(16px) translateY(-4px) rotate(30deg);\">&nbsp;<\/div>\n<\/div>\n<div style=\"margin-left: auto;\">\n<div style=\"width: 0px; border-top: 8px solid #F4F4F4; border-right: 8px solid transparent; transform: translateY(16px);\">&nbsp;<\/div>\n<div style=\"background-color: #f4f4f4; flex-grow: 0; height: 12px; width: 16px; transform: translateY(-4px);\">&nbsp;<\/div>\n<div style=\"width: 0; height: 0; border-top: 8px solid #F4F4F4; border-left: 8px solid transparent; transform: translateY(-4px) translateX(8px);\">&nbsp;<\/div>\n<\/div>\n<\/div>\n<div style=\"display: flex; flex-direction: column; flex-grow: 1; justify-content: center; margin-bottom: 24px;\">\n<div style=\"background-color: #f4f4f4; border-radius: 4px; flex-grow: 0; height: 14px; margin-bottom: 6px; width: 224px;\">&nbsp;<\/div>\n<div style=\"background-color: #f4f4f4; border-radius: 4px; flex-grow: 0; height: 14px; width: 144px;\">&nbsp;<\/div>\n<\/div>\n<p>&nbsp;<\/p>\n<p style=\"color: #c9c8cd; font-family: Arial,sans-serif; font-size: 14px; line-height: 17px; margin-bottom: 0; margin-top: 8px; overflow: hidden; padding: 8px 0 7px; text-align: center; text-overflow: ellipsis; white-space: nowrap;\"><a style=\"color: #c9c8cd; font-family: Arial,sans-serif; font-size: 14px; font-style: normal; font-weight: normal; line-height: 17px; text-decoration: none;\" href=\"https:\/\/www.instagram.com\/p\/CiSQw5nMtuF\/?utm_source=ig_embed&amp;utm_campaign=loading\" target=\"_blank\" rel=\"noopener\">Una publicaci\u00f3n compartida por Museo Sivori (@museo_sivori)<\/a><\/p>\n<\/div>\n<\/blockquote>\n<p><script async=\"\" src=\"\/\/www.instagram.com\/embed.js\"><\/script><\/p>\n<p>&nbsp;<\/p>\n<p>&nbsp;<\/p>\n<blockquote class=\"instagram-media\" style=\"background: #FFF; border: 0; border-radius: 3px; box-shadow: 0 0 1px 0 rgba(0,0,0,0.5),0 1px 10px 0 rgba(0,0,0,0.15); margin: 1px; max-width: 540px; min-width: 326px; padding: 0; width: calc(100% - 2px);\" data-instgrm-captioned=\"\" data-instgrm-permalink=\"https:\/\/www.instagram.com\/p\/CioRw2pNVYq\/?utm_source=ig_embed&amp;utm_campaign=loading\" data-instgrm-version=\"14\">\n<div style=\"padding: 16px;\">\n<p>&nbsp;<\/p>\n<div style=\"display: flex; flex-direction: row; align-items: center;\">\n<div style=\"background-color: #f4f4f4; border-radius: 50%; flex-grow: 0; height: 40px; margin-right: 14px; width: 40px;\">&nbsp;<\/div>\n<div style=\"display: flex; flex-direction: column; flex-grow: 1; justify-content: center;\">\n<div style=\"background-color: #f4f4f4; border-radius: 4px; flex-grow: 0; height: 14px; margin-bottom: 6px; width: 100px;\">&nbsp;<\/div>\n<div style=\"background-color: #f4f4f4; border-radius: 4px; flex-grow: 0; height: 14px; width: 60px;\">&nbsp;<\/div>\n<\/div>\n<\/div>\n<div style=\"padding: 19% 0;\">&nbsp;<\/div>\n<div style=\"display: block; height: 50px; margin: 0 auto 12px; width: 50px;\">&nbsp;<\/div>\n<div style=\"padding-top: 8px;\">\n<div style=\"color: #3897f0; font-family: Arial,sans-serif; font-size: 14px; font-style: normal; font-weight: 550; line-height: 18px;\">Ver esta publicaci\u00f3n en Instagram<\/div>\n<\/div>\n<div style=\"padding: 12.5% 0;\">&nbsp;<\/div>\n<div style=\"display: flex; flex-direction: row; margin-bottom: 14px; align-items: center;\">\n<div>\n<div style=\"background-color: #f4f4f4; border-radius: 50%; height: 12.5px; width: 12.5px; transform: translateX(0px) translateY(7px);\">&nbsp;<\/div>\n<div style=\"background-color: #f4f4f4; height: 12.5px; transform: rotate(-45deg) translateX(3px) translateY(1px); width: 12.5px; flex-grow: 0; margin-right: 14px; margin-left: 2px;\">&nbsp;<\/div>\n<div style=\"background-color: #f4f4f4; border-radius: 50%; height: 12.5px; width: 12.5px; transform: translateX(9px) translateY(-18px);\">&nbsp;<\/div>\n<\/div>\n<div style=\"margin-left: 8px;\">\n<div style=\"background-color: #f4f4f4; border-radius: 50%; flex-grow: 0; height: 20px; width: 20px;\">&nbsp;<\/div>\n<div style=\"width: 0; height: 0; border-top: 2px solid transparent; border-left: 6px solid #f4f4f4; border-bottom: 2px solid transparent; transform: translateX(16px) translateY(-4px) rotate(30deg);\">&nbsp;<\/div>\n<\/div>\n<div style=\"margin-left: auto;\">\n<div style=\"width: 0px; border-top: 8px solid #F4F4F4; border-right: 8px solid transparent; transform: translateY(16px);\">&nbsp;<\/div>\n<div style=\"background-color: #f4f4f4; flex-grow: 0; height: 12px; width: 16px; transform: translateY(-4px);\">&nbsp;<\/div>\n<div style=\"width: 0; height: 0; border-top: 8px solid #F4F4F4; border-left: 8px solid transparent; transform: translateY(-4px) translateX(8px);\">&nbsp;<\/div>\n<\/div>\n<\/div>\n<div style=\"display: flex; flex-direction: column; flex-grow: 1; justify-content: center; margin-bottom: 24px;\">\n<div style=\"background-color: #f4f4f4; border-radius: 4px; flex-grow: 0; height: 14px; margin-bottom: 6px; width: 224px;\">&nbsp;<\/div>\n<div style=\"background-color: #f4f4f4; border-radius: 4px; flex-grow: 0; height: 14px; width: 144px;\">&nbsp;<\/div>\n<\/div>\n<p>&nbsp;<\/p>\n<p style=\"color: #c9c8cd; font-family: Arial,sans-serif; font-size: 14px; line-height: 17px; margin-bottom: 0; margin-top: 8px; overflow: hidden; padding: 8px 0 7px; text-align: center; text-overflow: ellipsis; white-space: nowrap;\"><a style=\"color: #c9c8cd; font-family: Arial,sans-serif; font-size: 14px; font-style: normal; font-weight: normal; line-height: 17px; text-decoration: none;\" href=\"https:\/\/www.instagram.com\/p\/CioRw2pNVYq\/?utm_source=ig_embed&amp;utm_campaign=loading\" target=\"_blank\" rel=\"noopener\">Una publicaci\u00f3n compartida por cooltivarte.com (@_cooltivarte_)<\/a><\/p>\n<\/div>\n<\/blockquote>\n<p><script async=\"\" src=\"\/\/www.instagram.com\/embed.js\"><\/script><\/p>\n<p>&nbsp;<\/p>\n<p>&nbsp;<\/p>\n<p>Publicaci\u00f3n original: <a href=\"https:\/\/www.clarin.com\/revista-enie\/arte\/alicia-herrero-museo-sivori_0_5MiJWFScug.html?code=Y11xgDuJj9bfCs0MsqlxCHzyJCN_Rw_4khZIxfmT6yWTv&amp;state=QkE3anQ5Ni1weXZZU2VCbGcuYUlIaXd1MkNrWGl1UXdKbzF0V3VPVVJRSw==\" target=\"_blank\" rel=\"noopener\">Revista \u00d1 cultural<\/a><\/p>\n","protected":false},"excerpt":{"rendered":"<p>A modo de retrospectiva y con obras nunca antes exhibidas, Alicia Herrero retoma sus obsesiones las estad\u00edsticas, los roles asignados y los enseres de cocina en m\u00faltiples soportes. Cuando los signos trascienden lo meramente simb\u00f3lico y se vuelven objeto y hecho art\u00edstico, las posibilidades de interpretaci\u00f3n son infinitas, plurales y abundantes. La c\u00e9lebre frase de&nbsp;Matisse&nbsp;en [&hellip;]<\/p>\n","protected":false},"author":163,"featured_media":84506,"comment_status":"closed","ping_status":"closed","sticky":false,"template":"","format":"standard","meta":{"om_disable_all_campaigns":false,"ngg_post_thumbnail":0,"jnews-multi-image_gallery":[],"jnews_single_post":{"subtitle":"A modo de retrospectiva y con obras nunca antes exhibidas, Alicia Herrero retoma sus obsesiones las estad\u00edsticas, los roles asignados y los enseres de cocina en m\u00faltiples soportes.","format":"standard","video":"","gallery":"","source_name":"","source_url":"","via_name":"","via_url":"","override_template":"0","override":[{"template":"1","single_blog_custom":"","parallax":"1","fullscreen":"1","layout":"right-sidebar","sidebar":"default-sidebar","second_sidebar":"default-sidebar","sticky_sidebar":"1","share_position":"top","share_float_style":"share-monocrhome","show_share_counter":"1","show_view_counter":"1","show_featured":"1","show_post_meta":"1","show_post_author":"1","show_post_author_image":"1","show_post_date":"1","post_date_format":"default","post_date_format_custom":"Y\/m\/d","show_post_category":"1","show_post_reading_time":"0","post_reading_time_wpm":"300","show_zoom_button":"0","zoom_button_out_step":"2","zoom_button_in_step":"3","show_post_tag":"1","show_prev_next_post":"1","show_popup_post":"1","number_popup_post":"1","show_author_box":"0","show_post_related":"0","show_inline_post_related":"0"}],"override_image_size":"0","image_override":[{"single_post_thumbnail_size":"crop-500","single_post_gallery_size":"crop-500"}],"trending_post":"0","trending_post_position":"meta","trending_post_label":"Trending","sponsored_post":"0","sponsored_post_label":"Sponsored by","sponsored_post_name":"","sponsored_post_url":"","sponsored_post_logo_enable":"0","sponsored_post_logo":"","sponsored_post_desc":""},"jnews_primary_category":{"id":""},"jnews_social_meta":{"fb_title":"","fb_description":"","fb_image":"","twitter_title":"","twitter_description":"","twitter_image":""},"jnews_override_counter":{"override_view_counter":"0","view_counter_number":"0","override_share_counter":"0","share_counter_number":"0","override_like_counter":"0","like_counter_number":"0","override_dislike_counter":"0","dislike_counter_number":"0"},"footnotes":""},"categories":[52],"tags":[2122,841,10657,17803],"class_list":["post-84502","post","type-post","status-publish","format-standard","has-post-thumbnail","hentry","category-artista","tag-alicia-herrero","tag-arte-contemporaneo","tag-museo-sivori","tag-teresa-riccardi"],"yoast_head":"<!-- This site is optimized with the Yoast SEO plugin v27.5 - https:\/\/yoast.com\/product\/yoast-seo-wordpress\/ -->\n<title>Temporada alta para la Herrero - En el Museo S\u00edvori - Cooltivarte Portal<\/title>\n<meta name=\"description\" content=\"A modo de retrospectiva y con obras nunca antes exhibidas, Alicia Herrero retoma sus obsesiones las estad\u00edsticas, los roles asignados y los enseres de cocina en m\u00faltiples soportes.\" \/>\n<meta name=\"robots\" content=\"index, follow, max-snippet:-1, max-image-preview:large, max-video-preview:-1\" \/>\n<link rel=\"canonical\" href=\"https:\/\/cooltivarte.com\/portal\/temporada-alta-para-la-herrero-en-el-museo-sivori\/\" \/>\n<meta property=\"og:locale\" content=\"es_ES\" \/>\n<meta property=\"og:type\" content=\"article\" \/>\n<meta property=\"og:title\" content=\"Temporada alta para la Herrero - En el Museo S\u00edvori por Gabriel Palumbo\" \/>\n<meta property=\"og:description\" content=\"A modo de retrospectiva y con obras nunca antes exhibidas, Alicia Herrero retoma sus obsesiones las estad\u00edsticas, los roles asignados y los enseres de cocina en m\u00faltiples soportes.\" \/>\n<meta property=\"og:url\" content=\"https:\/\/cooltivarte.com\/portal\/temporada-alta-para-la-herrero-en-el-museo-sivori\/\" \/>\n<meta property=\"og:site_name\" content=\"Cooltivarte Portal\" \/>\n<meta property=\"article:publisher\" content=\"https:\/\/www.facebook.com\/cooltivartecom\/\" \/>\n<meta property=\"article:author\" content=\"https:\/\/www.facebook.com\/gabriel.palumbo\" \/>\n<meta property=\"article:published_time\" content=\"2022-09-18T01:05:27+00:00\" \/>\n<meta property=\"article:modified_time\" content=\"2022-09-18T01:18:55+00:00\" \/>\n<meta property=\"og:image\" content=\"https:\/\/cooltivarte.com\/portal\/wp-content\/uploads\/2022\/09\/Alicia-Herrero-posa-junto-a-Still-Life-de-1999-en-la-que-el-yeso-pulido-congela-objetos-referenciales-del-ejercicio-academico-del-bodegon.jpg\" \/>\n\t<meta property=\"og:image:width\" content=\"1346\" \/>\n\t<meta property=\"og:image:height\" content=\"896\" \/>\n\t<meta property=\"og:image:type\" content=\"image\/jpeg\" \/>\n<meta name=\"author\" content=\"Gabriel Palumbo\" \/>\n<meta name=\"twitter:card\" content=\"summary_large_image\" \/>\n<meta name=\"twitter:title\" content=\"Temporada alta para la Herrero - En el Museo S\u00edvori por Gabriel Palumbo\" \/>\n<meta name=\"twitter:description\" content=\"A modo de retrospectiva y con obras nunca antes exhibidas, Alicia Herrero retoma sus obsesiones las estad\u00edsticas, los roles asignados y los enseres de cocina en m\u00faltiples soportes.\" \/>\n<meta name=\"twitter:image\" content=\"https:\/\/cooltivarte.com\/portal\/wp-content\/uploads\/2022\/09\/Alicia-Herrero-posa-junto-a-Still-Life-de-1999-en-la-que-el-yeso-pulido-congela-objetos-referenciales-del-ejercicio-academico-del-bodegon.jpg\" \/>\n<meta name=\"twitter:creator\" content=\"@https:\/\/twitter.com\/gabrielpalumbo\" \/>\n<meta name=\"twitter:site\" content=\"@obolocultural\" \/>\n<meta name=\"twitter:label1\" content=\"Escrito por\" \/>\n\t<meta name=\"twitter:data1\" content=\"Gabriel Palumbo\" \/>\n\t<meta name=\"twitter:label2\" content=\"Tiempo de lectura\" \/>\n\t<meta name=\"twitter:data2\" content=\"8 minutos\" \/>\n<!-- \/ Yoast SEO plugin. -->","yoast_head_json":{"title":"Temporada alta para la Herrero - En el Museo S\u00edvori - Cooltivarte Portal","description":"A modo de retrospectiva y con obras nunca antes exhibidas, Alicia Herrero retoma sus obsesiones las estad\u00edsticas, los roles asignados y los enseres de cocina en m\u00faltiples soportes.","robots":{"index":"index","follow":"follow","max-snippet":"max-snippet:-1","max-image-preview":"max-image-preview:large","max-video-preview":"max-video-preview:-1"},"canonical":"https:\/\/cooltivarte.com\/portal\/temporada-alta-para-la-herrero-en-el-museo-sivori\/","og_locale":"es_ES","og_type":"article","og_title":"Temporada alta para la Herrero - En el Museo S\u00edvori por Gabriel Palumbo","og_description":"A modo de retrospectiva y con obras nunca antes exhibidas, Alicia Herrero retoma sus obsesiones las estad\u00edsticas, los roles asignados y los enseres de cocina en m\u00faltiples soportes.","og_url":"https:\/\/cooltivarte.com\/portal\/temporada-alta-para-la-herrero-en-el-museo-sivori\/","og_site_name":"Cooltivarte Portal","article_publisher":"https:\/\/www.facebook.com\/cooltivartecom\/","article_author":"https:\/\/www.facebook.com\/gabriel.palumbo","article_published_time":"2022-09-18T01:05:27+00:00","article_modified_time":"2022-09-18T01:18:55+00:00","og_image":[{"width":1346,"height":896,"url":"https:\/\/cooltivarte.com\/portal\/wp-content\/uploads\/2022\/09\/Alicia-Herrero-posa-junto-a-Still-Life-de-1999-en-la-que-el-yeso-pulido-congela-objetos-referenciales-del-ejercicio-academico-del-bodegon.jpg","type":"image\/jpeg"}],"author":"Gabriel Palumbo","twitter_card":"summary_large_image","twitter_title":"Temporada alta para la Herrero - En el Museo S\u00edvori por Gabriel Palumbo","twitter_description":"A modo de retrospectiva y con obras nunca antes exhibidas, Alicia Herrero retoma sus obsesiones las estad\u00edsticas, los roles asignados y los enseres de cocina en m\u00faltiples soportes.","twitter_image":"https:\/\/cooltivarte.com\/portal\/wp-content\/uploads\/2022\/09\/Alicia-Herrero-posa-junto-a-Still-Life-de-1999-en-la-que-el-yeso-pulido-congela-objetos-referenciales-del-ejercicio-academico-del-bodegon.jpg","twitter_creator":"@https:\/\/twitter.com\/gabrielpalumbo","twitter_site":"@obolocultural","twitter_misc":{"Escrito por":"Gabriel Palumbo","Tiempo de lectura":"8 minutos"},"schema":{"@context":"https:\/\/schema.org","@graph":[{"@type":"NewsArticle","@id":"https:\/\/cooltivarte.com\/portal\/temporada-alta-para-la-herrero-en-el-museo-sivori\/#article","isPartOf":{"@id":"https:\/\/cooltivarte.com\/portal\/temporada-alta-para-la-herrero-en-el-museo-sivori\/"},"author":{"name":"Gabriel Palumbo","@id":"https:\/\/cooltivarte.com\/portal\/#\/schema\/person\/10567ea769344edbaff2daf84dd17acb"},"headline":"Temporada alta para la Herrero &#8211; En el Museo S\u00edvori","datePublished":"2022-09-18T01:05:27+00:00","dateModified":"2022-09-18T01:18:55+00:00","mainEntityOfPage":{"@id":"https:\/\/cooltivarte.com\/portal\/temporada-alta-para-la-herrero-en-el-museo-sivori\/"},"wordCount":1574,"publisher":{"@id":"https:\/\/cooltivarte.com\/portal\/#organization"},"image":{"@id":"https:\/\/cooltivarte.com\/portal\/temporada-alta-para-la-herrero-en-el-museo-sivori\/#primaryimage"},"thumbnailUrl":"https:\/\/cooltivarte.com\/portal\/wp-content\/uploads\/2022\/09\/Alicia-Herrero-posa-junto-a-Still-Life-de-1999-en-la-que-el-yeso-pulido-congela-objetos-referenciales-del-ejercicio-academico-del-bodegon.jpg","keywords":["Alicia Herrero","arte contempor\u00e1neo","Museo Sivori","Teresa Riccardi"],"articleSection":["Arte"],"inLanguage":"es-AR"},{"@type":"WebPage","@id":"https:\/\/cooltivarte.com\/portal\/temporada-alta-para-la-herrero-en-el-museo-sivori\/","url":"https:\/\/cooltivarte.com\/portal\/temporada-alta-para-la-herrero-en-el-museo-sivori\/","name":"Temporada alta para la Herrero - En el Museo S\u00edvori - Cooltivarte Portal","isPartOf":{"@id":"https:\/\/cooltivarte.com\/portal\/#website"},"primaryImageOfPage":{"@id":"https:\/\/cooltivarte.com\/portal\/temporada-alta-para-la-herrero-en-el-museo-sivori\/#primaryimage"},"image":{"@id":"https:\/\/cooltivarte.com\/portal\/temporada-alta-para-la-herrero-en-el-museo-sivori\/#primaryimage"},"thumbnailUrl":"https:\/\/cooltivarte.com\/portal\/wp-content\/uploads\/2022\/09\/Alicia-Herrero-posa-junto-a-Still-Life-de-1999-en-la-que-el-yeso-pulido-congela-objetos-referenciales-del-ejercicio-academico-del-bodegon.jpg","datePublished":"2022-09-18T01:05:27+00:00","dateModified":"2022-09-18T01:18:55+00:00","description":"A modo de retrospectiva y con obras nunca antes exhibidas, Alicia Herrero retoma sus obsesiones las estad\u00edsticas, los roles asignados y los enseres de cocina en m\u00faltiples soportes.","breadcrumb":{"@id":"https:\/\/cooltivarte.com\/portal\/temporada-alta-para-la-herrero-en-el-museo-sivori\/#breadcrumb"},"inLanguage":"es-AR","potentialAction":[{"@type":"ReadAction","target":["https:\/\/cooltivarte.com\/portal\/temporada-alta-para-la-herrero-en-el-museo-sivori\/"]}]},{"@type":"ImageObject","inLanguage":"es-AR","@id":"https:\/\/cooltivarte.com\/portal\/temporada-alta-para-la-herrero-en-el-museo-sivori\/#primaryimage","url":"https:\/\/cooltivarte.com\/portal\/wp-content\/uploads\/2022\/09\/Alicia-Herrero-posa-junto-a-Still-Life-de-1999-en-la-que-el-yeso-pulido-congela-objetos-referenciales-del-ejercicio-academico-del-bodegon.jpg","contentUrl":"https:\/\/cooltivarte.com\/portal\/wp-content\/uploads\/2022\/09\/Alicia-Herrero-posa-junto-a-Still-Life-de-1999-en-la-que-el-yeso-pulido-congela-objetos-referenciales-del-ejercicio-academico-del-bodegon.jpg","width":1346,"height":896,"caption":"Alicia Herrero posa junto a Still Life de 1999 en la que el yeso pulido congela objetos referenciales del ejercicio acad\u00e9mico del bodeg\u00f3n"},{"@type":"BreadcrumbList","@id":"https:\/\/cooltivarte.com\/portal\/temporada-alta-para-la-herrero-en-el-museo-sivori\/#breadcrumb","itemListElement":[{"@type":"ListItem","position":1,"name":"Portada","item":"https:\/\/cooltivarte.com\/portal\/"},{"@type":"ListItem","position":2,"name":"Temporada alta para la Herrero &#8211; En el Museo S\u00edvori"}]},{"@type":"WebSite","@id":"https:\/\/cooltivarte.com\/portal\/#website","url":"https:\/\/cooltivarte.com\/portal\/","name":"Cooltivarte Portal","description":"Arte, cultura y turismo para el mundo ...","publisher":{"@id":"https:\/\/cooltivarte.com\/portal\/#organization"},"potentialAction":[{"@type":"SearchAction","target":{"@type":"EntryPoint","urlTemplate":"https:\/\/cooltivarte.com\/portal\/?s={search_term_string}"},"query-input":{"@type":"PropertyValueSpecification","valueRequired":true,"valueName":"search_term_string"}}],"inLanguage":"es-AR"},{"@type":"Organization","@id":"https:\/\/cooltivarte.com\/portal\/#organization","name":"cooltivarte","url":"https:\/\/cooltivarte.com\/portal\/","logo":{"@type":"ImageObject","inLanguage":"es-AR","@id":"https:\/\/cooltivarte.com\/portal\/#\/schema\/logo\/image\/","url":"https:\/\/cooltivarte.com\/portal\/wp-content\/uploads\/2020\/04\/logo-cooltivarte-v2.png","contentUrl":"https:\/\/cooltivarte.com\/portal\/wp-content\/uploads\/2020\/04\/logo-cooltivarte-v2.png","width":851,"height":243,"caption":"cooltivarte"},"image":{"@id":"https:\/\/cooltivarte.com\/portal\/#\/schema\/logo\/image\/"},"sameAs":["https:\/\/www.facebook.com\/cooltivartecom\/","https:\/\/x.com\/obolocultural","https:\/\/www.instagram.com\/_cooltivarte_\/","https:\/\/www.linkedin.com\/company\/-bolocultural?reportsuccess=8zaNG1HwhPbAR9iQhZ5rfGeqz_vQFftHun0ZWU0Wy9vNemRJ8vtcKdJvzQfW8XagyOJSKg0XvfJ1dp","https:\/\/www.pinterest.com\/cooltivarte\/","https:\/\/cooltivarte.tumblr.com\/","https:\/\/www.tiktok.com\/@cooltivarte","https:\/\/www.youtube.com\/@PrensaCooltivarte"]},{"@type":"Person","@id":"https:\/\/cooltivarte.com\/portal\/#\/schema\/person\/10567ea769344edbaff2daf84dd17acb","name":"Gabriel Palumbo","image":{"@type":"ImageObject","inLanguage":"es-AR","@id":"https:\/\/cooltivarte.com\/portal\/wp-content\/uploads\/2020\/07\/gabriel-palumbo-120x120.jpg","url":"https:\/\/cooltivarte.com\/portal\/wp-content\/uploads\/2020\/07\/gabriel-palumbo-120x120.jpg","contentUrl":"https:\/\/cooltivarte.com\/portal\/wp-content\/uploads\/2020\/07\/gabriel-palumbo-120x120.jpg","caption":"Gabriel Palumbo"},"description":"Es soci\u00f3logo, analista pol\u00edtico y cr\u00edtico de arte. Estudi\u00f3 en las escuelas de Bellas Artes Manuel Belgrano y Prilidiano Pueyrred\u00f3n, antes de hacer la carrera de Sociolog\u00eda en la Universidad de Buenas Aires. Siendo profesor en la carrera de Ciencia Pol\u00edtica organiz\u00f3 grupos de reflexi\u00f3n e investigaci\u00f3n sobre filosof\u00eda pol\u00edtica, enfocados especialmente en el pragmatismo americano. En ese rol, particip\u00f3 de encuentros acad\u00e9micos y fue disertante en congresos en Argentina, Brasil y Estados Unidos. Es profesor de grado y posgrado y dicta, desde hace 10 a\u00f1os, un seminario sobre Arte y Pol\u00edtica en la Argentina para el Institute for Study Abroad de la Butler University. Fue director de la Casa de la Cultura Victoria Ocampo y se ocup\u00f3 de la curadur\u00eda de la muestra patrimonial con que ese espacio cultural se reinaugur\u00f3 en 2016. Fue asesor para proyectos especiales del Ministerio de Cultura de la Naci\u00f3n hasta 2019. Compil\u00f3 y escribi\u00f3 el ensayo preliminar de La Ciudad Lineal y en 2015 public\u00f3 El mejor presidente de la historia. Actualmente, escribe sobre pol\u00edtica en distintos medios y es colaborador habitual de la revista cultural \u00d1 del diario Clar\u00edn, haciendo cr\u00edticas de exposiciones en el \u00e1mbito local y en el extranjero.","sameAs":["https:\/\/www.facebook.com\/gabriel.palumbo","https:\/\/www.instagram.com\/gabrielpalumbo","https:\/\/www.linkedin.com\/in\/gabriel-palumbo-b44a2213\/","https:\/\/www.pinterest.com\/cooltivarte","https:\/\/x.com\/https:\/\/twitter.com\/gabrielpalumbo","https:\/\/www.youtube.com\/@PrensaCooltivarte","https:\/\/www.tumblr.com\/blog\/cooltivarte"],"url":"https:\/\/cooltivarte.com\/portal\/author\/gabriel-palumbo\/"}]}},"_links":{"self":[{"href":"https:\/\/cooltivarte.com\/portal\/wp-json\/wp\/v2\/posts\/84502","targetHints":{"allow":["GET"]}}],"collection":[{"href":"https:\/\/cooltivarte.com\/portal\/wp-json\/wp\/v2\/posts"}],"about":[{"href":"https:\/\/cooltivarte.com\/portal\/wp-json\/wp\/v2\/types\/post"}],"author":[{"embeddable":true,"href":"https:\/\/cooltivarte.com\/portal\/wp-json\/wp\/v2\/users\/163"}],"replies":[{"embeddable":true,"href":"https:\/\/cooltivarte.com\/portal\/wp-json\/wp\/v2\/comments?post=84502"}],"version-history":[{"count":5,"href":"https:\/\/cooltivarte.com\/portal\/wp-json\/wp\/v2\/posts\/84502\/revisions"}],"predecessor-version":[{"id":84508,"href":"https:\/\/cooltivarte.com\/portal\/wp-json\/wp\/v2\/posts\/84502\/revisions\/84508"}],"wp:featuredmedia":[{"embeddable":true,"href":"https:\/\/cooltivarte.com\/portal\/wp-json\/wp\/v2\/media\/84506"}],"wp:attachment":[{"href":"https:\/\/cooltivarte.com\/portal\/wp-json\/wp\/v2\/media?parent=84502"}],"wp:term":[{"taxonomy":"category","embeddable":true,"href":"https:\/\/cooltivarte.com\/portal\/wp-json\/wp\/v2\/categories?post=84502"},{"taxonomy":"post_tag","embeddable":true,"href":"https:\/\/cooltivarte.com\/portal\/wp-json\/wp\/v2\/tags?post=84502"}],"curies":[{"name":"wp","href":"https:\/\/api.w.org\/{rel}","templated":true}]}}