{"id":83906,"date":"2022-08-28T12:24:11","date_gmt":"2022-08-28T15:24:11","guid":{"rendered":"https:\/\/cooltivarte.com\/portal\/?p=83906"},"modified":"2022-08-28T12:24:11","modified_gmt":"2022-08-28T15:24:11","slug":"esteban-klisich-y-dario-iglesias-en-sala-jorge-lazaroff","status":"publish","type":"post","link":"https:\/\/cooltivarte.com\/portal\/esteban-klisich-y-dario-iglesias-en-sala-jorge-lazaroff\/","title":{"rendered":"Esteban Klisich y Dar\u00edo Iglesias en Sala Jorge Lazaroff"},"content":{"rendered":"<figure id=\"attachment_83907\" aria-describedby=\"caption-attachment-83907\" style=\"width: 777px\" class=\"wp-caption aligncenter\"><img fetchpriority=\"high\" decoding=\"async\" class=\"wp-image-83907 size-full\" title=\"Esteban Klisich y Dar\u00edo Iglesias\" src=\"https:\/\/cooltivarte.com\/portal\/wp-content\/uploads\/2022\/08\/dario-esteban.jpg\" alt=\"Esteban Klisich y Dar\u00edo Iglesias\" width=\"777\" height=\"433\" srcset=\"https:\/\/cooltivarte.com\/portal\/wp-content\/uploads\/2022\/08\/dario-esteban.jpg 777w, https:\/\/cooltivarte.com\/portal\/wp-content\/uploads\/2022\/08\/dario-esteban-300x167.jpg 300w, https:\/\/cooltivarte.com\/portal\/wp-content\/uploads\/2022\/08\/dario-esteban-768x428.jpg 768w\" sizes=\"(max-width: 777px) 100vw, 777px\" \/><figcaption id=\"caption-attachment-83907\" class=\"wp-caption-text\">Esteban Klisich y Dar\u00edo Iglesias<\/figcaption><\/figure>\n<p><strong><a href=\"https:\/\/cooltivarte.com\/portal\/?s=Esteban+Klisich\" target=\"_blank\" rel=\"noopener\">Esteban Klisich<\/a> y <a href=\"https:\/\/cooltivarte.com\/portal\/?s=Dar\u00edo+Iglesias\" target=\"_blank\" rel=\"noopener\">Dar\u00edo Iglesias<\/a><\/strong><\/p>\n<p>Fecha: 09\/09\/2022<br \/>\nLugar:&nbsp;<strong>Sala Jorge Lazaroff<\/strong><br \/>\nPrecio de las entradas: $350<\/p>\n<p>De trenes y guardabarreras, es una invitaci\u00f3n a trav\u00e9s de dos canciones ic\u00f3nicas de dos m\u00fasicos que representan distintas generaciones de cantautores y nos permiten compartir una noche de encuentro \u00edntimo con el p\u00fablico. <strong>Esteban Kl\u00edsich<\/strong>, con m\u00e1s de 45 a\u00f1os<br \/>\nde trayectoria como m\u00fasico compositor y docente; <strong>Dar\u00edo Iglesias<\/strong>, guitarrista, pianista, compositor y cantante con 4 discos editados;<br \/>\nambos nos presentan un recorrido por sus canciones acompa\u00f1ados de Virginia Cabrera en voz y Guzm\u00e1n Escard\u00f3 en varios instrumentos.<br \/>\nMenores de 5 a\u00f1os no abonan entrada.<\/p>\n<p>Apto menores de 18 a\u00f1os<br \/>\nDuraci\u00f3n: 90 min<br \/>\n<a href=\"https:\/\/tickantel.com.uy\/inicio\/espectaculo\/40012199\/espectaculo\/Esteban%20Klisich%20y%20Dar%C3%ADo%20Iglesias?0\" target=\"_blank\" rel=\"noopener\">Entradas a la venta en Tickantel<\/a> y boleter\u00eda de sala<\/p>\n<p>&nbsp;<\/p>\n<p>Esteban Kl\u00edsich: Naci\u00f3 el 26 de diciembre de 1955. A los ocho a\u00f1os comenz\u00f3 estudios de guitarra con Am\u00edlcar Rodr\u00edguez Inda y a los nueve de solfeo con Alicia Pietrafiesa de Sanguinetti (estudios que completar\u00e1 luego con Rene\u00e9 Fern\u00e1ndez en el Conservatorio Balzo).<\/p>\n<p>A los 18 a\u00f1os gana por concurso una beca del Conservatorio Palestrina de Porto Alegre para realizar estudios intensivos con un conjunto de maestros internacionales. All\u00ed conoce a Abel Carlevaro y a Guido Sant\u00f3rsola con quienes comienza estudios a su regreso en Montevideo (armon\u00eda e interpretaci\u00f3n y perfeccionamiento t\u00e9cnico de guitarra con el segundo).<\/p>\n<p>A los 20 a\u00f1os obtiene una menci\u00f3n especial en el Concurso Latinoamericano de Composici\u00f3n de la Editorial Barry de Buenos Aires y a los 22 a\u00f1os comienza estudios de armon\u00eda y composici\u00f3n con Ren\u00e9 Marino Rivero, con qui\u00e9n entre otros, funda el Taller de M\u00fasica Contempor\u00e1nea participando en \u00e9l como int\u00e9rprete en obras propias y de sus compa\u00f1eros.<\/p>\n<p>A mediados de los 80 \u0301comienza estudiar an\u00e1lisis de la m\u00fasica del siglo XX con Graciela Paraskeva\u00eddis y composici\u00f3n con Cori\u00fan Aharoni\u00e1n. Con este \u00faltimo trabaja obras instrumentales y un d\u00eda se decide a mostrarle algunas de sus canciones a su maestro, Cori\u00fan es quien lo convence de que deben ser difundidas y as\u00ed Esteban comienza su faceta de cantautor.<\/p>\n<p>Ese mismo a\u00f1o ingresa al N\u00facleo de M\u00fasica Nueva de Montevideo en el que estrena varias de sus obras instrumentales y graba su primer fonograma de canciones \u00abUn campo Blanco\u00bb, al que seguir\u00e1n \u00abPlanetario\u00bb, \u00abCaf\u00e9 Belvedere\u00bb, \u00abDonde cay\u00f3 el avi\u00f3n\u00bb, \u00abNaif\u00bb, \u00abLos Ramonteros\u00bb, \u00abVeintiocho\u00bb, \u00abKraj\u00bb y \u00abEl mar de la nostalgia\u00bb. En 2013 sale su primer disco enteramente instrumental \u00abEl Oriental\u00bb y en 2016 el segundo<br \/>\nllamado \u00abBelvedere\u00bb.<\/p>\n<p>Se dedica a la docencia de m\u00fasica desde 1976, ense\u00f1ando tanto guitarra en todos los lenguajes, como armon\u00eda, contrapunto, lecto-escritura, improvisaci\u00f3n y composici\u00f3n.<\/p>\n<p>En la d\u00e9cada de los 90 \u0301comienza a escribir libros de m\u00fasica: \u00abPeque\u00f1o Manual de Armon\u00eda\u00bb tomos 1 y 2. \u00abManual de rasgueos y ejercicios para la mano derecha\u00bb, \u00abMetralla se entretiene golpeando con un palito\u00bb (manual de m\u00e9trica) y \u00abManual de improvisaci\u00f3n\u00bb (este \u00faltimo en coautor\u00eda con Edison Mart\u00ednez).<\/p>\n<p>Desde 2011 tiene a cargo los cursos de: Introducci\u00f3n a la armon\u00eda para instrumentos de cuerdas, Introducci\u00f3n a las t\u00e9cnicas de la mano derecha en guitarra e Introducci\u00f3n en arregl\u00edstica para los diferentes lenguajes musicales en el Programa \u00abGuitarra Negra\u00bb de la Intendencia de Montevideo.<\/p>\n<p>En setiembre de 2015 es convocado para participar en la 8\u00b0 edici\u00f3n de Autores en Vivo, ciclo organizado por la Asociaci\u00f3n General de Autores del Uruguay con el objetivo de tener un registro en formato audiovisual de alta definici\u00f3n de los mayores exponentes de la m\u00fasica uruguaya.<\/p>\n<p>En octubre de 2015, recibi\u00f3 el primer Premio Nacional de M\u00fasica MEC Categor\u00eda: Tango, para su obra \u00abAtardecer de viento\u00bb, 2o movimiento del concierto \u00abBelvedere\u00bb para bandone\u00f3n y orquesta de cuerdas. (publicado en 2016).<\/p>\n<p>Aunque no lo parezca Esteban es bastante t\u00edmido y reacio a hablar de su obra, pero en su disco \u00abEl Oriental\u00bb se anim\u00f3 a describirse como autor en un comentario que trascribimos a continuaci\u00f3n:<\/p>\n<p>\u00abComo no tengo idea de qu\u00e9 dir\u00e9 con respecto a estas canciones sin letra o estas obras con letras que no se oyen, prefiero referirme a algo que me dijo hace muchos a\u00f1os mi amiga Margarita en una noche llena de palabras y de copas. Ella concluy\u00f3 en lo siguiente: \u00abPap\u00e1 (ella siempre me llamaba as\u00ed) vos sos demasiado culto para ser popular y demasiado popular para ser culto\u00bb. Confieso que me gust\u00f3 esta sucinta y certera definici\u00f3n de quien esto escribe. Yo le contest\u00e9 que era (y soy) un metro noventa de nada, que para colmo fabrica aire, un tipo que vive de dar clases de m\u00fasica y que siempre estuvo solo, m\u00e1s all\u00e1 y m\u00e1s de ac\u00e1 de algunos entra\u00f1ables amigos, un par de incre\u00edbles hijos y alguna musa de carne y hueso que me hicieron compa\u00f1\u00eda en este viaje. Siempre pens\u00e9 que la m\u00fasica me mantendr\u00eda razonablemente cuerdo o que al menos me<br \/>\nayudar\u00eda a simular que lo estoy\u00bb.<\/p>\n<p>\u00abYo compongo para m\u00ed sol\u00eda decirme en un tiempo, pero ahora s\u00e9 que adem\u00e1s compongo para los que aman la hermosa confusi\u00f3n de estar vivo y de repente pueden llegar a escucharme\u00bb. E.K.<\/p>\n<p>&nbsp;<\/p>\n<p><iframe title=\"YouTube video player\" src=\"https:\/\/www.youtube.com\/embed\/uDRGKGNR3q0\" width=\"100%\" height=\"515\" frameborder=\"0\" allowfullscreen=\"allowfullscreen\"><span data-mce-type=\"bookmark\" style=\"display: inline-block; width: 0px; overflow: hidden; line-height: 0;\" class=\"mce_SELRES_start\">\ufeff<\/span><\/iframe><\/p>\n<p>&nbsp;<\/p>\n<p><strong>Dar\u00edo Iglesias<\/strong>: Dar\u00edo Iglesias es un m\u00fasico uruguayo nacido en Montevideo en 1975.&nbsp;<\/p>\n<p>Es compositor, cantante, guitarrista y pianista. En materia de formaci\u00f3n acad\u00e9mica, su primer contacto con la m\u00fasica fue siendo muy peque\u00f1o, a los seis a\u00f1os de edad, tomando clases de iniciaci\u00f3n musical y viol\u00edn. A\u00f1os m\u00e1s tarde comienza estudios de teclados y guitarra en el Taller Uruguayo de M\u00fasica Popular (TUMP).<\/p>\n<p>En 1998 ingresa a la Escuela Universitaria de M\u00fasica como estudiante de piano.&nbsp;<\/p>\n<p>Simult\u00e1neamente empieza estudios de armon\u00eda y composici\u00f3n con el profesor Esteban Kl\u00edsich. En materia de actividad musical, desde 1993 integra diversos grupos, siempre como instrumentista. Paralelamente empieza a desarrollarse como compositor de canciones, realiza su primer recital en diciembre de 1999 en el Teatro Puertoluna y graba sus primeros demos; hasta que en el a\u00f1o 2002 edita su primer trabajo discogr\u00e1fico:<\/p>\n<p>\u201cEspejismos\u201d. Dicho material fue publicado en Uruguay por el sello Ayu\u00ed-Tacuab\u00e9 y en Argentina por el sello G\u00e9nesis Discos.<\/p>\n<p>En el a\u00f1o 2005 compuso junto a Walter Bordoni el tango \u201cComarca Otaria\u201d, que integra el reciente disco en vivo de este \u00faltimo. En ese mismo a\u00f1o particip\u00f3 en car\u00e1cter de m\u00fasico invitado en la grabaci\u00f3n de \u201cEl \u00c1ngel Azul\u201d, \u00faltimo trabajo discogr\u00e1fico de Eduardo Darnauchans.<\/p>\n<p>En diciembre de 2007 se edita &#8220;Souvenirs&#8221;, su segundo disco de estudio.<\/p>\n<p>Adem\u00e1s de su actividad musical se destaca su actividad docente: desde el a\u00f1o 2003 integra el Taller Uruguayo de M\u00fasica Popular (TUMP), como profesor de guitarra y teclados.<\/p>\n<p>Discograf\u00eda: Espejismos (2002) &#8211; Souvenirs (2007) &#8211; El cielo en la ventana (2013) &#8211; Cuando el mundo gire (2020)<\/p>\n<p>&nbsp;<br \/>\n<iframe title=\"YouTube video player\" src=\"https:\/\/www.youtube.com\/embed\/XahcAqj0Sg4\" width=\"100%\" height=\"515\" frameborder=\"0\" allowfullscreen=\"allowfullscreen\"><span data-mce-type=\"bookmark\" style=\"display: inline-block; width: 0px; overflow: hidden; line-height: 0;\" class=\"mce_SELRES_start\">\ufeff<\/span><\/iframe><br \/>\n&nbsp;<\/p>\n<p>&nbsp;<\/p>\n<p>&nbsp;<\/p>\n<p>&nbsp;<\/p>\n","protected":false},"excerpt":{"rendered":"<p>Esteban Klisich y Dar\u00edo Iglesias Fecha: 09\/09\/2022 Lugar:&nbsp;Sala Jorge Lazaroff Precio de las entradas: $350 De trenes y guardabarreras, es una invitaci\u00f3n a trav\u00e9s de dos canciones ic\u00f3nicas de dos m\u00fasicos que representan distintas generaciones de cantautores y nos permiten compartir una noche de encuentro \u00edntimo con el p\u00fablico. Esteban Kl\u00edsich, con m\u00e1s de 45 [&hellip;]<\/p>\n","protected":false},"author":8,"featured_media":83907,"comment_status":"closed","ping_status":"closed","sticky":false,"template":"","format":"standard","meta":{"om_disable_all_campaigns":false,"ngg_post_thumbnail":0,"jnews-multi-image_gallery":[],"jnews_single_post":{"subtitle":"09\/09\/2022","format":"standard","video":"","gallery":"","source_name":"","source_url":"","via_name":"","via_url":"","override_template":"0","override":[{"template":"1","single_blog_custom":"","parallax":"1","fullscreen":"1","layout":"right-sidebar","sidebar":"default-sidebar","second_sidebar":"default-sidebar","sticky_sidebar":"1","share_position":"top","share_float_style":"share-monocrhome","show_share_counter":"1","show_view_counter":"1","show_featured":"1","show_post_meta":"1","show_post_author":"1","show_post_author_image":"1","show_post_date":"1","post_date_format":"default","post_date_format_custom":"Y\/m\/d","show_post_category":"1","show_post_reading_time":"0","post_reading_time_wpm":"300","show_zoom_button":"0","zoom_button_out_step":"2","zoom_button_in_step":"3","show_post_tag":"1","show_prev_next_post":"1","show_popup_post":"1","number_popup_post":"1","show_author_box":"0","show_post_related":"0","show_inline_post_related":"0"}],"override_image_size":"0","image_override":[{"single_post_thumbnail_size":"crop-500","single_post_gallery_size":"crop-500"}],"trending_post":"0","trending_post_position":"meta","trending_post_label":"Trending","sponsored_post":"0","sponsored_post_label":"Sponsored by","sponsored_post_name":"","sponsored_post_url":"","sponsored_post_logo_enable":"0","sponsored_post_logo":"","sponsored_post_desc":""},"jnews_primary_category":{"id":""},"jnews_social_meta":{"fb_title":"","fb_description":"","fb_image":"","twitter_title":"","twitter_description":"","twitter_image":""},"jnews_override_counter":{"override_view_counter":"0","view_counter_number":"0","override_share_counter":"0","share_counter_number":"0","override_like_counter":"0","like_counter_number":"0","override_dislike_counter":"0","dislike_counter_number":"0"},"footnotes":""},"categories":[3394],"tags":[1581,9693,17634],"class_list":["post-83906","post","type-post","status-publish","format-standard","has-post-thumbnail","hentry","category-eventos","tag-dario-iglesias","tag-esteban-klisich","tag-sala-jorge-lazaroff"],"yoast_head":"<!-- This site is optimized with the Yoast SEO plugin v27.5 - https:\/\/yoast.com\/product\/yoast-seo-wordpress\/ -->\n<title>Esteban Klisich y Dar\u00edo Iglesias en Sala Jorge Lazaroff - Cooltivarte Portal<\/title>\n<meta name=\"description\" content=\"De trenes y guardabarreras, es una invitaci\u00f3n a trav\u00e9s de dos canciones ic\u00f3nicas de dos m\u00fasicos que representan distintas generaciones de cantautores y nos permiten compartir una noche de encuentro \u00edntimo con el p\u00fablico.\" \/>\n<meta name=\"robots\" content=\"index, follow, max-snippet:-1, max-image-preview:large, max-video-preview:-1\" \/>\n<link rel=\"canonical\" href=\"https:\/\/cooltivarte.com\/portal\/esteban-klisich-y-dario-iglesias-en-sala-jorge-lazaroff\/\" \/>\n<meta property=\"og:locale\" content=\"es_ES\" \/>\n<meta property=\"og:type\" content=\"article\" \/>\n<meta property=\"og:title\" content=\"Esteban Klisich y Dar\u00edo Iglesias en Sala Jorge Lazaroff - 09\/09\/2022\" \/>\n<meta property=\"og:description\" content=\"De trenes y guardabarreras, es una invitaci\u00f3n a trav\u00e9s de dos canciones ic\u00f3nicas de dos m\u00fasicos que representan distintas generaciones de cantautores y nos permiten compartir una noche de encuentro \u00edntimo con el p\u00fablico.\" \/>\n<meta property=\"og:url\" content=\"https:\/\/cooltivarte.com\/portal\/esteban-klisich-y-dario-iglesias-en-sala-jorge-lazaroff\/\" \/>\n<meta property=\"og:site_name\" content=\"Cooltivarte Portal\" \/>\n<meta property=\"article:publisher\" content=\"https:\/\/www.facebook.com\/cooltivartecom\/\" \/>\n<meta property=\"article:author\" content=\"https:\/\/www.facebook.com\/cooltivartecom\" \/>\n<meta property=\"article:published_time\" content=\"2022-08-28T15:24:11+00:00\" \/>\n<meta property=\"og:image\" content=\"https:\/\/cooltivarte.com\/portal\/wp-content\/uploads\/2022\/08\/dario-esteban.jpg\" \/>\n\t<meta property=\"og:image:width\" content=\"777\" \/>\n\t<meta property=\"og:image:height\" content=\"433\" \/>\n\t<meta property=\"og:image:type\" content=\"image\/jpeg\" \/>\n<meta name=\"author\" content=\"Cooltivarte\" \/>\n<meta name=\"twitter:card\" content=\"summary_large_image\" \/>\n<meta name=\"twitter:title\" content=\"Esteban Klisich y Dar\u00edo Iglesias en Sala Jorge Lazaroff - 09\/09\/2022\" \/>\n<meta name=\"twitter:description\" content=\"De trenes y guardabarreras, es una invitaci\u00f3n a trav\u00e9s de dos canciones ic\u00f3nicas de dos m\u00fasicos que representan distintas generaciones de cantautores y nos permiten compartir una noche de encuentro \u00edntimo con el p\u00fablico.\" \/>\n<meta name=\"twitter:image\" content=\"https:\/\/cooltivarte.com\/portal\/wp-content\/uploads\/2022\/08\/dario-esteban.jpg\" \/>\n<meta name=\"twitter:creator\" content=\"@https:\/\/x.com\/obolocultural\" \/>\n<meta name=\"twitter:site\" content=\"@obolocultural\" \/>\n<meta name=\"twitter:label1\" content=\"Escrito por\" \/>\n\t<meta name=\"twitter:data1\" content=\"Cooltivarte\" \/>\n\t<meta name=\"twitter:label2\" content=\"Tiempo de lectura\" \/>\n\t<meta name=\"twitter:data2\" content=\"6 minutos\" \/>\n<!-- \/ Yoast SEO plugin. -->","yoast_head_json":{"title":"Esteban Klisich y Dar\u00edo Iglesias en Sala Jorge Lazaroff - Cooltivarte Portal","description":"De trenes y guardabarreras, es una invitaci\u00f3n a trav\u00e9s de dos canciones ic\u00f3nicas de dos m\u00fasicos que representan distintas generaciones de cantautores y nos permiten compartir una noche de encuentro \u00edntimo con el p\u00fablico.","robots":{"index":"index","follow":"follow","max-snippet":"max-snippet:-1","max-image-preview":"max-image-preview:large","max-video-preview":"max-video-preview:-1"},"canonical":"https:\/\/cooltivarte.com\/portal\/esteban-klisich-y-dario-iglesias-en-sala-jorge-lazaroff\/","og_locale":"es_ES","og_type":"article","og_title":"Esteban Klisich y Dar\u00edo Iglesias en Sala Jorge Lazaroff - 09\/09\/2022","og_description":"De trenes y guardabarreras, es una invitaci\u00f3n a trav\u00e9s de dos canciones ic\u00f3nicas de dos m\u00fasicos que representan distintas generaciones de cantautores y nos permiten compartir una noche de encuentro \u00edntimo con el p\u00fablico.","og_url":"https:\/\/cooltivarte.com\/portal\/esteban-klisich-y-dario-iglesias-en-sala-jorge-lazaroff\/","og_site_name":"Cooltivarte Portal","article_publisher":"https:\/\/www.facebook.com\/cooltivartecom\/","article_author":"https:\/\/www.facebook.com\/cooltivartecom","article_published_time":"2022-08-28T15:24:11+00:00","og_image":[{"width":777,"height":433,"url":"https:\/\/cooltivarte.com\/portal\/wp-content\/uploads\/2022\/08\/dario-esteban.jpg","type":"image\/jpeg"}],"author":"Cooltivarte","twitter_card":"summary_large_image","twitter_title":"Esteban Klisich y Dar\u00edo Iglesias en Sala Jorge Lazaroff - 09\/09\/2022","twitter_description":"De trenes y guardabarreras, es una invitaci\u00f3n a trav\u00e9s de dos canciones ic\u00f3nicas de dos m\u00fasicos que representan distintas generaciones de cantautores y nos permiten compartir una noche de encuentro \u00edntimo con el p\u00fablico.","twitter_image":"https:\/\/cooltivarte.com\/portal\/wp-content\/uploads\/2022\/08\/dario-esteban.jpg","twitter_creator":"@https:\/\/x.com\/obolocultural","twitter_site":"@obolocultural","twitter_misc":{"Escrito por":"Cooltivarte","Tiempo de lectura":"6 minutos"},"schema":{"@context":"https:\/\/schema.org","@graph":[{"@type":"NewsArticle","@id":"https:\/\/cooltivarte.com\/portal\/esteban-klisich-y-dario-iglesias-en-sala-jorge-lazaroff\/#article","isPartOf":{"@id":"https:\/\/cooltivarte.com\/portal\/esteban-klisich-y-dario-iglesias-en-sala-jorge-lazaroff\/"},"author":{"name":"Cooltivarte","@id":"https:\/\/cooltivarte.com\/portal\/#\/schema\/person\/ec2a4f4e71b740d0c559c0ab9a157e19"},"headline":"Esteban Klisich y Dar\u00edo Iglesias en Sala Jorge Lazaroff","datePublished":"2022-08-28T15:24:11+00:00","mainEntityOfPage":{"@id":"https:\/\/cooltivarte.com\/portal\/esteban-klisich-y-dario-iglesias-en-sala-jorge-lazaroff\/"},"wordCount":1217,"publisher":{"@id":"https:\/\/cooltivarte.com\/portal\/#organization"},"image":{"@id":"https:\/\/cooltivarte.com\/portal\/esteban-klisich-y-dario-iglesias-en-sala-jorge-lazaroff\/#primaryimage"},"thumbnailUrl":"https:\/\/cooltivarte.com\/portal\/wp-content\/uploads\/2022\/08\/dario-esteban.jpg","keywords":["Dar\u00edo Iglesias","Esteban Kl\u00edsich","Sala Jorge Lazaroff"],"articleSection":["Eventos"],"inLanguage":"es-AR"},{"@type":"WebPage","@id":"https:\/\/cooltivarte.com\/portal\/esteban-klisich-y-dario-iglesias-en-sala-jorge-lazaroff\/","url":"https:\/\/cooltivarte.com\/portal\/esteban-klisich-y-dario-iglesias-en-sala-jorge-lazaroff\/","name":"Esteban Klisich y Dar\u00edo Iglesias en Sala Jorge Lazaroff - Cooltivarte Portal","isPartOf":{"@id":"https:\/\/cooltivarte.com\/portal\/#website"},"primaryImageOfPage":{"@id":"https:\/\/cooltivarte.com\/portal\/esteban-klisich-y-dario-iglesias-en-sala-jorge-lazaroff\/#primaryimage"},"image":{"@id":"https:\/\/cooltivarte.com\/portal\/esteban-klisich-y-dario-iglesias-en-sala-jorge-lazaroff\/#primaryimage"},"thumbnailUrl":"https:\/\/cooltivarte.com\/portal\/wp-content\/uploads\/2022\/08\/dario-esteban.jpg","datePublished":"2022-08-28T15:24:11+00:00","description":"De trenes y guardabarreras, es una invitaci\u00f3n a trav\u00e9s de dos canciones ic\u00f3nicas de dos m\u00fasicos que representan distintas generaciones de cantautores y nos permiten compartir una noche de encuentro \u00edntimo con el p\u00fablico.","breadcrumb":{"@id":"https:\/\/cooltivarte.com\/portal\/esteban-klisich-y-dario-iglesias-en-sala-jorge-lazaroff\/#breadcrumb"},"inLanguage":"es-AR","potentialAction":[{"@type":"ReadAction","target":["https:\/\/cooltivarte.com\/portal\/esteban-klisich-y-dario-iglesias-en-sala-jorge-lazaroff\/"]}]},{"@type":"ImageObject","inLanguage":"es-AR","@id":"https:\/\/cooltivarte.com\/portal\/esteban-klisich-y-dario-iglesias-en-sala-jorge-lazaroff\/#primaryimage","url":"https:\/\/cooltivarte.com\/portal\/wp-content\/uploads\/2022\/08\/dario-esteban.jpg","contentUrl":"https:\/\/cooltivarte.com\/portal\/wp-content\/uploads\/2022\/08\/dario-esteban.jpg","width":777,"height":433,"caption":"Esteban Klisich y Dar\u00edo Iglesias"},{"@type":"BreadcrumbList","@id":"https:\/\/cooltivarte.com\/portal\/esteban-klisich-y-dario-iglesias-en-sala-jorge-lazaroff\/#breadcrumb","itemListElement":[{"@type":"ListItem","position":1,"name":"Portada","item":"https:\/\/cooltivarte.com\/portal\/"},{"@type":"ListItem","position":2,"name":"Esteban Klisich y Dar\u00edo Iglesias en Sala Jorge Lazaroff"}]},{"@type":"WebSite","@id":"https:\/\/cooltivarte.com\/portal\/#website","url":"https:\/\/cooltivarte.com\/portal\/","name":"Cooltivarte Portal","description":"Arte, cultura y turismo para el mundo ...","publisher":{"@id":"https:\/\/cooltivarte.com\/portal\/#organization"},"potentialAction":[{"@type":"SearchAction","target":{"@type":"EntryPoint","urlTemplate":"https:\/\/cooltivarte.com\/portal\/?s={search_term_string}"},"query-input":{"@type":"PropertyValueSpecification","valueRequired":true,"valueName":"search_term_string"}}],"inLanguage":"es-AR"},{"@type":"Organization","@id":"https:\/\/cooltivarte.com\/portal\/#organization","name":"cooltivarte","url":"https:\/\/cooltivarte.com\/portal\/","logo":{"@type":"ImageObject","inLanguage":"es-AR","@id":"https:\/\/cooltivarte.com\/portal\/#\/schema\/logo\/image\/","url":"https:\/\/cooltivarte.com\/portal\/wp-content\/uploads\/2020\/04\/logo-cooltivarte-v2.png","contentUrl":"https:\/\/cooltivarte.com\/portal\/wp-content\/uploads\/2020\/04\/logo-cooltivarte-v2.png","width":851,"height":243,"caption":"cooltivarte"},"image":{"@id":"https:\/\/cooltivarte.com\/portal\/#\/schema\/logo\/image\/"},"sameAs":["https:\/\/www.facebook.com\/cooltivartecom\/","https:\/\/x.com\/obolocultural","https:\/\/www.instagram.com\/_cooltivarte_\/","https:\/\/www.linkedin.com\/company\/-bolocultural?reportsuccess=8zaNG1HwhPbAR9iQhZ5rfGeqz_vQFftHun0ZWU0Wy9vNemRJ8vtcKdJvzQfW8XagyOJSKg0XvfJ1dp","https:\/\/www.pinterest.com\/cooltivarte\/","https:\/\/cooltivarte.tumblr.com\/","https:\/\/www.tiktok.com\/@cooltivarte","https:\/\/www.youtube.com\/@PrensaCooltivarte"]},{"@type":"Person","@id":"https:\/\/cooltivarte.com\/portal\/#\/schema\/person\/ec2a4f4e71b740d0c559c0ab9a157e19","name":"Cooltivarte","image":{"@type":"ImageObject","inLanguage":"es-AR","@id":"https:\/\/cooltivarte.com\/portal\/wp-content\/uploads\/2014\/05\/logo-cooltivarte-120x120.jpg","url":"https:\/\/cooltivarte.com\/portal\/wp-content\/uploads\/2014\/05\/logo-cooltivarte-120x120.jpg","contentUrl":"https:\/\/cooltivarte.com\/portal\/wp-content\/uploads\/2014\/05\/logo-cooltivarte-120x120.jpg","caption":"Cooltivarte"},"description":"Somos COOLTIVARTE.COM. Un portal digital dedicado a difundir el acontecer art\u00edstico y cultural del Uruguay. Estamos en la vuelta desde el a\u00f1o 2003, y como evoluci\u00f3n del bolet\u00edn Obolo Cultural, nos encontramos abocados a apoyar a los artistas nacionales brind\u00e1ndoles un espacio de difusi\u00f3n. Creemos en la idea de utilizar la potencialidad que hoy d\u00eda nos otorga la web, para que la cultura uruguaya y sus creadores dispongan de una din\u00e1mica ventana, que los ponga en contacto entre s\u00ed y con el mundo. Somos COOLTIVARTE.COM y pretendemos configurarnos como un portal din\u00e1mico, entretenido y atento a los nuevos emprendimientos, que busque siempre la interacci\u00f3n con los artistas.","sameAs":["http:\/\/www.cooltivarte.com","https:\/\/www.facebook.com\/cooltivartecom","https:\/\/www.instagram.com\/_cooltivarte_\/","https:\/\/www.linkedin.com\/company\/-bolocultural","https:\/\/www.pinterest.com\/cooltivarte\/","https:\/\/x.com\/https:\/\/x.com\/obolocultural","https:\/\/www.youtube.com\/@PrensaCooltivarte","https:\/\/www.tumblr.com\/blog\/cooltivarte"],"url":"https:\/\/cooltivarte.com\/portal\/author\/cooltivarte\/"}]}},"_links":{"self":[{"href":"https:\/\/cooltivarte.com\/portal\/wp-json\/wp\/v2\/posts\/83906","targetHints":{"allow":["GET"]}}],"collection":[{"href":"https:\/\/cooltivarte.com\/portal\/wp-json\/wp\/v2\/posts"}],"about":[{"href":"https:\/\/cooltivarte.com\/portal\/wp-json\/wp\/v2\/types\/post"}],"author":[{"embeddable":true,"href":"https:\/\/cooltivarte.com\/portal\/wp-json\/wp\/v2\/users\/8"}],"replies":[{"embeddable":true,"href":"https:\/\/cooltivarte.com\/portal\/wp-json\/wp\/v2\/comments?post=83906"}],"version-history":[{"count":1,"href":"https:\/\/cooltivarte.com\/portal\/wp-json\/wp\/v2\/posts\/83906\/revisions"}],"predecessor-version":[{"id":83908,"href":"https:\/\/cooltivarte.com\/portal\/wp-json\/wp\/v2\/posts\/83906\/revisions\/83908"}],"wp:featuredmedia":[{"embeddable":true,"href":"https:\/\/cooltivarte.com\/portal\/wp-json\/wp\/v2\/media\/83907"}],"wp:attachment":[{"href":"https:\/\/cooltivarte.com\/portal\/wp-json\/wp\/v2\/media?parent=83906"}],"wp:term":[{"taxonomy":"category","embeddable":true,"href":"https:\/\/cooltivarte.com\/portal\/wp-json\/wp\/v2\/categories?post=83906"},{"taxonomy":"post_tag","embeddable":true,"href":"https:\/\/cooltivarte.com\/portal\/wp-json\/wp\/v2\/tags?post=83906"}],"curies":[{"name":"wp","href":"https:\/\/api.w.org\/{rel}","templated":true}]}}