{"id":83822,"date":"2022-08-24T13:12:45","date_gmt":"2022-08-24T16:12:45","guid":{"rendered":"https:\/\/cooltivarte.com\/portal\/?p=83822"},"modified":"2022-08-25T12:09:55","modified_gmt":"2022-08-25T15:09:55","slug":"reflexiones-sobre-la-tecnica-y-el-caso-particular-del-deporte-y-la-gimnasia","status":"publish","type":"post","link":"https:\/\/cooltivarte.com\/portal\/reflexiones-sobre-la-tecnica-y-el-caso-particular-del-deporte-y-la-gimnasia\/","title":{"rendered":"Reflexiones sobre la t\u00e9cnica y el caso particular del deporte y la gimnasia"},"content":{"rendered":"<p><img fetchpriority=\"high\" decoding=\"async\" class=\"aligncenter wp-image-83823 size-full\" title=\"Secretar\u00eda Nacional del Deporte (SND)\" src=\"https:\/\/cooltivarte.com\/portal\/wp-content\/uploads\/2022\/08\/secretaria-de-deporte.jpg\" alt=\"Secretar\u00eda Nacional del Deporte (SND)\" width=\"399\" height=\"399\" srcset=\"https:\/\/cooltivarte.com\/portal\/wp-content\/uploads\/2022\/08\/secretaria-de-deporte.jpg 399w, https:\/\/cooltivarte.com\/portal\/wp-content\/uploads\/2022\/08\/secretaria-de-deporte-300x300.jpg 300w, https:\/\/cooltivarte.com\/portal\/wp-content\/uploads\/2022\/08\/secretaria-de-deporte-150x150.jpg 150w, https:\/\/cooltivarte.com\/portal\/wp-content\/uploads\/2022\/08\/secretaria-de-deporte-120x120.jpg 120w\" sizes=\"(max-width: 399px) 100vw, 399px\" \/><\/p>\n<p>Las discusiones sobre las cuestiones de la t\u00e9cnica vienen siendo del orden de lo central en el campo de la cr\u00edtica social y cultural. Parece ser que la t\u00e9cnica como recurso cient\u00edfico, art\u00edstico, productivo o cualquiera sea, podr\u00eda a priori asociarse con procesos de dominaci\u00f3n sobre sujetos devenidos en objetos y manipulados por estructuras de poder y producci\u00f3n.<\/p>\n<p>En cualquier caso, parece ser que esa cr\u00edtica al objeto que recae absoluta y \u00fanicamente sobre el propio objeto pr\u00e1ctico \u2013llam\u00e9mosle t\u00e9cnica sin prejuicios- naturaliza la asignaci\u00f3n de rasgos propios a ese objeto, rasgos independientes de aquello que la exterioridad y lo materialmente relacional podr\u00edan llegar a asignarle como rasgo propio de su contingencia. Es decir que la demonizaci\u00f3n de la t\u00e9cnica requiere de la afirmaci\u00f3n de un en s\u00ed de esa t\u00e9cnica que, en tanto pr\u00e1ctica, ostentar\u00eda ese potencial inmanente. Algo que parec\u00eda superado en la modernidad, de Hegel en adelante.<\/p>\n<p>En esa l\u00ednea, podr\u00edamos afirmar que cualquier t\u00e9cnica encubre en su ser, como ontolog\u00eda, una esencia que reproduce, aliena y cosifica al sujeto que la pone en juego, un sujeto que, desde su pasividad, se somete al dominio estructural del objeto pr\u00e1ctico que coarta desde la potencia de los dones que emanan de su esencia, cualquier posibilidad deliberada de acci\u00f3n.<\/p>\n<p>De m\u00e1s estar\u00eda decir que el fatalismo que se deduce de esta afirmaci\u00f3n no s\u00f3lo inhibe de plano cualquier posibilidad agencial de los sujetos sobre la sociedad en su materialidad sino que instala el pesimismo de un discurso que se posiciona en la l\u00f3gica de las puertas cerradas, de una cr\u00edtica que desde antes de nacer ya muere, por su propia inoperancia.<\/p>\n<p>La t\u00e9cnica acompa\u00f1a a los hombres desde los or\u00edgenes de su existencia. Su ser humano lo enfrenta con la necesidad de sobrevivir a un entorno que lo pone a prueba y lo \u201cobliga\u201d a construir un \u201chacer t\u00e9cnico\u201d. Es la repetici\u00f3n sistem\u00e1tica de pr\u00e1cticas que se perfeccionan lo que da origen a las t\u00e9cnicas, cualquiera sea su esencia. Cazar para comer demanda de una t\u00e9cnica que dial\u00e9cticamente se super\u00f3 en su historia bajo la demanda de lo exterior y el permanente faro de la eficacia. Las t\u00e9cnicas son en su historia el devenir permanente de la lucha por la econom\u00eda de la acci\u00f3n humana, con la particularidad \u2013al igual de todas las pr\u00e1cticas- de que ser\u00e1n los hombres los que las carguen de sentidos, tanto de forma expl\u00edcita como solapadamente, produciendo y reproduciendo lo que esos hombres que las manipulan propongan y dispongan.<\/p>\n<p>Culpar a la t\u00e9cnica de la desigualdad, de la reproducci\u00f3n y de cuantos males que se nos ocurra es tan b\u00e1sico como culpar al fuego por el hacer del piro man\u00edaco. Culpar a la t\u00e9cnica de los males de la sociedad es no s\u00f3lo asignar inmanencia a la pr\u00e1ctica sino desconocer su g\u00e9nesis humana a la vez que coartar a los sujetos de la posibilidad de modificar lo que esa pr\u00e1ctica produce y reproduce, posibilidad siempre latente por el simple hecho de que, en tanto objeto humanamente construido, s\u00f3lo los sujetos ser\u00e1n capaces de transformarla.<\/p>\n<p>Para el caso de la modernidad, es real que el positivismo se ocup\u00f3 por el perfeccionamiento de las t\u00e9cnicas de producci\u00f3n al servicio de la producci\u00f3n, desde el primer capitalismo ingl\u00e9s, denuncia que ya firmaba Habermas en su cr\u00edtica a los intereses t\u00e9cnicos. El perfeccionamiento t\u00e9cnico habilit\u00f3 al desarrollo de los procesos orientados a la b\u00fasqueda de la plusval\u00eda relativa en la medida en que la plusval\u00eda absoluta perd\u00eda terreno por los derechos emanados de la lucha de los trabajadores. El trabajador que perfeccionaba sus t\u00e9cnicas produc\u00eda mayor volumen de ganancias y la t\u00e9cnica adquiri\u00f3 notoria centralidad en el desarrollo del capitalismo al servicio de la reproducci\u00f3n de la desigualdad.<\/p>\n<p>En ese recorrido, las pr\u00e1cticas de la cultura del movimiento, el tiempo libre no productivo, en su car\u00e1cter superestructural y desde sus relaciones de dependencia con la estructura productiva, se configur\u00f3 como representaci\u00f3n de un modelo que, en su espejo, configuraba formas y sentidos.<\/p>\n<p>El deporte y la gimnasia, con sus t\u00e9cnicas, operaron como aparatos de reproducci\u00f3n y as\u00ed fueron etiquetados, objetos de manipulaci\u00f3n de una sociedad burguesa que, en la configuraci\u00f3n de su cultura promov\u00eda los sentidos de la hegemon\u00eda de las derechas occidentales.<\/p>\n<p>Pero, como dec\u00eda Jameson, si la desigualdad radica en la explotaci\u00f3n como elemento central, la b\u00fasqueda por la igualdad deber\u00eda plantearse desde la transformaci\u00f3n del modelo productivo en su base estructural; si, por el contrario, la centralidad se ubica en las relaciones de poder, la b\u00fasqueda pasar\u00eda por la desestabilizaci\u00f3n de esas estructuras de poder. La salida que propone el materialismo hist\u00f3rico ser\u00e1 por tanto un nuevo modelo productivo sin explotados ni explotadores, una estructura que reordene la propiedad privada sobre los medios de producci\u00f3n limitando, en cualquier caso, la necesidad de vender(se) como fuerza productiva. Por otra parte, a primera vista, el post-estucturalismo no parece ofrecer m\u00e1s soluciones que la anarqu\u00eda absoluta, detonado cualquier elemento de reproducci\u00f3n de poder bajo un futuro ilusorio en que ese (des)gobierno de las libertades individuales se acomodar\u00eda s\u00f3lo, progresivamente, en la \u00f3rbita de relaciones igualitarias de poder.<\/p>\n<p>Desde esas dos miradas, para el materialismo hist\u00f3rico, los objetos burgueses asociados a la reproducci\u00f3n son el reflejo de las relaciones productivas, reflejo que desde las posibilidades de reflejar que a su vez posee, habilita procesos permanentes de superaci\u00f3n. Esa dial\u00e9ctica material abre las puertas a la transformaci\u00f3n que deber\u00e1, en cualquier caso, responder a los intereses agenciales de los sujetos que configuran el todo social, aquellos que construyen su materialidad.<\/p>\n<p>Desde la perspectiva post-estructuralista, la soluci\u00f3n es reventar para volver a crear, desaparecer de una vez por todas cualquier vestigio de cultura burguesa por su potencial inmanente para someter sujetos devenidos en cuerpos\u2026 Y en esa l\u00ednea caen el deporte y la gimnasia, por el simple hecho de que su \u201cser reflejo de la cultura hegem\u00f3nica\u201d, los pone al nivel del diablo, arrastrando con ello sus t\u00e9cnicas que, como representaci\u00f3n de lo que la t\u00e9cnica ser\u00e1 en el capitalismo neoliberal en su asociaci\u00f3n con la explotaci\u00f3n, deber\u00edan desaparecer.<\/p>\n<p>Demonizar las t\u00e9cnicas en el deporte y en la gimnasia responde a una mirada sobre un objeto que, cosificado, parece haber resignado su movimiento a las leyes est\u00e1ticas de un capitalismo inamovible, de una sociedad en recesi\u00f3n, una sociedad que, muerta, congela su movimiento permanente y se somete a los antojos de una estructura que es, ante todo, estructurante.<\/p>\n<p>A su vez, la cr\u00edtica a la t\u00e9cnica representa una lectura miope de la realidad que cercena la totalidad y que, anclada en lecturas de radicalismo biopol\u00edtico, no trasciende la dimensi\u00f3n del sujeto, de un sujeto que se lee como cuerpo desde un pretendido monismo mucho m\u00e1s pr\u00f3ximo a perspectivas ontol\u00f3gicas, idealistas, de corte burgu\u00e9s, que a cualquier mirada cr\u00edtica con intereses transformadores.<\/p>\n<p>Las t\u00e9cnicas son y ser\u00e1n patrimonio de la humanidad. Su reproducci\u00f3n es y ser\u00e1 siempre necesaria en la medida en que la b\u00fasqueda por la democratizaci\u00f3n se ocupe, antes que nada, de que todos los objetos culturales sean de todos, en igualdad de condiciones. El movimiento permanente de esos objetos pr\u00e1cticos habilitar\u00e1, desde la participaci\u00f3n colectiva, el uso de las t\u00e9cnicas al servicio de todos y de todo, siendo objeto de transformaci\u00f3n en la medida en que la reproducci\u00f3n que necesariamente antecede la transformaci\u00f3n, habilite la dial\u00e9ctica superadora.<\/p>\n<p>Las t\u00e9cnicas no son ni buenas ni malas en s\u00ed, sino que son y ser\u00e1n siempre lo que los sujetos hagan de ellas y con ellas, expl\u00edcitamente o de forma encubierta. Desentra\u00f1ar lo que la t\u00e9cnica reproduce es parte de un proceso dial\u00e9ctico que, desde la cr\u00edtica inmanente, busca las contradicciones del objeto al interior del propio objeto.<\/p>\n<p>Matar a las t\u00e9cnicas mata al deporte y a la gimnasia, los que no son sin ellas, porque ellas configuran su esencia que -y esto s\u00ed es cierto- demanda de procesos particulares de atenci\u00f3n. Matar la t\u00e9cnica es matar al mensajero, es el delirio de la bestia herida que no encuentra el enemigo y dispara, ciega, hacia donde se le ocurre disparar, por los l\u00edmites que su propia mirada le imprime.<\/p>\n<p>&nbsp;<\/p>\n<p>&nbsp;<\/p>\n<p>&nbsp;<\/p>\n","protected":false},"excerpt":{"rendered":"<p>Las discusiones sobre las cuestiones de la t\u00e9cnica vienen siendo del orden de lo central en el campo de la cr\u00edtica social y cultural. Parece ser que la t\u00e9cnica como recurso cient\u00edfico, art\u00edstico, productivo o cualquiera sea, podr\u00eda a priori asociarse con procesos de dominaci\u00f3n sobre sujetos devenidos en objetos y manipulados por estructuras de [&hellip;]<\/p>\n","protected":false},"author":181,"featured_media":83823,"comment_status":"closed","ping_status":"closed","sticky":false,"template":"","format":"standard","meta":{"om_disable_all_campaigns":false,"ngg_post_thumbnail":0,"jnews-multi-image_gallery":[],"jnews_single_post":{"subtitle":"","format":"standard","video":"","gallery":"","source_name":"","source_url":"","via_name":"","via_url":"","override_template":"0","override":[{"template":"1","single_blog_custom":"","parallax":"1","fullscreen":"1","layout":"right-sidebar","sidebar":"default-sidebar","second_sidebar":"default-sidebar","sticky_sidebar":"1","share_position":"top","share_float_style":"share-monocrhome","show_share_counter":"1","show_view_counter":"1","show_featured":"1","show_post_meta":"1","show_post_author":"1","show_post_author_image":"1","show_post_date":"1","post_date_format":"default","post_date_format_custom":"Y\/m\/d","show_post_category":"1","show_post_reading_time":"0","post_reading_time_wpm":"300","show_zoom_button":"0","zoom_button_out_step":"2","zoom_button_in_step":"3","show_post_tag":"1","show_prev_next_post":"1","show_popup_post":"1","number_popup_post":"1","show_author_box":"0","show_post_related":"0","show_inline_post_related":"0"}],"override_image_size":"0","image_override":[{"single_post_thumbnail_size":"crop-500","single_post_gallery_size":"crop-500"}],"trending_post":"0","trending_post_position":"meta","trending_post_label":"Trending","sponsored_post":"0","sponsored_post_label":"Sponsored by","sponsored_post_name":"","sponsored_post_url":"","sponsored_post_logo_enable":"0","sponsored_post_logo":"","sponsored_post_desc":""},"jnews_primary_category":{"id":""},"jnews_social_meta":{"fb_title":"","fb_description":"","fb_image":"","twitter_title":"","twitter_description":"","twitter_image":""},"jnews_override_counter":{"override_view_counter":"0","view_counter_number":"0","override_share_counter":"0","share_counter_number":"0","override_like_counter":"0","like_counter_number":"0","override_dislike_counter":"0","dislike_counter_number":"0"},"footnotes":""},"categories":[3384],"tags":[],"class_list":["post-83822","post","type-post","status-publish","format-standard","has-post-thumbnail","hentry","category-educacion"],"yoast_head":"<!-- This site is optimized with the Yoast SEO plugin v27.4 - https:\/\/yoast.com\/product\/yoast-seo-wordpress\/ -->\n<title>Reflexiones sobre la t\u00e9cnica y el caso particular del deporte y la gimnasia - Cooltivarte Portal<\/title>\n<meta name=\"description\" content=\"Las discusiones sobre las cuestiones de la t\u00e9cnica vienen siendo del orden de lo central en el campo de la cr\u00edtica social y cultural. Parece ser que la t\u00e9cnica como recurso cient\u00edfico, art\u00edstico, productivo o cualquiera sea, podr\u00eda a priori asociarse con procesos de dominaci\u00f3n sobre sujetos devenidos en objetos y manipulados por estructuras de poder y producci\u00f3n.\" \/>\n<meta name=\"robots\" content=\"index, follow, max-snippet:-1, max-image-preview:large, max-video-preview:-1\" \/>\n<link rel=\"canonical\" href=\"https:\/\/cooltivarte.com\/portal\/reflexiones-sobre-la-tecnica-y-el-caso-particular-del-deporte-y-la-gimnasia\/\" \/>\n<meta property=\"og:locale\" content=\"es_ES\" \/>\n<meta property=\"og:type\" content=\"article\" \/>\n<meta property=\"og:title\" content=\"Reflexiones sobre la t\u00e9cnica y el caso particular del deporte y la gimnasia por Jos\u00e9 Luis Corbo\" \/>\n<meta property=\"og:description\" content=\"Las discusiones sobre las cuestiones de la t\u00e9cnica vienen siendo del orden de lo central en el campo de la cr\u00edtica social y cultural. Parece ser que la t\u00e9cnica como recurso cient\u00edfico, art\u00edstico, productivo o cualquiera sea, podr\u00eda a priori asociarse con procesos de dominaci\u00f3n sobre sujetos devenidos en objetos y manipulados por estructuras de poder y producci\u00f3n.\" \/>\n<meta property=\"og:url\" content=\"https:\/\/cooltivarte.com\/portal\/reflexiones-sobre-la-tecnica-y-el-caso-particular-del-deporte-y-la-gimnasia\/\" \/>\n<meta property=\"og:site_name\" content=\"Cooltivarte Portal\" \/>\n<meta property=\"article:publisher\" content=\"https:\/\/www.facebook.com\/cooltivartecom\/\" \/>\n<meta property=\"article:author\" content=\"https:\/\/www.facebook.com\/Joselocorbo\" \/>\n<meta property=\"article:published_time\" content=\"2022-08-24T16:12:45+00:00\" \/>\n<meta property=\"article:modified_time\" content=\"2022-08-25T15:09:55+00:00\" \/>\n<meta property=\"og:image\" content=\"https:\/\/cooltivarte.com\/portal\/wp-content\/uploads\/2022\/08\/secretaria-de-deporte.jpg\" \/>\n\t<meta property=\"og:image:width\" content=\"399\" \/>\n\t<meta property=\"og:image:height\" content=\"399\" \/>\n\t<meta property=\"og:image:type\" content=\"image\/jpeg\" \/>\n<meta name=\"author\" content=\"Jos\u00e9 Luis Corbo\" \/>\n<meta name=\"twitter:card\" content=\"summary_large_image\" \/>\n<meta name=\"twitter:title\" content=\"Reflexiones sobre la t\u00e9cnica y el caso particular del deporte y la gimnasia por Jos\u00e9 Luis Corbo\" \/>\n<meta name=\"twitter:description\" content=\"Las discusiones sobre las cuestiones de la t\u00e9cnica vienen siendo del orden de lo central en el campo de la cr\u00edtica social y cultural. Parece ser que la t\u00e9cnica como recurso cient\u00edfico, art\u00edstico, productivo o cualquiera sea, podr\u00eda a priori asociarse con procesos de dominaci\u00f3n sobre sujetos devenidos en objetos y manipulados por estructuras de poder y producci\u00f3n.\" \/>\n<meta name=\"twitter:image\" content=\"https:\/\/cooltivarte.com\/portal\/wp-content\/uploads\/2022\/08\/secretaria-de-deporte.jpg\" \/>\n<meta name=\"twitter:creator\" content=\"@https:\/\/twitter.com\/Joselocorbo\" \/>\n<meta name=\"twitter:site\" content=\"@obolocultural\" \/>\n<meta name=\"twitter:label1\" content=\"Escrito por\" \/>\n\t<meta name=\"twitter:data1\" content=\"Jos\u00e9 Luis Corbo\" \/>\n\t<meta name=\"twitter:label2\" content=\"Tiempo de lectura\" \/>\n\t<meta name=\"twitter:data2\" content=\"8 minutos\" \/>\n<!-- \/ Yoast SEO plugin. -->","yoast_head_json":{"title":"Reflexiones sobre la t\u00e9cnica y el caso particular del deporte y la gimnasia - Cooltivarte Portal","description":"Las discusiones sobre las cuestiones de la t\u00e9cnica vienen siendo del orden de lo central en el campo de la cr\u00edtica social y cultural. Parece ser que la t\u00e9cnica como recurso cient\u00edfico, art\u00edstico, productivo o cualquiera sea, podr\u00eda a priori asociarse con procesos de dominaci\u00f3n sobre sujetos devenidos en objetos y manipulados por estructuras de poder y producci\u00f3n.","robots":{"index":"index","follow":"follow","max-snippet":"max-snippet:-1","max-image-preview":"max-image-preview:large","max-video-preview":"max-video-preview:-1"},"canonical":"https:\/\/cooltivarte.com\/portal\/reflexiones-sobre-la-tecnica-y-el-caso-particular-del-deporte-y-la-gimnasia\/","og_locale":"es_ES","og_type":"article","og_title":"Reflexiones sobre la t\u00e9cnica y el caso particular del deporte y la gimnasia por Jos\u00e9 Luis Corbo","og_description":"Las discusiones sobre las cuestiones de la t\u00e9cnica vienen siendo del orden de lo central en el campo de la cr\u00edtica social y cultural. Parece ser que la t\u00e9cnica como recurso cient\u00edfico, art\u00edstico, productivo o cualquiera sea, podr\u00eda a priori asociarse con procesos de dominaci\u00f3n sobre sujetos devenidos en objetos y manipulados por estructuras de poder y producci\u00f3n.","og_url":"https:\/\/cooltivarte.com\/portal\/reflexiones-sobre-la-tecnica-y-el-caso-particular-del-deporte-y-la-gimnasia\/","og_site_name":"Cooltivarte Portal","article_publisher":"https:\/\/www.facebook.com\/cooltivartecom\/","article_author":"https:\/\/www.facebook.com\/Joselocorbo","article_published_time":"2022-08-24T16:12:45+00:00","article_modified_time":"2022-08-25T15:09:55+00:00","og_image":[{"width":399,"height":399,"url":"https:\/\/cooltivarte.com\/portal\/wp-content\/uploads\/2022\/08\/secretaria-de-deporte.jpg","type":"image\/jpeg"}],"author":"Jos\u00e9 Luis Corbo","twitter_card":"summary_large_image","twitter_title":"Reflexiones sobre la t\u00e9cnica y el caso particular del deporte y la gimnasia por Jos\u00e9 Luis Corbo","twitter_description":"Las discusiones sobre las cuestiones de la t\u00e9cnica vienen siendo del orden de lo central en el campo de la cr\u00edtica social y cultural. Parece ser que la t\u00e9cnica como recurso cient\u00edfico, art\u00edstico, productivo o cualquiera sea, podr\u00eda a priori asociarse con procesos de dominaci\u00f3n sobre sujetos devenidos en objetos y manipulados por estructuras de poder y producci\u00f3n.","twitter_image":"https:\/\/cooltivarte.com\/portal\/wp-content\/uploads\/2022\/08\/secretaria-de-deporte.jpg","twitter_creator":"@https:\/\/twitter.com\/Joselocorbo","twitter_site":"@obolocultural","twitter_misc":{"Escrito por":"Jos\u00e9 Luis Corbo","Tiempo de lectura":"8 minutos"},"schema":{"@context":"https:\/\/schema.org","@graph":[{"@type":"NewsArticle","@id":"https:\/\/cooltivarte.com\/portal\/reflexiones-sobre-la-tecnica-y-el-caso-particular-del-deporte-y-la-gimnasia\/#article","isPartOf":{"@id":"https:\/\/cooltivarte.com\/portal\/reflexiones-sobre-la-tecnica-y-el-caso-particular-del-deporte-y-la-gimnasia\/"},"author":{"name":"Jos\u00e9 Luis Corbo","@id":"https:\/\/cooltivarte.com\/portal\/#\/schema\/person\/e7b714293e7bbc99495d431a4bf40fb6"},"headline":"Reflexiones sobre la t\u00e9cnica y el caso particular del deporte y la gimnasia","datePublished":"2022-08-24T16:12:45+00:00","dateModified":"2022-08-25T15:09:55+00:00","mainEntityOfPage":{"@id":"https:\/\/cooltivarte.com\/portal\/reflexiones-sobre-la-tecnica-y-el-caso-particular-del-deporte-y-la-gimnasia\/"},"wordCount":1514,"publisher":{"@id":"https:\/\/cooltivarte.com\/portal\/#organization"},"image":{"@id":"https:\/\/cooltivarte.com\/portal\/reflexiones-sobre-la-tecnica-y-el-caso-particular-del-deporte-y-la-gimnasia\/#primaryimage"},"thumbnailUrl":"https:\/\/cooltivarte.com\/portal\/wp-content\/uploads\/2022\/08\/secretaria-de-deporte.jpg","articleSection":["Educaci\u00f3n"],"inLanguage":"es-AR"},{"@type":"WebPage","@id":"https:\/\/cooltivarte.com\/portal\/reflexiones-sobre-la-tecnica-y-el-caso-particular-del-deporte-y-la-gimnasia\/","url":"https:\/\/cooltivarte.com\/portal\/reflexiones-sobre-la-tecnica-y-el-caso-particular-del-deporte-y-la-gimnasia\/","name":"Reflexiones sobre la t\u00e9cnica y el caso particular del deporte y la gimnasia - Cooltivarte Portal","isPartOf":{"@id":"https:\/\/cooltivarte.com\/portal\/#website"},"primaryImageOfPage":{"@id":"https:\/\/cooltivarte.com\/portal\/reflexiones-sobre-la-tecnica-y-el-caso-particular-del-deporte-y-la-gimnasia\/#primaryimage"},"image":{"@id":"https:\/\/cooltivarte.com\/portal\/reflexiones-sobre-la-tecnica-y-el-caso-particular-del-deporte-y-la-gimnasia\/#primaryimage"},"thumbnailUrl":"https:\/\/cooltivarte.com\/portal\/wp-content\/uploads\/2022\/08\/secretaria-de-deporte.jpg","datePublished":"2022-08-24T16:12:45+00:00","dateModified":"2022-08-25T15:09:55+00:00","description":"Las discusiones sobre las cuestiones de la t\u00e9cnica vienen siendo del orden de lo central en el campo de la cr\u00edtica social y cultural. Parece ser que la t\u00e9cnica como recurso cient\u00edfico, art\u00edstico, productivo o cualquiera sea, podr\u00eda a priori asociarse con procesos de dominaci\u00f3n sobre sujetos devenidos en objetos y manipulados por estructuras de poder y producci\u00f3n.","breadcrumb":{"@id":"https:\/\/cooltivarte.com\/portal\/reflexiones-sobre-la-tecnica-y-el-caso-particular-del-deporte-y-la-gimnasia\/#breadcrumb"},"inLanguage":"es-AR","potentialAction":[{"@type":"ReadAction","target":["https:\/\/cooltivarte.com\/portal\/reflexiones-sobre-la-tecnica-y-el-caso-particular-del-deporte-y-la-gimnasia\/"]}]},{"@type":"ImageObject","inLanguage":"es-AR","@id":"https:\/\/cooltivarte.com\/portal\/reflexiones-sobre-la-tecnica-y-el-caso-particular-del-deporte-y-la-gimnasia\/#primaryimage","url":"https:\/\/cooltivarte.com\/portal\/wp-content\/uploads\/2022\/08\/secretaria-de-deporte.jpg","contentUrl":"https:\/\/cooltivarte.com\/portal\/wp-content\/uploads\/2022\/08\/secretaria-de-deporte.jpg","width":399,"height":399,"caption":"Secretar\u00eda Nacional del Deporte (SND)"},{"@type":"BreadcrumbList","@id":"https:\/\/cooltivarte.com\/portal\/reflexiones-sobre-la-tecnica-y-el-caso-particular-del-deporte-y-la-gimnasia\/#breadcrumb","itemListElement":[{"@type":"ListItem","position":1,"name":"Portada","item":"https:\/\/cooltivarte.com\/portal\/"},{"@type":"ListItem","position":2,"name":"Reflexiones sobre la t\u00e9cnica y el caso particular del deporte y la gimnasia"}]},{"@type":"WebSite","@id":"https:\/\/cooltivarte.com\/portal\/#website","url":"https:\/\/cooltivarte.com\/portal\/","name":"Cooltivarte Portal","description":"Arte, cultura y turismo para el mundo ...","publisher":{"@id":"https:\/\/cooltivarte.com\/portal\/#organization"},"potentialAction":[{"@type":"SearchAction","target":{"@type":"EntryPoint","urlTemplate":"https:\/\/cooltivarte.com\/portal\/?s={search_term_string}"},"query-input":{"@type":"PropertyValueSpecification","valueRequired":true,"valueName":"search_term_string"}}],"inLanguage":"es-AR"},{"@type":"Organization","@id":"https:\/\/cooltivarte.com\/portal\/#organization","name":"cooltivarte","url":"https:\/\/cooltivarte.com\/portal\/","logo":{"@type":"ImageObject","inLanguage":"es-AR","@id":"https:\/\/cooltivarte.com\/portal\/#\/schema\/logo\/image\/","url":"https:\/\/cooltivarte.com\/portal\/wp-content\/uploads\/2020\/04\/logo-cooltivarte-v2.png","contentUrl":"https:\/\/cooltivarte.com\/portal\/wp-content\/uploads\/2020\/04\/logo-cooltivarte-v2.png","width":851,"height":243,"caption":"cooltivarte"},"image":{"@id":"https:\/\/cooltivarte.com\/portal\/#\/schema\/logo\/image\/"},"sameAs":["https:\/\/www.facebook.com\/cooltivartecom\/","https:\/\/x.com\/obolocultural","https:\/\/www.instagram.com\/_cooltivarte_\/","https:\/\/www.linkedin.com\/company\/-bolocultural?reportsuccess=8zaNG1HwhPbAR9iQhZ5rfGeqz_vQFftHun0ZWU0Wy9vNemRJ8vtcKdJvzQfW8XagyOJSKg0XvfJ1dp","https:\/\/www.pinterest.com\/cooltivarte\/","https:\/\/cooltivarte.tumblr.com\/","https:\/\/www.tiktok.com\/@cooltivarte","https:\/\/www.youtube.com\/@PrensaCooltivarte"]},{"@type":"Person","@id":"https:\/\/cooltivarte.com\/portal\/#\/schema\/person\/e7b714293e7bbc99495d431a4bf40fb6","name":"Jos\u00e9 Luis Corbo","image":{"@type":"ImageObject","inLanguage":"es-AR","@id":"https:\/\/cooltivarte.com\/portal\/wp-content\/uploads\/2021\/11\/Foto-Joselo-120x120.jpg","url":"https:\/\/cooltivarte.com\/portal\/wp-content\/uploads\/2021\/11\/Foto-Joselo-120x120.jpg","contentUrl":"https:\/\/cooltivarte.com\/portal\/wp-content\/uploads\/2021\/11\/Foto-Joselo-120x120.jpg","caption":"Jos\u00e9 Luis Corbo"},"description":"Mag. JOS\u00c9 LUIS CORBO Doctor en Ciencias de La Actividad F\u00edsica y el deporte por la Universidad Aut\u00f3noma de Madrid. Licenciado en Educaci\u00f3n F\u00edsica (UDELAR) (Egresado en 2001, t\u00edtulo emitido en 2002). Mag\u00edster en Did\u00e1ctica de la Educaci\u00f3n Superior (CLAEH, 2019). Tesis de Maestr\u00eda en did\u00e1ctica de la educaci\u00f3n superior. \u201cSentidos del deporte en la escuela: entre los prescripto y lo ense\u00f1ado\u201d. CLAEH, 2019. Posgrado de Did\u00e1ctica de la Educaci\u00f3n Superior (Especializaci\u00f3n en Did\u00e1ctica de la Educaci\u00f3n Superior) (CLAEH, 2017) T\u00e9cnico deportivo de F\u00fatbol de ISEF UDELAR (2005).","sameAs":["https:\/\/www.facebook.com\/Joselocorbo","https:\/\/www.instagram.com\/joselocorbo\/","https:\/\/linkedin.com\/in\/jos\u00e9-luis-corbo-ba577520","https:\/\/www.pinterest.com\/cooltivarte","https:\/\/x.com\/https:\/\/twitter.com\/Joselocorbo","https:\/\/www.youtube.com\/@PrensaCooltivarte","https:\/\/www.tumblr.com\/blog\/cooltivarte"],"url":"https:\/\/cooltivarte.com\/portal\/author\/jose-luis-corbo\/"}]}},"_links":{"self":[{"href":"https:\/\/cooltivarte.com\/portal\/wp-json\/wp\/v2\/posts\/83822","targetHints":{"allow":["GET"]}}],"collection":[{"href":"https:\/\/cooltivarte.com\/portal\/wp-json\/wp\/v2\/posts"}],"about":[{"href":"https:\/\/cooltivarte.com\/portal\/wp-json\/wp\/v2\/types\/post"}],"author":[{"embeddable":true,"href":"https:\/\/cooltivarte.com\/portal\/wp-json\/wp\/v2\/users\/181"}],"replies":[{"embeddable":true,"href":"https:\/\/cooltivarte.com\/portal\/wp-json\/wp\/v2\/comments?post=83822"}],"version-history":[{"count":1,"href":"https:\/\/cooltivarte.com\/portal\/wp-json\/wp\/v2\/posts\/83822\/revisions"}],"predecessor-version":[{"id":83824,"href":"https:\/\/cooltivarte.com\/portal\/wp-json\/wp\/v2\/posts\/83822\/revisions\/83824"}],"wp:featuredmedia":[{"embeddable":true,"href":"https:\/\/cooltivarte.com\/portal\/wp-json\/wp\/v2\/media\/83823"}],"wp:attachment":[{"href":"https:\/\/cooltivarte.com\/portal\/wp-json\/wp\/v2\/media?parent=83822"}],"wp:term":[{"taxonomy":"category","embeddable":true,"href":"https:\/\/cooltivarte.com\/portal\/wp-json\/wp\/v2\/categories?post=83822"},{"taxonomy":"post_tag","embeddable":true,"href":"https:\/\/cooltivarte.com\/portal\/wp-json\/wp\/v2\/tags?post=83822"}],"curies":[{"name":"wp","href":"https:\/\/api.w.org\/{rel}","templated":true}]}}